{"id":265690,"date":"2024-12-24T15:51:14","date_gmt":"2024-12-24T18:51:14","guid":{"rendered":"https:\/\/noticiaempauta.com\/portal\/?p=265690"},"modified":"2024-12-24T15:51:16","modified_gmt":"2024-12-24T18:51:16","slug":"governo-divulga-calendario-de-pagamento-do-bolsa-familia-de-2025-veja-datas","status":"publish","type":"post","link":"https:\/\/noticiaempauta.com\/portal\/governo-divulga-calendario-de-pagamento-do-bolsa-familia-de-2025-veja-datas\/","title":{"rendered":"Governo divulga calend\u00e1rio de pagamento do Bolsa Fam\u00edlia de 2025; veja datas"},"content":{"rendered":"\n<p>O\u00a0Minist\u00e9rio do Desenvolvimento e Assist\u00eancia Social, Fam\u00edlia e Combate \u00e0 Fome (MDS)\u00a0definiu o\u00a0calend\u00e1rio de 2025 do Programa Bolsa Fam\u00edlia (PBF). Os pagamentos ter\u00e3o in\u00edcio no dia 20 de janeiro do pr\u00f3ximo ano. A data exata de recebimento dos valores depende do \u00faltimo d\u00edgito do\u00a0N\u00famero de Identifica\u00e7\u00e3o Social (NIS), indicado no cart\u00e3o do Bolsa Fam\u00edlia.<\/p>\n\n\n\n<p>As fam\u00edlias benefici\u00e1rias que possuem o NIS com final 1 receber\u00e3o os valores no primeiro dia de pagamento, as com NIS de final 2 poder\u00e3o acessar o recurso no segundo dia do calend\u00e1rio e, assim, sucessivamente. A sequ\u00eancia das transfer\u00eancias continua nos dias \u00fateis at\u00e9 chegar aos benefici\u00e1rios com NIS cujo \u00faltimo d\u00edgito \u00e9 zero.<\/p>\n\n\n\n<p>Os valores s\u00e3o disponibilizados para movimenta\u00e7\u00e3o nos \u00faltimos dez dias \u00fateis de cada m\u00eas, de forma escalonada, \u00e0 exce\u00e7\u00e3o de dezembro, que tem o calend\u00e1rio antecipado para o dia 10, com os pagamentos sendo encerrados antes do Natal. As datas s\u00e3o estabelecidas pelo MDS, respons\u00e1vel pela gest\u00e3o do programa, e pela Caixa Econ\u00f4mica Federal, que executa os pagamentos.<\/p>\n\n\n\n<figure class=\"wp-block-image size-large\"><img fetchpriority=\"high\" decoding=\"async\" width=\"684\" height=\"1024\" src=\"https:\/\/noticiaempauta.com\/portal\/wp-content\/uploads\/2024\/12\/governo-divulga-calendario-de-pagamento-do-bolsa-familia-de-2025-a06ae9c5-86f9-4a7a-93db-ac6dbb4d6194.jpg-684x1024.webp\" alt=\"\" class=\"wp-image-265691\" srcset=\"https:\/\/noticiaempauta.com\/portal\/wp-content\/uploads\/2024\/12\/governo-divulga-calendario-de-pagamento-do-bolsa-familia-de-2025-a06ae9c5-86f9-4a7a-93db-ac6dbb4d6194.jpg-684x1024.webp 684w, https:\/\/noticiaempauta.com\/portal\/wp-content\/uploads\/2024\/12\/governo-divulga-calendario-de-pagamento-do-bolsa-familia-de-2025-a06ae9c5-86f9-4a7a-93db-ac6dbb4d6194.jpg-200x300.webp 200w, https:\/\/noticiaempauta.com\/portal\/wp-content\/uploads\/2024\/12\/governo-divulga-calendario-de-pagamento-do-bolsa-familia-de-2025-a06ae9c5-86f9-4a7a-93db-ac6dbb4d6194.jpg-768x1150.webp 768w, https:\/\/noticiaempauta.com\/portal\/wp-content\/uploads\/2024\/12\/governo-divulga-calendario-de-pagamento-do-bolsa-familia-de-2025-a06ae9c5-86f9-4a7a-93db-ac6dbb4d6194.jpg-1026x1536.webp 1026w, https:\/\/noticiaempauta.com\/portal\/wp-content\/uploads\/2024\/12\/governo-divulga-calendario-de-pagamento-do-bolsa-familia-de-2025-a06ae9c5-86f9-4a7a-93db-ac6dbb4d6194.jpg.webp 1150w\" sizes=\"(max-width: 684px) 100vw, 684px\" \/><\/figure>\n\n\n\n<p>Para evitar a perda do benef\u00edcio, os dados sobre a renda da fam\u00edlia e os documentos de cada pessoa que vive na mesma casa devem ser atualizados no Cadastro \u00danico, a cada 24 meses. Para isso, a pessoa respons\u00e1vel pela fam\u00edlia deve ir a um posto de atendimento socioassistencial, como o Centro de Refer\u00eancia de Assist\u00eancia Social (CRAS), ou posto de atendimento do Cadastro \u00danico, e atualizar as informa\u00e7\u00f5es cadastrais.<\/p>\n\n\n\n<p>O MDS disponibiliza o\u00a0Disque Social 121, canal de atendimento ao cidad\u00e3o, para casos de d\u00favidas relacionadas ao Programa. Tamb\u00e9m \u00e9 poss\u00edvel acionar o canal de atendimento da Caixa, por meio do\u00a0n\u00famero 111. Ainda h\u00e1 os aplicativos do Bolsa Fam\u00edlia e da Caixa, dispon\u00edveis para download gratuito nas lojas virtuais. \u00a0<\/p>\n\n\n\n<p>Fonte: Meio News<\/p>\n","protected":false},"excerpt":{"rendered":"<p>O\u00a0Minist\u00e9rio do Desenvolvimento e Assist\u00eancia Social, Fam\u00edlia e Combate \u00e0 Fome (MDS)\u00a0definiu o\u00a0calend\u00e1rio de 2025 do Programa Bolsa Fam\u00edlia (PBF). Os pagamentos ter\u00e3o in\u00edcio no dia 20 de janeiro do pr\u00f3ximo ano. A data exata de recebimento dos valores depende do \u00faltimo d\u00edgito do\u00a0N\u00famero de Identifica\u00e7\u00e3o Social (NIS), indicado no cart\u00e3o do Bolsa Fam\u00edlia. As [&hellip;]<\/p>\n","protected":false},"author":2,"featured_media":244743,"comment_status":"open","ping_status":"open","sticky":false,"template":"","format":"standard","meta":{"_mi_skip_tracking":false,"footnotes":""},"categories":[25,6,1,16],"tags":[192],"class_list":["post-265690","post","type-post","status-publish","format-standard","has-post-thumbnail","hentry","category-destaques-site","category-economia","category-geral","category-todas","tag-destaqueprincipal"],"acf":[],"yoast_head":"<!-- This site is optimized with the Yoast SEO Premium plugin v19.2 (Yoast SEO v26.9) - https:\/\/yoast.com\/product\/yoast-seo-premium-wordpress\/ -->\n<title>Governo divulga calend\u00e1rio de pagamento do Bolsa Fam\u00edlia de 2025; veja datas - Portal Not\u00edcia em Pauta<\/title>\n<meta name=\"robots\" content=\"index, follow, max-snippet:-1, max-image-preview:large, max-video-preview:-1\" \/>\n<link rel=\"canonical\" href=\"https:\/\/noticiaempauta.com\/portal\/governo-divulga-calendario-de-pagamento-do-bolsa-familia-de-2025-veja-datas\/\" \/>\n<meta property=\"og:locale\" content=\"pt_BR\" \/>\n<meta property=\"og:type\" content=\"article\" \/>\n<meta property=\"og:title\" content=\"Governo divulga calend\u00e1rio de pagamento do Bolsa Fam\u00edlia de 2025; veja datas\" \/>\n<meta property=\"og:description\" content=\"O\u00a0Minist\u00e9rio do Desenvolvimento e Assist\u00eancia Social, Fam\u00edlia e Combate \u00e0 Fome (MDS)\u00a0definiu o\u00a0calend\u00e1rio de 2025 do Programa Bolsa Fam\u00edlia (PBF). Os pagamentos ter\u00e3o in\u00edcio no dia 20 de janeiro do pr\u00f3ximo ano. A data exata de recebimento dos valores depende do \u00faltimo d\u00edgito do\u00a0N\u00famero de Identifica\u00e7\u00e3o Social (NIS), indicado no cart\u00e3o do Bolsa Fam\u00edlia. As [&hellip;]\" \/>\n<meta property=\"og:url\" content=\"https:\/\/noticiaempauta.com\/portal\/governo-divulga-calendario-de-pagamento-do-bolsa-familia-de-2025-veja-datas\/\" \/>\n<meta property=\"og:site_name\" content=\"Portal Not\u00edcia em Pauta\" \/>\n<meta property=\"article:publisher\" content=\"https:\/\/www.facebook.com\/Portal-Notcia-Em-Pauta-102292869264820\/\" \/>\n<meta property=\"article:published_time\" content=\"2024-12-24T18:51:14+00:00\" \/>\n<meta property=\"article:modified_time\" content=\"2024-12-24T18:51:16+00:00\" \/>\n<meta property=\"og:image\" content=\"https:\/\/noticiaempauta.com\/portal\/wp-content\/uploads\/2023\/03\/bolsa-familia-tera-calculo-por-pessoa-e-extra-por-crianca-e-gestante-e94a08d1-7e34-4046-9952-4334e864ea58.webp\" \/>\n\t<meta property=\"og:image:width\" content=\"1100\" \/>\n\t<meta property=\"og:image:height\" content=\"628\" \/>\n\t<meta property=\"og:image:type\" content=\"image\/webp\" \/>\n<meta name=\"author\" content=\"Reda\u00e7\u00e3o\" \/>\n<meta name=\"twitter:card\" content=\"summary_large_image\" \/>\n<meta name=\"twitter:label1\" content=\"Escrito por\" \/>\n\t<meta name=\"twitter:data1\" content=\"Reda\u00e7\u00e3o\" \/>\n\t<meta name=\"twitter:label2\" content=\"Est. tempo de leitura\" \/>\n\t<meta name=\"twitter:data2\" content=\"3 minutos\" \/>\n<script type=\"application\/ld+json\" class=\"yoast-schema-graph\">{\"@context\":\"https:\/\/schema.org\",\"@graph\":[{\"@type\":\"Article\",\"@id\":\"https:\/\/noticiaempauta.com\/portal\/governo-divulga-calendario-de-pagamento-do-bolsa-familia-de-2025-veja-datas\/#article\",\"isPartOf\":{\"@id\":\"https:\/\/noticiaempauta.com\/portal\/governo-divulga-calendario-de-pagamento-do-bolsa-familia-de-2025-veja-datas\/\"},\"author\":{\"name\":\"Reda\u00e7\u00e3o\",\"@id\":\"https:\/\/noticiaempauta.com\/portal\/#\/schema\/person\/a74af43dd1ab3deca45f988c717d57ac\"},\"headline\":\"Governo divulga calend\u00e1rio de pagamento do Bolsa Fam\u00edlia de 2025; veja datas\",\"datePublished\":\"2024-12-24T18:51:14+00:00\",\"dateModified\":\"2024-12-24T18:51:16+00:00\",\"mainEntityOfPage\":{\"@id\":\"https:\/\/noticiaempauta.com\/portal\/governo-divulga-calendario-de-pagamento-do-bolsa-familia-de-2025-veja-datas\/\"},\"wordCount\":341,\"commentCount\":0,\"publisher\":{\"@id\":\"https:\/\/noticiaempauta.com\/portal\/#organization\"},\"image\":{\"@id\":\"https:\/\/noticiaempauta.com\/portal\/governo-divulga-calendario-de-pagamento-do-bolsa-familia-de-2025-veja-datas\/#primaryimage\"},\"thumbnailUrl\":\"https:\/\/noticiaempauta.com\/portal\/wp-content\/uploads\/2023\/03\/bolsa-familia-tera-calculo-por-pessoa-e-extra-por-crianca-e-gestante-e94a08d1-7e34-4046-9952-4334e864ea58.webp\",\"keywords\":[\"destaqueprincipal\"],\"articleSection\":[\"Destaques\",\"Economia\",\"Geral\",\"Todas as Not\u00edcias\"],\"inLanguage\":\"pt-BR\",\"potentialAction\":[{\"@type\":\"CommentAction\",\"name\":\"Comment\",\"target\":[\"https:\/\/noticiaempauta.com\/portal\/governo-divulga-calendario-de-pagamento-do-bolsa-familia-de-2025-veja-datas\/#respond\"]}]},{\"@type\":\"WebPage\",\"@id\":\"https:\/\/noticiaempauta.com\/portal\/governo-divulga-calendario-de-pagamento-do-bolsa-familia-de-2025-veja-datas\/\",\"url\":\"https:\/\/noticiaempauta.com\/portal\/governo-divulga-calendario-de-pagamento-do-bolsa-familia-de-2025-veja-datas\/\",\"name\":\"Governo divulga calend\u00e1rio de pagamento do Bolsa Fam\u00edlia de 2025; veja datas - Portal Not\u00edcia em Pauta\",\"isPartOf\":{\"@id\":\"https:\/\/noticiaempauta.com\/portal\/#website\"},\"primaryImageOfPage\":{\"@id\":\"https:\/\/noticiaempauta.com\/portal\/governo-divulga-calendario-de-pagamento-do-bolsa-familia-de-2025-veja-datas\/#primaryimage\"},\"image\":{\"@id\":\"https:\/\/noticiaempauta.com\/portal\/governo-divulga-calendario-de-pagamento-do-bolsa-familia-de-2025-veja-datas\/#primaryimage\"},\"thumbnailUrl\":\"https:\/\/noticiaempauta.com\/portal\/wp-content\/uploads\/2023\/03\/bolsa-familia-tera-calculo-por-pessoa-e-extra-por-crianca-e-gestante-e94a08d1-7e34-4046-9952-4334e864ea58.webp\",\"datePublished\":\"2024-12-24T18:51:14+00:00\",\"dateModified\":\"2024-12-24T18:51:16+00:00\",\"breadcrumb\":{\"@id\":\"https:\/\/noticiaempauta.com\/portal\/governo-divulga-calendario-de-pagamento-do-bolsa-familia-de-2025-veja-datas\/#breadcrumb\"},\"inLanguage\":\"pt-BR\",\"potentialAction\":[{\"@type\":\"ReadAction\",\"target\":[\"https:\/\/noticiaempauta.com\/portal\/governo-divulga-calendario-de-pagamento-do-bolsa-familia-de-2025-veja-datas\/\"]}]},{\"@type\":\"ImageObject\",\"inLanguage\":\"pt-BR\",\"@id\":\"https:\/\/noticiaempauta.com\/portal\/governo-divulga-calendario-de-pagamento-do-bolsa-familia-de-2025-veja-datas\/#primaryimage\",\"url\":\"https:\/\/noticiaempauta.com\/portal\/wp-content\/uploads\/2023\/03\/bolsa-familia-tera-calculo-por-pessoa-e-extra-por-crianca-e-gestante-e94a08d1-7e34-4046-9952-4334e864ea58.webp\",\"contentUrl\":\"https:\/\/noticiaempauta.com\/portal\/wp-content\/uploads\/2023\/03\/bolsa-familia-tera-calculo-por-pessoa-e-extra-por-crianca-e-gestante-e94a08d1-7e34-4046-9952-4334e864ea58.webp\",\"width\":1100,\"height\":628},{\"@type\":\"BreadcrumbList\",\"@id\":\"https:\/\/noticiaempauta.com\/portal\/governo-divulga-calendario-de-pagamento-do-bolsa-familia-de-2025-veja-datas\/#breadcrumb\",\"itemListElement\":[{\"@type\":\"ListItem\",\"position\":1,\"name\":\"P\u00e1gina Inicial\",\"item\":\"https:\/\/noticiaempauta.com\/portal\/\"},{\"@type\":\"ListItem\",\"position\":2,\"name\":\"Destaques\",\"item\":\"https:\/\/noticiaempauta.com\/portal\/destaques-site\/\"},{\"@type\":\"ListItem\",\"position\":3,\"name\":\"Governo divulga calend\u00e1rio de pagamento do Bolsa Fam\u00edlia de 2025; veja datas\"}]},{\"@type\":\"WebSite\",\"@id\":\"https:\/\/noticiaempauta.com\/portal\/#website\",\"url\":\"https:\/\/noticiaempauta.com\/portal\/\",\"name\":\"Portal Not\u00edcia em Pauta\",\"description\":\"Voc\u00ea bem informado\",\"publisher\":{\"@id\":\"https:\/\/noticiaempauta.com\/portal\/#organization\"},\"potentialAction\":[{\"@type\":\"SearchAction\",\"target\":{\"@type\":\"EntryPoint\",\"urlTemplate\":\"https:\/\/noticiaempauta.com\/portal\/?s={search_term_string}\"},\"query-input\":{\"@type\":\"PropertyValueSpecification\",\"valueRequired\":true,\"valueName\":\"search_term_string\"}}],\"inLanguage\":\"pt-BR\"},{\"@type\":\"Organization\",\"@id\":\"https:\/\/noticiaempauta.com\/portal\/#organization\",\"name\":\"Portal Not\u00edcia em Pauta\",\"url\":\"https:\/\/noticiaempauta.com\/portal\/\",\"logo\":{\"@type\":\"ImageObject\",\"inLanguage\":\"pt-BR\",\"@id\":\"https:\/\/noticiaempauta.com\/portal\/#\/schema\/logo\/image\/\",\"url\":\"https:\/\/noticiaempauta.com\/portal\/wp-content\/uploads\/2022\/08\/logomarca_tema.fw_.png\",\"contentUrl\":\"https:\/\/noticiaempauta.com\/portal\/wp-content\/uploads\/2022\/08\/logomarca_tema.fw_.png\",\"width\":400,\"height\":232,\"caption\":\"Portal Not\u00edcia em Pauta\"},\"image\":{\"@id\":\"https:\/\/noticiaempauta.com\/portal\/#\/schema\/logo\/image\/\"},\"sameAs\":[\"https:\/\/www.facebook.com\/Portal-Notcia-Em-Pauta-102292869264820\/\",\"https:\/\/www.instagram.com\/portalnoticiaempauta\/\"]},{\"@type\":\"Person\",\"@id\":\"https:\/\/noticiaempauta.com\/portal\/#\/schema\/person\/a74af43dd1ab3deca45f988c717d57ac\",\"name\":\"Reda\u00e7\u00e3o\",\"image\":{\"@type\":\"ImageObject\",\"inLanguage\":\"pt-BR\",\"@id\":\"https:\/\/noticiaempauta.com\/portal\/#\/schema\/person\/image\/\",\"url\":\"https:\/\/secure.gravatar.com\/avatar\/03179346ecce6cdfc13361603e8f54242a90e5cde8618fa23c5c00aa2b0aadf3?s=96&d=mm&r=g\",\"contentUrl\":\"https:\/\/secure.gravatar.com\/avatar\/03179346ecce6cdfc13361603e8f54242a90e5cde8618fa23c5c00aa2b0aadf3?s=96&d=mm&r=g\",\"caption\":\"Reda\u00e7\u00e3o\"},\"sameAs\":[\"https:\/\/noticiaempauta.com\/portal\/\"],\"url\":\"https:\/\/noticiaempauta.com\/portal\/author\/fernando\/\"}]}<\/script>\n<!-- \/ Yoast SEO Premium plugin. -->","yoast_head_json":{"title":"Governo divulga calend\u00e1rio de pagamento do Bolsa Fam\u00edlia de 2025; veja datas - Portal Not\u00edcia em Pauta","robots":{"index":"index","follow":"follow","max-snippet":"max-snippet:-1","max-image-preview":"max-image-preview:large","max-video-preview":"max-video-preview:-1"},"canonical":"https:\/\/noticiaempauta.com\/portal\/governo-divulga-calendario-de-pagamento-do-bolsa-familia-de-2025-veja-datas\/","og_locale":"pt_BR","og_type":"article","og_title":"Governo divulga calend\u00e1rio de pagamento do Bolsa Fam\u00edlia de 2025; veja datas","og_description":"O\u00a0Minist\u00e9rio do Desenvolvimento e Assist\u00eancia Social, Fam\u00edlia e Combate \u00e0 Fome (MDS)\u00a0definiu o\u00a0calend\u00e1rio de 2025 do Programa Bolsa Fam\u00edlia (PBF). Os pagamentos ter\u00e3o in\u00edcio no dia 20 de janeiro do pr\u00f3ximo ano. A data exata de recebimento dos valores depende do \u00faltimo d\u00edgito do\u00a0N\u00famero de Identifica\u00e7\u00e3o Social (NIS), indicado no cart\u00e3o do Bolsa Fam\u00edlia. As [&hellip;]","og_url":"https:\/\/noticiaempauta.com\/portal\/governo-divulga-calendario-de-pagamento-do-bolsa-familia-de-2025-veja-datas\/","og_site_name":"Portal Not\u00edcia em Pauta","article_publisher":"https:\/\/www.facebook.com\/Portal-Notcia-Em-Pauta-102292869264820\/","article_published_time":"2024-12-24T18:51:14+00:00","article_modified_time":"2024-12-24T18:51:16+00:00","og_image":[{"width":1100,"height":628,"url":"https:\/\/noticiaempauta.com\/portal\/wp-content\/uploads\/2023\/03\/bolsa-familia-tera-calculo-por-pessoa-e-extra-por-crianca-e-gestante-e94a08d1-7e34-4046-9952-4334e864ea58.webp","type":"image\/webp"}],"author":"Reda\u00e7\u00e3o","twitter_card":"summary_large_image","twitter_misc":{"Escrito por":"Reda\u00e7\u00e3o","Est. tempo de leitura":"3 minutos"},"schema":{"@context":"https:\/\/schema.org","@graph":[{"@type":"Article","@id":"https:\/\/noticiaempauta.com\/portal\/governo-divulga-calendario-de-pagamento-do-bolsa-familia-de-2025-veja-datas\/#article","isPartOf":{"@id":"https:\/\/noticiaempauta.com\/portal\/governo-divulga-calendario-de-pagamento-do-bolsa-familia-de-2025-veja-datas\/"},"author":{"name":"Reda\u00e7\u00e3o","@id":"https:\/\/noticiaempauta.com\/portal\/#\/schema\/person\/a74af43dd1ab3deca45f988c717d57ac"},"headline":"Governo divulga calend\u00e1rio de pagamento do Bolsa Fam\u00edlia de 2025; veja datas","datePublished":"2024-12-24T18:51:14+00:00","dateModified":"2024-12-24T18:51:16+00:00","mainEntityOfPage":{"@id":"https:\/\/noticiaempauta.com\/portal\/governo-divulga-calendario-de-pagamento-do-bolsa-familia-de-2025-veja-datas\/"},"wordCount":341,"commentCount":0,"publisher":{"@id":"https:\/\/noticiaempauta.com\/portal\/#organization"},"image":{"@id":"https:\/\/noticiaempauta.com\/portal\/governo-divulga-calendario-de-pagamento-do-bolsa-familia-de-2025-veja-datas\/#primaryimage"},"thumbnailUrl":"https:\/\/noticiaempauta.com\/portal\/wp-content\/uploads\/2023\/03\/bolsa-familia-tera-calculo-por-pessoa-e-extra-por-crianca-e-gestante-e94a08d1-7e34-4046-9952-4334e864ea58.webp","keywords":["destaqueprincipal"],"articleSection":["Destaques","Economia","Geral","Todas as Not\u00edcias"],"inLanguage":"pt-BR","potentialAction":[{"@type":"CommentAction","name":"Comment","target":["https:\/\/noticiaempauta.com\/portal\/governo-divulga-calendario-de-pagamento-do-bolsa-familia-de-2025-veja-datas\/#respond"]}]},{"@type":"WebPage","@id":"https:\/\/noticiaempauta.com\/portal\/governo-divulga-calendario-de-pagamento-do-bolsa-familia-de-2025-veja-datas\/","url":"https:\/\/noticiaempauta.com\/portal\/governo-divulga-calendario-de-pagamento-do-bolsa-familia-de-2025-veja-datas\/","name":"Governo divulga calend\u00e1rio de pagamento do Bolsa Fam\u00edlia de 2025; veja datas - Portal Not\u00edcia em Pauta","isPartOf":{"@id":"https:\/\/noticiaempauta.com\/portal\/#website"},"primaryImageOfPage":{"@id":"https:\/\/noticiaempauta.com\/portal\/governo-divulga-calendario-de-pagamento-do-bolsa-familia-de-2025-veja-datas\/#primaryimage"},"image":{"@id":"https:\/\/noticiaempauta.com\/portal\/governo-divulga-calendario-de-pagamento-do-bolsa-familia-de-2025-veja-datas\/#primaryimage"},"thumbnailUrl":"https:\/\/noticiaempauta.com\/portal\/wp-content\/uploads\/2023\/03\/bolsa-familia-tera-calculo-por-pessoa-e-extra-por-crianca-e-gestante-e94a08d1-7e34-4046-9952-4334e864ea58.webp","datePublished":"2024-12-24T18:51:14+00:00","dateModified":"2024-12-24T18:51:16+00:00","breadcrumb":{"@id":"https:\/\/noticiaempauta.com\/portal\/governo-divulga-calendario-de-pagamento-do-bolsa-familia-de-2025-veja-datas\/#breadcrumb"},"inLanguage":"pt-BR","potentialAction":[{"@type":"ReadAction","target":["https:\/\/noticiaempauta.com\/portal\/governo-divulga-calendario-de-pagamento-do-bolsa-familia-de-2025-veja-datas\/"]}]},{"@type":"ImageObject","inLanguage":"pt-BR","@id":"https:\/\/noticiaempauta.com\/portal\/governo-divulga-calendario-de-pagamento-do-bolsa-familia-de-2025-veja-datas\/#primaryimage","url":"https:\/\/noticiaempauta.com\/portal\/wp-content\/uploads\/2023\/03\/bolsa-familia-tera-calculo-por-pessoa-e-extra-por-crianca-e-gestante-e94a08d1-7e34-4046-9952-4334e864ea58.webp","contentUrl":"https:\/\/noticiaempauta.com\/portal\/wp-content\/uploads\/2023\/03\/bolsa-familia-tera-calculo-por-pessoa-e-extra-por-crianca-e-gestante-e94a08d1-7e34-4046-9952-4334e864ea58.webp","width":1100,"height":628},{"@type":"BreadcrumbList","@id":"https:\/\/noticiaempauta.com\/portal\/governo-divulga-calendario-de-pagamento-do-bolsa-familia-de-2025-veja-datas\/#breadcrumb","itemListElement":[{"@type":"ListItem","position":1,"name":"P\u00e1gina Inicial","item":"https:\/\/noticiaempauta.com\/portal\/"},{"@type":"ListItem","position":2,"name":"Destaques","item":"https:\/\/noticiaempauta.com\/portal\/destaques-site\/"},{"@type":"ListItem","position":3,"name":"Governo divulga calend\u00e1rio de pagamento do Bolsa Fam\u00edlia de 2025; veja datas"}]},{"@type":"WebSite","@id":"https:\/\/noticiaempauta.com\/portal\/#website","url":"https:\/\/noticiaempauta.com\/portal\/","name":"Portal Not\u00edcia em Pauta","description":"Voc\u00ea bem informado","publisher":{"@id":"https:\/\/noticiaempauta.com\/portal\/#organization"},"potentialAction":[{"@type":"SearchAction","target":{"@type":"EntryPoint","urlTemplate":"https:\/\/noticiaempauta.com\/portal\/?s={search_term_string}"},"query-input":{"@type":"PropertyValueSpecification","valueRequired":true,"valueName":"search_term_string"}}],"inLanguage":"pt-BR"},{"@type":"Organization","@id":"https:\/\/noticiaempauta.com\/portal\/#organization","name":"Portal Not\u00edcia em Pauta","url":"https:\/\/noticiaempauta.com\/portal\/","logo":{"@type":"ImageObject","inLanguage":"pt-BR","@id":"https:\/\/noticiaempauta.com\/portal\/#\/schema\/logo\/image\/","url":"https:\/\/noticiaempauta.com\/portal\/wp-content\/uploads\/2022\/08\/logomarca_tema.fw_.png","contentUrl":"https:\/\/noticiaempauta.com\/portal\/wp-content\/uploads\/2022\/08\/logomarca_tema.fw_.png","width":400,"height":232,"caption":"Portal Not\u00edcia em Pauta"},"image":{"@id":"https:\/\/noticiaempauta.com\/portal\/#\/schema\/logo\/image\/"},"sameAs":["https:\/\/www.facebook.com\/Portal-Notcia-Em-Pauta-102292869264820\/","https:\/\/www.instagram.com\/portalnoticiaempauta\/"]},{"@type":"Person","@id":"https:\/\/noticiaempauta.com\/portal\/#\/schema\/person\/a74af43dd1ab3deca45f988c717d57ac","name":"Reda\u00e7\u00e3o","image":{"@type":"ImageObject","inLanguage":"pt-BR","@id":"https:\/\/noticiaempauta.com\/portal\/#\/schema\/person\/image\/","url":"https:\/\/secure.gravatar.com\/avatar\/03179346ecce6cdfc13361603e8f54242a90e5cde8618fa23c5c00aa2b0aadf3?s=96&d=mm&r=g","contentUrl":"https:\/\/secure.gravatar.com\/avatar\/03179346ecce6cdfc13361603e8f54242a90e5cde8618fa23c5c00aa2b0aadf3?s=96&d=mm&r=g","caption":"Reda\u00e7\u00e3o"},"sameAs":["https:\/\/noticiaempauta.com\/portal\/"],"url":"https:\/\/noticiaempauta.com\/portal\/author\/fernando\/"}]}},"_links":{"self":[{"href":"https:\/\/noticiaempauta.com\/portal\/wp-json\/wp\/v2\/posts\/265690","targetHints":{"allow":["GET"]}}],"collection":[{"href":"https:\/\/noticiaempauta.com\/portal\/wp-json\/wp\/v2\/posts"}],"about":[{"href":"https:\/\/noticiaempauta.com\/portal\/wp-json\/wp\/v2\/types\/post"}],"author":[{"embeddable":true,"href":"https:\/\/noticiaempauta.com\/portal\/wp-json\/wp\/v2\/users\/2"}],"replies":[{"embeddable":true,"href":"https:\/\/noticiaempauta.com\/portal\/wp-json\/wp\/v2\/comments?post=265690"}],"version-history":[{"count":2,"href":"https:\/\/noticiaempauta.com\/portal\/wp-json\/wp\/v2\/posts\/265690\/revisions"}],"predecessor-version":[{"id":265693,"href":"https:\/\/noticiaempauta.com\/portal\/wp-json\/wp\/v2\/posts\/265690\/revisions\/265693"}],"wp:featuredmedia":[{"embeddable":true,"href":"https:\/\/noticiaempauta.com\/portal\/wp-json\/wp\/v2\/media\/244743"}],"wp:attachment":[{"href":"https:\/\/noticiaempauta.com\/portal\/wp-json\/wp\/v2\/media?parent=265690"}],"wp:term":[{"taxonomy":"category","embeddable":true,"href":"https:\/\/noticiaempauta.com\/portal\/wp-json\/wp\/v2\/categories?post=265690"},{"taxonomy":"post_tag","embeddable":true,"href":"https:\/\/noticiaempauta.com\/portal\/wp-json\/wp\/v2\/tags?post=265690"}],"curies":[{"name":"wp","href":"https:\/\/api.w.org\/{rel}","templated":true}]}}