{"id":265702,"date":"2024-12-25T19:07:53","date_gmt":"2024-12-25T22:07:53","guid":{"rendered":"https:\/\/noticiaempauta.com\/portal\/?p=265702"},"modified":"2024-12-25T19:07:54","modified_gmt":"2024-12-25T22:07:54","slug":"homem-morre-vitima-de-afogamento-na-barragem-de-bocaina","status":"publish","type":"post","link":"https:\/\/noticiaempauta.com\/portal\/homem-morre-vitima-de-afogamento-na-barragem-de-bocaina\/","title":{"rendered":"Homem morre v\u00edtima de afogamento na Barragem de Bocaina"},"content":{"rendered":"\n<p>Um homem, identificado como Glesivaldo da Silva Oliveira, 41 anos, que estava banhando na companhia de amigos e familiares despareceu na \u00e1guas da barragem de Bocaina-PI. O fato aconteceu nas primeiras horas da tarde.<\/p>\n\n\n\n<figure class=\"wp-block-image size-large\"><img fetchpriority=\"high\" decoding=\"async\" width=\"974\" height=\"1024\" src=\"https:\/\/noticiaempauta.com\/portal\/wp-content\/uploads\/2024\/12\/2da614a9-8ccd-4038-85e5-7764f0295959-974x1024.jpeg\" alt=\"\" class=\"wp-image-265703\" srcset=\"https:\/\/noticiaempauta.com\/portal\/wp-content\/uploads\/2024\/12\/2da614a9-8ccd-4038-85e5-7764f0295959-974x1024.jpeg 974w, https:\/\/noticiaempauta.com\/portal\/wp-content\/uploads\/2024\/12\/2da614a9-8ccd-4038-85e5-7764f0295959-285x300.jpeg 285w, https:\/\/noticiaempauta.com\/portal\/wp-content\/uploads\/2024\/12\/2da614a9-8ccd-4038-85e5-7764f0295959-768x808.jpeg 768w, https:\/\/noticiaempauta.com\/portal\/wp-content\/uploads\/2024\/12\/2da614a9-8ccd-4038-85e5-7764f0295959.jpeg 1080w\" sizes=\"(max-width: 974px) 100vw, 974px\" \/><figcaption class=\"wp-element-caption\"><em>V\u00edtima <\/em><\/figcaption><\/figure>\n\n\n\n<p>De acordo com as primeiras informa\u00e7\u00f5es, a v\u00edtima estava fazendo travessia nadando com mais algumas pessoas e no trajeto despareceu na \u00e1gua, sem conseguir chegar ao destino.<\/p>\n\n\n\n<figure class=\"wp-block-image size-large\"><img decoding=\"async\" width=\"1024\" height=\"597\" src=\"https:\/\/noticiaempauta.com\/portal\/wp-content\/uploads\/2024\/12\/IMG_7818-1024x597.webp\" alt=\"\" class=\"wp-image-265704\" srcset=\"https:\/\/noticiaempauta.com\/portal\/wp-content\/uploads\/2024\/12\/IMG_7818-1024x597.webp 1024w, https:\/\/noticiaempauta.com\/portal\/wp-content\/uploads\/2024\/12\/IMG_7818-300x175.webp 300w, https:\/\/noticiaempauta.com\/portal\/wp-content\/uploads\/2024\/12\/IMG_7818-768x448.webp 768w, https:\/\/noticiaempauta.com\/portal\/wp-content\/uploads\/2024\/12\/IMG_7818.webp 1200w\" sizes=\"(max-width: 1024px) 100vw, 1024px\" \/><\/figure>\n\n\n\n<p>Ap\u00f3s horas de buscas, populares encontram o corpo com uma vara de anzol. A Pol\u00edcia Militar e o Corpo de Bombeiros estiveram no local isolando a \u00e1rea para a chegada da Pol\u00edcia Cient\u00edfica que far\u00e1 os procedimentos de praxe.<\/p>\n\n\n\n<p>O corpo foi encontrado por Jos\u00e9 Yuri Monteiro, que utilizou uma vara de anzol nas buscas. \u201cEu estava na minha cidade em Sussuapara, quando soube do afogamento de um homem aqui em Bocaina e decidi vir at\u00e9 aqui para ajudar nas buscas. Para encontrar o corpo eu utilizei uma t\u00e9cnica com anzol e uma chumbada pesada para poder afundar r\u00e1pido e conseguir enganchar nele. Usei uma linha de aproximadamente 90 kilos, com esse equipamento eu consegui enganchar tr\u00eas vezes at\u00e9 puxar o corpo\u201d, explicou.<\/p>\n\n\n\n<p>A v\u00edtima \u00e9 residente do bairro Parque de Exposi\u00e7\u00f5es, em Picos.&nbsp;<\/p>\n\n\n\n<p>Banhistas com uso de moto aqu\u00e1tica tamb\u00e9m tentaram auxiliar nas buscas.<\/p>\n\n\n\n<p>Fonte: CidadesnaNet<\/p>\n","protected":false},"excerpt":{"rendered":"<p>Um homem, identificado como Glesivaldo da Silva Oliveira, 41 anos, que estava banhando na companhia de amigos e familiares despareceu na \u00e1guas da barragem de Bocaina-PI. O fato aconteceu nas primeiras horas da tarde. De acordo com as primeiras informa\u00e7\u00f5es, a v\u00edtima estava fazendo travessia nadando com mais algumas pessoas e no trajeto despareceu na [&hellip;]<\/p>\n","protected":false},"author":2,"featured_media":265704,"comment_status":"open","ping_status":"open","sticky":false,"template":"","format":"standard","meta":{"_mi_skip_tracking":false,"footnotes":""},"categories":[25,1,9,16],"tags":[192],"class_list":["post-265702","post","type-post","status-publish","format-standard","has-post-thumbnail","hentry","category-destaques-site","category-geral","category-municipios","category-todas","tag-destaqueprincipal"],"acf":[],"yoast_head":"<!-- This site is optimized with the Yoast SEO Premium plugin v19.2 (Yoast SEO v26.9) - https:\/\/yoast.com\/product\/yoast-seo-premium-wordpress\/ -->\n<title>Homem morre v\u00edtima de afogamento na Barragem de Bocaina - Portal Not\u00edcia em Pauta<\/title>\n<meta name=\"robots\" content=\"index, follow, max-snippet:-1, max-image-preview:large, max-video-preview:-1\" \/>\n<link rel=\"canonical\" href=\"https:\/\/noticiaempauta.com\/portal\/homem-morre-vitima-de-afogamento-na-barragem-de-bocaina\/\" \/>\n<meta property=\"og:locale\" content=\"pt_BR\" \/>\n<meta property=\"og:type\" content=\"article\" \/>\n<meta property=\"og:title\" content=\"Homem morre v\u00edtima de afogamento na Barragem de Bocaina\" \/>\n<meta property=\"og:description\" content=\"Um homem, identificado como Glesivaldo da Silva Oliveira, 41 anos, que estava banhando na companhia de amigos e familiares despareceu na \u00e1guas da barragem de Bocaina-PI. O fato aconteceu nas primeiras horas da tarde. De acordo com as primeiras informa\u00e7\u00f5es, a v\u00edtima estava fazendo travessia nadando com mais algumas pessoas e no trajeto despareceu na [&hellip;]\" \/>\n<meta property=\"og:url\" content=\"https:\/\/noticiaempauta.com\/portal\/homem-morre-vitima-de-afogamento-na-barragem-de-bocaina\/\" \/>\n<meta property=\"og:site_name\" content=\"Portal Not\u00edcia em Pauta\" \/>\n<meta property=\"article:publisher\" content=\"https:\/\/www.facebook.com\/Portal-Notcia-Em-Pauta-102292869264820\/\" \/>\n<meta property=\"article:published_time\" content=\"2024-12-25T22:07:53+00:00\" \/>\n<meta property=\"article:modified_time\" content=\"2024-12-25T22:07:54+00:00\" \/>\n<meta property=\"og:image\" content=\"https:\/\/noticiaempauta.com\/portal\/wp-content\/uploads\/2024\/12\/IMG_7818.webp\" \/>\n\t<meta property=\"og:image:width\" content=\"1200\" \/>\n\t<meta property=\"og:image:height\" content=\"700\" \/>\n\t<meta property=\"og:image:type\" content=\"image\/webp\" \/>\n<meta name=\"author\" content=\"Reda\u00e7\u00e3o\" \/>\n<meta name=\"twitter:card\" content=\"summary_large_image\" \/>\n<meta name=\"twitter:label1\" content=\"Escrito por\" \/>\n\t<meta name=\"twitter:data1\" content=\"Reda\u00e7\u00e3o\" \/>\n\t<meta name=\"twitter:label2\" content=\"Est. tempo de leitura\" \/>\n\t<meta name=\"twitter:data2\" content=\"2 minutos\" \/>\n<script type=\"application\/ld+json\" class=\"yoast-schema-graph\">{\"@context\":\"https:\/\/schema.org\",\"@graph\":[{\"@type\":\"Article\",\"@id\":\"https:\/\/noticiaempauta.com\/portal\/homem-morre-vitima-de-afogamento-na-barragem-de-bocaina\/#article\",\"isPartOf\":{\"@id\":\"https:\/\/noticiaempauta.com\/portal\/homem-morre-vitima-de-afogamento-na-barragem-de-bocaina\/\"},\"author\":{\"name\":\"Reda\u00e7\u00e3o\",\"@id\":\"https:\/\/noticiaempauta.com\/portal\/#\/schema\/person\/a74af43dd1ab3deca45f988c717d57ac\"},\"headline\":\"Homem morre v\u00edtima de afogamento na Barragem de Bocaina\",\"datePublished\":\"2024-12-25T22:07:53+00:00\",\"dateModified\":\"2024-12-25T22:07:54+00:00\",\"mainEntityOfPage\":{\"@id\":\"https:\/\/noticiaempauta.com\/portal\/homem-morre-vitima-de-afogamento-na-barragem-de-bocaina\/\"},\"wordCount\":231,\"commentCount\":0,\"publisher\":{\"@id\":\"https:\/\/noticiaempauta.com\/portal\/#organization\"},\"image\":{\"@id\":\"https:\/\/noticiaempauta.com\/portal\/homem-morre-vitima-de-afogamento-na-barragem-de-bocaina\/#primaryimage\"},\"thumbnailUrl\":\"https:\/\/noticiaempauta.com\/portal\/wp-content\/uploads\/2024\/12\/IMG_7818.webp\",\"keywords\":[\"destaqueprincipal\"],\"articleSection\":[\"Destaques\",\"Geral\",\"Munic\u00edpios\",\"Todas as Not\u00edcias\"],\"inLanguage\":\"pt-BR\",\"potentialAction\":[{\"@type\":\"CommentAction\",\"name\":\"Comment\",\"target\":[\"https:\/\/noticiaempauta.com\/portal\/homem-morre-vitima-de-afogamento-na-barragem-de-bocaina\/#respond\"]}]},{\"@type\":\"WebPage\",\"@id\":\"https:\/\/noticiaempauta.com\/portal\/homem-morre-vitima-de-afogamento-na-barragem-de-bocaina\/\",\"url\":\"https:\/\/noticiaempauta.com\/portal\/homem-morre-vitima-de-afogamento-na-barragem-de-bocaina\/\",\"name\":\"Homem morre v\u00edtima de afogamento na Barragem de Bocaina - Portal Not\u00edcia em Pauta\",\"isPartOf\":{\"@id\":\"https:\/\/noticiaempauta.com\/portal\/#website\"},\"primaryImageOfPage\":{\"@id\":\"https:\/\/noticiaempauta.com\/portal\/homem-morre-vitima-de-afogamento-na-barragem-de-bocaina\/#primaryimage\"},\"image\":{\"@id\":\"https:\/\/noticiaempauta.com\/portal\/homem-morre-vitima-de-afogamento-na-barragem-de-bocaina\/#primaryimage\"},\"thumbnailUrl\":\"https:\/\/noticiaempauta.com\/portal\/wp-content\/uploads\/2024\/12\/IMG_7818.webp\",\"datePublished\":\"2024-12-25T22:07:53+00:00\",\"dateModified\":\"2024-12-25T22:07:54+00:00\",\"breadcrumb\":{\"@id\":\"https:\/\/noticiaempauta.com\/portal\/homem-morre-vitima-de-afogamento-na-barragem-de-bocaina\/#breadcrumb\"},\"inLanguage\":\"pt-BR\",\"potentialAction\":[{\"@type\":\"ReadAction\",\"target\":[\"https:\/\/noticiaempauta.com\/portal\/homem-morre-vitima-de-afogamento-na-barragem-de-bocaina\/\"]}]},{\"@type\":\"ImageObject\",\"inLanguage\":\"pt-BR\",\"@id\":\"https:\/\/noticiaempauta.com\/portal\/homem-morre-vitima-de-afogamento-na-barragem-de-bocaina\/#primaryimage\",\"url\":\"https:\/\/noticiaempauta.com\/portal\/wp-content\/uploads\/2024\/12\/IMG_7818.webp\",\"contentUrl\":\"https:\/\/noticiaempauta.com\/portal\/wp-content\/uploads\/2024\/12\/IMG_7818.webp\",\"width\":1200,\"height\":700},{\"@type\":\"BreadcrumbList\",\"@id\":\"https:\/\/noticiaempauta.com\/portal\/homem-morre-vitima-de-afogamento-na-barragem-de-bocaina\/#breadcrumb\",\"itemListElement\":[{\"@type\":\"ListItem\",\"position\":1,\"name\":\"P\u00e1gina Inicial\",\"item\":\"https:\/\/noticiaempauta.com\/portal\/\"},{\"@type\":\"ListItem\",\"position\":2,\"name\":\"Destaques\",\"item\":\"https:\/\/noticiaempauta.com\/portal\/destaques-site\/\"},{\"@type\":\"ListItem\",\"position\":3,\"name\":\"Homem morre v\u00edtima de afogamento na Barragem de Bocaina\"}]},{\"@type\":\"WebSite\",\"@id\":\"https:\/\/noticiaempauta.com\/portal\/#website\",\"url\":\"https:\/\/noticiaempauta.com\/portal\/\",\"name\":\"Portal Not\u00edcia em Pauta\",\"description\":\"Voc\u00ea bem informado\",\"publisher\":{\"@id\":\"https:\/\/noticiaempauta.com\/portal\/#organization\"},\"potentialAction\":[{\"@type\":\"SearchAction\",\"target\":{\"@type\":\"EntryPoint\",\"urlTemplate\":\"https:\/\/noticiaempauta.com\/portal\/?s={search_term_string}\"},\"query-input\":{\"@type\":\"PropertyValueSpecification\",\"valueRequired\":true,\"valueName\":\"search_term_string\"}}],\"inLanguage\":\"pt-BR\"},{\"@type\":\"Organization\",\"@id\":\"https:\/\/noticiaempauta.com\/portal\/#organization\",\"name\":\"Portal Not\u00edcia em Pauta\",\"url\":\"https:\/\/noticiaempauta.com\/portal\/\",\"logo\":{\"@type\":\"ImageObject\",\"inLanguage\":\"pt-BR\",\"@id\":\"https:\/\/noticiaempauta.com\/portal\/#\/schema\/logo\/image\/\",\"url\":\"https:\/\/noticiaempauta.com\/portal\/wp-content\/uploads\/2022\/08\/logomarca_tema.fw_.png\",\"contentUrl\":\"https:\/\/noticiaempauta.com\/portal\/wp-content\/uploads\/2022\/08\/logomarca_tema.fw_.png\",\"width\":400,\"height\":232,\"caption\":\"Portal Not\u00edcia em Pauta\"},\"image\":{\"@id\":\"https:\/\/noticiaempauta.com\/portal\/#\/schema\/logo\/image\/\"},\"sameAs\":[\"https:\/\/www.facebook.com\/Portal-Notcia-Em-Pauta-102292869264820\/\",\"https:\/\/www.instagram.com\/portalnoticiaempauta\/\"]},{\"@type\":\"Person\",\"@id\":\"https:\/\/noticiaempauta.com\/portal\/#\/schema\/person\/a74af43dd1ab3deca45f988c717d57ac\",\"name\":\"Reda\u00e7\u00e3o\",\"image\":{\"@type\":\"ImageObject\",\"inLanguage\":\"pt-BR\",\"@id\":\"https:\/\/noticiaempauta.com\/portal\/#\/schema\/person\/image\/\",\"url\":\"https:\/\/secure.gravatar.com\/avatar\/03179346ecce6cdfc13361603e8f54242a90e5cde8618fa23c5c00aa2b0aadf3?s=96&d=mm&r=g\",\"contentUrl\":\"https:\/\/secure.gravatar.com\/avatar\/03179346ecce6cdfc13361603e8f54242a90e5cde8618fa23c5c00aa2b0aadf3?s=96&d=mm&r=g\",\"caption\":\"Reda\u00e7\u00e3o\"},\"sameAs\":[\"https:\/\/noticiaempauta.com\/portal\/\"],\"url\":\"https:\/\/noticiaempauta.com\/portal\/author\/fernando\/\"}]}<\/script>\n<!-- \/ Yoast SEO Premium plugin. -->","yoast_head_json":{"title":"Homem morre v\u00edtima de afogamento na Barragem de Bocaina - Portal Not\u00edcia em Pauta","robots":{"index":"index","follow":"follow","max-snippet":"max-snippet:-1","max-image-preview":"max-image-preview:large","max-video-preview":"max-video-preview:-1"},"canonical":"https:\/\/noticiaempauta.com\/portal\/homem-morre-vitima-de-afogamento-na-barragem-de-bocaina\/","og_locale":"pt_BR","og_type":"article","og_title":"Homem morre v\u00edtima de afogamento na Barragem de Bocaina","og_description":"Um homem, identificado como Glesivaldo da Silva Oliveira, 41 anos, que estava banhando na companhia de amigos e familiares despareceu na \u00e1guas da barragem de Bocaina-PI. O fato aconteceu nas primeiras horas da tarde. De acordo com as primeiras informa\u00e7\u00f5es, a v\u00edtima estava fazendo travessia nadando com mais algumas pessoas e no trajeto despareceu na [&hellip;]","og_url":"https:\/\/noticiaempauta.com\/portal\/homem-morre-vitima-de-afogamento-na-barragem-de-bocaina\/","og_site_name":"Portal Not\u00edcia em Pauta","article_publisher":"https:\/\/www.facebook.com\/Portal-Notcia-Em-Pauta-102292869264820\/","article_published_time":"2024-12-25T22:07:53+00:00","article_modified_time":"2024-12-25T22:07:54+00:00","og_image":[{"width":1200,"height":700,"url":"https:\/\/noticiaempauta.com\/portal\/wp-content\/uploads\/2024\/12\/IMG_7818.webp","type":"image\/webp"}],"author":"Reda\u00e7\u00e3o","twitter_card":"summary_large_image","twitter_misc":{"Escrito por":"Reda\u00e7\u00e3o","Est. tempo de leitura":"2 minutos"},"schema":{"@context":"https:\/\/schema.org","@graph":[{"@type":"Article","@id":"https:\/\/noticiaempauta.com\/portal\/homem-morre-vitima-de-afogamento-na-barragem-de-bocaina\/#article","isPartOf":{"@id":"https:\/\/noticiaempauta.com\/portal\/homem-morre-vitima-de-afogamento-na-barragem-de-bocaina\/"},"author":{"name":"Reda\u00e7\u00e3o","@id":"https:\/\/noticiaempauta.com\/portal\/#\/schema\/person\/a74af43dd1ab3deca45f988c717d57ac"},"headline":"Homem morre v\u00edtima de afogamento na Barragem de Bocaina","datePublished":"2024-12-25T22:07:53+00:00","dateModified":"2024-12-25T22:07:54+00:00","mainEntityOfPage":{"@id":"https:\/\/noticiaempauta.com\/portal\/homem-morre-vitima-de-afogamento-na-barragem-de-bocaina\/"},"wordCount":231,"commentCount":0,"publisher":{"@id":"https:\/\/noticiaempauta.com\/portal\/#organization"},"image":{"@id":"https:\/\/noticiaempauta.com\/portal\/homem-morre-vitima-de-afogamento-na-barragem-de-bocaina\/#primaryimage"},"thumbnailUrl":"https:\/\/noticiaempauta.com\/portal\/wp-content\/uploads\/2024\/12\/IMG_7818.webp","keywords":["destaqueprincipal"],"articleSection":["Destaques","Geral","Munic\u00edpios","Todas as Not\u00edcias"],"inLanguage":"pt-BR","potentialAction":[{"@type":"CommentAction","name":"Comment","target":["https:\/\/noticiaempauta.com\/portal\/homem-morre-vitima-de-afogamento-na-barragem-de-bocaina\/#respond"]}]},{"@type":"WebPage","@id":"https:\/\/noticiaempauta.com\/portal\/homem-morre-vitima-de-afogamento-na-barragem-de-bocaina\/","url":"https:\/\/noticiaempauta.com\/portal\/homem-morre-vitima-de-afogamento-na-barragem-de-bocaina\/","name":"Homem morre v\u00edtima de afogamento na Barragem de Bocaina - Portal Not\u00edcia em Pauta","isPartOf":{"@id":"https:\/\/noticiaempauta.com\/portal\/#website"},"primaryImageOfPage":{"@id":"https:\/\/noticiaempauta.com\/portal\/homem-morre-vitima-de-afogamento-na-barragem-de-bocaina\/#primaryimage"},"image":{"@id":"https:\/\/noticiaempauta.com\/portal\/homem-morre-vitima-de-afogamento-na-barragem-de-bocaina\/#primaryimage"},"thumbnailUrl":"https:\/\/noticiaempauta.com\/portal\/wp-content\/uploads\/2024\/12\/IMG_7818.webp","datePublished":"2024-12-25T22:07:53+00:00","dateModified":"2024-12-25T22:07:54+00:00","breadcrumb":{"@id":"https:\/\/noticiaempauta.com\/portal\/homem-morre-vitima-de-afogamento-na-barragem-de-bocaina\/#breadcrumb"},"inLanguage":"pt-BR","potentialAction":[{"@type":"ReadAction","target":["https:\/\/noticiaempauta.com\/portal\/homem-morre-vitima-de-afogamento-na-barragem-de-bocaina\/"]}]},{"@type":"ImageObject","inLanguage":"pt-BR","@id":"https:\/\/noticiaempauta.com\/portal\/homem-morre-vitima-de-afogamento-na-barragem-de-bocaina\/#primaryimage","url":"https:\/\/noticiaempauta.com\/portal\/wp-content\/uploads\/2024\/12\/IMG_7818.webp","contentUrl":"https:\/\/noticiaempauta.com\/portal\/wp-content\/uploads\/2024\/12\/IMG_7818.webp","width":1200,"height":700},{"@type":"BreadcrumbList","@id":"https:\/\/noticiaempauta.com\/portal\/homem-morre-vitima-de-afogamento-na-barragem-de-bocaina\/#breadcrumb","itemListElement":[{"@type":"ListItem","position":1,"name":"P\u00e1gina Inicial","item":"https:\/\/noticiaempauta.com\/portal\/"},{"@type":"ListItem","position":2,"name":"Destaques","item":"https:\/\/noticiaempauta.com\/portal\/destaques-site\/"},{"@type":"ListItem","position":3,"name":"Homem morre v\u00edtima de afogamento na Barragem de Bocaina"}]},{"@type":"WebSite","@id":"https:\/\/noticiaempauta.com\/portal\/#website","url":"https:\/\/noticiaempauta.com\/portal\/","name":"Portal Not\u00edcia em Pauta","description":"Voc\u00ea bem informado","publisher":{"@id":"https:\/\/noticiaempauta.com\/portal\/#organization"},"potentialAction":[{"@type":"SearchAction","target":{"@type":"EntryPoint","urlTemplate":"https:\/\/noticiaempauta.com\/portal\/?s={search_term_string}"},"query-input":{"@type":"PropertyValueSpecification","valueRequired":true,"valueName":"search_term_string"}}],"inLanguage":"pt-BR"},{"@type":"Organization","@id":"https:\/\/noticiaempauta.com\/portal\/#organization","name":"Portal Not\u00edcia em Pauta","url":"https:\/\/noticiaempauta.com\/portal\/","logo":{"@type":"ImageObject","inLanguage":"pt-BR","@id":"https:\/\/noticiaempauta.com\/portal\/#\/schema\/logo\/image\/","url":"https:\/\/noticiaempauta.com\/portal\/wp-content\/uploads\/2022\/08\/logomarca_tema.fw_.png","contentUrl":"https:\/\/noticiaempauta.com\/portal\/wp-content\/uploads\/2022\/08\/logomarca_tema.fw_.png","width":400,"height":232,"caption":"Portal Not\u00edcia em Pauta"},"image":{"@id":"https:\/\/noticiaempauta.com\/portal\/#\/schema\/logo\/image\/"},"sameAs":["https:\/\/www.facebook.com\/Portal-Notcia-Em-Pauta-102292869264820\/","https:\/\/www.instagram.com\/portalnoticiaempauta\/"]},{"@type":"Person","@id":"https:\/\/noticiaempauta.com\/portal\/#\/schema\/person\/a74af43dd1ab3deca45f988c717d57ac","name":"Reda\u00e7\u00e3o","image":{"@type":"ImageObject","inLanguage":"pt-BR","@id":"https:\/\/noticiaempauta.com\/portal\/#\/schema\/person\/image\/","url":"https:\/\/secure.gravatar.com\/avatar\/03179346ecce6cdfc13361603e8f54242a90e5cde8618fa23c5c00aa2b0aadf3?s=96&d=mm&r=g","contentUrl":"https:\/\/secure.gravatar.com\/avatar\/03179346ecce6cdfc13361603e8f54242a90e5cde8618fa23c5c00aa2b0aadf3?s=96&d=mm&r=g","caption":"Reda\u00e7\u00e3o"},"sameAs":["https:\/\/noticiaempauta.com\/portal\/"],"url":"https:\/\/noticiaempauta.com\/portal\/author\/fernando\/"}]}},"_links":{"self":[{"href":"https:\/\/noticiaempauta.com\/portal\/wp-json\/wp\/v2\/posts\/265702","targetHints":{"allow":["GET"]}}],"collection":[{"href":"https:\/\/noticiaempauta.com\/portal\/wp-json\/wp\/v2\/posts"}],"about":[{"href":"https:\/\/noticiaempauta.com\/portal\/wp-json\/wp\/v2\/types\/post"}],"author":[{"embeddable":true,"href":"https:\/\/noticiaempauta.com\/portal\/wp-json\/wp\/v2\/users\/2"}],"replies":[{"embeddable":true,"href":"https:\/\/noticiaempauta.com\/portal\/wp-json\/wp\/v2\/comments?post=265702"}],"version-history":[{"count":2,"href":"https:\/\/noticiaempauta.com\/portal\/wp-json\/wp\/v2\/posts\/265702\/revisions"}],"predecessor-version":[{"id":265706,"href":"https:\/\/noticiaempauta.com\/portal\/wp-json\/wp\/v2\/posts\/265702\/revisions\/265706"}],"wp:featuredmedia":[{"embeddable":true,"href":"https:\/\/noticiaempauta.com\/portal\/wp-json\/wp\/v2\/media\/265704"}],"wp:attachment":[{"href":"https:\/\/noticiaempauta.com\/portal\/wp-json\/wp\/v2\/media?parent=265702"}],"wp:term":[{"taxonomy":"category","embeddable":true,"href":"https:\/\/noticiaempauta.com\/portal\/wp-json\/wp\/v2\/categories?post=265702"},{"taxonomy":"post_tag","embeddable":true,"href":"https:\/\/noticiaempauta.com\/portal\/wp-json\/wp\/v2\/tags?post=265702"}],"curies":[{"name":"wp","href":"https:\/\/api.w.org\/{rel}","templated":true}]}}