{"id":265738,"date":"2024-12-27T09:25:14","date_gmt":"2024-12-27T12:25:14","guid":{"rendered":"https:\/\/noticiaempauta.com\/portal\/?p=265738"},"modified":"2024-12-27T09:25:15","modified_gmt":"2024-12-27T12:25:15","slug":"morre-o-empresario-jorge-batista-da-silva-fundador-do-grupo-jorge-batista-aos-94-anos","status":"publish","type":"post","link":"https:\/\/noticiaempauta.com\/portal\/morre-o-empresario-jorge-batista-da-silva-fundador-do-grupo-jorge-batista-aos-94-anos\/","title":{"rendered":"Morre o empres\u00e1rio Jorge Batista da Silva, fundador do Grupo Jorge Batista, aos 94 anos"},"content":{"rendered":"\n<p>O empres\u00e1rio Jorge Batista da Silva faleceu \u00e0s 02h da madrugada desta sexta-feira, aos 94 anos, ap\u00f3s enfrentar diversos problemas de sa\u00fade. Nascido em Dourados (MS) em 10 de setembro de 1953, Jorge Batista era aposentado, possu\u00eda o ensino superior incompleto e era casado.<\/p>\n\n\n\n<figure class=\"wp-block-image size-full\"><img fetchpriority=\"high\" decoding=\"async\" width=\"914\" height=\"600\" src=\"https:\/\/noticiaempauta.com\/portal\/wp-content\/uploads\/2024\/12\/morre-o-empresario-jorge-batista-da-silva-fundador-do-grupo-jorge-batista-aos-94-anos-2e0c8b99-7a21-4db9-b00d-2c954e46fffa.jpg.webp\" alt=\"\" class=\"wp-image-265739\" srcset=\"https:\/\/noticiaempauta.com\/portal\/wp-content\/uploads\/2024\/12\/morre-o-empresario-jorge-batista-da-silva-fundador-do-grupo-jorge-batista-aos-94-anos-2e0c8b99-7a21-4db9-b00d-2c954e46fffa.jpg.webp 914w, https:\/\/noticiaempauta.com\/portal\/wp-content\/uploads\/2024\/12\/morre-o-empresario-jorge-batista-da-silva-fundador-do-grupo-jorge-batista-aos-94-anos-2e0c8b99-7a21-4db9-b00d-2c954e46fffa.jpg-300x197.webp 300w, https:\/\/noticiaempauta.com\/portal\/wp-content\/uploads\/2024\/12\/morre-o-empresario-jorge-batista-da-silva-fundador-do-grupo-jorge-batista-aos-94-anos-2e0c8b99-7a21-4db9-b00d-2c954e46fffa.jpg-768x504.webp 768w\" sizes=\"(max-width: 914px) 100vw, 914px\" \/><figcaption class=\"wp-element-caption\"><em>(Jorge Batista | Reprodu\u00e7\u00e3o)<\/em><\/figcaption><\/figure>\n\n\n\n<p>Fundador do Grupo Jorge Batista, criado na d\u00e9cada de 1950 na cidade de Floriano, no Sul do Piau\u00ed, o empres\u00e1rio construiu um dos maiores conglomerados econ\u00f4micos do Nordeste. Ao longo dos anos,\u00a0o grupo se expandiu, adquirindo empresas no setor farmac\u00eautico em diversos estados, como Piau\u00ed, Cear\u00e1, Maranh\u00e3o, Rio Grande do Norte, Para\u00edba, Pernambuco e Bahia.<\/p>\n\n\n\n<p>O Grupo Jorge Batista \u00e9 composto por tr\u00eas importantes empresas no ramo de distribui\u00e7\u00e3o de produtos farmac\u00eauticos, de higiene e hospitalares: Alto Miudezas Distribuidora, Naz\u00e1ria Distribuidora (que atua em seis estados) e Jorge Batista Distribuidora.\u00a0Considerado um dos cinco homens mais ricos do Piau\u00ed, seu patrim\u00f4nio foi avaliado em quase R$ 2 bilh\u00f5es.<\/p>\n\n\n\n<p>As C\u00e2maras de Dirigentes Lojistas de Teresina e Floriano\u00a0se manifestaram atrav\u00e9s de nota\u00a0e lamentaram a morte do empres\u00e1rio.\u00a0<\/p>\n\n\n\n<p>&#8220;Jorge Batista da Silva foi um vision\u00e1rio, fundador do Grupo JJ Batista e um dos pilares do desenvolvimento empresarial de nossa cidade. Sua trajet\u00f3ria de trabalho, dedica\u00e7\u00e3o e inova\u00e7\u00e3o deixa um legado inestim\u00e1vel para Floriano e todo o estado do Piau\u00ed [&#8230;]Floriano perde um grande exemplo de lideran\u00e7a e compromisso com o progresso, mas sua mem\u00f3ria ser\u00e1 eterna em cada conquista e em cada vida que tocou&#8221;, diz o texto assinado pelo atual presidente da CDL\/Floriano, Marcos Fernandes.<\/p>\n\n\n\n<p>Meio News<\/p>\n","protected":false},"excerpt":{"rendered":"<p>O empres\u00e1rio Jorge Batista da Silva faleceu \u00e0s 02h da madrugada desta sexta-feira, aos 94 anos, ap\u00f3s enfrentar diversos problemas de sa\u00fade. Nascido em Dourados (MS) em 10 de setembro de 1953, Jorge Batista era aposentado, possu\u00eda o ensino superior incompleto e era casado. Fundador do Grupo Jorge Batista, criado na d\u00e9cada de 1950 na [&hellip;]<\/p>\n","protected":false},"author":2,"featured_media":265739,"comment_status":"open","ping_status":"open","sticky":false,"template":"","format":"standard","meta":{"_mi_skip_tracking":false,"footnotes":""},"categories":[25,1,16],"tags":[],"class_list":["post-265738","post","type-post","status-publish","format-standard","has-post-thumbnail","hentry","category-destaques-site","category-geral","category-todas"],"acf":[],"yoast_head":"<!-- This site is optimized with the Yoast SEO Premium plugin v19.2 (Yoast SEO v26.9) - https:\/\/yoast.com\/product\/yoast-seo-premium-wordpress\/ -->\n<title>Morre o empres\u00e1rio Jorge Batista da Silva, fundador do Grupo Jorge Batista, aos 94 anos - Portal Not\u00edcia em Pauta<\/title>\n<meta name=\"robots\" content=\"index, follow, max-snippet:-1, max-image-preview:large, max-video-preview:-1\" \/>\n<link rel=\"canonical\" href=\"https:\/\/noticiaempauta.com\/portal\/morre-o-empresario-jorge-batista-da-silva-fundador-do-grupo-jorge-batista-aos-94-anos\/\" \/>\n<meta property=\"og:locale\" content=\"pt_BR\" \/>\n<meta property=\"og:type\" content=\"article\" \/>\n<meta property=\"og:title\" content=\"Morre o empres\u00e1rio Jorge Batista da Silva, fundador do Grupo Jorge Batista, aos 94 anos\" \/>\n<meta property=\"og:description\" content=\"O empres\u00e1rio Jorge Batista da Silva faleceu \u00e0s 02h da madrugada desta sexta-feira, aos 94 anos, ap\u00f3s enfrentar diversos problemas de sa\u00fade. Nascido em Dourados (MS) em 10 de setembro de 1953, Jorge Batista era aposentado, possu\u00eda o ensino superior incompleto e era casado. Fundador do Grupo Jorge Batista, criado na d\u00e9cada de 1950 na [&hellip;]\" \/>\n<meta property=\"og:url\" content=\"https:\/\/noticiaempauta.com\/portal\/morre-o-empresario-jorge-batista-da-silva-fundador-do-grupo-jorge-batista-aos-94-anos\/\" \/>\n<meta property=\"og:site_name\" content=\"Portal Not\u00edcia em Pauta\" \/>\n<meta property=\"article:publisher\" content=\"https:\/\/www.facebook.com\/Portal-Notcia-Em-Pauta-102292869264820\/\" \/>\n<meta property=\"article:published_time\" content=\"2024-12-27T12:25:14+00:00\" \/>\n<meta property=\"article:modified_time\" content=\"2024-12-27T12:25:15+00:00\" \/>\n<meta property=\"og:image\" content=\"https:\/\/noticiaempauta.com\/portal\/wp-content\/uploads\/2024\/12\/morre-o-empresario-jorge-batista-da-silva-fundador-do-grupo-jorge-batista-aos-94-anos-2e0c8b99-7a21-4db9-b00d-2c954e46fffa.jpg.webp\" \/>\n\t<meta property=\"og:image:width\" content=\"914\" \/>\n\t<meta property=\"og:image:height\" content=\"600\" \/>\n\t<meta property=\"og:image:type\" content=\"image\/webp\" \/>\n<meta name=\"author\" content=\"Reda\u00e7\u00e3o\" \/>\n<meta name=\"twitter:card\" content=\"summary_large_image\" \/>\n<meta name=\"twitter:label1\" content=\"Escrito por\" \/>\n\t<meta name=\"twitter:data1\" content=\"Reda\u00e7\u00e3o\" \/>\n\t<meta name=\"twitter:label2\" content=\"Est. tempo de leitura\" \/>\n\t<meta name=\"twitter:data2\" content=\"2 minutos\" \/>\n<script type=\"application\/ld+json\" class=\"yoast-schema-graph\">{\"@context\":\"https:\/\/schema.org\",\"@graph\":[{\"@type\":\"Article\",\"@id\":\"https:\/\/noticiaempauta.com\/portal\/morre-o-empresario-jorge-batista-da-silva-fundador-do-grupo-jorge-batista-aos-94-anos\/#article\",\"isPartOf\":{\"@id\":\"https:\/\/noticiaempauta.com\/portal\/morre-o-empresario-jorge-batista-da-silva-fundador-do-grupo-jorge-batista-aos-94-anos\/\"},\"author\":{\"name\":\"Reda\u00e7\u00e3o\",\"@id\":\"https:\/\/noticiaempauta.com\/portal\/#\/schema\/person\/a74af43dd1ab3deca45f988c717d57ac\"},\"headline\":\"Morre o empres\u00e1rio Jorge Batista da Silva, fundador do Grupo Jorge Batista, aos 94 anos\",\"datePublished\":\"2024-12-27T12:25:14+00:00\",\"dateModified\":\"2024-12-27T12:25:15+00:00\",\"mainEntityOfPage\":{\"@id\":\"https:\/\/noticiaempauta.com\/portal\/morre-o-empresario-jorge-batista-da-silva-fundador-do-grupo-jorge-batista-aos-94-anos\/\"},\"wordCount\":293,\"commentCount\":0,\"publisher\":{\"@id\":\"https:\/\/noticiaempauta.com\/portal\/#organization\"},\"image\":{\"@id\":\"https:\/\/noticiaempauta.com\/portal\/morre-o-empresario-jorge-batista-da-silva-fundador-do-grupo-jorge-batista-aos-94-anos\/#primaryimage\"},\"thumbnailUrl\":\"https:\/\/noticiaempauta.com\/portal\/wp-content\/uploads\/2024\/12\/morre-o-empresario-jorge-batista-da-silva-fundador-do-grupo-jorge-batista-aos-94-anos-2e0c8b99-7a21-4db9-b00d-2c954e46fffa.jpg.webp\",\"articleSection\":[\"Destaques\",\"Geral\",\"Todas as Not\u00edcias\"],\"inLanguage\":\"pt-BR\",\"potentialAction\":[{\"@type\":\"CommentAction\",\"name\":\"Comment\",\"target\":[\"https:\/\/noticiaempauta.com\/portal\/morre-o-empresario-jorge-batista-da-silva-fundador-do-grupo-jorge-batista-aos-94-anos\/#respond\"]}]},{\"@type\":\"WebPage\",\"@id\":\"https:\/\/noticiaempauta.com\/portal\/morre-o-empresario-jorge-batista-da-silva-fundador-do-grupo-jorge-batista-aos-94-anos\/\",\"url\":\"https:\/\/noticiaempauta.com\/portal\/morre-o-empresario-jorge-batista-da-silva-fundador-do-grupo-jorge-batista-aos-94-anos\/\",\"name\":\"Morre o empres\u00e1rio Jorge Batista da Silva, fundador do Grupo Jorge Batista, aos 94 anos - Portal Not\u00edcia em Pauta\",\"isPartOf\":{\"@id\":\"https:\/\/noticiaempauta.com\/portal\/#website\"},\"primaryImageOfPage\":{\"@id\":\"https:\/\/noticiaempauta.com\/portal\/morre-o-empresario-jorge-batista-da-silva-fundador-do-grupo-jorge-batista-aos-94-anos\/#primaryimage\"},\"image\":{\"@id\":\"https:\/\/noticiaempauta.com\/portal\/morre-o-empresario-jorge-batista-da-silva-fundador-do-grupo-jorge-batista-aos-94-anos\/#primaryimage\"},\"thumbnailUrl\":\"https:\/\/noticiaempauta.com\/portal\/wp-content\/uploads\/2024\/12\/morre-o-empresario-jorge-batista-da-silva-fundador-do-grupo-jorge-batista-aos-94-anos-2e0c8b99-7a21-4db9-b00d-2c954e46fffa.jpg.webp\",\"datePublished\":\"2024-12-27T12:25:14+00:00\",\"dateModified\":\"2024-12-27T12:25:15+00:00\",\"breadcrumb\":{\"@id\":\"https:\/\/noticiaempauta.com\/portal\/morre-o-empresario-jorge-batista-da-silva-fundador-do-grupo-jorge-batista-aos-94-anos\/#breadcrumb\"},\"inLanguage\":\"pt-BR\",\"potentialAction\":[{\"@type\":\"ReadAction\",\"target\":[\"https:\/\/noticiaempauta.com\/portal\/morre-o-empresario-jorge-batista-da-silva-fundador-do-grupo-jorge-batista-aos-94-anos\/\"]}]},{\"@type\":\"ImageObject\",\"inLanguage\":\"pt-BR\",\"@id\":\"https:\/\/noticiaempauta.com\/portal\/morre-o-empresario-jorge-batista-da-silva-fundador-do-grupo-jorge-batista-aos-94-anos\/#primaryimage\",\"url\":\"https:\/\/noticiaempauta.com\/portal\/wp-content\/uploads\/2024\/12\/morre-o-empresario-jorge-batista-da-silva-fundador-do-grupo-jorge-batista-aos-94-anos-2e0c8b99-7a21-4db9-b00d-2c954e46fffa.jpg.webp\",\"contentUrl\":\"https:\/\/noticiaempauta.com\/portal\/wp-content\/uploads\/2024\/12\/morre-o-empresario-jorge-batista-da-silva-fundador-do-grupo-jorge-batista-aos-94-anos-2e0c8b99-7a21-4db9-b00d-2c954e46fffa.jpg.webp\",\"width\":914,\"height\":600},{\"@type\":\"BreadcrumbList\",\"@id\":\"https:\/\/noticiaempauta.com\/portal\/morre-o-empresario-jorge-batista-da-silva-fundador-do-grupo-jorge-batista-aos-94-anos\/#breadcrumb\",\"itemListElement\":[{\"@type\":\"ListItem\",\"position\":1,\"name\":\"P\u00e1gina Inicial\",\"item\":\"https:\/\/noticiaempauta.com\/portal\/\"},{\"@type\":\"ListItem\",\"position\":2,\"name\":\"Destaques\",\"item\":\"https:\/\/noticiaempauta.com\/portal\/destaques-site\/\"},{\"@type\":\"ListItem\",\"position\":3,\"name\":\"Morre o empres\u00e1rio Jorge Batista da Silva, fundador do Grupo Jorge Batista, aos 94 anos\"}]},{\"@type\":\"WebSite\",\"@id\":\"https:\/\/noticiaempauta.com\/portal\/#website\",\"url\":\"https:\/\/noticiaempauta.com\/portal\/\",\"name\":\"Portal Not\u00edcia em Pauta\",\"description\":\"Voc\u00ea bem informado\",\"publisher\":{\"@id\":\"https:\/\/noticiaempauta.com\/portal\/#organization\"},\"potentialAction\":[{\"@type\":\"SearchAction\",\"target\":{\"@type\":\"EntryPoint\",\"urlTemplate\":\"https:\/\/noticiaempauta.com\/portal\/?s={search_term_string}\"},\"query-input\":{\"@type\":\"PropertyValueSpecification\",\"valueRequired\":true,\"valueName\":\"search_term_string\"}}],\"inLanguage\":\"pt-BR\"},{\"@type\":\"Organization\",\"@id\":\"https:\/\/noticiaempauta.com\/portal\/#organization\",\"name\":\"Portal Not\u00edcia em Pauta\",\"url\":\"https:\/\/noticiaempauta.com\/portal\/\",\"logo\":{\"@type\":\"ImageObject\",\"inLanguage\":\"pt-BR\",\"@id\":\"https:\/\/noticiaempauta.com\/portal\/#\/schema\/logo\/image\/\",\"url\":\"https:\/\/noticiaempauta.com\/portal\/wp-content\/uploads\/2022\/08\/logomarca_tema.fw_.png\",\"contentUrl\":\"https:\/\/noticiaempauta.com\/portal\/wp-content\/uploads\/2022\/08\/logomarca_tema.fw_.png\",\"width\":400,\"height\":232,\"caption\":\"Portal Not\u00edcia em Pauta\"},\"image\":{\"@id\":\"https:\/\/noticiaempauta.com\/portal\/#\/schema\/logo\/image\/\"},\"sameAs\":[\"https:\/\/www.facebook.com\/Portal-Notcia-Em-Pauta-102292869264820\/\",\"https:\/\/www.instagram.com\/portalnoticiaempauta\/\"]},{\"@type\":\"Person\",\"@id\":\"https:\/\/noticiaempauta.com\/portal\/#\/schema\/person\/a74af43dd1ab3deca45f988c717d57ac\",\"name\":\"Reda\u00e7\u00e3o\",\"image\":{\"@type\":\"ImageObject\",\"inLanguage\":\"pt-BR\",\"@id\":\"https:\/\/noticiaempauta.com\/portal\/#\/schema\/person\/image\/\",\"url\":\"https:\/\/secure.gravatar.com\/avatar\/03179346ecce6cdfc13361603e8f54242a90e5cde8618fa23c5c00aa2b0aadf3?s=96&d=mm&r=g\",\"contentUrl\":\"https:\/\/secure.gravatar.com\/avatar\/03179346ecce6cdfc13361603e8f54242a90e5cde8618fa23c5c00aa2b0aadf3?s=96&d=mm&r=g\",\"caption\":\"Reda\u00e7\u00e3o\"},\"sameAs\":[\"https:\/\/noticiaempauta.com\/portal\/\"],\"url\":\"https:\/\/noticiaempauta.com\/portal\/author\/fernando\/\"}]}<\/script>\n<!-- \/ Yoast SEO Premium plugin. -->","yoast_head_json":{"title":"Morre o empres\u00e1rio Jorge Batista da Silva, fundador do Grupo Jorge Batista, aos 94 anos - Portal Not\u00edcia em Pauta","robots":{"index":"index","follow":"follow","max-snippet":"max-snippet:-1","max-image-preview":"max-image-preview:large","max-video-preview":"max-video-preview:-1"},"canonical":"https:\/\/noticiaempauta.com\/portal\/morre-o-empresario-jorge-batista-da-silva-fundador-do-grupo-jorge-batista-aos-94-anos\/","og_locale":"pt_BR","og_type":"article","og_title":"Morre o empres\u00e1rio Jorge Batista da Silva, fundador do Grupo Jorge Batista, aos 94 anos","og_description":"O empres\u00e1rio Jorge Batista da Silva faleceu \u00e0s 02h da madrugada desta sexta-feira, aos 94 anos, ap\u00f3s enfrentar diversos problemas de sa\u00fade. Nascido em Dourados (MS) em 10 de setembro de 1953, Jorge Batista era aposentado, possu\u00eda o ensino superior incompleto e era casado. Fundador do Grupo Jorge Batista, criado na d\u00e9cada de 1950 na [&hellip;]","og_url":"https:\/\/noticiaempauta.com\/portal\/morre-o-empresario-jorge-batista-da-silva-fundador-do-grupo-jorge-batista-aos-94-anos\/","og_site_name":"Portal Not\u00edcia em Pauta","article_publisher":"https:\/\/www.facebook.com\/Portal-Notcia-Em-Pauta-102292869264820\/","article_published_time":"2024-12-27T12:25:14+00:00","article_modified_time":"2024-12-27T12:25:15+00:00","og_image":[{"width":914,"height":600,"url":"https:\/\/noticiaempauta.com\/portal\/wp-content\/uploads\/2024\/12\/morre-o-empresario-jorge-batista-da-silva-fundador-do-grupo-jorge-batista-aos-94-anos-2e0c8b99-7a21-4db9-b00d-2c954e46fffa.jpg.webp","type":"image\/webp"}],"author":"Reda\u00e7\u00e3o","twitter_card":"summary_large_image","twitter_misc":{"Escrito por":"Reda\u00e7\u00e3o","Est. tempo de leitura":"2 minutos"},"schema":{"@context":"https:\/\/schema.org","@graph":[{"@type":"Article","@id":"https:\/\/noticiaempauta.com\/portal\/morre-o-empresario-jorge-batista-da-silva-fundador-do-grupo-jorge-batista-aos-94-anos\/#article","isPartOf":{"@id":"https:\/\/noticiaempauta.com\/portal\/morre-o-empresario-jorge-batista-da-silva-fundador-do-grupo-jorge-batista-aos-94-anos\/"},"author":{"name":"Reda\u00e7\u00e3o","@id":"https:\/\/noticiaempauta.com\/portal\/#\/schema\/person\/a74af43dd1ab3deca45f988c717d57ac"},"headline":"Morre o empres\u00e1rio Jorge Batista da Silva, fundador do Grupo Jorge Batista, aos 94 anos","datePublished":"2024-12-27T12:25:14+00:00","dateModified":"2024-12-27T12:25:15+00:00","mainEntityOfPage":{"@id":"https:\/\/noticiaempauta.com\/portal\/morre-o-empresario-jorge-batista-da-silva-fundador-do-grupo-jorge-batista-aos-94-anos\/"},"wordCount":293,"commentCount":0,"publisher":{"@id":"https:\/\/noticiaempauta.com\/portal\/#organization"},"image":{"@id":"https:\/\/noticiaempauta.com\/portal\/morre-o-empresario-jorge-batista-da-silva-fundador-do-grupo-jorge-batista-aos-94-anos\/#primaryimage"},"thumbnailUrl":"https:\/\/noticiaempauta.com\/portal\/wp-content\/uploads\/2024\/12\/morre-o-empresario-jorge-batista-da-silva-fundador-do-grupo-jorge-batista-aos-94-anos-2e0c8b99-7a21-4db9-b00d-2c954e46fffa.jpg.webp","articleSection":["Destaques","Geral","Todas as Not\u00edcias"],"inLanguage":"pt-BR","potentialAction":[{"@type":"CommentAction","name":"Comment","target":["https:\/\/noticiaempauta.com\/portal\/morre-o-empresario-jorge-batista-da-silva-fundador-do-grupo-jorge-batista-aos-94-anos\/#respond"]}]},{"@type":"WebPage","@id":"https:\/\/noticiaempauta.com\/portal\/morre-o-empresario-jorge-batista-da-silva-fundador-do-grupo-jorge-batista-aos-94-anos\/","url":"https:\/\/noticiaempauta.com\/portal\/morre-o-empresario-jorge-batista-da-silva-fundador-do-grupo-jorge-batista-aos-94-anos\/","name":"Morre o empres\u00e1rio Jorge Batista da Silva, fundador do Grupo Jorge Batista, aos 94 anos - Portal Not\u00edcia em Pauta","isPartOf":{"@id":"https:\/\/noticiaempauta.com\/portal\/#website"},"primaryImageOfPage":{"@id":"https:\/\/noticiaempauta.com\/portal\/morre-o-empresario-jorge-batista-da-silva-fundador-do-grupo-jorge-batista-aos-94-anos\/#primaryimage"},"image":{"@id":"https:\/\/noticiaempauta.com\/portal\/morre-o-empresario-jorge-batista-da-silva-fundador-do-grupo-jorge-batista-aos-94-anos\/#primaryimage"},"thumbnailUrl":"https:\/\/noticiaempauta.com\/portal\/wp-content\/uploads\/2024\/12\/morre-o-empresario-jorge-batista-da-silva-fundador-do-grupo-jorge-batista-aos-94-anos-2e0c8b99-7a21-4db9-b00d-2c954e46fffa.jpg.webp","datePublished":"2024-12-27T12:25:14+00:00","dateModified":"2024-12-27T12:25:15+00:00","breadcrumb":{"@id":"https:\/\/noticiaempauta.com\/portal\/morre-o-empresario-jorge-batista-da-silva-fundador-do-grupo-jorge-batista-aos-94-anos\/#breadcrumb"},"inLanguage":"pt-BR","potentialAction":[{"@type":"ReadAction","target":["https:\/\/noticiaempauta.com\/portal\/morre-o-empresario-jorge-batista-da-silva-fundador-do-grupo-jorge-batista-aos-94-anos\/"]}]},{"@type":"ImageObject","inLanguage":"pt-BR","@id":"https:\/\/noticiaempauta.com\/portal\/morre-o-empresario-jorge-batista-da-silva-fundador-do-grupo-jorge-batista-aos-94-anos\/#primaryimage","url":"https:\/\/noticiaempauta.com\/portal\/wp-content\/uploads\/2024\/12\/morre-o-empresario-jorge-batista-da-silva-fundador-do-grupo-jorge-batista-aos-94-anos-2e0c8b99-7a21-4db9-b00d-2c954e46fffa.jpg.webp","contentUrl":"https:\/\/noticiaempauta.com\/portal\/wp-content\/uploads\/2024\/12\/morre-o-empresario-jorge-batista-da-silva-fundador-do-grupo-jorge-batista-aos-94-anos-2e0c8b99-7a21-4db9-b00d-2c954e46fffa.jpg.webp","width":914,"height":600},{"@type":"BreadcrumbList","@id":"https:\/\/noticiaempauta.com\/portal\/morre-o-empresario-jorge-batista-da-silva-fundador-do-grupo-jorge-batista-aos-94-anos\/#breadcrumb","itemListElement":[{"@type":"ListItem","position":1,"name":"P\u00e1gina Inicial","item":"https:\/\/noticiaempauta.com\/portal\/"},{"@type":"ListItem","position":2,"name":"Destaques","item":"https:\/\/noticiaempauta.com\/portal\/destaques-site\/"},{"@type":"ListItem","position":3,"name":"Morre o empres\u00e1rio Jorge Batista da Silva, fundador do Grupo Jorge Batista, aos 94 anos"}]},{"@type":"WebSite","@id":"https:\/\/noticiaempauta.com\/portal\/#website","url":"https:\/\/noticiaempauta.com\/portal\/","name":"Portal Not\u00edcia em Pauta","description":"Voc\u00ea bem informado","publisher":{"@id":"https:\/\/noticiaempauta.com\/portal\/#organization"},"potentialAction":[{"@type":"SearchAction","target":{"@type":"EntryPoint","urlTemplate":"https:\/\/noticiaempauta.com\/portal\/?s={search_term_string}"},"query-input":{"@type":"PropertyValueSpecification","valueRequired":true,"valueName":"search_term_string"}}],"inLanguage":"pt-BR"},{"@type":"Organization","@id":"https:\/\/noticiaempauta.com\/portal\/#organization","name":"Portal Not\u00edcia em Pauta","url":"https:\/\/noticiaempauta.com\/portal\/","logo":{"@type":"ImageObject","inLanguage":"pt-BR","@id":"https:\/\/noticiaempauta.com\/portal\/#\/schema\/logo\/image\/","url":"https:\/\/noticiaempauta.com\/portal\/wp-content\/uploads\/2022\/08\/logomarca_tema.fw_.png","contentUrl":"https:\/\/noticiaempauta.com\/portal\/wp-content\/uploads\/2022\/08\/logomarca_tema.fw_.png","width":400,"height":232,"caption":"Portal Not\u00edcia em Pauta"},"image":{"@id":"https:\/\/noticiaempauta.com\/portal\/#\/schema\/logo\/image\/"},"sameAs":["https:\/\/www.facebook.com\/Portal-Notcia-Em-Pauta-102292869264820\/","https:\/\/www.instagram.com\/portalnoticiaempauta\/"]},{"@type":"Person","@id":"https:\/\/noticiaempauta.com\/portal\/#\/schema\/person\/a74af43dd1ab3deca45f988c717d57ac","name":"Reda\u00e7\u00e3o","image":{"@type":"ImageObject","inLanguage":"pt-BR","@id":"https:\/\/noticiaempauta.com\/portal\/#\/schema\/person\/image\/","url":"https:\/\/secure.gravatar.com\/avatar\/03179346ecce6cdfc13361603e8f54242a90e5cde8618fa23c5c00aa2b0aadf3?s=96&d=mm&r=g","contentUrl":"https:\/\/secure.gravatar.com\/avatar\/03179346ecce6cdfc13361603e8f54242a90e5cde8618fa23c5c00aa2b0aadf3?s=96&d=mm&r=g","caption":"Reda\u00e7\u00e3o"},"sameAs":["https:\/\/noticiaempauta.com\/portal\/"],"url":"https:\/\/noticiaempauta.com\/portal\/author\/fernando\/"}]}},"_links":{"self":[{"href":"https:\/\/noticiaempauta.com\/portal\/wp-json\/wp\/v2\/posts\/265738","targetHints":{"allow":["GET"]}}],"collection":[{"href":"https:\/\/noticiaempauta.com\/portal\/wp-json\/wp\/v2\/posts"}],"about":[{"href":"https:\/\/noticiaempauta.com\/portal\/wp-json\/wp\/v2\/types\/post"}],"author":[{"embeddable":true,"href":"https:\/\/noticiaempauta.com\/portal\/wp-json\/wp\/v2\/users\/2"}],"replies":[{"embeddable":true,"href":"https:\/\/noticiaempauta.com\/portal\/wp-json\/wp\/v2\/comments?post=265738"}],"version-history":[{"count":1,"href":"https:\/\/noticiaempauta.com\/portal\/wp-json\/wp\/v2\/posts\/265738\/revisions"}],"predecessor-version":[{"id":265740,"href":"https:\/\/noticiaempauta.com\/portal\/wp-json\/wp\/v2\/posts\/265738\/revisions\/265740"}],"wp:featuredmedia":[{"embeddable":true,"href":"https:\/\/noticiaempauta.com\/portal\/wp-json\/wp\/v2\/media\/265739"}],"wp:attachment":[{"href":"https:\/\/noticiaempauta.com\/portal\/wp-json\/wp\/v2\/media?parent=265738"}],"wp:term":[{"taxonomy":"category","embeddable":true,"href":"https:\/\/noticiaempauta.com\/portal\/wp-json\/wp\/v2\/categories?post=265738"},{"taxonomy":"post_tag","embeddable":true,"href":"https:\/\/noticiaempauta.com\/portal\/wp-json\/wp\/v2\/tags?post=265738"}],"curies":[{"name":"wp","href":"https:\/\/api.w.org\/{rel}","templated":true}]}}