{"id":265773,"date":"2024-12-27T18:00:10","date_gmt":"2024-12-27T21:00:10","guid":{"rendered":"https:\/\/noticiaempauta.com\/portal\/?p=265773"},"modified":"2024-12-27T18:00:11","modified_gmt":"2024-12-27T21:00:11","slug":"prefeitura-de-sao-luis-do-piaui-e-alvo-da-procuradoria-do-trabalho","status":"publish","type":"post","link":"https:\/\/noticiaempauta.com\/portal\/prefeitura-de-sao-luis-do-piaui-e-alvo-da-procuradoria-do-trabalho\/","title":{"rendered":"Prefeitura de S\u00e3o Lu\u00eds do Piau\u00ed \u00e9 alvo da Procuradoria do Trabalho"},"content":{"rendered":"\n<p>A Procuradoria do Trabalho de Picos instaurou inqu\u00e9rito civil em face do munic\u00edpio de S\u00e3o Lu\u00eds do Piau\u00ed, que tem Kelsimar Abreu como prefeita, para apurar supostas irregularidades em rela\u00e7\u00e3o \u00e0 coleta e processamento de res\u00edduos s\u00f3lidos. O procurador Igor Oliveira Costa assinou a portaria, publicada no dia 19 de dezembro deste ano no site oficial do \u00f3rg\u00e3o.<\/p>\n\n\n\n<figure class=\"wp-block-image size-full\"><img fetchpriority=\"high\" decoding=\"async\" width=\"528\" height=\"442\" src=\"https:\/\/noticiaempauta.com\/portal\/wp-content\/uploads\/2024\/12\/prefeita-de-sao-luis-do-piaui-kelsimar-abreu_3yaDUBa.jpg.1200x0_q85_crop-top.webp\" alt=\"\" class=\"wp-image-265774\" srcset=\"https:\/\/noticiaempauta.com\/portal\/wp-content\/uploads\/2024\/12\/prefeita-de-sao-luis-do-piaui-kelsimar-abreu_3yaDUBa.jpg.1200x0_q85_crop-top.webp 528w, https:\/\/noticiaempauta.com\/portal\/wp-content\/uploads\/2024\/12\/prefeita-de-sao-luis-do-piaui-kelsimar-abreu_3yaDUBa.jpg.1200x0_q85_crop-top-300x251.webp 300w\" sizes=\"(max-width: 528px) 100vw, 528px\" \/><figcaption class=\"wp-element-caption\"><em>Atual prefeita, Kelsimar Abreu (Foto: Reprodu\u00e7\u00e3o)<\/em><\/figcaption><\/figure>\n\n\n\n<p>De acordo com a procuradoria, a den\u00fancia \u00e9 referente \u00e0s condi\u00e7\u00f5es sanit\u00e1rias e de conforto nos locais de trabalho, principalmente em rela\u00e7\u00e3o \u00e0 insalubridade.<\/p>\n\n\n\n<p>O procurador destacou que o inqu\u00e9rito vai apurar ind\u00edcios de irregularidades&nbsp;no ve\u00edculo coletor-compactador, que seria inadequado e est\u00e1 em mau estado de conserva\u00e7\u00e3o.<\/p>\n\n\n\n<p>Ainda segundo a procuradoria, a investiga\u00e7\u00e3o tamb\u00e9m vai apurar quest\u00f5es referentes ao Programa de Controle M\u00e9dico de Sa\u00fade Ocupacional, um procedimento previsto na Consolida\u00e7\u00e3o das Leis do Trabalho (CLT) que tem o objetivo de garantir a sa\u00fade ocupacional dos trabalhadores.<\/p>\n\n\n\n<p><strong>Outro lado<\/strong><\/p>\n\n\n\n<p>O espa\u00e7o segue aberto para maiores esclarecimentos.<\/p>\n\n\n\n<p>Fonte: ViaAgora<\/p>\n","protected":false},"excerpt":{"rendered":"<p>A Procuradoria do Trabalho de Picos instaurou inqu\u00e9rito civil em face do munic\u00edpio de S\u00e3o Lu\u00eds do Piau\u00ed, que tem Kelsimar Abreu como prefeita, para apurar supostas irregularidades em rela\u00e7\u00e3o \u00e0 coleta e processamento de res\u00edduos s\u00f3lidos. O procurador Igor Oliveira Costa assinou a portaria, publicada no dia 19 de dezembro deste ano no site [&hellip;]<\/p>\n","protected":false},"author":2,"featured_media":265775,"comment_status":"open","ping_status":"open","sticky":false,"template":"","format":"standard","meta":{"_mi_skip_tracking":false,"footnotes":""},"categories":[1,9,16],"tags":[],"class_list":["post-265773","post","type-post","status-publish","format-standard","has-post-thumbnail","hentry","category-geral","category-municipios","category-todas"],"acf":[],"yoast_head":"<!-- This site is optimized with the Yoast SEO Premium plugin v19.2 (Yoast SEO v26.9) - https:\/\/yoast.com\/product\/yoast-seo-premium-wordpress\/ -->\n<title>Prefeitura de S\u00e3o Lu\u00eds do Piau\u00ed \u00e9 alvo da Procuradoria do Trabalho - Portal Not\u00edcia em Pauta<\/title>\n<meta name=\"robots\" content=\"index, follow, max-snippet:-1, max-image-preview:large, max-video-preview:-1\" \/>\n<link rel=\"canonical\" href=\"https:\/\/noticiaempauta.com\/portal\/prefeitura-de-sao-luis-do-piaui-e-alvo-da-procuradoria-do-trabalho\/\" \/>\n<meta property=\"og:locale\" content=\"pt_BR\" \/>\n<meta property=\"og:type\" content=\"article\" \/>\n<meta property=\"og:title\" content=\"Prefeitura de S\u00e3o Lu\u00eds do Piau\u00ed \u00e9 alvo da Procuradoria do Trabalho\" \/>\n<meta property=\"og:description\" content=\"A Procuradoria do Trabalho de Picos instaurou inqu\u00e9rito civil em face do munic\u00edpio de S\u00e3o Lu\u00eds do Piau\u00ed, que tem Kelsimar Abreu como prefeita, para apurar supostas irregularidades em rela\u00e7\u00e3o \u00e0 coleta e processamento de res\u00edduos s\u00f3lidos. O procurador Igor Oliveira Costa assinou a portaria, publicada no dia 19 de dezembro deste ano no site [&hellip;]\" \/>\n<meta property=\"og:url\" content=\"https:\/\/noticiaempauta.com\/portal\/prefeitura-de-sao-luis-do-piaui-e-alvo-da-procuradoria-do-trabalho\/\" \/>\n<meta property=\"og:site_name\" content=\"Portal Not\u00edcia em Pauta\" \/>\n<meta property=\"article:publisher\" content=\"https:\/\/www.facebook.com\/Portal-Notcia-Em-Pauta-102292869264820\/\" \/>\n<meta property=\"article:published_time\" content=\"2024-12-27T21:00:10+00:00\" \/>\n<meta property=\"article:modified_time\" content=\"2024-12-27T21:00:11+00:00\" \/>\n<meta property=\"og:image\" content=\"https:\/\/noticiaempauta.com\/portal\/wp-content\/uploads\/2024\/12\/Sao-Luis-do-Piaui-Foto-Glaubert-Damasceno-Canabrava-News-1.jpg\" \/>\n\t<meta property=\"og:image:width\" content=\"1024\" \/>\n\t<meta property=\"og:image:height\" content=\"576\" \/>\n\t<meta property=\"og:image:type\" content=\"image\/jpeg\" \/>\n<meta name=\"author\" content=\"Reda\u00e7\u00e3o\" \/>\n<meta name=\"twitter:card\" content=\"summary_large_image\" \/>\n<meta name=\"twitter:label1\" content=\"Escrito por\" \/>\n\t<meta name=\"twitter:data1\" content=\"Reda\u00e7\u00e3o\" \/>\n\t<meta name=\"twitter:label2\" content=\"Est. tempo de leitura\" \/>\n\t<meta name=\"twitter:data2\" content=\"2 minutos\" \/>\n<script type=\"application\/ld+json\" class=\"yoast-schema-graph\">{\"@context\":\"https:\/\/schema.org\",\"@graph\":[{\"@type\":\"Article\",\"@id\":\"https:\/\/noticiaempauta.com\/portal\/prefeitura-de-sao-luis-do-piaui-e-alvo-da-procuradoria-do-trabalho\/#article\",\"isPartOf\":{\"@id\":\"https:\/\/noticiaempauta.com\/portal\/prefeitura-de-sao-luis-do-piaui-e-alvo-da-procuradoria-do-trabalho\/\"},\"author\":{\"name\":\"Reda\u00e7\u00e3o\",\"@id\":\"https:\/\/noticiaempauta.com\/portal\/#\/schema\/person\/a74af43dd1ab3deca45f988c717d57ac\"},\"headline\":\"Prefeitura de S\u00e3o Lu\u00eds do Piau\u00ed \u00e9 alvo da Procuradoria do Trabalho\",\"datePublished\":\"2024-12-27T21:00:10+00:00\",\"dateModified\":\"2024-12-27T21:00:11+00:00\",\"mainEntityOfPage\":{\"@id\":\"https:\/\/noticiaempauta.com\/portal\/prefeitura-de-sao-luis-do-piaui-e-alvo-da-procuradoria-do-trabalho\/\"},\"wordCount\":198,\"commentCount\":0,\"publisher\":{\"@id\":\"https:\/\/noticiaempauta.com\/portal\/#organization\"},\"image\":{\"@id\":\"https:\/\/noticiaempauta.com\/portal\/prefeitura-de-sao-luis-do-piaui-e-alvo-da-procuradoria-do-trabalho\/#primaryimage\"},\"thumbnailUrl\":\"https:\/\/noticiaempauta.com\/portal\/wp-content\/uploads\/2024\/12\/Sao-Luis-do-Piaui-Foto-Glaubert-Damasceno-Canabrava-News-1.jpg\",\"articleSection\":[\"Geral\",\"Munic\u00edpios\",\"Todas as Not\u00edcias\"],\"inLanguage\":\"pt-BR\",\"potentialAction\":[{\"@type\":\"CommentAction\",\"name\":\"Comment\",\"target\":[\"https:\/\/noticiaempauta.com\/portal\/prefeitura-de-sao-luis-do-piaui-e-alvo-da-procuradoria-do-trabalho\/#respond\"]}]},{\"@type\":\"WebPage\",\"@id\":\"https:\/\/noticiaempauta.com\/portal\/prefeitura-de-sao-luis-do-piaui-e-alvo-da-procuradoria-do-trabalho\/\",\"url\":\"https:\/\/noticiaempauta.com\/portal\/prefeitura-de-sao-luis-do-piaui-e-alvo-da-procuradoria-do-trabalho\/\",\"name\":\"Prefeitura de S\u00e3o Lu\u00eds do Piau\u00ed \u00e9 alvo da Procuradoria do Trabalho - Portal Not\u00edcia em Pauta\",\"isPartOf\":{\"@id\":\"https:\/\/noticiaempauta.com\/portal\/#website\"},\"primaryImageOfPage\":{\"@id\":\"https:\/\/noticiaempauta.com\/portal\/prefeitura-de-sao-luis-do-piaui-e-alvo-da-procuradoria-do-trabalho\/#primaryimage\"},\"image\":{\"@id\":\"https:\/\/noticiaempauta.com\/portal\/prefeitura-de-sao-luis-do-piaui-e-alvo-da-procuradoria-do-trabalho\/#primaryimage\"},\"thumbnailUrl\":\"https:\/\/noticiaempauta.com\/portal\/wp-content\/uploads\/2024\/12\/Sao-Luis-do-Piaui-Foto-Glaubert-Damasceno-Canabrava-News-1.jpg\",\"datePublished\":\"2024-12-27T21:00:10+00:00\",\"dateModified\":\"2024-12-27T21:00:11+00:00\",\"breadcrumb\":{\"@id\":\"https:\/\/noticiaempauta.com\/portal\/prefeitura-de-sao-luis-do-piaui-e-alvo-da-procuradoria-do-trabalho\/#breadcrumb\"},\"inLanguage\":\"pt-BR\",\"potentialAction\":[{\"@type\":\"ReadAction\",\"target\":[\"https:\/\/noticiaempauta.com\/portal\/prefeitura-de-sao-luis-do-piaui-e-alvo-da-procuradoria-do-trabalho\/\"]}]},{\"@type\":\"ImageObject\",\"inLanguage\":\"pt-BR\",\"@id\":\"https:\/\/noticiaempauta.com\/portal\/prefeitura-de-sao-luis-do-piaui-e-alvo-da-procuradoria-do-trabalho\/#primaryimage\",\"url\":\"https:\/\/noticiaempauta.com\/portal\/wp-content\/uploads\/2024\/12\/Sao-Luis-do-Piaui-Foto-Glaubert-Damasceno-Canabrava-News-1.jpg\",\"contentUrl\":\"https:\/\/noticiaempauta.com\/portal\/wp-content\/uploads\/2024\/12\/Sao-Luis-do-Piaui-Foto-Glaubert-Damasceno-Canabrava-News-1.jpg\",\"width\":1024,\"height\":576,\"caption\":\"Foto: Reprodu\u00e7\u00e3o\/CanabravaNews)\"},{\"@type\":\"BreadcrumbList\",\"@id\":\"https:\/\/noticiaempauta.com\/portal\/prefeitura-de-sao-luis-do-piaui-e-alvo-da-procuradoria-do-trabalho\/#breadcrumb\",\"itemListElement\":[{\"@type\":\"ListItem\",\"position\":1,\"name\":\"P\u00e1gina Inicial\",\"item\":\"https:\/\/noticiaempauta.com\/portal\/\"},{\"@type\":\"ListItem\",\"position\":2,\"name\":\"Geral\",\"item\":\"https:\/\/noticiaempauta.com\/portal\/geral\/\"},{\"@type\":\"ListItem\",\"position\":3,\"name\":\"Prefeitura de S\u00e3o Lu\u00eds do Piau\u00ed \u00e9 alvo da Procuradoria do Trabalho\"}]},{\"@type\":\"WebSite\",\"@id\":\"https:\/\/noticiaempauta.com\/portal\/#website\",\"url\":\"https:\/\/noticiaempauta.com\/portal\/\",\"name\":\"Portal Not\u00edcia em Pauta\",\"description\":\"Voc\u00ea bem informado\",\"publisher\":{\"@id\":\"https:\/\/noticiaempauta.com\/portal\/#organization\"},\"potentialAction\":[{\"@type\":\"SearchAction\",\"target\":{\"@type\":\"EntryPoint\",\"urlTemplate\":\"https:\/\/noticiaempauta.com\/portal\/?s={search_term_string}\"},\"query-input\":{\"@type\":\"PropertyValueSpecification\",\"valueRequired\":true,\"valueName\":\"search_term_string\"}}],\"inLanguage\":\"pt-BR\"},{\"@type\":\"Organization\",\"@id\":\"https:\/\/noticiaempauta.com\/portal\/#organization\",\"name\":\"Portal Not\u00edcia em Pauta\",\"url\":\"https:\/\/noticiaempauta.com\/portal\/\",\"logo\":{\"@type\":\"ImageObject\",\"inLanguage\":\"pt-BR\",\"@id\":\"https:\/\/noticiaempauta.com\/portal\/#\/schema\/logo\/image\/\",\"url\":\"https:\/\/noticiaempauta.com\/portal\/wp-content\/uploads\/2022\/08\/logomarca_tema.fw_.png\",\"contentUrl\":\"https:\/\/noticiaempauta.com\/portal\/wp-content\/uploads\/2022\/08\/logomarca_tema.fw_.png\",\"width\":400,\"height\":232,\"caption\":\"Portal Not\u00edcia em Pauta\"},\"image\":{\"@id\":\"https:\/\/noticiaempauta.com\/portal\/#\/schema\/logo\/image\/\"},\"sameAs\":[\"https:\/\/www.facebook.com\/Portal-Notcia-Em-Pauta-102292869264820\/\",\"https:\/\/www.instagram.com\/portalnoticiaempauta\/\"]},{\"@type\":\"Person\",\"@id\":\"https:\/\/noticiaempauta.com\/portal\/#\/schema\/person\/a74af43dd1ab3deca45f988c717d57ac\",\"name\":\"Reda\u00e7\u00e3o\",\"image\":{\"@type\":\"ImageObject\",\"inLanguage\":\"pt-BR\",\"@id\":\"https:\/\/noticiaempauta.com\/portal\/#\/schema\/person\/image\/\",\"url\":\"https:\/\/secure.gravatar.com\/avatar\/03179346ecce6cdfc13361603e8f54242a90e5cde8618fa23c5c00aa2b0aadf3?s=96&d=mm&r=g\",\"contentUrl\":\"https:\/\/secure.gravatar.com\/avatar\/03179346ecce6cdfc13361603e8f54242a90e5cde8618fa23c5c00aa2b0aadf3?s=96&d=mm&r=g\",\"caption\":\"Reda\u00e7\u00e3o\"},\"sameAs\":[\"https:\/\/noticiaempauta.com\/portal\/\"],\"url\":\"https:\/\/noticiaempauta.com\/portal\/author\/fernando\/\"}]}<\/script>\n<!-- \/ Yoast SEO Premium plugin. -->","yoast_head_json":{"title":"Prefeitura de S\u00e3o Lu\u00eds do Piau\u00ed \u00e9 alvo da Procuradoria do Trabalho - Portal Not\u00edcia em Pauta","robots":{"index":"index","follow":"follow","max-snippet":"max-snippet:-1","max-image-preview":"max-image-preview:large","max-video-preview":"max-video-preview:-1"},"canonical":"https:\/\/noticiaempauta.com\/portal\/prefeitura-de-sao-luis-do-piaui-e-alvo-da-procuradoria-do-trabalho\/","og_locale":"pt_BR","og_type":"article","og_title":"Prefeitura de S\u00e3o Lu\u00eds do Piau\u00ed \u00e9 alvo da Procuradoria do Trabalho","og_description":"A Procuradoria do Trabalho de Picos instaurou inqu\u00e9rito civil em face do munic\u00edpio de S\u00e3o Lu\u00eds do Piau\u00ed, que tem Kelsimar Abreu como prefeita, para apurar supostas irregularidades em rela\u00e7\u00e3o \u00e0 coleta e processamento de res\u00edduos s\u00f3lidos. O procurador Igor Oliveira Costa assinou a portaria, publicada no dia 19 de dezembro deste ano no site [&hellip;]","og_url":"https:\/\/noticiaempauta.com\/portal\/prefeitura-de-sao-luis-do-piaui-e-alvo-da-procuradoria-do-trabalho\/","og_site_name":"Portal Not\u00edcia em Pauta","article_publisher":"https:\/\/www.facebook.com\/Portal-Notcia-Em-Pauta-102292869264820\/","article_published_time":"2024-12-27T21:00:10+00:00","article_modified_time":"2024-12-27T21:00:11+00:00","og_image":[{"width":1024,"height":576,"url":"https:\/\/noticiaempauta.com\/portal\/wp-content\/uploads\/2024\/12\/Sao-Luis-do-Piaui-Foto-Glaubert-Damasceno-Canabrava-News-1.jpg","type":"image\/jpeg"}],"author":"Reda\u00e7\u00e3o","twitter_card":"summary_large_image","twitter_misc":{"Escrito por":"Reda\u00e7\u00e3o","Est. tempo de leitura":"2 minutos"},"schema":{"@context":"https:\/\/schema.org","@graph":[{"@type":"Article","@id":"https:\/\/noticiaempauta.com\/portal\/prefeitura-de-sao-luis-do-piaui-e-alvo-da-procuradoria-do-trabalho\/#article","isPartOf":{"@id":"https:\/\/noticiaempauta.com\/portal\/prefeitura-de-sao-luis-do-piaui-e-alvo-da-procuradoria-do-trabalho\/"},"author":{"name":"Reda\u00e7\u00e3o","@id":"https:\/\/noticiaempauta.com\/portal\/#\/schema\/person\/a74af43dd1ab3deca45f988c717d57ac"},"headline":"Prefeitura de S\u00e3o Lu\u00eds do Piau\u00ed \u00e9 alvo da Procuradoria do Trabalho","datePublished":"2024-12-27T21:00:10+00:00","dateModified":"2024-12-27T21:00:11+00:00","mainEntityOfPage":{"@id":"https:\/\/noticiaempauta.com\/portal\/prefeitura-de-sao-luis-do-piaui-e-alvo-da-procuradoria-do-trabalho\/"},"wordCount":198,"commentCount":0,"publisher":{"@id":"https:\/\/noticiaempauta.com\/portal\/#organization"},"image":{"@id":"https:\/\/noticiaempauta.com\/portal\/prefeitura-de-sao-luis-do-piaui-e-alvo-da-procuradoria-do-trabalho\/#primaryimage"},"thumbnailUrl":"https:\/\/noticiaempauta.com\/portal\/wp-content\/uploads\/2024\/12\/Sao-Luis-do-Piaui-Foto-Glaubert-Damasceno-Canabrava-News-1.jpg","articleSection":["Geral","Munic\u00edpios","Todas as Not\u00edcias"],"inLanguage":"pt-BR","potentialAction":[{"@type":"CommentAction","name":"Comment","target":["https:\/\/noticiaempauta.com\/portal\/prefeitura-de-sao-luis-do-piaui-e-alvo-da-procuradoria-do-trabalho\/#respond"]}]},{"@type":"WebPage","@id":"https:\/\/noticiaempauta.com\/portal\/prefeitura-de-sao-luis-do-piaui-e-alvo-da-procuradoria-do-trabalho\/","url":"https:\/\/noticiaempauta.com\/portal\/prefeitura-de-sao-luis-do-piaui-e-alvo-da-procuradoria-do-trabalho\/","name":"Prefeitura de S\u00e3o Lu\u00eds do Piau\u00ed \u00e9 alvo da Procuradoria do Trabalho - Portal Not\u00edcia em Pauta","isPartOf":{"@id":"https:\/\/noticiaempauta.com\/portal\/#website"},"primaryImageOfPage":{"@id":"https:\/\/noticiaempauta.com\/portal\/prefeitura-de-sao-luis-do-piaui-e-alvo-da-procuradoria-do-trabalho\/#primaryimage"},"image":{"@id":"https:\/\/noticiaempauta.com\/portal\/prefeitura-de-sao-luis-do-piaui-e-alvo-da-procuradoria-do-trabalho\/#primaryimage"},"thumbnailUrl":"https:\/\/noticiaempauta.com\/portal\/wp-content\/uploads\/2024\/12\/Sao-Luis-do-Piaui-Foto-Glaubert-Damasceno-Canabrava-News-1.jpg","datePublished":"2024-12-27T21:00:10+00:00","dateModified":"2024-12-27T21:00:11+00:00","breadcrumb":{"@id":"https:\/\/noticiaempauta.com\/portal\/prefeitura-de-sao-luis-do-piaui-e-alvo-da-procuradoria-do-trabalho\/#breadcrumb"},"inLanguage":"pt-BR","potentialAction":[{"@type":"ReadAction","target":["https:\/\/noticiaempauta.com\/portal\/prefeitura-de-sao-luis-do-piaui-e-alvo-da-procuradoria-do-trabalho\/"]}]},{"@type":"ImageObject","inLanguage":"pt-BR","@id":"https:\/\/noticiaempauta.com\/portal\/prefeitura-de-sao-luis-do-piaui-e-alvo-da-procuradoria-do-trabalho\/#primaryimage","url":"https:\/\/noticiaempauta.com\/portal\/wp-content\/uploads\/2024\/12\/Sao-Luis-do-Piaui-Foto-Glaubert-Damasceno-Canabrava-News-1.jpg","contentUrl":"https:\/\/noticiaempauta.com\/portal\/wp-content\/uploads\/2024\/12\/Sao-Luis-do-Piaui-Foto-Glaubert-Damasceno-Canabrava-News-1.jpg","width":1024,"height":576,"caption":"Foto: Reprodu\u00e7\u00e3o\/CanabravaNews)"},{"@type":"BreadcrumbList","@id":"https:\/\/noticiaempauta.com\/portal\/prefeitura-de-sao-luis-do-piaui-e-alvo-da-procuradoria-do-trabalho\/#breadcrumb","itemListElement":[{"@type":"ListItem","position":1,"name":"P\u00e1gina Inicial","item":"https:\/\/noticiaempauta.com\/portal\/"},{"@type":"ListItem","position":2,"name":"Geral","item":"https:\/\/noticiaempauta.com\/portal\/geral\/"},{"@type":"ListItem","position":3,"name":"Prefeitura de S\u00e3o Lu\u00eds do Piau\u00ed \u00e9 alvo da Procuradoria do Trabalho"}]},{"@type":"WebSite","@id":"https:\/\/noticiaempauta.com\/portal\/#website","url":"https:\/\/noticiaempauta.com\/portal\/","name":"Portal Not\u00edcia em Pauta","description":"Voc\u00ea bem informado","publisher":{"@id":"https:\/\/noticiaempauta.com\/portal\/#organization"},"potentialAction":[{"@type":"SearchAction","target":{"@type":"EntryPoint","urlTemplate":"https:\/\/noticiaempauta.com\/portal\/?s={search_term_string}"},"query-input":{"@type":"PropertyValueSpecification","valueRequired":true,"valueName":"search_term_string"}}],"inLanguage":"pt-BR"},{"@type":"Organization","@id":"https:\/\/noticiaempauta.com\/portal\/#organization","name":"Portal Not\u00edcia em Pauta","url":"https:\/\/noticiaempauta.com\/portal\/","logo":{"@type":"ImageObject","inLanguage":"pt-BR","@id":"https:\/\/noticiaempauta.com\/portal\/#\/schema\/logo\/image\/","url":"https:\/\/noticiaempauta.com\/portal\/wp-content\/uploads\/2022\/08\/logomarca_tema.fw_.png","contentUrl":"https:\/\/noticiaempauta.com\/portal\/wp-content\/uploads\/2022\/08\/logomarca_tema.fw_.png","width":400,"height":232,"caption":"Portal Not\u00edcia em Pauta"},"image":{"@id":"https:\/\/noticiaempauta.com\/portal\/#\/schema\/logo\/image\/"},"sameAs":["https:\/\/www.facebook.com\/Portal-Notcia-Em-Pauta-102292869264820\/","https:\/\/www.instagram.com\/portalnoticiaempauta\/"]},{"@type":"Person","@id":"https:\/\/noticiaempauta.com\/portal\/#\/schema\/person\/a74af43dd1ab3deca45f988c717d57ac","name":"Reda\u00e7\u00e3o","image":{"@type":"ImageObject","inLanguage":"pt-BR","@id":"https:\/\/noticiaempauta.com\/portal\/#\/schema\/person\/image\/","url":"https:\/\/secure.gravatar.com\/avatar\/03179346ecce6cdfc13361603e8f54242a90e5cde8618fa23c5c00aa2b0aadf3?s=96&d=mm&r=g","contentUrl":"https:\/\/secure.gravatar.com\/avatar\/03179346ecce6cdfc13361603e8f54242a90e5cde8618fa23c5c00aa2b0aadf3?s=96&d=mm&r=g","caption":"Reda\u00e7\u00e3o"},"sameAs":["https:\/\/noticiaempauta.com\/portal\/"],"url":"https:\/\/noticiaempauta.com\/portal\/author\/fernando\/"}]}},"_links":{"self":[{"href":"https:\/\/noticiaempauta.com\/portal\/wp-json\/wp\/v2\/posts\/265773","targetHints":{"allow":["GET"]}}],"collection":[{"href":"https:\/\/noticiaempauta.com\/portal\/wp-json\/wp\/v2\/posts"}],"about":[{"href":"https:\/\/noticiaempauta.com\/portal\/wp-json\/wp\/v2\/types\/post"}],"author":[{"embeddable":true,"href":"https:\/\/noticiaempauta.com\/portal\/wp-json\/wp\/v2\/users\/2"}],"replies":[{"embeddable":true,"href":"https:\/\/noticiaempauta.com\/portal\/wp-json\/wp\/v2\/comments?post=265773"}],"version-history":[{"count":1,"href":"https:\/\/noticiaempauta.com\/portal\/wp-json\/wp\/v2\/posts\/265773\/revisions"}],"predecessor-version":[{"id":265776,"href":"https:\/\/noticiaempauta.com\/portal\/wp-json\/wp\/v2\/posts\/265773\/revisions\/265776"}],"wp:featuredmedia":[{"embeddable":true,"href":"https:\/\/noticiaempauta.com\/portal\/wp-json\/wp\/v2\/media\/265775"}],"wp:attachment":[{"href":"https:\/\/noticiaempauta.com\/portal\/wp-json\/wp\/v2\/media?parent=265773"}],"wp:term":[{"taxonomy":"category","embeddable":true,"href":"https:\/\/noticiaempauta.com\/portal\/wp-json\/wp\/v2\/categories?post=265773"},{"taxonomy":"post_tag","embeddable":true,"href":"https:\/\/noticiaempauta.com\/portal\/wp-json\/wp\/v2\/tags?post=265773"}],"curies":[{"name":"wp","href":"https:\/\/api.w.org\/{rel}","templated":true}]}}