{"id":265808,"date":"2024-12-30T08:28:38","date_gmt":"2024-12-30T11:28:38","guid":{"rendered":"https:\/\/noticiaempauta.com\/portal\/?p=265808"},"modified":"2024-12-30T08:28:39","modified_gmt":"2024-12-30T11:28:39","slug":"governo-do-estado-envia-forca-tarefa-para-picos-apos-forte-chuva-atingir-municipio","status":"publish","type":"post","link":"https:\/\/noticiaempauta.com\/portal\/governo-do-estado-envia-forca-tarefa-para-picos-apos-forte-chuva-atingir-municipio\/","title":{"rendered":"Governo do Estado envia for\u00e7a-tarefa para Picos ap\u00f3s forte chuva atingir munic\u00edpio"},"content":{"rendered":"\n<p>24 horas ap\u00f3s uma forte chuva que atingiu a cidade de Picos, o Governo do Piau\u00ed anunciou na manh\u00e3 desta segunda (30) o envio de equipes de engenharia e assist\u00eancia social da secretaria de defesa civil para prestar assist\u00eancia a popula\u00e7\u00e3o afetada pelo alto volume de chuvas afetou o munic\u00edpio.<\/p>\n\n\n\n<figure class=\"wp-block-image size-large\"><img fetchpriority=\"high\" decoding=\"async\" width=\"1024\" height=\"713\" src=\"https:\/\/noticiaempauta.com\/portal\/wp-content\/uploads\/2024\/12\/0bb4d68bc783b37411509a03362a3ac3-1024x713.jpeg\" alt=\"\" class=\"wp-image-265809\" srcset=\"https:\/\/noticiaempauta.com\/portal\/wp-content\/uploads\/2024\/12\/0bb4d68bc783b37411509a03362a3ac3-1024x713.jpeg 1024w, https:\/\/noticiaempauta.com\/portal\/wp-content\/uploads\/2024\/12\/0bb4d68bc783b37411509a03362a3ac3-300x209.jpeg 300w, https:\/\/noticiaempauta.com\/portal\/wp-content\/uploads\/2024\/12\/0bb4d68bc783b37411509a03362a3ac3-768x535.jpeg 768w, https:\/\/noticiaempauta.com\/portal\/wp-content\/uploads\/2024\/12\/0bb4d68bc783b37411509a03362a3ac3-1536x1070.jpeg 1536w, https:\/\/noticiaempauta.com\/portal\/wp-content\/uploads\/2024\/12\/0bb4d68bc783b37411509a03362a3ac3.jpeg 1599w\" sizes=\"(max-width: 1024px) 100vw, 1024px\" \/><figcaption class=\"wp-element-caption\"><em>(Reprodu\u00e7\u00e3o)<\/em><\/figcaption><\/figure>\n\n\n\n<p>Na madrugada do \u00faltimo domingo (29) uma grande chuva de 165 mil\u00edmetros deixou bairros alagados e pessoas precisaram sair de casa devido ao alto n\u00edvel da \u00e1gua. De acordo com dados da Secretaria de Meio Ambiente e Recursos H\u00eddricos do Estado do Piau\u00ed, choveu quase o dobro previsto para todo o m\u00eas de dezembro, que era de 84,8 mil\u00edmetros.<\/p>\n\n\n\n<p>O diretor de preven\u00e7\u00e3o da Defesa Civil, Werton Costa, confirmou o envio da for\u00e7a-tarefa e lamentou o grave quadro encontrado.<\/p>\n\n\n\n<blockquote class=\"wp-block-quote is-layout-flow wp-block-quote-is-layout-flow\">\n<p>\u201cA gente tem \u00e9 que agradecer que n\u00e3o tivemos perdas de vidas importantes para a sociedade picoense. Mudamos o alerta interno da defesa civil, est\u00e1vamos no estado de observa\u00e7\u00e3o, elevamos o risco por que Picos est\u00e1 vulnerabilizada, a pr\u00f3xima chuva que cair em Picos vai dar problemas, os morros esfarelam com facilidade e n\u00f3s deslocamos a melhor equipe de engenharia que a gente tem e estamos encaminhando nossa equipe de servi\u00e7o social\u201d, afirmou.<\/p>\n<\/blockquote>\n\n\n\n<p>Werton Costa destacou ainda que o alto volume de chuvas foi um fen\u00f4meno at\u00edpico.<\/p>\n\n\n\n<p>\u201cVoc\u00ea teve 130 mil\u00edmetros na \u00e1rea urbana e 165 mil\u00edmetros na \u00e1rea rural de Picos. Duas esta\u00e7\u00f5es mediram volumes extraordin\u00e1rios de chuvas e em um intervalo de 02h30. Foi um temporal severo, de alt\u00edssimo risco, qualquer cidade do Piau\u00ed teria problemas, at\u00e9 as cidades pequenas que n\u00e3o est\u00e3o impermeabilizadas, todas alagariam, imagine Picos que possui uma geografia especial\u201d, finalizou.<\/p>\n\n\n\n<p>Cidade Verde<\/p>\n","protected":false},"excerpt":{"rendered":"<p>24 horas ap\u00f3s uma forte chuva que atingiu a cidade de Picos, o Governo do Piau\u00ed anunciou na manh\u00e3 desta segunda (30) o envio de equipes de engenharia e assist\u00eancia social da secretaria de defesa civil para prestar assist\u00eancia a popula\u00e7\u00e3o afetada pelo alto volume de chuvas afetou o munic\u00edpio. Na madrugada do \u00faltimo domingo [&hellip;]<\/p>\n","protected":false},"author":2,"featured_media":265809,"comment_status":"open","ping_status":"open","sticky":false,"template":"","format":"standard","meta":{"_mi_skip_tracking":false,"footnotes":""},"categories":[25,1,16],"tags":[192],"class_list":["post-265808","post","type-post","status-publish","format-standard","has-post-thumbnail","hentry","category-destaques-site","category-geral","category-todas","tag-destaqueprincipal"],"acf":[],"yoast_head":"<!-- This site is optimized with the Yoast SEO Premium plugin v19.2 (Yoast SEO v26.9) - https:\/\/yoast.com\/product\/yoast-seo-premium-wordpress\/ -->\n<title>Governo do Estado envia for\u00e7a-tarefa para Picos ap\u00f3s forte chuva atingir munic\u00edpio - Portal Not\u00edcia em Pauta<\/title>\n<meta name=\"robots\" content=\"index, follow, max-snippet:-1, max-image-preview:large, max-video-preview:-1\" \/>\n<link rel=\"canonical\" href=\"https:\/\/noticiaempauta.com\/portal\/governo-do-estado-envia-forca-tarefa-para-picos-apos-forte-chuva-atingir-municipio\/\" \/>\n<meta property=\"og:locale\" content=\"pt_BR\" \/>\n<meta property=\"og:type\" content=\"article\" \/>\n<meta property=\"og:title\" content=\"Governo do Estado envia for\u00e7a-tarefa para Picos ap\u00f3s forte chuva atingir munic\u00edpio\" \/>\n<meta property=\"og:description\" content=\"24 horas ap\u00f3s uma forte chuva que atingiu a cidade de Picos, o Governo do Piau\u00ed anunciou na manh\u00e3 desta segunda (30) o envio de equipes de engenharia e assist\u00eancia social da secretaria de defesa civil para prestar assist\u00eancia a popula\u00e7\u00e3o afetada pelo alto volume de chuvas afetou o munic\u00edpio. Na madrugada do \u00faltimo domingo [&hellip;]\" \/>\n<meta property=\"og:url\" content=\"https:\/\/noticiaempauta.com\/portal\/governo-do-estado-envia-forca-tarefa-para-picos-apos-forte-chuva-atingir-municipio\/\" \/>\n<meta property=\"og:site_name\" content=\"Portal Not\u00edcia em Pauta\" \/>\n<meta property=\"article:publisher\" content=\"https:\/\/www.facebook.com\/Portal-Notcia-Em-Pauta-102292869264820\/\" \/>\n<meta property=\"article:published_time\" content=\"2024-12-30T11:28:38+00:00\" \/>\n<meta property=\"article:modified_time\" content=\"2024-12-30T11:28:39+00:00\" \/>\n<meta property=\"og:image\" content=\"https:\/\/noticiaempauta.com\/portal\/wp-content\/uploads\/2024\/12\/0bb4d68bc783b37411509a03362a3ac3.jpeg\" \/>\n\t<meta property=\"og:image:width\" content=\"1599\" \/>\n\t<meta property=\"og:image:height\" content=\"1114\" \/>\n\t<meta property=\"og:image:type\" content=\"image\/jpeg\" \/>\n<meta name=\"author\" content=\"Reda\u00e7\u00e3o\" \/>\n<meta name=\"twitter:card\" content=\"summary_large_image\" \/>\n<meta name=\"twitter:label1\" content=\"Escrito por\" \/>\n\t<meta name=\"twitter:data1\" content=\"Reda\u00e7\u00e3o\" \/>\n\t<meta name=\"twitter:label2\" content=\"Est. tempo de leitura\" \/>\n\t<meta name=\"twitter:data2\" content=\"2 minutos\" \/>\n<script type=\"application\/ld+json\" class=\"yoast-schema-graph\">{\"@context\":\"https:\/\/schema.org\",\"@graph\":[{\"@type\":\"Article\",\"@id\":\"https:\/\/noticiaempauta.com\/portal\/governo-do-estado-envia-forca-tarefa-para-picos-apos-forte-chuva-atingir-municipio\/#article\",\"isPartOf\":{\"@id\":\"https:\/\/noticiaempauta.com\/portal\/governo-do-estado-envia-forca-tarefa-para-picos-apos-forte-chuva-atingir-municipio\/\"},\"author\":{\"name\":\"Reda\u00e7\u00e3o\",\"@id\":\"https:\/\/noticiaempauta.com\/portal\/#\/schema\/person\/a74af43dd1ab3deca45f988c717d57ac\"},\"headline\":\"Governo do Estado envia for\u00e7a-tarefa para Picos ap\u00f3s forte chuva atingir munic\u00edpio\",\"datePublished\":\"2024-12-30T11:28:38+00:00\",\"dateModified\":\"2024-12-30T11:28:39+00:00\",\"mainEntityOfPage\":{\"@id\":\"https:\/\/noticiaempauta.com\/portal\/governo-do-estado-envia-forca-tarefa-para-picos-apos-forte-chuva-atingir-municipio\/\"},\"wordCount\":313,\"commentCount\":0,\"publisher\":{\"@id\":\"https:\/\/noticiaempauta.com\/portal\/#organization\"},\"image\":{\"@id\":\"https:\/\/noticiaempauta.com\/portal\/governo-do-estado-envia-forca-tarefa-para-picos-apos-forte-chuva-atingir-municipio\/#primaryimage\"},\"thumbnailUrl\":\"https:\/\/noticiaempauta.com\/portal\/wp-content\/uploads\/2024\/12\/0bb4d68bc783b37411509a03362a3ac3.jpeg\",\"keywords\":[\"destaqueprincipal\"],\"articleSection\":[\"Destaques\",\"Geral\",\"Todas as Not\u00edcias\"],\"inLanguage\":\"pt-BR\",\"potentialAction\":[{\"@type\":\"CommentAction\",\"name\":\"Comment\",\"target\":[\"https:\/\/noticiaempauta.com\/portal\/governo-do-estado-envia-forca-tarefa-para-picos-apos-forte-chuva-atingir-municipio\/#respond\"]}]},{\"@type\":\"WebPage\",\"@id\":\"https:\/\/noticiaempauta.com\/portal\/governo-do-estado-envia-forca-tarefa-para-picos-apos-forte-chuva-atingir-municipio\/\",\"url\":\"https:\/\/noticiaempauta.com\/portal\/governo-do-estado-envia-forca-tarefa-para-picos-apos-forte-chuva-atingir-municipio\/\",\"name\":\"Governo do Estado envia for\u00e7a-tarefa para Picos ap\u00f3s forte chuva atingir munic\u00edpio - Portal Not\u00edcia em Pauta\",\"isPartOf\":{\"@id\":\"https:\/\/noticiaempauta.com\/portal\/#website\"},\"primaryImageOfPage\":{\"@id\":\"https:\/\/noticiaempauta.com\/portal\/governo-do-estado-envia-forca-tarefa-para-picos-apos-forte-chuva-atingir-municipio\/#primaryimage\"},\"image\":{\"@id\":\"https:\/\/noticiaempauta.com\/portal\/governo-do-estado-envia-forca-tarefa-para-picos-apos-forte-chuva-atingir-municipio\/#primaryimage\"},\"thumbnailUrl\":\"https:\/\/noticiaempauta.com\/portal\/wp-content\/uploads\/2024\/12\/0bb4d68bc783b37411509a03362a3ac3.jpeg\",\"datePublished\":\"2024-12-30T11:28:38+00:00\",\"dateModified\":\"2024-12-30T11:28:39+00:00\",\"breadcrumb\":{\"@id\":\"https:\/\/noticiaempauta.com\/portal\/governo-do-estado-envia-forca-tarefa-para-picos-apos-forte-chuva-atingir-municipio\/#breadcrumb\"},\"inLanguage\":\"pt-BR\",\"potentialAction\":[{\"@type\":\"ReadAction\",\"target\":[\"https:\/\/noticiaempauta.com\/portal\/governo-do-estado-envia-forca-tarefa-para-picos-apos-forte-chuva-atingir-municipio\/\"]}]},{\"@type\":\"ImageObject\",\"inLanguage\":\"pt-BR\",\"@id\":\"https:\/\/noticiaempauta.com\/portal\/governo-do-estado-envia-forca-tarefa-para-picos-apos-forte-chuva-atingir-municipio\/#primaryimage\",\"url\":\"https:\/\/noticiaempauta.com\/portal\/wp-content\/uploads\/2024\/12\/0bb4d68bc783b37411509a03362a3ac3.jpeg\",\"contentUrl\":\"https:\/\/noticiaempauta.com\/portal\/wp-content\/uploads\/2024\/12\/0bb4d68bc783b37411509a03362a3ac3.jpeg\",\"width\":1599,\"height\":1114},{\"@type\":\"BreadcrumbList\",\"@id\":\"https:\/\/noticiaempauta.com\/portal\/governo-do-estado-envia-forca-tarefa-para-picos-apos-forte-chuva-atingir-municipio\/#breadcrumb\",\"itemListElement\":[{\"@type\":\"ListItem\",\"position\":1,\"name\":\"P\u00e1gina Inicial\",\"item\":\"https:\/\/noticiaempauta.com\/portal\/\"},{\"@type\":\"ListItem\",\"position\":2,\"name\":\"Destaques\",\"item\":\"https:\/\/noticiaempauta.com\/portal\/destaques-site\/\"},{\"@type\":\"ListItem\",\"position\":3,\"name\":\"Governo do Estado envia for\u00e7a-tarefa para Picos ap\u00f3s forte chuva atingir munic\u00edpio\"}]},{\"@type\":\"WebSite\",\"@id\":\"https:\/\/noticiaempauta.com\/portal\/#website\",\"url\":\"https:\/\/noticiaempauta.com\/portal\/\",\"name\":\"Portal Not\u00edcia em Pauta\",\"description\":\"Voc\u00ea bem informado\",\"publisher\":{\"@id\":\"https:\/\/noticiaempauta.com\/portal\/#organization\"},\"potentialAction\":[{\"@type\":\"SearchAction\",\"target\":{\"@type\":\"EntryPoint\",\"urlTemplate\":\"https:\/\/noticiaempauta.com\/portal\/?s={search_term_string}\"},\"query-input\":{\"@type\":\"PropertyValueSpecification\",\"valueRequired\":true,\"valueName\":\"search_term_string\"}}],\"inLanguage\":\"pt-BR\"},{\"@type\":\"Organization\",\"@id\":\"https:\/\/noticiaempauta.com\/portal\/#organization\",\"name\":\"Portal Not\u00edcia em Pauta\",\"url\":\"https:\/\/noticiaempauta.com\/portal\/\",\"logo\":{\"@type\":\"ImageObject\",\"inLanguage\":\"pt-BR\",\"@id\":\"https:\/\/noticiaempauta.com\/portal\/#\/schema\/logo\/image\/\",\"url\":\"https:\/\/noticiaempauta.com\/portal\/wp-content\/uploads\/2022\/08\/logomarca_tema.fw_.png\",\"contentUrl\":\"https:\/\/noticiaempauta.com\/portal\/wp-content\/uploads\/2022\/08\/logomarca_tema.fw_.png\",\"width\":400,\"height\":232,\"caption\":\"Portal Not\u00edcia em Pauta\"},\"image\":{\"@id\":\"https:\/\/noticiaempauta.com\/portal\/#\/schema\/logo\/image\/\"},\"sameAs\":[\"https:\/\/www.facebook.com\/Portal-Notcia-Em-Pauta-102292869264820\/\",\"https:\/\/www.instagram.com\/portalnoticiaempauta\/\"]},{\"@type\":\"Person\",\"@id\":\"https:\/\/noticiaempauta.com\/portal\/#\/schema\/person\/a74af43dd1ab3deca45f988c717d57ac\",\"name\":\"Reda\u00e7\u00e3o\",\"image\":{\"@type\":\"ImageObject\",\"inLanguage\":\"pt-BR\",\"@id\":\"https:\/\/noticiaempauta.com\/portal\/#\/schema\/person\/image\/\",\"url\":\"https:\/\/secure.gravatar.com\/avatar\/03179346ecce6cdfc13361603e8f54242a90e5cde8618fa23c5c00aa2b0aadf3?s=96&d=mm&r=g\",\"contentUrl\":\"https:\/\/secure.gravatar.com\/avatar\/03179346ecce6cdfc13361603e8f54242a90e5cde8618fa23c5c00aa2b0aadf3?s=96&d=mm&r=g\",\"caption\":\"Reda\u00e7\u00e3o\"},\"sameAs\":[\"https:\/\/noticiaempauta.com\/portal\/\"],\"url\":\"https:\/\/noticiaempauta.com\/portal\/author\/fernando\/\"}]}<\/script>\n<!-- \/ Yoast SEO Premium plugin. -->","yoast_head_json":{"title":"Governo do Estado envia for\u00e7a-tarefa para Picos ap\u00f3s forte chuva atingir munic\u00edpio - Portal Not\u00edcia em Pauta","robots":{"index":"index","follow":"follow","max-snippet":"max-snippet:-1","max-image-preview":"max-image-preview:large","max-video-preview":"max-video-preview:-1"},"canonical":"https:\/\/noticiaempauta.com\/portal\/governo-do-estado-envia-forca-tarefa-para-picos-apos-forte-chuva-atingir-municipio\/","og_locale":"pt_BR","og_type":"article","og_title":"Governo do Estado envia for\u00e7a-tarefa para Picos ap\u00f3s forte chuva atingir munic\u00edpio","og_description":"24 horas ap\u00f3s uma forte chuva que atingiu a cidade de Picos, o Governo do Piau\u00ed anunciou na manh\u00e3 desta segunda (30) o envio de equipes de engenharia e assist\u00eancia social da secretaria de defesa civil para prestar assist\u00eancia a popula\u00e7\u00e3o afetada pelo alto volume de chuvas afetou o munic\u00edpio. Na madrugada do \u00faltimo domingo [&hellip;]","og_url":"https:\/\/noticiaempauta.com\/portal\/governo-do-estado-envia-forca-tarefa-para-picos-apos-forte-chuva-atingir-municipio\/","og_site_name":"Portal Not\u00edcia em Pauta","article_publisher":"https:\/\/www.facebook.com\/Portal-Notcia-Em-Pauta-102292869264820\/","article_published_time":"2024-12-30T11:28:38+00:00","article_modified_time":"2024-12-30T11:28:39+00:00","og_image":[{"width":1599,"height":1114,"url":"https:\/\/noticiaempauta.com\/portal\/wp-content\/uploads\/2024\/12\/0bb4d68bc783b37411509a03362a3ac3.jpeg","type":"image\/jpeg"}],"author":"Reda\u00e7\u00e3o","twitter_card":"summary_large_image","twitter_misc":{"Escrito por":"Reda\u00e7\u00e3o","Est. tempo de leitura":"2 minutos"},"schema":{"@context":"https:\/\/schema.org","@graph":[{"@type":"Article","@id":"https:\/\/noticiaempauta.com\/portal\/governo-do-estado-envia-forca-tarefa-para-picos-apos-forte-chuva-atingir-municipio\/#article","isPartOf":{"@id":"https:\/\/noticiaempauta.com\/portal\/governo-do-estado-envia-forca-tarefa-para-picos-apos-forte-chuva-atingir-municipio\/"},"author":{"name":"Reda\u00e7\u00e3o","@id":"https:\/\/noticiaempauta.com\/portal\/#\/schema\/person\/a74af43dd1ab3deca45f988c717d57ac"},"headline":"Governo do Estado envia for\u00e7a-tarefa para Picos ap\u00f3s forte chuva atingir munic\u00edpio","datePublished":"2024-12-30T11:28:38+00:00","dateModified":"2024-12-30T11:28:39+00:00","mainEntityOfPage":{"@id":"https:\/\/noticiaempauta.com\/portal\/governo-do-estado-envia-forca-tarefa-para-picos-apos-forte-chuva-atingir-municipio\/"},"wordCount":313,"commentCount":0,"publisher":{"@id":"https:\/\/noticiaempauta.com\/portal\/#organization"},"image":{"@id":"https:\/\/noticiaempauta.com\/portal\/governo-do-estado-envia-forca-tarefa-para-picos-apos-forte-chuva-atingir-municipio\/#primaryimage"},"thumbnailUrl":"https:\/\/noticiaempauta.com\/portal\/wp-content\/uploads\/2024\/12\/0bb4d68bc783b37411509a03362a3ac3.jpeg","keywords":["destaqueprincipal"],"articleSection":["Destaques","Geral","Todas as Not\u00edcias"],"inLanguage":"pt-BR","potentialAction":[{"@type":"CommentAction","name":"Comment","target":["https:\/\/noticiaempauta.com\/portal\/governo-do-estado-envia-forca-tarefa-para-picos-apos-forte-chuva-atingir-municipio\/#respond"]}]},{"@type":"WebPage","@id":"https:\/\/noticiaempauta.com\/portal\/governo-do-estado-envia-forca-tarefa-para-picos-apos-forte-chuva-atingir-municipio\/","url":"https:\/\/noticiaempauta.com\/portal\/governo-do-estado-envia-forca-tarefa-para-picos-apos-forte-chuva-atingir-municipio\/","name":"Governo do Estado envia for\u00e7a-tarefa para Picos ap\u00f3s forte chuva atingir munic\u00edpio - Portal Not\u00edcia em Pauta","isPartOf":{"@id":"https:\/\/noticiaempauta.com\/portal\/#website"},"primaryImageOfPage":{"@id":"https:\/\/noticiaempauta.com\/portal\/governo-do-estado-envia-forca-tarefa-para-picos-apos-forte-chuva-atingir-municipio\/#primaryimage"},"image":{"@id":"https:\/\/noticiaempauta.com\/portal\/governo-do-estado-envia-forca-tarefa-para-picos-apos-forte-chuva-atingir-municipio\/#primaryimage"},"thumbnailUrl":"https:\/\/noticiaempauta.com\/portal\/wp-content\/uploads\/2024\/12\/0bb4d68bc783b37411509a03362a3ac3.jpeg","datePublished":"2024-12-30T11:28:38+00:00","dateModified":"2024-12-30T11:28:39+00:00","breadcrumb":{"@id":"https:\/\/noticiaempauta.com\/portal\/governo-do-estado-envia-forca-tarefa-para-picos-apos-forte-chuva-atingir-municipio\/#breadcrumb"},"inLanguage":"pt-BR","potentialAction":[{"@type":"ReadAction","target":["https:\/\/noticiaempauta.com\/portal\/governo-do-estado-envia-forca-tarefa-para-picos-apos-forte-chuva-atingir-municipio\/"]}]},{"@type":"ImageObject","inLanguage":"pt-BR","@id":"https:\/\/noticiaempauta.com\/portal\/governo-do-estado-envia-forca-tarefa-para-picos-apos-forte-chuva-atingir-municipio\/#primaryimage","url":"https:\/\/noticiaempauta.com\/portal\/wp-content\/uploads\/2024\/12\/0bb4d68bc783b37411509a03362a3ac3.jpeg","contentUrl":"https:\/\/noticiaempauta.com\/portal\/wp-content\/uploads\/2024\/12\/0bb4d68bc783b37411509a03362a3ac3.jpeg","width":1599,"height":1114},{"@type":"BreadcrumbList","@id":"https:\/\/noticiaempauta.com\/portal\/governo-do-estado-envia-forca-tarefa-para-picos-apos-forte-chuva-atingir-municipio\/#breadcrumb","itemListElement":[{"@type":"ListItem","position":1,"name":"P\u00e1gina Inicial","item":"https:\/\/noticiaempauta.com\/portal\/"},{"@type":"ListItem","position":2,"name":"Destaques","item":"https:\/\/noticiaempauta.com\/portal\/destaques-site\/"},{"@type":"ListItem","position":3,"name":"Governo do Estado envia for\u00e7a-tarefa para Picos ap\u00f3s forte chuva atingir munic\u00edpio"}]},{"@type":"WebSite","@id":"https:\/\/noticiaempauta.com\/portal\/#website","url":"https:\/\/noticiaempauta.com\/portal\/","name":"Portal Not\u00edcia em Pauta","description":"Voc\u00ea bem informado","publisher":{"@id":"https:\/\/noticiaempauta.com\/portal\/#organization"},"potentialAction":[{"@type":"SearchAction","target":{"@type":"EntryPoint","urlTemplate":"https:\/\/noticiaempauta.com\/portal\/?s={search_term_string}"},"query-input":{"@type":"PropertyValueSpecification","valueRequired":true,"valueName":"search_term_string"}}],"inLanguage":"pt-BR"},{"@type":"Organization","@id":"https:\/\/noticiaempauta.com\/portal\/#organization","name":"Portal Not\u00edcia em Pauta","url":"https:\/\/noticiaempauta.com\/portal\/","logo":{"@type":"ImageObject","inLanguage":"pt-BR","@id":"https:\/\/noticiaempauta.com\/portal\/#\/schema\/logo\/image\/","url":"https:\/\/noticiaempauta.com\/portal\/wp-content\/uploads\/2022\/08\/logomarca_tema.fw_.png","contentUrl":"https:\/\/noticiaempauta.com\/portal\/wp-content\/uploads\/2022\/08\/logomarca_tema.fw_.png","width":400,"height":232,"caption":"Portal Not\u00edcia em Pauta"},"image":{"@id":"https:\/\/noticiaempauta.com\/portal\/#\/schema\/logo\/image\/"},"sameAs":["https:\/\/www.facebook.com\/Portal-Notcia-Em-Pauta-102292869264820\/","https:\/\/www.instagram.com\/portalnoticiaempauta\/"]},{"@type":"Person","@id":"https:\/\/noticiaempauta.com\/portal\/#\/schema\/person\/a74af43dd1ab3deca45f988c717d57ac","name":"Reda\u00e7\u00e3o","image":{"@type":"ImageObject","inLanguage":"pt-BR","@id":"https:\/\/noticiaempauta.com\/portal\/#\/schema\/person\/image\/","url":"https:\/\/secure.gravatar.com\/avatar\/03179346ecce6cdfc13361603e8f54242a90e5cde8618fa23c5c00aa2b0aadf3?s=96&d=mm&r=g","contentUrl":"https:\/\/secure.gravatar.com\/avatar\/03179346ecce6cdfc13361603e8f54242a90e5cde8618fa23c5c00aa2b0aadf3?s=96&d=mm&r=g","caption":"Reda\u00e7\u00e3o"},"sameAs":["https:\/\/noticiaempauta.com\/portal\/"],"url":"https:\/\/noticiaempauta.com\/portal\/author\/fernando\/"}]}},"_links":{"self":[{"href":"https:\/\/noticiaempauta.com\/portal\/wp-json\/wp\/v2\/posts\/265808","targetHints":{"allow":["GET"]}}],"collection":[{"href":"https:\/\/noticiaempauta.com\/portal\/wp-json\/wp\/v2\/posts"}],"about":[{"href":"https:\/\/noticiaempauta.com\/portal\/wp-json\/wp\/v2\/types\/post"}],"author":[{"embeddable":true,"href":"https:\/\/noticiaempauta.com\/portal\/wp-json\/wp\/v2\/users\/2"}],"replies":[{"embeddable":true,"href":"https:\/\/noticiaempauta.com\/portal\/wp-json\/wp\/v2\/comments?post=265808"}],"version-history":[{"count":2,"href":"https:\/\/noticiaempauta.com\/portal\/wp-json\/wp\/v2\/posts\/265808\/revisions"}],"predecessor-version":[{"id":265811,"href":"https:\/\/noticiaempauta.com\/portal\/wp-json\/wp\/v2\/posts\/265808\/revisions\/265811"}],"wp:featuredmedia":[{"embeddable":true,"href":"https:\/\/noticiaempauta.com\/portal\/wp-json\/wp\/v2\/media\/265809"}],"wp:attachment":[{"href":"https:\/\/noticiaempauta.com\/portal\/wp-json\/wp\/v2\/media?parent=265808"}],"wp:term":[{"taxonomy":"category","embeddable":true,"href":"https:\/\/noticiaempauta.com\/portal\/wp-json\/wp\/v2\/categories?post=265808"},{"taxonomy":"post_tag","embeddable":true,"href":"https:\/\/noticiaempauta.com\/portal\/wp-json\/wp\/v2\/tags?post=265808"}],"curies":[{"name":"wp","href":"https:\/\/api.w.org\/{rel}","templated":true}]}}