{"id":266104,"date":"2025-01-02T16:22:26","date_gmt":"2025-01-02T19:22:26","guid":{"rendered":"https:\/\/noticiaempauta.com\/portal\/?p=266104"},"modified":"2025-01-02T16:46:17","modified_gmt":"2025-01-02T19:46:17","slug":"prefeito-dr-wilton-e-vice-filo-barro-sao-empossados-em-massape-do-piaui","status":"publish","type":"post","link":"https:\/\/noticiaempauta.com\/portal\/prefeito-dr-wilton-e-vice-filo-barro-sao-empossados-em-massape-do-piaui\/","title":{"rendered":"Prefeito Dr. Wilton e vice Fil\u00f4 Barros s\u00e3o empossados em Massap\u00ea do Piau\u00ed"},"content":{"rendered":"\n<p>O m\u00e9dico e prefeito eleito de Massap\u00ea do Piau\u00ed, Dr. Wilton, e o vice-prefeito Fil\u00f4 Barros foram empossados durante solenidade na noite desta quarta-feira, 01 de janeiro, o ato oficial aconteceu na Quadra Poliesportiva Odair Jos\u00e9 Veloso, na presen\u00e7a de familiares, amigos e correligion\u00e1rios pol\u00edticos que compareceram para prestigiar o evento.<\/p>\n\n\n\n<figure class=\"wp-block-image size-full\"><img fetchpriority=\"high\" decoding=\"async\" width=\"800\" height=\"533\" src=\"https:\/\/noticiaempauta.com\/portal\/wp-content\/uploads\/2025\/01\/batch_DSC_0746.jpg\" alt=\"\" class=\"wp-image-266130\" srcset=\"https:\/\/noticiaempauta.com\/portal\/wp-content\/uploads\/2025\/01\/batch_DSC_0746.jpg 800w, https:\/\/noticiaempauta.com\/portal\/wp-content\/uploads\/2025\/01\/batch_DSC_0746-300x200.jpg 300w, https:\/\/noticiaempauta.com\/portal\/wp-content\/uploads\/2025\/01\/batch_DSC_0746-768x512.jpg 768w\" sizes=\"(max-width: 800px) 100vw, 800px\" \/><figcaption class=\"wp-element-caption\"><em>(Fotos:CidadesEmFoco)<\/em><\/figcaption><\/figure>\n\n\n\n<figure class=\"wp-block-image size-full\"><img decoding=\"async\" width=\"800\" height=\"533\" src=\"https:\/\/noticiaempauta.com\/portal\/wp-content\/uploads\/2025\/01\/batch_DSC_0623.jpg\" alt=\"\" class=\"wp-image-266123\" srcset=\"https:\/\/noticiaempauta.com\/portal\/wp-content\/uploads\/2025\/01\/batch_DSC_0623.jpg 800w, https:\/\/noticiaempauta.com\/portal\/wp-content\/uploads\/2025\/01\/batch_DSC_0623-300x200.jpg 300w, https:\/\/noticiaempauta.com\/portal\/wp-content\/uploads\/2025\/01\/batch_DSC_0623-768x512.jpg 768w\" sizes=\"(max-width: 800px) 100vw, 800px\" \/><\/figure>\n\n\n\n<p>Eleito com ampla maioria para seu primeiro mandato, Dr. Wilton assume o cargo de prefeito do munic\u00edpio, onde tamb\u00e9m j\u00e1 foi vereador, por sua vez, o vice-prefeito Fil\u00f4 Barros, com longa trajet\u00f3ria na pol\u00edtica local como vereador, tamb\u00e9m inicia seu primeiro mandato no Executivo Municipal.<\/p>\n\n\n\n<figure class=\"wp-block-image size-full\"><img decoding=\"async\" width=\"800\" height=\"533\" src=\"https:\/\/noticiaempauta.com\/portal\/wp-content\/uploads\/2025\/01\/batch_DSC_0640.jpg\" alt=\"\" class=\"wp-image-266127\" srcset=\"https:\/\/noticiaempauta.com\/portal\/wp-content\/uploads\/2025\/01\/batch_DSC_0640.jpg 800w, https:\/\/noticiaempauta.com\/portal\/wp-content\/uploads\/2025\/01\/batch_DSC_0640-300x200.jpg 300w, https:\/\/noticiaempauta.com\/portal\/wp-content\/uploads\/2025\/01\/batch_DSC_0640-768x512.jpg 768w\" sizes=\"(max-width: 800px) 100vw, 800px\" \/><\/figure>\n\n\n\n<p>Durante o per\u00edodo da manh\u00e3, tamb\u00e9m foram empossados os nove vereadores eleitos para a nova legislatura: Rem\u00e9dios Carvalho, Tontonho, Marilson, Ataildo Reis, Oz\u00e9as Gomes, Davi Felipe, Francinaldo Barros, Gracias Leite e Jos\u00e9 Merc\u00eas, seguindo com a elei\u00e7\u00e3o da mesa diretora que teve como escolhido o vereador Marilson para o bi\u00eanio 2025-2026 a frente da respectiva Casa Legislativa no munic\u00edpio.<\/p>\n\n\n\n<figure class=\"wp-block-image size-full\"><img loading=\"lazy\" decoding=\"async\" width=\"800\" height=\"533\" src=\"https:\/\/noticiaempauta.com\/portal\/wp-content\/uploads\/2025\/01\/batch_DSC_0680.jpg\" alt=\"\" class=\"wp-image-266128\" srcset=\"https:\/\/noticiaempauta.com\/portal\/wp-content\/uploads\/2025\/01\/batch_DSC_0680.jpg 800w, https:\/\/noticiaempauta.com\/portal\/wp-content\/uploads\/2025\/01\/batch_DSC_0680-300x200.jpg 300w, https:\/\/noticiaempauta.com\/portal\/wp-content\/uploads\/2025\/01\/batch_DSC_0680-768x512.jpg 768w\" sizes=\"(max-width: 800px) 100vw, 800px\" \/><\/figure>\n\n\n\n<p>Dr. Wilton agradeceu pela confian\u00e7a da popula\u00e7\u00e3o e refor\u00e7ou seu compromisso de liderar o Executivo com trabalho, dedica\u00e7\u00e3o e transpar\u00eancia. \u201cAssumo hoje essa miss\u00e3o com muita responsabilidade, f\u00e9 e determina\u00e7\u00e3o. Quero expressar minha profunda gratid\u00e3o \u00e0 popula\u00e7\u00e3o de Massap\u00ea do Piau\u00ed pela confian\u00e7a depositada em mim e na nossa equipe. Este \u00e9 um momento de renova\u00e7\u00e3o e de compromisso. Vamos trabalhar incansavelmente, com dedica\u00e7\u00e3o e transpar\u00eancia, para buscar o desenvolvimento do nosso munic\u00edpio, fortalecer as \u00e1reas essenciais como sa\u00fade, educa\u00e7\u00e3o e infraestrutura, e garantir o bem-estar de cada cidad\u00e3o e cidad\u00e3 massapeense. Conto com o apoio de todos para que juntos possamos construir uma cidade mais justa, humana e pr\u00f3spera para as futuras gera\u00e7\u00f5es,\u201d destacou.<\/p>\n\n\n\n<figure class=\"wp-block-image size-full\"><img loading=\"lazy\" decoding=\"async\" width=\"800\" height=\"533\" src=\"https:\/\/noticiaempauta.com\/portal\/wp-content\/uploads\/2025\/01\/batch_DSC_0745.jpg\" alt=\"\" class=\"wp-image-266129\" srcset=\"https:\/\/noticiaempauta.com\/portal\/wp-content\/uploads\/2025\/01\/batch_DSC_0745.jpg 800w, https:\/\/noticiaempauta.com\/portal\/wp-content\/uploads\/2025\/01\/batch_DSC_0745-300x200.jpg 300w, https:\/\/noticiaempauta.com\/portal\/wp-content\/uploads\/2025\/01\/batch_DSC_0745-768x512.jpg 768w\" sizes=\"(max-width: 800px) 100vw, 800px\" \/><\/figure>\n\n\n\n<p>\u201cHoje \u00e9 um dia de muita emo\u00e7\u00e3o e gratid\u00e3o. Ao olhar para tr\u00e1s, lembro de toda a minha trajet\u00f3ria na pol\u00edtica local, das batalhas enfrentadas e das conquistas que s\u00f3 foram poss\u00edveis gra\u00e7as ao apoio da nossa popula\u00e7\u00e3o. Quero agradecer imensamente a cada um que acreditou no nosso projeto e nos deu a oportunidade de trabalhar por Massap\u00ea do Piau\u00ed. Reafirmo aqui o meu compromisso de estar ao lado do prefeito Dr. Wilton, unindo for\u00e7as para atender \u00e0s necessidades da nossa gente. Vamos caminhar juntos, com di\u00e1logo, respeito e muito trabalho, buscando sempre o melhor para o nosso munic\u00edpio. O desafio \u00e9 grande, mas nossa determina\u00e7\u00e3o \u00e9 ainda maior, porque acreditamos no potencial de Massap\u00ea e no poder da uni\u00e3o para transformar vidas,\u201d ressaltou o vice-prefeito Fil\u00f4.<\/p>\n\n\n\n<figure class=\"wp-block-image size-full\"><img loading=\"lazy\" decoding=\"async\" width=\"800\" height=\"533\" src=\"https:\/\/noticiaempauta.com\/portal\/wp-content\/uploads\/2025\/01\/batch_DSC_0568.jpg\" alt=\"\" class=\"wp-image-266124\" srcset=\"https:\/\/noticiaempauta.com\/portal\/wp-content\/uploads\/2025\/01\/batch_DSC_0568.jpg 800w, https:\/\/noticiaempauta.com\/portal\/wp-content\/uploads\/2025\/01\/batch_DSC_0568-300x200.jpg 300w, https:\/\/noticiaempauta.com\/portal\/wp-content\/uploads\/2025\/01\/batch_DSC_0568-768x512.jpg 768w\" sizes=\"(max-width: 800px) 100vw, 800px\" \/><\/figure>\n\n\n\n<figure class=\"wp-block-image size-full\"><img loading=\"lazy\" decoding=\"async\" width=\"800\" height=\"533\" src=\"https:\/\/noticiaempauta.com\/portal\/wp-content\/uploads\/2025\/01\/batch_DSC_0571.jpg\" alt=\"\" class=\"wp-image-266125\" srcset=\"https:\/\/noticiaempauta.com\/portal\/wp-content\/uploads\/2025\/01\/batch_DSC_0571.jpg 800w, https:\/\/noticiaempauta.com\/portal\/wp-content\/uploads\/2025\/01\/batch_DSC_0571-300x200.jpg 300w, https:\/\/noticiaempauta.com\/portal\/wp-content\/uploads\/2025\/01\/batch_DSC_0571-768x512.jpg 768w\" sizes=\"(max-width: 800px) 100vw, 800px\" \/><\/figure>\n\n\n\n<figure class=\"wp-block-image size-full\"><img loading=\"lazy\" decoding=\"async\" width=\"800\" height=\"533\" src=\"https:\/\/noticiaempauta.com\/portal\/wp-content\/uploads\/2025\/01\/batch_DSC_0793.jpg\" alt=\"\" class=\"wp-image-266132\" srcset=\"https:\/\/noticiaempauta.com\/portal\/wp-content\/uploads\/2025\/01\/batch_DSC_0793.jpg 800w, https:\/\/noticiaempauta.com\/portal\/wp-content\/uploads\/2025\/01\/batch_DSC_0793-300x200.jpg 300w, https:\/\/noticiaempauta.com\/portal\/wp-content\/uploads\/2025\/01\/batch_DSC_0793-768x512.jpg 768w\" sizes=\"(max-width: 800px) 100vw, 800px\" \/><\/figure>\n\n\n\n<figure class=\"wp-block-image size-full\"><img loading=\"lazy\" decoding=\"async\" width=\"800\" height=\"533\" src=\"https:\/\/noticiaempauta.com\/portal\/wp-content\/uploads\/2025\/01\/batch_DSC_0781.jpg\" alt=\"\" class=\"wp-image-266133\" srcset=\"https:\/\/noticiaempauta.com\/portal\/wp-content\/uploads\/2025\/01\/batch_DSC_0781.jpg 800w, https:\/\/noticiaempauta.com\/portal\/wp-content\/uploads\/2025\/01\/batch_DSC_0781-300x200.jpg 300w, https:\/\/noticiaempauta.com\/portal\/wp-content\/uploads\/2025\/01\/batch_DSC_0781-768x512.jpg 768w\" sizes=\"(max-width: 800px) 100vw, 800px\" \/><\/figure>\n\n\n\n<figure class=\"wp-block-image size-full\"><img loading=\"lazy\" decoding=\"async\" width=\"800\" height=\"533\" src=\"https:\/\/noticiaempauta.com\/portal\/wp-content\/uploads\/2025\/01\/batch_DSC_0768.jpg\" alt=\"\" class=\"wp-image-266134\" srcset=\"https:\/\/noticiaempauta.com\/portal\/wp-content\/uploads\/2025\/01\/batch_DSC_0768.jpg 800w, https:\/\/noticiaempauta.com\/portal\/wp-content\/uploads\/2025\/01\/batch_DSC_0768-300x200.jpg 300w, https:\/\/noticiaempauta.com\/portal\/wp-content\/uploads\/2025\/01\/batch_DSC_0768-768x512.jpg 768w\" sizes=\"(max-width: 800px) 100vw, 800px\" \/><\/figure>\n\n\n\n<figure class=\"wp-block-image size-full\"><img loading=\"lazy\" decoding=\"async\" width=\"800\" height=\"533\" src=\"https:\/\/noticiaempauta.com\/portal\/wp-content\/uploads\/2025\/01\/batch_DSC_0766.jpg\" alt=\"\" class=\"wp-image-266135\" srcset=\"https:\/\/noticiaempauta.com\/portal\/wp-content\/uploads\/2025\/01\/batch_DSC_0766.jpg 800w, https:\/\/noticiaempauta.com\/portal\/wp-content\/uploads\/2025\/01\/batch_DSC_0766-300x200.jpg 300w, https:\/\/noticiaempauta.com\/portal\/wp-content\/uploads\/2025\/01\/batch_DSC_0766-768x512.jpg 768w\" sizes=\"(max-width: 800px) 100vw, 800px\" \/><\/figure>\n\n\n\n<figure class=\"wp-block-image size-full\"><img loading=\"lazy\" decoding=\"async\" width=\"800\" height=\"533\" src=\"https:\/\/noticiaempauta.com\/portal\/wp-content\/uploads\/2025\/01\/batch_DSC_0691.jpg\" alt=\"\" class=\"wp-image-266136\" srcset=\"https:\/\/noticiaempauta.com\/portal\/wp-content\/uploads\/2025\/01\/batch_DSC_0691.jpg 800w, https:\/\/noticiaempauta.com\/portal\/wp-content\/uploads\/2025\/01\/batch_DSC_0691-300x200.jpg 300w, https:\/\/noticiaempauta.com\/portal\/wp-content\/uploads\/2025\/01\/batch_DSC_0691-768x512.jpg 768w\" sizes=\"(max-width: 800px) 100vw, 800px\" \/><\/figure>\n\n\n\n<p><strong><em>Com informa\u00e7\u00f5es do Portal Infonewss<\/em><\/strong><\/p>\n","protected":false},"excerpt":{"rendered":"<p>O m\u00e9dico e prefeito eleito de Massap\u00ea do Piau\u00ed, Dr. Wilton, e o vice-prefeito Fil\u00f4 Barros foram empossados durante solenidade na noite desta quarta-feira, 01 de janeiro, o ato oficial aconteceu na Quadra Poliesportiva Odair Jos\u00e9 Veloso, na presen\u00e7a de familiares, amigos e correligion\u00e1rios pol\u00edticos que compareceram para prestigiar o evento. Eleito com ampla maioria [&hellip;]<\/p>\n","protected":false},"author":2,"featured_media":266131,"comment_status":"open","ping_status":"open","sticky":false,"template":"","format":"standard","meta":{"_mi_skip_tracking":false,"footnotes":""},"categories":[25,1,9,3,16],"tags":[192],"class_list":["post-266104","post","type-post","status-publish","format-standard","has-post-thumbnail","hentry","category-destaques-site","category-geral","category-municipios","category-politica","category-todas","tag-destaqueprincipal"],"acf":[],"yoast_head":"<!-- This site is optimized with the Yoast SEO Premium plugin v19.2 (Yoast SEO v26.9) - https:\/\/yoast.com\/product\/yoast-seo-premium-wordpress\/ -->\n<title>Prefeito Dr. Wilton e vice Fil\u00f4 Barros s\u00e3o empossados em Massap\u00ea do Piau\u00ed - Portal Not\u00edcia em Pauta<\/title>\n<meta name=\"robots\" content=\"index, follow, max-snippet:-1, max-image-preview:large, max-video-preview:-1\" \/>\n<link rel=\"canonical\" href=\"https:\/\/noticiaempauta.com\/portal\/prefeito-dr-wilton-e-vice-filo-barro-sao-empossados-em-massape-do-piaui\/\" \/>\n<meta property=\"og:locale\" content=\"pt_BR\" \/>\n<meta property=\"og:type\" content=\"article\" \/>\n<meta property=\"og:title\" content=\"Prefeito Dr. Wilton e vice Fil\u00f4 Barros s\u00e3o empossados em Massap\u00ea do Piau\u00ed\" \/>\n<meta property=\"og:description\" content=\"O m\u00e9dico e prefeito eleito de Massap\u00ea do Piau\u00ed, Dr. Wilton, e o vice-prefeito Fil\u00f4 Barros foram empossados durante solenidade na noite desta quarta-feira, 01 de janeiro, o ato oficial aconteceu na Quadra Poliesportiva Odair Jos\u00e9 Veloso, na presen\u00e7a de familiares, amigos e correligion\u00e1rios pol\u00edticos que compareceram para prestigiar o evento. Eleito com ampla maioria [&hellip;]\" \/>\n<meta property=\"og:url\" content=\"https:\/\/noticiaempauta.com\/portal\/prefeito-dr-wilton-e-vice-filo-barro-sao-empossados-em-massape-do-piaui\/\" \/>\n<meta property=\"og:site_name\" content=\"Portal Not\u00edcia em Pauta\" \/>\n<meta property=\"article:publisher\" content=\"https:\/\/www.facebook.com\/Portal-Notcia-Em-Pauta-102292869264820\/\" \/>\n<meta property=\"article:published_time\" content=\"2025-01-02T19:22:26+00:00\" \/>\n<meta property=\"article:modified_time\" content=\"2025-01-02T19:46:17+00:00\" \/>\n<meta property=\"og:image\" content=\"https:\/\/noticiaempauta.com\/portal\/wp-content\/uploads\/2025\/01\/batch_DSC_0746-1.jpg\" \/>\n\t<meta property=\"og:image:width\" content=\"641\" \/>\n\t<meta property=\"og:image:height\" content=\"438\" \/>\n\t<meta property=\"og:image:type\" content=\"image\/jpeg\" \/>\n<meta name=\"author\" content=\"Reda\u00e7\u00e3o\" \/>\n<meta name=\"twitter:card\" content=\"summary_large_image\" \/>\n<meta name=\"twitter:label1\" content=\"Escrito por\" \/>\n\t<meta name=\"twitter:data1\" content=\"Reda\u00e7\u00e3o\" \/>\n\t<meta name=\"twitter:label2\" content=\"Est. tempo de leitura\" \/>\n\t<meta name=\"twitter:data2\" content=\"5 minutos\" \/>\n<script type=\"application\/ld+json\" class=\"yoast-schema-graph\">{\"@context\":\"https:\/\/schema.org\",\"@graph\":[{\"@type\":\"Article\",\"@id\":\"https:\/\/noticiaempauta.com\/portal\/prefeito-dr-wilton-e-vice-filo-barro-sao-empossados-em-massape-do-piaui\/#article\",\"isPartOf\":{\"@id\":\"https:\/\/noticiaempauta.com\/portal\/prefeito-dr-wilton-e-vice-filo-barro-sao-empossados-em-massape-do-piaui\/\"},\"author\":{\"name\":\"Reda\u00e7\u00e3o\",\"@id\":\"https:\/\/noticiaempauta.com\/portal\/#\/schema\/person\/a74af43dd1ab3deca45f988c717d57ac\"},\"headline\":\"Prefeito Dr. Wilton e vice Fil\u00f4 Barros s\u00e3o empossados em Massap\u00ea do Piau\u00ed\",\"datePublished\":\"2025-01-02T19:22:26+00:00\",\"dateModified\":\"2025-01-02T19:46:17+00:00\",\"mainEntityOfPage\":{\"@id\":\"https:\/\/noticiaempauta.com\/portal\/prefeito-dr-wilton-e-vice-filo-barro-sao-empossados-em-massape-do-piaui\/\"},\"wordCount\":462,\"commentCount\":0,\"publisher\":{\"@id\":\"https:\/\/noticiaempauta.com\/portal\/#organization\"},\"image\":{\"@id\":\"https:\/\/noticiaempauta.com\/portal\/prefeito-dr-wilton-e-vice-filo-barro-sao-empossados-em-massape-do-piaui\/#primaryimage\"},\"thumbnailUrl\":\"https:\/\/noticiaempauta.com\/portal\/wp-content\/uploads\/2025\/01\/batch_DSC_0746-1.jpg\",\"keywords\":[\"destaqueprincipal\"],\"articleSection\":[\"Destaques\",\"Geral\",\"Munic\u00edpios\",\"Pol\u00edtica\",\"Todas as Not\u00edcias\"],\"inLanguage\":\"pt-BR\",\"potentialAction\":[{\"@type\":\"CommentAction\",\"name\":\"Comment\",\"target\":[\"https:\/\/noticiaempauta.com\/portal\/prefeito-dr-wilton-e-vice-filo-barro-sao-empossados-em-massape-do-piaui\/#respond\"]}]},{\"@type\":\"WebPage\",\"@id\":\"https:\/\/noticiaempauta.com\/portal\/prefeito-dr-wilton-e-vice-filo-barro-sao-empossados-em-massape-do-piaui\/\",\"url\":\"https:\/\/noticiaempauta.com\/portal\/prefeito-dr-wilton-e-vice-filo-barro-sao-empossados-em-massape-do-piaui\/\",\"name\":\"Prefeito Dr. Wilton e vice Fil\u00f4 Barros s\u00e3o empossados em Massap\u00ea do Piau\u00ed - Portal Not\u00edcia em Pauta\",\"isPartOf\":{\"@id\":\"https:\/\/noticiaempauta.com\/portal\/#website\"},\"primaryImageOfPage\":{\"@id\":\"https:\/\/noticiaempauta.com\/portal\/prefeito-dr-wilton-e-vice-filo-barro-sao-empossados-em-massape-do-piaui\/#primaryimage\"},\"image\":{\"@id\":\"https:\/\/noticiaempauta.com\/portal\/prefeito-dr-wilton-e-vice-filo-barro-sao-empossados-em-massape-do-piaui\/#primaryimage\"},\"thumbnailUrl\":\"https:\/\/noticiaempauta.com\/portal\/wp-content\/uploads\/2025\/01\/batch_DSC_0746-1.jpg\",\"datePublished\":\"2025-01-02T19:22:26+00:00\",\"dateModified\":\"2025-01-02T19:46:17+00:00\",\"breadcrumb\":{\"@id\":\"https:\/\/noticiaempauta.com\/portal\/prefeito-dr-wilton-e-vice-filo-barro-sao-empossados-em-massape-do-piaui\/#breadcrumb\"},\"inLanguage\":\"pt-BR\",\"potentialAction\":[{\"@type\":\"ReadAction\",\"target\":[\"https:\/\/noticiaempauta.com\/portal\/prefeito-dr-wilton-e-vice-filo-barro-sao-empossados-em-massape-do-piaui\/\"]}]},{\"@type\":\"ImageObject\",\"inLanguage\":\"pt-BR\",\"@id\":\"https:\/\/noticiaempauta.com\/portal\/prefeito-dr-wilton-e-vice-filo-barro-sao-empossados-em-massape-do-piaui\/#primaryimage\",\"url\":\"https:\/\/noticiaempauta.com\/portal\/wp-content\/uploads\/2025\/01\/batch_DSC_0746-1.jpg\",\"contentUrl\":\"https:\/\/noticiaempauta.com\/portal\/wp-content\/uploads\/2025\/01\/batch_DSC_0746-1.jpg\",\"width\":641,\"height\":438},{\"@type\":\"BreadcrumbList\",\"@id\":\"https:\/\/noticiaempauta.com\/portal\/prefeito-dr-wilton-e-vice-filo-barro-sao-empossados-em-massape-do-piaui\/#breadcrumb\",\"itemListElement\":[{\"@type\":\"ListItem\",\"position\":1,\"name\":\"P\u00e1gina Inicial\",\"item\":\"https:\/\/noticiaempauta.com\/portal\/\"},{\"@type\":\"ListItem\",\"position\":2,\"name\":\"Destaques\",\"item\":\"https:\/\/noticiaempauta.com\/portal\/destaques-site\/\"},{\"@type\":\"ListItem\",\"position\":3,\"name\":\"Prefeito Dr. Wilton e vice Fil\u00f4 Barros s\u00e3o empossados em Massap\u00ea do Piau\u00ed\"}]},{\"@type\":\"WebSite\",\"@id\":\"https:\/\/noticiaempauta.com\/portal\/#website\",\"url\":\"https:\/\/noticiaempauta.com\/portal\/\",\"name\":\"Portal Not\u00edcia em Pauta\",\"description\":\"Voc\u00ea bem informado\",\"publisher\":{\"@id\":\"https:\/\/noticiaempauta.com\/portal\/#organization\"},\"potentialAction\":[{\"@type\":\"SearchAction\",\"target\":{\"@type\":\"EntryPoint\",\"urlTemplate\":\"https:\/\/noticiaempauta.com\/portal\/?s={search_term_string}\"},\"query-input\":{\"@type\":\"PropertyValueSpecification\",\"valueRequired\":true,\"valueName\":\"search_term_string\"}}],\"inLanguage\":\"pt-BR\"},{\"@type\":\"Organization\",\"@id\":\"https:\/\/noticiaempauta.com\/portal\/#organization\",\"name\":\"Portal Not\u00edcia em Pauta\",\"url\":\"https:\/\/noticiaempauta.com\/portal\/\",\"logo\":{\"@type\":\"ImageObject\",\"inLanguage\":\"pt-BR\",\"@id\":\"https:\/\/noticiaempauta.com\/portal\/#\/schema\/logo\/image\/\",\"url\":\"https:\/\/noticiaempauta.com\/portal\/wp-content\/uploads\/2022\/08\/logomarca_tema.fw_.png\",\"contentUrl\":\"https:\/\/noticiaempauta.com\/portal\/wp-content\/uploads\/2022\/08\/logomarca_tema.fw_.png\",\"width\":400,\"height\":232,\"caption\":\"Portal Not\u00edcia em Pauta\"},\"image\":{\"@id\":\"https:\/\/noticiaempauta.com\/portal\/#\/schema\/logo\/image\/\"},\"sameAs\":[\"https:\/\/www.facebook.com\/Portal-Notcia-Em-Pauta-102292869264820\/\",\"https:\/\/www.instagram.com\/portalnoticiaempauta\/\"]},{\"@type\":\"Person\",\"@id\":\"https:\/\/noticiaempauta.com\/portal\/#\/schema\/person\/a74af43dd1ab3deca45f988c717d57ac\",\"name\":\"Reda\u00e7\u00e3o\",\"image\":{\"@type\":\"ImageObject\",\"inLanguage\":\"pt-BR\",\"@id\":\"https:\/\/noticiaempauta.com\/portal\/#\/schema\/person\/image\/\",\"url\":\"https:\/\/secure.gravatar.com\/avatar\/03179346ecce6cdfc13361603e8f54242a90e5cde8618fa23c5c00aa2b0aadf3?s=96&d=mm&r=g\",\"contentUrl\":\"https:\/\/secure.gravatar.com\/avatar\/03179346ecce6cdfc13361603e8f54242a90e5cde8618fa23c5c00aa2b0aadf3?s=96&d=mm&r=g\",\"caption\":\"Reda\u00e7\u00e3o\"},\"sameAs\":[\"https:\/\/noticiaempauta.com\/portal\/\"],\"url\":\"https:\/\/noticiaempauta.com\/portal\/author\/fernando\/\"}]}<\/script>\n<!-- \/ Yoast SEO Premium plugin. -->","yoast_head_json":{"title":"Prefeito Dr. Wilton e vice Fil\u00f4 Barros s\u00e3o empossados em Massap\u00ea do Piau\u00ed - Portal Not\u00edcia em Pauta","robots":{"index":"index","follow":"follow","max-snippet":"max-snippet:-1","max-image-preview":"max-image-preview:large","max-video-preview":"max-video-preview:-1"},"canonical":"https:\/\/noticiaempauta.com\/portal\/prefeito-dr-wilton-e-vice-filo-barro-sao-empossados-em-massape-do-piaui\/","og_locale":"pt_BR","og_type":"article","og_title":"Prefeito Dr. Wilton e vice Fil\u00f4 Barros s\u00e3o empossados em Massap\u00ea do Piau\u00ed","og_description":"O m\u00e9dico e prefeito eleito de Massap\u00ea do Piau\u00ed, Dr. Wilton, e o vice-prefeito Fil\u00f4 Barros foram empossados durante solenidade na noite desta quarta-feira, 01 de janeiro, o ato oficial aconteceu na Quadra Poliesportiva Odair Jos\u00e9 Veloso, na presen\u00e7a de familiares, amigos e correligion\u00e1rios pol\u00edticos que compareceram para prestigiar o evento. Eleito com ampla maioria [&hellip;]","og_url":"https:\/\/noticiaempauta.com\/portal\/prefeito-dr-wilton-e-vice-filo-barro-sao-empossados-em-massape-do-piaui\/","og_site_name":"Portal Not\u00edcia em Pauta","article_publisher":"https:\/\/www.facebook.com\/Portal-Notcia-Em-Pauta-102292869264820\/","article_published_time":"2025-01-02T19:22:26+00:00","article_modified_time":"2025-01-02T19:46:17+00:00","og_image":[{"width":641,"height":438,"url":"https:\/\/noticiaempauta.com\/portal\/wp-content\/uploads\/2025\/01\/batch_DSC_0746-1.jpg","type":"image\/jpeg"}],"author":"Reda\u00e7\u00e3o","twitter_card":"summary_large_image","twitter_misc":{"Escrito por":"Reda\u00e7\u00e3o","Est. tempo de leitura":"5 minutos"},"schema":{"@context":"https:\/\/schema.org","@graph":[{"@type":"Article","@id":"https:\/\/noticiaempauta.com\/portal\/prefeito-dr-wilton-e-vice-filo-barro-sao-empossados-em-massape-do-piaui\/#article","isPartOf":{"@id":"https:\/\/noticiaempauta.com\/portal\/prefeito-dr-wilton-e-vice-filo-barro-sao-empossados-em-massape-do-piaui\/"},"author":{"name":"Reda\u00e7\u00e3o","@id":"https:\/\/noticiaempauta.com\/portal\/#\/schema\/person\/a74af43dd1ab3deca45f988c717d57ac"},"headline":"Prefeito Dr. Wilton e vice Fil\u00f4 Barros s\u00e3o empossados em Massap\u00ea do Piau\u00ed","datePublished":"2025-01-02T19:22:26+00:00","dateModified":"2025-01-02T19:46:17+00:00","mainEntityOfPage":{"@id":"https:\/\/noticiaempauta.com\/portal\/prefeito-dr-wilton-e-vice-filo-barro-sao-empossados-em-massape-do-piaui\/"},"wordCount":462,"commentCount":0,"publisher":{"@id":"https:\/\/noticiaempauta.com\/portal\/#organization"},"image":{"@id":"https:\/\/noticiaempauta.com\/portal\/prefeito-dr-wilton-e-vice-filo-barro-sao-empossados-em-massape-do-piaui\/#primaryimage"},"thumbnailUrl":"https:\/\/noticiaempauta.com\/portal\/wp-content\/uploads\/2025\/01\/batch_DSC_0746-1.jpg","keywords":["destaqueprincipal"],"articleSection":["Destaques","Geral","Munic\u00edpios","Pol\u00edtica","Todas as Not\u00edcias"],"inLanguage":"pt-BR","potentialAction":[{"@type":"CommentAction","name":"Comment","target":["https:\/\/noticiaempauta.com\/portal\/prefeito-dr-wilton-e-vice-filo-barro-sao-empossados-em-massape-do-piaui\/#respond"]}]},{"@type":"WebPage","@id":"https:\/\/noticiaempauta.com\/portal\/prefeito-dr-wilton-e-vice-filo-barro-sao-empossados-em-massape-do-piaui\/","url":"https:\/\/noticiaempauta.com\/portal\/prefeito-dr-wilton-e-vice-filo-barro-sao-empossados-em-massape-do-piaui\/","name":"Prefeito Dr. Wilton e vice Fil\u00f4 Barros s\u00e3o empossados em Massap\u00ea do Piau\u00ed - Portal Not\u00edcia em Pauta","isPartOf":{"@id":"https:\/\/noticiaempauta.com\/portal\/#website"},"primaryImageOfPage":{"@id":"https:\/\/noticiaempauta.com\/portal\/prefeito-dr-wilton-e-vice-filo-barro-sao-empossados-em-massape-do-piaui\/#primaryimage"},"image":{"@id":"https:\/\/noticiaempauta.com\/portal\/prefeito-dr-wilton-e-vice-filo-barro-sao-empossados-em-massape-do-piaui\/#primaryimage"},"thumbnailUrl":"https:\/\/noticiaempauta.com\/portal\/wp-content\/uploads\/2025\/01\/batch_DSC_0746-1.jpg","datePublished":"2025-01-02T19:22:26+00:00","dateModified":"2025-01-02T19:46:17+00:00","breadcrumb":{"@id":"https:\/\/noticiaempauta.com\/portal\/prefeito-dr-wilton-e-vice-filo-barro-sao-empossados-em-massape-do-piaui\/#breadcrumb"},"inLanguage":"pt-BR","potentialAction":[{"@type":"ReadAction","target":["https:\/\/noticiaempauta.com\/portal\/prefeito-dr-wilton-e-vice-filo-barro-sao-empossados-em-massape-do-piaui\/"]}]},{"@type":"ImageObject","inLanguage":"pt-BR","@id":"https:\/\/noticiaempauta.com\/portal\/prefeito-dr-wilton-e-vice-filo-barro-sao-empossados-em-massape-do-piaui\/#primaryimage","url":"https:\/\/noticiaempauta.com\/portal\/wp-content\/uploads\/2025\/01\/batch_DSC_0746-1.jpg","contentUrl":"https:\/\/noticiaempauta.com\/portal\/wp-content\/uploads\/2025\/01\/batch_DSC_0746-1.jpg","width":641,"height":438},{"@type":"BreadcrumbList","@id":"https:\/\/noticiaempauta.com\/portal\/prefeito-dr-wilton-e-vice-filo-barro-sao-empossados-em-massape-do-piaui\/#breadcrumb","itemListElement":[{"@type":"ListItem","position":1,"name":"P\u00e1gina Inicial","item":"https:\/\/noticiaempauta.com\/portal\/"},{"@type":"ListItem","position":2,"name":"Destaques","item":"https:\/\/noticiaempauta.com\/portal\/destaques-site\/"},{"@type":"ListItem","position":3,"name":"Prefeito Dr. Wilton e vice Fil\u00f4 Barros s\u00e3o empossados em Massap\u00ea do Piau\u00ed"}]},{"@type":"WebSite","@id":"https:\/\/noticiaempauta.com\/portal\/#website","url":"https:\/\/noticiaempauta.com\/portal\/","name":"Portal Not\u00edcia em Pauta","description":"Voc\u00ea bem informado","publisher":{"@id":"https:\/\/noticiaempauta.com\/portal\/#organization"},"potentialAction":[{"@type":"SearchAction","target":{"@type":"EntryPoint","urlTemplate":"https:\/\/noticiaempauta.com\/portal\/?s={search_term_string}"},"query-input":{"@type":"PropertyValueSpecification","valueRequired":true,"valueName":"search_term_string"}}],"inLanguage":"pt-BR"},{"@type":"Organization","@id":"https:\/\/noticiaempauta.com\/portal\/#organization","name":"Portal Not\u00edcia em Pauta","url":"https:\/\/noticiaempauta.com\/portal\/","logo":{"@type":"ImageObject","inLanguage":"pt-BR","@id":"https:\/\/noticiaempauta.com\/portal\/#\/schema\/logo\/image\/","url":"https:\/\/noticiaempauta.com\/portal\/wp-content\/uploads\/2022\/08\/logomarca_tema.fw_.png","contentUrl":"https:\/\/noticiaempauta.com\/portal\/wp-content\/uploads\/2022\/08\/logomarca_tema.fw_.png","width":400,"height":232,"caption":"Portal Not\u00edcia em Pauta"},"image":{"@id":"https:\/\/noticiaempauta.com\/portal\/#\/schema\/logo\/image\/"},"sameAs":["https:\/\/www.facebook.com\/Portal-Notcia-Em-Pauta-102292869264820\/","https:\/\/www.instagram.com\/portalnoticiaempauta\/"]},{"@type":"Person","@id":"https:\/\/noticiaempauta.com\/portal\/#\/schema\/person\/a74af43dd1ab3deca45f988c717d57ac","name":"Reda\u00e7\u00e3o","image":{"@type":"ImageObject","inLanguage":"pt-BR","@id":"https:\/\/noticiaempauta.com\/portal\/#\/schema\/person\/image\/","url":"https:\/\/secure.gravatar.com\/avatar\/03179346ecce6cdfc13361603e8f54242a90e5cde8618fa23c5c00aa2b0aadf3?s=96&d=mm&r=g","contentUrl":"https:\/\/secure.gravatar.com\/avatar\/03179346ecce6cdfc13361603e8f54242a90e5cde8618fa23c5c00aa2b0aadf3?s=96&d=mm&r=g","caption":"Reda\u00e7\u00e3o"},"sameAs":["https:\/\/noticiaempauta.com\/portal\/"],"url":"https:\/\/noticiaempauta.com\/portal\/author\/fernando\/"}]}},"_links":{"self":[{"href":"https:\/\/noticiaempauta.com\/portal\/wp-json\/wp\/v2\/posts\/266104","targetHints":{"allow":["GET"]}}],"collection":[{"href":"https:\/\/noticiaempauta.com\/portal\/wp-json\/wp\/v2\/posts"}],"about":[{"href":"https:\/\/noticiaempauta.com\/portal\/wp-json\/wp\/v2\/types\/post"}],"author":[{"embeddable":true,"href":"https:\/\/noticiaempauta.com\/portal\/wp-json\/wp\/v2\/users\/2"}],"replies":[{"embeddable":true,"href":"https:\/\/noticiaempauta.com\/portal\/wp-json\/wp\/v2\/comments?post=266104"}],"version-history":[{"count":9,"href":"https:\/\/noticiaempauta.com\/portal\/wp-json\/wp\/v2\/posts\/266104\/revisions"}],"predecessor-version":[{"id":266140,"href":"https:\/\/noticiaempauta.com\/portal\/wp-json\/wp\/v2\/posts\/266104\/revisions\/266140"}],"wp:featuredmedia":[{"embeddable":true,"href":"https:\/\/noticiaempauta.com\/portal\/wp-json\/wp\/v2\/media\/266131"}],"wp:attachment":[{"href":"https:\/\/noticiaempauta.com\/portal\/wp-json\/wp\/v2\/media?parent=266104"}],"wp:term":[{"taxonomy":"category","embeddable":true,"href":"https:\/\/noticiaempauta.com\/portal\/wp-json\/wp\/v2\/categories?post=266104"},{"taxonomy":"post_tag","embeddable":true,"href":"https:\/\/noticiaempauta.com\/portal\/wp-json\/wp\/v2\/tags?post=266104"}],"curies":[{"name":"wp","href":"https:\/\/api.w.org\/{rel}","templated":true}]}}