{"id":266157,"date":"2025-01-02T21:47:55","date_gmt":"2025-01-03T00:47:55","guid":{"rendered":"https:\/\/noticiaempauta.com\/portal\/?p=266157"},"modified":"2025-01-02T22:17:21","modified_gmt":"2025-01-03T01:17:21","slug":"picos-prefeito-pablo-santos-empossa-novos-secretarios-municipais","status":"publish","type":"post","link":"https:\/\/noticiaempauta.com\/portal\/picos-prefeito-pablo-santos-empossa-novos-secretarios-municipais\/","title":{"rendered":"PICOS: Prefeito Pablo Santos empossa novos secret\u00e1rios municipais"},"content":{"rendered":"\n<p>O prefeito municipal de Picos, Dr. Pablo Santos empossou no final da tarde desta quinta-feira (02) os novos secret\u00e1rios municipais de Picos. A solenidade aconteceu na sala de reuni\u00f5es da Prefeitura de Picos e contou com a presen\u00e7a de familiares e amigos do secretariado.<\/p>\n\n\n\n<figure class=\"wp-block-image size-large\"><img fetchpriority=\"high\" decoding=\"async\" width=\"1024\" height=\"683\" src=\"https:\/\/noticiaempauta.com\/portal\/wp-content\/uploads\/2025\/01\/IMG_8488-1024x683.jpeg\" alt=\"\" class=\"wp-image-266158\" srcset=\"https:\/\/noticiaempauta.com\/portal\/wp-content\/uploads\/2025\/01\/IMG_8488-1024x683.jpeg 1024w, https:\/\/noticiaempauta.com\/portal\/wp-content\/uploads\/2025\/01\/IMG_8488-300x200.jpeg 300w, https:\/\/noticiaempauta.com\/portal\/wp-content\/uploads\/2025\/01\/IMG_8488-768x512.jpeg 768w, https:\/\/noticiaempauta.com\/portal\/wp-content\/uploads\/2025\/01\/IMG_8488.jpeg 1200w\" sizes=\"(max-width: 1024px) 100vw, 1024px\" \/><\/figure>\n\n\n\n<p>O prefeito Dr. Pablo Santos destaca a import\u00e2ncia de empossar os novos gestores das pastas municipais, tendo em vista a necessidade de iniciar com urg\u00eancia os trabalhos na cidade de Picos.<\/p>\n\n\n\n<figure class=\"wp-block-image size-large\"><img decoding=\"async\" width=\"1024\" height=\"683\" src=\"https:\/\/noticiaempauta.com\/portal\/wp-content\/uploads\/2025\/01\/IMG_8489-1024x683.jpeg\" alt=\"\" class=\"wp-image-266159\" srcset=\"https:\/\/noticiaempauta.com\/portal\/wp-content\/uploads\/2025\/01\/IMG_8489-1024x683.jpeg 1024w, https:\/\/noticiaempauta.com\/portal\/wp-content\/uploads\/2025\/01\/IMG_8489-300x200.jpeg 300w, https:\/\/noticiaempauta.com\/portal\/wp-content\/uploads\/2025\/01\/IMG_8489-768x512.jpeg 768w, https:\/\/noticiaempauta.com\/portal\/wp-content\/uploads\/2025\/01\/IMG_8489.jpeg 1200w\" sizes=\"(max-width: 1024px) 100vw, 1024px\" \/><\/figure>\n\n\n\n<figure class=\"wp-block-image size-large\"><img decoding=\"async\" width=\"1024\" height=\"577\" src=\"https:\/\/noticiaempauta.com\/portal\/wp-content\/uploads\/2025\/01\/IMG_8490-1024x577.jpeg\" alt=\"\" class=\"wp-image-266160\" srcset=\"https:\/\/noticiaempauta.com\/portal\/wp-content\/uploads\/2025\/01\/IMG_8490-1024x577.jpeg 1024w, https:\/\/noticiaempauta.com\/portal\/wp-content\/uploads\/2025\/01\/IMG_8490-300x169.jpeg 300w, https:\/\/noticiaempauta.com\/portal\/wp-content\/uploads\/2025\/01\/IMG_8490-768x433.jpeg 768w, https:\/\/noticiaempauta.com\/portal\/wp-content\/uploads\/2025\/01\/IMG_8490.jpeg 1200w\" sizes=\"(max-width: 1024px) 100vw, 1024px\" \/><\/figure>\n\n\n\n<p>\u201c Estamos preocupados com as quest\u00f5es das chuvas no nosso munic\u00edpio. Hoje a meteorologia indica que a partir do dia 06 haver\u00e1 fortes chuvas aqui em Picos. Criamos um comit\u00ea emergencial entre as Secretarias de Defesa Civil, Obras, Limpeza P\u00fablica e Assist\u00eancia Social, para come\u00e7armos essas a\u00e7\u00f5es emergenciais\u201d, destaca.<\/p>\n\n\n\n<figure class=\"wp-block-image size-large\"><img loading=\"lazy\" decoding=\"async\" width=\"1024\" height=\"683\" src=\"https:\/\/noticiaempauta.com\/portal\/wp-content\/uploads\/2025\/01\/IMG_8491-1024x683.jpeg\" alt=\"\" class=\"wp-image-266161\" srcset=\"https:\/\/noticiaempauta.com\/portal\/wp-content\/uploads\/2025\/01\/IMG_8491-1024x683.jpeg 1024w, https:\/\/noticiaempauta.com\/portal\/wp-content\/uploads\/2025\/01\/IMG_8491-300x200.jpeg 300w, https:\/\/noticiaempauta.com\/portal\/wp-content\/uploads\/2025\/01\/IMG_8491-768x512.jpeg 768w, https:\/\/noticiaempauta.com\/portal\/wp-content\/uploads\/2025\/01\/IMG_8491.jpeg 1200w\" sizes=\"(max-width: 1024px) 100vw, 1024px\" \/><\/figure>\n\n\n\n<p>Em rela\u00e7\u00e3o \u00e0 Sa\u00fade, o gestor comenta que j\u00e1 est\u00e3o montando as equipes para reabrir todos os Postos de Sa\u00fade. \u201cO Deputado Thales que hoje est\u00e1 \u00e0 frente da pasta da Sa\u00fade, est\u00e1 com um grande desafio e miss\u00e3o, contudo, tenho certeza que com sua capacidade como gestor e m\u00e9dico vai olhar por todo povo de Picos\u201d, frisa.<\/p>\n\n\n\n<p><em><strong>Secret\u00e1rios Empossados<\/strong><\/em><\/p>\n\n\n\n<p>Ao todo, o Prefeito Dr. Pablo Santos, empossou 22 Secret\u00e1rios e Coordenadores municipais de Picos. Veja a lista completa!<\/p>\n\n\n\n<p>Thales Coelho \u2013 Secret\u00e1rio de Sa\u00fade<br>Mary Dantas \u2013 Secret\u00e1ria de Educa\u00e7\u00e3o<br>Waldemar J\u00fanior \u2013 Secret\u00e1rio de Governo<br>J\u00falio C\u00e9sar \u2013 Secret\u00e1rio de Finan\u00e7as<br>F\u00e1tima S\u00e1 \u2013 Secret\u00e1ria de Agricultura<br>Marlon Bezerra -Secret\u00e1rio de Obras<br>Sara Carvalho \u2013 Secret\u00e1ria de Meio Ambiente e Recursos H\u00eddricos<br>Leila Martins \u2013 Secret\u00e1ria de Planejamento<br>Milena Danda \u2013 Secret\u00e1ria de Administra\u00e7\u00e3o<br>Sibely Martins \u2013 Secret\u00e1ria de Cultura<br>Camila Luz \u2013 Secret\u00e1ria de Defesa Civil<br>Michelly Saunders \u2013 Secret\u00e1ria de Desenvolvimento Econ\u00f4mico<br>Paulo J\u00fanior \u2013 Secret\u00e1rio de Servi\u00e7os P\u00fablicos<br>Edvaldo Filho \u2013 Secrt\u00e1rio de Tr\u00e2nsito, Transporte e Mobilidade Urbana<br>Luzifrank J\u00fanior de Sousa \u2013 Secret\u00e1rio de Assist\u00eancia Social (Interino)<br>Espedito Neiva \u2013 Procurador Geral<\/p>\n\n\n\n<p>J\u00fanior Alves \u2013 Coordenador de Comunica\u00e7\u00e3o<br>Filomeno Portela \u2013 Chefe de Gabinete<br>Celene de Moura \u2013 Tesoureira<br>Juliana Gon\u00e7alves \u2013 Controladora&nbsp;Geral<\/p>\n\n\n\n<p><em>Ascom \/ Portal T\u00f4 de Olho<\/em><\/p>\n","protected":false},"excerpt":{"rendered":"<p>O prefeito municipal de Picos, Dr. Pablo Santos empossou no final da tarde desta quinta-feira (02) os novos secret\u00e1rios municipais de Picos. A solenidade aconteceu na sala de reuni\u00f5es da Prefeitura de Picos e contou com a presen\u00e7a de familiares e amigos do secretariado. O prefeito Dr. Pablo Santos destaca a import\u00e2ncia de empossar os [&hellip;]<\/p>\n","protected":false},"author":2,"featured_media":266158,"comment_status":"open","ping_status":"open","sticky":false,"template":"","format":"standard","meta":{"_mi_skip_tracking":false,"footnotes":""},"categories":[25,1,16],"tags":[192],"class_list":["post-266157","post","type-post","status-publish","format-standard","has-post-thumbnail","hentry","category-destaques-site","category-geral","category-todas","tag-destaqueprincipal"],"acf":[],"yoast_head":"<!-- This site is optimized with the Yoast SEO Premium plugin v19.2 (Yoast SEO v26.9) - https:\/\/yoast.com\/product\/yoast-seo-premium-wordpress\/ -->\n<title>PICOS: Prefeito Pablo Santos empossa novos secret\u00e1rios municipais - Portal Not\u00edcia em Pauta<\/title>\n<meta name=\"robots\" content=\"index, follow, max-snippet:-1, max-image-preview:large, max-video-preview:-1\" \/>\n<link rel=\"canonical\" href=\"https:\/\/noticiaempauta.com\/portal\/picos-prefeito-pablo-santos-empossa-novos-secretarios-municipais\/\" \/>\n<meta property=\"og:locale\" content=\"pt_BR\" \/>\n<meta property=\"og:type\" content=\"article\" \/>\n<meta property=\"og:title\" content=\"PICOS: Prefeito Pablo Santos empossa novos secret\u00e1rios municipais\" \/>\n<meta property=\"og:description\" content=\"O prefeito municipal de Picos, Dr. Pablo Santos empossou no final da tarde desta quinta-feira (02) os novos secret\u00e1rios municipais de Picos. A solenidade aconteceu na sala de reuni\u00f5es da Prefeitura de Picos e contou com a presen\u00e7a de familiares e amigos do secretariado. O prefeito Dr. Pablo Santos destaca a import\u00e2ncia de empossar os [&hellip;]\" \/>\n<meta property=\"og:url\" content=\"https:\/\/noticiaempauta.com\/portal\/picos-prefeito-pablo-santos-empossa-novos-secretarios-municipais\/\" \/>\n<meta property=\"og:site_name\" content=\"Portal Not\u00edcia em Pauta\" \/>\n<meta property=\"article:publisher\" content=\"https:\/\/www.facebook.com\/Portal-Notcia-Em-Pauta-102292869264820\/\" \/>\n<meta property=\"article:published_time\" content=\"2025-01-03T00:47:55+00:00\" \/>\n<meta property=\"article:modified_time\" content=\"2025-01-03T01:17:21+00:00\" \/>\n<meta property=\"og:image\" content=\"https:\/\/noticiaempauta.com\/portal\/wp-content\/uploads\/2025\/01\/IMG_8488.jpeg\" \/>\n\t<meta property=\"og:image:width\" content=\"1200\" \/>\n\t<meta property=\"og:image:height\" content=\"800\" \/>\n\t<meta property=\"og:image:type\" content=\"image\/jpeg\" \/>\n<meta name=\"author\" content=\"Reda\u00e7\u00e3o\" \/>\n<meta name=\"twitter:card\" content=\"summary_large_image\" \/>\n<meta name=\"twitter:label1\" content=\"Escrito por\" \/>\n\t<meta name=\"twitter:data1\" content=\"Reda\u00e7\u00e3o\" \/>\n\t<meta name=\"twitter:label2\" content=\"Est. tempo de leitura\" \/>\n\t<meta name=\"twitter:data2\" content=\"3 minutos\" \/>\n<script type=\"application\/ld+json\" class=\"yoast-schema-graph\">{\"@context\":\"https:\/\/schema.org\",\"@graph\":[{\"@type\":\"Article\",\"@id\":\"https:\/\/noticiaempauta.com\/portal\/picos-prefeito-pablo-santos-empossa-novos-secretarios-municipais\/#article\",\"isPartOf\":{\"@id\":\"https:\/\/noticiaempauta.com\/portal\/picos-prefeito-pablo-santos-empossa-novos-secretarios-municipais\/\"},\"author\":{\"name\":\"Reda\u00e7\u00e3o\",\"@id\":\"https:\/\/noticiaempauta.com\/portal\/#\/schema\/person\/a74af43dd1ab3deca45f988c717d57ac\"},\"headline\":\"PICOS: Prefeito Pablo Santos empossa novos secret\u00e1rios municipais\",\"datePublished\":\"2025-01-03T00:47:55+00:00\",\"dateModified\":\"2025-01-03T01:17:21+00:00\",\"mainEntityOfPage\":{\"@id\":\"https:\/\/noticiaempauta.com\/portal\/picos-prefeito-pablo-santos-empossa-novos-secretarios-municipais\/\"},\"wordCount\":361,\"commentCount\":0,\"publisher\":{\"@id\":\"https:\/\/noticiaempauta.com\/portal\/#organization\"},\"image\":{\"@id\":\"https:\/\/noticiaempauta.com\/portal\/picos-prefeito-pablo-santos-empossa-novos-secretarios-municipais\/#primaryimage\"},\"thumbnailUrl\":\"https:\/\/noticiaempauta.com\/portal\/wp-content\/uploads\/2025\/01\/IMG_8488.jpeg\",\"keywords\":[\"destaqueprincipal\"],\"articleSection\":[\"Destaques\",\"Geral\",\"Todas as Not\u00edcias\"],\"inLanguage\":\"pt-BR\",\"potentialAction\":[{\"@type\":\"CommentAction\",\"name\":\"Comment\",\"target\":[\"https:\/\/noticiaempauta.com\/portal\/picos-prefeito-pablo-santos-empossa-novos-secretarios-municipais\/#respond\"]}]},{\"@type\":\"WebPage\",\"@id\":\"https:\/\/noticiaempauta.com\/portal\/picos-prefeito-pablo-santos-empossa-novos-secretarios-municipais\/\",\"url\":\"https:\/\/noticiaempauta.com\/portal\/picos-prefeito-pablo-santos-empossa-novos-secretarios-municipais\/\",\"name\":\"PICOS: Prefeito Pablo Santos empossa novos secret\u00e1rios municipais - Portal Not\u00edcia em Pauta\",\"isPartOf\":{\"@id\":\"https:\/\/noticiaempauta.com\/portal\/#website\"},\"primaryImageOfPage\":{\"@id\":\"https:\/\/noticiaempauta.com\/portal\/picos-prefeito-pablo-santos-empossa-novos-secretarios-municipais\/#primaryimage\"},\"image\":{\"@id\":\"https:\/\/noticiaempauta.com\/portal\/picos-prefeito-pablo-santos-empossa-novos-secretarios-municipais\/#primaryimage\"},\"thumbnailUrl\":\"https:\/\/noticiaempauta.com\/portal\/wp-content\/uploads\/2025\/01\/IMG_8488.jpeg\",\"datePublished\":\"2025-01-03T00:47:55+00:00\",\"dateModified\":\"2025-01-03T01:17:21+00:00\",\"breadcrumb\":{\"@id\":\"https:\/\/noticiaempauta.com\/portal\/picos-prefeito-pablo-santos-empossa-novos-secretarios-municipais\/#breadcrumb\"},\"inLanguage\":\"pt-BR\",\"potentialAction\":[{\"@type\":\"ReadAction\",\"target\":[\"https:\/\/noticiaempauta.com\/portal\/picos-prefeito-pablo-santos-empossa-novos-secretarios-municipais\/\"]}]},{\"@type\":\"ImageObject\",\"inLanguage\":\"pt-BR\",\"@id\":\"https:\/\/noticiaempauta.com\/portal\/picos-prefeito-pablo-santos-empossa-novos-secretarios-municipais\/#primaryimage\",\"url\":\"https:\/\/noticiaempauta.com\/portal\/wp-content\/uploads\/2025\/01\/IMG_8488.jpeg\",\"contentUrl\":\"https:\/\/noticiaempauta.com\/portal\/wp-content\/uploads\/2025\/01\/IMG_8488.jpeg\",\"width\":1200,\"height\":800},{\"@type\":\"BreadcrumbList\",\"@id\":\"https:\/\/noticiaempauta.com\/portal\/picos-prefeito-pablo-santos-empossa-novos-secretarios-municipais\/#breadcrumb\",\"itemListElement\":[{\"@type\":\"ListItem\",\"position\":1,\"name\":\"P\u00e1gina Inicial\",\"item\":\"https:\/\/noticiaempauta.com\/portal\/\"},{\"@type\":\"ListItem\",\"position\":2,\"name\":\"Destaques\",\"item\":\"https:\/\/noticiaempauta.com\/portal\/destaques-site\/\"},{\"@type\":\"ListItem\",\"position\":3,\"name\":\"PICOS: Prefeito Pablo Santos empossa novos secret\u00e1rios municipais\"}]},{\"@type\":\"WebSite\",\"@id\":\"https:\/\/noticiaempauta.com\/portal\/#website\",\"url\":\"https:\/\/noticiaempauta.com\/portal\/\",\"name\":\"Portal Not\u00edcia em Pauta\",\"description\":\"Voc\u00ea bem informado\",\"publisher\":{\"@id\":\"https:\/\/noticiaempauta.com\/portal\/#organization\"},\"potentialAction\":[{\"@type\":\"SearchAction\",\"target\":{\"@type\":\"EntryPoint\",\"urlTemplate\":\"https:\/\/noticiaempauta.com\/portal\/?s={search_term_string}\"},\"query-input\":{\"@type\":\"PropertyValueSpecification\",\"valueRequired\":true,\"valueName\":\"search_term_string\"}}],\"inLanguage\":\"pt-BR\"},{\"@type\":\"Organization\",\"@id\":\"https:\/\/noticiaempauta.com\/portal\/#organization\",\"name\":\"Portal Not\u00edcia em Pauta\",\"url\":\"https:\/\/noticiaempauta.com\/portal\/\",\"logo\":{\"@type\":\"ImageObject\",\"inLanguage\":\"pt-BR\",\"@id\":\"https:\/\/noticiaempauta.com\/portal\/#\/schema\/logo\/image\/\",\"url\":\"https:\/\/noticiaempauta.com\/portal\/wp-content\/uploads\/2022\/08\/logomarca_tema.fw_.png\",\"contentUrl\":\"https:\/\/noticiaempauta.com\/portal\/wp-content\/uploads\/2022\/08\/logomarca_tema.fw_.png\",\"width\":400,\"height\":232,\"caption\":\"Portal Not\u00edcia em Pauta\"},\"image\":{\"@id\":\"https:\/\/noticiaempauta.com\/portal\/#\/schema\/logo\/image\/\"},\"sameAs\":[\"https:\/\/www.facebook.com\/Portal-Notcia-Em-Pauta-102292869264820\/\",\"https:\/\/www.instagram.com\/portalnoticiaempauta\/\"]},{\"@type\":\"Person\",\"@id\":\"https:\/\/noticiaempauta.com\/portal\/#\/schema\/person\/a74af43dd1ab3deca45f988c717d57ac\",\"name\":\"Reda\u00e7\u00e3o\",\"image\":{\"@type\":\"ImageObject\",\"inLanguage\":\"pt-BR\",\"@id\":\"https:\/\/noticiaempauta.com\/portal\/#\/schema\/person\/image\/\",\"url\":\"https:\/\/secure.gravatar.com\/avatar\/03179346ecce6cdfc13361603e8f54242a90e5cde8618fa23c5c00aa2b0aadf3?s=96&d=mm&r=g\",\"contentUrl\":\"https:\/\/secure.gravatar.com\/avatar\/03179346ecce6cdfc13361603e8f54242a90e5cde8618fa23c5c00aa2b0aadf3?s=96&d=mm&r=g\",\"caption\":\"Reda\u00e7\u00e3o\"},\"sameAs\":[\"https:\/\/noticiaempauta.com\/portal\/\"],\"url\":\"https:\/\/noticiaempauta.com\/portal\/author\/fernando\/\"}]}<\/script>\n<!-- \/ Yoast SEO Premium plugin. -->","yoast_head_json":{"title":"PICOS: Prefeito Pablo Santos empossa novos secret\u00e1rios municipais - Portal Not\u00edcia em Pauta","robots":{"index":"index","follow":"follow","max-snippet":"max-snippet:-1","max-image-preview":"max-image-preview:large","max-video-preview":"max-video-preview:-1"},"canonical":"https:\/\/noticiaempauta.com\/portal\/picos-prefeito-pablo-santos-empossa-novos-secretarios-municipais\/","og_locale":"pt_BR","og_type":"article","og_title":"PICOS: Prefeito Pablo Santos empossa novos secret\u00e1rios municipais","og_description":"O prefeito municipal de Picos, Dr. Pablo Santos empossou no final da tarde desta quinta-feira (02) os novos secret\u00e1rios municipais de Picos. A solenidade aconteceu na sala de reuni\u00f5es da Prefeitura de Picos e contou com a presen\u00e7a de familiares e amigos do secretariado. O prefeito Dr. Pablo Santos destaca a import\u00e2ncia de empossar os [&hellip;]","og_url":"https:\/\/noticiaempauta.com\/portal\/picos-prefeito-pablo-santos-empossa-novos-secretarios-municipais\/","og_site_name":"Portal Not\u00edcia em Pauta","article_publisher":"https:\/\/www.facebook.com\/Portal-Notcia-Em-Pauta-102292869264820\/","article_published_time":"2025-01-03T00:47:55+00:00","article_modified_time":"2025-01-03T01:17:21+00:00","og_image":[{"width":1200,"height":800,"url":"https:\/\/noticiaempauta.com\/portal\/wp-content\/uploads\/2025\/01\/IMG_8488.jpeg","type":"image\/jpeg"}],"author":"Reda\u00e7\u00e3o","twitter_card":"summary_large_image","twitter_misc":{"Escrito por":"Reda\u00e7\u00e3o","Est. tempo de leitura":"3 minutos"},"schema":{"@context":"https:\/\/schema.org","@graph":[{"@type":"Article","@id":"https:\/\/noticiaempauta.com\/portal\/picos-prefeito-pablo-santos-empossa-novos-secretarios-municipais\/#article","isPartOf":{"@id":"https:\/\/noticiaempauta.com\/portal\/picos-prefeito-pablo-santos-empossa-novos-secretarios-municipais\/"},"author":{"name":"Reda\u00e7\u00e3o","@id":"https:\/\/noticiaempauta.com\/portal\/#\/schema\/person\/a74af43dd1ab3deca45f988c717d57ac"},"headline":"PICOS: Prefeito Pablo Santos empossa novos secret\u00e1rios municipais","datePublished":"2025-01-03T00:47:55+00:00","dateModified":"2025-01-03T01:17:21+00:00","mainEntityOfPage":{"@id":"https:\/\/noticiaempauta.com\/portal\/picos-prefeito-pablo-santos-empossa-novos-secretarios-municipais\/"},"wordCount":361,"commentCount":0,"publisher":{"@id":"https:\/\/noticiaempauta.com\/portal\/#organization"},"image":{"@id":"https:\/\/noticiaempauta.com\/portal\/picos-prefeito-pablo-santos-empossa-novos-secretarios-municipais\/#primaryimage"},"thumbnailUrl":"https:\/\/noticiaempauta.com\/portal\/wp-content\/uploads\/2025\/01\/IMG_8488.jpeg","keywords":["destaqueprincipal"],"articleSection":["Destaques","Geral","Todas as Not\u00edcias"],"inLanguage":"pt-BR","potentialAction":[{"@type":"CommentAction","name":"Comment","target":["https:\/\/noticiaempauta.com\/portal\/picos-prefeito-pablo-santos-empossa-novos-secretarios-municipais\/#respond"]}]},{"@type":"WebPage","@id":"https:\/\/noticiaempauta.com\/portal\/picos-prefeito-pablo-santos-empossa-novos-secretarios-municipais\/","url":"https:\/\/noticiaempauta.com\/portal\/picos-prefeito-pablo-santos-empossa-novos-secretarios-municipais\/","name":"PICOS: Prefeito Pablo Santos empossa novos secret\u00e1rios municipais - Portal Not\u00edcia em Pauta","isPartOf":{"@id":"https:\/\/noticiaempauta.com\/portal\/#website"},"primaryImageOfPage":{"@id":"https:\/\/noticiaempauta.com\/portal\/picos-prefeito-pablo-santos-empossa-novos-secretarios-municipais\/#primaryimage"},"image":{"@id":"https:\/\/noticiaempauta.com\/portal\/picos-prefeito-pablo-santos-empossa-novos-secretarios-municipais\/#primaryimage"},"thumbnailUrl":"https:\/\/noticiaempauta.com\/portal\/wp-content\/uploads\/2025\/01\/IMG_8488.jpeg","datePublished":"2025-01-03T00:47:55+00:00","dateModified":"2025-01-03T01:17:21+00:00","breadcrumb":{"@id":"https:\/\/noticiaempauta.com\/portal\/picos-prefeito-pablo-santos-empossa-novos-secretarios-municipais\/#breadcrumb"},"inLanguage":"pt-BR","potentialAction":[{"@type":"ReadAction","target":["https:\/\/noticiaempauta.com\/portal\/picos-prefeito-pablo-santos-empossa-novos-secretarios-municipais\/"]}]},{"@type":"ImageObject","inLanguage":"pt-BR","@id":"https:\/\/noticiaempauta.com\/portal\/picos-prefeito-pablo-santos-empossa-novos-secretarios-municipais\/#primaryimage","url":"https:\/\/noticiaempauta.com\/portal\/wp-content\/uploads\/2025\/01\/IMG_8488.jpeg","contentUrl":"https:\/\/noticiaempauta.com\/portal\/wp-content\/uploads\/2025\/01\/IMG_8488.jpeg","width":1200,"height":800},{"@type":"BreadcrumbList","@id":"https:\/\/noticiaempauta.com\/portal\/picos-prefeito-pablo-santos-empossa-novos-secretarios-municipais\/#breadcrumb","itemListElement":[{"@type":"ListItem","position":1,"name":"P\u00e1gina Inicial","item":"https:\/\/noticiaempauta.com\/portal\/"},{"@type":"ListItem","position":2,"name":"Destaques","item":"https:\/\/noticiaempauta.com\/portal\/destaques-site\/"},{"@type":"ListItem","position":3,"name":"PICOS: Prefeito Pablo Santos empossa novos secret\u00e1rios municipais"}]},{"@type":"WebSite","@id":"https:\/\/noticiaempauta.com\/portal\/#website","url":"https:\/\/noticiaempauta.com\/portal\/","name":"Portal Not\u00edcia em Pauta","description":"Voc\u00ea bem informado","publisher":{"@id":"https:\/\/noticiaempauta.com\/portal\/#organization"},"potentialAction":[{"@type":"SearchAction","target":{"@type":"EntryPoint","urlTemplate":"https:\/\/noticiaempauta.com\/portal\/?s={search_term_string}"},"query-input":{"@type":"PropertyValueSpecification","valueRequired":true,"valueName":"search_term_string"}}],"inLanguage":"pt-BR"},{"@type":"Organization","@id":"https:\/\/noticiaempauta.com\/portal\/#organization","name":"Portal Not\u00edcia em Pauta","url":"https:\/\/noticiaempauta.com\/portal\/","logo":{"@type":"ImageObject","inLanguage":"pt-BR","@id":"https:\/\/noticiaempauta.com\/portal\/#\/schema\/logo\/image\/","url":"https:\/\/noticiaempauta.com\/portal\/wp-content\/uploads\/2022\/08\/logomarca_tema.fw_.png","contentUrl":"https:\/\/noticiaempauta.com\/portal\/wp-content\/uploads\/2022\/08\/logomarca_tema.fw_.png","width":400,"height":232,"caption":"Portal Not\u00edcia em Pauta"},"image":{"@id":"https:\/\/noticiaempauta.com\/portal\/#\/schema\/logo\/image\/"},"sameAs":["https:\/\/www.facebook.com\/Portal-Notcia-Em-Pauta-102292869264820\/","https:\/\/www.instagram.com\/portalnoticiaempauta\/"]},{"@type":"Person","@id":"https:\/\/noticiaempauta.com\/portal\/#\/schema\/person\/a74af43dd1ab3deca45f988c717d57ac","name":"Reda\u00e7\u00e3o","image":{"@type":"ImageObject","inLanguage":"pt-BR","@id":"https:\/\/noticiaempauta.com\/portal\/#\/schema\/person\/image\/","url":"https:\/\/secure.gravatar.com\/avatar\/03179346ecce6cdfc13361603e8f54242a90e5cde8618fa23c5c00aa2b0aadf3?s=96&d=mm&r=g","contentUrl":"https:\/\/secure.gravatar.com\/avatar\/03179346ecce6cdfc13361603e8f54242a90e5cde8618fa23c5c00aa2b0aadf3?s=96&d=mm&r=g","caption":"Reda\u00e7\u00e3o"},"sameAs":["https:\/\/noticiaempauta.com\/portal\/"],"url":"https:\/\/noticiaempauta.com\/portal\/author\/fernando\/"}]}},"_links":{"self":[{"href":"https:\/\/noticiaempauta.com\/portal\/wp-json\/wp\/v2\/posts\/266157","targetHints":{"allow":["GET"]}}],"collection":[{"href":"https:\/\/noticiaempauta.com\/portal\/wp-json\/wp\/v2\/posts"}],"about":[{"href":"https:\/\/noticiaempauta.com\/portal\/wp-json\/wp\/v2\/types\/post"}],"author":[{"embeddable":true,"href":"https:\/\/noticiaempauta.com\/portal\/wp-json\/wp\/v2\/users\/2"}],"replies":[{"embeddable":true,"href":"https:\/\/noticiaempauta.com\/portal\/wp-json\/wp\/v2\/comments?post=266157"}],"version-history":[{"count":3,"href":"https:\/\/noticiaempauta.com\/portal\/wp-json\/wp\/v2\/posts\/266157\/revisions"}],"predecessor-version":[{"id":266164,"href":"https:\/\/noticiaempauta.com\/portal\/wp-json\/wp\/v2\/posts\/266157\/revisions\/266164"}],"wp:featuredmedia":[{"embeddable":true,"href":"https:\/\/noticiaempauta.com\/portal\/wp-json\/wp\/v2\/media\/266158"}],"wp:attachment":[{"href":"https:\/\/noticiaempauta.com\/portal\/wp-json\/wp\/v2\/media?parent=266157"}],"wp:term":[{"taxonomy":"category","embeddable":true,"href":"https:\/\/noticiaempauta.com\/portal\/wp-json\/wp\/v2\/categories?post=266157"},{"taxonomy":"post_tag","embeddable":true,"href":"https:\/\/noticiaempauta.com\/portal\/wp-json\/wp\/v2\/tags?post=266157"}],"curies":[{"name":"wp","href":"https:\/\/api.w.org\/{rel}","templated":true}]}}