{"id":266197,"date":"2025-01-04T09:04:50","date_gmt":"2025-01-04T12:04:50","guid":{"rendered":"https:\/\/noticiaempauta.com\/portal\/?p=266197"},"modified":"2025-02-14T09:19:11","modified_gmt":"2025-02-14T12:19:11","slug":"acao-pede-a-cassacao-do-prefeito-adonaldo-e-do-vice-marquinhos-de-santana-do-piaui","status":"publish","type":"post","link":"https:\/\/noticiaempauta.com\/portal\/acao-pede-a-cassacao-do-prefeito-adonaldo-e-do-vice-marquinhos-de-santana-do-piaui\/","title":{"rendered":"A\u00e7\u00e3o pede a cassa\u00e7\u00e3o do prefeito Adonaldo e do vice Marquinhos, de Santana do Piau\u00ed"},"content":{"rendered":"\n<p>Uma A\u00e7\u00e3o de Impugna\u00e7\u00e3o de Mandato Eletivo (AIME) foi ajuizada contra o prefeito de Santana do Piau\u00ed, Adonaldo Cassiano (Solidariedade) e seu vice, Marquinhos. A a\u00e7\u00e3o foi protocolada na 62\u00ba Zona eleitoral de Picos-PI, o processo n\u00ba 0600496-41.2024.6.18.0062, que tramita em segredo de justi\u00e7a foi protocolado pelo Diret\u00f3rio Municipal do Movimento Democr\u00e1tico Brasileiro (MDB) de Santana do Piau\u00ed.<\/p>\n\n\n\n<figure class=\"wp-block-image size-full\"><img fetchpriority=\"high\" decoding=\"async\" width=\"1170\" height=\"1018\" src=\"https:\/\/noticiaempauta.com\/portal\/wp-content\/uploads\/2025\/01\/IMG_8604.jpeg\" alt=\"\" class=\"wp-image-266201\" srcset=\"https:\/\/noticiaempauta.com\/portal\/wp-content\/uploads\/2025\/01\/IMG_8604.jpeg 1170w, https:\/\/noticiaempauta.com\/portal\/wp-content\/uploads\/2025\/01\/IMG_8604-300x261.jpeg 300w, https:\/\/noticiaempauta.com\/portal\/wp-content\/uploads\/2025\/01\/IMG_8604-1024x891.jpeg 1024w, https:\/\/noticiaempauta.com\/portal\/wp-content\/uploads\/2025\/01\/IMG_8604-768x668.jpeg 768w\" sizes=\"(max-width: 1170px) 100vw, 1170px\" \/><figcaption class=\"wp-element-caption\"><em>Prefeito Adonaldo Cassiano e seu Vice Marquinhos (Foto: Reprodu\u00e7\u00e3o)<\/em><\/figcaption><\/figure>\n\n\n\n<p>O diret\u00f3rio municipal do MDB pede a cassa\u00e7\u00e3o do mandato do prefeito e seu vice, alegando em suma que, as pr\u00e1ticas denunciadas, dentre elas a pr\u00e1tica de abuso de poder pol\u00edtico e econ\u00f4mico, comprometeram a lisura do processo eleitoral e a igualdade de condi\u00e7\u00f5es entre os candidatos.<\/p>\n\n\n\n<p>O caso est\u00e1 sob an\u00e1lise do Ju\u00edzo da 62\u00ba Zona Eleitoral de Picos, que dever\u00e1 avaliar as evid\u00eancias apresentadas e decidir sobre a proced\u00eancia da a\u00e7\u00e3o. Se comprovadas as alega\u00e7\u00f5es, as consequ\u00eancias podem ser significativas, incluindo a poss\u00edvel cassa\u00e7\u00e3o dos mandatos e a inelegibilidade dos r\u00e9us.<\/p>\n\n\n\n<p><strong>Outro lado<\/strong><\/p>\n\n\n\n<p><em>O espa\u00e7o est\u00e1 aberto para maiores esclarecimentos.<\/em><\/p>\n","protected":false},"excerpt":{"rendered":"<p>Uma A\u00e7\u00e3o de Impugna\u00e7\u00e3o de Mandato Eletivo (AIME) foi ajuizada contra o prefeito de Santana do Piau\u00ed, Adonaldo Cassiano (Solidariedade) e seu vice, Marquinhos. A a\u00e7\u00e3o foi protocolada na 62\u00ba Zona eleitoral de Picos-PI, o processo n\u00ba 0600496-41.2024.6.18.0062, que tramita em segredo de justi\u00e7a foi protocolado pelo Diret\u00f3rio Municipal do Movimento Democr\u00e1tico Brasileiro (MDB) de [&hellip;]<\/p>\n","protected":false},"author":2,"featured_media":266201,"comment_status":"open","ping_status":"open","sticky":false,"template":"","format":"standard","meta":{"_mi_skip_tracking":false,"footnotes":""},"categories":[1],"tags":[],"class_list":["post-266197","post","type-post","status-publish","format-standard","has-post-thumbnail","hentry","category-geral"],"acf":[],"yoast_head":"<!-- This site is optimized with the Yoast SEO Premium plugin v19.2 (Yoast SEO v26.9) - https:\/\/yoast.com\/product\/yoast-seo-premium-wordpress\/ -->\n<title>A\u00e7\u00e3o pede a cassa\u00e7\u00e3o do prefeito Adonaldo e do vice Marquinhos, de Santana do Piau\u00ed - Portal Not\u00edcia em Pauta<\/title>\n<meta name=\"robots\" content=\"index, follow, max-snippet:-1, max-image-preview:large, max-video-preview:-1\" \/>\n<link rel=\"canonical\" href=\"https:\/\/noticiaempauta.com\/portal\/acao-pede-a-cassacao-do-prefeito-adonaldo-e-do-vice-marquinhos-de-santana-do-piaui\/\" \/>\n<meta property=\"og:locale\" content=\"pt_BR\" \/>\n<meta property=\"og:type\" content=\"article\" \/>\n<meta property=\"og:title\" content=\"A\u00e7\u00e3o pede a cassa\u00e7\u00e3o do prefeito Adonaldo e do vice Marquinhos, de Santana do Piau\u00ed\" \/>\n<meta property=\"og:description\" content=\"Uma A\u00e7\u00e3o de Impugna\u00e7\u00e3o de Mandato Eletivo (AIME) foi ajuizada contra o prefeito de Santana do Piau\u00ed, Adonaldo Cassiano (Solidariedade) e seu vice, Marquinhos. A a\u00e7\u00e3o foi protocolada na 62\u00ba Zona eleitoral de Picos-PI, o processo n\u00ba 0600496-41.2024.6.18.0062, que tramita em segredo de justi\u00e7a foi protocolado pelo Diret\u00f3rio Municipal do Movimento Democr\u00e1tico Brasileiro (MDB) de [&hellip;]\" \/>\n<meta property=\"og:url\" content=\"https:\/\/noticiaempauta.com\/portal\/acao-pede-a-cassacao-do-prefeito-adonaldo-e-do-vice-marquinhos-de-santana-do-piaui\/\" \/>\n<meta property=\"og:site_name\" content=\"Portal Not\u00edcia em Pauta\" \/>\n<meta property=\"article:publisher\" content=\"https:\/\/www.facebook.com\/Portal-Notcia-Em-Pauta-102292869264820\/\" \/>\n<meta property=\"article:published_time\" content=\"2025-01-04T12:04:50+00:00\" \/>\n<meta property=\"article:modified_time\" content=\"2025-02-14T12:19:11+00:00\" \/>\n<meta property=\"og:image\" content=\"https:\/\/noticiaempauta.com\/portal\/wp-content\/uploads\/2025\/01\/IMG_8604.jpeg\" \/>\n\t<meta property=\"og:image:width\" content=\"1170\" \/>\n\t<meta property=\"og:image:height\" content=\"1018\" \/>\n\t<meta property=\"og:image:type\" content=\"image\/jpeg\" \/>\n<meta name=\"author\" content=\"Reda\u00e7\u00e3o\" \/>\n<meta name=\"twitter:card\" content=\"summary_large_image\" \/>\n<meta name=\"twitter:label1\" content=\"Escrito por\" \/>\n\t<meta name=\"twitter:data1\" content=\"Reda\u00e7\u00e3o\" \/>\n\t<meta name=\"twitter:label2\" content=\"Est. tempo de leitura\" \/>\n\t<meta name=\"twitter:data2\" content=\"2 minutos\" \/>\n<script type=\"application\/ld+json\" class=\"yoast-schema-graph\">{\"@context\":\"https:\/\/schema.org\",\"@graph\":[{\"@type\":\"Article\",\"@id\":\"https:\/\/noticiaempauta.com\/portal\/acao-pede-a-cassacao-do-prefeito-adonaldo-e-do-vice-marquinhos-de-santana-do-piaui\/#article\",\"isPartOf\":{\"@id\":\"https:\/\/noticiaempauta.com\/portal\/acao-pede-a-cassacao-do-prefeito-adonaldo-e-do-vice-marquinhos-de-santana-do-piaui\/\"},\"author\":{\"name\":\"Reda\u00e7\u00e3o\",\"@id\":\"https:\/\/noticiaempauta.com\/portal\/#\/schema\/person\/a74af43dd1ab3deca45f988c717d57ac\"},\"headline\":\"A\u00e7\u00e3o pede a cassa\u00e7\u00e3o do prefeito Adonaldo e do vice Marquinhos, de Santana do Piau\u00ed\",\"datePublished\":\"2025-01-04T12:04:50+00:00\",\"dateModified\":\"2025-02-14T12:19:11+00:00\",\"mainEntityOfPage\":{\"@id\":\"https:\/\/noticiaempauta.com\/portal\/acao-pede-a-cassacao-do-prefeito-adonaldo-e-do-vice-marquinhos-de-santana-do-piaui\/\"},\"wordCount\":209,\"commentCount\":0,\"publisher\":{\"@id\":\"https:\/\/noticiaempauta.com\/portal\/#organization\"},\"image\":{\"@id\":\"https:\/\/noticiaempauta.com\/portal\/acao-pede-a-cassacao-do-prefeito-adonaldo-e-do-vice-marquinhos-de-santana-do-piaui\/#primaryimage\"},\"thumbnailUrl\":\"https:\/\/noticiaempauta.com\/portal\/wp-content\/uploads\/2025\/01\/IMG_8604.jpeg\",\"articleSection\":[\"Geral\"],\"inLanguage\":\"pt-BR\",\"potentialAction\":[{\"@type\":\"CommentAction\",\"name\":\"Comment\",\"target\":[\"https:\/\/noticiaempauta.com\/portal\/acao-pede-a-cassacao-do-prefeito-adonaldo-e-do-vice-marquinhos-de-santana-do-piaui\/#respond\"]}]},{\"@type\":\"WebPage\",\"@id\":\"https:\/\/noticiaempauta.com\/portal\/acao-pede-a-cassacao-do-prefeito-adonaldo-e-do-vice-marquinhos-de-santana-do-piaui\/\",\"url\":\"https:\/\/noticiaempauta.com\/portal\/acao-pede-a-cassacao-do-prefeito-adonaldo-e-do-vice-marquinhos-de-santana-do-piaui\/\",\"name\":\"A\u00e7\u00e3o pede a cassa\u00e7\u00e3o do prefeito Adonaldo e do vice Marquinhos, de Santana do Piau\u00ed - Portal Not\u00edcia em Pauta\",\"isPartOf\":{\"@id\":\"https:\/\/noticiaempauta.com\/portal\/#website\"},\"primaryImageOfPage\":{\"@id\":\"https:\/\/noticiaempauta.com\/portal\/acao-pede-a-cassacao-do-prefeito-adonaldo-e-do-vice-marquinhos-de-santana-do-piaui\/#primaryimage\"},\"image\":{\"@id\":\"https:\/\/noticiaempauta.com\/portal\/acao-pede-a-cassacao-do-prefeito-adonaldo-e-do-vice-marquinhos-de-santana-do-piaui\/#primaryimage\"},\"thumbnailUrl\":\"https:\/\/noticiaempauta.com\/portal\/wp-content\/uploads\/2025\/01\/IMG_8604.jpeg\",\"datePublished\":\"2025-01-04T12:04:50+00:00\",\"dateModified\":\"2025-02-14T12:19:11+00:00\",\"breadcrumb\":{\"@id\":\"https:\/\/noticiaempauta.com\/portal\/acao-pede-a-cassacao-do-prefeito-adonaldo-e-do-vice-marquinhos-de-santana-do-piaui\/#breadcrumb\"},\"inLanguage\":\"pt-BR\",\"potentialAction\":[{\"@type\":\"ReadAction\",\"target\":[\"https:\/\/noticiaempauta.com\/portal\/acao-pede-a-cassacao-do-prefeito-adonaldo-e-do-vice-marquinhos-de-santana-do-piaui\/\"]}]},{\"@type\":\"ImageObject\",\"inLanguage\":\"pt-BR\",\"@id\":\"https:\/\/noticiaempauta.com\/portal\/acao-pede-a-cassacao-do-prefeito-adonaldo-e-do-vice-marquinhos-de-santana-do-piaui\/#primaryimage\",\"url\":\"https:\/\/noticiaempauta.com\/portal\/wp-content\/uploads\/2025\/01\/IMG_8604.jpeg\",\"contentUrl\":\"https:\/\/noticiaempauta.com\/portal\/wp-content\/uploads\/2025\/01\/IMG_8604.jpeg\",\"width\":1170,\"height\":1018,\"caption\":\"Screenshot\"},{\"@type\":\"BreadcrumbList\",\"@id\":\"https:\/\/noticiaempauta.com\/portal\/acao-pede-a-cassacao-do-prefeito-adonaldo-e-do-vice-marquinhos-de-santana-do-piaui\/#breadcrumb\",\"itemListElement\":[{\"@type\":\"ListItem\",\"position\":1,\"name\":\"P\u00e1gina Inicial\",\"item\":\"https:\/\/noticiaempauta.com\/portal\/\"},{\"@type\":\"ListItem\",\"position\":2,\"name\":\"Geral\",\"item\":\"https:\/\/noticiaempauta.com\/portal\/geral\/\"},{\"@type\":\"ListItem\",\"position\":3,\"name\":\"A\u00e7\u00e3o pede a cassa\u00e7\u00e3o do prefeito Adonaldo e do vice Marquinhos, de Santana do Piau\u00ed\"}]},{\"@type\":\"WebSite\",\"@id\":\"https:\/\/noticiaempauta.com\/portal\/#website\",\"url\":\"https:\/\/noticiaempauta.com\/portal\/\",\"name\":\"Portal Not\u00edcia em Pauta\",\"description\":\"Voc\u00ea bem informado\",\"publisher\":{\"@id\":\"https:\/\/noticiaempauta.com\/portal\/#organization\"},\"potentialAction\":[{\"@type\":\"SearchAction\",\"target\":{\"@type\":\"EntryPoint\",\"urlTemplate\":\"https:\/\/noticiaempauta.com\/portal\/?s={search_term_string}\"},\"query-input\":{\"@type\":\"PropertyValueSpecification\",\"valueRequired\":true,\"valueName\":\"search_term_string\"}}],\"inLanguage\":\"pt-BR\"},{\"@type\":\"Organization\",\"@id\":\"https:\/\/noticiaempauta.com\/portal\/#organization\",\"name\":\"Portal Not\u00edcia em Pauta\",\"url\":\"https:\/\/noticiaempauta.com\/portal\/\",\"logo\":{\"@type\":\"ImageObject\",\"inLanguage\":\"pt-BR\",\"@id\":\"https:\/\/noticiaempauta.com\/portal\/#\/schema\/logo\/image\/\",\"url\":\"https:\/\/noticiaempauta.com\/portal\/wp-content\/uploads\/2022\/08\/logomarca_tema.fw_.png\",\"contentUrl\":\"https:\/\/noticiaempauta.com\/portal\/wp-content\/uploads\/2022\/08\/logomarca_tema.fw_.png\",\"width\":400,\"height\":232,\"caption\":\"Portal Not\u00edcia em Pauta\"},\"image\":{\"@id\":\"https:\/\/noticiaempauta.com\/portal\/#\/schema\/logo\/image\/\"},\"sameAs\":[\"https:\/\/www.facebook.com\/Portal-Notcia-Em-Pauta-102292869264820\/\",\"https:\/\/www.instagram.com\/portalnoticiaempauta\/\"]},{\"@type\":\"Person\",\"@id\":\"https:\/\/noticiaempauta.com\/portal\/#\/schema\/person\/a74af43dd1ab3deca45f988c717d57ac\",\"name\":\"Reda\u00e7\u00e3o\",\"image\":{\"@type\":\"ImageObject\",\"inLanguage\":\"pt-BR\",\"@id\":\"https:\/\/noticiaempauta.com\/portal\/#\/schema\/person\/image\/\",\"url\":\"https:\/\/secure.gravatar.com\/avatar\/03179346ecce6cdfc13361603e8f54242a90e5cde8618fa23c5c00aa2b0aadf3?s=96&d=mm&r=g\",\"contentUrl\":\"https:\/\/secure.gravatar.com\/avatar\/03179346ecce6cdfc13361603e8f54242a90e5cde8618fa23c5c00aa2b0aadf3?s=96&d=mm&r=g\",\"caption\":\"Reda\u00e7\u00e3o\"},\"sameAs\":[\"https:\/\/noticiaempauta.com\/portal\/\"],\"url\":\"https:\/\/noticiaempauta.com\/portal\/author\/fernando\/\"}]}<\/script>\n<!-- \/ Yoast SEO Premium plugin. -->","yoast_head_json":{"title":"A\u00e7\u00e3o pede a cassa\u00e7\u00e3o do prefeito Adonaldo e do vice Marquinhos, de Santana do Piau\u00ed - Portal Not\u00edcia em Pauta","robots":{"index":"index","follow":"follow","max-snippet":"max-snippet:-1","max-image-preview":"max-image-preview:large","max-video-preview":"max-video-preview:-1"},"canonical":"https:\/\/noticiaempauta.com\/portal\/acao-pede-a-cassacao-do-prefeito-adonaldo-e-do-vice-marquinhos-de-santana-do-piaui\/","og_locale":"pt_BR","og_type":"article","og_title":"A\u00e7\u00e3o pede a cassa\u00e7\u00e3o do prefeito Adonaldo e do vice Marquinhos, de Santana do Piau\u00ed","og_description":"Uma A\u00e7\u00e3o de Impugna\u00e7\u00e3o de Mandato Eletivo (AIME) foi ajuizada contra o prefeito de Santana do Piau\u00ed, Adonaldo Cassiano (Solidariedade) e seu vice, Marquinhos. A a\u00e7\u00e3o foi protocolada na 62\u00ba Zona eleitoral de Picos-PI, o processo n\u00ba 0600496-41.2024.6.18.0062, que tramita em segredo de justi\u00e7a foi protocolado pelo Diret\u00f3rio Municipal do Movimento Democr\u00e1tico Brasileiro (MDB) de [&hellip;]","og_url":"https:\/\/noticiaempauta.com\/portal\/acao-pede-a-cassacao-do-prefeito-adonaldo-e-do-vice-marquinhos-de-santana-do-piaui\/","og_site_name":"Portal Not\u00edcia em Pauta","article_publisher":"https:\/\/www.facebook.com\/Portal-Notcia-Em-Pauta-102292869264820\/","article_published_time":"2025-01-04T12:04:50+00:00","article_modified_time":"2025-02-14T12:19:11+00:00","og_image":[{"width":1170,"height":1018,"url":"https:\/\/noticiaempauta.com\/portal\/wp-content\/uploads\/2025\/01\/IMG_8604.jpeg","type":"image\/jpeg"}],"author":"Reda\u00e7\u00e3o","twitter_card":"summary_large_image","twitter_misc":{"Escrito por":"Reda\u00e7\u00e3o","Est. tempo de leitura":"2 minutos"},"schema":{"@context":"https:\/\/schema.org","@graph":[{"@type":"Article","@id":"https:\/\/noticiaempauta.com\/portal\/acao-pede-a-cassacao-do-prefeito-adonaldo-e-do-vice-marquinhos-de-santana-do-piaui\/#article","isPartOf":{"@id":"https:\/\/noticiaempauta.com\/portal\/acao-pede-a-cassacao-do-prefeito-adonaldo-e-do-vice-marquinhos-de-santana-do-piaui\/"},"author":{"name":"Reda\u00e7\u00e3o","@id":"https:\/\/noticiaempauta.com\/portal\/#\/schema\/person\/a74af43dd1ab3deca45f988c717d57ac"},"headline":"A\u00e7\u00e3o pede a cassa\u00e7\u00e3o do prefeito Adonaldo e do vice Marquinhos, de Santana do Piau\u00ed","datePublished":"2025-01-04T12:04:50+00:00","dateModified":"2025-02-14T12:19:11+00:00","mainEntityOfPage":{"@id":"https:\/\/noticiaempauta.com\/portal\/acao-pede-a-cassacao-do-prefeito-adonaldo-e-do-vice-marquinhos-de-santana-do-piaui\/"},"wordCount":209,"commentCount":0,"publisher":{"@id":"https:\/\/noticiaempauta.com\/portal\/#organization"},"image":{"@id":"https:\/\/noticiaempauta.com\/portal\/acao-pede-a-cassacao-do-prefeito-adonaldo-e-do-vice-marquinhos-de-santana-do-piaui\/#primaryimage"},"thumbnailUrl":"https:\/\/noticiaempauta.com\/portal\/wp-content\/uploads\/2025\/01\/IMG_8604.jpeg","articleSection":["Geral"],"inLanguage":"pt-BR","potentialAction":[{"@type":"CommentAction","name":"Comment","target":["https:\/\/noticiaempauta.com\/portal\/acao-pede-a-cassacao-do-prefeito-adonaldo-e-do-vice-marquinhos-de-santana-do-piaui\/#respond"]}]},{"@type":"WebPage","@id":"https:\/\/noticiaempauta.com\/portal\/acao-pede-a-cassacao-do-prefeito-adonaldo-e-do-vice-marquinhos-de-santana-do-piaui\/","url":"https:\/\/noticiaempauta.com\/portal\/acao-pede-a-cassacao-do-prefeito-adonaldo-e-do-vice-marquinhos-de-santana-do-piaui\/","name":"A\u00e7\u00e3o pede a cassa\u00e7\u00e3o do prefeito Adonaldo e do vice Marquinhos, de Santana do Piau\u00ed - Portal Not\u00edcia em Pauta","isPartOf":{"@id":"https:\/\/noticiaempauta.com\/portal\/#website"},"primaryImageOfPage":{"@id":"https:\/\/noticiaempauta.com\/portal\/acao-pede-a-cassacao-do-prefeito-adonaldo-e-do-vice-marquinhos-de-santana-do-piaui\/#primaryimage"},"image":{"@id":"https:\/\/noticiaempauta.com\/portal\/acao-pede-a-cassacao-do-prefeito-adonaldo-e-do-vice-marquinhos-de-santana-do-piaui\/#primaryimage"},"thumbnailUrl":"https:\/\/noticiaempauta.com\/portal\/wp-content\/uploads\/2025\/01\/IMG_8604.jpeg","datePublished":"2025-01-04T12:04:50+00:00","dateModified":"2025-02-14T12:19:11+00:00","breadcrumb":{"@id":"https:\/\/noticiaempauta.com\/portal\/acao-pede-a-cassacao-do-prefeito-adonaldo-e-do-vice-marquinhos-de-santana-do-piaui\/#breadcrumb"},"inLanguage":"pt-BR","potentialAction":[{"@type":"ReadAction","target":["https:\/\/noticiaempauta.com\/portal\/acao-pede-a-cassacao-do-prefeito-adonaldo-e-do-vice-marquinhos-de-santana-do-piaui\/"]}]},{"@type":"ImageObject","inLanguage":"pt-BR","@id":"https:\/\/noticiaempauta.com\/portal\/acao-pede-a-cassacao-do-prefeito-adonaldo-e-do-vice-marquinhos-de-santana-do-piaui\/#primaryimage","url":"https:\/\/noticiaempauta.com\/portal\/wp-content\/uploads\/2025\/01\/IMG_8604.jpeg","contentUrl":"https:\/\/noticiaempauta.com\/portal\/wp-content\/uploads\/2025\/01\/IMG_8604.jpeg","width":1170,"height":1018,"caption":"Screenshot"},{"@type":"BreadcrumbList","@id":"https:\/\/noticiaempauta.com\/portal\/acao-pede-a-cassacao-do-prefeito-adonaldo-e-do-vice-marquinhos-de-santana-do-piaui\/#breadcrumb","itemListElement":[{"@type":"ListItem","position":1,"name":"P\u00e1gina Inicial","item":"https:\/\/noticiaempauta.com\/portal\/"},{"@type":"ListItem","position":2,"name":"Geral","item":"https:\/\/noticiaempauta.com\/portal\/geral\/"},{"@type":"ListItem","position":3,"name":"A\u00e7\u00e3o pede a cassa\u00e7\u00e3o do prefeito Adonaldo e do vice Marquinhos, de Santana do Piau\u00ed"}]},{"@type":"WebSite","@id":"https:\/\/noticiaempauta.com\/portal\/#website","url":"https:\/\/noticiaempauta.com\/portal\/","name":"Portal Not\u00edcia em Pauta","description":"Voc\u00ea bem informado","publisher":{"@id":"https:\/\/noticiaempauta.com\/portal\/#organization"},"potentialAction":[{"@type":"SearchAction","target":{"@type":"EntryPoint","urlTemplate":"https:\/\/noticiaempauta.com\/portal\/?s={search_term_string}"},"query-input":{"@type":"PropertyValueSpecification","valueRequired":true,"valueName":"search_term_string"}}],"inLanguage":"pt-BR"},{"@type":"Organization","@id":"https:\/\/noticiaempauta.com\/portal\/#organization","name":"Portal Not\u00edcia em Pauta","url":"https:\/\/noticiaempauta.com\/portal\/","logo":{"@type":"ImageObject","inLanguage":"pt-BR","@id":"https:\/\/noticiaempauta.com\/portal\/#\/schema\/logo\/image\/","url":"https:\/\/noticiaempauta.com\/portal\/wp-content\/uploads\/2022\/08\/logomarca_tema.fw_.png","contentUrl":"https:\/\/noticiaempauta.com\/portal\/wp-content\/uploads\/2022\/08\/logomarca_tema.fw_.png","width":400,"height":232,"caption":"Portal Not\u00edcia em Pauta"},"image":{"@id":"https:\/\/noticiaempauta.com\/portal\/#\/schema\/logo\/image\/"},"sameAs":["https:\/\/www.facebook.com\/Portal-Notcia-Em-Pauta-102292869264820\/","https:\/\/www.instagram.com\/portalnoticiaempauta\/"]},{"@type":"Person","@id":"https:\/\/noticiaempauta.com\/portal\/#\/schema\/person\/a74af43dd1ab3deca45f988c717d57ac","name":"Reda\u00e7\u00e3o","image":{"@type":"ImageObject","inLanguage":"pt-BR","@id":"https:\/\/noticiaempauta.com\/portal\/#\/schema\/person\/image\/","url":"https:\/\/secure.gravatar.com\/avatar\/03179346ecce6cdfc13361603e8f54242a90e5cde8618fa23c5c00aa2b0aadf3?s=96&d=mm&r=g","contentUrl":"https:\/\/secure.gravatar.com\/avatar\/03179346ecce6cdfc13361603e8f54242a90e5cde8618fa23c5c00aa2b0aadf3?s=96&d=mm&r=g","caption":"Reda\u00e7\u00e3o"},"sameAs":["https:\/\/noticiaempauta.com\/portal\/"],"url":"https:\/\/noticiaempauta.com\/portal\/author\/fernando\/"}]}},"_links":{"self":[{"href":"https:\/\/noticiaempauta.com\/portal\/wp-json\/wp\/v2\/posts\/266197","targetHints":{"allow":["GET"]}}],"collection":[{"href":"https:\/\/noticiaempauta.com\/portal\/wp-json\/wp\/v2\/posts"}],"about":[{"href":"https:\/\/noticiaempauta.com\/portal\/wp-json\/wp\/v2\/types\/post"}],"author":[{"embeddable":true,"href":"https:\/\/noticiaempauta.com\/portal\/wp-json\/wp\/v2\/users\/2"}],"replies":[{"embeddable":true,"href":"https:\/\/noticiaempauta.com\/portal\/wp-json\/wp\/v2\/comments?post=266197"}],"version-history":[{"count":3,"href":"https:\/\/noticiaempauta.com\/portal\/wp-json\/wp\/v2\/posts\/266197\/revisions"}],"predecessor-version":[{"id":266202,"href":"https:\/\/noticiaempauta.com\/portal\/wp-json\/wp\/v2\/posts\/266197\/revisions\/266202"}],"wp:featuredmedia":[{"embeddable":true,"href":"https:\/\/noticiaempauta.com\/portal\/wp-json\/wp\/v2\/media\/266201"}],"wp:attachment":[{"href":"https:\/\/noticiaempauta.com\/portal\/wp-json\/wp\/v2\/media?parent=266197"}],"wp:term":[{"taxonomy":"category","embeddable":true,"href":"https:\/\/noticiaempauta.com\/portal\/wp-json\/wp\/v2\/categories?post=266197"},{"taxonomy":"post_tag","embeddable":true,"href":"https:\/\/noticiaempauta.com\/portal\/wp-json\/wp\/v2\/tags?post=266197"}],"curies":[{"name":"wp","href":"https:\/\/api.w.org\/{rel}","templated":true}]}}