{"id":266276,"date":"2025-01-07T10:07:41","date_gmt":"2025-01-07T13:07:41","guid":{"rendered":"https:\/\/noticiaempauta.com\/portal\/?p=266276"},"modified":"2025-01-07T10:09:30","modified_gmt":"2025-01-07T13:09:30","slug":"secretario-dr-thales-visita-ubs-e-anuncia-acoes-para-melhorias-no-atendimento","status":"publish","type":"post","link":"https:\/\/noticiaempauta.com\/portal\/secretario-dr-thales-visita-ubs-e-anuncia-acoes-para-melhorias-no-atendimento\/","title":{"rendered":"Secretario Dr. Thales visita UBS e anuncia a\u00e7\u00f5es para melhorias no atendimento"},"content":{"rendered":"\n<p>A Secretaria de Sa\u00fade de Picos informou que as atividades de marca\u00e7\u00e3o de exames e consultas ser\u00e3o retomadas nesta quinta-feira (09). A suspens\u00e3o provis\u00f3ria foi necess\u00e1ria para a atualiza\u00e7\u00e3o do sistema e o treinamento t\u00e9cnico das equipes respons\u00e1veis.<\/p>\n\n\n\n<figure class=\"wp-block-image size-large\"><img fetchpriority=\"high\" decoding=\"async\" width=\"1024\" height=\"1003\" src=\"https:\/\/noticiaempauta.com\/portal\/wp-content\/uploads\/2025\/01\/2eb2f134-3c5d-4c61-8953-9a960422651d-1024x1003.jpeg\" alt=\"\" class=\"wp-image-266278\" srcset=\"https:\/\/noticiaempauta.com\/portal\/wp-content\/uploads\/2025\/01\/2eb2f134-3c5d-4c61-8953-9a960422651d-1024x1003.jpeg 1024w, https:\/\/noticiaempauta.com\/portal\/wp-content\/uploads\/2025\/01\/2eb2f134-3c5d-4c61-8953-9a960422651d-300x294.jpeg 300w, https:\/\/noticiaempauta.com\/portal\/wp-content\/uploads\/2025\/01\/2eb2f134-3c5d-4c61-8953-9a960422651d-768x752.jpeg 768w, https:\/\/noticiaempauta.com\/portal\/wp-content\/uploads\/2025\/01\/2eb2f134-3c5d-4c61-8953-9a960422651d.jpeg 1179w\" sizes=\"(max-width: 1024px) 100vw, 1024px\" \/><\/figure>\n\n\n\n<p>Al\u00e9m disso, na sexta-feira (10), ser\u00e1 realizado um treinamento espec\u00edfico para os marcadores de consultas e exames dos munic\u00edpios do Vale do Rio Guaribas. O objetivo \u00e9 aumentar a efici\u00eancia e a agilidade no processo de marca\u00e7\u00e3o, beneficiando diretamente os usu\u00e1rios do sistema de sa\u00fade.<\/p>\n\n\n\n<p>De acordo com o secret\u00e1rio rec\u00e9m-empossado, Dr. Thales Coelho, a gest\u00e3o j\u00e1 realizou visitas t\u00e9cnicas em algumas UBS&#8217;s e anunciou reforma emergencial para as unidades. <\/p>\n\n\n\n<figure class=\"wp-block-image size-large\"><img decoding=\"async\" width=\"1024\" height=\"576\" src=\"https:\/\/noticiaempauta.com\/portal\/wp-content\/uploads\/2025\/01\/cff7779b-4f10-4d47-bf37-48c7e9a9bebc-1024x576.jpeg\" alt=\"\" class=\"wp-image-266279\" srcset=\"https:\/\/noticiaempauta.com\/portal\/wp-content\/uploads\/2025\/01\/cff7779b-4f10-4d47-bf37-48c7e9a9bebc-1024x576.jpeg 1024w, https:\/\/noticiaempauta.com\/portal\/wp-content\/uploads\/2025\/01\/cff7779b-4f10-4d47-bf37-48c7e9a9bebc-300x169.jpeg 300w, https:\/\/noticiaempauta.com\/portal\/wp-content\/uploads\/2025\/01\/cff7779b-4f10-4d47-bf37-48c7e9a9bebc-768x432.jpeg 768w, https:\/\/noticiaempauta.com\/portal\/wp-content\/uploads\/2025\/01\/cff7779b-4f10-4d47-bf37-48c7e9a9bebc-1536x864.jpeg 1536w, https:\/\/noticiaempauta.com\/portal\/wp-content\/uploads\/2025\/01\/cff7779b-4f10-4d47-bf37-48c7e9a9bebc-2048x1152.jpeg 2048w\" sizes=\"(max-width: 1024px) 100vw, 1024px\" \/><\/figure>\n\n\n\n<p>\u201cPercebemos grandes dificuldades estruturais nas UBS\u2019s. Ontem, realizamos visitas t\u00e9cnicas em duas unidades e j\u00e1 iniciamos reformas emergenciais para garantir a seguran\u00e7a e devolver o funcionamento pleno \u00e0 popula\u00e7\u00e3o o mais r\u00e1pido poss\u00edvel\u201d, afirmou o secret\u00e1rio.<\/p>\n\n\n\n<figure class=\"wp-block-image size-large\"><img decoding=\"async\" width=\"981\" height=\"1024\" src=\"https:\/\/noticiaempauta.com\/portal\/wp-content\/uploads\/2025\/01\/898ec57e-1544-43c8-9e43-8e6e7fbcd2f0-981x1024.jpeg\" alt=\"\" class=\"wp-image-266277\" srcset=\"https:\/\/noticiaempauta.com\/portal\/wp-content\/uploads\/2025\/01\/898ec57e-1544-43c8-9e43-8e6e7fbcd2f0-981x1024.jpeg 981w, https:\/\/noticiaempauta.com\/portal\/wp-content\/uploads\/2025\/01\/898ec57e-1544-43c8-9e43-8e6e7fbcd2f0-287x300.jpeg 287w, https:\/\/noticiaempauta.com\/portal\/wp-content\/uploads\/2025\/01\/898ec57e-1544-43c8-9e43-8e6e7fbcd2f0-768x802.jpeg 768w, https:\/\/noticiaempauta.com\/portal\/wp-content\/uploads\/2025\/01\/898ec57e-1544-43c8-9e43-8e6e7fbcd2f0.jpeg 1179w\" sizes=\"(max-width: 981px) 100vw, 981px\" \/><\/figure>\n\n\n\n<p>Dr. Thales tamb\u00e9m destacou as iniciativas voltadas para a melhoria nos servi\u00e7os prestados. \u201cEstamos trabalhando para otimizar o atendimento \u00e0 comunidade, como a capacita\u00e7\u00e3o das equipes e a atualiza\u00e7\u00e3o do sistema de marca\u00e7\u00e3o de consultas, a\u00e7\u00f5es que refletem nosso compromisso com a sa\u00fade p\u00fablica de Picos\u201d, concluiu.<\/p>\n\n\n\n<figure class=\"wp-block-image size-large\"><img loading=\"lazy\" decoding=\"async\" width=\"986\" height=\"1024\" src=\"https:\/\/noticiaempauta.com\/portal\/wp-content\/uploads\/2025\/01\/a020e342-007c-4bc6-96ef-cf965c2c6d15-986x1024.jpeg\" alt=\"\" class=\"wp-image-266280\" srcset=\"https:\/\/noticiaempauta.com\/portal\/wp-content\/uploads\/2025\/01\/a020e342-007c-4bc6-96ef-cf965c2c6d15-986x1024.jpeg 986w, https:\/\/noticiaempauta.com\/portal\/wp-content\/uploads\/2025\/01\/a020e342-007c-4bc6-96ef-cf965c2c6d15-289x300.jpeg 289w, https:\/\/noticiaempauta.com\/portal\/wp-content\/uploads\/2025\/01\/a020e342-007c-4bc6-96ef-cf965c2c6d15-768x797.jpeg 768w, https:\/\/noticiaempauta.com\/portal\/wp-content\/uploads\/2025\/01\/a020e342-007c-4bc6-96ef-cf965c2c6d15.jpeg 1179w\" sizes=\"(max-width: 986px) 100vw, 986px\" \/><\/figure>\n","protected":false},"excerpt":{"rendered":"<p>A Secretaria de Sa\u00fade de Picos informou que as atividades de marca\u00e7\u00e3o de exames e consultas ser\u00e3o retomadas nesta quinta-feira (09). A suspens\u00e3o provis\u00f3ria foi necess\u00e1ria para a atualiza\u00e7\u00e3o do sistema e o treinamento t\u00e9cnico das equipes respons\u00e1veis. Al\u00e9m disso, na sexta-feira (10), ser\u00e1 realizado um treinamento espec\u00edfico para os marcadores de consultas e exames [&hellip;]<\/p>\n","protected":false},"author":2,"featured_media":266282,"comment_status":"open","ping_status":"open","sticky":false,"template":"","format":"standard","meta":{"_mi_skip_tracking":false,"footnotes":""},"categories":[25,1,5,16],"tags":[],"class_list":["post-266276","post","type-post","status-publish","format-standard","has-post-thumbnail","hentry","category-destaques-site","category-geral","category-saude","category-todas"],"acf":[],"yoast_head":"<!-- This site is optimized with the Yoast SEO Premium plugin v19.2 (Yoast SEO v26.9) - https:\/\/yoast.com\/product\/yoast-seo-premium-wordpress\/ -->\n<title>Secretario Dr. Thales visita UBS e anuncia a\u00e7\u00f5es para melhorias no atendimento - Portal Not\u00edcia em Pauta<\/title>\n<meta name=\"robots\" content=\"index, follow, max-snippet:-1, max-image-preview:large, max-video-preview:-1\" \/>\n<link rel=\"canonical\" href=\"https:\/\/noticiaempauta.com\/portal\/secretario-dr-thales-visita-ubs-e-anuncia-acoes-para-melhorias-no-atendimento\/\" \/>\n<meta property=\"og:locale\" content=\"pt_BR\" \/>\n<meta property=\"og:type\" content=\"article\" \/>\n<meta property=\"og:title\" content=\"Secretario Dr. Thales visita UBS e anuncia a\u00e7\u00f5es para melhorias no atendimento\" \/>\n<meta property=\"og:description\" content=\"A Secretaria de Sa\u00fade de Picos informou que as atividades de marca\u00e7\u00e3o de exames e consultas ser\u00e3o retomadas nesta quinta-feira (09). A suspens\u00e3o provis\u00f3ria foi necess\u00e1ria para a atualiza\u00e7\u00e3o do sistema e o treinamento t\u00e9cnico das equipes respons\u00e1veis. Al\u00e9m disso, na sexta-feira (10), ser\u00e1 realizado um treinamento espec\u00edfico para os marcadores de consultas e exames [&hellip;]\" \/>\n<meta property=\"og:url\" content=\"https:\/\/noticiaempauta.com\/portal\/secretario-dr-thales-visita-ubs-e-anuncia-acoes-para-melhorias-no-atendimento\/\" \/>\n<meta property=\"og:site_name\" content=\"Portal Not\u00edcia em Pauta\" \/>\n<meta property=\"article:publisher\" content=\"https:\/\/www.facebook.com\/Portal-Notcia-Em-Pauta-102292869264820\/\" \/>\n<meta property=\"article:published_time\" content=\"2025-01-07T13:07:41+00:00\" \/>\n<meta property=\"article:modified_time\" content=\"2025-01-07T13:09:30+00:00\" \/>\n<meta property=\"og:image\" content=\"https:\/\/noticiaempauta.com\/portal\/wp-content\/uploads\/2025\/01\/898ec57e-1544-43c8-9e43-8e6e7fbcd2f0-1.jpeg\" \/>\n\t<meta property=\"og:image:width\" content=\"1179\" \/>\n\t<meta property=\"og:image:height\" content=\"919\" \/>\n\t<meta property=\"og:image:type\" content=\"image\/jpeg\" \/>\n<meta name=\"author\" content=\"Reda\u00e7\u00e3o\" \/>\n<meta name=\"twitter:card\" content=\"summary_large_image\" \/>\n<meta name=\"twitter:label1\" content=\"Escrito por\" \/>\n\t<meta name=\"twitter:data1\" content=\"Reda\u00e7\u00e3o\" \/>\n\t<meta name=\"twitter:label2\" content=\"Est. tempo de leitura\" \/>\n\t<meta name=\"twitter:data2\" content=\"3 minutos\" \/>\n<script type=\"application\/ld+json\" class=\"yoast-schema-graph\">{\"@context\":\"https:\/\/schema.org\",\"@graph\":[{\"@type\":\"Article\",\"@id\":\"https:\/\/noticiaempauta.com\/portal\/secretario-dr-thales-visita-ubs-e-anuncia-acoes-para-melhorias-no-atendimento\/#article\",\"isPartOf\":{\"@id\":\"https:\/\/noticiaempauta.com\/portal\/secretario-dr-thales-visita-ubs-e-anuncia-acoes-para-melhorias-no-atendimento\/\"},\"author\":{\"name\":\"Reda\u00e7\u00e3o\",\"@id\":\"https:\/\/noticiaempauta.com\/portal\/#\/schema\/person\/a74af43dd1ab3deca45f988c717d57ac\"},\"headline\":\"Secretario Dr. Thales visita UBS e anuncia a\u00e7\u00f5es para melhorias no atendimento\",\"datePublished\":\"2025-01-07T13:07:41+00:00\",\"dateModified\":\"2025-01-07T13:09:30+00:00\",\"mainEntityOfPage\":{\"@id\":\"https:\/\/noticiaempauta.com\/portal\/secretario-dr-thales-visita-ubs-e-anuncia-acoes-para-melhorias-no-atendimento\/\"},\"wordCount\":235,\"commentCount\":0,\"publisher\":{\"@id\":\"https:\/\/noticiaempauta.com\/portal\/#organization\"},\"image\":{\"@id\":\"https:\/\/noticiaempauta.com\/portal\/secretario-dr-thales-visita-ubs-e-anuncia-acoes-para-melhorias-no-atendimento\/#primaryimage\"},\"thumbnailUrl\":\"https:\/\/noticiaempauta.com\/portal\/wp-content\/uploads\/2025\/01\/898ec57e-1544-43c8-9e43-8e6e7fbcd2f0-1.jpeg\",\"articleSection\":[\"Destaques\",\"Geral\",\"Sa\u00fade\",\"Todas as Not\u00edcias\"],\"inLanguage\":\"pt-BR\",\"potentialAction\":[{\"@type\":\"CommentAction\",\"name\":\"Comment\",\"target\":[\"https:\/\/noticiaempauta.com\/portal\/secretario-dr-thales-visita-ubs-e-anuncia-acoes-para-melhorias-no-atendimento\/#respond\"]}]},{\"@type\":\"WebPage\",\"@id\":\"https:\/\/noticiaempauta.com\/portal\/secretario-dr-thales-visita-ubs-e-anuncia-acoes-para-melhorias-no-atendimento\/\",\"url\":\"https:\/\/noticiaempauta.com\/portal\/secretario-dr-thales-visita-ubs-e-anuncia-acoes-para-melhorias-no-atendimento\/\",\"name\":\"Secretario Dr. Thales visita UBS e anuncia a\u00e7\u00f5es para melhorias no atendimento - Portal Not\u00edcia em Pauta\",\"isPartOf\":{\"@id\":\"https:\/\/noticiaempauta.com\/portal\/#website\"},\"primaryImageOfPage\":{\"@id\":\"https:\/\/noticiaempauta.com\/portal\/secretario-dr-thales-visita-ubs-e-anuncia-acoes-para-melhorias-no-atendimento\/#primaryimage\"},\"image\":{\"@id\":\"https:\/\/noticiaempauta.com\/portal\/secretario-dr-thales-visita-ubs-e-anuncia-acoes-para-melhorias-no-atendimento\/#primaryimage\"},\"thumbnailUrl\":\"https:\/\/noticiaempauta.com\/portal\/wp-content\/uploads\/2025\/01\/898ec57e-1544-43c8-9e43-8e6e7fbcd2f0-1.jpeg\",\"datePublished\":\"2025-01-07T13:07:41+00:00\",\"dateModified\":\"2025-01-07T13:09:30+00:00\",\"breadcrumb\":{\"@id\":\"https:\/\/noticiaempauta.com\/portal\/secretario-dr-thales-visita-ubs-e-anuncia-acoes-para-melhorias-no-atendimento\/#breadcrumb\"},\"inLanguage\":\"pt-BR\",\"potentialAction\":[{\"@type\":\"ReadAction\",\"target\":[\"https:\/\/noticiaempauta.com\/portal\/secretario-dr-thales-visita-ubs-e-anuncia-acoes-para-melhorias-no-atendimento\/\"]}]},{\"@type\":\"ImageObject\",\"inLanguage\":\"pt-BR\",\"@id\":\"https:\/\/noticiaempauta.com\/portal\/secretario-dr-thales-visita-ubs-e-anuncia-acoes-para-melhorias-no-atendimento\/#primaryimage\",\"url\":\"https:\/\/noticiaempauta.com\/portal\/wp-content\/uploads\/2025\/01\/898ec57e-1544-43c8-9e43-8e6e7fbcd2f0-1.jpeg\",\"contentUrl\":\"https:\/\/noticiaempauta.com\/portal\/wp-content\/uploads\/2025\/01\/898ec57e-1544-43c8-9e43-8e6e7fbcd2f0-1.jpeg\",\"width\":1179,\"height\":919},{\"@type\":\"BreadcrumbList\",\"@id\":\"https:\/\/noticiaempauta.com\/portal\/secretario-dr-thales-visita-ubs-e-anuncia-acoes-para-melhorias-no-atendimento\/#breadcrumb\",\"itemListElement\":[{\"@type\":\"ListItem\",\"position\":1,\"name\":\"P\u00e1gina Inicial\",\"item\":\"https:\/\/noticiaempauta.com\/portal\/\"},{\"@type\":\"ListItem\",\"position\":2,\"name\":\"Destaques\",\"item\":\"https:\/\/noticiaempauta.com\/portal\/destaques-site\/\"},{\"@type\":\"ListItem\",\"position\":3,\"name\":\"Secretario Dr. Thales visita UBS e anuncia a\u00e7\u00f5es para melhorias no atendimento\"}]},{\"@type\":\"WebSite\",\"@id\":\"https:\/\/noticiaempauta.com\/portal\/#website\",\"url\":\"https:\/\/noticiaempauta.com\/portal\/\",\"name\":\"Portal Not\u00edcia em Pauta\",\"description\":\"Voc\u00ea bem informado\",\"publisher\":{\"@id\":\"https:\/\/noticiaempauta.com\/portal\/#organization\"},\"potentialAction\":[{\"@type\":\"SearchAction\",\"target\":{\"@type\":\"EntryPoint\",\"urlTemplate\":\"https:\/\/noticiaempauta.com\/portal\/?s={search_term_string}\"},\"query-input\":{\"@type\":\"PropertyValueSpecification\",\"valueRequired\":true,\"valueName\":\"search_term_string\"}}],\"inLanguage\":\"pt-BR\"},{\"@type\":\"Organization\",\"@id\":\"https:\/\/noticiaempauta.com\/portal\/#organization\",\"name\":\"Portal Not\u00edcia em Pauta\",\"url\":\"https:\/\/noticiaempauta.com\/portal\/\",\"logo\":{\"@type\":\"ImageObject\",\"inLanguage\":\"pt-BR\",\"@id\":\"https:\/\/noticiaempauta.com\/portal\/#\/schema\/logo\/image\/\",\"url\":\"https:\/\/noticiaempauta.com\/portal\/wp-content\/uploads\/2022\/08\/logomarca_tema.fw_.png\",\"contentUrl\":\"https:\/\/noticiaempauta.com\/portal\/wp-content\/uploads\/2022\/08\/logomarca_tema.fw_.png\",\"width\":400,\"height\":232,\"caption\":\"Portal Not\u00edcia em Pauta\"},\"image\":{\"@id\":\"https:\/\/noticiaempauta.com\/portal\/#\/schema\/logo\/image\/\"},\"sameAs\":[\"https:\/\/www.facebook.com\/Portal-Notcia-Em-Pauta-102292869264820\/\",\"https:\/\/www.instagram.com\/portalnoticiaempauta\/\"]},{\"@type\":\"Person\",\"@id\":\"https:\/\/noticiaempauta.com\/portal\/#\/schema\/person\/a74af43dd1ab3deca45f988c717d57ac\",\"name\":\"Reda\u00e7\u00e3o\",\"image\":{\"@type\":\"ImageObject\",\"inLanguage\":\"pt-BR\",\"@id\":\"https:\/\/noticiaempauta.com\/portal\/#\/schema\/person\/image\/\",\"url\":\"https:\/\/secure.gravatar.com\/avatar\/03179346ecce6cdfc13361603e8f54242a90e5cde8618fa23c5c00aa2b0aadf3?s=96&d=mm&r=g\",\"contentUrl\":\"https:\/\/secure.gravatar.com\/avatar\/03179346ecce6cdfc13361603e8f54242a90e5cde8618fa23c5c00aa2b0aadf3?s=96&d=mm&r=g\",\"caption\":\"Reda\u00e7\u00e3o\"},\"sameAs\":[\"https:\/\/noticiaempauta.com\/portal\/\"],\"url\":\"https:\/\/noticiaempauta.com\/portal\/author\/fernando\/\"}]}<\/script>\n<!-- \/ Yoast SEO Premium plugin. -->","yoast_head_json":{"title":"Secretario Dr. Thales visita UBS e anuncia a\u00e7\u00f5es para melhorias no atendimento - Portal Not\u00edcia em Pauta","robots":{"index":"index","follow":"follow","max-snippet":"max-snippet:-1","max-image-preview":"max-image-preview:large","max-video-preview":"max-video-preview:-1"},"canonical":"https:\/\/noticiaempauta.com\/portal\/secretario-dr-thales-visita-ubs-e-anuncia-acoes-para-melhorias-no-atendimento\/","og_locale":"pt_BR","og_type":"article","og_title":"Secretario Dr. Thales visita UBS e anuncia a\u00e7\u00f5es para melhorias no atendimento","og_description":"A Secretaria de Sa\u00fade de Picos informou que as atividades de marca\u00e7\u00e3o de exames e consultas ser\u00e3o retomadas nesta quinta-feira (09). A suspens\u00e3o provis\u00f3ria foi necess\u00e1ria para a atualiza\u00e7\u00e3o do sistema e o treinamento t\u00e9cnico das equipes respons\u00e1veis. Al\u00e9m disso, na sexta-feira (10), ser\u00e1 realizado um treinamento espec\u00edfico para os marcadores de consultas e exames [&hellip;]","og_url":"https:\/\/noticiaempauta.com\/portal\/secretario-dr-thales-visita-ubs-e-anuncia-acoes-para-melhorias-no-atendimento\/","og_site_name":"Portal Not\u00edcia em Pauta","article_publisher":"https:\/\/www.facebook.com\/Portal-Notcia-Em-Pauta-102292869264820\/","article_published_time":"2025-01-07T13:07:41+00:00","article_modified_time":"2025-01-07T13:09:30+00:00","og_image":[{"width":1179,"height":919,"url":"https:\/\/noticiaempauta.com\/portal\/wp-content\/uploads\/2025\/01\/898ec57e-1544-43c8-9e43-8e6e7fbcd2f0-1.jpeg","type":"image\/jpeg"}],"author":"Reda\u00e7\u00e3o","twitter_card":"summary_large_image","twitter_misc":{"Escrito por":"Reda\u00e7\u00e3o","Est. tempo de leitura":"3 minutos"},"schema":{"@context":"https:\/\/schema.org","@graph":[{"@type":"Article","@id":"https:\/\/noticiaempauta.com\/portal\/secretario-dr-thales-visita-ubs-e-anuncia-acoes-para-melhorias-no-atendimento\/#article","isPartOf":{"@id":"https:\/\/noticiaempauta.com\/portal\/secretario-dr-thales-visita-ubs-e-anuncia-acoes-para-melhorias-no-atendimento\/"},"author":{"name":"Reda\u00e7\u00e3o","@id":"https:\/\/noticiaempauta.com\/portal\/#\/schema\/person\/a74af43dd1ab3deca45f988c717d57ac"},"headline":"Secretario Dr. Thales visita UBS e anuncia a\u00e7\u00f5es para melhorias no atendimento","datePublished":"2025-01-07T13:07:41+00:00","dateModified":"2025-01-07T13:09:30+00:00","mainEntityOfPage":{"@id":"https:\/\/noticiaempauta.com\/portal\/secretario-dr-thales-visita-ubs-e-anuncia-acoes-para-melhorias-no-atendimento\/"},"wordCount":235,"commentCount":0,"publisher":{"@id":"https:\/\/noticiaempauta.com\/portal\/#organization"},"image":{"@id":"https:\/\/noticiaempauta.com\/portal\/secretario-dr-thales-visita-ubs-e-anuncia-acoes-para-melhorias-no-atendimento\/#primaryimage"},"thumbnailUrl":"https:\/\/noticiaempauta.com\/portal\/wp-content\/uploads\/2025\/01\/898ec57e-1544-43c8-9e43-8e6e7fbcd2f0-1.jpeg","articleSection":["Destaques","Geral","Sa\u00fade","Todas as Not\u00edcias"],"inLanguage":"pt-BR","potentialAction":[{"@type":"CommentAction","name":"Comment","target":["https:\/\/noticiaempauta.com\/portal\/secretario-dr-thales-visita-ubs-e-anuncia-acoes-para-melhorias-no-atendimento\/#respond"]}]},{"@type":"WebPage","@id":"https:\/\/noticiaempauta.com\/portal\/secretario-dr-thales-visita-ubs-e-anuncia-acoes-para-melhorias-no-atendimento\/","url":"https:\/\/noticiaempauta.com\/portal\/secretario-dr-thales-visita-ubs-e-anuncia-acoes-para-melhorias-no-atendimento\/","name":"Secretario Dr. Thales visita UBS e anuncia a\u00e7\u00f5es para melhorias no atendimento - Portal Not\u00edcia em Pauta","isPartOf":{"@id":"https:\/\/noticiaempauta.com\/portal\/#website"},"primaryImageOfPage":{"@id":"https:\/\/noticiaempauta.com\/portal\/secretario-dr-thales-visita-ubs-e-anuncia-acoes-para-melhorias-no-atendimento\/#primaryimage"},"image":{"@id":"https:\/\/noticiaempauta.com\/portal\/secretario-dr-thales-visita-ubs-e-anuncia-acoes-para-melhorias-no-atendimento\/#primaryimage"},"thumbnailUrl":"https:\/\/noticiaempauta.com\/portal\/wp-content\/uploads\/2025\/01\/898ec57e-1544-43c8-9e43-8e6e7fbcd2f0-1.jpeg","datePublished":"2025-01-07T13:07:41+00:00","dateModified":"2025-01-07T13:09:30+00:00","breadcrumb":{"@id":"https:\/\/noticiaempauta.com\/portal\/secretario-dr-thales-visita-ubs-e-anuncia-acoes-para-melhorias-no-atendimento\/#breadcrumb"},"inLanguage":"pt-BR","potentialAction":[{"@type":"ReadAction","target":["https:\/\/noticiaempauta.com\/portal\/secretario-dr-thales-visita-ubs-e-anuncia-acoes-para-melhorias-no-atendimento\/"]}]},{"@type":"ImageObject","inLanguage":"pt-BR","@id":"https:\/\/noticiaempauta.com\/portal\/secretario-dr-thales-visita-ubs-e-anuncia-acoes-para-melhorias-no-atendimento\/#primaryimage","url":"https:\/\/noticiaempauta.com\/portal\/wp-content\/uploads\/2025\/01\/898ec57e-1544-43c8-9e43-8e6e7fbcd2f0-1.jpeg","contentUrl":"https:\/\/noticiaempauta.com\/portal\/wp-content\/uploads\/2025\/01\/898ec57e-1544-43c8-9e43-8e6e7fbcd2f0-1.jpeg","width":1179,"height":919},{"@type":"BreadcrumbList","@id":"https:\/\/noticiaempauta.com\/portal\/secretario-dr-thales-visita-ubs-e-anuncia-acoes-para-melhorias-no-atendimento\/#breadcrumb","itemListElement":[{"@type":"ListItem","position":1,"name":"P\u00e1gina Inicial","item":"https:\/\/noticiaempauta.com\/portal\/"},{"@type":"ListItem","position":2,"name":"Destaques","item":"https:\/\/noticiaempauta.com\/portal\/destaques-site\/"},{"@type":"ListItem","position":3,"name":"Secretario Dr. Thales visita UBS e anuncia a\u00e7\u00f5es para melhorias no atendimento"}]},{"@type":"WebSite","@id":"https:\/\/noticiaempauta.com\/portal\/#website","url":"https:\/\/noticiaempauta.com\/portal\/","name":"Portal Not\u00edcia em Pauta","description":"Voc\u00ea bem informado","publisher":{"@id":"https:\/\/noticiaempauta.com\/portal\/#organization"},"potentialAction":[{"@type":"SearchAction","target":{"@type":"EntryPoint","urlTemplate":"https:\/\/noticiaempauta.com\/portal\/?s={search_term_string}"},"query-input":{"@type":"PropertyValueSpecification","valueRequired":true,"valueName":"search_term_string"}}],"inLanguage":"pt-BR"},{"@type":"Organization","@id":"https:\/\/noticiaempauta.com\/portal\/#organization","name":"Portal Not\u00edcia em Pauta","url":"https:\/\/noticiaempauta.com\/portal\/","logo":{"@type":"ImageObject","inLanguage":"pt-BR","@id":"https:\/\/noticiaempauta.com\/portal\/#\/schema\/logo\/image\/","url":"https:\/\/noticiaempauta.com\/portal\/wp-content\/uploads\/2022\/08\/logomarca_tema.fw_.png","contentUrl":"https:\/\/noticiaempauta.com\/portal\/wp-content\/uploads\/2022\/08\/logomarca_tema.fw_.png","width":400,"height":232,"caption":"Portal Not\u00edcia em Pauta"},"image":{"@id":"https:\/\/noticiaempauta.com\/portal\/#\/schema\/logo\/image\/"},"sameAs":["https:\/\/www.facebook.com\/Portal-Notcia-Em-Pauta-102292869264820\/","https:\/\/www.instagram.com\/portalnoticiaempauta\/"]},{"@type":"Person","@id":"https:\/\/noticiaempauta.com\/portal\/#\/schema\/person\/a74af43dd1ab3deca45f988c717d57ac","name":"Reda\u00e7\u00e3o","image":{"@type":"ImageObject","inLanguage":"pt-BR","@id":"https:\/\/noticiaempauta.com\/portal\/#\/schema\/person\/image\/","url":"https:\/\/secure.gravatar.com\/avatar\/03179346ecce6cdfc13361603e8f54242a90e5cde8618fa23c5c00aa2b0aadf3?s=96&d=mm&r=g","contentUrl":"https:\/\/secure.gravatar.com\/avatar\/03179346ecce6cdfc13361603e8f54242a90e5cde8618fa23c5c00aa2b0aadf3?s=96&d=mm&r=g","caption":"Reda\u00e7\u00e3o"},"sameAs":["https:\/\/noticiaempauta.com\/portal\/"],"url":"https:\/\/noticiaempauta.com\/portal\/author\/fernando\/"}]}},"_links":{"self":[{"href":"https:\/\/noticiaempauta.com\/portal\/wp-json\/wp\/v2\/posts\/266276","targetHints":{"allow":["GET"]}}],"collection":[{"href":"https:\/\/noticiaempauta.com\/portal\/wp-json\/wp\/v2\/posts"}],"about":[{"href":"https:\/\/noticiaempauta.com\/portal\/wp-json\/wp\/v2\/types\/post"}],"author":[{"embeddable":true,"href":"https:\/\/noticiaempauta.com\/portal\/wp-json\/wp\/v2\/users\/2"}],"replies":[{"embeddable":true,"href":"https:\/\/noticiaempauta.com\/portal\/wp-json\/wp\/v2\/comments?post=266276"}],"version-history":[{"count":1,"href":"https:\/\/noticiaempauta.com\/portal\/wp-json\/wp\/v2\/posts\/266276\/revisions"}],"predecessor-version":[{"id":266281,"href":"https:\/\/noticiaempauta.com\/portal\/wp-json\/wp\/v2\/posts\/266276\/revisions\/266281"}],"wp:featuredmedia":[{"embeddable":true,"href":"https:\/\/noticiaempauta.com\/portal\/wp-json\/wp\/v2\/media\/266282"}],"wp:attachment":[{"href":"https:\/\/noticiaempauta.com\/portal\/wp-json\/wp\/v2\/media?parent=266276"}],"wp:term":[{"taxonomy":"category","embeddable":true,"href":"https:\/\/noticiaempauta.com\/portal\/wp-json\/wp\/v2\/categories?post=266276"},{"taxonomy":"post_tag","embeddable":true,"href":"https:\/\/noticiaempauta.com\/portal\/wp-json\/wp\/v2\/tags?post=266276"}],"curies":[{"name":"wp","href":"https:\/\/api.w.org\/{rel}","templated":true}]}}