{"id":266287,"date":"2025-01-07T16:05:04","date_gmt":"2025-01-07T19:05:04","guid":{"rendered":"https:\/\/noticiaempauta.com\/portal\/?p=266287"},"modified":"2025-01-07T16:05:05","modified_gmt":"2025-01-07T19:05:05","slug":"prefeito-dr-wilton-enfrenta-situacao-critica-de-sucateamento-da-frota-de-veiculos-e-falta-de-estrutura-em-predios-publicos-de-massape-do-piaui","status":"publish","type":"post","link":"https:\/\/noticiaempauta.com\/portal\/prefeito-dr-wilton-enfrenta-situacao-critica-de-sucateamento-da-frota-de-veiculos-e-falta-de-estrutura-em-predios-publicos-de-massape-do-piaui\/","title":{"rendered":"Prefeito Dr. Wilton enfrenta situa\u00e7\u00e3o cr\u00edtica de sucateamento da frota de ve\u00edculos e falta de estrutura em pr\u00e9dios p\u00fablicos de Massap\u00ea do Piau\u00ed"},"content":{"rendered":"\n<p>O in\u00edcio da gest\u00e3o do novo prefeito Dr. Wilton tem sido marcado por desafios que parecem n\u00e3o ter fim. A cidade enfrenta um cen\u00e1rio de total abandono em v\u00e1rias \u00e1reas essenciais para o bem-estar da popula\u00e7\u00e3o. Entre os maiores problemas encontrados pela nova administra\u00e7\u00e3o est\u00e3o a frota de ve\u00edculos sucateada, o caos na infraestrutura da Unidade B\u00e1sica de Sa\u00fade (UBS), e a precariedade nos sistemas de abastecimento de \u00e1gua, que afetam principalmente as zonas rurais.<\/p>\n\n\n\n<figure class=\"wp-block-image size-full\"><img fetchpriority=\"high\" decoding=\"async\" width=\"736\" height=\"849\" src=\"https:\/\/noticiaempauta.com\/portal\/wp-content\/uploads\/2025\/01\/12-e1736184724846.jpg\" alt=\"\" class=\"wp-image-266289\" srcset=\"https:\/\/noticiaempauta.com\/portal\/wp-content\/uploads\/2025\/01\/12-e1736184724846.jpg 736w, https:\/\/noticiaempauta.com\/portal\/wp-content\/uploads\/2025\/01\/12-e1736184724846-260x300.jpg 260w\" sizes=\"(max-width: 736px) 100vw, 736px\" \/><\/figure>\n\n\n\n<p><strong>Frota de ve\u00edculos em situa\u00e7\u00e3o de abandono:<\/strong> A frota de ve\u00edculos p\u00fablicos, essencial para o funcionamento de diversos servi\u00e7os municipais, encontra-se em estado deplor\u00e1vel. Um dos exemplos mais emblem\u00e1ticos \u00e9 a Retroescavadeira recebida pelo ex-prefeito Rivaldo Carvalho em maio de 2024, que se encontra totalmente inutiliz\u00e1vel. A m\u00e1quina, que deveria ser um instrumento vital para a execu\u00e7\u00e3o de obras e servi\u00e7os na cidade, est\u00e1 parada, sem condi\u00e7\u00f5es de uso, causando s\u00e9rios preju\u00edzos \u00e0 popula\u00e7\u00e3o que depende dos servi\u00e7os p\u00fablicos essenciais.<strong><\/strong><\/p>\n\n\n\n<figure class=\"wp-block-image size-full\"><img decoding=\"async\" width=\"1024\" height=\"471\" src=\"https:\/\/noticiaempauta.com\/portal\/wp-content\/uploads\/2025\/01\/Imagem-do-WhatsApp-de-2025-01-06-as-09.58.56_e503a3b3-1024x471-1.jpg\" alt=\"\" class=\"wp-image-266292\" srcset=\"https:\/\/noticiaempauta.com\/portal\/wp-content\/uploads\/2025\/01\/Imagem-do-WhatsApp-de-2025-01-06-as-09.58.56_e503a3b3-1024x471-1.jpg 1024w, https:\/\/noticiaempauta.com\/portal\/wp-content\/uploads\/2025\/01\/Imagem-do-WhatsApp-de-2025-01-06-as-09.58.56_e503a3b3-1024x471-1-300x138.jpg 300w, https:\/\/noticiaempauta.com\/portal\/wp-content\/uploads\/2025\/01\/Imagem-do-WhatsApp-de-2025-01-06-as-09.58.56_e503a3b3-1024x471-1-768x353.jpg 768w\" sizes=\"(max-width: 1024px) 100vw, 1024px\" \/><\/figure>\n\n\n\n<p><strong>Infraestrutura da UBAS e falta de manuten\u00e7\u00e3o:<\/strong> As Unidade B\u00e1sica de Sa\u00fade (UBAS), que deveria ser um local de acolhimento e atendimento \u00e0 popula\u00e7\u00e3o, est\u00e1 em estado de total abandono. Al\u00e9m da frota de ve\u00edculos sucateada, que impede o transporte adequado de pacientes e materiais m\u00e9dicos, o que se observa \u00e9 a presen\u00e7a de mato alto e lixo acumulado nas depend\u00eancias da unidade. A falta de limpeza e cuidados b\u00e1sicos refor\u00e7a a imagem de desleixo da gest\u00e3o anterior, deixando os novos gestores com o \u00e1rduo trabalho de recuperar a estrutura para oferecer atendimento digno \u00e0 popula\u00e7\u00e3o.<\/p>\n\n\n\n<figure class=\"wp-block-image size-full\"><img decoding=\"async\" width=\"1024\" height=\"1024\" src=\"https:\/\/noticiaempauta.com\/portal\/wp-content\/uploads\/2025\/01\/Imagem-do-WhatsApp-de-2025-01-06-as-09.44.02_06f191ff-1024x1024-1.jpg\" alt=\"\" class=\"wp-image-266293\" srcset=\"https:\/\/noticiaempauta.com\/portal\/wp-content\/uploads\/2025\/01\/Imagem-do-WhatsApp-de-2025-01-06-as-09.44.02_06f191ff-1024x1024-1.jpg 1024w, https:\/\/noticiaempauta.com\/portal\/wp-content\/uploads\/2025\/01\/Imagem-do-WhatsApp-de-2025-01-06-as-09.44.02_06f191ff-1024x1024-1-300x300.jpg 300w, https:\/\/noticiaempauta.com\/portal\/wp-content\/uploads\/2025\/01\/Imagem-do-WhatsApp-de-2025-01-06-as-09.44.02_06f191ff-1024x1024-1-150x150.jpg 150w, https:\/\/noticiaempauta.com\/portal\/wp-content\/uploads\/2025\/01\/Imagem-do-WhatsApp-de-2025-01-06-as-09.44.02_06f191ff-1024x1024-1-768x768.jpg 768w\" sizes=\"(max-width: 1024px) 100vw, 1024px\" \/><\/figure>\n\n\n\n<p><strong>Po\u00e7os de abastecimento de \u00e1gua danificados:<\/strong> Outro ponto cr\u00edtico est\u00e1 no sistema de abastecimento de \u00e1gua, especialmente nas \u00e1reas rurais, que dependem de po\u00e7os artesianos. Muitos desses po\u00e7os est\u00e3o danificados, sem manuten\u00e7\u00e3o adequada, colocando em risco o abastecimento de centenas de pessoas que dependem desse servi\u00e7o essencial. A falta de informa\u00e7\u00f5es sobre a situa\u00e7\u00e3o real dessas infraestruturas tem sido um dos maiores desafios enfrentados pela gest\u00e3o do Dr. Wilton, que ainda luta para entender os reais danos causados pela gest\u00e3o anterior.<\/p>\n\n\n\n<figure class=\"wp-block-image size-large\"><img loading=\"lazy\" decoding=\"async\" width=\"472\" height=\"1024\" src=\"https:\/\/noticiaempauta.com\/portal\/wp-content\/uploads\/2025\/01\/Imagem-do-WhatsApp-de-2025-01-06-as-12.22.14_c423c6ee-708x1536-1-472x1024.jpg\" alt=\"\" class=\"wp-image-266294\" srcset=\"https:\/\/noticiaempauta.com\/portal\/wp-content\/uploads\/2025\/01\/Imagem-do-WhatsApp-de-2025-01-06-as-12.22.14_c423c6ee-708x1536-1-472x1024.jpg 472w, https:\/\/noticiaempauta.com\/portal\/wp-content\/uploads\/2025\/01\/Imagem-do-WhatsApp-de-2025-01-06-as-12.22.14_c423c6ee-708x1536-1-138x300.jpg 138w, https:\/\/noticiaempauta.com\/portal\/wp-content\/uploads\/2025\/01\/Imagem-do-WhatsApp-de-2025-01-06-as-12.22.14_c423c6ee-708x1536-1.jpg 708w\" sizes=\"(max-width: 472px) 100vw, 472px\" \/><\/figure>\n\n\n\n<p><strong>Tecnologia e equipamentos p\u00fablicos sucateados:<\/strong> No setor de tecnologia, a situa\u00e7\u00e3o tamb\u00e9m \u00e9 alarmante. Muitos computadores das reparti\u00e7\u00f5es p\u00fablicas foram formatados e outros est\u00e3o inutiliz\u00e1veis, comprometendo a capacidade de trabalho e efici\u00eancia nos servi\u00e7os. A falta de atualiza\u00e7\u00e3o e manuten\u00e7\u00e3o dos equipamentos tecnol\u00f3gicos tem dificultado a gest\u00e3o eficiente, al\u00e9m de representar mais um reflexo do desleixo da administra\u00e7\u00e3o anterior.<\/p>\n\n\n\n<figure class=\"wp-block-image size-full\"><img loading=\"lazy\" decoding=\"async\" width=\"1024\" height=\"1024\" src=\"https:\/\/noticiaempauta.com\/portal\/wp-content\/uploads\/2025\/01\/Imagem-do-WhatsApp-de-2025-01-06-as-09.44.05_890191d8-1024x1024-1.jpg\" alt=\"\" class=\"wp-image-266297\" srcset=\"https:\/\/noticiaempauta.com\/portal\/wp-content\/uploads\/2025\/01\/Imagem-do-WhatsApp-de-2025-01-06-as-09.44.05_890191d8-1024x1024-1.jpg 1024w, https:\/\/noticiaempauta.com\/portal\/wp-content\/uploads\/2025\/01\/Imagem-do-WhatsApp-de-2025-01-06-as-09.44.05_890191d8-1024x1024-1-300x300.jpg 300w, https:\/\/noticiaempauta.com\/portal\/wp-content\/uploads\/2025\/01\/Imagem-do-WhatsApp-de-2025-01-06-as-09.44.05_890191d8-1024x1024-1-150x150.jpg 150w, https:\/\/noticiaempauta.com\/portal\/wp-content\/uploads\/2025\/01\/Imagem-do-WhatsApp-de-2025-01-06-as-09.44.05_890191d8-1024x1024-1-768x768.jpg 768w\" sizes=\"(max-width: 1024px) 100vw, 1024px\" \/><\/figure>\n\n\n\n<p><strong>Mob\u00edlia e estruturas prediais comprometidas:<\/strong> Al\u00e9m disso, a mob\u00edlia das unidades p\u00fablicas e as estruturas prediais necessitam urgentemente de reformas. Escrit\u00f3rios e unidades de sa\u00fade apresentam m\u00f3veis quebrados e ambientes deteriorados, comprometendo o conforto e a funcionalidade dos espa\u00e7os. A nova administra\u00e7\u00e3o ter\u00e1 que investir fortemente em reformas para garantir que os pr\u00e9dios p\u00fablicos ofere\u00e7am condi\u00e7\u00f5es m\u00ednimas de trabalho e atendimento \u00e0 popula\u00e7\u00e3o.<\/p>\n\n\n\n<figure class=\"wp-block-image size-full\"><img loading=\"lazy\" decoding=\"async\" width=\"1024\" height=\"1024\" src=\"https:\/\/noticiaempauta.com\/portal\/wp-content\/uploads\/2025\/01\/Imagem-do-WhatsApp-de-2025-01-06-as-09.44.05_ac22d05f-1024x1024-1.jpg\" alt=\"\" class=\"wp-image-266298\" srcset=\"https:\/\/noticiaempauta.com\/portal\/wp-content\/uploads\/2025\/01\/Imagem-do-WhatsApp-de-2025-01-06-as-09.44.05_ac22d05f-1024x1024-1.jpg 1024w, https:\/\/noticiaempauta.com\/portal\/wp-content\/uploads\/2025\/01\/Imagem-do-WhatsApp-de-2025-01-06-as-09.44.05_ac22d05f-1024x1024-1-300x300.jpg 300w, https:\/\/noticiaempauta.com\/portal\/wp-content\/uploads\/2025\/01\/Imagem-do-WhatsApp-de-2025-01-06-as-09.44.05_ac22d05f-1024x1024-1-150x150.jpg 150w, https:\/\/noticiaempauta.com\/portal\/wp-content\/uploads\/2025\/01\/Imagem-do-WhatsApp-de-2025-01-06-as-09.44.05_ac22d05f-1024x1024-1-768x768.jpg 768w\" sizes=\"(max-width: 1024px) 100vw, 1024px\" \/><\/figure>\n\n\n\n<figure class=\"wp-block-image size-full\"><img loading=\"lazy\" decoding=\"async\" width=\"1024\" height=\"470\" src=\"https:\/\/noticiaempauta.com\/portal\/wp-content\/uploads\/2025\/01\/Imagem-do-WhatsApp-de-2025-01-06-as-10.00.14_0295cd5b-1024x470-1.jpg\" alt=\"\" class=\"wp-image-266295\" srcset=\"https:\/\/noticiaempauta.com\/portal\/wp-content\/uploads\/2025\/01\/Imagem-do-WhatsApp-de-2025-01-06-as-10.00.14_0295cd5b-1024x470-1.jpg 1024w, https:\/\/noticiaempauta.com\/portal\/wp-content\/uploads\/2025\/01\/Imagem-do-WhatsApp-de-2025-01-06-as-10.00.14_0295cd5b-1024x470-1-300x138.jpg 300w, https:\/\/noticiaempauta.com\/portal\/wp-content\/uploads\/2025\/01\/Imagem-do-WhatsApp-de-2025-01-06-as-10.00.14_0295cd5b-1024x470-1-768x353.jpg 768w\" sizes=\"(max-width: 1024px) 100vw, 1024px\" \/><\/figure>\n\n\n\n<figure class=\"wp-block-image size-large\"><img loading=\"lazy\" decoding=\"async\" width=\"1024\" height=\"683\" src=\"https:\/\/noticiaempauta.com\/portal\/wp-content\/uploads\/2024\/12\/IMG_6589-1024x683.jpg\" alt=\"\" class=\"wp-image-265759\" srcset=\"https:\/\/noticiaempauta.com\/portal\/wp-content\/uploads\/2024\/12\/IMG_6589-1024x683.jpg 1024w, https:\/\/noticiaempauta.com\/portal\/wp-content\/uploads\/2024\/12\/IMG_6589-300x200.jpg 300w, https:\/\/noticiaempauta.com\/portal\/wp-content\/uploads\/2024\/12\/IMG_6589-768x512.jpg 768w, https:\/\/noticiaempauta.com\/portal\/wp-content\/uploads\/2024\/12\/IMG_6589-1536x1024.jpg 1536w, https:\/\/noticiaempauta.com\/portal\/wp-content\/uploads\/2024\/12\/IMG_6589-2048x1365.jpg 2048w\" sizes=\"(max-width: 1024px) 100vw, 1024px\" \/><\/figure>\n\n\n\n<p>&#8220;A situa\u00e7\u00e3o que encontramos \u00e9 realmente muito dif\u00edcil, mas quero deixar claro para a popula\u00e7\u00e3o que nada ser\u00e1 capaz de impedir o t\u00e3o sonhado desenvolvimento para nossa cidade. Estamos empenhados em recuperar cada setor que foi negligenciado e garantir que a nossa cidade volte a funcionar para todos. Vamos trabalhar com determina\u00e7\u00e3o e foco, e, com a ajuda de todos, vamos superar essa fase dif\u00edcil e construir um futuro melhor para nossos filhos e para as pr\u00f3ximas gera\u00e7\u00f5es&#8221; disse Dr. Wilton.<\/p>\n\n\n\n<p>A gest\u00e3o do prefeito Dr. Wilton est\u00e1 se esfor\u00e7ando para reverter os danos causados pela administra\u00e7\u00e3o de Rivaldo Carvalho, mas os desafios s\u00e3o imensos. A frota de ve\u00edculos, as estruturas de sa\u00fade, os sistemas de abastecimento de \u00e1gua e os equipamentos p\u00fablicos est\u00e3o em estado cr\u00edtico e demandam investimentos urgentes. A falta de informa\u00e7\u00f5es claras sobre a situa\u00e7\u00e3o financeira e operacional da gest\u00e3o anterior tem dificultado ainda mais o trabalho da nova administra\u00e7\u00e3o, que se v\u00ea obrigada a reconstruir a cidade do zero. \u00c9 urgente que a popula\u00e7\u00e3o se una e cobre solu\u00e7\u00f5es, para que o munic\u00edpio possa superar o per\u00edodo de abandono e garantir um futuro mais digno e funcional para todos.<\/p>\n\n\n\n<figure class=\"wp-block-image size-large\"><img loading=\"lazy\" decoding=\"async\" width=\"472\" height=\"1024\" src=\"https:\/\/noticiaempauta.com\/portal\/wp-content\/uploads\/2025\/01\/488-472x1024.jpg\" alt=\"\" class=\"wp-image-266291\" srcset=\"https:\/\/noticiaempauta.com\/portal\/wp-content\/uploads\/2025\/01\/488-472x1024.jpg 472w, https:\/\/noticiaempauta.com\/portal\/wp-content\/uploads\/2025\/01\/488-138x300.jpg 138w, https:\/\/noticiaempauta.com\/portal\/wp-content\/uploads\/2025\/01\/488-708x1536.jpg 708w, https:\/\/noticiaempauta.com\/portal\/wp-content\/uploads\/2025\/01\/488.jpg 738w\" sizes=\"(max-width: 472px) 100vw, 472px\" \/><\/figure>\n\n\n\n<figure class=\"wp-block-image size-large\"><img loading=\"lazy\" decoding=\"async\" width=\"600\" height=\"1024\" src=\"https:\/\/noticiaempauta.com\/portal\/wp-content\/uploads\/2025\/01\/14-e1736184739554-600x1024.jpg\" alt=\"\" class=\"wp-image-266290\" srcset=\"https:\/\/noticiaempauta.com\/portal\/wp-content\/uploads\/2025\/01\/14-e1736184739554-600x1024.jpg 600w, https:\/\/noticiaempauta.com\/portal\/wp-content\/uploads\/2025\/01\/14-e1736184739554-176x300.jpg 176w, https:\/\/noticiaempauta.com\/portal\/wp-content\/uploads\/2025\/01\/14-e1736184739554.jpg 736w\" sizes=\"(max-width: 600px) 100vw, 600px\" \/><\/figure>\n\n\n\n<figure class=\"wp-block-image size-full\"><img loading=\"lazy\" decoding=\"async\" width=\"1024\" height=\"1024\" src=\"https:\/\/noticiaempauta.com\/portal\/wp-content\/uploads\/2025\/01\/Imagem-do-WhatsApp-de-2025-01-06-as-09.54.11_c231a2bf-1024x1024-1.jpg\" alt=\"\" class=\"wp-image-266296\" srcset=\"https:\/\/noticiaempauta.com\/portal\/wp-content\/uploads\/2025\/01\/Imagem-do-WhatsApp-de-2025-01-06-as-09.54.11_c231a2bf-1024x1024-1.jpg 1024w, https:\/\/noticiaempauta.com\/portal\/wp-content\/uploads\/2025\/01\/Imagem-do-WhatsApp-de-2025-01-06-as-09.54.11_c231a2bf-1024x1024-1-300x300.jpg 300w, https:\/\/noticiaempauta.com\/portal\/wp-content\/uploads\/2025\/01\/Imagem-do-WhatsApp-de-2025-01-06-as-09.54.11_c231a2bf-1024x1024-1-150x150.jpg 150w, https:\/\/noticiaempauta.com\/portal\/wp-content\/uploads\/2025\/01\/Imagem-do-WhatsApp-de-2025-01-06-as-09.54.11_c231a2bf-1024x1024-1-768x768.jpg 768w\" sizes=\"(max-width: 1024px) 100vw, 1024px\" \/><\/figure>\n\n\n\n<figure class=\"wp-block-image size-full\"><img loading=\"lazy\" decoding=\"async\" width=\"1024\" height=\"1024\" src=\"https:\/\/noticiaempauta.com\/portal\/wp-content\/uploads\/2025\/01\/Imagem-do-WhatsApp-de-2025-01-06-as-09.44.02_2b9b0e87-1024x1024-1.jpg\" alt=\"\" class=\"wp-image-266299\" srcset=\"https:\/\/noticiaempauta.com\/portal\/wp-content\/uploads\/2025\/01\/Imagem-do-WhatsApp-de-2025-01-06-as-09.44.02_2b9b0e87-1024x1024-1.jpg 1024w, https:\/\/noticiaempauta.com\/portal\/wp-content\/uploads\/2025\/01\/Imagem-do-WhatsApp-de-2025-01-06-as-09.44.02_2b9b0e87-1024x1024-1-300x300.jpg 300w, https:\/\/noticiaempauta.com\/portal\/wp-content\/uploads\/2025\/01\/Imagem-do-WhatsApp-de-2025-01-06-as-09.44.02_2b9b0e87-1024x1024-1-150x150.jpg 150w, https:\/\/noticiaempauta.com\/portal\/wp-content\/uploads\/2025\/01\/Imagem-do-WhatsApp-de-2025-01-06-as-09.44.02_2b9b0e87-1024x1024-1-768x768.jpg 768w\" sizes=\"(max-width: 1024px) 100vw, 1024px\" \/><\/figure>\n\n\n\n<figure class=\"wp-block-image size-large\"><img loading=\"lazy\" decoding=\"async\" width=\"472\" height=\"1024\" src=\"https:\/\/noticiaempauta.com\/portal\/wp-content\/uploads\/2025\/01\/Imagem-do-WhatsApp-de-2025-01-06-as-09.56.46_9f0a23f2-708x1536-1-472x1024.jpg\" alt=\"\" class=\"wp-image-266300\" srcset=\"https:\/\/noticiaempauta.com\/portal\/wp-content\/uploads\/2025\/01\/Imagem-do-WhatsApp-de-2025-01-06-as-09.56.46_9f0a23f2-708x1536-1-472x1024.jpg 472w, https:\/\/noticiaempauta.com\/portal\/wp-content\/uploads\/2025\/01\/Imagem-do-WhatsApp-de-2025-01-06-as-09.56.46_9f0a23f2-708x1536-1-138x300.jpg 138w, https:\/\/noticiaempauta.com\/portal\/wp-content\/uploads\/2025\/01\/Imagem-do-WhatsApp-de-2025-01-06-as-09.56.46_9f0a23f2-708x1536-1.jpg 708w\" sizes=\"(max-width: 472px) 100vw, 472px\" \/><\/figure>\n\n\n\n<p>(ASCOM)<\/p>\n","protected":false},"excerpt":{"rendered":"<p>A nova administra\u00e7\u00e3o luta para reverter o cen\u00e1rio de sucateamento, falta de informa\u00e7\u00f5es e infraestrutura prec\u00e1ria deixada pela gest\u00e3o anterior.<\/p>\n","protected":false},"author":2,"featured_media":266288,"comment_status":"open","ping_status":"open","sticky":false,"template":"","format":"standard","meta":{"_mi_skip_tracking":false,"footnotes":""},"categories":[1,9,16],"tags":[],"class_list":["post-266287","post","type-post","status-publish","format-standard","has-post-thumbnail","hentry","category-geral","category-municipios","category-todas"],"acf":[],"yoast_head":"<!-- This site is optimized with the Yoast SEO Premium plugin v19.2 (Yoast SEO v26.9) - https:\/\/yoast.com\/product\/yoast-seo-premium-wordpress\/ -->\n<title>Prefeito Dr. Wilton enfrenta situa\u00e7\u00e3o cr\u00edtica de sucateamento da frota de ve\u00edculos e falta de estrutura em pr\u00e9dios p\u00fablicos de Massap\u00ea do Piau\u00ed - Portal Not\u00edcia em Pauta<\/title>\n<meta name=\"robots\" content=\"index, follow, max-snippet:-1, max-image-preview:large, max-video-preview:-1\" \/>\n<link rel=\"canonical\" href=\"https:\/\/noticiaempauta.com\/portal\/prefeito-dr-wilton-enfrenta-situacao-critica-de-sucateamento-da-frota-de-veiculos-e-falta-de-estrutura-em-predios-publicos-de-massape-do-piaui\/\" \/>\n<meta property=\"og:locale\" content=\"pt_BR\" \/>\n<meta property=\"og:type\" content=\"article\" \/>\n<meta property=\"og:title\" content=\"Prefeito Dr. Wilton enfrenta situa\u00e7\u00e3o cr\u00edtica de sucateamento da frota de ve\u00edculos e falta de estrutura em pr\u00e9dios p\u00fablicos de Massap\u00ea do Piau\u00ed\" \/>\n<meta property=\"og:description\" content=\"A nova administra\u00e7\u00e3o luta para reverter o cen\u00e1rio de sucateamento, falta de informa\u00e7\u00f5es e infraestrutura prec\u00e1ria deixada pela gest\u00e3o anterior.\" \/>\n<meta property=\"og:url\" content=\"https:\/\/noticiaempauta.com\/portal\/prefeito-dr-wilton-enfrenta-situacao-critica-de-sucateamento-da-frota-de-veiculos-e-falta-de-estrutura-em-predios-publicos-de-massape-do-piaui\/\" \/>\n<meta property=\"og:site_name\" content=\"Portal Not\u00edcia em Pauta\" \/>\n<meta property=\"article:publisher\" content=\"https:\/\/www.facebook.com\/Portal-Notcia-Em-Pauta-102292869264820\/\" \/>\n<meta property=\"article:published_time\" content=\"2025-01-07T19:05:04+00:00\" \/>\n<meta property=\"article:modified_time\" content=\"2025-01-07T19:05:05+00:00\" \/>\n<meta property=\"og:image\" content=\"https:\/\/noticiaempauta.com\/portal\/wp-content\/uploads\/2025\/01\/CAPA.jpg\" \/>\n\t<meta property=\"og:image:width\" content=\"768\" \/>\n\t<meta property=\"og:image:height\" content=\"427\" \/>\n\t<meta property=\"og:image:type\" content=\"image\/jpeg\" \/>\n<meta name=\"author\" content=\"Reda\u00e7\u00e3o\" \/>\n<meta name=\"twitter:card\" content=\"summary_large_image\" \/>\n<meta name=\"twitter:label1\" content=\"Escrito por\" \/>\n\t<meta name=\"twitter:data1\" content=\"Reda\u00e7\u00e3o\" \/>\n\t<meta name=\"twitter:label2\" content=\"Est. tempo de leitura\" \/>\n\t<meta name=\"twitter:data2\" content=\"7 minutos\" \/>\n<script type=\"application\/ld+json\" class=\"yoast-schema-graph\">{\"@context\":\"https:\/\/schema.org\",\"@graph\":[{\"@type\":\"Article\",\"@id\":\"https:\/\/noticiaempauta.com\/portal\/prefeito-dr-wilton-enfrenta-situacao-critica-de-sucateamento-da-frota-de-veiculos-e-falta-de-estrutura-em-predios-publicos-de-massape-do-piaui\/#article\",\"isPartOf\":{\"@id\":\"https:\/\/noticiaempauta.com\/portal\/prefeito-dr-wilton-enfrenta-situacao-critica-de-sucateamento-da-frota-de-veiculos-e-falta-de-estrutura-em-predios-publicos-de-massape-do-piaui\/\"},\"author\":{\"name\":\"Reda\u00e7\u00e3o\",\"@id\":\"https:\/\/noticiaempauta.com\/portal\/#\/schema\/person\/a74af43dd1ab3deca45f988c717d57ac\"},\"headline\":\"Prefeito Dr. Wilton enfrenta situa\u00e7\u00e3o cr\u00edtica de sucateamento da frota de ve\u00edculos e falta de estrutura em pr\u00e9dios p\u00fablicos de Massap\u00ea do Piau\u00ed\",\"datePublished\":\"2025-01-07T19:05:04+00:00\",\"dateModified\":\"2025-01-07T19:05:05+00:00\",\"mainEntityOfPage\":{\"@id\":\"https:\/\/noticiaempauta.com\/portal\/prefeito-dr-wilton-enfrenta-situacao-critica-de-sucateamento-da-frota-de-veiculos-e-falta-de-estrutura-em-predios-publicos-de-massape-do-piaui\/\"},\"wordCount\":774,\"commentCount\":0,\"publisher\":{\"@id\":\"https:\/\/noticiaempauta.com\/portal\/#organization\"},\"image\":{\"@id\":\"https:\/\/noticiaempauta.com\/portal\/prefeito-dr-wilton-enfrenta-situacao-critica-de-sucateamento-da-frota-de-veiculos-e-falta-de-estrutura-em-predios-publicos-de-massape-do-piaui\/#primaryimage\"},\"thumbnailUrl\":\"https:\/\/noticiaempauta.com\/portal\/wp-content\/uploads\/2025\/01\/CAPA.jpg\",\"articleSection\":[\"Geral\",\"Munic\u00edpios\",\"Todas as Not\u00edcias\"],\"inLanguage\":\"pt-BR\",\"potentialAction\":[{\"@type\":\"CommentAction\",\"name\":\"Comment\",\"target\":[\"https:\/\/noticiaempauta.com\/portal\/prefeito-dr-wilton-enfrenta-situacao-critica-de-sucateamento-da-frota-de-veiculos-e-falta-de-estrutura-em-predios-publicos-de-massape-do-piaui\/#respond\"]}]},{\"@type\":\"WebPage\",\"@id\":\"https:\/\/noticiaempauta.com\/portal\/prefeito-dr-wilton-enfrenta-situacao-critica-de-sucateamento-da-frota-de-veiculos-e-falta-de-estrutura-em-predios-publicos-de-massape-do-piaui\/\",\"url\":\"https:\/\/noticiaempauta.com\/portal\/prefeito-dr-wilton-enfrenta-situacao-critica-de-sucateamento-da-frota-de-veiculos-e-falta-de-estrutura-em-predios-publicos-de-massape-do-piaui\/\",\"name\":\"Prefeito Dr. Wilton enfrenta situa\u00e7\u00e3o cr\u00edtica de sucateamento da frota de ve\u00edculos e falta de estrutura em pr\u00e9dios p\u00fablicos de Massap\u00ea do Piau\u00ed - Portal Not\u00edcia em Pauta\",\"isPartOf\":{\"@id\":\"https:\/\/noticiaempauta.com\/portal\/#website\"},\"primaryImageOfPage\":{\"@id\":\"https:\/\/noticiaempauta.com\/portal\/prefeito-dr-wilton-enfrenta-situacao-critica-de-sucateamento-da-frota-de-veiculos-e-falta-de-estrutura-em-predios-publicos-de-massape-do-piaui\/#primaryimage\"},\"image\":{\"@id\":\"https:\/\/noticiaempauta.com\/portal\/prefeito-dr-wilton-enfrenta-situacao-critica-de-sucateamento-da-frota-de-veiculos-e-falta-de-estrutura-em-predios-publicos-de-massape-do-piaui\/#primaryimage\"},\"thumbnailUrl\":\"https:\/\/noticiaempauta.com\/portal\/wp-content\/uploads\/2025\/01\/CAPA.jpg\",\"datePublished\":\"2025-01-07T19:05:04+00:00\",\"dateModified\":\"2025-01-07T19:05:05+00:00\",\"breadcrumb\":{\"@id\":\"https:\/\/noticiaempauta.com\/portal\/prefeito-dr-wilton-enfrenta-situacao-critica-de-sucateamento-da-frota-de-veiculos-e-falta-de-estrutura-em-predios-publicos-de-massape-do-piaui\/#breadcrumb\"},\"inLanguage\":\"pt-BR\",\"potentialAction\":[{\"@type\":\"ReadAction\",\"target\":[\"https:\/\/noticiaempauta.com\/portal\/prefeito-dr-wilton-enfrenta-situacao-critica-de-sucateamento-da-frota-de-veiculos-e-falta-de-estrutura-em-predios-publicos-de-massape-do-piaui\/\"]}]},{\"@type\":\"ImageObject\",\"inLanguage\":\"pt-BR\",\"@id\":\"https:\/\/noticiaempauta.com\/portal\/prefeito-dr-wilton-enfrenta-situacao-critica-de-sucateamento-da-frota-de-veiculos-e-falta-de-estrutura-em-predios-publicos-de-massape-do-piaui\/#primaryimage\",\"url\":\"https:\/\/noticiaempauta.com\/portal\/wp-content\/uploads\/2025\/01\/CAPA.jpg\",\"contentUrl\":\"https:\/\/noticiaempauta.com\/portal\/wp-content\/uploads\/2025\/01\/CAPA.jpg\",\"width\":768,\"height\":427,\"caption\":\"(Reprodu\u00e7\u00e3o\/Infopi)\"},{\"@type\":\"BreadcrumbList\",\"@id\":\"https:\/\/noticiaempauta.com\/portal\/prefeito-dr-wilton-enfrenta-situacao-critica-de-sucateamento-da-frota-de-veiculos-e-falta-de-estrutura-em-predios-publicos-de-massape-do-piaui\/#breadcrumb\",\"itemListElement\":[{\"@type\":\"ListItem\",\"position\":1,\"name\":\"P\u00e1gina Inicial\",\"item\":\"https:\/\/noticiaempauta.com\/portal\/\"},{\"@type\":\"ListItem\",\"position\":2,\"name\":\"Geral\",\"item\":\"https:\/\/noticiaempauta.com\/portal\/geral\/\"},{\"@type\":\"ListItem\",\"position\":3,\"name\":\"Prefeito Dr. Wilton enfrenta situa\u00e7\u00e3o cr\u00edtica de sucateamento da frota de ve\u00edculos e falta de estrutura em pr\u00e9dios p\u00fablicos de Massap\u00ea do Piau\u00ed\"}]},{\"@type\":\"WebSite\",\"@id\":\"https:\/\/noticiaempauta.com\/portal\/#website\",\"url\":\"https:\/\/noticiaempauta.com\/portal\/\",\"name\":\"Portal Not\u00edcia em Pauta\",\"description\":\"Voc\u00ea bem informado\",\"publisher\":{\"@id\":\"https:\/\/noticiaempauta.com\/portal\/#organization\"},\"potentialAction\":[{\"@type\":\"SearchAction\",\"target\":{\"@type\":\"EntryPoint\",\"urlTemplate\":\"https:\/\/noticiaempauta.com\/portal\/?s={search_term_string}\"},\"query-input\":{\"@type\":\"PropertyValueSpecification\",\"valueRequired\":true,\"valueName\":\"search_term_string\"}}],\"inLanguage\":\"pt-BR\"},{\"@type\":\"Organization\",\"@id\":\"https:\/\/noticiaempauta.com\/portal\/#organization\",\"name\":\"Portal Not\u00edcia em Pauta\",\"url\":\"https:\/\/noticiaempauta.com\/portal\/\",\"logo\":{\"@type\":\"ImageObject\",\"inLanguage\":\"pt-BR\",\"@id\":\"https:\/\/noticiaempauta.com\/portal\/#\/schema\/logo\/image\/\",\"url\":\"https:\/\/noticiaempauta.com\/portal\/wp-content\/uploads\/2022\/08\/logomarca_tema.fw_.png\",\"contentUrl\":\"https:\/\/noticiaempauta.com\/portal\/wp-content\/uploads\/2022\/08\/logomarca_tema.fw_.png\",\"width\":400,\"height\":232,\"caption\":\"Portal Not\u00edcia em Pauta\"},\"image\":{\"@id\":\"https:\/\/noticiaempauta.com\/portal\/#\/schema\/logo\/image\/\"},\"sameAs\":[\"https:\/\/www.facebook.com\/Portal-Notcia-Em-Pauta-102292869264820\/\",\"https:\/\/www.instagram.com\/portalnoticiaempauta\/\"]},{\"@type\":\"Person\",\"@id\":\"https:\/\/noticiaempauta.com\/portal\/#\/schema\/person\/a74af43dd1ab3deca45f988c717d57ac\",\"name\":\"Reda\u00e7\u00e3o\",\"image\":{\"@type\":\"ImageObject\",\"inLanguage\":\"pt-BR\",\"@id\":\"https:\/\/noticiaempauta.com\/portal\/#\/schema\/person\/image\/\",\"url\":\"https:\/\/secure.gravatar.com\/avatar\/03179346ecce6cdfc13361603e8f54242a90e5cde8618fa23c5c00aa2b0aadf3?s=96&d=mm&r=g\",\"contentUrl\":\"https:\/\/secure.gravatar.com\/avatar\/03179346ecce6cdfc13361603e8f54242a90e5cde8618fa23c5c00aa2b0aadf3?s=96&d=mm&r=g\",\"caption\":\"Reda\u00e7\u00e3o\"},\"sameAs\":[\"https:\/\/noticiaempauta.com\/portal\/\"],\"url\":\"https:\/\/noticiaempauta.com\/portal\/author\/fernando\/\"}]}<\/script>\n<!-- \/ Yoast SEO Premium plugin. -->","yoast_head_json":{"title":"Prefeito Dr. Wilton enfrenta situa\u00e7\u00e3o cr\u00edtica de sucateamento da frota de ve\u00edculos e falta de estrutura em pr\u00e9dios p\u00fablicos de Massap\u00ea do Piau\u00ed - Portal Not\u00edcia em Pauta","robots":{"index":"index","follow":"follow","max-snippet":"max-snippet:-1","max-image-preview":"max-image-preview:large","max-video-preview":"max-video-preview:-1"},"canonical":"https:\/\/noticiaempauta.com\/portal\/prefeito-dr-wilton-enfrenta-situacao-critica-de-sucateamento-da-frota-de-veiculos-e-falta-de-estrutura-em-predios-publicos-de-massape-do-piaui\/","og_locale":"pt_BR","og_type":"article","og_title":"Prefeito Dr. Wilton enfrenta situa\u00e7\u00e3o cr\u00edtica de sucateamento da frota de ve\u00edculos e falta de estrutura em pr\u00e9dios p\u00fablicos de Massap\u00ea do Piau\u00ed","og_description":"A nova administra\u00e7\u00e3o luta para reverter o cen\u00e1rio de sucateamento, falta de informa\u00e7\u00f5es e infraestrutura prec\u00e1ria deixada pela gest\u00e3o anterior.","og_url":"https:\/\/noticiaempauta.com\/portal\/prefeito-dr-wilton-enfrenta-situacao-critica-de-sucateamento-da-frota-de-veiculos-e-falta-de-estrutura-em-predios-publicos-de-massape-do-piaui\/","og_site_name":"Portal Not\u00edcia em Pauta","article_publisher":"https:\/\/www.facebook.com\/Portal-Notcia-Em-Pauta-102292869264820\/","article_published_time":"2025-01-07T19:05:04+00:00","article_modified_time":"2025-01-07T19:05:05+00:00","og_image":[{"width":768,"height":427,"url":"https:\/\/noticiaempauta.com\/portal\/wp-content\/uploads\/2025\/01\/CAPA.jpg","type":"image\/jpeg"}],"author":"Reda\u00e7\u00e3o","twitter_card":"summary_large_image","twitter_misc":{"Escrito por":"Reda\u00e7\u00e3o","Est. tempo de leitura":"7 minutos"},"schema":{"@context":"https:\/\/schema.org","@graph":[{"@type":"Article","@id":"https:\/\/noticiaempauta.com\/portal\/prefeito-dr-wilton-enfrenta-situacao-critica-de-sucateamento-da-frota-de-veiculos-e-falta-de-estrutura-em-predios-publicos-de-massape-do-piaui\/#article","isPartOf":{"@id":"https:\/\/noticiaempauta.com\/portal\/prefeito-dr-wilton-enfrenta-situacao-critica-de-sucateamento-da-frota-de-veiculos-e-falta-de-estrutura-em-predios-publicos-de-massape-do-piaui\/"},"author":{"name":"Reda\u00e7\u00e3o","@id":"https:\/\/noticiaempauta.com\/portal\/#\/schema\/person\/a74af43dd1ab3deca45f988c717d57ac"},"headline":"Prefeito Dr. Wilton enfrenta situa\u00e7\u00e3o cr\u00edtica de sucateamento da frota de ve\u00edculos e falta de estrutura em pr\u00e9dios p\u00fablicos de Massap\u00ea do Piau\u00ed","datePublished":"2025-01-07T19:05:04+00:00","dateModified":"2025-01-07T19:05:05+00:00","mainEntityOfPage":{"@id":"https:\/\/noticiaempauta.com\/portal\/prefeito-dr-wilton-enfrenta-situacao-critica-de-sucateamento-da-frota-de-veiculos-e-falta-de-estrutura-em-predios-publicos-de-massape-do-piaui\/"},"wordCount":774,"commentCount":0,"publisher":{"@id":"https:\/\/noticiaempauta.com\/portal\/#organization"},"image":{"@id":"https:\/\/noticiaempauta.com\/portal\/prefeito-dr-wilton-enfrenta-situacao-critica-de-sucateamento-da-frota-de-veiculos-e-falta-de-estrutura-em-predios-publicos-de-massape-do-piaui\/#primaryimage"},"thumbnailUrl":"https:\/\/noticiaempauta.com\/portal\/wp-content\/uploads\/2025\/01\/CAPA.jpg","articleSection":["Geral","Munic\u00edpios","Todas as Not\u00edcias"],"inLanguage":"pt-BR","potentialAction":[{"@type":"CommentAction","name":"Comment","target":["https:\/\/noticiaempauta.com\/portal\/prefeito-dr-wilton-enfrenta-situacao-critica-de-sucateamento-da-frota-de-veiculos-e-falta-de-estrutura-em-predios-publicos-de-massape-do-piaui\/#respond"]}]},{"@type":"WebPage","@id":"https:\/\/noticiaempauta.com\/portal\/prefeito-dr-wilton-enfrenta-situacao-critica-de-sucateamento-da-frota-de-veiculos-e-falta-de-estrutura-em-predios-publicos-de-massape-do-piaui\/","url":"https:\/\/noticiaempauta.com\/portal\/prefeito-dr-wilton-enfrenta-situacao-critica-de-sucateamento-da-frota-de-veiculos-e-falta-de-estrutura-em-predios-publicos-de-massape-do-piaui\/","name":"Prefeito Dr. Wilton enfrenta situa\u00e7\u00e3o cr\u00edtica de sucateamento da frota de ve\u00edculos e falta de estrutura em pr\u00e9dios p\u00fablicos de Massap\u00ea do Piau\u00ed - Portal Not\u00edcia em Pauta","isPartOf":{"@id":"https:\/\/noticiaempauta.com\/portal\/#website"},"primaryImageOfPage":{"@id":"https:\/\/noticiaempauta.com\/portal\/prefeito-dr-wilton-enfrenta-situacao-critica-de-sucateamento-da-frota-de-veiculos-e-falta-de-estrutura-em-predios-publicos-de-massape-do-piaui\/#primaryimage"},"image":{"@id":"https:\/\/noticiaempauta.com\/portal\/prefeito-dr-wilton-enfrenta-situacao-critica-de-sucateamento-da-frota-de-veiculos-e-falta-de-estrutura-em-predios-publicos-de-massape-do-piaui\/#primaryimage"},"thumbnailUrl":"https:\/\/noticiaempauta.com\/portal\/wp-content\/uploads\/2025\/01\/CAPA.jpg","datePublished":"2025-01-07T19:05:04+00:00","dateModified":"2025-01-07T19:05:05+00:00","breadcrumb":{"@id":"https:\/\/noticiaempauta.com\/portal\/prefeito-dr-wilton-enfrenta-situacao-critica-de-sucateamento-da-frota-de-veiculos-e-falta-de-estrutura-em-predios-publicos-de-massape-do-piaui\/#breadcrumb"},"inLanguage":"pt-BR","potentialAction":[{"@type":"ReadAction","target":["https:\/\/noticiaempauta.com\/portal\/prefeito-dr-wilton-enfrenta-situacao-critica-de-sucateamento-da-frota-de-veiculos-e-falta-de-estrutura-em-predios-publicos-de-massape-do-piaui\/"]}]},{"@type":"ImageObject","inLanguage":"pt-BR","@id":"https:\/\/noticiaempauta.com\/portal\/prefeito-dr-wilton-enfrenta-situacao-critica-de-sucateamento-da-frota-de-veiculos-e-falta-de-estrutura-em-predios-publicos-de-massape-do-piaui\/#primaryimage","url":"https:\/\/noticiaempauta.com\/portal\/wp-content\/uploads\/2025\/01\/CAPA.jpg","contentUrl":"https:\/\/noticiaempauta.com\/portal\/wp-content\/uploads\/2025\/01\/CAPA.jpg","width":768,"height":427,"caption":"(Reprodu\u00e7\u00e3o\/Infopi)"},{"@type":"BreadcrumbList","@id":"https:\/\/noticiaempauta.com\/portal\/prefeito-dr-wilton-enfrenta-situacao-critica-de-sucateamento-da-frota-de-veiculos-e-falta-de-estrutura-em-predios-publicos-de-massape-do-piaui\/#breadcrumb","itemListElement":[{"@type":"ListItem","position":1,"name":"P\u00e1gina Inicial","item":"https:\/\/noticiaempauta.com\/portal\/"},{"@type":"ListItem","position":2,"name":"Geral","item":"https:\/\/noticiaempauta.com\/portal\/geral\/"},{"@type":"ListItem","position":3,"name":"Prefeito Dr. Wilton enfrenta situa\u00e7\u00e3o cr\u00edtica de sucateamento da frota de ve\u00edculos e falta de estrutura em pr\u00e9dios p\u00fablicos de Massap\u00ea do Piau\u00ed"}]},{"@type":"WebSite","@id":"https:\/\/noticiaempauta.com\/portal\/#website","url":"https:\/\/noticiaempauta.com\/portal\/","name":"Portal Not\u00edcia em Pauta","description":"Voc\u00ea bem informado","publisher":{"@id":"https:\/\/noticiaempauta.com\/portal\/#organization"},"potentialAction":[{"@type":"SearchAction","target":{"@type":"EntryPoint","urlTemplate":"https:\/\/noticiaempauta.com\/portal\/?s={search_term_string}"},"query-input":{"@type":"PropertyValueSpecification","valueRequired":true,"valueName":"search_term_string"}}],"inLanguage":"pt-BR"},{"@type":"Organization","@id":"https:\/\/noticiaempauta.com\/portal\/#organization","name":"Portal Not\u00edcia em Pauta","url":"https:\/\/noticiaempauta.com\/portal\/","logo":{"@type":"ImageObject","inLanguage":"pt-BR","@id":"https:\/\/noticiaempauta.com\/portal\/#\/schema\/logo\/image\/","url":"https:\/\/noticiaempauta.com\/portal\/wp-content\/uploads\/2022\/08\/logomarca_tema.fw_.png","contentUrl":"https:\/\/noticiaempauta.com\/portal\/wp-content\/uploads\/2022\/08\/logomarca_tema.fw_.png","width":400,"height":232,"caption":"Portal Not\u00edcia em Pauta"},"image":{"@id":"https:\/\/noticiaempauta.com\/portal\/#\/schema\/logo\/image\/"},"sameAs":["https:\/\/www.facebook.com\/Portal-Notcia-Em-Pauta-102292869264820\/","https:\/\/www.instagram.com\/portalnoticiaempauta\/"]},{"@type":"Person","@id":"https:\/\/noticiaempauta.com\/portal\/#\/schema\/person\/a74af43dd1ab3deca45f988c717d57ac","name":"Reda\u00e7\u00e3o","image":{"@type":"ImageObject","inLanguage":"pt-BR","@id":"https:\/\/noticiaempauta.com\/portal\/#\/schema\/person\/image\/","url":"https:\/\/secure.gravatar.com\/avatar\/03179346ecce6cdfc13361603e8f54242a90e5cde8618fa23c5c00aa2b0aadf3?s=96&d=mm&r=g","contentUrl":"https:\/\/secure.gravatar.com\/avatar\/03179346ecce6cdfc13361603e8f54242a90e5cde8618fa23c5c00aa2b0aadf3?s=96&d=mm&r=g","caption":"Reda\u00e7\u00e3o"},"sameAs":["https:\/\/noticiaempauta.com\/portal\/"],"url":"https:\/\/noticiaempauta.com\/portal\/author\/fernando\/"}]}},"_links":{"self":[{"href":"https:\/\/noticiaempauta.com\/portal\/wp-json\/wp\/v2\/posts\/266287","targetHints":{"allow":["GET"]}}],"collection":[{"href":"https:\/\/noticiaempauta.com\/portal\/wp-json\/wp\/v2\/posts"}],"about":[{"href":"https:\/\/noticiaempauta.com\/portal\/wp-json\/wp\/v2\/types\/post"}],"author":[{"embeddable":true,"href":"https:\/\/noticiaempauta.com\/portal\/wp-json\/wp\/v2\/users\/2"}],"replies":[{"embeddable":true,"href":"https:\/\/noticiaempauta.com\/portal\/wp-json\/wp\/v2\/comments?post=266287"}],"version-history":[{"count":1,"href":"https:\/\/noticiaempauta.com\/portal\/wp-json\/wp\/v2\/posts\/266287\/revisions"}],"predecessor-version":[{"id":266301,"href":"https:\/\/noticiaempauta.com\/portal\/wp-json\/wp\/v2\/posts\/266287\/revisions\/266301"}],"wp:featuredmedia":[{"embeddable":true,"href":"https:\/\/noticiaempauta.com\/portal\/wp-json\/wp\/v2\/media\/266288"}],"wp:attachment":[{"href":"https:\/\/noticiaempauta.com\/portal\/wp-json\/wp\/v2\/media?parent=266287"}],"wp:term":[{"taxonomy":"category","embeddable":true,"href":"https:\/\/noticiaempauta.com\/portal\/wp-json\/wp\/v2\/categories?post=266287"},{"taxonomy":"post_tag","embeddable":true,"href":"https:\/\/noticiaempauta.com\/portal\/wp-json\/wp\/v2\/tags?post=266287"}],"curies":[{"name":"wp","href":"https:\/\/api.w.org\/{rel}","templated":true}]}}