{"id":266302,"date":"2025-01-07T16:18:57","date_gmt":"2025-01-07T19:18:57","guid":{"rendered":"https:\/\/noticiaempauta.com\/portal\/?p=266302"},"modified":"2025-01-07T16:18:58","modified_gmt":"2025-01-07T19:18:58","slug":"vereador-zenim-assume-secretaria-municipal-de-saude-com-foco-na-reestruturacao-da-atencao-basica-em-aroeiras-do-itaim","status":"publish","type":"post","link":"https:\/\/noticiaempauta.com\/portal\/vereador-zenim-assume-secretaria-municipal-de-saude-com-foco-na-reestruturacao-da-atencao-basica-em-aroeiras-do-itaim\/","title":{"rendered":"Vereador Zenim assume secretaria municipal de Sa\u00fade com foco na reestrutura\u00e7\u00e3o da aten\u00e7\u00e3o b\u00e1sica em Aroeiras do Itaim"},"content":{"rendered":"\n<p>O vereador Zenio Neves, o Zenim (PSD) assumiu a Secretaria Municipal de Sa\u00fade do munic\u00edpio de Aroeiras do Itaim, a portaria de nomea\u00e7\u00e3o do novo secret\u00e1rio de Sa\u00fade foi assinada pelo prefeito Marciano Mac\u00eado, e agora ele j\u00e1 no cargo tra\u00e7a a\u00e7\u00f5es para a pasta.<\/p>\n\n\n\n<figure class=\"wp-block-image size-full\"><img fetchpriority=\"high\" decoding=\"async\" width=\"960\" height=\"691\" src=\"https:\/\/noticiaempauta.com\/portal\/wp-content\/uploads\/2025\/01\/WhatsApp-Image-2025-01-07-at-16.15.03.jpeg\" alt=\"\" class=\"wp-image-266304\" srcset=\"https:\/\/noticiaempauta.com\/portal\/wp-content\/uploads\/2025\/01\/WhatsApp-Image-2025-01-07-at-16.15.03.jpeg 960w, https:\/\/noticiaempauta.com\/portal\/wp-content\/uploads\/2025\/01\/WhatsApp-Image-2025-01-07-at-16.15.03-300x216.jpeg 300w, https:\/\/noticiaempauta.com\/portal\/wp-content\/uploads\/2025\/01\/WhatsApp-Image-2025-01-07-at-16.15.03-768x553.jpeg 768w\" sizes=\"(max-width: 960px) 100vw, 960px\" \/><\/figure>\n\n\n\n<p>Segundo informou Zenio Neves, esse \u00e9 mais um desafio na sua vida que vai abra\u00e7ar com muita determina\u00e7\u00e3o e trabalho, pois disposi\u00e7\u00e3o para trabalhar n\u00e3o faltar\u00e1, e com o apoio do prefeito marciano, ele ter\u00e1 tudo para fazer uma boa gest\u00e3o, disse.<\/p>\n\n\n\n<p>De acordo com o secret\u00e1rio de Sa\u00fade, o principal foco na pasta \u00e9 a Aten\u00e7\u00e3o B\u00e1sica&nbsp;que \u00e9 a principal porta de entrada e o centro articulador do acesso dos usu\u00e1rios ao Sistema \u00danico de&nbsp;Sa\u00fade&nbsp;(SUS) e \u00e0s Redes de&nbsp;Aten\u00e7\u00e3o&nbsp;\u00e0&nbsp;Sa\u00fade, orientada pelos princ\u00edpios da acessibilidade, coordena\u00e7\u00e3o do cuidado, v\u00ednculo, continuidade e integralidade.<\/p>\n\n\n\n<p>A Aten\u00e7\u00e3o Prim\u00e1ria \u00e0 Sa\u00fade (APS) foi desenvolvida como um conjunto de a\u00e7\u00f5es que abrange&nbsp;a prote\u00e7\u00e3o da sa\u00fade, a preven\u00e7\u00e3o de agravos, o diagn\u00f3stico, o tratamento, a reabilita\u00e7\u00e3o, a redu\u00e7\u00e3o de danos e a manuten\u00e7\u00e3o da sa\u00fade.<\/p>\n\n\n\n<figure class=\"wp-block-image size-large\"><img decoding=\"async\" width=\"1024\" height=\"900\" src=\"https:\/\/noticiaempauta.com\/portal\/wp-content\/uploads\/2025\/01\/9c80c41e-2f3a-4c90-968e-7a5941f4e606-1024x900.jpeg\" alt=\"\" class=\"wp-image-266303\" srcset=\"https:\/\/noticiaempauta.com\/portal\/wp-content\/uploads\/2025\/01\/9c80c41e-2f3a-4c90-968e-7a5941f4e606-1024x900.jpeg 1024w, https:\/\/noticiaempauta.com\/portal\/wp-content\/uploads\/2025\/01\/9c80c41e-2f3a-4c90-968e-7a5941f4e606-300x264.jpeg 300w, https:\/\/noticiaempauta.com\/portal\/wp-content\/uploads\/2025\/01\/9c80c41e-2f3a-4c90-968e-7a5941f4e606-768x675.jpeg 768w, https:\/\/noticiaempauta.com\/portal\/wp-content\/uploads\/2025\/01\/9c80c41e-2f3a-4c90-968e-7a5941f4e606.jpeg 1080w\" sizes=\"(max-width: 1024px) 100vw, 1024px\" \/><\/figure>\n\n\n\n<p>\u201cQuero aqui agradecer ao prefeito Marciano Mac\u00eado por confiar a mim essa t\u00e3o importante secretaria, e para tanto, irei trabalhar para atender as demandas da nossa popula\u00e7\u00e3o, pois sabemos o quanto \u00e9 necess\u00e1rio esse atendimento, j\u00e1 que o nosso munic\u00edpio \u00e9 pequeno e carente de recursos, mas com o apoio do nosso prefeito, irei trabalhar para atender a nossa popula\u00e7\u00e3o\u201d, falou.<\/p>\n\n\n\n<p>O secret\u00e1rio informou ainda, que \u00e9 inten\u00e7\u00e3o do prefeito ter atendimento m\u00e9dico todos os dias no munic\u00edpio, esse \u00e9 um projeto que Marciano est\u00e1 trabalhando para que em breve isso possa acontecer, finalizou Zenio Neves.<\/p>\n\n\n\n<p>Fonte: Portal AgoraED<\/p>\n","protected":false},"excerpt":{"rendered":"<p>O vereador Zenio Neves, o Zenim (PSD) assumiu a Secretaria Municipal de Sa\u00fade do munic\u00edpio de Aroeiras do Itaim, a portaria de nomea\u00e7\u00e3o do novo secret\u00e1rio de Sa\u00fade foi assinada pelo prefeito Marciano Mac\u00eado, e agora ele j\u00e1 no cargo tra\u00e7a a\u00e7\u00f5es para a pasta. Segundo informou Zenio Neves, esse \u00e9 mais um desafio na [&hellip;]<\/p>\n","protected":false},"author":2,"featured_media":266304,"comment_status":"open","ping_status":"open","sticky":false,"template":"","format":"standard","meta":{"_mi_skip_tracking":false,"footnotes":""},"categories":[25,1,9,5,16],"tags":[192],"class_list":["post-266302","post","type-post","status-publish","format-standard","has-post-thumbnail","hentry","category-destaques-site","category-geral","category-municipios","category-saude","category-todas","tag-destaqueprincipal"],"acf":[],"yoast_head":"<!-- This site is optimized with the Yoast SEO Premium plugin v19.2 (Yoast SEO v26.9) - https:\/\/yoast.com\/product\/yoast-seo-premium-wordpress\/ -->\n<title>Vereador Zenim assume secretaria municipal de Sa\u00fade com foco na reestrutura\u00e7\u00e3o da aten\u00e7\u00e3o b\u00e1sica em Aroeiras do Itaim - Portal Not\u00edcia em Pauta<\/title>\n<meta name=\"robots\" content=\"index, follow, max-snippet:-1, max-image-preview:large, max-video-preview:-1\" \/>\n<link rel=\"canonical\" href=\"https:\/\/noticiaempauta.com\/portal\/vereador-zenim-assume-secretaria-municipal-de-saude-com-foco-na-reestruturacao-da-atencao-basica-em-aroeiras-do-itaim\/\" \/>\n<meta property=\"og:locale\" content=\"pt_BR\" \/>\n<meta property=\"og:type\" content=\"article\" \/>\n<meta property=\"og:title\" content=\"Vereador Zenim assume secretaria municipal de Sa\u00fade com foco na reestrutura\u00e7\u00e3o da aten\u00e7\u00e3o b\u00e1sica em Aroeiras do Itaim\" \/>\n<meta property=\"og:description\" content=\"O vereador Zenio Neves, o Zenim (PSD) assumiu a Secretaria Municipal de Sa\u00fade do munic\u00edpio de Aroeiras do Itaim, a portaria de nomea\u00e7\u00e3o do novo secret\u00e1rio de Sa\u00fade foi assinada pelo prefeito Marciano Mac\u00eado, e agora ele j\u00e1 no cargo tra\u00e7a a\u00e7\u00f5es para a pasta. Segundo informou Zenio Neves, esse \u00e9 mais um desafio na [&hellip;]\" \/>\n<meta property=\"og:url\" content=\"https:\/\/noticiaempauta.com\/portal\/vereador-zenim-assume-secretaria-municipal-de-saude-com-foco-na-reestruturacao-da-atencao-basica-em-aroeiras-do-itaim\/\" \/>\n<meta property=\"og:site_name\" content=\"Portal Not\u00edcia em Pauta\" \/>\n<meta property=\"article:publisher\" content=\"https:\/\/www.facebook.com\/Portal-Notcia-Em-Pauta-102292869264820\/\" \/>\n<meta property=\"article:published_time\" content=\"2025-01-07T19:18:57+00:00\" \/>\n<meta property=\"article:modified_time\" content=\"2025-01-07T19:18:58+00:00\" \/>\n<meta property=\"og:image\" content=\"https:\/\/noticiaempauta.com\/portal\/wp-content\/uploads\/2025\/01\/WhatsApp-Image-2025-01-07-at-16.15.03.jpeg\" \/>\n\t<meta property=\"og:image:width\" content=\"960\" \/>\n\t<meta property=\"og:image:height\" content=\"691\" \/>\n\t<meta property=\"og:image:type\" content=\"image\/jpeg\" \/>\n<meta name=\"author\" content=\"Reda\u00e7\u00e3o\" \/>\n<meta name=\"twitter:card\" content=\"summary_large_image\" \/>\n<meta name=\"twitter:label1\" content=\"Escrito por\" \/>\n\t<meta name=\"twitter:data1\" content=\"Reda\u00e7\u00e3o\" \/>\n\t<meta name=\"twitter:label2\" content=\"Est. tempo de leitura\" \/>\n\t<meta name=\"twitter:data2\" content=\"3 minutos\" \/>\n<script type=\"application\/ld+json\" class=\"yoast-schema-graph\">{\"@context\":\"https:\/\/schema.org\",\"@graph\":[{\"@type\":\"Article\",\"@id\":\"https:\/\/noticiaempauta.com\/portal\/vereador-zenim-assume-secretaria-municipal-de-saude-com-foco-na-reestruturacao-da-atencao-basica-em-aroeiras-do-itaim\/#article\",\"isPartOf\":{\"@id\":\"https:\/\/noticiaempauta.com\/portal\/vereador-zenim-assume-secretaria-municipal-de-saude-com-foco-na-reestruturacao-da-atencao-basica-em-aroeiras-do-itaim\/\"},\"author\":{\"name\":\"Reda\u00e7\u00e3o\",\"@id\":\"https:\/\/noticiaempauta.com\/portal\/#\/schema\/person\/a74af43dd1ab3deca45f988c717d57ac\"},\"headline\":\"Vereador Zenim assume secretaria municipal de Sa\u00fade com foco na reestrutura\u00e7\u00e3o da aten\u00e7\u00e3o b\u00e1sica em Aroeiras do Itaim\",\"datePublished\":\"2025-01-07T19:18:57+00:00\",\"dateModified\":\"2025-01-07T19:18:58+00:00\",\"mainEntityOfPage\":{\"@id\":\"https:\/\/noticiaempauta.com\/portal\/vereador-zenim-assume-secretaria-municipal-de-saude-com-foco-na-reestruturacao-da-atencao-basica-em-aroeiras-do-itaim\/\"},\"wordCount\":346,\"commentCount\":0,\"publisher\":{\"@id\":\"https:\/\/noticiaempauta.com\/portal\/#organization\"},\"image\":{\"@id\":\"https:\/\/noticiaempauta.com\/portal\/vereador-zenim-assume-secretaria-municipal-de-saude-com-foco-na-reestruturacao-da-atencao-basica-em-aroeiras-do-itaim\/#primaryimage\"},\"thumbnailUrl\":\"https:\/\/noticiaempauta.com\/portal\/wp-content\/uploads\/2025\/01\/WhatsApp-Image-2025-01-07-at-16.15.03.jpeg\",\"keywords\":[\"destaqueprincipal\"],\"articleSection\":[\"Destaques\",\"Geral\",\"Munic\u00edpios\",\"Sa\u00fade\",\"Todas as Not\u00edcias\"],\"inLanguage\":\"pt-BR\",\"potentialAction\":[{\"@type\":\"CommentAction\",\"name\":\"Comment\",\"target\":[\"https:\/\/noticiaempauta.com\/portal\/vereador-zenim-assume-secretaria-municipal-de-saude-com-foco-na-reestruturacao-da-atencao-basica-em-aroeiras-do-itaim\/#respond\"]}]},{\"@type\":\"WebPage\",\"@id\":\"https:\/\/noticiaempauta.com\/portal\/vereador-zenim-assume-secretaria-municipal-de-saude-com-foco-na-reestruturacao-da-atencao-basica-em-aroeiras-do-itaim\/\",\"url\":\"https:\/\/noticiaempauta.com\/portal\/vereador-zenim-assume-secretaria-municipal-de-saude-com-foco-na-reestruturacao-da-atencao-basica-em-aroeiras-do-itaim\/\",\"name\":\"Vereador Zenim assume secretaria municipal de Sa\u00fade com foco na reestrutura\u00e7\u00e3o da aten\u00e7\u00e3o b\u00e1sica em Aroeiras do Itaim - Portal Not\u00edcia em Pauta\",\"isPartOf\":{\"@id\":\"https:\/\/noticiaempauta.com\/portal\/#website\"},\"primaryImageOfPage\":{\"@id\":\"https:\/\/noticiaempauta.com\/portal\/vereador-zenim-assume-secretaria-municipal-de-saude-com-foco-na-reestruturacao-da-atencao-basica-em-aroeiras-do-itaim\/#primaryimage\"},\"image\":{\"@id\":\"https:\/\/noticiaempauta.com\/portal\/vereador-zenim-assume-secretaria-municipal-de-saude-com-foco-na-reestruturacao-da-atencao-basica-em-aroeiras-do-itaim\/#primaryimage\"},\"thumbnailUrl\":\"https:\/\/noticiaempauta.com\/portal\/wp-content\/uploads\/2025\/01\/WhatsApp-Image-2025-01-07-at-16.15.03.jpeg\",\"datePublished\":\"2025-01-07T19:18:57+00:00\",\"dateModified\":\"2025-01-07T19:18:58+00:00\",\"breadcrumb\":{\"@id\":\"https:\/\/noticiaempauta.com\/portal\/vereador-zenim-assume-secretaria-municipal-de-saude-com-foco-na-reestruturacao-da-atencao-basica-em-aroeiras-do-itaim\/#breadcrumb\"},\"inLanguage\":\"pt-BR\",\"potentialAction\":[{\"@type\":\"ReadAction\",\"target\":[\"https:\/\/noticiaempauta.com\/portal\/vereador-zenim-assume-secretaria-municipal-de-saude-com-foco-na-reestruturacao-da-atencao-basica-em-aroeiras-do-itaim\/\"]}]},{\"@type\":\"ImageObject\",\"inLanguage\":\"pt-BR\",\"@id\":\"https:\/\/noticiaempauta.com\/portal\/vereador-zenim-assume-secretaria-municipal-de-saude-com-foco-na-reestruturacao-da-atencao-basica-em-aroeiras-do-itaim\/#primaryimage\",\"url\":\"https:\/\/noticiaempauta.com\/portal\/wp-content\/uploads\/2025\/01\/WhatsApp-Image-2025-01-07-at-16.15.03.jpeg\",\"contentUrl\":\"https:\/\/noticiaempauta.com\/portal\/wp-content\/uploads\/2025\/01\/WhatsApp-Image-2025-01-07-at-16.15.03.jpeg\",\"width\":960,\"height\":691},{\"@type\":\"BreadcrumbList\",\"@id\":\"https:\/\/noticiaempauta.com\/portal\/vereador-zenim-assume-secretaria-municipal-de-saude-com-foco-na-reestruturacao-da-atencao-basica-em-aroeiras-do-itaim\/#breadcrumb\",\"itemListElement\":[{\"@type\":\"ListItem\",\"position\":1,\"name\":\"P\u00e1gina Inicial\",\"item\":\"https:\/\/noticiaempauta.com\/portal\/\"},{\"@type\":\"ListItem\",\"position\":2,\"name\":\"Destaques\",\"item\":\"https:\/\/noticiaempauta.com\/portal\/destaques-site\/\"},{\"@type\":\"ListItem\",\"position\":3,\"name\":\"Vereador Zenim assume secretaria municipal de Sa\u00fade com foco na reestrutura\u00e7\u00e3o da aten\u00e7\u00e3o b\u00e1sica em Aroeiras do Itaim\"}]},{\"@type\":\"WebSite\",\"@id\":\"https:\/\/noticiaempauta.com\/portal\/#website\",\"url\":\"https:\/\/noticiaempauta.com\/portal\/\",\"name\":\"Portal Not\u00edcia em Pauta\",\"description\":\"Voc\u00ea bem informado\",\"publisher\":{\"@id\":\"https:\/\/noticiaempauta.com\/portal\/#organization\"},\"potentialAction\":[{\"@type\":\"SearchAction\",\"target\":{\"@type\":\"EntryPoint\",\"urlTemplate\":\"https:\/\/noticiaempauta.com\/portal\/?s={search_term_string}\"},\"query-input\":{\"@type\":\"PropertyValueSpecification\",\"valueRequired\":true,\"valueName\":\"search_term_string\"}}],\"inLanguage\":\"pt-BR\"},{\"@type\":\"Organization\",\"@id\":\"https:\/\/noticiaempauta.com\/portal\/#organization\",\"name\":\"Portal Not\u00edcia em Pauta\",\"url\":\"https:\/\/noticiaempauta.com\/portal\/\",\"logo\":{\"@type\":\"ImageObject\",\"inLanguage\":\"pt-BR\",\"@id\":\"https:\/\/noticiaempauta.com\/portal\/#\/schema\/logo\/image\/\",\"url\":\"https:\/\/noticiaempauta.com\/portal\/wp-content\/uploads\/2022\/08\/logomarca_tema.fw_.png\",\"contentUrl\":\"https:\/\/noticiaempauta.com\/portal\/wp-content\/uploads\/2022\/08\/logomarca_tema.fw_.png\",\"width\":400,\"height\":232,\"caption\":\"Portal Not\u00edcia em Pauta\"},\"image\":{\"@id\":\"https:\/\/noticiaempauta.com\/portal\/#\/schema\/logo\/image\/\"},\"sameAs\":[\"https:\/\/www.facebook.com\/Portal-Notcia-Em-Pauta-102292869264820\/\",\"https:\/\/www.instagram.com\/portalnoticiaempauta\/\"]},{\"@type\":\"Person\",\"@id\":\"https:\/\/noticiaempauta.com\/portal\/#\/schema\/person\/a74af43dd1ab3deca45f988c717d57ac\",\"name\":\"Reda\u00e7\u00e3o\",\"image\":{\"@type\":\"ImageObject\",\"inLanguage\":\"pt-BR\",\"@id\":\"https:\/\/noticiaempauta.com\/portal\/#\/schema\/person\/image\/\",\"url\":\"https:\/\/secure.gravatar.com\/avatar\/03179346ecce6cdfc13361603e8f54242a90e5cde8618fa23c5c00aa2b0aadf3?s=96&d=mm&r=g\",\"contentUrl\":\"https:\/\/secure.gravatar.com\/avatar\/03179346ecce6cdfc13361603e8f54242a90e5cde8618fa23c5c00aa2b0aadf3?s=96&d=mm&r=g\",\"caption\":\"Reda\u00e7\u00e3o\"},\"sameAs\":[\"https:\/\/noticiaempauta.com\/portal\/\"],\"url\":\"https:\/\/noticiaempauta.com\/portal\/author\/fernando\/\"}]}<\/script>\n<!-- \/ Yoast SEO Premium plugin. -->","yoast_head_json":{"title":"Vereador Zenim assume secretaria municipal de Sa\u00fade com foco na reestrutura\u00e7\u00e3o da aten\u00e7\u00e3o b\u00e1sica em Aroeiras do Itaim - Portal Not\u00edcia em Pauta","robots":{"index":"index","follow":"follow","max-snippet":"max-snippet:-1","max-image-preview":"max-image-preview:large","max-video-preview":"max-video-preview:-1"},"canonical":"https:\/\/noticiaempauta.com\/portal\/vereador-zenim-assume-secretaria-municipal-de-saude-com-foco-na-reestruturacao-da-atencao-basica-em-aroeiras-do-itaim\/","og_locale":"pt_BR","og_type":"article","og_title":"Vereador Zenim assume secretaria municipal de Sa\u00fade com foco na reestrutura\u00e7\u00e3o da aten\u00e7\u00e3o b\u00e1sica em Aroeiras do Itaim","og_description":"O vereador Zenio Neves, o Zenim (PSD) assumiu a Secretaria Municipal de Sa\u00fade do munic\u00edpio de Aroeiras do Itaim, a portaria de nomea\u00e7\u00e3o do novo secret\u00e1rio de Sa\u00fade foi assinada pelo prefeito Marciano Mac\u00eado, e agora ele j\u00e1 no cargo tra\u00e7a a\u00e7\u00f5es para a pasta. Segundo informou Zenio Neves, esse \u00e9 mais um desafio na [&hellip;]","og_url":"https:\/\/noticiaempauta.com\/portal\/vereador-zenim-assume-secretaria-municipal-de-saude-com-foco-na-reestruturacao-da-atencao-basica-em-aroeiras-do-itaim\/","og_site_name":"Portal Not\u00edcia em Pauta","article_publisher":"https:\/\/www.facebook.com\/Portal-Notcia-Em-Pauta-102292869264820\/","article_published_time":"2025-01-07T19:18:57+00:00","article_modified_time":"2025-01-07T19:18:58+00:00","og_image":[{"width":960,"height":691,"url":"https:\/\/noticiaempauta.com\/portal\/wp-content\/uploads\/2025\/01\/WhatsApp-Image-2025-01-07-at-16.15.03.jpeg","type":"image\/jpeg"}],"author":"Reda\u00e7\u00e3o","twitter_card":"summary_large_image","twitter_misc":{"Escrito por":"Reda\u00e7\u00e3o","Est. tempo de leitura":"3 minutos"},"schema":{"@context":"https:\/\/schema.org","@graph":[{"@type":"Article","@id":"https:\/\/noticiaempauta.com\/portal\/vereador-zenim-assume-secretaria-municipal-de-saude-com-foco-na-reestruturacao-da-atencao-basica-em-aroeiras-do-itaim\/#article","isPartOf":{"@id":"https:\/\/noticiaempauta.com\/portal\/vereador-zenim-assume-secretaria-municipal-de-saude-com-foco-na-reestruturacao-da-atencao-basica-em-aroeiras-do-itaim\/"},"author":{"name":"Reda\u00e7\u00e3o","@id":"https:\/\/noticiaempauta.com\/portal\/#\/schema\/person\/a74af43dd1ab3deca45f988c717d57ac"},"headline":"Vereador Zenim assume secretaria municipal de Sa\u00fade com foco na reestrutura\u00e7\u00e3o da aten\u00e7\u00e3o b\u00e1sica em Aroeiras do Itaim","datePublished":"2025-01-07T19:18:57+00:00","dateModified":"2025-01-07T19:18:58+00:00","mainEntityOfPage":{"@id":"https:\/\/noticiaempauta.com\/portal\/vereador-zenim-assume-secretaria-municipal-de-saude-com-foco-na-reestruturacao-da-atencao-basica-em-aroeiras-do-itaim\/"},"wordCount":346,"commentCount":0,"publisher":{"@id":"https:\/\/noticiaempauta.com\/portal\/#organization"},"image":{"@id":"https:\/\/noticiaempauta.com\/portal\/vereador-zenim-assume-secretaria-municipal-de-saude-com-foco-na-reestruturacao-da-atencao-basica-em-aroeiras-do-itaim\/#primaryimage"},"thumbnailUrl":"https:\/\/noticiaempauta.com\/portal\/wp-content\/uploads\/2025\/01\/WhatsApp-Image-2025-01-07-at-16.15.03.jpeg","keywords":["destaqueprincipal"],"articleSection":["Destaques","Geral","Munic\u00edpios","Sa\u00fade","Todas as Not\u00edcias"],"inLanguage":"pt-BR","potentialAction":[{"@type":"CommentAction","name":"Comment","target":["https:\/\/noticiaempauta.com\/portal\/vereador-zenim-assume-secretaria-municipal-de-saude-com-foco-na-reestruturacao-da-atencao-basica-em-aroeiras-do-itaim\/#respond"]}]},{"@type":"WebPage","@id":"https:\/\/noticiaempauta.com\/portal\/vereador-zenim-assume-secretaria-municipal-de-saude-com-foco-na-reestruturacao-da-atencao-basica-em-aroeiras-do-itaim\/","url":"https:\/\/noticiaempauta.com\/portal\/vereador-zenim-assume-secretaria-municipal-de-saude-com-foco-na-reestruturacao-da-atencao-basica-em-aroeiras-do-itaim\/","name":"Vereador Zenim assume secretaria municipal de Sa\u00fade com foco na reestrutura\u00e7\u00e3o da aten\u00e7\u00e3o b\u00e1sica em Aroeiras do Itaim - Portal Not\u00edcia em Pauta","isPartOf":{"@id":"https:\/\/noticiaempauta.com\/portal\/#website"},"primaryImageOfPage":{"@id":"https:\/\/noticiaempauta.com\/portal\/vereador-zenim-assume-secretaria-municipal-de-saude-com-foco-na-reestruturacao-da-atencao-basica-em-aroeiras-do-itaim\/#primaryimage"},"image":{"@id":"https:\/\/noticiaempauta.com\/portal\/vereador-zenim-assume-secretaria-municipal-de-saude-com-foco-na-reestruturacao-da-atencao-basica-em-aroeiras-do-itaim\/#primaryimage"},"thumbnailUrl":"https:\/\/noticiaempauta.com\/portal\/wp-content\/uploads\/2025\/01\/WhatsApp-Image-2025-01-07-at-16.15.03.jpeg","datePublished":"2025-01-07T19:18:57+00:00","dateModified":"2025-01-07T19:18:58+00:00","breadcrumb":{"@id":"https:\/\/noticiaempauta.com\/portal\/vereador-zenim-assume-secretaria-municipal-de-saude-com-foco-na-reestruturacao-da-atencao-basica-em-aroeiras-do-itaim\/#breadcrumb"},"inLanguage":"pt-BR","potentialAction":[{"@type":"ReadAction","target":["https:\/\/noticiaempauta.com\/portal\/vereador-zenim-assume-secretaria-municipal-de-saude-com-foco-na-reestruturacao-da-atencao-basica-em-aroeiras-do-itaim\/"]}]},{"@type":"ImageObject","inLanguage":"pt-BR","@id":"https:\/\/noticiaempauta.com\/portal\/vereador-zenim-assume-secretaria-municipal-de-saude-com-foco-na-reestruturacao-da-atencao-basica-em-aroeiras-do-itaim\/#primaryimage","url":"https:\/\/noticiaempauta.com\/portal\/wp-content\/uploads\/2025\/01\/WhatsApp-Image-2025-01-07-at-16.15.03.jpeg","contentUrl":"https:\/\/noticiaempauta.com\/portal\/wp-content\/uploads\/2025\/01\/WhatsApp-Image-2025-01-07-at-16.15.03.jpeg","width":960,"height":691},{"@type":"BreadcrumbList","@id":"https:\/\/noticiaempauta.com\/portal\/vereador-zenim-assume-secretaria-municipal-de-saude-com-foco-na-reestruturacao-da-atencao-basica-em-aroeiras-do-itaim\/#breadcrumb","itemListElement":[{"@type":"ListItem","position":1,"name":"P\u00e1gina Inicial","item":"https:\/\/noticiaempauta.com\/portal\/"},{"@type":"ListItem","position":2,"name":"Destaques","item":"https:\/\/noticiaempauta.com\/portal\/destaques-site\/"},{"@type":"ListItem","position":3,"name":"Vereador Zenim assume secretaria municipal de Sa\u00fade com foco na reestrutura\u00e7\u00e3o da aten\u00e7\u00e3o b\u00e1sica em Aroeiras do Itaim"}]},{"@type":"WebSite","@id":"https:\/\/noticiaempauta.com\/portal\/#website","url":"https:\/\/noticiaempauta.com\/portal\/","name":"Portal Not\u00edcia em Pauta","description":"Voc\u00ea bem informado","publisher":{"@id":"https:\/\/noticiaempauta.com\/portal\/#organization"},"potentialAction":[{"@type":"SearchAction","target":{"@type":"EntryPoint","urlTemplate":"https:\/\/noticiaempauta.com\/portal\/?s={search_term_string}"},"query-input":{"@type":"PropertyValueSpecification","valueRequired":true,"valueName":"search_term_string"}}],"inLanguage":"pt-BR"},{"@type":"Organization","@id":"https:\/\/noticiaempauta.com\/portal\/#organization","name":"Portal Not\u00edcia em Pauta","url":"https:\/\/noticiaempauta.com\/portal\/","logo":{"@type":"ImageObject","inLanguage":"pt-BR","@id":"https:\/\/noticiaempauta.com\/portal\/#\/schema\/logo\/image\/","url":"https:\/\/noticiaempauta.com\/portal\/wp-content\/uploads\/2022\/08\/logomarca_tema.fw_.png","contentUrl":"https:\/\/noticiaempauta.com\/portal\/wp-content\/uploads\/2022\/08\/logomarca_tema.fw_.png","width":400,"height":232,"caption":"Portal Not\u00edcia em Pauta"},"image":{"@id":"https:\/\/noticiaempauta.com\/portal\/#\/schema\/logo\/image\/"},"sameAs":["https:\/\/www.facebook.com\/Portal-Notcia-Em-Pauta-102292869264820\/","https:\/\/www.instagram.com\/portalnoticiaempauta\/"]},{"@type":"Person","@id":"https:\/\/noticiaempauta.com\/portal\/#\/schema\/person\/a74af43dd1ab3deca45f988c717d57ac","name":"Reda\u00e7\u00e3o","image":{"@type":"ImageObject","inLanguage":"pt-BR","@id":"https:\/\/noticiaempauta.com\/portal\/#\/schema\/person\/image\/","url":"https:\/\/secure.gravatar.com\/avatar\/03179346ecce6cdfc13361603e8f54242a90e5cde8618fa23c5c00aa2b0aadf3?s=96&d=mm&r=g","contentUrl":"https:\/\/secure.gravatar.com\/avatar\/03179346ecce6cdfc13361603e8f54242a90e5cde8618fa23c5c00aa2b0aadf3?s=96&d=mm&r=g","caption":"Reda\u00e7\u00e3o"},"sameAs":["https:\/\/noticiaempauta.com\/portal\/"],"url":"https:\/\/noticiaempauta.com\/portal\/author\/fernando\/"}]}},"_links":{"self":[{"href":"https:\/\/noticiaempauta.com\/portal\/wp-json\/wp\/v2\/posts\/266302","targetHints":{"allow":["GET"]}}],"collection":[{"href":"https:\/\/noticiaempauta.com\/portal\/wp-json\/wp\/v2\/posts"}],"about":[{"href":"https:\/\/noticiaempauta.com\/portal\/wp-json\/wp\/v2\/types\/post"}],"author":[{"embeddable":true,"href":"https:\/\/noticiaempauta.com\/portal\/wp-json\/wp\/v2\/users\/2"}],"replies":[{"embeddable":true,"href":"https:\/\/noticiaempauta.com\/portal\/wp-json\/wp\/v2\/comments?post=266302"}],"version-history":[{"count":2,"href":"https:\/\/noticiaempauta.com\/portal\/wp-json\/wp\/v2\/posts\/266302\/revisions"}],"predecessor-version":[{"id":266306,"href":"https:\/\/noticiaempauta.com\/portal\/wp-json\/wp\/v2\/posts\/266302\/revisions\/266306"}],"wp:featuredmedia":[{"embeddable":true,"href":"https:\/\/noticiaempauta.com\/portal\/wp-json\/wp\/v2\/media\/266304"}],"wp:attachment":[{"href":"https:\/\/noticiaempauta.com\/portal\/wp-json\/wp\/v2\/media?parent=266302"}],"wp:term":[{"taxonomy":"category","embeddable":true,"href":"https:\/\/noticiaempauta.com\/portal\/wp-json\/wp\/v2\/categories?post=266302"},{"taxonomy":"post_tag","embeddable":true,"href":"https:\/\/noticiaempauta.com\/portal\/wp-json\/wp\/v2\/tags?post=266302"}],"curies":[{"name":"wp","href":"https:\/\/api.w.org\/{rel}","templated":true}]}}