{"id":266309,"date":"2025-01-07T21:06:55","date_gmt":"2025-01-08T00:06:55","guid":{"rendered":"https:\/\/noticiaempauta.com\/portal\/?p=266309"},"modified":"2025-01-07T21:06:57","modified_gmt":"2025-01-08T00:06:57","slug":"secretaria-de-obras-e-3-bec-iniciam-desobstrucao-de-bueiros-e-construcao-de-valas-para-facil-escoamento-de-agua-das-chuvas","status":"publish","type":"post","link":"https:\/\/noticiaempauta.com\/portal\/secretaria-de-obras-e-3-bec-iniciam-desobstrucao-de-bueiros-e-construcao-de-valas-para-facil-escoamento-de-agua-das-chuvas\/","title":{"rendered":"Secretaria de Obras e 3\u00b0 BEC iniciam desobstru\u00e7\u00e3o de bueiros e constru\u00e7\u00e3o de valas para f\u00e1cil escoamento de \u00e1gua das chuvas"},"content":{"rendered":"\n<p>A chuva de 165mm do \u00faltimo dia 29 de dezembro, que pegou a todos os picoenses de surpresa, e deixou v\u00e1rios estragos pela cidade, tais como alagamentos em BR, casas e ruas, deslizamentos e desmoronamentos, a Prefeitura de Picos, por meio de suas secretarias de Defesa Civil, Obras e Assist\u00eancia Social, buscou uma parceria com o 3\u00ba Batalh\u00e3o de Engenharia de Constru\u00e7\u00e3o de Picos para alinhamento de estrat\u00e9gias de revis\u00e3o dos danos deixados e preven\u00e7\u00e3o pela previs\u00e3o de intensas chuvas no munic\u00edpio nesta semana.<\/p>\n\n\n\n<figure class=\"wp-block-image size-full\"><img fetchpriority=\"high\" decoding=\"async\" width=\"800\" height=\"600\" src=\"https:\/\/noticiaempauta.com\/portal\/wp-content\/uploads\/2025\/01\/IMG_8855.jpeg\" alt=\"\" class=\"wp-image-266310\" srcset=\"https:\/\/noticiaempauta.com\/portal\/wp-content\/uploads\/2025\/01\/IMG_8855.jpeg 800w, https:\/\/noticiaempauta.com\/portal\/wp-content\/uploads\/2025\/01\/IMG_8855-300x225.jpeg 300w, https:\/\/noticiaempauta.com\/portal\/wp-content\/uploads\/2025\/01\/IMG_8855-768x576.jpeg 768w\" sizes=\"(max-width: 800px) 100vw, 800px\" \/><\/figure>\n\n\n\n<p>Desde o dia 02, que os trabalhos iniciaram neste sentido, tendo em vista a previs\u00e3o de mais de 100mm de chuva nesta segunda-feira. Contudo, devido a instabilidade do tempo, a possibilidade de chuva intensa passou para a pr\u00f3xima quinta-feira.<\/p>\n\n\n\n<figure class=\"wp-block-image size-large\"><img decoding=\"async\" width=\"1024\" height=\"576\" src=\"https:\/\/noticiaempauta.com\/portal\/wp-content\/uploads\/2025\/01\/bf8ec4f4-fc57-413b-b983-1451f81d82a1-1024x576.jpeg\" alt=\"\" class=\"wp-image-266311\" srcset=\"https:\/\/noticiaempauta.com\/portal\/wp-content\/uploads\/2025\/01\/bf8ec4f4-fc57-413b-b983-1451f81d82a1-1024x576.jpeg 1024w, https:\/\/noticiaempauta.com\/portal\/wp-content\/uploads\/2025\/01\/bf8ec4f4-fc57-413b-b983-1451f81d82a1-300x169.jpeg 300w, https:\/\/noticiaempauta.com\/portal\/wp-content\/uploads\/2025\/01\/bf8ec4f4-fc57-413b-b983-1451f81d82a1-768x432.jpeg 768w, https:\/\/noticiaempauta.com\/portal\/wp-content\/uploads\/2025\/01\/bf8ec4f4-fc57-413b-b983-1451f81d82a1.jpeg 1280w\" sizes=\"(max-width: 1024px) 100vw, 1024px\" \/><\/figure>\n\n\n\n<p>Com isso, equipes t\u00eam se mobilizado para desentupimento de bueiros, limpeza das ruas e tamb\u00e9m avalia\u00e7\u00e3o para in\u00edcio da limpeza do rio, considerando todas as quest\u00f5es ambientais, a fim de que n\u00e3o haja preju\u00edzos ao meio ambiente.<\/p>\n\n\n\n<figure class=\"wp-block-image size-large\"><img decoding=\"async\" width=\"1024\" height=\"576\" src=\"https:\/\/noticiaempauta.com\/portal\/wp-content\/uploads\/2025\/01\/f4df5dd5-cf12-44c1-9a5e-c969e2e61b4a-1024x576.jpeg\" alt=\"\" class=\"wp-image-266312\" srcset=\"https:\/\/noticiaempauta.com\/portal\/wp-content\/uploads\/2025\/01\/f4df5dd5-cf12-44c1-9a5e-c969e2e61b4a-1024x576.jpeg 1024w, https:\/\/noticiaempauta.com\/portal\/wp-content\/uploads\/2025\/01\/f4df5dd5-cf12-44c1-9a5e-c969e2e61b4a-300x169.jpeg 300w, https:\/\/noticiaempauta.com\/portal\/wp-content\/uploads\/2025\/01\/f4df5dd5-cf12-44c1-9a5e-c969e2e61b4a-768x432.jpeg 768w, https:\/\/noticiaempauta.com\/portal\/wp-content\/uploads\/2025\/01\/f4df5dd5-cf12-44c1-9a5e-c969e2e61b4a.jpeg 1280w\" sizes=\"(max-width: 1024px) 100vw, 1024px\" \/><\/figure>\n\n\n\n<p>Equipes est\u00e3o espalhadas, pelos bairros DNER e Bomba, realizando trabalho de limpeza e desobstru\u00e7\u00e3o de bueiros.<\/p>\n\n\n\n<figure class=\"wp-block-image size-large\"><img loading=\"lazy\" decoding=\"async\" width=\"1024\" height=\"576\" src=\"https:\/\/noticiaempauta.com\/portal\/wp-content\/uploads\/2025\/01\/b0045876-ced4-47af-86bf-f4fa33df8e13-1024x576.jpeg\" alt=\"\" class=\"wp-image-266313\" srcset=\"https:\/\/noticiaempauta.com\/portal\/wp-content\/uploads\/2025\/01\/b0045876-ced4-47af-86bf-f4fa33df8e13-1024x576.jpeg 1024w, https:\/\/noticiaempauta.com\/portal\/wp-content\/uploads\/2025\/01\/b0045876-ced4-47af-86bf-f4fa33df8e13-300x169.jpeg 300w, https:\/\/noticiaempauta.com\/portal\/wp-content\/uploads\/2025\/01\/b0045876-ced4-47af-86bf-f4fa33df8e13-768x432.jpeg 768w, https:\/\/noticiaempauta.com\/portal\/wp-content\/uploads\/2025\/01\/b0045876-ced4-47af-86bf-f4fa33df8e13.jpeg 1280w\" sizes=\"(max-width: 1024px) 100vw, 1024px\" \/><\/figure>\n\n\n\n<p>O comandante do 3\u00ba BEC, Tenente-Coronel A\u00e9cio, se reuniu, nesta segunda-feira, com representantes do governo municipal, e obteve, ainda, a parceria das Pol\u00edcias Militar e Rodovi\u00e1ria Federal, que se dispuseram, mesmo com pouco aparato, estarem a postos em caso de uma emerg\u00eancia.<\/p>\n\n\n\n<figure class=\"wp-block-image size-large\"><img loading=\"lazy\" decoding=\"async\" width=\"1024\" height=\"576\" src=\"https:\/\/noticiaempauta.com\/portal\/wp-content\/uploads\/2025\/01\/cd3070bb-f51e-4be5-b274-bfbeab425baf-1024x576.jpeg\" alt=\"\" class=\"wp-image-266314\" srcset=\"https:\/\/noticiaempauta.com\/portal\/wp-content\/uploads\/2025\/01\/cd3070bb-f51e-4be5-b274-bfbeab425baf-1024x576.jpeg 1024w, https:\/\/noticiaempauta.com\/portal\/wp-content\/uploads\/2025\/01\/cd3070bb-f51e-4be5-b274-bfbeab425baf-300x169.jpeg 300w, https:\/\/noticiaempauta.com\/portal\/wp-content\/uploads\/2025\/01\/cd3070bb-f51e-4be5-b274-bfbeab425baf-768x432.jpeg 768w, https:\/\/noticiaempauta.com\/portal\/wp-content\/uploads\/2025\/01\/cd3070bb-f51e-4be5-b274-bfbeab425baf.jpeg 1280w\" sizes=\"(max-width: 1024px) 100vw, 1024px\" \/><\/figure>\n\n\n\n<p>N\u00f3s temos um pequeno efetivo, n\u00e3o \u00e9 de nossa compet\u00eancia esse trabalho em quest\u00e3o, contudo, n\u00f3s entendemos, que em casos extremos, se h\u00e1 a necessidade de apoio humano, n\u00f3s, como servidores p\u00fablicos, como seres humanos, somos os primeiros que temos que nos dispor para ajudar com tudo o que estiver nas nossas condi\u00e7\u00f5es. Por isso atendemos a esse chamado e nos colocamos \u00e0 disposi\u00e7\u00e3o do povo de Picos. Pedimos a Deus que n\u00e3o haja nada fora de controle e que a seguran\u00e7a de todos seja resguardada\u201d, falou o inspetor da PRF, Natanael Ara\u00fajo.<\/p>\n\n\n\n<figure class=\"wp-block-image size-large\"><img loading=\"lazy\" decoding=\"async\" width=\"1024\" height=\"576\" src=\"https:\/\/noticiaempauta.com\/portal\/wp-content\/uploads\/2025\/01\/9ab6355e-69fc-4f8e-a73c-1468b1a43e0e-1024x576.jpeg\" alt=\"\" class=\"wp-image-266315\" srcset=\"https:\/\/noticiaempauta.com\/portal\/wp-content\/uploads\/2025\/01\/9ab6355e-69fc-4f8e-a73c-1468b1a43e0e-1024x576.jpeg 1024w, https:\/\/noticiaempauta.com\/portal\/wp-content\/uploads\/2025\/01\/9ab6355e-69fc-4f8e-a73c-1468b1a43e0e-300x169.jpeg 300w, https:\/\/noticiaempauta.com\/portal\/wp-content\/uploads\/2025\/01\/9ab6355e-69fc-4f8e-a73c-1468b1a43e0e-768x432.jpeg 768w, https:\/\/noticiaempauta.com\/portal\/wp-content\/uploads\/2025\/01\/9ab6355e-69fc-4f8e-a73c-1468b1a43e0e.jpeg 1280w\" sizes=\"(max-width: 1024px) 100vw, 1024px\" \/><\/figure>\n\n\n\n<p>O Comandante do 3\u00ba BEC explicou ainda que a Opera\u00e7\u00e3o Guaribas \u00e9 uma a\u00e7\u00e3o que tem por objetivo revisar os danos j\u00e1 existentes, diminuir esses preju\u00edzos deixados pela intensa chuva do dia 29, e prevenir das que est\u00e3o por vir. Uma das a\u00e7\u00f5es foi a constru\u00e7\u00e3o de uma valeta no bairro Ipueiras para drenagem de \u00e1gua que empo\u00e7ava em duas ruas, deixando os moradores ilhados.<\/p>\n\n\n\n<p>O secret\u00e1rio de Obras, Marlon Bezerra, enfatizou que o trabalho n\u00e3o parar\u00e1 at\u00e9 que o problema seja sanado, e que toda a aten\u00e7\u00e3o do grupo de A\u00e7\u00e3o Emergencial, que desde o in\u00edcio tamb\u00e9m conta com o apoio do Corpo de Bombeiros e Secretarias de Defesa Civil, Meio Ambientes e Assist\u00eancia Social do Estado, est\u00e1 voltada para as \u00e1reas mais cr\u00edticas de Picos.<\/p>\n\n\n\n<p>CCOM\/PMP<\/p>\n\n\n\n<p><br><br><\/p>\n","protected":false},"excerpt":{"rendered":"<p>A chuva de 165mm do \u00faltimo dia 29 de dezembro, que pegou a todos os picoenses de surpresa, e deixou v\u00e1rios estragos pela cidade, tais como alagamentos em BR, casas e ruas, deslizamentos e desmoronamentos, a Prefeitura de Picos, por meio de suas secretarias de Defesa Civil, Obras e Assist\u00eancia Social, buscou uma parceria com [&hellip;]<\/p>\n","protected":false},"author":2,"featured_media":266311,"comment_status":"open","ping_status":"open","sticky":false,"template":"","format":"standard","meta":{"_mi_skip_tracking":false,"footnotes":""},"categories":[25,1,16],"tags":[192],"class_list":["post-266309","post","type-post","status-publish","format-standard","has-post-thumbnail","hentry","category-destaques-site","category-geral","category-todas","tag-destaqueprincipal"],"acf":[],"yoast_head":"<!-- This site is optimized with the Yoast SEO Premium plugin v19.2 (Yoast SEO v26.9) - https:\/\/yoast.com\/product\/yoast-seo-premium-wordpress\/ -->\n<title>Secretaria de Obras e 3\u00b0 BEC iniciam desobstru\u00e7\u00e3o de bueiros e constru\u00e7\u00e3o de valas para f\u00e1cil escoamento de \u00e1gua das chuvas - Portal Not\u00edcia em Pauta<\/title>\n<meta name=\"robots\" content=\"index, follow, max-snippet:-1, max-image-preview:large, max-video-preview:-1\" \/>\n<link rel=\"canonical\" href=\"https:\/\/noticiaempauta.com\/portal\/secretaria-de-obras-e-3-bec-iniciam-desobstrucao-de-bueiros-e-construcao-de-valas-para-facil-escoamento-de-agua-das-chuvas\/\" \/>\n<meta property=\"og:locale\" content=\"pt_BR\" \/>\n<meta property=\"og:type\" content=\"article\" \/>\n<meta property=\"og:title\" content=\"Secretaria de Obras e 3\u00b0 BEC iniciam desobstru\u00e7\u00e3o de bueiros e constru\u00e7\u00e3o de valas para f\u00e1cil escoamento de \u00e1gua das chuvas\" \/>\n<meta property=\"og:description\" content=\"A chuva de 165mm do \u00faltimo dia 29 de dezembro, que pegou a todos os picoenses de surpresa, e deixou v\u00e1rios estragos pela cidade, tais como alagamentos em BR, casas e ruas, deslizamentos e desmoronamentos, a Prefeitura de Picos, por meio de suas secretarias de Defesa Civil, Obras e Assist\u00eancia Social, buscou uma parceria com [&hellip;]\" \/>\n<meta property=\"og:url\" content=\"https:\/\/noticiaempauta.com\/portal\/secretaria-de-obras-e-3-bec-iniciam-desobstrucao-de-bueiros-e-construcao-de-valas-para-facil-escoamento-de-agua-das-chuvas\/\" \/>\n<meta property=\"og:site_name\" content=\"Portal Not\u00edcia em Pauta\" \/>\n<meta property=\"article:publisher\" content=\"https:\/\/www.facebook.com\/Portal-Notcia-Em-Pauta-102292869264820\/\" \/>\n<meta property=\"article:published_time\" content=\"2025-01-08T00:06:55+00:00\" \/>\n<meta property=\"article:modified_time\" content=\"2025-01-08T00:06:57+00:00\" \/>\n<meta property=\"og:image\" content=\"https:\/\/noticiaempauta.com\/portal\/wp-content\/uploads\/2025\/01\/bf8ec4f4-fc57-413b-b983-1451f81d82a1.jpeg\" \/>\n\t<meta property=\"og:image:width\" content=\"1280\" \/>\n\t<meta property=\"og:image:height\" content=\"720\" \/>\n\t<meta property=\"og:image:type\" content=\"image\/jpeg\" \/>\n<meta name=\"author\" content=\"Reda\u00e7\u00e3o\" \/>\n<meta name=\"twitter:card\" content=\"summary_large_image\" \/>\n<meta name=\"twitter:label1\" content=\"Escrito por\" \/>\n\t<meta name=\"twitter:data1\" content=\"Reda\u00e7\u00e3o\" \/>\n\t<meta name=\"twitter:label2\" content=\"Est. tempo de leitura\" \/>\n\t<meta name=\"twitter:data2\" content=\"4 minutos\" \/>\n<script type=\"application\/ld+json\" class=\"yoast-schema-graph\">{\"@context\":\"https:\/\/schema.org\",\"@graph\":[{\"@type\":\"Article\",\"@id\":\"https:\/\/noticiaempauta.com\/portal\/secretaria-de-obras-e-3-bec-iniciam-desobstrucao-de-bueiros-e-construcao-de-valas-para-facil-escoamento-de-agua-das-chuvas\/#article\",\"isPartOf\":{\"@id\":\"https:\/\/noticiaempauta.com\/portal\/secretaria-de-obras-e-3-bec-iniciam-desobstrucao-de-bueiros-e-construcao-de-valas-para-facil-escoamento-de-agua-das-chuvas\/\"},\"author\":{\"name\":\"Reda\u00e7\u00e3o\",\"@id\":\"https:\/\/noticiaempauta.com\/portal\/#\/schema\/person\/a74af43dd1ab3deca45f988c717d57ac\"},\"headline\":\"Secretaria de Obras e 3\u00b0 BEC iniciam desobstru\u00e7\u00e3o de bueiros e constru\u00e7\u00e3o de valas para f\u00e1cil escoamento de \u00e1gua das chuvas\",\"datePublished\":\"2025-01-08T00:06:55+00:00\",\"dateModified\":\"2025-01-08T00:06:57+00:00\",\"mainEntityOfPage\":{\"@id\":\"https:\/\/noticiaempauta.com\/portal\/secretaria-de-obras-e-3-bec-iniciam-desobstrucao-de-bueiros-e-construcao-de-valas-para-facil-escoamento-de-agua-das-chuvas\/\"},\"wordCount\":505,\"commentCount\":0,\"publisher\":{\"@id\":\"https:\/\/noticiaempauta.com\/portal\/#organization\"},\"image\":{\"@id\":\"https:\/\/noticiaempauta.com\/portal\/secretaria-de-obras-e-3-bec-iniciam-desobstrucao-de-bueiros-e-construcao-de-valas-para-facil-escoamento-de-agua-das-chuvas\/#primaryimage\"},\"thumbnailUrl\":\"https:\/\/noticiaempauta.com\/portal\/wp-content\/uploads\/2025\/01\/bf8ec4f4-fc57-413b-b983-1451f81d82a1.jpeg\",\"keywords\":[\"destaqueprincipal\"],\"articleSection\":[\"Destaques\",\"Geral\",\"Todas as Not\u00edcias\"],\"inLanguage\":\"pt-BR\",\"potentialAction\":[{\"@type\":\"CommentAction\",\"name\":\"Comment\",\"target\":[\"https:\/\/noticiaempauta.com\/portal\/secretaria-de-obras-e-3-bec-iniciam-desobstrucao-de-bueiros-e-construcao-de-valas-para-facil-escoamento-de-agua-das-chuvas\/#respond\"]}]},{\"@type\":\"WebPage\",\"@id\":\"https:\/\/noticiaempauta.com\/portal\/secretaria-de-obras-e-3-bec-iniciam-desobstrucao-de-bueiros-e-construcao-de-valas-para-facil-escoamento-de-agua-das-chuvas\/\",\"url\":\"https:\/\/noticiaempauta.com\/portal\/secretaria-de-obras-e-3-bec-iniciam-desobstrucao-de-bueiros-e-construcao-de-valas-para-facil-escoamento-de-agua-das-chuvas\/\",\"name\":\"Secretaria de Obras e 3\u00b0 BEC iniciam desobstru\u00e7\u00e3o de bueiros e constru\u00e7\u00e3o de valas para f\u00e1cil escoamento de \u00e1gua das chuvas - Portal Not\u00edcia em Pauta\",\"isPartOf\":{\"@id\":\"https:\/\/noticiaempauta.com\/portal\/#website\"},\"primaryImageOfPage\":{\"@id\":\"https:\/\/noticiaempauta.com\/portal\/secretaria-de-obras-e-3-bec-iniciam-desobstrucao-de-bueiros-e-construcao-de-valas-para-facil-escoamento-de-agua-das-chuvas\/#primaryimage\"},\"image\":{\"@id\":\"https:\/\/noticiaempauta.com\/portal\/secretaria-de-obras-e-3-bec-iniciam-desobstrucao-de-bueiros-e-construcao-de-valas-para-facil-escoamento-de-agua-das-chuvas\/#primaryimage\"},\"thumbnailUrl\":\"https:\/\/noticiaempauta.com\/portal\/wp-content\/uploads\/2025\/01\/bf8ec4f4-fc57-413b-b983-1451f81d82a1.jpeg\",\"datePublished\":\"2025-01-08T00:06:55+00:00\",\"dateModified\":\"2025-01-08T00:06:57+00:00\",\"breadcrumb\":{\"@id\":\"https:\/\/noticiaempauta.com\/portal\/secretaria-de-obras-e-3-bec-iniciam-desobstrucao-de-bueiros-e-construcao-de-valas-para-facil-escoamento-de-agua-das-chuvas\/#breadcrumb\"},\"inLanguage\":\"pt-BR\",\"potentialAction\":[{\"@type\":\"ReadAction\",\"target\":[\"https:\/\/noticiaempauta.com\/portal\/secretaria-de-obras-e-3-bec-iniciam-desobstrucao-de-bueiros-e-construcao-de-valas-para-facil-escoamento-de-agua-das-chuvas\/\"]}]},{\"@type\":\"ImageObject\",\"inLanguage\":\"pt-BR\",\"@id\":\"https:\/\/noticiaempauta.com\/portal\/secretaria-de-obras-e-3-bec-iniciam-desobstrucao-de-bueiros-e-construcao-de-valas-para-facil-escoamento-de-agua-das-chuvas\/#primaryimage\",\"url\":\"https:\/\/noticiaempauta.com\/portal\/wp-content\/uploads\/2025\/01\/bf8ec4f4-fc57-413b-b983-1451f81d82a1.jpeg\",\"contentUrl\":\"https:\/\/noticiaempauta.com\/portal\/wp-content\/uploads\/2025\/01\/bf8ec4f4-fc57-413b-b983-1451f81d82a1.jpeg\",\"width\":1280,\"height\":720},{\"@type\":\"BreadcrumbList\",\"@id\":\"https:\/\/noticiaempauta.com\/portal\/secretaria-de-obras-e-3-bec-iniciam-desobstrucao-de-bueiros-e-construcao-de-valas-para-facil-escoamento-de-agua-das-chuvas\/#breadcrumb\",\"itemListElement\":[{\"@type\":\"ListItem\",\"position\":1,\"name\":\"P\u00e1gina Inicial\",\"item\":\"https:\/\/noticiaempauta.com\/portal\/\"},{\"@type\":\"ListItem\",\"position\":2,\"name\":\"Destaques\",\"item\":\"https:\/\/noticiaempauta.com\/portal\/destaques-site\/\"},{\"@type\":\"ListItem\",\"position\":3,\"name\":\"Secretaria de Obras e 3\u00b0 BEC iniciam desobstru\u00e7\u00e3o de bueiros e constru\u00e7\u00e3o de valas para f\u00e1cil escoamento de \u00e1gua das chuvas\"}]},{\"@type\":\"WebSite\",\"@id\":\"https:\/\/noticiaempauta.com\/portal\/#website\",\"url\":\"https:\/\/noticiaempauta.com\/portal\/\",\"name\":\"Portal Not\u00edcia em Pauta\",\"description\":\"Voc\u00ea bem informado\",\"publisher\":{\"@id\":\"https:\/\/noticiaempauta.com\/portal\/#organization\"},\"potentialAction\":[{\"@type\":\"SearchAction\",\"target\":{\"@type\":\"EntryPoint\",\"urlTemplate\":\"https:\/\/noticiaempauta.com\/portal\/?s={search_term_string}\"},\"query-input\":{\"@type\":\"PropertyValueSpecification\",\"valueRequired\":true,\"valueName\":\"search_term_string\"}}],\"inLanguage\":\"pt-BR\"},{\"@type\":\"Organization\",\"@id\":\"https:\/\/noticiaempauta.com\/portal\/#organization\",\"name\":\"Portal Not\u00edcia em Pauta\",\"url\":\"https:\/\/noticiaempauta.com\/portal\/\",\"logo\":{\"@type\":\"ImageObject\",\"inLanguage\":\"pt-BR\",\"@id\":\"https:\/\/noticiaempauta.com\/portal\/#\/schema\/logo\/image\/\",\"url\":\"https:\/\/noticiaempauta.com\/portal\/wp-content\/uploads\/2022\/08\/logomarca_tema.fw_.png\",\"contentUrl\":\"https:\/\/noticiaempauta.com\/portal\/wp-content\/uploads\/2022\/08\/logomarca_tema.fw_.png\",\"width\":400,\"height\":232,\"caption\":\"Portal Not\u00edcia em Pauta\"},\"image\":{\"@id\":\"https:\/\/noticiaempauta.com\/portal\/#\/schema\/logo\/image\/\"},\"sameAs\":[\"https:\/\/www.facebook.com\/Portal-Notcia-Em-Pauta-102292869264820\/\",\"https:\/\/www.instagram.com\/portalnoticiaempauta\/\"]},{\"@type\":\"Person\",\"@id\":\"https:\/\/noticiaempauta.com\/portal\/#\/schema\/person\/a74af43dd1ab3deca45f988c717d57ac\",\"name\":\"Reda\u00e7\u00e3o\",\"image\":{\"@type\":\"ImageObject\",\"inLanguage\":\"pt-BR\",\"@id\":\"https:\/\/noticiaempauta.com\/portal\/#\/schema\/person\/image\/\",\"url\":\"https:\/\/secure.gravatar.com\/avatar\/03179346ecce6cdfc13361603e8f54242a90e5cde8618fa23c5c00aa2b0aadf3?s=96&d=mm&r=g\",\"contentUrl\":\"https:\/\/secure.gravatar.com\/avatar\/03179346ecce6cdfc13361603e8f54242a90e5cde8618fa23c5c00aa2b0aadf3?s=96&d=mm&r=g\",\"caption\":\"Reda\u00e7\u00e3o\"},\"sameAs\":[\"https:\/\/noticiaempauta.com\/portal\/\"],\"url\":\"https:\/\/noticiaempauta.com\/portal\/author\/fernando\/\"}]}<\/script>\n<!-- \/ Yoast SEO Premium plugin. -->","yoast_head_json":{"title":"Secretaria de Obras e 3\u00b0 BEC iniciam desobstru\u00e7\u00e3o de bueiros e constru\u00e7\u00e3o de valas para f\u00e1cil escoamento de \u00e1gua das chuvas - Portal Not\u00edcia em Pauta","robots":{"index":"index","follow":"follow","max-snippet":"max-snippet:-1","max-image-preview":"max-image-preview:large","max-video-preview":"max-video-preview:-1"},"canonical":"https:\/\/noticiaempauta.com\/portal\/secretaria-de-obras-e-3-bec-iniciam-desobstrucao-de-bueiros-e-construcao-de-valas-para-facil-escoamento-de-agua-das-chuvas\/","og_locale":"pt_BR","og_type":"article","og_title":"Secretaria de Obras e 3\u00b0 BEC iniciam desobstru\u00e7\u00e3o de bueiros e constru\u00e7\u00e3o de valas para f\u00e1cil escoamento de \u00e1gua das chuvas","og_description":"A chuva de 165mm do \u00faltimo dia 29 de dezembro, que pegou a todos os picoenses de surpresa, e deixou v\u00e1rios estragos pela cidade, tais como alagamentos em BR, casas e ruas, deslizamentos e desmoronamentos, a Prefeitura de Picos, por meio de suas secretarias de Defesa Civil, Obras e Assist\u00eancia Social, buscou uma parceria com [&hellip;]","og_url":"https:\/\/noticiaempauta.com\/portal\/secretaria-de-obras-e-3-bec-iniciam-desobstrucao-de-bueiros-e-construcao-de-valas-para-facil-escoamento-de-agua-das-chuvas\/","og_site_name":"Portal Not\u00edcia em Pauta","article_publisher":"https:\/\/www.facebook.com\/Portal-Notcia-Em-Pauta-102292869264820\/","article_published_time":"2025-01-08T00:06:55+00:00","article_modified_time":"2025-01-08T00:06:57+00:00","og_image":[{"width":1280,"height":720,"url":"https:\/\/noticiaempauta.com\/portal\/wp-content\/uploads\/2025\/01\/bf8ec4f4-fc57-413b-b983-1451f81d82a1.jpeg","type":"image\/jpeg"}],"author":"Reda\u00e7\u00e3o","twitter_card":"summary_large_image","twitter_misc":{"Escrito por":"Reda\u00e7\u00e3o","Est. tempo de leitura":"4 minutos"},"schema":{"@context":"https:\/\/schema.org","@graph":[{"@type":"Article","@id":"https:\/\/noticiaempauta.com\/portal\/secretaria-de-obras-e-3-bec-iniciam-desobstrucao-de-bueiros-e-construcao-de-valas-para-facil-escoamento-de-agua-das-chuvas\/#article","isPartOf":{"@id":"https:\/\/noticiaempauta.com\/portal\/secretaria-de-obras-e-3-bec-iniciam-desobstrucao-de-bueiros-e-construcao-de-valas-para-facil-escoamento-de-agua-das-chuvas\/"},"author":{"name":"Reda\u00e7\u00e3o","@id":"https:\/\/noticiaempauta.com\/portal\/#\/schema\/person\/a74af43dd1ab3deca45f988c717d57ac"},"headline":"Secretaria de Obras e 3\u00b0 BEC iniciam desobstru\u00e7\u00e3o de bueiros e constru\u00e7\u00e3o de valas para f\u00e1cil escoamento de \u00e1gua das chuvas","datePublished":"2025-01-08T00:06:55+00:00","dateModified":"2025-01-08T00:06:57+00:00","mainEntityOfPage":{"@id":"https:\/\/noticiaempauta.com\/portal\/secretaria-de-obras-e-3-bec-iniciam-desobstrucao-de-bueiros-e-construcao-de-valas-para-facil-escoamento-de-agua-das-chuvas\/"},"wordCount":505,"commentCount":0,"publisher":{"@id":"https:\/\/noticiaempauta.com\/portal\/#organization"},"image":{"@id":"https:\/\/noticiaempauta.com\/portal\/secretaria-de-obras-e-3-bec-iniciam-desobstrucao-de-bueiros-e-construcao-de-valas-para-facil-escoamento-de-agua-das-chuvas\/#primaryimage"},"thumbnailUrl":"https:\/\/noticiaempauta.com\/portal\/wp-content\/uploads\/2025\/01\/bf8ec4f4-fc57-413b-b983-1451f81d82a1.jpeg","keywords":["destaqueprincipal"],"articleSection":["Destaques","Geral","Todas as Not\u00edcias"],"inLanguage":"pt-BR","potentialAction":[{"@type":"CommentAction","name":"Comment","target":["https:\/\/noticiaempauta.com\/portal\/secretaria-de-obras-e-3-bec-iniciam-desobstrucao-de-bueiros-e-construcao-de-valas-para-facil-escoamento-de-agua-das-chuvas\/#respond"]}]},{"@type":"WebPage","@id":"https:\/\/noticiaempauta.com\/portal\/secretaria-de-obras-e-3-bec-iniciam-desobstrucao-de-bueiros-e-construcao-de-valas-para-facil-escoamento-de-agua-das-chuvas\/","url":"https:\/\/noticiaempauta.com\/portal\/secretaria-de-obras-e-3-bec-iniciam-desobstrucao-de-bueiros-e-construcao-de-valas-para-facil-escoamento-de-agua-das-chuvas\/","name":"Secretaria de Obras e 3\u00b0 BEC iniciam desobstru\u00e7\u00e3o de bueiros e constru\u00e7\u00e3o de valas para f\u00e1cil escoamento de \u00e1gua das chuvas - Portal Not\u00edcia em Pauta","isPartOf":{"@id":"https:\/\/noticiaempauta.com\/portal\/#website"},"primaryImageOfPage":{"@id":"https:\/\/noticiaempauta.com\/portal\/secretaria-de-obras-e-3-bec-iniciam-desobstrucao-de-bueiros-e-construcao-de-valas-para-facil-escoamento-de-agua-das-chuvas\/#primaryimage"},"image":{"@id":"https:\/\/noticiaempauta.com\/portal\/secretaria-de-obras-e-3-bec-iniciam-desobstrucao-de-bueiros-e-construcao-de-valas-para-facil-escoamento-de-agua-das-chuvas\/#primaryimage"},"thumbnailUrl":"https:\/\/noticiaempauta.com\/portal\/wp-content\/uploads\/2025\/01\/bf8ec4f4-fc57-413b-b983-1451f81d82a1.jpeg","datePublished":"2025-01-08T00:06:55+00:00","dateModified":"2025-01-08T00:06:57+00:00","breadcrumb":{"@id":"https:\/\/noticiaempauta.com\/portal\/secretaria-de-obras-e-3-bec-iniciam-desobstrucao-de-bueiros-e-construcao-de-valas-para-facil-escoamento-de-agua-das-chuvas\/#breadcrumb"},"inLanguage":"pt-BR","potentialAction":[{"@type":"ReadAction","target":["https:\/\/noticiaempauta.com\/portal\/secretaria-de-obras-e-3-bec-iniciam-desobstrucao-de-bueiros-e-construcao-de-valas-para-facil-escoamento-de-agua-das-chuvas\/"]}]},{"@type":"ImageObject","inLanguage":"pt-BR","@id":"https:\/\/noticiaempauta.com\/portal\/secretaria-de-obras-e-3-bec-iniciam-desobstrucao-de-bueiros-e-construcao-de-valas-para-facil-escoamento-de-agua-das-chuvas\/#primaryimage","url":"https:\/\/noticiaempauta.com\/portal\/wp-content\/uploads\/2025\/01\/bf8ec4f4-fc57-413b-b983-1451f81d82a1.jpeg","contentUrl":"https:\/\/noticiaempauta.com\/portal\/wp-content\/uploads\/2025\/01\/bf8ec4f4-fc57-413b-b983-1451f81d82a1.jpeg","width":1280,"height":720},{"@type":"BreadcrumbList","@id":"https:\/\/noticiaempauta.com\/portal\/secretaria-de-obras-e-3-bec-iniciam-desobstrucao-de-bueiros-e-construcao-de-valas-para-facil-escoamento-de-agua-das-chuvas\/#breadcrumb","itemListElement":[{"@type":"ListItem","position":1,"name":"P\u00e1gina Inicial","item":"https:\/\/noticiaempauta.com\/portal\/"},{"@type":"ListItem","position":2,"name":"Destaques","item":"https:\/\/noticiaempauta.com\/portal\/destaques-site\/"},{"@type":"ListItem","position":3,"name":"Secretaria de Obras e 3\u00b0 BEC iniciam desobstru\u00e7\u00e3o de bueiros e constru\u00e7\u00e3o de valas para f\u00e1cil escoamento de \u00e1gua das chuvas"}]},{"@type":"WebSite","@id":"https:\/\/noticiaempauta.com\/portal\/#website","url":"https:\/\/noticiaempauta.com\/portal\/","name":"Portal Not\u00edcia em Pauta","description":"Voc\u00ea bem informado","publisher":{"@id":"https:\/\/noticiaempauta.com\/portal\/#organization"},"potentialAction":[{"@type":"SearchAction","target":{"@type":"EntryPoint","urlTemplate":"https:\/\/noticiaempauta.com\/portal\/?s={search_term_string}"},"query-input":{"@type":"PropertyValueSpecification","valueRequired":true,"valueName":"search_term_string"}}],"inLanguage":"pt-BR"},{"@type":"Organization","@id":"https:\/\/noticiaempauta.com\/portal\/#organization","name":"Portal Not\u00edcia em Pauta","url":"https:\/\/noticiaempauta.com\/portal\/","logo":{"@type":"ImageObject","inLanguage":"pt-BR","@id":"https:\/\/noticiaempauta.com\/portal\/#\/schema\/logo\/image\/","url":"https:\/\/noticiaempauta.com\/portal\/wp-content\/uploads\/2022\/08\/logomarca_tema.fw_.png","contentUrl":"https:\/\/noticiaempauta.com\/portal\/wp-content\/uploads\/2022\/08\/logomarca_tema.fw_.png","width":400,"height":232,"caption":"Portal Not\u00edcia em Pauta"},"image":{"@id":"https:\/\/noticiaempauta.com\/portal\/#\/schema\/logo\/image\/"},"sameAs":["https:\/\/www.facebook.com\/Portal-Notcia-Em-Pauta-102292869264820\/","https:\/\/www.instagram.com\/portalnoticiaempauta\/"]},{"@type":"Person","@id":"https:\/\/noticiaempauta.com\/portal\/#\/schema\/person\/a74af43dd1ab3deca45f988c717d57ac","name":"Reda\u00e7\u00e3o","image":{"@type":"ImageObject","inLanguage":"pt-BR","@id":"https:\/\/noticiaempauta.com\/portal\/#\/schema\/person\/image\/","url":"https:\/\/secure.gravatar.com\/avatar\/03179346ecce6cdfc13361603e8f54242a90e5cde8618fa23c5c00aa2b0aadf3?s=96&d=mm&r=g","contentUrl":"https:\/\/secure.gravatar.com\/avatar\/03179346ecce6cdfc13361603e8f54242a90e5cde8618fa23c5c00aa2b0aadf3?s=96&d=mm&r=g","caption":"Reda\u00e7\u00e3o"},"sameAs":["https:\/\/noticiaempauta.com\/portal\/"],"url":"https:\/\/noticiaempauta.com\/portal\/author\/fernando\/"}]}},"_links":{"self":[{"href":"https:\/\/noticiaempauta.com\/portal\/wp-json\/wp\/v2\/posts\/266309","targetHints":{"allow":["GET"]}}],"collection":[{"href":"https:\/\/noticiaempauta.com\/portal\/wp-json\/wp\/v2\/posts"}],"about":[{"href":"https:\/\/noticiaempauta.com\/portal\/wp-json\/wp\/v2\/types\/post"}],"author":[{"embeddable":true,"href":"https:\/\/noticiaempauta.com\/portal\/wp-json\/wp\/v2\/users\/2"}],"replies":[{"embeddable":true,"href":"https:\/\/noticiaempauta.com\/portal\/wp-json\/wp\/v2\/comments?post=266309"}],"version-history":[{"count":2,"href":"https:\/\/noticiaempauta.com\/portal\/wp-json\/wp\/v2\/posts\/266309\/revisions"}],"predecessor-version":[{"id":266317,"href":"https:\/\/noticiaempauta.com\/portal\/wp-json\/wp\/v2\/posts\/266309\/revisions\/266317"}],"wp:featuredmedia":[{"embeddable":true,"href":"https:\/\/noticiaempauta.com\/portal\/wp-json\/wp\/v2\/media\/266311"}],"wp:attachment":[{"href":"https:\/\/noticiaempauta.com\/portal\/wp-json\/wp\/v2\/media?parent=266309"}],"wp:term":[{"taxonomy":"category","embeddable":true,"href":"https:\/\/noticiaempauta.com\/portal\/wp-json\/wp\/v2\/categories?post=266309"},{"taxonomy":"post_tag","embeddable":true,"href":"https:\/\/noticiaempauta.com\/portal\/wp-json\/wp\/v2\/tags?post=266309"}],"curies":[{"name":"wp","href":"https:\/\/api.w.org\/{rel}","templated":true}]}}