{"id":266318,"date":"2025-01-08T09:24:20","date_gmt":"2025-01-08T12:24:20","guid":{"rendered":"https:\/\/noticiaempauta.com\/portal\/?p=266318"},"modified":"2025-01-08T09:24:21","modified_gmt":"2025-01-08T12:24:21","slug":"padrasto-e-preso-suspeito-de-envenenar-familia-em-parnaiba","status":"publish","type":"post","link":"https:\/\/noticiaempauta.com\/portal\/padrasto-e-preso-suspeito-de-envenenar-familia-em-parnaiba\/","title":{"rendered":"Padrasto \u00e9 preso suspeito de envenenar fam\u00edlia em Parna\u00edba"},"content":{"rendered":"\n<p>Francisco de Assis Pereira, 53 anos, foi preso na manh\u00e3 de hoje (08) suspeito de ter\u00a0envenenado sua fam\u00edlia no \u00faltimo dia 01 de janeiro em Parna\u00edba. Francisco \u00e9 padrasto de Francisca Maria da Silva, m\u00e3e das cinco crian\u00e7as envenenadas e que tamb\u00e9m morreu v\u00edtima de\u00a0intoxica\u00e7\u00e3o por chumbinho. De acordo com a pol\u00edcia, Francisco teria fingido que havia ingerido a comida envenenada (arroz, farinha e feij\u00e3o) para n\u00e3o levantar suspeitas.<\/p>\n\n\n\n<figure class=\"wp-block-image size-full\"><img fetchpriority=\"high\" decoding=\"async\" width=\"800\" height=\"450\" src=\"https:\/\/noticiaempauta.com\/portal\/wp-content\/uploads\/2025\/01\/icgPGmFqPsaLAWsUOv5vNfPnm01JCqa29jH6nnjD.webp\" alt=\"\" class=\"wp-image-266319\" srcset=\"https:\/\/noticiaempauta.com\/portal\/wp-content\/uploads\/2025\/01\/icgPGmFqPsaLAWsUOv5vNfPnm01JCqa29jH6nnjD.webp 800w, https:\/\/noticiaempauta.com\/portal\/wp-content\/uploads\/2025\/01\/icgPGmFqPsaLAWsUOv5vNfPnm01JCqa29jH6nnjD-300x169.webp 300w, https:\/\/noticiaempauta.com\/portal\/wp-content\/uploads\/2025\/01\/icgPGmFqPsaLAWsUOv5vNfPnm01JCqa29jH6nnjD-768x432.webp 768w\" sizes=\"(max-width: 800px) 100vw, 800px\" \/><figcaption class=\"wp-element-caption\"><em>(Reprodu\u00e7\u00e3o\/TV Clube)<\/em><\/figcaption><\/figure>\n\n\n\n<p>Ele chegou a ser internado junto com os demais familiares no dia 01 no Hospital Estadual Dirceu Arcoverde (HEDA), mas foi o primeiro a receber alta. Segundo o Instituto de Criminal\u00edstica, n\u00e3o foram encontrados ind\u00edcios de envenenamento no organismo dele, o que levantou suspeitas por parte da pol\u00edcia.<\/p>\n\n\n\n<p>A Pol\u00edcia Civil conceder\u00e1 uma entrevista coletiva nesta manh\u00e3 (08) para dar mais detalhes sobre a investiga\u00e7\u00e3o e a pris\u00e3o. Francisco de Assis, al\u00e9m de padrasto de Francisca Maria, \u00e9 tamb\u00e9m o padrasto de\u00a0Manoel Leandro, que faleceu ainda no dia 02, tendo sido a primeira v\u00edtima fatal do envenenamento\u00a0ocorrido no in\u00edcio do ano.<\/p>\n\n\n\n<p>Al\u00e9m de Manoel e Francisca Maria, tamb\u00e9m morreram v\u00edtimas de envenenamento as crian\u00e7as\u00a0Igno Davi Silva, de um ano e oito meses, e\u00a0Lauane Fontenele, de tr\u00eas anos. Os dois s\u00e3o filhos de Francisca. Mas este n\u00e3o foi o primeiro caso de envenenamento registrado na fam\u00edlia. Em agosto do ano passado,\u00a0os meninos Jo\u00e3o Miguel, sete anos, e Ulisses, oito anos, tamb\u00e9m morreram ap\u00f3s comerem cajus envenenados. Os dois tamb\u00e9m s\u00e3o filhos de Francisca Maria.<\/p>\n\n\n\n<p>Francisco de Assis foi levado para a Delegacia Regional de Parna\u00edba para ser ouvido.<\/p>\n\n\n\n<p><strong>Fonte: Portal O Dia<\/strong><\/p>\n","protected":false},"excerpt":{"rendered":"<p>Francisco de Assis Pereira, 53 anos, foi preso na manh\u00e3 de hoje (08) suspeito de ter\u00a0envenenado sua fam\u00edlia no \u00faltimo dia 01 de janeiro em Parna\u00edba. Francisco \u00e9 padrasto de Francisca Maria da Silva, m\u00e3e das cinco crian\u00e7as envenenadas e que tamb\u00e9m morreu v\u00edtima de\u00a0intoxica\u00e7\u00e3o por chumbinho. De acordo com a pol\u00edcia, Francisco teria fingido [&hellip;]<\/p>\n","protected":false},"author":2,"featured_media":266319,"comment_status":"open","ping_status":"open","sticky":false,"template":"","format":"standard","meta":{"_mi_skip_tracking":false,"footnotes":""},"categories":[25,1,16],"tags":[192],"class_list":["post-266318","post","type-post","status-publish","format-standard","has-post-thumbnail","hentry","category-destaques-site","category-geral","category-todas","tag-destaqueprincipal"],"acf":[],"yoast_head":"<!-- This site is optimized with the Yoast SEO Premium plugin v19.2 (Yoast SEO v26.9) - https:\/\/yoast.com\/product\/yoast-seo-premium-wordpress\/ -->\n<title>Padrasto \u00e9 preso suspeito de envenenar fam\u00edlia em Parna\u00edba - Portal Not\u00edcia em Pauta<\/title>\n<meta name=\"robots\" content=\"index, follow, max-snippet:-1, max-image-preview:large, max-video-preview:-1\" \/>\n<link rel=\"canonical\" href=\"https:\/\/noticiaempauta.com\/portal\/padrasto-e-preso-suspeito-de-envenenar-familia-em-parnaiba\/\" \/>\n<meta property=\"og:locale\" content=\"pt_BR\" \/>\n<meta property=\"og:type\" content=\"article\" \/>\n<meta property=\"og:title\" content=\"Padrasto \u00e9 preso suspeito de envenenar fam\u00edlia em Parna\u00edba\" \/>\n<meta property=\"og:description\" content=\"Francisco de Assis Pereira, 53 anos, foi preso na manh\u00e3 de hoje (08) suspeito de ter\u00a0envenenado sua fam\u00edlia no \u00faltimo dia 01 de janeiro em Parna\u00edba. Francisco \u00e9 padrasto de Francisca Maria da Silva, m\u00e3e das cinco crian\u00e7as envenenadas e que tamb\u00e9m morreu v\u00edtima de\u00a0intoxica\u00e7\u00e3o por chumbinho. De acordo com a pol\u00edcia, Francisco teria fingido [&hellip;]\" \/>\n<meta property=\"og:url\" content=\"https:\/\/noticiaempauta.com\/portal\/padrasto-e-preso-suspeito-de-envenenar-familia-em-parnaiba\/\" \/>\n<meta property=\"og:site_name\" content=\"Portal Not\u00edcia em Pauta\" \/>\n<meta property=\"article:publisher\" content=\"https:\/\/www.facebook.com\/Portal-Notcia-Em-Pauta-102292869264820\/\" \/>\n<meta property=\"article:published_time\" content=\"2025-01-08T12:24:20+00:00\" \/>\n<meta property=\"article:modified_time\" content=\"2025-01-08T12:24:21+00:00\" \/>\n<meta property=\"og:image\" content=\"https:\/\/noticiaempauta.com\/portal\/wp-content\/uploads\/2025\/01\/icgPGmFqPsaLAWsUOv5vNfPnm01JCqa29jH6nnjD.webp\" \/>\n\t<meta property=\"og:image:width\" content=\"800\" \/>\n\t<meta property=\"og:image:height\" content=\"450\" \/>\n\t<meta property=\"og:image:type\" content=\"image\/webp\" \/>\n<meta name=\"author\" content=\"Reda\u00e7\u00e3o\" \/>\n<meta name=\"twitter:card\" content=\"summary_large_image\" \/>\n<meta name=\"twitter:label1\" content=\"Escrito por\" \/>\n\t<meta name=\"twitter:data1\" content=\"Reda\u00e7\u00e3o\" \/>\n\t<meta name=\"twitter:label2\" content=\"Est. tempo de leitura\" \/>\n\t<meta name=\"twitter:data2\" content=\"2 minutos\" \/>\n<script type=\"application\/ld+json\" class=\"yoast-schema-graph\">{\"@context\":\"https:\/\/schema.org\",\"@graph\":[{\"@type\":\"Article\",\"@id\":\"https:\/\/noticiaempauta.com\/portal\/padrasto-e-preso-suspeito-de-envenenar-familia-em-parnaiba\/#article\",\"isPartOf\":{\"@id\":\"https:\/\/noticiaempauta.com\/portal\/padrasto-e-preso-suspeito-de-envenenar-familia-em-parnaiba\/\"},\"author\":{\"name\":\"Reda\u00e7\u00e3o\",\"@id\":\"https:\/\/noticiaempauta.com\/portal\/#\/schema\/person\/a74af43dd1ab3deca45f988c717d57ac\"},\"headline\":\"Padrasto \u00e9 preso suspeito de envenenar fam\u00edlia em Parna\u00edba\",\"datePublished\":\"2025-01-08T12:24:20+00:00\",\"dateModified\":\"2025-01-08T12:24:21+00:00\",\"mainEntityOfPage\":{\"@id\":\"https:\/\/noticiaempauta.com\/portal\/padrasto-e-preso-suspeito-de-envenenar-familia-em-parnaiba\/\"},\"wordCount\":308,\"commentCount\":0,\"publisher\":{\"@id\":\"https:\/\/noticiaempauta.com\/portal\/#organization\"},\"image\":{\"@id\":\"https:\/\/noticiaempauta.com\/portal\/padrasto-e-preso-suspeito-de-envenenar-familia-em-parnaiba\/#primaryimage\"},\"thumbnailUrl\":\"https:\/\/noticiaempauta.com\/portal\/wp-content\/uploads\/2025\/01\/icgPGmFqPsaLAWsUOv5vNfPnm01JCqa29jH6nnjD.webp\",\"keywords\":[\"destaqueprincipal\"],\"articleSection\":[\"Destaques\",\"Geral\",\"Todas as Not\u00edcias\"],\"inLanguage\":\"pt-BR\",\"potentialAction\":[{\"@type\":\"CommentAction\",\"name\":\"Comment\",\"target\":[\"https:\/\/noticiaempauta.com\/portal\/padrasto-e-preso-suspeito-de-envenenar-familia-em-parnaiba\/#respond\"]}]},{\"@type\":\"WebPage\",\"@id\":\"https:\/\/noticiaempauta.com\/portal\/padrasto-e-preso-suspeito-de-envenenar-familia-em-parnaiba\/\",\"url\":\"https:\/\/noticiaempauta.com\/portal\/padrasto-e-preso-suspeito-de-envenenar-familia-em-parnaiba\/\",\"name\":\"Padrasto \u00e9 preso suspeito de envenenar fam\u00edlia em Parna\u00edba - Portal Not\u00edcia em Pauta\",\"isPartOf\":{\"@id\":\"https:\/\/noticiaempauta.com\/portal\/#website\"},\"primaryImageOfPage\":{\"@id\":\"https:\/\/noticiaempauta.com\/portal\/padrasto-e-preso-suspeito-de-envenenar-familia-em-parnaiba\/#primaryimage\"},\"image\":{\"@id\":\"https:\/\/noticiaempauta.com\/portal\/padrasto-e-preso-suspeito-de-envenenar-familia-em-parnaiba\/#primaryimage\"},\"thumbnailUrl\":\"https:\/\/noticiaempauta.com\/portal\/wp-content\/uploads\/2025\/01\/icgPGmFqPsaLAWsUOv5vNfPnm01JCqa29jH6nnjD.webp\",\"datePublished\":\"2025-01-08T12:24:20+00:00\",\"dateModified\":\"2025-01-08T12:24:21+00:00\",\"breadcrumb\":{\"@id\":\"https:\/\/noticiaempauta.com\/portal\/padrasto-e-preso-suspeito-de-envenenar-familia-em-parnaiba\/#breadcrumb\"},\"inLanguage\":\"pt-BR\",\"potentialAction\":[{\"@type\":\"ReadAction\",\"target\":[\"https:\/\/noticiaempauta.com\/portal\/padrasto-e-preso-suspeito-de-envenenar-familia-em-parnaiba\/\"]}]},{\"@type\":\"ImageObject\",\"inLanguage\":\"pt-BR\",\"@id\":\"https:\/\/noticiaempauta.com\/portal\/padrasto-e-preso-suspeito-de-envenenar-familia-em-parnaiba\/#primaryimage\",\"url\":\"https:\/\/noticiaempauta.com\/portal\/wp-content\/uploads\/2025\/01\/icgPGmFqPsaLAWsUOv5vNfPnm01JCqa29jH6nnjD.webp\",\"contentUrl\":\"https:\/\/noticiaempauta.com\/portal\/wp-content\/uploads\/2025\/01\/icgPGmFqPsaLAWsUOv5vNfPnm01JCqa29jH6nnjD.webp\",\"width\":800,\"height\":450},{\"@type\":\"BreadcrumbList\",\"@id\":\"https:\/\/noticiaempauta.com\/portal\/padrasto-e-preso-suspeito-de-envenenar-familia-em-parnaiba\/#breadcrumb\",\"itemListElement\":[{\"@type\":\"ListItem\",\"position\":1,\"name\":\"P\u00e1gina Inicial\",\"item\":\"https:\/\/noticiaempauta.com\/portal\/\"},{\"@type\":\"ListItem\",\"position\":2,\"name\":\"Destaques\",\"item\":\"https:\/\/noticiaempauta.com\/portal\/destaques-site\/\"},{\"@type\":\"ListItem\",\"position\":3,\"name\":\"Padrasto \u00e9 preso suspeito de envenenar fam\u00edlia em Parna\u00edba\"}]},{\"@type\":\"WebSite\",\"@id\":\"https:\/\/noticiaempauta.com\/portal\/#website\",\"url\":\"https:\/\/noticiaempauta.com\/portal\/\",\"name\":\"Portal Not\u00edcia em Pauta\",\"description\":\"Voc\u00ea bem informado\",\"publisher\":{\"@id\":\"https:\/\/noticiaempauta.com\/portal\/#organization\"},\"potentialAction\":[{\"@type\":\"SearchAction\",\"target\":{\"@type\":\"EntryPoint\",\"urlTemplate\":\"https:\/\/noticiaempauta.com\/portal\/?s={search_term_string}\"},\"query-input\":{\"@type\":\"PropertyValueSpecification\",\"valueRequired\":true,\"valueName\":\"search_term_string\"}}],\"inLanguage\":\"pt-BR\"},{\"@type\":\"Organization\",\"@id\":\"https:\/\/noticiaempauta.com\/portal\/#organization\",\"name\":\"Portal Not\u00edcia em Pauta\",\"url\":\"https:\/\/noticiaempauta.com\/portal\/\",\"logo\":{\"@type\":\"ImageObject\",\"inLanguage\":\"pt-BR\",\"@id\":\"https:\/\/noticiaempauta.com\/portal\/#\/schema\/logo\/image\/\",\"url\":\"https:\/\/noticiaempauta.com\/portal\/wp-content\/uploads\/2022\/08\/logomarca_tema.fw_.png\",\"contentUrl\":\"https:\/\/noticiaempauta.com\/portal\/wp-content\/uploads\/2022\/08\/logomarca_tema.fw_.png\",\"width\":400,\"height\":232,\"caption\":\"Portal Not\u00edcia em Pauta\"},\"image\":{\"@id\":\"https:\/\/noticiaempauta.com\/portal\/#\/schema\/logo\/image\/\"},\"sameAs\":[\"https:\/\/www.facebook.com\/Portal-Notcia-Em-Pauta-102292869264820\/\",\"https:\/\/www.instagram.com\/portalnoticiaempauta\/\"]},{\"@type\":\"Person\",\"@id\":\"https:\/\/noticiaempauta.com\/portal\/#\/schema\/person\/a74af43dd1ab3deca45f988c717d57ac\",\"name\":\"Reda\u00e7\u00e3o\",\"image\":{\"@type\":\"ImageObject\",\"inLanguage\":\"pt-BR\",\"@id\":\"https:\/\/noticiaempauta.com\/portal\/#\/schema\/person\/image\/\",\"url\":\"https:\/\/secure.gravatar.com\/avatar\/03179346ecce6cdfc13361603e8f54242a90e5cde8618fa23c5c00aa2b0aadf3?s=96&d=mm&r=g\",\"contentUrl\":\"https:\/\/secure.gravatar.com\/avatar\/03179346ecce6cdfc13361603e8f54242a90e5cde8618fa23c5c00aa2b0aadf3?s=96&d=mm&r=g\",\"caption\":\"Reda\u00e7\u00e3o\"},\"sameAs\":[\"https:\/\/noticiaempauta.com\/portal\/\"],\"url\":\"https:\/\/noticiaempauta.com\/portal\/author\/fernando\/\"}]}<\/script>\n<!-- \/ Yoast SEO Premium plugin. -->","yoast_head_json":{"title":"Padrasto \u00e9 preso suspeito de envenenar fam\u00edlia em Parna\u00edba - Portal Not\u00edcia em Pauta","robots":{"index":"index","follow":"follow","max-snippet":"max-snippet:-1","max-image-preview":"max-image-preview:large","max-video-preview":"max-video-preview:-1"},"canonical":"https:\/\/noticiaempauta.com\/portal\/padrasto-e-preso-suspeito-de-envenenar-familia-em-parnaiba\/","og_locale":"pt_BR","og_type":"article","og_title":"Padrasto \u00e9 preso suspeito de envenenar fam\u00edlia em Parna\u00edba","og_description":"Francisco de Assis Pereira, 53 anos, foi preso na manh\u00e3 de hoje (08) suspeito de ter\u00a0envenenado sua fam\u00edlia no \u00faltimo dia 01 de janeiro em Parna\u00edba. Francisco \u00e9 padrasto de Francisca Maria da Silva, m\u00e3e das cinco crian\u00e7as envenenadas e que tamb\u00e9m morreu v\u00edtima de\u00a0intoxica\u00e7\u00e3o por chumbinho. De acordo com a pol\u00edcia, Francisco teria fingido [&hellip;]","og_url":"https:\/\/noticiaempauta.com\/portal\/padrasto-e-preso-suspeito-de-envenenar-familia-em-parnaiba\/","og_site_name":"Portal Not\u00edcia em Pauta","article_publisher":"https:\/\/www.facebook.com\/Portal-Notcia-Em-Pauta-102292869264820\/","article_published_time":"2025-01-08T12:24:20+00:00","article_modified_time":"2025-01-08T12:24:21+00:00","og_image":[{"width":800,"height":450,"url":"https:\/\/noticiaempauta.com\/portal\/wp-content\/uploads\/2025\/01\/icgPGmFqPsaLAWsUOv5vNfPnm01JCqa29jH6nnjD.webp","type":"image\/webp"}],"author":"Reda\u00e7\u00e3o","twitter_card":"summary_large_image","twitter_misc":{"Escrito por":"Reda\u00e7\u00e3o","Est. tempo de leitura":"2 minutos"},"schema":{"@context":"https:\/\/schema.org","@graph":[{"@type":"Article","@id":"https:\/\/noticiaempauta.com\/portal\/padrasto-e-preso-suspeito-de-envenenar-familia-em-parnaiba\/#article","isPartOf":{"@id":"https:\/\/noticiaempauta.com\/portal\/padrasto-e-preso-suspeito-de-envenenar-familia-em-parnaiba\/"},"author":{"name":"Reda\u00e7\u00e3o","@id":"https:\/\/noticiaempauta.com\/portal\/#\/schema\/person\/a74af43dd1ab3deca45f988c717d57ac"},"headline":"Padrasto \u00e9 preso suspeito de envenenar fam\u00edlia em Parna\u00edba","datePublished":"2025-01-08T12:24:20+00:00","dateModified":"2025-01-08T12:24:21+00:00","mainEntityOfPage":{"@id":"https:\/\/noticiaempauta.com\/portal\/padrasto-e-preso-suspeito-de-envenenar-familia-em-parnaiba\/"},"wordCount":308,"commentCount":0,"publisher":{"@id":"https:\/\/noticiaempauta.com\/portal\/#organization"},"image":{"@id":"https:\/\/noticiaempauta.com\/portal\/padrasto-e-preso-suspeito-de-envenenar-familia-em-parnaiba\/#primaryimage"},"thumbnailUrl":"https:\/\/noticiaempauta.com\/portal\/wp-content\/uploads\/2025\/01\/icgPGmFqPsaLAWsUOv5vNfPnm01JCqa29jH6nnjD.webp","keywords":["destaqueprincipal"],"articleSection":["Destaques","Geral","Todas as Not\u00edcias"],"inLanguage":"pt-BR","potentialAction":[{"@type":"CommentAction","name":"Comment","target":["https:\/\/noticiaempauta.com\/portal\/padrasto-e-preso-suspeito-de-envenenar-familia-em-parnaiba\/#respond"]}]},{"@type":"WebPage","@id":"https:\/\/noticiaempauta.com\/portal\/padrasto-e-preso-suspeito-de-envenenar-familia-em-parnaiba\/","url":"https:\/\/noticiaempauta.com\/portal\/padrasto-e-preso-suspeito-de-envenenar-familia-em-parnaiba\/","name":"Padrasto \u00e9 preso suspeito de envenenar fam\u00edlia em Parna\u00edba - Portal Not\u00edcia em Pauta","isPartOf":{"@id":"https:\/\/noticiaempauta.com\/portal\/#website"},"primaryImageOfPage":{"@id":"https:\/\/noticiaempauta.com\/portal\/padrasto-e-preso-suspeito-de-envenenar-familia-em-parnaiba\/#primaryimage"},"image":{"@id":"https:\/\/noticiaempauta.com\/portal\/padrasto-e-preso-suspeito-de-envenenar-familia-em-parnaiba\/#primaryimage"},"thumbnailUrl":"https:\/\/noticiaempauta.com\/portal\/wp-content\/uploads\/2025\/01\/icgPGmFqPsaLAWsUOv5vNfPnm01JCqa29jH6nnjD.webp","datePublished":"2025-01-08T12:24:20+00:00","dateModified":"2025-01-08T12:24:21+00:00","breadcrumb":{"@id":"https:\/\/noticiaempauta.com\/portal\/padrasto-e-preso-suspeito-de-envenenar-familia-em-parnaiba\/#breadcrumb"},"inLanguage":"pt-BR","potentialAction":[{"@type":"ReadAction","target":["https:\/\/noticiaempauta.com\/portal\/padrasto-e-preso-suspeito-de-envenenar-familia-em-parnaiba\/"]}]},{"@type":"ImageObject","inLanguage":"pt-BR","@id":"https:\/\/noticiaempauta.com\/portal\/padrasto-e-preso-suspeito-de-envenenar-familia-em-parnaiba\/#primaryimage","url":"https:\/\/noticiaempauta.com\/portal\/wp-content\/uploads\/2025\/01\/icgPGmFqPsaLAWsUOv5vNfPnm01JCqa29jH6nnjD.webp","contentUrl":"https:\/\/noticiaempauta.com\/portal\/wp-content\/uploads\/2025\/01\/icgPGmFqPsaLAWsUOv5vNfPnm01JCqa29jH6nnjD.webp","width":800,"height":450},{"@type":"BreadcrumbList","@id":"https:\/\/noticiaempauta.com\/portal\/padrasto-e-preso-suspeito-de-envenenar-familia-em-parnaiba\/#breadcrumb","itemListElement":[{"@type":"ListItem","position":1,"name":"P\u00e1gina Inicial","item":"https:\/\/noticiaempauta.com\/portal\/"},{"@type":"ListItem","position":2,"name":"Destaques","item":"https:\/\/noticiaempauta.com\/portal\/destaques-site\/"},{"@type":"ListItem","position":3,"name":"Padrasto \u00e9 preso suspeito de envenenar fam\u00edlia em Parna\u00edba"}]},{"@type":"WebSite","@id":"https:\/\/noticiaempauta.com\/portal\/#website","url":"https:\/\/noticiaempauta.com\/portal\/","name":"Portal Not\u00edcia em Pauta","description":"Voc\u00ea bem informado","publisher":{"@id":"https:\/\/noticiaempauta.com\/portal\/#organization"},"potentialAction":[{"@type":"SearchAction","target":{"@type":"EntryPoint","urlTemplate":"https:\/\/noticiaempauta.com\/portal\/?s={search_term_string}"},"query-input":{"@type":"PropertyValueSpecification","valueRequired":true,"valueName":"search_term_string"}}],"inLanguage":"pt-BR"},{"@type":"Organization","@id":"https:\/\/noticiaempauta.com\/portal\/#organization","name":"Portal Not\u00edcia em Pauta","url":"https:\/\/noticiaempauta.com\/portal\/","logo":{"@type":"ImageObject","inLanguage":"pt-BR","@id":"https:\/\/noticiaempauta.com\/portal\/#\/schema\/logo\/image\/","url":"https:\/\/noticiaempauta.com\/portal\/wp-content\/uploads\/2022\/08\/logomarca_tema.fw_.png","contentUrl":"https:\/\/noticiaempauta.com\/portal\/wp-content\/uploads\/2022\/08\/logomarca_tema.fw_.png","width":400,"height":232,"caption":"Portal Not\u00edcia em Pauta"},"image":{"@id":"https:\/\/noticiaempauta.com\/portal\/#\/schema\/logo\/image\/"},"sameAs":["https:\/\/www.facebook.com\/Portal-Notcia-Em-Pauta-102292869264820\/","https:\/\/www.instagram.com\/portalnoticiaempauta\/"]},{"@type":"Person","@id":"https:\/\/noticiaempauta.com\/portal\/#\/schema\/person\/a74af43dd1ab3deca45f988c717d57ac","name":"Reda\u00e7\u00e3o","image":{"@type":"ImageObject","inLanguage":"pt-BR","@id":"https:\/\/noticiaempauta.com\/portal\/#\/schema\/person\/image\/","url":"https:\/\/secure.gravatar.com\/avatar\/03179346ecce6cdfc13361603e8f54242a90e5cde8618fa23c5c00aa2b0aadf3?s=96&d=mm&r=g","contentUrl":"https:\/\/secure.gravatar.com\/avatar\/03179346ecce6cdfc13361603e8f54242a90e5cde8618fa23c5c00aa2b0aadf3?s=96&d=mm&r=g","caption":"Reda\u00e7\u00e3o"},"sameAs":["https:\/\/noticiaempauta.com\/portal\/"],"url":"https:\/\/noticiaempauta.com\/portal\/author\/fernando\/"}]}},"_links":{"self":[{"href":"https:\/\/noticiaempauta.com\/portal\/wp-json\/wp\/v2\/posts\/266318","targetHints":{"allow":["GET"]}}],"collection":[{"href":"https:\/\/noticiaempauta.com\/portal\/wp-json\/wp\/v2\/posts"}],"about":[{"href":"https:\/\/noticiaempauta.com\/portal\/wp-json\/wp\/v2\/types\/post"}],"author":[{"embeddable":true,"href":"https:\/\/noticiaempauta.com\/portal\/wp-json\/wp\/v2\/users\/2"}],"replies":[{"embeddable":true,"href":"https:\/\/noticiaempauta.com\/portal\/wp-json\/wp\/v2\/comments?post=266318"}],"version-history":[{"count":2,"href":"https:\/\/noticiaempauta.com\/portal\/wp-json\/wp\/v2\/posts\/266318\/revisions"}],"predecessor-version":[{"id":266321,"href":"https:\/\/noticiaempauta.com\/portal\/wp-json\/wp\/v2\/posts\/266318\/revisions\/266321"}],"wp:featuredmedia":[{"embeddable":true,"href":"https:\/\/noticiaempauta.com\/portal\/wp-json\/wp\/v2\/media\/266319"}],"wp:attachment":[{"href":"https:\/\/noticiaempauta.com\/portal\/wp-json\/wp\/v2\/media?parent=266318"}],"wp:term":[{"taxonomy":"category","embeddable":true,"href":"https:\/\/noticiaempauta.com\/portal\/wp-json\/wp\/v2\/categories?post=266318"},{"taxonomy":"post_tag","embeddable":true,"href":"https:\/\/noticiaempauta.com\/portal\/wp-json\/wp\/v2\/tags?post=266318"}],"curies":[{"name":"wp","href":"https:\/\/api.w.org\/{rel}","templated":true}]}}