{"id":266322,"date":"2025-01-08T09:27:18","date_gmt":"2025-01-08T12:27:18","guid":{"rendered":"https:\/\/noticiaempauta.com\/portal\/?p=266322"},"modified":"2025-01-08T09:27:20","modified_gmt":"2025-01-08T12:27:20","slug":"carnaval-e-corso-de-teresina-sao-cancelados-por-falta-de-recursos","status":"publish","type":"post","link":"https:\/\/noticiaempauta.com\/portal\/carnaval-e-corso-de-teresina-sao-cancelados-por-falta-de-recursos\/","title":{"rendered":"Carnaval e Corso de Teresina s\u00e3o cancelados por falta de recursos"},"content":{"rendered":"\n<p>O presidente da Funda\u00e7\u00e3o Municipal de Cultura (FMC), maestro Aur\u00e9lio Melo, em nota, informou que, neste ano, n\u00e3o haver\u00e1 festividades de Carnaval, com a n\u00e3o realiza\u00e7\u00e3o dos bloquinhos pela cidade e da tradicional festividade do Corso.<\/p>\n\n\n\n<figure class=\"wp-block-image size-full\"><img fetchpriority=\"high\" decoding=\"async\" width=\"800\" height=\"533\" src=\"https:\/\/noticiaempauta.com\/portal\/wp-content\/uploads\/2025\/01\/Kx04saX0ze8gtO55AuTQTP2h9lVViFFQeVZYUO8i.webp\" alt=\"\" class=\"wp-image-266323\" srcset=\"https:\/\/noticiaempauta.com\/portal\/wp-content\/uploads\/2025\/01\/Kx04saX0ze8gtO55AuTQTP2h9lVViFFQeVZYUO8i.webp 800w, https:\/\/noticiaempauta.com\/portal\/wp-content\/uploads\/2025\/01\/Kx04saX0ze8gtO55AuTQTP2h9lVViFFQeVZYUO8i-300x200.webp 300w, https:\/\/noticiaempauta.com\/portal\/wp-content\/uploads\/2025\/01\/Kx04saX0ze8gtO55AuTQTP2h9lVViFFQeVZYUO8i-768x512.webp 768w\" sizes=\"(max-width: 800px) 100vw, 800px\" \/><figcaption class=\"wp-element-caption\"><em>(Jailson Soares \/ O DIA)<\/em><\/figcaption><\/figure>\n\n\n\n<p>Na nota, a prefeitura informou que a decis\u00e3o teve como justificativa o contingenciamento or\u00e7ament\u00e1rio, tendo em vista o alto custo das festividades, priorizando o or\u00e7amento da cidade para organizar \u00e1reas mais deficit\u00e1rias, como sa\u00fade, educa\u00e7\u00e3o, assist\u00eancia social, limpeza p\u00fablica e atividades do calend\u00e1rio cultural.<\/p>\n\n\n\n<p>Os bloquinhos de carnaval passaram a ser uma atra\u00e7\u00e3o \u00e0 parte na cidade, em todas as zonas de Teresina, nos bairros eram realizados os blocos de carnaval, sendo os mais famosos Sanat\u00f3rio Geral, Vaca Atolada, Capote da Madrugada e o Namorada do Sol.&nbsp;<\/p>\n\n\n\n<p>Em 2024, a Prefeitura de Teresina em parceria com o Governo do Estado, resolveram unir os blocos mais famosos da cidade no Carnaval da Marechal em tr\u00eas noites, trazendo bandas nacionais como Maria Rita, Academia da Berlinda, Duda Beat e Afrocidade.<\/p>\n\n\n\n<p>Neste ano, com a crise financeira deixada pelo mandato do ex-prefeito Dr. Pessoa, segundo a atual gest\u00e3o, fica invi\u00e1vel financiar o carnaval da cidade, alegando terem deixado d\u00edvidas com fornecedores, pagamento salarial dos funcion\u00e1rios p\u00fablicos, falta de medicamentos e insumos nas UBS e hospitais da cidade, bem como os problemas estruturais na sa\u00fade p\u00fablica municipal.<\/p>\n\n\n\n<p><strong>Confira na \u00edntegra a nota da FMC<\/strong><\/p>\n\n\n\n<p>A Prefeitura de Teresina informa que, excepcionalmente em 2025, n\u00e3o ser\u00e1 poss\u00edvel realizar investimentos p\u00fablicos discricion\u00e1rios nas festividades do Carnaval e no Corso da cidade.<\/p>\n\n\n\n<p>A decis\u00e3o foi motivada pelo contingenciamento or\u00e7ament\u00e1rio, pelo alto volume de despesas do exerc\u00edcio anterior (DEA) e pela necessidade de organizar \u00e1reas como sa\u00fade, educa\u00e7\u00e3o, assist\u00eancia social, limpeza p\u00fablica e atividades do calend\u00e1rio cultural.<\/p>\n\n\n\n<p>Essa medida reflete o compromisso com a responsabilidade fiscal e o equil\u00edbrio das contas p\u00fablicas, garantindo a aten\u00e7\u00e3o \u00e0s demandas mais urgentes da popula\u00e7\u00e3o.<\/p>\n\n\n\n<p>A gest\u00e3o reafirma seu compromisso em valorizar a cultura local e trabalhar\u00e1, com di\u00e1logo e transpar\u00eancia, para fortalecer as tradi\u00e7\u00f5es culturais nos pr\u00f3ximos anos.<\/p>\n\n\n\n<p>Funda\u00e7\u00e3o Cultural Monsenhor Chaves<\/p>\n\n\n\n<p>Prefeitura de Teresina<\/p>\n","protected":false},"excerpt":{"rendered":"<p>O presidente da Funda\u00e7\u00e3o Municipal de Cultura (FMC), maestro Aur\u00e9lio Melo, em nota, informou que, neste ano, n\u00e3o haver\u00e1 festividades de Carnaval, com a n\u00e3o realiza\u00e7\u00e3o dos bloquinhos pela cidade e da tradicional festividade do Corso. Na nota, a prefeitura informou que a decis\u00e3o teve como justificativa o contingenciamento or\u00e7ament\u00e1rio, tendo em vista o alto [&hellip;]<\/p>\n","protected":false},"author":2,"featured_media":266323,"comment_status":"open","ping_status":"open","sticky":false,"template":"","format":"standard","meta":{"_mi_skip_tracking":false,"footnotes":""},"categories":[25,1,16],"tags":[192],"class_list":["post-266322","post","type-post","status-publish","format-standard","has-post-thumbnail","hentry","category-destaques-site","category-geral","category-todas","tag-destaqueprincipal"],"acf":[],"yoast_head":"<!-- This site is optimized with the Yoast SEO Premium plugin v19.2 (Yoast SEO v26.9) - https:\/\/yoast.com\/product\/yoast-seo-premium-wordpress\/ -->\n<title>Carnaval e Corso de Teresina s\u00e3o cancelados por falta de recursos - Portal Not\u00edcia em Pauta<\/title>\n<meta name=\"robots\" content=\"index, follow, max-snippet:-1, max-image-preview:large, max-video-preview:-1\" \/>\n<link rel=\"canonical\" href=\"https:\/\/noticiaempauta.com\/portal\/carnaval-e-corso-de-teresina-sao-cancelados-por-falta-de-recursos\/\" \/>\n<meta property=\"og:locale\" content=\"pt_BR\" \/>\n<meta property=\"og:type\" content=\"article\" \/>\n<meta property=\"og:title\" content=\"Carnaval e Corso de Teresina s\u00e3o cancelados por falta de recursos\" \/>\n<meta property=\"og:description\" content=\"O presidente da Funda\u00e7\u00e3o Municipal de Cultura (FMC), maestro Aur\u00e9lio Melo, em nota, informou que, neste ano, n\u00e3o haver\u00e1 festividades de Carnaval, com a n\u00e3o realiza\u00e7\u00e3o dos bloquinhos pela cidade e da tradicional festividade do Corso. Na nota, a prefeitura informou que a decis\u00e3o teve como justificativa o contingenciamento or\u00e7ament\u00e1rio, tendo em vista o alto [&hellip;]\" \/>\n<meta property=\"og:url\" content=\"https:\/\/noticiaempauta.com\/portal\/carnaval-e-corso-de-teresina-sao-cancelados-por-falta-de-recursos\/\" \/>\n<meta property=\"og:site_name\" content=\"Portal Not\u00edcia em Pauta\" \/>\n<meta property=\"article:publisher\" content=\"https:\/\/www.facebook.com\/Portal-Notcia-Em-Pauta-102292869264820\/\" \/>\n<meta property=\"article:published_time\" content=\"2025-01-08T12:27:18+00:00\" \/>\n<meta property=\"article:modified_time\" content=\"2025-01-08T12:27:20+00:00\" \/>\n<meta property=\"og:image\" content=\"https:\/\/noticiaempauta.com\/portal\/wp-content\/uploads\/2025\/01\/Kx04saX0ze8gtO55AuTQTP2h9lVViFFQeVZYUO8i.webp\" \/>\n\t<meta property=\"og:image:width\" content=\"800\" \/>\n\t<meta property=\"og:image:height\" content=\"533\" \/>\n\t<meta property=\"og:image:type\" content=\"image\/webp\" \/>\n<meta name=\"author\" content=\"Reda\u00e7\u00e3o\" \/>\n<meta name=\"twitter:card\" content=\"summary_large_image\" \/>\n<meta name=\"twitter:label1\" content=\"Escrito por\" \/>\n\t<meta name=\"twitter:data1\" content=\"Reda\u00e7\u00e3o\" \/>\n\t<meta name=\"twitter:label2\" content=\"Est. tempo de leitura\" \/>\n\t<meta name=\"twitter:data2\" content=\"3 minutos\" \/>\n<script type=\"application\/ld+json\" class=\"yoast-schema-graph\">{\"@context\":\"https:\/\/schema.org\",\"@graph\":[{\"@type\":\"Article\",\"@id\":\"https:\/\/noticiaempauta.com\/portal\/carnaval-e-corso-de-teresina-sao-cancelados-por-falta-de-recursos\/#article\",\"isPartOf\":{\"@id\":\"https:\/\/noticiaempauta.com\/portal\/carnaval-e-corso-de-teresina-sao-cancelados-por-falta-de-recursos\/\"},\"author\":{\"name\":\"Reda\u00e7\u00e3o\",\"@id\":\"https:\/\/noticiaempauta.com\/portal\/#\/schema\/person\/a74af43dd1ab3deca45f988c717d57ac\"},\"headline\":\"Carnaval e Corso de Teresina s\u00e3o cancelados por falta de recursos\",\"datePublished\":\"2025-01-08T12:27:18+00:00\",\"dateModified\":\"2025-01-08T12:27:20+00:00\",\"mainEntityOfPage\":{\"@id\":\"https:\/\/noticiaempauta.com\/portal\/carnaval-e-corso-de-teresina-sao-cancelados-por-falta-de-recursos\/\"},\"wordCount\":402,\"commentCount\":0,\"publisher\":{\"@id\":\"https:\/\/noticiaempauta.com\/portal\/#organization\"},\"image\":{\"@id\":\"https:\/\/noticiaempauta.com\/portal\/carnaval-e-corso-de-teresina-sao-cancelados-por-falta-de-recursos\/#primaryimage\"},\"thumbnailUrl\":\"https:\/\/noticiaempauta.com\/portal\/wp-content\/uploads\/2025\/01\/Kx04saX0ze8gtO55AuTQTP2h9lVViFFQeVZYUO8i.webp\",\"keywords\":[\"destaqueprincipal\"],\"articleSection\":[\"Destaques\",\"Geral\",\"Todas as Not\u00edcias\"],\"inLanguage\":\"pt-BR\",\"potentialAction\":[{\"@type\":\"CommentAction\",\"name\":\"Comment\",\"target\":[\"https:\/\/noticiaempauta.com\/portal\/carnaval-e-corso-de-teresina-sao-cancelados-por-falta-de-recursos\/#respond\"]}]},{\"@type\":\"WebPage\",\"@id\":\"https:\/\/noticiaempauta.com\/portal\/carnaval-e-corso-de-teresina-sao-cancelados-por-falta-de-recursos\/\",\"url\":\"https:\/\/noticiaempauta.com\/portal\/carnaval-e-corso-de-teresina-sao-cancelados-por-falta-de-recursos\/\",\"name\":\"Carnaval e Corso de Teresina s\u00e3o cancelados por falta de recursos - Portal Not\u00edcia em Pauta\",\"isPartOf\":{\"@id\":\"https:\/\/noticiaempauta.com\/portal\/#website\"},\"primaryImageOfPage\":{\"@id\":\"https:\/\/noticiaempauta.com\/portal\/carnaval-e-corso-de-teresina-sao-cancelados-por-falta-de-recursos\/#primaryimage\"},\"image\":{\"@id\":\"https:\/\/noticiaempauta.com\/portal\/carnaval-e-corso-de-teresina-sao-cancelados-por-falta-de-recursos\/#primaryimage\"},\"thumbnailUrl\":\"https:\/\/noticiaempauta.com\/portal\/wp-content\/uploads\/2025\/01\/Kx04saX0ze8gtO55AuTQTP2h9lVViFFQeVZYUO8i.webp\",\"datePublished\":\"2025-01-08T12:27:18+00:00\",\"dateModified\":\"2025-01-08T12:27:20+00:00\",\"breadcrumb\":{\"@id\":\"https:\/\/noticiaempauta.com\/portal\/carnaval-e-corso-de-teresina-sao-cancelados-por-falta-de-recursos\/#breadcrumb\"},\"inLanguage\":\"pt-BR\",\"potentialAction\":[{\"@type\":\"ReadAction\",\"target\":[\"https:\/\/noticiaempauta.com\/portal\/carnaval-e-corso-de-teresina-sao-cancelados-por-falta-de-recursos\/\"]}]},{\"@type\":\"ImageObject\",\"inLanguage\":\"pt-BR\",\"@id\":\"https:\/\/noticiaempauta.com\/portal\/carnaval-e-corso-de-teresina-sao-cancelados-por-falta-de-recursos\/#primaryimage\",\"url\":\"https:\/\/noticiaempauta.com\/portal\/wp-content\/uploads\/2025\/01\/Kx04saX0ze8gtO55AuTQTP2h9lVViFFQeVZYUO8i.webp\",\"contentUrl\":\"https:\/\/noticiaempauta.com\/portal\/wp-content\/uploads\/2025\/01\/Kx04saX0ze8gtO55AuTQTP2h9lVViFFQeVZYUO8i.webp\",\"width\":800,\"height\":533},{\"@type\":\"BreadcrumbList\",\"@id\":\"https:\/\/noticiaempauta.com\/portal\/carnaval-e-corso-de-teresina-sao-cancelados-por-falta-de-recursos\/#breadcrumb\",\"itemListElement\":[{\"@type\":\"ListItem\",\"position\":1,\"name\":\"P\u00e1gina Inicial\",\"item\":\"https:\/\/noticiaempauta.com\/portal\/\"},{\"@type\":\"ListItem\",\"position\":2,\"name\":\"Destaques\",\"item\":\"https:\/\/noticiaempauta.com\/portal\/destaques-site\/\"},{\"@type\":\"ListItem\",\"position\":3,\"name\":\"Carnaval e Corso de Teresina s\u00e3o cancelados por falta de recursos\"}]},{\"@type\":\"WebSite\",\"@id\":\"https:\/\/noticiaempauta.com\/portal\/#website\",\"url\":\"https:\/\/noticiaempauta.com\/portal\/\",\"name\":\"Portal Not\u00edcia em Pauta\",\"description\":\"Voc\u00ea bem informado\",\"publisher\":{\"@id\":\"https:\/\/noticiaempauta.com\/portal\/#organization\"},\"potentialAction\":[{\"@type\":\"SearchAction\",\"target\":{\"@type\":\"EntryPoint\",\"urlTemplate\":\"https:\/\/noticiaempauta.com\/portal\/?s={search_term_string}\"},\"query-input\":{\"@type\":\"PropertyValueSpecification\",\"valueRequired\":true,\"valueName\":\"search_term_string\"}}],\"inLanguage\":\"pt-BR\"},{\"@type\":\"Organization\",\"@id\":\"https:\/\/noticiaempauta.com\/portal\/#organization\",\"name\":\"Portal Not\u00edcia em Pauta\",\"url\":\"https:\/\/noticiaempauta.com\/portal\/\",\"logo\":{\"@type\":\"ImageObject\",\"inLanguage\":\"pt-BR\",\"@id\":\"https:\/\/noticiaempauta.com\/portal\/#\/schema\/logo\/image\/\",\"url\":\"https:\/\/noticiaempauta.com\/portal\/wp-content\/uploads\/2022\/08\/logomarca_tema.fw_.png\",\"contentUrl\":\"https:\/\/noticiaempauta.com\/portal\/wp-content\/uploads\/2022\/08\/logomarca_tema.fw_.png\",\"width\":400,\"height\":232,\"caption\":\"Portal Not\u00edcia em Pauta\"},\"image\":{\"@id\":\"https:\/\/noticiaempauta.com\/portal\/#\/schema\/logo\/image\/\"},\"sameAs\":[\"https:\/\/www.facebook.com\/Portal-Notcia-Em-Pauta-102292869264820\/\",\"https:\/\/www.instagram.com\/portalnoticiaempauta\/\"]},{\"@type\":\"Person\",\"@id\":\"https:\/\/noticiaempauta.com\/portal\/#\/schema\/person\/a74af43dd1ab3deca45f988c717d57ac\",\"name\":\"Reda\u00e7\u00e3o\",\"image\":{\"@type\":\"ImageObject\",\"inLanguage\":\"pt-BR\",\"@id\":\"https:\/\/noticiaempauta.com\/portal\/#\/schema\/person\/image\/\",\"url\":\"https:\/\/secure.gravatar.com\/avatar\/03179346ecce6cdfc13361603e8f54242a90e5cde8618fa23c5c00aa2b0aadf3?s=96&d=mm&r=g\",\"contentUrl\":\"https:\/\/secure.gravatar.com\/avatar\/03179346ecce6cdfc13361603e8f54242a90e5cde8618fa23c5c00aa2b0aadf3?s=96&d=mm&r=g\",\"caption\":\"Reda\u00e7\u00e3o\"},\"sameAs\":[\"https:\/\/noticiaempauta.com\/portal\/\"],\"url\":\"https:\/\/noticiaempauta.com\/portal\/author\/fernando\/\"}]}<\/script>\n<!-- \/ Yoast SEO Premium plugin. -->","yoast_head_json":{"title":"Carnaval e Corso de Teresina s\u00e3o cancelados por falta de recursos - Portal Not\u00edcia em Pauta","robots":{"index":"index","follow":"follow","max-snippet":"max-snippet:-1","max-image-preview":"max-image-preview:large","max-video-preview":"max-video-preview:-1"},"canonical":"https:\/\/noticiaempauta.com\/portal\/carnaval-e-corso-de-teresina-sao-cancelados-por-falta-de-recursos\/","og_locale":"pt_BR","og_type":"article","og_title":"Carnaval e Corso de Teresina s\u00e3o cancelados por falta de recursos","og_description":"O presidente da Funda\u00e7\u00e3o Municipal de Cultura (FMC), maestro Aur\u00e9lio Melo, em nota, informou que, neste ano, n\u00e3o haver\u00e1 festividades de Carnaval, com a n\u00e3o realiza\u00e7\u00e3o dos bloquinhos pela cidade e da tradicional festividade do Corso. Na nota, a prefeitura informou que a decis\u00e3o teve como justificativa o contingenciamento or\u00e7ament\u00e1rio, tendo em vista o alto [&hellip;]","og_url":"https:\/\/noticiaempauta.com\/portal\/carnaval-e-corso-de-teresina-sao-cancelados-por-falta-de-recursos\/","og_site_name":"Portal Not\u00edcia em Pauta","article_publisher":"https:\/\/www.facebook.com\/Portal-Notcia-Em-Pauta-102292869264820\/","article_published_time":"2025-01-08T12:27:18+00:00","article_modified_time":"2025-01-08T12:27:20+00:00","og_image":[{"width":800,"height":533,"url":"https:\/\/noticiaempauta.com\/portal\/wp-content\/uploads\/2025\/01\/Kx04saX0ze8gtO55AuTQTP2h9lVViFFQeVZYUO8i.webp","type":"image\/webp"}],"author":"Reda\u00e7\u00e3o","twitter_card":"summary_large_image","twitter_misc":{"Escrito por":"Reda\u00e7\u00e3o","Est. tempo de leitura":"3 minutos"},"schema":{"@context":"https:\/\/schema.org","@graph":[{"@type":"Article","@id":"https:\/\/noticiaempauta.com\/portal\/carnaval-e-corso-de-teresina-sao-cancelados-por-falta-de-recursos\/#article","isPartOf":{"@id":"https:\/\/noticiaempauta.com\/portal\/carnaval-e-corso-de-teresina-sao-cancelados-por-falta-de-recursos\/"},"author":{"name":"Reda\u00e7\u00e3o","@id":"https:\/\/noticiaempauta.com\/portal\/#\/schema\/person\/a74af43dd1ab3deca45f988c717d57ac"},"headline":"Carnaval e Corso de Teresina s\u00e3o cancelados por falta de recursos","datePublished":"2025-01-08T12:27:18+00:00","dateModified":"2025-01-08T12:27:20+00:00","mainEntityOfPage":{"@id":"https:\/\/noticiaempauta.com\/portal\/carnaval-e-corso-de-teresina-sao-cancelados-por-falta-de-recursos\/"},"wordCount":402,"commentCount":0,"publisher":{"@id":"https:\/\/noticiaempauta.com\/portal\/#organization"},"image":{"@id":"https:\/\/noticiaempauta.com\/portal\/carnaval-e-corso-de-teresina-sao-cancelados-por-falta-de-recursos\/#primaryimage"},"thumbnailUrl":"https:\/\/noticiaempauta.com\/portal\/wp-content\/uploads\/2025\/01\/Kx04saX0ze8gtO55AuTQTP2h9lVViFFQeVZYUO8i.webp","keywords":["destaqueprincipal"],"articleSection":["Destaques","Geral","Todas as Not\u00edcias"],"inLanguage":"pt-BR","potentialAction":[{"@type":"CommentAction","name":"Comment","target":["https:\/\/noticiaempauta.com\/portal\/carnaval-e-corso-de-teresina-sao-cancelados-por-falta-de-recursos\/#respond"]}]},{"@type":"WebPage","@id":"https:\/\/noticiaempauta.com\/portal\/carnaval-e-corso-de-teresina-sao-cancelados-por-falta-de-recursos\/","url":"https:\/\/noticiaempauta.com\/portal\/carnaval-e-corso-de-teresina-sao-cancelados-por-falta-de-recursos\/","name":"Carnaval e Corso de Teresina s\u00e3o cancelados por falta de recursos - Portal Not\u00edcia em Pauta","isPartOf":{"@id":"https:\/\/noticiaempauta.com\/portal\/#website"},"primaryImageOfPage":{"@id":"https:\/\/noticiaempauta.com\/portal\/carnaval-e-corso-de-teresina-sao-cancelados-por-falta-de-recursos\/#primaryimage"},"image":{"@id":"https:\/\/noticiaempauta.com\/portal\/carnaval-e-corso-de-teresina-sao-cancelados-por-falta-de-recursos\/#primaryimage"},"thumbnailUrl":"https:\/\/noticiaempauta.com\/portal\/wp-content\/uploads\/2025\/01\/Kx04saX0ze8gtO55AuTQTP2h9lVViFFQeVZYUO8i.webp","datePublished":"2025-01-08T12:27:18+00:00","dateModified":"2025-01-08T12:27:20+00:00","breadcrumb":{"@id":"https:\/\/noticiaempauta.com\/portal\/carnaval-e-corso-de-teresina-sao-cancelados-por-falta-de-recursos\/#breadcrumb"},"inLanguage":"pt-BR","potentialAction":[{"@type":"ReadAction","target":["https:\/\/noticiaempauta.com\/portal\/carnaval-e-corso-de-teresina-sao-cancelados-por-falta-de-recursos\/"]}]},{"@type":"ImageObject","inLanguage":"pt-BR","@id":"https:\/\/noticiaempauta.com\/portal\/carnaval-e-corso-de-teresina-sao-cancelados-por-falta-de-recursos\/#primaryimage","url":"https:\/\/noticiaempauta.com\/portal\/wp-content\/uploads\/2025\/01\/Kx04saX0ze8gtO55AuTQTP2h9lVViFFQeVZYUO8i.webp","contentUrl":"https:\/\/noticiaempauta.com\/portal\/wp-content\/uploads\/2025\/01\/Kx04saX0ze8gtO55AuTQTP2h9lVViFFQeVZYUO8i.webp","width":800,"height":533},{"@type":"BreadcrumbList","@id":"https:\/\/noticiaempauta.com\/portal\/carnaval-e-corso-de-teresina-sao-cancelados-por-falta-de-recursos\/#breadcrumb","itemListElement":[{"@type":"ListItem","position":1,"name":"P\u00e1gina Inicial","item":"https:\/\/noticiaempauta.com\/portal\/"},{"@type":"ListItem","position":2,"name":"Destaques","item":"https:\/\/noticiaempauta.com\/portal\/destaques-site\/"},{"@type":"ListItem","position":3,"name":"Carnaval e Corso de Teresina s\u00e3o cancelados por falta de recursos"}]},{"@type":"WebSite","@id":"https:\/\/noticiaempauta.com\/portal\/#website","url":"https:\/\/noticiaempauta.com\/portal\/","name":"Portal Not\u00edcia em Pauta","description":"Voc\u00ea bem informado","publisher":{"@id":"https:\/\/noticiaempauta.com\/portal\/#organization"},"potentialAction":[{"@type":"SearchAction","target":{"@type":"EntryPoint","urlTemplate":"https:\/\/noticiaempauta.com\/portal\/?s={search_term_string}"},"query-input":{"@type":"PropertyValueSpecification","valueRequired":true,"valueName":"search_term_string"}}],"inLanguage":"pt-BR"},{"@type":"Organization","@id":"https:\/\/noticiaempauta.com\/portal\/#organization","name":"Portal Not\u00edcia em Pauta","url":"https:\/\/noticiaempauta.com\/portal\/","logo":{"@type":"ImageObject","inLanguage":"pt-BR","@id":"https:\/\/noticiaempauta.com\/portal\/#\/schema\/logo\/image\/","url":"https:\/\/noticiaempauta.com\/portal\/wp-content\/uploads\/2022\/08\/logomarca_tema.fw_.png","contentUrl":"https:\/\/noticiaempauta.com\/portal\/wp-content\/uploads\/2022\/08\/logomarca_tema.fw_.png","width":400,"height":232,"caption":"Portal Not\u00edcia em Pauta"},"image":{"@id":"https:\/\/noticiaempauta.com\/portal\/#\/schema\/logo\/image\/"},"sameAs":["https:\/\/www.facebook.com\/Portal-Notcia-Em-Pauta-102292869264820\/","https:\/\/www.instagram.com\/portalnoticiaempauta\/"]},{"@type":"Person","@id":"https:\/\/noticiaempauta.com\/portal\/#\/schema\/person\/a74af43dd1ab3deca45f988c717d57ac","name":"Reda\u00e7\u00e3o","image":{"@type":"ImageObject","inLanguage":"pt-BR","@id":"https:\/\/noticiaempauta.com\/portal\/#\/schema\/person\/image\/","url":"https:\/\/secure.gravatar.com\/avatar\/03179346ecce6cdfc13361603e8f54242a90e5cde8618fa23c5c00aa2b0aadf3?s=96&d=mm&r=g","contentUrl":"https:\/\/secure.gravatar.com\/avatar\/03179346ecce6cdfc13361603e8f54242a90e5cde8618fa23c5c00aa2b0aadf3?s=96&d=mm&r=g","caption":"Reda\u00e7\u00e3o"},"sameAs":["https:\/\/noticiaempauta.com\/portal\/"],"url":"https:\/\/noticiaempauta.com\/portal\/author\/fernando\/"}]}},"_links":{"self":[{"href":"https:\/\/noticiaempauta.com\/portal\/wp-json\/wp\/v2\/posts\/266322","targetHints":{"allow":["GET"]}}],"collection":[{"href":"https:\/\/noticiaempauta.com\/portal\/wp-json\/wp\/v2\/posts"}],"about":[{"href":"https:\/\/noticiaempauta.com\/portal\/wp-json\/wp\/v2\/types\/post"}],"author":[{"embeddable":true,"href":"https:\/\/noticiaempauta.com\/portal\/wp-json\/wp\/v2\/users\/2"}],"replies":[{"embeddable":true,"href":"https:\/\/noticiaempauta.com\/portal\/wp-json\/wp\/v2\/comments?post=266322"}],"version-history":[{"count":2,"href":"https:\/\/noticiaempauta.com\/portal\/wp-json\/wp\/v2\/posts\/266322\/revisions"}],"predecessor-version":[{"id":266325,"href":"https:\/\/noticiaempauta.com\/portal\/wp-json\/wp\/v2\/posts\/266322\/revisions\/266325"}],"wp:featuredmedia":[{"embeddable":true,"href":"https:\/\/noticiaempauta.com\/portal\/wp-json\/wp\/v2\/media\/266323"}],"wp:attachment":[{"href":"https:\/\/noticiaempauta.com\/portal\/wp-json\/wp\/v2\/media?parent=266322"}],"wp:term":[{"taxonomy":"category","embeddable":true,"href":"https:\/\/noticiaempauta.com\/portal\/wp-json\/wp\/v2\/categories?post=266322"},{"taxonomy":"post_tag","embeddable":true,"href":"https:\/\/noticiaempauta.com\/portal\/wp-json\/wp\/v2\/tags?post=266322"}],"curies":[{"name":"wp","href":"https:\/\/api.w.org\/{rel}","templated":true}]}}