{"id":266333,"date":"2025-01-08T10:49:05","date_gmt":"2025-01-08T13:49:05","guid":{"rendered":"https:\/\/noticiaempauta.com\/portal\/?p=266333"},"modified":"2025-01-08T10:49:06","modified_gmt":"2025-01-08T13:49:06","slug":"prf-apreende-mercadorias-sem-nota-fiscal-durante-fiscalizacao-em-valenca","status":"publish","type":"post","link":"https:\/\/noticiaempauta.com\/portal\/prf-apreende-mercadorias-sem-nota-fiscal-durante-fiscalizacao-em-valenca\/","title":{"rendered":"PRF apreende mercadorias sem nota fiscal durante fiscaliza\u00e7\u00e3o em Valen\u00e7a"},"content":{"rendered":"\n<p>Na manh\u00e3 de ter\u00e7a-feira (07\/01), a Pol\u00edcia Rodovi\u00e1ria Federal (PRF) durante fiscaliza\u00e7\u00e3o de rotina no km 207 da BR 316, no munic\u00edpio de Valen\u00e7a, a 216 km de Teresina, abordou um ve\u00edculo que transportava mercadorias sem a devida nota fiscal, caracterizando o crime de transporte de mercadoria nacional sem nota fiscal.<\/p>\n\n\n\n<figure class=\"wp-block-image size-full\"><img fetchpriority=\"high\" decoding=\"async\" width=\"768\" height=\"576\" src=\"https:\/\/noticiaempauta.com\/portal\/wp-content\/uploads\/2025\/01\/7cbba8f9-2481-406d-8c2b-b6612e97ef14.jpeg\" alt=\"\" class=\"wp-image-266334\" srcset=\"https:\/\/noticiaempauta.com\/portal\/wp-content\/uploads\/2025\/01\/7cbba8f9-2481-406d-8c2b-b6612e97ef14.jpeg 768w, https:\/\/noticiaempauta.com\/portal\/wp-content\/uploads\/2025\/01\/7cbba8f9-2481-406d-8c2b-b6612e97ef14-300x225.jpeg 300w\" sizes=\"(max-width: 768px) 100vw, 768px\" \/><figcaption class=\"wp-element-caption\"><em>(Foto: Reprodu\u00e7\u00e3o\/ PRF)<\/em><\/figcaption><\/figure>\n\n\n\n<p>De acordo com a PRF, os agentes abordaram um ve\u00edculo I\/Toyota Hilux, ocupado pelo motorista e um passageiro. Durante a inspe\u00e7\u00e3o, constataram que o ve\u00edculo estava carregado com in\u00fameras pe\u00e7as de cal\u00e7ados e vestu\u00e1rios, tanto no interior quanto na carroceria. Questionados sobre a documenta\u00e7\u00e3o fiscal, os ocupantes admitiram que n\u00e3o possu\u00edam nota fiscal para os produtos.<\/p>\n\n\n\n<p>Al\u00e9m disso, em consulta ao sistema PRF, foi constatado que um dos envolvidos j\u00e1 havia sido enquadrado pela mesma infra\u00e7\u00e3o em 2022. Sobre a origem das mercadorias, os suspeitos informaram que estavam transportando cal\u00e7ados de Crato, no Cear\u00e1, para distribui\u00e7\u00e3o em v\u00e1rias cidades, com destino final em Santa In\u00eas, no Maranh\u00e3o, e proximidades.<\/p>\n\n\n\n<p>A apreens\u00e3o totalizou cerca de 1.458 pares de cal\u00e7ados, incluindo chinelos, sapatos e sand\u00e1lias. Tamb\u00e9m foram apreendidas 976 pe\u00e7as de roupas variadas, como camisas, bermudas, cuecas, shorts e calcinhas, e 2 bolsas femininas.<\/p>\n\n\n\n<p>Diante dos fatos, foi constatada, preliminarmente, a pr\u00e1tica do crime de transporte de mercadoria nacional sem nota fiscal. A Secretaria da Fazenda do Piau\u00ed (SEFAZ-PI) foi acionada para realizar os procedimentos cab\u00edveis.<\/p>\n\n\n\n<p>Fonte: OitoMeia<\/p>\n","protected":false},"excerpt":{"rendered":"<p>Na manh\u00e3 de ter\u00e7a-feira (07\/01), a Pol\u00edcia Rodovi\u00e1ria Federal (PRF) durante fiscaliza\u00e7\u00e3o de rotina no km 207 da BR 316, no munic\u00edpio de Valen\u00e7a, a 216 km de Teresina, abordou um ve\u00edculo que transportava mercadorias sem a devida nota fiscal, caracterizando o crime de transporte de mercadoria nacional sem nota fiscal. De acordo com a [&hellip;]<\/p>\n","protected":false},"author":2,"featured_media":266334,"comment_status":"open","ping_status":"open","sticky":false,"template":"","format":"standard","meta":{"_mi_skip_tracking":false,"footnotes":""},"categories":[25,1,9,137,16],"tags":[192],"class_list":["post-266333","post","type-post","status-publish","format-standard","has-post-thumbnail","hentry","category-destaques-site","category-geral","category-municipios","category-policia","category-todas","tag-destaqueprincipal"],"acf":[],"yoast_head":"<!-- This site is optimized with the Yoast SEO Premium plugin v19.2 (Yoast SEO v26.9) - https:\/\/yoast.com\/product\/yoast-seo-premium-wordpress\/ -->\n<title>PRF apreende mercadorias sem nota fiscal durante fiscaliza\u00e7\u00e3o em Valen\u00e7a - Portal Not\u00edcia em Pauta<\/title>\n<meta name=\"robots\" content=\"index, follow, max-snippet:-1, max-image-preview:large, max-video-preview:-1\" \/>\n<link rel=\"canonical\" href=\"https:\/\/noticiaempauta.com\/portal\/prf-apreende-mercadorias-sem-nota-fiscal-durante-fiscalizacao-em-valenca\/\" \/>\n<meta property=\"og:locale\" content=\"pt_BR\" \/>\n<meta property=\"og:type\" content=\"article\" \/>\n<meta property=\"og:title\" content=\"PRF apreende mercadorias sem nota fiscal durante fiscaliza\u00e7\u00e3o em Valen\u00e7a\" \/>\n<meta property=\"og:description\" content=\"Na manh\u00e3 de ter\u00e7a-feira (07\/01), a Pol\u00edcia Rodovi\u00e1ria Federal (PRF) durante fiscaliza\u00e7\u00e3o de rotina no km 207 da BR 316, no munic\u00edpio de Valen\u00e7a, a 216 km de Teresina, abordou um ve\u00edculo que transportava mercadorias sem a devida nota fiscal, caracterizando o crime de transporte de mercadoria nacional sem nota fiscal. De acordo com a [&hellip;]\" \/>\n<meta property=\"og:url\" content=\"https:\/\/noticiaempauta.com\/portal\/prf-apreende-mercadorias-sem-nota-fiscal-durante-fiscalizacao-em-valenca\/\" \/>\n<meta property=\"og:site_name\" content=\"Portal Not\u00edcia em Pauta\" \/>\n<meta property=\"article:publisher\" content=\"https:\/\/www.facebook.com\/Portal-Notcia-Em-Pauta-102292869264820\/\" \/>\n<meta property=\"article:published_time\" content=\"2025-01-08T13:49:05+00:00\" \/>\n<meta property=\"article:modified_time\" content=\"2025-01-08T13:49:06+00:00\" \/>\n<meta property=\"og:image\" content=\"https:\/\/noticiaempauta.com\/portal\/wp-content\/uploads\/2025\/01\/7cbba8f9-2481-406d-8c2b-b6612e97ef14.jpeg\" \/>\n\t<meta property=\"og:image:width\" content=\"768\" \/>\n\t<meta property=\"og:image:height\" content=\"576\" \/>\n\t<meta property=\"og:image:type\" content=\"image\/jpeg\" \/>\n<meta name=\"author\" content=\"Reda\u00e7\u00e3o\" \/>\n<meta name=\"twitter:card\" content=\"summary_large_image\" \/>\n<meta name=\"twitter:label1\" content=\"Escrito por\" \/>\n\t<meta name=\"twitter:data1\" content=\"Reda\u00e7\u00e3o\" \/>\n\t<meta name=\"twitter:label2\" content=\"Est. tempo de leitura\" \/>\n\t<meta name=\"twitter:data2\" content=\"2 minutos\" \/>\n<script type=\"application\/ld+json\" class=\"yoast-schema-graph\">{\"@context\":\"https:\/\/schema.org\",\"@graph\":[{\"@type\":\"Article\",\"@id\":\"https:\/\/noticiaempauta.com\/portal\/prf-apreende-mercadorias-sem-nota-fiscal-durante-fiscalizacao-em-valenca\/#article\",\"isPartOf\":{\"@id\":\"https:\/\/noticiaempauta.com\/portal\/prf-apreende-mercadorias-sem-nota-fiscal-durante-fiscalizacao-em-valenca\/\"},\"author\":{\"name\":\"Reda\u00e7\u00e3o\",\"@id\":\"https:\/\/noticiaempauta.com\/portal\/#\/schema\/person\/a74af43dd1ab3deca45f988c717d57ac\"},\"headline\":\"PRF apreende mercadorias sem nota fiscal durante fiscaliza\u00e7\u00e3o em Valen\u00e7a\",\"datePublished\":\"2025-01-08T13:49:05+00:00\",\"dateModified\":\"2025-01-08T13:49:06+00:00\",\"mainEntityOfPage\":{\"@id\":\"https:\/\/noticiaempauta.com\/portal\/prf-apreende-mercadorias-sem-nota-fiscal-durante-fiscalizacao-em-valenca\/\"},\"wordCount\":267,\"commentCount\":0,\"publisher\":{\"@id\":\"https:\/\/noticiaempauta.com\/portal\/#organization\"},\"image\":{\"@id\":\"https:\/\/noticiaempauta.com\/portal\/prf-apreende-mercadorias-sem-nota-fiscal-durante-fiscalizacao-em-valenca\/#primaryimage\"},\"thumbnailUrl\":\"https:\/\/noticiaempauta.com\/portal\/wp-content\/uploads\/2025\/01\/7cbba8f9-2481-406d-8c2b-b6612e97ef14.jpeg\",\"keywords\":[\"destaqueprincipal\"],\"articleSection\":[\"Destaques\",\"Geral\",\"Munic\u00edpios\",\"Pol\u00edcia\",\"Todas as Not\u00edcias\"],\"inLanguage\":\"pt-BR\",\"potentialAction\":[{\"@type\":\"CommentAction\",\"name\":\"Comment\",\"target\":[\"https:\/\/noticiaempauta.com\/portal\/prf-apreende-mercadorias-sem-nota-fiscal-durante-fiscalizacao-em-valenca\/#respond\"]}]},{\"@type\":\"WebPage\",\"@id\":\"https:\/\/noticiaempauta.com\/portal\/prf-apreende-mercadorias-sem-nota-fiscal-durante-fiscalizacao-em-valenca\/\",\"url\":\"https:\/\/noticiaempauta.com\/portal\/prf-apreende-mercadorias-sem-nota-fiscal-durante-fiscalizacao-em-valenca\/\",\"name\":\"PRF apreende mercadorias sem nota fiscal durante fiscaliza\u00e7\u00e3o em Valen\u00e7a - Portal Not\u00edcia em Pauta\",\"isPartOf\":{\"@id\":\"https:\/\/noticiaempauta.com\/portal\/#website\"},\"primaryImageOfPage\":{\"@id\":\"https:\/\/noticiaempauta.com\/portal\/prf-apreende-mercadorias-sem-nota-fiscal-durante-fiscalizacao-em-valenca\/#primaryimage\"},\"image\":{\"@id\":\"https:\/\/noticiaempauta.com\/portal\/prf-apreende-mercadorias-sem-nota-fiscal-durante-fiscalizacao-em-valenca\/#primaryimage\"},\"thumbnailUrl\":\"https:\/\/noticiaempauta.com\/portal\/wp-content\/uploads\/2025\/01\/7cbba8f9-2481-406d-8c2b-b6612e97ef14.jpeg\",\"datePublished\":\"2025-01-08T13:49:05+00:00\",\"dateModified\":\"2025-01-08T13:49:06+00:00\",\"breadcrumb\":{\"@id\":\"https:\/\/noticiaempauta.com\/portal\/prf-apreende-mercadorias-sem-nota-fiscal-durante-fiscalizacao-em-valenca\/#breadcrumb\"},\"inLanguage\":\"pt-BR\",\"potentialAction\":[{\"@type\":\"ReadAction\",\"target\":[\"https:\/\/noticiaempauta.com\/portal\/prf-apreende-mercadorias-sem-nota-fiscal-durante-fiscalizacao-em-valenca\/\"]}]},{\"@type\":\"ImageObject\",\"inLanguage\":\"pt-BR\",\"@id\":\"https:\/\/noticiaempauta.com\/portal\/prf-apreende-mercadorias-sem-nota-fiscal-durante-fiscalizacao-em-valenca\/#primaryimage\",\"url\":\"https:\/\/noticiaempauta.com\/portal\/wp-content\/uploads\/2025\/01\/7cbba8f9-2481-406d-8c2b-b6612e97ef14.jpeg\",\"contentUrl\":\"https:\/\/noticiaempauta.com\/portal\/wp-content\/uploads\/2025\/01\/7cbba8f9-2481-406d-8c2b-b6612e97ef14.jpeg\",\"width\":768,\"height\":576},{\"@type\":\"BreadcrumbList\",\"@id\":\"https:\/\/noticiaempauta.com\/portal\/prf-apreende-mercadorias-sem-nota-fiscal-durante-fiscalizacao-em-valenca\/#breadcrumb\",\"itemListElement\":[{\"@type\":\"ListItem\",\"position\":1,\"name\":\"P\u00e1gina Inicial\",\"item\":\"https:\/\/noticiaempauta.com\/portal\/\"},{\"@type\":\"ListItem\",\"position\":2,\"name\":\"Destaques\",\"item\":\"https:\/\/noticiaempauta.com\/portal\/destaques-site\/\"},{\"@type\":\"ListItem\",\"position\":3,\"name\":\"PRF apreende mercadorias sem nota fiscal durante fiscaliza\u00e7\u00e3o em Valen\u00e7a\"}]},{\"@type\":\"WebSite\",\"@id\":\"https:\/\/noticiaempauta.com\/portal\/#website\",\"url\":\"https:\/\/noticiaempauta.com\/portal\/\",\"name\":\"Portal Not\u00edcia em Pauta\",\"description\":\"Voc\u00ea bem informado\",\"publisher\":{\"@id\":\"https:\/\/noticiaempauta.com\/portal\/#organization\"},\"potentialAction\":[{\"@type\":\"SearchAction\",\"target\":{\"@type\":\"EntryPoint\",\"urlTemplate\":\"https:\/\/noticiaempauta.com\/portal\/?s={search_term_string}\"},\"query-input\":{\"@type\":\"PropertyValueSpecification\",\"valueRequired\":true,\"valueName\":\"search_term_string\"}}],\"inLanguage\":\"pt-BR\"},{\"@type\":\"Organization\",\"@id\":\"https:\/\/noticiaempauta.com\/portal\/#organization\",\"name\":\"Portal Not\u00edcia em Pauta\",\"url\":\"https:\/\/noticiaempauta.com\/portal\/\",\"logo\":{\"@type\":\"ImageObject\",\"inLanguage\":\"pt-BR\",\"@id\":\"https:\/\/noticiaempauta.com\/portal\/#\/schema\/logo\/image\/\",\"url\":\"https:\/\/noticiaempauta.com\/portal\/wp-content\/uploads\/2022\/08\/logomarca_tema.fw_.png\",\"contentUrl\":\"https:\/\/noticiaempauta.com\/portal\/wp-content\/uploads\/2022\/08\/logomarca_tema.fw_.png\",\"width\":400,\"height\":232,\"caption\":\"Portal Not\u00edcia em Pauta\"},\"image\":{\"@id\":\"https:\/\/noticiaempauta.com\/portal\/#\/schema\/logo\/image\/\"},\"sameAs\":[\"https:\/\/www.facebook.com\/Portal-Notcia-Em-Pauta-102292869264820\/\",\"https:\/\/www.instagram.com\/portalnoticiaempauta\/\"]},{\"@type\":\"Person\",\"@id\":\"https:\/\/noticiaempauta.com\/portal\/#\/schema\/person\/a74af43dd1ab3deca45f988c717d57ac\",\"name\":\"Reda\u00e7\u00e3o\",\"image\":{\"@type\":\"ImageObject\",\"inLanguage\":\"pt-BR\",\"@id\":\"https:\/\/noticiaempauta.com\/portal\/#\/schema\/person\/image\/\",\"url\":\"https:\/\/secure.gravatar.com\/avatar\/03179346ecce6cdfc13361603e8f54242a90e5cde8618fa23c5c00aa2b0aadf3?s=96&d=mm&r=g\",\"contentUrl\":\"https:\/\/secure.gravatar.com\/avatar\/03179346ecce6cdfc13361603e8f54242a90e5cde8618fa23c5c00aa2b0aadf3?s=96&d=mm&r=g\",\"caption\":\"Reda\u00e7\u00e3o\"},\"sameAs\":[\"https:\/\/noticiaempauta.com\/portal\/\"],\"url\":\"https:\/\/noticiaempauta.com\/portal\/author\/fernando\/\"}]}<\/script>\n<!-- \/ Yoast SEO Premium plugin. -->","yoast_head_json":{"title":"PRF apreende mercadorias sem nota fiscal durante fiscaliza\u00e7\u00e3o em Valen\u00e7a - Portal Not\u00edcia em Pauta","robots":{"index":"index","follow":"follow","max-snippet":"max-snippet:-1","max-image-preview":"max-image-preview:large","max-video-preview":"max-video-preview:-1"},"canonical":"https:\/\/noticiaempauta.com\/portal\/prf-apreende-mercadorias-sem-nota-fiscal-durante-fiscalizacao-em-valenca\/","og_locale":"pt_BR","og_type":"article","og_title":"PRF apreende mercadorias sem nota fiscal durante fiscaliza\u00e7\u00e3o em Valen\u00e7a","og_description":"Na manh\u00e3 de ter\u00e7a-feira (07\/01), a Pol\u00edcia Rodovi\u00e1ria Federal (PRF) durante fiscaliza\u00e7\u00e3o de rotina no km 207 da BR 316, no munic\u00edpio de Valen\u00e7a, a 216 km de Teresina, abordou um ve\u00edculo que transportava mercadorias sem a devida nota fiscal, caracterizando o crime de transporte de mercadoria nacional sem nota fiscal. De acordo com a [&hellip;]","og_url":"https:\/\/noticiaempauta.com\/portal\/prf-apreende-mercadorias-sem-nota-fiscal-durante-fiscalizacao-em-valenca\/","og_site_name":"Portal Not\u00edcia em Pauta","article_publisher":"https:\/\/www.facebook.com\/Portal-Notcia-Em-Pauta-102292869264820\/","article_published_time":"2025-01-08T13:49:05+00:00","article_modified_time":"2025-01-08T13:49:06+00:00","og_image":[{"width":768,"height":576,"url":"https:\/\/noticiaempauta.com\/portal\/wp-content\/uploads\/2025\/01\/7cbba8f9-2481-406d-8c2b-b6612e97ef14.jpeg","type":"image\/jpeg"}],"author":"Reda\u00e7\u00e3o","twitter_card":"summary_large_image","twitter_misc":{"Escrito por":"Reda\u00e7\u00e3o","Est. tempo de leitura":"2 minutos"},"schema":{"@context":"https:\/\/schema.org","@graph":[{"@type":"Article","@id":"https:\/\/noticiaempauta.com\/portal\/prf-apreende-mercadorias-sem-nota-fiscal-durante-fiscalizacao-em-valenca\/#article","isPartOf":{"@id":"https:\/\/noticiaempauta.com\/portal\/prf-apreende-mercadorias-sem-nota-fiscal-durante-fiscalizacao-em-valenca\/"},"author":{"name":"Reda\u00e7\u00e3o","@id":"https:\/\/noticiaempauta.com\/portal\/#\/schema\/person\/a74af43dd1ab3deca45f988c717d57ac"},"headline":"PRF apreende mercadorias sem nota fiscal durante fiscaliza\u00e7\u00e3o em Valen\u00e7a","datePublished":"2025-01-08T13:49:05+00:00","dateModified":"2025-01-08T13:49:06+00:00","mainEntityOfPage":{"@id":"https:\/\/noticiaempauta.com\/portal\/prf-apreende-mercadorias-sem-nota-fiscal-durante-fiscalizacao-em-valenca\/"},"wordCount":267,"commentCount":0,"publisher":{"@id":"https:\/\/noticiaempauta.com\/portal\/#organization"},"image":{"@id":"https:\/\/noticiaempauta.com\/portal\/prf-apreende-mercadorias-sem-nota-fiscal-durante-fiscalizacao-em-valenca\/#primaryimage"},"thumbnailUrl":"https:\/\/noticiaempauta.com\/portal\/wp-content\/uploads\/2025\/01\/7cbba8f9-2481-406d-8c2b-b6612e97ef14.jpeg","keywords":["destaqueprincipal"],"articleSection":["Destaques","Geral","Munic\u00edpios","Pol\u00edcia","Todas as Not\u00edcias"],"inLanguage":"pt-BR","potentialAction":[{"@type":"CommentAction","name":"Comment","target":["https:\/\/noticiaempauta.com\/portal\/prf-apreende-mercadorias-sem-nota-fiscal-durante-fiscalizacao-em-valenca\/#respond"]}]},{"@type":"WebPage","@id":"https:\/\/noticiaempauta.com\/portal\/prf-apreende-mercadorias-sem-nota-fiscal-durante-fiscalizacao-em-valenca\/","url":"https:\/\/noticiaempauta.com\/portal\/prf-apreende-mercadorias-sem-nota-fiscal-durante-fiscalizacao-em-valenca\/","name":"PRF apreende mercadorias sem nota fiscal durante fiscaliza\u00e7\u00e3o em Valen\u00e7a - Portal Not\u00edcia em Pauta","isPartOf":{"@id":"https:\/\/noticiaempauta.com\/portal\/#website"},"primaryImageOfPage":{"@id":"https:\/\/noticiaempauta.com\/portal\/prf-apreende-mercadorias-sem-nota-fiscal-durante-fiscalizacao-em-valenca\/#primaryimage"},"image":{"@id":"https:\/\/noticiaempauta.com\/portal\/prf-apreende-mercadorias-sem-nota-fiscal-durante-fiscalizacao-em-valenca\/#primaryimage"},"thumbnailUrl":"https:\/\/noticiaempauta.com\/portal\/wp-content\/uploads\/2025\/01\/7cbba8f9-2481-406d-8c2b-b6612e97ef14.jpeg","datePublished":"2025-01-08T13:49:05+00:00","dateModified":"2025-01-08T13:49:06+00:00","breadcrumb":{"@id":"https:\/\/noticiaempauta.com\/portal\/prf-apreende-mercadorias-sem-nota-fiscal-durante-fiscalizacao-em-valenca\/#breadcrumb"},"inLanguage":"pt-BR","potentialAction":[{"@type":"ReadAction","target":["https:\/\/noticiaempauta.com\/portal\/prf-apreende-mercadorias-sem-nota-fiscal-durante-fiscalizacao-em-valenca\/"]}]},{"@type":"ImageObject","inLanguage":"pt-BR","@id":"https:\/\/noticiaempauta.com\/portal\/prf-apreende-mercadorias-sem-nota-fiscal-durante-fiscalizacao-em-valenca\/#primaryimage","url":"https:\/\/noticiaempauta.com\/portal\/wp-content\/uploads\/2025\/01\/7cbba8f9-2481-406d-8c2b-b6612e97ef14.jpeg","contentUrl":"https:\/\/noticiaempauta.com\/portal\/wp-content\/uploads\/2025\/01\/7cbba8f9-2481-406d-8c2b-b6612e97ef14.jpeg","width":768,"height":576},{"@type":"BreadcrumbList","@id":"https:\/\/noticiaempauta.com\/portal\/prf-apreende-mercadorias-sem-nota-fiscal-durante-fiscalizacao-em-valenca\/#breadcrumb","itemListElement":[{"@type":"ListItem","position":1,"name":"P\u00e1gina Inicial","item":"https:\/\/noticiaempauta.com\/portal\/"},{"@type":"ListItem","position":2,"name":"Destaques","item":"https:\/\/noticiaempauta.com\/portal\/destaques-site\/"},{"@type":"ListItem","position":3,"name":"PRF apreende mercadorias sem nota fiscal durante fiscaliza\u00e7\u00e3o em Valen\u00e7a"}]},{"@type":"WebSite","@id":"https:\/\/noticiaempauta.com\/portal\/#website","url":"https:\/\/noticiaempauta.com\/portal\/","name":"Portal Not\u00edcia em Pauta","description":"Voc\u00ea bem informado","publisher":{"@id":"https:\/\/noticiaempauta.com\/portal\/#organization"},"potentialAction":[{"@type":"SearchAction","target":{"@type":"EntryPoint","urlTemplate":"https:\/\/noticiaempauta.com\/portal\/?s={search_term_string}"},"query-input":{"@type":"PropertyValueSpecification","valueRequired":true,"valueName":"search_term_string"}}],"inLanguage":"pt-BR"},{"@type":"Organization","@id":"https:\/\/noticiaempauta.com\/portal\/#organization","name":"Portal Not\u00edcia em Pauta","url":"https:\/\/noticiaempauta.com\/portal\/","logo":{"@type":"ImageObject","inLanguage":"pt-BR","@id":"https:\/\/noticiaempauta.com\/portal\/#\/schema\/logo\/image\/","url":"https:\/\/noticiaempauta.com\/portal\/wp-content\/uploads\/2022\/08\/logomarca_tema.fw_.png","contentUrl":"https:\/\/noticiaempauta.com\/portal\/wp-content\/uploads\/2022\/08\/logomarca_tema.fw_.png","width":400,"height":232,"caption":"Portal Not\u00edcia em Pauta"},"image":{"@id":"https:\/\/noticiaempauta.com\/portal\/#\/schema\/logo\/image\/"},"sameAs":["https:\/\/www.facebook.com\/Portal-Notcia-Em-Pauta-102292869264820\/","https:\/\/www.instagram.com\/portalnoticiaempauta\/"]},{"@type":"Person","@id":"https:\/\/noticiaempauta.com\/portal\/#\/schema\/person\/a74af43dd1ab3deca45f988c717d57ac","name":"Reda\u00e7\u00e3o","image":{"@type":"ImageObject","inLanguage":"pt-BR","@id":"https:\/\/noticiaempauta.com\/portal\/#\/schema\/person\/image\/","url":"https:\/\/secure.gravatar.com\/avatar\/03179346ecce6cdfc13361603e8f54242a90e5cde8618fa23c5c00aa2b0aadf3?s=96&d=mm&r=g","contentUrl":"https:\/\/secure.gravatar.com\/avatar\/03179346ecce6cdfc13361603e8f54242a90e5cde8618fa23c5c00aa2b0aadf3?s=96&d=mm&r=g","caption":"Reda\u00e7\u00e3o"},"sameAs":["https:\/\/noticiaempauta.com\/portal\/"],"url":"https:\/\/noticiaempauta.com\/portal\/author\/fernando\/"}]}},"_links":{"self":[{"href":"https:\/\/noticiaempauta.com\/portal\/wp-json\/wp\/v2\/posts\/266333","targetHints":{"allow":["GET"]}}],"collection":[{"href":"https:\/\/noticiaempauta.com\/portal\/wp-json\/wp\/v2\/posts"}],"about":[{"href":"https:\/\/noticiaempauta.com\/portal\/wp-json\/wp\/v2\/types\/post"}],"author":[{"embeddable":true,"href":"https:\/\/noticiaempauta.com\/portal\/wp-json\/wp\/v2\/users\/2"}],"replies":[{"embeddable":true,"href":"https:\/\/noticiaempauta.com\/portal\/wp-json\/wp\/v2\/comments?post=266333"}],"version-history":[{"count":2,"href":"https:\/\/noticiaempauta.com\/portal\/wp-json\/wp\/v2\/posts\/266333\/revisions"}],"predecessor-version":[{"id":266336,"href":"https:\/\/noticiaempauta.com\/portal\/wp-json\/wp\/v2\/posts\/266333\/revisions\/266336"}],"wp:featuredmedia":[{"embeddable":true,"href":"https:\/\/noticiaempauta.com\/portal\/wp-json\/wp\/v2\/media\/266334"}],"wp:attachment":[{"href":"https:\/\/noticiaempauta.com\/portal\/wp-json\/wp\/v2\/media?parent=266333"}],"wp:term":[{"taxonomy":"category","embeddable":true,"href":"https:\/\/noticiaempauta.com\/portal\/wp-json\/wp\/v2\/categories?post=266333"},{"taxonomy":"post_tag","embeddable":true,"href":"https:\/\/noticiaempauta.com\/portal\/wp-json\/wp\/v2\/tags?post=266333"}],"curies":[{"name":"wp","href":"https:\/\/api.w.org\/{rel}","templated":true}]}}