{"id":266339,"date":"2025-01-08T14:33:30","date_gmt":"2025-01-08T17:33:30","guid":{"rendered":"https:\/\/noticiaempauta.com\/portal\/?p=266339"},"modified":"2025-01-08T14:33:33","modified_gmt":"2025-01-08T17:33:33","slug":"em-visita-ao-crea-pi-prefeito-pablo-santos-solicita-vistoria-tecnica-em-pontes-da-cidade-de-picos","status":"publish","type":"post","link":"https:\/\/noticiaempauta.com\/portal\/em-visita-ao-crea-pi-prefeito-pablo-santos-solicita-vistoria-tecnica-em-pontes-da-cidade-de-picos\/","title":{"rendered":"Em visita ao CREA-PI prefeito Pablo Santos solicita vistoria t\u00e9cnica em pontes da cidade de Picos"},"content":{"rendered":"\n<p>Na manh\u00e3 desta quarta-feira (08), o prefeito de Picos, Dr. Pablo Santos (MDB), esteve na sede do CREA\/ PI (Conselho Regional de Engenharia e Agronomia do Piau\u00ed), em Teresina, oportunidade que se reuniu com o presidente da entidade, H\u00e9rcules Medeiros.<\/p>\n\n\n\n<figure class=\"wp-block-image size-full\"><img fetchpriority=\"high\" decoding=\"async\" width=\"640\" height=\"401\" src=\"https:\/\/noticiaempauta.com\/portal\/wp-content\/uploads\/2025\/01\/IMG_8916.jpeg\" alt=\"\" class=\"wp-image-266340\" srcset=\"https:\/\/noticiaempauta.com\/portal\/wp-content\/uploads\/2025\/01\/IMG_8916.jpeg 640w, https:\/\/noticiaempauta.com\/portal\/wp-content\/uploads\/2025\/01\/IMG_8916-300x188.jpeg 300w\" sizes=\"(max-width: 640px) 100vw, 640px\" \/><\/figure>\n\n\n\n<p>O objetivo da reuni\u00e3o, que tamb\u00e9m teve a participa\u00e7\u00e3o do Assessor T\u00e9cnico do CREA, Jo\u00e3o da Luz, e do vereador&nbsp;picoense,&nbsp;Chaguinha&nbsp;(PSB), foi solicitar do \u00f3rg\u00e3o fiscalizador uma avalia\u00e7\u00e3o t\u00e9cnica na estrutura das pontes existentes no munic\u00edpio.<\/p>\n\n\n\n<figure class=\"wp-block-image size-full\"><img decoding=\"async\" width=\"640\" height=\"360\" src=\"https:\/\/noticiaempauta.com\/portal\/wp-content\/uploads\/2025\/01\/IMG_8917.jpeg\" alt=\"\" class=\"wp-image-266341\" srcset=\"https:\/\/noticiaempauta.com\/portal\/wp-content\/uploads\/2025\/01\/IMG_8917.jpeg 640w, https:\/\/noticiaempauta.com\/portal\/wp-content\/uploads\/2025\/01\/IMG_8917-300x169.jpeg 300w\" sizes=\"(max-width: 640px) 100vw, 640px\" \/><\/figure>\n\n\n\n<p>A solicita\u00e7\u00e3o da Prefeitura por uma avalia\u00e7\u00e3o nessas estruturas se deu ap\u00f3s a circula\u00e7\u00e3o, nas redes sociais, de um v\u00eddeo antigo onde, devido a eros\u00e3o\u00a0do leito do Rio Guaribas, as estacas da funda\u00e7\u00e3o, da Ponte\u00a0da Rua Marcos Parente,\u00a0que liga o Centro ao Bairro Boa Sorte,\u00a0aparecem expostas.<\/p>\n\n\n\n<figure class=\"wp-block-image size-full\"><img decoding=\"async\" width=\"640\" height=\"360\" src=\"https:\/\/noticiaempauta.com\/portal\/wp-content\/uploads\/2025\/01\/IMG_8918.jpeg\" alt=\"\" class=\"wp-image-266342\" srcset=\"https:\/\/noticiaempauta.com\/portal\/wp-content\/uploads\/2025\/01\/IMG_8918.jpeg 640w, https:\/\/noticiaempauta.com\/portal\/wp-content\/uploads\/2025\/01\/IMG_8918-300x169.jpeg 300w\" sizes=\"(max-width: 640px) 100vw, 640px\" \/><\/figure>\n\n\n\n<p>Atualmente, por conta da eros\u00e3o e do baixo n\u00edvel do Rio Guaribas, as estacas continuam expostas, mas vale lembrar que essa situa\u00e7\u00e3o j\u00e1 havia sido verificada\u00a0tamb\u00e9m\u00a0em 2020 e naquela oportunidade uma equipe do DER\/ PI (Departamento de Estradas e Rodovias do Piau\u00ed),fez uma vistoria e atestou que n\u00e3o era necess\u00e1ria uma interven\u00e7\u00e3o, somente um monitoramento da situa\u00e7\u00e3o.<\/p>\n\n\n\n<figure class=\"wp-block-image size-full\"><img loading=\"lazy\" decoding=\"async\" width=\"640\" height=\"360\" src=\"https:\/\/noticiaempauta.com\/portal\/wp-content\/uploads\/2025\/01\/IMG_8919.jpeg\" alt=\"\" class=\"wp-image-266343\" srcset=\"https:\/\/noticiaempauta.com\/portal\/wp-content\/uploads\/2025\/01\/IMG_8919.jpeg 640w, https:\/\/noticiaempauta.com\/portal\/wp-content\/uploads\/2025\/01\/IMG_8919-300x169.jpeg 300w\" sizes=\"(max-width: 640px) 100vw, 640px\" \/><\/figure>\n\n\n\n<p>A ponte&nbsp;da Rua Marcos Parente&nbsp;liga os Bairros Centro e Boa Sorte e tem um fluxo muito grande tanto de&nbsp;motocicletas, autom\u00f3veis e at\u00e9 de&nbsp;ve\u00edculos de carga.<\/p>\n\n\n\n<p>Com essa&nbsp;solicita\u00e7\u00e3o de uma&nbsp;fiscaliza\u00e7\u00e3o a Prefeitura de Picos quer que o CREA determine os efeitos da eros\u00e3o, nas estacas de funda\u00e7\u00e3o da ponte, para que assim seja poss\u00edvel apurar informa\u00e7\u00f5es e dados da real situa\u00e7\u00e3o da estrutura<a><\/a>e a partir da\u00ed ser feita uma an\u00e1lise mais abrangente.&nbsp;<\/p>\n\n\n\n<p>Al\u00e9m da ponte em quest\u00e3o, Picos tem outras tr\u00eas pontes sobre o Rio Guaribas: Mestre Raimundo Duarte (que tamb\u00e9m liga o Centro ao Bairro Boa Sorte), da Passagem das Pedras (que liga o Centro ao Bairro Passagem das Pedras) e da BR 316 (que liga o Centro&nbsp;\u00e0&nbsp;Zona&nbsp;Leste).<\/p>\n\n\n\n<p>CCOM\/PMP<\/p>\n","protected":false},"excerpt":{"rendered":"<p>Na manh\u00e3 desta quarta-feira (08), o prefeito de Picos, Dr. Pablo Santos (MDB), esteve na sede do CREA\/ PI (Conselho Regional de Engenharia e Agronomia do Piau\u00ed), em Teresina, oportunidade que se reuniu com o presidente da entidade, H\u00e9rcules Medeiros. O objetivo da reuni\u00e3o, que tamb\u00e9m teve a participa\u00e7\u00e3o do Assessor T\u00e9cnico do CREA, Jo\u00e3o [&hellip;]<\/p>\n","protected":false},"author":2,"featured_media":266340,"comment_status":"open","ping_status":"open","sticky":false,"template":"","format":"standard","meta":{"_mi_skip_tracking":false,"footnotes":""},"categories":[25,1,16],"tags":[],"class_list":["post-266339","post","type-post","status-publish","format-standard","has-post-thumbnail","hentry","category-destaques-site","category-geral","category-todas"],"acf":[],"yoast_head":"<!-- This site is optimized with the Yoast SEO Premium plugin v19.2 (Yoast SEO v26.9) - https:\/\/yoast.com\/product\/yoast-seo-premium-wordpress\/ -->\n<title>Em visita ao CREA-PI prefeito Pablo Santos solicita vistoria t\u00e9cnica em pontes da cidade de Picos - Portal Not\u00edcia em Pauta<\/title>\n<meta name=\"robots\" content=\"index, follow, max-snippet:-1, max-image-preview:large, max-video-preview:-1\" \/>\n<link rel=\"canonical\" href=\"https:\/\/noticiaempauta.com\/portal\/em-visita-ao-crea-pi-prefeito-pablo-santos-solicita-vistoria-tecnica-em-pontes-da-cidade-de-picos\/\" \/>\n<meta property=\"og:locale\" content=\"pt_BR\" \/>\n<meta property=\"og:type\" content=\"article\" \/>\n<meta property=\"og:title\" content=\"Em visita ao CREA-PI prefeito Pablo Santos solicita vistoria t\u00e9cnica em pontes da cidade de Picos\" \/>\n<meta property=\"og:description\" content=\"Na manh\u00e3 desta quarta-feira (08), o prefeito de Picos, Dr. Pablo Santos (MDB), esteve na sede do CREA\/ PI (Conselho Regional de Engenharia e Agronomia do Piau\u00ed), em Teresina, oportunidade que se reuniu com o presidente da entidade, H\u00e9rcules Medeiros. O objetivo da reuni\u00e3o, que tamb\u00e9m teve a participa\u00e7\u00e3o do Assessor T\u00e9cnico do CREA, Jo\u00e3o [&hellip;]\" \/>\n<meta property=\"og:url\" content=\"https:\/\/noticiaempauta.com\/portal\/em-visita-ao-crea-pi-prefeito-pablo-santos-solicita-vistoria-tecnica-em-pontes-da-cidade-de-picos\/\" \/>\n<meta property=\"og:site_name\" content=\"Portal Not\u00edcia em Pauta\" \/>\n<meta property=\"article:publisher\" content=\"https:\/\/www.facebook.com\/Portal-Notcia-Em-Pauta-102292869264820\/\" \/>\n<meta property=\"article:published_time\" content=\"2025-01-08T17:33:30+00:00\" \/>\n<meta property=\"article:modified_time\" content=\"2025-01-08T17:33:33+00:00\" \/>\n<meta property=\"og:image\" content=\"https:\/\/noticiaempauta.com\/portal\/wp-content\/uploads\/2025\/01\/IMG_8916.jpeg\" \/>\n\t<meta property=\"og:image:width\" content=\"640\" \/>\n\t<meta property=\"og:image:height\" content=\"401\" \/>\n\t<meta property=\"og:image:type\" content=\"image\/jpeg\" \/>\n<meta name=\"author\" content=\"Reda\u00e7\u00e3o\" \/>\n<meta name=\"twitter:card\" content=\"summary_large_image\" \/>\n<meta name=\"twitter:label1\" content=\"Escrito por\" \/>\n\t<meta name=\"twitter:data1\" content=\"Reda\u00e7\u00e3o\" \/>\n\t<meta name=\"twitter:label2\" content=\"Est. tempo de leitura\" \/>\n\t<meta name=\"twitter:data2\" content=\"3 minutos\" \/>\n<script type=\"application\/ld+json\" class=\"yoast-schema-graph\">{\"@context\":\"https:\/\/schema.org\",\"@graph\":[{\"@type\":\"Article\",\"@id\":\"https:\/\/noticiaempauta.com\/portal\/em-visita-ao-crea-pi-prefeito-pablo-santos-solicita-vistoria-tecnica-em-pontes-da-cidade-de-picos\/#article\",\"isPartOf\":{\"@id\":\"https:\/\/noticiaempauta.com\/portal\/em-visita-ao-crea-pi-prefeito-pablo-santos-solicita-vistoria-tecnica-em-pontes-da-cidade-de-picos\/\"},\"author\":{\"name\":\"Reda\u00e7\u00e3o\",\"@id\":\"https:\/\/noticiaempauta.com\/portal\/#\/schema\/person\/a74af43dd1ab3deca45f988c717d57ac\"},\"headline\":\"Em visita ao CREA-PI prefeito Pablo Santos solicita vistoria t\u00e9cnica em pontes da cidade de Picos\",\"datePublished\":\"2025-01-08T17:33:30+00:00\",\"dateModified\":\"2025-01-08T17:33:33+00:00\",\"mainEntityOfPage\":{\"@id\":\"https:\/\/noticiaempauta.com\/portal\/em-visita-ao-crea-pi-prefeito-pablo-santos-solicita-vistoria-tecnica-em-pontes-da-cidade-de-picos\/\"},\"wordCount\":383,\"commentCount\":0,\"publisher\":{\"@id\":\"https:\/\/noticiaempauta.com\/portal\/#organization\"},\"image\":{\"@id\":\"https:\/\/noticiaempauta.com\/portal\/em-visita-ao-crea-pi-prefeito-pablo-santos-solicita-vistoria-tecnica-em-pontes-da-cidade-de-picos\/#primaryimage\"},\"thumbnailUrl\":\"https:\/\/noticiaempauta.com\/portal\/wp-content\/uploads\/2025\/01\/IMG_8916.jpeg\",\"articleSection\":[\"Destaques\",\"Geral\",\"Todas as Not\u00edcias\"],\"inLanguage\":\"pt-BR\",\"potentialAction\":[{\"@type\":\"CommentAction\",\"name\":\"Comment\",\"target\":[\"https:\/\/noticiaempauta.com\/portal\/em-visita-ao-crea-pi-prefeito-pablo-santos-solicita-vistoria-tecnica-em-pontes-da-cidade-de-picos\/#respond\"]}]},{\"@type\":\"WebPage\",\"@id\":\"https:\/\/noticiaempauta.com\/portal\/em-visita-ao-crea-pi-prefeito-pablo-santos-solicita-vistoria-tecnica-em-pontes-da-cidade-de-picos\/\",\"url\":\"https:\/\/noticiaempauta.com\/portal\/em-visita-ao-crea-pi-prefeito-pablo-santos-solicita-vistoria-tecnica-em-pontes-da-cidade-de-picos\/\",\"name\":\"Em visita ao CREA-PI prefeito Pablo Santos solicita vistoria t\u00e9cnica em pontes da cidade de Picos - Portal Not\u00edcia em Pauta\",\"isPartOf\":{\"@id\":\"https:\/\/noticiaempauta.com\/portal\/#website\"},\"primaryImageOfPage\":{\"@id\":\"https:\/\/noticiaempauta.com\/portal\/em-visita-ao-crea-pi-prefeito-pablo-santos-solicita-vistoria-tecnica-em-pontes-da-cidade-de-picos\/#primaryimage\"},\"image\":{\"@id\":\"https:\/\/noticiaempauta.com\/portal\/em-visita-ao-crea-pi-prefeito-pablo-santos-solicita-vistoria-tecnica-em-pontes-da-cidade-de-picos\/#primaryimage\"},\"thumbnailUrl\":\"https:\/\/noticiaempauta.com\/portal\/wp-content\/uploads\/2025\/01\/IMG_8916.jpeg\",\"datePublished\":\"2025-01-08T17:33:30+00:00\",\"dateModified\":\"2025-01-08T17:33:33+00:00\",\"breadcrumb\":{\"@id\":\"https:\/\/noticiaempauta.com\/portal\/em-visita-ao-crea-pi-prefeito-pablo-santos-solicita-vistoria-tecnica-em-pontes-da-cidade-de-picos\/#breadcrumb\"},\"inLanguage\":\"pt-BR\",\"potentialAction\":[{\"@type\":\"ReadAction\",\"target\":[\"https:\/\/noticiaempauta.com\/portal\/em-visita-ao-crea-pi-prefeito-pablo-santos-solicita-vistoria-tecnica-em-pontes-da-cidade-de-picos\/\"]}]},{\"@type\":\"ImageObject\",\"inLanguage\":\"pt-BR\",\"@id\":\"https:\/\/noticiaempauta.com\/portal\/em-visita-ao-crea-pi-prefeito-pablo-santos-solicita-vistoria-tecnica-em-pontes-da-cidade-de-picos\/#primaryimage\",\"url\":\"https:\/\/noticiaempauta.com\/portal\/wp-content\/uploads\/2025\/01\/IMG_8916.jpeg\",\"contentUrl\":\"https:\/\/noticiaempauta.com\/portal\/wp-content\/uploads\/2025\/01\/IMG_8916.jpeg\",\"width\":640,\"height\":401},{\"@type\":\"BreadcrumbList\",\"@id\":\"https:\/\/noticiaempauta.com\/portal\/em-visita-ao-crea-pi-prefeito-pablo-santos-solicita-vistoria-tecnica-em-pontes-da-cidade-de-picos\/#breadcrumb\",\"itemListElement\":[{\"@type\":\"ListItem\",\"position\":1,\"name\":\"P\u00e1gina Inicial\",\"item\":\"https:\/\/noticiaempauta.com\/portal\/\"},{\"@type\":\"ListItem\",\"position\":2,\"name\":\"Destaques\",\"item\":\"https:\/\/noticiaempauta.com\/portal\/destaques-site\/\"},{\"@type\":\"ListItem\",\"position\":3,\"name\":\"Em visita ao CREA-PI prefeito Pablo Santos solicita vistoria t\u00e9cnica em pontes da cidade de Picos\"}]},{\"@type\":\"WebSite\",\"@id\":\"https:\/\/noticiaempauta.com\/portal\/#website\",\"url\":\"https:\/\/noticiaempauta.com\/portal\/\",\"name\":\"Portal Not\u00edcia em Pauta\",\"description\":\"Voc\u00ea bem informado\",\"publisher\":{\"@id\":\"https:\/\/noticiaempauta.com\/portal\/#organization\"},\"potentialAction\":[{\"@type\":\"SearchAction\",\"target\":{\"@type\":\"EntryPoint\",\"urlTemplate\":\"https:\/\/noticiaempauta.com\/portal\/?s={search_term_string}\"},\"query-input\":{\"@type\":\"PropertyValueSpecification\",\"valueRequired\":true,\"valueName\":\"search_term_string\"}}],\"inLanguage\":\"pt-BR\"},{\"@type\":\"Organization\",\"@id\":\"https:\/\/noticiaempauta.com\/portal\/#organization\",\"name\":\"Portal Not\u00edcia em Pauta\",\"url\":\"https:\/\/noticiaempauta.com\/portal\/\",\"logo\":{\"@type\":\"ImageObject\",\"inLanguage\":\"pt-BR\",\"@id\":\"https:\/\/noticiaempauta.com\/portal\/#\/schema\/logo\/image\/\",\"url\":\"https:\/\/noticiaempauta.com\/portal\/wp-content\/uploads\/2022\/08\/logomarca_tema.fw_.png\",\"contentUrl\":\"https:\/\/noticiaempauta.com\/portal\/wp-content\/uploads\/2022\/08\/logomarca_tema.fw_.png\",\"width\":400,\"height\":232,\"caption\":\"Portal Not\u00edcia em Pauta\"},\"image\":{\"@id\":\"https:\/\/noticiaempauta.com\/portal\/#\/schema\/logo\/image\/\"},\"sameAs\":[\"https:\/\/www.facebook.com\/Portal-Notcia-Em-Pauta-102292869264820\/\",\"https:\/\/www.instagram.com\/portalnoticiaempauta\/\"]},{\"@type\":\"Person\",\"@id\":\"https:\/\/noticiaempauta.com\/portal\/#\/schema\/person\/a74af43dd1ab3deca45f988c717d57ac\",\"name\":\"Reda\u00e7\u00e3o\",\"image\":{\"@type\":\"ImageObject\",\"inLanguage\":\"pt-BR\",\"@id\":\"https:\/\/noticiaempauta.com\/portal\/#\/schema\/person\/image\/\",\"url\":\"https:\/\/secure.gravatar.com\/avatar\/03179346ecce6cdfc13361603e8f54242a90e5cde8618fa23c5c00aa2b0aadf3?s=96&d=mm&r=g\",\"contentUrl\":\"https:\/\/secure.gravatar.com\/avatar\/03179346ecce6cdfc13361603e8f54242a90e5cde8618fa23c5c00aa2b0aadf3?s=96&d=mm&r=g\",\"caption\":\"Reda\u00e7\u00e3o\"},\"sameAs\":[\"https:\/\/noticiaempauta.com\/portal\/\"],\"url\":\"https:\/\/noticiaempauta.com\/portal\/author\/fernando\/\"}]}<\/script>\n<!-- \/ Yoast SEO Premium plugin. -->","yoast_head_json":{"title":"Em visita ao CREA-PI prefeito Pablo Santos solicita vistoria t\u00e9cnica em pontes da cidade de Picos - Portal Not\u00edcia em Pauta","robots":{"index":"index","follow":"follow","max-snippet":"max-snippet:-1","max-image-preview":"max-image-preview:large","max-video-preview":"max-video-preview:-1"},"canonical":"https:\/\/noticiaempauta.com\/portal\/em-visita-ao-crea-pi-prefeito-pablo-santos-solicita-vistoria-tecnica-em-pontes-da-cidade-de-picos\/","og_locale":"pt_BR","og_type":"article","og_title":"Em visita ao CREA-PI prefeito Pablo Santos solicita vistoria t\u00e9cnica em pontes da cidade de Picos","og_description":"Na manh\u00e3 desta quarta-feira (08), o prefeito de Picos, Dr. Pablo Santos (MDB), esteve na sede do CREA\/ PI (Conselho Regional de Engenharia e Agronomia do Piau\u00ed), em Teresina, oportunidade que se reuniu com o presidente da entidade, H\u00e9rcules Medeiros. O objetivo da reuni\u00e3o, que tamb\u00e9m teve a participa\u00e7\u00e3o do Assessor T\u00e9cnico do CREA, Jo\u00e3o [&hellip;]","og_url":"https:\/\/noticiaempauta.com\/portal\/em-visita-ao-crea-pi-prefeito-pablo-santos-solicita-vistoria-tecnica-em-pontes-da-cidade-de-picos\/","og_site_name":"Portal Not\u00edcia em Pauta","article_publisher":"https:\/\/www.facebook.com\/Portal-Notcia-Em-Pauta-102292869264820\/","article_published_time":"2025-01-08T17:33:30+00:00","article_modified_time":"2025-01-08T17:33:33+00:00","og_image":[{"width":640,"height":401,"url":"https:\/\/noticiaempauta.com\/portal\/wp-content\/uploads\/2025\/01\/IMG_8916.jpeg","type":"image\/jpeg"}],"author":"Reda\u00e7\u00e3o","twitter_card":"summary_large_image","twitter_misc":{"Escrito por":"Reda\u00e7\u00e3o","Est. tempo de leitura":"3 minutos"},"schema":{"@context":"https:\/\/schema.org","@graph":[{"@type":"Article","@id":"https:\/\/noticiaempauta.com\/portal\/em-visita-ao-crea-pi-prefeito-pablo-santos-solicita-vistoria-tecnica-em-pontes-da-cidade-de-picos\/#article","isPartOf":{"@id":"https:\/\/noticiaempauta.com\/portal\/em-visita-ao-crea-pi-prefeito-pablo-santos-solicita-vistoria-tecnica-em-pontes-da-cidade-de-picos\/"},"author":{"name":"Reda\u00e7\u00e3o","@id":"https:\/\/noticiaempauta.com\/portal\/#\/schema\/person\/a74af43dd1ab3deca45f988c717d57ac"},"headline":"Em visita ao CREA-PI prefeito Pablo Santos solicita vistoria t\u00e9cnica em pontes da cidade de Picos","datePublished":"2025-01-08T17:33:30+00:00","dateModified":"2025-01-08T17:33:33+00:00","mainEntityOfPage":{"@id":"https:\/\/noticiaempauta.com\/portal\/em-visita-ao-crea-pi-prefeito-pablo-santos-solicita-vistoria-tecnica-em-pontes-da-cidade-de-picos\/"},"wordCount":383,"commentCount":0,"publisher":{"@id":"https:\/\/noticiaempauta.com\/portal\/#organization"},"image":{"@id":"https:\/\/noticiaempauta.com\/portal\/em-visita-ao-crea-pi-prefeito-pablo-santos-solicita-vistoria-tecnica-em-pontes-da-cidade-de-picos\/#primaryimage"},"thumbnailUrl":"https:\/\/noticiaempauta.com\/portal\/wp-content\/uploads\/2025\/01\/IMG_8916.jpeg","articleSection":["Destaques","Geral","Todas as Not\u00edcias"],"inLanguage":"pt-BR","potentialAction":[{"@type":"CommentAction","name":"Comment","target":["https:\/\/noticiaempauta.com\/portal\/em-visita-ao-crea-pi-prefeito-pablo-santos-solicita-vistoria-tecnica-em-pontes-da-cidade-de-picos\/#respond"]}]},{"@type":"WebPage","@id":"https:\/\/noticiaempauta.com\/portal\/em-visita-ao-crea-pi-prefeito-pablo-santos-solicita-vistoria-tecnica-em-pontes-da-cidade-de-picos\/","url":"https:\/\/noticiaempauta.com\/portal\/em-visita-ao-crea-pi-prefeito-pablo-santos-solicita-vistoria-tecnica-em-pontes-da-cidade-de-picos\/","name":"Em visita ao CREA-PI prefeito Pablo Santos solicita vistoria t\u00e9cnica em pontes da cidade de Picos - Portal Not\u00edcia em Pauta","isPartOf":{"@id":"https:\/\/noticiaempauta.com\/portal\/#website"},"primaryImageOfPage":{"@id":"https:\/\/noticiaempauta.com\/portal\/em-visita-ao-crea-pi-prefeito-pablo-santos-solicita-vistoria-tecnica-em-pontes-da-cidade-de-picos\/#primaryimage"},"image":{"@id":"https:\/\/noticiaempauta.com\/portal\/em-visita-ao-crea-pi-prefeito-pablo-santos-solicita-vistoria-tecnica-em-pontes-da-cidade-de-picos\/#primaryimage"},"thumbnailUrl":"https:\/\/noticiaempauta.com\/portal\/wp-content\/uploads\/2025\/01\/IMG_8916.jpeg","datePublished":"2025-01-08T17:33:30+00:00","dateModified":"2025-01-08T17:33:33+00:00","breadcrumb":{"@id":"https:\/\/noticiaempauta.com\/portal\/em-visita-ao-crea-pi-prefeito-pablo-santos-solicita-vistoria-tecnica-em-pontes-da-cidade-de-picos\/#breadcrumb"},"inLanguage":"pt-BR","potentialAction":[{"@type":"ReadAction","target":["https:\/\/noticiaempauta.com\/portal\/em-visita-ao-crea-pi-prefeito-pablo-santos-solicita-vistoria-tecnica-em-pontes-da-cidade-de-picos\/"]}]},{"@type":"ImageObject","inLanguage":"pt-BR","@id":"https:\/\/noticiaempauta.com\/portal\/em-visita-ao-crea-pi-prefeito-pablo-santos-solicita-vistoria-tecnica-em-pontes-da-cidade-de-picos\/#primaryimage","url":"https:\/\/noticiaempauta.com\/portal\/wp-content\/uploads\/2025\/01\/IMG_8916.jpeg","contentUrl":"https:\/\/noticiaempauta.com\/portal\/wp-content\/uploads\/2025\/01\/IMG_8916.jpeg","width":640,"height":401},{"@type":"BreadcrumbList","@id":"https:\/\/noticiaempauta.com\/portal\/em-visita-ao-crea-pi-prefeito-pablo-santos-solicita-vistoria-tecnica-em-pontes-da-cidade-de-picos\/#breadcrumb","itemListElement":[{"@type":"ListItem","position":1,"name":"P\u00e1gina Inicial","item":"https:\/\/noticiaempauta.com\/portal\/"},{"@type":"ListItem","position":2,"name":"Destaques","item":"https:\/\/noticiaempauta.com\/portal\/destaques-site\/"},{"@type":"ListItem","position":3,"name":"Em visita ao CREA-PI prefeito Pablo Santos solicita vistoria t\u00e9cnica em pontes da cidade de Picos"}]},{"@type":"WebSite","@id":"https:\/\/noticiaempauta.com\/portal\/#website","url":"https:\/\/noticiaempauta.com\/portal\/","name":"Portal Not\u00edcia em Pauta","description":"Voc\u00ea bem informado","publisher":{"@id":"https:\/\/noticiaempauta.com\/portal\/#organization"},"potentialAction":[{"@type":"SearchAction","target":{"@type":"EntryPoint","urlTemplate":"https:\/\/noticiaempauta.com\/portal\/?s={search_term_string}"},"query-input":{"@type":"PropertyValueSpecification","valueRequired":true,"valueName":"search_term_string"}}],"inLanguage":"pt-BR"},{"@type":"Organization","@id":"https:\/\/noticiaempauta.com\/portal\/#organization","name":"Portal Not\u00edcia em Pauta","url":"https:\/\/noticiaempauta.com\/portal\/","logo":{"@type":"ImageObject","inLanguage":"pt-BR","@id":"https:\/\/noticiaempauta.com\/portal\/#\/schema\/logo\/image\/","url":"https:\/\/noticiaempauta.com\/portal\/wp-content\/uploads\/2022\/08\/logomarca_tema.fw_.png","contentUrl":"https:\/\/noticiaempauta.com\/portal\/wp-content\/uploads\/2022\/08\/logomarca_tema.fw_.png","width":400,"height":232,"caption":"Portal Not\u00edcia em Pauta"},"image":{"@id":"https:\/\/noticiaempauta.com\/portal\/#\/schema\/logo\/image\/"},"sameAs":["https:\/\/www.facebook.com\/Portal-Notcia-Em-Pauta-102292869264820\/","https:\/\/www.instagram.com\/portalnoticiaempauta\/"]},{"@type":"Person","@id":"https:\/\/noticiaempauta.com\/portal\/#\/schema\/person\/a74af43dd1ab3deca45f988c717d57ac","name":"Reda\u00e7\u00e3o","image":{"@type":"ImageObject","inLanguage":"pt-BR","@id":"https:\/\/noticiaempauta.com\/portal\/#\/schema\/person\/image\/","url":"https:\/\/secure.gravatar.com\/avatar\/03179346ecce6cdfc13361603e8f54242a90e5cde8618fa23c5c00aa2b0aadf3?s=96&d=mm&r=g","contentUrl":"https:\/\/secure.gravatar.com\/avatar\/03179346ecce6cdfc13361603e8f54242a90e5cde8618fa23c5c00aa2b0aadf3?s=96&d=mm&r=g","caption":"Reda\u00e7\u00e3o"},"sameAs":["https:\/\/noticiaempauta.com\/portal\/"],"url":"https:\/\/noticiaempauta.com\/portal\/author\/fernando\/"}]}},"_links":{"self":[{"href":"https:\/\/noticiaempauta.com\/portal\/wp-json\/wp\/v2\/posts\/266339","targetHints":{"allow":["GET"]}}],"collection":[{"href":"https:\/\/noticiaempauta.com\/portal\/wp-json\/wp\/v2\/posts"}],"about":[{"href":"https:\/\/noticiaempauta.com\/portal\/wp-json\/wp\/v2\/types\/post"}],"author":[{"embeddable":true,"href":"https:\/\/noticiaempauta.com\/portal\/wp-json\/wp\/v2\/users\/2"}],"replies":[{"embeddable":true,"href":"https:\/\/noticiaempauta.com\/portal\/wp-json\/wp\/v2\/comments?post=266339"}],"version-history":[{"count":1,"href":"https:\/\/noticiaempauta.com\/portal\/wp-json\/wp\/v2\/posts\/266339\/revisions"}],"predecessor-version":[{"id":266344,"href":"https:\/\/noticiaempauta.com\/portal\/wp-json\/wp\/v2\/posts\/266339\/revisions\/266344"}],"wp:featuredmedia":[{"embeddable":true,"href":"https:\/\/noticiaempauta.com\/portal\/wp-json\/wp\/v2\/media\/266340"}],"wp:attachment":[{"href":"https:\/\/noticiaempauta.com\/portal\/wp-json\/wp\/v2\/media?parent=266339"}],"wp:term":[{"taxonomy":"category","embeddable":true,"href":"https:\/\/noticiaempauta.com\/portal\/wp-json\/wp\/v2\/categories?post=266339"},{"taxonomy":"post_tag","embeddable":true,"href":"https:\/\/noticiaempauta.com\/portal\/wp-json\/wp\/v2\/tags?post=266339"}],"curies":[{"name":"wp","href":"https:\/\/api.w.org\/{rel}","templated":true}]}}