{"id":266345,"date":"2025-01-08T16:33:07","date_gmt":"2025-01-08T19:33:07","guid":{"rendered":"https:\/\/noticiaempauta.com\/portal\/?p=266345"},"modified":"2025-01-09T15:53:44","modified_gmt":"2025-01-09T18:53:44","slug":"equipe-tecnica-do-der-pi-realiza-vistorias-em-pontes-de-picos","status":"publish","type":"post","link":"https:\/\/noticiaempauta.com\/portal\/equipe-tecnica-do-der-pi-realiza-vistorias-em-pontes-de-picos\/","title":{"rendered":"Equipe t\u00e9cnica do DER-PI realiza vistorias em pontes de Picos"},"content":{"rendered":"\n<p>Na tarde desta quarta-feira (08), uma equipe do Departamento de Estradas de Rodagem do Piau\u00ed (DER-PI), esteve em Picos, acompanhados do secret\u00e1rio de Obras, Marlon Bezerra, para realiza\u00e7\u00e3o de vistorias nas pontes dos bairros Boa Sorte e Passagem das Pedras.<\/p>\n\n\n\n<figure class=\"wp-block-image size-large\"><img fetchpriority=\"high\" decoding=\"async\" width=\"1024\" height=\"576\" src=\"https:\/\/noticiaempauta.com\/portal\/wp-content\/uploads\/2025\/01\/WhatsApp-Image-2025-01-08-at-16.06.02-1024x576.jpeg\" alt=\"\" class=\"wp-image-266347\" srcset=\"https:\/\/noticiaempauta.com\/portal\/wp-content\/uploads\/2025\/01\/WhatsApp-Image-2025-01-08-at-16.06.02-1024x576.jpeg 1024w, https:\/\/noticiaempauta.com\/portal\/wp-content\/uploads\/2025\/01\/WhatsApp-Image-2025-01-08-at-16.06.02-300x169.jpeg 300w, https:\/\/noticiaempauta.com\/portal\/wp-content\/uploads\/2025\/01\/WhatsApp-Image-2025-01-08-at-16.06.02-768x432.jpeg 768w, https:\/\/noticiaempauta.com\/portal\/wp-content\/uploads\/2025\/01\/WhatsApp-Image-2025-01-08-at-16.06.02-1536x864.jpeg 1536w, https:\/\/noticiaempauta.com\/portal\/wp-content\/uploads\/2025\/01\/WhatsApp-Image-2025-01-08-at-16.06.02.jpeg 1600w\" sizes=\"(max-width: 1024px) 100vw, 1024px\" \/><\/figure>\n\n\n\n<p>A vistoria foi um pedido da atual gest\u00e3o, tendo em vista a preocupa\u00e7\u00e3o dos usu\u00e1rios sobre a qualidade estrutural dos monumentos constru\u00eddos h\u00e1 mais de duas d\u00e9cadas.<\/p>\n\n\n\n<figure class=\"wp-block-image size-large\"><img decoding=\"async\" width=\"1024\" height=\"576\" src=\"https:\/\/noticiaempauta.com\/portal\/wp-content\/uploads\/2025\/01\/WhatsApp-Image-2025-01-08-at-16.06.07-1024x576.jpeg\" alt=\"\" class=\"wp-image-266348\" srcset=\"https:\/\/noticiaempauta.com\/portal\/wp-content\/uploads\/2025\/01\/WhatsApp-Image-2025-01-08-at-16.06.07-1024x576.jpeg 1024w, https:\/\/noticiaempauta.com\/portal\/wp-content\/uploads\/2025\/01\/WhatsApp-Image-2025-01-08-at-16.06.07-300x169.jpeg 300w, https:\/\/noticiaempauta.com\/portal\/wp-content\/uploads\/2025\/01\/WhatsApp-Image-2025-01-08-at-16.06.07-768x432.jpeg 768w, https:\/\/noticiaempauta.com\/portal\/wp-content\/uploads\/2025\/01\/WhatsApp-Image-2025-01-08-at-16.06.07-1536x864.jpeg 1536w, https:\/\/noticiaempauta.com\/portal\/wp-content\/uploads\/2025\/01\/WhatsApp-Image-2025-01-08-at-16.06.07.jpeg 1600w\" sizes=\"(max-width: 1024px) 100vw, 1024px\" \/><\/figure>\n\n\n\n<p>&#8220;Hoje visitamos duas pontes e, aparentemente, n\u00e3o h\u00e1 nenhum problema estrutural grave em nenhuma das duas. H\u00e1 alguns pontos que devem ser corrigidos, principalmente na parte da superf\u00edcie, que \u00e9 a pista de rolamento, mas q quem nada interfere no bom uso das pontes. Ambas est\u00e3o em bom estado&#8221;, explicou o engenheiro Auric\u00e9lio Lopes.<\/p>\n\n\n\n<figure class=\"wp-block-image size-large\"><img decoding=\"async\" width=\"1024\" height=\"576\" src=\"https:\/\/noticiaempauta.com\/portal\/wp-content\/uploads\/2025\/01\/WhatsApp-Image-2025-01-08-at-16.06.10-1024x576.jpeg\" alt=\"\" class=\"wp-image-266349\" srcset=\"https:\/\/noticiaempauta.com\/portal\/wp-content\/uploads\/2025\/01\/WhatsApp-Image-2025-01-08-at-16.06.10-1024x576.jpeg 1024w, https:\/\/noticiaempauta.com\/portal\/wp-content\/uploads\/2025\/01\/WhatsApp-Image-2025-01-08-at-16.06.10-300x169.jpeg 300w, https:\/\/noticiaempauta.com\/portal\/wp-content\/uploads\/2025\/01\/WhatsApp-Image-2025-01-08-at-16.06.10-768x432.jpeg 768w, https:\/\/noticiaempauta.com\/portal\/wp-content\/uploads\/2025\/01\/WhatsApp-Image-2025-01-08-at-16.06.10-1536x864.jpeg 1536w, https:\/\/noticiaempauta.com\/portal\/wp-content\/uploads\/2025\/01\/WhatsApp-Image-2025-01-08-at-16.06.10.jpeg 1600w\" sizes=\"(max-width: 1024px) 100vw, 1024px\" \/><\/figure>\n\n\n\n<p>A equipe realizou sobrevoo de drones para obten\u00e7\u00e3o de mais informa\u00e7\u00f5es da parte estrutural das pontes, an\u00e1lise e realiza\u00e7\u00e3o de relat\u00f3rios que ser\u00e3o repassados para o DER no prazo de 10 a 15 dias.<\/p>\n\n\n\n<figure class=\"wp-block-image size-large\"><img loading=\"lazy\" decoding=\"async\" width=\"1024\" height=\"576\" src=\"https:\/\/noticiaempauta.com\/portal\/wp-content\/uploads\/2025\/01\/WhatsApp-Image-2025-01-08-at-16.06.01-1024x576.jpeg\" alt=\"\" class=\"wp-image-266350\" srcset=\"https:\/\/noticiaempauta.com\/portal\/wp-content\/uploads\/2025\/01\/WhatsApp-Image-2025-01-08-at-16.06.01-1024x576.jpeg 1024w, https:\/\/noticiaempauta.com\/portal\/wp-content\/uploads\/2025\/01\/WhatsApp-Image-2025-01-08-at-16.06.01-300x169.jpeg 300w, https:\/\/noticiaempauta.com\/portal\/wp-content\/uploads\/2025\/01\/WhatsApp-Image-2025-01-08-at-16.06.01-768x432.jpeg 768w, https:\/\/noticiaempauta.com\/portal\/wp-content\/uploads\/2025\/01\/WhatsApp-Image-2025-01-08-at-16.06.01-1536x864.jpeg 1536w, https:\/\/noticiaempauta.com\/portal\/wp-content\/uploads\/2025\/01\/WhatsApp-Image-2025-01-08-at-16.06.01.jpeg 1600w\" sizes=\"(max-width: 1024px) 100vw, 1024px\" \/><\/figure>\n\n\n\n<p>&#8220;Acredito que a Prefeitura de Picos, juntamente com a Secretaria de Obras, far\u00e1 uma parceria com o Governo do Estado para que o que eles (DER) solicitarem de melhorias, a gente possa executar&#8221;, afirmou o secret\u00e1rio Marlon Bezerra.<\/p>\n\n\n\n<figure class=\"wp-block-image size-large\"><img loading=\"lazy\" decoding=\"async\" width=\"1024\" height=\"576\" src=\"https:\/\/noticiaempauta.com\/portal\/wp-content\/uploads\/2025\/01\/WhatsApp-Image-2025-01-08-at-16.27.09-1024x576.jpeg\" alt=\"\" class=\"wp-image-266346\" srcset=\"https:\/\/noticiaempauta.com\/portal\/wp-content\/uploads\/2025\/01\/WhatsApp-Image-2025-01-08-at-16.27.09-1024x576.jpeg 1024w, https:\/\/noticiaempauta.com\/portal\/wp-content\/uploads\/2025\/01\/WhatsApp-Image-2025-01-08-at-16.27.09-300x169.jpeg 300w, https:\/\/noticiaempauta.com\/portal\/wp-content\/uploads\/2025\/01\/WhatsApp-Image-2025-01-08-at-16.27.09-768x432.jpeg 768w, https:\/\/noticiaempauta.com\/portal\/wp-content\/uploads\/2025\/01\/WhatsApp-Image-2025-01-08-at-16.27.09-1536x864.jpeg 1536w, https:\/\/noticiaempauta.com\/portal\/wp-content\/uploads\/2025\/01\/WhatsApp-Image-2025-01-08-at-16.27.09.jpeg 1600w\" sizes=\"(max-width: 1024px) 100vw, 1024px\" \/><\/figure>\n\n\n\n<figure class=\"wp-block-image size-large\"><img loading=\"lazy\" decoding=\"async\" width=\"1024\" height=\"576\" src=\"https:\/\/noticiaempauta.com\/portal\/wp-content\/uploads\/2025\/01\/WhatsApp-Image-2025-01-08-at-16.06.05-1024x576.jpeg\" alt=\"\" class=\"wp-image-266351\" srcset=\"https:\/\/noticiaempauta.com\/portal\/wp-content\/uploads\/2025\/01\/WhatsApp-Image-2025-01-08-at-16.06.05-1024x576.jpeg 1024w, https:\/\/noticiaempauta.com\/portal\/wp-content\/uploads\/2025\/01\/WhatsApp-Image-2025-01-08-at-16.06.05-300x169.jpeg 300w, https:\/\/noticiaempauta.com\/portal\/wp-content\/uploads\/2025\/01\/WhatsApp-Image-2025-01-08-at-16.06.05-768x432.jpeg 768w, https:\/\/noticiaempauta.com\/portal\/wp-content\/uploads\/2025\/01\/WhatsApp-Image-2025-01-08-at-16.06.05-1536x864.jpeg 1536w, https:\/\/noticiaempauta.com\/portal\/wp-content\/uploads\/2025\/01\/WhatsApp-Image-2025-01-08-at-16.06.05.jpeg 1600w\" sizes=\"(max-width: 1024px) 100vw, 1024px\" \/><\/figure>\n\n\n\n<figure class=\"wp-block-image size-large\"><img loading=\"lazy\" decoding=\"async\" width=\"1024\" height=\"576\" src=\"https:\/\/noticiaempauta.com\/portal\/wp-content\/uploads\/2025\/01\/WhatsApp-Image-2025-01-08-at-16.06.12-1024x576.jpeg\" alt=\"\" class=\"wp-image-266352\" srcset=\"https:\/\/noticiaempauta.com\/portal\/wp-content\/uploads\/2025\/01\/WhatsApp-Image-2025-01-08-at-16.06.12-1024x576.jpeg 1024w, https:\/\/noticiaempauta.com\/portal\/wp-content\/uploads\/2025\/01\/WhatsApp-Image-2025-01-08-at-16.06.12-300x169.jpeg 300w, https:\/\/noticiaempauta.com\/portal\/wp-content\/uploads\/2025\/01\/WhatsApp-Image-2025-01-08-at-16.06.12-768x432.jpeg 768w, https:\/\/noticiaempauta.com\/portal\/wp-content\/uploads\/2025\/01\/WhatsApp-Image-2025-01-08-at-16.06.12-1536x864.jpeg 1536w, https:\/\/noticiaempauta.com\/portal\/wp-content\/uploads\/2025\/01\/WhatsApp-Image-2025-01-08-at-16.06.12.jpeg 1600w\" sizes=\"(max-width: 1024px) 100vw, 1024px\" \/><\/figure>\n\n\n\n<figure class=\"wp-block-image size-large\"><img loading=\"lazy\" decoding=\"async\" width=\"1024\" height=\"576\" src=\"https:\/\/noticiaempauta.com\/portal\/wp-content\/uploads\/2025\/01\/WhatsApp-Image-2025-01-08-at-16.06.10-1-1024x576.jpeg\" alt=\"\" class=\"wp-image-266353\" srcset=\"https:\/\/noticiaempauta.com\/portal\/wp-content\/uploads\/2025\/01\/WhatsApp-Image-2025-01-08-at-16.06.10-1-1024x576.jpeg 1024w, https:\/\/noticiaempauta.com\/portal\/wp-content\/uploads\/2025\/01\/WhatsApp-Image-2025-01-08-at-16.06.10-1-300x169.jpeg 300w, https:\/\/noticiaempauta.com\/portal\/wp-content\/uploads\/2025\/01\/WhatsApp-Image-2025-01-08-at-16.06.10-1-768x432.jpeg 768w, https:\/\/noticiaempauta.com\/portal\/wp-content\/uploads\/2025\/01\/WhatsApp-Image-2025-01-08-at-16.06.10-1-1536x864.jpeg 1536w, https:\/\/noticiaempauta.com\/portal\/wp-content\/uploads\/2025\/01\/WhatsApp-Image-2025-01-08-at-16.06.10-1.jpeg 1600w\" sizes=\"(max-width: 1024px) 100vw, 1024px\" \/><\/figure>\n\n\n\n<figure class=\"wp-block-image size-large\"><img loading=\"lazy\" decoding=\"async\" width=\"1024\" height=\"576\" src=\"https:\/\/noticiaempauta.com\/portal\/wp-content\/uploads\/2025\/01\/WhatsApp-Image-2025-01-08-at-16.06.07-1-1024x576.jpeg\" alt=\"\" class=\"wp-image-266354\" srcset=\"https:\/\/noticiaempauta.com\/portal\/wp-content\/uploads\/2025\/01\/WhatsApp-Image-2025-01-08-at-16.06.07-1-1024x576.jpeg 1024w, https:\/\/noticiaempauta.com\/portal\/wp-content\/uploads\/2025\/01\/WhatsApp-Image-2025-01-08-at-16.06.07-1-300x169.jpeg 300w, https:\/\/noticiaempauta.com\/portal\/wp-content\/uploads\/2025\/01\/WhatsApp-Image-2025-01-08-at-16.06.07-1-768x432.jpeg 768w, https:\/\/noticiaempauta.com\/portal\/wp-content\/uploads\/2025\/01\/WhatsApp-Image-2025-01-08-at-16.06.07-1-1536x864.jpeg 1536w, https:\/\/noticiaempauta.com\/portal\/wp-content\/uploads\/2025\/01\/WhatsApp-Image-2025-01-08-at-16.06.07-1.jpeg 1600w\" sizes=\"(max-width: 1024px) 100vw, 1024px\" \/><\/figure>\n","protected":false},"excerpt":{"rendered":"<p>Na tarde desta quarta-feira (08), uma equipe do Departamento de Estradas de Rodagem do Piau\u00ed (DER-PI), esteve em Picos, acompanhados do secret\u00e1rio de Obras, Marlon Bezerra, para realiza\u00e7\u00e3o de vistorias nas pontes dos bairros Boa Sorte e Passagem das Pedras. A vistoria foi um pedido da atual gest\u00e3o, tendo em vista a preocupa\u00e7\u00e3o dos usu\u00e1rios [&hellip;]<\/p>\n","protected":false},"author":2,"featured_media":266346,"comment_status":"open","ping_status":"open","sticky":false,"template":"","format":"standard","meta":{"_mi_skip_tracking":false,"footnotes":""},"categories":[25,1,16],"tags":[],"class_list":["post-266345","post","type-post","status-publish","format-standard","has-post-thumbnail","hentry","category-destaques-site","category-geral","category-todas"],"acf":[],"yoast_head":"<!-- This site is optimized with the Yoast SEO Premium plugin v19.2 (Yoast SEO v26.9) - https:\/\/yoast.com\/product\/yoast-seo-premium-wordpress\/ -->\n<title>Equipe t\u00e9cnica do DER-PI realiza vistorias em pontes de Picos - Portal Not\u00edcia em Pauta<\/title>\n<meta name=\"robots\" content=\"index, follow, max-snippet:-1, max-image-preview:large, max-video-preview:-1\" \/>\n<link rel=\"canonical\" href=\"https:\/\/noticiaempauta.com\/portal\/equipe-tecnica-do-der-pi-realiza-vistorias-em-pontes-de-picos\/\" \/>\n<meta property=\"og:locale\" content=\"pt_BR\" \/>\n<meta property=\"og:type\" content=\"article\" \/>\n<meta property=\"og:title\" content=\"Equipe t\u00e9cnica do DER-PI realiza vistorias em pontes de Picos\" \/>\n<meta property=\"og:description\" content=\"Na tarde desta quarta-feira (08), uma equipe do Departamento de Estradas de Rodagem do Piau\u00ed (DER-PI), esteve em Picos, acompanhados do secret\u00e1rio de Obras, Marlon Bezerra, para realiza\u00e7\u00e3o de vistorias nas pontes dos bairros Boa Sorte e Passagem das Pedras. A vistoria foi um pedido da atual gest\u00e3o, tendo em vista a preocupa\u00e7\u00e3o dos usu\u00e1rios [&hellip;]\" \/>\n<meta property=\"og:url\" content=\"https:\/\/noticiaempauta.com\/portal\/equipe-tecnica-do-der-pi-realiza-vistorias-em-pontes-de-picos\/\" \/>\n<meta property=\"og:site_name\" content=\"Portal Not\u00edcia em Pauta\" \/>\n<meta property=\"article:publisher\" content=\"https:\/\/www.facebook.com\/Portal-Notcia-Em-Pauta-102292869264820\/\" \/>\n<meta property=\"article:published_time\" content=\"2025-01-08T19:33:07+00:00\" \/>\n<meta property=\"article:modified_time\" content=\"2025-01-09T18:53:44+00:00\" \/>\n<meta property=\"og:image\" content=\"https:\/\/noticiaempauta.com\/portal\/wp-content\/uploads\/2025\/01\/WhatsApp-Image-2025-01-08-at-16.27.09.jpeg\" \/>\n\t<meta property=\"og:image:width\" content=\"1600\" \/>\n\t<meta property=\"og:image:height\" content=\"900\" \/>\n\t<meta property=\"og:image:type\" content=\"image\/jpeg\" \/>\n<meta name=\"author\" content=\"Reda\u00e7\u00e3o\" \/>\n<meta name=\"twitter:card\" content=\"summary_large_image\" \/>\n<meta name=\"twitter:label1\" content=\"Escrito por\" \/>\n\t<meta name=\"twitter:data1\" content=\"Reda\u00e7\u00e3o\" \/>\n\t<meta name=\"twitter:label2\" content=\"Est. tempo de leitura\" \/>\n\t<meta name=\"twitter:data2\" content=\"4 minutos\" \/>\n<script type=\"application\/ld+json\" class=\"yoast-schema-graph\">{\"@context\":\"https:\/\/schema.org\",\"@graph\":[{\"@type\":\"Article\",\"@id\":\"https:\/\/noticiaempauta.com\/portal\/equipe-tecnica-do-der-pi-realiza-vistorias-em-pontes-de-picos\/#article\",\"isPartOf\":{\"@id\":\"https:\/\/noticiaempauta.com\/portal\/equipe-tecnica-do-der-pi-realiza-vistorias-em-pontes-de-picos\/\"},\"author\":{\"name\":\"Reda\u00e7\u00e3o\",\"@id\":\"https:\/\/noticiaempauta.com\/portal\/#\/schema\/person\/a74af43dd1ab3deca45f988c717d57ac\"},\"headline\":\"Equipe t\u00e9cnica do DER-PI realiza vistorias em pontes de Picos\",\"datePublished\":\"2025-01-08T19:33:07+00:00\",\"dateModified\":\"2025-01-09T18:53:44+00:00\",\"mainEntityOfPage\":{\"@id\":\"https:\/\/noticiaempauta.com\/portal\/equipe-tecnica-do-der-pi-realiza-vistorias-em-pontes-de-picos\/\"},\"wordCount\":218,\"commentCount\":0,\"publisher\":{\"@id\":\"https:\/\/noticiaempauta.com\/portal\/#organization\"},\"image\":{\"@id\":\"https:\/\/noticiaempauta.com\/portal\/equipe-tecnica-do-der-pi-realiza-vistorias-em-pontes-de-picos\/#primaryimage\"},\"thumbnailUrl\":\"https:\/\/noticiaempauta.com\/portal\/wp-content\/uploads\/2025\/01\/WhatsApp-Image-2025-01-08-at-16.27.09.jpeg\",\"articleSection\":[\"Destaques\",\"Geral\",\"Todas as Not\u00edcias\"],\"inLanguage\":\"pt-BR\",\"potentialAction\":[{\"@type\":\"CommentAction\",\"name\":\"Comment\",\"target\":[\"https:\/\/noticiaempauta.com\/portal\/equipe-tecnica-do-der-pi-realiza-vistorias-em-pontes-de-picos\/#respond\"]}]},{\"@type\":\"WebPage\",\"@id\":\"https:\/\/noticiaempauta.com\/portal\/equipe-tecnica-do-der-pi-realiza-vistorias-em-pontes-de-picos\/\",\"url\":\"https:\/\/noticiaempauta.com\/portal\/equipe-tecnica-do-der-pi-realiza-vistorias-em-pontes-de-picos\/\",\"name\":\"Equipe t\u00e9cnica do DER-PI realiza vistorias em pontes de Picos - Portal Not\u00edcia em Pauta\",\"isPartOf\":{\"@id\":\"https:\/\/noticiaempauta.com\/portal\/#website\"},\"primaryImageOfPage\":{\"@id\":\"https:\/\/noticiaempauta.com\/portal\/equipe-tecnica-do-der-pi-realiza-vistorias-em-pontes-de-picos\/#primaryimage\"},\"image\":{\"@id\":\"https:\/\/noticiaempauta.com\/portal\/equipe-tecnica-do-der-pi-realiza-vistorias-em-pontes-de-picos\/#primaryimage\"},\"thumbnailUrl\":\"https:\/\/noticiaempauta.com\/portal\/wp-content\/uploads\/2025\/01\/WhatsApp-Image-2025-01-08-at-16.27.09.jpeg\",\"datePublished\":\"2025-01-08T19:33:07+00:00\",\"dateModified\":\"2025-01-09T18:53:44+00:00\",\"breadcrumb\":{\"@id\":\"https:\/\/noticiaempauta.com\/portal\/equipe-tecnica-do-der-pi-realiza-vistorias-em-pontes-de-picos\/#breadcrumb\"},\"inLanguage\":\"pt-BR\",\"potentialAction\":[{\"@type\":\"ReadAction\",\"target\":[\"https:\/\/noticiaempauta.com\/portal\/equipe-tecnica-do-der-pi-realiza-vistorias-em-pontes-de-picos\/\"]}]},{\"@type\":\"ImageObject\",\"inLanguage\":\"pt-BR\",\"@id\":\"https:\/\/noticiaempauta.com\/portal\/equipe-tecnica-do-der-pi-realiza-vistorias-em-pontes-de-picos\/#primaryimage\",\"url\":\"https:\/\/noticiaempauta.com\/portal\/wp-content\/uploads\/2025\/01\/WhatsApp-Image-2025-01-08-at-16.27.09.jpeg\",\"contentUrl\":\"https:\/\/noticiaempauta.com\/portal\/wp-content\/uploads\/2025\/01\/WhatsApp-Image-2025-01-08-at-16.27.09.jpeg\",\"width\":1600,\"height\":900},{\"@type\":\"BreadcrumbList\",\"@id\":\"https:\/\/noticiaempauta.com\/portal\/equipe-tecnica-do-der-pi-realiza-vistorias-em-pontes-de-picos\/#breadcrumb\",\"itemListElement\":[{\"@type\":\"ListItem\",\"position\":1,\"name\":\"P\u00e1gina Inicial\",\"item\":\"https:\/\/noticiaempauta.com\/portal\/\"},{\"@type\":\"ListItem\",\"position\":2,\"name\":\"Destaques\",\"item\":\"https:\/\/noticiaempauta.com\/portal\/destaques-site\/\"},{\"@type\":\"ListItem\",\"position\":3,\"name\":\"Equipe t\u00e9cnica do DER-PI realiza vistorias em pontes de Picos\"}]},{\"@type\":\"WebSite\",\"@id\":\"https:\/\/noticiaempauta.com\/portal\/#website\",\"url\":\"https:\/\/noticiaempauta.com\/portal\/\",\"name\":\"Portal Not\u00edcia em Pauta\",\"description\":\"Voc\u00ea bem informado\",\"publisher\":{\"@id\":\"https:\/\/noticiaempauta.com\/portal\/#organization\"},\"potentialAction\":[{\"@type\":\"SearchAction\",\"target\":{\"@type\":\"EntryPoint\",\"urlTemplate\":\"https:\/\/noticiaempauta.com\/portal\/?s={search_term_string}\"},\"query-input\":{\"@type\":\"PropertyValueSpecification\",\"valueRequired\":true,\"valueName\":\"search_term_string\"}}],\"inLanguage\":\"pt-BR\"},{\"@type\":\"Organization\",\"@id\":\"https:\/\/noticiaempauta.com\/portal\/#organization\",\"name\":\"Portal Not\u00edcia em Pauta\",\"url\":\"https:\/\/noticiaempauta.com\/portal\/\",\"logo\":{\"@type\":\"ImageObject\",\"inLanguage\":\"pt-BR\",\"@id\":\"https:\/\/noticiaempauta.com\/portal\/#\/schema\/logo\/image\/\",\"url\":\"https:\/\/noticiaempauta.com\/portal\/wp-content\/uploads\/2022\/08\/logomarca_tema.fw_.png\",\"contentUrl\":\"https:\/\/noticiaempauta.com\/portal\/wp-content\/uploads\/2022\/08\/logomarca_tema.fw_.png\",\"width\":400,\"height\":232,\"caption\":\"Portal Not\u00edcia em Pauta\"},\"image\":{\"@id\":\"https:\/\/noticiaempauta.com\/portal\/#\/schema\/logo\/image\/\"},\"sameAs\":[\"https:\/\/www.facebook.com\/Portal-Notcia-Em-Pauta-102292869264820\/\",\"https:\/\/www.instagram.com\/portalnoticiaempauta\/\"]},{\"@type\":\"Person\",\"@id\":\"https:\/\/noticiaempauta.com\/portal\/#\/schema\/person\/a74af43dd1ab3deca45f988c717d57ac\",\"name\":\"Reda\u00e7\u00e3o\",\"image\":{\"@type\":\"ImageObject\",\"inLanguage\":\"pt-BR\",\"@id\":\"https:\/\/noticiaempauta.com\/portal\/#\/schema\/person\/image\/\",\"url\":\"https:\/\/secure.gravatar.com\/avatar\/03179346ecce6cdfc13361603e8f54242a90e5cde8618fa23c5c00aa2b0aadf3?s=96&d=mm&r=g\",\"contentUrl\":\"https:\/\/secure.gravatar.com\/avatar\/03179346ecce6cdfc13361603e8f54242a90e5cde8618fa23c5c00aa2b0aadf3?s=96&d=mm&r=g\",\"caption\":\"Reda\u00e7\u00e3o\"},\"sameAs\":[\"https:\/\/noticiaempauta.com\/portal\/\"],\"url\":\"https:\/\/noticiaempauta.com\/portal\/author\/fernando\/\"}]}<\/script>\n<!-- \/ Yoast SEO Premium plugin. -->","yoast_head_json":{"title":"Equipe t\u00e9cnica do DER-PI realiza vistorias em pontes de Picos - Portal Not\u00edcia em Pauta","robots":{"index":"index","follow":"follow","max-snippet":"max-snippet:-1","max-image-preview":"max-image-preview:large","max-video-preview":"max-video-preview:-1"},"canonical":"https:\/\/noticiaempauta.com\/portal\/equipe-tecnica-do-der-pi-realiza-vistorias-em-pontes-de-picos\/","og_locale":"pt_BR","og_type":"article","og_title":"Equipe t\u00e9cnica do DER-PI realiza vistorias em pontes de Picos","og_description":"Na tarde desta quarta-feira (08), uma equipe do Departamento de Estradas de Rodagem do Piau\u00ed (DER-PI), esteve em Picos, acompanhados do secret\u00e1rio de Obras, Marlon Bezerra, para realiza\u00e7\u00e3o de vistorias nas pontes dos bairros Boa Sorte e Passagem das Pedras. A vistoria foi um pedido da atual gest\u00e3o, tendo em vista a preocupa\u00e7\u00e3o dos usu\u00e1rios [&hellip;]","og_url":"https:\/\/noticiaempauta.com\/portal\/equipe-tecnica-do-der-pi-realiza-vistorias-em-pontes-de-picos\/","og_site_name":"Portal Not\u00edcia em Pauta","article_publisher":"https:\/\/www.facebook.com\/Portal-Notcia-Em-Pauta-102292869264820\/","article_published_time":"2025-01-08T19:33:07+00:00","article_modified_time":"2025-01-09T18:53:44+00:00","og_image":[{"width":1600,"height":900,"url":"https:\/\/noticiaempauta.com\/portal\/wp-content\/uploads\/2025\/01\/WhatsApp-Image-2025-01-08-at-16.27.09.jpeg","type":"image\/jpeg"}],"author":"Reda\u00e7\u00e3o","twitter_card":"summary_large_image","twitter_misc":{"Escrito por":"Reda\u00e7\u00e3o","Est. tempo de leitura":"4 minutos"},"schema":{"@context":"https:\/\/schema.org","@graph":[{"@type":"Article","@id":"https:\/\/noticiaempauta.com\/portal\/equipe-tecnica-do-der-pi-realiza-vistorias-em-pontes-de-picos\/#article","isPartOf":{"@id":"https:\/\/noticiaempauta.com\/portal\/equipe-tecnica-do-der-pi-realiza-vistorias-em-pontes-de-picos\/"},"author":{"name":"Reda\u00e7\u00e3o","@id":"https:\/\/noticiaempauta.com\/portal\/#\/schema\/person\/a74af43dd1ab3deca45f988c717d57ac"},"headline":"Equipe t\u00e9cnica do DER-PI realiza vistorias em pontes de Picos","datePublished":"2025-01-08T19:33:07+00:00","dateModified":"2025-01-09T18:53:44+00:00","mainEntityOfPage":{"@id":"https:\/\/noticiaempauta.com\/portal\/equipe-tecnica-do-der-pi-realiza-vistorias-em-pontes-de-picos\/"},"wordCount":218,"commentCount":0,"publisher":{"@id":"https:\/\/noticiaempauta.com\/portal\/#organization"},"image":{"@id":"https:\/\/noticiaempauta.com\/portal\/equipe-tecnica-do-der-pi-realiza-vistorias-em-pontes-de-picos\/#primaryimage"},"thumbnailUrl":"https:\/\/noticiaempauta.com\/portal\/wp-content\/uploads\/2025\/01\/WhatsApp-Image-2025-01-08-at-16.27.09.jpeg","articleSection":["Destaques","Geral","Todas as Not\u00edcias"],"inLanguage":"pt-BR","potentialAction":[{"@type":"CommentAction","name":"Comment","target":["https:\/\/noticiaempauta.com\/portal\/equipe-tecnica-do-der-pi-realiza-vistorias-em-pontes-de-picos\/#respond"]}]},{"@type":"WebPage","@id":"https:\/\/noticiaempauta.com\/portal\/equipe-tecnica-do-der-pi-realiza-vistorias-em-pontes-de-picos\/","url":"https:\/\/noticiaempauta.com\/portal\/equipe-tecnica-do-der-pi-realiza-vistorias-em-pontes-de-picos\/","name":"Equipe t\u00e9cnica do DER-PI realiza vistorias em pontes de Picos - Portal Not\u00edcia em Pauta","isPartOf":{"@id":"https:\/\/noticiaempauta.com\/portal\/#website"},"primaryImageOfPage":{"@id":"https:\/\/noticiaempauta.com\/portal\/equipe-tecnica-do-der-pi-realiza-vistorias-em-pontes-de-picos\/#primaryimage"},"image":{"@id":"https:\/\/noticiaempauta.com\/portal\/equipe-tecnica-do-der-pi-realiza-vistorias-em-pontes-de-picos\/#primaryimage"},"thumbnailUrl":"https:\/\/noticiaempauta.com\/portal\/wp-content\/uploads\/2025\/01\/WhatsApp-Image-2025-01-08-at-16.27.09.jpeg","datePublished":"2025-01-08T19:33:07+00:00","dateModified":"2025-01-09T18:53:44+00:00","breadcrumb":{"@id":"https:\/\/noticiaempauta.com\/portal\/equipe-tecnica-do-der-pi-realiza-vistorias-em-pontes-de-picos\/#breadcrumb"},"inLanguage":"pt-BR","potentialAction":[{"@type":"ReadAction","target":["https:\/\/noticiaempauta.com\/portal\/equipe-tecnica-do-der-pi-realiza-vistorias-em-pontes-de-picos\/"]}]},{"@type":"ImageObject","inLanguage":"pt-BR","@id":"https:\/\/noticiaempauta.com\/portal\/equipe-tecnica-do-der-pi-realiza-vistorias-em-pontes-de-picos\/#primaryimage","url":"https:\/\/noticiaempauta.com\/portal\/wp-content\/uploads\/2025\/01\/WhatsApp-Image-2025-01-08-at-16.27.09.jpeg","contentUrl":"https:\/\/noticiaempauta.com\/portal\/wp-content\/uploads\/2025\/01\/WhatsApp-Image-2025-01-08-at-16.27.09.jpeg","width":1600,"height":900},{"@type":"BreadcrumbList","@id":"https:\/\/noticiaempauta.com\/portal\/equipe-tecnica-do-der-pi-realiza-vistorias-em-pontes-de-picos\/#breadcrumb","itemListElement":[{"@type":"ListItem","position":1,"name":"P\u00e1gina Inicial","item":"https:\/\/noticiaempauta.com\/portal\/"},{"@type":"ListItem","position":2,"name":"Destaques","item":"https:\/\/noticiaempauta.com\/portal\/destaques-site\/"},{"@type":"ListItem","position":3,"name":"Equipe t\u00e9cnica do DER-PI realiza vistorias em pontes de Picos"}]},{"@type":"WebSite","@id":"https:\/\/noticiaempauta.com\/portal\/#website","url":"https:\/\/noticiaempauta.com\/portal\/","name":"Portal Not\u00edcia em Pauta","description":"Voc\u00ea bem informado","publisher":{"@id":"https:\/\/noticiaempauta.com\/portal\/#organization"},"potentialAction":[{"@type":"SearchAction","target":{"@type":"EntryPoint","urlTemplate":"https:\/\/noticiaempauta.com\/portal\/?s={search_term_string}"},"query-input":{"@type":"PropertyValueSpecification","valueRequired":true,"valueName":"search_term_string"}}],"inLanguage":"pt-BR"},{"@type":"Organization","@id":"https:\/\/noticiaempauta.com\/portal\/#organization","name":"Portal Not\u00edcia em Pauta","url":"https:\/\/noticiaempauta.com\/portal\/","logo":{"@type":"ImageObject","inLanguage":"pt-BR","@id":"https:\/\/noticiaempauta.com\/portal\/#\/schema\/logo\/image\/","url":"https:\/\/noticiaempauta.com\/portal\/wp-content\/uploads\/2022\/08\/logomarca_tema.fw_.png","contentUrl":"https:\/\/noticiaempauta.com\/portal\/wp-content\/uploads\/2022\/08\/logomarca_tema.fw_.png","width":400,"height":232,"caption":"Portal Not\u00edcia em Pauta"},"image":{"@id":"https:\/\/noticiaempauta.com\/portal\/#\/schema\/logo\/image\/"},"sameAs":["https:\/\/www.facebook.com\/Portal-Notcia-Em-Pauta-102292869264820\/","https:\/\/www.instagram.com\/portalnoticiaempauta\/"]},{"@type":"Person","@id":"https:\/\/noticiaempauta.com\/portal\/#\/schema\/person\/a74af43dd1ab3deca45f988c717d57ac","name":"Reda\u00e7\u00e3o","image":{"@type":"ImageObject","inLanguage":"pt-BR","@id":"https:\/\/noticiaempauta.com\/portal\/#\/schema\/person\/image\/","url":"https:\/\/secure.gravatar.com\/avatar\/03179346ecce6cdfc13361603e8f54242a90e5cde8618fa23c5c00aa2b0aadf3?s=96&d=mm&r=g","contentUrl":"https:\/\/secure.gravatar.com\/avatar\/03179346ecce6cdfc13361603e8f54242a90e5cde8618fa23c5c00aa2b0aadf3?s=96&d=mm&r=g","caption":"Reda\u00e7\u00e3o"},"sameAs":["https:\/\/noticiaempauta.com\/portal\/"],"url":"https:\/\/noticiaempauta.com\/portal\/author\/fernando\/"}]}},"_links":{"self":[{"href":"https:\/\/noticiaempauta.com\/portal\/wp-json\/wp\/v2\/posts\/266345","targetHints":{"allow":["GET"]}}],"collection":[{"href":"https:\/\/noticiaempauta.com\/portal\/wp-json\/wp\/v2\/posts"}],"about":[{"href":"https:\/\/noticiaempauta.com\/portal\/wp-json\/wp\/v2\/types\/post"}],"author":[{"embeddable":true,"href":"https:\/\/noticiaempauta.com\/portal\/wp-json\/wp\/v2\/users\/2"}],"replies":[{"embeddable":true,"href":"https:\/\/noticiaempauta.com\/portal\/wp-json\/wp\/v2\/comments?post=266345"}],"version-history":[{"count":6,"href":"https:\/\/noticiaempauta.com\/portal\/wp-json\/wp\/v2\/posts\/266345\/revisions"}],"predecessor-version":[{"id":266360,"href":"https:\/\/noticiaempauta.com\/portal\/wp-json\/wp\/v2\/posts\/266345\/revisions\/266360"}],"wp:featuredmedia":[{"embeddable":true,"href":"https:\/\/noticiaempauta.com\/portal\/wp-json\/wp\/v2\/media\/266346"}],"wp:attachment":[{"href":"https:\/\/noticiaempauta.com\/portal\/wp-json\/wp\/v2\/media?parent=266345"}],"wp:term":[{"taxonomy":"category","embeddable":true,"href":"https:\/\/noticiaempauta.com\/portal\/wp-json\/wp\/v2\/categories?post=266345"},{"taxonomy":"post_tag","embeddable":true,"href":"https:\/\/noticiaempauta.com\/portal\/wp-json\/wp\/v2\/tags?post=266345"}],"curies":[{"name":"wp","href":"https:\/\/api.w.org\/{rel}","templated":true}]}}