{"id":266434,"date":"2025-01-11T23:04:51","date_gmt":"2025-01-12T02:04:51","guid":{"rendered":"https:\/\/noticiaempauta.com\/portal\/?p=266434"},"modified":"2025-01-11T23:04:53","modified_gmt":"2025-01-12T02:04:53","slug":"secretaria-de-saude-de-massape-participa-de-capacitacao-em-picos-para-modernizacao-do-sistema-de-marcacao-de-exames","status":"publish","type":"post","link":"https:\/\/noticiaempauta.com\/portal\/secretaria-de-saude-de-massape-participa-de-capacitacao-em-picos-para-modernizacao-do-sistema-de-marcacao-de-exames\/","title":{"rendered":"Secret\u00e1ria de Sa\u00fade de Massap\u00ea participa de Capacita\u00e7\u00e3o em Picos para Moderniza\u00e7\u00e3o do Sistema de Marca\u00e7\u00e3o de Exames"},"content":{"rendered":"\n<p>A Secret\u00e1ria de Sa\u00fade de Massap\u00ea do Piau\u00ed, Dra Myrlla Alves, participou de uma importante capacita\u00e7\u00e3o realizada na cidade de Picos, voltada \u00e0 implementa\u00e7\u00e3o do Gestor Sa\u00fade, um sistema de marca\u00e7\u00e3o de exames amplamente utilizado em Teresina e reconhecido por sua efici\u00eancia e transpar\u00eancia. O evento reuniu secret\u00e1rios municipais de sa\u00fade e profissionais das centrais de marca\u00e7\u00e3o dos munic\u00edpios do Vale do Rio Guaribas e Itaim.<\/p>\n\n\n\n<figure class=\"wp-block-image size-large\"><img fetchpriority=\"high\" decoding=\"async\" width=\"1024\" height=\"768\" src=\"https:\/\/noticiaempauta.com\/portal\/wp-content\/uploads\/2025\/01\/1000583786-1024x768.jpg\" alt=\"\" class=\"wp-image-266435\" srcset=\"https:\/\/noticiaempauta.com\/portal\/wp-content\/uploads\/2025\/01\/1000583786-1024x768.jpg 1024w, https:\/\/noticiaempauta.com\/portal\/wp-content\/uploads\/2025\/01\/1000583786-300x225.jpg 300w, https:\/\/noticiaempauta.com\/portal\/wp-content\/uploads\/2025\/01\/1000583786-768x576.jpg 768w, https:\/\/noticiaempauta.com\/portal\/wp-content\/uploads\/2025\/01\/1000583786-1536x1152.jpg 1536w, https:\/\/noticiaempauta.com\/portal\/wp-content\/uploads\/2025\/01\/1000583786.jpg 1600w\" sizes=\"(max-width: 1024px) 100vw, 1024px\" \/><\/figure>\n\n\n\n<p>Durante a capacita\u00e7\u00e3o, foram abordadas as principais dificuldades enfrentadas no dia a dia das equipes de sa\u00fade, al\u00e9m de apresentadas solu\u00e7\u00f5es pr\u00e1ticas e funcionalidades do novo sistema. O programa Gestor Sa\u00fade promete mais agilidade, transpar\u00eancia e efici\u00eancia no atendimento, representando um avan\u00e7o significativo na gest\u00e3o da sa\u00fade p\u00fablica da regi\u00e3o.<\/p>\n\n\n\n<p>Dra Myrlla Alves destacou a import\u00e2ncia do treinamento:<\/p>\n\n\n\n<p>&#8220;Participar dessa capacita\u00e7\u00e3o foi essencial para estarmos preparados para implementar o sistema Gestor Sa\u00fade em Massap\u00ea. Foi garantido que o sistema trar\u00e1 melhorias consider\u00e1veis na forma como atendemos nossa popula\u00e7\u00e3o, garantindo mais organiza\u00e7\u00e3o e rapidez na marca\u00e7\u00e3o de exames.&#8221;<\/p>\n\n\n\n<figure class=\"wp-block-image size-large\"><img decoding=\"async\" width=\"1024\" height=\"576\" src=\"https:\/\/noticiaempauta.com\/portal\/wp-content\/uploads\/2025\/01\/1000583785-1024x576.jpg\" alt=\"\" class=\"wp-image-266436\" srcset=\"https:\/\/noticiaempauta.com\/portal\/wp-content\/uploads\/2025\/01\/1000583785-1024x576.jpg 1024w, https:\/\/noticiaempauta.com\/portal\/wp-content\/uploads\/2025\/01\/1000583785-300x169.jpg 300w, https:\/\/noticiaempauta.com\/portal\/wp-content\/uploads\/2025\/01\/1000583785-768x432.jpg 768w, https:\/\/noticiaempauta.com\/portal\/wp-content\/uploads\/2025\/01\/1000583785-1536x864.jpg 1536w, https:\/\/noticiaempauta.com\/portal\/wp-content\/uploads\/2025\/01\/1000583785.jpg 1600w\" sizes=\"(max-width: 1024px) 100vw, 1024px\" \/><\/figure>\n\n\n\n<p>O evento contou com a presen\u00e7a de especialistas como o Secret\u00e1rio de Sa\u00fade de Picos, Dr. Thales, o especialista em Sa\u00fade P\u00fablica, Dr. Pasqual Costa, e S\u00e9rgio, criador do sistema Gestor. Eles trouxeram contribui\u00e7\u00f5es valiosas, sanaram d\u00favidas dos participantes e apresentaram o impacto positivo que o novo sistema ter\u00e1 na rotina das secretarias e na vida dos usu\u00e1rios.<\/p>\n\n\n\n<p>Com essa moderniza\u00e7\u00e3o, Massap\u00ea do Piau\u00ed reafirma seu compromisso com a melhoria cont\u00ednua dos servi\u00e7os de sa\u00fade, buscando oferecer uma gest\u00e3o mais eficiente e um atendimento cada vez mais humanizado para sua popula\u00e7\u00e3o.<\/p>\n\n\n\n<p>Fonte: ASCOM<\/p>\n","protected":false},"excerpt":{"rendered":"<p>A Secret\u00e1ria de Sa\u00fade de Massap\u00ea do Piau\u00ed, Dra Myrlla Alves, participou de uma importante capacita\u00e7\u00e3o realizada na cidade de Picos, voltada \u00e0 implementa\u00e7\u00e3o do Gestor Sa\u00fade, um sistema de marca\u00e7\u00e3o de exames amplamente utilizado em Teresina e reconhecido por sua efici\u00eancia e transpar\u00eancia. O evento reuniu secret\u00e1rios municipais de sa\u00fade e profissionais das centrais [&hellip;]<\/p>\n","protected":false},"author":2,"featured_media":266435,"comment_status":"open","ping_status":"open","sticky":false,"template":"","format":"standard","meta":{"_mi_skip_tracking":false,"footnotes":""},"categories":[25,9,16],"tags":[],"class_list":["post-266434","post","type-post","status-publish","format-standard","has-post-thumbnail","hentry","category-destaques-site","category-municipios","category-todas"],"acf":[],"yoast_head":"<!-- This site is optimized with the Yoast SEO Premium plugin v19.2 (Yoast SEO v26.9) - https:\/\/yoast.com\/product\/yoast-seo-premium-wordpress\/ -->\n<title>Secret\u00e1ria de Sa\u00fade de Massap\u00ea participa de Capacita\u00e7\u00e3o em Picos para Moderniza\u00e7\u00e3o do Sistema de Marca\u00e7\u00e3o de Exames - Portal Not\u00edcia em Pauta<\/title>\n<meta name=\"robots\" content=\"index, follow, max-snippet:-1, max-image-preview:large, max-video-preview:-1\" \/>\n<link rel=\"canonical\" href=\"https:\/\/noticiaempauta.com\/portal\/secretaria-de-saude-de-massape-participa-de-capacitacao-em-picos-para-modernizacao-do-sistema-de-marcacao-de-exames\/\" \/>\n<meta property=\"og:locale\" content=\"pt_BR\" \/>\n<meta property=\"og:type\" content=\"article\" \/>\n<meta property=\"og:title\" content=\"Secret\u00e1ria de Sa\u00fade de Massap\u00ea participa de Capacita\u00e7\u00e3o em Picos para Moderniza\u00e7\u00e3o do Sistema de Marca\u00e7\u00e3o de Exames\" \/>\n<meta property=\"og:description\" content=\"A Secret\u00e1ria de Sa\u00fade de Massap\u00ea do Piau\u00ed, Dra Myrlla Alves, participou de uma importante capacita\u00e7\u00e3o realizada na cidade de Picos, voltada \u00e0 implementa\u00e7\u00e3o do Gestor Sa\u00fade, um sistema de marca\u00e7\u00e3o de exames amplamente utilizado em Teresina e reconhecido por sua efici\u00eancia e transpar\u00eancia. O evento reuniu secret\u00e1rios municipais de sa\u00fade e profissionais das centrais [&hellip;]\" \/>\n<meta property=\"og:url\" content=\"https:\/\/noticiaempauta.com\/portal\/secretaria-de-saude-de-massape-participa-de-capacitacao-em-picos-para-modernizacao-do-sistema-de-marcacao-de-exames\/\" \/>\n<meta property=\"og:site_name\" content=\"Portal Not\u00edcia em Pauta\" \/>\n<meta property=\"article:publisher\" content=\"https:\/\/www.facebook.com\/Portal-Notcia-Em-Pauta-102292869264820\/\" \/>\n<meta property=\"article:published_time\" content=\"2025-01-12T02:04:51+00:00\" \/>\n<meta property=\"article:modified_time\" content=\"2025-01-12T02:04:53+00:00\" \/>\n<meta property=\"og:image\" content=\"https:\/\/noticiaempauta.com\/portal\/wp-content\/uploads\/2025\/01\/1000583786.jpg\" \/>\n\t<meta property=\"og:image:width\" content=\"1600\" \/>\n\t<meta property=\"og:image:height\" content=\"1200\" \/>\n\t<meta property=\"og:image:type\" content=\"image\/jpeg\" \/>\n<meta name=\"author\" content=\"Reda\u00e7\u00e3o\" \/>\n<meta name=\"twitter:card\" content=\"summary_large_image\" \/>\n<meta name=\"twitter:label1\" content=\"Escrito por\" \/>\n\t<meta name=\"twitter:data1\" content=\"Reda\u00e7\u00e3o\" \/>\n\t<meta name=\"twitter:label2\" content=\"Est. tempo de leitura\" \/>\n\t<meta name=\"twitter:data2\" content=\"3 minutos\" \/>\n<script type=\"application\/ld+json\" class=\"yoast-schema-graph\">{\"@context\":\"https:\/\/schema.org\",\"@graph\":[{\"@type\":\"Article\",\"@id\":\"https:\/\/noticiaempauta.com\/portal\/secretaria-de-saude-de-massape-participa-de-capacitacao-em-picos-para-modernizacao-do-sistema-de-marcacao-de-exames\/#article\",\"isPartOf\":{\"@id\":\"https:\/\/noticiaempauta.com\/portal\/secretaria-de-saude-de-massape-participa-de-capacitacao-em-picos-para-modernizacao-do-sistema-de-marcacao-de-exames\/\"},\"author\":{\"name\":\"Reda\u00e7\u00e3o\",\"@id\":\"https:\/\/noticiaempauta.com\/portal\/#\/schema\/person\/a74af43dd1ab3deca45f988c717d57ac\"},\"headline\":\"Secret\u00e1ria de Sa\u00fade de Massap\u00ea participa de Capacita\u00e7\u00e3o em Picos para Moderniza\u00e7\u00e3o do Sistema de Marca\u00e7\u00e3o de Exames\",\"datePublished\":\"2025-01-12T02:04:51+00:00\",\"dateModified\":\"2025-01-12T02:04:53+00:00\",\"mainEntityOfPage\":{\"@id\":\"https:\/\/noticiaempauta.com\/portal\/secretaria-de-saude-de-massape-participa-de-capacitacao-em-picos-para-modernizacao-do-sistema-de-marcacao-de-exames\/\"},\"wordCount\":325,\"commentCount\":0,\"publisher\":{\"@id\":\"https:\/\/noticiaempauta.com\/portal\/#organization\"},\"image\":{\"@id\":\"https:\/\/noticiaempauta.com\/portal\/secretaria-de-saude-de-massape-participa-de-capacitacao-em-picos-para-modernizacao-do-sistema-de-marcacao-de-exames\/#primaryimage\"},\"thumbnailUrl\":\"https:\/\/noticiaempauta.com\/portal\/wp-content\/uploads\/2025\/01\/1000583786.jpg\",\"articleSection\":[\"Destaques\",\"Munic\u00edpios\",\"Todas as Not\u00edcias\"],\"inLanguage\":\"pt-BR\",\"potentialAction\":[{\"@type\":\"CommentAction\",\"name\":\"Comment\",\"target\":[\"https:\/\/noticiaempauta.com\/portal\/secretaria-de-saude-de-massape-participa-de-capacitacao-em-picos-para-modernizacao-do-sistema-de-marcacao-de-exames\/#respond\"]}]},{\"@type\":\"WebPage\",\"@id\":\"https:\/\/noticiaempauta.com\/portal\/secretaria-de-saude-de-massape-participa-de-capacitacao-em-picos-para-modernizacao-do-sistema-de-marcacao-de-exames\/\",\"url\":\"https:\/\/noticiaempauta.com\/portal\/secretaria-de-saude-de-massape-participa-de-capacitacao-em-picos-para-modernizacao-do-sistema-de-marcacao-de-exames\/\",\"name\":\"Secret\u00e1ria de Sa\u00fade de Massap\u00ea participa de Capacita\u00e7\u00e3o em Picos para Moderniza\u00e7\u00e3o do Sistema de Marca\u00e7\u00e3o de Exames - Portal Not\u00edcia em Pauta\",\"isPartOf\":{\"@id\":\"https:\/\/noticiaempauta.com\/portal\/#website\"},\"primaryImageOfPage\":{\"@id\":\"https:\/\/noticiaempauta.com\/portal\/secretaria-de-saude-de-massape-participa-de-capacitacao-em-picos-para-modernizacao-do-sistema-de-marcacao-de-exames\/#primaryimage\"},\"image\":{\"@id\":\"https:\/\/noticiaempauta.com\/portal\/secretaria-de-saude-de-massape-participa-de-capacitacao-em-picos-para-modernizacao-do-sistema-de-marcacao-de-exames\/#primaryimage\"},\"thumbnailUrl\":\"https:\/\/noticiaempauta.com\/portal\/wp-content\/uploads\/2025\/01\/1000583786.jpg\",\"datePublished\":\"2025-01-12T02:04:51+00:00\",\"dateModified\":\"2025-01-12T02:04:53+00:00\",\"breadcrumb\":{\"@id\":\"https:\/\/noticiaempauta.com\/portal\/secretaria-de-saude-de-massape-participa-de-capacitacao-em-picos-para-modernizacao-do-sistema-de-marcacao-de-exames\/#breadcrumb\"},\"inLanguage\":\"pt-BR\",\"potentialAction\":[{\"@type\":\"ReadAction\",\"target\":[\"https:\/\/noticiaempauta.com\/portal\/secretaria-de-saude-de-massape-participa-de-capacitacao-em-picos-para-modernizacao-do-sistema-de-marcacao-de-exames\/\"]}]},{\"@type\":\"ImageObject\",\"inLanguage\":\"pt-BR\",\"@id\":\"https:\/\/noticiaempauta.com\/portal\/secretaria-de-saude-de-massape-participa-de-capacitacao-em-picos-para-modernizacao-do-sistema-de-marcacao-de-exames\/#primaryimage\",\"url\":\"https:\/\/noticiaempauta.com\/portal\/wp-content\/uploads\/2025\/01\/1000583786.jpg\",\"contentUrl\":\"https:\/\/noticiaempauta.com\/portal\/wp-content\/uploads\/2025\/01\/1000583786.jpg\",\"width\":1600,\"height\":1200},{\"@type\":\"BreadcrumbList\",\"@id\":\"https:\/\/noticiaempauta.com\/portal\/secretaria-de-saude-de-massape-participa-de-capacitacao-em-picos-para-modernizacao-do-sistema-de-marcacao-de-exames\/#breadcrumb\",\"itemListElement\":[{\"@type\":\"ListItem\",\"position\":1,\"name\":\"P\u00e1gina Inicial\",\"item\":\"https:\/\/noticiaempauta.com\/portal\/\"},{\"@type\":\"ListItem\",\"position\":2,\"name\":\"Destaques\",\"item\":\"https:\/\/noticiaempauta.com\/portal\/destaques-site\/\"},{\"@type\":\"ListItem\",\"position\":3,\"name\":\"Secret\u00e1ria de Sa\u00fade de Massap\u00ea participa de Capacita\u00e7\u00e3o em Picos para Moderniza\u00e7\u00e3o do Sistema de Marca\u00e7\u00e3o de Exames\"}]},{\"@type\":\"WebSite\",\"@id\":\"https:\/\/noticiaempauta.com\/portal\/#website\",\"url\":\"https:\/\/noticiaempauta.com\/portal\/\",\"name\":\"Portal Not\u00edcia em Pauta\",\"description\":\"Voc\u00ea bem informado\",\"publisher\":{\"@id\":\"https:\/\/noticiaempauta.com\/portal\/#organization\"},\"potentialAction\":[{\"@type\":\"SearchAction\",\"target\":{\"@type\":\"EntryPoint\",\"urlTemplate\":\"https:\/\/noticiaempauta.com\/portal\/?s={search_term_string}\"},\"query-input\":{\"@type\":\"PropertyValueSpecification\",\"valueRequired\":true,\"valueName\":\"search_term_string\"}}],\"inLanguage\":\"pt-BR\"},{\"@type\":\"Organization\",\"@id\":\"https:\/\/noticiaempauta.com\/portal\/#organization\",\"name\":\"Portal Not\u00edcia em Pauta\",\"url\":\"https:\/\/noticiaempauta.com\/portal\/\",\"logo\":{\"@type\":\"ImageObject\",\"inLanguage\":\"pt-BR\",\"@id\":\"https:\/\/noticiaempauta.com\/portal\/#\/schema\/logo\/image\/\",\"url\":\"https:\/\/noticiaempauta.com\/portal\/wp-content\/uploads\/2022\/08\/logomarca_tema.fw_.png\",\"contentUrl\":\"https:\/\/noticiaempauta.com\/portal\/wp-content\/uploads\/2022\/08\/logomarca_tema.fw_.png\",\"width\":400,\"height\":232,\"caption\":\"Portal Not\u00edcia em Pauta\"},\"image\":{\"@id\":\"https:\/\/noticiaempauta.com\/portal\/#\/schema\/logo\/image\/\"},\"sameAs\":[\"https:\/\/www.facebook.com\/Portal-Notcia-Em-Pauta-102292869264820\/\",\"https:\/\/www.instagram.com\/portalnoticiaempauta\/\"]},{\"@type\":\"Person\",\"@id\":\"https:\/\/noticiaempauta.com\/portal\/#\/schema\/person\/a74af43dd1ab3deca45f988c717d57ac\",\"name\":\"Reda\u00e7\u00e3o\",\"image\":{\"@type\":\"ImageObject\",\"inLanguage\":\"pt-BR\",\"@id\":\"https:\/\/noticiaempauta.com\/portal\/#\/schema\/person\/image\/\",\"url\":\"https:\/\/secure.gravatar.com\/avatar\/03179346ecce6cdfc13361603e8f54242a90e5cde8618fa23c5c00aa2b0aadf3?s=96&d=mm&r=g\",\"contentUrl\":\"https:\/\/secure.gravatar.com\/avatar\/03179346ecce6cdfc13361603e8f54242a90e5cde8618fa23c5c00aa2b0aadf3?s=96&d=mm&r=g\",\"caption\":\"Reda\u00e7\u00e3o\"},\"sameAs\":[\"https:\/\/noticiaempauta.com\/portal\/\"],\"url\":\"https:\/\/noticiaempauta.com\/portal\/author\/fernando\/\"}]}<\/script>\n<!-- \/ Yoast SEO Premium plugin. -->","yoast_head_json":{"title":"Secret\u00e1ria de Sa\u00fade de Massap\u00ea participa de Capacita\u00e7\u00e3o em Picos para Moderniza\u00e7\u00e3o do Sistema de Marca\u00e7\u00e3o de Exames - Portal Not\u00edcia em Pauta","robots":{"index":"index","follow":"follow","max-snippet":"max-snippet:-1","max-image-preview":"max-image-preview:large","max-video-preview":"max-video-preview:-1"},"canonical":"https:\/\/noticiaempauta.com\/portal\/secretaria-de-saude-de-massape-participa-de-capacitacao-em-picos-para-modernizacao-do-sistema-de-marcacao-de-exames\/","og_locale":"pt_BR","og_type":"article","og_title":"Secret\u00e1ria de Sa\u00fade de Massap\u00ea participa de Capacita\u00e7\u00e3o em Picos para Moderniza\u00e7\u00e3o do Sistema de Marca\u00e7\u00e3o de Exames","og_description":"A Secret\u00e1ria de Sa\u00fade de Massap\u00ea do Piau\u00ed, Dra Myrlla Alves, participou de uma importante capacita\u00e7\u00e3o realizada na cidade de Picos, voltada \u00e0 implementa\u00e7\u00e3o do Gestor Sa\u00fade, um sistema de marca\u00e7\u00e3o de exames amplamente utilizado em Teresina e reconhecido por sua efici\u00eancia e transpar\u00eancia. O evento reuniu secret\u00e1rios municipais de sa\u00fade e profissionais das centrais [&hellip;]","og_url":"https:\/\/noticiaempauta.com\/portal\/secretaria-de-saude-de-massape-participa-de-capacitacao-em-picos-para-modernizacao-do-sistema-de-marcacao-de-exames\/","og_site_name":"Portal Not\u00edcia em Pauta","article_publisher":"https:\/\/www.facebook.com\/Portal-Notcia-Em-Pauta-102292869264820\/","article_published_time":"2025-01-12T02:04:51+00:00","article_modified_time":"2025-01-12T02:04:53+00:00","og_image":[{"width":1600,"height":1200,"url":"https:\/\/noticiaempauta.com\/portal\/wp-content\/uploads\/2025\/01\/1000583786.jpg","type":"image\/jpeg"}],"author":"Reda\u00e7\u00e3o","twitter_card":"summary_large_image","twitter_misc":{"Escrito por":"Reda\u00e7\u00e3o","Est. tempo de leitura":"3 minutos"},"schema":{"@context":"https:\/\/schema.org","@graph":[{"@type":"Article","@id":"https:\/\/noticiaempauta.com\/portal\/secretaria-de-saude-de-massape-participa-de-capacitacao-em-picos-para-modernizacao-do-sistema-de-marcacao-de-exames\/#article","isPartOf":{"@id":"https:\/\/noticiaempauta.com\/portal\/secretaria-de-saude-de-massape-participa-de-capacitacao-em-picos-para-modernizacao-do-sistema-de-marcacao-de-exames\/"},"author":{"name":"Reda\u00e7\u00e3o","@id":"https:\/\/noticiaempauta.com\/portal\/#\/schema\/person\/a74af43dd1ab3deca45f988c717d57ac"},"headline":"Secret\u00e1ria de Sa\u00fade de Massap\u00ea participa de Capacita\u00e7\u00e3o em Picos para Moderniza\u00e7\u00e3o do Sistema de Marca\u00e7\u00e3o de Exames","datePublished":"2025-01-12T02:04:51+00:00","dateModified":"2025-01-12T02:04:53+00:00","mainEntityOfPage":{"@id":"https:\/\/noticiaempauta.com\/portal\/secretaria-de-saude-de-massape-participa-de-capacitacao-em-picos-para-modernizacao-do-sistema-de-marcacao-de-exames\/"},"wordCount":325,"commentCount":0,"publisher":{"@id":"https:\/\/noticiaempauta.com\/portal\/#organization"},"image":{"@id":"https:\/\/noticiaempauta.com\/portal\/secretaria-de-saude-de-massape-participa-de-capacitacao-em-picos-para-modernizacao-do-sistema-de-marcacao-de-exames\/#primaryimage"},"thumbnailUrl":"https:\/\/noticiaempauta.com\/portal\/wp-content\/uploads\/2025\/01\/1000583786.jpg","articleSection":["Destaques","Munic\u00edpios","Todas as Not\u00edcias"],"inLanguage":"pt-BR","potentialAction":[{"@type":"CommentAction","name":"Comment","target":["https:\/\/noticiaempauta.com\/portal\/secretaria-de-saude-de-massape-participa-de-capacitacao-em-picos-para-modernizacao-do-sistema-de-marcacao-de-exames\/#respond"]}]},{"@type":"WebPage","@id":"https:\/\/noticiaempauta.com\/portal\/secretaria-de-saude-de-massape-participa-de-capacitacao-em-picos-para-modernizacao-do-sistema-de-marcacao-de-exames\/","url":"https:\/\/noticiaempauta.com\/portal\/secretaria-de-saude-de-massape-participa-de-capacitacao-em-picos-para-modernizacao-do-sistema-de-marcacao-de-exames\/","name":"Secret\u00e1ria de Sa\u00fade de Massap\u00ea participa de Capacita\u00e7\u00e3o em Picos para Moderniza\u00e7\u00e3o do Sistema de Marca\u00e7\u00e3o de Exames - Portal Not\u00edcia em Pauta","isPartOf":{"@id":"https:\/\/noticiaempauta.com\/portal\/#website"},"primaryImageOfPage":{"@id":"https:\/\/noticiaempauta.com\/portal\/secretaria-de-saude-de-massape-participa-de-capacitacao-em-picos-para-modernizacao-do-sistema-de-marcacao-de-exames\/#primaryimage"},"image":{"@id":"https:\/\/noticiaempauta.com\/portal\/secretaria-de-saude-de-massape-participa-de-capacitacao-em-picos-para-modernizacao-do-sistema-de-marcacao-de-exames\/#primaryimage"},"thumbnailUrl":"https:\/\/noticiaempauta.com\/portal\/wp-content\/uploads\/2025\/01\/1000583786.jpg","datePublished":"2025-01-12T02:04:51+00:00","dateModified":"2025-01-12T02:04:53+00:00","breadcrumb":{"@id":"https:\/\/noticiaempauta.com\/portal\/secretaria-de-saude-de-massape-participa-de-capacitacao-em-picos-para-modernizacao-do-sistema-de-marcacao-de-exames\/#breadcrumb"},"inLanguage":"pt-BR","potentialAction":[{"@type":"ReadAction","target":["https:\/\/noticiaempauta.com\/portal\/secretaria-de-saude-de-massape-participa-de-capacitacao-em-picos-para-modernizacao-do-sistema-de-marcacao-de-exames\/"]}]},{"@type":"ImageObject","inLanguage":"pt-BR","@id":"https:\/\/noticiaempauta.com\/portal\/secretaria-de-saude-de-massape-participa-de-capacitacao-em-picos-para-modernizacao-do-sistema-de-marcacao-de-exames\/#primaryimage","url":"https:\/\/noticiaempauta.com\/portal\/wp-content\/uploads\/2025\/01\/1000583786.jpg","contentUrl":"https:\/\/noticiaempauta.com\/portal\/wp-content\/uploads\/2025\/01\/1000583786.jpg","width":1600,"height":1200},{"@type":"BreadcrumbList","@id":"https:\/\/noticiaempauta.com\/portal\/secretaria-de-saude-de-massape-participa-de-capacitacao-em-picos-para-modernizacao-do-sistema-de-marcacao-de-exames\/#breadcrumb","itemListElement":[{"@type":"ListItem","position":1,"name":"P\u00e1gina Inicial","item":"https:\/\/noticiaempauta.com\/portal\/"},{"@type":"ListItem","position":2,"name":"Destaques","item":"https:\/\/noticiaempauta.com\/portal\/destaques-site\/"},{"@type":"ListItem","position":3,"name":"Secret\u00e1ria de Sa\u00fade de Massap\u00ea participa de Capacita\u00e7\u00e3o em Picos para Moderniza\u00e7\u00e3o do Sistema de Marca\u00e7\u00e3o de Exames"}]},{"@type":"WebSite","@id":"https:\/\/noticiaempauta.com\/portal\/#website","url":"https:\/\/noticiaempauta.com\/portal\/","name":"Portal Not\u00edcia em Pauta","description":"Voc\u00ea bem informado","publisher":{"@id":"https:\/\/noticiaempauta.com\/portal\/#organization"},"potentialAction":[{"@type":"SearchAction","target":{"@type":"EntryPoint","urlTemplate":"https:\/\/noticiaempauta.com\/portal\/?s={search_term_string}"},"query-input":{"@type":"PropertyValueSpecification","valueRequired":true,"valueName":"search_term_string"}}],"inLanguage":"pt-BR"},{"@type":"Organization","@id":"https:\/\/noticiaempauta.com\/portal\/#organization","name":"Portal Not\u00edcia em Pauta","url":"https:\/\/noticiaempauta.com\/portal\/","logo":{"@type":"ImageObject","inLanguage":"pt-BR","@id":"https:\/\/noticiaempauta.com\/portal\/#\/schema\/logo\/image\/","url":"https:\/\/noticiaempauta.com\/portal\/wp-content\/uploads\/2022\/08\/logomarca_tema.fw_.png","contentUrl":"https:\/\/noticiaempauta.com\/portal\/wp-content\/uploads\/2022\/08\/logomarca_tema.fw_.png","width":400,"height":232,"caption":"Portal Not\u00edcia em Pauta"},"image":{"@id":"https:\/\/noticiaempauta.com\/portal\/#\/schema\/logo\/image\/"},"sameAs":["https:\/\/www.facebook.com\/Portal-Notcia-Em-Pauta-102292869264820\/","https:\/\/www.instagram.com\/portalnoticiaempauta\/"]},{"@type":"Person","@id":"https:\/\/noticiaempauta.com\/portal\/#\/schema\/person\/a74af43dd1ab3deca45f988c717d57ac","name":"Reda\u00e7\u00e3o","image":{"@type":"ImageObject","inLanguage":"pt-BR","@id":"https:\/\/noticiaempauta.com\/portal\/#\/schema\/person\/image\/","url":"https:\/\/secure.gravatar.com\/avatar\/03179346ecce6cdfc13361603e8f54242a90e5cde8618fa23c5c00aa2b0aadf3?s=96&d=mm&r=g","contentUrl":"https:\/\/secure.gravatar.com\/avatar\/03179346ecce6cdfc13361603e8f54242a90e5cde8618fa23c5c00aa2b0aadf3?s=96&d=mm&r=g","caption":"Reda\u00e7\u00e3o"},"sameAs":["https:\/\/noticiaempauta.com\/portal\/"],"url":"https:\/\/noticiaempauta.com\/portal\/author\/fernando\/"}]}},"_links":{"self":[{"href":"https:\/\/noticiaempauta.com\/portal\/wp-json\/wp\/v2\/posts\/266434","targetHints":{"allow":["GET"]}}],"collection":[{"href":"https:\/\/noticiaempauta.com\/portal\/wp-json\/wp\/v2\/posts"}],"about":[{"href":"https:\/\/noticiaempauta.com\/portal\/wp-json\/wp\/v2\/types\/post"}],"author":[{"embeddable":true,"href":"https:\/\/noticiaempauta.com\/portal\/wp-json\/wp\/v2\/users\/2"}],"replies":[{"embeddable":true,"href":"https:\/\/noticiaempauta.com\/portal\/wp-json\/wp\/v2\/comments?post=266434"}],"version-history":[{"count":1,"href":"https:\/\/noticiaempauta.com\/portal\/wp-json\/wp\/v2\/posts\/266434\/revisions"}],"predecessor-version":[{"id":266437,"href":"https:\/\/noticiaempauta.com\/portal\/wp-json\/wp\/v2\/posts\/266434\/revisions\/266437"}],"wp:featuredmedia":[{"embeddable":true,"href":"https:\/\/noticiaempauta.com\/portal\/wp-json\/wp\/v2\/media\/266435"}],"wp:attachment":[{"href":"https:\/\/noticiaempauta.com\/portal\/wp-json\/wp\/v2\/media?parent=266434"}],"wp:term":[{"taxonomy":"category","embeddable":true,"href":"https:\/\/noticiaempauta.com\/portal\/wp-json\/wp\/v2\/categories?post=266434"},{"taxonomy":"post_tag","embeddable":true,"href":"https:\/\/noticiaempauta.com\/portal\/wp-json\/wp\/v2\/tags?post=266434"}],"curies":[{"name":"wp","href":"https:\/\/api.w.org\/{rel}","templated":true}]}}