{"id":266438,"date":"2025-01-11T23:13:25","date_gmt":"2025-01-12T02:13:25","guid":{"rendered":"https:\/\/noticiaempauta.com\/portal\/?p=266438"},"modified":"2025-01-13T10:53:59","modified_gmt":"2025-01-13T13:53:59","slug":"governador-apresenta-balanco-dos-dois-primeiros-anos","status":"publish","type":"post","link":"https:\/\/noticiaempauta.com\/portal\/governador-apresenta-balanco-dos-dois-primeiros-anos\/","title":{"rendered":"Governador apresenta balan\u00e7o dos dois primeiros anos"},"content":{"rendered":"\n<p>Em 2025, o governador Rafael Fonteles entra para o terceiro ano \u00e0 frente do Governo do Piau\u00ed. Os dois primeiros anos de sua gest\u00e3o foram marcados por avan\u00e7os expressivos e conquistas relevantes para o estado, com o cumprimento de 73% dos compromissos assumidos durante a campanha eleitoral de 2022. Das 178 propostas firmadas, 130 j\u00e1 foram integralmente atendidas, o que corresponde a 73% do total. As 48 restantes est\u00e3o em andamento, de forma a serem cumpridas antes mesmo do \u00faltimo ano de gest\u00e3o.<\/p>\n\n\n\n<figure class=\"wp-block-image size-full\"><img fetchpriority=\"high\" decoding=\"async\" width=\"1000\" height=\"667\" src=\"https:\/\/noticiaempauta.com\/portal\/wp-content\/uploads\/2024\/08\/large_governador_rafael_fonteles_4_46812564d0.jpeg\" alt=\"\" class=\"wp-image-261632\" srcset=\"https:\/\/noticiaempauta.com\/portal\/wp-content\/uploads\/2024\/08\/large_governador_rafael_fonteles_4_46812564d0.jpeg 1000w, https:\/\/noticiaempauta.com\/portal\/wp-content\/uploads\/2024\/08\/large_governador_rafael_fonteles_4_46812564d0-300x200.jpeg 300w, https:\/\/noticiaempauta.com\/portal\/wp-content\/uploads\/2024\/08\/large_governador_rafael_fonteles_4_46812564d0-768x512.jpeg 768w\" sizes=\"(max-width: 1000px) 100vw, 1000px\" \/><\/figure>\n\n\n\n<p>Para se ter uma ideia desse avan\u00e7o na implementa\u00e7\u00e3o de a\u00e7\u00f5es e projetos, o ano de 2024 foi marcado por conquistas significativas nas \u00e1reas da educa\u00e7\u00e3o, seguran\u00e7a, sa\u00fade, infraestrutura e empreendedorismo. Por meio de investimentos estrat\u00e9gicos nesses e em outros setores, o Piau\u00ed se consolida como um modelo de transforma\u00e7\u00e3o social, econ\u00f4mica, tecnol\u00f3gica e energ\u00e9tica, trilhando um caminho s\u00f3lido de crescimento sustent\u00e1vel rumo ao futuro.<\/p>\n\n\n\n<p><strong>Educa\u00e7\u00e3o<\/strong><\/p>\n\n\n\n<p>Em 2024, o Piau\u00ed obteve seu melhor desempenho no \u00cdndice de Desenvolvimento da Educa\u00e7\u00e3o B\u00e1sica (Ideb),destacando-se como o estado com o melhor ensino m\u00e9dio do Nordeste e o quarto melhor do Brasil. Esse avan\u00e7o resulta do investimento de R$ 1,5 bilh\u00e3o no programa Moderniza Seduc, com o objetivo de tornar o Piau\u00ed o primeiro estado brasileiro a ter 100% das escolas de ensino m\u00e9dio funcionando em tempo integral at\u00e9 o fim deste ano. Atualmente, mais de 350 unidades j\u00e1 operam nesse formato.<\/p>\n\n\n\n<p>Al\u00e9m disso, 324 escolas passaram por reformas em sua infraestrutura, somando um investimento de R$ 159,5 milh\u00f5es. At\u00e9 o momento, foram inauguradas 42 escolas, tr\u00eas sedes de Ger\u00eancias Regionais de Educa\u00e7\u00e3o (GRE) e um centro especializado, com 283 outras estruturas em obras.<\/p>\n\n\n\n<p><strong>Seguran\u00e7a<\/strong><\/p>\n\n\n\n<p>Com investimentos estrat\u00e9gicos, o Piau\u00ed est\u00e1 se consolidando como um dos estados mais seguros do Norte-Nordeste, registrando redu\u00e7\u00f5es cont\u00ednuas nos crimes violentos, especialmente o roubo. A amplia\u00e7\u00e3o de grupamentos militares no interior, aumento do efetivo policial e a\u00e7\u00f5es como a Patrulha Cidad\u00e3 contribu\u00edram para reduzir os \u00edndices de criminalidade.<\/p>\n\n\n\n<p>Um destaque nacional foi o protocolo de recupera\u00e7\u00e3o de celulares roubados, adotado como modelo pelo Minist\u00e9rio da Justi\u00e7a. No ano de 2024, mais de 6.330 celulares foram recuperados, um aumento de 69% em rela\u00e7\u00e3o a 2023. A redu\u00e7\u00e3o de roubos, que caiu 33% de 2023 para 2024, reflete o sucesso das a\u00e7\u00f5es.<\/p>\n\n\n\n<p><strong>Sa\u00fade<\/strong><\/p>\n\n\n\n<p>A Sa\u00fade no Piau\u00ed alcan\u00e7ou avan\u00e7os significativos em 2024, com foco na descentraliza\u00e7\u00e3o e moderniza\u00e7\u00e3o dos servi\u00e7os hospitalares. A cria\u00e7\u00e3o de mais de 200 novos leitos e melhorias na infraestrutura em v\u00e1rias regi\u00f5es est\u00e3o garantindo um atendimento m\u00e9dico mais \u00e1gil e eficiente, especialmente no interior do estado.<\/p>\n\n\n\n<p>Outro marco foi o avan\u00e7o do programa Piau\u00ed Sa\u00fade Digital, que em apenas um ano alcan\u00e7ou 222 munic\u00edpios, com mais de 250 mil procedimentos (consultas e exames) realizados. Mais de 1.000 Unidades B\u00e1sicas de Sa\u00fade (UBS) j\u00e1 est\u00e3o equipadas com salas do programa.<\/p>\n\n\n\n<p>A inova\u00e7\u00e3o tamb\u00e9m est\u00e1 presente no formato mobile, o aplicativo do Piau\u00ed Sa\u00fade Digital oferece consultas com cl\u00ednicos gerais dispon\u00edveis 24 horas, al\u00e9m de monitoramento de dados vitais, como press\u00e3o arterial, frequ\u00eancia card\u00edaca e n\u00edvel de estresse mental. O app ainda facilita a renova\u00e7\u00e3o de receitas m\u00e9dicas para pacientes com doen\u00e7as cr\u00f4nicas, contribuindo para a continuidade do tratamento e a comodidade dos usu\u00e1rios.<\/p>\n\n\n\n<p><strong>Infraestrutura<\/strong>\u00a0<\/p>\n\n\n\n<p>O Departamento de Estradas de Rodagem (DER) do Piau\u00ed tem impulsionado a malha rodovi\u00e1ria do estado, que ganhou mais de 800 km de novas rodovias pavimentadas. Em dois anos, mais de R$1 bilh\u00e3o foi investido, s\u00f3 por esse \u00f3rg\u00e3o, em obras que reduziram dist\u00e2ncias entre diferentes regi\u00f5es do estado, possibilitando um crescimento econ\u00f4mico e social significativo. At\u00e9 2026, a meta do DER \u00e9 ampliar ainda mais a malha rodovi\u00e1ria piauiense, atingindo 1.500 km a mais em extens\u00e3o. Al\u00e9m dos novos trechos, mais de 7 mil km da malha j\u00e1 existente foram recuperados.<\/p>\n\n\n\n<p>J\u00e1 na mobilidade urbana, com obras executadas pelo Instituto de Desenvolvimento do Piau\u00ed (Idepi), em 2024 foram 101 a\u00e7\u00f5es de pavimenta\u00e7\u00e3o em paralelep\u00edpedo, beneficiando mais de 40 cidades e totalizando uma \u00e1rea de 714.855 m\u00b2 de vias pavimentadas, com um investimento total de R$ 76.135.205,50. J\u00e1 em pavimenta\u00e7\u00e3o asf\u00e1ltica foram 20 cidades contempladas, com projetos distribu\u00eddos em diversos contratos somando 212,58 km de vias pavimentadas e investimento total de R$ 133.389.322,43.<\/p>\n\n\n\n<p>Cidade Verde<\/p>\n","protected":false},"excerpt":{"rendered":"<p>Em 2025, o governador Rafael Fonteles entra para o terceiro ano \u00e0 frente do Governo do Piau\u00ed. Os dois primeiros anos de sua gest\u00e3o foram marcados por avan\u00e7os expressivos e conquistas relevantes para o estado, com o cumprimento de 73% dos compromissos assumidos durante a campanha eleitoral de 2022. Das 178 propostas firmadas, 130 j\u00e1 [&hellip;]<\/p>\n","protected":false},"author":2,"featured_media":261632,"comment_status":"open","ping_status":"open","sticky":false,"template":"","format":"standard","meta":{"_mi_skip_tracking":false,"footnotes":""},"categories":[25,1,16],"tags":[],"class_list":["post-266438","post","type-post","status-publish","format-standard","has-post-thumbnail","hentry","category-destaques-site","category-geral","category-todas"],"acf":[],"yoast_head":"<!-- This site is optimized with the Yoast SEO Premium plugin v19.2 (Yoast SEO v26.9) - https:\/\/yoast.com\/product\/yoast-seo-premium-wordpress\/ -->\n<title>Governador apresenta balan\u00e7o dos dois primeiros anos - Portal Not\u00edcia em Pauta<\/title>\n<meta name=\"robots\" content=\"index, follow, max-snippet:-1, max-image-preview:large, max-video-preview:-1\" \/>\n<link rel=\"canonical\" href=\"https:\/\/noticiaempauta.com\/portal\/governador-apresenta-balanco-dos-dois-primeiros-anos\/\" \/>\n<meta property=\"og:locale\" content=\"pt_BR\" \/>\n<meta property=\"og:type\" content=\"article\" \/>\n<meta property=\"og:title\" content=\"Governador apresenta balan\u00e7o dos dois primeiros anos\" \/>\n<meta property=\"og:description\" content=\"Em 2025, o governador Rafael Fonteles entra para o terceiro ano \u00e0 frente do Governo do Piau\u00ed. Os dois primeiros anos de sua gest\u00e3o foram marcados por avan\u00e7os expressivos e conquistas relevantes para o estado, com o cumprimento de 73% dos compromissos assumidos durante a campanha eleitoral de 2022. Das 178 propostas firmadas, 130 j\u00e1 [&hellip;]\" \/>\n<meta property=\"og:url\" content=\"https:\/\/noticiaempauta.com\/portal\/governador-apresenta-balanco-dos-dois-primeiros-anos\/\" \/>\n<meta property=\"og:site_name\" content=\"Portal Not\u00edcia em Pauta\" \/>\n<meta property=\"article:publisher\" content=\"https:\/\/www.facebook.com\/Portal-Notcia-Em-Pauta-102292869264820\/\" \/>\n<meta property=\"article:published_time\" content=\"2025-01-12T02:13:25+00:00\" \/>\n<meta property=\"article:modified_time\" content=\"2025-01-13T13:53:59+00:00\" \/>\n<meta property=\"og:image\" content=\"https:\/\/noticiaempauta.com\/portal\/wp-content\/uploads\/2024\/08\/large_governador_rafael_fonteles_4_46812564d0.jpeg\" \/>\n\t<meta property=\"og:image:width\" content=\"1000\" \/>\n\t<meta property=\"og:image:height\" content=\"667\" \/>\n\t<meta property=\"og:image:type\" content=\"image\/jpeg\" \/>\n<meta name=\"author\" content=\"Reda\u00e7\u00e3o\" \/>\n<meta name=\"twitter:card\" content=\"summary_large_image\" \/>\n<meta name=\"twitter:label1\" content=\"Escrito por\" \/>\n\t<meta name=\"twitter:data1\" content=\"Reda\u00e7\u00e3o\" \/>\n\t<meta name=\"twitter:label2\" content=\"Est. tempo de leitura\" \/>\n\t<meta name=\"twitter:data2\" content=\"5 minutos\" \/>\n<script type=\"application\/ld+json\" class=\"yoast-schema-graph\">{\"@context\":\"https:\/\/schema.org\",\"@graph\":[{\"@type\":\"Article\",\"@id\":\"https:\/\/noticiaempauta.com\/portal\/governador-apresenta-balanco-dos-dois-primeiros-anos\/#article\",\"isPartOf\":{\"@id\":\"https:\/\/noticiaempauta.com\/portal\/governador-apresenta-balanco-dos-dois-primeiros-anos\/\"},\"author\":{\"name\":\"Reda\u00e7\u00e3o\",\"@id\":\"https:\/\/noticiaempauta.com\/portal\/#\/schema\/person\/a74af43dd1ab3deca45f988c717d57ac\"},\"headline\":\"Governador apresenta balan\u00e7o dos dois primeiros anos\",\"datePublished\":\"2025-01-12T02:13:25+00:00\",\"dateModified\":\"2025-01-13T13:53:59+00:00\",\"mainEntityOfPage\":{\"@id\":\"https:\/\/noticiaempauta.com\/portal\/governador-apresenta-balanco-dos-dois-primeiros-anos\/\"},\"wordCount\":752,\"commentCount\":0,\"publisher\":{\"@id\":\"https:\/\/noticiaempauta.com\/portal\/#organization\"},\"image\":{\"@id\":\"https:\/\/noticiaempauta.com\/portal\/governador-apresenta-balanco-dos-dois-primeiros-anos\/#primaryimage\"},\"thumbnailUrl\":\"https:\/\/noticiaempauta.com\/portal\/wp-content\/uploads\/2024\/08\/large_governador_rafael_fonteles_4_46812564d0.jpeg\",\"articleSection\":[\"Destaques\",\"Geral\",\"Todas as Not\u00edcias\"],\"inLanguage\":\"pt-BR\",\"potentialAction\":[{\"@type\":\"CommentAction\",\"name\":\"Comment\",\"target\":[\"https:\/\/noticiaempauta.com\/portal\/governador-apresenta-balanco-dos-dois-primeiros-anos\/#respond\"]}]},{\"@type\":\"WebPage\",\"@id\":\"https:\/\/noticiaempauta.com\/portal\/governador-apresenta-balanco-dos-dois-primeiros-anos\/\",\"url\":\"https:\/\/noticiaempauta.com\/portal\/governador-apresenta-balanco-dos-dois-primeiros-anos\/\",\"name\":\"Governador apresenta balan\u00e7o dos dois primeiros anos - Portal Not\u00edcia em Pauta\",\"isPartOf\":{\"@id\":\"https:\/\/noticiaempauta.com\/portal\/#website\"},\"primaryImageOfPage\":{\"@id\":\"https:\/\/noticiaempauta.com\/portal\/governador-apresenta-balanco-dos-dois-primeiros-anos\/#primaryimage\"},\"image\":{\"@id\":\"https:\/\/noticiaempauta.com\/portal\/governador-apresenta-balanco-dos-dois-primeiros-anos\/#primaryimage\"},\"thumbnailUrl\":\"https:\/\/noticiaempauta.com\/portal\/wp-content\/uploads\/2024\/08\/large_governador_rafael_fonteles_4_46812564d0.jpeg\",\"datePublished\":\"2025-01-12T02:13:25+00:00\",\"dateModified\":\"2025-01-13T13:53:59+00:00\",\"breadcrumb\":{\"@id\":\"https:\/\/noticiaempauta.com\/portal\/governador-apresenta-balanco-dos-dois-primeiros-anos\/#breadcrumb\"},\"inLanguage\":\"pt-BR\",\"potentialAction\":[{\"@type\":\"ReadAction\",\"target\":[\"https:\/\/noticiaempauta.com\/portal\/governador-apresenta-balanco-dos-dois-primeiros-anos\/\"]}]},{\"@type\":\"ImageObject\",\"inLanguage\":\"pt-BR\",\"@id\":\"https:\/\/noticiaempauta.com\/portal\/governador-apresenta-balanco-dos-dois-primeiros-anos\/#primaryimage\",\"url\":\"https:\/\/noticiaempauta.com\/portal\/wp-content\/uploads\/2024\/08\/large_governador_rafael_fonteles_4_46812564d0.jpeg\",\"contentUrl\":\"https:\/\/noticiaempauta.com\/portal\/wp-content\/uploads\/2024\/08\/large_governador_rafael_fonteles_4_46812564d0.jpeg\",\"width\":1000,\"height\":667},{\"@type\":\"BreadcrumbList\",\"@id\":\"https:\/\/noticiaempauta.com\/portal\/governador-apresenta-balanco-dos-dois-primeiros-anos\/#breadcrumb\",\"itemListElement\":[{\"@type\":\"ListItem\",\"position\":1,\"name\":\"P\u00e1gina Inicial\",\"item\":\"https:\/\/noticiaempauta.com\/portal\/\"},{\"@type\":\"ListItem\",\"position\":2,\"name\":\"Destaques\",\"item\":\"https:\/\/noticiaempauta.com\/portal\/destaques-site\/\"},{\"@type\":\"ListItem\",\"position\":3,\"name\":\"Governador apresenta balan\u00e7o dos dois primeiros anos\"}]},{\"@type\":\"WebSite\",\"@id\":\"https:\/\/noticiaempauta.com\/portal\/#website\",\"url\":\"https:\/\/noticiaempauta.com\/portal\/\",\"name\":\"Portal Not\u00edcia em Pauta\",\"description\":\"Voc\u00ea bem informado\",\"publisher\":{\"@id\":\"https:\/\/noticiaempauta.com\/portal\/#organization\"},\"potentialAction\":[{\"@type\":\"SearchAction\",\"target\":{\"@type\":\"EntryPoint\",\"urlTemplate\":\"https:\/\/noticiaempauta.com\/portal\/?s={search_term_string}\"},\"query-input\":{\"@type\":\"PropertyValueSpecification\",\"valueRequired\":true,\"valueName\":\"search_term_string\"}}],\"inLanguage\":\"pt-BR\"},{\"@type\":\"Organization\",\"@id\":\"https:\/\/noticiaempauta.com\/portal\/#organization\",\"name\":\"Portal Not\u00edcia em Pauta\",\"url\":\"https:\/\/noticiaempauta.com\/portal\/\",\"logo\":{\"@type\":\"ImageObject\",\"inLanguage\":\"pt-BR\",\"@id\":\"https:\/\/noticiaempauta.com\/portal\/#\/schema\/logo\/image\/\",\"url\":\"https:\/\/noticiaempauta.com\/portal\/wp-content\/uploads\/2022\/08\/logomarca_tema.fw_.png\",\"contentUrl\":\"https:\/\/noticiaempauta.com\/portal\/wp-content\/uploads\/2022\/08\/logomarca_tema.fw_.png\",\"width\":400,\"height\":232,\"caption\":\"Portal Not\u00edcia em Pauta\"},\"image\":{\"@id\":\"https:\/\/noticiaempauta.com\/portal\/#\/schema\/logo\/image\/\"},\"sameAs\":[\"https:\/\/www.facebook.com\/Portal-Notcia-Em-Pauta-102292869264820\/\",\"https:\/\/www.instagram.com\/portalnoticiaempauta\/\"]},{\"@type\":\"Person\",\"@id\":\"https:\/\/noticiaempauta.com\/portal\/#\/schema\/person\/a74af43dd1ab3deca45f988c717d57ac\",\"name\":\"Reda\u00e7\u00e3o\",\"image\":{\"@type\":\"ImageObject\",\"inLanguage\":\"pt-BR\",\"@id\":\"https:\/\/noticiaempauta.com\/portal\/#\/schema\/person\/image\/\",\"url\":\"https:\/\/secure.gravatar.com\/avatar\/03179346ecce6cdfc13361603e8f54242a90e5cde8618fa23c5c00aa2b0aadf3?s=96&d=mm&r=g\",\"contentUrl\":\"https:\/\/secure.gravatar.com\/avatar\/03179346ecce6cdfc13361603e8f54242a90e5cde8618fa23c5c00aa2b0aadf3?s=96&d=mm&r=g\",\"caption\":\"Reda\u00e7\u00e3o\"},\"sameAs\":[\"https:\/\/noticiaempauta.com\/portal\/\"],\"url\":\"https:\/\/noticiaempauta.com\/portal\/author\/fernando\/\"}]}<\/script>\n<!-- \/ Yoast SEO Premium plugin. -->","yoast_head_json":{"title":"Governador apresenta balan\u00e7o dos dois primeiros anos - Portal Not\u00edcia em Pauta","robots":{"index":"index","follow":"follow","max-snippet":"max-snippet:-1","max-image-preview":"max-image-preview:large","max-video-preview":"max-video-preview:-1"},"canonical":"https:\/\/noticiaempauta.com\/portal\/governador-apresenta-balanco-dos-dois-primeiros-anos\/","og_locale":"pt_BR","og_type":"article","og_title":"Governador apresenta balan\u00e7o dos dois primeiros anos","og_description":"Em 2025, o governador Rafael Fonteles entra para o terceiro ano \u00e0 frente do Governo do Piau\u00ed. Os dois primeiros anos de sua gest\u00e3o foram marcados por avan\u00e7os expressivos e conquistas relevantes para o estado, com o cumprimento de 73% dos compromissos assumidos durante a campanha eleitoral de 2022. Das 178 propostas firmadas, 130 j\u00e1 [&hellip;]","og_url":"https:\/\/noticiaempauta.com\/portal\/governador-apresenta-balanco-dos-dois-primeiros-anos\/","og_site_name":"Portal Not\u00edcia em Pauta","article_publisher":"https:\/\/www.facebook.com\/Portal-Notcia-Em-Pauta-102292869264820\/","article_published_time":"2025-01-12T02:13:25+00:00","article_modified_time":"2025-01-13T13:53:59+00:00","og_image":[{"width":1000,"height":667,"url":"https:\/\/noticiaempauta.com\/portal\/wp-content\/uploads\/2024\/08\/large_governador_rafael_fonteles_4_46812564d0.jpeg","type":"image\/jpeg"}],"author":"Reda\u00e7\u00e3o","twitter_card":"summary_large_image","twitter_misc":{"Escrito por":"Reda\u00e7\u00e3o","Est. tempo de leitura":"5 minutos"},"schema":{"@context":"https:\/\/schema.org","@graph":[{"@type":"Article","@id":"https:\/\/noticiaempauta.com\/portal\/governador-apresenta-balanco-dos-dois-primeiros-anos\/#article","isPartOf":{"@id":"https:\/\/noticiaempauta.com\/portal\/governador-apresenta-balanco-dos-dois-primeiros-anos\/"},"author":{"name":"Reda\u00e7\u00e3o","@id":"https:\/\/noticiaempauta.com\/portal\/#\/schema\/person\/a74af43dd1ab3deca45f988c717d57ac"},"headline":"Governador apresenta balan\u00e7o dos dois primeiros anos","datePublished":"2025-01-12T02:13:25+00:00","dateModified":"2025-01-13T13:53:59+00:00","mainEntityOfPage":{"@id":"https:\/\/noticiaempauta.com\/portal\/governador-apresenta-balanco-dos-dois-primeiros-anos\/"},"wordCount":752,"commentCount":0,"publisher":{"@id":"https:\/\/noticiaempauta.com\/portal\/#organization"},"image":{"@id":"https:\/\/noticiaempauta.com\/portal\/governador-apresenta-balanco-dos-dois-primeiros-anos\/#primaryimage"},"thumbnailUrl":"https:\/\/noticiaempauta.com\/portal\/wp-content\/uploads\/2024\/08\/large_governador_rafael_fonteles_4_46812564d0.jpeg","articleSection":["Destaques","Geral","Todas as Not\u00edcias"],"inLanguage":"pt-BR","potentialAction":[{"@type":"CommentAction","name":"Comment","target":["https:\/\/noticiaempauta.com\/portal\/governador-apresenta-balanco-dos-dois-primeiros-anos\/#respond"]}]},{"@type":"WebPage","@id":"https:\/\/noticiaempauta.com\/portal\/governador-apresenta-balanco-dos-dois-primeiros-anos\/","url":"https:\/\/noticiaempauta.com\/portal\/governador-apresenta-balanco-dos-dois-primeiros-anos\/","name":"Governador apresenta balan\u00e7o dos dois primeiros anos - Portal Not\u00edcia em Pauta","isPartOf":{"@id":"https:\/\/noticiaempauta.com\/portal\/#website"},"primaryImageOfPage":{"@id":"https:\/\/noticiaempauta.com\/portal\/governador-apresenta-balanco-dos-dois-primeiros-anos\/#primaryimage"},"image":{"@id":"https:\/\/noticiaempauta.com\/portal\/governador-apresenta-balanco-dos-dois-primeiros-anos\/#primaryimage"},"thumbnailUrl":"https:\/\/noticiaempauta.com\/portal\/wp-content\/uploads\/2024\/08\/large_governador_rafael_fonteles_4_46812564d0.jpeg","datePublished":"2025-01-12T02:13:25+00:00","dateModified":"2025-01-13T13:53:59+00:00","breadcrumb":{"@id":"https:\/\/noticiaempauta.com\/portal\/governador-apresenta-balanco-dos-dois-primeiros-anos\/#breadcrumb"},"inLanguage":"pt-BR","potentialAction":[{"@type":"ReadAction","target":["https:\/\/noticiaempauta.com\/portal\/governador-apresenta-balanco-dos-dois-primeiros-anos\/"]}]},{"@type":"ImageObject","inLanguage":"pt-BR","@id":"https:\/\/noticiaempauta.com\/portal\/governador-apresenta-balanco-dos-dois-primeiros-anos\/#primaryimage","url":"https:\/\/noticiaempauta.com\/portal\/wp-content\/uploads\/2024\/08\/large_governador_rafael_fonteles_4_46812564d0.jpeg","contentUrl":"https:\/\/noticiaempauta.com\/portal\/wp-content\/uploads\/2024\/08\/large_governador_rafael_fonteles_4_46812564d0.jpeg","width":1000,"height":667},{"@type":"BreadcrumbList","@id":"https:\/\/noticiaempauta.com\/portal\/governador-apresenta-balanco-dos-dois-primeiros-anos\/#breadcrumb","itemListElement":[{"@type":"ListItem","position":1,"name":"P\u00e1gina Inicial","item":"https:\/\/noticiaempauta.com\/portal\/"},{"@type":"ListItem","position":2,"name":"Destaques","item":"https:\/\/noticiaempauta.com\/portal\/destaques-site\/"},{"@type":"ListItem","position":3,"name":"Governador apresenta balan\u00e7o dos dois primeiros anos"}]},{"@type":"WebSite","@id":"https:\/\/noticiaempauta.com\/portal\/#website","url":"https:\/\/noticiaempauta.com\/portal\/","name":"Portal Not\u00edcia em Pauta","description":"Voc\u00ea bem informado","publisher":{"@id":"https:\/\/noticiaempauta.com\/portal\/#organization"},"potentialAction":[{"@type":"SearchAction","target":{"@type":"EntryPoint","urlTemplate":"https:\/\/noticiaempauta.com\/portal\/?s={search_term_string}"},"query-input":{"@type":"PropertyValueSpecification","valueRequired":true,"valueName":"search_term_string"}}],"inLanguage":"pt-BR"},{"@type":"Organization","@id":"https:\/\/noticiaempauta.com\/portal\/#organization","name":"Portal Not\u00edcia em Pauta","url":"https:\/\/noticiaempauta.com\/portal\/","logo":{"@type":"ImageObject","inLanguage":"pt-BR","@id":"https:\/\/noticiaempauta.com\/portal\/#\/schema\/logo\/image\/","url":"https:\/\/noticiaempauta.com\/portal\/wp-content\/uploads\/2022\/08\/logomarca_tema.fw_.png","contentUrl":"https:\/\/noticiaempauta.com\/portal\/wp-content\/uploads\/2022\/08\/logomarca_tema.fw_.png","width":400,"height":232,"caption":"Portal Not\u00edcia em Pauta"},"image":{"@id":"https:\/\/noticiaempauta.com\/portal\/#\/schema\/logo\/image\/"},"sameAs":["https:\/\/www.facebook.com\/Portal-Notcia-Em-Pauta-102292869264820\/","https:\/\/www.instagram.com\/portalnoticiaempauta\/"]},{"@type":"Person","@id":"https:\/\/noticiaempauta.com\/portal\/#\/schema\/person\/a74af43dd1ab3deca45f988c717d57ac","name":"Reda\u00e7\u00e3o","image":{"@type":"ImageObject","inLanguage":"pt-BR","@id":"https:\/\/noticiaempauta.com\/portal\/#\/schema\/person\/image\/","url":"https:\/\/secure.gravatar.com\/avatar\/03179346ecce6cdfc13361603e8f54242a90e5cde8618fa23c5c00aa2b0aadf3?s=96&d=mm&r=g","contentUrl":"https:\/\/secure.gravatar.com\/avatar\/03179346ecce6cdfc13361603e8f54242a90e5cde8618fa23c5c00aa2b0aadf3?s=96&d=mm&r=g","caption":"Reda\u00e7\u00e3o"},"sameAs":["https:\/\/noticiaempauta.com\/portal\/"],"url":"https:\/\/noticiaempauta.com\/portal\/author\/fernando\/"}]}},"_links":{"self":[{"href":"https:\/\/noticiaempauta.com\/portal\/wp-json\/wp\/v2\/posts\/266438","targetHints":{"allow":["GET"]}}],"collection":[{"href":"https:\/\/noticiaempauta.com\/portal\/wp-json\/wp\/v2\/posts"}],"about":[{"href":"https:\/\/noticiaempauta.com\/portal\/wp-json\/wp\/v2\/types\/post"}],"author":[{"embeddable":true,"href":"https:\/\/noticiaempauta.com\/portal\/wp-json\/wp\/v2\/users\/2"}],"replies":[{"embeddable":true,"href":"https:\/\/noticiaempauta.com\/portal\/wp-json\/wp\/v2\/comments?post=266438"}],"version-history":[{"count":2,"href":"https:\/\/noticiaempauta.com\/portal\/wp-json\/wp\/v2\/posts\/266438\/revisions"}],"predecessor-version":[{"id":266440,"href":"https:\/\/noticiaempauta.com\/portal\/wp-json\/wp\/v2\/posts\/266438\/revisions\/266440"}],"wp:featuredmedia":[{"embeddable":true,"href":"https:\/\/noticiaempauta.com\/portal\/wp-json\/wp\/v2\/media\/261632"}],"wp:attachment":[{"href":"https:\/\/noticiaempauta.com\/portal\/wp-json\/wp\/v2\/media?parent=266438"}],"wp:term":[{"taxonomy":"category","embeddable":true,"href":"https:\/\/noticiaempauta.com\/portal\/wp-json\/wp\/v2\/categories?post=266438"},{"taxonomy":"post_tag","embeddable":true,"href":"https:\/\/noticiaempauta.com\/portal\/wp-json\/wp\/v2\/tags?post=266438"}],"curies":[{"name":"wp","href":"https:\/\/api.w.org\/{rel}","templated":true}]}}