{"id":266564,"date":"2025-01-16T10:45:02","date_gmt":"2025-01-16T13:45:02","guid":{"rendered":"https:\/\/noticiaempauta.com\/portal\/?p=266564"},"modified":"2025-01-16T10:45:04","modified_gmt":"2025-01-16T13:45:04","slug":"calendario-do-pis-pasep-2025-e-liberado-confira-datas-de-pagamento-mes-a-mes","status":"publish","type":"post","link":"https:\/\/noticiaempauta.com\/portal\/calendario-do-pis-pasep-2025-e-liberado-confira-datas-de-pagamento-mes-a-mes\/","title":{"rendered":"Calend\u00e1rio do PIS\/Pasep 2025 \u00e9 liberado; confira datas de pagamento m\u00eas a m\u00eas"},"content":{"rendered":"\n<p>A Caixa Econ\u00f4mica Federal inicia o pagamento do PIS\/Pasep 2025 em 17 de fevereiro para os nascidos em janeiro.\u00a0A medida, aprovada pelo Conselho Deliberativo do Fundo de Amparo ao Trabalhador (FAT), beneficiar\u00e1 25,8 milh\u00f5es de trabalhadores, com um total de R$ 30,7 bilh\u00f5es. <\/p>\n\n\n\n<figure class=\"wp-block-image size-full\"><img fetchpriority=\"high\" decoding=\"async\" width=\"800\" height=\"479\" src=\"https:\/\/noticiaempauta.com\/portal\/wp-content\/uploads\/2024\/02\/0odAwCrfOlFoofOe2UBsZdRKLVpOewqNtyGyCeTd.webp\" alt=\"\" class=\"wp-image-254746\" srcset=\"https:\/\/noticiaempauta.com\/portal\/wp-content\/uploads\/2024\/02\/0odAwCrfOlFoofOe2UBsZdRKLVpOewqNtyGyCeTd.webp 800w, https:\/\/noticiaempauta.com\/portal\/wp-content\/uploads\/2024\/02\/0odAwCrfOlFoofOe2UBsZdRKLVpOewqNtyGyCeTd-300x180.webp 300w, https:\/\/noticiaempauta.com\/portal\/wp-content\/uploads\/2024\/02\/0odAwCrfOlFoofOe2UBsZdRKLVpOewqNtyGyCeTd-768x460.webp 768w\" sizes=\"(max-width: 800px) 100vw, 800px\" \/><figcaption class=\"wp-element-caption\"><em>(Reprodu\u00e7\u00e3o)<\/em><\/figcaption><\/figure>\n\n\n\n<p>O calend\u00e1rio segue at\u00e9 agosto, quando os nascidos em novembro e dezembro poder\u00e3o sacar o abono.<\/p>\n\n\n\n<h2 class=\"wp-block-heading\">Calend\u00e1rio PIS\/Pasep 2025<\/h2>\n\n\n\n<figure class=\"wp-block-table\"><table class=\"has-fixed-layout\"><thead><tr><th>Nascidos em<\/th><th>Recebem a partir de<\/th><\/tr><\/thead><\/table><\/figure>\n\n\n\n<figure class=\"wp-block-table\"><table class=\"has-fixed-layout\"><tbody><tr><td>Janeiro<\/td><td>17 de Fevereiro<\/td><\/tr><\/tbody><\/table><\/figure>\n\n\n\n<figure class=\"wp-block-table\"><table class=\"has-fixed-layout\"><tbody><tr><td>Fevereiro<\/td><td>17 de Mar\u00e7o<\/td><\/tr><\/tbody><\/table><\/figure>\n\n\n\n<figure class=\"wp-block-table\"><table class=\"has-fixed-layout\"><tbody><tr><td>Mar\u00e7o e Abril<\/td><td>15 de abril<\/td><\/tr><\/tbody><\/table><\/figure>\n\n\n\n<figure class=\"wp-block-table\"><table class=\"has-fixed-layout\"><tbody><tr><td>Maio e Junho<\/td><td>15 de maio<\/td><\/tr><\/tbody><\/table><\/figure>\n\n\n\n<figure class=\"wp-block-table\"><table class=\"has-fixed-layout\"><tbody><tr><td>Julho e Agosto<\/td><td>16 de junho<\/td><\/tr><\/tbody><\/table><\/figure>\n\n\n\n<figure class=\"wp-block-table\"><table class=\"has-fixed-layout\"><tbody><tr><td>Setembro e Outubro<\/td><td>15 de Julho<\/td><\/tr><\/tbody><\/table><\/figure>\n\n\n\n<figure class=\"wp-block-table\"><table class=\"has-fixed-layout\"><tbody><tr><td>Novembro e Dezembro<\/td><td>15 de agosto<\/td><\/tr><\/tbody><\/table><\/figure>\n\n\n\n<h2 class=\"wp-block-heading\">Quem Tem Direito ao Abono?<\/h2>\n\n\n\n<p>O abono ser\u00e1 pago pela Caixa Econ\u00f4mica Federal e pelo Banco do Brasil, com prefer\u00eancia para cr\u00e9dito em conta corrente ou digital. Tem direito ao benef\u00edcio os trabalhadores com carteira assinada em 2023, por pelo menos 30 dias, com sal\u00e1rios de at\u00e9 dois sal\u00e1rios m\u00ednimos. Al\u00e9m disso, \u00e9 necess\u00e1rio estar inscrito no programa h\u00e1 pelo menos cinco anos.<\/p>\n\n\n\n<p>A partir de 5 de fevereiro de 2025, os trabalhadores poder\u00e3o verificar sua elegibilidade ao abono por meio da Carteira de Trabalho Digital, do portal Gov.br ou pela Central de Atendimento Al\u00f4 Trabalho (158). A consulta tamb\u00e9m pode ser realizada pelo aplicativo Caixa Trabalhador ou pelo site do Banco do Brasil para servidores p\u00fablicos.<\/p>\n\n\n\n<h2 class=\"wp-block-heading\">Aplicativos Dispon\u00edveis<\/h2>\n\n\n\n<p>O aplicativo da Carteira de Trabalho Digital e o aplicativo Caixa Trabalhador est\u00e3o dispon\u00edveis para download nas lojas Play Store e App Store. Ambos oferecem acesso ao calend\u00e1rio de pagamentos, informa\u00e7\u00f5es sobre o abono salarial e o seguro-desemprego, al\u00e9m de esclarecimentos de d\u00favidas.<\/p>\n\n\n\n<p>Meio News<\/p>\n","protected":false},"excerpt":{"rendered":"<p>A Caixa Econ\u00f4mica Federal inicia o pagamento do PIS\/Pasep 2025 em 17 de fevereiro para os nascidos em janeiro.\u00a0A medida, aprovada pelo Conselho Deliberativo do Fundo de Amparo ao Trabalhador (FAT), beneficiar\u00e1 25,8 milh\u00f5es de trabalhadores, com um total de R$ 30,7 bilh\u00f5es. O calend\u00e1rio segue at\u00e9 agosto, quando os nascidos em novembro e dezembro [&hellip;]<\/p>\n","protected":false},"author":2,"featured_media":254746,"comment_status":"open","ping_status":"open","sticky":false,"template":"","format":"standard","meta":{"_mi_skip_tracking":false,"footnotes":""},"categories":[25,6,1,16],"tags":[192],"class_list":["post-266564","post","type-post","status-publish","format-standard","has-post-thumbnail","hentry","category-destaques-site","category-economia","category-geral","category-todas","tag-destaqueprincipal"],"acf":[],"yoast_head":"<!-- This site is optimized with the Yoast SEO Premium plugin v19.2 (Yoast SEO v26.9) - https:\/\/yoast.com\/product\/yoast-seo-premium-wordpress\/ -->\n<title>Calend\u00e1rio do PIS\/Pasep 2025 \u00e9 liberado; confira datas de pagamento m\u00eas a m\u00eas - Portal Not\u00edcia em Pauta<\/title>\n<meta name=\"robots\" content=\"index, follow, max-snippet:-1, max-image-preview:large, max-video-preview:-1\" \/>\n<link rel=\"canonical\" href=\"https:\/\/noticiaempauta.com\/portal\/calendario-do-pis-pasep-2025-e-liberado-confira-datas-de-pagamento-mes-a-mes\/\" \/>\n<meta property=\"og:locale\" content=\"pt_BR\" \/>\n<meta property=\"og:type\" content=\"article\" \/>\n<meta property=\"og:title\" content=\"Calend\u00e1rio do PIS\/Pasep 2025 \u00e9 liberado; confira datas de pagamento m\u00eas a m\u00eas\" \/>\n<meta property=\"og:description\" content=\"A Caixa Econ\u00f4mica Federal inicia o pagamento do PIS\/Pasep 2025 em 17 de fevereiro para os nascidos em janeiro.\u00a0A medida, aprovada pelo Conselho Deliberativo do Fundo de Amparo ao Trabalhador (FAT), beneficiar\u00e1 25,8 milh\u00f5es de trabalhadores, com um total de R$ 30,7 bilh\u00f5es. O calend\u00e1rio segue at\u00e9 agosto, quando os nascidos em novembro e dezembro [&hellip;]\" \/>\n<meta property=\"og:url\" content=\"https:\/\/noticiaempauta.com\/portal\/calendario-do-pis-pasep-2025-e-liberado-confira-datas-de-pagamento-mes-a-mes\/\" \/>\n<meta property=\"og:site_name\" content=\"Portal Not\u00edcia em Pauta\" \/>\n<meta property=\"article:publisher\" content=\"https:\/\/www.facebook.com\/Portal-Notcia-Em-Pauta-102292869264820\/\" \/>\n<meta property=\"article:published_time\" content=\"2025-01-16T13:45:02+00:00\" \/>\n<meta property=\"article:modified_time\" content=\"2025-01-16T13:45:04+00:00\" \/>\n<meta property=\"og:image\" content=\"https:\/\/noticiaempauta.com\/portal\/wp-content\/uploads\/2024\/02\/0odAwCrfOlFoofOe2UBsZdRKLVpOewqNtyGyCeTd.webp\" \/>\n\t<meta property=\"og:image:width\" content=\"800\" \/>\n\t<meta property=\"og:image:height\" content=\"479\" \/>\n\t<meta property=\"og:image:type\" content=\"image\/webp\" \/>\n<meta name=\"author\" content=\"Reda\u00e7\u00e3o\" \/>\n<meta name=\"twitter:card\" content=\"summary_large_image\" \/>\n<meta name=\"twitter:label1\" content=\"Escrito por\" \/>\n\t<meta name=\"twitter:data1\" content=\"Reda\u00e7\u00e3o\" \/>\n\t<meta name=\"twitter:label2\" content=\"Est. tempo de leitura\" \/>\n\t<meta name=\"twitter:data2\" content=\"2 minutos\" \/>\n<script type=\"application\/ld+json\" class=\"yoast-schema-graph\">{\"@context\":\"https:\/\/schema.org\",\"@graph\":[{\"@type\":\"Article\",\"@id\":\"https:\/\/noticiaempauta.com\/portal\/calendario-do-pis-pasep-2025-e-liberado-confira-datas-de-pagamento-mes-a-mes\/#article\",\"isPartOf\":{\"@id\":\"https:\/\/noticiaempauta.com\/portal\/calendario-do-pis-pasep-2025-e-liberado-confira-datas-de-pagamento-mes-a-mes\/\"},\"author\":{\"name\":\"Reda\u00e7\u00e3o\",\"@id\":\"https:\/\/noticiaempauta.com\/portal\/#\/schema\/person\/a74af43dd1ab3deca45f988c717d57ac\"},\"headline\":\"Calend\u00e1rio do PIS\/Pasep 2025 \u00e9 liberado; confira datas de pagamento m\u00eas a m\u00eas\",\"datePublished\":\"2025-01-16T13:45:02+00:00\",\"dateModified\":\"2025-01-16T13:45:04+00:00\",\"mainEntityOfPage\":{\"@id\":\"https:\/\/noticiaempauta.com\/portal\/calendario-do-pis-pasep-2025-e-liberado-confira-datas-de-pagamento-mes-a-mes\/\"},\"wordCount\":300,\"commentCount\":0,\"publisher\":{\"@id\":\"https:\/\/noticiaempauta.com\/portal\/#organization\"},\"image\":{\"@id\":\"https:\/\/noticiaempauta.com\/portal\/calendario-do-pis-pasep-2025-e-liberado-confira-datas-de-pagamento-mes-a-mes\/#primaryimage\"},\"thumbnailUrl\":\"https:\/\/noticiaempauta.com\/portal\/wp-content\/uploads\/2024\/02\/0odAwCrfOlFoofOe2UBsZdRKLVpOewqNtyGyCeTd.webp\",\"keywords\":[\"destaqueprincipal\"],\"articleSection\":[\"Destaques\",\"Economia\",\"Geral\",\"Todas as Not\u00edcias\"],\"inLanguage\":\"pt-BR\",\"potentialAction\":[{\"@type\":\"CommentAction\",\"name\":\"Comment\",\"target\":[\"https:\/\/noticiaempauta.com\/portal\/calendario-do-pis-pasep-2025-e-liberado-confira-datas-de-pagamento-mes-a-mes\/#respond\"]}]},{\"@type\":\"WebPage\",\"@id\":\"https:\/\/noticiaempauta.com\/portal\/calendario-do-pis-pasep-2025-e-liberado-confira-datas-de-pagamento-mes-a-mes\/\",\"url\":\"https:\/\/noticiaempauta.com\/portal\/calendario-do-pis-pasep-2025-e-liberado-confira-datas-de-pagamento-mes-a-mes\/\",\"name\":\"Calend\u00e1rio do PIS\/Pasep 2025 \u00e9 liberado; confira datas de pagamento m\u00eas a m\u00eas - Portal Not\u00edcia em Pauta\",\"isPartOf\":{\"@id\":\"https:\/\/noticiaempauta.com\/portal\/#website\"},\"primaryImageOfPage\":{\"@id\":\"https:\/\/noticiaempauta.com\/portal\/calendario-do-pis-pasep-2025-e-liberado-confira-datas-de-pagamento-mes-a-mes\/#primaryimage\"},\"image\":{\"@id\":\"https:\/\/noticiaempauta.com\/portal\/calendario-do-pis-pasep-2025-e-liberado-confira-datas-de-pagamento-mes-a-mes\/#primaryimage\"},\"thumbnailUrl\":\"https:\/\/noticiaempauta.com\/portal\/wp-content\/uploads\/2024\/02\/0odAwCrfOlFoofOe2UBsZdRKLVpOewqNtyGyCeTd.webp\",\"datePublished\":\"2025-01-16T13:45:02+00:00\",\"dateModified\":\"2025-01-16T13:45:04+00:00\",\"breadcrumb\":{\"@id\":\"https:\/\/noticiaempauta.com\/portal\/calendario-do-pis-pasep-2025-e-liberado-confira-datas-de-pagamento-mes-a-mes\/#breadcrumb\"},\"inLanguage\":\"pt-BR\",\"potentialAction\":[{\"@type\":\"ReadAction\",\"target\":[\"https:\/\/noticiaempauta.com\/portal\/calendario-do-pis-pasep-2025-e-liberado-confira-datas-de-pagamento-mes-a-mes\/\"]}]},{\"@type\":\"ImageObject\",\"inLanguage\":\"pt-BR\",\"@id\":\"https:\/\/noticiaempauta.com\/portal\/calendario-do-pis-pasep-2025-e-liberado-confira-datas-de-pagamento-mes-a-mes\/#primaryimage\",\"url\":\"https:\/\/noticiaempauta.com\/portal\/wp-content\/uploads\/2024\/02\/0odAwCrfOlFoofOe2UBsZdRKLVpOewqNtyGyCeTd.webp\",\"contentUrl\":\"https:\/\/noticiaempauta.com\/portal\/wp-content\/uploads\/2024\/02\/0odAwCrfOlFoofOe2UBsZdRKLVpOewqNtyGyCeTd.webp\",\"width\":800,\"height\":479},{\"@type\":\"BreadcrumbList\",\"@id\":\"https:\/\/noticiaempauta.com\/portal\/calendario-do-pis-pasep-2025-e-liberado-confira-datas-de-pagamento-mes-a-mes\/#breadcrumb\",\"itemListElement\":[{\"@type\":\"ListItem\",\"position\":1,\"name\":\"P\u00e1gina Inicial\",\"item\":\"https:\/\/noticiaempauta.com\/portal\/\"},{\"@type\":\"ListItem\",\"position\":2,\"name\":\"Destaques\",\"item\":\"https:\/\/noticiaempauta.com\/portal\/destaques-site\/\"},{\"@type\":\"ListItem\",\"position\":3,\"name\":\"Calend\u00e1rio do PIS\/Pasep 2025 \u00e9 liberado; confira datas de pagamento m\u00eas a m\u00eas\"}]},{\"@type\":\"WebSite\",\"@id\":\"https:\/\/noticiaempauta.com\/portal\/#website\",\"url\":\"https:\/\/noticiaempauta.com\/portal\/\",\"name\":\"Portal Not\u00edcia em Pauta\",\"description\":\"Voc\u00ea bem informado\",\"publisher\":{\"@id\":\"https:\/\/noticiaempauta.com\/portal\/#organization\"},\"potentialAction\":[{\"@type\":\"SearchAction\",\"target\":{\"@type\":\"EntryPoint\",\"urlTemplate\":\"https:\/\/noticiaempauta.com\/portal\/?s={search_term_string}\"},\"query-input\":{\"@type\":\"PropertyValueSpecification\",\"valueRequired\":true,\"valueName\":\"search_term_string\"}}],\"inLanguage\":\"pt-BR\"},{\"@type\":\"Organization\",\"@id\":\"https:\/\/noticiaempauta.com\/portal\/#organization\",\"name\":\"Portal Not\u00edcia em Pauta\",\"url\":\"https:\/\/noticiaempauta.com\/portal\/\",\"logo\":{\"@type\":\"ImageObject\",\"inLanguage\":\"pt-BR\",\"@id\":\"https:\/\/noticiaempauta.com\/portal\/#\/schema\/logo\/image\/\",\"url\":\"https:\/\/noticiaempauta.com\/portal\/wp-content\/uploads\/2022\/08\/logomarca_tema.fw_.png\",\"contentUrl\":\"https:\/\/noticiaempauta.com\/portal\/wp-content\/uploads\/2022\/08\/logomarca_tema.fw_.png\",\"width\":400,\"height\":232,\"caption\":\"Portal Not\u00edcia em Pauta\"},\"image\":{\"@id\":\"https:\/\/noticiaempauta.com\/portal\/#\/schema\/logo\/image\/\"},\"sameAs\":[\"https:\/\/www.facebook.com\/Portal-Notcia-Em-Pauta-102292869264820\/\",\"https:\/\/www.instagram.com\/portalnoticiaempauta\/\"]},{\"@type\":\"Person\",\"@id\":\"https:\/\/noticiaempauta.com\/portal\/#\/schema\/person\/a74af43dd1ab3deca45f988c717d57ac\",\"name\":\"Reda\u00e7\u00e3o\",\"image\":{\"@type\":\"ImageObject\",\"inLanguage\":\"pt-BR\",\"@id\":\"https:\/\/noticiaempauta.com\/portal\/#\/schema\/person\/image\/\",\"url\":\"https:\/\/secure.gravatar.com\/avatar\/03179346ecce6cdfc13361603e8f54242a90e5cde8618fa23c5c00aa2b0aadf3?s=96&d=mm&r=g\",\"contentUrl\":\"https:\/\/secure.gravatar.com\/avatar\/03179346ecce6cdfc13361603e8f54242a90e5cde8618fa23c5c00aa2b0aadf3?s=96&d=mm&r=g\",\"caption\":\"Reda\u00e7\u00e3o\"},\"sameAs\":[\"https:\/\/noticiaempauta.com\/portal\/\"],\"url\":\"https:\/\/noticiaempauta.com\/portal\/author\/fernando\/\"}]}<\/script>\n<!-- \/ Yoast SEO Premium plugin. -->","yoast_head_json":{"title":"Calend\u00e1rio do PIS\/Pasep 2025 \u00e9 liberado; confira datas de pagamento m\u00eas a m\u00eas - Portal Not\u00edcia em Pauta","robots":{"index":"index","follow":"follow","max-snippet":"max-snippet:-1","max-image-preview":"max-image-preview:large","max-video-preview":"max-video-preview:-1"},"canonical":"https:\/\/noticiaempauta.com\/portal\/calendario-do-pis-pasep-2025-e-liberado-confira-datas-de-pagamento-mes-a-mes\/","og_locale":"pt_BR","og_type":"article","og_title":"Calend\u00e1rio do PIS\/Pasep 2025 \u00e9 liberado; confira datas de pagamento m\u00eas a m\u00eas","og_description":"A Caixa Econ\u00f4mica Federal inicia o pagamento do PIS\/Pasep 2025 em 17 de fevereiro para os nascidos em janeiro.\u00a0A medida, aprovada pelo Conselho Deliberativo do Fundo de Amparo ao Trabalhador (FAT), beneficiar\u00e1 25,8 milh\u00f5es de trabalhadores, com um total de R$ 30,7 bilh\u00f5es. O calend\u00e1rio segue at\u00e9 agosto, quando os nascidos em novembro e dezembro [&hellip;]","og_url":"https:\/\/noticiaempauta.com\/portal\/calendario-do-pis-pasep-2025-e-liberado-confira-datas-de-pagamento-mes-a-mes\/","og_site_name":"Portal Not\u00edcia em Pauta","article_publisher":"https:\/\/www.facebook.com\/Portal-Notcia-Em-Pauta-102292869264820\/","article_published_time":"2025-01-16T13:45:02+00:00","article_modified_time":"2025-01-16T13:45:04+00:00","og_image":[{"width":800,"height":479,"url":"https:\/\/noticiaempauta.com\/portal\/wp-content\/uploads\/2024\/02\/0odAwCrfOlFoofOe2UBsZdRKLVpOewqNtyGyCeTd.webp","type":"image\/webp"}],"author":"Reda\u00e7\u00e3o","twitter_card":"summary_large_image","twitter_misc":{"Escrito por":"Reda\u00e7\u00e3o","Est. tempo de leitura":"2 minutos"},"schema":{"@context":"https:\/\/schema.org","@graph":[{"@type":"Article","@id":"https:\/\/noticiaempauta.com\/portal\/calendario-do-pis-pasep-2025-e-liberado-confira-datas-de-pagamento-mes-a-mes\/#article","isPartOf":{"@id":"https:\/\/noticiaempauta.com\/portal\/calendario-do-pis-pasep-2025-e-liberado-confira-datas-de-pagamento-mes-a-mes\/"},"author":{"name":"Reda\u00e7\u00e3o","@id":"https:\/\/noticiaempauta.com\/portal\/#\/schema\/person\/a74af43dd1ab3deca45f988c717d57ac"},"headline":"Calend\u00e1rio do PIS\/Pasep 2025 \u00e9 liberado; confira datas de pagamento m\u00eas a m\u00eas","datePublished":"2025-01-16T13:45:02+00:00","dateModified":"2025-01-16T13:45:04+00:00","mainEntityOfPage":{"@id":"https:\/\/noticiaempauta.com\/portal\/calendario-do-pis-pasep-2025-e-liberado-confira-datas-de-pagamento-mes-a-mes\/"},"wordCount":300,"commentCount":0,"publisher":{"@id":"https:\/\/noticiaempauta.com\/portal\/#organization"},"image":{"@id":"https:\/\/noticiaempauta.com\/portal\/calendario-do-pis-pasep-2025-e-liberado-confira-datas-de-pagamento-mes-a-mes\/#primaryimage"},"thumbnailUrl":"https:\/\/noticiaempauta.com\/portal\/wp-content\/uploads\/2024\/02\/0odAwCrfOlFoofOe2UBsZdRKLVpOewqNtyGyCeTd.webp","keywords":["destaqueprincipal"],"articleSection":["Destaques","Economia","Geral","Todas as Not\u00edcias"],"inLanguage":"pt-BR","potentialAction":[{"@type":"CommentAction","name":"Comment","target":["https:\/\/noticiaempauta.com\/portal\/calendario-do-pis-pasep-2025-e-liberado-confira-datas-de-pagamento-mes-a-mes\/#respond"]}]},{"@type":"WebPage","@id":"https:\/\/noticiaempauta.com\/portal\/calendario-do-pis-pasep-2025-e-liberado-confira-datas-de-pagamento-mes-a-mes\/","url":"https:\/\/noticiaempauta.com\/portal\/calendario-do-pis-pasep-2025-e-liberado-confira-datas-de-pagamento-mes-a-mes\/","name":"Calend\u00e1rio do PIS\/Pasep 2025 \u00e9 liberado; confira datas de pagamento m\u00eas a m\u00eas - Portal Not\u00edcia em Pauta","isPartOf":{"@id":"https:\/\/noticiaempauta.com\/portal\/#website"},"primaryImageOfPage":{"@id":"https:\/\/noticiaempauta.com\/portal\/calendario-do-pis-pasep-2025-e-liberado-confira-datas-de-pagamento-mes-a-mes\/#primaryimage"},"image":{"@id":"https:\/\/noticiaempauta.com\/portal\/calendario-do-pis-pasep-2025-e-liberado-confira-datas-de-pagamento-mes-a-mes\/#primaryimage"},"thumbnailUrl":"https:\/\/noticiaempauta.com\/portal\/wp-content\/uploads\/2024\/02\/0odAwCrfOlFoofOe2UBsZdRKLVpOewqNtyGyCeTd.webp","datePublished":"2025-01-16T13:45:02+00:00","dateModified":"2025-01-16T13:45:04+00:00","breadcrumb":{"@id":"https:\/\/noticiaempauta.com\/portal\/calendario-do-pis-pasep-2025-e-liberado-confira-datas-de-pagamento-mes-a-mes\/#breadcrumb"},"inLanguage":"pt-BR","potentialAction":[{"@type":"ReadAction","target":["https:\/\/noticiaempauta.com\/portal\/calendario-do-pis-pasep-2025-e-liberado-confira-datas-de-pagamento-mes-a-mes\/"]}]},{"@type":"ImageObject","inLanguage":"pt-BR","@id":"https:\/\/noticiaempauta.com\/portal\/calendario-do-pis-pasep-2025-e-liberado-confira-datas-de-pagamento-mes-a-mes\/#primaryimage","url":"https:\/\/noticiaempauta.com\/portal\/wp-content\/uploads\/2024\/02\/0odAwCrfOlFoofOe2UBsZdRKLVpOewqNtyGyCeTd.webp","contentUrl":"https:\/\/noticiaempauta.com\/portal\/wp-content\/uploads\/2024\/02\/0odAwCrfOlFoofOe2UBsZdRKLVpOewqNtyGyCeTd.webp","width":800,"height":479},{"@type":"BreadcrumbList","@id":"https:\/\/noticiaempauta.com\/portal\/calendario-do-pis-pasep-2025-e-liberado-confira-datas-de-pagamento-mes-a-mes\/#breadcrumb","itemListElement":[{"@type":"ListItem","position":1,"name":"P\u00e1gina Inicial","item":"https:\/\/noticiaempauta.com\/portal\/"},{"@type":"ListItem","position":2,"name":"Destaques","item":"https:\/\/noticiaempauta.com\/portal\/destaques-site\/"},{"@type":"ListItem","position":3,"name":"Calend\u00e1rio do PIS\/Pasep 2025 \u00e9 liberado; confira datas de pagamento m\u00eas a m\u00eas"}]},{"@type":"WebSite","@id":"https:\/\/noticiaempauta.com\/portal\/#website","url":"https:\/\/noticiaempauta.com\/portal\/","name":"Portal Not\u00edcia em Pauta","description":"Voc\u00ea bem informado","publisher":{"@id":"https:\/\/noticiaempauta.com\/portal\/#organization"},"potentialAction":[{"@type":"SearchAction","target":{"@type":"EntryPoint","urlTemplate":"https:\/\/noticiaempauta.com\/portal\/?s={search_term_string}"},"query-input":{"@type":"PropertyValueSpecification","valueRequired":true,"valueName":"search_term_string"}}],"inLanguage":"pt-BR"},{"@type":"Organization","@id":"https:\/\/noticiaempauta.com\/portal\/#organization","name":"Portal Not\u00edcia em Pauta","url":"https:\/\/noticiaempauta.com\/portal\/","logo":{"@type":"ImageObject","inLanguage":"pt-BR","@id":"https:\/\/noticiaempauta.com\/portal\/#\/schema\/logo\/image\/","url":"https:\/\/noticiaempauta.com\/portal\/wp-content\/uploads\/2022\/08\/logomarca_tema.fw_.png","contentUrl":"https:\/\/noticiaempauta.com\/portal\/wp-content\/uploads\/2022\/08\/logomarca_tema.fw_.png","width":400,"height":232,"caption":"Portal Not\u00edcia em Pauta"},"image":{"@id":"https:\/\/noticiaempauta.com\/portal\/#\/schema\/logo\/image\/"},"sameAs":["https:\/\/www.facebook.com\/Portal-Notcia-Em-Pauta-102292869264820\/","https:\/\/www.instagram.com\/portalnoticiaempauta\/"]},{"@type":"Person","@id":"https:\/\/noticiaempauta.com\/portal\/#\/schema\/person\/a74af43dd1ab3deca45f988c717d57ac","name":"Reda\u00e7\u00e3o","image":{"@type":"ImageObject","inLanguage":"pt-BR","@id":"https:\/\/noticiaempauta.com\/portal\/#\/schema\/person\/image\/","url":"https:\/\/secure.gravatar.com\/avatar\/03179346ecce6cdfc13361603e8f54242a90e5cde8618fa23c5c00aa2b0aadf3?s=96&d=mm&r=g","contentUrl":"https:\/\/secure.gravatar.com\/avatar\/03179346ecce6cdfc13361603e8f54242a90e5cde8618fa23c5c00aa2b0aadf3?s=96&d=mm&r=g","caption":"Reda\u00e7\u00e3o"},"sameAs":["https:\/\/noticiaempauta.com\/portal\/"],"url":"https:\/\/noticiaempauta.com\/portal\/author\/fernando\/"}]}},"_links":{"self":[{"href":"https:\/\/noticiaempauta.com\/portal\/wp-json\/wp\/v2\/posts\/266564","targetHints":{"allow":["GET"]}}],"collection":[{"href":"https:\/\/noticiaempauta.com\/portal\/wp-json\/wp\/v2\/posts"}],"about":[{"href":"https:\/\/noticiaempauta.com\/portal\/wp-json\/wp\/v2\/types\/post"}],"author":[{"embeddable":true,"href":"https:\/\/noticiaempauta.com\/portal\/wp-json\/wp\/v2\/users\/2"}],"replies":[{"embeddable":true,"href":"https:\/\/noticiaempauta.com\/portal\/wp-json\/wp\/v2\/comments?post=266564"}],"version-history":[{"count":2,"href":"https:\/\/noticiaempauta.com\/portal\/wp-json\/wp\/v2\/posts\/266564\/revisions"}],"predecessor-version":[{"id":266566,"href":"https:\/\/noticiaempauta.com\/portal\/wp-json\/wp\/v2\/posts\/266564\/revisions\/266566"}],"wp:featuredmedia":[{"embeddable":true,"href":"https:\/\/noticiaempauta.com\/portal\/wp-json\/wp\/v2\/media\/254746"}],"wp:attachment":[{"href":"https:\/\/noticiaempauta.com\/portal\/wp-json\/wp\/v2\/media?parent=266564"}],"wp:term":[{"taxonomy":"category","embeddable":true,"href":"https:\/\/noticiaempauta.com\/portal\/wp-json\/wp\/v2\/categories?post=266564"},{"taxonomy":"post_tag","embeddable":true,"href":"https:\/\/noticiaempauta.com\/portal\/wp-json\/wp\/v2\/tags?post=266564"}],"curies":[{"name":"wp","href":"https:\/\/api.w.org\/{rel}","templated":true}]}}