{"id":266577,"date":"2025-01-16T16:47:18","date_gmt":"2025-01-16T19:47:18","guid":{"rendered":"https:\/\/noticiaempauta.com\/portal\/?p=266577"},"modified":"2025-01-16T16:47:22","modified_gmt":"2025-01-16T19:47:22","slug":"ministerio-da-saude-e-sesapi-iniciam-acoes-do-programa-vigidesastres-em-picos","status":"publish","type":"post","link":"https:\/\/noticiaempauta.com\/portal\/ministerio-da-saude-e-sesapi-iniciam-acoes-do-programa-vigidesastres-em-picos\/","title":{"rendered":"Minist\u00e9rio da Sa\u00fade e SESAPI iniciam a\u00e7\u00f5es do Programa Vigidesastres em Picos"},"content":{"rendered":"\n<p>Nesta quarta-feira (15), a cidade de Picos recebeu a visita t\u00e9cnica da equipe do Minist\u00e9rio da Sa\u00fade, em parceria com a SESAPI (Secretaria de Estado da Sa\u00fade do Piau\u00ed), para avaliar os danos causados pelas fortes chuvas recentes e implementar o Programa Vigidesastres. A iniciativa visa reduzir os impactos dos desastres naturais na sa\u00fade p\u00fablica, promovendo a\u00e7\u00f5es estrat\u00e9gicas de reestrutura\u00e7\u00e3o e preven\u00e7\u00e3o.<\/p>\n\n\n\n<figure class=\"wp-block-image size-large\"><img fetchpriority=\"high\" decoding=\"async\" width=\"1024\" height=\"768\" src=\"https:\/\/noticiaempauta.com\/portal\/wp-content\/uploads\/2025\/01\/WhatsApp-Image-2025-01-16-at-13.58.25-1-1024x768.jpeg\" alt=\"\" class=\"wp-image-266581\" srcset=\"https:\/\/noticiaempauta.com\/portal\/wp-content\/uploads\/2025\/01\/WhatsApp-Image-2025-01-16-at-13.58.25-1-1024x768.jpeg 1024w, https:\/\/noticiaempauta.com\/portal\/wp-content\/uploads\/2025\/01\/WhatsApp-Image-2025-01-16-at-13.58.25-1-300x225.jpeg 300w, https:\/\/noticiaempauta.com\/portal\/wp-content\/uploads\/2025\/01\/WhatsApp-Image-2025-01-16-at-13.58.25-1-768x576.jpeg 768w, https:\/\/noticiaempauta.com\/portal\/wp-content\/uploads\/2025\/01\/WhatsApp-Image-2025-01-16-at-13.58.25-1-1536x1152.jpeg 1536w, https:\/\/noticiaempauta.com\/portal\/wp-content\/uploads\/2025\/01\/WhatsApp-Image-2025-01-16-at-13.58.25-1-2048x1536.jpeg 2048w\" sizes=\"(max-width: 1024px) 100vw, 1024px\" \/><\/figure>\n\n\n\n<p>Durante a visita, foi realizado um levantamento das Unidades B\u00e1sicas de Sa\u00fade (UBS&#8217;s) que sofreram danos estruturais. O objetivo \u00e9 tra\u00e7ar um plano emergencial para garantir a continuidade dos atendimentos e prevenir novos preju\u00edzos em per\u00edodos futuros de chuvas.<\/p>\n\n\n\n<figure class=\"wp-block-image size-large\"><img decoding=\"async\" width=\"1024\" height=\"768\" src=\"https:\/\/noticiaempauta.com\/portal\/wp-content\/uploads\/2025\/01\/WhatsApp-Image-2025-01-16-at-13.58.28-1024x768.jpeg\" alt=\"\" class=\"wp-image-266580\" srcset=\"https:\/\/noticiaempauta.com\/portal\/wp-content\/uploads\/2025\/01\/WhatsApp-Image-2025-01-16-at-13.58.28-1024x768.jpeg 1024w, https:\/\/noticiaempauta.com\/portal\/wp-content\/uploads\/2025\/01\/WhatsApp-Image-2025-01-16-at-13.58.28-300x225.jpeg 300w, https:\/\/noticiaempauta.com\/portal\/wp-content\/uploads\/2025\/01\/WhatsApp-Image-2025-01-16-at-13.58.28-768x576.jpeg 768w, https:\/\/noticiaempauta.com\/portal\/wp-content\/uploads\/2025\/01\/WhatsApp-Image-2025-01-16-at-13.58.28-1536x1152.jpeg 1536w, https:\/\/noticiaempauta.com\/portal\/wp-content\/uploads\/2025\/01\/WhatsApp-Image-2025-01-16-at-13.58.28-2048x1536.jpeg 2048w\" sizes=\"(max-width: 1024px) 100vw, 1024px\" \/><\/figure>\n\n\n\n<p>Cristiane Moura F\u00e9, diretora de Vigil\u00e2ncia em Sa\u00fade da SESAPI, destacou a import\u00e2ncia do trabalho integrado entre os \u00f3rg\u00e3os de sa\u00fade. \u201cA SESAPI est\u00e1 em Picos coordenando os trabalhos junto com a secretaria municipal para a condu\u00e7\u00e3o e elabora\u00e7\u00e3o de documentos estrat\u00e9gicos. Essas medidas visam refor\u00e7ar o atendimento b\u00e1sico de sa\u00fade, prevenir e tratar doen\u00e7as decorrentes das chuvas e oferecer suporte \u00e0s demais entidades no enfrentamento da crise sanit\u00e1ria,\u201d afirmou.<\/p>\n\n\n\n<figure class=\"wp-block-image size-large\"><img decoding=\"async\" width=\"1024\" height=\"768\" src=\"https:\/\/noticiaempauta.com\/portal\/wp-content\/uploads\/2025\/01\/WhatsApp-Image-2025-01-16-at-13.58.27-1024x768.jpeg\" alt=\"\" class=\"wp-image-266578\" srcset=\"https:\/\/noticiaempauta.com\/portal\/wp-content\/uploads\/2025\/01\/WhatsApp-Image-2025-01-16-at-13.58.27-1024x768.jpeg 1024w, https:\/\/noticiaempauta.com\/portal\/wp-content\/uploads\/2025\/01\/WhatsApp-Image-2025-01-16-at-13.58.27-300x225.jpeg 300w, https:\/\/noticiaempauta.com\/portal\/wp-content\/uploads\/2025\/01\/WhatsApp-Image-2025-01-16-at-13.58.27-768x576.jpeg 768w, https:\/\/noticiaempauta.com\/portal\/wp-content\/uploads\/2025\/01\/WhatsApp-Image-2025-01-16-at-13.58.27-1536x1152.jpeg 1536w, https:\/\/noticiaempauta.com\/portal\/wp-content\/uploads\/2025\/01\/WhatsApp-Image-2025-01-16-at-13.58.27-2048x1536.jpeg 2048w\" sizes=\"(max-width: 1024px) 100vw, 1024px\" \/><\/figure>\n\n\n\n<p>O secret\u00e1rio de Sa\u00fade de Picos, Dr. Thales Coelho, refor\u00e7ou o compromisso da gest\u00e3o municipal diante do cen\u00e1rio. \u201cProntamente agimos na aten\u00e7\u00e3o b\u00e1sica de sa\u00fade das pessoas afetadas pelas chuvas, enquanto realizamos o levantamento do impacto estrutural nas unidades. Est\u00e1vamos em fase de amplia\u00e7\u00e3o do sistema de marca\u00e7\u00e3o de consultas quando fomos surpreendidos por essa situa\u00e7\u00e3o de alerta de sa\u00fade. Focamos agora nossas for\u00e7as em tr\u00eas etapas simult\u00e2neas: a reestrutura\u00e7\u00e3o das UBS&#8217;s, o aux\u00edlio \u00e0s for\u00e7as de a\u00e7\u00e3o e a manuten\u00e7\u00e3o dos atendimentos b\u00e1sicos nas \u00e1reas n\u00e3o atingidas,\u201d destacou.<\/p>\n\n\n\n<figure class=\"wp-block-image size-large\"><img loading=\"lazy\" decoding=\"async\" width=\"1024\" height=\"768\" src=\"https:\/\/noticiaempauta.com\/portal\/wp-content\/uploads\/2025\/01\/WhatsApp-Image-2025-01-16-at-13.58.25-1-1-1024x768.jpeg\" alt=\"\" class=\"wp-image-266582\" srcset=\"https:\/\/noticiaempauta.com\/portal\/wp-content\/uploads\/2025\/01\/WhatsApp-Image-2025-01-16-at-13.58.25-1-1-1024x768.jpeg 1024w, https:\/\/noticiaempauta.com\/portal\/wp-content\/uploads\/2025\/01\/WhatsApp-Image-2025-01-16-at-13.58.25-1-1-300x225.jpeg 300w, https:\/\/noticiaempauta.com\/portal\/wp-content\/uploads\/2025\/01\/WhatsApp-Image-2025-01-16-at-13.58.25-1-1-768x576.jpeg 768w, https:\/\/noticiaempauta.com\/portal\/wp-content\/uploads\/2025\/01\/WhatsApp-Image-2025-01-16-at-13.58.25-1-1-1536x1152.jpeg 1536w, https:\/\/noticiaempauta.com\/portal\/wp-content\/uploads\/2025\/01\/WhatsApp-Image-2025-01-16-at-13.58.25-1-1-2048x1536.jpeg 2048w\" sizes=\"(max-width: 1024px) 100vw, 1024px\" \/><\/figure>\n\n\n\n<p>O Programa Vigidesastres, amplamente reconhecido pela sua efici\u00eancia em situa\u00e7\u00f5es de calamidade, traz para Picos n\u00e3o s\u00f3 o apoio t\u00e9cnico, mas tamb\u00e9m um modelo de planejamento que contribuir\u00e1 para a recupera\u00e7\u00e3o imediata e para a preven\u00e7\u00e3o de futuras crises.<\/p>\n\n\n\n<p>A Secretaria de Sa\u00fade segue mobilizada, trabalhando em conjunto com os \u00f3rg\u00e3os estaduais e federais para garantir o bem-estar da popula\u00e7\u00e3o de Picos e das \u00e1reas pactuadas.<\/p>\n","protected":false},"excerpt":{"rendered":"<p>Nesta quarta-feira (15), a cidade de Picos recebeu a visita t\u00e9cnica da equipe do Minist\u00e9rio da Sa\u00fade, em parceria com a SESAPI (Secretaria de Estado da Sa\u00fade do Piau\u00ed), para avaliar os danos causados pelas fortes chuvas recentes e implementar o Programa Vigidesastres. A iniciativa visa reduzir os impactos dos desastres naturais na sa\u00fade p\u00fablica, [&hellip;]<\/p>\n","protected":false},"author":2,"featured_media":266578,"comment_status":"open","ping_status":"open","sticky":false,"template":"","format":"standard","meta":{"_mi_skip_tracking":false,"footnotes":""},"categories":[25,1,5,16],"tags":[],"class_list":["post-266577","post","type-post","status-publish","format-standard","has-post-thumbnail","hentry","category-destaques-site","category-geral","category-saude","category-todas"],"acf":[],"yoast_head":"<!-- This site is optimized with the Yoast SEO Premium plugin v19.2 (Yoast SEO v26.9) - https:\/\/yoast.com\/product\/yoast-seo-premium-wordpress\/ -->\n<title>Minist\u00e9rio da Sa\u00fade e SESAPI iniciam a\u00e7\u00f5es do Programa Vigidesastres em Picos - Portal Not\u00edcia em Pauta<\/title>\n<meta name=\"robots\" content=\"index, follow, max-snippet:-1, max-image-preview:large, max-video-preview:-1\" \/>\n<link rel=\"canonical\" href=\"https:\/\/noticiaempauta.com\/portal\/ministerio-da-saude-e-sesapi-iniciam-acoes-do-programa-vigidesastres-em-picos\/\" \/>\n<meta property=\"og:locale\" content=\"pt_BR\" \/>\n<meta property=\"og:type\" content=\"article\" \/>\n<meta property=\"og:title\" content=\"Minist\u00e9rio da Sa\u00fade e SESAPI iniciam a\u00e7\u00f5es do Programa Vigidesastres em Picos\" \/>\n<meta property=\"og:description\" content=\"Nesta quarta-feira (15), a cidade de Picos recebeu a visita t\u00e9cnica da equipe do Minist\u00e9rio da Sa\u00fade, em parceria com a SESAPI (Secretaria de Estado da Sa\u00fade do Piau\u00ed), para avaliar os danos causados pelas fortes chuvas recentes e implementar o Programa Vigidesastres. A iniciativa visa reduzir os impactos dos desastres naturais na sa\u00fade p\u00fablica, [&hellip;]\" \/>\n<meta property=\"og:url\" content=\"https:\/\/noticiaempauta.com\/portal\/ministerio-da-saude-e-sesapi-iniciam-acoes-do-programa-vigidesastres-em-picos\/\" \/>\n<meta property=\"og:site_name\" content=\"Portal Not\u00edcia em Pauta\" \/>\n<meta property=\"article:publisher\" content=\"https:\/\/www.facebook.com\/Portal-Notcia-Em-Pauta-102292869264820\/\" \/>\n<meta property=\"article:published_time\" content=\"2025-01-16T19:47:18+00:00\" \/>\n<meta property=\"article:modified_time\" content=\"2025-01-16T19:47:22+00:00\" \/>\n<meta property=\"og:image\" content=\"https:\/\/noticiaempauta.com\/portal\/wp-content\/uploads\/2025\/01\/WhatsApp-Image-2025-01-16-at-13.58.27-scaled.jpeg\" \/>\n\t<meta property=\"og:image:width\" content=\"2560\" \/>\n\t<meta property=\"og:image:height\" content=\"1920\" \/>\n\t<meta property=\"og:image:type\" content=\"image\/jpeg\" \/>\n<meta name=\"author\" content=\"Reda\u00e7\u00e3o\" \/>\n<meta name=\"twitter:card\" content=\"summary_large_image\" \/>\n<meta name=\"twitter:label1\" content=\"Escrito por\" \/>\n\t<meta name=\"twitter:data1\" content=\"Reda\u00e7\u00e3o\" \/>\n\t<meta name=\"twitter:label2\" content=\"Est. tempo de leitura\" \/>\n\t<meta name=\"twitter:data2\" content=\"3 minutos\" \/>\n<script type=\"application\/ld+json\" class=\"yoast-schema-graph\">{\"@context\":\"https:\/\/schema.org\",\"@graph\":[{\"@type\":\"Article\",\"@id\":\"https:\/\/noticiaempauta.com\/portal\/ministerio-da-saude-e-sesapi-iniciam-acoes-do-programa-vigidesastres-em-picos\/#article\",\"isPartOf\":{\"@id\":\"https:\/\/noticiaempauta.com\/portal\/ministerio-da-saude-e-sesapi-iniciam-acoes-do-programa-vigidesastres-em-picos\/\"},\"author\":{\"name\":\"Reda\u00e7\u00e3o\",\"@id\":\"https:\/\/noticiaempauta.com\/portal\/#\/schema\/person\/a74af43dd1ab3deca45f988c717d57ac\"},\"headline\":\"Minist\u00e9rio da Sa\u00fade e SESAPI iniciam a\u00e7\u00f5es do Programa Vigidesastres em Picos\",\"datePublished\":\"2025-01-16T19:47:18+00:00\",\"dateModified\":\"2025-01-16T19:47:22+00:00\",\"mainEntityOfPage\":{\"@id\":\"https:\/\/noticiaempauta.com\/portal\/ministerio-da-saude-e-sesapi-iniciam-acoes-do-programa-vigidesastres-em-picos\/\"},\"wordCount\":402,\"commentCount\":0,\"publisher\":{\"@id\":\"https:\/\/noticiaempauta.com\/portal\/#organization\"},\"image\":{\"@id\":\"https:\/\/noticiaempauta.com\/portal\/ministerio-da-saude-e-sesapi-iniciam-acoes-do-programa-vigidesastres-em-picos\/#primaryimage\"},\"thumbnailUrl\":\"https:\/\/noticiaempauta.com\/portal\/wp-content\/uploads\/2025\/01\/WhatsApp-Image-2025-01-16-at-13.58.27-scaled.jpeg\",\"articleSection\":[\"Destaques\",\"Geral\",\"Sa\u00fade\",\"Todas as Not\u00edcias\"],\"inLanguage\":\"pt-BR\",\"potentialAction\":[{\"@type\":\"CommentAction\",\"name\":\"Comment\",\"target\":[\"https:\/\/noticiaempauta.com\/portal\/ministerio-da-saude-e-sesapi-iniciam-acoes-do-programa-vigidesastres-em-picos\/#respond\"]}]},{\"@type\":\"WebPage\",\"@id\":\"https:\/\/noticiaempauta.com\/portal\/ministerio-da-saude-e-sesapi-iniciam-acoes-do-programa-vigidesastres-em-picos\/\",\"url\":\"https:\/\/noticiaempauta.com\/portal\/ministerio-da-saude-e-sesapi-iniciam-acoes-do-programa-vigidesastres-em-picos\/\",\"name\":\"Minist\u00e9rio da Sa\u00fade e SESAPI iniciam a\u00e7\u00f5es do Programa Vigidesastres em Picos - Portal Not\u00edcia em Pauta\",\"isPartOf\":{\"@id\":\"https:\/\/noticiaempauta.com\/portal\/#website\"},\"primaryImageOfPage\":{\"@id\":\"https:\/\/noticiaempauta.com\/portal\/ministerio-da-saude-e-sesapi-iniciam-acoes-do-programa-vigidesastres-em-picos\/#primaryimage\"},\"image\":{\"@id\":\"https:\/\/noticiaempauta.com\/portal\/ministerio-da-saude-e-sesapi-iniciam-acoes-do-programa-vigidesastres-em-picos\/#primaryimage\"},\"thumbnailUrl\":\"https:\/\/noticiaempauta.com\/portal\/wp-content\/uploads\/2025\/01\/WhatsApp-Image-2025-01-16-at-13.58.27-scaled.jpeg\",\"datePublished\":\"2025-01-16T19:47:18+00:00\",\"dateModified\":\"2025-01-16T19:47:22+00:00\",\"breadcrumb\":{\"@id\":\"https:\/\/noticiaempauta.com\/portal\/ministerio-da-saude-e-sesapi-iniciam-acoes-do-programa-vigidesastres-em-picos\/#breadcrumb\"},\"inLanguage\":\"pt-BR\",\"potentialAction\":[{\"@type\":\"ReadAction\",\"target\":[\"https:\/\/noticiaempauta.com\/portal\/ministerio-da-saude-e-sesapi-iniciam-acoes-do-programa-vigidesastres-em-picos\/\"]}]},{\"@type\":\"ImageObject\",\"inLanguage\":\"pt-BR\",\"@id\":\"https:\/\/noticiaempauta.com\/portal\/ministerio-da-saude-e-sesapi-iniciam-acoes-do-programa-vigidesastres-em-picos\/#primaryimage\",\"url\":\"https:\/\/noticiaempauta.com\/portal\/wp-content\/uploads\/2025\/01\/WhatsApp-Image-2025-01-16-at-13.58.27-scaled.jpeg\",\"contentUrl\":\"https:\/\/noticiaempauta.com\/portal\/wp-content\/uploads\/2025\/01\/WhatsApp-Image-2025-01-16-at-13.58.27-scaled.jpeg\",\"width\":2560,\"height\":1920},{\"@type\":\"BreadcrumbList\",\"@id\":\"https:\/\/noticiaempauta.com\/portal\/ministerio-da-saude-e-sesapi-iniciam-acoes-do-programa-vigidesastres-em-picos\/#breadcrumb\",\"itemListElement\":[{\"@type\":\"ListItem\",\"position\":1,\"name\":\"P\u00e1gina Inicial\",\"item\":\"https:\/\/noticiaempauta.com\/portal\/\"},{\"@type\":\"ListItem\",\"position\":2,\"name\":\"Destaques\",\"item\":\"https:\/\/noticiaempauta.com\/portal\/destaques-site\/\"},{\"@type\":\"ListItem\",\"position\":3,\"name\":\"Minist\u00e9rio da Sa\u00fade e SESAPI iniciam a\u00e7\u00f5es do Programa Vigidesastres em Picos\"}]},{\"@type\":\"WebSite\",\"@id\":\"https:\/\/noticiaempauta.com\/portal\/#website\",\"url\":\"https:\/\/noticiaempauta.com\/portal\/\",\"name\":\"Portal Not\u00edcia em Pauta\",\"description\":\"Voc\u00ea bem informado\",\"publisher\":{\"@id\":\"https:\/\/noticiaempauta.com\/portal\/#organization\"},\"potentialAction\":[{\"@type\":\"SearchAction\",\"target\":{\"@type\":\"EntryPoint\",\"urlTemplate\":\"https:\/\/noticiaempauta.com\/portal\/?s={search_term_string}\"},\"query-input\":{\"@type\":\"PropertyValueSpecification\",\"valueRequired\":true,\"valueName\":\"search_term_string\"}}],\"inLanguage\":\"pt-BR\"},{\"@type\":\"Organization\",\"@id\":\"https:\/\/noticiaempauta.com\/portal\/#organization\",\"name\":\"Portal Not\u00edcia em Pauta\",\"url\":\"https:\/\/noticiaempauta.com\/portal\/\",\"logo\":{\"@type\":\"ImageObject\",\"inLanguage\":\"pt-BR\",\"@id\":\"https:\/\/noticiaempauta.com\/portal\/#\/schema\/logo\/image\/\",\"url\":\"https:\/\/noticiaempauta.com\/portal\/wp-content\/uploads\/2022\/08\/logomarca_tema.fw_.png\",\"contentUrl\":\"https:\/\/noticiaempauta.com\/portal\/wp-content\/uploads\/2022\/08\/logomarca_tema.fw_.png\",\"width\":400,\"height\":232,\"caption\":\"Portal Not\u00edcia em Pauta\"},\"image\":{\"@id\":\"https:\/\/noticiaempauta.com\/portal\/#\/schema\/logo\/image\/\"},\"sameAs\":[\"https:\/\/www.facebook.com\/Portal-Notcia-Em-Pauta-102292869264820\/\",\"https:\/\/www.instagram.com\/portalnoticiaempauta\/\"]},{\"@type\":\"Person\",\"@id\":\"https:\/\/noticiaempauta.com\/portal\/#\/schema\/person\/a74af43dd1ab3deca45f988c717d57ac\",\"name\":\"Reda\u00e7\u00e3o\",\"image\":{\"@type\":\"ImageObject\",\"inLanguage\":\"pt-BR\",\"@id\":\"https:\/\/noticiaempauta.com\/portal\/#\/schema\/person\/image\/\",\"url\":\"https:\/\/secure.gravatar.com\/avatar\/03179346ecce6cdfc13361603e8f54242a90e5cde8618fa23c5c00aa2b0aadf3?s=96&d=mm&r=g\",\"contentUrl\":\"https:\/\/secure.gravatar.com\/avatar\/03179346ecce6cdfc13361603e8f54242a90e5cde8618fa23c5c00aa2b0aadf3?s=96&d=mm&r=g\",\"caption\":\"Reda\u00e7\u00e3o\"},\"sameAs\":[\"https:\/\/noticiaempauta.com\/portal\/\"],\"url\":\"https:\/\/noticiaempauta.com\/portal\/author\/fernando\/\"}]}<\/script>\n<!-- \/ Yoast SEO Premium plugin. -->","yoast_head_json":{"title":"Minist\u00e9rio da Sa\u00fade e SESAPI iniciam a\u00e7\u00f5es do Programa Vigidesastres em Picos - Portal Not\u00edcia em Pauta","robots":{"index":"index","follow":"follow","max-snippet":"max-snippet:-1","max-image-preview":"max-image-preview:large","max-video-preview":"max-video-preview:-1"},"canonical":"https:\/\/noticiaempauta.com\/portal\/ministerio-da-saude-e-sesapi-iniciam-acoes-do-programa-vigidesastres-em-picos\/","og_locale":"pt_BR","og_type":"article","og_title":"Minist\u00e9rio da Sa\u00fade e SESAPI iniciam a\u00e7\u00f5es do Programa Vigidesastres em Picos","og_description":"Nesta quarta-feira (15), a cidade de Picos recebeu a visita t\u00e9cnica da equipe do Minist\u00e9rio da Sa\u00fade, em parceria com a SESAPI (Secretaria de Estado da Sa\u00fade do Piau\u00ed), para avaliar os danos causados pelas fortes chuvas recentes e implementar o Programa Vigidesastres. A iniciativa visa reduzir os impactos dos desastres naturais na sa\u00fade p\u00fablica, [&hellip;]","og_url":"https:\/\/noticiaempauta.com\/portal\/ministerio-da-saude-e-sesapi-iniciam-acoes-do-programa-vigidesastres-em-picos\/","og_site_name":"Portal Not\u00edcia em Pauta","article_publisher":"https:\/\/www.facebook.com\/Portal-Notcia-Em-Pauta-102292869264820\/","article_published_time":"2025-01-16T19:47:18+00:00","article_modified_time":"2025-01-16T19:47:22+00:00","og_image":[{"width":2560,"height":1920,"url":"https:\/\/noticiaempauta.com\/portal\/wp-content\/uploads\/2025\/01\/WhatsApp-Image-2025-01-16-at-13.58.27-scaled.jpeg","type":"image\/jpeg"}],"author":"Reda\u00e7\u00e3o","twitter_card":"summary_large_image","twitter_misc":{"Escrito por":"Reda\u00e7\u00e3o","Est. tempo de leitura":"3 minutos"},"schema":{"@context":"https:\/\/schema.org","@graph":[{"@type":"Article","@id":"https:\/\/noticiaempauta.com\/portal\/ministerio-da-saude-e-sesapi-iniciam-acoes-do-programa-vigidesastres-em-picos\/#article","isPartOf":{"@id":"https:\/\/noticiaempauta.com\/portal\/ministerio-da-saude-e-sesapi-iniciam-acoes-do-programa-vigidesastres-em-picos\/"},"author":{"name":"Reda\u00e7\u00e3o","@id":"https:\/\/noticiaempauta.com\/portal\/#\/schema\/person\/a74af43dd1ab3deca45f988c717d57ac"},"headline":"Minist\u00e9rio da Sa\u00fade e SESAPI iniciam a\u00e7\u00f5es do Programa Vigidesastres em Picos","datePublished":"2025-01-16T19:47:18+00:00","dateModified":"2025-01-16T19:47:22+00:00","mainEntityOfPage":{"@id":"https:\/\/noticiaempauta.com\/portal\/ministerio-da-saude-e-sesapi-iniciam-acoes-do-programa-vigidesastres-em-picos\/"},"wordCount":402,"commentCount":0,"publisher":{"@id":"https:\/\/noticiaempauta.com\/portal\/#organization"},"image":{"@id":"https:\/\/noticiaempauta.com\/portal\/ministerio-da-saude-e-sesapi-iniciam-acoes-do-programa-vigidesastres-em-picos\/#primaryimage"},"thumbnailUrl":"https:\/\/noticiaempauta.com\/portal\/wp-content\/uploads\/2025\/01\/WhatsApp-Image-2025-01-16-at-13.58.27-scaled.jpeg","articleSection":["Destaques","Geral","Sa\u00fade","Todas as Not\u00edcias"],"inLanguage":"pt-BR","potentialAction":[{"@type":"CommentAction","name":"Comment","target":["https:\/\/noticiaempauta.com\/portal\/ministerio-da-saude-e-sesapi-iniciam-acoes-do-programa-vigidesastres-em-picos\/#respond"]}]},{"@type":"WebPage","@id":"https:\/\/noticiaempauta.com\/portal\/ministerio-da-saude-e-sesapi-iniciam-acoes-do-programa-vigidesastres-em-picos\/","url":"https:\/\/noticiaempauta.com\/portal\/ministerio-da-saude-e-sesapi-iniciam-acoes-do-programa-vigidesastres-em-picos\/","name":"Minist\u00e9rio da Sa\u00fade e SESAPI iniciam a\u00e7\u00f5es do Programa Vigidesastres em Picos - Portal Not\u00edcia em Pauta","isPartOf":{"@id":"https:\/\/noticiaempauta.com\/portal\/#website"},"primaryImageOfPage":{"@id":"https:\/\/noticiaempauta.com\/portal\/ministerio-da-saude-e-sesapi-iniciam-acoes-do-programa-vigidesastres-em-picos\/#primaryimage"},"image":{"@id":"https:\/\/noticiaempauta.com\/portal\/ministerio-da-saude-e-sesapi-iniciam-acoes-do-programa-vigidesastres-em-picos\/#primaryimage"},"thumbnailUrl":"https:\/\/noticiaempauta.com\/portal\/wp-content\/uploads\/2025\/01\/WhatsApp-Image-2025-01-16-at-13.58.27-scaled.jpeg","datePublished":"2025-01-16T19:47:18+00:00","dateModified":"2025-01-16T19:47:22+00:00","breadcrumb":{"@id":"https:\/\/noticiaempauta.com\/portal\/ministerio-da-saude-e-sesapi-iniciam-acoes-do-programa-vigidesastres-em-picos\/#breadcrumb"},"inLanguage":"pt-BR","potentialAction":[{"@type":"ReadAction","target":["https:\/\/noticiaempauta.com\/portal\/ministerio-da-saude-e-sesapi-iniciam-acoes-do-programa-vigidesastres-em-picos\/"]}]},{"@type":"ImageObject","inLanguage":"pt-BR","@id":"https:\/\/noticiaempauta.com\/portal\/ministerio-da-saude-e-sesapi-iniciam-acoes-do-programa-vigidesastres-em-picos\/#primaryimage","url":"https:\/\/noticiaempauta.com\/portal\/wp-content\/uploads\/2025\/01\/WhatsApp-Image-2025-01-16-at-13.58.27-scaled.jpeg","contentUrl":"https:\/\/noticiaempauta.com\/portal\/wp-content\/uploads\/2025\/01\/WhatsApp-Image-2025-01-16-at-13.58.27-scaled.jpeg","width":2560,"height":1920},{"@type":"BreadcrumbList","@id":"https:\/\/noticiaempauta.com\/portal\/ministerio-da-saude-e-sesapi-iniciam-acoes-do-programa-vigidesastres-em-picos\/#breadcrumb","itemListElement":[{"@type":"ListItem","position":1,"name":"P\u00e1gina Inicial","item":"https:\/\/noticiaempauta.com\/portal\/"},{"@type":"ListItem","position":2,"name":"Destaques","item":"https:\/\/noticiaempauta.com\/portal\/destaques-site\/"},{"@type":"ListItem","position":3,"name":"Minist\u00e9rio da Sa\u00fade e SESAPI iniciam a\u00e7\u00f5es do Programa Vigidesastres em Picos"}]},{"@type":"WebSite","@id":"https:\/\/noticiaempauta.com\/portal\/#website","url":"https:\/\/noticiaempauta.com\/portal\/","name":"Portal Not\u00edcia em Pauta","description":"Voc\u00ea bem informado","publisher":{"@id":"https:\/\/noticiaempauta.com\/portal\/#organization"},"potentialAction":[{"@type":"SearchAction","target":{"@type":"EntryPoint","urlTemplate":"https:\/\/noticiaempauta.com\/portal\/?s={search_term_string}"},"query-input":{"@type":"PropertyValueSpecification","valueRequired":true,"valueName":"search_term_string"}}],"inLanguage":"pt-BR"},{"@type":"Organization","@id":"https:\/\/noticiaempauta.com\/portal\/#organization","name":"Portal Not\u00edcia em Pauta","url":"https:\/\/noticiaempauta.com\/portal\/","logo":{"@type":"ImageObject","inLanguage":"pt-BR","@id":"https:\/\/noticiaempauta.com\/portal\/#\/schema\/logo\/image\/","url":"https:\/\/noticiaempauta.com\/portal\/wp-content\/uploads\/2022\/08\/logomarca_tema.fw_.png","contentUrl":"https:\/\/noticiaempauta.com\/portal\/wp-content\/uploads\/2022\/08\/logomarca_tema.fw_.png","width":400,"height":232,"caption":"Portal Not\u00edcia em Pauta"},"image":{"@id":"https:\/\/noticiaempauta.com\/portal\/#\/schema\/logo\/image\/"},"sameAs":["https:\/\/www.facebook.com\/Portal-Notcia-Em-Pauta-102292869264820\/","https:\/\/www.instagram.com\/portalnoticiaempauta\/"]},{"@type":"Person","@id":"https:\/\/noticiaempauta.com\/portal\/#\/schema\/person\/a74af43dd1ab3deca45f988c717d57ac","name":"Reda\u00e7\u00e3o","image":{"@type":"ImageObject","inLanguage":"pt-BR","@id":"https:\/\/noticiaempauta.com\/portal\/#\/schema\/person\/image\/","url":"https:\/\/secure.gravatar.com\/avatar\/03179346ecce6cdfc13361603e8f54242a90e5cde8618fa23c5c00aa2b0aadf3?s=96&d=mm&r=g","contentUrl":"https:\/\/secure.gravatar.com\/avatar\/03179346ecce6cdfc13361603e8f54242a90e5cde8618fa23c5c00aa2b0aadf3?s=96&d=mm&r=g","caption":"Reda\u00e7\u00e3o"},"sameAs":["https:\/\/noticiaempauta.com\/portal\/"],"url":"https:\/\/noticiaempauta.com\/portal\/author\/fernando\/"}]}},"_links":{"self":[{"href":"https:\/\/noticiaempauta.com\/portal\/wp-json\/wp\/v2\/posts\/266577","targetHints":{"allow":["GET"]}}],"collection":[{"href":"https:\/\/noticiaempauta.com\/portal\/wp-json\/wp\/v2\/posts"}],"about":[{"href":"https:\/\/noticiaempauta.com\/portal\/wp-json\/wp\/v2\/types\/post"}],"author":[{"embeddable":true,"href":"https:\/\/noticiaempauta.com\/portal\/wp-json\/wp\/v2\/users\/2"}],"replies":[{"embeddable":true,"href":"https:\/\/noticiaempauta.com\/portal\/wp-json\/wp\/v2\/comments?post=266577"}],"version-history":[{"count":1,"href":"https:\/\/noticiaempauta.com\/portal\/wp-json\/wp\/v2\/posts\/266577\/revisions"}],"predecessor-version":[{"id":266583,"href":"https:\/\/noticiaempauta.com\/portal\/wp-json\/wp\/v2\/posts\/266577\/revisions\/266583"}],"wp:featuredmedia":[{"embeddable":true,"href":"https:\/\/noticiaempauta.com\/portal\/wp-json\/wp\/v2\/media\/266578"}],"wp:attachment":[{"href":"https:\/\/noticiaempauta.com\/portal\/wp-json\/wp\/v2\/media?parent=266577"}],"wp:term":[{"taxonomy":"category","embeddable":true,"href":"https:\/\/noticiaempauta.com\/portal\/wp-json\/wp\/v2\/categories?post=266577"},{"taxonomy":"post_tag","embeddable":true,"href":"https:\/\/noticiaempauta.com\/portal\/wp-json\/wp\/v2\/tags?post=266577"}],"curies":[{"name":"wp","href":"https:\/\/api.w.org\/{rel}","templated":true}]}}