{"id":267128,"date":"2025-01-28T18:42:37","date_gmt":"2025-01-28T21:42:37","guid":{"rendered":"https:\/\/noticiaempauta.com\/portal\/?p=267128"},"modified":"2025-01-28T18:42:38","modified_gmt":"2025-01-28T21:42:38","slug":"prefeito-marciano-macedo-anuncia-reajuste-de-627-para-os-professores-de-aroeiras-do-itaim","status":"publish","type":"post","link":"https:\/\/noticiaempauta.com\/portal\/prefeito-marciano-macedo-anuncia-reajuste-de-627-para-os-professores-de-aroeiras-do-itaim\/","title":{"rendered":"Prefeito Marciano Macedo anuncia reajuste de 6,27% para os professores de Aroeiras do Itaim"},"content":{"rendered":"\n<p>O professores da rede municipal de ensino de Aroeiras do Itaim ter\u00e3o seus vencimentos reajustados de acordo com o novo piso salarial. <\/p>\n\n\n\n<figure class=\"wp-block-image size-large\"><img fetchpriority=\"high\" decoding=\"async\" width=\"1024\" height=\"683\" src=\"https:\/\/noticiaempauta.com\/portal\/wp-content\/uploads\/2025\/01\/IMG_0303-1-1024x683.webp\" alt=\"\" class=\"wp-image-267130\" srcset=\"https:\/\/noticiaempauta.com\/portal\/wp-content\/uploads\/2025\/01\/IMG_0303-1-1024x683.webp 1024w, https:\/\/noticiaempauta.com\/portal\/wp-content\/uploads\/2025\/01\/IMG_0303-1-300x200.webp 300w, https:\/\/noticiaempauta.com\/portal\/wp-content\/uploads\/2025\/01\/IMG_0303-1-768x512.webp 768w, https:\/\/noticiaempauta.com\/portal\/wp-content\/uploads\/2025\/01\/IMG_0303-1.webp 1200w\" sizes=\"(max-width: 1024px) 100vw, 1024px\" \/><\/figure>\n\n\n\n<p>O reajuste foi confirmado pelo prefeito Marciano Macedo, no in\u00edcio da tarde desta ter\u00e7a-feira, 28, na sede da Secretaria Municipal de Educa\u00e7\u00e3o, onde esteve com a secret\u00e1ria de Educa\u00e7\u00e3o, F\u00e1tima Sousa.<\/p>\n\n\n\n<p>Com o reajuste de 6,27% o piso dos professores da Educa\u00e7\u00e3o B\u00e1sica com carga hor\u00e1ria de 40 horas ser\u00e1 no valor de R$ 4.867,77 (Quatro mil oitocentos e sessenta e sete reais e setenta e sete centavos).<\/p>\n\n\n\n<p>Marciano muito entusiasmado com as novas regras do piso, destacou que a valoriza\u00e7\u00e3o dos profissionais \u00e9 de grande import\u00e2ncia.<\/p>\n\n\n\n<figure class=\"wp-block-image size-large\"><img decoding=\"async\" width=\"1024\" height=\"683\" src=\"https:\/\/noticiaempauta.com\/portal\/wp-content\/uploads\/2025\/01\/IMG_0304-1024x683.webp\" alt=\"\" class=\"wp-image-267131\" srcset=\"https:\/\/noticiaempauta.com\/portal\/wp-content\/uploads\/2025\/01\/IMG_0304-1024x683.webp 1024w, https:\/\/noticiaempauta.com\/portal\/wp-content\/uploads\/2025\/01\/IMG_0304-300x200.webp 300w, https:\/\/noticiaempauta.com\/portal\/wp-content\/uploads\/2025\/01\/IMG_0304-768x512.webp 768w, https:\/\/noticiaempauta.com\/portal\/wp-content\/uploads\/2025\/01\/IMG_0304.webp 1080w\" sizes=\"(max-width: 1024px) 100vw, 1024px\" \/><\/figure>\n\n\n\n<p>\u201cEsse \u00e9 um compromisso em valorizar nossos professores de Aroeiras do Itaim. Com os profissionais valorizados com certeza o munic\u00edpio cresce e toda a popula\u00e7\u00e3o \u00e9 quem ganha\u201d, declarou o prefeito.<\/p>\n\n\n\n<p>A confirma\u00e7\u00e3o do reajuste foi uma boa not\u00edcia para a secret\u00e1ria, F\u00e1tima Sousa.<\/p>\n\n\n\n<figure class=\"wp-block-image size-large\"><img decoding=\"async\" width=\"1024\" height=\"683\" src=\"https:\/\/noticiaempauta.com\/portal\/wp-content\/uploads\/2025\/01\/IMG_0305-1024x683.webp\" alt=\"\" class=\"wp-image-267132\" srcset=\"https:\/\/noticiaempauta.com\/portal\/wp-content\/uploads\/2025\/01\/IMG_0305-1024x683.webp 1024w, https:\/\/noticiaempauta.com\/portal\/wp-content\/uploads\/2025\/01\/IMG_0305-300x200.webp 300w, https:\/\/noticiaempauta.com\/portal\/wp-content\/uploads\/2025\/01\/IMG_0305-768x512.webp 768w, https:\/\/noticiaempauta.com\/portal\/wp-content\/uploads\/2025\/01\/IMG_0305.webp 1080w\" sizes=\"(max-width: 1024px) 100vw, 1024px\" \/><\/figure>\n\n\n\n<p>\u201cFicamos felizes porque \u00e9 um munic\u00edpio que est\u00e1 enxergando essa classe. Fico muito feliz pelo prefeito estar empenhado na valoriza\u00e7\u00e3o dos nossos professores e do nosso munic\u00edpio\u201d, destacou a secret\u00e1ria de Educa\u00e7\u00e3o de Aroeiras do Itaim.<\/p>\n\n\n\n<p>Fonte: CidadesnaNet<\/p>\n","protected":false},"excerpt":{"rendered":"<p>O professores da rede municipal de ensino de Aroeiras do Itaim ter\u00e3o seus vencimentos reajustados de acordo com o novo piso salarial. O reajuste foi confirmado pelo prefeito Marciano Macedo, no in\u00edcio da tarde desta ter\u00e7a-feira, 28, na sede da Secretaria Municipal de Educa\u00e7\u00e3o, onde esteve com a secret\u00e1ria de Educa\u00e7\u00e3o, F\u00e1tima Sousa. Com o [&hellip;]<\/p>\n","protected":false},"author":2,"featured_media":267129,"comment_status":"open","ping_status":"open","sticky":false,"template":"","format":"standard","meta":{"_mi_skip_tracking":false,"footnotes":""},"categories":[25,1,9,16],"tags":[],"class_list":["post-267128","post","type-post","status-publish","format-standard","has-post-thumbnail","hentry","category-destaques-site","category-geral","category-municipios","category-todas"],"acf":[],"yoast_head":"<!-- This site is optimized with the Yoast SEO Premium plugin v19.2 (Yoast SEO v26.9) - https:\/\/yoast.com\/product\/yoast-seo-premium-wordpress\/ -->\n<title>Prefeito Marciano Macedo anuncia reajuste de 6,27% para os professores de Aroeiras do Itaim - Portal Not\u00edcia em Pauta<\/title>\n<meta name=\"robots\" content=\"index, follow, max-snippet:-1, max-image-preview:large, max-video-preview:-1\" \/>\n<link rel=\"canonical\" href=\"https:\/\/noticiaempauta.com\/portal\/prefeito-marciano-macedo-anuncia-reajuste-de-627-para-os-professores-de-aroeiras-do-itaim\/\" \/>\n<meta property=\"og:locale\" content=\"pt_BR\" \/>\n<meta property=\"og:type\" content=\"article\" \/>\n<meta property=\"og:title\" content=\"Prefeito Marciano Macedo anuncia reajuste de 6,27% para os professores de Aroeiras do Itaim\" \/>\n<meta property=\"og:description\" content=\"O professores da rede municipal de ensino de Aroeiras do Itaim ter\u00e3o seus vencimentos reajustados de acordo com o novo piso salarial. O reajuste foi confirmado pelo prefeito Marciano Macedo, no in\u00edcio da tarde desta ter\u00e7a-feira, 28, na sede da Secretaria Municipal de Educa\u00e7\u00e3o, onde esteve com a secret\u00e1ria de Educa\u00e7\u00e3o, F\u00e1tima Sousa. Com o [&hellip;]\" \/>\n<meta property=\"og:url\" content=\"https:\/\/noticiaempauta.com\/portal\/prefeito-marciano-macedo-anuncia-reajuste-de-627-para-os-professores-de-aroeiras-do-itaim\/\" \/>\n<meta property=\"og:site_name\" content=\"Portal Not\u00edcia em Pauta\" \/>\n<meta property=\"article:publisher\" content=\"https:\/\/www.facebook.com\/Portal-Notcia-Em-Pauta-102292869264820\/\" \/>\n<meta property=\"article:published_time\" content=\"2025-01-28T21:42:37+00:00\" \/>\n<meta property=\"article:modified_time\" content=\"2025-01-28T21:42:38+00:00\" \/>\n<meta property=\"og:image\" content=\"https:\/\/noticiaempauta.com\/portal\/wp-content\/uploads\/2025\/01\/IMG_0303.webp\" \/>\n\t<meta property=\"og:image:width\" content=\"1200\" \/>\n\t<meta property=\"og:image:height\" content=\"800\" \/>\n\t<meta property=\"og:image:type\" content=\"image\/webp\" \/>\n<meta name=\"author\" content=\"Reda\u00e7\u00e3o\" \/>\n<meta name=\"twitter:card\" content=\"summary_large_image\" \/>\n<meta name=\"twitter:label1\" content=\"Escrito por\" \/>\n\t<meta name=\"twitter:data1\" content=\"Reda\u00e7\u00e3o\" \/>\n\t<meta name=\"twitter:label2\" content=\"Est. tempo de leitura\" \/>\n\t<meta name=\"twitter:data2\" content=\"2 minutos\" \/>\n<script type=\"application\/ld+json\" class=\"yoast-schema-graph\">{\"@context\":\"https:\/\/schema.org\",\"@graph\":[{\"@type\":\"Article\",\"@id\":\"https:\/\/noticiaempauta.com\/portal\/prefeito-marciano-macedo-anuncia-reajuste-de-627-para-os-professores-de-aroeiras-do-itaim\/#article\",\"isPartOf\":{\"@id\":\"https:\/\/noticiaempauta.com\/portal\/prefeito-marciano-macedo-anuncia-reajuste-de-627-para-os-professores-de-aroeiras-do-itaim\/\"},\"author\":{\"name\":\"Reda\u00e7\u00e3o\",\"@id\":\"https:\/\/noticiaempauta.com\/portal\/#\/schema\/person\/a74af43dd1ab3deca45f988c717d57ac\"},\"headline\":\"Prefeito Marciano Macedo anuncia reajuste de 6,27% para os professores de Aroeiras do Itaim\",\"datePublished\":\"2025-01-28T21:42:37+00:00\",\"dateModified\":\"2025-01-28T21:42:38+00:00\",\"mainEntityOfPage\":{\"@id\":\"https:\/\/noticiaempauta.com\/portal\/prefeito-marciano-macedo-anuncia-reajuste-de-627-para-os-professores-de-aroeiras-do-itaim\/\"},\"wordCount\":219,\"commentCount\":0,\"publisher\":{\"@id\":\"https:\/\/noticiaempauta.com\/portal\/#organization\"},\"image\":{\"@id\":\"https:\/\/noticiaempauta.com\/portal\/prefeito-marciano-macedo-anuncia-reajuste-de-627-para-os-professores-de-aroeiras-do-itaim\/#primaryimage\"},\"thumbnailUrl\":\"https:\/\/noticiaempauta.com\/portal\/wp-content\/uploads\/2025\/01\/IMG_0303.webp\",\"articleSection\":[\"Destaques\",\"Geral\",\"Munic\u00edpios\",\"Todas as Not\u00edcias\"],\"inLanguage\":\"pt-BR\",\"potentialAction\":[{\"@type\":\"CommentAction\",\"name\":\"Comment\",\"target\":[\"https:\/\/noticiaempauta.com\/portal\/prefeito-marciano-macedo-anuncia-reajuste-de-627-para-os-professores-de-aroeiras-do-itaim\/#respond\"]}]},{\"@type\":\"WebPage\",\"@id\":\"https:\/\/noticiaempauta.com\/portal\/prefeito-marciano-macedo-anuncia-reajuste-de-627-para-os-professores-de-aroeiras-do-itaim\/\",\"url\":\"https:\/\/noticiaempauta.com\/portal\/prefeito-marciano-macedo-anuncia-reajuste-de-627-para-os-professores-de-aroeiras-do-itaim\/\",\"name\":\"Prefeito Marciano Macedo anuncia reajuste de 6,27% para os professores de Aroeiras do Itaim - Portal Not\u00edcia em Pauta\",\"isPartOf\":{\"@id\":\"https:\/\/noticiaempauta.com\/portal\/#website\"},\"primaryImageOfPage\":{\"@id\":\"https:\/\/noticiaempauta.com\/portal\/prefeito-marciano-macedo-anuncia-reajuste-de-627-para-os-professores-de-aroeiras-do-itaim\/#primaryimage\"},\"image\":{\"@id\":\"https:\/\/noticiaempauta.com\/portal\/prefeito-marciano-macedo-anuncia-reajuste-de-627-para-os-professores-de-aroeiras-do-itaim\/#primaryimage\"},\"thumbnailUrl\":\"https:\/\/noticiaempauta.com\/portal\/wp-content\/uploads\/2025\/01\/IMG_0303.webp\",\"datePublished\":\"2025-01-28T21:42:37+00:00\",\"dateModified\":\"2025-01-28T21:42:38+00:00\",\"breadcrumb\":{\"@id\":\"https:\/\/noticiaempauta.com\/portal\/prefeito-marciano-macedo-anuncia-reajuste-de-627-para-os-professores-de-aroeiras-do-itaim\/#breadcrumb\"},\"inLanguage\":\"pt-BR\",\"potentialAction\":[{\"@type\":\"ReadAction\",\"target\":[\"https:\/\/noticiaempauta.com\/portal\/prefeito-marciano-macedo-anuncia-reajuste-de-627-para-os-professores-de-aroeiras-do-itaim\/\"]}]},{\"@type\":\"ImageObject\",\"inLanguage\":\"pt-BR\",\"@id\":\"https:\/\/noticiaempauta.com\/portal\/prefeito-marciano-macedo-anuncia-reajuste-de-627-para-os-professores-de-aroeiras-do-itaim\/#primaryimage\",\"url\":\"https:\/\/noticiaempauta.com\/portal\/wp-content\/uploads\/2025\/01\/IMG_0303.webp\",\"contentUrl\":\"https:\/\/noticiaempauta.com\/portal\/wp-content\/uploads\/2025\/01\/IMG_0303.webp\",\"width\":1200,\"height\":800},{\"@type\":\"BreadcrumbList\",\"@id\":\"https:\/\/noticiaempauta.com\/portal\/prefeito-marciano-macedo-anuncia-reajuste-de-627-para-os-professores-de-aroeiras-do-itaim\/#breadcrumb\",\"itemListElement\":[{\"@type\":\"ListItem\",\"position\":1,\"name\":\"P\u00e1gina Inicial\",\"item\":\"https:\/\/noticiaempauta.com\/portal\/\"},{\"@type\":\"ListItem\",\"position\":2,\"name\":\"Destaques\",\"item\":\"https:\/\/noticiaempauta.com\/portal\/destaques-site\/\"},{\"@type\":\"ListItem\",\"position\":3,\"name\":\"Prefeito Marciano Macedo anuncia reajuste de 6,27% para os professores de Aroeiras do Itaim\"}]},{\"@type\":\"WebSite\",\"@id\":\"https:\/\/noticiaempauta.com\/portal\/#website\",\"url\":\"https:\/\/noticiaempauta.com\/portal\/\",\"name\":\"Portal Not\u00edcia em Pauta\",\"description\":\"Voc\u00ea bem informado\",\"publisher\":{\"@id\":\"https:\/\/noticiaempauta.com\/portal\/#organization\"},\"potentialAction\":[{\"@type\":\"SearchAction\",\"target\":{\"@type\":\"EntryPoint\",\"urlTemplate\":\"https:\/\/noticiaempauta.com\/portal\/?s={search_term_string}\"},\"query-input\":{\"@type\":\"PropertyValueSpecification\",\"valueRequired\":true,\"valueName\":\"search_term_string\"}}],\"inLanguage\":\"pt-BR\"},{\"@type\":\"Organization\",\"@id\":\"https:\/\/noticiaempauta.com\/portal\/#organization\",\"name\":\"Portal Not\u00edcia em Pauta\",\"url\":\"https:\/\/noticiaempauta.com\/portal\/\",\"logo\":{\"@type\":\"ImageObject\",\"inLanguage\":\"pt-BR\",\"@id\":\"https:\/\/noticiaempauta.com\/portal\/#\/schema\/logo\/image\/\",\"url\":\"https:\/\/noticiaempauta.com\/portal\/wp-content\/uploads\/2022\/08\/logomarca_tema.fw_.png\",\"contentUrl\":\"https:\/\/noticiaempauta.com\/portal\/wp-content\/uploads\/2022\/08\/logomarca_tema.fw_.png\",\"width\":400,\"height\":232,\"caption\":\"Portal Not\u00edcia em Pauta\"},\"image\":{\"@id\":\"https:\/\/noticiaempauta.com\/portal\/#\/schema\/logo\/image\/\"},\"sameAs\":[\"https:\/\/www.facebook.com\/Portal-Notcia-Em-Pauta-102292869264820\/\",\"https:\/\/www.instagram.com\/portalnoticiaempauta\/\"]},{\"@type\":\"Person\",\"@id\":\"https:\/\/noticiaempauta.com\/portal\/#\/schema\/person\/a74af43dd1ab3deca45f988c717d57ac\",\"name\":\"Reda\u00e7\u00e3o\",\"image\":{\"@type\":\"ImageObject\",\"inLanguage\":\"pt-BR\",\"@id\":\"https:\/\/noticiaempauta.com\/portal\/#\/schema\/person\/image\/\",\"url\":\"https:\/\/secure.gravatar.com\/avatar\/03179346ecce6cdfc13361603e8f54242a90e5cde8618fa23c5c00aa2b0aadf3?s=96&d=mm&r=g\",\"contentUrl\":\"https:\/\/secure.gravatar.com\/avatar\/03179346ecce6cdfc13361603e8f54242a90e5cde8618fa23c5c00aa2b0aadf3?s=96&d=mm&r=g\",\"caption\":\"Reda\u00e7\u00e3o\"},\"sameAs\":[\"https:\/\/noticiaempauta.com\/portal\/\"],\"url\":\"https:\/\/noticiaempauta.com\/portal\/author\/fernando\/\"}]}<\/script>\n<!-- \/ Yoast SEO Premium plugin. -->","yoast_head_json":{"title":"Prefeito Marciano Macedo anuncia reajuste de 6,27% para os professores de Aroeiras do Itaim - Portal Not\u00edcia em Pauta","robots":{"index":"index","follow":"follow","max-snippet":"max-snippet:-1","max-image-preview":"max-image-preview:large","max-video-preview":"max-video-preview:-1"},"canonical":"https:\/\/noticiaempauta.com\/portal\/prefeito-marciano-macedo-anuncia-reajuste-de-627-para-os-professores-de-aroeiras-do-itaim\/","og_locale":"pt_BR","og_type":"article","og_title":"Prefeito Marciano Macedo anuncia reajuste de 6,27% para os professores de Aroeiras do Itaim","og_description":"O professores da rede municipal de ensino de Aroeiras do Itaim ter\u00e3o seus vencimentos reajustados de acordo com o novo piso salarial. O reajuste foi confirmado pelo prefeito Marciano Macedo, no in\u00edcio da tarde desta ter\u00e7a-feira, 28, na sede da Secretaria Municipal de Educa\u00e7\u00e3o, onde esteve com a secret\u00e1ria de Educa\u00e7\u00e3o, F\u00e1tima Sousa. Com o [&hellip;]","og_url":"https:\/\/noticiaempauta.com\/portal\/prefeito-marciano-macedo-anuncia-reajuste-de-627-para-os-professores-de-aroeiras-do-itaim\/","og_site_name":"Portal Not\u00edcia em Pauta","article_publisher":"https:\/\/www.facebook.com\/Portal-Notcia-Em-Pauta-102292869264820\/","article_published_time":"2025-01-28T21:42:37+00:00","article_modified_time":"2025-01-28T21:42:38+00:00","og_image":[{"width":1200,"height":800,"url":"https:\/\/noticiaempauta.com\/portal\/wp-content\/uploads\/2025\/01\/IMG_0303.webp","type":"image\/webp"}],"author":"Reda\u00e7\u00e3o","twitter_card":"summary_large_image","twitter_misc":{"Escrito por":"Reda\u00e7\u00e3o","Est. tempo de leitura":"2 minutos"},"schema":{"@context":"https:\/\/schema.org","@graph":[{"@type":"Article","@id":"https:\/\/noticiaempauta.com\/portal\/prefeito-marciano-macedo-anuncia-reajuste-de-627-para-os-professores-de-aroeiras-do-itaim\/#article","isPartOf":{"@id":"https:\/\/noticiaempauta.com\/portal\/prefeito-marciano-macedo-anuncia-reajuste-de-627-para-os-professores-de-aroeiras-do-itaim\/"},"author":{"name":"Reda\u00e7\u00e3o","@id":"https:\/\/noticiaempauta.com\/portal\/#\/schema\/person\/a74af43dd1ab3deca45f988c717d57ac"},"headline":"Prefeito Marciano Macedo anuncia reajuste de 6,27% para os professores de Aroeiras do Itaim","datePublished":"2025-01-28T21:42:37+00:00","dateModified":"2025-01-28T21:42:38+00:00","mainEntityOfPage":{"@id":"https:\/\/noticiaempauta.com\/portal\/prefeito-marciano-macedo-anuncia-reajuste-de-627-para-os-professores-de-aroeiras-do-itaim\/"},"wordCount":219,"commentCount":0,"publisher":{"@id":"https:\/\/noticiaempauta.com\/portal\/#organization"},"image":{"@id":"https:\/\/noticiaempauta.com\/portal\/prefeito-marciano-macedo-anuncia-reajuste-de-627-para-os-professores-de-aroeiras-do-itaim\/#primaryimage"},"thumbnailUrl":"https:\/\/noticiaempauta.com\/portal\/wp-content\/uploads\/2025\/01\/IMG_0303.webp","articleSection":["Destaques","Geral","Munic\u00edpios","Todas as Not\u00edcias"],"inLanguage":"pt-BR","potentialAction":[{"@type":"CommentAction","name":"Comment","target":["https:\/\/noticiaempauta.com\/portal\/prefeito-marciano-macedo-anuncia-reajuste-de-627-para-os-professores-de-aroeiras-do-itaim\/#respond"]}]},{"@type":"WebPage","@id":"https:\/\/noticiaempauta.com\/portal\/prefeito-marciano-macedo-anuncia-reajuste-de-627-para-os-professores-de-aroeiras-do-itaim\/","url":"https:\/\/noticiaempauta.com\/portal\/prefeito-marciano-macedo-anuncia-reajuste-de-627-para-os-professores-de-aroeiras-do-itaim\/","name":"Prefeito Marciano Macedo anuncia reajuste de 6,27% para os professores de Aroeiras do Itaim - Portal Not\u00edcia em Pauta","isPartOf":{"@id":"https:\/\/noticiaempauta.com\/portal\/#website"},"primaryImageOfPage":{"@id":"https:\/\/noticiaempauta.com\/portal\/prefeito-marciano-macedo-anuncia-reajuste-de-627-para-os-professores-de-aroeiras-do-itaim\/#primaryimage"},"image":{"@id":"https:\/\/noticiaempauta.com\/portal\/prefeito-marciano-macedo-anuncia-reajuste-de-627-para-os-professores-de-aroeiras-do-itaim\/#primaryimage"},"thumbnailUrl":"https:\/\/noticiaempauta.com\/portal\/wp-content\/uploads\/2025\/01\/IMG_0303.webp","datePublished":"2025-01-28T21:42:37+00:00","dateModified":"2025-01-28T21:42:38+00:00","breadcrumb":{"@id":"https:\/\/noticiaempauta.com\/portal\/prefeito-marciano-macedo-anuncia-reajuste-de-627-para-os-professores-de-aroeiras-do-itaim\/#breadcrumb"},"inLanguage":"pt-BR","potentialAction":[{"@type":"ReadAction","target":["https:\/\/noticiaempauta.com\/portal\/prefeito-marciano-macedo-anuncia-reajuste-de-627-para-os-professores-de-aroeiras-do-itaim\/"]}]},{"@type":"ImageObject","inLanguage":"pt-BR","@id":"https:\/\/noticiaempauta.com\/portal\/prefeito-marciano-macedo-anuncia-reajuste-de-627-para-os-professores-de-aroeiras-do-itaim\/#primaryimage","url":"https:\/\/noticiaempauta.com\/portal\/wp-content\/uploads\/2025\/01\/IMG_0303.webp","contentUrl":"https:\/\/noticiaempauta.com\/portal\/wp-content\/uploads\/2025\/01\/IMG_0303.webp","width":1200,"height":800},{"@type":"BreadcrumbList","@id":"https:\/\/noticiaempauta.com\/portal\/prefeito-marciano-macedo-anuncia-reajuste-de-627-para-os-professores-de-aroeiras-do-itaim\/#breadcrumb","itemListElement":[{"@type":"ListItem","position":1,"name":"P\u00e1gina Inicial","item":"https:\/\/noticiaempauta.com\/portal\/"},{"@type":"ListItem","position":2,"name":"Destaques","item":"https:\/\/noticiaempauta.com\/portal\/destaques-site\/"},{"@type":"ListItem","position":3,"name":"Prefeito Marciano Macedo anuncia reajuste de 6,27% para os professores de Aroeiras do Itaim"}]},{"@type":"WebSite","@id":"https:\/\/noticiaempauta.com\/portal\/#website","url":"https:\/\/noticiaempauta.com\/portal\/","name":"Portal Not\u00edcia em Pauta","description":"Voc\u00ea bem informado","publisher":{"@id":"https:\/\/noticiaempauta.com\/portal\/#organization"},"potentialAction":[{"@type":"SearchAction","target":{"@type":"EntryPoint","urlTemplate":"https:\/\/noticiaempauta.com\/portal\/?s={search_term_string}"},"query-input":{"@type":"PropertyValueSpecification","valueRequired":true,"valueName":"search_term_string"}}],"inLanguage":"pt-BR"},{"@type":"Organization","@id":"https:\/\/noticiaempauta.com\/portal\/#organization","name":"Portal Not\u00edcia em Pauta","url":"https:\/\/noticiaempauta.com\/portal\/","logo":{"@type":"ImageObject","inLanguage":"pt-BR","@id":"https:\/\/noticiaempauta.com\/portal\/#\/schema\/logo\/image\/","url":"https:\/\/noticiaempauta.com\/portal\/wp-content\/uploads\/2022\/08\/logomarca_tema.fw_.png","contentUrl":"https:\/\/noticiaempauta.com\/portal\/wp-content\/uploads\/2022\/08\/logomarca_tema.fw_.png","width":400,"height":232,"caption":"Portal Not\u00edcia em Pauta"},"image":{"@id":"https:\/\/noticiaempauta.com\/portal\/#\/schema\/logo\/image\/"},"sameAs":["https:\/\/www.facebook.com\/Portal-Notcia-Em-Pauta-102292869264820\/","https:\/\/www.instagram.com\/portalnoticiaempauta\/"]},{"@type":"Person","@id":"https:\/\/noticiaempauta.com\/portal\/#\/schema\/person\/a74af43dd1ab3deca45f988c717d57ac","name":"Reda\u00e7\u00e3o","image":{"@type":"ImageObject","inLanguage":"pt-BR","@id":"https:\/\/noticiaempauta.com\/portal\/#\/schema\/person\/image\/","url":"https:\/\/secure.gravatar.com\/avatar\/03179346ecce6cdfc13361603e8f54242a90e5cde8618fa23c5c00aa2b0aadf3?s=96&d=mm&r=g","contentUrl":"https:\/\/secure.gravatar.com\/avatar\/03179346ecce6cdfc13361603e8f54242a90e5cde8618fa23c5c00aa2b0aadf3?s=96&d=mm&r=g","caption":"Reda\u00e7\u00e3o"},"sameAs":["https:\/\/noticiaempauta.com\/portal\/"],"url":"https:\/\/noticiaempauta.com\/portal\/author\/fernando\/"}]}},"_links":{"self":[{"href":"https:\/\/noticiaempauta.com\/portal\/wp-json\/wp\/v2\/posts\/267128","targetHints":{"allow":["GET"]}}],"collection":[{"href":"https:\/\/noticiaempauta.com\/portal\/wp-json\/wp\/v2\/posts"}],"about":[{"href":"https:\/\/noticiaempauta.com\/portal\/wp-json\/wp\/v2\/types\/post"}],"author":[{"embeddable":true,"href":"https:\/\/noticiaempauta.com\/portal\/wp-json\/wp\/v2\/users\/2"}],"replies":[{"embeddable":true,"href":"https:\/\/noticiaempauta.com\/portal\/wp-json\/wp\/v2\/comments?post=267128"}],"version-history":[{"count":2,"href":"https:\/\/noticiaempauta.com\/portal\/wp-json\/wp\/v2\/posts\/267128\/revisions"}],"predecessor-version":[{"id":267134,"href":"https:\/\/noticiaempauta.com\/portal\/wp-json\/wp\/v2\/posts\/267128\/revisions\/267134"}],"wp:featuredmedia":[{"embeddable":true,"href":"https:\/\/noticiaempauta.com\/portal\/wp-json\/wp\/v2\/media\/267129"}],"wp:attachment":[{"href":"https:\/\/noticiaempauta.com\/portal\/wp-json\/wp\/v2\/media?parent=267128"}],"wp:term":[{"taxonomy":"category","embeddable":true,"href":"https:\/\/noticiaempauta.com\/portal\/wp-json\/wp\/v2\/categories?post=267128"},{"taxonomy":"post_tag","embeddable":true,"href":"https:\/\/noticiaempauta.com\/portal\/wp-json\/wp\/v2\/tags?post=267128"}],"curies":[{"name":"wp","href":"https:\/\/api.w.org\/{rel}","templated":true}]}}