{"id":267208,"date":"2025-01-31T10:01:55","date_gmt":"2025-01-31T13:01:55","guid":{"rendered":"https:\/\/noticiaempauta.com\/portal\/?p=267208"},"modified":"2025-01-31T10:01:57","modified_gmt":"2025-01-31T13:01:57","slug":"eleicao-no-congresso-mudancas-nas-duas-casas-trazem-novos-desafios-para-o-governo-lula","status":"publish","type":"post","link":"https:\/\/noticiaempauta.com\/portal\/eleicao-no-congresso-mudancas-nas-duas-casas-trazem-novos-desafios-para-o-governo-lula\/","title":{"rendered":"Elei\u00e7\u00e3o no Congresso: mudan\u00e7as nas duas Casas trazem novos desafios para o governo Lula"},"content":{"rendered":"\n<p>A ascens\u00e3o de Hugo Motta (Republicanos-PB) \u00e0 presid\u00eancia da C\u00e2mara dos Deputados e o retorno de Davi Alcolumbre (Uni\u00e3o-AP) ao comando do Senado, ambos favoritos na disputa deste s\u00e1bado, 1\u00ba, trar\u00e3o novos desafios para o governo de Luiz In\u00e1cio Lula da Silva (PT). Embora n\u00e3o se espere uma mudan\u00e7a radical em nenhuma das Casas, a sa\u00edda de cena de Arthur Lira (PP\/AL) e Rodrigo Pacheco (PSD\/MG) exigir\u00e1 do Planalto fazer novos arranjos e acordos em prol da governabilidade.<\/p>\n\n\n\n<figure class=\"wp-block-image size-large\"><img fetchpriority=\"high\" decoding=\"async\" width=\"1024\" height=\"576\" src=\"https:\/\/noticiaempauta.com\/portal\/wp-content\/uploads\/2025\/01\/congresso-nacional-1024x576.jpg\" alt=\"\" class=\"wp-image-267209\" srcset=\"https:\/\/noticiaempauta.com\/portal\/wp-content\/uploads\/2025\/01\/congresso-nacional-1024x576.jpg 1024w, https:\/\/noticiaempauta.com\/portal\/wp-content\/uploads\/2025\/01\/congresso-nacional-300x169.jpg 300w, https:\/\/noticiaempauta.com\/portal\/wp-content\/uploads\/2025\/01\/congresso-nacional-768x432.jpg 768w, https:\/\/noticiaempauta.com\/portal\/wp-content\/uploads\/2025\/01\/congresso-nacional-1536x864.jpg 1536w, https:\/\/noticiaempauta.com\/portal\/wp-content\/uploads\/2025\/01\/congresso-nacional-2048x1152.jpg 2048w\" sizes=\"(max-width: 1024px) 100vw, 1024px\" \/><figcaption class=\"wp-element-caption\">(Reprodu\u00e7\u00e3o)<\/figcaption><\/figure>\n\n\n\n<p>Com um maior protagonismo nos \u00faltimos anos, o Congresso teve disputas mais acirradas em alguns momentos, muito diferente da conjuntura desenhada no pleito deste ano. As duas Casas t\u00eam seus favoritos, que adv\u00e9m das alian\u00e7as constru\u00eddas e do apoio dos respectivos presidentes, Lira e Pacheco. \u00c9, ali\u00e1s, com esses dois personagens que cientistas pol\u00edticos ouvidos pelo Terra argumentam que Lula ter\u00e1 que atuar de imediato para garantir sucesso no avan\u00e7o de pautas em 2025 e 2026.<\/p>\n\n\n\n<p>\u201cTanto Hugo Motta quanto Davi Alcolumbre tendem a dar uma continuidade ao fortalecimento do Centr\u00e3o dentro do Legislativo, de modo que, ao que tudo indica, caso Lula n\u00e3o fa\u00e7a uma reforma ministerial que comporte mais membros do Centr\u00e3o, certamente ele ter\u00e1 muitas dificuldades em fazer aprovar projetos importantes ao Brasil\u201d, avalia Paulo Niccoli Ramirez,&nbsp; cientista pol\u00edtico e professor de sociologia da Funda\u00e7\u00e3o Escola de Sociologia e Pol\u00edtica de S\u00e3o Paulo (FESPSP).<\/p>\n\n\n\n<p>Let\u00edcia Machado, mestranda em Ci\u00eancia Pol\u00edtica na USP e consultora na Prospectiva Public Affairs Latam, diz que o governo precisa estabelecer uma boa rela\u00e7\u00e3o com Motta e Alcolumbre. Ela lembra que o Congresso iniciar\u00e1 a nova sess\u00e3o legislativa com 55 vetos presidenciais pendentes, que abrangem quest\u00f5es como marcas or\u00e7ament\u00e1rias, reforma tribut\u00e1ria e d\u00edvidas estaduais. A agenda fiscal e tribut\u00e1ria seguir\u00e1 sendo uma prioridade central.<\/p>\n\n\n\n<p>\u201cA governabilidade deve seguir uma din\u00e2mica semelhante \u00e0 observada nos primeiros anos de governo, com sinais de uma invers\u00e3o no papel das Casas e nos perfis de Lira e Pacheco na condu\u00e7\u00e3o dos trabalhos. Motta tende a adotar uma postura mais aberta \u00e0 negocia\u00e7\u00e3o com o governo e lideran\u00e7as, mais semelhante ao Pacheco no Senado, enquanto Alcolumbre deve apresentar maior rigidez nas tratativas, como Lira na C\u00e2mara\u201d, prev\u00ea Let\u00edcia Machado.<\/p>\n\n\n\n<p><strong>Rela\u00e7\u00e3o do governo com o Congresso<\/strong><br>Se no in\u00edcio da disputa Lula evitou tomar partido diante da crescente divis\u00e3o entre os caciques do Centr\u00e3o, evitando repetir \u201cerros do passado\u201d, como o apoio de Dilma ao candidato de oposi\u00e7\u00e3o a Eduardo Cunha, em 2015, que acabou culminando no processo de impeachment, seu apoio a Motta e Alcolumbre veio com uma decis\u00e3o pol\u00edtica. Lula liberou seus ministros congressistas a se licenciarem dos cargos na Esplanada para votar na elei\u00e7\u00e3o, como um claro apoio aos nomes.<\/p>\n\n\n\n<p>Questionado em coletiva na quinta-feira, 30, se o padr\u00e3o de relacionamento do governo ir\u00e1 mudar ou n\u00e3o com a elei\u00e7\u00e3o de Hugo Motta e Davi Alcolumbre, o presidente Lula respondeu de uma forma protocolar: \u201cO meu presidente do Senado \u00e9 aquele que ganhar, e o da C\u00e2mara \u00e9 aquele que ganhar. Quem ganhar, eu vou respeitar e vou estabelecer uma nova rela\u00e7\u00e3o\u201d, afirmou.&nbsp;<\/p>\n\n\n\n<p>Mesmo pontuando que a elei\u00e7\u00e3o da C\u00e2mara e do Senado \u00e9 uma quest\u00e3o dos partidos pol\u00edticos, dos deputados e dos senadores, Lula afirmou que se Hugo Motta for eleito na C\u00e2mara, e Alcolumbre, eleito no Senado, eles ser\u00e3o os presidentes das duas Casas e \u00e9 com eles que o governo far\u00e1 as tratativas que tiver que fazer.<\/p>\n\n\n\n<p>\u201cEu tenho uma boa coordena\u00e7\u00e3o pol\u00edtica, tenho um bom l\u00edder no Senado, um bom l\u00edder na C\u00e2mara, um bom l\u00edder no Congresso Nacional, e essas pessoas aqui v\u00e3o tratar de organizar a rela\u00e7\u00e3o do governo federal. Eu acho que n\u00f3s j\u00e1 demos uma demonstra\u00e7\u00e3o de que n\u00e3o tem dificuldade de voc\u00ea governar, se voc\u00ea tiver muita disposi\u00e7\u00e3o de conversar\u201d, acrescentou Lula da Silva.&nbsp;<\/p>\n\n\n\n<p><strong>Hugo Motta \u00e9 uma inc\u00f3gnita, mas Alcolumbre n\u00e3o<\/strong><br>Embora o perfil de Hugo Motta e Davi Alcolumbre sejam semelhantes, pois s\u00e3o pol\u00edticos tidos como do Centr\u00e3o, analistas apontam que fazer uma previs\u00e3o sobre o primeiro \u00e9 mais dif\u00edcil. Eles afirmam que Hugo Motta \u00e9 uma inc\u00f3gnita. Alcolumbre, por sua vez, n\u00e3o por j\u00e1 ter presidido o Senado. Ele deve buscar apaziguar lados opostos, claro, sempre pensando mais na defesa dos interesses do centro e de seu Estado, o Amap\u00e1.\u00a0<\/p>\n\n\n\n<p>\u201cO desafio do Lula ser\u00e1 conseguir apoio a ponto de formar maioria nas duas casas. O Senado tradicionalmente \u00e9 mais maduro, com a presen\u00e7a de pol\u00edticos mais caciques de partidos, com exce\u00e7\u00e3o dos bolsonaristas que por l\u00e1 habitam. Mas dentro da C\u00e2mara as dificuldades tender\u00e3o a ser maiores, sobretudo pelo fato de que h\u00e1 uma radicaliza\u00e7\u00e3o superior dentro da C\u00e2mara, com os grupos bolsonaristas\u201d, aponta Paulo Niccoli Ramirez. &#8220;N\u00e3o se pode esperar que a mudan\u00e7a de Lira e Pacheco para Motta e Alcolumbre seja melhor ou pior para o governo Lula&#8221;, acrescentou Let\u00edcia Machado.<\/p>\n\n\n\n<p><strong>Disputa<\/strong><br>Para suceder a Arthur Lira na C\u00e2mara, h\u00e1 tr\u00eas nomes: Hugo Motta (Republicanos-PB), Marcel van Hattem (Novo-RS) e Pastor Henrique Vieira (Psol-RJ). Dos tr\u00eas postulantes, o favorito para o comando da Casa \u00e9 Hugo Motta, que tem apoio de Lira e da ampla maioria dos deputados, consolidando uma base que pode chegar a 494 votos.<\/p>\n\n\n\n<p>Na elei\u00e7\u00e3o da C\u00e2mara, o voto \u00e9 secreto, registrado por meio da urna eletr\u00f4nica. \u00c9 eleito o candidato que receber votos favor\u00e1veis de mais da metade dos 513 deputados votantes (257 deputados). Caso isso n\u00e3o aconte\u00e7a em um primeiro momento, realiza-se um segundo turno, no qual o deputado com melhor desempenho \u00e9 eleito.<\/p>\n\n\n\n<p>No Senado, a presid\u00eancia ser\u00e1 disputada por cinco candidatos: Davi Alcolumbre (Uni\u00e3o Brasil-AP), Marcos Pontes (PL-SP), Soraya Thronicke (Podemos-MS), Marcos do Val (Podemos-ES) e Eduardo Gir\u00e3o (Novo-CE). Alcolumbre \u00e9 o maior cotado por possuir o apoio do presidente Pacheco, al\u00e9m de reunir o apoio de 10 partidos \u2013 no total, uma bancada de 76 senadores.<\/p>\n\n\n\n<p>Diferentemente do modelo utilizado na C\u00e2mara, onde adota-se a urna eletr\u00f4nica, o pleito no Senado utiliza c\u00e9dulas impressas. Ambas as vota\u00e7\u00f5es s\u00e3o secretas, e \u00e9 eleito o candidato que receber ao menos 41 votos. Caso nenhum candidato conquiste a maioria absoluta, os dois mais votados disputam um segundo turno e vence quem tiver mais votos.<\/p>\n\n\n\n<p>H\u00e1 ainda a escolha de mais 10 membros em cada Casa para finalizar a composi\u00e7\u00e3o das duas Mesas Diretoras, formadas pelos dois vice-presidentes, quatro secret\u00e1rios e seus suplentes, al\u00e9m do presidente. Na C\u00e2mara, a vota\u00e7\u00e3o para os membros da Mesa Diretora ocorre de forma simult\u00e2nea \u00e0 para a Presid\u00eancia, no sistema eletr\u00f4nico. No Senado, primeiro \u00e9 escolhido o presidente para, em seguida, os parlamentares votarem nos demais cargos.<\/p>\n\n\n\n<p><strong>Fonte: Terra<\/strong><\/p>\n","protected":false},"excerpt":{"rendered":"<p>A ascens\u00e3o de Hugo Motta (Republicanos-PB) \u00e0 presid\u00eancia da C\u00e2mara dos Deputados e o retorno de Davi Alcolumbre (Uni\u00e3o-AP) ao comando do Senado, ambos favoritos na disputa deste s\u00e1bado, 1\u00ba, trar\u00e3o novos desafios para o governo de Luiz In\u00e1cio Lula da Silva (PT). Embora n\u00e3o se espere uma mudan\u00e7a radical em nenhuma das Casas, a [&hellip;]<\/p>\n","protected":false},"author":2,"featured_media":267209,"comment_status":"open","ping_status":"open","sticky":false,"template":"","format":"standard","meta":{"_mi_skip_tracking":false,"footnotes":""},"categories":[25,1,16],"tags":[192],"class_list":["post-267208","post","type-post","status-publish","format-standard","has-post-thumbnail","hentry","category-destaques-site","category-geral","category-todas","tag-destaqueprincipal"],"acf":[],"yoast_head":"<!-- This site is optimized with the Yoast SEO Premium plugin v19.2 (Yoast SEO v26.9) - https:\/\/yoast.com\/product\/yoast-seo-premium-wordpress\/ -->\n<title>Elei\u00e7\u00e3o no Congresso: mudan\u00e7as nas duas Casas trazem novos desafios para o governo Lula - Portal Not\u00edcia em Pauta<\/title>\n<meta name=\"robots\" content=\"index, follow, max-snippet:-1, max-image-preview:large, max-video-preview:-1\" \/>\n<link rel=\"canonical\" href=\"https:\/\/noticiaempauta.com\/portal\/eleicao-no-congresso-mudancas-nas-duas-casas-trazem-novos-desafios-para-o-governo-lula\/\" \/>\n<meta property=\"og:locale\" content=\"pt_BR\" \/>\n<meta property=\"og:type\" content=\"article\" \/>\n<meta property=\"og:title\" content=\"Elei\u00e7\u00e3o no Congresso: mudan\u00e7as nas duas Casas trazem novos desafios para o governo Lula\" \/>\n<meta property=\"og:description\" content=\"A ascens\u00e3o de Hugo Motta (Republicanos-PB) \u00e0 presid\u00eancia da C\u00e2mara dos Deputados e o retorno de Davi Alcolumbre (Uni\u00e3o-AP) ao comando do Senado, ambos favoritos na disputa deste s\u00e1bado, 1\u00ba, trar\u00e3o novos desafios para o governo de Luiz In\u00e1cio Lula da Silva (PT). Embora n\u00e3o se espere uma mudan\u00e7a radical em nenhuma das Casas, a [&hellip;]\" \/>\n<meta property=\"og:url\" content=\"https:\/\/noticiaempauta.com\/portal\/eleicao-no-congresso-mudancas-nas-duas-casas-trazem-novos-desafios-para-o-governo-lula\/\" \/>\n<meta property=\"og:site_name\" content=\"Portal Not\u00edcia em Pauta\" \/>\n<meta property=\"article:publisher\" content=\"https:\/\/www.facebook.com\/Portal-Notcia-Em-Pauta-102292869264820\/\" \/>\n<meta property=\"article:published_time\" content=\"2025-01-31T13:01:55+00:00\" \/>\n<meta property=\"article:modified_time\" content=\"2025-01-31T13:01:57+00:00\" \/>\n<meta property=\"og:image\" content=\"https:\/\/noticiaempauta.com\/portal\/wp-content\/uploads\/2025\/01\/congresso-nacional-scaled.jpg\" \/>\n\t<meta property=\"og:image:width\" content=\"2560\" \/>\n\t<meta property=\"og:image:height\" content=\"1440\" \/>\n\t<meta property=\"og:image:type\" content=\"image\/jpeg\" \/>\n<meta name=\"author\" content=\"Reda\u00e7\u00e3o\" \/>\n<meta name=\"twitter:card\" content=\"summary_large_image\" \/>\n<meta name=\"twitter:label1\" content=\"Escrito por\" \/>\n\t<meta name=\"twitter:data1\" content=\"Reda\u00e7\u00e3o\" \/>\n\t<meta name=\"twitter:label2\" content=\"Est. tempo de leitura\" \/>\n\t<meta name=\"twitter:data2\" content=\"7 minutos\" \/>\n<script type=\"application\/ld+json\" class=\"yoast-schema-graph\">{\"@context\":\"https:\/\/schema.org\",\"@graph\":[{\"@type\":\"Article\",\"@id\":\"https:\/\/noticiaempauta.com\/portal\/eleicao-no-congresso-mudancas-nas-duas-casas-trazem-novos-desafios-para-o-governo-lula\/#article\",\"isPartOf\":{\"@id\":\"https:\/\/noticiaempauta.com\/portal\/eleicao-no-congresso-mudancas-nas-duas-casas-trazem-novos-desafios-para-o-governo-lula\/\"},\"author\":{\"name\":\"Reda\u00e7\u00e3o\",\"@id\":\"https:\/\/noticiaempauta.com\/portal\/#\/schema\/person\/a74af43dd1ab3deca45f988c717d57ac\"},\"headline\":\"Elei\u00e7\u00e3o no Congresso: mudan\u00e7as nas duas Casas trazem novos desafios para o governo Lula\",\"datePublished\":\"2025-01-31T13:01:55+00:00\",\"dateModified\":\"2025-01-31T13:01:57+00:00\",\"mainEntityOfPage\":{\"@id\":\"https:\/\/noticiaempauta.com\/portal\/eleicao-no-congresso-mudancas-nas-duas-casas-trazem-novos-desafios-para-o-governo-lula\/\"},\"wordCount\":1195,\"commentCount\":0,\"publisher\":{\"@id\":\"https:\/\/noticiaempauta.com\/portal\/#organization\"},\"image\":{\"@id\":\"https:\/\/noticiaempauta.com\/portal\/eleicao-no-congresso-mudancas-nas-duas-casas-trazem-novos-desafios-para-o-governo-lula\/#primaryimage\"},\"thumbnailUrl\":\"https:\/\/noticiaempauta.com\/portal\/wp-content\/uploads\/2025\/01\/congresso-nacional-scaled.jpg\",\"keywords\":[\"destaqueprincipal\"],\"articleSection\":[\"Destaques\",\"Geral\",\"Todas as Not\u00edcias\"],\"inLanguage\":\"pt-BR\",\"potentialAction\":[{\"@type\":\"CommentAction\",\"name\":\"Comment\",\"target\":[\"https:\/\/noticiaempauta.com\/portal\/eleicao-no-congresso-mudancas-nas-duas-casas-trazem-novos-desafios-para-o-governo-lula\/#respond\"]}]},{\"@type\":\"WebPage\",\"@id\":\"https:\/\/noticiaempauta.com\/portal\/eleicao-no-congresso-mudancas-nas-duas-casas-trazem-novos-desafios-para-o-governo-lula\/\",\"url\":\"https:\/\/noticiaempauta.com\/portal\/eleicao-no-congresso-mudancas-nas-duas-casas-trazem-novos-desafios-para-o-governo-lula\/\",\"name\":\"Elei\u00e7\u00e3o no Congresso: mudan\u00e7as nas duas Casas trazem novos desafios para o governo Lula - Portal Not\u00edcia em Pauta\",\"isPartOf\":{\"@id\":\"https:\/\/noticiaempauta.com\/portal\/#website\"},\"primaryImageOfPage\":{\"@id\":\"https:\/\/noticiaempauta.com\/portal\/eleicao-no-congresso-mudancas-nas-duas-casas-trazem-novos-desafios-para-o-governo-lula\/#primaryimage\"},\"image\":{\"@id\":\"https:\/\/noticiaempauta.com\/portal\/eleicao-no-congresso-mudancas-nas-duas-casas-trazem-novos-desafios-para-o-governo-lula\/#primaryimage\"},\"thumbnailUrl\":\"https:\/\/noticiaempauta.com\/portal\/wp-content\/uploads\/2025\/01\/congresso-nacional-scaled.jpg\",\"datePublished\":\"2025-01-31T13:01:55+00:00\",\"dateModified\":\"2025-01-31T13:01:57+00:00\",\"breadcrumb\":{\"@id\":\"https:\/\/noticiaempauta.com\/portal\/eleicao-no-congresso-mudancas-nas-duas-casas-trazem-novos-desafios-para-o-governo-lula\/#breadcrumb\"},\"inLanguage\":\"pt-BR\",\"potentialAction\":[{\"@type\":\"ReadAction\",\"target\":[\"https:\/\/noticiaempauta.com\/portal\/eleicao-no-congresso-mudancas-nas-duas-casas-trazem-novos-desafios-para-o-governo-lula\/\"]}]},{\"@type\":\"ImageObject\",\"inLanguage\":\"pt-BR\",\"@id\":\"https:\/\/noticiaempauta.com\/portal\/eleicao-no-congresso-mudancas-nas-duas-casas-trazem-novos-desafios-para-o-governo-lula\/#primaryimage\",\"url\":\"https:\/\/noticiaempauta.com\/portal\/wp-content\/uploads\/2025\/01\/congresso-nacional-scaled.jpg\",\"contentUrl\":\"https:\/\/noticiaempauta.com\/portal\/wp-content\/uploads\/2025\/01\/congresso-nacional-scaled.jpg\",\"width\":2560,\"height\":1440},{\"@type\":\"BreadcrumbList\",\"@id\":\"https:\/\/noticiaempauta.com\/portal\/eleicao-no-congresso-mudancas-nas-duas-casas-trazem-novos-desafios-para-o-governo-lula\/#breadcrumb\",\"itemListElement\":[{\"@type\":\"ListItem\",\"position\":1,\"name\":\"P\u00e1gina Inicial\",\"item\":\"https:\/\/noticiaempauta.com\/portal\/\"},{\"@type\":\"ListItem\",\"position\":2,\"name\":\"Destaques\",\"item\":\"https:\/\/noticiaempauta.com\/portal\/destaques-site\/\"},{\"@type\":\"ListItem\",\"position\":3,\"name\":\"Elei\u00e7\u00e3o no Congresso: mudan\u00e7as nas duas Casas trazem novos desafios para o governo Lula\"}]},{\"@type\":\"WebSite\",\"@id\":\"https:\/\/noticiaempauta.com\/portal\/#website\",\"url\":\"https:\/\/noticiaempauta.com\/portal\/\",\"name\":\"Portal Not\u00edcia em Pauta\",\"description\":\"Voc\u00ea bem informado\",\"publisher\":{\"@id\":\"https:\/\/noticiaempauta.com\/portal\/#organization\"},\"potentialAction\":[{\"@type\":\"SearchAction\",\"target\":{\"@type\":\"EntryPoint\",\"urlTemplate\":\"https:\/\/noticiaempauta.com\/portal\/?s={search_term_string}\"},\"query-input\":{\"@type\":\"PropertyValueSpecification\",\"valueRequired\":true,\"valueName\":\"search_term_string\"}}],\"inLanguage\":\"pt-BR\"},{\"@type\":\"Organization\",\"@id\":\"https:\/\/noticiaempauta.com\/portal\/#organization\",\"name\":\"Portal Not\u00edcia em Pauta\",\"url\":\"https:\/\/noticiaempauta.com\/portal\/\",\"logo\":{\"@type\":\"ImageObject\",\"inLanguage\":\"pt-BR\",\"@id\":\"https:\/\/noticiaempauta.com\/portal\/#\/schema\/logo\/image\/\",\"url\":\"https:\/\/noticiaempauta.com\/portal\/wp-content\/uploads\/2022\/08\/logomarca_tema.fw_.png\",\"contentUrl\":\"https:\/\/noticiaempauta.com\/portal\/wp-content\/uploads\/2022\/08\/logomarca_tema.fw_.png\",\"width\":400,\"height\":232,\"caption\":\"Portal Not\u00edcia em Pauta\"},\"image\":{\"@id\":\"https:\/\/noticiaempauta.com\/portal\/#\/schema\/logo\/image\/\"},\"sameAs\":[\"https:\/\/www.facebook.com\/Portal-Notcia-Em-Pauta-102292869264820\/\",\"https:\/\/www.instagram.com\/portalnoticiaempauta\/\"]},{\"@type\":\"Person\",\"@id\":\"https:\/\/noticiaempauta.com\/portal\/#\/schema\/person\/a74af43dd1ab3deca45f988c717d57ac\",\"name\":\"Reda\u00e7\u00e3o\",\"image\":{\"@type\":\"ImageObject\",\"inLanguage\":\"pt-BR\",\"@id\":\"https:\/\/noticiaempauta.com\/portal\/#\/schema\/person\/image\/\",\"url\":\"https:\/\/secure.gravatar.com\/avatar\/03179346ecce6cdfc13361603e8f54242a90e5cde8618fa23c5c00aa2b0aadf3?s=96&d=mm&r=g\",\"contentUrl\":\"https:\/\/secure.gravatar.com\/avatar\/03179346ecce6cdfc13361603e8f54242a90e5cde8618fa23c5c00aa2b0aadf3?s=96&d=mm&r=g\",\"caption\":\"Reda\u00e7\u00e3o\"},\"sameAs\":[\"https:\/\/noticiaempauta.com\/portal\/\"],\"url\":\"https:\/\/noticiaempauta.com\/portal\/author\/fernando\/\"}]}<\/script>\n<!-- \/ Yoast SEO Premium plugin. -->","yoast_head_json":{"title":"Elei\u00e7\u00e3o no Congresso: mudan\u00e7as nas duas Casas trazem novos desafios para o governo Lula - Portal Not\u00edcia em Pauta","robots":{"index":"index","follow":"follow","max-snippet":"max-snippet:-1","max-image-preview":"max-image-preview:large","max-video-preview":"max-video-preview:-1"},"canonical":"https:\/\/noticiaempauta.com\/portal\/eleicao-no-congresso-mudancas-nas-duas-casas-trazem-novos-desafios-para-o-governo-lula\/","og_locale":"pt_BR","og_type":"article","og_title":"Elei\u00e7\u00e3o no Congresso: mudan\u00e7as nas duas Casas trazem novos desafios para o governo Lula","og_description":"A ascens\u00e3o de Hugo Motta (Republicanos-PB) \u00e0 presid\u00eancia da C\u00e2mara dos Deputados e o retorno de Davi Alcolumbre (Uni\u00e3o-AP) ao comando do Senado, ambos favoritos na disputa deste s\u00e1bado, 1\u00ba, trar\u00e3o novos desafios para o governo de Luiz In\u00e1cio Lula da Silva (PT). Embora n\u00e3o se espere uma mudan\u00e7a radical em nenhuma das Casas, a [&hellip;]","og_url":"https:\/\/noticiaempauta.com\/portal\/eleicao-no-congresso-mudancas-nas-duas-casas-trazem-novos-desafios-para-o-governo-lula\/","og_site_name":"Portal Not\u00edcia em Pauta","article_publisher":"https:\/\/www.facebook.com\/Portal-Notcia-Em-Pauta-102292869264820\/","article_published_time":"2025-01-31T13:01:55+00:00","article_modified_time":"2025-01-31T13:01:57+00:00","og_image":[{"width":2560,"height":1440,"url":"https:\/\/noticiaempauta.com\/portal\/wp-content\/uploads\/2025\/01\/congresso-nacional-scaled.jpg","type":"image\/jpeg"}],"author":"Reda\u00e7\u00e3o","twitter_card":"summary_large_image","twitter_misc":{"Escrito por":"Reda\u00e7\u00e3o","Est. tempo de leitura":"7 minutos"},"schema":{"@context":"https:\/\/schema.org","@graph":[{"@type":"Article","@id":"https:\/\/noticiaempauta.com\/portal\/eleicao-no-congresso-mudancas-nas-duas-casas-trazem-novos-desafios-para-o-governo-lula\/#article","isPartOf":{"@id":"https:\/\/noticiaempauta.com\/portal\/eleicao-no-congresso-mudancas-nas-duas-casas-trazem-novos-desafios-para-o-governo-lula\/"},"author":{"name":"Reda\u00e7\u00e3o","@id":"https:\/\/noticiaempauta.com\/portal\/#\/schema\/person\/a74af43dd1ab3deca45f988c717d57ac"},"headline":"Elei\u00e7\u00e3o no Congresso: mudan\u00e7as nas duas Casas trazem novos desafios para o governo Lula","datePublished":"2025-01-31T13:01:55+00:00","dateModified":"2025-01-31T13:01:57+00:00","mainEntityOfPage":{"@id":"https:\/\/noticiaempauta.com\/portal\/eleicao-no-congresso-mudancas-nas-duas-casas-trazem-novos-desafios-para-o-governo-lula\/"},"wordCount":1195,"commentCount":0,"publisher":{"@id":"https:\/\/noticiaempauta.com\/portal\/#organization"},"image":{"@id":"https:\/\/noticiaempauta.com\/portal\/eleicao-no-congresso-mudancas-nas-duas-casas-trazem-novos-desafios-para-o-governo-lula\/#primaryimage"},"thumbnailUrl":"https:\/\/noticiaempauta.com\/portal\/wp-content\/uploads\/2025\/01\/congresso-nacional-scaled.jpg","keywords":["destaqueprincipal"],"articleSection":["Destaques","Geral","Todas as Not\u00edcias"],"inLanguage":"pt-BR","potentialAction":[{"@type":"CommentAction","name":"Comment","target":["https:\/\/noticiaempauta.com\/portal\/eleicao-no-congresso-mudancas-nas-duas-casas-trazem-novos-desafios-para-o-governo-lula\/#respond"]}]},{"@type":"WebPage","@id":"https:\/\/noticiaempauta.com\/portal\/eleicao-no-congresso-mudancas-nas-duas-casas-trazem-novos-desafios-para-o-governo-lula\/","url":"https:\/\/noticiaempauta.com\/portal\/eleicao-no-congresso-mudancas-nas-duas-casas-trazem-novos-desafios-para-o-governo-lula\/","name":"Elei\u00e7\u00e3o no Congresso: mudan\u00e7as nas duas Casas trazem novos desafios para o governo Lula - Portal Not\u00edcia em Pauta","isPartOf":{"@id":"https:\/\/noticiaempauta.com\/portal\/#website"},"primaryImageOfPage":{"@id":"https:\/\/noticiaempauta.com\/portal\/eleicao-no-congresso-mudancas-nas-duas-casas-trazem-novos-desafios-para-o-governo-lula\/#primaryimage"},"image":{"@id":"https:\/\/noticiaempauta.com\/portal\/eleicao-no-congresso-mudancas-nas-duas-casas-trazem-novos-desafios-para-o-governo-lula\/#primaryimage"},"thumbnailUrl":"https:\/\/noticiaempauta.com\/portal\/wp-content\/uploads\/2025\/01\/congresso-nacional-scaled.jpg","datePublished":"2025-01-31T13:01:55+00:00","dateModified":"2025-01-31T13:01:57+00:00","breadcrumb":{"@id":"https:\/\/noticiaempauta.com\/portal\/eleicao-no-congresso-mudancas-nas-duas-casas-trazem-novos-desafios-para-o-governo-lula\/#breadcrumb"},"inLanguage":"pt-BR","potentialAction":[{"@type":"ReadAction","target":["https:\/\/noticiaempauta.com\/portal\/eleicao-no-congresso-mudancas-nas-duas-casas-trazem-novos-desafios-para-o-governo-lula\/"]}]},{"@type":"ImageObject","inLanguage":"pt-BR","@id":"https:\/\/noticiaempauta.com\/portal\/eleicao-no-congresso-mudancas-nas-duas-casas-trazem-novos-desafios-para-o-governo-lula\/#primaryimage","url":"https:\/\/noticiaempauta.com\/portal\/wp-content\/uploads\/2025\/01\/congresso-nacional-scaled.jpg","contentUrl":"https:\/\/noticiaempauta.com\/portal\/wp-content\/uploads\/2025\/01\/congresso-nacional-scaled.jpg","width":2560,"height":1440},{"@type":"BreadcrumbList","@id":"https:\/\/noticiaempauta.com\/portal\/eleicao-no-congresso-mudancas-nas-duas-casas-trazem-novos-desafios-para-o-governo-lula\/#breadcrumb","itemListElement":[{"@type":"ListItem","position":1,"name":"P\u00e1gina Inicial","item":"https:\/\/noticiaempauta.com\/portal\/"},{"@type":"ListItem","position":2,"name":"Destaques","item":"https:\/\/noticiaempauta.com\/portal\/destaques-site\/"},{"@type":"ListItem","position":3,"name":"Elei\u00e7\u00e3o no Congresso: mudan\u00e7as nas duas Casas trazem novos desafios para o governo Lula"}]},{"@type":"WebSite","@id":"https:\/\/noticiaempauta.com\/portal\/#website","url":"https:\/\/noticiaempauta.com\/portal\/","name":"Portal Not\u00edcia em Pauta","description":"Voc\u00ea bem informado","publisher":{"@id":"https:\/\/noticiaempauta.com\/portal\/#organization"},"potentialAction":[{"@type":"SearchAction","target":{"@type":"EntryPoint","urlTemplate":"https:\/\/noticiaempauta.com\/portal\/?s={search_term_string}"},"query-input":{"@type":"PropertyValueSpecification","valueRequired":true,"valueName":"search_term_string"}}],"inLanguage":"pt-BR"},{"@type":"Organization","@id":"https:\/\/noticiaempauta.com\/portal\/#organization","name":"Portal Not\u00edcia em Pauta","url":"https:\/\/noticiaempauta.com\/portal\/","logo":{"@type":"ImageObject","inLanguage":"pt-BR","@id":"https:\/\/noticiaempauta.com\/portal\/#\/schema\/logo\/image\/","url":"https:\/\/noticiaempauta.com\/portal\/wp-content\/uploads\/2022\/08\/logomarca_tema.fw_.png","contentUrl":"https:\/\/noticiaempauta.com\/portal\/wp-content\/uploads\/2022\/08\/logomarca_tema.fw_.png","width":400,"height":232,"caption":"Portal Not\u00edcia em Pauta"},"image":{"@id":"https:\/\/noticiaempauta.com\/portal\/#\/schema\/logo\/image\/"},"sameAs":["https:\/\/www.facebook.com\/Portal-Notcia-Em-Pauta-102292869264820\/","https:\/\/www.instagram.com\/portalnoticiaempauta\/"]},{"@type":"Person","@id":"https:\/\/noticiaempauta.com\/portal\/#\/schema\/person\/a74af43dd1ab3deca45f988c717d57ac","name":"Reda\u00e7\u00e3o","image":{"@type":"ImageObject","inLanguage":"pt-BR","@id":"https:\/\/noticiaempauta.com\/portal\/#\/schema\/person\/image\/","url":"https:\/\/secure.gravatar.com\/avatar\/03179346ecce6cdfc13361603e8f54242a90e5cde8618fa23c5c00aa2b0aadf3?s=96&d=mm&r=g","contentUrl":"https:\/\/secure.gravatar.com\/avatar\/03179346ecce6cdfc13361603e8f54242a90e5cde8618fa23c5c00aa2b0aadf3?s=96&d=mm&r=g","caption":"Reda\u00e7\u00e3o"},"sameAs":["https:\/\/noticiaempauta.com\/portal\/"],"url":"https:\/\/noticiaempauta.com\/portal\/author\/fernando\/"}]}},"_links":{"self":[{"href":"https:\/\/noticiaempauta.com\/portal\/wp-json\/wp\/v2\/posts\/267208","targetHints":{"allow":["GET"]}}],"collection":[{"href":"https:\/\/noticiaempauta.com\/portal\/wp-json\/wp\/v2\/posts"}],"about":[{"href":"https:\/\/noticiaempauta.com\/portal\/wp-json\/wp\/v2\/types\/post"}],"author":[{"embeddable":true,"href":"https:\/\/noticiaempauta.com\/portal\/wp-json\/wp\/v2\/users\/2"}],"replies":[{"embeddable":true,"href":"https:\/\/noticiaempauta.com\/portal\/wp-json\/wp\/v2\/comments?post=267208"}],"version-history":[{"count":2,"href":"https:\/\/noticiaempauta.com\/portal\/wp-json\/wp\/v2\/posts\/267208\/revisions"}],"predecessor-version":[{"id":267211,"href":"https:\/\/noticiaempauta.com\/portal\/wp-json\/wp\/v2\/posts\/267208\/revisions\/267211"}],"wp:featuredmedia":[{"embeddable":true,"href":"https:\/\/noticiaempauta.com\/portal\/wp-json\/wp\/v2\/media\/267209"}],"wp:attachment":[{"href":"https:\/\/noticiaempauta.com\/portal\/wp-json\/wp\/v2\/media?parent=267208"}],"wp:term":[{"taxonomy":"category","embeddable":true,"href":"https:\/\/noticiaempauta.com\/portal\/wp-json\/wp\/v2\/categories?post=267208"},{"taxonomy":"post_tag","embeddable":true,"href":"https:\/\/noticiaempauta.com\/portal\/wp-json\/wp\/v2\/tags?post=267208"}],"curies":[{"name":"wp","href":"https:\/\/api.w.org\/{rel}","templated":true}]}}