{"id":267219,"date":"2025-01-31T11:16:18","date_gmt":"2025-01-31T14:16:18","guid":{"rendered":"https:\/\/noticiaempauta.com\/portal\/?p=267219"},"modified":"2025-01-31T11:16:20","modified_gmt":"2025-01-31T14:16:20","slug":"presidente-da-oab-subsecao-de-picos-alerta-para-o-crime-do-falso-advogado-veja-dicas-de-como-se-proteger","status":"publish","type":"post","link":"https:\/\/noticiaempauta.com\/portal\/presidente-da-oab-subsecao-de-picos-alerta-para-o-crime-do-falso-advogado-veja-dicas-de-como-se-proteger\/","title":{"rendered":"Presidente da OAB Subse\u00e7\u00e3o de Picos alerta para o crime do Falso Advogado; veja dicas de como se proteger"},"content":{"rendered":"\n<p>A pr\u00e1tica criminosa do falso advogado tem se tornado uma preocupa\u00e7\u00e3o crescente em diversas regi\u00f5es do pa\u00eds, e em Picos n\u00e3o \u00e9 diferente. A presidente da Subse\u00e7\u00e3o da Ordem dos Advogados do Brasil (OAB) no munic\u00edpio, Yana Moura, alerta a popula\u00e7\u00e3o sobre os riscos desse golpe e orienta sobre como evitar cair nessa armadilha.<\/p>\n\n\n\n<figure class=\"wp-block-image size-large\"><img fetchpriority=\"high\" decoding=\"async\" width=\"1024\" height=\"577\" src=\"https:\/\/noticiaempauta.com\/portal\/wp-content\/uploads\/2025\/01\/FA-IMG-02e3a41d8cdcc7010b24-1-1536x866.jpg-1024x577.webp\" alt=\"\" class=\"wp-image-267221\" srcset=\"https:\/\/noticiaempauta.com\/portal\/wp-content\/uploads\/2025\/01\/FA-IMG-02e3a41d8cdcc7010b24-1-1536x866.jpg-1024x577.webp 1024w, https:\/\/noticiaempauta.com\/portal\/wp-content\/uploads\/2025\/01\/FA-IMG-02e3a41d8cdcc7010b24-1-1536x866.jpg-300x169.webp 300w, https:\/\/noticiaempauta.com\/portal\/wp-content\/uploads\/2025\/01\/FA-IMG-02e3a41d8cdcc7010b24-1-1536x866.jpg-768x433.webp 768w, https:\/\/noticiaempauta.com\/portal\/wp-content\/uploads\/2025\/01\/FA-IMG-02e3a41d8cdcc7010b24-1-1536x866.jpg.webp 1536w\" sizes=\"(max-width: 1024px) 100vw, 1024px\" \/><figcaption class=\"wp-element-caption\"><em>(Foto: Reprodu\u00e7\u00e3o\/AgoraED)<\/em><\/figcaption><\/figure>\n\n\n\n<p><strong>O Crime do Falso Advogado<\/strong><\/p>\n\n\n\n<p>O golpe do falso advogado ocorre quando uma pessoa se apresenta como profissional da advocacia sem ter registro na OAB. Em muitos casos, os criminosos utilizam documentos falsificados, nomes fict\u00edcios ou at\u00e9 mesmo roubam a identidade de advogados verdadeiros para enganar clientes. Eles oferecem servi\u00e7os jur\u00eddicos, cobram honor\u00e1rios e, em seguida, desaparecem sem prestar qualquer assist\u00eancia legal.<\/p>\n\n\n\n<p><strong>Como Evitar o Golpe<\/strong><\/p>\n\n\n\n<p>A presidente da OAB Picos destaca algumas medidas que podem ajudar a popula\u00e7\u00e3o a identificar e evitar esse tipo de crime:<br><strong>1. <\/strong>Verifique a Identidade do Advogado<br>\u2022 Antes de contratar qualquer profissional, pe\u00e7a o n\u00famero de registro na OAB e consulte no site oficial da Ordem <strong>(www.oab.org.br)<\/strong>.<br><strong>2.<\/strong> Desconfie de Honor\u00e1rios Muito Baixos ou Formas de Pagamento Incomuns<br>\u2022 Se o valor cobrado for muito abaixo da m\u00e9dia do mercado ou o pagamento for exigido de maneira suspeita (como PIX para terceiros), fique atento.<br><strong>3.<\/strong> Cuidado com Promessas Irrealistas<br>\u2022 Nenhum advogado pode garantir 100% de sucesso em uma a\u00e7\u00e3o judicial. Se algu\u00e9m promete um resultado certo, desconfie.<br><strong>4. <\/strong>Prefira Escrit\u00f3rios ou Locais F\u00edsicos de Atendimento<br>\u2022 Evite negociar apenas por telefone ou redes sociais. Procure um escrit\u00f3rio f\u00edsico e exija um contrato formal pelos servi\u00e7os prestados.<br><strong>5.<\/strong> Denuncie Suspeitas<br>\u2022 Se desconfiar que est\u00e1 lidando com um falso advogado, denuncie \u00e0 OAB local ou \u00e0s autoridades competentes.<\/p>\n\n\n\n<p><strong>A\u00e7\u00f5es da OAB Picos contra o crime<\/strong><\/p>\n\n\n\n<p>A OAB Subse\u00e7\u00e3o de Picos tem atuado para combater esse tipo de golpe, promovendo fiscaliza\u00e7\u00f5es e conscientizando a popula\u00e7\u00e3o. A presidente refor\u00e7a que qualquer cidad\u00e3o que tenha d\u00favidas pode buscar orienta\u00e7\u00e3o diretamente na sede da subse\u00e7\u00e3o.<\/p>\n\n\n\n<figure class=\"wp-block-image size-full\"><img decoding=\"async\" width=\"989\" height=\"829\" src=\"https:\/\/noticiaempauta.com\/portal\/wp-content\/uploads\/2025\/01\/WhatsApp-Image-2025-01-31-at-11.11.37-1.jpeg\" alt=\"\" class=\"wp-image-267222\" srcset=\"https:\/\/noticiaempauta.com\/portal\/wp-content\/uploads\/2025\/01\/WhatsApp-Image-2025-01-31-at-11.11.37-1.jpeg 989w, https:\/\/noticiaempauta.com\/portal\/wp-content\/uploads\/2025\/01\/WhatsApp-Image-2025-01-31-at-11.11.37-1-300x251.jpeg 300w, https:\/\/noticiaempauta.com\/portal\/wp-content\/uploads\/2025\/01\/WhatsApp-Image-2025-01-31-at-11.11.37-1-768x644.jpeg 768w\" sizes=\"(max-width: 989px) 100vw, 989px\" \/><\/figure>\n\n\n\n<p>\u201cNosso objetivo \u00e9 proteger a sociedade e a classe advocat\u00edcia contra esse tipo de crime. Orientamos que a popula\u00e7\u00e3o sempre busque profissionais devidamente registrados e denuncie qualquer suspeita para que possamos tomar as devidas provid\u00eancias\u201d, destacou Yana Moura.<\/p>\n\n\n\n<p>Se voc\u00ea foi v\u00edtima ou tem informa\u00e7\u00f5es sobre falsos advogados atuando em Picos, entre em contato com a OAB local ou procure a delegacia mais pr\u00f3xima para registrar um boletim de ocorr\u00eancia.<\/p>\n\n\n\n<p>Ascom<\/p>\n","protected":false},"excerpt":{"rendered":"<p>A pr\u00e1tica criminosa do falso advogado tem se tornado uma preocupa\u00e7\u00e3o crescente em diversas regi\u00f5es do pa\u00eds, e em Picos n\u00e3o \u00e9 diferente. A presidente da Subse\u00e7\u00e3o da Ordem dos Advogados do Brasil (OAB) no munic\u00edpio, Yana Moura, alerta a popula\u00e7\u00e3o sobre os riscos desse golpe e orienta sobre como evitar cair nessa armadilha. O [&hellip;]<\/p>\n","protected":false},"author":2,"featured_media":267220,"comment_status":"open","ping_status":"open","sticky":false,"template":"","format":"standard","meta":{"_mi_skip_tracking":false,"footnotes":""},"categories":[25,1,16],"tags":[],"class_list":["post-267219","post","type-post","status-publish","format-standard","has-post-thumbnail","hentry","category-destaques-site","category-geral","category-todas"],"acf":[],"yoast_head":"<!-- This site is optimized with the Yoast SEO Premium plugin v19.2 (Yoast SEO v26.9) - https:\/\/yoast.com\/product\/yoast-seo-premium-wordpress\/ -->\n<title>Presidente da OAB Subse\u00e7\u00e3o de Picos alerta para o crime do Falso Advogado; veja dicas de como se proteger - Portal Not\u00edcia em Pauta<\/title>\n<meta name=\"robots\" content=\"index, follow, max-snippet:-1, max-image-preview:large, max-video-preview:-1\" \/>\n<link rel=\"canonical\" href=\"https:\/\/noticiaempauta.com\/portal\/presidente-da-oab-subsecao-de-picos-alerta-para-o-crime-do-falso-advogado-veja-dicas-de-como-se-proteger\/\" \/>\n<meta property=\"og:locale\" content=\"pt_BR\" \/>\n<meta property=\"og:type\" content=\"article\" \/>\n<meta property=\"og:title\" content=\"Presidente da OAB Subse\u00e7\u00e3o de Picos alerta para o crime do Falso Advogado; veja dicas de como se proteger\" \/>\n<meta property=\"og:description\" content=\"A pr\u00e1tica criminosa do falso advogado tem se tornado uma preocupa\u00e7\u00e3o crescente em diversas regi\u00f5es do pa\u00eds, e em Picos n\u00e3o \u00e9 diferente. A presidente da Subse\u00e7\u00e3o da Ordem dos Advogados do Brasil (OAB) no munic\u00edpio, Yana Moura, alerta a popula\u00e7\u00e3o sobre os riscos desse golpe e orienta sobre como evitar cair nessa armadilha. O [&hellip;]\" \/>\n<meta property=\"og:url\" content=\"https:\/\/noticiaempauta.com\/portal\/presidente-da-oab-subsecao-de-picos-alerta-para-o-crime-do-falso-advogado-veja-dicas-de-como-se-proteger\/\" \/>\n<meta property=\"og:site_name\" content=\"Portal Not\u00edcia em Pauta\" \/>\n<meta property=\"article:publisher\" content=\"https:\/\/www.facebook.com\/Portal-Notcia-Em-Pauta-102292869264820\/\" \/>\n<meta property=\"article:published_time\" content=\"2025-01-31T14:16:18+00:00\" \/>\n<meta property=\"article:modified_time\" content=\"2025-01-31T14:16:20+00:00\" \/>\n<meta property=\"og:image\" content=\"https:\/\/noticiaempauta.com\/portal\/wp-content\/uploads\/2025\/01\/WhatsApp-Image-2025-01-31-at-11.11.37.jpeg\" \/>\n\t<meta property=\"og:image:width\" content=\"989\" \/>\n\t<meta property=\"og:image:height\" content=\"829\" \/>\n\t<meta property=\"og:image:type\" content=\"image\/jpeg\" \/>\n<meta name=\"author\" content=\"Reda\u00e7\u00e3o\" \/>\n<meta name=\"twitter:card\" content=\"summary_large_image\" \/>\n<meta name=\"twitter:label1\" content=\"Escrito por\" \/>\n\t<meta name=\"twitter:data1\" content=\"Reda\u00e7\u00e3o\" \/>\n\t<meta name=\"twitter:label2\" content=\"Est. tempo de leitura\" \/>\n\t<meta name=\"twitter:data2\" content=\"3 minutos\" \/>\n<script type=\"application\/ld+json\" class=\"yoast-schema-graph\">{\"@context\":\"https:\/\/schema.org\",\"@graph\":[{\"@type\":\"Article\",\"@id\":\"https:\/\/noticiaempauta.com\/portal\/presidente-da-oab-subsecao-de-picos-alerta-para-o-crime-do-falso-advogado-veja-dicas-de-como-se-proteger\/#article\",\"isPartOf\":{\"@id\":\"https:\/\/noticiaempauta.com\/portal\/presidente-da-oab-subsecao-de-picos-alerta-para-o-crime-do-falso-advogado-veja-dicas-de-como-se-proteger\/\"},\"author\":{\"name\":\"Reda\u00e7\u00e3o\",\"@id\":\"https:\/\/noticiaempauta.com\/portal\/#\/schema\/person\/a74af43dd1ab3deca45f988c717d57ac\"},\"headline\":\"Presidente da OAB Subse\u00e7\u00e3o de Picos alerta para o crime do Falso Advogado; veja dicas de como se proteger\",\"datePublished\":\"2025-01-31T14:16:18+00:00\",\"dateModified\":\"2025-01-31T14:16:20+00:00\",\"mainEntityOfPage\":{\"@id\":\"https:\/\/noticiaempauta.com\/portal\/presidente-da-oab-subsecao-de-picos-alerta-para-o-crime-do-falso-advogado-veja-dicas-de-como-se-proteger\/\"},\"wordCount\":447,\"commentCount\":0,\"publisher\":{\"@id\":\"https:\/\/noticiaempauta.com\/portal\/#organization\"},\"image\":{\"@id\":\"https:\/\/noticiaempauta.com\/portal\/presidente-da-oab-subsecao-de-picos-alerta-para-o-crime-do-falso-advogado-veja-dicas-de-como-se-proteger\/#primaryimage\"},\"thumbnailUrl\":\"https:\/\/noticiaempauta.com\/portal\/wp-content\/uploads\/2025\/01\/WhatsApp-Image-2025-01-31-at-11.11.37.jpeg\",\"articleSection\":[\"Destaques\",\"Geral\",\"Todas as Not\u00edcias\"],\"inLanguage\":\"pt-BR\",\"potentialAction\":[{\"@type\":\"CommentAction\",\"name\":\"Comment\",\"target\":[\"https:\/\/noticiaempauta.com\/portal\/presidente-da-oab-subsecao-de-picos-alerta-para-o-crime-do-falso-advogado-veja-dicas-de-como-se-proteger\/#respond\"]}]},{\"@type\":\"WebPage\",\"@id\":\"https:\/\/noticiaempauta.com\/portal\/presidente-da-oab-subsecao-de-picos-alerta-para-o-crime-do-falso-advogado-veja-dicas-de-como-se-proteger\/\",\"url\":\"https:\/\/noticiaempauta.com\/portal\/presidente-da-oab-subsecao-de-picos-alerta-para-o-crime-do-falso-advogado-veja-dicas-de-como-se-proteger\/\",\"name\":\"Presidente da OAB Subse\u00e7\u00e3o de Picos alerta para o crime do Falso Advogado; veja dicas de como se proteger - Portal Not\u00edcia em Pauta\",\"isPartOf\":{\"@id\":\"https:\/\/noticiaempauta.com\/portal\/#website\"},\"primaryImageOfPage\":{\"@id\":\"https:\/\/noticiaempauta.com\/portal\/presidente-da-oab-subsecao-de-picos-alerta-para-o-crime-do-falso-advogado-veja-dicas-de-como-se-proteger\/#primaryimage\"},\"image\":{\"@id\":\"https:\/\/noticiaempauta.com\/portal\/presidente-da-oab-subsecao-de-picos-alerta-para-o-crime-do-falso-advogado-veja-dicas-de-como-se-proteger\/#primaryimage\"},\"thumbnailUrl\":\"https:\/\/noticiaempauta.com\/portal\/wp-content\/uploads\/2025\/01\/WhatsApp-Image-2025-01-31-at-11.11.37.jpeg\",\"datePublished\":\"2025-01-31T14:16:18+00:00\",\"dateModified\":\"2025-01-31T14:16:20+00:00\",\"breadcrumb\":{\"@id\":\"https:\/\/noticiaempauta.com\/portal\/presidente-da-oab-subsecao-de-picos-alerta-para-o-crime-do-falso-advogado-veja-dicas-de-como-se-proteger\/#breadcrumb\"},\"inLanguage\":\"pt-BR\",\"potentialAction\":[{\"@type\":\"ReadAction\",\"target\":[\"https:\/\/noticiaempauta.com\/portal\/presidente-da-oab-subsecao-de-picos-alerta-para-o-crime-do-falso-advogado-veja-dicas-de-como-se-proteger\/\"]}]},{\"@type\":\"ImageObject\",\"inLanguage\":\"pt-BR\",\"@id\":\"https:\/\/noticiaempauta.com\/portal\/presidente-da-oab-subsecao-de-picos-alerta-para-o-crime-do-falso-advogado-veja-dicas-de-como-se-proteger\/#primaryimage\",\"url\":\"https:\/\/noticiaempauta.com\/portal\/wp-content\/uploads\/2025\/01\/WhatsApp-Image-2025-01-31-at-11.11.37.jpeg\",\"contentUrl\":\"https:\/\/noticiaempauta.com\/portal\/wp-content\/uploads\/2025\/01\/WhatsApp-Image-2025-01-31-at-11.11.37.jpeg\",\"width\":989,\"height\":829},{\"@type\":\"BreadcrumbList\",\"@id\":\"https:\/\/noticiaempauta.com\/portal\/presidente-da-oab-subsecao-de-picos-alerta-para-o-crime-do-falso-advogado-veja-dicas-de-como-se-proteger\/#breadcrumb\",\"itemListElement\":[{\"@type\":\"ListItem\",\"position\":1,\"name\":\"P\u00e1gina Inicial\",\"item\":\"https:\/\/noticiaempauta.com\/portal\/\"},{\"@type\":\"ListItem\",\"position\":2,\"name\":\"Destaques\",\"item\":\"https:\/\/noticiaempauta.com\/portal\/destaques-site\/\"},{\"@type\":\"ListItem\",\"position\":3,\"name\":\"Presidente da OAB Subse\u00e7\u00e3o de Picos alerta para o crime do Falso Advogado; veja dicas de como se proteger\"}]},{\"@type\":\"WebSite\",\"@id\":\"https:\/\/noticiaempauta.com\/portal\/#website\",\"url\":\"https:\/\/noticiaempauta.com\/portal\/\",\"name\":\"Portal Not\u00edcia em Pauta\",\"description\":\"Voc\u00ea bem informado\",\"publisher\":{\"@id\":\"https:\/\/noticiaempauta.com\/portal\/#organization\"},\"potentialAction\":[{\"@type\":\"SearchAction\",\"target\":{\"@type\":\"EntryPoint\",\"urlTemplate\":\"https:\/\/noticiaempauta.com\/portal\/?s={search_term_string}\"},\"query-input\":{\"@type\":\"PropertyValueSpecification\",\"valueRequired\":true,\"valueName\":\"search_term_string\"}}],\"inLanguage\":\"pt-BR\"},{\"@type\":\"Organization\",\"@id\":\"https:\/\/noticiaempauta.com\/portal\/#organization\",\"name\":\"Portal Not\u00edcia em Pauta\",\"url\":\"https:\/\/noticiaempauta.com\/portal\/\",\"logo\":{\"@type\":\"ImageObject\",\"inLanguage\":\"pt-BR\",\"@id\":\"https:\/\/noticiaempauta.com\/portal\/#\/schema\/logo\/image\/\",\"url\":\"https:\/\/noticiaempauta.com\/portal\/wp-content\/uploads\/2022\/08\/logomarca_tema.fw_.png\",\"contentUrl\":\"https:\/\/noticiaempauta.com\/portal\/wp-content\/uploads\/2022\/08\/logomarca_tema.fw_.png\",\"width\":400,\"height\":232,\"caption\":\"Portal Not\u00edcia em Pauta\"},\"image\":{\"@id\":\"https:\/\/noticiaempauta.com\/portal\/#\/schema\/logo\/image\/\"},\"sameAs\":[\"https:\/\/www.facebook.com\/Portal-Notcia-Em-Pauta-102292869264820\/\",\"https:\/\/www.instagram.com\/portalnoticiaempauta\/\"]},{\"@type\":\"Person\",\"@id\":\"https:\/\/noticiaempauta.com\/portal\/#\/schema\/person\/a74af43dd1ab3deca45f988c717d57ac\",\"name\":\"Reda\u00e7\u00e3o\",\"image\":{\"@type\":\"ImageObject\",\"inLanguage\":\"pt-BR\",\"@id\":\"https:\/\/noticiaempauta.com\/portal\/#\/schema\/person\/image\/\",\"url\":\"https:\/\/secure.gravatar.com\/avatar\/03179346ecce6cdfc13361603e8f54242a90e5cde8618fa23c5c00aa2b0aadf3?s=96&d=mm&r=g\",\"contentUrl\":\"https:\/\/secure.gravatar.com\/avatar\/03179346ecce6cdfc13361603e8f54242a90e5cde8618fa23c5c00aa2b0aadf3?s=96&d=mm&r=g\",\"caption\":\"Reda\u00e7\u00e3o\"},\"sameAs\":[\"https:\/\/noticiaempauta.com\/portal\/\"],\"url\":\"https:\/\/noticiaempauta.com\/portal\/author\/fernando\/\"}]}<\/script>\n<!-- \/ Yoast SEO Premium plugin. -->","yoast_head_json":{"title":"Presidente da OAB Subse\u00e7\u00e3o de Picos alerta para o crime do Falso Advogado; veja dicas de como se proteger - Portal Not\u00edcia em Pauta","robots":{"index":"index","follow":"follow","max-snippet":"max-snippet:-1","max-image-preview":"max-image-preview:large","max-video-preview":"max-video-preview:-1"},"canonical":"https:\/\/noticiaempauta.com\/portal\/presidente-da-oab-subsecao-de-picos-alerta-para-o-crime-do-falso-advogado-veja-dicas-de-como-se-proteger\/","og_locale":"pt_BR","og_type":"article","og_title":"Presidente da OAB Subse\u00e7\u00e3o de Picos alerta para o crime do Falso Advogado; veja dicas de como se proteger","og_description":"A pr\u00e1tica criminosa do falso advogado tem se tornado uma preocupa\u00e7\u00e3o crescente em diversas regi\u00f5es do pa\u00eds, e em Picos n\u00e3o \u00e9 diferente. A presidente da Subse\u00e7\u00e3o da Ordem dos Advogados do Brasil (OAB) no munic\u00edpio, Yana Moura, alerta a popula\u00e7\u00e3o sobre os riscos desse golpe e orienta sobre como evitar cair nessa armadilha. O [&hellip;]","og_url":"https:\/\/noticiaempauta.com\/portal\/presidente-da-oab-subsecao-de-picos-alerta-para-o-crime-do-falso-advogado-veja-dicas-de-como-se-proteger\/","og_site_name":"Portal Not\u00edcia em Pauta","article_publisher":"https:\/\/www.facebook.com\/Portal-Notcia-Em-Pauta-102292869264820\/","article_published_time":"2025-01-31T14:16:18+00:00","article_modified_time":"2025-01-31T14:16:20+00:00","og_image":[{"width":989,"height":829,"url":"https:\/\/noticiaempauta.com\/portal\/wp-content\/uploads\/2025\/01\/WhatsApp-Image-2025-01-31-at-11.11.37.jpeg","type":"image\/jpeg"}],"author":"Reda\u00e7\u00e3o","twitter_card":"summary_large_image","twitter_misc":{"Escrito por":"Reda\u00e7\u00e3o","Est. tempo de leitura":"3 minutos"},"schema":{"@context":"https:\/\/schema.org","@graph":[{"@type":"Article","@id":"https:\/\/noticiaempauta.com\/portal\/presidente-da-oab-subsecao-de-picos-alerta-para-o-crime-do-falso-advogado-veja-dicas-de-como-se-proteger\/#article","isPartOf":{"@id":"https:\/\/noticiaempauta.com\/portal\/presidente-da-oab-subsecao-de-picos-alerta-para-o-crime-do-falso-advogado-veja-dicas-de-como-se-proteger\/"},"author":{"name":"Reda\u00e7\u00e3o","@id":"https:\/\/noticiaempauta.com\/portal\/#\/schema\/person\/a74af43dd1ab3deca45f988c717d57ac"},"headline":"Presidente da OAB Subse\u00e7\u00e3o de Picos alerta para o crime do Falso Advogado; veja dicas de como se proteger","datePublished":"2025-01-31T14:16:18+00:00","dateModified":"2025-01-31T14:16:20+00:00","mainEntityOfPage":{"@id":"https:\/\/noticiaempauta.com\/portal\/presidente-da-oab-subsecao-de-picos-alerta-para-o-crime-do-falso-advogado-veja-dicas-de-como-se-proteger\/"},"wordCount":447,"commentCount":0,"publisher":{"@id":"https:\/\/noticiaempauta.com\/portal\/#organization"},"image":{"@id":"https:\/\/noticiaempauta.com\/portal\/presidente-da-oab-subsecao-de-picos-alerta-para-o-crime-do-falso-advogado-veja-dicas-de-como-se-proteger\/#primaryimage"},"thumbnailUrl":"https:\/\/noticiaempauta.com\/portal\/wp-content\/uploads\/2025\/01\/WhatsApp-Image-2025-01-31-at-11.11.37.jpeg","articleSection":["Destaques","Geral","Todas as Not\u00edcias"],"inLanguage":"pt-BR","potentialAction":[{"@type":"CommentAction","name":"Comment","target":["https:\/\/noticiaempauta.com\/portal\/presidente-da-oab-subsecao-de-picos-alerta-para-o-crime-do-falso-advogado-veja-dicas-de-como-se-proteger\/#respond"]}]},{"@type":"WebPage","@id":"https:\/\/noticiaempauta.com\/portal\/presidente-da-oab-subsecao-de-picos-alerta-para-o-crime-do-falso-advogado-veja-dicas-de-como-se-proteger\/","url":"https:\/\/noticiaempauta.com\/portal\/presidente-da-oab-subsecao-de-picos-alerta-para-o-crime-do-falso-advogado-veja-dicas-de-como-se-proteger\/","name":"Presidente da OAB Subse\u00e7\u00e3o de Picos alerta para o crime do Falso Advogado; veja dicas de como se proteger - Portal Not\u00edcia em Pauta","isPartOf":{"@id":"https:\/\/noticiaempauta.com\/portal\/#website"},"primaryImageOfPage":{"@id":"https:\/\/noticiaempauta.com\/portal\/presidente-da-oab-subsecao-de-picos-alerta-para-o-crime-do-falso-advogado-veja-dicas-de-como-se-proteger\/#primaryimage"},"image":{"@id":"https:\/\/noticiaempauta.com\/portal\/presidente-da-oab-subsecao-de-picos-alerta-para-o-crime-do-falso-advogado-veja-dicas-de-como-se-proteger\/#primaryimage"},"thumbnailUrl":"https:\/\/noticiaempauta.com\/portal\/wp-content\/uploads\/2025\/01\/WhatsApp-Image-2025-01-31-at-11.11.37.jpeg","datePublished":"2025-01-31T14:16:18+00:00","dateModified":"2025-01-31T14:16:20+00:00","breadcrumb":{"@id":"https:\/\/noticiaempauta.com\/portal\/presidente-da-oab-subsecao-de-picos-alerta-para-o-crime-do-falso-advogado-veja-dicas-de-como-se-proteger\/#breadcrumb"},"inLanguage":"pt-BR","potentialAction":[{"@type":"ReadAction","target":["https:\/\/noticiaempauta.com\/portal\/presidente-da-oab-subsecao-de-picos-alerta-para-o-crime-do-falso-advogado-veja-dicas-de-como-se-proteger\/"]}]},{"@type":"ImageObject","inLanguage":"pt-BR","@id":"https:\/\/noticiaempauta.com\/portal\/presidente-da-oab-subsecao-de-picos-alerta-para-o-crime-do-falso-advogado-veja-dicas-de-como-se-proteger\/#primaryimage","url":"https:\/\/noticiaempauta.com\/portal\/wp-content\/uploads\/2025\/01\/WhatsApp-Image-2025-01-31-at-11.11.37.jpeg","contentUrl":"https:\/\/noticiaempauta.com\/portal\/wp-content\/uploads\/2025\/01\/WhatsApp-Image-2025-01-31-at-11.11.37.jpeg","width":989,"height":829},{"@type":"BreadcrumbList","@id":"https:\/\/noticiaempauta.com\/portal\/presidente-da-oab-subsecao-de-picos-alerta-para-o-crime-do-falso-advogado-veja-dicas-de-como-se-proteger\/#breadcrumb","itemListElement":[{"@type":"ListItem","position":1,"name":"P\u00e1gina Inicial","item":"https:\/\/noticiaempauta.com\/portal\/"},{"@type":"ListItem","position":2,"name":"Destaques","item":"https:\/\/noticiaempauta.com\/portal\/destaques-site\/"},{"@type":"ListItem","position":3,"name":"Presidente da OAB Subse\u00e7\u00e3o de Picos alerta para o crime do Falso Advogado; veja dicas de como se proteger"}]},{"@type":"WebSite","@id":"https:\/\/noticiaempauta.com\/portal\/#website","url":"https:\/\/noticiaempauta.com\/portal\/","name":"Portal Not\u00edcia em Pauta","description":"Voc\u00ea bem informado","publisher":{"@id":"https:\/\/noticiaempauta.com\/portal\/#organization"},"potentialAction":[{"@type":"SearchAction","target":{"@type":"EntryPoint","urlTemplate":"https:\/\/noticiaempauta.com\/portal\/?s={search_term_string}"},"query-input":{"@type":"PropertyValueSpecification","valueRequired":true,"valueName":"search_term_string"}}],"inLanguage":"pt-BR"},{"@type":"Organization","@id":"https:\/\/noticiaempauta.com\/portal\/#organization","name":"Portal Not\u00edcia em Pauta","url":"https:\/\/noticiaempauta.com\/portal\/","logo":{"@type":"ImageObject","inLanguage":"pt-BR","@id":"https:\/\/noticiaempauta.com\/portal\/#\/schema\/logo\/image\/","url":"https:\/\/noticiaempauta.com\/portal\/wp-content\/uploads\/2022\/08\/logomarca_tema.fw_.png","contentUrl":"https:\/\/noticiaempauta.com\/portal\/wp-content\/uploads\/2022\/08\/logomarca_tema.fw_.png","width":400,"height":232,"caption":"Portal Not\u00edcia em Pauta"},"image":{"@id":"https:\/\/noticiaempauta.com\/portal\/#\/schema\/logo\/image\/"},"sameAs":["https:\/\/www.facebook.com\/Portal-Notcia-Em-Pauta-102292869264820\/","https:\/\/www.instagram.com\/portalnoticiaempauta\/"]},{"@type":"Person","@id":"https:\/\/noticiaempauta.com\/portal\/#\/schema\/person\/a74af43dd1ab3deca45f988c717d57ac","name":"Reda\u00e7\u00e3o","image":{"@type":"ImageObject","inLanguage":"pt-BR","@id":"https:\/\/noticiaempauta.com\/portal\/#\/schema\/person\/image\/","url":"https:\/\/secure.gravatar.com\/avatar\/03179346ecce6cdfc13361603e8f54242a90e5cde8618fa23c5c00aa2b0aadf3?s=96&d=mm&r=g","contentUrl":"https:\/\/secure.gravatar.com\/avatar\/03179346ecce6cdfc13361603e8f54242a90e5cde8618fa23c5c00aa2b0aadf3?s=96&d=mm&r=g","caption":"Reda\u00e7\u00e3o"},"sameAs":["https:\/\/noticiaempauta.com\/portal\/"],"url":"https:\/\/noticiaempauta.com\/portal\/author\/fernando\/"}]}},"_links":{"self":[{"href":"https:\/\/noticiaempauta.com\/portal\/wp-json\/wp\/v2\/posts\/267219","targetHints":{"allow":["GET"]}}],"collection":[{"href":"https:\/\/noticiaempauta.com\/portal\/wp-json\/wp\/v2\/posts"}],"about":[{"href":"https:\/\/noticiaempauta.com\/portal\/wp-json\/wp\/v2\/types\/post"}],"author":[{"embeddable":true,"href":"https:\/\/noticiaempauta.com\/portal\/wp-json\/wp\/v2\/users\/2"}],"replies":[{"embeddable":true,"href":"https:\/\/noticiaempauta.com\/portal\/wp-json\/wp\/v2\/comments?post=267219"}],"version-history":[{"count":1,"href":"https:\/\/noticiaempauta.com\/portal\/wp-json\/wp\/v2\/posts\/267219\/revisions"}],"predecessor-version":[{"id":267223,"href":"https:\/\/noticiaempauta.com\/portal\/wp-json\/wp\/v2\/posts\/267219\/revisions\/267223"}],"wp:featuredmedia":[{"embeddable":true,"href":"https:\/\/noticiaempauta.com\/portal\/wp-json\/wp\/v2\/media\/267220"}],"wp:attachment":[{"href":"https:\/\/noticiaempauta.com\/portal\/wp-json\/wp\/v2\/media?parent=267219"}],"wp:term":[{"taxonomy":"category","embeddable":true,"href":"https:\/\/noticiaempauta.com\/portal\/wp-json\/wp\/v2\/categories?post=267219"},{"taxonomy":"post_tag","embeddable":true,"href":"https:\/\/noticiaempauta.com\/portal\/wp-json\/wp\/v2\/tags?post=267219"}],"curies":[{"name":"wp","href":"https:\/\/api.w.org\/{rel}","templated":true}]}}