{"id":267233,"date":"2025-01-31T16:09:48","date_gmt":"2025-01-31T19:09:48","guid":{"rendered":"https:\/\/noticiaempauta.com\/portal\/?p=267233"},"modified":"2025-01-31T16:09:50","modified_gmt":"2025-01-31T19:09:50","slug":"upa-24h-de-picos-reorganiza-fluxos-e-estabelece-contingencia-para-atendimentos-emergenciais","status":"publish","type":"post","link":"https:\/\/noticiaempauta.com\/portal\/upa-24h-de-picos-reorganiza-fluxos-e-estabelece-contingencia-para-atendimentos-emergenciais\/","title":{"rendered":"UPA 24h de Picos reorganiza fluxos e estabelece conting\u00eancia para atendimentos emergenciais"},"content":{"rendered":"\n<p>Devido \u00e0s fortes chuvas que atingiram o munic\u00edpio de Picos nas \u00faltimas semanas, a UPA 24h de Picos reorganizou fluxos e definiu conting\u00eancias para atendimento em situa\u00e7\u00f5es emergenciais, minimizando assim o risco de superlota\u00e7\u00e3o na unidade.<\/p>\n\n\n\n<figure class=\"wp-block-image size-full\"><img fetchpriority=\"high\" decoding=\"async\" width=\"900\" height=\"540\" src=\"https:\/\/noticiaempauta.com\/portal\/wp-content\/uploads\/2025\/01\/UPA-24h-de-Picos.jpg\" alt=\"\" class=\"wp-image-267235\" srcset=\"https:\/\/noticiaempauta.com\/portal\/wp-content\/uploads\/2025\/01\/UPA-24h-de-Picos.jpg 900w, https:\/\/noticiaempauta.com\/portal\/wp-content\/uploads\/2025\/01\/UPA-24h-de-Picos-300x180.jpg 300w, https:\/\/noticiaempauta.com\/portal\/wp-content\/uploads\/2025\/01\/UPA-24h-de-Picos-768x461.jpg 768w\" sizes=\"(max-width: 900px) 100vw, 900px\" \/><\/figure>\n\n\n\n<p>As a\u00e7\u00f5es fazem parte do plano estrat\u00e9gico tra\u00e7ado pelo Centro de Opera\u00e7\u00f5es de Emerg\u00eancia (COE), que inclui membros da Secretaria de Estado da Sa\u00fade (Sesapi), Secretaria Municipal de Sa\u00fade de Picos, Coordena\u00e7\u00e3o Regional de Sa\u00fade, Corpo de Bombeiros, Defesa Civil e Vigil\u00e2ncia Epidemiol\u00f3gica.<\/p>\n\n\n\n<p><em>\u201cFoi necess\u00e1rio criar estrat\u00e9gias para atender a demanda crescente, enquanto se ajusta o funcionamento das Unidades B\u00e1sicas de Sa\u00fade afetadas pelos alagamentos, bem como para manter o controle epidemiol\u00f3gico\u201d<\/em>, relata Gabrielly Rocha, coordenadora administrativa da UPA 24h de Picos.<\/p>\n\n\n\n<p>Apesar das enchentes registradas, a unidade tem conseguido manter os atendimentos sem interrup\u00e7\u00f5es ou preju\u00edzos estruturais. O foco principal \u00e9 assegurar que a popula\u00e7\u00e3o continue sendo assistida e os servi\u00e7os sigam sendo realizados conforme o planejamento.<\/p>\n\n\n\n<figure class=\"wp-block-image size-full\"><img decoding=\"async\" width=\"1000\" height=\"600\" src=\"https:\/\/noticiaempauta.com\/portal\/wp-content\/uploads\/2025\/01\/large_UPA_de_Picos_856c454ef7.jpg\" alt=\"\" class=\"wp-image-267234\" srcset=\"https:\/\/noticiaempauta.com\/portal\/wp-content\/uploads\/2025\/01\/large_UPA_de_Picos_856c454ef7.jpg 1000w, https:\/\/noticiaempauta.com\/portal\/wp-content\/uploads\/2025\/01\/large_UPA_de_Picos_856c454ef7-300x180.jpg 300w, https:\/\/noticiaempauta.com\/portal\/wp-content\/uploads\/2025\/01\/large_UPA_de_Picos_856c454ef7-768x461.jpg 768w\" sizes=\"(max-width: 1000px) 100vw, 1000px\" \/><\/figure>\n\n\n\n<p>O atendimento r\u00e1pido tem sido importante para otimizar os recursos dispon\u00edveis em situa\u00e7\u00f5es cr\u00edticas. Para tal, est\u00e1 sendo implementado o sistema \u201cFast Track\u201d, uma estrat\u00e9gia recomendada pelo Minist\u00e9rio da Sa\u00fade que busca promover uma triagem mais r\u00e1pida e eficiente, possibilitando a adequa\u00e7\u00e3o da unidade \u00e0s necessidades da demanda e \u00e0 manuten\u00e7\u00e3o das medidas de preven\u00e7\u00e3o indicadas pelos especialistas em sa\u00fade, al\u00e9m de uma assist\u00eancia completa ao paciente.<\/p>\n\n\n\n<p><em>\u201cPor meio desta pr\u00e1tica, a UPA poder\u00e1 agilizar a execu\u00e7\u00e3o de tarefas e, de forma estrat\u00e9gica, administrar o fluxo de pacientes conforme recursos e profissionais dispon\u00edveis\u201d<\/em>, explica a coordenadora administrativa da UPA 24h de Picos, que \u00e9 administrada pela Sociedade Brasileira Caminho de Damasco (SBCD), por meio de contrato de gest\u00e3o junto ao Governo do Estado do Piau\u00ed.<\/p>\n\n\n\n<p>De acordo com Gabrielly Rocha, \u00e9 necess\u00e1rio que a popula\u00e7\u00e3o esteja atenta aos cuidados b\u00e1sicos de preven\u00e7\u00e3o a poss\u00edveis viroses e siga recomenda\u00e7\u00f5es fundamentais para reduzir a propaga\u00e7\u00e3o de doen\u00e7as, como por exemplo, higienizar regularmente as m\u00e3os, cobrir boca e nariz ao tossir ou espirrar, evitar contato pr\u00f3ximo com pessoas doentes, manter o ambiente ventilado, utilizar m\u00e1scara em locais p\u00fablicos fechados e manter a carteira de vacina\u00e7\u00e3o atualizada.<\/p>\n\n\n\n<p><em>\u201cA UPA de Picos segue \u00e0 disposi\u00e7\u00e3o da popula\u00e7\u00e3o, 24 horas por dia, sete dias por semana, cumprindo seu papel essencial no apoio ao sistema de sa\u00fade local e regi\u00f5es vizinhas, com o compromisso de garantir o bem-estar de todos e oferecendo assist\u00eancia hospitalar b\u00e1sica e de qualidade\u201d,<\/em>&nbsp;finaliza.<\/p>\n\n\n\n<p>Governo do Piau\u00ed<\/p>\n","protected":false},"excerpt":{"rendered":"<p>Devido \u00e0s fortes chuvas que atingiram o munic\u00edpio de Picos nas \u00faltimas semanas, a UPA 24h de Picos reorganizou fluxos e definiu conting\u00eancias para atendimento em situa\u00e7\u00f5es emergenciais, minimizando assim o risco de superlota\u00e7\u00e3o na unidade. As a\u00e7\u00f5es fazem parte do plano estrat\u00e9gico tra\u00e7ado pelo Centro de Opera\u00e7\u00f5es de Emerg\u00eancia (COE), que inclui membros da [&hellip;]<\/p>\n","protected":false},"author":2,"featured_media":267235,"comment_status":"open","ping_status":"open","sticky":false,"template":"","format":"standard","meta":{"_mi_skip_tracking":false,"footnotes":""},"categories":[25,1,5,16],"tags":[],"class_list":["post-267233","post","type-post","status-publish","format-standard","has-post-thumbnail","hentry","category-destaques-site","category-geral","category-saude","category-todas"],"acf":[],"yoast_head":"<!-- This site is optimized with the Yoast SEO Premium plugin v19.2 (Yoast SEO v26.9) - https:\/\/yoast.com\/product\/yoast-seo-premium-wordpress\/ -->\n<title>UPA 24h de Picos reorganiza fluxos e estabelece conting\u00eancia para atendimentos emergenciais - Portal Not\u00edcia em Pauta<\/title>\n<meta name=\"robots\" content=\"index, follow, max-snippet:-1, max-image-preview:large, max-video-preview:-1\" \/>\n<link rel=\"canonical\" href=\"https:\/\/noticiaempauta.com\/portal\/upa-24h-de-picos-reorganiza-fluxos-e-estabelece-contingencia-para-atendimentos-emergenciais\/\" \/>\n<meta property=\"og:locale\" content=\"pt_BR\" \/>\n<meta property=\"og:type\" content=\"article\" \/>\n<meta property=\"og:title\" content=\"UPA 24h de Picos reorganiza fluxos e estabelece conting\u00eancia para atendimentos emergenciais\" \/>\n<meta property=\"og:description\" content=\"Devido \u00e0s fortes chuvas que atingiram o munic\u00edpio de Picos nas \u00faltimas semanas, a UPA 24h de Picos reorganizou fluxos e definiu conting\u00eancias para atendimento em situa\u00e7\u00f5es emergenciais, minimizando assim o risco de superlota\u00e7\u00e3o na unidade. As a\u00e7\u00f5es fazem parte do plano estrat\u00e9gico tra\u00e7ado pelo Centro de Opera\u00e7\u00f5es de Emerg\u00eancia (COE), que inclui membros da [&hellip;]\" \/>\n<meta property=\"og:url\" content=\"https:\/\/noticiaempauta.com\/portal\/upa-24h-de-picos-reorganiza-fluxos-e-estabelece-contingencia-para-atendimentos-emergenciais\/\" \/>\n<meta property=\"og:site_name\" content=\"Portal Not\u00edcia em Pauta\" \/>\n<meta property=\"article:publisher\" content=\"https:\/\/www.facebook.com\/Portal-Notcia-Em-Pauta-102292869264820\/\" \/>\n<meta property=\"article:published_time\" content=\"2025-01-31T19:09:48+00:00\" \/>\n<meta property=\"article:modified_time\" content=\"2025-01-31T19:09:50+00:00\" \/>\n<meta property=\"og:image\" content=\"https:\/\/noticiaempauta.com\/portal\/wp-content\/uploads\/2025\/01\/UPA-24h-de-Picos.jpg\" \/>\n\t<meta property=\"og:image:width\" content=\"900\" \/>\n\t<meta property=\"og:image:height\" content=\"540\" \/>\n\t<meta property=\"og:image:type\" content=\"image\/jpeg\" \/>\n<meta name=\"author\" content=\"Reda\u00e7\u00e3o\" \/>\n<meta name=\"twitter:card\" content=\"summary_large_image\" \/>\n<meta name=\"twitter:label1\" content=\"Escrito por\" \/>\n\t<meta name=\"twitter:data1\" content=\"Reda\u00e7\u00e3o\" \/>\n\t<meta name=\"twitter:label2\" content=\"Est. tempo de leitura\" \/>\n\t<meta name=\"twitter:data2\" content=\"3 minutos\" \/>\n<script type=\"application\/ld+json\" class=\"yoast-schema-graph\">{\"@context\":\"https:\/\/schema.org\",\"@graph\":[{\"@type\":\"Article\",\"@id\":\"https:\/\/noticiaempauta.com\/portal\/upa-24h-de-picos-reorganiza-fluxos-e-estabelece-contingencia-para-atendimentos-emergenciais\/#article\",\"isPartOf\":{\"@id\":\"https:\/\/noticiaempauta.com\/portal\/upa-24h-de-picos-reorganiza-fluxos-e-estabelece-contingencia-para-atendimentos-emergenciais\/\"},\"author\":{\"name\":\"Reda\u00e7\u00e3o\",\"@id\":\"https:\/\/noticiaempauta.com\/portal\/#\/schema\/person\/a74af43dd1ab3deca45f988c717d57ac\"},\"headline\":\"UPA 24h de Picos reorganiza fluxos e estabelece conting\u00eancia para atendimentos emergenciais\",\"datePublished\":\"2025-01-31T19:09:48+00:00\",\"dateModified\":\"2025-01-31T19:09:50+00:00\",\"mainEntityOfPage\":{\"@id\":\"https:\/\/noticiaempauta.com\/portal\/upa-24h-de-picos-reorganiza-fluxos-e-estabelece-contingencia-para-atendimentos-emergenciais\/\"},\"wordCount\":469,\"commentCount\":0,\"publisher\":{\"@id\":\"https:\/\/noticiaempauta.com\/portal\/#organization\"},\"image\":{\"@id\":\"https:\/\/noticiaempauta.com\/portal\/upa-24h-de-picos-reorganiza-fluxos-e-estabelece-contingencia-para-atendimentos-emergenciais\/#primaryimage\"},\"thumbnailUrl\":\"https:\/\/noticiaempauta.com\/portal\/wp-content\/uploads\/2025\/01\/UPA-24h-de-Picos.jpg\",\"articleSection\":[\"Destaques\",\"Geral\",\"Sa\u00fade\",\"Todas as Not\u00edcias\"],\"inLanguage\":\"pt-BR\",\"potentialAction\":[{\"@type\":\"CommentAction\",\"name\":\"Comment\",\"target\":[\"https:\/\/noticiaempauta.com\/portal\/upa-24h-de-picos-reorganiza-fluxos-e-estabelece-contingencia-para-atendimentos-emergenciais\/#respond\"]}]},{\"@type\":\"WebPage\",\"@id\":\"https:\/\/noticiaempauta.com\/portal\/upa-24h-de-picos-reorganiza-fluxos-e-estabelece-contingencia-para-atendimentos-emergenciais\/\",\"url\":\"https:\/\/noticiaempauta.com\/portal\/upa-24h-de-picos-reorganiza-fluxos-e-estabelece-contingencia-para-atendimentos-emergenciais\/\",\"name\":\"UPA 24h de Picos reorganiza fluxos e estabelece conting\u00eancia para atendimentos emergenciais - Portal Not\u00edcia em Pauta\",\"isPartOf\":{\"@id\":\"https:\/\/noticiaempauta.com\/portal\/#website\"},\"primaryImageOfPage\":{\"@id\":\"https:\/\/noticiaempauta.com\/portal\/upa-24h-de-picos-reorganiza-fluxos-e-estabelece-contingencia-para-atendimentos-emergenciais\/#primaryimage\"},\"image\":{\"@id\":\"https:\/\/noticiaempauta.com\/portal\/upa-24h-de-picos-reorganiza-fluxos-e-estabelece-contingencia-para-atendimentos-emergenciais\/#primaryimage\"},\"thumbnailUrl\":\"https:\/\/noticiaempauta.com\/portal\/wp-content\/uploads\/2025\/01\/UPA-24h-de-Picos.jpg\",\"datePublished\":\"2025-01-31T19:09:48+00:00\",\"dateModified\":\"2025-01-31T19:09:50+00:00\",\"breadcrumb\":{\"@id\":\"https:\/\/noticiaempauta.com\/portal\/upa-24h-de-picos-reorganiza-fluxos-e-estabelece-contingencia-para-atendimentos-emergenciais\/#breadcrumb\"},\"inLanguage\":\"pt-BR\",\"potentialAction\":[{\"@type\":\"ReadAction\",\"target\":[\"https:\/\/noticiaempauta.com\/portal\/upa-24h-de-picos-reorganiza-fluxos-e-estabelece-contingencia-para-atendimentos-emergenciais\/\"]}]},{\"@type\":\"ImageObject\",\"inLanguage\":\"pt-BR\",\"@id\":\"https:\/\/noticiaempauta.com\/portal\/upa-24h-de-picos-reorganiza-fluxos-e-estabelece-contingencia-para-atendimentos-emergenciais\/#primaryimage\",\"url\":\"https:\/\/noticiaempauta.com\/portal\/wp-content\/uploads\/2025\/01\/UPA-24h-de-Picos.jpg\",\"contentUrl\":\"https:\/\/noticiaempauta.com\/portal\/wp-content\/uploads\/2025\/01\/UPA-24h-de-Picos.jpg\",\"width\":900,\"height\":540},{\"@type\":\"BreadcrumbList\",\"@id\":\"https:\/\/noticiaempauta.com\/portal\/upa-24h-de-picos-reorganiza-fluxos-e-estabelece-contingencia-para-atendimentos-emergenciais\/#breadcrumb\",\"itemListElement\":[{\"@type\":\"ListItem\",\"position\":1,\"name\":\"P\u00e1gina Inicial\",\"item\":\"https:\/\/noticiaempauta.com\/portal\/\"},{\"@type\":\"ListItem\",\"position\":2,\"name\":\"Destaques\",\"item\":\"https:\/\/noticiaempauta.com\/portal\/destaques-site\/\"},{\"@type\":\"ListItem\",\"position\":3,\"name\":\"UPA 24h de Picos reorganiza fluxos e estabelece conting\u00eancia para atendimentos emergenciais\"}]},{\"@type\":\"WebSite\",\"@id\":\"https:\/\/noticiaempauta.com\/portal\/#website\",\"url\":\"https:\/\/noticiaempauta.com\/portal\/\",\"name\":\"Portal Not\u00edcia em Pauta\",\"description\":\"Voc\u00ea bem informado\",\"publisher\":{\"@id\":\"https:\/\/noticiaempauta.com\/portal\/#organization\"},\"potentialAction\":[{\"@type\":\"SearchAction\",\"target\":{\"@type\":\"EntryPoint\",\"urlTemplate\":\"https:\/\/noticiaempauta.com\/portal\/?s={search_term_string}\"},\"query-input\":{\"@type\":\"PropertyValueSpecification\",\"valueRequired\":true,\"valueName\":\"search_term_string\"}}],\"inLanguage\":\"pt-BR\"},{\"@type\":\"Organization\",\"@id\":\"https:\/\/noticiaempauta.com\/portal\/#organization\",\"name\":\"Portal Not\u00edcia em Pauta\",\"url\":\"https:\/\/noticiaempauta.com\/portal\/\",\"logo\":{\"@type\":\"ImageObject\",\"inLanguage\":\"pt-BR\",\"@id\":\"https:\/\/noticiaempauta.com\/portal\/#\/schema\/logo\/image\/\",\"url\":\"https:\/\/noticiaempauta.com\/portal\/wp-content\/uploads\/2022\/08\/logomarca_tema.fw_.png\",\"contentUrl\":\"https:\/\/noticiaempauta.com\/portal\/wp-content\/uploads\/2022\/08\/logomarca_tema.fw_.png\",\"width\":400,\"height\":232,\"caption\":\"Portal Not\u00edcia em Pauta\"},\"image\":{\"@id\":\"https:\/\/noticiaempauta.com\/portal\/#\/schema\/logo\/image\/\"},\"sameAs\":[\"https:\/\/www.facebook.com\/Portal-Notcia-Em-Pauta-102292869264820\/\",\"https:\/\/www.instagram.com\/portalnoticiaempauta\/\"]},{\"@type\":\"Person\",\"@id\":\"https:\/\/noticiaempauta.com\/portal\/#\/schema\/person\/a74af43dd1ab3deca45f988c717d57ac\",\"name\":\"Reda\u00e7\u00e3o\",\"image\":{\"@type\":\"ImageObject\",\"inLanguage\":\"pt-BR\",\"@id\":\"https:\/\/noticiaempauta.com\/portal\/#\/schema\/person\/image\/\",\"url\":\"https:\/\/secure.gravatar.com\/avatar\/03179346ecce6cdfc13361603e8f54242a90e5cde8618fa23c5c00aa2b0aadf3?s=96&d=mm&r=g\",\"contentUrl\":\"https:\/\/secure.gravatar.com\/avatar\/03179346ecce6cdfc13361603e8f54242a90e5cde8618fa23c5c00aa2b0aadf3?s=96&d=mm&r=g\",\"caption\":\"Reda\u00e7\u00e3o\"},\"sameAs\":[\"https:\/\/noticiaempauta.com\/portal\/\"],\"url\":\"https:\/\/noticiaempauta.com\/portal\/author\/fernando\/\"}]}<\/script>\n<!-- \/ Yoast SEO Premium plugin. -->","yoast_head_json":{"title":"UPA 24h de Picos reorganiza fluxos e estabelece conting\u00eancia para atendimentos emergenciais - Portal Not\u00edcia em Pauta","robots":{"index":"index","follow":"follow","max-snippet":"max-snippet:-1","max-image-preview":"max-image-preview:large","max-video-preview":"max-video-preview:-1"},"canonical":"https:\/\/noticiaempauta.com\/portal\/upa-24h-de-picos-reorganiza-fluxos-e-estabelece-contingencia-para-atendimentos-emergenciais\/","og_locale":"pt_BR","og_type":"article","og_title":"UPA 24h de Picos reorganiza fluxos e estabelece conting\u00eancia para atendimentos emergenciais","og_description":"Devido \u00e0s fortes chuvas que atingiram o munic\u00edpio de Picos nas \u00faltimas semanas, a UPA 24h de Picos reorganizou fluxos e definiu conting\u00eancias para atendimento em situa\u00e7\u00f5es emergenciais, minimizando assim o risco de superlota\u00e7\u00e3o na unidade. As a\u00e7\u00f5es fazem parte do plano estrat\u00e9gico tra\u00e7ado pelo Centro de Opera\u00e7\u00f5es de Emerg\u00eancia (COE), que inclui membros da [&hellip;]","og_url":"https:\/\/noticiaempauta.com\/portal\/upa-24h-de-picos-reorganiza-fluxos-e-estabelece-contingencia-para-atendimentos-emergenciais\/","og_site_name":"Portal Not\u00edcia em Pauta","article_publisher":"https:\/\/www.facebook.com\/Portal-Notcia-Em-Pauta-102292869264820\/","article_published_time":"2025-01-31T19:09:48+00:00","article_modified_time":"2025-01-31T19:09:50+00:00","og_image":[{"width":900,"height":540,"url":"https:\/\/noticiaempauta.com\/portal\/wp-content\/uploads\/2025\/01\/UPA-24h-de-Picos.jpg","type":"image\/jpeg"}],"author":"Reda\u00e7\u00e3o","twitter_card":"summary_large_image","twitter_misc":{"Escrito por":"Reda\u00e7\u00e3o","Est. tempo de leitura":"3 minutos"},"schema":{"@context":"https:\/\/schema.org","@graph":[{"@type":"Article","@id":"https:\/\/noticiaempauta.com\/portal\/upa-24h-de-picos-reorganiza-fluxos-e-estabelece-contingencia-para-atendimentos-emergenciais\/#article","isPartOf":{"@id":"https:\/\/noticiaempauta.com\/portal\/upa-24h-de-picos-reorganiza-fluxos-e-estabelece-contingencia-para-atendimentos-emergenciais\/"},"author":{"name":"Reda\u00e7\u00e3o","@id":"https:\/\/noticiaempauta.com\/portal\/#\/schema\/person\/a74af43dd1ab3deca45f988c717d57ac"},"headline":"UPA 24h de Picos reorganiza fluxos e estabelece conting\u00eancia para atendimentos emergenciais","datePublished":"2025-01-31T19:09:48+00:00","dateModified":"2025-01-31T19:09:50+00:00","mainEntityOfPage":{"@id":"https:\/\/noticiaempauta.com\/portal\/upa-24h-de-picos-reorganiza-fluxos-e-estabelece-contingencia-para-atendimentos-emergenciais\/"},"wordCount":469,"commentCount":0,"publisher":{"@id":"https:\/\/noticiaempauta.com\/portal\/#organization"},"image":{"@id":"https:\/\/noticiaempauta.com\/portal\/upa-24h-de-picos-reorganiza-fluxos-e-estabelece-contingencia-para-atendimentos-emergenciais\/#primaryimage"},"thumbnailUrl":"https:\/\/noticiaempauta.com\/portal\/wp-content\/uploads\/2025\/01\/UPA-24h-de-Picos.jpg","articleSection":["Destaques","Geral","Sa\u00fade","Todas as Not\u00edcias"],"inLanguage":"pt-BR","potentialAction":[{"@type":"CommentAction","name":"Comment","target":["https:\/\/noticiaempauta.com\/portal\/upa-24h-de-picos-reorganiza-fluxos-e-estabelece-contingencia-para-atendimentos-emergenciais\/#respond"]}]},{"@type":"WebPage","@id":"https:\/\/noticiaempauta.com\/portal\/upa-24h-de-picos-reorganiza-fluxos-e-estabelece-contingencia-para-atendimentos-emergenciais\/","url":"https:\/\/noticiaempauta.com\/portal\/upa-24h-de-picos-reorganiza-fluxos-e-estabelece-contingencia-para-atendimentos-emergenciais\/","name":"UPA 24h de Picos reorganiza fluxos e estabelece conting\u00eancia para atendimentos emergenciais - Portal Not\u00edcia em Pauta","isPartOf":{"@id":"https:\/\/noticiaempauta.com\/portal\/#website"},"primaryImageOfPage":{"@id":"https:\/\/noticiaempauta.com\/portal\/upa-24h-de-picos-reorganiza-fluxos-e-estabelece-contingencia-para-atendimentos-emergenciais\/#primaryimage"},"image":{"@id":"https:\/\/noticiaempauta.com\/portal\/upa-24h-de-picos-reorganiza-fluxos-e-estabelece-contingencia-para-atendimentos-emergenciais\/#primaryimage"},"thumbnailUrl":"https:\/\/noticiaempauta.com\/portal\/wp-content\/uploads\/2025\/01\/UPA-24h-de-Picos.jpg","datePublished":"2025-01-31T19:09:48+00:00","dateModified":"2025-01-31T19:09:50+00:00","breadcrumb":{"@id":"https:\/\/noticiaempauta.com\/portal\/upa-24h-de-picos-reorganiza-fluxos-e-estabelece-contingencia-para-atendimentos-emergenciais\/#breadcrumb"},"inLanguage":"pt-BR","potentialAction":[{"@type":"ReadAction","target":["https:\/\/noticiaempauta.com\/portal\/upa-24h-de-picos-reorganiza-fluxos-e-estabelece-contingencia-para-atendimentos-emergenciais\/"]}]},{"@type":"ImageObject","inLanguage":"pt-BR","@id":"https:\/\/noticiaempauta.com\/portal\/upa-24h-de-picos-reorganiza-fluxos-e-estabelece-contingencia-para-atendimentos-emergenciais\/#primaryimage","url":"https:\/\/noticiaempauta.com\/portal\/wp-content\/uploads\/2025\/01\/UPA-24h-de-Picos.jpg","contentUrl":"https:\/\/noticiaempauta.com\/portal\/wp-content\/uploads\/2025\/01\/UPA-24h-de-Picos.jpg","width":900,"height":540},{"@type":"BreadcrumbList","@id":"https:\/\/noticiaempauta.com\/portal\/upa-24h-de-picos-reorganiza-fluxos-e-estabelece-contingencia-para-atendimentos-emergenciais\/#breadcrumb","itemListElement":[{"@type":"ListItem","position":1,"name":"P\u00e1gina Inicial","item":"https:\/\/noticiaempauta.com\/portal\/"},{"@type":"ListItem","position":2,"name":"Destaques","item":"https:\/\/noticiaempauta.com\/portal\/destaques-site\/"},{"@type":"ListItem","position":3,"name":"UPA 24h de Picos reorganiza fluxos e estabelece conting\u00eancia para atendimentos emergenciais"}]},{"@type":"WebSite","@id":"https:\/\/noticiaempauta.com\/portal\/#website","url":"https:\/\/noticiaempauta.com\/portal\/","name":"Portal Not\u00edcia em Pauta","description":"Voc\u00ea bem informado","publisher":{"@id":"https:\/\/noticiaempauta.com\/portal\/#organization"},"potentialAction":[{"@type":"SearchAction","target":{"@type":"EntryPoint","urlTemplate":"https:\/\/noticiaempauta.com\/portal\/?s={search_term_string}"},"query-input":{"@type":"PropertyValueSpecification","valueRequired":true,"valueName":"search_term_string"}}],"inLanguage":"pt-BR"},{"@type":"Organization","@id":"https:\/\/noticiaempauta.com\/portal\/#organization","name":"Portal Not\u00edcia em Pauta","url":"https:\/\/noticiaempauta.com\/portal\/","logo":{"@type":"ImageObject","inLanguage":"pt-BR","@id":"https:\/\/noticiaempauta.com\/portal\/#\/schema\/logo\/image\/","url":"https:\/\/noticiaempauta.com\/portal\/wp-content\/uploads\/2022\/08\/logomarca_tema.fw_.png","contentUrl":"https:\/\/noticiaempauta.com\/portal\/wp-content\/uploads\/2022\/08\/logomarca_tema.fw_.png","width":400,"height":232,"caption":"Portal Not\u00edcia em Pauta"},"image":{"@id":"https:\/\/noticiaempauta.com\/portal\/#\/schema\/logo\/image\/"},"sameAs":["https:\/\/www.facebook.com\/Portal-Notcia-Em-Pauta-102292869264820\/","https:\/\/www.instagram.com\/portalnoticiaempauta\/"]},{"@type":"Person","@id":"https:\/\/noticiaempauta.com\/portal\/#\/schema\/person\/a74af43dd1ab3deca45f988c717d57ac","name":"Reda\u00e7\u00e3o","image":{"@type":"ImageObject","inLanguage":"pt-BR","@id":"https:\/\/noticiaempauta.com\/portal\/#\/schema\/person\/image\/","url":"https:\/\/secure.gravatar.com\/avatar\/03179346ecce6cdfc13361603e8f54242a90e5cde8618fa23c5c00aa2b0aadf3?s=96&d=mm&r=g","contentUrl":"https:\/\/secure.gravatar.com\/avatar\/03179346ecce6cdfc13361603e8f54242a90e5cde8618fa23c5c00aa2b0aadf3?s=96&d=mm&r=g","caption":"Reda\u00e7\u00e3o"},"sameAs":["https:\/\/noticiaempauta.com\/portal\/"],"url":"https:\/\/noticiaempauta.com\/portal\/author\/fernando\/"}]}},"_links":{"self":[{"href":"https:\/\/noticiaempauta.com\/portal\/wp-json\/wp\/v2\/posts\/267233","targetHints":{"allow":["GET"]}}],"collection":[{"href":"https:\/\/noticiaempauta.com\/portal\/wp-json\/wp\/v2\/posts"}],"about":[{"href":"https:\/\/noticiaempauta.com\/portal\/wp-json\/wp\/v2\/types\/post"}],"author":[{"embeddable":true,"href":"https:\/\/noticiaempauta.com\/portal\/wp-json\/wp\/v2\/users\/2"}],"replies":[{"embeddable":true,"href":"https:\/\/noticiaempauta.com\/portal\/wp-json\/wp\/v2\/comments?post=267233"}],"version-history":[{"count":1,"href":"https:\/\/noticiaempauta.com\/portal\/wp-json\/wp\/v2\/posts\/267233\/revisions"}],"predecessor-version":[{"id":267236,"href":"https:\/\/noticiaempauta.com\/portal\/wp-json\/wp\/v2\/posts\/267233\/revisions\/267236"}],"wp:featuredmedia":[{"embeddable":true,"href":"https:\/\/noticiaempauta.com\/portal\/wp-json\/wp\/v2\/media\/267235"}],"wp:attachment":[{"href":"https:\/\/noticiaempauta.com\/portal\/wp-json\/wp\/v2\/media?parent=267233"}],"wp:term":[{"taxonomy":"category","embeddable":true,"href":"https:\/\/noticiaempauta.com\/portal\/wp-json\/wp\/v2\/categories?post=267233"},{"taxonomy":"post_tag","embeddable":true,"href":"https:\/\/noticiaempauta.com\/portal\/wp-json\/wp\/v2\/tags?post=267233"}],"curies":[{"name":"wp","href":"https:\/\/api.w.org\/{rel}","templated":true}]}}