{"id":267246,"date":"2025-02-02T07:42:29","date_gmt":"2025-02-02T10:42:29","guid":{"rendered":"https:\/\/noticiaempauta.com\/portal\/?p=267246"},"modified":"2025-02-02T08:06:45","modified_gmt":"2025-02-02T11:06:45","slug":"bancada-do-piaui-te-reune-com-lula-em-brasilia-e-pt-define-fim-da-jornada-6x1-como-prioridade","status":"publish","type":"post","link":"https:\/\/noticiaempauta.com\/portal\/bancada-do-piaui-te-reune-com-lula-em-brasilia-e-pt-define-fim-da-jornada-6x1-como-prioridade\/","title":{"rendered":"Bancada do Piau\u00ed se re\u00fane com Lula em Bras\u00edlia e PT define fim da jornada 6&#215;1 como prioridade"},"content":{"rendered":"\n<p>Deputados federais do Partido dos Trabalhadores do Piau\u00ed se encontraram com o presidente Lu\u00eds In\u00e1cio Lula da Silva durante solenidade de posse do novo l\u00edder do PT na C\u00e2mara Federal,&nbsp; Lindbergh Farias (PT-RJ). O parlamentar carioca foi eleito por aclama\u00e7\u00e3o para comandar a bancada petista no parlamento e substituir\u00e1 o deputado Odair Cunha (PT-MG).<\/p>\n\n\n\n<figure class=\"wp-block-image size-full\"><img fetchpriority=\"high\" decoding=\"async\" width=\"959\" height=\"718\" src=\"https:\/\/noticiaempauta.com\/portal\/wp-content\/uploads\/2025\/02\/IMG_0599.jpeg\" alt=\"\" class=\"wp-image-267247\" srcset=\"https:\/\/noticiaempauta.com\/portal\/wp-content\/uploads\/2025\/02\/IMG_0599.jpeg 959w, https:\/\/noticiaempauta.com\/portal\/wp-content\/uploads\/2025\/02\/IMG_0599-300x225.jpeg 300w, https:\/\/noticiaempauta.com\/portal\/wp-content\/uploads\/2025\/02\/IMG_0599-768x575.jpeg 768w\" sizes=\"(max-width: 959px) 100vw, 959px\" \/><\/figure>\n\n\n\n<p>Dentre as pautas priorit\u00e1rias do novo l\u00edder da sigla no Congresso, o partido definiu a isen\u00e7\u00e3o de Imposto de Renda para quem ganha at\u00e9 R$ 5 mil mensais, medida apoiada por 82% da popula\u00e7\u00e3o, o fim da jornada de trabalho 6\u00d71 e projetos que auxiliem no combate \u00e0 infla\u00e7\u00e3o de alimentos.<\/p>\n\n\n\n<p>Durante o evento Lula dialogou com os deputados piauienses Florentino Neto, Merlong Solano, Fl\u00e1vio Nogueira e Francisco Costa.<\/p>\n\n\n\n<p>Um outro tema central na agenda do Congresso deste ano, na opini\u00e3o de Lindbergh, \u00e9 a quest\u00e3o da regula\u00e7\u00e3o das redes sociais. O novo l\u00edder pretende tamb\u00e9m promover um debate mais ativo da bancada no plen\u00e1rio e nas redes contra fake news e em defesa do governo e do projeto de reconstru\u00e7\u00e3o nacional conduzido pelo presidente Lula.<\/p>\n\n\n\n<p>Pelas redes sociais Merlong Solano falou sobre a reuni\u00e3o.<\/p>\n\n\n\n<p>\u201cEu e meus colegas da bancada do PT estamos reunidos com o presidente e organizando nossas prioridades para o ano Legislativo, que come\u00e7a amanh\u00e3. \u25cb Brasil est\u00e1 com menor \u00edndice de desemprego, crescendo, mas ainda temos desafios de votar a isen\u00e7\u00e3o do Imposto de Renda para quem ganha at\u00e9 R$ 5 mil, taxar os mais ricos e propostas para reduzir o pre\u00e7o dos alimentos. Lula quer o Brasil melhor para todos e n\u00f3s estamos com ele!\u201d, finalizou.<\/p>\n\n\n\n<p>Cidade Verde<\/p>\n","protected":false},"excerpt":{"rendered":"<p>Deputados federais do Partido dos Trabalhadores do Piau\u00ed se encontraram com o presidente Lu\u00eds In\u00e1cio Lula da Silva durante solenidade de posse do novo l\u00edder do PT na C\u00e2mara Federal,&nbsp; Lindbergh Farias (PT-RJ). O parlamentar carioca foi eleito por aclama\u00e7\u00e3o para comandar a bancada petista no parlamento e substituir\u00e1 o deputado Odair Cunha (PT-MG). Dentre [&hellip;]<\/p>\n","protected":false},"author":2,"featured_media":267247,"comment_status":"open","ping_status":"open","sticky":false,"template":"","format":"standard","meta":{"_mi_skip_tracking":false,"footnotes":""},"categories":[25,1,16],"tags":[192],"class_list":["post-267246","post","type-post","status-publish","format-standard","has-post-thumbnail","hentry","category-destaques-site","category-geral","category-todas","tag-destaqueprincipal"],"acf":[],"yoast_head":"<!-- This site is optimized with the Yoast SEO Premium plugin v19.2 (Yoast SEO v26.9) - https:\/\/yoast.com\/product\/yoast-seo-premium-wordpress\/ -->\n<title>Bancada do Piau\u00ed se re\u00fane com Lula em Bras\u00edlia e PT define fim da jornada 6x1 como prioridade - Portal Not\u00edcia em Pauta<\/title>\n<meta name=\"robots\" content=\"index, follow, max-snippet:-1, max-image-preview:large, max-video-preview:-1\" \/>\n<link rel=\"canonical\" href=\"https:\/\/noticiaempauta.com\/portal\/bancada-do-piaui-te-reune-com-lula-em-brasilia-e-pt-define-fim-da-jornada-6x1-como-prioridade\/\" \/>\n<meta property=\"og:locale\" content=\"pt_BR\" \/>\n<meta property=\"og:type\" content=\"article\" \/>\n<meta property=\"og:title\" content=\"Bancada do Piau\u00ed se re\u00fane com Lula em Bras\u00edlia e PT define fim da jornada 6x1 como prioridade\" \/>\n<meta property=\"og:description\" content=\"Deputados federais do Partido dos Trabalhadores do Piau\u00ed se encontraram com o presidente Lu\u00eds In\u00e1cio Lula da Silva durante solenidade de posse do novo l\u00edder do PT na C\u00e2mara Federal,&nbsp; Lindbergh Farias (PT-RJ). O parlamentar carioca foi eleito por aclama\u00e7\u00e3o para comandar a bancada petista no parlamento e substituir\u00e1 o deputado Odair Cunha (PT-MG). Dentre [&hellip;]\" \/>\n<meta property=\"og:url\" content=\"https:\/\/noticiaempauta.com\/portal\/bancada-do-piaui-te-reune-com-lula-em-brasilia-e-pt-define-fim-da-jornada-6x1-como-prioridade\/\" \/>\n<meta property=\"og:site_name\" content=\"Portal Not\u00edcia em Pauta\" \/>\n<meta property=\"article:publisher\" content=\"https:\/\/www.facebook.com\/Portal-Notcia-Em-Pauta-102292869264820\/\" \/>\n<meta property=\"article:published_time\" content=\"2025-02-02T10:42:29+00:00\" \/>\n<meta property=\"article:modified_time\" content=\"2025-02-02T11:06:45+00:00\" \/>\n<meta property=\"og:image\" content=\"https:\/\/noticiaempauta.com\/portal\/wp-content\/uploads\/2025\/02\/IMG_0599.jpeg\" \/>\n\t<meta property=\"og:image:width\" content=\"959\" \/>\n\t<meta property=\"og:image:height\" content=\"718\" \/>\n\t<meta property=\"og:image:type\" content=\"image\/jpeg\" \/>\n<meta name=\"author\" content=\"Reda\u00e7\u00e3o\" \/>\n<meta name=\"twitter:card\" content=\"summary_large_image\" \/>\n<meta name=\"twitter:label1\" content=\"Escrito por\" \/>\n\t<meta name=\"twitter:data1\" content=\"Reda\u00e7\u00e3o\" \/>\n\t<meta name=\"twitter:label2\" content=\"Est. tempo de leitura\" \/>\n\t<meta name=\"twitter:data2\" content=\"2 minutos\" \/>\n<script type=\"application\/ld+json\" class=\"yoast-schema-graph\">{\"@context\":\"https:\/\/schema.org\",\"@graph\":[{\"@type\":\"Article\",\"@id\":\"https:\/\/noticiaempauta.com\/portal\/bancada-do-piaui-te-reune-com-lula-em-brasilia-e-pt-define-fim-da-jornada-6x1-como-prioridade\/#article\",\"isPartOf\":{\"@id\":\"https:\/\/noticiaempauta.com\/portal\/bancada-do-piaui-te-reune-com-lula-em-brasilia-e-pt-define-fim-da-jornada-6x1-como-prioridade\/\"},\"author\":{\"name\":\"Reda\u00e7\u00e3o\",\"@id\":\"https:\/\/noticiaempauta.com\/portal\/#\/schema\/person\/a74af43dd1ab3deca45f988c717d57ac\"},\"headline\":\"Bancada do Piau\u00ed se re\u00fane com Lula em Bras\u00edlia e PT define fim da jornada 6&#215;1 como prioridade\",\"datePublished\":\"2025-02-02T10:42:29+00:00\",\"dateModified\":\"2025-02-02T11:06:45+00:00\",\"mainEntityOfPage\":{\"@id\":\"https:\/\/noticiaempauta.com\/portal\/bancada-do-piaui-te-reune-com-lula-em-brasilia-e-pt-define-fim-da-jornada-6x1-como-prioridade\/\"},\"wordCount\":305,\"commentCount\":0,\"publisher\":{\"@id\":\"https:\/\/noticiaempauta.com\/portal\/#organization\"},\"image\":{\"@id\":\"https:\/\/noticiaempauta.com\/portal\/bancada-do-piaui-te-reune-com-lula-em-brasilia-e-pt-define-fim-da-jornada-6x1-como-prioridade\/#primaryimage\"},\"thumbnailUrl\":\"https:\/\/noticiaempauta.com\/portal\/wp-content\/uploads\/2025\/02\/IMG_0599.jpeg\",\"keywords\":[\"destaqueprincipal\"],\"articleSection\":[\"Destaques\",\"Geral\",\"Todas as Not\u00edcias\"],\"inLanguage\":\"pt-BR\",\"potentialAction\":[{\"@type\":\"CommentAction\",\"name\":\"Comment\",\"target\":[\"https:\/\/noticiaempauta.com\/portal\/bancada-do-piaui-te-reune-com-lula-em-brasilia-e-pt-define-fim-da-jornada-6x1-como-prioridade\/#respond\"]}]},{\"@type\":\"WebPage\",\"@id\":\"https:\/\/noticiaempauta.com\/portal\/bancada-do-piaui-te-reune-com-lula-em-brasilia-e-pt-define-fim-da-jornada-6x1-como-prioridade\/\",\"url\":\"https:\/\/noticiaempauta.com\/portal\/bancada-do-piaui-te-reune-com-lula-em-brasilia-e-pt-define-fim-da-jornada-6x1-como-prioridade\/\",\"name\":\"Bancada do Piau\u00ed se re\u00fane com Lula em Bras\u00edlia e PT define fim da jornada 6x1 como prioridade - Portal Not\u00edcia em Pauta\",\"isPartOf\":{\"@id\":\"https:\/\/noticiaempauta.com\/portal\/#website\"},\"primaryImageOfPage\":{\"@id\":\"https:\/\/noticiaempauta.com\/portal\/bancada-do-piaui-te-reune-com-lula-em-brasilia-e-pt-define-fim-da-jornada-6x1-como-prioridade\/#primaryimage\"},\"image\":{\"@id\":\"https:\/\/noticiaempauta.com\/portal\/bancada-do-piaui-te-reune-com-lula-em-brasilia-e-pt-define-fim-da-jornada-6x1-como-prioridade\/#primaryimage\"},\"thumbnailUrl\":\"https:\/\/noticiaempauta.com\/portal\/wp-content\/uploads\/2025\/02\/IMG_0599.jpeg\",\"datePublished\":\"2025-02-02T10:42:29+00:00\",\"dateModified\":\"2025-02-02T11:06:45+00:00\",\"breadcrumb\":{\"@id\":\"https:\/\/noticiaempauta.com\/portal\/bancada-do-piaui-te-reune-com-lula-em-brasilia-e-pt-define-fim-da-jornada-6x1-como-prioridade\/#breadcrumb\"},\"inLanguage\":\"pt-BR\",\"potentialAction\":[{\"@type\":\"ReadAction\",\"target\":[\"https:\/\/noticiaempauta.com\/portal\/bancada-do-piaui-te-reune-com-lula-em-brasilia-e-pt-define-fim-da-jornada-6x1-como-prioridade\/\"]}]},{\"@type\":\"ImageObject\",\"inLanguage\":\"pt-BR\",\"@id\":\"https:\/\/noticiaempauta.com\/portal\/bancada-do-piaui-te-reune-com-lula-em-brasilia-e-pt-define-fim-da-jornada-6x1-como-prioridade\/#primaryimage\",\"url\":\"https:\/\/noticiaempauta.com\/portal\/wp-content\/uploads\/2025\/02\/IMG_0599.jpeg\",\"contentUrl\":\"https:\/\/noticiaempauta.com\/portal\/wp-content\/uploads\/2025\/02\/IMG_0599.jpeg\",\"width\":959,\"height\":718},{\"@type\":\"BreadcrumbList\",\"@id\":\"https:\/\/noticiaempauta.com\/portal\/bancada-do-piaui-te-reune-com-lula-em-brasilia-e-pt-define-fim-da-jornada-6x1-como-prioridade\/#breadcrumb\",\"itemListElement\":[{\"@type\":\"ListItem\",\"position\":1,\"name\":\"P\u00e1gina Inicial\",\"item\":\"https:\/\/noticiaempauta.com\/portal\/\"},{\"@type\":\"ListItem\",\"position\":2,\"name\":\"Destaques\",\"item\":\"https:\/\/noticiaempauta.com\/portal\/destaques-site\/\"},{\"@type\":\"ListItem\",\"position\":3,\"name\":\"Bancada do Piau\u00ed se re\u00fane com Lula em Bras\u00edlia e PT define fim da jornada 6&#215;1 como prioridade\"}]},{\"@type\":\"WebSite\",\"@id\":\"https:\/\/noticiaempauta.com\/portal\/#website\",\"url\":\"https:\/\/noticiaempauta.com\/portal\/\",\"name\":\"Portal Not\u00edcia em Pauta\",\"description\":\"Voc\u00ea bem informado\",\"publisher\":{\"@id\":\"https:\/\/noticiaempauta.com\/portal\/#organization\"},\"potentialAction\":[{\"@type\":\"SearchAction\",\"target\":{\"@type\":\"EntryPoint\",\"urlTemplate\":\"https:\/\/noticiaempauta.com\/portal\/?s={search_term_string}\"},\"query-input\":{\"@type\":\"PropertyValueSpecification\",\"valueRequired\":true,\"valueName\":\"search_term_string\"}}],\"inLanguage\":\"pt-BR\"},{\"@type\":\"Organization\",\"@id\":\"https:\/\/noticiaempauta.com\/portal\/#organization\",\"name\":\"Portal Not\u00edcia em Pauta\",\"url\":\"https:\/\/noticiaempauta.com\/portal\/\",\"logo\":{\"@type\":\"ImageObject\",\"inLanguage\":\"pt-BR\",\"@id\":\"https:\/\/noticiaempauta.com\/portal\/#\/schema\/logo\/image\/\",\"url\":\"https:\/\/noticiaempauta.com\/portal\/wp-content\/uploads\/2022\/08\/logomarca_tema.fw_.png\",\"contentUrl\":\"https:\/\/noticiaempauta.com\/portal\/wp-content\/uploads\/2022\/08\/logomarca_tema.fw_.png\",\"width\":400,\"height\":232,\"caption\":\"Portal Not\u00edcia em Pauta\"},\"image\":{\"@id\":\"https:\/\/noticiaempauta.com\/portal\/#\/schema\/logo\/image\/\"},\"sameAs\":[\"https:\/\/www.facebook.com\/Portal-Notcia-Em-Pauta-102292869264820\/\",\"https:\/\/www.instagram.com\/portalnoticiaempauta\/\"]},{\"@type\":\"Person\",\"@id\":\"https:\/\/noticiaempauta.com\/portal\/#\/schema\/person\/a74af43dd1ab3deca45f988c717d57ac\",\"name\":\"Reda\u00e7\u00e3o\",\"image\":{\"@type\":\"ImageObject\",\"inLanguage\":\"pt-BR\",\"@id\":\"https:\/\/noticiaempauta.com\/portal\/#\/schema\/person\/image\/\",\"url\":\"https:\/\/secure.gravatar.com\/avatar\/03179346ecce6cdfc13361603e8f54242a90e5cde8618fa23c5c00aa2b0aadf3?s=96&d=mm&r=g\",\"contentUrl\":\"https:\/\/secure.gravatar.com\/avatar\/03179346ecce6cdfc13361603e8f54242a90e5cde8618fa23c5c00aa2b0aadf3?s=96&d=mm&r=g\",\"caption\":\"Reda\u00e7\u00e3o\"},\"sameAs\":[\"https:\/\/noticiaempauta.com\/portal\/\"],\"url\":\"https:\/\/noticiaempauta.com\/portal\/author\/fernando\/\"}]}<\/script>\n<!-- \/ Yoast SEO Premium plugin. -->","yoast_head_json":{"title":"Bancada do Piau\u00ed se re\u00fane com Lula em Bras\u00edlia e PT define fim da jornada 6x1 como prioridade - Portal Not\u00edcia em Pauta","robots":{"index":"index","follow":"follow","max-snippet":"max-snippet:-1","max-image-preview":"max-image-preview:large","max-video-preview":"max-video-preview:-1"},"canonical":"https:\/\/noticiaempauta.com\/portal\/bancada-do-piaui-te-reune-com-lula-em-brasilia-e-pt-define-fim-da-jornada-6x1-como-prioridade\/","og_locale":"pt_BR","og_type":"article","og_title":"Bancada do Piau\u00ed se re\u00fane com Lula em Bras\u00edlia e PT define fim da jornada 6x1 como prioridade","og_description":"Deputados federais do Partido dos Trabalhadores do Piau\u00ed se encontraram com o presidente Lu\u00eds In\u00e1cio Lula da Silva durante solenidade de posse do novo l\u00edder do PT na C\u00e2mara Federal,&nbsp; Lindbergh Farias (PT-RJ). O parlamentar carioca foi eleito por aclama\u00e7\u00e3o para comandar a bancada petista no parlamento e substituir\u00e1 o deputado Odair Cunha (PT-MG). Dentre [&hellip;]","og_url":"https:\/\/noticiaempauta.com\/portal\/bancada-do-piaui-te-reune-com-lula-em-brasilia-e-pt-define-fim-da-jornada-6x1-como-prioridade\/","og_site_name":"Portal Not\u00edcia em Pauta","article_publisher":"https:\/\/www.facebook.com\/Portal-Notcia-Em-Pauta-102292869264820\/","article_published_time":"2025-02-02T10:42:29+00:00","article_modified_time":"2025-02-02T11:06:45+00:00","og_image":[{"width":959,"height":718,"url":"https:\/\/noticiaempauta.com\/portal\/wp-content\/uploads\/2025\/02\/IMG_0599.jpeg","type":"image\/jpeg"}],"author":"Reda\u00e7\u00e3o","twitter_card":"summary_large_image","twitter_misc":{"Escrito por":"Reda\u00e7\u00e3o","Est. tempo de leitura":"2 minutos"},"schema":{"@context":"https:\/\/schema.org","@graph":[{"@type":"Article","@id":"https:\/\/noticiaempauta.com\/portal\/bancada-do-piaui-te-reune-com-lula-em-brasilia-e-pt-define-fim-da-jornada-6x1-como-prioridade\/#article","isPartOf":{"@id":"https:\/\/noticiaempauta.com\/portal\/bancada-do-piaui-te-reune-com-lula-em-brasilia-e-pt-define-fim-da-jornada-6x1-como-prioridade\/"},"author":{"name":"Reda\u00e7\u00e3o","@id":"https:\/\/noticiaempauta.com\/portal\/#\/schema\/person\/a74af43dd1ab3deca45f988c717d57ac"},"headline":"Bancada do Piau\u00ed se re\u00fane com Lula em Bras\u00edlia e PT define fim da jornada 6&#215;1 como prioridade","datePublished":"2025-02-02T10:42:29+00:00","dateModified":"2025-02-02T11:06:45+00:00","mainEntityOfPage":{"@id":"https:\/\/noticiaempauta.com\/portal\/bancada-do-piaui-te-reune-com-lula-em-brasilia-e-pt-define-fim-da-jornada-6x1-como-prioridade\/"},"wordCount":305,"commentCount":0,"publisher":{"@id":"https:\/\/noticiaempauta.com\/portal\/#organization"},"image":{"@id":"https:\/\/noticiaempauta.com\/portal\/bancada-do-piaui-te-reune-com-lula-em-brasilia-e-pt-define-fim-da-jornada-6x1-como-prioridade\/#primaryimage"},"thumbnailUrl":"https:\/\/noticiaempauta.com\/portal\/wp-content\/uploads\/2025\/02\/IMG_0599.jpeg","keywords":["destaqueprincipal"],"articleSection":["Destaques","Geral","Todas as Not\u00edcias"],"inLanguage":"pt-BR","potentialAction":[{"@type":"CommentAction","name":"Comment","target":["https:\/\/noticiaempauta.com\/portal\/bancada-do-piaui-te-reune-com-lula-em-brasilia-e-pt-define-fim-da-jornada-6x1-como-prioridade\/#respond"]}]},{"@type":"WebPage","@id":"https:\/\/noticiaempauta.com\/portal\/bancada-do-piaui-te-reune-com-lula-em-brasilia-e-pt-define-fim-da-jornada-6x1-como-prioridade\/","url":"https:\/\/noticiaempauta.com\/portal\/bancada-do-piaui-te-reune-com-lula-em-brasilia-e-pt-define-fim-da-jornada-6x1-como-prioridade\/","name":"Bancada do Piau\u00ed se re\u00fane com Lula em Bras\u00edlia e PT define fim da jornada 6x1 como prioridade - Portal Not\u00edcia em Pauta","isPartOf":{"@id":"https:\/\/noticiaempauta.com\/portal\/#website"},"primaryImageOfPage":{"@id":"https:\/\/noticiaempauta.com\/portal\/bancada-do-piaui-te-reune-com-lula-em-brasilia-e-pt-define-fim-da-jornada-6x1-como-prioridade\/#primaryimage"},"image":{"@id":"https:\/\/noticiaempauta.com\/portal\/bancada-do-piaui-te-reune-com-lula-em-brasilia-e-pt-define-fim-da-jornada-6x1-como-prioridade\/#primaryimage"},"thumbnailUrl":"https:\/\/noticiaempauta.com\/portal\/wp-content\/uploads\/2025\/02\/IMG_0599.jpeg","datePublished":"2025-02-02T10:42:29+00:00","dateModified":"2025-02-02T11:06:45+00:00","breadcrumb":{"@id":"https:\/\/noticiaempauta.com\/portal\/bancada-do-piaui-te-reune-com-lula-em-brasilia-e-pt-define-fim-da-jornada-6x1-como-prioridade\/#breadcrumb"},"inLanguage":"pt-BR","potentialAction":[{"@type":"ReadAction","target":["https:\/\/noticiaempauta.com\/portal\/bancada-do-piaui-te-reune-com-lula-em-brasilia-e-pt-define-fim-da-jornada-6x1-como-prioridade\/"]}]},{"@type":"ImageObject","inLanguage":"pt-BR","@id":"https:\/\/noticiaempauta.com\/portal\/bancada-do-piaui-te-reune-com-lula-em-brasilia-e-pt-define-fim-da-jornada-6x1-como-prioridade\/#primaryimage","url":"https:\/\/noticiaempauta.com\/portal\/wp-content\/uploads\/2025\/02\/IMG_0599.jpeg","contentUrl":"https:\/\/noticiaempauta.com\/portal\/wp-content\/uploads\/2025\/02\/IMG_0599.jpeg","width":959,"height":718},{"@type":"BreadcrumbList","@id":"https:\/\/noticiaempauta.com\/portal\/bancada-do-piaui-te-reune-com-lula-em-brasilia-e-pt-define-fim-da-jornada-6x1-como-prioridade\/#breadcrumb","itemListElement":[{"@type":"ListItem","position":1,"name":"P\u00e1gina Inicial","item":"https:\/\/noticiaempauta.com\/portal\/"},{"@type":"ListItem","position":2,"name":"Destaques","item":"https:\/\/noticiaempauta.com\/portal\/destaques-site\/"},{"@type":"ListItem","position":3,"name":"Bancada do Piau\u00ed se re\u00fane com Lula em Bras\u00edlia e PT define fim da jornada 6&#215;1 como prioridade"}]},{"@type":"WebSite","@id":"https:\/\/noticiaempauta.com\/portal\/#website","url":"https:\/\/noticiaempauta.com\/portal\/","name":"Portal Not\u00edcia em Pauta","description":"Voc\u00ea bem informado","publisher":{"@id":"https:\/\/noticiaempauta.com\/portal\/#organization"},"potentialAction":[{"@type":"SearchAction","target":{"@type":"EntryPoint","urlTemplate":"https:\/\/noticiaempauta.com\/portal\/?s={search_term_string}"},"query-input":{"@type":"PropertyValueSpecification","valueRequired":true,"valueName":"search_term_string"}}],"inLanguage":"pt-BR"},{"@type":"Organization","@id":"https:\/\/noticiaempauta.com\/portal\/#organization","name":"Portal Not\u00edcia em Pauta","url":"https:\/\/noticiaempauta.com\/portal\/","logo":{"@type":"ImageObject","inLanguage":"pt-BR","@id":"https:\/\/noticiaempauta.com\/portal\/#\/schema\/logo\/image\/","url":"https:\/\/noticiaempauta.com\/portal\/wp-content\/uploads\/2022\/08\/logomarca_tema.fw_.png","contentUrl":"https:\/\/noticiaempauta.com\/portal\/wp-content\/uploads\/2022\/08\/logomarca_tema.fw_.png","width":400,"height":232,"caption":"Portal Not\u00edcia em Pauta"},"image":{"@id":"https:\/\/noticiaempauta.com\/portal\/#\/schema\/logo\/image\/"},"sameAs":["https:\/\/www.facebook.com\/Portal-Notcia-Em-Pauta-102292869264820\/","https:\/\/www.instagram.com\/portalnoticiaempauta\/"]},{"@type":"Person","@id":"https:\/\/noticiaempauta.com\/portal\/#\/schema\/person\/a74af43dd1ab3deca45f988c717d57ac","name":"Reda\u00e7\u00e3o","image":{"@type":"ImageObject","inLanguage":"pt-BR","@id":"https:\/\/noticiaempauta.com\/portal\/#\/schema\/person\/image\/","url":"https:\/\/secure.gravatar.com\/avatar\/03179346ecce6cdfc13361603e8f54242a90e5cde8618fa23c5c00aa2b0aadf3?s=96&d=mm&r=g","contentUrl":"https:\/\/secure.gravatar.com\/avatar\/03179346ecce6cdfc13361603e8f54242a90e5cde8618fa23c5c00aa2b0aadf3?s=96&d=mm&r=g","caption":"Reda\u00e7\u00e3o"},"sameAs":["https:\/\/noticiaempauta.com\/portal\/"],"url":"https:\/\/noticiaempauta.com\/portal\/author\/fernando\/"}]}},"_links":{"self":[{"href":"https:\/\/noticiaempauta.com\/portal\/wp-json\/wp\/v2\/posts\/267246","targetHints":{"allow":["GET"]}}],"collection":[{"href":"https:\/\/noticiaempauta.com\/portal\/wp-json\/wp\/v2\/posts"}],"about":[{"href":"https:\/\/noticiaempauta.com\/portal\/wp-json\/wp\/v2\/types\/post"}],"author":[{"embeddable":true,"href":"https:\/\/noticiaempauta.com\/portal\/wp-json\/wp\/v2\/users\/2"}],"replies":[{"embeddable":true,"href":"https:\/\/noticiaempauta.com\/portal\/wp-json\/wp\/v2\/comments?post=267246"}],"version-history":[{"count":4,"href":"https:\/\/noticiaempauta.com\/portal\/wp-json\/wp\/v2\/posts\/267246\/revisions"}],"predecessor-version":[{"id":267257,"href":"https:\/\/noticiaempauta.com\/portal\/wp-json\/wp\/v2\/posts\/267246\/revisions\/267257"}],"wp:featuredmedia":[{"embeddable":true,"href":"https:\/\/noticiaempauta.com\/portal\/wp-json\/wp\/v2\/media\/267247"}],"wp:attachment":[{"href":"https:\/\/noticiaempauta.com\/portal\/wp-json\/wp\/v2\/media?parent=267246"}],"wp:term":[{"taxonomy":"category","embeddable":true,"href":"https:\/\/noticiaempauta.com\/portal\/wp-json\/wp\/v2\/categories?post=267246"},{"taxonomy":"post_tag","embeddable":true,"href":"https:\/\/noticiaempauta.com\/portal\/wp-json\/wp\/v2\/tags?post=267246"}],"curies":[{"name":"wp","href":"https:\/\/api.w.org\/{rel}","templated":true}]}}