{"id":267250,"date":"2025-02-02T08:03:45","date_gmt":"2025-02-02T11:03:45","guid":{"rendered":"https:\/\/noticiaempauta.com\/portal\/?p=267250"},"modified":"2025-02-02T08:03:47","modified_gmt":"2025-02-02T11:03:47","slug":"severo-eulalio-toma-posse-como-presidente-da-alepi-nesta-segunda-03","status":"publish","type":"post","link":"https:\/\/noticiaempauta.com\/portal\/severo-eulalio-toma-posse-como-presidente-da-alepi-nesta-segunda-03\/","title":{"rendered":"Severo Eul\u00e1lio toma posse como presidente da Alepi nesta segunda (03)"},"content":{"rendered":"\n<p>A Assembleia Legislativa realiza a posse da Mesa Diretora do pr\u00f3ximo bi\u00eanio na segunda-feira (3).\u00a0O deputado Severo Eul\u00e1lio (MDB)\u00a0receber\u00e1 o cargo do atual presidente, Franz\u00e9 Silva (PT).<\/p>\n\n\n\n<figure class=\"wp-block-image size-large\"><img fetchpriority=\"high\" decoding=\"async\" width=\"1024\" height=\"713\" src=\"https:\/\/noticiaempauta.com\/portal\/wp-content\/uploads\/2025\/02\/IMG_0618-1024x713.jpeg\" alt=\"\" class=\"wp-image-267253\" srcset=\"https:\/\/noticiaempauta.com\/portal\/wp-content\/uploads\/2025\/02\/IMG_0618-1024x713.jpeg 1024w, https:\/\/noticiaempauta.com\/portal\/wp-content\/uploads\/2025\/02\/IMG_0618-300x209.jpeg 300w, https:\/\/noticiaempauta.com\/portal\/wp-content\/uploads\/2025\/02\/IMG_0618-768x535.jpeg 768w, https:\/\/noticiaempauta.com\/portal\/wp-content\/uploads\/2025\/02\/IMG_0618.jpeg 1290w\" sizes=\"(max-width: 1024px) 100vw, 1024px\" \/><figcaption class=\"wp-element-caption\"><em>(Foto: Divulga\u00e7\u00e3o)<\/em><\/figcaption><\/figure>\n\n\n\n<p>No mesmo dia acontece a solenidade de leitura da Mensagem Anual de Governo, na sess\u00e3o que abre o ano legislativo. <\/p>\n\n\n\n<figure class=\"wp-block-image size-large\"><img decoding=\"async\" width=\"1024\" height=\"683\" src=\"https:\/\/noticiaempauta.com\/portal\/wp-content\/uploads\/2024\/06\/rafaelll-1024x683.jpg\" alt=\"\" class=\"wp-image-258615\" srcset=\"https:\/\/noticiaempauta.com\/portal\/wp-content\/uploads\/2024\/06\/rafaelll-1024x683.jpg 1024w, https:\/\/noticiaempauta.com\/portal\/wp-content\/uploads\/2024\/06\/rafaelll-300x200.jpg 300w, https:\/\/noticiaempauta.com\/portal\/wp-content\/uploads\/2024\/06\/rafaelll-768x512.jpg 768w, https:\/\/noticiaempauta.com\/portal\/wp-content\/uploads\/2024\/06\/rafaelll-1536x1024.jpg 1536w, https:\/\/noticiaempauta.com\/portal\/wp-content\/uploads\/2024\/06\/rafaelll-2048x1366.jpg 2048w\" sizes=\"(max-width: 1024px) 100vw, 1024px\" \/><\/figure>\n\n\n\n<p>O governador Rafael Fonteles (PT) apresentar\u00e1 aos deputados, representantes dos demais poderes e ao povo do Piau\u00ed as metas da gest\u00e3o para o ano de 2025.<\/p>\n\n\n\n<p>As solenidades iniciam as 9h, com a revista da tropa na avenida Marechal Castelo Branco. Logo ap\u00f3s a foto oficial dos deputados a nova mesa diretora \u00e9 empossada em sess\u00e3o especial que ocorre no plen\u00e1rio Deputado Waldemar Macedo. A sess\u00e3o de abertura do ano legislativo acontece \u00e0s 11 horas e logo ap\u00f3s o novo presidente e os governadores concedem entrevista coletiva no Plenarinho Deputado Prado J\u00fanior.<\/p>\n\n\n\n<p><strong>DESAFIOS E PERFIL<\/strong><\/p>\n\n\n\n<p>Um dos principais desafios mencionados pelo deputado \u00e9 a reforma do pr\u00e9dio da Assembleia, que pode dificultar a presen\u00e7a dos parlamentares e, consequentemente, o contato da popula\u00e7\u00e3o com a casa legislativa.\u00a0Eul\u00e1lio enfatizou a necessidade de um planejamento eficaz com a construtora para minimizar os impactos da obra e garantir que a Assembleia continue sendo um espa\u00e7o de di\u00e1logo e reivindica\u00e7\u00f5es.<\/p>\n\n\n\n<p>Al\u00e9m disso, o novo presidente pretende fortalecer o Poder Legislativo, valorizar os servidores e investir em tecnologia para aumentar a transpar\u00eancia e efici\u00eancia dos processos internos. Ele ressaltou a import\u00e2ncia de ouvir as demandas da popula\u00e7\u00e3o e encaminh\u00e1-las para o Executivo, promovendo uma colabora\u00e7\u00e3o entre os poderes.<\/p>\n\n\n\n<p>Com mais de 10 anos de experi\u00eancia na Assembleia, Eul\u00e1lio acredita que a boa rela\u00e7\u00e3o com o governo do Estado facilitar\u00e1 os debates e a resolu\u00e7\u00e3o de problemas enfrentados pela popula\u00e7\u00e3o.<\/p>\n\n\n\n<p>Meio News<\/p>\n","protected":false},"excerpt":{"rendered":"<p>A Assembleia Legislativa realiza a posse da Mesa Diretora do pr\u00f3ximo bi\u00eanio na segunda-feira (3).\u00a0O deputado Severo Eul\u00e1lio (MDB)\u00a0receber\u00e1 o cargo do atual presidente, Franz\u00e9 Silva (PT). No mesmo dia acontece a solenidade de leitura da Mensagem Anual de Governo, na sess\u00e3o que abre o ano legislativo. O governador Rafael Fonteles (PT) apresentar\u00e1 aos deputados, [&hellip;]<\/p>\n","protected":false},"author":2,"featured_media":267253,"comment_status":"open","ping_status":"open","sticky":false,"template":"","format":"standard","meta":{"_mi_skip_tracking":false,"footnotes":""},"categories":[25,1,16],"tags":[192],"class_list":["post-267250","post","type-post","status-publish","format-standard","has-post-thumbnail","hentry","category-destaques-site","category-geral","category-todas","tag-destaqueprincipal"],"acf":[],"yoast_head":"<!-- This site is optimized with the Yoast SEO Premium plugin v19.2 (Yoast SEO v26.9) - https:\/\/yoast.com\/product\/yoast-seo-premium-wordpress\/ -->\n<title>Severo Eul\u00e1lio toma posse como presidente da Alepi nesta segunda (03) - Portal Not\u00edcia em Pauta<\/title>\n<meta name=\"robots\" content=\"index, follow, max-snippet:-1, max-image-preview:large, max-video-preview:-1\" \/>\n<link rel=\"canonical\" href=\"https:\/\/noticiaempauta.com\/portal\/severo-eulalio-toma-posse-como-presidente-da-alepi-nesta-segunda-03\/\" \/>\n<meta property=\"og:locale\" content=\"pt_BR\" \/>\n<meta property=\"og:type\" content=\"article\" \/>\n<meta property=\"og:title\" content=\"Severo Eul\u00e1lio toma posse como presidente da Alepi nesta segunda (03)\" \/>\n<meta property=\"og:description\" content=\"A Assembleia Legislativa realiza a posse da Mesa Diretora do pr\u00f3ximo bi\u00eanio na segunda-feira (3).\u00a0O deputado Severo Eul\u00e1lio (MDB)\u00a0receber\u00e1 o cargo do atual presidente, Franz\u00e9 Silva (PT). No mesmo dia acontece a solenidade de leitura da Mensagem Anual de Governo, na sess\u00e3o que abre o ano legislativo. O governador Rafael Fonteles (PT) apresentar\u00e1 aos deputados, [&hellip;]\" \/>\n<meta property=\"og:url\" content=\"https:\/\/noticiaempauta.com\/portal\/severo-eulalio-toma-posse-como-presidente-da-alepi-nesta-segunda-03\/\" \/>\n<meta property=\"og:site_name\" content=\"Portal Not\u00edcia em Pauta\" \/>\n<meta property=\"article:publisher\" content=\"https:\/\/www.facebook.com\/Portal-Notcia-Em-Pauta-102292869264820\/\" \/>\n<meta property=\"article:published_time\" content=\"2025-02-02T11:03:45+00:00\" \/>\n<meta property=\"article:modified_time\" content=\"2025-02-02T11:03:47+00:00\" \/>\n<meta property=\"og:image\" content=\"https:\/\/noticiaempauta.com\/portal\/wp-content\/uploads\/2025\/02\/IMG_0618.jpeg\" \/>\n\t<meta property=\"og:image:width\" content=\"1290\" \/>\n\t<meta property=\"og:image:height\" content=\"898\" \/>\n\t<meta property=\"og:image:type\" content=\"image\/jpeg\" \/>\n<meta name=\"author\" content=\"Reda\u00e7\u00e3o\" \/>\n<meta name=\"twitter:card\" content=\"summary_large_image\" \/>\n<meta name=\"twitter:label1\" content=\"Escrito por\" \/>\n\t<meta name=\"twitter:data1\" content=\"Reda\u00e7\u00e3o\" \/>\n\t<meta name=\"twitter:label2\" content=\"Est. tempo de leitura\" \/>\n\t<meta name=\"twitter:data2\" content=\"3 minutos\" \/>\n<script type=\"application\/ld+json\" class=\"yoast-schema-graph\">{\"@context\":\"https:\/\/schema.org\",\"@graph\":[{\"@type\":\"Article\",\"@id\":\"https:\/\/noticiaempauta.com\/portal\/severo-eulalio-toma-posse-como-presidente-da-alepi-nesta-segunda-03\/#article\",\"isPartOf\":{\"@id\":\"https:\/\/noticiaempauta.com\/portal\/severo-eulalio-toma-posse-como-presidente-da-alepi-nesta-segunda-03\/\"},\"author\":{\"name\":\"Reda\u00e7\u00e3o\",\"@id\":\"https:\/\/noticiaempauta.com\/portal\/#\/schema\/person\/a74af43dd1ab3deca45f988c717d57ac\"},\"headline\":\"Severo Eul\u00e1lio toma posse como presidente da Alepi nesta segunda (03)\",\"datePublished\":\"2025-02-02T11:03:45+00:00\",\"dateModified\":\"2025-02-02T11:03:47+00:00\",\"mainEntityOfPage\":{\"@id\":\"https:\/\/noticiaempauta.com\/portal\/severo-eulalio-toma-posse-como-presidente-da-alepi-nesta-segunda-03\/\"},\"wordCount\":323,\"commentCount\":0,\"publisher\":{\"@id\":\"https:\/\/noticiaempauta.com\/portal\/#organization\"},\"image\":{\"@id\":\"https:\/\/noticiaempauta.com\/portal\/severo-eulalio-toma-posse-como-presidente-da-alepi-nesta-segunda-03\/#primaryimage\"},\"thumbnailUrl\":\"https:\/\/noticiaempauta.com\/portal\/wp-content\/uploads\/2025\/02\/IMG_0618.jpeg\",\"keywords\":[\"destaqueprincipal\"],\"articleSection\":[\"Destaques\",\"Geral\",\"Todas as Not\u00edcias\"],\"inLanguage\":\"pt-BR\",\"potentialAction\":[{\"@type\":\"CommentAction\",\"name\":\"Comment\",\"target\":[\"https:\/\/noticiaempauta.com\/portal\/severo-eulalio-toma-posse-como-presidente-da-alepi-nesta-segunda-03\/#respond\"]}]},{\"@type\":\"WebPage\",\"@id\":\"https:\/\/noticiaempauta.com\/portal\/severo-eulalio-toma-posse-como-presidente-da-alepi-nesta-segunda-03\/\",\"url\":\"https:\/\/noticiaempauta.com\/portal\/severo-eulalio-toma-posse-como-presidente-da-alepi-nesta-segunda-03\/\",\"name\":\"Severo Eul\u00e1lio toma posse como presidente da Alepi nesta segunda (03) - Portal Not\u00edcia em Pauta\",\"isPartOf\":{\"@id\":\"https:\/\/noticiaempauta.com\/portal\/#website\"},\"primaryImageOfPage\":{\"@id\":\"https:\/\/noticiaempauta.com\/portal\/severo-eulalio-toma-posse-como-presidente-da-alepi-nesta-segunda-03\/#primaryimage\"},\"image\":{\"@id\":\"https:\/\/noticiaempauta.com\/portal\/severo-eulalio-toma-posse-como-presidente-da-alepi-nesta-segunda-03\/#primaryimage\"},\"thumbnailUrl\":\"https:\/\/noticiaempauta.com\/portal\/wp-content\/uploads\/2025\/02\/IMG_0618.jpeg\",\"datePublished\":\"2025-02-02T11:03:45+00:00\",\"dateModified\":\"2025-02-02T11:03:47+00:00\",\"breadcrumb\":{\"@id\":\"https:\/\/noticiaempauta.com\/portal\/severo-eulalio-toma-posse-como-presidente-da-alepi-nesta-segunda-03\/#breadcrumb\"},\"inLanguage\":\"pt-BR\",\"potentialAction\":[{\"@type\":\"ReadAction\",\"target\":[\"https:\/\/noticiaempauta.com\/portal\/severo-eulalio-toma-posse-como-presidente-da-alepi-nesta-segunda-03\/\"]}]},{\"@type\":\"ImageObject\",\"inLanguage\":\"pt-BR\",\"@id\":\"https:\/\/noticiaempauta.com\/portal\/severo-eulalio-toma-posse-como-presidente-da-alepi-nesta-segunda-03\/#primaryimage\",\"url\":\"https:\/\/noticiaempauta.com\/portal\/wp-content\/uploads\/2025\/02\/IMG_0618.jpeg\",\"contentUrl\":\"https:\/\/noticiaempauta.com\/portal\/wp-content\/uploads\/2025\/02\/IMG_0618.jpeg\",\"width\":1290,\"height\":898},{\"@type\":\"BreadcrumbList\",\"@id\":\"https:\/\/noticiaempauta.com\/portal\/severo-eulalio-toma-posse-como-presidente-da-alepi-nesta-segunda-03\/#breadcrumb\",\"itemListElement\":[{\"@type\":\"ListItem\",\"position\":1,\"name\":\"P\u00e1gina Inicial\",\"item\":\"https:\/\/noticiaempauta.com\/portal\/\"},{\"@type\":\"ListItem\",\"position\":2,\"name\":\"Destaques\",\"item\":\"https:\/\/noticiaempauta.com\/portal\/destaques-site\/\"},{\"@type\":\"ListItem\",\"position\":3,\"name\":\"Severo Eul\u00e1lio toma posse como presidente da Alepi nesta segunda (03)\"}]},{\"@type\":\"WebSite\",\"@id\":\"https:\/\/noticiaempauta.com\/portal\/#website\",\"url\":\"https:\/\/noticiaempauta.com\/portal\/\",\"name\":\"Portal Not\u00edcia em Pauta\",\"description\":\"Voc\u00ea bem informado\",\"publisher\":{\"@id\":\"https:\/\/noticiaempauta.com\/portal\/#organization\"},\"potentialAction\":[{\"@type\":\"SearchAction\",\"target\":{\"@type\":\"EntryPoint\",\"urlTemplate\":\"https:\/\/noticiaempauta.com\/portal\/?s={search_term_string}\"},\"query-input\":{\"@type\":\"PropertyValueSpecification\",\"valueRequired\":true,\"valueName\":\"search_term_string\"}}],\"inLanguage\":\"pt-BR\"},{\"@type\":\"Organization\",\"@id\":\"https:\/\/noticiaempauta.com\/portal\/#organization\",\"name\":\"Portal Not\u00edcia em Pauta\",\"url\":\"https:\/\/noticiaempauta.com\/portal\/\",\"logo\":{\"@type\":\"ImageObject\",\"inLanguage\":\"pt-BR\",\"@id\":\"https:\/\/noticiaempauta.com\/portal\/#\/schema\/logo\/image\/\",\"url\":\"https:\/\/noticiaempauta.com\/portal\/wp-content\/uploads\/2022\/08\/logomarca_tema.fw_.png\",\"contentUrl\":\"https:\/\/noticiaempauta.com\/portal\/wp-content\/uploads\/2022\/08\/logomarca_tema.fw_.png\",\"width\":400,\"height\":232,\"caption\":\"Portal Not\u00edcia em Pauta\"},\"image\":{\"@id\":\"https:\/\/noticiaempauta.com\/portal\/#\/schema\/logo\/image\/\"},\"sameAs\":[\"https:\/\/www.facebook.com\/Portal-Notcia-Em-Pauta-102292869264820\/\",\"https:\/\/www.instagram.com\/portalnoticiaempauta\/\"]},{\"@type\":\"Person\",\"@id\":\"https:\/\/noticiaempauta.com\/portal\/#\/schema\/person\/a74af43dd1ab3deca45f988c717d57ac\",\"name\":\"Reda\u00e7\u00e3o\",\"image\":{\"@type\":\"ImageObject\",\"inLanguage\":\"pt-BR\",\"@id\":\"https:\/\/noticiaempauta.com\/portal\/#\/schema\/person\/image\/\",\"url\":\"https:\/\/secure.gravatar.com\/avatar\/03179346ecce6cdfc13361603e8f54242a90e5cde8618fa23c5c00aa2b0aadf3?s=96&d=mm&r=g\",\"contentUrl\":\"https:\/\/secure.gravatar.com\/avatar\/03179346ecce6cdfc13361603e8f54242a90e5cde8618fa23c5c00aa2b0aadf3?s=96&d=mm&r=g\",\"caption\":\"Reda\u00e7\u00e3o\"},\"sameAs\":[\"https:\/\/noticiaempauta.com\/portal\/\"],\"url\":\"https:\/\/noticiaempauta.com\/portal\/author\/fernando\/\"}]}<\/script>\n<!-- \/ Yoast SEO Premium plugin. -->","yoast_head_json":{"title":"Severo Eul\u00e1lio toma posse como presidente da Alepi nesta segunda (03) - Portal Not\u00edcia em Pauta","robots":{"index":"index","follow":"follow","max-snippet":"max-snippet:-1","max-image-preview":"max-image-preview:large","max-video-preview":"max-video-preview:-1"},"canonical":"https:\/\/noticiaempauta.com\/portal\/severo-eulalio-toma-posse-como-presidente-da-alepi-nesta-segunda-03\/","og_locale":"pt_BR","og_type":"article","og_title":"Severo Eul\u00e1lio toma posse como presidente da Alepi nesta segunda (03)","og_description":"A Assembleia Legislativa realiza a posse da Mesa Diretora do pr\u00f3ximo bi\u00eanio na segunda-feira (3).\u00a0O deputado Severo Eul\u00e1lio (MDB)\u00a0receber\u00e1 o cargo do atual presidente, Franz\u00e9 Silva (PT). No mesmo dia acontece a solenidade de leitura da Mensagem Anual de Governo, na sess\u00e3o que abre o ano legislativo. O governador Rafael Fonteles (PT) apresentar\u00e1 aos deputados, [&hellip;]","og_url":"https:\/\/noticiaempauta.com\/portal\/severo-eulalio-toma-posse-como-presidente-da-alepi-nesta-segunda-03\/","og_site_name":"Portal Not\u00edcia em Pauta","article_publisher":"https:\/\/www.facebook.com\/Portal-Notcia-Em-Pauta-102292869264820\/","article_published_time":"2025-02-02T11:03:45+00:00","article_modified_time":"2025-02-02T11:03:47+00:00","og_image":[{"width":1290,"height":898,"url":"https:\/\/noticiaempauta.com\/portal\/wp-content\/uploads\/2025\/02\/IMG_0618.jpeg","type":"image\/jpeg"}],"author":"Reda\u00e7\u00e3o","twitter_card":"summary_large_image","twitter_misc":{"Escrito por":"Reda\u00e7\u00e3o","Est. tempo de leitura":"3 minutos"},"schema":{"@context":"https:\/\/schema.org","@graph":[{"@type":"Article","@id":"https:\/\/noticiaempauta.com\/portal\/severo-eulalio-toma-posse-como-presidente-da-alepi-nesta-segunda-03\/#article","isPartOf":{"@id":"https:\/\/noticiaempauta.com\/portal\/severo-eulalio-toma-posse-como-presidente-da-alepi-nesta-segunda-03\/"},"author":{"name":"Reda\u00e7\u00e3o","@id":"https:\/\/noticiaempauta.com\/portal\/#\/schema\/person\/a74af43dd1ab3deca45f988c717d57ac"},"headline":"Severo Eul\u00e1lio toma posse como presidente da Alepi nesta segunda (03)","datePublished":"2025-02-02T11:03:45+00:00","dateModified":"2025-02-02T11:03:47+00:00","mainEntityOfPage":{"@id":"https:\/\/noticiaempauta.com\/portal\/severo-eulalio-toma-posse-como-presidente-da-alepi-nesta-segunda-03\/"},"wordCount":323,"commentCount":0,"publisher":{"@id":"https:\/\/noticiaempauta.com\/portal\/#organization"},"image":{"@id":"https:\/\/noticiaempauta.com\/portal\/severo-eulalio-toma-posse-como-presidente-da-alepi-nesta-segunda-03\/#primaryimage"},"thumbnailUrl":"https:\/\/noticiaempauta.com\/portal\/wp-content\/uploads\/2025\/02\/IMG_0618.jpeg","keywords":["destaqueprincipal"],"articleSection":["Destaques","Geral","Todas as Not\u00edcias"],"inLanguage":"pt-BR","potentialAction":[{"@type":"CommentAction","name":"Comment","target":["https:\/\/noticiaempauta.com\/portal\/severo-eulalio-toma-posse-como-presidente-da-alepi-nesta-segunda-03\/#respond"]}]},{"@type":"WebPage","@id":"https:\/\/noticiaempauta.com\/portal\/severo-eulalio-toma-posse-como-presidente-da-alepi-nesta-segunda-03\/","url":"https:\/\/noticiaempauta.com\/portal\/severo-eulalio-toma-posse-como-presidente-da-alepi-nesta-segunda-03\/","name":"Severo Eul\u00e1lio toma posse como presidente da Alepi nesta segunda (03) - Portal Not\u00edcia em Pauta","isPartOf":{"@id":"https:\/\/noticiaempauta.com\/portal\/#website"},"primaryImageOfPage":{"@id":"https:\/\/noticiaempauta.com\/portal\/severo-eulalio-toma-posse-como-presidente-da-alepi-nesta-segunda-03\/#primaryimage"},"image":{"@id":"https:\/\/noticiaempauta.com\/portal\/severo-eulalio-toma-posse-como-presidente-da-alepi-nesta-segunda-03\/#primaryimage"},"thumbnailUrl":"https:\/\/noticiaempauta.com\/portal\/wp-content\/uploads\/2025\/02\/IMG_0618.jpeg","datePublished":"2025-02-02T11:03:45+00:00","dateModified":"2025-02-02T11:03:47+00:00","breadcrumb":{"@id":"https:\/\/noticiaempauta.com\/portal\/severo-eulalio-toma-posse-como-presidente-da-alepi-nesta-segunda-03\/#breadcrumb"},"inLanguage":"pt-BR","potentialAction":[{"@type":"ReadAction","target":["https:\/\/noticiaempauta.com\/portal\/severo-eulalio-toma-posse-como-presidente-da-alepi-nesta-segunda-03\/"]}]},{"@type":"ImageObject","inLanguage":"pt-BR","@id":"https:\/\/noticiaempauta.com\/portal\/severo-eulalio-toma-posse-como-presidente-da-alepi-nesta-segunda-03\/#primaryimage","url":"https:\/\/noticiaempauta.com\/portal\/wp-content\/uploads\/2025\/02\/IMG_0618.jpeg","contentUrl":"https:\/\/noticiaempauta.com\/portal\/wp-content\/uploads\/2025\/02\/IMG_0618.jpeg","width":1290,"height":898},{"@type":"BreadcrumbList","@id":"https:\/\/noticiaempauta.com\/portal\/severo-eulalio-toma-posse-como-presidente-da-alepi-nesta-segunda-03\/#breadcrumb","itemListElement":[{"@type":"ListItem","position":1,"name":"P\u00e1gina Inicial","item":"https:\/\/noticiaempauta.com\/portal\/"},{"@type":"ListItem","position":2,"name":"Destaques","item":"https:\/\/noticiaempauta.com\/portal\/destaques-site\/"},{"@type":"ListItem","position":3,"name":"Severo Eul\u00e1lio toma posse como presidente da Alepi nesta segunda (03)"}]},{"@type":"WebSite","@id":"https:\/\/noticiaempauta.com\/portal\/#website","url":"https:\/\/noticiaempauta.com\/portal\/","name":"Portal Not\u00edcia em Pauta","description":"Voc\u00ea bem informado","publisher":{"@id":"https:\/\/noticiaempauta.com\/portal\/#organization"},"potentialAction":[{"@type":"SearchAction","target":{"@type":"EntryPoint","urlTemplate":"https:\/\/noticiaempauta.com\/portal\/?s={search_term_string}"},"query-input":{"@type":"PropertyValueSpecification","valueRequired":true,"valueName":"search_term_string"}}],"inLanguage":"pt-BR"},{"@type":"Organization","@id":"https:\/\/noticiaempauta.com\/portal\/#organization","name":"Portal Not\u00edcia em Pauta","url":"https:\/\/noticiaempauta.com\/portal\/","logo":{"@type":"ImageObject","inLanguage":"pt-BR","@id":"https:\/\/noticiaempauta.com\/portal\/#\/schema\/logo\/image\/","url":"https:\/\/noticiaempauta.com\/portal\/wp-content\/uploads\/2022\/08\/logomarca_tema.fw_.png","contentUrl":"https:\/\/noticiaempauta.com\/portal\/wp-content\/uploads\/2022\/08\/logomarca_tema.fw_.png","width":400,"height":232,"caption":"Portal Not\u00edcia em Pauta"},"image":{"@id":"https:\/\/noticiaempauta.com\/portal\/#\/schema\/logo\/image\/"},"sameAs":["https:\/\/www.facebook.com\/Portal-Notcia-Em-Pauta-102292869264820\/","https:\/\/www.instagram.com\/portalnoticiaempauta\/"]},{"@type":"Person","@id":"https:\/\/noticiaempauta.com\/portal\/#\/schema\/person\/a74af43dd1ab3deca45f988c717d57ac","name":"Reda\u00e7\u00e3o","image":{"@type":"ImageObject","inLanguage":"pt-BR","@id":"https:\/\/noticiaempauta.com\/portal\/#\/schema\/person\/image\/","url":"https:\/\/secure.gravatar.com\/avatar\/03179346ecce6cdfc13361603e8f54242a90e5cde8618fa23c5c00aa2b0aadf3?s=96&d=mm&r=g","contentUrl":"https:\/\/secure.gravatar.com\/avatar\/03179346ecce6cdfc13361603e8f54242a90e5cde8618fa23c5c00aa2b0aadf3?s=96&d=mm&r=g","caption":"Reda\u00e7\u00e3o"},"sameAs":["https:\/\/noticiaempauta.com\/portal\/"],"url":"https:\/\/noticiaempauta.com\/portal\/author\/fernando\/"}]}},"_links":{"self":[{"href":"https:\/\/noticiaempauta.com\/portal\/wp-json\/wp\/v2\/posts\/267250","targetHints":{"allow":["GET"]}}],"collection":[{"href":"https:\/\/noticiaempauta.com\/portal\/wp-json\/wp\/v2\/posts"}],"about":[{"href":"https:\/\/noticiaempauta.com\/portal\/wp-json\/wp\/v2\/types\/post"}],"author":[{"embeddable":true,"href":"https:\/\/noticiaempauta.com\/portal\/wp-json\/wp\/v2\/users\/2"}],"replies":[{"embeddable":true,"href":"https:\/\/noticiaempauta.com\/portal\/wp-json\/wp\/v2\/comments?post=267250"}],"version-history":[{"count":2,"href":"https:\/\/noticiaempauta.com\/portal\/wp-json\/wp\/v2\/posts\/267250\/revisions"}],"predecessor-version":[{"id":267255,"href":"https:\/\/noticiaempauta.com\/portal\/wp-json\/wp\/v2\/posts\/267250\/revisions\/267255"}],"wp:featuredmedia":[{"embeddable":true,"href":"https:\/\/noticiaempauta.com\/portal\/wp-json\/wp\/v2\/media\/267253"}],"wp:attachment":[{"href":"https:\/\/noticiaempauta.com\/portal\/wp-json\/wp\/v2\/media?parent=267250"}],"wp:term":[{"taxonomy":"category","embeddable":true,"href":"https:\/\/noticiaempauta.com\/portal\/wp-json\/wp\/v2\/categories?post=267250"},{"taxonomy":"post_tag","embeddable":true,"href":"https:\/\/noticiaempauta.com\/portal\/wp-json\/wp\/v2\/tags?post=267250"}],"curies":[{"name":"wp","href":"https:\/\/api.w.org\/{rel}","templated":true}]}}