{"id":267258,"date":"2025-02-02T10:38:41","date_gmt":"2025-02-02T13:38:41","guid":{"rendered":"https:\/\/noticiaempauta.com\/portal\/?p=267258"},"modified":"2025-02-02T10:38:42","modified_gmt":"2025-02-02T13:38:42","slug":"celulares-nas-escolas-veja-orientacoes-do-mec-para-o-uso-consciente","status":"publish","type":"post","link":"https:\/\/noticiaempauta.com\/portal\/celulares-nas-escolas-veja-orientacoes-do-mec-para-o-uso-consciente\/","title":{"rendered":"Celulares nas escolas: veja orienta\u00e7\u00f5es do MEC para o uso consciente"},"content":{"rendered":"\n<p>A restri\u00e7\u00e3o do uso de celulares nas escolas tem ganhado for\u00e7a no Brasil, especialmente ap\u00f3s a\u00a0aprova\u00e7\u00e3o da Lei 15.100\/25,\u00a0que pro\u00edbe o uso de telefones e dispositivos eletr\u00f4nicos nas escolas p\u00fablicas e privadas, incluindo nos intervalos e recreios.<\/p>\n\n\n\n<figure class=\"wp-block-image size-large\"><img fetchpriority=\"high\" decoding=\"async\" width=\"1024\" height=\"615\" src=\"https:\/\/noticiaempauta.com\/portal\/wp-content\/uploads\/2022\/09\/xACESSO-DA-INTERNET-PELO-CELULAR.jpg.pagespeed.ic_.77jHB1yZDi-1024x615.jpg\" alt=\"\" class=\"wp-image-241500\" srcset=\"https:\/\/noticiaempauta.com\/portal\/wp-content\/uploads\/2022\/09\/xACESSO-DA-INTERNET-PELO-CELULAR.jpg.pagespeed.ic_.77jHB1yZDi-1024x615.jpg 1024w, https:\/\/noticiaempauta.com\/portal\/wp-content\/uploads\/2022\/09\/xACESSO-DA-INTERNET-PELO-CELULAR.jpg.pagespeed.ic_.77jHB1yZDi-300x180.jpg 300w, https:\/\/noticiaempauta.com\/portal\/wp-content\/uploads\/2022\/09\/xACESSO-DA-INTERNET-PELO-CELULAR.jpg.pagespeed.ic_.77jHB1yZDi-768x461.jpg 768w, https:\/\/noticiaempauta.com\/portal\/wp-content\/uploads\/2022\/09\/xACESSO-DA-INTERNET-PELO-CELULAR.jpg.pagespeed.ic_.77jHB1yZDi.jpg 1086w\" sizes=\"(max-width: 1024px) 100vw, 1024px\" \/><figcaption class=\"wp-element-caption\"> (Foto: Brenno Carvalho\/Ag\u00eancia O Globo)<\/figcaption><\/figure>\n\n\n\n<p>No Piau\u00ed, a Lei estadual n\u00ba 8.563\/2025,\u00a0sancionada pelo governador Rafael Fonteles, tamb\u00e9m pro\u00edbe o uso de celulares e outros dispositivos nas escolas, permitindo o uso apenas para fins pedag\u00f3gicos. A restri\u00e7\u00e3o vale at\u00e9 para atividades extracurriculares e recreios, al\u00e9m de proibir o acesso a redes sociais e aplicativos de mensagens.<\/p>\n\n\n\n<p>Em meio a esse movimento de restri\u00e7\u00e3o, o&nbsp;<a href=\"https:\/\/www.gov.br\/mec\/pt-br\" rel=\"noreferrer noopener\" target=\"_blank\"><strong>Minist\u00e9rio da Educa\u00e7\u00e3o (MEC)<\/strong><\/a>&nbsp;lan\u00e7ou, na sexta-feira (31), dois guias para ajudar escolas e redes de ensino a lidar com o uso consciente de celulares. O primeiro guia, intitulado &#8220;Conscientiza\u00e7\u00e3o para o uso de celulares na escola: por que precisamos falar sobre isso?&#8221;, orienta as escolas sobre como aplicar as restri\u00e7\u00f5es de forma eficaz, sem prejudicar o aprendizado de alunos com necessidades especiais que dependem de dispositivos para acessibilidade.<\/p>\n\n\n\n<p>Os guias recomendam que cada institui\u00e7\u00e3o crie regulamentos internos adaptados \u00e0 nova legisla\u00e7\u00e3o, promova a forma\u00e7\u00e3o de professores e estabele\u00e7a espa\u00e7os seguros para o armazenamento dos celulares. O ministro da Educa\u00e7\u00e3o, Camilo Santana, ressaltou que o objetivo n\u00e3o \u00e9 proibir o uso dos dispositivos, mas proteger os estudantes de seus efeitos negativos na aprendizagem e qualidade de vida.<\/p>\n\n\n\n<p>A medida tem se espalhado por diversos estados e munic\u00edpios, com decretos e leis locais j\u00e1 implementando restri\u00e7\u00f5es em escolas, como em S\u00e3o Paulo, Rio de Janeiro e Roraima, al\u00e9m de inspirar pr\u00e1ticas internacionais em pa\u00edses como Fran\u00e7a, Canad\u00e1 e It\u00e1lia.<\/p>\n\n\n\n<h2 class=\"wp-block-heading\">Onde encontrar os guias<\/h2>\n\n\n\n<p>O primeiro guia chamado \u201cConscientiza\u00e7\u00e3o para o uso de celulares na escola: por que precisamos falar sobre isso?\u201d destinado \u00e0s escolas, pode ser&nbsp;<a href=\"https:\/\/mecred.mec.gov.br\/recurso\/364589?collectionId=16247\" rel=\"noreferrer noopener\" target=\"_blank\">baixado neste link<\/a>.<\/p>\n\n\n\n<p>O segundo guia \u2013 voltado \u00e0s redes de ensino de todo o pa\u00eds \u2013&nbsp;<a href=\"https:\/\/mecred.mec.gov.br\/recurso\/364590?collectionId=16247\" rel=\"noreferrer noopener\" target=\"_blank\">est\u00e1 dispon\u00edvel no&nbsp;<em>link<\/em><\/a>.<\/p>\n\n\n\n<p>Fonte: Portal O Dia<\/p>\n","protected":false},"excerpt":{"rendered":"<p>A restri\u00e7\u00e3o do uso de celulares nas escolas tem ganhado for\u00e7a no Brasil, especialmente ap\u00f3s a\u00a0aprova\u00e7\u00e3o da Lei 15.100\/25,\u00a0que pro\u00edbe o uso de telefones e dispositivos eletr\u00f4nicos nas escolas p\u00fablicas e privadas, incluindo nos intervalos e recreios. No Piau\u00ed, a Lei estadual n\u00ba 8.563\/2025,\u00a0sancionada pelo governador Rafael Fonteles, tamb\u00e9m pro\u00edbe o uso de celulares e [&hellip;]<\/p>\n","protected":false},"author":2,"featured_media":241500,"comment_status":"open","ping_status":"open","sticky":false,"template":"","format":"standard","meta":{"_mi_skip_tracking":false,"footnotes":""},"categories":[25,1,16],"tags":[],"class_list":["post-267258","post","type-post","status-publish","format-standard","has-post-thumbnail","hentry","category-destaques-site","category-geral","category-todas"],"acf":[],"yoast_head":"<!-- This site is optimized with the Yoast SEO Premium plugin v19.2 (Yoast SEO v26.9) - https:\/\/yoast.com\/product\/yoast-seo-premium-wordpress\/ -->\n<title>Celulares nas escolas: veja orienta\u00e7\u00f5es do MEC para o uso consciente - Portal Not\u00edcia em Pauta<\/title>\n<meta name=\"robots\" content=\"index, follow, max-snippet:-1, max-image-preview:large, max-video-preview:-1\" \/>\n<link rel=\"canonical\" href=\"https:\/\/noticiaempauta.com\/portal\/celulares-nas-escolas-veja-orientacoes-do-mec-para-o-uso-consciente\/\" \/>\n<meta property=\"og:locale\" content=\"pt_BR\" \/>\n<meta property=\"og:type\" content=\"article\" \/>\n<meta property=\"og:title\" content=\"Celulares nas escolas: veja orienta\u00e7\u00f5es do MEC para o uso consciente\" \/>\n<meta property=\"og:description\" content=\"A restri\u00e7\u00e3o do uso de celulares nas escolas tem ganhado for\u00e7a no Brasil, especialmente ap\u00f3s a\u00a0aprova\u00e7\u00e3o da Lei 15.100\/25,\u00a0que pro\u00edbe o uso de telefones e dispositivos eletr\u00f4nicos nas escolas p\u00fablicas e privadas, incluindo nos intervalos e recreios. No Piau\u00ed, a Lei estadual n\u00ba 8.563\/2025,\u00a0sancionada pelo governador Rafael Fonteles, tamb\u00e9m pro\u00edbe o uso de celulares e [&hellip;]\" \/>\n<meta property=\"og:url\" content=\"https:\/\/noticiaempauta.com\/portal\/celulares-nas-escolas-veja-orientacoes-do-mec-para-o-uso-consciente\/\" \/>\n<meta property=\"og:site_name\" content=\"Portal Not\u00edcia em Pauta\" \/>\n<meta property=\"article:publisher\" content=\"https:\/\/www.facebook.com\/Portal-Notcia-Em-Pauta-102292869264820\/\" \/>\n<meta property=\"article:published_time\" content=\"2025-02-02T13:38:41+00:00\" \/>\n<meta property=\"article:modified_time\" content=\"2025-02-02T13:38:42+00:00\" \/>\n<meta property=\"og:image\" content=\"https:\/\/noticiaempauta.com\/portal\/wp-content\/uploads\/2022\/09\/xACESSO-DA-INTERNET-PELO-CELULAR.jpg.pagespeed.ic_.77jHB1yZDi.jpg\" \/>\n\t<meta property=\"og:image:width\" content=\"1086\" \/>\n\t<meta property=\"og:image:height\" content=\"652\" \/>\n\t<meta property=\"og:image:type\" content=\"image\/jpeg\" \/>\n<meta name=\"author\" content=\"Reda\u00e7\u00e3o\" \/>\n<meta name=\"twitter:card\" content=\"summary_large_image\" \/>\n<meta name=\"twitter:label1\" content=\"Escrito por\" \/>\n\t<meta name=\"twitter:data1\" content=\"Reda\u00e7\u00e3o\" \/>\n\t<meta name=\"twitter:label2\" content=\"Est. tempo de leitura\" \/>\n\t<meta name=\"twitter:data2\" content=\"3 minutos\" \/>\n<script type=\"application\/ld+json\" class=\"yoast-schema-graph\">{\"@context\":\"https:\/\/schema.org\",\"@graph\":[{\"@type\":\"Article\",\"@id\":\"https:\/\/noticiaempauta.com\/portal\/celulares-nas-escolas-veja-orientacoes-do-mec-para-o-uso-consciente\/#article\",\"isPartOf\":{\"@id\":\"https:\/\/noticiaempauta.com\/portal\/celulares-nas-escolas-veja-orientacoes-do-mec-para-o-uso-consciente\/\"},\"author\":{\"name\":\"Reda\u00e7\u00e3o\",\"@id\":\"https:\/\/noticiaempauta.com\/portal\/#\/schema\/person\/a74af43dd1ab3deca45f988c717d57ac\"},\"headline\":\"Celulares nas escolas: veja orienta\u00e7\u00f5es do MEC para o uso consciente\",\"datePublished\":\"2025-02-02T13:38:41+00:00\",\"dateModified\":\"2025-02-02T13:38:42+00:00\",\"mainEntityOfPage\":{\"@id\":\"https:\/\/noticiaempauta.com\/portal\/celulares-nas-escolas-veja-orientacoes-do-mec-para-o-uso-consciente\/\"},\"wordCount\":371,\"commentCount\":0,\"publisher\":{\"@id\":\"https:\/\/noticiaempauta.com\/portal\/#organization\"},\"image\":{\"@id\":\"https:\/\/noticiaempauta.com\/portal\/celulares-nas-escolas-veja-orientacoes-do-mec-para-o-uso-consciente\/#primaryimage\"},\"thumbnailUrl\":\"https:\/\/noticiaempauta.com\/portal\/wp-content\/uploads\/2022\/09\/xACESSO-DA-INTERNET-PELO-CELULAR.jpg.pagespeed.ic_.77jHB1yZDi.jpg\",\"articleSection\":[\"Destaques\",\"Geral\",\"Todas as Not\u00edcias\"],\"inLanguage\":\"pt-BR\",\"potentialAction\":[{\"@type\":\"CommentAction\",\"name\":\"Comment\",\"target\":[\"https:\/\/noticiaempauta.com\/portal\/celulares-nas-escolas-veja-orientacoes-do-mec-para-o-uso-consciente\/#respond\"]}]},{\"@type\":\"WebPage\",\"@id\":\"https:\/\/noticiaempauta.com\/portal\/celulares-nas-escolas-veja-orientacoes-do-mec-para-o-uso-consciente\/\",\"url\":\"https:\/\/noticiaempauta.com\/portal\/celulares-nas-escolas-veja-orientacoes-do-mec-para-o-uso-consciente\/\",\"name\":\"Celulares nas escolas: veja orienta\u00e7\u00f5es do MEC para o uso consciente - Portal Not\u00edcia em Pauta\",\"isPartOf\":{\"@id\":\"https:\/\/noticiaempauta.com\/portal\/#website\"},\"primaryImageOfPage\":{\"@id\":\"https:\/\/noticiaempauta.com\/portal\/celulares-nas-escolas-veja-orientacoes-do-mec-para-o-uso-consciente\/#primaryimage\"},\"image\":{\"@id\":\"https:\/\/noticiaempauta.com\/portal\/celulares-nas-escolas-veja-orientacoes-do-mec-para-o-uso-consciente\/#primaryimage\"},\"thumbnailUrl\":\"https:\/\/noticiaempauta.com\/portal\/wp-content\/uploads\/2022\/09\/xACESSO-DA-INTERNET-PELO-CELULAR.jpg.pagespeed.ic_.77jHB1yZDi.jpg\",\"datePublished\":\"2025-02-02T13:38:41+00:00\",\"dateModified\":\"2025-02-02T13:38:42+00:00\",\"breadcrumb\":{\"@id\":\"https:\/\/noticiaempauta.com\/portal\/celulares-nas-escolas-veja-orientacoes-do-mec-para-o-uso-consciente\/#breadcrumb\"},\"inLanguage\":\"pt-BR\",\"potentialAction\":[{\"@type\":\"ReadAction\",\"target\":[\"https:\/\/noticiaempauta.com\/portal\/celulares-nas-escolas-veja-orientacoes-do-mec-para-o-uso-consciente\/\"]}]},{\"@type\":\"ImageObject\",\"inLanguage\":\"pt-BR\",\"@id\":\"https:\/\/noticiaempauta.com\/portal\/celulares-nas-escolas-veja-orientacoes-do-mec-para-o-uso-consciente\/#primaryimage\",\"url\":\"https:\/\/noticiaempauta.com\/portal\/wp-content\/uploads\/2022\/09\/xACESSO-DA-INTERNET-PELO-CELULAR.jpg.pagespeed.ic_.77jHB1yZDi.jpg\",\"contentUrl\":\"https:\/\/noticiaempauta.com\/portal\/wp-content\/uploads\/2022\/09\/xACESSO-DA-INTERNET-PELO-CELULAR.jpg.pagespeed.ic_.77jHB1yZDi.jpg\",\"width\":1086,\"height\":652,\"caption\":\"(Foto: Brenno Carvalho\/Ag\u00eancia O Globo)\"},{\"@type\":\"BreadcrumbList\",\"@id\":\"https:\/\/noticiaempauta.com\/portal\/celulares-nas-escolas-veja-orientacoes-do-mec-para-o-uso-consciente\/#breadcrumb\",\"itemListElement\":[{\"@type\":\"ListItem\",\"position\":1,\"name\":\"P\u00e1gina Inicial\",\"item\":\"https:\/\/noticiaempauta.com\/portal\/\"},{\"@type\":\"ListItem\",\"position\":2,\"name\":\"Destaques\",\"item\":\"https:\/\/noticiaempauta.com\/portal\/destaques-site\/\"},{\"@type\":\"ListItem\",\"position\":3,\"name\":\"Celulares nas escolas: veja orienta\u00e7\u00f5es do MEC para o uso consciente\"}]},{\"@type\":\"WebSite\",\"@id\":\"https:\/\/noticiaempauta.com\/portal\/#website\",\"url\":\"https:\/\/noticiaempauta.com\/portal\/\",\"name\":\"Portal Not\u00edcia em Pauta\",\"description\":\"Voc\u00ea bem informado\",\"publisher\":{\"@id\":\"https:\/\/noticiaempauta.com\/portal\/#organization\"},\"potentialAction\":[{\"@type\":\"SearchAction\",\"target\":{\"@type\":\"EntryPoint\",\"urlTemplate\":\"https:\/\/noticiaempauta.com\/portal\/?s={search_term_string}\"},\"query-input\":{\"@type\":\"PropertyValueSpecification\",\"valueRequired\":true,\"valueName\":\"search_term_string\"}}],\"inLanguage\":\"pt-BR\"},{\"@type\":\"Organization\",\"@id\":\"https:\/\/noticiaempauta.com\/portal\/#organization\",\"name\":\"Portal Not\u00edcia em Pauta\",\"url\":\"https:\/\/noticiaempauta.com\/portal\/\",\"logo\":{\"@type\":\"ImageObject\",\"inLanguage\":\"pt-BR\",\"@id\":\"https:\/\/noticiaempauta.com\/portal\/#\/schema\/logo\/image\/\",\"url\":\"https:\/\/noticiaempauta.com\/portal\/wp-content\/uploads\/2022\/08\/logomarca_tema.fw_.png\",\"contentUrl\":\"https:\/\/noticiaempauta.com\/portal\/wp-content\/uploads\/2022\/08\/logomarca_tema.fw_.png\",\"width\":400,\"height\":232,\"caption\":\"Portal Not\u00edcia em Pauta\"},\"image\":{\"@id\":\"https:\/\/noticiaempauta.com\/portal\/#\/schema\/logo\/image\/\"},\"sameAs\":[\"https:\/\/www.facebook.com\/Portal-Notcia-Em-Pauta-102292869264820\/\",\"https:\/\/www.instagram.com\/portalnoticiaempauta\/\"]},{\"@type\":\"Person\",\"@id\":\"https:\/\/noticiaempauta.com\/portal\/#\/schema\/person\/a74af43dd1ab3deca45f988c717d57ac\",\"name\":\"Reda\u00e7\u00e3o\",\"image\":{\"@type\":\"ImageObject\",\"inLanguage\":\"pt-BR\",\"@id\":\"https:\/\/noticiaempauta.com\/portal\/#\/schema\/person\/image\/\",\"url\":\"https:\/\/secure.gravatar.com\/avatar\/03179346ecce6cdfc13361603e8f54242a90e5cde8618fa23c5c00aa2b0aadf3?s=96&d=mm&r=g\",\"contentUrl\":\"https:\/\/secure.gravatar.com\/avatar\/03179346ecce6cdfc13361603e8f54242a90e5cde8618fa23c5c00aa2b0aadf3?s=96&d=mm&r=g\",\"caption\":\"Reda\u00e7\u00e3o\"},\"sameAs\":[\"https:\/\/noticiaempauta.com\/portal\/\"],\"url\":\"https:\/\/noticiaempauta.com\/portal\/author\/fernando\/\"}]}<\/script>\n<!-- \/ Yoast SEO Premium plugin. -->","yoast_head_json":{"title":"Celulares nas escolas: veja orienta\u00e7\u00f5es do MEC para o uso consciente - Portal Not\u00edcia em Pauta","robots":{"index":"index","follow":"follow","max-snippet":"max-snippet:-1","max-image-preview":"max-image-preview:large","max-video-preview":"max-video-preview:-1"},"canonical":"https:\/\/noticiaempauta.com\/portal\/celulares-nas-escolas-veja-orientacoes-do-mec-para-o-uso-consciente\/","og_locale":"pt_BR","og_type":"article","og_title":"Celulares nas escolas: veja orienta\u00e7\u00f5es do MEC para o uso consciente","og_description":"A restri\u00e7\u00e3o do uso de celulares nas escolas tem ganhado for\u00e7a no Brasil, especialmente ap\u00f3s a\u00a0aprova\u00e7\u00e3o da Lei 15.100\/25,\u00a0que pro\u00edbe o uso de telefones e dispositivos eletr\u00f4nicos nas escolas p\u00fablicas e privadas, incluindo nos intervalos e recreios. No Piau\u00ed, a Lei estadual n\u00ba 8.563\/2025,\u00a0sancionada pelo governador Rafael Fonteles, tamb\u00e9m pro\u00edbe o uso de celulares e [&hellip;]","og_url":"https:\/\/noticiaempauta.com\/portal\/celulares-nas-escolas-veja-orientacoes-do-mec-para-o-uso-consciente\/","og_site_name":"Portal Not\u00edcia em Pauta","article_publisher":"https:\/\/www.facebook.com\/Portal-Notcia-Em-Pauta-102292869264820\/","article_published_time":"2025-02-02T13:38:41+00:00","article_modified_time":"2025-02-02T13:38:42+00:00","og_image":[{"width":1086,"height":652,"url":"https:\/\/noticiaempauta.com\/portal\/wp-content\/uploads\/2022\/09\/xACESSO-DA-INTERNET-PELO-CELULAR.jpg.pagespeed.ic_.77jHB1yZDi.jpg","type":"image\/jpeg"}],"author":"Reda\u00e7\u00e3o","twitter_card":"summary_large_image","twitter_misc":{"Escrito por":"Reda\u00e7\u00e3o","Est. tempo de leitura":"3 minutos"},"schema":{"@context":"https:\/\/schema.org","@graph":[{"@type":"Article","@id":"https:\/\/noticiaempauta.com\/portal\/celulares-nas-escolas-veja-orientacoes-do-mec-para-o-uso-consciente\/#article","isPartOf":{"@id":"https:\/\/noticiaempauta.com\/portal\/celulares-nas-escolas-veja-orientacoes-do-mec-para-o-uso-consciente\/"},"author":{"name":"Reda\u00e7\u00e3o","@id":"https:\/\/noticiaempauta.com\/portal\/#\/schema\/person\/a74af43dd1ab3deca45f988c717d57ac"},"headline":"Celulares nas escolas: veja orienta\u00e7\u00f5es do MEC para o uso consciente","datePublished":"2025-02-02T13:38:41+00:00","dateModified":"2025-02-02T13:38:42+00:00","mainEntityOfPage":{"@id":"https:\/\/noticiaempauta.com\/portal\/celulares-nas-escolas-veja-orientacoes-do-mec-para-o-uso-consciente\/"},"wordCount":371,"commentCount":0,"publisher":{"@id":"https:\/\/noticiaempauta.com\/portal\/#organization"},"image":{"@id":"https:\/\/noticiaempauta.com\/portal\/celulares-nas-escolas-veja-orientacoes-do-mec-para-o-uso-consciente\/#primaryimage"},"thumbnailUrl":"https:\/\/noticiaempauta.com\/portal\/wp-content\/uploads\/2022\/09\/xACESSO-DA-INTERNET-PELO-CELULAR.jpg.pagespeed.ic_.77jHB1yZDi.jpg","articleSection":["Destaques","Geral","Todas as Not\u00edcias"],"inLanguage":"pt-BR","potentialAction":[{"@type":"CommentAction","name":"Comment","target":["https:\/\/noticiaempauta.com\/portal\/celulares-nas-escolas-veja-orientacoes-do-mec-para-o-uso-consciente\/#respond"]}]},{"@type":"WebPage","@id":"https:\/\/noticiaempauta.com\/portal\/celulares-nas-escolas-veja-orientacoes-do-mec-para-o-uso-consciente\/","url":"https:\/\/noticiaempauta.com\/portal\/celulares-nas-escolas-veja-orientacoes-do-mec-para-o-uso-consciente\/","name":"Celulares nas escolas: veja orienta\u00e7\u00f5es do MEC para o uso consciente - Portal Not\u00edcia em Pauta","isPartOf":{"@id":"https:\/\/noticiaempauta.com\/portal\/#website"},"primaryImageOfPage":{"@id":"https:\/\/noticiaempauta.com\/portal\/celulares-nas-escolas-veja-orientacoes-do-mec-para-o-uso-consciente\/#primaryimage"},"image":{"@id":"https:\/\/noticiaempauta.com\/portal\/celulares-nas-escolas-veja-orientacoes-do-mec-para-o-uso-consciente\/#primaryimage"},"thumbnailUrl":"https:\/\/noticiaempauta.com\/portal\/wp-content\/uploads\/2022\/09\/xACESSO-DA-INTERNET-PELO-CELULAR.jpg.pagespeed.ic_.77jHB1yZDi.jpg","datePublished":"2025-02-02T13:38:41+00:00","dateModified":"2025-02-02T13:38:42+00:00","breadcrumb":{"@id":"https:\/\/noticiaempauta.com\/portal\/celulares-nas-escolas-veja-orientacoes-do-mec-para-o-uso-consciente\/#breadcrumb"},"inLanguage":"pt-BR","potentialAction":[{"@type":"ReadAction","target":["https:\/\/noticiaempauta.com\/portal\/celulares-nas-escolas-veja-orientacoes-do-mec-para-o-uso-consciente\/"]}]},{"@type":"ImageObject","inLanguage":"pt-BR","@id":"https:\/\/noticiaempauta.com\/portal\/celulares-nas-escolas-veja-orientacoes-do-mec-para-o-uso-consciente\/#primaryimage","url":"https:\/\/noticiaempauta.com\/portal\/wp-content\/uploads\/2022\/09\/xACESSO-DA-INTERNET-PELO-CELULAR.jpg.pagespeed.ic_.77jHB1yZDi.jpg","contentUrl":"https:\/\/noticiaempauta.com\/portal\/wp-content\/uploads\/2022\/09\/xACESSO-DA-INTERNET-PELO-CELULAR.jpg.pagespeed.ic_.77jHB1yZDi.jpg","width":1086,"height":652,"caption":"(Foto: Brenno Carvalho\/Ag\u00eancia O Globo)"},{"@type":"BreadcrumbList","@id":"https:\/\/noticiaempauta.com\/portal\/celulares-nas-escolas-veja-orientacoes-do-mec-para-o-uso-consciente\/#breadcrumb","itemListElement":[{"@type":"ListItem","position":1,"name":"P\u00e1gina Inicial","item":"https:\/\/noticiaempauta.com\/portal\/"},{"@type":"ListItem","position":2,"name":"Destaques","item":"https:\/\/noticiaempauta.com\/portal\/destaques-site\/"},{"@type":"ListItem","position":3,"name":"Celulares nas escolas: veja orienta\u00e7\u00f5es do MEC para o uso consciente"}]},{"@type":"WebSite","@id":"https:\/\/noticiaempauta.com\/portal\/#website","url":"https:\/\/noticiaempauta.com\/portal\/","name":"Portal Not\u00edcia em Pauta","description":"Voc\u00ea bem informado","publisher":{"@id":"https:\/\/noticiaempauta.com\/portal\/#organization"},"potentialAction":[{"@type":"SearchAction","target":{"@type":"EntryPoint","urlTemplate":"https:\/\/noticiaempauta.com\/portal\/?s={search_term_string}"},"query-input":{"@type":"PropertyValueSpecification","valueRequired":true,"valueName":"search_term_string"}}],"inLanguage":"pt-BR"},{"@type":"Organization","@id":"https:\/\/noticiaempauta.com\/portal\/#organization","name":"Portal Not\u00edcia em Pauta","url":"https:\/\/noticiaempauta.com\/portal\/","logo":{"@type":"ImageObject","inLanguage":"pt-BR","@id":"https:\/\/noticiaempauta.com\/portal\/#\/schema\/logo\/image\/","url":"https:\/\/noticiaempauta.com\/portal\/wp-content\/uploads\/2022\/08\/logomarca_tema.fw_.png","contentUrl":"https:\/\/noticiaempauta.com\/portal\/wp-content\/uploads\/2022\/08\/logomarca_tema.fw_.png","width":400,"height":232,"caption":"Portal Not\u00edcia em Pauta"},"image":{"@id":"https:\/\/noticiaempauta.com\/portal\/#\/schema\/logo\/image\/"},"sameAs":["https:\/\/www.facebook.com\/Portal-Notcia-Em-Pauta-102292869264820\/","https:\/\/www.instagram.com\/portalnoticiaempauta\/"]},{"@type":"Person","@id":"https:\/\/noticiaempauta.com\/portal\/#\/schema\/person\/a74af43dd1ab3deca45f988c717d57ac","name":"Reda\u00e7\u00e3o","image":{"@type":"ImageObject","inLanguage":"pt-BR","@id":"https:\/\/noticiaempauta.com\/portal\/#\/schema\/person\/image\/","url":"https:\/\/secure.gravatar.com\/avatar\/03179346ecce6cdfc13361603e8f54242a90e5cde8618fa23c5c00aa2b0aadf3?s=96&d=mm&r=g","contentUrl":"https:\/\/secure.gravatar.com\/avatar\/03179346ecce6cdfc13361603e8f54242a90e5cde8618fa23c5c00aa2b0aadf3?s=96&d=mm&r=g","caption":"Reda\u00e7\u00e3o"},"sameAs":["https:\/\/noticiaempauta.com\/portal\/"],"url":"https:\/\/noticiaempauta.com\/portal\/author\/fernando\/"}]}},"_links":{"self":[{"href":"https:\/\/noticiaempauta.com\/portal\/wp-json\/wp\/v2\/posts\/267258","targetHints":{"allow":["GET"]}}],"collection":[{"href":"https:\/\/noticiaempauta.com\/portal\/wp-json\/wp\/v2\/posts"}],"about":[{"href":"https:\/\/noticiaempauta.com\/portal\/wp-json\/wp\/v2\/types\/post"}],"author":[{"embeddable":true,"href":"https:\/\/noticiaempauta.com\/portal\/wp-json\/wp\/v2\/users\/2"}],"replies":[{"embeddable":true,"href":"https:\/\/noticiaempauta.com\/portal\/wp-json\/wp\/v2\/comments?post=267258"}],"version-history":[{"count":1,"href":"https:\/\/noticiaempauta.com\/portal\/wp-json\/wp\/v2\/posts\/267258\/revisions"}],"predecessor-version":[{"id":267259,"href":"https:\/\/noticiaempauta.com\/portal\/wp-json\/wp\/v2\/posts\/267258\/revisions\/267259"}],"wp:featuredmedia":[{"embeddable":true,"href":"https:\/\/noticiaempauta.com\/portal\/wp-json\/wp\/v2\/media\/241500"}],"wp:attachment":[{"href":"https:\/\/noticiaempauta.com\/portal\/wp-json\/wp\/v2\/media?parent=267258"}],"wp:term":[{"taxonomy":"category","embeddable":true,"href":"https:\/\/noticiaempauta.com\/portal\/wp-json\/wp\/v2\/categories?post=267258"},{"taxonomy":"post_tag","embeddable":true,"href":"https:\/\/noticiaempauta.com\/portal\/wp-json\/wp\/v2\/tags?post=267258"}],"curies":[{"name":"wp","href":"https:\/\/api.w.org\/{rel}","templated":true}]}}