{"id":267271,"date":"2025-02-03T08:35:29","date_gmt":"2025-02-03T11:35:29","guid":{"rendered":"https:\/\/noticiaempauta.com\/portal\/?p=267271"},"modified":"2025-02-03T08:35:29","modified_gmt":"2025-02-03T11:35:29","slug":"casal-confessa-envenenamento-de-familia-em-parnaiba-oito-pessoas-mortas-em-menos-de-seis-meses","status":"publish","type":"post","link":"https:\/\/noticiaempauta.com\/portal\/casal-confessa-envenenamento-de-familia-em-parnaiba-oito-pessoas-mortas-em-menos-de-seis-meses\/","title":{"rendered":"Casal confessa envenenamento de fam\u00edlia em Parna\u00edba; oito pessoas mortas em menos de seis meses"},"content":{"rendered":"\n<p>A cidade de Parna\u00edba-PI, foi palco de um dos mais graves casos de envenenamento em s\u00e9rie da hist\u00f3ria recente. Em menos de seis meses, oito pessoas, sendo sete da mesma fam\u00edlia, morreram ap\u00f3s ingerir alimentos contaminados com terbuf\u00f3s, um pesticida de uso agr\u00edcola altamente t\u00f3xico e com venda controlada no Brasil.<\/p>\n\n\n\n<figure class=\"wp-block-image size-full\"><img fetchpriority=\"high\" decoding=\"async\" width=\"790\" height=\"550\" src=\"https:\/\/noticiaempauta.com\/portal\/wp-content\/uploads\/2025\/02\/suspeitosssparnaiba_1.jpg\" alt=\"\" class=\"wp-image-267272\" srcset=\"https:\/\/noticiaempauta.com\/portal\/wp-content\/uploads\/2025\/02\/suspeitosssparnaiba_1.jpg 790w, https:\/\/noticiaempauta.com\/portal\/wp-content\/uploads\/2025\/02\/suspeitosssparnaiba_1-300x209.jpg 300w, https:\/\/noticiaempauta.com\/portal\/wp-content\/uploads\/2025\/02\/suspeitosssparnaiba_1-768x535.jpg 768w\" sizes=\"(max-width: 790px) 100vw, 790px\" \/><figcaption class=\"wp-element-caption\"><em>(Foto: Reprodu\u00e7\u00e3o)<\/em><\/figcaption><\/figure>\n\n\n\n<p>No dia 31 de janeiro, a Pol\u00edcia Civil prendeu Maria dos Aflitos Silva, suspeita de envolvimento direto nos crimes. Seu companheiro, Francisco de Assis Pereira da Costa, j\u00e1 havia sido preso no in\u00edcio do m\u00eas. As investiga\u00e7\u00f5es indicam que ambos participaram do envenenamento de filhos, netos e uma vizinha de Maria dos Aflitos.<\/p>\n\n\n\n<h3 class=\"wp-block-heading\">As primeiras mortes<\/h3>\n\n\n\n<p>O primeiro caso foi registrado em 22 de agosto de 2024, quando Jo\u00e3o Miguel Silva, de 7 anos, e Ulisses Gabriel Silva, de 8, passaram mal ap\u00f3s ingerirem alimentos contaminados. Os meninos eram filhos de Francisca Maria da Silva e netos de Maria dos Aflitos. Eles foram internados em Teresina e morreram semanas depois: Jo\u00e3o Miguel em 12 de setembro e Ulisses Gabriel em 10 de novembro.<\/p>\n\n\n\n<p>A princ\u00edpio, Francisco de Assis afirmou \u00e0s assistentes sociais do Hospital Estadual Dirceu Arcoverde e \u00e0 pol\u00edcia que os meninos haviam consumido cajus supostamente doados por Luc\u00e9lia Maria da Concei\u00e7\u00e3o, vizinha dos fundos da resid\u00eancia. No dia seguinte, 23 de agosto, Maria chegou a registrar um boletim de ocorr\u00eancia contra a vizinha, acusando-a diretamente pelos envenenamentos. Enquanto isso, Francisco de Assis entregou \u00e0 pol\u00edcia uma sacola contendo cajus que supostamente seriam aqueles doados por Luc\u00e9lia.<\/p>\n\n\n\n<p>Al\u00e9m das afirma\u00e7\u00f5es iniciais de que Jo\u00e3o Miguel Silva e Ulisses Gabriel Silva ingeriram cajus supostamente envenenados, todos os outros depoimentos feitos pelo casal Maria dos Aflitos e Francisco de Assis, al\u00e9m de outros familiares, contribu\u00edram para o desvio das investiga\u00e7\u00f5es naquele momento.<\/p>\n\n\n\n<p>Luc\u00e9lia \u00e9 descrita por testemunhas como uma mulher com temperamento explosivo e hist\u00f3rico de desaven\u00e7as com crian\u00e7as da regi\u00e3o. Durante a investiga\u00e7\u00e3o, a pol\u00edcia, cumprindo mandado de busca e apreens\u00e3o, encontrou terbuf\u00f3s na casa de Luc\u00e9lia, subst\u00e2ncia que a vizinha havia negado possuir. Al\u00e9m disso, um gato foi encontrado morto em frente \u00e0 sua resid\u00eancia e a per\u00edcia confirmou que ele tamb\u00e9m havia sido envenenado com terbuf\u00f3s.<\/p>\n\n\n\n<p>Em depoimento, Luc\u00e9lia declarou que o irm\u00e3o a havia ensinado a usar o pesticida nos cajus para matar morcegos, o que refor\u00e7ou as acusa\u00e7\u00f5es de Maria dos Aflitos. Diante dessas evid\u00eancias, Luc\u00e9lia foi presa preventivamente.<\/p>\n\n\n\n<p>No entanto, uma nova sequ\u00eancia de mortes deu novos rumos \u00e0 investiga\u00e7\u00e3o.<\/p>\n\n\n\n<h3 class=\"wp-block-heading\">O almo\u00e7o fatal no Ano Novo<\/h3>\n\n\n\n<p>Em 1\u00ba de janeiro de 2025, nove membros da fam\u00edlia passaram mal ap\u00f3s almo\u00e7ar bai\u00e3o de dois. Cinco morreram nos dias seguintes: Manoel Leandro da Silva, 18 anos; Igno Davi da Silva, 1 ano e 8 meses; Maria Lauane da Silva, 3 anos; Francisca Maria da Silva, 32 anos; Maria Gabriela da Silva, 4 anos.<\/p>\n\n\n\n<p>Neste caso, tanto Maria dos Aflitos quanto Francisco de Assis apontaram que o alimento envenenado seriam manjubas (peixes) doadas por terceiros, na tentativa de fazer com que a suspeita de uma poss\u00edvel intoxica\u00e7\u00e3o alimentar reca\u00edsse sobre outra pessoa. No entanto, exames toxicol\u00f3gicos comprovaram que o alimento envenenado foi, na verdade, um bai\u00e3o de dois preparado no dia 31 de dezembro de 2024.<\/p>\n\n\n\n<p>As investiga\u00e7\u00f5es mostraram que o alimento foi contaminado na madrugada do primeiro dia do ano de 2025, ap\u00f3s a festa de R\u00e9veillon, ocasi\u00e3o em que apenas Maria dos Aflitos e Francisco de Assis estavam acordados. O alimento foi requentado no dia seguinte, por ordem de Francisco, e servido \u00e0 fam\u00edlia.<\/p>\n\n\n\n<p>A per\u00edcia demonstrou que o veneno foi introduzido na panela onde o arroz foi originalmente preparado e armazenado, refor\u00e7ando a hip\u00f3tese de crime premeditado. Maria dos Aflitos foi a \u00fanica que declarou que n\u00e3o comeu nenhum alimento no hor\u00e1rio da refei\u00e7\u00e3o. Francisco de Assis mudou de vers\u00e3o sobre o consumo do alimento todas as vezes em que foi questionado pelos investigadores, vindo a apresentar sintomas apenas quase quatro horas ap\u00f3s o ocorrido, o que, segundo a per\u00edcia, pode caracterizar uma contamina\u00e7\u00e3o d\u00e9rmica, pelo manuseio da subst\u00e2ncia, e n\u00e3o por ingest\u00e3o.<\/p>\n\n\n\n<h3 class=\"wp-block-heading\">A \u00faltima v\u00edtima<\/h3>\n\n\n\n<p>Em 22 de janeiro, mais uma morte chamou a aten\u00e7\u00e3o dos investigadores. Maria Jocilene da Silva, de 41 anos, vizinha de Maria dos Aflitos, morreu ap\u00f3s ingerir caf\u00e9 na casa da suspeita. Segundo as investiga\u00e7\u00f5es, as duas mulheres possu\u00edam um envolvimento amoroso de longa data, antes mesmo da chegada de Francisco de Assis \u00e0 fam\u00edlia.<\/p>\n\n\n\n<p>Jocilene havia sido hospitalizada ap\u00f3s o epis\u00f3dio do R\u00e9veillon e recebeu alta. Ela foi a \u00fanica que permaneceu cuidando de Jo\u00e3o Miguel e Ulisses Gabriel no hospital e chegou a perder o emprego por isso. Al\u00e9m disso, havia denunciado a falta de assist\u00eancia de Maria dos Aflitos \u00e0s crian\u00e7as.<\/p>\n\n\n\n<p>Para tentar despistar a pol\u00edcia, Maria dos Aflitos afirmou, no momento da chegada dos agentes, que Jocilene teria sofrido um infarto, justificando que a v\u00edtima j\u00e1 teria tido um epis\u00f3dio similar anos atr\u00e1s, em Bras\u00edlia. O depoimento, registrado em \u00e1udio, refor\u00e7a a linha investigativa de que a idosa tentou confundir as autoridades e encobrir mais um envenenamento dentro da pr\u00f3pria casa.<\/p>\n\n\n\n<p>A per\u00edcia recolheu a ta\u00e7a de vidro utilizada por Jocilene e encontrou tra\u00e7os de terbuf\u00f3s. Maria afirmou aos policiais que, enquanto os demais usaram copos pl\u00e1sticos, a vizinha preferia uma ta\u00e7a de vidro \u2014 a \u00fanica lavada antes da chegada da pol\u00edcia.<\/p>\n\n\n\n<p>Com a morte de Jocilene, as suspeitas contra Maria dos Aflitos se fortaleceram.<\/p>\n\n\n\n<h3 class=\"wp-block-heading\">Confiss\u00e3o e motiva\u00e7\u00e3o do crime<\/h3>\n\n\n\n<p>Ap\u00f3s sua pris\u00e3o em 31 de janeiro de 2025, Maria dos Aflitos confessou o assassinato de Jocilene. No depoimento, revelou que a envenenou acreditando que isso ajudaria a libertar Francisco de Assis, assim como aconteceu com Luc\u00e9lia. \u201cO que houve \u00e9 que eu tava cega de amor pelo Assis, e pra ter ele de volta, poderia acontecer o mesmo caso\u201d, afirmou a suspeita. \u201cGosto muito dele, ainda gosto\u201d, completou.<\/p>\n\n\n\n<p>Maria afirmou que os primeiros envenenamentos foram cometidos por Francisco, que desprezava seus filhos e netos. Disse que desconfiou dele, mas que estava \u201ccega de amor\u201d. Ainda segundo ela, seu companheiro premeditou a hist\u00f3ria dos cajus para envenenar as crian\u00e7as e acusar Luc\u00e9lia. Maria confirmou que as duas primeiras crian\u00e7as mortas teriam sido envenenadas atrav\u00e9s de um suco, do tipo refresco, e que Francisco adicionou veneno ao arroz durante a madrugada, enquanto ela dormia.<\/p>\n\n\n\n<p>Sobre a morte de Jocilene, Maria contou que encontrou o veneno atr\u00e1s do fog\u00e3o e colocou todo o conte\u00fado no caf\u00e9 que ela mesma serviu \u00e0 v\u00edtima, pois havia pouca quantidade. Em seguida, ela descartou a embalagem no lixo, que foi recolhido pela coleta de lixo antes da chegada da per\u00edcia. Jocilene, sem perceber, bebeu o caf\u00e9 em uma ta\u00e7a e depois usou o mesmo recipiente para tomar \u00e1gua. Cerca de 30 minutos ap\u00f3s ingerir o veneno come\u00e7ou a passar mal, ainda na resid\u00eancia.<\/p>\n\n\n\n<h3 class=\"wp-block-heading\">\u00d3dio como motiva\u00e7\u00e3o<\/h3>\n\n\n\n<p>As investiga\u00e7\u00f5es indicaram que Francisco de Assis tinha profundo desprezo pelos filhos e netos de Maria. Ele controlava os alimentos da casa, armazenando-os em um ba\u00fa trancado, cuja chave ele carregava pendurada no pesco\u00e7o, levando a epis\u00f3dios de fome na resid\u00eancia.<\/p>\n\n\n\n<p>Durante buscas, a pol\u00edcia encontrou documentos que refor\u00e7am sua obsess\u00e3o por ideais nazistas. A dimens\u00e3o da crueldade de Francisco se aprofundou com a an\u00e1lise de livros encontrados no ba\u00fa e em uma segunda casa que somente ele tinha acesso. Entre as obras, uma chamou a aten\u00e7\u00e3o dos investigadores: M\u00e9dicos Malditos, que detalha pr\u00e1ticas da SS nazista. Trechos estavam grifados, incluindo uma anota\u00e7\u00e3o sobre o uso de subst\u00e2ncias para matar pessoas: \u201cmas para despistar as futuras v\u00edtimas, o produto deveria ser eficaz e sem gosto\u201d, descri\u00e7\u00e3o que coincide com as propriedades do terbuf\u00f3s.<\/p>\n\n\n\n<p>Segundo o delegado Abimael Silva, que conduziu as investiga\u00e7\u00f5es, Francisco de Assis e Maria dos Aflitos foram os \u00fanicos durante toda a investiga\u00e7\u00e3o que mentiram e omitiram diversos pontos chaves, al\u00e9m de mudarem vers\u00f5es de fatos relevantes para a investiga\u00e7\u00e3o por diversas vezes, sempre com a finalidade de afastar quaisquer suspeitas sobre o casal e incriminar terceiros. \u201cA investiga\u00e7\u00e3o revelou que o modus operandi utilizado nos dois primeiros crimes foi id\u00eantico: a utiliza\u00e7\u00e3o de veneno, a oportunidade e a justificativa. Divergindo do terceiro, praticado apenas por Maria dos Aflitos\u201d, explica o delegado.<\/p>\n\n\n\n<p>No primeiro caso, Assis e Maria viram a oportunidade de iniciar a empreitada criminosa quando os meninos chegaram em casa com uma sacola de cajus, e utilizaram isso como \u00e1libi para o mal estar das crian\u00e7as, induzindo a pol\u00edcia em erro ao indicar os cajus como alimentos envenenados, omitindo o consumo de outros alimentos pelos meninos.<\/p>\n\n\n\n<p>No segundo caso, a oportunidade de concluir o plano criminoso surgiu com o recebimento por Assis de peixes (manjubas) doados por terceiros. Ele utilizou os peixes como \u00e1libi para o mal estar das pessoas, induzindo a pol\u00edcia em erro ao indicar a doa\u00e7\u00e3o como alimento envenenado. Assis chegou a ir junto com a Pol\u00edcia Militar fazer dilig\u00eancias \u00e0 procura do doador de peixes ainda no dia do crime. No entanto, a fam\u00edlia consumiu tr\u00eas alimentos no almo\u00e7o: feij\u00e3o tropeiro, arroz e manjuba.<\/p>\n\n\n\n<p>\u201cPercebe-se um meticuloso plano e espera inteligente para a pr\u00e1tica dos dois primeiros crimes, sendo o intervalo entre os dois crimes mais de 4 meses. Isso revela uma prepara\u00e7\u00e3o meticulosa e paciente na execu\u00e7\u00e3o\u201d, comenta o delegado Abimael.<\/p>\n\n\n\n<p>O mesmo n\u00e3o ocorreu no terceiro crime, o qual revelou impulsividade, falta de aten\u00e7\u00e3o em detalhes e diferen\u00e7as no modus operandi, demonstrando falta de planejamento. A conclus\u00e3o dos investigadores foi que Maria dos Aflitos agora estava sozinha na pr\u00e1tica do crime. \u201cA \u2018assinatura\u2019 dos dois primeiros crimes n\u00e3o estava mais no terceiro, pois a justificativa foi outra, um infarto, o tempo entre os crimes foi curto, revelando impulsividade e a execu\u00e7\u00e3o foi mal planejada. Isso tudo, aliado \u00e0 r\u00e1pida atua\u00e7\u00e3o da Pol\u00edcia Civil, permitiu a imediata conclus\u00e3o da autoria deste terceiro crime\u201d, explica o delegado.<\/p>\n\n\n\n<p>De acordo com os investigadores, Assis possui intelig\u00eancia percept\u00edvel, por outro lado Maria dos Aflitos tem baixa escolaridade (analfabeta), n\u00e3o sabe a pr\u00f3pria data de nascimento e, conforme disse Assis, \u201c\u00e9 pregui\u00e7osa\u201d. \u201cFica claro que os dois primeiros crimes foram executados e planejados de forma meticulosa e paciente, o que se encaixa no perfil de Assis, sendo o \u00faltimo praticado de forma diversa, sem aten\u00e7\u00e3o nos detalhes\u201d, concluiu o delegado.<\/p>\n\n\n\n<p>Com a pris\u00e3o de Maria dos Aflitos e Francisco de Assis, a Pol\u00edcia Civil concluiu que os envenenamentos foram premeditados e executados de forma meticulosa. Os dois responder\u00e3o pelas mortes de oito pessoas, um dos casos mais chocantes j\u00e1 registrados no Estado.<\/p>\n\n\n\n<p>Fonte: TeresinaFM<\/p>\n","protected":false},"excerpt":{"rendered":"<p>A cidade de Parna\u00edba-PI, foi palco de um dos mais graves casos de envenenamento em s\u00e9rie da hist\u00f3ria recente. Em menos de seis meses, oito pessoas, sendo sete da mesma fam\u00edlia, morreram ap\u00f3s ingerir alimentos contaminados com terbuf\u00f3s, um pesticida de uso agr\u00edcola altamente t\u00f3xico e com venda controlada no Brasil. No dia 31 de [&hellip;]<\/p>\n","protected":false},"author":2,"featured_media":267272,"comment_status":"open","ping_status":"open","sticky":false,"template":"","format":"standard","meta":{"_mi_skip_tracking":false,"footnotes":""},"categories":[25,1,16],"tags":[192],"class_list":["post-267271","post","type-post","status-publish","format-standard","has-post-thumbnail","hentry","category-destaques-site","category-geral","category-todas","tag-destaqueprincipal"],"acf":[],"yoast_head":"<!-- This site is optimized with the Yoast SEO Premium plugin v19.2 (Yoast SEO v26.9) - https:\/\/yoast.com\/product\/yoast-seo-premium-wordpress\/ -->\n<title>Casal confessa envenenamento de fam\u00edlia em Parna\u00edba; oito pessoas mortas em menos de seis meses - Portal Not\u00edcia em Pauta<\/title>\n<meta name=\"robots\" content=\"index, follow, max-snippet:-1, max-image-preview:large, max-video-preview:-1\" \/>\n<link rel=\"canonical\" href=\"https:\/\/noticiaempauta.com\/portal\/casal-confessa-envenenamento-de-familia-em-parnaiba-oito-pessoas-mortas-em-menos-de-seis-meses\/\" \/>\n<meta property=\"og:locale\" content=\"pt_BR\" \/>\n<meta property=\"og:type\" content=\"article\" \/>\n<meta property=\"og:title\" content=\"Casal confessa envenenamento de fam\u00edlia em Parna\u00edba; oito pessoas mortas em menos de seis meses\" \/>\n<meta property=\"og:description\" content=\"A cidade de Parna\u00edba-PI, foi palco de um dos mais graves casos de envenenamento em s\u00e9rie da hist\u00f3ria recente. Em menos de seis meses, oito pessoas, sendo sete da mesma fam\u00edlia, morreram ap\u00f3s ingerir alimentos contaminados com terbuf\u00f3s, um pesticida de uso agr\u00edcola altamente t\u00f3xico e com venda controlada no Brasil. No dia 31 de [&hellip;]\" \/>\n<meta property=\"og:url\" content=\"https:\/\/noticiaempauta.com\/portal\/casal-confessa-envenenamento-de-familia-em-parnaiba-oito-pessoas-mortas-em-menos-de-seis-meses\/\" \/>\n<meta property=\"og:site_name\" content=\"Portal Not\u00edcia em Pauta\" \/>\n<meta property=\"article:publisher\" content=\"https:\/\/www.facebook.com\/Portal-Notcia-Em-Pauta-102292869264820\/\" \/>\n<meta property=\"article:published_time\" content=\"2025-02-03T11:35:29+00:00\" \/>\n<meta property=\"og:image\" content=\"https:\/\/noticiaempauta.com\/portal\/wp-content\/uploads\/2025\/02\/suspeitosssparnaiba_1.jpg\" \/>\n\t<meta property=\"og:image:width\" content=\"790\" \/>\n\t<meta property=\"og:image:height\" content=\"550\" \/>\n\t<meta property=\"og:image:type\" content=\"image\/jpeg\" \/>\n<meta name=\"author\" content=\"Reda\u00e7\u00e3o\" \/>\n<meta name=\"twitter:card\" content=\"summary_large_image\" \/>\n<meta name=\"twitter:label1\" content=\"Escrito por\" \/>\n\t<meta name=\"twitter:data1\" content=\"Reda\u00e7\u00e3o\" \/>\n\t<meta name=\"twitter:label2\" content=\"Est. tempo de leitura\" \/>\n\t<meta name=\"twitter:data2\" content=\"11 minutos\" \/>\n<script type=\"application\/ld+json\" class=\"yoast-schema-graph\">{\"@context\":\"https:\/\/schema.org\",\"@graph\":[{\"@type\":\"Article\",\"@id\":\"https:\/\/noticiaempauta.com\/portal\/casal-confessa-envenenamento-de-familia-em-parnaiba-oito-pessoas-mortas-em-menos-de-seis-meses\/#article\",\"isPartOf\":{\"@id\":\"https:\/\/noticiaempauta.com\/portal\/casal-confessa-envenenamento-de-familia-em-parnaiba-oito-pessoas-mortas-em-menos-de-seis-meses\/\"},\"author\":{\"name\":\"Reda\u00e7\u00e3o\",\"@id\":\"https:\/\/noticiaempauta.com\/portal\/#\/schema\/person\/a74af43dd1ab3deca45f988c717d57ac\"},\"headline\":\"Casal confessa envenenamento de fam\u00edlia em Parna\u00edba; oito pessoas mortas em menos de seis meses\",\"datePublished\":\"2025-02-03T11:35:29+00:00\",\"mainEntityOfPage\":{\"@id\":\"https:\/\/noticiaempauta.com\/portal\/casal-confessa-envenenamento-de-familia-em-parnaiba-oito-pessoas-mortas-em-menos-de-seis-meses\/\"},\"wordCount\":1906,\"commentCount\":0,\"publisher\":{\"@id\":\"https:\/\/noticiaempauta.com\/portal\/#organization\"},\"image\":{\"@id\":\"https:\/\/noticiaempauta.com\/portal\/casal-confessa-envenenamento-de-familia-em-parnaiba-oito-pessoas-mortas-em-menos-de-seis-meses\/#primaryimage\"},\"thumbnailUrl\":\"https:\/\/noticiaempauta.com\/portal\/wp-content\/uploads\/2025\/02\/suspeitosssparnaiba_1.jpg\",\"keywords\":[\"destaqueprincipal\"],\"articleSection\":[\"Destaques\",\"Geral\",\"Todas as Not\u00edcias\"],\"inLanguage\":\"pt-BR\",\"potentialAction\":[{\"@type\":\"CommentAction\",\"name\":\"Comment\",\"target\":[\"https:\/\/noticiaempauta.com\/portal\/casal-confessa-envenenamento-de-familia-em-parnaiba-oito-pessoas-mortas-em-menos-de-seis-meses\/#respond\"]}]},{\"@type\":\"WebPage\",\"@id\":\"https:\/\/noticiaempauta.com\/portal\/casal-confessa-envenenamento-de-familia-em-parnaiba-oito-pessoas-mortas-em-menos-de-seis-meses\/\",\"url\":\"https:\/\/noticiaempauta.com\/portal\/casal-confessa-envenenamento-de-familia-em-parnaiba-oito-pessoas-mortas-em-menos-de-seis-meses\/\",\"name\":\"Casal confessa envenenamento de fam\u00edlia em Parna\u00edba; oito pessoas mortas em menos de seis meses - Portal Not\u00edcia em Pauta\",\"isPartOf\":{\"@id\":\"https:\/\/noticiaempauta.com\/portal\/#website\"},\"primaryImageOfPage\":{\"@id\":\"https:\/\/noticiaempauta.com\/portal\/casal-confessa-envenenamento-de-familia-em-parnaiba-oito-pessoas-mortas-em-menos-de-seis-meses\/#primaryimage\"},\"image\":{\"@id\":\"https:\/\/noticiaempauta.com\/portal\/casal-confessa-envenenamento-de-familia-em-parnaiba-oito-pessoas-mortas-em-menos-de-seis-meses\/#primaryimage\"},\"thumbnailUrl\":\"https:\/\/noticiaempauta.com\/portal\/wp-content\/uploads\/2025\/02\/suspeitosssparnaiba_1.jpg\",\"datePublished\":\"2025-02-03T11:35:29+00:00\",\"breadcrumb\":{\"@id\":\"https:\/\/noticiaempauta.com\/portal\/casal-confessa-envenenamento-de-familia-em-parnaiba-oito-pessoas-mortas-em-menos-de-seis-meses\/#breadcrumb\"},\"inLanguage\":\"pt-BR\",\"potentialAction\":[{\"@type\":\"ReadAction\",\"target\":[\"https:\/\/noticiaempauta.com\/portal\/casal-confessa-envenenamento-de-familia-em-parnaiba-oito-pessoas-mortas-em-menos-de-seis-meses\/\"]}]},{\"@type\":\"ImageObject\",\"inLanguage\":\"pt-BR\",\"@id\":\"https:\/\/noticiaempauta.com\/portal\/casal-confessa-envenenamento-de-familia-em-parnaiba-oito-pessoas-mortas-em-menos-de-seis-meses\/#primaryimage\",\"url\":\"https:\/\/noticiaempauta.com\/portal\/wp-content\/uploads\/2025\/02\/suspeitosssparnaiba_1.jpg\",\"contentUrl\":\"https:\/\/noticiaempauta.com\/portal\/wp-content\/uploads\/2025\/02\/suspeitosssparnaiba_1.jpg\",\"width\":790,\"height\":550},{\"@type\":\"BreadcrumbList\",\"@id\":\"https:\/\/noticiaempauta.com\/portal\/casal-confessa-envenenamento-de-familia-em-parnaiba-oito-pessoas-mortas-em-menos-de-seis-meses\/#breadcrumb\",\"itemListElement\":[{\"@type\":\"ListItem\",\"position\":1,\"name\":\"P\u00e1gina Inicial\",\"item\":\"https:\/\/noticiaempauta.com\/portal\/\"},{\"@type\":\"ListItem\",\"position\":2,\"name\":\"Destaques\",\"item\":\"https:\/\/noticiaempauta.com\/portal\/destaques-site\/\"},{\"@type\":\"ListItem\",\"position\":3,\"name\":\"Casal confessa envenenamento de fam\u00edlia em Parna\u00edba; oito pessoas mortas em menos de seis meses\"}]},{\"@type\":\"WebSite\",\"@id\":\"https:\/\/noticiaempauta.com\/portal\/#website\",\"url\":\"https:\/\/noticiaempauta.com\/portal\/\",\"name\":\"Portal Not\u00edcia em Pauta\",\"description\":\"Voc\u00ea bem informado\",\"publisher\":{\"@id\":\"https:\/\/noticiaempauta.com\/portal\/#organization\"},\"potentialAction\":[{\"@type\":\"SearchAction\",\"target\":{\"@type\":\"EntryPoint\",\"urlTemplate\":\"https:\/\/noticiaempauta.com\/portal\/?s={search_term_string}\"},\"query-input\":{\"@type\":\"PropertyValueSpecification\",\"valueRequired\":true,\"valueName\":\"search_term_string\"}}],\"inLanguage\":\"pt-BR\"},{\"@type\":\"Organization\",\"@id\":\"https:\/\/noticiaempauta.com\/portal\/#organization\",\"name\":\"Portal Not\u00edcia em Pauta\",\"url\":\"https:\/\/noticiaempauta.com\/portal\/\",\"logo\":{\"@type\":\"ImageObject\",\"inLanguage\":\"pt-BR\",\"@id\":\"https:\/\/noticiaempauta.com\/portal\/#\/schema\/logo\/image\/\",\"url\":\"https:\/\/noticiaempauta.com\/portal\/wp-content\/uploads\/2022\/08\/logomarca_tema.fw_.png\",\"contentUrl\":\"https:\/\/noticiaempauta.com\/portal\/wp-content\/uploads\/2022\/08\/logomarca_tema.fw_.png\",\"width\":400,\"height\":232,\"caption\":\"Portal Not\u00edcia em Pauta\"},\"image\":{\"@id\":\"https:\/\/noticiaempauta.com\/portal\/#\/schema\/logo\/image\/\"},\"sameAs\":[\"https:\/\/www.facebook.com\/Portal-Notcia-Em-Pauta-102292869264820\/\",\"https:\/\/www.instagram.com\/portalnoticiaempauta\/\"]},{\"@type\":\"Person\",\"@id\":\"https:\/\/noticiaempauta.com\/portal\/#\/schema\/person\/a74af43dd1ab3deca45f988c717d57ac\",\"name\":\"Reda\u00e7\u00e3o\",\"image\":{\"@type\":\"ImageObject\",\"inLanguage\":\"pt-BR\",\"@id\":\"https:\/\/noticiaempauta.com\/portal\/#\/schema\/person\/image\/\",\"url\":\"https:\/\/secure.gravatar.com\/avatar\/03179346ecce6cdfc13361603e8f54242a90e5cde8618fa23c5c00aa2b0aadf3?s=96&d=mm&r=g\",\"contentUrl\":\"https:\/\/secure.gravatar.com\/avatar\/03179346ecce6cdfc13361603e8f54242a90e5cde8618fa23c5c00aa2b0aadf3?s=96&d=mm&r=g\",\"caption\":\"Reda\u00e7\u00e3o\"},\"sameAs\":[\"https:\/\/noticiaempauta.com\/portal\/\"],\"url\":\"https:\/\/noticiaempauta.com\/portal\/author\/fernando\/\"}]}<\/script>\n<!-- \/ Yoast SEO Premium plugin. -->","yoast_head_json":{"title":"Casal confessa envenenamento de fam\u00edlia em Parna\u00edba; oito pessoas mortas em menos de seis meses - Portal Not\u00edcia em Pauta","robots":{"index":"index","follow":"follow","max-snippet":"max-snippet:-1","max-image-preview":"max-image-preview:large","max-video-preview":"max-video-preview:-1"},"canonical":"https:\/\/noticiaempauta.com\/portal\/casal-confessa-envenenamento-de-familia-em-parnaiba-oito-pessoas-mortas-em-menos-de-seis-meses\/","og_locale":"pt_BR","og_type":"article","og_title":"Casal confessa envenenamento de fam\u00edlia em Parna\u00edba; oito pessoas mortas em menos de seis meses","og_description":"A cidade de Parna\u00edba-PI, foi palco de um dos mais graves casos de envenenamento em s\u00e9rie da hist\u00f3ria recente. Em menos de seis meses, oito pessoas, sendo sete da mesma fam\u00edlia, morreram ap\u00f3s ingerir alimentos contaminados com terbuf\u00f3s, um pesticida de uso agr\u00edcola altamente t\u00f3xico e com venda controlada no Brasil. No dia 31 de [&hellip;]","og_url":"https:\/\/noticiaempauta.com\/portal\/casal-confessa-envenenamento-de-familia-em-parnaiba-oito-pessoas-mortas-em-menos-de-seis-meses\/","og_site_name":"Portal Not\u00edcia em Pauta","article_publisher":"https:\/\/www.facebook.com\/Portal-Notcia-Em-Pauta-102292869264820\/","article_published_time":"2025-02-03T11:35:29+00:00","og_image":[{"width":790,"height":550,"url":"https:\/\/noticiaempauta.com\/portal\/wp-content\/uploads\/2025\/02\/suspeitosssparnaiba_1.jpg","type":"image\/jpeg"}],"author":"Reda\u00e7\u00e3o","twitter_card":"summary_large_image","twitter_misc":{"Escrito por":"Reda\u00e7\u00e3o","Est. tempo de leitura":"11 minutos"},"schema":{"@context":"https:\/\/schema.org","@graph":[{"@type":"Article","@id":"https:\/\/noticiaempauta.com\/portal\/casal-confessa-envenenamento-de-familia-em-parnaiba-oito-pessoas-mortas-em-menos-de-seis-meses\/#article","isPartOf":{"@id":"https:\/\/noticiaempauta.com\/portal\/casal-confessa-envenenamento-de-familia-em-parnaiba-oito-pessoas-mortas-em-menos-de-seis-meses\/"},"author":{"name":"Reda\u00e7\u00e3o","@id":"https:\/\/noticiaempauta.com\/portal\/#\/schema\/person\/a74af43dd1ab3deca45f988c717d57ac"},"headline":"Casal confessa envenenamento de fam\u00edlia em Parna\u00edba; oito pessoas mortas em menos de seis meses","datePublished":"2025-02-03T11:35:29+00:00","mainEntityOfPage":{"@id":"https:\/\/noticiaempauta.com\/portal\/casal-confessa-envenenamento-de-familia-em-parnaiba-oito-pessoas-mortas-em-menos-de-seis-meses\/"},"wordCount":1906,"commentCount":0,"publisher":{"@id":"https:\/\/noticiaempauta.com\/portal\/#organization"},"image":{"@id":"https:\/\/noticiaempauta.com\/portal\/casal-confessa-envenenamento-de-familia-em-parnaiba-oito-pessoas-mortas-em-menos-de-seis-meses\/#primaryimage"},"thumbnailUrl":"https:\/\/noticiaempauta.com\/portal\/wp-content\/uploads\/2025\/02\/suspeitosssparnaiba_1.jpg","keywords":["destaqueprincipal"],"articleSection":["Destaques","Geral","Todas as Not\u00edcias"],"inLanguage":"pt-BR","potentialAction":[{"@type":"CommentAction","name":"Comment","target":["https:\/\/noticiaempauta.com\/portal\/casal-confessa-envenenamento-de-familia-em-parnaiba-oito-pessoas-mortas-em-menos-de-seis-meses\/#respond"]}]},{"@type":"WebPage","@id":"https:\/\/noticiaempauta.com\/portal\/casal-confessa-envenenamento-de-familia-em-parnaiba-oito-pessoas-mortas-em-menos-de-seis-meses\/","url":"https:\/\/noticiaempauta.com\/portal\/casal-confessa-envenenamento-de-familia-em-parnaiba-oito-pessoas-mortas-em-menos-de-seis-meses\/","name":"Casal confessa envenenamento de fam\u00edlia em Parna\u00edba; oito pessoas mortas em menos de seis meses - Portal Not\u00edcia em Pauta","isPartOf":{"@id":"https:\/\/noticiaempauta.com\/portal\/#website"},"primaryImageOfPage":{"@id":"https:\/\/noticiaempauta.com\/portal\/casal-confessa-envenenamento-de-familia-em-parnaiba-oito-pessoas-mortas-em-menos-de-seis-meses\/#primaryimage"},"image":{"@id":"https:\/\/noticiaempauta.com\/portal\/casal-confessa-envenenamento-de-familia-em-parnaiba-oito-pessoas-mortas-em-menos-de-seis-meses\/#primaryimage"},"thumbnailUrl":"https:\/\/noticiaempauta.com\/portal\/wp-content\/uploads\/2025\/02\/suspeitosssparnaiba_1.jpg","datePublished":"2025-02-03T11:35:29+00:00","breadcrumb":{"@id":"https:\/\/noticiaempauta.com\/portal\/casal-confessa-envenenamento-de-familia-em-parnaiba-oito-pessoas-mortas-em-menos-de-seis-meses\/#breadcrumb"},"inLanguage":"pt-BR","potentialAction":[{"@type":"ReadAction","target":["https:\/\/noticiaempauta.com\/portal\/casal-confessa-envenenamento-de-familia-em-parnaiba-oito-pessoas-mortas-em-menos-de-seis-meses\/"]}]},{"@type":"ImageObject","inLanguage":"pt-BR","@id":"https:\/\/noticiaempauta.com\/portal\/casal-confessa-envenenamento-de-familia-em-parnaiba-oito-pessoas-mortas-em-menos-de-seis-meses\/#primaryimage","url":"https:\/\/noticiaempauta.com\/portal\/wp-content\/uploads\/2025\/02\/suspeitosssparnaiba_1.jpg","contentUrl":"https:\/\/noticiaempauta.com\/portal\/wp-content\/uploads\/2025\/02\/suspeitosssparnaiba_1.jpg","width":790,"height":550},{"@type":"BreadcrumbList","@id":"https:\/\/noticiaempauta.com\/portal\/casal-confessa-envenenamento-de-familia-em-parnaiba-oito-pessoas-mortas-em-menos-de-seis-meses\/#breadcrumb","itemListElement":[{"@type":"ListItem","position":1,"name":"P\u00e1gina Inicial","item":"https:\/\/noticiaempauta.com\/portal\/"},{"@type":"ListItem","position":2,"name":"Destaques","item":"https:\/\/noticiaempauta.com\/portal\/destaques-site\/"},{"@type":"ListItem","position":3,"name":"Casal confessa envenenamento de fam\u00edlia em Parna\u00edba; oito pessoas mortas em menos de seis meses"}]},{"@type":"WebSite","@id":"https:\/\/noticiaempauta.com\/portal\/#website","url":"https:\/\/noticiaempauta.com\/portal\/","name":"Portal Not\u00edcia em Pauta","description":"Voc\u00ea bem informado","publisher":{"@id":"https:\/\/noticiaempauta.com\/portal\/#organization"},"potentialAction":[{"@type":"SearchAction","target":{"@type":"EntryPoint","urlTemplate":"https:\/\/noticiaempauta.com\/portal\/?s={search_term_string}"},"query-input":{"@type":"PropertyValueSpecification","valueRequired":true,"valueName":"search_term_string"}}],"inLanguage":"pt-BR"},{"@type":"Organization","@id":"https:\/\/noticiaempauta.com\/portal\/#organization","name":"Portal Not\u00edcia em Pauta","url":"https:\/\/noticiaempauta.com\/portal\/","logo":{"@type":"ImageObject","inLanguage":"pt-BR","@id":"https:\/\/noticiaempauta.com\/portal\/#\/schema\/logo\/image\/","url":"https:\/\/noticiaempauta.com\/portal\/wp-content\/uploads\/2022\/08\/logomarca_tema.fw_.png","contentUrl":"https:\/\/noticiaempauta.com\/portal\/wp-content\/uploads\/2022\/08\/logomarca_tema.fw_.png","width":400,"height":232,"caption":"Portal Not\u00edcia em Pauta"},"image":{"@id":"https:\/\/noticiaempauta.com\/portal\/#\/schema\/logo\/image\/"},"sameAs":["https:\/\/www.facebook.com\/Portal-Notcia-Em-Pauta-102292869264820\/","https:\/\/www.instagram.com\/portalnoticiaempauta\/"]},{"@type":"Person","@id":"https:\/\/noticiaempauta.com\/portal\/#\/schema\/person\/a74af43dd1ab3deca45f988c717d57ac","name":"Reda\u00e7\u00e3o","image":{"@type":"ImageObject","inLanguage":"pt-BR","@id":"https:\/\/noticiaempauta.com\/portal\/#\/schema\/person\/image\/","url":"https:\/\/secure.gravatar.com\/avatar\/03179346ecce6cdfc13361603e8f54242a90e5cde8618fa23c5c00aa2b0aadf3?s=96&d=mm&r=g","contentUrl":"https:\/\/secure.gravatar.com\/avatar\/03179346ecce6cdfc13361603e8f54242a90e5cde8618fa23c5c00aa2b0aadf3?s=96&d=mm&r=g","caption":"Reda\u00e7\u00e3o"},"sameAs":["https:\/\/noticiaempauta.com\/portal\/"],"url":"https:\/\/noticiaempauta.com\/portal\/author\/fernando\/"}]}},"_links":{"self":[{"href":"https:\/\/noticiaempauta.com\/portal\/wp-json\/wp\/v2\/posts\/267271","targetHints":{"allow":["GET"]}}],"collection":[{"href":"https:\/\/noticiaempauta.com\/portal\/wp-json\/wp\/v2\/posts"}],"about":[{"href":"https:\/\/noticiaempauta.com\/portal\/wp-json\/wp\/v2\/types\/post"}],"author":[{"embeddable":true,"href":"https:\/\/noticiaempauta.com\/portal\/wp-json\/wp\/v2\/users\/2"}],"replies":[{"embeddable":true,"href":"https:\/\/noticiaempauta.com\/portal\/wp-json\/wp\/v2\/comments?post=267271"}],"version-history":[{"count":2,"href":"https:\/\/noticiaempauta.com\/portal\/wp-json\/wp\/v2\/posts\/267271\/revisions"}],"predecessor-version":[{"id":267274,"href":"https:\/\/noticiaempauta.com\/portal\/wp-json\/wp\/v2\/posts\/267271\/revisions\/267274"}],"wp:featuredmedia":[{"embeddable":true,"href":"https:\/\/noticiaempauta.com\/portal\/wp-json\/wp\/v2\/media\/267272"}],"wp:attachment":[{"href":"https:\/\/noticiaempauta.com\/portal\/wp-json\/wp\/v2\/media?parent=267271"}],"wp:term":[{"taxonomy":"category","embeddable":true,"href":"https:\/\/noticiaempauta.com\/portal\/wp-json\/wp\/v2\/categories?post=267271"},{"taxonomy":"post_tag","embeddable":true,"href":"https:\/\/noticiaempauta.com\/portal\/wp-json\/wp\/v2\/tags?post=267271"}],"curies":[{"name":"wp","href":"https:\/\/api.w.org\/{rel}","templated":true}]}}