{"id":267320,"date":"2025-02-04T11:16:55","date_gmt":"2025-02-04T14:16:55","guid":{"rendered":"https:\/\/noticiaempauta.com\/portal\/?p=267320"},"modified":"2025-02-04T11:17:20","modified_gmt":"2025-02-04T14:17:20","slug":"prefeitura-de-picos-retoma-o-recadastramento-dos-servidores-efetivos-da-secretaria-de-educacao","status":"publish","type":"post","link":"https:\/\/noticiaempauta.com\/portal\/prefeitura-de-picos-retoma-o-recadastramento-dos-servidores-efetivos-da-secretaria-de-educacao\/","title":{"rendered":"Prefeitura de Picos retoma o recadastramento dos servidores efetivos da Secretaria de Educa\u00e7\u00e3o"},"content":{"rendered":"\n<p>Depois de uma suspens\u00e3o tempor\u00e1ria, por conta dos transtornos causados pelas fortes chuvas no m\u00eas de janeiro, a Prefeitura de Picos, atrav\u00e9s da Secretaria Municipal de Administra\u00e7\u00e3o, retomou nesta ter\u00e7a-feira (04), o recadastramento dos servidores efetivos da SEME (Secretaria Municipal de Educa\u00e7\u00e3o).<\/p>\n\n\n\n<figure class=\"wp-block-image size-full\"><img fetchpriority=\"high\" decoding=\"async\" width=\"640\" height=\"430\" src=\"https:\/\/noticiaempauta.com\/portal\/wp-content\/uploads\/2025\/02\/df40361f-901c-4669-a259-4898b2ff71a6.jpg\" alt=\"\" class=\"wp-image-267327\" srcset=\"https:\/\/noticiaempauta.com\/portal\/wp-content\/uploads\/2025\/02\/df40361f-901c-4669-a259-4898b2ff71a6.jpg 640w, https:\/\/noticiaempauta.com\/portal\/wp-content\/uploads\/2025\/02\/df40361f-901c-4669-a259-4898b2ff71a6-300x202.jpg 300w\" sizes=\"(max-width: 640px) 100vw, 640px\" \/><\/figure>\n\n\n\n<p>Assim como j\u00e1 vinha ocorrendo, devido \u00e0 grande quantidade de funcion\u00e1rios concursados da SEME, o recadastramento da Secretaria de Educa\u00e7\u00e3o obedece a uma ordem alfab\u00e9tica de grupos espec\u00edficos, conforme cronograma pr\u00e9-estabelecido anteriormente.<\/p>\n\n\n\n<p>Desse modo, hoje est\u00e3o sendo recadastrados os servidores com os nomes come\u00e7ados pelas iniciais G, H, I, J e L. J\u00e1 amanh\u00e3, quarta-feira (05), vai ser a vez dos funcion\u00e1rios cujas as letras iniciais dos nomes s\u00e3o: M, N, O, P e Q.<\/p>\n\n\n\n<p>Na quinta-feira (06), ser\u00e3o recadastrados os concursados da Secretaria de Educa\u00e7\u00e3o, os quais os nomes come\u00e7am com as letras R, S, T e U. O recadastramento da SEME ser\u00e1 encerrado na pr\u00f3xima sexta-feira (07), com o atendimento aos servidores efetivos de nomes come\u00e7ados pelas letras V, W, X, Y e Z.<\/p>\n\n\n\n<figure class=\"wp-block-image size-full\"><img decoding=\"async\" width=\"432\" height=\"480\" src=\"https:\/\/noticiaempauta.com\/portal\/wp-content\/uploads\/2025\/02\/FEED-2-432x480-1.png\" alt=\"\" class=\"wp-image-267326\" srcset=\"https:\/\/noticiaempauta.com\/portal\/wp-content\/uploads\/2025\/02\/FEED-2-432x480-1.png 432w, https:\/\/noticiaempauta.com\/portal\/wp-content\/uploads\/2025\/02\/FEED-2-432x480-1-270x300.png 270w\" sizes=\"(max-width: 432px) 100vw, 432px\" \/><\/figure>\n\n\n\n<p>A Secretaria de Administra\u00e7\u00e3o pede que os servidores compare\u00e7am no dia correspondente ao seu grupo para que haja um atendimento mais eficiente e \u00e1gil para todos.<\/p>\n\n\n\n<figure class=\"wp-block-image size-full\"><img decoding=\"async\" width=\"640\" height=\"430\" src=\"https:\/\/noticiaempauta.com\/portal\/wp-content\/uploads\/2025\/02\/a2d4b8df-e219-4f56-b6c3-ca00d54ff163-1.jpg\" alt=\"\" class=\"wp-image-267325\" srcset=\"https:\/\/noticiaempauta.com\/portal\/wp-content\/uploads\/2025\/02\/a2d4b8df-e219-4f56-b6c3-ca00d54ff163-1.jpg 640w, https:\/\/noticiaempauta.com\/portal\/wp-content\/uploads\/2025\/02\/a2d4b8df-e219-4f56-b6c3-ca00d54ff163-1-300x202.jpg 300w\" sizes=\"(max-width: 640px) 100vw, 640px\" \/><\/figure>\n\n\n\n<p>Na pr\u00f3xima semana, entre os dias 10 e 13 de fevereiro, acontecer\u00e1 o recadastramento dos servidores efetivos das demais Secretarias Municipais de Picos, exceto a Sa\u00fade, cujo recadastramento j\u00e1 foi conclu\u00eddo.<\/p>\n\n\n\n<figure class=\"wp-block-image size-full\"><img loading=\"lazy\" decoding=\"async\" width=\"495\" height=\"480\" src=\"https:\/\/noticiaempauta.com\/portal\/wp-content\/uploads\/2025\/02\/RECADASTRAMENTO_04.jpg\" alt=\"\" class=\"wp-image-267324\" srcset=\"https:\/\/noticiaempauta.com\/portal\/wp-content\/uploads\/2025\/02\/RECADASTRAMENTO_04.jpg 495w, https:\/\/noticiaempauta.com\/portal\/wp-content\/uploads\/2025\/02\/RECADASTRAMENTO_04-300x291.jpg 300w\" sizes=\"(max-width: 495px) 100vw, 495px\" \/><\/figure>\n\n\n\n<p><strong>Recadastramento<\/strong><\/p>\n\n\n\n<p>Como forma de organiza\u00e7\u00e3o e para evitar tumulto, senhas s\u00e3o distribu\u00eddas conforme a ordem de chegada, no entanto, h\u00e1 tamb\u00e9m atendimento priorit\u00e1rio.<\/p>\n\n\n\n<figure class=\"wp-block-image size-full\"><img loading=\"lazy\" decoding=\"async\" width=\"640\" height=\"430\" src=\"https:\/\/noticiaempauta.com\/portal\/wp-content\/uploads\/2025\/02\/9ed195f9-eafd-426f-ba8b-ca2801384c11-1.jpg\" alt=\"\" class=\"wp-image-267323\" srcset=\"https:\/\/noticiaempauta.com\/portal\/wp-content\/uploads\/2025\/02\/9ed195f9-eafd-426f-ba8b-ca2801384c11-1.jpg 640w, https:\/\/noticiaempauta.com\/portal\/wp-content\/uploads\/2025\/02\/9ed195f9-eafd-426f-ba8b-ca2801384c11-1-300x202.jpg 300w\" sizes=\"(max-width: 640px) 100vw, 640px\" \/><\/figure>\n\n\n\n<p>Para maior comodidade dos servidores s\u00e3o disponibilizadas cadeiras para eles se acomodarem enquanto aguardam o atendimento.<\/p>\n\n\n\n<figure class=\"wp-block-image size-full\"><img loading=\"lazy\" decoding=\"async\" width=\"640\" height=\"430\" src=\"https:\/\/noticiaempauta.com\/portal\/wp-content\/uploads\/2025\/02\/4d56f0dc-cecf-4024-b83e-056ea2da1ce4.jpg\" alt=\"\" class=\"wp-image-267322\" srcset=\"https:\/\/noticiaempauta.com\/portal\/wp-content\/uploads\/2025\/02\/4d56f0dc-cecf-4024-b83e-056ea2da1ce4.jpg 640w, https:\/\/noticiaempauta.com\/portal\/wp-content\/uploads\/2025\/02\/4d56f0dc-cecf-4024-b83e-056ea2da1ce4-300x202.jpg 300w\" sizes=\"(max-width: 640px) 100vw, 640px\" \/><\/figure>\n\n\n\n<p>Uma novidade nesse primeiro recadastramento da nova administra\u00e7\u00e3o municipal \u00e9 a utiliza\u00e7\u00e3o in\u00e9dita da biometria e do reconhecimento facial, duas ferramentas modernas e que tornam o processo mais seguro.<\/p>\n\n\n\n<figure class=\"wp-block-image size-full\"><img loading=\"lazy\" decoding=\"async\" width=\"640\" height=\"430\" src=\"https:\/\/noticiaempauta.com\/portal\/wp-content\/uploads\/2025\/02\/c362cf8a-9b8e-4590-ad88-56ccef5f0374.jpg\" alt=\"\" class=\"wp-image-267321\" srcset=\"https:\/\/noticiaempauta.com\/portal\/wp-content\/uploads\/2025\/02\/c362cf8a-9b8e-4590-ad88-56ccef5f0374.jpg 640w, https:\/\/noticiaempauta.com\/portal\/wp-content\/uploads\/2025\/02\/c362cf8a-9b8e-4590-ad88-56ccef5f0374-300x202.jpg 300w\" sizes=\"(max-width: 640px) 100vw, 640px\" \/><\/figure>\n\n\n\n<p>O recadastramento acontece na antiga sala da Procuradoria Geral do Munic\u00edpio, no 01\u00ba andar do Pal\u00e1cio Coelho Rodrigues, na parte da manh\u00e3, de 08h00min ao meio-dia, e na parte da tarde, das 14h00minas 17h00min.<\/p>\n\n\n\n<p>No ato do recadastramento os servidores efetivos devem apresentem o RG, o CPF, a Certid\u00e3o de Nascimento ou Casamento, o Termo de Posse, a Documenta\u00e7\u00e3o Comprobat\u00f3ria de Vantagens (se houver), bem como a documenta\u00e7\u00e3o dos dependentes.<\/p>\n\n\n\n<p>CCOM<\/p>\n","protected":false},"excerpt":{"rendered":"<p>Depois de uma suspens\u00e3o tempor\u00e1ria, por conta dos transtornos causados pelas fortes chuvas no m\u00eas de janeiro, a Prefeitura de Picos, atrav\u00e9s da Secretaria Municipal de Administra\u00e7\u00e3o, retomou nesta ter\u00e7a-feira (04), o recadastramento dos servidores efetivos da SEME (Secretaria Municipal de Educa\u00e7\u00e3o). Assim como j\u00e1 vinha ocorrendo, devido \u00e0 grande quantidade de funcion\u00e1rios concursados da [&hellip;]<\/p>\n","protected":false},"author":2,"featured_media":267327,"comment_status":"open","ping_status":"open","sticky":false,"template":"","format":"standard","meta":{"_mi_skip_tracking":false,"footnotes":""},"categories":[25,1,16],"tags":[],"class_list":["post-267320","post","type-post","status-publish","format-standard","has-post-thumbnail","hentry","category-destaques-site","category-geral","category-todas"],"acf":[],"yoast_head":"<!-- This site is optimized with the Yoast SEO Premium plugin v19.2 (Yoast SEO v26.9) - https:\/\/yoast.com\/product\/yoast-seo-premium-wordpress\/ -->\n<title>Prefeitura de Picos retoma o recadastramento dos servidores efetivos da Secretaria de Educa\u00e7\u00e3o - Portal Not\u00edcia em Pauta<\/title>\n<meta name=\"robots\" content=\"index, follow, max-snippet:-1, max-image-preview:large, max-video-preview:-1\" \/>\n<link rel=\"canonical\" href=\"https:\/\/noticiaempauta.com\/portal\/prefeitura-de-picos-retoma-o-recadastramento-dos-servidores-efetivos-da-secretaria-de-educacao\/\" \/>\n<meta property=\"og:locale\" content=\"pt_BR\" \/>\n<meta property=\"og:type\" content=\"article\" \/>\n<meta property=\"og:title\" content=\"Prefeitura de Picos retoma o recadastramento dos servidores efetivos da Secretaria de Educa\u00e7\u00e3o\" \/>\n<meta property=\"og:description\" content=\"Depois de uma suspens\u00e3o tempor\u00e1ria, por conta dos transtornos causados pelas fortes chuvas no m\u00eas de janeiro, a Prefeitura de Picos, atrav\u00e9s da Secretaria Municipal de Administra\u00e7\u00e3o, retomou nesta ter\u00e7a-feira (04), o recadastramento dos servidores efetivos da SEME (Secretaria Municipal de Educa\u00e7\u00e3o). Assim como j\u00e1 vinha ocorrendo, devido \u00e0 grande quantidade de funcion\u00e1rios concursados da [&hellip;]\" \/>\n<meta property=\"og:url\" content=\"https:\/\/noticiaempauta.com\/portal\/prefeitura-de-picos-retoma-o-recadastramento-dos-servidores-efetivos-da-secretaria-de-educacao\/\" \/>\n<meta property=\"og:site_name\" content=\"Portal Not\u00edcia em Pauta\" \/>\n<meta property=\"article:publisher\" content=\"https:\/\/www.facebook.com\/Portal-Notcia-Em-Pauta-102292869264820\/\" \/>\n<meta property=\"article:published_time\" content=\"2025-02-04T14:16:55+00:00\" \/>\n<meta property=\"article:modified_time\" content=\"2025-02-04T14:17:20+00:00\" \/>\n<meta property=\"og:image\" content=\"https:\/\/noticiaempauta.com\/portal\/wp-content\/uploads\/2025\/02\/df40361f-901c-4669-a259-4898b2ff71a6.jpg\" \/>\n\t<meta property=\"og:image:width\" content=\"640\" \/>\n\t<meta property=\"og:image:height\" content=\"430\" \/>\n\t<meta property=\"og:image:type\" content=\"image\/jpeg\" \/>\n<meta name=\"author\" content=\"Reda\u00e7\u00e3o\" \/>\n<meta name=\"twitter:card\" content=\"summary_large_image\" \/>\n<meta name=\"twitter:label1\" content=\"Escrito por\" \/>\n\t<meta name=\"twitter:data1\" content=\"Reda\u00e7\u00e3o\" \/>\n\t<meta name=\"twitter:label2\" content=\"Est. tempo de leitura\" \/>\n\t<meta name=\"twitter:data2\" content=\"4 minutos\" \/>\n<script type=\"application\/ld+json\" class=\"yoast-schema-graph\">{\"@context\":\"https:\/\/schema.org\",\"@graph\":[{\"@type\":\"Article\",\"@id\":\"https:\/\/noticiaempauta.com\/portal\/prefeitura-de-picos-retoma-o-recadastramento-dos-servidores-efetivos-da-secretaria-de-educacao\/#article\",\"isPartOf\":{\"@id\":\"https:\/\/noticiaempauta.com\/portal\/prefeitura-de-picos-retoma-o-recadastramento-dos-servidores-efetivos-da-secretaria-de-educacao\/\"},\"author\":{\"name\":\"Reda\u00e7\u00e3o\",\"@id\":\"https:\/\/noticiaempauta.com\/portal\/#\/schema\/person\/a74af43dd1ab3deca45f988c717d57ac\"},\"headline\":\"Prefeitura de Picos retoma o recadastramento dos servidores efetivos da Secretaria de Educa\u00e7\u00e3o\",\"datePublished\":\"2025-02-04T14:16:55+00:00\",\"dateModified\":\"2025-02-04T14:17:20+00:00\",\"mainEntityOfPage\":{\"@id\":\"https:\/\/noticiaempauta.com\/portal\/prefeitura-de-picos-retoma-o-recadastramento-dos-servidores-efetivos-da-secretaria-de-educacao\/\"},\"wordCount\":413,\"commentCount\":0,\"publisher\":{\"@id\":\"https:\/\/noticiaempauta.com\/portal\/#organization\"},\"image\":{\"@id\":\"https:\/\/noticiaempauta.com\/portal\/prefeitura-de-picos-retoma-o-recadastramento-dos-servidores-efetivos-da-secretaria-de-educacao\/#primaryimage\"},\"thumbnailUrl\":\"https:\/\/noticiaempauta.com\/portal\/wp-content\/uploads\/2025\/02\/df40361f-901c-4669-a259-4898b2ff71a6.jpg\",\"articleSection\":[\"Destaques\",\"Geral\",\"Todas as Not\u00edcias\"],\"inLanguage\":\"pt-BR\",\"potentialAction\":[{\"@type\":\"CommentAction\",\"name\":\"Comment\",\"target\":[\"https:\/\/noticiaempauta.com\/portal\/prefeitura-de-picos-retoma-o-recadastramento-dos-servidores-efetivos-da-secretaria-de-educacao\/#respond\"]}]},{\"@type\":\"WebPage\",\"@id\":\"https:\/\/noticiaempauta.com\/portal\/prefeitura-de-picos-retoma-o-recadastramento-dos-servidores-efetivos-da-secretaria-de-educacao\/\",\"url\":\"https:\/\/noticiaempauta.com\/portal\/prefeitura-de-picos-retoma-o-recadastramento-dos-servidores-efetivos-da-secretaria-de-educacao\/\",\"name\":\"Prefeitura de Picos retoma o recadastramento dos servidores efetivos da Secretaria de Educa\u00e7\u00e3o - Portal Not\u00edcia em Pauta\",\"isPartOf\":{\"@id\":\"https:\/\/noticiaempauta.com\/portal\/#website\"},\"primaryImageOfPage\":{\"@id\":\"https:\/\/noticiaempauta.com\/portal\/prefeitura-de-picos-retoma-o-recadastramento-dos-servidores-efetivos-da-secretaria-de-educacao\/#primaryimage\"},\"image\":{\"@id\":\"https:\/\/noticiaempauta.com\/portal\/prefeitura-de-picos-retoma-o-recadastramento-dos-servidores-efetivos-da-secretaria-de-educacao\/#primaryimage\"},\"thumbnailUrl\":\"https:\/\/noticiaempauta.com\/portal\/wp-content\/uploads\/2025\/02\/df40361f-901c-4669-a259-4898b2ff71a6.jpg\",\"datePublished\":\"2025-02-04T14:16:55+00:00\",\"dateModified\":\"2025-02-04T14:17:20+00:00\",\"breadcrumb\":{\"@id\":\"https:\/\/noticiaempauta.com\/portal\/prefeitura-de-picos-retoma-o-recadastramento-dos-servidores-efetivos-da-secretaria-de-educacao\/#breadcrumb\"},\"inLanguage\":\"pt-BR\",\"potentialAction\":[{\"@type\":\"ReadAction\",\"target\":[\"https:\/\/noticiaempauta.com\/portal\/prefeitura-de-picos-retoma-o-recadastramento-dos-servidores-efetivos-da-secretaria-de-educacao\/\"]}]},{\"@type\":\"ImageObject\",\"inLanguage\":\"pt-BR\",\"@id\":\"https:\/\/noticiaempauta.com\/portal\/prefeitura-de-picos-retoma-o-recadastramento-dos-servidores-efetivos-da-secretaria-de-educacao\/#primaryimage\",\"url\":\"https:\/\/noticiaempauta.com\/portal\/wp-content\/uploads\/2025\/02\/df40361f-901c-4669-a259-4898b2ff71a6.jpg\",\"contentUrl\":\"https:\/\/noticiaempauta.com\/portal\/wp-content\/uploads\/2025\/02\/df40361f-901c-4669-a259-4898b2ff71a6.jpg\",\"width\":640,\"height\":430},{\"@type\":\"BreadcrumbList\",\"@id\":\"https:\/\/noticiaempauta.com\/portal\/prefeitura-de-picos-retoma-o-recadastramento-dos-servidores-efetivos-da-secretaria-de-educacao\/#breadcrumb\",\"itemListElement\":[{\"@type\":\"ListItem\",\"position\":1,\"name\":\"P\u00e1gina Inicial\",\"item\":\"https:\/\/noticiaempauta.com\/portal\/\"},{\"@type\":\"ListItem\",\"position\":2,\"name\":\"Destaques\",\"item\":\"https:\/\/noticiaempauta.com\/portal\/destaques-site\/\"},{\"@type\":\"ListItem\",\"position\":3,\"name\":\"Prefeitura de Picos retoma o recadastramento dos servidores efetivos da Secretaria de Educa\u00e7\u00e3o\"}]},{\"@type\":\"WebSite\",\"@id\":\"https:\/\/noticiaempauta.com\/portal\/#website\",\"url\":\"https:\/\/noticiaempauta.com\/portal\/\",\"name\":\"Portal Not\u00edcia em Pauta\",\"description\":\"Voc\u00ea bem informado\",\"publisher\":{\"@id\":\"https:\/\/noticiaempauta.com\/portal\/#organization\"},\"potentialAction\":[{\"@type\":\"SearchAction\",\"target\":{\"@type\":\"EntryPoint\",\"urlTemplate\":\"https:\/\/noticiaempauta.com\/portal\/?s={search_term_string}\"},\"query-input\":{\"@type\":\"PropertyValueSpecification\",\"valueRequired\":true,\"valueName\":\"search_term_string\"}}],\"inLanguage\":\"pt-BR\"},{\"@type\":\"Organization\",\"@id\":\"https:\/\/noticiaempauta.com\/portal\/#organization\",\"name\":\"Portal Not\u00edcia em Pauta\",\"url\":\"https:\/\/noticiaempauta.com\/portal\/\",\"logo\":{\"@type\":\"ImageObject\",\"inLanguage\":\"pt-BR\",\"@id\":\"https:\/\/noticiaempauta.com\/portal\/#\/schema\/logo\/image\/\",\"url\":\"https:\/\/noticiaempauta.com\/portal\/wp-content\/uploads\/2022\/08\/logomarca_tema.fw_.png\",\"contentUrl\":\"https:\/\/noticiaempauta.com\/portal\/wp-content\/uploads\/2022\/08\/logomarca_tema.fw_.png\",\"width\":400,\"height\":232,\"caption\":\"Portal Not\u00edcia em Pauta\"},\"image\":{\"@id\":\"https:\/\/noticiaempauta.com\/portal\/#\/schema\/logo\/image\/\"},\"sameAs\":[\"https:\/\/www.facebook.com\/Portal-Notcia-Em-Pauta-102292869264820\/\",\"https:\/\/www.instagram.com\/portalnoticiaempauta\/\"]},{\"@type\":\"Person\",\"@id\":\"https:\/\/noticiaempauta.com\/portal\/#\/schema\/person\/a74af43dd1ab3deca45f988c717d57ac\",\"name\":\"Reda\u00e7\u00e3o\",\"image\":{\"@type\":\"ImageObject\",\"inLanguage\":\"pt-BR\",\"@id\":\"https:\/\/noticiaempauta.com\/portal\/#\/schema\/person\/image\/\",\"url\":\"https:\/\/secure.gravatar.com\/avatar\/03179346ecce6cdfc13361603e8f54242a90e5cde8618fa23c5c00aa2b0aadf3?s=96&d=mm&r=g\",\"contentUrl\":\"https:\/\/secure.gravatar.com\/avatar\/03179346ecce6cdfc13361603e8f54242a90e5cde8618fa23c5c00aa2b0aadf3?s=96&d=mm&r=g\",\"caption\":\"Reda\u00e7\u00e3o\"},\"sameAs\":[\"https:\/\/noticiaempauta.com\/portal\/\"],\"url\":\"https:\/\/noticiaempauta.com\/portal\/author\/fernando\/\"}]}<\/script>\n<!-- \/ Yoast SEO Premium plugin. -->","yoast_head_json":{"title":"Prefeitura de Picos retoma o recadastramento dos servidores efetivos da Secretaria de Educa\u00e7\u00e3o - Portal Not\u00edcia em Pauta","robots":{"index":"index","follow":"follow","max-snippet":"max-snippet:-1","max-image-preview":"max-image-preview:large","max-video-preview":"max-video-preview:-1"},"canonical":"https:\/\/noticiaempauta.com\/portal\/prefeitura-de-picos-retoma-o-recadastramento-dos-servidores-efetivos-da-secretaria-de-educacao\/","og_locale":"pt_BR","og_type":"article","og_title":"Prefeitura de Picos retoma o recadastramento dos servidores efetivos da Secretaria de Educa\u00e7\u00e3o","og_description":"Depois de uma suspens\u00e3o tempor\u00e1ria, por conta dos transtornos causados pelas fortes chuvas no m\u00eas de janeiro, a Prefeitura de Picos, atrav\u00e9s da Secretaria Municipal de Administra\u00e7\u00e3o, retomou nesta ter\u00e7a-feira (04), o recadastramento dos servidores efetivos da SEME (Secretaria Municipal de Educa\u00e7\u00e3o). Assim como j\u00e1 vinha ocorrendo, devido \u00e0 grande quantidade de funcion\u00e1rios concursados da [&hellip;]","og_url":"https:\/\/noticiaempauta.com\/portal\/prefeitura-de-picos-retoma-o-recadastramento-dos-servidores-efetivos-da-secretaria-de-educacao\/","og_site_name":"Portal Not\u00edcia em Pauta","article_publisher":"https:\/\/www.facebook.com\/Portal-Notcia-Em-Pauta-102292869264820\/","article_published_time":"2025-02-04T14:16:55+00:00","article_modified_time":"2025-02-04T14:17:20+00:00","og_image":[{"width":640,"height":430,"url":"https:\/\/noticiaempauta.com\/portal\/wp-content\/uploads\/2025\/02\/df40361f-901c-4669-a259-4898b2ff71a6.jpg","type":"image\/jpeg"}],"author":"Reda\u00e7\u00e3o","twitter_card":"summary_large_image","twitter_misc":{"Escrito por":"Reda\u00e7\u00e3o","Est. tempo de leitura":"4 minutos"},"schema":{"@context":"https:\/\/schema.org","@graph":[{"@type":"Article","@id":"https:\/\/noticiaempauta.com\/portal\/prefeitura-de-picos-retoma-o-recadastramento-dos-servidores-efetivos-da-secretaria-de-educacao\/#article","isPartOf":{"@id":"https:\/\/noticiaempauta.com\/portal\/prefeitura-de-picos-retoma-o-recadastramento-dos-servidores-efetivos-da-secretaria-de-educacao\/"},"author":{"name":"Reda\u00e7\u00e3o","@id":"https:\/\/noticiaempauta.com\/portal\/#\/schema\/person\/a74af43dd1ab3deca45f988c717d57ac"},"headline":"Prefeitura de Picos retoma o recadastramento dos servidores efetivos da Secretaria de Educa\u00e7\u00e3o","datePublished":"2025-02-04T14:16:55+00:00","dateModified":"2025-02-04T14:17:20+00:00","mainEntityOfPage":{"@id":"https:\/\/noticiaempauta.com\/portal\/prefeitura-de-picos-retoma-o-recadastramento-dos-servidores-efetivos-da-secretaria-de-educacao\/"},"wordCount":413,"commentCount":0,"publisher":{"@id":"https:\/\/noticiaempauta.com\/portal\/#organization"},"image":{"@id":"https:\/\/noticiaempauta.com\/portal\/prefeitura-de-picos-retoma-o-recadastramento-dos-servidores-efetivos-da-secretaria-de-educacao\/#primaryimage"},"thumbnailUrl":"https:\/\/noticiaempauta.com\/portal\/wp-content\/uploads\/2025\/02\/df40361f-901c-4669-a259-4898b2ff71a6.jpg","articleSection":["Destaques","Geral","Todas as Not\u00edcias"],"inLanguage":"pt-BR","potentialAction":[{"@type":"CommentAction","name":"Comment","target":["https:\/\/noticiaempauta.com\/portal\/prefeitura-de-picos-retoma-o-recadastramento-dos-servidores-efetivos-da-secretaria-de-educacao\/#respond"]}]},{"@type":"WebPage","@id":"https:\/\/noticiaempauta.com\/portal\/prefeitura-de-picos-retoma-o-recadastramento-dos-servidores-efetivos-da-secretaria-de-educacao\/","url":"https:\/\/noticiaempauta.com\/portal\/prefeitura-de-picos-retoma-o-recadastramento-dos-servidores-efetivos-da-secretaria-de-educacao\/","name":"Prefeitura de Picos retoma o recadastramento dos servidores efetivos da Secretaria de Educa\u00e7\u00e3o - Portal Not\u00edcia em Pauta","isPartOf":{"@id":"https:\/\/noticiaempauta.com\/portal\/#website"},"primaryImageOfPage":{"@id":"https:\/\/noticiaempauta.com\/portal\/prefeitura-de-picos-retoma-o-recadastramento-dos-servidores-efetivos-da-secretaria-de-educacao\/#primaryimage"},"image":{"@id":"https:\/\/noticiaempauta.com\/portal\/prefeitura-de-picos-retoma-o-recadastramento-dos-servidores-efetivos-da-secretaria-de-educacao\/#primaryimage"},"thumbnailUrl":"https:\/\/noticiaempauta.com\/portal\/wp-content\/uploads\/2025\/02\/df40361f-901c-4669-a259-4898b2ff71a6.jpg","datePublished":"2025-02-04T14:16:55+00:00","dateModified":"2025-02-04T14:17:20+00:00","breadcrumb":{"@id":"https:\/\/noticiaempauta.com\/portal\/prefeitura-de-picos-retoma-o-recadastramento-dos-servidores-efetivos-da-secretaria-de-educacao\/#breadcrumb"},"inLanguage":"pt-BR","potentialAction":[{"@type":"ReadAction","target":["https:\/\/noticiaempauta.com\/portal\/prefeitura-de-picos-retoma-o-recadastramento-dos-servidores-efetivos-da-secretaria-de-educacao\/"]}]},{"@type":"ImageObject","inLanguage":"pt-BR","@id":"https:\/\/noticiaempauta.com\/portal\/prefeitura-de-picos-retoma-o-recadastramento-dos-servidores-efetivos-da-secretaria-de-educacao\/#primaryimage","url":"https:\/\/noticiaempauta.com\/portal\/wp-content\/uploads\/2025\/02\/df40361f-901c-4669-a259-4898b2ff71a6.jpg","contentUrl":"https:\/\/noticiaempauta.com\/portal\/wp-content\/uploads\/2025\/02\/df40361f-901c-4669-a259-4898b2ff71a6.jpg","width":640,"height":430},{"@type":"BreadcrumbList","@id":"https:\/\/noticiaempauta.com\/portal\/prefeitura-de-picos-retoma-o-recadastramento-dos-servidores-efetivos-da-secretaria-de-educacao\/#breadcrumb","itemListElement":[{"@type":"ListItem","position":1,"name":"P\u00e1gina Inicial","item":"https:\/\/noticiaempauta.com\/portal\/"},{"@type":"ListItem","position":2,"name":"Destaques","item":"https:\/\/noticiaempauta.com\/portal\/destaques-site\/"},{"@type":"ListItem","position":3,"name":"Prefeitura de Picos retoma o recadastramento dos servidores efetivos da Secretaria de Educa\u00e7\u00e3o"}]},{"@type":"WebSite","@id":"https:\/\/noticiaempauta.com\/portal\/#website","url":"https:\/\/noticiaempauta.com\/portal\/","name":"Portal Not\u00edcia em Pauta","description":"Voc\u00ea bem informado","publisher":{"@id":"https:\/\/noticiaempauta.com\/portal\/#organization"},"potentialAction":[{"@type":"SearchAction","target":{"@type":"EntryPoint","urlTemplate":"https:\/\/noticiaempauta.com\/portal\/?s={search_term_string}"},"query-input":{"@type":"PropertyValueSpecification","valueRequired":true,"valueName":"search_term_string"}}],"inLanguage":"pt-BR"},{"@type":"Organization","@id":"https:\/\/noticiaempauta.com\/portal\/#organization","name":"Portal Not\u00edcia em Pauta","url":"https:\/\/noticiaempauta.com\/portal\/","logo":{"@type":"ImageObject","inLanguage":"pt-BR","@id":"https:\/\/noticiaempauta.com\/portal\/#\/schema\/logo\/image\/","url":"https:\/\/noticiaempauta.com\/portal\/wp-content\/uploads\/2022\/08\/logomarca_tema.fw_.png","contentUrl":"https:\/\/noticiaempauta.com\/portal\/wp-content\/uploads\/2022\/08\/logomarca_tema.fw_.png","width":400,"height":232,"caption":"Portal Not\u00edcia em Pauta"},"image":{"@id":"https:\/\/noticiaempauta.com\/portal\/#\/schema\/logo\/image\/"},"sameAs":["https:\/\/www.facebook.com\/Portal-Notcia-Em-Pauta-102292869264820\/","https:\/\/www.instagram.com\/portalnoticiaempauta\/"]},{"@type":"Person","@id":"https:\/\/noticiaempauta.com\/portal\/#\/schema\/person\/a74af43dd1ab3deca45f988c717d57ac","name":"Reda\u00e7\u00e3o","image":{"@type":"ImageObject","inLanguage":"pt-BR","@id":"https:\/\/noticiaempauta.com\/portal\/#\/schema\/person\/image\/","url":"https:\/\/secure.gravatar.com\/avatar\/03179346ecce6cdfc13361603e8f54242a90e5cde8618fa23c5c00aa2b0aadf3?s=96&d=mm&r=g","contentUrl":"https:\/\/secure.gravatar.com\/avatar\/03179346ecce6cdfc13361603e8f54242a90e5cde8618fa23c5c00aa2b0aadf3?s=96&d=mm&r=g","caption":"Reda\u00e7\u00e3o"},"sameAs":["https:\/\/noticiaempauta.com\/portal\/"],"url":"https:\/\/noticiaempauta.com\/portal\/author\/fernando\/"}]}},"_links":{"self":[{"href":"https:\/\/noticiaempauta.com\/portal\/wp-json\/wp\/v2\/posts\/267320","targetHints":{"allow":["GET"]}}],"collection":[{"href":"https:\/\/noticiaempauta.com\/portal\/wp-json\/wp\/v2\/posts"}],"about":[{"href":"https:\/\/noticiaempauta.com\/portal\/wp-json\/wp\/v2\/types\/post"}],"author":[{"embeddable":true,"href":"https:\/\/noticiaempauta.com\/portal\/wp-json\/wp\/v2\/users\/2"}],"replies":[{"embeddable":true,"href":"https:\/\/noticiaempauta.com\/portal\/wp-json\/wp\/v2\/comments?post=267320"}],"version-history":[{"count":3,"href":"https:\/\/noticiaempauta.com\/portal\/wp-json\/wp\/v2\/posts\/267320\/revisions"}],"predecessor-version":[{"id":267330,"href":"https:\/\/noticiaempauta.com\/portal\/wp-json\/wp\/v2\/posts\/267320\/revisions\/267330"}],"wp:featuredmedia":[{"embeddable":true,"href":"https:\/\/noticiaempauta.com\/portal\/wp-json\/wp\/v2\/media\/267327"}],"wp:attachment":[{"href":"https:\/\/noticiaempauta.com\/portal\/wp-json\/wp\/v2\/media?parent=267320"}],"wp:term":[{"taxonomy":"category","embeddable":true,"href":"https:\/\/noticiaempauta.com\/portal\/wp-json\/wp\/v2\/categories?post=267320"},{"taxonomy":"post_tag","embeddable":true,"href":"https:\/\/noticiaempauta.com\/portal\/wp-json\/wp\/v2\/tags?post=267320"}],"curies":[{"name":"wp","href":"https:\/\/api.w.org\/{rel}","templated":true}]}}