{"id":267356,"date":"2025-02-05T09:30:26","date_gmt":"2025-02-05T12:30:26","guid":{"rendered":"https:\/\/noticiaempauta.com\/portal\/?p=267356"},"modified":"2025-02-05T09:30:27","modified_gmt":"2025-02-05T12:30:27","slug":"66-municipios-piauienses-estao-em-emergencia-por-causa-da-seca-veja-a-lista","status":"publish","type":"post","link":"https:\/\/noticiaempauta.com\/portal\/66-municipios-piauienses-estao-em-emergencia-por-causa-da-seca-veja-a-lista\/","title":{"rendered":"66 munic\u00edpios piauienses est\u00e3o em emerg\u00eancia por causa da seca; veja a lista"},"content":{"rendered":"\n<p>O Piau\u00ed tem 66 munic\u00edpios em situa\u00e7\u00e3o de emerg\u00eancia por causa da seca. A lista consta em decreto publicado na \u00faltima segunda-feira (03) no\u00a0<strong>Di\u00e1rio Oficial da Uni\u00e3o<\/strong>\u00a0pelo Minist\u00e9rio da Integra\u00e7\u00e3o e Desenvolvimento Regional. O documento \u00e9 assinado pelo secret\u00e1rio nacional de Prote\u00e7\u00e3o e Defesa Civil.<\/p>\n\n\n\n<p>Esta \u00e9 a segunda vez em uma semana que cidades piauienses t\u00eam estado de emerg\u00eancia. No entanto, o\u00a0decreto publicado no \u00faltimo dia 28 trata da situa\u00e7\u00e3o de emerg\u00eancia por causa das chuvas\u00a0que atingem a regi\u00e3o Sul do Estado.<\/p>\n\n\n\n<p>Os munic\u00edpios ficam localizados na regi\u00e3o Norte do Piau\u00ed e est\u00e3o em estado de emerg\u00eancia porque se encontram em situa\u00e7\u00e3o de seca severa devido \u00e0 dura\u00e7\u00e3o prolongada e ao impacto da falta de \u00e1gua.&nbsp;<\/p>\n\n\n\n<p>Confira abaixo os munic\u00edpios piauienses em estado de emerg\u00eancia por causa da seca:<\/p>\n\n\n\n<ul class=\"wp-block-list\">\n<li>Alagoinha do Piau\u00ed<\/li>\n\n\n\n<li>Alegrete do Piau\u00ed<\/li>\n\n\n\n<li>Alvorada do Gurgu\u00e9ia<\/li>\n\n\n\n<li>Aroeiras do Itaim<\/li>\n\n\n\n<li>Bela Vista do Piau\u00ed<\/li>\n\n\n\n<li>Bel\u00e9m do Piau\u00ed<\/li>\n\n\n\n<li>Bocaina<\/li>\n\n\n\n<li>Bom Jesus<\/li>\n\n\n\n<li>Brejo do Piau\u00ed<\/li>\n\n\n\n<li>Caldeir\u00e3o Grande do Piau\u00ed<\/li>\n\n\n\n<li>Campinas do Piau\u00ed<\/li>\n\n\n\n<li>Campo Alegre do Fidalgo<\/li>\n\n\n\n<li>Campo Grande do Piau\u00ed<\/li>\n\n\n\n<li>Canto do Buriti<\/li>\n\n\n\n<li>Capit\u00e3o Gerv\u00e1sio Oliveira<\/li>\n\n\n\n<li>Caracol<\/li>\n\n\n\n<li>Caridade do Piau\u00ed<\/li>\n\n\n\n<li>Col\u00f4nia do Gurgu\u00e9ia<\/li>\n\n\n\n<li>Coronel Jos\u00e9 Dias<\/li>\n\n\n\n<li>Corrente<\/li>\n\n\n\n<li>Cristal\u00e2ndia do Piau\u00ed<\/li>\n\n\n\n<li>Cristino Castro<\/li>\n\n\n\n<li>Curimat\u00e1<\/li>\n\n\n\n<li>Currais<\/li>\n\n\n\n<li>Dirceu Arcoverde<\/li>\n\n\n\n<li>Floresta do Piau\u00ed<\/li>\n\n\n\n<li>Francisco Macedo<\/li>\n\n\n\n<li>Francisco Santos<\/li>\n\n\n\n<li>Fronteiras<\/li>\n\n\n\n<li>Geminiano<\/li>\n\n\n\n<li>Gilbu\u00e9s<\/li>\n\n\n\n<li>Guaribas<\/li>\n\n\n\n<li>Isa\u00edas Coelho<\/li>\n\n\n\n<li>Itain\u00f3polis<\/li>\n\n\n\n<li>Jaic\u00f3s<\/li>\n\n\n\n<li>Jo\u00e3o Costa<\/li>\n\n\n\n<li>Jurema<\/li>\n\n\n\n<li>Lagoa do Barro do Piau\u00ed<\/li>\n\n\n\n<li>Marcol\u00e2ndia<\/li>\n\n\n\n<li>Massap\u00ea do Piau\u00ed<\/li>\n\n\n\n<li>Monsenhor Hip\u00f3lito<\/li>\n\n\n\n<li>Morro Cabe\u00e7a no Tempo<\/li>\n\n\n\n<li>Nova Santa Rita<\/li>\n\n\n\n<li>Padre Marcos<\/li>\n\n\n\n<li>Paes Landim<\/li>\n\n\n\n<li>Paquet\u00e1<\/li>\n\n\n\n<li>Pavussu<\/li>\n\n\n\n<li>Pimenteiras<\/li>\n\n\n\n<li>Queimada Nova<\/li>\n\n\n\n<li>Riacho Frio<\/li>\n\n\n\n<li>Ribeira do Piau\u00ed<\/li>\n\n\n\n<li>Santa Cruz do Piau\u00ed<\/li>\n\n\n\n<li>Santa Filomena<\/li>\n\n\n\n<li>Santana do Piau\u00ed<\/li>\n\n\n\n<li>S\u00e3o Braz do Piau\u00ed<\/li>\n\n\n\n<li>S\u00e3o Jo\u00e3o do Piau\u00ed<\/li>\n\n\n\n<li>S\u00e3o Jos\u00e9 do Piau\u00ed<\/li>\n\n\n\n<li>S\u00e3o Juli\u00e3o<\/li>\n\n\n\n<li>S\u00e3o Louren\u00e7o do Piau\u00ed<\/li>\n\n\n\n<li>S\u00e3o Raimundo Nonato<\/li>\n\n\n\n<li>Sebasti\u00e3o Barros<\/li>\n\n\n\n<li>Sussuapara<\/li>\n\n\n\n<li>Uru\u00e7u\u00ed<\/li>\n\n\n\n<li>Vera Mendes<\/li>\n\n\n\n<li>Vila Nova do Piau\u00ed<\/li>\n\n\n\n<li>Wall Ferraz<\/li>\n<\/ul>\n\n\n\n<p>Com o decreto de emerg\u00eancias, os munic\u00edpios poder\u00e3o tomar medidas imediatas para mitigar os efeitos da seca tais como mobiliza\u00e7\u00e3o de recursos, implementa\u00e7\u00e3o de medidas de conserva\u00e7\u00e3o da \u00e1gua, assist\u00eancia humanit\u00e1ria, monitoramento e previs\u00e3o de n\u00edvel dos reservat\u00f3rios e firmar colabora\u00e7\u00f5es interinstitucionais.<\/p>\n\n\n\n<p>O decreto passou a valer a partir de sua publica\u00e7\u00e3o.<\/p>\n\n\n\n<p>Fonte: Portal O Dia<\/p>\n","protected":false},"excerpt":{"rendered":"<p>O Piau\u00ed tem 66 munic\u00edpios em situa\u00e7\u00e3o de emerg\u00eancia por causa da seca. A lista consta em decreto publicado na \u00faltima segunda-feira (03) no\u00a0Di\u00e1rio Oficial da Uni\u00e3o\u00a0pelo Minist\u00e9rio da Integra\u00e7\u00e3o e Desenvolvimento Regional. O documento \u00e9 assinado pelo secret\u00e1rio nacional de Prote\u00e7\u00e3o e Defesa Civil. Esta \u00e9 a segunda vez em uma semana que cidades [&hellip;]<\/p>\n","protected":false},"author":2,"featured_media":259540,"comment_status":"open","ping_status":"open","sticky":false,"template":"","format":"standard","meta":{"_mi_skip_tracking":false,"footnotes":""},"categories":[25,1,9,16],"tags":[],"class_list":["post-267356","post","type-post","status-publish","format-standard","has-post-thumbnail","hentry","category-destaques-site","category-geral","category-municipios","category-todas"],"acf":[],"yoast_head":"<!-- This site is optimized with the Yoast SEO Premium plugin v19.2 (Yoast SEO v26.9) - https:\/\/yoast.com\/product\/yoast-seo-premium-wordpress\/ -->\n<title>66 munic\u00edpios piauienses est\u00e3o em emerg\u00eancia por causa da seca; veja a lista - Portal Not\u00edcia em Pauta<\/title>\n<meta name=\"robots\" content=\"index, follow, max-snippet:-1, max-image-preview:large, max-video-preview:-1\" \/>\n<link rel=\"canonical\" href=\"https:\/\/noticiaempauta.com\/portal\/66-municipios-piauienses-estao-em-emergencia-por-causa-da-seca-veja-a-lista\/\" \/>\n<meta property=\"og:locale\" content=\"pt_BR\" \/>\n<meta property=\"og:type\" content=\"article\" \/>\n<meta property=\"og:title\" content=\"66 munic\u00edpios piauienses est\u00e3o em emerg\u00eancia por causa da seca; veja a lista\" \/>\n<meta property=\"og:description\" content=\"O Piau\u00ed tem 66 munic\u00edpios em situa\u00e7\u00e3o de emerg\u00eancia por causa da seca. A lista consta em decreto publicado na \u00faltima segunda-feira (03) no\u00a0Di\u00e1rio Oficial da Uni\u00e3o\u00a0pelo Minist\u00e9rio da Integra\u00e7\u00e3o e Desenvolvimento Regional. O documento \u00e9 assinado pelo secret\u00e1rio nacional de Prote\u00e7\u00e3o e Defesa Civil. Esta \u00e9 a segunda vez em uma semana que cidades [&hellip;]\" \/>\n<meta property=\"og:url\" content=\"https:\/\/noticiaempauta.com\/portal\/66-municipios-piauienses-estao-em-emergencia-por-causa-da-seca-veja-a-lista\/\" \/>\n<meta property=\"og:site_name\" content=\"Portal Not\u00edcia em Pauta\" \/>\n<meta property=\"article:publisher\" content=\"https:\/\/www.facebook.com\/Portal-Notcia-Em-Pauta-102292869264820\/\" \/>\n<meta property=\"article:published_time\" content=\"2025-02-05T12:30:26+00:00\" \/>\n<meta property=\"article:modified_time\" content=\"2025-02-05T12:30:27+00:00\" \/>\n<meta property=\"og:image\" content=\"https:\/\/noticiaempauta.com\/portal\/wp-content\/uploads\/2024\/07\/governador-decreta-estado-de-emergencia-em-106-municipios-por-conta-da-seca-226ae4cf-360c-4105-9ce4-2e00ceba6baf.jpg.webp\" \/>\n\t<meta property=\"og:image:width\" content=\"1200\" \/>\n\t<meta property=\"og:image:height\" content=\"800\" \/>\n\t<meta property=\"og:image:type\" content=\"image\/webp\" \/>\n<meta name=\"author\" content=\"Reda\u00e7\u00e3o\" \/>\n<meta name=\"twitter:card\" content=\"summary_large_image\" \/>\n<meta name=\"twitter:label1\" content=\"Escrito por\" \/>\n\t<meta name=\"twitter:data1\" content=\"Reda\u00e7\u00e3o\" \/>\n\t<meta name=\"twitter:label2\" content=\"Est. tempo de leitura\" \/>\n\t<meta name=\"twitter:data2\" content=\"3 minutos\" \/>\n<script type=\"application\/ld+json\" class=\"yoast-schema-graph\">{\"@context\":\"https:\/\/schema.org\",\"@graph\":[{\"@type\":\"Article\",\"@id\":\"https:\/\/noticiaempauta.com\/portal\/66-municipios-piauienses-estao-em-emergencia-por-causa-da-seca-veja-a-lista\/#article\",\"isPartOf\":{\"@id\":\"https:\/\/noticiaempauta.com\/portal\/66-municipios-piauienses-estao-em-emergencia-por-causa-da-seca-veja-a-lista\/\"},\"author\":{\"name\":\"Reda\u00e7\u00e3o\",\"@id\":\"https:\/\/noticiaempauta.com\/portal\/#\/schema\/person\/a74af43dd1ab3deca45f988c717d57ac\"},\"headline\":\"66 munic\u00edpios piauienses est\u00e3o em emerg\u00eancia por causa da seca; veja a lista\",\"datePublished\":\"2025-02-05T12:30:26+00:00\",\"dateModified\":\"2025-02-05T12:30:27+00:00\",\"mainEntityOfPage\":{\"@id\":\"https:\/\/noticiaempauta.com\/portal\/66-municipios-piauienses-estao-em-emergencia-por-causa-da-seca-veja-a-lista\/\"},\"wordCount\":420,\"commentCount\":0,\"publisher\":{\"@id\":\"https:\/\/noticiaempauta.com\/portal\/#organization\"},\"image\":{\"@id\":\"https:\/\/noticiaempauta.com\/portal\/66-municipios-piauienses-estao-em-emergencia-por-causa-da-seca-veja-a-lista\/#primaryimage\"},\"thumbnailUrl\":\"https:\/\/noticiaempauta.com\/portal\/wp-content\/uploads\/2024\/07\/governador-decreta-estado-de-emergencia-em-106-municipios-por-conta-da-seca-226ae4cf-360c-4105-9ce4-2e00ceba6baf.jpg.webp\",\"articleSection\":[\"Destaques\",\"Geral\",\"Munic\u00edpios\",\"Todas as Not\u00edcias\"],\"inLanguage\":\"pt-BR\",\"potentialAction\":[{\"@type\":\"CommentAction\",\"name\":\"Comment\",\"target\":[\"https:\/\/noticiaempauta.com\/portal\/66-municipios-piauienses-estao-em-emergencia-por-causa-da-seca-veja-a-lista\/#respond\"]}]},{\"@type\":\"WebPage\",\"@id\":\"https:\/\/noticiaempauta.com\/portal\/66-municipios-piauienses-estao-em-emergencia-por-causa-da-seca-veja-a-lista\/\",\"url\":\"https:\/\/noticiaempauta.com\/portal\/66-municipios-piauienses-estao-em-emergencia-por-causa-da-seca-veja-a-lista\/\",\"name\":\"66 munic\u00edpios piauienses est\u00e3o em emerg\u00eancia por causa da seca; veja a lista - Portal Not\u00edcia em Pauta\",\"isPartOf\":{\"@id\":\"https:\/\/noticiaempauta.com\/portal\/#website\"},\"primaryImageOfPage\":{\"@id\":\"https:\/\/noticiaempauta.com\/portal\/66-municipios-piauienses-estao-em-emergencia-por-causa-da-seca-veja-a-lista\/#primaryimage\"},\"image\":{\"@id\":\"https:\/\/noticiaempauta.com\/portal\/66-municipios-piauienses-estao-em-emergencia-por-causa-da-seca-veja-a-lista\/#primaryimage\"},\"thumbnailUrl\":\"https:\/\/noticiaempauta.com\/portal\/wp-content\/uploads\/2024\/07\/governador-decreta-estado-de-emergencia-em-106-municipios-por-conta-da-seca-226ae4cf-360c-4105-9ce4-2e00ceba6baf.jpg.webp\",\"datePublished\":\"2025-02-05T12:30:26+00:00\",\"dateModified\":\"2025-02-05T12:30:27+00:00\",\"breadcrumb\":{\"@id\":\"https:\/\/noticiaempauta.com\/portal\/66-municipios-piauienses-estao-em-emergencia-por-causa-da-seca-veja-a-lista\/#breadcrumb\"},\"inLanguage\":\"pt-BR\",\"potentialAction\":[{\"@type\":\"ReadAction\",\"target\":[\"https:\/\/noticiaempauta.com\/portal\/66-municipios-piauienses-estao-em-emergencia-por-causa-da-seca-veja-a-lista\/\"]}]},{\"@type\":\"ImageObject\",\"inLanguage\":\"pt-BR\",\"@id\":\"https:\/\/noticiaempauta.com\/portal\/66-municipios-piauienses-estao-em-emergencia-por-causa-da-seca-veja-a-lista\/#primaryimage\",\"url\":\"https:\/\/noticiaempauta.com\/portal\/wp-content\/uploads\/2024\/07\/governador-decreta-estado-de-emergencia-em-106-municipios-por-conta-da-seca-226ae4cf-360c-4105-9ce4-2e00ceba6baf.jpg.webp\",\"contentUrl\":\"https:\/\/noticiaempauta.com\/portal\/wp-content\/uploads\/2024\/07\/governador-decreta-estado-de-emergencia-em-106-municipios-por-conta-da-seca-226ae4cf-360c-4105-9ce4-2e00ceba6baf.jpg.webp\",\"width\":1200,\"height\":800},{\"@type\":\"BreadcrumbList\",\"@id\":\"https:\/\/noticiaempauta.com\/portal\/66-municipios-piauienses-estao-em-emergencia-por-causa-da-seca-veja-a-lista\/#breadcrumb\",\"itemListElement\":[{\"@type\":\"ListItem\",\"position\":1,\"name\":\"P\u00e1gina Inicial\",\"item\":\"https:\/\/noticiaempauta.com\/portal\/\"},{\"@type\":\"ListItem\",\"position\":2,\"name\":\"Destaques\",\"item\":\"https:\/\/noticiaempauta.com\/portal\/destaques-site\/\"},{\"@type\":\"ListItem\",\"position\":3,\"name\":\"66 munic\u00edpios piauienses est\u00e3o em emerg\u00eancia por causa da seca; veja a lista\"}]},{\"@type\":\"WebSite\",\"@id\":\"https:\/\/noticiaempauta.com\/portal\/#website\",\"url\":\"https:\/\/noticiaempauta.com\/portal\/\",\"name\":\"Portal Not\u00edcia em Pauta\",\"description\":\"Voc\u00ea bem informado\",\"publisher\":{\"@id\":\"https:\/\/noticiaempauta.com\/portal\/#organization\"},\"potentialAction\":[{\"@type\":\"SearchAction\",\"target\":{\"@type\":\"EntryPoint\",\"urlTemplate\":\"https:\/\/noticiaempauta.com\/portal\/?s={search_term_string}\"},\"query-input\":{\"@type\":\"PropertyValueSpecification\",\"valueRequired\":true,\"valueName\":\"search_term_string\"}}],\"inLanguage\":\"pt-BR\"},{\"@type\":\"Organization\",\"@id\":\"https:\/\/noticiaempauta.com\/portal\/#organization\",\"name\":\"Portal Not\u00edcia em Pauta\",\"url\":\"https:\/\/noticiaempauta.com\/portal\/\",\"logo\":{\"@type\":\"ImageObject\",\"inLanguage\":\"pt-BR\",\"@id\":\"https:\/\/noticiaempauta.com\/portal\/#\/schema\/logo\/image\/\",\"url\":\"https:\/\/noticiaempauta.com\/portal\/wp-content\/uploads\/2022\/08\/logomarca_tema.fw_.png\",\"contentUrl\":\"https:\/\/noticiaempauta.com\/portal\/wp-content\/uploads\/2022\/08\/logomarca_tema.fw_.png\",\"width\":400,\"height\":232,\"caption\":\"Portal Not\u00edcia em Pauta\"},\"image\":{\"@id\":\"https:\/\/noticiaempauta.com\/portal\/#\/schema\/logo\/image\/\"},\"sameAs\":[\"https:\/\/www.facebook.com\/Portal-Notcia-Em-Pauta-102292869264820\/\",\"https:\/\/www.instagram.com\/portalnoticiaempauta\/\"]},{\"@type\":\"Person\",\"@id\":\"https:\/\/noticiaempauta.com\/portal\/#\/schema\/person\/a74af43dd1ab3deca45f988c717d57ac\",\"name\":\"Reda\u00e7\u00e3o\",\"image\":{\"@type\":\"ImageObject\",\"inLanguage\":\"pt-BR\",\"@id\":\"https:\/\/noticiaempauta.com\/portal\/#\/schema\/person\/image\/\",\"url\":\"https:\/\/secure.gravatar.com\/avatar\/03179346ecce6cdfc13361603e8f54242a90e5cde8618fa23c5c00aa2b0aadf3?s=96&d=mm&r=g\",\"contentUrl\":\"https:\/\/secure.gravatar.com\/avatar\/03179346ecce6cdfc13361603e8f54242a90e5cde8618fa23c5c00aa2b0aadf3?s=96&d=mm&r=g\",\"caption\":\"Reda\u00e7\u00e3o\"},\"sameAs\":[\"https:\/\/noticiaempauta.com\/portal\/\"],\"url\":\"https:\/\/noticiaempauta.com\/portal\/author\/fernando\/\"}]}<\/script>\n<!-- \/ Yoast SEO Premium plugin. -->","yoast_head_json":{"title":"66 munic\u00edpios piauienses est\u00e3o em emerg\u00eancia por causa da seca; veja a lista - Portal Not\u00edcia em Pauta","robots":{"index":"index","follow":"follow","max-snippet":"max-snippet:-1","max-image-preview":"max-image-preview:large","max-video-preview":"max-video-preview:-1"},"canonical":"https:\/\/noticiaempauta.com\/portal\/66-municipios-piauienses-estao-em-emergencia-por-causa-da-seca-veja-a-lista\/","og_locale":"pt_BR","og_type":"article","og_title":"66 munic\u00edpios piauienses est\u00e3o em emerg\u00eancia por causa da seca; veja a lista","og_description":"O Piau\u00ed tem 66 munic\u00edpios em situa\u00e7\u00e3o de emerg\u00eancia por causa da seca. A lista consta em decreto publicado na \u00faltima segunda-feira (03) no\u00a0Di\u00e1rio Oficial da Uni\u00e3o\u00a0pelo Minist\u00e9rio da Integra\u00e7\u00e3o e Desenvolvimento Regional. O documento \u00e9 assinado pelo secret\u00e1rio nacional de Prote\u00e7\u00e3o e Defesa Civil. Esta \u00e9 a segunda vez em uma semana que cidades [&hellip;]","og_url":"https:\/\/noticiaempauta.com\/portal\/66-municipios-piauienses-estao-em-emergencia-por-causa-da-seca-veja-a-lista\/","og_site_name":"Portal Not\u00edcia em Pauta","article_publisher":"https:\/\/www.facebook.com\/Portal-Notcia-Em-Pauta-102292869264820\/","article_published_time":"2025-02-05T12:30:26+00:00","article_modified_time":"2025-02-05T12:30:27+00:00","og_image":[{"width":1200,"height":800,"url":"https:\/\/noticiaempauta.com\/portal\/wp-content\/uploads\/2024\/07\/governador-decreta-estado-de-emergencia-em-106-municipios-por-conta-da-seca-226ae4cf-360c-4105-9ce4-2e00ceba6baf.jpg.webp","type":"image\/webp"}],"author":"Reda\u00e7\u00e3o","twitter_card":"summary_large_image","twitter_misc":{"Escrito por":"Reda\u00e7\u00e3o","Est. tempo de leitura":"3 minutos"},"schema":{"@context":"https:\/\/schema.org","@graph":[{"@type":"Article","@id":"https:\/\/noticiaempauta.com\/portal\/66-municipios-piauienses-estao-em-emergencia-por-causa-da-seca-veja-a-lista\/#article","isPartOf":{"@id":"https:\/\/noticiaempauta.com\/portal\/66-municipios-piauienses-estao-em-emergencia-por-causa-da-seca-veja-a-lista\/"},"author":{"name":"Reda\u00e7\u00e3o","@id":"https:\/\/noticiaempauta.com\/portal\/#\/schema\/person\/a74af43dd1ab3deca45f988c717d57ac"},"headline":"66 munic\u00edpios piauienses est\u00e3o em emerg\u00eancia por causa da seca; veja a lista","datePublished":"2025-02-05T12:30:26+00:00","dateModified":"2025-02-05T12:30:27+00:00","mainEntityOfPage":{"@id":"https:\/\/noticiaempauta.com\/portal\/66-municipios-piauienses-estao-em-emergencia-por-causa-da-seca-veja-a-lista\/"},"wordCount":420,"commentCount":0,"publisher":{"@id":"https:\/\/noticiaempauta.com\/portal\/#organization"},"image":{"@id":"https:\/\/noticiaempauta.com\/portal\/66-municipios-piauienses-estao-em-emergencia-por-causa-da-seca-veja-a-lista\/#primaryimage"},"thumbnailUrl":"https:\/\/noticiaempauta.com\/portal\/wp-content\/uploads\/2024\/07\/governador-decreta-estado-de-emergencia-em-106-municipios-por-conta-da-seca-226ae4cf-360c-4105-9ce4-2e00ceba6baf.jpg.webp","articleSection":["Destaques","Geral","Munic\u00edpios","Todas as Not\u00edcias"],"inLanguage":"pt-BR","potentialAction":[{"@type":"CommentAction","name":"Comment","target":["https:\/\/noticiaempauta.com\/portal\/66-municipios-piauienses-estao-em-emergencia-por-causa-da-seca-veja-a-lista\/#respond"]}]},{"@type":"WebPage","@id":"https:\/\/noticiaempauta.com\/portal\/66-municipios-piauienses-estao-em-emergencia-por-causa-da-seca-veja-a-lista\/","url":"https:\/\/noticiaempauta.com\/portal\/66-municipios-piauienses-estao-em-emergencia-por-causa-da-seca-veja-a-lista\/","name":"66 munic\u00edpios piauienses est\u00e3o em emerg\u00eancia por causa da seca; veja a lista - Portal Not\u00edcia em Pauta","isPartOf":{"@id":"https:\/\/noticiaempauta.com\/portal\/#website"},"primaryImageOfPage":{"@id":"https:\/\/noticiaempauta.com\/portal\/66-municipios-piauienses-estao-em-emergencia-por-causa-da-seca-veja-a-lista\/#primaryimage"},"image":{"@id":"https:\/\/noticiaempauta.com\/portal\/66-municipios-piauienses-estao-em-emergencia-por-causa-da-seca-veja-a-lista\/#primaryimage"},"thumbnailUrl":"https:\/\/noticiaempauta.com\/portal\/wp-content\/uploads\/2024\/07\/governador-decreta-estado-de-emergencia-em-106-municipios-por-conta-da-seca-226ae4cf-360c-4105-9ce4-2e00ceba6baf.jpg.webp","datePublished":"2025-02-05T12:30:26+00:00","dateModified":"2025-02-05T12:30:27+00:00","breadcrumb":{"@id":"https:\/\/noticiaempauta.com\/portal\/66-municipios-piauienses-estao-em-emergencia-por-causa-da-seca-veja-a-lista\/#breadcrumb"},"inLanguage":"pt-BR","potentialAction":[{"@type":"ReadAction","target":["https:\/\/noticiaempauta.com\/portal\/66-municipios-piauienses-estao-em-emergencia-por-causa-da-seca-veja-a-lista\/"]}]},{"@type":"ImageObject","inLanguage":"pt-BR","@id":"https:\/\/noticiaempauta.com\/portal\/66-municipios-piauienses-estao-em-emergencia-por-causa-da-seca-veja-a-lista\/#primaryimage","url":"https:\/\/noticiaempauta.com\/portal\/wp-content\/uploads\/2024\/07\/governador-decreta-estado-de-emergencia-em-106-municipios-por-conta-da-seca-226ae4cf-360c-4105-9ce4-2e00ceba6baf.jpg.webp","contentUrl":"https:\/\/noticiaempauta.com\/portal\/wp-content\/uploads\/2024\/07\/governador-decreta-estado-de-emergencia-em-106-municipios-por-conta-da-seca-226ae4cf-360c-4105-9ce4-2e00ceba6baf.jpg.webp","width":1200,"height":800},{"@type":"BreadcrumbList","@id":"https:\/\/noticiaempauta.com\/portal\/66-municipios-piauienses-estao-em-emergencia-por-causa-da-seca-veja-a-lista\/#breadcrumb","itemListElement":[{"@type":"ListItem","position":1,"name":"P\u00e1gina Inicial","item":"https:\/\/noticiaempauta.com\/portal\/"},{"@type":"ListItem","position":2,"name":"Destaques","item":"https:\/\/noticiaempauta.com\/portal\/destaques-site\/"},{"@type":"ListItem","position":3,"name":"66 munic\u00edpios piauienses est\u00e3o em emerg\u00eancia por causa da seca; veja a lista"}]},{"@type":"WebSite","@id":"https:\/\/noticiaempauta.com\/portal\/#website","url":"https:\/\/noticiaempauta.com\/portal\/","name":"Portal Not\u00edcia em Pauta","description":"Voc\u00ea bem informado","publisher":{"@id":"https:\/\/noticiaempauta.com\/portal\/#organization"},"potentialAction":[{"@type":"SearchAction","target":{"@type":"EntryPoint","urlTemplate":"https:\/\/noticiaempauta.com\/portal\/?s={search_term_string}"},"query-input":{"@type":"PropertyValueSpecification","valueRequired":true,"valueName":"search_term_string"}}],"inLanguage":"pt-BR"},{"@type":"Organization","@id":"https:\/\/noticiaempauta.com\/portal\/#organization","name":"Portal Not\u00edcia em Pauta","url":"https:\/\/noticiaempauta.com\/portal\/","logo":{"@type":"ImageObject","inLanguage":"pt-BR","@id":"https:\/\/noticiaempauta.com\/portal\/#\/schema\/logo\/image\/","url":"https:\/\/noticiaempauta.com\/portal\/wp-content\/uploads\/2022\/08\/logomarca_tema.fw_.png","contentUrl":"https:\/\/noticiaempauta.com\/portal\/wp-content\/uploads\/2022\/08\/logomarca_tema.fw_.png","width":400,"height":232,"caption":"Portal Not\u00edcia em Pauta"},"image":{"@id":"https:\/\/noticiaempauta.com\/portal\/#\/schema\/logo\/image\/"},"sameAs":["https:\/\/www.facebook.com\/Portal-Notcia-Em-Pauta-102292869264820\/","https:\/\/www.instagram.com\/portalnoticiaempauta\/"]},{"@type":"Person","@id":"https:\/\/noticiaempauta.com\/portal\/#\/schema\/person\/a74af43dd1ab3deca45f988c717d57ac","name":"Reda\u00e7\u00e3o","image":{"@type":"ImageObject","inLanguage":"pt-BR","@id":"https:\/\/noticiaempauta.com\/portal\/#\/schema\/person\/image\/","url":"https:\/\/secure.gravatar.com\/avatar\/03179346ecce6cdfc13361603e8f54242a90e5cde8618fa23c5c00aa2b0aadf3?s=96&d=mm&r=g","contentUrl":"https:\/\/secure.gravatar.com\/avatar\/03179346ecce6cdfc13361603e8f54242a90e5cde8618fa23c5c00aa2b0aadf3?s=96&d=mm&r=g","caption":"Reda\u00e7\u00e3o"},"sameAs":["https:\/\/noticiaempauta.com\/portal\/"],"url":"https:\/\/noticiaempauta.com\/portal\/author\/fernando\/"}]}},"_links":{"self":[{"href":"https:\/\/noticiaempauta.com\/portal\/wp-json\/wp\/v2\/posts\/267356","targetHints":{"allow":["GET"]}}],"collection":[{"href":"https:\/\/noticiaempauta.com\/portal\/wp-json\/wp\/v2\/posts"}],"about":[{"href":"https:\/\/noticiaempauta.com\/portal\/wp-json\/wp\/v2\/types\/post"}],"author":[{"embeddable":true,"href":"https:\/\/noticiaempauta.com\/portal\/wp-json\/wp\/v2\/users\/2"}],"replies":[{"embeddable":true,"href":"https:\/\/noticiaempauta.com\/portal\/wp-json\/wp\/v2\/comments?post=267356"}],"version-history":[{"count":2,"href":"https:\/\/noticiaempauta.com\/portal\/wp-json\/wp\/v2\/posts\/267356\/revisions"}],"predecessor-version":[{"id":267358,"href":"https:\/\/noticiaempauta.com\/portal\/wp-json\/wp\/v2\/posts\/267356\/revisions\/267358"}],"wp:featuredmedia":[{"embeddable":true,"href":"https:\/\/noticiaempauta.com\/portal\/wp-json\/wp\/v2\/media\/259540"}],"wp:attachment":[{"href":"https:\/\/noticiaempauta.com\/portal\/wp-json\/wp\/v2\/media?parent=267356"}],"wp:term":[{"taxonomy":"category","embeddable":true,"href":"https:\/\/noticiaempauta.com\/portal\/wp-json\/wp\/v2\/categories?post=267356"},{"taxonomy":"post_tag","embeddable":true,"href":"https:\/\/noticiaempauta.com\/portal\/wp-json\/wp\/v2\/tags?post=267356"}],"curies":[{"name":"wp","href":"https:\/\/api.w.org\/{rel}","templated":true}]}}