{"id":267359,"date":"2025-02-05T10:04:27","date_gmt":"2025-02-05T13:04:27","guid":{"rendered":"https:\/\/noticiaempauta.com\/portal\/?p=267359"},"modified":"2025-02-05T10:16:54","modified_gmt":"2025-02-05T13:16:54","slug":"picos-camara-municipal-realiza-abertura-do-ano-legislativo-nesta-quinta-feira-06","status":"publish","type":"post","link":"https:\/\/noticiaempauta.com\/portal\/picos-camara-municipal-realiza-abertura-do-ano-legislativo-nesta-quinta-feira-06\/","title":{"rendered":"Picos | C\u00e2mara Municipal realiza abertura do ano legislativo nesta quinta-feira (06)"},"content":{"rendered":"\n<p>A abertura oficial do ano legislativo picoense acontece na tarde desta quinta-feira (06), a partir das 15h, sob a condu\u00e7\u00e3o da nova mesa diretora, tendo como presidente o decano, vereador Rinaldinho (MDB). Na oportunidade tamb\u00e9m ser\u00e1 feita a leitura da mensagem do chefe do executivo municipal, o prefeito Pablo Santos (MDB).<\/p>\n\n\n\n<figure class=\"wp-block-image size-large\"><img fetchpriority=\"high\" decoding=\"async\" width=\"842\" height=\"1024\" src=\"https:\/\/noticiaempauta.com\/portal\/wp-content\/uploads\/2025\/02\/WhatsApp-Image-2025-02-05-at-09.56.03-842x1024.jpeg\" alt=\"\" class=\"wp-image-267361\" srcset=\"https:\/\/noticiaempauta.com\/portal\/wp-content\/uploads\/2025\/02\/WhatsApp-Image-2025-02-05-at-09.56.03-842x1024.jpeg 842w, https:\/\/noticiaempauta.com\/portal\/wp-content\/uploads\/2025\/02\/WhatsApp-Image-2025-02-05-at-09.56.03-247x300.jpeg 247w, https:\/\/noticiaempauta.com\/portal\/wp-content\/uploads\/2025\/02\/WhatsApp-Image-2025-02-05-at-09.56.03-768x934.jpeg 768w, https:\/\/noticiaempauta.com\/portal\/wp-content\/uploads\/2025\/02\/WhatsApp-Image-2025-02-05-at-09.56.03.jpeg 1053w\" sizes=\"(max-width: 842px) 100vw, 842px\" \/><\/figure>\n\n\n\n<p>A nova mesa diretora da C\u00e2mara Municipal de Picos para o bi\u00eanio 2025-2026 ter\u00e1 a seguinte composi\u00e7\u00e3o: Rinaldinho (MDB), presidente, Mat\u00e9 (PSB), 1\u00b0 vice-presidente; Vald\u00edvia Santos (PT), 2\u00b0 vice-presidente; Eriberto Barros (PSD), 1\u00b0 secret\u00e1rio; e Creusa Nunes (MDB), 2\u00b0 secret\u00e1ria. <strong> <\/strong><\/p>\n\n\n\n<figure class=\"wp-block-image size-large\"><img decoding=\"async\" width=\"1024\" height=\"728\" src=\"https:\/\/noticiaempauta.com\/portal\/wp-content\/uploads\/2025\/02\/WhatsApp-Image-2025-01-02-at-08.17.56.jpeg-1024x728.webp\" alt=\"\" class=\"wp-image-267362\" srcset=\"https:\/\/noticiaempauta.com\/portal\/wp-content\/uploads\/2025\/02\/WhatsApp-Image-2025-01-02-at-08.17.56.jpeg-1024x728.webp 1024w, https:\/\/noticiaempauta.com\/portal\/wp-content\/uploads\/2025\/02\/WhatsApp-Image-2025-01-02-at-08.17.56.jpeg-300x213.webp 300w, https:\/\/noticiaempauta.com\/portal\/wp-content\/uploads\/2025\/02\/WhatsApp-Image-2025-01-02-at-08.17.56.jpeg-768x546.webp 768w, https:\/\/noticiaempauta.com\/portal\/wp-content\/uploads\/2025\/02\/WhatsApp-Image-2025-01-02-at-08.17.56.jpeg.webp 1200w\" sizes=\"(max-width: 1024px) 100vw, 1024px\" \/><figcaption class=\"wp-element-caption\"><strong>Mesa diretora da C\u00e2mara Municipal de Picos, bi\u00eanio (2025-2026)<\/strong>.<\/figcaption><\/figure>\n\n\n\n<figure class=\"wp-block-image size-full\"><img decoding=\"async\" width=\"778\" height=\"544\" src=\"https:\/\/noticiaempauta.com\/portal\/wp-content\/uploads\/2025\/01\/pablo22.jpg\" alt=\"\" class=\"wp-image-266657\" srcset=\"https:\/\/noticiaempauta.com\/portal\/wp-content\/uploads\/2025\/01\/pablo22.jpg 778w, https:\/\/noticiaempauta.com\/portal\/wp-content\/uploads\/2025\/01\/pablo22-300x210.jpg 300w, https:\/\/noticiaempauta.com\/portal\/wp-content\/uploads\/2025\/01\/pablo22-768x537.jpg 768w\" sizes=\"(max-width: 778px) 100vw, 778px\" \/><figcaption class=\"wp-element-caption\"><strong>Ap\u00f3s abertura dos trabalhos pela mesa diretora, o prefeito Pablo Santos (MDB) far\u00e1 leitura da mensagem anual.<\/strong><\/figcaption><\/figure>\n\n\n\n<p>A sess\u00e3o ser\u00e1 aberta ao p\u00fablico, sendo tamb\u00e9m transmitida ao vivo pela R\u00e1dio Cidade Modelo 95,3 FM, instagram @camaradepicos, e pelo Youtube.<\/p>\n","protected":false},"excerpt":{"rendered":"<p>A abertura oficial do ano legislativo picoense acontece na tarde desta quinta-feira (06), a partir das 15h, sob a condu\u00e7\u00e3o da nova mesa diretora, tendo como presidente o decano, vereador Rinaldinho (MDB). Na oportunidade tamb\u00e9m ser\u00e1 feita a leitura da mensagem do chefe do executivo municipal, o prefeito Pablo Santos (MDB). A nova mesa diretora [&hellip;]<\/p>\n","protected":false},"author":2,"featured_media":267360,"comment_status":"open","ping_status":"open","sticky":false,"template":"","format":"standard","meta":{"_mi_skip_tracking":false,"footnotes":""},"categories":[25,1,16],"tags":[192],"class_list":["post-267359","post","type-post","status-publish","format-standard","has-post-thumbnail","hentry","category-destaques-site","category-geral","category-todas","tag-destaqueprincipal"],"acf":[],"yoast_head":"<!-- This site is optimized with the Yoast SEO Premium plugin v19.2 (Yoast SEO v26.9) - https:\/\/yoast.com\/product\/yoast-seo-premium-wordpress\/ -->\n<title>Picos | C\u00e2mara Municipal realiza abertura do ano legislativo nesta quinta-feira (06) - Portal Not\u00edcia em Pauta<\/title>\n<meta name=\"robots\" content=\"index, follow, max-snippet:-1, max-image-preview:large, max-video-preview:-1\" \/>\n<link rel=\"canonical\" href=\"https:\/\/noticiaempauta.com\/portal\/picos-camara-municipal-realiza-abertura-do-ano-legislativo-nesta-quinta-feira-06\/\" \/>\n<meta property=\"og:locale\" content=\"pt_BR\" \/>\n<meta property=\"og:type\" content=\"article\" \/>\n<meta property=\"og:title\" content=\"Picos | C\u00e2mara Municipal realiza abertura do ano legislativo nesta quinta-feira (06)\" \/>\n<meta property=\"og:description\" content=\"A abertura oficial do ano legislativo picoense acontece na tarde desta quinta-feira (06), a partir das 15h, sob a condu\u00e7\u00e3o da nova mesa diretora, tendo como presidente o decano, vereador Rinaldinho (MDB). Na oportunidade tamb\u00e9m ser\u00e1 feita a leitura da mensagem do chefe do executivo municipal, o prefeito Pablo Santos (MDB). A nova mesa diretora [&hellip;]\" \/>\n<meta property=\"og:url\" content=\"https:\/\/noticiaempauta.com\/portal\/picos-camara-municipal-realiza-abertura-do-ano-legislativo-nesta-quinta-feira-06\/\" \/>\n<meta property=\"og:site_name\" content=\"Portal Not\u00edcia em Pauta\" \/>\n<meta property=\"article:publisher\" content=\"https:\/\/www.facebook.com\/Portal-Notcia-Em-Pauta-102292869264820\/\" \/>\n<meta property=\"article:published_time\" content=\"2025-02-05T13:04:27+00:00\" \/>\n<meta property=\"article:modified_time\" content=\"2025-02-05T13:16:54+00:00\" \/>\n<meta property=\"og:image\" content=\"https:\/\/noticiaempauta.com\/portal\/wp-content\/uploads\/2025\/02\/camarapicos.jpeg\" \/>\n\t<meta property=\"og:image:width\" content=\"1170\" \/>\n\t<meta property=\"og:image:height\" content=\"765\" \/>\n\t<meta property=\"og:image:type\" content=\"image\/jpeg\" \/>\n<meta name=\"author\" content=\"Reda\u00e7\u00e3o\" \/>\n<meta name=\"twitter:card\" content=\"summary_large_image\" \/>\n<meta name=\"twitter:label1\" content=\"Escrito por\" \/>\n\t<meta name=\"twitter:data1\" content=\"Reda\u00e7\u00e3o\" \/>\n\t<meta name=\"twitter:label2\" content=\"Est. tempo de leitura\" \/>\n\t<meta name=\"twitter:data2\" content=\"2 minutos\" \/>\n<script type=\"application\/ld+json\" class=\"yoast-schema-graph\">{\"@context\":\"https:\/\/schema.org\",\"@graph\":[{\"@type\":\"Article\",\"@id\":\"https:\/\/noticiaempauta.com\/portal\/picos-camara-municipal-realiza-abertura-do-ano-legislativo-nesta-quinta-feira-06\/#article\",\"isPartOf\":{\"@id\":\"https:\/\/noticiaempauta.com\/portal\/picos-camara-municipal-realiza-abertura-do-ano-legislativo-nesta-quinta-feira-06\/\"},\"author\":{\"name\":\"Reda\u00e7\u00e3o\",\"@id\":\"https:\/\/noticiaempauta.com\/portal\/#\/schema\/person\/a74af43dd1ab3deca45f988c717d57ac\"},\"headline\":\"Picos | C\u00e2mara Municipal realiza abertura do ano legislativo nesta quinta-feira (06)\",\"datePublished\":\"2025-02-05T13:04:27+00:00\",\"dateModified\":\"2025-02-05T13:16:54+00:00\",\"mainEntityOfPage\":{\"@id\":\"https:\/\/noticiaempauta.com\/portal\/picos-camara-municipal-realiza-abertura-do-ano-legislativo-nesta-quinta-feira-06\/\"},\"wordCount\":159,\"commentCount\":0,\"publisher\":{\"@id\":\"https:\/\/noticiaempauta.com\/portal\/#organization\"},\"image\":{\"@id\":\"https:\/\/noticiaempauta.com\/portal\/picos-camara-municipal-realiza-abertura-do-ano-legislativo-nesta-quinta-feira-06\/#primaryimage\"},\"thumbnailUrl\":\"https:\/\/noticiaempauta.com\/portal\/wp-content\/uploads\/2025\/02\/camarapicos.jpeg\",\"keywords\":[\"destaqueprincipal\"],\"articleSection\":[\"Destaques\",\"Geral\",\"Todas as Not\u00edcias\"],\"inLanguage\":\"pt-BR\",\"potentialAction\":[{\"@type\":\"CommentAction\",\"name\":\"Comment\",\"target\":[\"https:\/\/noticiaempauta.com\/portal\/picos-camara-municipal-realiza-abertura-do-ano-legislativo-nesta-quinta-feira-06\/#respond\"]}]},{\"@type\":\"WebPage\",\"@id\":\"https:\/\/noticiaempauta.com\/portal\/picos-camara-municipal-realiza-abertura-do-ano-legislativo-nesta-quinta-feira-06\/\",\"url\":\"https:\/\/noticiaempauta.com\/portal\/picos-camara-municipal-realiza-abertura-do-ano-legislativo-nesta-quinta-feira-06\/\",\"name\":\"Picos | C\u00e2mara Municipal realiza abertura do ano legislativo nesta quinta-feira (06) - Portal Not\u00edcia em Pauta\",\"isPartOf\":{\"@id\":\"https:\/\/noticiaempauta.com\/portal\/#website\"},\"primaryImageOfPage\":{\"@id\":\"https:\/\/noticiaempauta.com\/portal\/picos-camara-municipal-realiza-abertura-do-ano-legislativo-nesta-quinta-feira-06\/#primaryimage\"},\"image\":{\"@id\":\"https:\/\/noticiaempauta.com\/portal\/picos-camara-municipal-realiza-abertura-do-ano-legislativo-nesta-quinta-feira-06\/#primaryimage\"},\"thumbnailUrl\":\"https:\/\/noticiaempauta.com\/portal\/wp-content\/uploads\/2025\/02\/camarapicos.jpeg\",\"datePublished\":\"2025-02-05T13:04:27+00:00\",\"dateModified\":\"2025-02-05T13:16:54+00:00\",\"breadcrumb\":{\"@id\":\"https:\/\/noticiaempauta.com\/portal\/picos-camara-municipal-realiza-abertura-do-ano-legislativo-nesta-quinta-feira-06\/#breadcrumb\"},\"inLanguage\":\"pt-BR\",\"potentialAction\":[{\"@type\":\"ReadAction\",\"target\":[\"https:\/\/noticiaempauta.com\/portal\/picos-camara-municipal-realiza-abertura-do-ano-legislativo-nesta-quinta-feira-06\/\"]}]},{\"@type\":\"ImageObject\",\"inLanguage\":\"pt-BR\",\"@id\":\"https:\/\/noticiaempauta.com\/portal\/picos-camara-municipal-realiza-abertura-do-ano-legislativo-nesta-quinta-feira-06\/#primaryimage\",\"url\":\"https:\/\/noticiaempauta.com\/portal\/wp-content\/uploads\/2025\/02\/camarapicos.jpeg\",\"contentUrl\":\"https:\/\/noticiaempauta.com\/portal\/wp-content\/uploads\/2025\/02\/camarapicos.jpeg\",\"width\":1170,\"height\":765,\"caption\":\"(Foto: Reprodu\u00e7\u00e3o)\"},{\"@type\":\"BreadcrumbList\",\"@id\":\"https:\/\/noticiaempauta.com\/portal\/picos-camara-municipal-realiza-abertura-do-ano-legislativo-nesta-quinta-feira-06\/#breadcrumb\",\"itemListElement\":[{\"@type\":\"ListItem\",\"position\":1,\"name\":\"P\u00e1gina Inicial\",\"item\":\"https:\/\/noticiaempauta.com\/portal\/\"},{\"@type\":\"ListItem\",\"position\":2,\"name\":\"Destaques\",\"item\":\"https:\/\/noticiaempauta.com\/portal\/destaques-site\/\"},{\"@type\":\"ListItem\",\"position\":3,\"name\":\"Picos | C\u00e2mara Municipal realiza abertura do ano legislativo nesta quinta-feira (06)\"}]},{\"@type\":\"WebSite\",\"@id\":\"https:\/\/noticiaempauta.com\/portal\/#website\",\"url\":\"https:\/\/noticiaempauta.com\/portal\/\",\"name\":\"Portal Not\u00edcia em Pauta\",\"description\":\"Voc\u00ea bem informado\",\"publisher\":{\"@id\":\"https:\/\/noticiaempauta.com\/portal\/#organization\"},\"potentialAction\":[{\"@type\":\"SearchAction\",\"target\":{\"@type\":\"EntryPoint\",\"urlTemplate\":\"https:\/\/noticiaempauta.com\/portal\/?s={search_term_string}\"},\"query-input\":{\"@type\":\"PropertyValueSpecification\",\"valueRequired\":true,\"valueName\":\"search_term_string\"}}],\"inLanguage\":\"pt-BR\"},{\"@type\":\"Organization\",\"@id\":\"https:\/\/noticiaempauta.com\/portal\/#organization\",\"name\":\"Portal Not\u00edcia em Pauta\",\"url\":\"https:\/\/noticiaempauta.com\/portal\/\",\"logo\":{\"@type\":\"ImageObject\",\"inLanguage\":\"pt-BR\",\"@id\":\"https:\/\/noticiaempauta.com\/portal\/#\/schema\/logo\/image\/\",\"url\":\"https:\/\/noticiaempauta.com\/portal\/wp-content\/uploads\/2022\/08\/logomarca_tema.fw_.png\",\"contentUrl\":\"https:\/\/noticiaempauta.com\/portal\/wp-content\/uploads\/2022\/08\/logomarca_tema.fw_.png\",\"width\":400,\"height\":232,\"caption\":\"Portal Not\u00edcia em Pauta\"},\"image\":{\"@id\":\"https:\/\/noticiaempauta.com\/portal\/#\/schema\/logo\/image\/\"},\"sameAs\":[\"https:\/\/www.facebook.com\/Portal-Notcia-Em-Pauta-102292869264820\/\",\"https:\/\/www.instagram.com\/portalnoticiaempauta\/\"]},{\"@type\":\"Person\",\"@id\":\"https:\/\/noticiaempauta.com\/portal\/#\/schema\/person\/a74af43dd1ab3deca45f988c717d57ac\",\"name\":\"Reda\u00e7\u00e3o\",\"image\":{\"@type\":\"ImageObject\",\"inLanguage\":\"pt-BR\",\"@id\":\"https:\/\/noticiaempauta.com\/portal\/#\/schema\/person\/image\/\",\"url\":\"https:\/\/secure.gravatar.com\/avatar\/03179346ecce6cdfc13361603e8f54242a90e5cde8618fa23c5c00aa2b0aadf3?s=96&d=mm&r=g\",\"contentUrl\":\"https:\/\/secure.gravatar.com\/avatar\/03179346ecce6cdfc13361603e8f54242a90e5cde8618fa23c5c00aa2b0aadf3?s=96&d=mm&r=g\",\"caption\":\"Reda\u00e7\u00e3o\"},\"sameAs\":[\"https:\/\/noticiaempauta.com\/portal\/\"],\"url\":\"https:\/\/noticiaempauta.com\/portal\/author\/fernando\/\"}]}<\/script>\n<!-- \/ Yoast SEO Premium plugin. -->","yoast_head_json":{"title":"Picos | C\u00e2mara Municipal realiza abertura do ano legislativo nesta quinta-feira (06) - Portal Not\u00edcia em Pauta","robots":{"index":"index","follow":"follow","max-snippet":"max-snippet:-1","max-image-preview":"max-image-preview:large","max-video-preview":"max-video-preview:-1"},"canonical":"https:\/\/noticiaempauta.com\/portal\/picos-camara-municipal-realiza-abertura-do-ano-legislativo-nesta-quinta-feira-06\/","og_locale":"pt_BR","og_type":"article","og_title":"Picos | C\u00e2mara Municipal realiza abertura do ano legislativo nesta quinta-feira (06)","og_description":"A abertura oficial do ano legislativo picoense acontece na tarde desta quinta-feira (06), a partir das 15h, sob a condu\u00e7\u00e3o da nova mesa diretora, tendo como presidente o decano, vereador Rinaldinho (MDB). Na oportunidade tamb\u00e9m ser\u00e1 feita a leitura da mensagem do chefe do executivo municipal, o prefeito Pablo Santos (MDB). A nova mesa diretora [&hellip;]","og_url":"https:\/\/noticiaempauta.com\/portal\/picos-camara-municipal-realiza-abertura-do-ano-legislativo-nesta-quinta-feira-06\/","og_site_name":"Portal Not\u00edcia em Pauta","article_publisher":"https:\/\/www.facebook.com\/Portal-Notcia-Em-Pauta-102292869264820\/","article_published_time":"2025-02-05T13:04:27+00:00","article_modified_time":"2025-02-05T13:16:54+00:00","og_image":[{"width":1170,"height":765,"url":"https:\/\/noticiaempauta.com\/portal\/wp-content\/uploads\/2025\/02\/camarapicos.jpeg","type":"image\/jpeg"}],"author":"Reda\u00e7\u00e3o","twitter_card":"summary_large_image","twitter_misc":{"Escrito por":"Reda\u00e7\u00e3o","Est. tempo de leitura":"2 minutos"},"schema":{"@context":"https:\/\/schema.org","@graph":[{"@type":"Article","@id":"https:\/\/noticiaempauta.com\/portal\/picos-camara-municipal-realiza-abertura-do-ano-legislativo-nesta-quinta-feira-06\/#article","isPartOf":{"@id":"https:\/\/noticiaempauta.com\/portal\/picos-camara-municipal-realiza-abertura-do-ano-legislativo-nesta-quinta-feira-06\/"},"author":{"name":"Reda\u00e7\u00e3o","@id":"https:\/\/noticiaempauta.com\/portal\/#\/schema\/person\/a74af43dd1ab3deca45f988c717d57ac"},"headline":"Picos | C\u00e2mara Municipal realiza abertura do ano legislativo nesta quinta-feira (06)","datePublished":"2025-02-05T13:04:27+00:00","dateModified":"2025-02-05T13:16:54+00:00","mainEntityOfPage":{"@id":"https:\/\/noticiaempauta.com\/portal\/picos-camara-municipal-realiza-abertura-do-ano-legislativo-nesta-quinta-feira-06\/"},"wordCount":159,"commentCount":0,"publisher":{"@id":"https:\/\/noticiaempauta.com\/portal\/#organization"},"image":{"@id":"https:\/\/noticiaempauta.com\/portal\/picos-camara-municipal-realiza-abertura-do-ano-legislativo-nesta-quinta-feira-06\/#primaryimage"},"thumbnailUrl":"https:\/\/noticiaempauta.com\/portal\/wp-content\/uploads\/2025\/02\/camarapicos.jpeg","keywords":["destaqueprincipal"],"articleSection":["Destaques","Geral","Todas as Not\u00edcias"],"inLanguage":"pt-BR","potentialAction":[{"@type":"CommentAction","name":"Comment","target":["https:\/\/noticiaempauta.com\/portal\/picos-camara-municipal-realiza-abertura-do-ano-legislativo-nesta-quinta-feira-06\/#respond"]}]},{"@type":"WebPage","@id":"https:\/\/noticiaempauta.com\/portal\/picos-camara-municipal-realiza-abertura-do-ano-legislativo-nesta-quinta-feira-06\/","url":"https:\/\/noticiaempauta.com\/portal\/picos-camara-municipal-realiza-abertura-do-ano-legislativo-nesta-quinta-feira-06\/","name":"Picos | C\u00e2mara Municipal realiza abertura do ano legislativo nesta quinta-feira (06) - Portal Not\u00edcia em Pauta","isPartOf":{"@id":"https:\/\/noticiaempauta.com\/portal\/#website"},"primaryImageOfPage":{"@id":"https:\/\/noticiaempauta.com\/portal\/picos-camara-municipal-realiza-abertura-do-ano-legislativo-nesta-quinta-feira-06\/#primaryimage"},"image":{"@id":"https:\/\/noticiaempauta.com\/portal\/picos-camara-municipal-realiza-abertura-do-ano-legislativo-nesta-quinta-feira-06\/#primaryimage"},"thumbnailUrl":"https:\/\/noticiaempauta.com\/portal\/wp-content\/uploads\/2025\/02\/camarapicos.jpeg","datePublished":"2025-02-05T13:04:27+00:00","dateModified":"2025-02-05T13:16:54+00:00","breadcrumb":{"@id":"https:\/\/noticiaempauta.com\/portal\/picos-camara-municipal-realiza-abertura-do-ano-legislativo-nesta-quinta-feira-06\/#breadcrumb"},"inLanguage":"pt-BR","potentialAction":[{"@type":"ReadAction","target":["https:\/\/noticiaempauta.com\/portal\/picos-camara-municipal-realiza-abertura-do-ano-legislativo-nesta-quinta-feira-06\/"]}]},{"@type":"ImageObject","inLanguage":"pt-BR","@id":"https:\/\/noticiaempauta.com\/portal\/picos-camara-municipal-realiza-abertura-do-ano-legislativo-nesta-quinta-feira-06\/#primaryimage","url":"https:\/\/noticiaempauta.com\/portal\/wp-content\/uploads\/2025\/02\/camarapicos.jpeg","contentUrl":"https:\/\/noticiaempauta.com\/portal\/wp-content\/uploads\/2025\/02\/camarapicos.jpeg","width":1170,"height":765,"caption":"(Foto: Reprodu\u00e7\u00e3o)"},{"@type":"BreadcrumbList","@id":"https:\/\/noticiaempauta.com\/portal\/picos-camara-municipal-realiza-abertura-do-ano-legislativo-nesta-quinta-feira-06\/#breadcrumb","itemListElement":[{"@type":"ListItem","position":1,"name":"P\u00e1gina Inicial","item":"https:\/\/noticiaempauta.com\/portal\/"},{"@type":"ListItem","position":2,"name":"Destaques","item":"https:\/\/noticiaempauta.com\/portal\/destaques-site\/"},{"@type":"ListItem","position":3,"name":"Picos | C\u00e2mara Municipal realiza abertura do ano legislativo nesta quinta-feira (06)"}]},{"@type":"WebSite","@id":"https:\/\/noticiaempauta.com\/portal\/#website","url":"https:\/\/noticiaempauta.com\/portal\/","name":"Portal Not\u00edcia em Pauta","description":"Voc\u00ea bem informado","publisher":{"@id":"https:\/\/noticiaempauta.com\/portal\/#organization"},"potentialAction":[{"@type":"SearchAction","target":{"@type":"EntryPoint","urlTemplate":"https:\/\/noticiaempauta.com\/portal\/?s={search_term_string}"},"query-input":{"@type":"PropertyValueSpecification","valueRequired":true,"valueName":"search_term_string"}}],"inLanguage":"pt-BR"},{"@type":"Organization","@id":"https:\/\/noticiaempauta.com\/portal\/#organization","name":"Portal Not\u00edcia em Pauta","url":"https:\/\/noticiaempauta.com\/portal\/","logo":{"@type":"ImageObject","inLanguage":"pt-BR","@id":"https:\/\/noticiaempauta.com\/portal\/#\/schema\/logo\/image\/","url":"https:\/\/noticiaempauta.com\/portal\/wp-content\/uploads\/2022\/08\/logomarca_tema.fw_.png","contentUrl":"https:\/\/noticiaempauta.com\/portal\/wp-content\/uploads\/2022\/08\/logomarca_tema.fw_.png","width":400,"height":232,"caption":"Portal Not\u00edcia em Pauta"},"image":{"@id":"https:\/\/noticiaempauta.com\/portal\/#\/schema\/logo\/image\/"},"sameAs":["https:\/\/www.facebook.com\/Portal-Notcia-Em-Pauta-102292869264820\/","https:\/\/www.instagram.com\/portalnoticiaempauta\/"]},{"@type":"Person","@id":"https:\/\/noticiaempauta.com\/portal\/#\/schema\/person\/a74af43dd1ab3deca45f988c717d57ac","name":"Reda\u00e7\u00e3o","image":{"@type":"ImageObject","inLanguage":"pt-BR","@id":"https:\/\/noticiaempauta.com\/portal\/#\/schema\/person\/image\/","url":"https:\/\/secure.gravatar.com\/avatar\/03179346ecce6cdfc13361603e8f54242a90e5cde8618fa23c5c00aa2b0aadf3?s=96&d=mm&r=g","contentUrl":"https:\/\/secure.gravatar.com\/avatar\/03179346ecce6cdfc13361603e8f54242a90e5cde8618fa23c5c00aa2b0aadf3?s=96&d=mm&r=g","caption":"Reda\u00e7\u00e3o"},"sameAs":["https:\/\/noticiaempauta.com\/portal\/"],"url":"https:\/\/noticiaempauta.com\/portal\/author\/fernando\/"}]}},"_links":{"self":[{"href":"https:\/\/noticiaempauta.com\/portal\/wp-json\/wp\/v2\/posts\/267359","targetHints":{"allow":["GET"]}}],"collection":[{"href":"https:\/\/noticiaempauta.com\/portal\/wp-json\/wp\/v2\/posts"}],"about":[{"href":"https:\/\/noticiaempauta.com\/portal\/wp-json\/wp\/v2\/types\/post"}],"author":[{"embeddable":true,"href":"https:\/\/noticiaempauta.com\/portal\/wp-json\/wp\/v2\/users\/2"}],"replies":[{"embeddable":true,"href":"https:\/\/noticiaempauta.com\/portal\/wp-json\/wp\/v2\/comments?post=267359"}],"version-history":[{"count":2,"href":"https:\/\/noticiaempauta.com\/portal\/wp-json\/wp\/v2\/posts\/267359\/revisions"}],"predecessor-version":[{"id":267364,"href":"https:\/\/noticiaempauta.com\/portal\/wp-json\/wp\/v2\/posts\/267359\/revisions\/267364"}],"wp:featuredmedia":[{"embeddable":true,"href":"https:\/\/noticiaempauta.com\/portal\/wp-json\/wp\/v2\/media\/267360"}],"wp:attachment":[{"href":"https:\/\/noticiaempauta.com\/portal\/wp-json\/wp\/v2\/media?parent=267359"}],"wp:term":[{"taxonomy":"category","embeddable":true,"href":"https:\/\/noticiaempauta.com\/portal\/wp-json\/wp\/v2\/categories?post=267359"},{"taxonomy":"post_tag","embeddable":true,"href":"https:\/\/noticiaempauta.com\/portal\/wp-json\/wp\/v2\/tags?post=267359"}],"curies":[{"name":"wp","href":"https:\/\/api.w.org\/{rel}","templated":true}]}}