{"id":267375,"date":"2025-02-05T11:18:09","date_gmt":"2025-02-05T14:18:09","guid":{"rendered":"https:\/\/noticiaempauta.com\/portal\/?p=267375"},"modified":"2025-02-05T11:18:10","modified_gmt":"2025-02-05T14:18:10","slug":"secretaria-de-educacao-de-picos-anuncia-inicio-do-ano-letivo-para-o-dia-10-de-marco-nas-escolas-municipais","status":"publish","type":"post","link":"https:\/\/noticiaempauta.com\/portal\/secretaria-de-educacao-de-picos-anuncia-inicio-do-ano-letivo-para-o-dia-10-de-marco-nas-escolas-municipais\/","title":{"rendered":"Secretaria de Educa\u00e7\u00e3o de Picos anuncia in\u00edcio do Ano Letivo para o dia 10 de mar\u00e7o nas escolas municipais"},"content":{"rendered":"\n<p>Na manh\u00e3 desta quarta-feira (05), a Secret\u00e1ria de Educa\u00e7\u00e3o do Munic\u00edpio de Picos, Francisca Mary Dantas a Meirinha, anunciou que as aulas da Rede Municipal de Ensino de Picos iniciar\u00e3o no dia 10 de mar\u00e7o de 2025. Antes do in\u00edcio do ano letivo os professores participar\u00e3o da Jornada Pedag\u00f3gica que acontecer\u00e1 nos dias 06 e 07 de mar\u00e7o.<\/p>\n\n\n\n<p>Segundo Meirinha, o momento est\u00e1 sendo voltado para a organiza\u00e7\u00e3o da Semana Pedag\u00f3gica que ter\u00e1 como tema: INOVAR SABERES: Educar com equidade em tempo integral.<\/p>\n\n\n\n<figure class=\"wp-block-image size-large\"><img fetchpriority=\"high\" decoding=\"async\" width=\"1024\" height=\"768\" src=\"https:\/\/noticiaempauta.com\/portal\/wp-content\/uploads\/2025\/02\/WhatsApp-Image-2025-02-05-at-11.04.34-1024x768.jpeg\" alt=\"\" class=\"wp-image-267376\" srcset=\"https:\/\/noticiaempauta.com\/portal\/wp-content\/uploads\/2025\/02\/WhatsApp-Image-2025-02-05-at-11.04.34-1024x768.jpeg 1024w, https:\/\/noticiaempauta.com\/portal\/wp-content\/uploads\/2025\/02\/WhatsApp-Image-2025-02-05-at-11.04.34-300x225.jpeg 300w, https:\/\/noticiaempauta.com\/portal\/wp-content\/uploads\/2025\/02\/WhatsApp-Image-2025-02-05-at-11.04.34-768x576.jpeg 768w, https:\/\/noticiaempauta.com\/portal\/wp-content\/uploads\/2025\/02\/WhatsApp-Image-2025-02-05-at-11.04.34-1536x1152.jpeg 1536w, https:\/\/noticiaempauta.com\/portal\/wp-content\/uploads\/2025\/02\/WhatsApp-Image-2025-02-05-at-11.04.34.jpeg 1600w\" sizes=\"(max-width: 1024px) 100vw, 1024px\" \/><figcaption class=\"wp-element-caption\"><em>Secret\u00e1ria Municipal de Educa\u00e7\u00e3o, Mary Dantas.<\/em><\/figcaption><\/figure>\n\n\n\n<p>\u201cEstamos fazendo esse planejamento estrat\u00e9gico das atividades pedag\u00f3gicas para o ano de 2025. Essa semana pedag\u00f3gica acontecer\u00e1 no Espa\u00e7o Versalhes contando com a presen\u00e7a de todos os professores e coordenadores da Rede Municipal de Educa\u00e7\u00e3o\u201d, afirma.<\/p>\n\n\n\n<p>Sobre o in\u00edcio das aulas a gestora afirma que come\u00e7ar\u00e1 no dia 10 de mar\u00e7o. Meirinha destaca que vem sendo feito um levantamento da situa\u00e7\u00e3o das escolas, bem como os devidos ajustes para deixar tudo preparado para o in\u00edcio das aulas.<\/p>\n\n\n\n<p>\u201cTem uma equipe de engenheiros e de gest\u00e3o da Secretaria de Educa\u00e7\u00e3o que est\u00e3o indo em todas as escolas fazendo o levantamento das necessidades mais urgentes e emergenciais para que possamos tomar as provid\u00eancias em tempo h\u00e1bil para o in\u00edcio das aulas\u201d, destaca.<\/p>\n\n\n\n<p>Francisca Mary destaca que a expectava para o in\u00edcio das aulas \u00e9 muito positiva e afirma que far\u00e1 o poss\u00edvel para aproximar a fam\u00edlia da escola. \u201cNosso prefeito Dr. Pablo apoia muito o nosso projeto e nos d\u00e1 todo suporte necess\u00e1rio. Estamos com projetos de mudan\u00e7as visando melhorias no ensino e aprendizado para os alunos da rede. A fam\u00edlia tem que estar dentro da escola. Estamos com um sistema que vai viabilizar muito a intera\u00e7\u00e3o entre escola e fam\u00edlia\u201d, finaliza.<\/p>\n\n\n\n<p>Ascom<\/p>\n","protected":false},"excerpt":{"rendered":"<p>A Jornada Pedag\u00f3gica 2025 acontecer\u00e1 nos dias 06 e 07 de mar\u00e7o no Espa\u00e7o Versalhes.<\/p>\n","protected":false},"author":2,"featured_media":267376,"comment_status":"open","ping_status":"open","sticky":false,"template":"","format":"standard","meta":{"_mi_skip_tracking":false,"footnotes":""},"categories":[25,1,16],"tags":[192],"class_list":["post-267375","post","type-post","status-publish","format-standard","has-post-thumbnail","hentry","category-destaques-site","category-geral","category-todas","tag-destaqueprincipal"],"acf":[],"yoast_head":"<!-- This site is optimized with the Yoast SEO Premium plugin v19.2 (Yoast SEO v26.9) - https:\/\/yoast.com\/product\/yoast-seo-premium-wordpress\/ -->\n<title>Secretaria de Educa\u00e7\u00e3o de Picos anuncia in\u00edcio do Ano Letivo para o dia 10 de mar\u00e7o nas escolas municipais - Portal Not\u00edcia em Pauta<\/title>\n<meta name=\"robots\" content=\"index, follow, max-snippet:-1, max-image-preview:large, max-video-preview:-1\" \/>\n<link rel=\"canonical\" href=\"https:\/\/noticiaempauta.com\/portal\/secretaria-de-educacao-de-picos-anuncia-inicio-do-ano-letivo-para-o-dia-10-de-marco-nas-escolas-municipais\/\" \/>\n<meta property=\"og:locale\" content=\"pt_BR\" \/>\n<meta property=\"og:type\" content=\"article\" \/>\n<meta property=\"og:title\" content=\"Secretaria de Educa\u00e7\u00e3o de Picos anuncia in\u00edcio do Ano Letivo para o dia 10 de mar\u00e7o nas escolas municipais\" \/>\n<meta property=\"og:description\" content=\"A Jornada Pedag\u00f3gica 2025 acontecer\u00e1 nos dias 06 e 07 de mar\u00e7o no Espa\u00e7o Versalhes.\" \/>\n<meta property=\"og:url\" content=\"https:\/\/noticiaempauta.com\/portal\/secretaria-de-educacao-de-picos-anuncia-inicio-do-ano-letivo-para-o-dia-10-de-marco-nas-escolas-municipais\/\" \/>\n<meta property=\"og:site_name\" content=\"Portal Not\u00edcia em Pauta\" \/>\n<meta property=\"article:publisher\" content=\"https:\/\/www.facebook.com\/Portal-Notcia-Em-Pauta-102292869264820\/\" \/>\n<meta property=\"article:published_time\" content=\"2025-02-05T14:18:09+00:00\" \/>\n<meta property=\"article:modified_time\" content=\"2025-02-05T14:18:10+00:00\" \/>\n<meta property=\"og:image\" content=\"https:\/\/noticiaempauta.com\/portal\/wp-content\/uploads\/2025\/02\/WhatsApp-Image-2025-02-05-at-11.04.34.jpeg\" \/>\n\t<meta property=\"og:image:width\" content=\"1600\" \/>\n\t<meta property=\"og:image:height\" content=\"1200\" \/>\n\t<meta property=\"og:image:type\" content=\"image\/jpeg\" \/>\n<meta name=\"author\" content=\"Reda\u00e7\u00e3o\" \/>\n<meta name=\"twitter:card\" content=\"summary_large_image\" \/>\n<meta name=\"twitter:label1\" content=\"Escrito por\" \/>\n\t<meta name=\"twitter:data1\" content=\"Reda\u00e7\u00e3o\" \/>\n\t<meta name=\"twitter:label2\" content=\"Est. tempo de leitura\" \/>\n\t<meta name=\"twitter:data2\" content=\"3 minutos\" \/>\n<script type=\"application\/ld+json\" class=\"yoast-schema-graph\">{\"@context\":\"https:\/\/schema.org\",\"@graph\":[{\"@type\":\"Article\",\"@id\":\"https:\/\/noticiaempauta.com\/portal\/secretaria-de-educacao-de-picos-anuncia-inicio-do-ano-letivo-para-o-dia-10-de-marco-nas-escolas-municipais\/#article\",\"isPartOf\":{\"@id\":\"https:\/\/noticiaempauta.com\/portal\/secretaria-de-educacao-de-picos-anuncia-inicio-do-ano-letivo-para-o-dia-10-de-marco-nas-escolas-municipais\/\"},\"author\":{\"name\":\"Reda\u00e7\u00e3o\",\"@id\":\"https:\/\/noticiaempauta.com\/portal\/#\/schema\/person\/a74af43dd1ab3deca45f988c717d57ac\"},\"headline\":\"Secretaria de Educa\u00e7\u00e3o de Picos anuncia in\u00edcio do Ano Letivo para o dia 10 de mar\u00e7o nas escolas municipais\",\"datePublished\":\"2025-02-05T14:18:09+00:00\",\"dateModified\":\"2025-02-05T14:18:10+00:00\",\"mainEntityOfPage\":{\"@id\":\"https:\/\/noticiaempauta.com\/portal\/secretaria-de-educacao-de-picos-anuncia-inicio-do-ano-letivo-para-o-dia-10-de-marco-nas-escolas-municipais\/\"},\"wordCount\":341,\"commentCount\":0,\"publisher\":{\"@id\":\"https:\/\/noticiaempauta.com\/portal\/#organization\"},\"image\":{\"@id\":\"https:\/\/noticiaempauta.com\/portal\/secretaria-de-educacao-de-picos-anuncia-inicio-do-ano-letivo-para-o-dia-10-de-marco-nas-escolas-municipais\/#primaryimage\"},\"thumbnailUrl\":\"https:\/\/noticiaempauta.com\/portal\/wp-content\/uploads\/2025\/02\/WhatsApp-Image-2025-02-05-at-11.04.34.jpeg\",\"keywords\":[\"destaqueprincipal\"],\"articleSection\":[\"Destaques\",\"Geral\",\"Todas as Not\u00edcias\"],\"inLanguage\":\"pt-BR\",\"potentialAction\":[{\"@type\":\"CommentAction\",\"name\":\"Comment\",\"target\":[\"https:\/\/noticiaempauta.com\/portal\/secretaria-de-educacao-de-picos-anuncia-inicio-do-ano-letivo-para-o-dia-10-de-marco-nas-escolas-municipais\/#respond\"]}]},{\"@type\":\"WebPage\",\"@id\":\"https:\/\/noticiaempauta.com\/portal\/secretaria-de-educacao-de-picos-anuncia-inicio-do-ano-letivo-para-o-dia-10-de-marco-nas-escolas-municipais\/\",\"url\":\"https:\/\/noticiaempauta.com\/portal\/secretaria-de-educacao-de-picos-anuncia-inicio-do-ano-letivo-para-o-dia-10-de-marco-nas-escolas-municipais\/\",\"name\":\"Secretaria de Educa\u00e7\u00e3o de Picos anuncia in\u00edcio do Ano Letivo para o dia 10 de mar\u00e7o nas escolas municipais - Portal Not\u00edcia em Pauta\",\"isPartOf\":{\"@id\":\"https:\/\/noticiaempauta.com\/portal\/#website\"},\"primaryImageOfPage\":{\"@id\":\"https:\/\/noticiaempauta.com\/portal\/secretaria-de-educacao-de-picos-anuncia-inicio-do-ano-letivo-para-o-dia-10-de-marco-nas-escolas-municipais\/#primaryimage\"},\"image\":{\"@id\":\"https:\/\/noticiaempauta.com\/portal\/secretaria-de-educacao-de-picos-anuncia-inicio-do-ano-letivo-para-o-dia-10-de-marco-nas-escolas-municipais\/#primaryimage\"},\"thumbnailUrl\":\"https:\/\/noticiaempauta.com\/portal\/wp-content\/uploads\/2025\/02\/WhatsApp-Image-2025-02-05-at-11.04.34.jpeg\",\"datePublished\":\"2025-02-05T14:18:09+00:00\",\"dateModified\":\"2025-02-05T14:18:10+00:00\",\"breadcrumb\":{\"@id\":\"https:\/\/noticiaempauta.com\/portal\/secretaria-de-educacao-de-picos-anuncia-inicio-do-ano-letivo-para-o-dia-10-de-marco-nas-escolas-municipais\/#breadcrumb\"},\"inLanguage\":\"pt-BR\",\"potentialAction\":[{\"@type\":\"ReadAction\",\"target\":[\"https:\/\/noticiaempauta.com\/portal\/secretaria-de-educacao-de-picos-anuncia-inicio-do-ano-letivo-para-o-dia-10-de-marco-nas-escolas-municipais\/\"]}]},{\"@type\":\"ImageObject\",\"inLanguage\":\"pt-BR\",\"@id\":\"https:\/\/noticiaempauta.com\/portal\/secretaria-de-educacao-de-picos-anuncia-inicio-do-ano-letivo-para-o-dia-10-de-marco-nas-escolas-municipais\/#primaryimage\",\"url\":\"https:\/\/noticiaempauta.com\/portal\/wp-content\/uploads\/2025\/02\/WhatsApp-Image-2025-02-05-at-11.04.34.jpeg\",\"contentUrl\":\"https:\/\/noticiaempauta.com\/portal\/wp-content\/uploads\/2025\/02\/WhatsApp-Image-2025-02-05-at-11.04.34.jpeg\",\"width\":1600,\"height\":1200},{\"@type\":\"BreadcrumbList\",\"@id\":\"https:\/\/noticiaempauta.com\/portal\/secretaria-de-educacao-de-picos-anuncia-inicio-do-ano-letivo-para-o-dia-10-de-marco-nas-escolas-municipais\/#breadcrumb\",\"itemListElement\":[{\"@type\":\"ListItem\",\"position\":1,\"name\":\"P\u00e1gina Inicial\",\"item\":\"https:\/\/noticiaempauta.com\/portal\/\"},{\"@type\":\"ListItem\",\"position\":2,\"name\":\"Destaques\",\"item\":\"https:\/\/noticiaempauta.com\/portal\/destaques-site\/\"},{\"@type\":\"ListItem\",\"position\":3,\"name\":\"Secretaria de Educa\u00e7\u00e3o de Picos anuncia in\u00edcio do Ano Letivo para o dia 10 de mar\u00e7o nas escolas municipais\"}]},{\"@type\":\"WebSite\",\"@id\":\"https:\/\/noticiaempauta.com\/portal\/#website\",\"url\":\"https:\/\/noticiaempauta.com\/portal\/\",\"name\":\"Portal Not\u00edcia em Pauta\",\"description\":\"Voc\u00ea bem informado\",\"publisher\":{\"@id\":\"https:\/\/noticiaempauta.com\/portal\/#organization\"},\"potentialAction\":[{\"@type\":\"SearchAction\",\"target\":{\"@type\":\"EntryPoint\",\"urlTemplate\":\"https:\/\/noticiaempauta.com\/portal\/?s={search_term_string}\"},\"query-input\":{\"@type\":\"PropertyValueSpecification\",\"valueRequired\":true,\"valueName\":\"search_term_string\"}}],\"inLanguage\":\"pt-BR\"},{\"@type\":\"Organization\",\"@id\":\"https:\/\/noticiaempauta.com\/portal\/#organization\",\"name\":\"Portal Not\u00edcia em Pauta\",\"url\":\"https:\/\/noticiaempauta.com\/portal\/\",\"logo\":{\"@type\":\"ImageObject\",\"inLanguage\":\"pt-BR\",\"@id\":\"https:\/\/noticiaempauta.com\/portal\/#\/schema\/logo\/image\/\",\"url\":\"https:\/\/noticiaempauta.com\/portal\/wp-content\/uploads\/2022\/08\/logomarca_tema.fw_.png\",\"contentUrl\":\"https:\/\/noticiaempauta.com\/portal\/wp-content\/uploads\/2022\/08\/logomarca_tema.fw_.png\",\"width\":400,\"height\":232,\"caption\":\"Portal Not\u00edcia em Pauta\"},\"image\":{\"@id\":\"https:\/\/noticiaempauta.com\/portal\/#\/schema\/logo\/image\/\"},\"sameAs\":[\"https:\/\/www.facebook.com\/Portal-Notcia-Em-Pauta-102292869264820\/\",\"https:\/\/www.instagram.com\/portalnoticiaempauta\/\"]},{\"@type\":\"Person\",\"@id\":\"https:\/\/noticiaempauta.com\/portal\/#\/schema\/person\/a74af43dd1ab3deca45f988c717d57ac\",\"name\":\"Reda\u00e7\u00e3o\",\"image\":{\"@type\":\"ImageObject\",\"inLanguage\":\"pt-BR\",\"@id\":\"https:\/\/noticiaempauta.com\/portal\/#\/schema\/person\/image\/\",\"url\":\"https:\/\/secure.gravatar.com\/avatar\/03179346ecce6cdfc13361603e8f54242a90e5cde8618fa23c5c00aa2b0aadf3?s=96&d=mm&r=g\",\"contentUrl\":\"https:\/\/secure.gravatar.com\/avatar\/03179346ecce6cdfc13361603e8f54242a90e5cde8618fa23c5c00aa2b0aadf3?s=96&d=mm&r=g\",\"caption\":\"Reda\u00e7\u00e3o\"},\"sameAs\":[\"https:\/\/noticiaempauta.com\/portal\/\"],\"url\":\"https:\/\/noticiaempauta.com\/portal\/author\/fernando\/\"}]}<\/script>\n<!-- \/ Yoast SEO Premium plugin. -->","yoast_head_json":{"title":"Secretaria de Educa\u00e7\u00e3o de Picos anuncia in\u00edcio do Ano Letivo para o dia 10 de mar\u00e7o nas escolas municipais - Portal Not\u00edcia em Pauta","robots":{"index":"index","follow":"follow","max-snippet":"max-snippet:-1","max-image-preview":"max-image-preview:large","max-video-preview":"max-video-preview:-1"},"canonical":"https:\/\/noticiaempauta.com\/portal\/secretaria-de-educacao-de-picos-anuncia-inicio-do-ano-letivo-para-o-dia-10-de-marco-nas-escolas-municipais\/","og_locale":"pt_BR","og_type":"article","og_title":"Secretaria de Educa\u00e7\u00e3o de Picos anuncia in\u00edcio do Ano Letivo para o dia 10 de mar\u00e7o nas escolas municipais","og_description":"A Jornada Pedag\u00f3gica 2025 acontecer\u00e1 nos dias 06 e 07 de mar\u00e7o no Espa\u00e7o Versalhes.","og_url":"https:\/\/noticiaempauta.com\/portal\/secretaria-de-educacao-de-picos-anuncia-inicio-do-ano-letivo-para-o-dia-10-de-marco-nas-escolas-municipais\/","og_site_name":"Portal Not\u00edcia em Pauta","article_publisher":"https:\/\/www.facebook.com\/Portal-Notcia-Em-Pauta-102292869264820\/","article_published_time":"2025-02-05T14:18:09+00:00","article_modified_time":"2025-02-05T14:18:10+00:00","og_image":[{"width":1600,"height":1200,"url":"https:\/\/noticiaempauta.com\/portal\/wp-content\/uploads\/2025\/02\/WhatsApp-Image-2025-02-05-at-11.04.34.jpeg","type":"image\/jpeg"}],"author":"Reda\u00e7\u00e3o","twitter_card":"summary_large_image","twitter_misc":{"Escrito por":"Reda\u00e7\u00e3o","Est. tempo de leitura":"3 minutos"},"schema":{"@context":"https:\/\/schema.org","@graph":[{"@type":"Article","@id":"https:\/\/noticiaempauta.com\/portal\/secretaria-de-educacao-de-picos-anuncia-inicio-do-ano-letivo-para-o-dia-10-de-marco-nas-escolas-municipais\/#article","isPartOf":{"@id":"https:\/\/noticiaempauta.com\/portal\/secretaria-de-educacao-de-picos-anuncia-inicio-do-ano-letivo-para-o-dia-10-de-marco-nas-escolas-municipais\/"},"author":{"name":"Reda\u00e7\u00e3o","@id":"https:\/\/noticiaempauta.com\/portal\/#\/schema\/person\/a74af43dd1ab3deca45f988c717d57ac"},"headline":"Secretaria de Educa\u00e7\u00e3o de Picos anuncia in\u00edcio do Ano Letivo para o dia 10 de mar\u00e7o nas escolas municipais","datePublished":"2025-02-05T14:18:09+00:00","dateModified":"2025-02-05T14:18:10+00:00","mainEntityOfPage":{"@id":"https:\/\/noticiaempauta.com\/portal\/secretaria-de-educacao-de-picos-anuncia-inicio-do-ano-letivo-para-o-dia-10-de-marco-nas-escolas-municipais\/"},"wordCount":341,"commentCount":0,"publisher":{"@id":"https:\/\/noticiaempauta.com\/portal\/#organization"},"image":{"@id":"https:\/\/noticiaempauta.com\/portal\/secretaria-de-educacao-de-picos-anuncia-inicio-do-ano-letivo-para-o-dia-10-de-marco-nas-escolas-municipais\/#primaryimage"},"thumbnailUrl":"https:\/\/noticiaempauta.com\/portal\/wp-content\/uploads\/2025\/02\/WhatsApp-Image-2025-02-05-at-11.04.34.jpeg","keywords":["destaqueprincipal"],"articleSection":["Destaques","Geral","Todas as Not\u00edcias"],"inLanguage":"pt-BR","potentialAction":[{"@type":"CommentAction","name":"Comment","target":["https:\/\/noticiaempauta.com\/portal\/secretaria-de-educacao-de-picos-anuncia-inicio-do-ano-letivo-para-o-dia-10-de-marco-nas-escolas-municipais\/#respond"]}]},{"@type":"WebPage","@id":"https:\/\/noticiaempauta.com\/portal\/secretaria-de-educacao-de-picos-anuncia-inicio-do-ano-letivo-para-o-dia-10-de-marco-nas-escolas-municipais\/","url":"https:\/\/noticiaempauta.com\/portal\/secretaria-de-educacao-de-picos-anuncia-inicio-do-ano-letivo-para-o-dia-10-de-marco-nas-escolas-municipais\/","name":"Secretaria de Educa\u00e7\u00e3o de Picos anuncia in\u00edcio do Ano Letivo para o dia 10 de mar\u00e7o nas escolas municipais - Portal Not\u00edcia em Pauta","isPartOf":{"@id":"https:\/\/noticiaempauta.com\/portal\/#website"},"primaryImageOfPage":{"@id":"https:\/\/noticiaempauta.com\/portal\/secretaria-de-educacao-de-picos-anuncia-inicio-do-ano-letivo-para-o-dia-10-de-marco-nas-escolas-municipais\/#primaryimage"},"image":{"@id":"https:\/\/noticiaempauta.com\/portal\/secretaria-de-educacao-de-picos-anuncia-inicio-do-ano-letivo-para-o-dia-10-de-marco-nas-escolas-municipais\/#primaryimage"},"thumbnailUrl":"https:\/\/noticiaempauta.com\/portal\/wp-content\/uploads\/2025\/02\/WhatsApp-Image-2025-02-05-at-11.04.34.jpeg","datePublished":"2025-02-05T14:18:09+00:00","dateModified":"2025-02-05T14:18:10+00:00","breadcrumb":{"@id":"https:\/\/noticiaempauta.com\/portal\/secretaria-de-educacao-de-picos-anuncia-inicio-do-ano-letivo-para-o-dia-10-de-marco-nas-escolas-municipais\/#breadcrumb"},"inLanguage":"pt-BR","potentialAction":[{"@type":"ReadAction","target":["https:\/\/noticiaempauta.com\/portal\/secretaria-de-educacao-de-picos-anuncia-inicio-do-ano-letivo-para-o-dia-10-de-marco-nas-escolas-municipais\/"]}]},{"@type":"ImageObject","inLanguage":"pt-BR","@id":"https:\/\/noticiaempauta.com\/portal\/secretaria-de-educacao-de-picos-anuncia-inicio-do-ano-letivo-para-o-dia-10-de-marco-nas-escolas-municipais\/#primaryimage","url":"https:\/\/noticiaempauta.com\/portal\/wp-content\/uploads\/2025\/02\/WhatsApp-Image-2025-02-05-at-11.04.34.jpeg","contentUrl":"https:\/\/noticiaempauta.com\/portal\/wp-content\/uploads\/2025\/02\/WhatsApp-Image-2025-02-05-at-11.04.34.jpeg","width":1600,"height":1200},{"@type":"BreadcrumbList","@id":"https:\/\/noticiaempauta.com\/portal\/secretaria-de-educacao-de-picos-anuncia-inicio-do-ano-letivo-para-o-dia-10-de-marco-nas-escolas-municipais\/#breadcrumb","itemListElement":[{"@type":"ListItem","position":1,"name":"P\u00e1gina Inicial","item":"https:\/\/noticiaempauta.com\/portal\/"},{"@type":"ListItem","position":2,"name":"Destaques","item":"https:\/\/noticiaempauta.com\/portal\/destaques-site\/"},{"@type":"ListItem","position":3,"name":"Secretaria de Educa\u00e7\u00e3o de Picos anuncia in\u00edcio do Ano Letivo para o dia 10 de mar\u00e7o nas escolas municipais"}]},{"@type":"WebSite","@id":"https:\/\/noticiaempauta.com\/portal\/#website","url":"https:\/\/noticiaempauta.com\/portal\/","name":"Portal Not\u00edcia em Pauta","description":"Voc\u00ea bem informado","publisher":{"@id":"https:\/\/noticiaempauta.com\/portal\/#organization"},"potentialAction":[{"@type":"SearchAction","target":{"@type":"EntryPoint","urlTemplate":"https:\/\/noticiaempauta.com\/portal\/?s={search_term_string}"},"query-input":{"@type":"PropertyValueSpecification","valueRequired":true,"valueName":"search_term_string"}}],"inLanguage":"pt-BR"},{"@type":"Organization","@id":"https:\/\/noticiaempauta.com\/portal\/#organization","name":"Portal Not\u00edcia em Pauta","url":"https:\/\/noticiaempauta.com\/portal\/","logo":{"@type":"ImageObject","inLanguage":"pt-BR","@id":"https:\/\/noticiaempauta.com\/portal\/#\/schema\/logo\/image\/","url":"https:\/\/noticiaempauta.com\/portal\/wp-content\/uploads\/2022\/08\/logomarca_tema.fw_.png","contentUrl":"https:\/\/noticiaempauta.com\/portal\/wp-content\/uploads\/2022\/08\/logomarca_tema.fw_.png","width":400,"height":232,"caption":"Portal Not\u00edcia em Pauta"},"image":{"@id":"https:\/\/noticiaempauta.com\/portal\/#\/schema\/logo\/image\/"},"sameAs":["https:\/\/www.facebook.com\/Portal-Notcia-Em-Pauta-102292869264820\/","https:\/\/www.instagram.com\/portalnoticiaempauta\/"]},{"@type":"Person","@id":"https:\/\/noticiaempauta.com\/portal\/#\/schema\/person\/a74af43dd1ab3deca45f988c717d57ac","name":"Reda\u00e7\u00e3o","image":{"@type":"ImageObject","inLanguage":"pt-BR","@id":"https:\/\/noticiaempauta.com\/portal\/#\/schema\/person\/image\/","url":"https:\/\/secure.gravatar.com\/avatar\/03179346ecce6cdfc13361603e8f54242a90e5cde8618fa23c5c00aa2b0aadf3?s=96&d=mm&r=g","contentUrl":"https:\/\/secure.gravatar.com\/avatar\/03179346ecce6cdfc13361603e8f54242a90e5cde8618fa23c5c00aa2b0aadf3?s=96&d=mm&r=g","caption":"Reda\u00e7\u00e3o"},"sameAs":["https:\/\/noticiaempauta.com\/portal\/"],"url":"https:\/\/noticiaempauta.com\/portal\/author\/fernando\/"}]}},"_links":{"self":[{"href":"https:\/\/noticiaempauta.com\/portal\/wp-json\/wp\/v2\/posts\/267375","targetHints":{"allow":["GET"]}}],"collection":[{"href":"https:\/\/noticiaempauta.com\/portal\/wp-json\/wp\/v2\/posts"}],"about":[{"href":"https:\/\/noticiaempauta.com\/portal\/wp-json\/wp\/v2\/types\/post"}],"author":[{"embeddable":true,"href":"https:\/\/noticiaempauta.com\/portal\/wp-json\/wp\/v2\/users\/2"}],"replies":[{"embeddable":true,"href":"https:\/\/noticiaempauta.com\/portal\/wp-json\/wp\/v2\/comments?post=267375"}],"version-history":[{"count":2,"href":"https:\/\/noticiaempauta.com\/portal\/wp-json\/wp\/v2\/posts\/267375\/revisions"}],"predecessor-version":[{"id":267378,"href":"https:\/\/noticiaempauta.com\/portal\/wp-json\/wp\/v2\/posts\/267375\/revisions\/267378"}],"wp:featuredmedia":[{"embeddable":true,"href":"https:\/\/noticiaempauta.com\/portal\/wp-json\/wp\/v2\/media\/267376"}],"wp:attachment":[{"href":"https:\/\/noticiaempauta.com\/portal\/wp-json\/wp\/v2\/media?parent=267375"}],"wp:term":[{"taxonomy":"category","embeddable":true,"href":"https:\/\/noticiaempauta.com\/portal\/wp-json\/wp\/v2\/categories?post=267375"},{"taxonomy":"post_tag","embeddable":true,"href":"https:\/\/noticiaempauta.com\/portal\/wp-json\/wp\/v2\/tags?post=267375"}],"curies":[{"name":"wp","href":"https:\/\/api.w.org\/{rel}","templated":true}]}}