{"id":267379,"date":"2025-02-05T11:23:42","date_gmt":"2025-02-05T14:23:42","guid":{"rendered":"https:\/\/noticiaempauta.com\/portal\/?p=267379"},"modified":"2025-02-05T11:25:33","modified_gmt":"2025-02-05T14:25:33","slug":"prefeitura-realiza-a-entrega-de-mudas-de-caju-para-agricultores-de-picos","status":"publish","type":"post","link":"https:\/\/noticiaempauta.com\/portal\/prefeitura-realiza-a-entrega-de-mudas-de-caju-para-agricultores-de-picos\/","title":{"rendered":"Prefeitura realiza a entrega de mudas de caju para agricultores de Picos"},"content":{"rendered":"\n<p>Dando continuidade ao ciclo de entrega de mudas de caju para agricultores cadastrados da zona rural de Picos, a Prefeitura de Picos, por meio da Secretaria de Agricultura e Abastecimento, realiza a entrega de mudas de caju para os agricultores locais.<\/p>\n\n\n\n<figure class=\"wp-block-image size-full\"><img fetchpriority=\"high\" decoding=\"async\" width=\"640\" height=\"480\" src=\"https:\/\/noticiaempauta.com\/portal\/wp-content\/uploads\/2025\/02\/9c54cfbf-1442-4f6e-ad8a-7b7a1e74f53b.jpg\" alt=\"\" class=\"wp-image-267386\" srcset=\"https:\/\/noticiaempauta.com\/portal\/wp-content\/uploads\/2025\/02\/9c54cfbf-1442-4f6e-ad8a-7b7a1e74f53b.jpg 640w, https:\/\/noticiaempauta.com\/portal\/wp-content\/uploads\/2025\/02\/9c54cfbf-1442-4f6e-ad8a-7b7a1e74f53b-300x225.jpg 300w\" sizes=\"(max-width: 640px) 100vw, 640px\" \/><\/figure>\n\n\n\n<p>Al\u00e9m das mudas de caju, a prefeitura de Picos tamb\u00e9m adquiriu uma tonelada e meia de sementes de milho e feij\u00e3o as quais ser\u00e3o distribu\u00eddas junto \u00e0 comunidade rural picoense.<\/p>\n\n\n\n<figure class=\"wp-block-image size-full\"><img decoding=\"async\" width=\"640\" height=\"480\" src=\"https:\/\/noticiaempauta.com\/portal\/wp-content\/uploads\/2025\/02\/13e5a2ee-5986-4f97-bb4b-468273f7eb90.jpg\" alt=\"\" class=\"wp-image-267385\" srcset=\"https:\/\/noticiaempauta.com\/portal\/wp-content\/uploads\/2025\/02\/13e5a2ee-5986-4f97-bb4b-468273f7eb90.jpg 640w, https:\/\/noticiaempauta.com\/portal\/wp-content\/uploads\/2025\/02\/13e5a2ee-5986-4f97-bb4b-468273f7eb90-300x225.jpg 300w\" sizes=\"(max-width: 640px) 100vw, 640px\" \/><\/figure>\n\n\n\n<p>Segundo a Secret\u00e1ria de Agricultura e Abastecimento de Picos, F\u00e1tima S\u00e1, v\u00e1rias localidades j\u00e1 receberam as mudas.<\/p>\n\n\n\n<figure class=\"wp-block-image size-full\"><img decoding=\"async\" width=\"640\" height=\"480\" src=\"https:\/\/noticiaempauta.com\/portal\/wp-content\/uploads\/2025\/02\/9c365fe1-66b6-4df9-8eb4-664d060238a8.jpg\" alt=\"\" class=\"wp-image-267384\" srcset=\"https:\/\/noticiaempauta.com\/portal\/wp-content\/uploads\/2025\/02\/9c365fe1-66b6-4df9-8eb4-664d060238a8.jpg 640w, https:\/\/noticiaempauta.com\/portal\/wp-content\/uploads\/2025\/02\/9c365fe1-66b6-4df9-8eb4-664d060238a8-300x225.jpg 300w\" sizes=\"(max-width: 640px) 100vw, 640px\" \/><\/figure>\n\n\n\n<p>\u201cInclusive na Chapada do Mocambo, Coroat\u00e1, Lagoa dos F\u00e9lix, Torr\u00f5es, Cristovinho e Gameleira dos Rodrigues, j\u00e1 receberam essas mudas. A Prefeitura Municipal de Picos, juntamente com a Secretaria de Agricultura local est\u00e3o preocupados em manter o atendimento ao nosso agricultor\u201d, refor\u00e7a a gestora.<\/p>\n\n\n\n<figure class=\"wp-block-image size-full\"><img loading=\"lazy\" decoding=\"async\" width=\"640\" height=\"480\" src=\"https:\/\/noticiaempauta.com\/portal\/wp-content\/uploads\/2025\/02\/50af961a-79fd-408c-838b-8cf869fbf0e4.jpg\" alt=\"\" class=\"wp-image-267383\" srcset=\"https:\/\/noticiaempauta.com\/portal\/wp-content\/uploads\/2025\/02\/50af961a-79fd-408c-838b-8cf869fbf0e4.jpg 640w, https:\/\/noticiaempauta.com\/portal\/wp-content\/uploads\/2025\/02\/50af961a-79fd-408c-838b-8cf869fbf0e4-300x225.jpg 300w\" sizes=\"(max-width: 640px) 100vw, 640px\" \/><\/figure>\n\n\n\n<p>A log\u00edstica de distribui\u00e7\u00e3o das mudas de caju e sementes, acontece diretamente por meio de Associa\u00e7\u00f5es de Moradores ou representantes ligados ao homem campo nas suas localidades.<\/p>\n\n\n\n<figure class=\"wp-block-image size-full\"><img loading=\"lazy\" decoding=\"async\" width=\"640\" height=\"480\" src=\"https:\/\/noticiaempauta.com\/portal\/wp-content\/uploads\/2025\/02\/Imagem-do-WhatsApp-de-2025-02-05-as-10.13.52_89fc5e3d.jpg\" alt=\"\" class=\"wp-image-267387\" srcset=\"https:\/\/noticiaempauta.com\/portal\/wp-content\/uploads\/2025\/02\/Imagem-do-WhatsApp-de-2025-02-05-as-10.13.52_89fc5e3d.jpg 640w, https:\/\/noticiaempauta.com\/portal\/wp-content\/uploads\/2025\/02\/Imagem-do-WhatsApp-de-2025-02-05-as-10.13.52_89fc5e3d-300x225.jpg 300w\" sizes=\"(max-width: 640px) 100vw, 640px\" \/><\/figure>\n\n\n\n<p><strong>Cadastro Nacional da Agricultura Familiar<\/strong><\/p>\n\n\n\n<figure class=\"wp-block-image size-full\"><img loading=\"lazy\" decoding=\"async\" width=\"640\" height=\"480\" src=\"https:\/\/noticiaempauta.com\/portal\/wp-content\/uploads\/2025\/02\/a363da47-4fe9-41d5-bf94-bec8bd66c040.jpg\" alt=\"\" class=\"wp-image-267382\" srcset=\"https:\/\/noticiaempauta.com\/portal\/wp-content\/uploads\/2025\/02\/a363da47-4fe9-41d5-bf94-bec8bd66c040.jpg 640w, https:\/\/noticiaempauta.com\/portal\/wp-content\/uploads\/2025\/02\/a363da47-4fe9-41d5-bf94-bec8bd66c040-300x225.jpg 300w\" sizes=\"(max-width: 640px) 100vw, 640px\" \/><\/figure>\n\n\n\n<p>Para receber o benef\u00edcio da muda de caju e sementes, o produtor rural deve estar cadastrado no (CAF), Cadastro Nacional da Agricultura Familiar, programa que demonstra a aptid\u00e3o do homem do campo. Por\u00e9m, assegura F\u00e1tima S\u00e1, \u201cque caso o benefici\u00e1rio n\u00e3o esteja cadastrado e seja do campo, ele pode procurar a Secretaria Municipal de Agricultura para receber. A determina\u00e7\u00e3o da Prefeitura de da Secretaria de Agricultura, \u00e9 que seja entregue a todos os trabalhadores rurais que nos procurarem, sem distin\u00e7\u00e3o de cor ou partido\u201d, certifica.<\/p>\n\n\n\n<figure class=\"wp-block-image size-full\"><img loading=\"lazy\" decoding=\"async\" width=\"640\" height=\"480\" src=\"https:\/\/noticiaempauta.com\/portal\/wp-content\/uploads\/2025\/02\/259b0854-cee0-48a6-9e83-0d26e0aeb00a.jpg\" alt=\"\" class=\"wp-image-267381\" srcset=\"https:\/\/noticiaempauta.com\/portal\/wp-content\/uploads\/2025\/02\/259b0854-cee0-48a6-9e83-0d26e0aeb00a.jpg 640w, https:\/\/noticiaempauta.com\/portal\/wp-content\/uploads\/2025\/02\/259b0854-cee0-48a6-9e83-0d26e0aeb00a-300x225.jpg 300w\" sizes=\"(max-width: 640px) 100vw, 640px\" \/><\/figure>\n\n\n\n<p><strong>Sobre ara\u00e7\u00e3o de terras<\/strong><\/p>\n\n\n\n<p>No diz respeito ao trabalho de ara\u00e7\u00e3o de terras da zona rural picoense, F\u00e1tima S\u00e1 explica que no momento, a Prefeitura disponibiliza quatro tratores em localidades distintas, atendendo boa parte da demanda, sendo que o prefeito, Pablo Santos, j\u00e1 adquiriu mais tr\u00eas tratores para atender a zona rural na sua totalidade.<\/p>\n\n\n\n<figure class=\"wp-block-image size-full\"><img loading=\"lazy\" decoding=\"async\" width=\"583\" height=\"480\" src=\"https:\/\/noticiaempauta.com\/portal\/wp-content\/uploads\/2025\/02\/f3c7bf7a-305e-48c2-80e8-aac9ac516906.jpg\" alt=\"\" class=\"wp-image-267380\" srcset=\"https:\/\/noticiaempauta.com\/portal\/wp-content\/uploads\/2025\/02\/f3c7bf7a-305e-48c2-80e8-aac9ac516906.jpg 583w, https:\/\/noticiaempauta.com\/portal\/wp-content\/uploads\/2025\/02\/f3c7bf7a-305e-48c2-80e8-aac9ac516906-300x247.jpg 300w\" sizes=\"(max-width: 583px) 100vw, 583px\" \/><\/figure>\n\n\n\n<p>\u201cEstamos com quatro tratores alocados que se encontram nas localidades Torr\u00f5es, Malhada Grande, Saquinho e Coroat\u00e1. Estamos aguardando o prefeito entregar mais tr\u00eas, e por toda esta semana ser\u00e3o liberados e vamos concluir toda ara\u00e7\u00e3o dos trabalhadores rurais de Picos\u201d, finaliza.<\/p>\n","protected":false},"excerpt":{"rendered":"<p>Dando continuidade ao ciclo de entrega de mudas de caju para agricultores cadastrados da zona rural de Picos, a Prefeitura de Picos, por meio da Secretaria de Agricultura e Abastecimento, realiza a entrega de mudas de caju para os agricultores locais. Al\u00e9m das mudas de caju, a prefeitura de Picos tamb\u00e9m adquiriu uma tonelada e [&hellip;]<\/p>\n","protected":false},"author":2,"featured_media":267387,"comment_status":"open","ping_status":"open","sticky":false,"template":"","format":"standard","meta":{"_mi_skip_tracking":false,"footnotes":""},"categories":[25,1,16],"tags":[],"class_list":["post-267379","post","type-post","status-publish","format-standard","has-post-thumbnail","hentry","category-destaques-site","category-geral","category-todas"],"acf":[],"yoast_head":"<!-- This site is optimized with the Yoast SEO Premium plugin v19.2 (Yoast SEO v26.9) - https:\/\/yoast.com\/product\/yoast-seo-premium-wordpress\/ -->\n<title>Prefeitura realiza a entrega de mudas de caju para agricultores de Picos - Portal Not\u00edcia em Pauta<\/title>\n<meta name=\"robots\" content=\"index, follow, max-snippet:-1, max-image-preview:large, max-video-preview:-1\" \/>\n<link rel=\"canonical\" href=\"https:\/\/noticiaempauta.com\/portal\/prefeitura-realiza-a-entrega-de-mudas-de-caju-para-agricultores-de-picos\/\" \/>\n<meta property=\"og:locale\" content=\"pt_BR\" \/>\n<meta property=\"og:type\" content=\"article\" \/>\n<meta property=\"og:title\" content=\"Prefeitura realiza a entrega de mudas de caju para agricultores de Picos\" \/>\n<meta property=\"og:description\" content=\"Dando continuidade ao ciclo de entrega de mudas de caju para agricultores cadastrados da zona rural de Picos, a Prefeitura de Picos, por meio da Secretaria de Agricultura e Abastecimento, realiza a entrega de mudas de caju para os agricultores locais. Al\u00e9m das mudas de caju, a prefeitura de Picos tamb\u00e9m adquiriu uma tonelada e [&hellip;]\" \/>\n<meta property=\"og:url\" content=\"https:\/\/noticiaempauta.com\/portal\/prefeitura-realiza-a-entrega-de-mudas-de-caju-para-agricultores-de-picos\/\" \/>\n<meta property=\"og:site_name\" content=\"Portal Not\u00edcia em Pauta\" \/>\n<meta property=\"article:publisher\" content=\"https:\/\/www.facebook.com\/Portal-Notcia-Em-Pauta-102292869264820\/\" \/>\n<meta property=\"article:published_time\" content=\"2025-02-05T14:23:42+00:00\" \/>\n<meta property=\"article:modified_time\" content=\"2025-02-05T14:25:33+00:00\" \/>\n<meta property=\"og:image\" content=\"https:\/\/noticiaempauta.com\/portal\/wp-content\/uploads\/2025\/02\/Imagem-do-WhatsApp-de-2025-02-05-as-10.13.52_89fc5e3d.jpg\" \/>\n\t<meta property=\"og:image:width\" content=\"640\" \/>\n\t<meta property=\"og:image:height\" content=\"480\" \/>\n\t<meta property=\"og:image:type\" content=\"image\/jpeg\" \/>\n<meta name=\"author\" content=\"Reda\u00e7\u00e3o\" \/>\n<meta name=\"twitter:card\" content=\"summary_large_image\" \/>\n<meta name=\"twitter:label1\" content=\"Escrito por\" \/>\n\t<meta name=\"twitter:data1\" content=\"Reda\u00e7\u00e3o\" \/>\n\t<meta name=\"twitter:label2\" content=\"Est. tempo de leitura\" \/>\n\t<meta name=\"twitter:data2\" content=\"4 minutos\" \/>\n<script type=\"application\/ld+json\" class=\"yoast-schema-graph\">{\"@context\":\"https:\/\/schema.org\",\"@graph\":[{\"@type\":\"Article\",\"@id\":\"https:\/\/noticiaempauta.com\/portal\/prefeitura-realiza-a-entrega-de-mudas-de-caju-para-agricultores-de-picos\/#article\",\"isPartOf\":{\"@id\":\"https:\/\/noticiaempauta.com\/portal\/prefeitura-realiza-a-entrega-de-mudas-de-caju-para-agricultores-de-picos\/\"},\"author\":{\"name\":\"Reda\u00e7\u00e3o\",\"@id\":\"https:\/\/noticiaempauta.com\/portal\/#\/schema\/person\/a74af43dd1ab3deca45f988c717d57ac\"},\"headline\":\"Prefeitura realiza a entrega de mudas de caju para agricultores de Picos\",\"datePublished\":\"2025-02-05T14:23:42+00:00\",\"dateModified\":\"2025-02-05T14:25:33+00:00\",\"mainEntityOfPage\":{\"@id\":\"https:\/\/noticiaempauta.com\/portal\/prefeitura-realiza-a-entrega-de-mudas-de-caju-para-agricultores-de-picos\/\"},\"wordCount\":385,\"commentCount\":0,\"publisher\":{\"@id\":\"https:\/\/noticiaempauta.com\/portal\/#organization\"},\"image\":{\"@id\":\"https:\/\/noticiaempauta.com\/portal\/prefeitura-realiza-a-entrega-de-mudas-de-caju-para-agricultores-de-picos\/#primaryimage\"},\"thumbnailUrl\":\"https:\/\/noticiaempauta.com\/portal\/wp-content\/uploads\/2025\/02\/Imagem-do-WhatsApp-de-2025-02-05-as-10.13.52_89fc5e3d.jpg\",\"articleSection\":[\"Destaques\",\"Geral\",\"Todas as Not\u00edcias\"],\"inLanguage\":\"pt-BR\",\"potentialAction\":[{\"@type\":\"CommentAction\",\"name\":\"Comment\",\"target\":[\"https:\/\/noticiaempauta.com\/portal\/prefeitura-realiza-a-entrega-de-mudas-de-caju-para-agricultores-de-picos\/#respond\"]}]},{\"@type\":\"WebPage\",\"@id\":\"https:\/\/noticiaempauta.com\/portal\/prefeitura-realiza-a-entrega-de-mudas-de-caju-para-agricultores-de-picos\/\",\"url\":\"https:\/\/noticiaempauta.com\/portal\/prefeitura-realiza-a-entrega-de-mudas-de-caju-para-agricultores-de-picos\/\",\"name\":\"Prefeitura realiza a entrega de mudas de caju para agricultores de Picos - Portal Not\u00edcia em Pauta\",\"isPartOf\":{\"@id\":\"https:\/\/noticiaempauta.com\/portal\/#website\"},\"primaryImageOfPage\":{\"@id\":\"https:\/\/noticiaempauta.com\/portal\/prefeitura-realiza-a-entrega-de-mudas-de-caju-para-agricultores-de-picos\/#primaryimage\"},\"image\":{\"@id\":\"https:\/\/noticiaempauta.com\/portal\/prefeitura-realiza-a-entrega-de-mudas-de-caju-para-agricultores-de-picos\/#primaryimage\"},\"thumbnailUrl\":\"https:\/\/noticiaempauta.com\/portal\/wp-content\/uploads\/2025\/02\/Imagem-do-WhatsApp-de-2025-02-05-as-10.13.52_89fc5e3d.jpg\",\"datePublished\":\"2025-02-05T14:23:42+00:00\",\"dateModified\":\"2025-02-05T14:25:33+00:00\",\"breadcrumb\":{\"@id\":\"https:\/\/noticiaempauta.com\/portal\/prefeitura-realiza-a-entrega-de-mudas-de-caju-para-agricultores-de-picos\/#breadcrumb\"},\"inLanguage\":\"pt-BR\",\"potentialAction\":[{\"@type\":\"ReadAction\",\"target\":[\"https:\/\/noticiaempauta.com\/portal\/prefeitura-realiza-a-entrega-de-mudas-de-caju-para-agricultores-de-picos\/\"]}]},{\"@type\":\"ImageObject\",\"inLanguage\":\"pt-BR\",\"@id\":\"https:\/\/noticiaempauta.com\/portal\/prefeitura-realiza-a-entrega-de-mudas-de-caju-para-agricultores-de-picos\/#primaryimage\",\"url\":\"https:\/\/noticiaempauta.com\/portal\/wp-content\/uploads\/2025\/02\/Imagem-do-WhatsApp-de-2025-02-05-as-10.13.52_89fc5e3d.jpg\",\"contentUrl\":\"https:\/\/noticiaempauta.com\/portal\/wp-content\/uploads\/2025\/02\/Imagem-do-WhatsApp-de-2025-02-05-as-10.13.52_89fc5e3d.jpg\",\"width\":640,\"height\":480},{\"@type\":\"BreadcrumbList\",\"@id\":\"https:\/\/noticiaempauta.com\/portal\/prefeitura-realiza-a-entrega-de-mudas-de-caju-para-agricultores-de-picos\/#breadcrumb\",\"itemListElement\":[{\"@type\":\"ListItem\",\"position\":1,\"name\":\"P\u00e1gina Inicial\",\"item\":\"https:\/\/noticiaempauta.com\/portal\/\"},{\"@type\":\"ListItem\",\"position\":2,\"name\":\"Geral\",\"item\":\"https:\/\/noticiaempauta.com\/portal\/geral\/\"},{\"@type\":\"ListItem\",\"position\":3,\"name\":\"Prefeitura realiza a entrega de mudas de caju para agricultores de Picos\"}]},{\"@type\":\"WebSite\",\"@id\":\"https:\/\/noticiaempauta.com\/portal\/#website\",\"url\":\"https:\/\/noticiaempauta.com\/portal\/\",\"name\":\"Portal Not\u00edcia em Pauta\",\"description\":\"Voc\u00ea bem informado\",\"publisher\":{\"@id\":\"https:\/\/noticiaempauta.com\/portal\/#organization\"},\"potentialAction\":[{\"@type\":\"SearchAction\",\"target\":{\"@type\":\"EntryPoint\",\"urlTemplate\":\"https:\/\/noticiaempauta.com\/portal\/?s={search_term_string}\"},\"query-input\":{\"@type\":\"PropertyValueSpecification\",\"valueRequired\":true,\"valueName\":\"search_term_string\"}}],\"inLanguage\":\"pt-BR\"},{\"@type\":\"Organization\",\"@id\":\"https:\/\/noticiaempauta.com\/portal\/#organization\",\"name\":\"Portal Not\u00edcia em Pauta\",\"url\":\"https:\/\/noticiaempauta.com\/portal\/\",\"logo\":{\"@type\":\"ImageObject\",\"inLanguage\":\"pt-BR\",\"@id\":\"https:\/\/noticiaempauta.com\/portal\/#\/schema\/logo\/image\/\",\"url\":\"https:\/\/noticiaempauta.com\/portal\/wp-content\/uploads\/2022\/08\/logomarca_tema.fw_.png\",\"contentUrl\":\"https:\/\/noticiaempauta.com\/portal\/wp-content\/uploads\/2022\/08\/logomarca_tema.fw_.png\",\"width\":400,\"height\":232,\"caption\":\"Portal Not\u00edcia em Pauta\"},\"image\":{\"@id\":\"https:\/\/noticiaempauta.com\/portal\/#\/schema\/logo\/image\/\"},\"sameAs\":[\"https:\/\/www.facebook.com\/Portal-Notcia-Em-Pauta-102292869264820\/\",\"https:\/\/www.instagram.com\/portalnoticiaempauta\/\"]},{\"@type\":\"Person\",\"@id\":\"https:\/\/noticiaempauta.com\/portal\/#\/schema\/person\/a74af43dd1ab3deca45f988c717d57ac\",\"name\":\"Reda\u00e7\u00e3o\",\"image\":{\"@type\":\"ImageObject\",\"inLanguage\":\"pt-BR\",\"@id\":\"https:\/\/noticiaempauta.com\/portal\/#\/schema\/person\/image\/\",\"url\":\"https:\/\/secure.gravatar.com\/avatar\/03179346ecce6cdfc13361603e8f54242a90e5cde8618fa23c5c00aa2b0aadf3?s=96&d=mm&r=g\",\"contentUrl\":\"https:\/\/secure.gravatar.com\/avatar\/03179346ecce6cdfc13361603e8f54242a90e5cde8618fa23c5c00aa2b0aadf3?s=96&d=mm&r=g\",\"caption\":\"Reda\u00e7\u00e3o\"},\"sameAs\":[\"https:\/\/noticiaempauta.com\/portal\/\"],\"url\":\"https:\/\/noticiaempauta.com\/portal\/author\/fernando\/\"}]}<\/script>\n<!-- \/ Yoast SEO Premium plugin. -->","yoast_head_json":{"title":"Prefeitura realiza a entrega de mudas de caju para agricultores de Picos - Portal Not\u00edcia em Pauta","robots":{"index":"index","follow":"follow","max-snippet":"max-snippet:-1","max-image-preview":"max-image-preview:large","max-video-preview":"max-video-preview:-1"},"canonical":"https:\/\/noticiaempauta.com\/portal\/prefeitura-realiza-a-entrega-de-mudas-de-caju-para-agricultores-de-picos\/","og_locale":"pt_BR","og_type":"article","og_title":"Prefeitura realiza a entrega de mudas de caju para agricultores de Picos","og_description":"Dando continuidade ao ciclo de entrega de mudas de caju para agricultores cadastrados da zona rural de Picos, a Prefeitura de Picos, por meio da Secretaria de Agricultura e Abastecimento, realiza a entrega de mudas de caju para os agricultores locais. Al\u00e9m das mudas de caju, a prefeitura de Picos tamb\u00e9m adquiriu uma tonelada e [&hellip;]","og_url":"https:\/\/noticiaempauta.com\/portal\/prefeitura-realiza-a-entrega-de-mudas-de-caju-para-agricultores-de-picos\/","og_site_name":"Portal Not\u00edcia em Pauta","article_publisher":"https:\/\/www.facebook.com\/Portal-Notcia-Em-Pauta-102292869264820\/","article_published_time":"2025-02-05T14:23:42+00:00","article_modified_time":"2025-02-05T14:25:33+00:00","og_image":[{"width":640,"height":480,"url":"https:\/\/noticiaempauta.com\/portal\/wp-content\/uploads\/2025\/02\/Imagem-do-WhatsApp-de-2025-02-05-as-10.13.52_89fc5e3d.jpg","type":"image\/jpeg"}],"author":"Reda\u00e7\u00e3o","twitter_card":"summary_large_image","twitter_misc":{"Escrito por":"Reda\u00e7\u00e3o","Est. tempo de leitura":"4 minutos"},"schema":{"@context":"https:\/\/schema.org","@graph":[{"@type":"Article","@id":"https:\/\/noticiaempauta.com\/portal\/prefeitura-realiza-a-entrega-de-mudas-de-caju-para-agricultores-de-picos\/#article","isPartOf":{"@id":"https:\/\/noticiaempauta.com\/portal\/prefeitura-realiza-a-entrega-de-mudas-de-caju-para-agricultores-de-picos\/"},"author":{"name":"Reda\u00e7\u00e3o","@id":"https:\/\/noticiaempauta.com\/portal\/#\/schema\/person\/a74af43dd1ab3deca45f988c717d57ac"},"headline":"Prefeitura realiza a entrega de mudas de caju para agricultores de Picos","datePublished":"2025-02-05T14:23:42+00:00","dateModified":"2025-02-05T14:25:33+00:00","mainEntityOfPage":{"@id":"https:\/\/noticiaempauta.com\/portal\/prefeitura-realiza-a-entrega-de-mudas-de-caju-para-agricultores-de-picos\/"},"wordCount":385,"commentCount":0,"publisher":{"@id":"https:\/\/noticiaempauta.com\/portal\/#organization"},"image":{"@id":"https:\/\/noticiaempauta.com\/portal\/prefeitura-realiza-a-entrega-de-mudas-de-caju-para-agricultores-de-picos\/#primaryimage"},"thumbnailUrl":"https:\/\/noticiaempauta.com\/portal\/wp-content\/uploads\/2025\/02\/Imagem-do-WhatsApp-de-2025-02-05-as-10.13.52_89fc5e3d.jpg","articleSection":["Destaques","Geral","Todas as Not\u00edcias"],"inLanguage":"pt-BR","potentialAction":[{"@type":"CommentAction","name":"Comment","target":["https:\/\/noticiaempauta.com\/portal\/prefeitura-realiza-a-entrega-de-mudas-de-caju-para-agricultores-de-picos\/#respond"]}]},{"@type":"WebPage","@id":"https:\/\/noticiaempauta.com\/portal\/prefeitura-realiza-a-entrega-de-mudas-de-caju-para-agricultores-de-picos\/","url":"https:\/\/noticiaempauta.com\/portal\/prefeitura-realiza-a-entrega-de-mudas-de-caju-para-agricultores-de-picos\/","name":"Prefeitura realiza a entrega de mudas de caju para agricultores de Picos - Portal Not\u00edcia em Pauta","isPartOf":{"@id":"https:\/\/noticiaempauta.com\/portal\/#website"},"primaryImageOfPage":{"@id":"https:\/\/noticiaempauta.com\/portal\/prefeitura-realiza-a-entrega-de-mudas-de-caju-para-agricultores-de-picos\/#primaryimage"},"image":{"@id":"https:\/\/noticiaempauta.com\/portal\/prefeitura-realiza-a-entrega-de-mudas-de-caju-para-agricultores-de-picos\/#primaryimage"},"thumbnailUrl":"https:\/\/noticiaempauta.com\/portal\/wp-content\/uploads\/2025\/02\/Imagem-do-WhatsApp-de-2025-02-05-as-10.13.52_89fc5e3d.jpg","datePublished":"2025-02-05T14:23:42+00:00","dateModified":"2025-02-05T14:25:33+00:00","breadcrumb":{"@id":"https:\/\/noticiaempauta.com\/portal\/prefeitura-realiza-a-entrega-de-mudas-de-caju-para-agricultores-de-picos\/#breadcrumb"},"inLanguage":"pt-BR","potentialAction":[{"@type":"ReadAction","target":["https:\/\/noticiaempauta.com\/portal\/prefeitura-realiza-a-entrega-de-mudas-de-caju-para-agricultores-de-picos\/"]}]},{"@type":"ImageObject","inLanguage":"pt-BR","@id":"https:\/\/noticiaempauta.com\/portal\/prefeitura-realiza-a-entrega-de-mudas-de-caju-para-agricultores-de-picos\/#primaryimage","url":"https:\/\/noticiaempauta.com\/portal\/wp-content\/uploads\/2025\/02\/Imagem-do-WhatsApp-de-2025-02-05-as-10.13.52_89fc5e3d.jpg","contentUrl":"https:\/\/noticiaempauta.com\/portal\/wp-content\/uploads\/2025\/02\/Imagem-do-WhatsApp-de-2025-02-05-as-10.13.52_89fc5e3d.jpg","width":640,"height":480},{"@type":"BreadcrumbList","@id":"https:\/\/noticiaempauta.com\/portal\/prefeitura-realiza-a-entrega-de-mudas-de-caju-para-agricultores-de-picos\/#breadcrumb","itemListElement":[{"@type":"ListItem","position":1,"name":"P\u00e1gina Inicial","item":"https:\/\/noticiaempauta.com\/portal\/"},{"@type":"ListItem","position":2,"name":"Geral","item":"https:\/\/noticiaempauta.com\/portal\/geral\/"},{"@type":"ListItem","position":3,"name":"Prefeitura realiza a entrega de mudas de caju para agricultores de Picos"}]},{"@type":"WebSite","@id":"https:\/\/noticiaempauta.com\/portal\/#website","url":"https:\/\/noticiaempauta.com\/portal\/","name":"Portal Not\u00edcia em Pauta","description":"Voc\u00ea bem informado","publisher":{"@id":"https:\/\/noticiaempauta.com\/portal\/#organization"},"potentialAction":[{"@type":"SearchAction","target":{"@type":"EntryPoint","urlTemplate":"https:\/\/noticiaempauta.com\/portal\/?s={search_term_string}"},"query-input":{"@type":"PropertyValueSpecification","valueRequired":true,"valueName":"search_term_string"}}],"inLanguage":"pt-BR"},{"@type":"Organization","@id":"https:\/\/noticiaempauta.com\/portal\/#organization","name":"Portal Not\u00edcia em Pauta","url":"https:\/\/noticiaempauta.com\/portal\/","logo":{"@type":"ImageObject","inLanguage":"pt-BR","@id":"https:\/\/noticiaempauta.com\/portal\/#\/schema\/logo\/image\/","url":"https:\/\/noticiaempauta.com\/portal\/wp-content\/uploads\/2022\/08\/logomarca_tema.fw_.png","contentUrl":"https:\/\/noticiaempauta.com\/portal\/wp-content\/uploads\/2022\/08\/logomarca_tema.fw_.png","width":400,"height":232,"caption":"Portal Not\u00edcia em Pauta"},"image":{"@id":"https:\/\/noticiaempauta.com\/portal\/#\/schema\/logo\/image\/"},"sameAs":["https:\/\/www.facebook.com\/Portal-Notcia-Em-Pauta-102292869264820\/","https:\/\/www.instagram.com\/portalnoticiaempauta\/"]},{"@type":"Person","@id":"https:\/\/noticiaempauta.com\/portal\/#\/schema\/person\/a74af43dd1ab3deca45f988c717d57ac","name":"Reda\u00e7\u00e3o","image":{"@type":"ImageObject","inLanguage":"pt-BR","@id":"https:\/\/noticiaempauta.com\/portal\/#\/schema\/person\/image\/","url":"https:\/\/secure.gravatar.com\/avatar\/03179346ecce6cdfc13361603e8f54242a90e5cde8618fa23c5c00aa2b0aadf3?s=96&d=mm&r=g","contentUrl":"https:\/\/secure.gravatar.com\/avatar\/03179346ecce6cdfc13361603e8f54242a90e5cde8618fa23c5c00aa2b0aadf3?s=96&d=mm&r=g","caption":"Reda\u00e7\u00e3o"},"sameAs":["https:\/\/noticiaempauta.com\/portal\/"],"url":"https:\/\/noticiaempauta.com\/portal\/author\/fernando\/"}]}},"_links":{"self":[{"href":"https:\/\/noticiaempauta.com\/portal\/wp-json\/wp\/v2\/posts\/267379","targetHints":{"allow":["GET"]}}],"collection":[{"href":"https:\/\/noticiaempauta.com\/portal\/wp-json\/wp\/v2\/posts"}],"about":[{"href":"https:\/\/noticiaempauta.com\/portal\/wp-json\/wp\/v2\/types\/post"}],"author":[{"embeddable":true,"href":"https:\/\/noticiaempauta.com\/portal\/wp-json\/wp\/v2\/users\/2"}],"replies":[{"embeddable":true,"href":"https:\/\/noticiaempauta.com\/portal\/wp-json\/wp\/v2\/comments?post=267379"}],"version-history":[{"count":1,"href":"https:\/\/noticiaempauta.com\/portal\/wp-json\/wp\/v2\/posts\/267379\/revisions"}],"predecessor-version":[{"id":267388,"href":"https:\/\/noticiaempauta.com\/portal\/wp-json\/wp\/v2\/posts\/267379\/revisions\/267388"}],"wp:featuredmedia":[{"embeddable":true,"href":"https:\/\/noticiaempauta.com\/portal\/wp-json\/wp\/v2\/media\/267387"}],"wp:attachment":[{"href":"https:\/\/noticiaempauta.com\/portal\/wp-json\/wp\/v2\/media?parent=267379"}],"wp:term":[{"taxonomy":"category","embeddable":true,"href":"https:\/\/noticiaempauta.com\/portal\/wp-json\/wp\/v2\/categories?post=267379"},{"taxonomy":"post_tag","embeddable":true,"href":"https:\/\/noticiaempauta.com\/portal\/wp-json\/wp\/v2\/tags?post=267379"}],"curies":[{"name":"wp","href":"https:\/\/api.w.org\/{rel}","templated":true}]}}