{"id":267403,"date":"2025-02-05T16:51:48","date_gmt":"2025-02-05T19:51:48","guid":{"rendered":"https:\/\/noticiaempauta.com\/portal\/?p=267403"},"modified":"2025-02-05T16:51:50","modified_gmt":"2025-02-05T19:51:50","slug":"rafael-fonteles-assume-presidencia-do-consorcio-nordeste-e-defende-mais-cooperacao-e-ampliacao-do-financiamento-para-os-estados-nordestinos","status":"publish","type":"post","link":"https:\/\/noticiaempauta.com\/portal\/rafael-fonteles-assume-presidencia-do-consorcio-nordeste-e-defende-mais-cooperacao-e-ampliacao-do-financiamento-para-os-estados-nordestinos\/","title":{"rendered":"Rafael Fonteles assume presid\u00eancia do Cons\u00f3rcio Nordeste e defende mais coopera\u00e7\u00e3o e amplia\u00e7\u00e3o do financiamento para os estados nordestinos"},"content":{"rendered":"\n<p>O governador do Piau\u00ed, Rafael Fonteles, foi empossado, nesta quarta-feira (5), em Bras\u00edlia, na presid\u00eancia do Cons\u00f3rcio Nordeste, o colegiado que re\u00fane os 9 governadores da regi\u00e3o. Ele substitui a governadora F\u00e1tima Bezerra, do Rio Grande do Norte.<\/p>\n\n\n\n<figure class=\"wp-block-image size-full\"><img fetchpriority=\"high\" decoding=\"async\" width=\"1000\" height=\"667\" src=\"https:\/\/noticiaempauta.com\/portal\/wp-content\/uploads\/2025\/02\/large_Ministro_Hadad_2_2036a4a8ad.jpeg\" alt=\"\" class=\"wp-image-267405\" srcset=\"https:\/\/noticiaempauta.com\/portal\/wp-content\/uploads\/2025\/02\/large_Ministro_Hadad_2_2036a4a8ad.jpeg 1000w, https:\/\/noticiaempauta.com\/portal\/wp-content\/uploads\/2025\/02\/large_Ministro_Hadad_2_2036a4a8ad-300x200.jpeg 300w, https:\/\/noticiaempauta.com\/portal\/wp-content\/uploads\/2025\/02\/large_Ministro_Hadad_2_2036a4a8ad-768x512.jpeg 768w\" sizes=\"(max-width: 1000px) 100vw, 1000px\" \/><\/figure>\n\n\n\n<p>A posse ocorreu logo ap\u00f3s Assembleia Geral do Cons\u00f3rcio, e foi prestigiada pelos ministros Fernando Haddad (Fazenda), Alexandre Padilha (Secretaria de Rela\u00e7\u00f5es Institucionais), Wellington Dias (Desenvolvimento Regional e Combate \u00e0 Fome), Juscelino Filho (Comunica\u00e7\u00f5es), Luciana Santos, Marcio Macedo (Secretaria-Geral da Presid\u00eancia) e Paulo Teixeira, dentre outros.<\/p>\n\n\n\n<figure class=\"wp-block-image size-full\"><img decoding=\"async\" width=\"1000\" height=\"667\" src=\"https:\/\/noticiaempauta.com\/portal\/wp-content\/uploads\/2025\/02\/large_Consorcio_Nordeste20_041600df4b.jpeg\" alt=\"\" class=\"wp-image-267404\" srcset=\"https:\/\/noticiaempauta.com\/portal\/wp-content\/uploads\/2025\/02\/large_Consorcio_Nordeste20_041600df4b.jpeg 1000w, https:\/\/noticiaempauta.com\/portal\/wp-content\/uploads\/2025\/02\/large_Consorcio_Nordeste20_041600df4b-300x200.jpeg 300w, https:\/\/noticiaempauta.com\/portal\/wp-content\/uploads\/2025\/02\/large_Consorcio_Nordeste20_041600df4b-768x512.jpeg 768w\" sizes=\"(max-width: 1000px) 100vw, 1000px\" \/><figcaption class=\"wp-element-caption\">(Fotos: Gabriel Paulino)<\/figcaption><\/figure>\n\n\n\n<p>Os presidentes da Caixa Econ\u00f4mica Federal, Carlos Ant\u00f4nio Vieira; do Banco do Brasil, Tarciana Medeiros, e do Banco do Nordeste, Paula C\u00e2mara; a bancada federal do Piau\u00ed, v\u00e1rios secret\u00e1rios de Estado e diversas outras autoridades tamb\u00e9m prestigiaram o evento.<\/p>\n\n\n\n<p>No discurso de posse, ele afirmou que sua gest\u00e3o vai focar na articula\u00e7\u00e3o dos Estados para a &#8220;defesa intransigente&#8221; dos temas de interesses do Nordeste. Rafael defendeu maior coopera\u00e7\u00e3o entre as institui\u00e7\u00f5es do pa\u00eds e organismos financeiros para destravar financiamentos e apoios \u00e0s pol\u00edticas p\u00fablicas fundamentais para o pa\u00eds. Citou as \u00e1reas de seguran\u00e7a p\u00fablica, educa\u00e7\u00e3o de tempo integral, financiamento p\u00fablico da sa\u00fade, energias renov\u00e1veis e obras estruturantes como forma de promover o desenvolvimento econ\u00f4mico e social da regi\u00e3o e do pa\u00eds.<\/p>\n\n\n\n<p>Afirmou que sua gest\u00e3o tamb\u00e9m vai focar no aumento do financiamento para os estados do Nordeste, de forma a reduzir a desigualdade em rela\u00e7\u00e3o \u00e0s outras regi\u00f5es do pa\u00eds e trazer mais desenvolvimento. Segundo ele, a desigualdade econ\u00f4mica e social do Nordeste decorre, em boa parte, de distor\u00e7\u00f5es em financiamentos para o desenvolvimento da regi\u00e3o. \u201cApesar de representarmos cerca de 27% da popula\u00e7\u00e3o brasileira, nossa participa\u00e7\u00e3o no PIB nacional permanece significativamente inferior. Esta disparidade reflete, em grande parte, as distor\u00e7\u00f5es nos mecanismos de financiamento e fomento ao desenvolvimento regional\u201d, afirmou.<\/p>\n\n\n\n<p>Rafael Fonteles destacou que vai convocar todos os governadores, gestores p\u00fablicos e sociedade civil a fortalecerem o esp\u00edrito de coopera\u00e7\u00e3o institucional, al\u00e9m de trabalhar em coordena\u00e7\u00e3o com as bancadas parlamentares do Nordeste. &#8220;Nossa atua\u00e7\u00e3o ser\u00e1 pautada pela busca do di\u00e1logo e pela constru\u00e7\u00e3o de consensos que favore\u00e7am a supera\u00e7\u00e3o das desigualdades regionais hist\u00f3ricas que ainda persistem\u201d, concluiu.<\/p>\n\n\n\n<p>CCOM-PI<\/p>\n","protected":false},"excerpt":{"rendered":"<p>O governador do Piau\u00ed, Rafael Fonteles, foi empossado, nesta quarta-feira (5), em Bras\u00edlia, na presid\u00eancia do Cons\u00f3rcio Nordeste, o colegiado que re\u00fane os 9 governadores da regi\u00e3o. Ele substitui a governadora F\u00e1tima Bezerra, do Rio Grande do Norte. A posse ocorreu logo ap\u00f3s Assembleia Geral do Cons\u00f3rcio, e foi prestigiada pelos ministros Fernando Haddad (Fazenda), [&hellip;]<\/p>\n","protected":false},"author":2,"featured_media":267404,"comment_status":"open","ping_status":"open","sticky":false,"template":"","format":"standard","meta":{"_mi_skip_tracking":false,"footnotes":""},"categories":[25,1,16],"tags":[192],"class_list":["post-267403","post","type-post","status-publish","format-standard","has-post-thumbnail","hentry","category-destaques-site","category-geral","category-todas","tag-destaqueprincipal"],"acf":[],"yoast_head":"<!-- This site is optimized with the Yoast SEO Premium plugin v19.2 (Yoast SEO v26.9) - https:\/\/yoast.com\/product\/yoast-seo-premium-wordpress\/ -->\n<title>Rafael Fonteles assume presid\u00eancia do Cons\u00f3rcio Nordeste e defende mais coopera\u00e7\u00e3o e amplia\u00e7\u00e3o do financiamento para os estados nordestinos - Portal Not\u00edcia em Pauta<\/title>\n<meta name=\"robots\" content=\"index, follow, max-snippet:-1, max-image-preview:large, max-video-preview:-1\" \/>\n<link rel=\"canonical\" href=\"https:\/\/noticiaempauta.com\/portal\/rafael-fonteles-assume-presidencia-do-consorcio-nordeste-e-defende-mais-cooperacao-e-ampliacao-do-financiamento-para-os-estados-nordestinos\/\" \/>\n<meta property=\"og:locale\" content=\"pt_BR\" \/>\n<meta property=\"og:type\" content=\"article\" \/>\n<meta property=\"og:title\" content=\"Rafael Fonteles assume presid\u00eancia do Cons\u00f3rcio Nordeste e defende mais coopera\u00e7\u00e3o e amplia\u00e7\u00e3o do financiamento para os estados nordestinos\" \/>\n<meta property=\"og:description\" content=\"O governador do Piau\u00ed, Rafael Fonteles, foi empossado, nesta quarta-feira (5), em Bras\u00edlia, na presid\u00eancia do Cons\u00f3rcio Nordeste, o colegiado que re\u00fane os 9 governadores da regi\u00e3o. Ele substitui a governadora F\u00e1tima Bezerra, do Rio Grande do Norte. A posse ocorreu logo ap\u00f3s Assembleia Geral do Cons\u00f3rcio, e foi prestigiada pelos ministros Fernando Haddad (Fazenda), [&hellip;]\" \/>\n<meta property=\"og:url\" content=\"https:\/\/noticiaempauta.com\/portal\/rafael-fonteles-assume-presidencia-do-consorcio-nordeste-e-defende-mais-cooperacao-e-ampliacao-do-financiamento-para-os-estados-nordestinos\/\" \/>\n<meta property=\"og:site_name\" content=\"Portal Not\u00edcia em Pauta\" \/>\n<meta property=\"article:publisher\" content=\"https:\/\/www.facebook.com\/Portal-Notcia-Em-Pauta-102292869264820\/\" \/>\n<meta property=\"article:published_time\" content=\"2025-02-05T19:51:48+00:00\" \/>\n<meta property=\"article:modified_time\" content=\"2025-02-05T19:51:50+00:00\" \/>\n<meta property=\"og:image\" content=\"https:\/\/noticiaempauta.com\/portal\/wp-content\/uploads\/2025\/02\/large_Consorcio_Nordeste20_041600df4b.jpeg\" \/>\n\t<meta property=\"og:image:width\" content=\"1000\" \/>\n\t<meta property=\"og:image:height\" content=\"667\" \/>\n\t<meta property=\"og:image:type\" content=\"image\/jpeg\" \/>\n<meta name=\"author\" content=\"Reda\u00e7\u00e3o\" \/>\n<meta name=\"twitter:card\" content=\"summary_large_image\" \/>\n<meta name=\"twitter:label1\" content=\"Escrito por\" \/>\n\t<meta name=\"twitter:data1\" content=\"Reda\u00e7\u00e3o\" \/>\n\t<meta name=\"twitter:label2\" content=\"Est. tempo de leitura\" \/>\n\t<meta name=\"twitter:data2\" content=\"3 minutos\" \/>\n<script type=\"application\/ld+json\" class=\"yoast-schema-graph\">{\"@context\":\"https:\/\/schema.org\",\"@graph\":[{\"@type\":\"Article\",\"@id\":\"https:\/\/noticiaempauta.com\/portal\/rafael-fonteles-assume-presidencia-do-consorcio-nordeste-e-defende-mais-cooperacao-e-ampliacao-do-financiamento-para-os-estados-nordestinos\/#article\",\"isPartOf\":{\"@id\":\"https:\/\/noticiaempauta.com\/portal\/rafael-fonteles-assume-presidencia-do-consorcio-nordeste-e-defende-mais-cooperacao-e-ampliacao-do-financiamento-para-os-estados-nordestinos\/\"},\"author\":{\"name\":\"Reda\u00e7\u00e3o\",\"@id\":\"https:\/\/noticiaempauta.com\/portal\/#\/schema\/person\/a74af43dd1ab3deca45f988c717d57ac\"},\"headline\":\"Rafael Fonteles assume presid\u00eancia do Cons\u00f3rcio Nordeste e defende mais coopera\u00e7\u00e3o e amplia\u00e7\u00e3o do financiamento para os estados nordestinos\",\"datePublished\":\"2025-02-05T19:51:48+00:00\",\"dateModified\":\"2025-02-05T19:51:50+00:00\",\"mainEntityOfPage\":{\"@id\":\"https:\/\/noticiaempauta.com\/portal\/rafael-fonteles-assume-presidencia-do-consorcio-nordeste-e-defende-mais-cooperacao-e-ampliacao-do-financiamento-para-os-estados-nordestinos\/\"},\"wordCount\":431,\"commentCount\":0,\"publisher\":{\"@id\":\"https:\/\/noticiaempauta.com\/portal\/#organization\"},\"image\":{\"@id\":\"https:\/\/noticiaempauta.com\/portal\/rafael-fonteles-assume-presidencia-do-consorcio-nordeste-e-defende-mais-cooperacao-e-ampliacao-do-financiamento-para-os-estados-nordestinos\/#primaryimage\"},\"thumbnailUrl\":\"https:\/\/noticiaempauta.com\/portal\/wp-content\/uploads\/2025\/02\/large_Consorcio_Nordeste20_041600df4b.jpeg\",\"keywords\":[\"destaqueprincipal\"],\"articleSection\":[\"Destaques\",\"Geral\",\"Todas as Not\u00edcias\"],\"inLanguage\":\"pt-BR\",\"potentialAction\":[{\"@type\":\"CommentAction\",\"name\":\"Comment\",\"target\":[\"https:\/\/noticiaempauta.com\/portal\/rafael-fonteles-assume-presidencia-do-consorcio-nordeste-e-defende-mais-cooperacao-e-ampliacao-do-financiamento-para-os-estados-nordestinos\/#respond\"]}]},{\"@type\":\"WebPage\",\"@id\":\"https:\/\/noticiaempauta.com\/portal\/rafael-fonteles-assume-presidencia-do-consorcio-nordeste-e-defende-mais-cooperacao-e-ampliacao-do-financiamento-para-os-estados-nordestinos\/\",\"url\":\"https:\/\/noticiaempauta.com\/portal\/rafael-fonteles-assume-presidencia-do-consorcio-nordeste-e-defende-mais-cooperacao-e-ampliacao-do-financiamento-para-os-estados-nordestinos\/\",\"name\":\"Rafael Fonteles assume presid\u00eancia do Cons\u00f3rcio Nordeste e defende mais coopera\u00e7\u00e3o e amplia\u00e7\u00e3o do financiamento para os estados nordestinos - Portal Not\u00edcia em Pauta\",\"isPartOf\":{\"@id\":\"https:\/\/noticiaempauta.com\/portal\/#website\"},\"primaryImageOfPage\":{\"@id\":\"https:\/\/noticiaempauta.com\/portal\/rafael-fonteles-assume-presidencia-do-consorcio-nordeste-e-defende-mais-cooperacao-e-ampliacao-do-financiamento-para-os-estados-nordestinos\/#primaryimage\"},\"image\":{\"@id\":\"https:\/\/noticiaempauta.com\/portal\/rafael-fonteles-assume-presidencia-do-consorcio-nordeste-e-defende-mais-cooperacao-e-ampliacao-do-financiamento-para-os-estados-nordestinos\/#primaryimage\"},\"thumbnailUrl\":\"https:\/\/noticiaempauta.com\/portal\/wp-content\/uploads\/2025\/02\/large_Consorcio_Nordeste20_041600df4b.jpeg\",\"datePublished\":\"2025-02-05T19:51:48+00:00\",\"dateModified\":\"2025-02-05T19:51:50+00:00\",\"breadcrumb\":{\"@id\":\"https:\/\/noticiaempauta.com\/portal\/rafael-fonteles-assume-presidencia-do-consorcio-nordeste-e-defende-mais-cooperacao-e-ampliacao-do-financiamento-para-os-estados-nordestinos\/#breadcrumb\"},\"inLanguage\":\"pt-BR\",\"potentialAction\":[{\"@type\":\"ReadAction\",\"target\":[\"https:\/\/noticiaempauta.com\/portal\/rafael-fonteles-assume-presidencia-do-consorcio-nordeste-e-defende-mais-cooperacao-e-ampliacao-do-financiamento-para-os-estados-nordestinos\/\"]}]},{\"@type\":\"ImageObject\",\"inLanguage\":\"pt-BR\",\"@id\":\"https:\/\/noticiaempauta.com\/portal\/rafael-fonteles-assume-presidencia-do-consorcio-nordeste-e-defende-mais-cooperacao-e-ampliacao-do-financiamento-para-os-estados-nordestinos\/#primaryimage\",\"url\":\"https:\/\/noticiaempauta.com\/portal\/wp-content\/uploads\/2025\/02\/large_Consorcio_Nordeste20_041600df4b.jpeg\",\"contentUrl\":\"https:\/\/noticiaempauta.com\/portal\/wp-content\/uploads\/2025\/02\/large_Consorcio_Nordeste20_041600df4b.jpeg\",\"width\":1000,\"height\":667,\"caption\":\"(Fotos: Gabriel Paulino)\"},{\"@type\":\"BreadcrumbList\",\"@id\":\"https:\/\/noticiaempauta.com\/portal\/rafael-fonteles-assume-presidencia-do-consorcio-nordeste-e-defende-mais-cooperacao-e-ampliacao-do-financiamento-para-os-estados-nordestinos\/#breadcrumb\",\"itemListElement\":[{\"@type\":\"ListItem\",\"position\":1,\"name\":\"P\u00e1gina Inicial\",\"item\":\"https:\/\/noticiaempauta.com\/portal\/\"},{\"@type\":\"ListItem\",\"position\":2,\"name\":\"Destaques\",\"item\":\"https:\/\/noticiaempauta.com\/portal\/destaques-site\/\"},{\"@type\":\"ListItem\",\"position\":3,\"name\":\"Rafael Fonteles assume presid\u00eancia do Cons\u00f3rcio Nordeste e defende mais coopera\u00e7\u00e3o e amplia\u00e7\u00e3o do financiamento para os estados nordestinos\"}]},{\"@type\":\"WebSite\",\"@id\":\"https:\/\/noticiaempauta.com\/portal\/#website\",\"url\":\"https:\/\/noticiaempauta.com\/portal\/\",\"name\":\"Portal Not\u00edcia em Pauta\",\"description\":\"Voc\u00ea bem informado\",\"publisher\":{\"@id\":\"https:\/\/noticiaempauta.com\/portal\/#organization\"},\"potentialAction\":[{\"@type\":\"SearchAction\",\"target\":{\"@type\":\"EntryPoint\",\"urlTemplate\":\"https:\/\/noticiaempauta.com\/portal\/?s={search_term_string}\"},\"query-input\":{\"@type\":\"PropertyValueSpecification\",\"valueRequired\":true,\"valueName\":\"search_term_string\"}}],\"inLanguage\":\"pt-BR\"},{\"@type\":\"Organization\",\"@id\":\"https:\/\/noticiaempauta.com\/portal\/#organization\",\"name\":\"Portal Not\u00edcia em Pauta\",\"url\":\"https:\/\/noticiaempauta.com\/portal\/\",\"logo\":{\"@type\":\"ImageObject\",\"inLanguage\":\"pt-BR\",\"@id\":\"https:\/\/noticiaempauta.com\/portal\/#\/schema\/logo\/image\/\",\"url\":\"https:\/\/noticiaempauta.com\/portal\/wp-content\/uploads\/2022\/08\/logomarca_tema.fw_.png\",\"contentUrl\":\"https:\/\/noticiaempauta.com\/portal\/wp-content\/uploads\/2022\/08\/logomarca_tema.fw_.png\",\"width\":400,\"height\":232,\"caption\":\"Portal Not\u00edcia em Pauta\"},\"image\":{\"@id\":\"https:\/\/noticiaempauta.com\/portal\/#\/schema\/logo\/image\/\"},\"sameAs\":[\"https:\/\/www.facebook.com\/Portal-Notcia-Em-Pauta-102292869264820\/\",\"https:\/\/www.instagram.com\/portalnoticiaempauta\/\"]},{\"@type\":\"Person\",\"@id\":\"https:\/\/noticiaempauta.com\/portal\/#\/schema\/person\/a74af43dd1ab3deca45f988c717d57ac\",\"name\":\"Reda\u00e7\u00e3o\",\"image\":{\"@type\":\"ImageObject\",\"inLanguage\":\"pt-BR\",\"@id\":\"https:\/\/noticiaempauta.com\/portal\/#\/schema\/person\/image\/\",\"url\":\"https:\/\/secure.gravatar.com\/avatar\/03179346ecce6cdfc13361603e8f54242a90e5cde8618fa23c5c00aa2b0aadf3?s=96&d=mm&r=g\",\"contentUrl\":\"https:\/\/secure.gravatar.com\/avatar\/03179346ecce6cdfc13361603e8f54242a90e5cde8618fa23c5c00aa2b0aadf3?s=96&d=mm&r=g\",\"caption\":\"Reda\u00e7\u00e3o\"},\"sameAs\":[\"https:\/\/noticiaempauta.com\/portal\/\"],\"url\":\"https:\/\/noticiaempauta.com\/portal\/author\/fernando\/\"}]}<\/script>\n<!-- \/ Yoast SEO Premium plugin. -->","yoast_head_json":{"title":"Rafael Fonteles assume presid\u00eancia do Cons\u00f3rcio Nordeste e defende mais coopera\u00e7\u00e3o e amplia\u00e7\u00e3o do financiamento para os estados nordestinos - Portal Not\u00edcia em Pauta","robots":{"index":"index","follow":"follow","max-snippet":"max-snippet:-1","max-image-preview":"max-image-preview:large","max-video-preview":"max-video-preview:-1"},"canonical":"https:\/\/noticiaempauta.com\/portal\/rafael-fonteles-assume-presidencia-do-consorcio-nordeste-e-defende-mais-cooperacao-e-ampliacao-do-financiamento-para-os-estados-nordestinos\/","og_locale":"pt_BR","og_type":"article","og_title":"Rafael Fonteles assume presid\u00eancia do Cons\u00f3rcio Nordeste e defende mais coopera\u00e7\u00e3o e amplia\u00e7\u00e3o do financiamento para os estados nordestinos","og_description":"O governador do Piau\u00ed, Rafael Fonteles, foi empossado, nesta quarta-feira (5), em Bras\u00edlia, na presid\u00eancia do Cons\u00f3rcio Nordeste, o colegiado que re\u00fane os 9 governadores da regi\u00e3o. Ele substitui a governadora F\u00e1tima Bezerra, do Rio Grande do Norte. A posse ocorreu logo ap\u00f3s Assembleia Geral do Cons\u00f3rcio, e foi prestigiada pelos ministros Fernando Haddad (Fazenda), [&hellip;]","og_url":"https:\/\/noticiaempauta.com\/portal\/rafael-fonteles-assume-presidencia-do-consorcio-nordeste-e-defende-mais-cooperacao-e-ampliacao-do-financiamento-para-os-estados-nordestinos\/","og_site_name":"Portal Not\u00edcia em Pauta","article_publisher":"https:\/\/www.facebook.com\/Portal-Notcia-Em-Pauta-102292869264820\/","article_published_time":"2025-02-05T19:51:48+00:00","article_modified_time":"2025-02-05T19:51:50+00:00","og_image":[{"width":1000,"height":667,"url":"https:\/\/noticiaempauta.com\/portal\/wp-content\/uploads\/2025\/02\/large_Consorcio_Nordeste20_041600df4b.jpeg","type":"image\/jpeg"}],"author":"Reda\u00e7\u00e3o","twitter_card":"summary_large_image","twitter_misc":{"Escrito por":"Reda\u00e7\u00e3o","Est. tempo de leitura":"3 minutos"},"schema":{"@context":"https:\/\/schema.org","@graph":[{"@type":"Article","@id":"https:\/\/noticiaempauta.com\/portal\/rafael-fonteles-assume-presidencia-do-consorcio-nordeste-e-defende-mais-cooperacao-e-ampliacao-do-financiamento-para-os-estados-nordestinos\/#article","isPartOf":{"@id":"https:\/\/noticiaempauta.com\/portal\/rafael-fonteles-assume-presidencia-do-consorcio-nordeste-e-defende-mais-cooperacao-e-ampliacao-do-financiamento-para-os-estados-nordestinos\/"},"author":{"name":"Reda\u00e7\u00e3o","@id":"https:\/\/noticiaempauta.com\/portal\/#\/schema\/person\/a74af43dd1ab3deca45f988c717d57ac"},"headline":"Rafael Fonteles assume presid\u00eancia do Cons\u00f3rcio Nordeste e defende mais coopera\u00e7\u00e3o e amplia\u00e7\u00e3o do financiamento para os estados nordestinos","datePublished":"2025-02-05T19:51:48+00:00","dateModified":"2025-02-05T19:51:50+00:00","mainEntityOfPage":{"@id":"https:\/\/noticiaempauta.com\/portal\/rafael-fonteles-assume-presidencia-do-consorcio-nordeste-e-defende-mais-cooperacao-e-ampliacao-do-financiamento-para-os-estados-nordestinos\/"},"wordCount":431,"commentCount":0,"publisher":{"@id":"https:\/\/noticiaempauta.com\/portal\/#organization"},"image":{"@id":"https:\/\/noticiaempauta.com\/portal\/rafael-fonteles-assume-presidencia-do-consorcio-nordeste-e-defende-mais-cooperacao-e-ampliacao-do-financiamento-para-os-estados-nordestinos\/#primaryimage"},"thumbnailUrl":"https:\/\/noticiaempauta.com\/portal\/wp-content\/uploads\/2025\/02\/large_Consorcio_Nordeste20_041600df4b.jpeg","keywords":["destaqueprincipal"],"articleSection":["Destaques","Geral","Todas as Not\u00edcias"],"inLanguage":"pt-BR","potentialAction":[{"@type":"CommentAction","name":"Comment","target":["https:\/\/noticiaempauta.com\/portal\/rafael-fonteles-assume-presidencia-do-consorcio-nordeste-e-defende-mais-cooperacao-e-ampliacao-do-financiamento-para-os-estados-nordestinos\/#respond"]}]},{"@type":"WebPage","@id":"https:\/\/noticiaempauta.com\/portal\/rafael-fonteles-assume-presidencia-do-consorcio-nordeste-e-defende-mais-cooperacao-e-ampliacao-do-financiamento-para-os-estados-nordestinos\/","url":"https:\/\/noticiaempauta.com\/portal\/rafael-fonteles-assume-presidencia-do-consorcio-nordeste-e-defende-mais-cooperacao-e-ampliacao-do-financiamento-para-os-estados-nordestinos\/","name":"Rafael Fonteles assume presid\u00eancia do Cons\u00f3rcio Nordeste e defende mais coopera\u00e7\u00e3o e amplia\u00e7\u00e3o do financiamento para os estados nordestinos - Portal Not\u00edcia em Pauta","isPartOf":{"@id":"https:\/\/noticiaempauta.com\/portal\/#website"},"primaryImageOfPage":{"@id":"https:\/\/noticiaempauta.com\/portal\/rafael-fonteles-assume-presidencia-do-consorcio-nordeste-e-defende-mais-cooperacao-e-ampliacao-do-financiamento-para-os-estados-nordestinos\/#primaryimage"},"image":{"@id":"https:\/\/noticiaempauta.com\/portal\/rafael-fonteles-assume-presidencia-do-consorcio-nordeste-e-defende-mais-cooperacao-e-ampliacao-do-financiamento-para-os-estados-nordestinos\/#primaryimage"},"thumbnailUrl":"https:\/\/noticiaempauta.com\/portal\/wp-content\/uploads\/2025\/02\/large_Consorcio_Nordeste20_041600df4b.jpeg","datePublished":"2025-02-05T19:51:48+00:00","dateModified":"2025-02-05T19:51:50+00:00","breadcrumb":{"@id":"https:\/\/noticiaempauta.com\/portal\/rafael-fonteles-assume-presidencia-do-consorcio-nordeste-e-defende-mais-cooperacao-e-ampliacao-do-financiamento-para-os-estados-nordestinos\/#breadcrumb"},"inLanguage":"pt-BR","potentialAction":[{"@type":"ReadAction","target":["https:\/\/noticiaempauta.com\/portal\/rafael-fonteles-assume-presidencia-do-consorcio-nordeste-e-defende-mais-cooperacao-e-ampliacao-do-financiamento-para-os-estados-nordestinos\/"]}]},{"@type":"ImageObject","inLanguage":"pt-BR","@id":"https:\/\/noticiaempauta.com\/portal\/rafael-fonteles-assume-presidencia-do-consorcio-nordeste-e-defende-mais-cooperacao-e-ampliacao-do-financiamento-para-os-estados-nordestinos\/#primaryimage","url":"https:\/\/noticiaempauta.com\/portal\/wp-content\/uploads\/2025\/02\/large_Consorcio_Nordeste20_041600df4b.jpeg","contentUrl":"https:\/\/noticiaempauta.com\/portal\/wp-content\/uploads\/2025\/02\/large_Consorcio_Nordeste20_041600df4b.jpeg","width":1000,"height":667,"caption":"(Fotos: Gabriel Paulino)"},{"@type":"BreadcrumbList","@id":"https:\/\/noticiaempauta.com\/portal\/rafael-fonteles-assume-presidencia-do-consorcio-nordeste-e-defende-mais-cooperacao-e-ampliacao-do-financiamento-para-os-estados-nordestinos\/#breadcrumb","itemListElement":[{"@type":"ListItem","position":1,"name":"P\u00e1gina Inicial","item":"https:\/\/noticiaempauta.com\/portal\/"},{"@type":"ListItem","position":2,"name":"Destaques","item":"https:\/\/noticiaempauta.com\/portal\/destaques-site\/"},{"@type":"ListItem","position":3,"name":"Rafael Fonteles assume presid\u00eancia do Cons\u00f3rcio Nordeste e defende mais coopera\u00e7\u00e3o e amplia\u00e7\u00e3o do financiamento para os estados nordestinos"}]},{"@type":"WebSite","@id":"https:\/\/noticiaempauta.com\/portal\/#website","url":"https:\/\/noticiaempauta.com\/portal\/","name":"Portal Not\u00edcia em Pauta","description":"Voc\u00ea bem informado","publisher":{"@id":"https:\/\/noticiaempauta.com\/portal\/#organization"},"potentialAction":[{"@type":"SearchAction","target":{"@type":"EntryPoint","urlTemplate":"https:\/\/noticiaempauta.com\/portal\/?s={search_term_string}"},"query-input":{"@type":"PropertyValueSpecification","valueRequired":true,"valueName":"search_term_string"}}],"inLanguage":"pt-BR"},{"@type":"Organization","@id":"https:\/\/noticiaempauta.com\/portal\/#organization","name":"Portal Not\u00edcia em Pauta","url":"https:\/\/noticiaempauta.com\/portal\/","logo":{"@type":"ImageObject","inLanguage":"pt-BR","@id":"https:\/\/noticiaempauta.com\/portal\/#\/schema\/logo\/image\/","url":"https:\/\/noticiaempauta.com\/portal\/wp-content\/uploads\/2022\/08\/logomarca_tema.fw_.png","contentUrl":"https:\/\/noticiaempauta.com\/portal\/wp-content\/uploads\/2022\/08\/logomarca_tema.fw_.png","width":400,"height":232,"caption":"Portal Not\u00edcia em Pauta"},"image":{"@id":"https:\/\/noticiaempauta.com\/portal\/#\/schema\/logo\/image\/"},"sameAs":["https:\/\/www.facebook.com\/Portal-Notcia-Em-Pauta-102292869264820\/","https:\/\/www.instagram.com\/portalnoticiaempauta\/"]},{"@type":"Person","@id":"https:\/\/noticiaempauta.com\/portal\/#\/schema\/person\/a74af43dd1ab3deca45f988c717d57ac","name":"Reda\u00e7\u00e3o","image":{"@type":"ImageObject","inLanguage":"pt-BR","@id":"https:\/\/noticiaempauta.com\/portal\/#\/schema\/person\/image\/","url":"https:\/\/secure.gravatar.com\/avatar\/03179346ecce6cdfc13361603e8f54242a90e5cde8618fa23c5c00aa2b0aadf3?s=96&d=mm&r=g","contentUrl":"https:\/\/secure.gravatar.com\/avatar\/03179346ecce6cdfc13361603e8f54242a90e5cde8618fa23c5c00aa2b0aadf3?s=96&d=mm&r=g","caption":"Reda\u00e7\u00e3o"},"sameAs":["https:\/\/noticiaempauta.com\/portal\/"],"url":"https:\/\/noticiaempauta.com\/portal\/author\/fernando\/"}]}},"_links":{"self":[{"href":"https:\/\/noticiaempauta.com\/portal\/wp-json\/wp\/v2\/posts\/267403","targetHints":{"allow":["GET"]}}],"collection":[{"href":"https:\/\/noticiaempauta.com\/portal\/wp-json\/wp\/v2\/posts"}],"about":[{"href":"https:\/\/noticiaempauta.com\/portal\/wp-json\/wp\/v2\/types\/post"}],"author":[{"embeddable":true,"href":"https:\/\/noticiaempauta.com\/portal\/wp-json\/wp\/v2\/users\/2"}],"replies":[{"embeddable":true,"href":"https:\/\/noticiaempauta.com\/portal\/wp-json\/wp\/v2\/comments?post=267403"}],"version-history":[{"count":2,"href":"https:\/\/noticiaempauta.com\/portal\/wp-json\/wp\/v2\/posts\/267403\/revisions"}],"predecessor-version":[{"id":267407,"href":"https:\/\/noticiaempauta.com\/portal\/wp-json\/wp\/v2\/posts\/267403\/revisions\/267407"}],"wp:featuredmedia":[{"embeddable":true,"href":"https:\/\/noticiaempauta.com\/portal\/wp-json\/wp\/v2\/media\/267404"}],"wp:attachment":[{"href":"https:\/\/noticiaempauta.com\/portal\/wp-json\/wp\/v2\/media?parent=267403"}],"wp:term":[{"taxonomy":"category","embeddable":true,"href":"https:\/\/noticiaempauta.com\/portal\/wp-json\/wp\/v2\/categories?post=267403"},{"taxonomy":"post_tag","embeddable":true,"href":"https:\/\/noticiaempauta.com\/portal\/wp-json\/wp\/v2\/tags?post=267403"}],"curies":[{"name":"wp","href":"https:\/\/api.w.org\/{rel}","templated":true}]}}