{"id":267433,"date":"2025-02-06T19:12:39","date_gmt":"2025-02-06T22:12:39","guid":{"rendered":"https:\/\/noticiaempauta.com\/portal\/?p=267433"},"modified":"2025-02-06T19:13:33","modified_gmt":"2025-02-06T22:13:33","slug":"camara-municipal-de-picos-realiza-sessao-de-abertura-do-ano-legislativo-2025","status":"publish","type":"post","link":"https:\/\/noticiaempauta.com\/portal\/camara-municipal-de-picos-realiza-sessao-de-abertura-do-ano-legislativo-2025\/","title":{"rendered":"C\u00e2mara Municipal de Picos realiza sess\u00e3o de abertura do Ano Legislativo 2025"},"content":{"rendered":"\n<p>Na tarde desta quinta-feira, 06 de fevereiro, a C\u00e2mara Municipal de Picos deu in\u00edcio \u00e0s atividades do ano legislativo de 2025 com a mensagem do chefe do executivo municipal, prefeito Pablo Santos durante a sess\u00e3o solene.<\/p>\n\n\n\n<figure class=\"wp-block-image size-large\"><img fetchpriority=\"high\" decoding=\"async\" width=\"1024\" height=\"824\" src=\"https:\/\/noticiaempauta.com\/portal\/wp-content\/uploads\/2025\/02\/WhatsApp-Image-2025-02-06-at-17.49.24-1024x824.jpeg\" alt=\"\" class=\"wp-image-267434\" srcset=\"https:\/\/noticiaempauta.com\/portal\/wp-content\/uploads\/2025\/02\/WhatsApp-Image-2025-02-06-at-17.49.24-1024x824.jpeg 1024w, https:\/\/noticiaempauta.com\/portal\/wp-content\/uploads\/2025\/02\/WhatsApp-Image-2025-02-06-at-17.49.24-300x241.jpeg 300w, https:\/\/noticiaempauta.com\/portal\/wp-content\/uploads\/2025\/02\/WhatsApp-Image-2025-02-06-at-17.49.24-768x618.jpeg 768w, https:\/\/noticiaempauta.com\/portal\/wp-content\/uploads\/2025\/02\/WhatsApp-Image-2025-02-06-at-17.49.24.jpeg 1280w\" sizes=\"(max-width: 1024px) 100vw, 1024px\" \/><\/figure>\n\n\n\n<p>Presidindo a sess\u00e3o, o vereador Rinaldinho (MDB), fez a abertura oficial dos trabalhos e conduziu o momento que contou com a presen\u00e7a dos 17 vereadores.<\/p>\n\n\n\n<figure class=\"wp-block-image size-large\"><img decoding=\"async\" width=\"1024\" height=\"683\" src=\"https:\/\/noticiaempauta.com\/portal\/wp-content\/uploads\/2025\/02\/IMG_7855-1024x683.jpg\" alt=\"\" class=\"wp-image-267435\" srcset=\"https:\/\/noticiaempauta.com\/portal\/wp-content\/uploads\/2025\/02\/IMG_7855-1024x683.jpg 1024w, https:\/\/noticiaempauta.com\/portal\/wp-content\/uploads\/2025\/02\/IMG_7855-300x200.jpg 300w, https:\/\/noticiaempauta.com\/portal\/wp-content\/uploads\/2025\/02\/IMG_7855-768x512.jpg 768w, https:\/\/noticiaempauta.com\/portal\/wp-content\/uploads\/2025\/02\/IMG_7855.jpg 1200w\" sizes=\"(max-width: 1024px) 100vw, 1024px\" \/><\/figure>\n\n\n\n<figure class=\"wp-block-image size-large\"><img decoding=\"async\" width=\"1024\" height=\"768\" src=\"https:\/\/noticiaempauta.com\/portal\/wp-content\/uploads\/2025\/02\/WhatsApp-Image-2025-02-06-at-17.53.22-1024x768.jpeg\" alt=\"\" class=\"wp-image-267436\" srcset=\"https:\/\/noticiaempauta.com\/portal\/wp-content\/uploads\/2025\/02\/WhatsApp-Image-2025-02-06-at-17.53.22-1024x768.jpeg 1024w, https:\/\/noticiaempauta.com\/portal\/wp-content\/uploads\/2025\/02\/WhatsApp-Image-2025-02-06-at-17.53.22-300x225.jpeg 300w, https:\/\/noticiaempauta.com\/portal\/wp-content\/uploads\/2025\/02\/WhatsApp-Image-2025-02-06-at-17.53.22-768x576.jpeg 768w, https:\/\/noticiaempauta.com\/portal\/wp-content\/uploads\/2025\/02\/WhatsApp-Image-2025-02-06-at-17.53.22-1536x1152.jpeg 1536w, https:\/\/noticiaempauta.com\/portal\/wp-content\/uploads\/2025\/02\/WhatsApp-Image-2025-02-06-at-17.53.22.jpeg 1600w\" sizes=\"(max-width: 1024px) 100vw, 1024px\" \/><\/figure>\n\n\n\n<p>Um grande p\u00fablico presente lotou o Plen\u00e1rio Ver. Pedro Barbosa, secret\u00e1rio municipais, Comandante do 3\u00ba BEC, Tenente-Coronel A\u00e9cio, lideran\u00e7as pol\u00edticas e sociedade civil acompanharam a sess\u00e3o solene.<\/p>\n\n\n\n<figure class=\"wp-block-image size-large\"><img loading=\"lazy\" decoding=\"async\" width=\"1024\" height=\"768\" src=\"https:\/\/noticiaempauta.com\/portal\/wp-content\/uploads\/2025\/02\/WhatsApp-Image-2025-02-06-at-17.55.23-1024x768.jpeg\" alt=\"\" class=\"wp-image-267437\" srcset=\"https:\/\/noticiaempauta.com\/portal\/wp-content\/uploads\/2025\/02\/WhatsApp-Image-2025-02-06-at-17.55.23-1024x768.jpeg 1024w, https:\/\/noticiaempauta.com\/portal\/wp-content\/uploads\/2025\/02\/WhatsApp-Image-2025-02-06-at-17.55.23-300x225.jpeg 300w, https:\/\/noticiaempauta.com\/portal\/wp-content\/uploads\/2025\/02\/WhatsApp-Image-2025-02-06-at-17.55.23-768x576.jpeg 768w, https:\/\/noticiaempauta.com\/portal\/wp-content\/uploads\/2025\/02\/WhatsApp-Image-2025-02-06-at-17.55.23.jpeg 1280w\" sizes=\"(max-width: 1024px) 100vw, 1024px\" \/><\/figure>\n\n\n\n<p>Na oportunidade, o prefeito Pablo Santos fez a leitura da mensagem anual, que tradicionalmente \u00e9 feita pelo chefe do pode executivo, marcando a abertura oficial dos trabalhos e o compromisso de harmonia entre os poderes.<\/p>\n\n\n\n<figure class=\"wp-block-image size-large\"><img loading=\"lazy\" decoding=\"async\" width=\"762\" height=\"1024\" src=\"https:\/\/noticiaempauta.com\/portal\/wp-content\/uploads\/2025\/02\/WhatsApp-Image-2025-02-06-at-18.06.34-762x1024.jpeg\" alt=\"\" class=\"wp-image-267438\" srcset=\"https:\/\/noticiaempauta.com\/portal\/wp-content\/uploads\/2025\/02\/WhatsApp-Image-2025-02-06-at-18.06.34-762x1024.jpeg 762w, https:\/\/noticiaempauta.com\/portal\/wp-content\/uploads\/2025\/02\/WhatsApp-Image-2025-02-06-at-18.06.34-223x300.jpeg 223w, https:\/\/noticiaempauta.com\/portal\/wp-content\/uploads\/2025\/02\/WhatsApp-Image-2025-02-06-at-18.06.34-768x1033.jpeg 768w, https:\/\/noticiaempauta.com\/portal\/wp-content\/uploads\/2025\/02\/WhatsApp-Image-2025-02-06-at-18.06.34.jpeg 952w\" sizes=\"(max-width: 762px) 100vw, 762px\" \/><\/figure>\n\n\n\n<p>Em sua mensagem o gestor agradeceu todo apoio da popula\u00e7\u00e3o picoense, e destacou os desafios e avan\u00e7os dos seu primeiro m\u00eas a frente da prefeitura de Picos, citando realiza\u00e7\u00f5es e projetos importantes em cada secretaria municipal, o prefeito pontuou conquistas significativas, dentre elas a descentraliza\u00e7\u00e3o do servi\u00e7o de marca\u00e7\u00e3o de consultas e exames pela secretaria de sa\u00fade do munic\u00edpio, ao tempo em que tamb\u00e9m destacou o importante trabalho intensificado nos \u00faltimos dias, pelas secretarias da Defesa Civil, Obras e Assist\u00eancia Social, assim como a\u00e7\u00f5es importantes das mais diferentes pastas. <\/p>\n\n\n\n<figure class=\"wp-block-image size-large\"><img loading=\"lazy\" decoding=\"async\" width=\"1024\" height=\"683\" src=\"https:\/\/noticiaempauta.com\/portal\/wp-content\/uploads\/2025\/02\/IMG_7862-1024x683.jpg\" alt=\"\" class=\"wp-image-267439\" srcset=\"https:\/\/noticiaempauta.com\/portal\/wp-content\/uploads\/2025\/02\/IMG_7862-1024x683.jpg 1024w, https:\/\/noticiaempauta.com\/portal\/wp-content\/uploads\/2025\/02\/IMG_7862-300x200.jpg 300w, https:\/\/noticiaempauta.com\/portal\/wp-content\/uploads\/2025\/02\/IMG_7862-768x512.jpg 768w, https:\/\/noticiaempauta.com\/portal\/wp-content\/uploads\/2025\/02\/IMG_7862.jpg 1200w\" sizes=\"(max-width: 1024px) 100vw, 1024px\" \/><\/figure>\n\n\n\n<p>Na ocasi\u00e3o, Pablo Santos anunciou importantes obras que em breve ter\u00e3o in\u00edcio no munic\u00edpio, a exemplo do novo Centro Administrativo, Mercado P\u00fablico e um novo Est\u00e1dio Helv\u00eddio Nunes, tendo tamb\u00e9m desejado a todos os vereadores um ano legislativo de muitas conquistas para o munic\u00edpio durante seu pronunciamento.<\/p>\n\n\n\n<figure class=\"wp-block-image size-large\"><img loading=\"lazy\" decoding=\"async\" width=\"1024\" height=\"683\" src=\"https:\/\/noticiaempauta.com\/portal\/wp-content\/uploads\/2025\/02\/IMG_7919-1024x683.jpg\" alt=\"\" class=\"wp-image-267440\" srcset=\"https:\/\/noticiaempauta.com\/portal\/wp-content\/uploads\/2025\/02\/IMG_7919-1024x683.jpg 1024w, https:\/\/noticiaempauta.com\/portal\/wp-content\/uploads\/2025\/02\/IMG_7919-300x200.jpg 300w, https:\/\/noticiaempauta.com\/portal\/wp-content\/uploads\/2025\/02\/IMG_7919-768x512.jpg 768w, https:\/\/noticiaempauta.com\/portal\/wp-content\/uploads\/2025\/02\/IMG_7919.jpg 1200w\" sizes=\"(max-width: 1024px) 100vw, 1024px\" \/><figcaption class=\"wp-element-caption\"><strong><em>Ministro Wellington Dias.<\/em><\/strong><\/figcaption><\/figure>\n\n\n\n<p>V\u00e1rias autoridades de \u00e2mbito regional, e nacional estiveram presentes, dentre elas o Ministro do Desenvolvimento Social (MDS), Wellington Dias, Senador Marcelo Castro,Presidente Nacional do Banco do Nordeste e ex-governador de Pernambuco Paulo C\u00e2mara, Ex-governador do Piau\u00ed, Wilson Martins, Presidente da Associa\u00e7\u00e3o Piauiense de Munic\u00edpios (APPM) e prefeito de S\u00e3o Jos\u00e9 do Piau\u00ed, Admaelton Bezerra e o atual Presidente da Agespisa, Z\u00e9 Santana.<\/p>\n\n\n\n<figure class=\"wp-block-image size-large\"><img loading=\"lazy\" decoding=\"async\" width=\"1024\" height=\"683\" src=\"https:\/\/noticiaempauta.com\/portal\/wp-content\/uploads\/2025\/02\/IMG_7925-1024x683.jpg\" alt=\"\" class=\"wp-image-267441\" srcset=\"https:\/\/noticiaempauta.com\/portal\/wp-content\/uploads\/2025\/02\/IMG_7925-1024x683.jpg 1024w, https:\/\/noticiaempauta.com\/portal\/wp-content\/uploads\/2025\/02\/IMG_7925-300x200.jpg 300w, https:\/\/noticiaempauta.com\/portal\/wp-content\/uploads\/2025\/02\/IMG_7925-768x512.jpg 768w, https:\/\/noticiaempauta.com\/portal\/wp-content\/uploads\/2025\/02\/IMG_7925.jpg 1200w\" sizes=\"(max-width: 1024px) 100vw, 1024px\" \/><figcaption class=\"wp-element-caption\"><strong><em>Senador Marcelo Castro.<\/em><\/strong><\/figcaption><\/figure>\n\n\n\n<figure class=\"wp-block-image size-large\"><img loading=\"lazy\" decoding=\"async\" width=\"1024\" height=\"683\" src=\"https:\/\/noticiaempauta.com\/portal\/wp-content\/uploads\/2025\/02\/IMG_7904-1024x683.jpg\" alt=\"\" class=\"wp-image-267442\" srcset=\"https:\/\/noticiaempauta.com\/portal\/wp-content\/uploads\/2025\/02\/IMG_7904-1024x683.jpg 1024w, https:\/\/noticiaempauta.com\/portal\/wp-content\/uploads\/2025\/02\/IMG_7904-300x200.jpg 300w, https:\/\/noticiaempauta.com\/portal\/wp-content\/uploads\/2025\/02\/IMG_7904-768x512.jpg 768w, https:\/\/noticiaempauta.com\/portal\/wp-content\/uploads\/2025\/02\/IMG_7904.jpg 1200w\" sizes=\"(max-width: 1024px) 100vw, 1024px\" \/><figcaption class=\"wp-element-caption\"><strong><em>Presidente do Banco do Nordeste (BNB) e Ex-Governador do Pernambuco, Paulo C\u00e2mara.<\/em><\/strong><\/figcaption><\/figure>\n\n\n\n<p>Tamb\u00e9m estiveram presentes os deputados estaduais, Thales Coelho (atual secret\u00e1rio de sa\u00fade de Picos), Dr. Vin\u00edcios e Gil Carlos. Representado a bancada federal piauiense, marcaram presen\u00e7a os deputados federais, J\u00falio Ces\u00e1r, Francisco Costa e Jadyel Alencar.<\/p>\n\n\n\n<figure class=\"wp-block-image size-large\"><img loading=\"lazy\" decoding=\"async\" width=\"1024\" height=\"683\" src=\"https:\/\/noticiaempauta.com\/portal\/wp-content\/uploads\/2025\/02\/IMG_7890-1024x683.jpg\" alt=\"\" class=\"wp-image-267443\" srcset=\"https:\/\/noticiaempauta.com\/portal\/wp-content\/uploads\/2025\/02\/IMG_7890-1024x683.jpg 1024w, https:\/\/noticiaempauta.com\/portal\/wp-content\/uploads\/2025\/02\/IMG_7890-300x200.jpg 300w, https:\/\/noticiaempauta.com\/portal\/wp-content\/uploads\/2025\/02\/IMG_7890-768x512.jpg 768w, https:\/\/noticiaempauta.com\/portal\/wp-content\/uploads\/2025\/02\/IMG_7890.jpg 1200w\" sizes=\"(max-width: 1024px) 100vw, 1024px\" \/><figcaption class=\"wp-element-caption\"><strong><em>Deputado Estadual Dr. Vinicius (PT) e Deputado Federal Francisco Costa (PT).<\/em><\/strong><\/figcaption><\/figure>\n\n\n\n<figure class=\"wp-block-image size-large\"><img loading=\"lazy\" decoding=\"async\" width=\"1024\" height=\"683\" src=\"https:\/\/noticiaempauta.com\/portal\/wp-content\/uploads\/2025\/02\/IMG_7913-1024x683.jpg\" alt=\"\" class=\"wp-image-267444\" srcset=\"https:\/\/noticiaempauta.com\/portal\/wp-content\/uploads\/2025\/02\/IMG_7913-1024x683.jpg 1024w, https:\/\/noticiaempauta.com\/portal\/wp-content\/uploads\/2025\/02\/IMG_7913-300x200.jpg 300w, https:\/\/noticiaempauta.com\/portal\/wp-content\/uploads\/2025\/02\/IMG_7913-768x512.jpg 768w, https:\/\/noticiaempauta.com\/portal\/wp-content\/uploads\/2025\/02\/IMG_7913.jpg 1200w\" sizes=\"(max-width: 1024px) 100vw, 1024px\" \/><figcaption class=\"wp-element-caption\"><strong><em>Deputado Federal J\u00falio C\u00e9sar (PSD).<\/em><\/strong><\/figcaption><\/figure>\n\n\n\n<figure class=\"wp-block-image size-large\"><img loading=\"lazy\" decoding=\"async\" width=\"1024\" height=\"683\" src=\"https:\/\/noticiaempauta.com\/portal\/wp-content\/uploads\/2025\/02\/IMG_7873-1024x683.jpg\" alt=\"\" class=\"wp-image-267446\" srcset=\"https:\/\/noticiaempauta.com\/portal\/wp-content\/uploads\/2025\/02\/IMG_7873-1024x683.jpg 1024w, https:\/\/noticiaempauta.com\/portal\/wp-content\/uploads\/2025\/02\/IMG_7873-300x200.jpg 300w, https:\/\/noticiaempauta.com\/portal\/wp-content\/uploads\/2025\/02\/IMG_7873-768x512.jpg 768w, https:\/\/noticiaempauta.com\/portal\/wp-content\/uploads\/2025\/02\/IMG_7873.jpg 1200w\" sizes=\"(max-width: 1024px) 100vw, 1024px\" \/><figcaption class=\"wp-element-caption\"><strong><em>Deputado Estadual licenciado, e atual secret\u00e1rio de sa\u00fade de Picos, Dr. Thales Coelho.<\/em><\/strong><\/figcaption><\/figure>\n\n\n\n<figure class=\"wp-block-image size-large\"><img loading=\"lazy\" decoding=\"async\" width=\"1024\" height=\"683\" src=\"https:\/\/noticiaempauta.com\/portal\/wp-content\/uploads\/2025\/02\/IMG_7883-1024x683.jpg\" alt=\"\" class=\"wp-image-267445\" srcset=\"https:\/\/noticiaempauta.com\/portal\/wp-content\/uploads\/2025\/02\/IMG_7883-1024x683.jpg 1024w, https:\/\/noticiaempauta.com\/portal\/wp-content\/uploads\/2025\/02\/IMG_7883-300x200.jpg 300w, https:\/\/noticiaempauta.com\/portal\/wp-content\/uploads\/2025\/02\/IMG_7883-768x512.jpg 768w, https:\/\/noticiaempauta.com\/portal\/wp-content\/uploads\/2025\/02\/IMG_7883.jpg 1200w\" sizes=\"(max-width: 1024px) 100vw, 1024px\" \/><figcaption class=\"wp-element-caption\"><strong>Durante a sess\u00e3o, kits com carteira oficial, chaveiro, e Tablet foram entregues aos 17 vereadores.<\/strong><\/figcaption><\/figure>\n\n\n\n<figure class=\"wp-block-image size-large\"><img loading=\"lazy\" decoding=\"async\" width=\"1024\" height=\"683\" src=\"https:\/\/noticiaempauta.com\/portal\/wp-content\/uploads\/2025\/02\/IMG_7870-1024x683.jpg\" alt=\"\" class=\"wp-image-267447\" srcset=\"https:\/\/noticiaempauta.com\/portal\/wp-content\/uploads\/2025\/02\/IMG_7870-1024x683.jpg 1024w, https:\/\/noticiaempauta.com\/portal\/wp-content\/uploads\/2025\/02\/IMG_7870-300x200.jpg 300w, https:\/\/noticiaempauta.com\/portal\/wp-content\/uploads\/2025\/02\/IMG_7870-768x512.jpg 768w, https:\/\/noticiaempauta.com\/portal\/wp-content\/uploads\/2025\/02\/IMG_7870.jpg 1200w\" sizes=\"(max-width: 1024px) 100vw, 1024px\" \/><\/figure>\n\n\n\n<figure class=\"wp-block-image size-large\"><img loading=\"lazy\" decoding=\"async\" width=\"1024\" height=\"768\" src=\"https:\/\/noticiaempauta.com\/portal\/wp-content\/uploads\/2025\/02\/WhatsApp-Image-2025-02-06-at-18.18.48-1024x768.jpeg\" alt=\"\" class=\"wp-image-267448\" srcset=\"https:\/\/noticiaempauta.com\/portal\/wp-content\/uploads\/2025\/02\/WhatsApp-Image-2025-02-06-at-18.18.48-1024x768.jpeg 1024w, https:\/\/noticiaempauta.com\/portal\/wp-content\/uploads\/2025\/02\/WhatsApp-Image-2025-02-06-at-18.18.48-300x225.jpeg 300w, https:\/\/noticiaempauta.com\/portal\/wp-content\/uploads\/2025\/02\/WhatsApp-Image-2025-02-06-at-18.18.48-768x576.jpeg 768w, https:\/\/noticiaempauta.com\/portal\/wp-content\/uploads\/2025\/02\/WhatsApp-Image-2025-02-06-at-18.18.48.jpeg 1280w\" sizes=\"(max-width: 1024px) 100vw, 1024px\" \/><\/figure>\n\n\n\n<figure class=\"wp-block-image size-large\"><img loading=\"lazy\" decoding=\"async\" width=\"1024\" height=\"845\" src=\"https:\/\/noticiaempauta.com\/portal\/wp-content\/uploads\/2025\/02\/IMG_1016-1024x845.jpeg\" alt=\"\" class=\"wp-image-267453\" srcset=\"https:\/\/noticiaempauta.com\/portal\/wp-content\/uploads\/2025\/02\/IMG_1016-1024x845.jpeg 1024w, https:\/\/noticiaempauta.com\/portal\/wp-content\/uploads\/2025\/02\/IMG_1016-300x247.jpeg 300w, https:\/\/noticiaempauta.com\/portal\/wp-content\/uploads\/2025\/02\/IMG_1016-768x633.jpeg 768w, https:\/\/noticiaempauta.com\/portal\/wp-content\/uploads\/2025\/02\/IMG_1016.jpeg 1170w\" sizes=\"(max-width: 1024px) 100vw, 1024px\" \/><\/figure>\n","protected":false},"excerpt":{"rendered":"<p>Na tarde desta quinta-feira, 06 de fevereiro, a C\u00e2mara Municipal de Picos deu in\u00edcio \u00e0s atividades do ano legislativo de 2025 com a mensagem do chefe do executivo municipal, prefeito Pablo Santos durante a sess\u00e3o solene. Presidindo a sess\u00e3o, o vereador Rinaldinho (MDB), fez a abertura oficial dos trabalhos e conduziu o momento que contou [&hellip;]<\/p>\n","protected":false},"author":2,"featured_media":267434,"comment_status":"open","ping_status":"open","sticky":false,"template":"","format":"standard","meta":{"_mi_skip_tracking":false,"footnotes":""},"categories":[25,1,16],"tags":[192],"class_list":["post-267433","post","type-post","status-publish","format-standard","has-post-thumbnail","hentry","category-destaques-site","category-geral","category-todas","tag-destaqueprincipal"],"acf":[],"yoast_head":"<!-- This site is optimized with the Yoast SEO Premium plugin v19.2 (Yoast SEO v26.9) - https:\/\/yoast.com\/product\/yoast-seo-premium-wordpress\/ -->\n<title>C\u00e2mara Municipal de Picos realiza sess\u00e3o de abertura do Ano Legislativo 2025 - Portal Not\u00edcia em Pauta<\/title>\n<meta name=\"robots\" content=\"index, follow, max-snippet:-1, max-image-preview:large, max-video-preview:-1\" \/>\n<link rel=\"canonical\" href=\"https:\/\/noticiaempauta.com\/portal\/camara-municipal-de-picos-realiza-sessao-de-abertura-do-ano-legislativo-2025\/\" \/>\n<meta property=\"og:locale\" content=\"pt_BR\" \/>\n<meta property=\"og:type\" content=\"article\" \/>\n<meta property=\"og:title\" content=\"C\u00e2mara Municipal de Picos realiza sess\u00e3o de abertura do Ano Legislativo 2025\" \/>\n<meta property=\"og:description\" content=\"Na tarde desta quinta-feira, 06 de fevereiro, a C\u00e2mara Municipal de Picos deu in\u00edcio \u00e0s atividades do ano legislativo de 2025 com a mensagem do chefe do executivo municipal, prefeito Pablo Santos durante a sess\u00e3o solene. Presidindo a sess\u00e3o, o vereador Rinaldinho (MDB), fez a abertura oficial dos trabalhos e conduziu o momento que contou [&hellip;]\" \/>\n<meta property=\"og:url\" content=\"https:\/\/noticiaempauta.com\/portal\/camara-municipal-de-picos-realiza-sessao-de-abertura-do-ano-legislativo-2025\/\" \/>\n<meta property=\"og:site_name\" content=\"Portal Not\u00edcia em Pauta\" \/>\n<meta property=\"article:publisher\" content=\"https:\/\/www.facebook.com\/Portal-Notcia-Em-Pauta-102292869264820\/\" \/>\n<meta property=\"article:published_time\" content=\"2025-02-06T22:12:39+00:00\" \/>\n<meta property=\"article:modified_time\" content=\"2025-02-06T22:13:33+00:00\" \/>\n<meta property=\"og:image\" content=\"https:\/\/noticiaempauta.com\/portal\/wp-content\/uploads\/2025\/02\/WhatsApp-Image-2025-02-06-at-17.49.24.jpeg\" \/>\n\t<meta property=\"og:image:width\" content=\"1280\" \/>\n\t<meta property=\"og:image:height\" content=\"1030\" \/>\n\t<meta property=\"og:image:type\" content=\"image\/jpeg\" \/>\n<meta name=\"author\" content=\"Reda\u00e7\u00e3o\" \/>\n<meta name=\"twitter:card\" content=\"summary_large_image\" \/>\n<meta name=\"twitter:label1\" content=\"Escrito por\" \/>\n\t<meta name=\"twitter:data1\" content=\"Reda\u00e7\u00e3o\" \/>\n\t<meta name=\"twitter:label2\" content=\"Est. tempo de leitura\" \/>\n\t<meta name=\"twitter:data2\" content=\"6 minutos\" \/>\n<script type=\"application\/ld+json\" class=\"yoast-schema-graph\">{\"@context\":\"https:\/\/schema.org\",\"@graph\":[{\"@type\":\"Article\",\"@id\":\"https:\/\/noticiaempauta.com\/portal\/camara-municipal-de-picos-realiza-sessao-de-abertura-do-ano-legislativo-2025\/#article\",\"isPartOf\":{\"@id\":\"https:\/\/noticiaempauta.com\/portal\/camara-municipal-de-picos-realiza-sessao-de-abertura-do-ano-legislativo-2025\/\"},\"author\":{\"name\":\"Reda\u00e7\u00e3o\",\"@id\":\"https:\/\/noticiaempauta.com\/portal\/#\/schema\/person\/a74af43dd1ab3deca45f988c717d57ac\"},\"headline\":\"C\u00e2mara Municipal de Picos realiza sess\u00e3o de abertura do Ano Legislativo 2025\",\"datePublished\":\"2025-02-06T22:12:39+00:00\",\"dateModified\":\"2025-02-06T22:13:33+00:00\",\"mainEntityOfPage\":{\"@id\":\"https:\/\/noticiaempauta.com\/portal\/camara-municipal-de-picos-realiza-sessao-de-abertura-do-ano-legislativo-2025\/\"},\"wordCount\":478,\"commentCount\":0,\"publisher\":{\"@id\":\"https:\/\/noticiaempauta.com\/portal\/#organization\"},\"image\":{\"@id\":\"https:\/\/noticiaempauta.com\/portal\/camara-municipal-de-picos-realiza-sessao-de-abertura-do-ano-legislativo-2025\/#primaryimage\"},\"thumbnailUrl\":\"https:\/\/noticiaempauta.com\/portal\/wp-content\/uploads\/2025\/02\/WhatsApp-Image-2025-02-06-at-17.49.24.jpeg\",\"keywords\":[\"destaqueprincipal\"],\"articleSection\":[\"Destaques\",\"Geral\",\"Todas as Not\u00edcias\"],\"inLanguage\":\"pt-BR\",\"potentialAction\":[{\"@type\":\"CommentAction\",\"name\":\"Comment\",\"target\":[\"https:\/\/noticiaempauta.com\/portal\/camara-municipal-de-picos-realiza-sessao-de-abertura-do-ano-legislativo-2025\/#respond\"]}]},{\"@type\":\"WebPage\",\"@id\":\"https:\/\/noticiaempauta.com\/portal\/camara-municipal-de-picos-realiza-sessao-de-abertura-do-ano-legislativo-2025\/\",\"url\":\"https:\/\/noticiaempauta.com\/portal\/camara-municipal-de-picos-realiza-sessao-de-abertura-do-ano-legislativo-2025\/\",\"name\":\"C\u00e2mara Municipal de Picos realiza sess\u00e3o de abertura do Ano Legislativo 2025 - Portal Not\u00edcia em Pauta\",\"isPartOf\":{\"@id\":\"https:\/\/noticiaempauta.com\/portal\/#website\"},\"primaryImageOfPage\":{\"@id\":\"https:\/\/noticiaempauta.com\/portal\/camara-municipal-de-picos-realiza-sessao-de-abertura-do-ano-legislativo-2025\/#primaryimage\"},\"image\":{\"@id\":\"https:\/\/noticiaempauta.com\/portal\/camara-municipal-de-picos-realiza-sessao-de-abertura-do-ano-legislativo-2025\/#primaryimage\"},\"thumbnailUrl\":\"https:\/\/noticiaempauta.com\/portal\/wp-content\/uploads\/2025\/02\/WhatsApp-Image-2025-02-06-at-17.49.24.jpeg\",\"datePublished\":\"2025-02-06T22:12:39+00:00\",\"dateModified\":\"2025-02-06T22:13:33+00:00\",\"breadcrumb\":{\"@id\":\"https:\/\/noticiaempauta.com\/portal\/camara-municipal-de-picos-realiza-sessao-de-abertura-do-ano-legislativo-2025\/#breadcrumb\"},\"inLanguage\":\"pt-BR\",\"potentialAction\":[{\"@type\":\"ReadAction\",\"target\":[\"https:\/\/noticiaempauta.com\/portal\/camara-municipal-de-picos-realiza-sessao-de-abertura-do-ano-legislativo-2025\/\"]}]},{\"@type\":\"ImageObject\",\"inLanguage\":\"pt-BR\",\"@id\":\"https:\/\/noticiaempauta.com\/portal\/camara-municipal-de-picos-realiza-sessao-de-abertura-do-ano-legislativo-2025\/#primaryimage\",\"url\":\"https:\/\/noticiaempauta.com\/portal\/wp-content\/uploads\/2025\/02\/WhatsApp-Image-2025-02-06-at-17.49.24.jpeg\",\"contentUrl\":\"https:\/\/noticiaempauta.com\/portal\/wp-content\/uploads\/2025\/02\/WhatsApp-Image-2025-02-06-at-17.49.24.jpeg\",\"width\":1280,\"height\":1030},{\"@type\":\"BreadcrumbList\",\"@id\":\"https:\/\/noticiaempauta.com\/portal\/camara-municipal-de-picos-realiza-sessao-de-abertura-do-ano-legislativo-2025\/#breadcrumb\",\"itemListElement\":[{\"@type\":\"ListItem\",\"position\":1,\"name\":\"P\u00e1gina Inicial\",\"item\":\"https:\/\/noticiaempauta.com\/portal\/\"},{\"@type\":\"ListItem\",\"position\":2,\"name\":\"Geral\",\"item\":\"https:\/\/noticiaempauta.com\/portal\/geral\/\"},{\"@type\":\"ListItem\",\"position\":3,\"name\":\"C\u00e2mara Municipal de Picos realiza sess\u00e3o de abertura do Ano Legislativo 2025\"}]},{\"@type\":\"WebSite\",\"@id\":\"https:\/\/noticiaempauta.com\/portal\/#website\",\"url\":\"https:\/\/noticiaempauta.com\/portal\/\",\"name\":\"Portal Not\u00edcia em Pauta\",\"description\":\"Voc\u00ea bem informado\",\"publisher\":{\"@id\":\"https:\/\/noticiaempauta.com\/portal\/#organization\"},\"potentialAction\":[{\"@type\":\"SearchAction\",\"target\":{\"@type\":\"EntryPoint\",\"urlTemplate\":\"https:\/\/noticiaempauta.com\/portal\/?s={search_term_string}\"},\"query-input\":{\"@type\":\"PropertyValueSpecification\",\"valueRequired\":true,\"valueName\":\"search_term_string\"}}],\"inLanguage\":\"pt-BR\"},{\"@type\":\"Organization\",\"@id\":\"https:\/\/noticiaempauta.com\/portal\/#organization\",\"name\":\"Portal Not\u00edcia em Pauta\",\"url\":\"https:\/\/noticiaempauta.com\/portal\/\",\"logo\":{\"@type\":\"ImageObject\",\"inLanguage\":\"pt-BR\",\"@id\":\"https:\/\/noticiaempauta.com\/portal\/#\/schema\/logo\/image\/\",\"url\":\"https:\/\/noticiaempauta.com\/portal\/wp-content\/uploads\/2022\/08\/logomarca_tema.fw_.png\",\"contentUrl\":\"https:\/\/noticiaempauta.com\/portal\/wp-content\/uploads\/2022\/08\/logomarca_tema.fw_.png\",\"width\":400,\"height\":232,\"caption\":\"Portal Not\u00edcia em Pauta\"},\"image\":{\"@id\":\"https:\/\/noticiaempauta.com\/portal\/#\/schema\/logo\/image\/\"},\"sameAs\":[\"https:\/\/www.facebook.com\/Portal-Notcia-Em-Pauta-102292869264820\/\",\"https:\/\/www.instagram.com\/portalnoticiaempauta\/\"]},{\"@type\":\"Person\",\"@id\":\"https:\/\/noticiaempauta.com\/portal\/#\/schema\/person\/a74af43dd1ab3deca45f988c717d57ac\",\"name\":\"Reda\u00e7\u00e3o\",\"image\":{\"@type\":\"ImageObject\",\"inLanguage\":\"pt-BR\",\"@id\":\"https:\/\/noticiaempauta.com\/portal\/#\/schema\/person\/image\/\",\"url\":\"https:\/\/secure.gravatar.com\/avatar\/03179346ecce6cdfc13361603e8f54242a90e5cde8618fa23c5c00aa2b0aadf3?s=96&d=mm&r=g\",\"contentUrl\":\"https:\/\/secure.gravatar.com\/avatar\/03179346ecce6cdfc13361603e8f54242a90e5cde8618fa23c5c00aa2b0aadf3?s=96&d=mm&r=g\",\"caption\":\"Reda\u00e7\u00e3o\"},\"sameAs\":[\"https:\/\/noticiaempauta.com\/portal\/\"],\"url\":\"https:\/\/noticiaempauta.com\/portal\/author\/fernando\/\"}]}<\/script>\n<!-- \/ Yoast SEO Premium plugin. -->","yoast_head_json":{"title":"C\u00e2mara Municipal de Picos realiza sess\u00e3o de abertura do Ano Legislativo 2025 - Portal Not\u00edcia em Pauta","robots":{"index":"index","follow":"follow","max-snippet":"max-snippet:-1","max-image-preview":"max-image-preview:large","max-video-preview":"max-video-preview:-1"},"canonical":"https:\/\/noticiaempauta.com\/portal\/camara-municipal-de-picos-realiza-sessao-de-abertura-do-ano-legislativo-2025\/","og_locale":"pt_BR","og_type":"article","og_title":"C\u00e2mara Municipal de Picos realiza sess\u00e3o de abertura do Ano Legislativo 2025","og_description":"Na tarde desta quinta-feira, 06 de fevereiro, a C\u00e2mara Municipal de Picos deu in\u00edcio \u00e0s atividades do ano legislativo de 2025 com a mensagem do chefe do executivo municipal, prefeito Pablo Santos durante a sess\u00e3o solene. Presidindo a sess\u00e3o, o vereador Rinaldinho (MDB), fez a abertura oficial dos trabalhos e conduziu o momento que contou [&hellip;]","og_url":"https:\/\/noticiaempauta.com\/portal\/camara-municipal-de-picos-realiza-sessao-de-abertura-do-ano-legislativo-2025\/","og_site_name":"Portal Not\u00edcia em Pauta","article_publisher":"https:\/\/www.facebook.com\/Portal-Notcia-Em-Pauta-102292869264820\/","article_published_time":"2025-02-06T22:12:39+00:00","article_modified_time":"2025-02-06T22:13:33+00:00","og_image":[{"width":1280,"height":1030,"url":"https:\/\/noticiaempauta.com\/portal\/wp-content\/uploads\/2025\/02\/WhatsApp-Image-2025-02-06-at-17.49.24.jpeg","type":"image\/jpeg"}],"author":"Reda\u00e7\u00e3o","twitter_card":"summary_large_image","twitter_misc":{"Escrito por":"Reda\u00e7\u00e3o","Est. tempo de leitura":"6 minutos"},"schema":{"@context":"https:\/\/schema.org","@graph":[{"@type":"Article","@id":"https:\/\/noticiaempauta.com\/portal\/camara-municipal-de-picos-realiza-sessao-de-abertura-do-ano-legislativo-2025\/#article","isPartOf":{"@id":"https:\/\/noticiaempauta.com\/portal\/camara-municipal-de-picos-realiza-sessao-de-abertura-do-ano-legislativo-2025\/"},"author":{"name":"Reda\u00e7\u00e3o","@id":"https:\/\/noticiaempauta.com\/portal\/#\/schema\/person\/a74af43dd1ab3deca45f988c717d57ac"},"headline":"C\u00e2mara Municipal de Picos realiza sess\u00e3o de abertura do Ano Legislativo 2025","datePublished":"2025-02-06T22:12:39+00:00","dateModified":"2025-02-06T22:13:33+00:00","mainEntityOfPage":{"@id":"https:\/\/noticiaempauta.com\/portal\/camara-municipal-de-picos-realiza-sessao-de-abertura-do-ano-legislativo-2025\/"},"wordCount":478,"commentCount":0,"publisher":{"@id":"https:\/\/noticiaempauta.com\/portal\/#organization"},"image":{"@id":"https:\/\/noticiaempauta.com\/portal\/camara-municipal-de-picos-realiza-sessao-de-abertura-do-ano-legislativo-2025\/#primaryimage"},"thumbnailUrl":"https:\/\/noticiaempauta.com\/portal\/wp-content\/uploads\/2025\/02\/WhatsApp-Image-2025-02-06-at-17.49.24.jpeg","keywords":["destaqueprincipal"],"articleSection":["Destaques","Geral","Todas as Not\u00edcias"],"inLanguage":"pt-BR","potentialAction":[{"@type":"CommentAction","name":"Comment","target":["https:\/\/noticiaempauta.com\/portal\/camara-municipal-de-picos-realiza-sessao-de-abertura-do-ano-legislativo-2025\/#respond"]}]},{"@type":"WebPage","@id":"https:\/\/noticiaempauta.com\/portal\/camara-municipal-de-picos-realiza-sessao-de-abertura-do-ano-legislativo-2025\/","url":"https:\/\/noticiaempauta.com\/portal\/camara-municipal-de-picos-realiza-sessao-de-abertura-do-ano-legislativo-2025\/","name":"C\u00e2mara Municipal de Picos realiza sess\u00e3o de abertura do Ano Legislativo 2025 - Portal Not\u00edcia em Pauta","isPartOf":{"@id":"https:\/\/noticiaempauta.com\/portal\/#website"},"primaryImageOfPage":{"@id":"https:\/\/noticiaempauta.com\/portal\/camara-municipal-de-picos-realiza-sessao-de-abertura-do-ano-legislativo-2025\/#primaryimage"},"image":{"@id":"https:\/\/noticiaempauta.com\/portal\/camara-municipal-de-picos-realiza-sessao-de-abertura-do-ano-legislativo-2025\/#primaryimage"},"thumbnailUrl":"https:\/\/noticiaempauta.com\/portal\/wp-content\/uploads\/2025\/02\/WhatsApp-Image-2025-02-06-at-17.49.24.jpeg","datePublished":"2025-02-06T22:12:39+00:00","dateModified":"2025-02-06T22:13:33+00:00","breadcrumb":{"@id":"https:\/\/noticiaempauta.com\/portal\/camara-municipal-de-picos-realiza-sessao-de-abertura-do-ano-legislativo-2025\/#breadcrumb"},"inLanguage":"pt-BR","potentialAction":[{"@type":"ReadAction","target":["https:\/\/noticiaempauta.com\/portal\/camara-municipal-de-picos-realiza-sessao-de-abertura-do-ano-legislativo-2025\/"]}]},{"@type":"ImageObject","inLanguage":"pt-BR","@id":"https:\/\/noticiaempauta.com\/portal\/camara-municipal-de-picos-realiza-sessao-de-abertura-do-ano-legislativo-2025\/#primaryimage","url":"https:\/\/noticiaempauta.com\/portal\/wp-content\/uploads\/2025\/02\/WhatsApp-Image-2025-02-06-at-17.49.24.jpeg","contentUrl":"https:\/\/noticiaempauta.com\/portal\/wp-content\/uploads\/2025\/02\/WhatsApp-Image-2025-02-06-at-17.49.24.jpeg","width":1280,"height":1030},{"@type":"BreadcrumbList","@id":"https:\/\/noticiaempauta.com\/portal\/camara-municipal-de-picos-realiza-sessao-de-abertura-do-ano-legislativo-2025\/#breadcrumb","itemListElement":[{"@type":"ListItem","position":1,"name":"P\u00e1gina Inicial","item":"https:\/\/noticiaempauta.com\/portal\/"},{"@type":"ListItem","position":2,"name":"Geral","item":"https:\/\/noticiaempauta.com\/portal\/geral\/"},{"@type":"ListItem","position":3,"name":"C\u00e2mara Municipal de Picos realiza sess\u00e3o de abertura do Ano Legislativo 2025"}]},{"@type":"WebSite","@id":"https:\/\/noticiaempauta.com\/portal\/#website","url":"https:\/\/noticiaempauta.com\/portal\/","name":"Portal Not\u00edcia em Pauta","description":"Voc\u00ea bem informado","publisher":{"@id":"https:\/\/noticiaempauta.com\/portal\/#organization"},"potentialAction":[{"@type":"SearchAction","target":{"@type":"EntryPoint","urlTemplate":"https:\/\/noticiaempauta.com\/portal\/?s={search_term_string}"},"query-input":{"@type":"PropertyValueSpecification","valueRequired":true,"valueName":"search_term_string"}}],"inLanguage":"pt-BR"},{"@type":"Organization","@id":"https:\/\/noticiaempauta.com\/portal\/#organization","name":"Portal Not\u00edcia em Pauta","url":"https:\/\/noticiaempauta.com\/portal\/","logo":{"@type":"ImageObject","inLanguage":"pt-BR","@id":"https:\/\/noticiaempauta.com\/portal\/#\/schema\/logo\/image\/","url":"https:\/\/noticiaempauta.com\/portal\/wp-content\/uploads\/2022\/08\/logomarca_tema.fw_.png","contentUrl":"https:\/\/noticiaempauta.com\/portal\/wp-content\/uploads\/2022\/08\/logomarca_tema.fw_.png","width":400,"height":232,"caption":"Portal Not\u00edcia em Pauta"},"image":{"@id":"https:\/\/noticiaempauta.com\/portal\/#\/schema\/logo\/image\/"},"sameAs":["https:\/\/www.facebook.com\/Portal-Notcia-Em-Pauta-102292869264820\/","https:\/\/www.instagram.com\/portalnoticiaempauta\/"]},{"@type":"Person","@id":"https:\/\/noticiaempauta.com\/portal\/#\/schema\/person\/a74af43dd1ab3deca45f988c717d57ac","name":"Reda\u00e7\u00e3o","image":{"@type":"ImageObject","inLanguage":"pt-BR","@id":"https:\/\/noticiaempauta.com\/portal\/#\/schema\/person\/image\/","url":"https:\/\/secure.gravatar.com\/avatar\/03179346ecce6cdfc13361603e8f54242a90e5cde8618fa23c5c00aa2b0aadf3?s=96&d=mm&r=g","contentUrl":"https:\/\/secure.gravatar.com\/avatar\/03179346ecce6cdfc13361603e8f54242a90e5cde8618fa23c5c00aa2b0aadf3?s=96&d=mm&r=g","caption":"Reda\u00e7\u00e3o"},"sameAs":["https:\/\/noticiaempauta.com\/portal\/"],"url":"https:\/\/noticiaempauta.com\/portal\/author\/fernando\/"}]}},"_links":{"self":[{"href":"https:\/\/noticiaempauta.com\/portal\/wp-json\/wp\/v2\/posts\/267433","targetHints":{"allow":["GET"]}}],"collection":[{"href":"https:\/\/noticiaempauta.com\/portal\/wp-json\/wp\/v2\/posts"}],"about":[{"href":"https:\/\/noticiaempauta.com\/portal\/wp-json\/wp\/v2\/types\/post"}],"author":[{"embeddable":true,"href":"https:\/\/noticiaempauta.com\/portal\/wp-json\/wp\/v2\/users\/2"}],"replies":[{"embeddable":true,"href":"https:\/\/noticiaempauta.com\/portal\/wp-json\/wp\/v2\/comments?post=267433"}],"version-history":[{"count":6,"href":"https:\/\/noticiaempauta.com\/portal\/wp-json\/wp\/v2\/posts\/267433\/revisions"}],"predecessor-version":[{"id":267455,"href":"https:\/\/noticiaempauta.com\/portal\/wp-json\/wp\/v2\/posts\/267433\/revisions\/267455"}],"wp:featuredmedia":[{"embeddable":true,"href":"https:\/\/noticiaempauta.com\/portal\/wp-json\/wp\/v2\/media\/267434"}],"wp:attachment":[{"href":"https:\/\/noticiaempauta.com\/portal\/wp-json\/wp\/v2\/media?parent=267433"}],"wp:term":[{"taxonomy":"category","embeddable":true,"href":"https:\/\/noticiaempauta.com\/portal\/wp-json\/wp\/v2\/categories?post=267433"},{"taxonomy":"post_tag","embeddable":true,"href":"https:\/\/noticiaempauta.com\/portal\/wp-json\/wp\/v2\/tags?post=267433"}],"curies":[{"name":"wp","href":"https:\/\/api.w.org\/{rel}","templated":true}]}}