{"id":267489,"date":"2025-02-08T11:46:14","date_gmt":"2025-02-08T14:46:14","guid":{"rendered":"https:\/\/noticiaempauta.com\/portal\/?p=267489"},"modified":"2025-02-08T11:46:15","modified_gmt":"2025-02-08T14:46:15","slug":"com-investimentos-de-r-3-milhoes-rafael-fonteles-inaugura-aerodromo-em-jaicos-e-celebra-expansao-da-malha-aerea-do-piaui","status":"publish","type":"post","link":"https:\/\/noticiaempauta.com\/portal\/com-investimentos-de-r-3-milhoes-rafael-fonteles-inaugura-aerodromo-em-jaicos-e-celebra-expansao-da-malha-aerea-do-piaui\/","title":{"rendered":"Com investimentos de R$ 3 milh\u00f5es, Rafael Fonteles inaugura aer\u00f3dromo em Jaic\u00f3s e celebra expans\u00e3o da malha a\u00e9rea do Piau\u00ed"},"content":{"rendered":"\n<p>O governador Rafael Fonteles inaugurou, neste s\u00e1bado (8), o aer\u00f3dromo da cidade de Jaic\u00f3s. A obra foi executada pela Secretaria dos Transportes (Setrans), com investimento de R$ 3.007.453,84, recursos pr\u00f3prios do Governo do Estado. Durante a solenidade, o chefe do Executivo estadual explicou como os investimentos na malha a\u00e9rea s\u00e3o essenciais para alavancar o desenvolvimento do Piau\u00ed, al\u00e9m da utiliza\u00e7\u00e3o dessas pistas para voos que possibilitam atendimentos na \u00e1rea da sa\u00fade.<\/p>\n\n\n\n<figure class=\"wp-block-image size-large\"><img fetchpriority=\"high\" decoding=\"async\" width=\"1024\" height=\"682\" src=\"https:\/\/noticiaempauta.com\/portal\/wp-content\/uploads\/2025\/02\/IMG_1102-1024x682.jpeg\" alt=\"\" class=\"wp-image-267490\" srcset=\"https:\/\/noticiaempauta.com\/portal\/wp-content\/uploads\/2025\/02\/IMG_1102-1024x682.jpeg 1024w, https:\/\/noticiaempauta.com\/portal\/wp-content\/uploads\/2025\/02\/IMG_1102-300x200.jpeg 300w, https:\/\/noticiaempauta.com\/portal\/wp-content\/uploads\/2025\/02\/IMG_1102-768x512.jpeg 768w, https:\/\/noticiaempauta.com\/portal\/wp-content\/uploads\/2025\/02\/IMG_1102.jpeg 1280w\" sizes=\"(max-width: 1024px) 100vw, 1024px\" \/><\/figure>\n\n\n\n<p>\u201cTemos priorizado a expans\u00e3o da malha aerovi\u00e1ria do estado do Piau\u00ed. Isso significa acesso \u00e0 sa\u00fade com o Samu A\u00e9reo, que j\u00e1 salvou mais de mil vidas ao longo desses 10 anos, mas tamb\u00e9m significa mais investimentos. <\/p>\n\n\n\n<figure class=\"wp-block-image size-full\"><img decoding=\"async\" width=\"1000\" height=\"666\" src=\"https:\/\/noticiaempauta.com\/portal\/wp-content\/uploads\/2025\/02\/IMG_1106.jpeg\" alt=\"\" class=\"wp-image-267496\" srcset=\"https:\/\/noticiaempauta.com\/portal\/wp-content\/uploads\/2025\/02\/IMG_1106.jpeg 1000w, https:\/\/noticiaempauta.com\/portal\/wp-content\/uploads\/2025\/02\/IMG_1106-300x200.jpeg 300w, https:\/\/noticiaempauta.com\/portal\/wp-content\/uploads\/2025\/02\/IMG_1106-768x511.jpeg 768w\" sizes=\"(max-width: 1000px) 100vw, 1000px\" \/><\/figure>\n\n\n\n<p>No momento em que voc\u00ea facilita o acesso, voc\u00ea consegue atrair investidores para todas as regi\u00f5es do estado. Estamos chegando a mais de 30 pistas asfaltadas, isso s\u00f3 entre as que s\u00e3o coordenadas pelo poder p\u00fablico. E chegou a vez de Jaic\u00f3s. Com certeza vai representar muito para o desenvolvimento\u201d, comemorou o governador.<\/p>\n\n\n\n<figure class=\"wp-block-image size-full\"><img decoding=\"async\" width=\"1000\" height=\"666\" src=\"https:\/\/noticiaempauta.com\/portal\/wp-content\/uploads\/2025\/02\/IMG_1107.jpeg\" alt=\"\" class=\"wp-image-267491\" srcset=\"https:\/\/noticiaempauta.com\/portal\/wp-content\/uploads\/2025\/02\/IMG_1107.jpeg 1000w, https:\/\/noticiaempauta.com\/portal\/wp-content\/uploads\/2025\/02\/IMG_1107-300x200.jpeg 300w, https:\/\/noticiaempauta.com\/portal\/wp-content\/uploads\/2025\/02\/IMG_1107-768x511.jpeg 768w\" sizes=\"(max-width: 1000px) 100vw, 1000px\" \/><\/figure>\n\n\n\n<p>A obra contempla reforma e manuten\u00e7\u00e3o da pista de pouso e decolagem com extens\u00e3o de 1.200 metros e 20m de largura, pista de t\u00e1xi, faixa de pista, p\u00e1tio de estacionamento, terminal de passageiros e vias de acessos.<\/p>\n\n\n\n<figure class=\"wp-block-image size-full\"><img loading=\"lazy\" decoding=\"async\" width=\"1000\" height=\"666\" src=\"https:\/\/noticiaempauta.com\/portal\/wp-content\/uploads\/2025\/02\/IMG_1105.jpeg\" alt=\"\" class=\"wp-image-267492\" srcset=\"https:\/\/noticiaempauta.com\/portal\/wp-content\/uploads\/2025\/02\/IMG_1105.jpeg 1000w, https:\/\/noticiaempauta.com\/portal\/wp-content\/uploads\/2025\/02\/IMG_1105-300x200.jpeg 300w, https:\/\/noticiaempauta.com\/portal\/wp-content\/uploads\/2025\/02\/IMG_1105-768x511.jpeg 768w\" sizes=\"(max-width: 1000px) 100vw, 1000px\" \/><\/figure>\n\n\n\n<p>\u00a0\u201c\u00c9 uma alegria poder estar aqui em Jaic\u00f3s hoje entregando uma pista importante, constru\u00edda toda dentro do padr\u00e3o, com terminal de passageiros. \u00c9 importante porque faz parte do plano de integra\u00e7\u00e3o que o governador elaborou para o Piau\u00ed. Jaic\u00f3s \u00e9 estrat\u00e9gica para aproximar as cidades da regi\u00e3o. Isso vai trazer a popula\u00e7\u00e3o mais para perto e, com certeza, vai atrair investimentos, que \u00e9 o grande objetivo, al\u00e9m de cuidar da sa\u00fade porque vai salvar vidas por meio do Samu\u201d, afirmou Jonas Moura, secret\u00e1rio dos Transporte do Piau\u00ed.<\/p>\n\n\n\n<figure class=\"wp-block-image size-full\"><img loading=\"lazy\" decoding=\"async\" width=\"1000\" height=\"666\" src=\"https:\/\/noticiaempauta.com\/portal\/wp-content\/uploads\/2025\/02\/IMG_1104.jpeg\" alt=\"\" class=\"wp-image-267493\" srcset=\"https:\/\/noticiaempauta.com\/portal\/wp-content\/uploads\/2025\/02\/IMG_1104.jpeg 1000w, https:\/\/noticiaempauta.com\/portal\/wp-content\/uploads\/2025\/02\/IMG_1104-300x200.jpeg 300w, https:\/\/noticiaempauta.com\/portal\/wp-content\/uploads\/2025\/02\/IMG_1104-768x511.jpeg 768w\" sizes=\"(max-width: 1000px) 100vw, 1000px\" \/><\/figure>\n\n\n\n<p>O prefeito de Jaic\u00f3s, Weslly Bispo, comemorou a conclus\u00e3o do aeroporto. \u201c\u00c9 uma obra de grande import\u00e2ncia para a cidade, que vai atrair grandes investidores e fortalecer a sa\u00fade do nosso munic\u00edpio\u201d, completou o gestor.<\/p>\n\n\n\n<figure class=\"wp-block-image size-large\"><img loading=\"lazy\" decoding=\"async\" width=\"622\" height=\"1024\" src=\"https:\/\/noticiaempauta.com\/portal\/wp-content\/uploads\/2025\/02\/IMG_1095-622x1024.jpeg\" alt=\"\" class=\"wp-image-267497\" srcset=\"https:\/\/noticiaempauta.com\/portal\/wp-content\/uploads\/2025\/02\/IMG_1095-622x1024.jpeg 622w, https:\/\/noticiaempauta.com\/portal\/wp-content\/uploads\/2025\/02\/IMG_1095-182x300.jpeg 182w, https:\/\/noticiaempauta.com\/portal\/wp-content\/uploads\/2025\/02\/IMG_1095-768x1265.jpeg 768w, https:\/\/noticiaempauta.com\/portal\/wp-content\/uploads\/2025\/02\/IMG_1095-933x1536.jpeg 933w, https:\/\/noticiaempauta.com\/portal\/wp-content\/uploads\/2025\/02\/IMG_1095.jpeg 1170w\" sizes=\"(max-width: 622px) 100vw, 622px\" \/><\/figure>\n\n\n\n<p><strong>Malha a\u00e9rea<\/strong><\/p>\n\n\n\n<figure class=\"wp-block-image size-full\"><img loading=\"lazy\" decoding=\"async\" width=\"1000\" height=\"666\" src=\"https:\/\/noticiaempauta.com\/portal\/wp-content\/uploads\/2025\/02\/IMG_1103.jpeg\" alt=\"\" class=\"wp-image-267494\" srcset=\"https:\/\/noticiaempauta.com\/portal\/wp-content\/uploads\/2025\/02\/IMG_1103.jpeg 1000w, https:\/\/noticiaempauta.com\/portal\/wp-content\/uploads\/2025\/02\/IMG_1103-300x200.jpeg 300w, https:\/\/noticiaempauta.com\/portal\/wp-content\/uploads\/2025\/02\/IMG_1103-768x511.jpeg 768w\" sizes=\"(max-width: 1000px) 100vw, 1000px\" \/><\/figure>\n\n\n\n<p>O Governo do Estado tem executado obras em todas as regi\u00f5es com o objetivo de integrar todo o Piau\u00ed em uma malha a\u00e9rea. Esses investimentos permitem a atra\u00e7\u00e3o de novos neg\u00f3cios e o atendimento a pacientes graves, que necessitam ser transportados por UTI a\u00e9rea em busca de tratamento.&nbsp;<\/p>\n\n\n\n<p>\u201cEsse \u00e9 o 19\u00ba aer\u00f3dromo que entregamos. Ficou pronto o de Paulistana, Barrras e Corrente tamb\u00e9m, e Gilbu\u00e9s entrou como prioridade agora. At\u00e9 o fim do nosso governo teremos 32 aer\u00f3dromos, integrando o estado como um todo\u201d, explicou o secret\u00e1rio dos Transportes.<\/p>\n\n\n\n<p>CCOM-PI<\/p>\n","protected":false},"excerpt":{"rendered":"<p>O governador Rafael Fonteles inaugurou, neste s\u00e1bado (8), o aer\u00f3dromo da cidade de Jaic\u00f3s. A obra foi executada pela Secretaria dos Transportes (Setrans), com investimento de R$ 3.007.453,84, recursos pr\u00f3prios do Governo do Estado. Durante a solenidade, o chefe do Executivo estadual explicou como os investimentos na malha a\u00e9rea s\u00e3o essenciais para alavancar o desenvolvimento [&hellip;]<\/p>\n","protected":false},"author":2,"featured_media":267490,"comment_status":"open","ping_status":"open","sticky":false,"template":"","format":"standard","meta":{"_mi_skip_tracking":false,"footnotes":""},"categories":[25,1,148,9,16],"tags":[192],"class_list":["post-267489","post","type-post","status-publish","format-standard","has-post-thumbnail","hentry","category-destaques-site","category-geral","category-jaicos-2","category-municipios","category-todas","tag-destaqueprincipal"],"acf":[],"yoast_head":"<!-- This site is optimized with the Yoast SEO Premium plugin v19.2 (Yoast SEO v26.9) - https:\/\/yoast.com\/product\/yoast-seo-premium-wordpress\/ -->\n<title>Com investimentos de R$ 3 milh\u00f5es, Rafael Fonteles inaugura aer\u00f3dromo em Jaic\u00f3s e celebra expans\u00e3o da malha a\u00e9rea do Piau\u00ed - Portal Not\u00edcia em Pauta<\/title>\n<meta name=\"robots\" content=\"index, follow, max-snippet:-1, max-image-preview:large, max-video-preview:-1\" \/>\n<link rel=\"canonical\" href=\"https:\/\/noticiaempauta.com\/portal\/com-investimentos-de-r-3-milhoes-rafael-fonteles-inaugura-aerodromo-em-jaicos-e-celebra-expansao-da-malha-aerea-do-piaui\/\" \/>\n<meta property=\"og:locale\" content=\"pt_BR\" \/>\n<meta property=\"og:type\" content=\"article\" \/>\n<meta property=\"og:title\" content=\"Com investimentos de R$ 3 milh\u00f5es, Rafael Fonteles inaugura aer\u00f3dromo em Jaic\u00f3s e celebra expans\u00e3o da malha a\u00e9rea do Piau\u00ed\" \/>\n<meta property=\"og:description\" content=\"O governador Rafael Fonteles inaugurou, neste s\u00e1bado (8), o aer\u00f3dromo da cidade de Jaic\u00f3s. A obra foi executada pela Secretaria dos Transportes (Setrans), com investimento de R$ 3.007.453,84, recursos pr\u00f3prios do Governo do Estado. Durante a solenidade, o chefe do Executivo estadual explicou como os investimentos na malha a\u00e9rea s\u00e3o essenciais para alavancar o desenvolvimento [&hellip;]\" \/>\n<meta property=\"og:url\" content=\"https:\/\/noticiaempauta.com\/portal\/com-investimentos-de-r-3-milhoes-rafael-fonteles-inaugura-aerodromo-em-jaicos-e-celebra-expansao-da-malha-aerea-do-piaui\/\" \/>\n<meta property=\"og:site_name\" content=\"Portal Not\u00edcia em Pauta\" \/>\n<meta property=\"article:publisher\" content=\"https:\/\/www.facebook.com\/Portal-Notcia-Em-Pauta-102292869264820\/\" \/>\n<meta property=\"article:published_time\" content=\"2025-02-08T14:46:14+00:00\" \/>\n<meta property=\"article:modified_time\" content=\"2025-02-08T14:46:15+00:00\" \/>\n<meta property=\"og:image\" content=\"https:\/\/noticiaempauta.com\/portal\/wp-content\/uploads\/2025\/02\/IMG_1102.jpeg\" \/>\n\t<meta property=\"og:image:width\" content=\"1280\" \/>\n\t<meta property=\"og:image:height\" content=\"853\" \/>\n\t<meta property=\"og:image:type\" content=\"image\/jpeg\" \/>\n<meta name=\"author\" content=\"Reda\u00e7\u00e3o\" \/>\n<meta name=\"twitter:card\" content=\"summary_large_image\" \/>\n<meta name=\"twitter:label1\" content=\"Escrito por\" \/>\n\t<meta name=\"twitter:data1\" content=\"Reda\u00e7\u00e3o\" \/>\n\t<meta name=\"twitter:label2\" content=\"Est. tempo de leitura\" \/>\n\t<meta name=\"twitter:data2\" content=\"4 minutos\" \/>\n<script type=\"application\/ld+json\" class=\"yoast-schema-graph\">{\"@context\":\"https:\/\/schema.org\",\"@graph\":[{\"@type\":\"Article\",\"@id\":\"https:\/\/noticiaempauta.com\/portal\/com-investimentos-de-r-3-milhoes-rafael-fonteles-inaugura-aerodromo-em-jaicos-e-celebra-expansao-da-malha-aerea-do-piaui\/#article\",\"isPartOf\":{\"@id\":\"https:\/\/noticiaempauta.com\/portal\/com-investimentos-de-r-3-milhoes-rafael-fonteles-inaugura-aerodromo-em-jaicos-e-celebra-expansao-da-malha-aerea-do-piaui\/\"},\"author\":{\"name\":\"Reda\u00e7\u00e3o\",\"@id\":\"https:\/\/noticiaempauta.com\/portal\/#\/schema\/person\/a74af43dd1ab3deca45f988c717d57ac\"},\"headline\":\"Com investimentos de R$ 3 milh\u00f5es, Rafael Fonteles inaugura aer\u00f3dromo em Jaic\u00f3s e celebra expans\u00e3o da malha a\u00e9rea do Piau\u00ed\",\"datePublished\":\"2025-02-08T14:46:14+00:00\",\"dateModified\":\"2025-02-08T14:46:15+00:00\",\"mainEntityOfPage\":{\"@id\":\"https:\/\/noticiaempauta.com\/portal\/com-investimentos-de-r-3-milhoes-rafael-fonteles-inaugura-aerodromo-em-jaicos-e-celebra-expansao-da-malha-aerea-do-piaui\/\"},\"wordCount\":473,\"commentCount\":0,\"publisher\":{\"@id\":\"https:\/\/noticiaempauta.com\/portal\/#organization\"},\"image\":{\"@id\":\"https:\/\/noticiaempauta.com\/portal\/com-investimentos-de-r-3-milhoes-rafael-fonteles-inaugura-aerodromo-em-jaicos-e-celebra-expansao-da-malha-aerea-do-piaui\/#primaryimage\"},\"thumbnailUrl\":\"https:\/\/noticiaempauta.com\/portal\/wp-content\/uploads\/2025\/02\/IMG_1102.jpeg\",\"keywords\":[\"destaqueprincipal\"],\"articleSection\":[\"Destaques\",\"Geral\",\"Jaic\u00f3s\",\"Munic\u00edpios\",\"Todas as Not\u00edcias\"],\"inLanguage\":\"pt-BR\",\"potentialAction\":[{\"@type\":\"CommentAction\",\"name\":\"Comment\",\"target\":[\"https:\/\/noticiaempauta.com\/portal\/com-investimentos-de-r-3-milhoes-rafael-fonteles-inaugura-aerodromo-em-jaicos-e-celebra-expansao-da-malha-aerea-do-piaui\/#respond\"]}]},{\"@type\":\"WebPage\",\"@id\":\"https:\/\/noticiaempauta.com\/portal\/com-investimentos-de-r-3-milhoes-rafael-fonteles-inaugura-aerodromo-em-jaicos-e-celebra-expansao-da-malha-aerea-do-piaui\/\",\"url\":\"https:\/\/noticiaempauta.com\/portal\/com-investimentos-de-r-3-milhoes-rafael-fonteles-inaugura-aerodromo-em-jaicos-e-celebra-expansao-da-malha-aerea-do-piaui\/\",\"name\":\"Com investimentos de R$ 3 milh\u00f5es, Rafael Fonteles inaugura aer\u00f3dromo em Jaic\u00f3s e celebra expans\u00e3o da malha a\u00e9rea do Piau\u00ed - Portal Not\u00edcia em Pauta\",\"isPartOf\":{\"@id\":\"https:\/\/noticiaempauta.com\/portal\/#website\"},\"primaryImageOfPage\":{\"@id\":\"https:\/\/noticiaempauta.com\/portal\/com-investimentos-de-r-3-milhoes-rafael-fonteles-inaugura-aerodromo-em-jaicos-e-celebra-expansao-da-malha-aerea-do-piaui\/#primaryimage\"},\"image\":{\"@id\":\"https:\/\/noticiaempauta.com\/portal\/com-investimentos-de-r-3-milhoes-rafael-fonteles-inaugura-aerodromo-em-jaicos-e-celebra-expansao-da-malha-aerea-do-piaui\/#primaryimage\"},\"thumbnailUrl\":\"https:\/\/noticiaempauta.com\/portal\/wp-content\/uploads\/2025\/02\/IMG_1102.jpeg\",\"datePublished\":\"2025-02-08T14:46:14+00:00\",\"dateModified\":\"2025-02-08T14:46:15+00:00\",\"breadcrumb\":{\"@id\":\"https:\/\/noticiaempauta.com\/portal\/com-investimentos-de-r-3-milhoes-rafael-fonteles-inaugura-aerodromo-em-jaicos-e-celebra-expansao-da-malha-aerea-do-piaui\/#breadcrumb\"},\"inLanguage\":\"pt-BR\",\"potentialAction\":[{\"@type\":\"ReadAction\",\"target\":[\"https:\/\/noticiaempauta.com\/portal\/com-investimentos-de-r-3-milhoes-rafael-fonteles-inaugura-aerodromo-em-jaicos-e-celebra-expansao-da-malha-aerea-do-piaui\/\"]}]},{\"@type\":\"ImageObject\",\"inLanguage\":\"pt-BR\",\"@id\":\"https:\/\/noticiaempauta.com\/portal\/com-investimentos-de-r-3-milhoes-rafael-fonteles-inaugura-aerodromo-em-jaicos-e-celebra-expansao-da-malha-aerea-do-piaui\/#primaryimage\",\"url\":\"https:\/\/noticiaempauta.com\/portal\/wp-content\/uploads\/2025\/02\/IMG_1102.jpeg\",\"contentUrl\":\"https:\/\/noticiaempauta.com\/portal\/wp-content\/uploads\/2025\/02\/IMG_1102.jpeg\",\"width\":1280,\"height\":853},{\"@type\":\"BreadcrumbList\",\"@id\":\"https:\/\/noticiaempauta.com\/portal\/com-investimentos-de-r-3-milhoes-rafael-fonteles-inaugura-aerodromo-em-jaicos-e-celebra-expansao-da-malha-aerea-do-piaui\/#breadcrumb\",\"itemListElement\":[{\"@type\":\"ListItem\",\"position\":1,\"name\":\"P\u00e1gina Inicial\",\"item\":\"https:\/\/noticiaempauta.com\/portal\/\"},{\"@type\":\"ListItem\",\"position\":2,\"name\":\"Destaques\",\"item\":\"https:\/\/noticiaempauta.com\/portal\/destaques-site\/\"},{\"@type\":\"ListItem\",\"position\":3,\"name\":\"Com investimentos de R$ 3 milh\u00f5es, Rafael Fonteles inaugura aer\u00f3dromo em Jaic\u00f3s e celebra expans\u00e3o da malha a\u00e9rea do Piau\u00ed\"}]},{\"@type\":\"WebSite\",\"@id\":\"https:\/\/noticiaempauta.com\/portal\/#website\",\"url\":\"https:\/\/noticiaempauta.com\/portal\/\",\"name\":\"Portal Not\u00edcia em Pauta\",\"description\":\"Voc\u00ea bem informado\",\"publisher\":{\"@id\":\"https:\/\/noticiaempauta.com\/portal\/#organization\"},\"potentialAction\":[{\"@type\":\"SearchAction\",\"target\":{\"@type\":\"EntryPoint\",\"urlTemplate\":\"https:\/\/noticiaempauta.com\/portal\/?s={search_term_string}\"},\"query-input\":{\"@type\":\"PropertyValueSpecification\",\"valueRequired\":true,\"valueName\":\"search_term_string\"}}],\"inLanguage\":\"pt-BR\"},{\"@type\":\"Organization\",\"@id\":\"https:\/\/noticiaempauta.com\/portal\/#organization\",\"name\":\"Portal Not\u00edcia em Pauta\",\"url\":\"https:\/\/noticiaempauta.com\/portal\/\",\"logo\":{\"@type\":\"ImageObject\",\"inLanguage\":\"pt-BR\",\"@id\":\"https:\/\/noticiaempauta.com\/portal\/#\/schema\/logo\/image\/\",\"url\":\"https:\/\/noticiaempauta.com\/portal\/wp-content\/uploads\/2022\/08\/logomarca_tema.fw_.png\",\"contentUrl\":\"https:\/\/noticiaempauta.com\/portal\/wp-content\/uploads\/2022\/08\/logomarca_tema.fw_.png\",\"width\":400,\"height\":232,\"caption\":\"Portal Not\u00edcia em Pauta\"},\"image\":{\"@id\":\"https:\/\/noticiaempauta.com\/portal\/#\/schema\/logo\/image\/\"},\"sameAs\":[\"https:\/\/www.facebook.com\/Portal-Notcia-Em-Pauta-102292869264820\/\",\"https:\/\/www.instagram.com\/portalnoticiaempauta\/\"]},{\"@type\":\"Person\",\"@id\":\"https:\/\/noticiaempauta.com\/portal\/#\/schema\/person\/a74af43dd1ab3deca45f988c717d57ac\",\"name\":\"Reda\u00e7\u00e3o\",\"image\":{\"@type\":\"ImageObject\",\"inLanguage\":\"pt-BR\",\"@id\":\"https:\/\/noticiaempauta.com\/portal\/#\/schema\/person\/image\/\",\"url\":\"https:\/\/secure.gravatar.com\/avatar\/03179346ecce6cdfc13361603e8f54242a90e5cde8618fa23c5c00aa2b0aadf3?s=96&d=mm&r=g\",\"contentUrl\":\"https:\/\/secure.gravatar.com\/avatar\/03179346ecce6cdfc13361603e8f54242a90e5cde8618fa23c5c00aa2b0aadf3?s=96&d=mm&r=g\",\"caption\":\"Reda\u00e7\u00e3o\"},\"sameAs\":[\"https:\/\/noticiaempauta.com\/portal\/\"],\"url\":\"https:\/\/noticiaempauta.com\/portal\/author\/fernando\/\"}]}<\/script>\n<!-- \/ Yoast SEO Premium plugin. -->","yoast_head_json":{"title":"Com investimentos de R$ 3 milh\u00f5es, Rafael Fonteles inaugura aer\u00f3dromo em Jaic\u00f3s e celebra expans\u00e3o da malha a\u00e9rea do Piau\u00ed - Portal Not\u00edcia em Pauta","robots":{"index":"index","follow":"follow","max-snippet":"max-snippet:-1","max-image-preview":"max-image-preview:large","max-video-preview":"max-video-preview:-1"},"canonical":"https:\/\/noticiaempauta.com\/portal\/com-investimentos-de-r-3-milhoes-rafael-fonteles-inaugura-aerodromo-em-jaicos-e-celebra-expansao-da-malha-aerea-do-piaui\/","og_locale":"pt_BR","og_type":"article","og_title":"Com investimentos de R$ 3 milh\u00f5es, Rafael Fonteles inaugura aer\u00f3dromo em Jaic\u00f3s e celebra expans\u00e3o da malha a\u00e9rea do Piau\u00ed","og_description":"O governador Rafael Fonteles inaugurou, neste s\u00e1bado (8), o aer\u00f3dromo da cidade de Jaic\u00f3s. A obra foi executada pela Secretaria dos Transportes (Setrans), com investimento de R$ 3.007.453,84, recursos pr\u00f3prios do Governo do Estado. Durante a solenidade, o chefe do Executivo estadual explicou como os investimentos na malha a\u00e9rea s\u00e3o essenciais para alavancar o desenvolvimento [&hellip;]","og_url":"https:\/\/noticiaempauta.com\/portal\/com-investimentos-de-r-3-milhoes-rafael-fonteles-inaugura-aerodromo-em-jaicos-e-celebra-expansao-da-malha-aerea-do-piaui\/","og_site_name":"Portal Not\u00edcia em Pauta","article_publisher":"https:\/\/www.facebook.com\/Portal-Notcia-Em-Pauta-102292869264820\/","article_published_time":"2025-02-08T14:46:14+00:00","article_modified_time":"2025-02-08T14:46:15+00:00","og_image":[{"width":1280,"height":853,"url":"https:\/\/noticiaempauta.com\/portal\/wp-content\/uploads\/2025\/02\/IMG_1102.jpeg","type":"image\/jpeg"}],"author":"Reda\u00e7\u00e3o","twitter_card":"summary_large_image","twitter_misc":{"Escrito por":"Reda\u00e7\u00e3o","Est. tempo de leitura":"4 minutos"},"schema":{"@context":"https:\/\/schema.org","@graph":[{"@type":"Article","@id":"https:\/\/noticiaempauta.com\/portal\/com-investimentos-de-r-3-milhoes-rafael-fonteles-inaugura-aerodromo-em-jaicos-e-celebra-expansao-da-malha-aerea-do-piaui\/#article","isPartOf":{"@id":"https:\/\/noticiaempauta.com\/portal\/com-investimentos-de-r-3-milhoes-rafael-fonteles-inaugura-aerodromo-em-jaicos-e-celebra-expansao-da-malha-aerea-do-piaui\/"},"author":{"name":"Reda\u00e7\u00e3o","@id":"https:\/\/noticiaempauta.com\/portal\/#\/schema\/person\/a74af43dd1ab3deca45f988c717d57ac"},"headline":"Com investimentos de R$ 3 milh\u00f5es, Rafael Fonteles inaugura aer\u00f3dromo em Jaic\u00f3s e celebra expans\u00e3o da malha a\u00e9rea do Piau\u00ed","datePublished":"2025-02-08T14:46:14+00:00","dateModified":"2025-02-08T14:46:15+00:00","mainEntityOfPage":{"@id":"https:\/\/noticiaempauta.com\/portal\/com-investimentos-de-r-3-milhoes-rafael-fonteles-inaugura-aerodromo-em-jaicos-e-celebra-expansao-da-malha-aerea-do-piaui\/"},"wordCount":473,"commentCount":0,"publisher":{"@id":"https:\/\/noticiaempauta.com\/portal\/#organization"},"image":{"@id":"https:\/\/noticiaempauta.com\/portal\/com-investimentos-de-r-3-milhoes-rafael-fonteles-inaugura-aerodromo-em-jaicos-e-celebra-expansao-da-malha-aerea-do-piaui\/#primaryimage"},"thumbnailUrl":"https:\/\/noticiaempauta.com\/portal\/wp-content\/uploads\/2025\/02\/IMG_1102.jpeg","keywords":["destaqueprincipal"],"articleSection":["Destaques","Geral","Jaic\u00f3s","Munic\u00edpios","Todas as Not\u00edcias"],"inLanguage":"pt-BR","potentialAction":[{"@type":"CommentAction","name":"Comment","target":["https:\/\/noticiaempauta.com\/portal\/com-investimentos-de-r-3-milhoes-rafael-fonteles-inaugura-aerodromo-em-jaicos-e-celebra-expansao-da-malha-aerea-do-piaui\/#respond"]}]},{"@type":"WebPage","@id":"https:\/\/noticiaempauta.com\/portal\/com-investimentos-de-r-3-milhoes-rafael-fonteles-inaugura-aerodromo-em-jaicos-e-celebra-expansao-da-malha-aerea-do-piaui\/","url":"https:\/\/noticiaempauta.com\/portal\/com-investimentos-de-r-3-milhoes-rafael-fonteles-inaugura-aerodromo-em-jaicos-e-celebra-expansao-da-malha-aerea-do-piaui\/","name":"Com investimentos de R$ 3 milh\u00f5es, Rafael Fonteles inaugura aer\u00f3dromo em Jaic\u00f3s e celebra expans\u00e3o da malha a\u00e9rea do Piau\u00ed - Portal Not\u00edcia em Pauta","isPartOf":{"@id":"https:\/\/noticiaempauta.com\/portal\/#website"},"primaryImageOfPage":{"@id":"https:\/\/noticiaempauta.com\/portal\/com-investimentos-de-r-3-milhoes-rafael-fonteles-inaugura-aerodromo-em-jaicos-e-celebra-expansao-da-malha-aerea-do-piaui\/#primaryimage"},"image":{"@id":"https:\/\/noticiaempauta.com\/portal\/com-investimentos-de-r-3-milhoes-rafael-fonteles-inaugura-aerodromo-em-jaicos-e-celebra-expansao-da-malha-aerea-do-piaui\/#primaryimage"},"thumbnailUrl":"https:\/\/noticiaempauta.com\/portal\/wp-content\/uploads\/2025\/02\/IMG_1102.jpeg","datePublished":"2025-02-08T14:46:14+00:00","dateModified":"2025-02-08T14:46:15+00:00","breadcrumb":{"@id":"https:\/\/noticiaempauta.com\/portal\/com-investimentos-de-r-3-milhoes-rafael-fonteles-inaugura-aerodromo-em-jaicos-e-celebra-expansao-da-malha-aerea-do-piaui\/#breadcrumb"},"inLanguage":"pt-BR","potentialAction":[{"@type":"ReadAction","target":["https:\/\/noticiaempauta.com\/portal\/com-investimentos-de-r-3-milhoes-rafael-fonteles-inaugura-aerodromo-em-jaicos-e-celebra-expansao-da-malha-aerea-do-piaui\/"]}]},{"@type":"ImageObject","inLanguage":"pt-BR","@id":"https:\/\/noticiaempauta.com\/portal\/com-investimentos-de-r-3-milhoes-rafael-fonteles-inaugura-aerodromo-em-jaicos-e-celebra-expansao-da-malha-aerea-do-piaui\/#primaryimage","url":"https:\/\/noticiaempauta.com\/portal\/wp-content\/uploads\/2025\/02\/IMG_1102.jpeg","contentUrl":"https:\/\/noticiaempauta.com\/portal\/wp-content\/uploads\/2025\/02\/IMG_1102.jpeg","width":1280,"height":853},{"@type":"BreadcrumbList","@id":"https:\/\/noticiaempauta.com\/portal\/com-investimentos-de-r-3-milhoes-rafael-fonteles-inaugura-aerodromo-em-jaicos-e-celebra-expansao-da-malha-aerea-do-piaui\/#breadcrumb","itemListElement":[{"@type":"ListItem","position":1,"name":"P\u00e1gina Inicial","item":"https:\/\/noticiaempauta.com\/portal\/"},{"@type":"ListItem","position":2,"name":"Destaques","item":"https:\/\/noticiaempauta.com\/portal\/destaques-site\/"},{"@type":"ListItem","position":3,"name":"Com investimentos de R$ 3 milh\u00f5es, Rafael Fonteles inaugura aer\u00f3dromo em Jaic\u00f3s e celebra expans\u00e3o da malha a\u00e9rea do Piau\u00ed"}]},{"@type":"WebSite","@id":"https:\/\/noticiaempauta.com\/portal\/#website","url":"https:\/\/noticiaempauta.com\/portal\/","name":"Portal Not\u00edcia em Pauta","description":"Voc\u00ea bem informado","publisher":{"@id":"https:\/\/noticiaempauta.com\/portal\/#organization"},"potentialAction":[{"@type":"SearchAction","target":{"@type":"EntryPoint","urlTemplate":"https:\/\/noticiaempauta.com\/portal\/?s={search_term_string}"},"query-input":{"@type":"PropertyValueSpecification","valueRequired":true,"valueName":"search_term_string"}}],"inLanguage":"pt-BR"},{"@type":"Organization","@id":"https:\/\/noticiaempauta.com\/portal\/#organization","name":"Portal Not\u00edcia em Pauta","url":"https:\/\/noticiaempauta.com\/portal\/","logo":{"@type":"ImageObject","inLanguage":"pt-BR","@id":"https:\/\/noticiaempauta.com\/portal\/#\/schema\/logo\/image\/","url":"https:\/\/noticiaempauta.com\/portal\/wp-content\/uploads\/2022\/08\/logomarca_tema.fw_.png","contentUrl":"https:\/\/noticiaempauta.com\/portal\/wp-content\/uploads\/2022\/08\/logomarca_tema.fw_.png","width":400,"height":232,"caption":"Portal Not\u00edcia em Pauta"},"image":{"@id":"https:\/\/noticiaempauta.com\/portal\/#\/schema\/logo\/image\/"},"sameAs":["https:\/\/www.facebook.com\/Portal-Notcia-Em-Pauta-102292869264820\/","https:\/\/www.instagram.com\/portalnoticiaempauta\/"]},{"@type":"Person","@id":"https:\/\/noticiaempauta.com\/portal\/#\/schema\/person\/a74af43dd1ab3deca45f988c717d57ac","name":"Reda\u00e7\u00e3o","image":{"@type":"ImageObject","inLanguage":"pt-BR","@id":"https:\/\/noticiaempauta.com\/portal\/#\/schema\/person\/image\/","url":"https:\/\/secure.gravatar.com\/avatar\/03179346ecce6cdfc13361603e8f54242a90e5cde8618fa23c5c00aa2b0aadf3?s=96&d=mm&r=g","contentUrl":"https:\/\/secure.gravatar.com\/avatar\/03179346ecce6cdfc13361603e8f54242a90e5cde8618fa23c5c00aa2b0aadf3?s=96&d=mm&r=g","caption":"Reda\u00e7\u00e3o"},"sameAs":["https:\/\/noticiaempauta.com\/portal\/"],"url":"https:\/\/noticiaempauta.com\/portal\/author\/fernando\/"}]}},"_links":{"self":[{"href":"https:\/\/noticiaempauta.com\/portal\/wp-json\/wp\/v2\/posts\/267489","targetHints":{"allow":["GET"]}}],"collection":[{"href":"https:\/\/noticiaempauta.com\/portal\/wp-json\/wp\/v2\/posts"}],"about":[{"href":"https:\/\/noticiaempauta.com\/portal\/wp-json\/wp\/v2\/types\/post"}],"author":[{"embeddable":true,"href":"https:\/\/noticiaempauta.com\/portal\/wp-json\/wp\/v2\/users\/2"}],"replies":[{"embeddable":true,"href":"https:\/\/noticiaempauta.com\/portal\/wp-json\/wp\/v2\/comments?post=267489"}],"version-history":[{"count":2,"href":"https:\/\/noticiaempauta.com\/portal\/wp-json\/wp\/v2\/posts\/267489\/revisions"}],"predecessor-version":[{"id":267499,"href":"https:\/\/noticiaempauta.com\/portal\/wp-json\/wp\/v2\/posts\/267489\/revisions\/267499"}],"wp:featuredmedia":[{"embeddable":true,"href":"https:\/\/noticiaempauta.com\/portal\/wp-json\/wp\/v2\/media\/267490"}],"wp:attachment":[{"href":"https:\/\/noticiaempauta.com\/portal\/wp-json\/wp\/v2\/media?parent=267489"}],"wp:term":[{"taxonomy":"category","embeddable":true,"href":"https:\/\/noticiaempauta.com\/portal\/wp-json\/wp\/v2\/categories?post=267489"},{"taxonomy":"post_tag","embeddable":true,"href":"https:\/\/noticiaempauta.com\/portal\/wp-json\/wp\/v2\/tags?post=267489"}],"curies":[{"name":"wp","href":"https:\/\/api.w.org\/{rel}","templated":true}]}}