{"id":267518,"date":"2025-02-10T10:43:09","date_gmt":"2025-02-10T13:43:09","guid":{"rendered":"https:\/\/noticiaempauta.com\/portal\/?p=267518"},"modified":"2025-02-10T10:43:10","modified_gmt":"2025-02-10T13:43:10","slug":"sebrae-e-seme-firmam-parceria-com-o-intuito-de-fomentar-a-cultura-empreendedora-no-ambiente-escolar","status":"publish","type":"post","link":"https:\/\/noticiaempauta.com\/portal\/sebrae-e-seme-firmam-parceria-com-o-intuito-de-fomentar-a-cultura-empreendedora-no-ambiente-escolar\/","title":{"rendered":"SEBRAE e SEME firmam parceria com o intuito de fomentar a cultura empreendedora no ambiente escolar"},"content":{"rendered":"\n<p>Na \u00faltima sexta-feira (07) a Secret\u00e1ria de Educa\u00e7\u00e3o de Picos, Francisca Mary, recebeu na sede da Secretaria, representantes do SEBRAE de Picos. Na ocasi\u00e3o foi apresentado o Programa Nacional de Educa\u00e7\u00e3o Empreendedora, que tem diversas finalidades, dentre elas fomentar a cultura empreendedora nos ambientes escolares.<\/p>\n\n\n\n<figure class=\"wp-block-image size-full\"><img fetchpriority=\"high\" decoding=\"async\" width=\"640\" height=\"537\" src=\"https:\/\/noticiaempauta.com\/portal\/wp-content\/uploads\/2025\/02\/WhatsApp-Image-2025-02-10-at-09.33.39.jpeg\" alt=\"\" class=\"wp-image-267519\" srcset=\"https:\/\/noticiaempauta.com\/portal\/wp-content\/uploads\/2025\/02\/WhatsApp-Image-2025-02-10-at-09.33.39.jpeg 640w, https:\/\/noticiaempauta.com\/portal\/wp-content\/uploads\/2025\/02\/WhatsApp-Image-2025-02-10-at-09.33.39-300x252.jpeg 300w\" sizes=\"(max-width: 640px) 100vw, 640px\" \/><\/figure>\n\n\n\n<p>Segundo Ana Clara Gon\u00e7alves, Gestora do Programa Educa\u00e7\u00e3o que Transforma, da Regional de Picos, esse programa tem como objetivo levar o empreendedorismo para as institui\u00e7\u00f5es de ensino em todos os n\u00edveis de educa\u00e7\u00e3o.<\/p>\n\n\n\n<p>\u201cDesde a educa\u00e7\u00e3o b\u00e1sica, ensino m\u00e9dio, ensino de jovens e adultos, t\u00e9cnico, profissionalizante e ensino superior. Tamb\u00e9m visa capacitar os profissionais da educa\u00e7\u00e3o. Esse programa vai atuar junto as escolas municipais em parceria com o munic\u00edpio para disseminar a cultura empreendedora no ambiente escolar, visando estimular os alunos para que eles desenvolvam compet\u00eancias e habilidades empreendedoras\u201d, explica.<\/p>\n\n\n\n<p>Ana Clara ainda explica que esse programa visa n\u00e3o s\u00f3 capacitar os alunos, como tamb\u00e9m professores. \u201cTemos cursos presenciais e online com foco no desenvolvimento de compet\u00eancias empreendedoras e temos tamb\u00e9m o reconhecimento de boas pr\u00e1ticas, realizando premia\u00e7\u00f5es para reconhecer as melhores pr\u00e1ticas em educa\u00e7\u00e3o empreendedora\u201d, destaca.<\/p>\n\n\n\n<p>O programa tamb\u00e9m atua nas escolas atrav\u00e9s do Projeto Agente Local de Inova\u00e7\u00e3o (ALI). Essa a\u00e7\u00e3o atuar\u00e1 em 15 escolas de Picos da zona urbana e rural, levando inova\u00e7\u00e3o para as escolas e facilitando a integra\u00e7\u00e3o das pr\u00e1ticas educacionais nas escolas.<\/p>\n\n\n\n<p>CCOM<\/p>\n","protected":false},"excerpt":{"rendered":"<p>Na \u00faltima sexta-feira (07) a Secret\u00e1ria de Educa\u00e7\u00e3o de Picos, Francisca Mary, recebeu na sede da Secretaria, representantes do SEBRAE de Picos. Na ocasi\u00e3o foi apresentado o Programa Nacional de Educa\u00e7\u00e3o Empreendedora, que tem diversas finalidades, dentre elas fomentar a cultura empreendedora nos ambientes escolares. Segundo Ana Clara Gon\u00e7alves, Gestora do Programa Educa\u00e7\u00e3o que Transforma, [&hellip;]<\/p>\n","protected":false},"author":2,"featured_media":267520,"comment_status":"open","ping_status":"open","sticky":false,"template":"","format":"standard","meta":{"_mi_skip_tracking":false,"footnotes":""},"categories":[25,1,16],"tags":[],"class_list":["post-267518","post","type-post","status-publish","format-standard","has-post-thumbnail","hentry","category-destaques-site","category-geral","category-todas"],"acf":[],"yoast_head":"<!-- This site is optimized with the Yoast SEO Premium plugin v19.2 (Yoast SEO v26.9) - https:\/\/yoast.com\/product\/yoast-seo-premium-wordpress\/ -->\n<title>SEBRAE e SEME firmam parceria com o intuito de fomentar a cultura empreendedora no ambiente escolar - Portal Not\u00edcia em Pauta<\/title>\n<meta name=\"robots\" content=\"index, follow, max-snippet:-1, max-image-preview:large, max-video-preview:-1\" \/>\n<link rel=\"canonical\" href=\"https:\/\/noticiaempauta.com\/portal\/sebrae-e-seme-firmam-parceria-com-o-intuito-de-fomentar-a-cultura-empreendedora-no-ambiente-escolar\/\" \/>\n<meta property=\"og:locale\" content=\"pt_BR\" \/>\n<meta property=\"og:type\" content=\"article\" \/>\n<meta property=\"og:title\" content=\"SEBRAE e SEME firmam parceria com o intuito de fomentar a cultura empreendedora no ambiente escolar\" \/>\n<meta property=\"og:description\" content=\"Na \u00faltima sexta-feira (07) a Secret\u00e1ria de Educa\u00e7\u00e3o de Picos, Francisca Mary, recebeu na sede da Secretaria, representantes do SEBRAE de Picos. Na ocasi\u00e3o foi apresentado o Programa Nacional de Educa\u00e7\u00e3o Empreendedora, que tem diversas finalidades, dentre elas fomentar a cultura empreendedora nos ambientes escolares. Segundo Ana Clara Gon\u00e7alves, Gestora do Programa Educa\u00e7\u00e3o que Transforma, [&hellip;]\" \/>\n<meta property=\"og:url\" content=\"https:\/\/noticiaempauta.com\/portal\/sebrae-e-seme-firmam-parceria-com-o-intuito-de-fomentar-a-cultura-empreendedora-no-ambiente-escolar\/\" \/>\n<meta property=\"og:site_name\" content=\"Portal Not\u00edcia em Pauta\" \/>\n<meta property=\"article:publisher\" content=\"https:\/\/www.facebook.com\/Portal-Notcia-Em-Pauta-102292869264820\/\" \/>\n<meta property=\"article:published_time\" content=\"2025-02-10T13:43:09+00:00\" \/>\n<meta property=\"article:modified_time\" content=\"2025-02-10T13:43:10+00:00\" \/>\n<meta property=\"og:image\" content=\"https:\/\/noticiaempauta.com\/portal\/wp-content\/uploads\/2025\/02\/WhatsApp-Image-2025-02-10-at-09.33.39-1.jpeg\" \/>\n\t<meta property=\"og:image:width\" content=\"640\" \/>\n\t<meta property=\"og:image:height\" content=\"392\" \/>\n\t<meta property=\"og:image:type\" content=\"image\/jpeg\" \/>\n<meta name=\"author\" content=\"Reda\u00e7\u00e3o\" \/>\n<meta name=\"twitter:card\" content=\"summary_large_image\" \/>\n<meta name=\"twitter:label1\" content=\"Escrito por\" \/>\n\t<meta name=\"twitter:data1\" content=\"Reda\u00e7\u00e3o\" \/>\n\t<meta name=\"twitter:label2\" content=\"Est. tempo de leitura\" \/>\n\t<meta name=\"twitter:data2\" content=\"2 minutos\" \/>\n<script type=\"application\/ld+json\" class=\"yoast-schema-graph\">{\"@context\":\"https:\/\/schema.org\",\"@graph\":[{\"@type\":\"Article\",\"@id\":\"https:\/\/noticiaempauta.com\/portal\/sebrae-e-seme-firmam-parceria-com-o-intuito-de-fomentar-a-cultura-empreendedora-no-ambiente-escolar\/#article\",\"isPartOf\":{\"@id\":\"https:\/\/noticiaempauta.com\/portal\/sebrae-e-seme-firmam-parceria-com-o-intuito-de-fomentar-a-cultura-empreendedora-no-ambiente-escolar\/\"},\"author\":{\"name\":\"Reda\u00e7\u00e3o\",\"@id\":\"https:\/\/noticiaempauta.com\/portal\/#\/schema\/person\/a74af43dd1ab3deca45f988c717d57ac\"},\"headline\":\"SEBRAE e SEME firmam parceria com o intuito de fomentar a cultura empreendedora no ambiente escolar\",\"datePublished\":\"2025-02-10T13:43:09+00:00\",\"dateModified\":\"2025-02-10T13:43:10+00:00\",\"mainEntityOfPage\":{\"@id\":\"https:\/\/noticiaempauta.com\/portal\/sebrae-e-seme-firmam-parceria-com-o-intuito-de-fomentar-a-cultura-empreendedora-no-ambiente-escolar\/\"},\"wordCount\":270,\"commentCount\":0,\"publisher\":{\"@id\":\"https:\/\/noticiaempauta.com\/portal\/#organization\"},\"image\":{\"@id\":\"https:\/\/noticiaempauta.com\/portal\/sebrae-e-seme-firmam-parceria-com-o-intuito-de-fomentar-a-cultura-empreendedora-no-ambiente-escolar\/#primaryimage\"},\"thumbnailUrl\":\"https:\/\/noticiaempauta.com\/portal\/wp-content\/uploads\/2025\/02\/WhatsApp-Image-2025-02-10-at-09.33.39-1.jpeg\",\"articleSection\":[\"Destaques\",\"Geral\",\"Todas as Not\u00edcias\"],\"inLanguage\":\"pt-BR\",\"potentialAction\":[{\"@type\":\"CommentAction\",\"name\":\"Comment\",\"target\":[\"https:\/\/noticiaempauta.com\/portal\/sebrae-e-seme-firmam-parceria-com-o-intuito-de-fomentar-a-cultura-empreendedora-no-ambiente-escolar\/#respond\"]}]},{\"@type\":\"WebPage\",\"@id\":\"https:\/\/noticiaempauta.com\/portal\/sebrae-e-seme-firmam-parceria-com-o-intuito-de-fomentar-a-cultura-empreendedora-no-ambiente-escolar\/\",\"url\":\"https:\/\/noticiaempauta.com\/portal\/sebrae-e-seme-firmam-parceria-com-o-intuito-de-fomentar-a-cultura-empreendedora-no-ambiente-escolar\/\",\"name\":\"SEBRAE e SEME firmam parceria com o intuito de fomentar a cultura empreendedora no ambiente escolar - Portal Not\u00edcia em Pauta\",\"isPartOf\":{\"@id\":\"https:\/\/noticiaempauta.com\/portal\/#website\"},\"primaryImageOfPage\":{\"@id\":\"https:\/\/noticiaempauta.com\/portal\/sebrae-e-seme-firmam-parceria-com-o-intuito-de-fomentar-a-cultura-empreendedora-no-ambiente-escolar\/#primaryimage\"},\"image\":{\"@id\":\"https:\/\/noticiaempauta.com\/portal\/sebrae-e-seme-firmam-parceria-com-o-intuito-de-fomentar-a-cultura-empreendedora-no-ambiente-escolar\/#primaryimage\"},\"thumbnailUrl\":\"https:\/\/noticiaempauta.com\/portal\/wp-content\/uploads\/2025\/02\/WhatsApp-Image-2025-02-10-at-09.33.39-1.jpeg\",\"datePublished\":\"2025-02-10T13:43:09+00:00\",\"dateModified\":\"2025-02-10T13:43:10+00:00\",\"breadcrumb\":{\"@id\":\"https:\/\/noticiaempauta.com\/portal\/sebrae-e-seme-firmam-parceria-com-o-intuito-de-fomentar-a-cultura-empreendedora-no-ambiente-escolar\/#breadcrumb\"},\"inLanguage\":\"pt-BR\",\"potentialAction\":[{\"@type\":\"ReadAction\",\"target\":[\"https:\/\/noticiaempauta.com\/portal\/sebrae-e-seme-firmam-parceria-com-o-intuito-de-fomentar-a-cultura-empreendedora-no-ambiente-escolar\/\"]}]},{\"@type\":\"ImageObject\",\"inLanguage\":\"pt-BR\",\"@id\":\"https:\/\/noticiaempauta.com\/portal\/sebrae-e-seme-firmam-parceria-com-o-intuito-de-fomentar-a-cultura-empreendedora-no-ambiente-escolar\/#primaryimage\",\"url\":\"https:\/\/noticiaempauta.com\/portal\/wp-content\/uploads\/2025\/02\/WhatsApp-Image-2025-02-10-at-09.33.39-1.jpeg\",\"contentUrl\":\"https:\/\/noticiaempauta.com\/portal\/wp-content\/uploads\/2025\/02\/WhatsApp-Image-2025-02-10-at-09.33.39-1.jpeg\",\"width\":640,\"height\":392},{\"@type\":\"BreadcrumbList\",\"@id\":\"https:\/\/noticiaempauta.com\/portal\/sebrae-e-seme-firmam-parceria-com-o-intuito-de-fomentar-a-cultura-empreendedora-no-ambiente-escolar\/#breadcrumb\",\"itemListElement\":[{\"@type\":\"ListItem\",\"position\":1,\"name\":\"P\u00e1gina Inicial\",\"item\":\"https:\/\/noticiaempauta.com\/portal\/\"},{\"@type\":\"ListItem\",\"position\":2,\"name\":\"Destaques\",\"item\":\"https:\/\/noticiaempauta.com\/portal\/destaques-site\/\"},{\"@type\":\"ListItem\",\"position\":3,\"name\":\"SEBRAE e SEME firmam parceria com o intuito de fomentar a cultura empreendedora no ambiente escolar\"}]},{\"@type\":\"WebSite\",\"@id\":\"https:\/\/noticiaempauta.com\/portal\/#website\",\"url\":\"https:\/\/noticiaempauta.com\/portal\/\",\"name\":\"Portal Not\u00edcia em Pauta\",\"description\":\"Voc\u00ea bem informado\",\"publisher\":{\"@id\":\"https:\/\/noticiaempauta.com\/portal\/#organization\"},\"potentialAction\":[{\"@type\":\"SearchAction\",\"target\":{\"@type\":\"EntryPoint\",\"urlTemplate\":\"https:\/\/noticiaempauta.com\/portal\/?s={search_term_string}\"},\"query-input\":{\"@type\":\"PropertyValueSpecification\",\"valueRequired\":true,\"valueName\":\"search_term_string\"}}],\"inLanguage\":\"pt-BR\"},{\"@type\":\"Organization\",\"@id\":\"https:\/\/noticiaempauta.com\/portal\/#organization\",\"name\":\"Portal Not\u00edcia em Pauta\",\"url\":\"https:\/\/noticiaempauta.com\/portal\/\",\"logo\":{\"@type\":\"ImageObject\",\"inLanguage\":\"pt-BR\",\"@id\":\"https:\/\/noticiaempauta.com\/portal\/#\/schema\/logo\/image\/\",\"url\":\"https:\/\/noticiaempauta.com\/portal\/wp-content\/uploads\/2022\/08\/logomarca_tema.fw_.png\",\"contentUrl\":\"https:\/\/noticiaempauta.com\/portal\/wp-content\/uploads\/2022\/08\/logomarca_tema.fw_.png\",\"width\":400,\"height\":232,\"caption\":\"Portal Not\u00edcia em Pauta\"},\"image\":{\"@id\":\"https:\/\/noticiaempauta.com\/portal\/#\/schema\/logo\/image\/\"},\"sameAs\":[\"https:\/\/www.facebook.com\/Portal-Notcia-Em-Pauta-102292869264820\/\",\"https:\/\/www.instagram.com\/portalnoticiaempauta\/\"]},{\"@type\":\"Person\",\"@id\":\"https:\/\/noticiaempauta.com\/portal\/#\/schema\/person\/a74af43dd1ab3deca45f988c717d57ac\",\"name\":\"Reda\u00e7\u00e3o\",\"image\":{\"@type\":\"ImageObject\",\"inLanguage\":\"pt-BR\",\"@id\":\"https:\/\/noticiaempauta.com\/portal\/#\/schema\/person\/image\/\",\"url\":\"https:\/\/secure.gravatar.com\/avatar\/03179346ecce6cdfc13361603e8f54242a90e5cde8618fa23c5c00aa2b0aadf3?s=96&d=mm&r=g\",\"contentUrl\":\"https:\/\/secure.gravatar.com\/avatar\/03179346ecce6cdfc13361603e8f54242a90e5cde8618fa23c5c00aa2b0aadf3?s=96&d=mm&r=g\",\"caption\":\"Reda\u00e7\u00e3o\"},\"sameAs\":[\"https:\/\/noticiaempauta.com\/portal\/\"],\"url\":\"https:\/\/noticiaempauta.com\/portal\/author\/fernando\/\"}]}<\/script>\n<!-- \/ Yoast SEO Premium plugin. -->","yoast_head_json":{"title":"SEBRAE e SEME firmam parceria com o intuito de fomentar a cultura empreendedora no ambiente escolar - Portal Not\u00edcia em Pauta","robots":{"index":"index","follow":"follow","max-snippet":"max-snippet:-1","max-image-preview":"max-image-preview:large","max-video-preview":"max-video-preview:-1"},"canonical":"https:\/\/noticiaempauta.com\/portal\/sebrae-e-seme-firmam-parceria-com-o-intuito-de-fomentar-a-cultura-empreendedora-no-ambiente-escolar\/","og_locale":"pt_BR","og_type":"article","og_title":"SEBRAE e SEME firmam parceria com o intuito de fomentar a cultura empreendedora no ambiente escolar","og_description":"Na \u00faltima sexta-feira (07) a Secret\u00e1ria de Educa\u00e7\u00e3o de Picos, Francisca Mary, recebeu na sede da Secretaria, representantes do SEBRAE de Picos. Na ocasi\u00e3o foi apresentado o Programa Nacional de Educa\u00e7\u00e3o Empreendedora, que tem diversas finalidades, dentre elas fomentar a cultura empreendedora nos ambientes escolares. Segundo Ana Clara Gon\u00e7alves, Gestora do Programa Educa\u00e7\u00e3o que Transforma, [&hellip;]","og_url":"https:\/\/noticiaempauta.com\/portal\/sebrae-e-seme-firmam-parceria-com-o-intuito-de-fomentar-a-cultura-empreendedora-no-ambiente-escolar\/","og_site_name":"Portal Not\u00edcia em Pauta","article_publisher":"https:\/\/www.facebook.com\/Portal-Notcia-Em-Pauta-102292869264820\/","article_published_time":"2025-02-10T13:43:09+00:00","article_modified_time":"2025-02-10T13:43:10+00:00","og_image":[{"width":640,"height":392,"url":"https:\/\/noticiaempauta.com\/portal\/wp-content\/uploads\/2025\/02\/WhatsApp-Image-2025-02-10-at-09.33.39-1.jpeg","type":"image\/jpeg"}],"author":"Reda\u00e7\u00e3o","twitter_card":"summary_large_image","twitter_misc":{"Escrito por":"Reda\u00e7\u00e3o","Est. tempo de leitura":"2 minutos"},"schema":{"@context":"https:\/\/schema.org","@graph":[{"@type":"Article","@id":"https:\/\/noticiaempauta.com\/portal\/sebrae-e-seme-firmam-parceria-com-o-intuito-de-fomentar-a-cultura-empreendedora-no-ambiente-escolar\/#article","isPartOf":{"@id":"https:\/\/noticiaempauta.com\/portal\/sebrae-e-seme-firmam-parceria-com-o-intuito-de-fomentar-a-cultura-empreendedora-no-ambiente-escolar\/"},"author":{"name":"Reda\u00e7\u00e3o","@id":"https:\/\/noticiaempauta.com\/portal\/#\/schema\/person\/a74af43dd1ab3deca45f988c717d57ac"},"headline":"SEBRAE e SEME firmam parceria com o intuito de fomentar a cultura empreendedora no ambiente escolar","datePublished":"2025-02-10T13:43:09+00:00","dateModified":"2025-02-10T13:43:10+00:00","mainEntityOfPage":{"@id":"https:\/\/noticiaempauta.com\/portal\/sebrae-e-seme-firmam-parceria-com-o-intuito-de-fomentar-a-cultura-empreendedora-no-ambiente-escolar\/"},"wordCount":270,"commentCount":0,"publisher":{"@id":"https:\/\/noticiaempauta.com\/portal\/#organization"},"image":{"@id":"https:\/\/noticiaempauta.com\/portal\/sebrae-e-seme-firmam-parceria-com-o-intuito-de-fomentar-a-cultura-empreendedora-no-ambiente-escolar\/#primaryimage"},"thumbnailUrl":"https:\/\/noticiaempauta.com\/portal\/wp-content\/uploads\/2025\/02\/WhatsApp-Image-2025-02-10-at-09.33.39-1.jpeg","articleSection":["Destaques","Geral","Todas as Not\u00edcias"],"inLanguage":"pt-BR","potentialAction":[{"@type":"CommentAction","name":"Comment","target":["https:\/\/noticiaempauta.com\/portal\/sebrae-e-seme-firmam-parceria-com-o-intuito-de-fomentar-a-cultura-empreendedora-no-ambiente-escolar\/#respond"]}]},{"@type":"WebPage","@id":"https:\/\/noticiaempauta.com\/portal\/sebrae-e-seme-firmam-parceria-com-o-intuito-de-fomentar-a-cultura-empreendedora-no-ambiente-escolar\/","url":"https:\/\/noticiaempauta.com\/portal\/sebrae-e-seme-firmam-parceria-com-o-intuito-de-fomentar-a-cultura-empreendedora-no-ambiente-escolar\/","name":"SEBRAE e SEME firmam parceria com o intuito de fomentar a cultura empreendedora no ambiente escolar - Portal Not\u00edcia em Pauta","isPartOf":{"@id":"https:\/\/noticiaempauta.com\/portal\/#website"},"primaryImageOfPage":{"@id":"https:\/\/noticiaempauta.com\/portal\/sebrae-e-seme-firmam-parceria-com-o-intuito-de-fomentar-a-cultura-empreendedora-no-ambiente-escolar\/#primaryimage"},"image":{"@id":"https:\/\/noticiaempauta.com\/portal\/sebrae-e-seme-firmam-parceria-com-o-intuito-de-fomentar-a-cultura-empreendedora-no-ambiente-escolar\/#primaryimage"},"thumbnailUrl":"https:\/\/noticiaempauta.com\/portal\/wp-content\/uploads\/2025\/02\/WhatsApp-Image-2025-02-10-at-09.33.39-1.jpeg","datePublished":"2025-02-10T13:43:09+00:00","dateModified":"2025-02-10T13:43:10+00:00","breadcrumb":{"@id":"https:\/\/noticiaempauta.com\/portal\/sebrae-e-seme-firmam-parceria-com-o-intuito-de-fomentar-a-cultura-empreendedora-no-ambiente-escolar\/#breadcrumb"},"inLanguage":"pt-BR","potentialAction":[{"@type":"ReadAction","target":["https:\/\/noticiaempauta.com\/portal\/sebrae-e-seme-firmam-parceria-com-o-intuito-de-fomentar-a-cultura-empreendedora-no-ambiente-escolar\/"]}]},{"@type":"ImageObject","inLanguage":"pt-BR","@id":"https:\/\/noticiaempauta.com\/portal\/sebrae-e-seme-firmam-parceria-com-o-intuito-de-fomentar-a-cultura-empreendedora-no-ambiente-escolar\/#primaryimage","url":"https:\/\/noticiaempauta.com\/portal\/wp-content\/uploads\/2025\/02\/WhatsApp-Image-2025-02-10-at-09.33.39-1.jpeg","contentUrl":"https:\/\/noticiaempauta.com\/portal\/wp-content\/uploads\/2025\/02\/WhatsApp-Image-2025-02-10-at-09.33.39-1.jpeg","width":640,"height":392},{"@type":"BreadcrumbList","@id":"https:\/\/noticiaempauta.com\/portal\/sebrae-e-seme-firmam-parceria-com-o-intuito-de-fomentar-a-cultura-empreendedora-no-ambiente-escolar\/#breadcrumb","itemListElement":[{"@type":"ListItem","position":1,"name":"P\u00e1gina Inicial","item":"https:\/\/noticiaempauta.com\/portal\/"},{"@type":"ListItem","position":2,"name":"Destaques","item":"https:\/\/noticiaempauta.com\/portal\/destaques-site\/"},{"@type":"ListItem","position":3,"name":"SEBRAE e SEME firmam parceria com o intuito de fomentar a cultura empreendedora no ambiente escolar"}]},{"@type":"WebSite","@id":"https:\/\/noticiaempauta.com\/portal\/#website","url":"https:\/\/noticiaempauta.com\/portal\/","name":"Portal Not\u00edcia em Pauta","description":"Voc\u00ea bem informado","publisher":{"@id":"https:\/\/noticiaempauta.com\/portal\/#organization"},"potentialAction":[{"@type":"SearchAction","target":{"@type":"EntryPoint","urlTemplate":"https:\/\/noticiaempauta.com\/portal\/?s={search_term_string}"},"query-input":{"@type":"PropertyValueSpecification","valueRequired":true,"valueName":"search_term_string"}}],"inLanguage":"pt-BR"},{"@type":"Organization","@id":"https:\/\/noticiaempauta.com\/portal\/#organization","name":"Portal Not\u00edcia em Pauta","url":"https:\/\/noticiaempauta.com\/portal\/","logo":{"@type":"ImageObject","inLanguage":"pt-BR","@id":"https:\/\/noticiaempauta.com\/portal\/#\/schema\/logo\/image\/","url":"https:\/\/noticiaempauta.com\/portal\/wp-content\/uploads\/2022\/08\/logomarca_tema.fw_.png","contentUrl":"https:\/\/noticiaempauta.com\/portal\/wp-content\/uploads\/2022\/08\/logomarca_tema.fw_.png","width":400,"height":232,"caption":"Portal Not\u00edcia em Pauta"},"image":{"@id":"https:\/\/noticiaempauta.com\/portal\/#\/schema\/logo\/image\/"},"sameAs":["https:\/\/www.facebook.com\/Portal-Notcia-Em-Pauta-102292869264820\/","https:\/\/www.instagram.com\/portalnoticiaempauta\/"]},{"@type":"Person","@id":"https:\/\/noticiaempauta.com\/portal\/#\/schema\/person\/a74af43dd1ab3deca45f988c717d57ac","name":"Reda\u00e7\u00e3o","image":{"@type":"ImageObject","inLanguage":"pt-BR","@id":"https:\/\/noticiaempauta.com\/portal\/#\/schema\/person\/image\/","url":"https:\/\/secure.gravatar.com\/avatar\/03179346ecce6cdfc13361603e8f54242a90e5cde8618fa23c5c00aa2b0aadf3?s=96&d=mm&r=g","contentUrl":"https:\/\/secure.gravatar.com\/avatar\/03179346ecce6cdfc13361603e8f54242a90e5cde8618fa23c5c00aa2b0aadf3?s=96&d=mm&r=g","caption":"Reda\u00e7\u00e3o"},"sameAs":["https:\/\/noticiaempauta.com\/portal\/"],"url":"https:\/\/noticiaempauta.com\/portal\/author\/fernando\/"}]}},"_links":{"self":[{"href":"https:\/\/noticiaempauta.com\/portal\/wp-json\/wp\/v2\/posts\/267518","targetHints":{"allow":["GET"]}}],"collection":[{"href":"https:\/\/noticiaempauta.com\/portal\/wp-json\/wp\/v2\/posts"}],"about":[{"href":"https:\/\/noticiaempauta.com\/portal\/wp-json\/wp\/v2\/types\/post"}],"author":[{"embeddable":true,"href":"https:\/\/noticiaempauta.com\/portal\/wp-json\/wp\/v2\/users\/2"}],"replies":[{"embeddable":true,"href":"https:\/\/noticiaempauta.com\/portal\/wp-json\/wp\/v2\/comments?post=267518"}],"version-history":[{"count":1,"href":"https:\/\/noticiaempauta.com\/portal\/wp-json\/wp\/v2\/posts\/267518\/revisions"}],"predecessor-version":[{"id":267521,"href":"https:\/\/noticiaempauta.com\/portal\/wp-json\/wp\/v2\/posts\/267518\/revisions\/267521"}],"wp:featuredmedia":[{"embeddable":true,"href":"https:\/\/noticiaempauta.com\/portal\/wp-json\/wp\/v2\/media\/267520"}],"wp:attachment":[{"href":"https:\/\/noticiaempauta.com\/portal\/wp-json\/wp\/v2\/media?parent=267518"}],"wp:term":[{"taxonomy":"category","embeddable":true,"href":"https:\/\/noticiaempauta.com\/portal\/wp-json\/wp\/v2\/categories?post=267518"},{"taxonomy":"post_tag","embeddable":true,"href":"https:\/\/noticiaempauta.com\/portal\/wp-json\/wp\/v2\/tags?post=267518"}],"curies":[{"name":"wp","href":"https:\/\/api.w.org\/{rel}","templated":true}]}}