{"id":267527,"date":"2025-02-10T21:26:44","date_gmt":"2025-02-11T00:26:44","guid":{"rendered":"https:\/\/noticiaempauta.com\/portal\/?p=267527"},"modified":"2025-02-10T21:55:16","modified_gmt":"2025-02-11T00:55:16","slug":"educacao-de-paqueta-do-piaui-e-destaque-e-recebe-selo-nacional-de-compromisso-com-a-alfabetizacao","status":"publish","type":"post","link":"https:\/\/noticiaempauta.com\/portal\/educacao-de-paqueta-do-piaui-e-destaque-e-recebe-selo-nacional-de-compromisso-com-a-alfabetizacao\/","title":{"rendered":"Educa\u00e7\u00e3o de Paquet\u00e1 do Piau\u00ed \u00e9 destaque, e recebe Selo Nacional de Compromisso com a Alfabetiza\u00e7\u00e3o"},"content":{"rendered":"\n<p>Durante cerim\u00f4nia realizada na tarde desta segunda-feira, 10 de fevereiro, o munic\u00edpio de Paquet\u00e1 do Piau\u00ed foi reconhecido no cen\u00e1rio nacional na Educa\u00e7\u00e3o, com a entrega do Selo Nacional Compromisso com a Alfabetiza\u00e7\u00e3o.<\/p>\n\n\n\n<figure class=\"wp-block-image size-large\"><img fetchpriority=\"high\" decoding=\"async\" width=\"1024\" height=\"653\" src=\"https:\/\/noticiaempauta.com\/portal\/wp-content\/uploads\/2025\/02\/IMG_1226-1024x653.jpeg\" alt=\"\" class=\"wp-image-267531\" srcset=\"https:\/\/noticiaempauta.com\/portal\/wp-content\/uploads\/2025\/02\/IMG_1226-1024x653.jpeg 1024w, https:\/\/noticiaempauta.com\/portal\/wp-content\/uploads\/2025\/02\/IMG_1226-300x191.jpeg 300w, https:\/\/noticiaempauta.com\/portal\/wp-content\/uploads\/2025\/02\/IMG_1226-768x490.jpeg 768w, https:\/\/noticiaempauta.com\/portal\/wp-content\/uploads\/2025\/02\/IMG_1226.jpeg 1170w\" sizes=\"(max-width: 1024px) 100vw, 1024px\" \/><\/figure>\n\n\n\n<p>A solenidade de entrega ocorreu no Centro Internacional de Conven\u00e7\u00f5es do Brasil, em Bras\u00edlia, e foi um marco para o munic\u00edpio, que se destaca pelas boas pr\u00e1ticas na educa\u00e7\u00e3o infantil e anos iniciais.<\/p>\n\n\n\n<figure class=\"wp-block-image size-large\"><img decoding=\"async\" width=\"1024\" height=\"844\" src=\"https:\/\/noticiaempauta.com\/portal\/wp-content\/uploads\/2025\/02\/2b88c73e-31d2-41e3-9a97-71e31ed5fd2b-1024x844.jpeg\" alt=\"\" class=\"wp-image-267530\" srcset=\"https:\/\/noticiaempauta.com\/portal\/wp-content\/uploads\/2025\/02\/2b88c73e-31d2-41e3-9a97-71e31ed5fd2b-1024x844.jpeg 1024w, https:\/\/noticiaempauta.com\/portal\/wp-content\/uploads\/2025\/02\/2b88c73e-31d2-41e3-9a97-71e31ed5fd2b-300x247.jpeg 300w, https:\/\/noticiaempauta.com\/portal\/wp-content\/uploads\/2025\/02\/2b88c73e-31d2-41e3-9a97-71e31ed5fd2b-768x633.jpeg 768w, https:\/\/noticiaempauta.com\/portal\/wp-content\/uploads\/2025\/02\/2b88c73e-31d2-41e3-9a97-71e31ed5fd2b.jpeg 1280w\" sizes=\"(max-width: 1024px) 100vw, 1024px\" \/><\/figure>\n\n\n\n<p>A iniciativa, promovida pelo Minist\u00e9rio da Educa\u00e7\u00e3o, integra o Compromisso Nacional Crian\u00e7a Alfabetizada (CNCA) e tem como objetivo reconhecer as secretarias de educa\u00e7\u00e3o dos estados, munic\u00edpios e do Distrito Federal que adotam pr\u00e1ticas inovadoras e eficazes para a alfabetiza\u00e7\u00e3o de crian\u00e7as no Brasil. Em sua primeira edi\u00e7\u00e3o, o selo contou com a participa\u00e7\u00e3o de 4.578 munic\u00edpios, representando mais de 82% das 5.570 cidades do pa\u00eds.<\/p>\n\n\n\n<figure class=\"wp-block-image size-large\"><img decoding=\"async\" width=\"866\" height=\"1024\" src=\"https:\/\/noticiaempauta.com\/portal\/wp-content\/uploads\/2025\/02\/98541620-e82e-4dd1-9863-cb2204b5e44f-866x1024.jpeg\" alt=\"\" class=\"wp-image-267532\" srcset=\"https:\/\/noticiaempauta.com\/portal\/wp-content\/uploads\/2025\/02\/98541620-e82e-4dd1-9863-cb2204b5e44f-866x1024.jpeg 866w, https:\/\/noticiaempauta.com\/portal\/wp-content\/uploads\/2025\/02\/98541620-e82e-4dd1-9863-cb2204b5e44f-254x300.jpeg 254w, https:\/\/noticiaempauta.com\/portal\/wp-content\/uploads\/2025\/02\/98541620-e82e-4dd1-9863-cb2204b5e44f-768x908.jpeg 768w, https:\/\/noticiaempauta.com\/portal\/wp-content\/uploads\/2025\/02\/98541620-e82e-4dd1-9863-cb2204b5e44f.jpeg 902w\" sizes=\"(max-width: 866px) 100vw, 866px\" \/><\/figure>\n\n\n\n<p>Paquet\u00e1 do Piau\u00ed foi um dos destaques e teve sua educa\u00e7\u00e3o reconhecida pelo trabalho dedicado e a constante busca por melhorar a qualidade do ensino fundamental, especialmente na fase inicial da alfabetiza\u00e7\u00e3o. Durante a cerim\u00f4nia de entrega, o munic\u00edpio foi representado pela primeira-dama e secret\u00e1ria de educa\u00e7\u00e3o, Elayne S\u00e1.<\/p>\n\n\n\n<figure class=\"wp-block-image size-full\"><img loading=\"lazy\" decoding=\"async\" width=\"959\" height=\"816\" src=\"https:\/\/noticiaempauta.com\/portal\/wp-content\/uploads\/2025\/02\/cd1e3681-04da-496e-b11c-45d15d75bb7d-1.jpeg\" alt=\"\" class=\"wp-image-267533\" srcset=\"https:\/\/noticiaempauta.com\/portal\/wp-content\/uploads\/2025\/02\/cd1e3681-04da-496e-b11c-45d15d75bb7d-1.jpeg 959w, https:\/\/noticiaempauta.com\/portal\/wp-content\/uploads\/2025\/02\/cd1e3681-04da-496e-b11c-45d15d75bb7d-1-300x255.jpeg 300w, https:\/\/noticiaempauta.com\/portal\/wp-content\/uploads\/2025\/02\/cd1e3681-04da-496e-b11c-45d15d75bb7d-1-768x653.jpeg 768w\" sizes=\"(max-width: 959px) 100vw, 959px\" \/><\/figure>\n\n\n\n<p>\u201c\u00c9 uma honra receber este selo, que comprova o trabalho s\u00e9rio e dedicado da nossa rede municipal de ensino, muito j\u00e1 avan\u00e7amos e iremos continuar nesse ritmo, de investir em capacita\u00e7\u00e3o, e toda estrutura necess\u00e1ria para garantir que nossas crian\u00e7as tenham um futuro brilhante atrav\u00e9s da educa\u00e7\u00e3o\u201d, comentou a secretaria, Elayne S\u00e1.<\/p>\n\n\n\n<figure class=\"wp-block-image size-large\"><img loading=\"lazy\" decoding=\"async\" width=\"1024\" height=\"683\" src=\"https:\/\/noticiaempauta.com\/portal\/wp-content\/uploads\/2025\/02\/IMG_1228-1024x683.jpeg\" alt=\"\" class=\"wp-image-267534\" srcset=\"https:\/\/noticiaempauta.com\/portal\/wp-content\/uploads\/2025\/02\/IMG_1228-1024x683.jpeg 1024w, https:\/\/noticiaempauta.com\/portal\/wp-content\/uploads\/2025\/02\/IMG_1228-300x200.jpeg 300w, https:\/\/noticiaempauta.com\/portal\/wp-content\/uploads\/2025\/02\/IMG_1228-768x512.jpeg 768w, https:\/\/noticiaempauta.com\/portal\/wp-content\/uploads\/2025\/02\/IMG_1228.jpeg 1200w\" sizes=\"(max-width: 1024px) 100vw, 1024px\" \/><\/figure>\n\n\n\n<p>\u201cEste selo simboliza o trabalho dedicado de nossos profissionais. Cada professor, servidor, articulador e fam\u00edlias que atrav\u00e9s desse trabalho integrado, contribu\u00edram para que Paquet\u00e1 se tornasse refer\u00eancia. Continuaremos avan\u00e7ando para superar metas e garantir que todas as crian\u00e7as tenham acesso a um ensino de qualidade em nosso munic\u00edpio\u201d, disse o prefeito Dr. Clayton Barros.<\/p>\n\n\n\n<figure class=\"wp-block-image size-large\"><img loading=\"lazy\" decoding=\"async\" width=\"1024\" height=\"768\" src=\"https:\/\/noticiaempauta.com\/portal\/wp-content\/uploads\/2025\/02\/df81f098-b1c1-45e4-ad48-103f0dcdff4e-1024x768.jpeg\" alt=\"\" class=\"wp-image-267535\" srcset=\"https:\/\/noticiaempauta.com\/portal\/wp-content\/uploads\/2025\/02\/df81f098-b1c1-45e4-ad48-103f0dcdff4e-1024x768.jpeg 1024w, https:\/\/noticiaempauta.com\/portal\/wp-content\/uploads\/2025\/02\/df81f098-b1c1-45e4-ad48-103f0dcdff4e-300x225.jpeg 300w, https:\/\/noticiaempauta.com\/portal\/wp-content\/uploads\/2025\/02\/df81f098-b1c1-45e4-ad48-103f0dcdff4e-768x576.jpeg 768w, https:\/\/noticiaempauta.com\/portal\/wp-content\/uploads\/2025\/02\/df81f098-b1c1-45e4-ad48-103f0dcdff4e.jpeg 1280w\" sizes=\"(max-width: 1024px) 100vw, 1024px\" \/><\/figure>\n\n\n\n<p>Atrav\u00e9s do reconhecimento, a gest\u00e3o municipal de Paquet\u00e1 do Piau\u00ed refor\u00e7a seu compromisso com o futuro de suas crian\u00e7as, jovens e cidad\u00e3os, demonstrando que investir em educa\u00e7\u00e3o \u00e9 a base para transformar a sociedade e promover uma verdadeira mudan\u00e7a social.<\/p>\n","protected":false},"excerpt":{"rendered":"<p>Durante cerim\u00f4nia realizada na tarde desta segunda-feira, 10 de fevereiro, o munic\u00edpio de Paquet\u00e1 do Piau\u00ed foi reconhecido no cen\u00e1rio nacional na Educa\u00e7\u00e3o, com a entrega do Selo Nacional Compromisso com a Alfabetiza\u00e7\u00e3o. A solenidade de entrega ocorreu no Centro Internacional de Conven\u00e7\u00f5es do Brasil, em Bras\u00edlia, e foi um marco para o munic\u00edpio, que [&hellip;]<\/p>\n","protected":false},"author":2,"featured_media":267528,"comment_status":"open","ping_status":"open","sticky":false,"template":"","format":"standard","meta":{"_mi_skip_tracking":false,"footnotes":""},"categories":[25,1,9,16],"tags":[192],"class_list":["post-267527","post","type-post","status-publish","format-standard","has-post-thumbnail","hentry","category-destaques-site","category-geral","category-municipios","category-todas","tag-destaqueprincipal"],"acf":[],"yoast_head":"<!-- This site is optimized with the Yoast SEO Premium plugin v19.2 (Yoast SEO v26.9) - https:\/\/yoast.com\/product\/yoast-seo-premium-wordpress\/ -->\n<title>Educa\u00e7\u00e3o de Paquet\u00e1 do Piau\u00ed \u00e9 destaque, e recebe Selo Nacional de Compromisso com a Alfabetiza\u00e7\u00e3o - Portal Not\u00edcia em Pauta<\/title>\n<meta name=\"robots\" content=\"index, follow, max-snippet:-1, max-image-preview:large, max-video-preview:-1\" \/>\n<link rel=\"canonical\" href=\"https:\/\/noticiaempauta.com\/portal\/educacao-de-paqueta-do-piaui-e-destaque-e-recebe-selo-nacional-de-compromisso-com-a-alfabetizacao\/\" \/>\n<meta property=\"og:locale\" content=\"pt_BR\" \/>\n<meta property=\"og:type\" content=\"article\" \/>\n<meta property=\"og:title\" content=\"Educa\u00e7\u00e3o de Paquet\u00e1 do Piau\u00ed \u00e9 destaque, e recebe Selo Nacional de Compromisso com a Alfabetiza\u00e7\u00e3o\" \/>\n<meta property=\"og:description\" content=\"Durante cerim\u00f4nia realizada na tarde desta segunda-feira, 10 de fevereiro, o munic\u00edpio de Paquet\u00e1 do Piau\u00ed foi reconhecido no cen\u00e1rio nacional na Educa\u00e7\u00e3o, com a entrega do Selo Nacional Compromisso com a Alfabetiza\u00e7\u00e3o. A solenidade de entrega ocorreu no Centro Internacional de Conven\u00e7\u00f5es do Brasil, em Bras\u00edlia, e foi um marco para o munic\u00edpio, que [&hellip;]\" \/>\n<meta property=\"og:url\" content=\"https:\/\/noticiaempauta.com\/portal\/educacao-de-paqueta-do-piaui-e-destaque-e-recebe-selo-nacional-de-compromisso-com-a-alfabetizacao\/\" \/>\n<meta property=\"og:site_name\" content=\"Portal Not\u00edcia em Pauta\" \/>\n<meta property=\"article:publisher\" content=\"https:\/\/www.facebook.com\/Portal-Notcia-Em-Pauta-102292869264820\/\" \/>\n<meta property=\"article:published_time\" content=\"2025-02-11T00:26:44+00:00\" \/>\n<meta property=\"article:modified_time\" content=\"2025-02-11T00:55:16+00:00\" \/>\n<meta property=\"og:image\" content=\"https:\/\/noticiaempauta.com\/portal\/wp-content\/uploads\/2025\/02\/cd1e3681-04da-496e-b11c-45d15d75bb7d.jpeg\" \/>\n\t<meta property=\"og:image:width\" content=\"832\" \/>\n\t<meta property=\"og:image:height\" content=\"532\" \/>\n\t<meta property=\"og:image:type\" content=\"image\/jpeg\" \/>\n<meta name=\"author\" content=\"Reda\u00e7\u00e3o\" \/>\n<meta name=\"twitter:card\" content=\"summary_large_image\" \/>\n<meta name=\"twitter:label1\" content=\"Escrito por\" \/>\n\t<meta name=\"twitter:data1\" content=\"Reda\u00e7\u00e3o\" \/>\n\t<meta name=\"twitter:label2\" content=\"Est. tempo de leitura\" \/>\n\t<meta name=\"twitter:data2\" content=\"4 minutos\" \/>\n<script type=\"application\/ld+json\" class=\"yoast-schema-graph\">{\"@context\":\"https:\/\/schema.org\",\"@graph\":[{\"@type\":\"Article\",\"@id\":\"https:\/\/noticiaempauta.com\/portal\/educacao-de-paqueta-do-piaui-e-destaque-e-recebe-selo-nacional-de-compromisso-com-a-alfabetizacao\/#article\",\"isPartOf\":{\"@id\":\"https:\/\/noticiaempauta.com\/portal\/educacao-de-paqueta-do-piaui-e-destaque-e-recebe-selo-nacional-de-compromisso-com-a-alfabetizacao\/\"},\"author\":{\"name\":\"Reda\u00e7\u00e3o\",\"@id\":\"https:\/\/noticiaempauta.com\/portal\/#\/schema\/person\/a74af43dd1ab3deca45f988c717d57ac\"},\"headline\":\"Educa\u00e7\u00e3o de Paquet\u00e1 do Piau\u00ed \u00e9 destaque, e recebe Selo Nacional de Compromisso com a Alfabetiza\u00e7\u00e3o\",\"datePublished\":\"2025-02-11T00:26:44+00:00\",\"dateModified\":\"2025-02-11T00:55:16+00:00\",\"mainEntityOfPage\":{\"@id\":\"https:\/\/noticiaempauta.com\/portal\/educacao-de-paqueta-do-piaui-e-destaque-e-recebe-selo-nacional-de-compromisso-com-a-alfabetizacao\/\"},\"wordCount\":386,\"commentCount\":0,\"publisher\":{\"@id\":\"https:\/\/noticiaempauta.com\/portal\/#organization\"},\"image\":{\"@id\":\"https:\/\/noticiaempauta.com\/portal\/educacao-de-paqueta-do-piaui-e-destaque-e-recebe-selo-nacional-de-compromisso-com-a-alfabetizacao\/#primaryimage\"},\"thumbnailUrl\":\"https:\/\/noticiaempauta.com\/portal\/wp-content\/uploads\/2025\/02\/cd1e3681-04da-496e-b11c-45d15d75bb7d.jpeg\",\"keywords\":[\"destaqueprincipal\"],\"articleSection\":[\"Destaques\",\"Geral\",\"Munic\u00edpios\",\"Todas as Not\u00edcias\"],\"inLanguage\":\"pt-BR\",\"potentialAction\":[{\"@type\":\"CommentAction\",\"name\":\"Comment\",\"target\":[\"https:\/\/noticiaempauta.com\/portal\/educacao-de-paqueta-do-piaui-e-destaque-e-recebe-selo-nacional-de-compromisso-com-a-alfabetizacao\/#respond\"]}]},{\"@type\":\"WebPage\",\"@id\":\"https:\/\/noticiaempauta.com\/portal\/educacao-de-paqueta-do-piaui-e-destaque-e-recebe-selo-nacional-de-compromisso-com-a-alfabetizacao\/\",\"url\":\"https:\/\/noticiaempauta.com\/portal\/educacao-de-paqueta-do-piaui-e-destaque-e-recebe-selo-nacional-de-compromisso-com-a-alfabetizacao\/\",\"name\":\"Educa\u00e7\u00e3o de Paquet\u00e1 do Piau\u00ed \u00e9 destaque, e recebe Selo Nacional de Compromisso com a Alfabetiza\u00e7\u00e3o - Portal Not\u00edcia em Pauta\",\"isPartOf\":{\"@id\":\"https:\/\/noticiaempauta.com\/portal\/#website\"},\"primaryImageOfPage\":{\"@id\":\"https:\/\/noticiaempauta.com\/portal\/educacao-de-paqueta-do-piaui-e-destaque-e-recebe-selo-nacional-de-compromisso-com-a-alfabetizacao\/#primaryimage\"},\"image\":{\"@id\":\"https:\/\/noticiaempauta.com\/portal\/educacao-de-paqueta-do-piaui-e-destaque-e-recebe-selo-nacional-de-compromisso-com-a-alfabetizacao\/#primaryimage\"},\"thumbnailUrl\":\"https:\/\/noticiaempauta.com\/portal\/wp-content\/uploads\/2025\/02\/cd1e3681-04da-496e-b11c-45d15d75bb7d.jpeg\",\"datePublished\":\"2025-02-11T00:26:44+00:00\",\"dateModified\":\"2025-02-11T00:55:16+00:00\",\"breadcrumb\":{\"@id\":\"https:\/\/noticiaempauta.com\/portal\/educacao-de-paqueta-do-piaui-e-destaque-e-recebe-selo-nacional-de-compromisso-com-a-alfabetizacao\/#breadcrumb\"},\"inLanguage\":\"pt-BR\",\"potentialAction\":[{\"@type\":\"ReadAction\",\"target\":[\"https:\/\/noticiaempauta.com\/portal\/educacao-de-paqueta-do-piaui-e-destaque-e-recebe-selo-nacional-de-compromisso-com-a-alfabetizacao\/\"]}]},{\"@type\":\"ImageObject\",\"inLanguage\":\"pt-BR\",\"@id\":\"https:\/\/noticiaempauta.com\/portal\/educacao-de-paqueta-do-piaui-e-destaque-e-recebe-selo-nacional-de-compromisso-com-a-alfabetizacao\/#primaryimage\",\"url\":\"https:\/\/noticiaempauta.com\/portal\/wp-content\/uploads\/2025\/02\/cd1e3681-04da-496e-b11c-45d15d75bb7d.jpeg\",\"contentUrl\":\"https:\/\/noticiaempauta.com\/portal\/wp-content\/uploads\/2025\/02\/cd1e3681-04da-496e-b11c-45d15d75bb7d.jpeg\",\"width\":832,\"height\":532},{\"@type\":\"BreadcrumbList\",\"@id\":\"https:\/\/noticiaempauta.com\/portal\/educacao-de-paqueta-do-piaui-e-destaque-e-recebe-selo-nacional-de-compromisso-com-a-alfabetizacao\/#breadcrumb\",\"itemListElement\":[{\"@type\":\"ListItem\",\"position\":1,\"name\":\"P\u00e1gina Inicial\",\"item\":\"https:\/\/noticiaempauta.com\/portal\/\"},{\"@type\":\"ListItem\",\"position\":2,\"name\":\"Destaques\",\"item\":\"https:\/\/noticiaempauta.com\/portal\/destaques-site\/\"},{\"@type\":\"ListItem\",\"position\":3,\"name\":\"Educa\u00e7\u00e3o de Paquet\u00e1 do Piau\u00ed \u00e9 destaque, e recebe Selo Nacional de Compromisso com a Alfabetiza\u00e7\u00e3o\"}]},{\"@type\":\"WebSite\",\"@id\":\"https:\/\/noticiaempauta.com\/portal\/#website\",\"url\":\"https:\/\/noticiaempauta.com\/portal\/\",\"name\":\"Portal Not\u00edcia em Pauta\",\"description\":\"Voc\u00ea bem informado\",\"publisher\":{\"@id\":\"https:\/\/noticiaempauta.com\/portal\/#organization\"},\"potentialAction\":[{\"@type\":\"SearchAction\",\"target\":{\"@type\":\"EntryPoint\",\"urlTemplate\":\"https:\/\/noticiaempauta.com\/portal\/?s={search_term_string}\"},\"query-input\":{\"@type\":\"PropertyValueSpecification\",\"valueRequired\":true,\"valueName\":\"search_term_string\"}}],\"inLanguage\":\"pt-BR\"},{\"@type\":\"Organization\",\"@id\":\"https:\/\/noticiaempauta.com\/portal\/#organization\",\"name\":\"Portal Not\u00edcia em Pauta\",\"url\":\"https:\/\/noticiaempauta.com\/portal\/\",\"logo\":{\"@type\":\"ImageObject\",\"inLanguage\":\"pt-BR\",\"@id\":\"https:\/\/noticiaempauta.com\/portal\/#\/schema\/logo\/image\/\",\"url\":\"https:\/\/noticiaempauta.com\/portal\/wp-content\/uploads\/2022\/08\/logomarca_tema.fw_.png\",\"contentUrl\":\"https:\/\/noticiaempauta.com\/portal\/wp-content\/uploads\/2022\/08\/logomarca_tema.fw_.png\",\"width\":400,\"height\":232,\"caption\":\"Portal Not\u00edcia em Pauta\"},\"image\":{\"@id\":\"https:\/\/noticiaempauta.com\/portal\/#\/schema\/logo\/image\/\"},\"sameAs\":[\"https:\/\/www.facebook.com\/Portal-Notcia-Em-Pauta-102292869264820\/\",\"https:\/\/www.instagram.com\/portalnoticiaempauta\/\"]},{\"@type\":\"Person\",\"@id\":\"https:\/\/noticiaempauta.com\/portal\/#\/schema\/person\/a74af43dd1ab3deca45f988c717d57ac\",\"name\":\"Reda\u00e7\u00e3o\",\"image\":{\"@type\":\"ImageObject\",\"inLanguage\":\"pt-BR\",\"@id\":\"https:\/\/noticiaempauta.com\/portal\/#\/schema\/person\/image\/\",\"url\":\"https:\/\/secure.gravatar.com\/avatar\/03179346ecce6cdfc13361603e8f54242a90e5cde8618fa23c5c00aa2b0aadf3?s=96&d=mm&r=g\",\"contentUrl\":\"https:\/\/secure.gravatar.com\/avatar\/03179346ecce6cdfc13361603e8f54242a90e5cde8618fa23c5c00aa2b0aadf3?s=96&d=mm&r=g\",\"caption\":\"Reda\u00e7\u00e3o\"},\"sameAs\":[\"https:\/\/noticiaempauta.com\/portal\/\"],\"url\":\"https:\/\/noticiaempauta.com\/portal\/author\/fernando\/\"}]}<\/script>\n<!-- \/ Yoast SEO Premium plugin. -->","yoast_head_json":{"title":"Educa\u00e7\u00e3o de Paquet\u00e1 do Piau\u00ed \u00e9 destaque, e recebe Selo Nacional de Compromisso com a Alfabetiza\u00e7\u00e3o - Portal Not\u00edcia em Pauta","robots":{"index":"index","follow":"follow","max-snippet":"max-snippet:-1","max-image-preview":"max-image-preview:large","max-video-preview":"max-video-preview:-1"},"canonical":"https:\/\/noticiaempauta.com\/portal\/educacao-de-paqueta-do-piaui-e-destaque-e-recebe-selo-nacional-de-compromisso-com-a-alfabetizacao\/","og_locale":"pt_BR","og_type":"article","og_title":"Educa\u00e7\u00e3o de Paquet\u00e1 do Piau\u00ed \u00e9 destaque, e recebe Selo Nacional de Compromisso com a Alfabetiza\u00e7\u00e3o","og_description":"Durante cerim\u00f4nia realizada na tarde desta segunda-feira, 10 de fevereiro, o munic\u00edpio de Paquet\u00e1 do Piau\u00ed foi reconhecido no cen\u00e1rio nacional na Educa\u00e7\u00e3o, com a entrega do Selo Nacional Compromisso com a Alfabetiza\u00e7\u00e3o. A solenidade de entrega ocorreu no Centro Internacional de Conven\u00e7\u00f5es do Brasil, em Bras\u00edlia, e foi um marco para o munic\u00edpio, que [&hellip;]","og_url":"https:\/\/noticiaempauta.com\/portal\/educacao-de-paqueta-do-piaui-e-destaque-e-recebe-selo-nacional-de-compromisso-com-a-alfabetizacao\/","og_site_name":"Portal Not\u00edcia em Pauta","article_publisher":"https:\/\/www.facebook.com\/Portal-Notcia-Em-Pauta-102292869264820\/","article_published_time":"2025-02-11T00:26:44+00:00","article_modified_time":"2025-02-11T00:55:16+00:00","og_image":[{"width":832,"height":532,"url":"https:\/\/noticiaempauta.com\/portal\/wp-content\/uploads\/2025\/02\/cd1e3681-04da-496e-b11c-45d15d75bb7d.jpeg","type":"image\/jpeg"}],"author":"Reda\u00e7\u00e3o","twitter_card":"summary_large_image","twitter_misc":{"Escrito por":"Reda\u00e7\u00e3o","Est. tempo de leitura":"4 minutos"},"schema":{"@context":"https:\/\/schema.org","@graph":[{"@type":"Article","@id":"https:\/\/noticiaempauta.com\/portal\/educacao-de-paqueta-do-piaui-e-destaque-e-recebe-selo-nacional-de-compromisso-com-a-alfabetizacao\/#article","isPartOf":{"@id":"https:\/\/noticiaempauta.com\/portal\/educacao-de-paqueta-do-piaui-e-destaque-e-recebe-selo-nacional-de-compromisso-com-a-alfabetizacao\/"},"author":{"name":"Reda\u00e7\u00e3o","@id":"https:\/\/noticiaempauta.com\/portal\/#\/schema\/person\/a74af43dd1ab3deca45f988c717d57ac"},"headline":"Educa\u00e7\u00e3o de Paquet\u00e1 do Piau\u00ed \u00e9 destaque, e recebe Selo Nacional de Compromisso com a Alfabetiza\u00e7\u00e3o","datePublished":"2025-02-11T00:26:44+00:00","dateModified":"2025-02-11T00:55:16+00:00","mainEntityOfPage":{"@id":"https:\/\/noticiaempauta.com\/portal\/educacao-de-paqueta-do-piaui-e-destaque-e-recebe-selo-nacional-de-compromisso-com-a-alfabetizacao\/"},"wordCount":386,"commentCount":0,"publisher":{"@id":"https:\/\/noticiaempauta.com\/portal\/#organization"},"image":{"@id":"https:\/\/noticiaempauta.com\/portal\/educacao-de-paqueta-do-piaui-e-destaque-e-recebe-selo-nacional-de-compromisso-com-a-alfabetizacao\/#primaryimage"},"thumbnailUrl":"https:\/\/noticiaempauta.com\/portal\/wp-content\/uploads\/2025\/02\/cd1e3681-04da-496e-b11c-45d15d75bb7d.jpeg","keywords":["destaqueprincipal"],"articleSection":["Destaques","Geral","Munic\u00edpios","Todas as Not\u00edcias"],"inLanguage":"pt-BR","potentialAction":[{"@type":"CommentAction","name":"Comment","target":["https:\/\/noticiaempauta.com\/portal\/educacao-de-paqueta-do-piaui-e-destaque-e-recebe-selo-nacional-de-compromisso-com-a-alfabetizacao\/#respond"]}]},{"@type":"WebPage","@id":"https:\/\/noticiaempauta.com\/portal\/educacao-de-paqueta-do-piaui-e-destaque-e-recebe-selo-nacional-de-compromisso-com-a-alfabetizacao\/","url":"https:\/\/noticiaempauta.com\/portal\/educacao-de-paqueta-do-piaui-e-destaque-e-recebe-selo-nacional-de-compromisso-com-a-alfabetizacao\/","name":"Educa\u00e7\u00e3o de Paquet\u00e1 do Piau\u00ed \u00e9 destaque, e recebe Selo Nacional de Compromisso com a Alfabetiza\u00e7\u00e3o - Portal Not\u00edcia em Pauta","isPartOf":{"@id":"https:\/\/noticiaempauta.com\/portal\/#website"},"primaryImageOfPage":{"@id":"https:\/\/noticiaempauta.com\/portal\/educacao-de-paqueta-do-piaui-e-destaque-e-recebe-selo-nacional-de-compromisso-com-a-alfabetizacao\/#primaryimage"},"image":{"@id":"https:\/\/noticiaempauta.com\/portal\/educacao-de-paqueta-do-piaui-e-destaque-e-recebe-selo-nacional-de-compromisso-com-a-alfabetizacao\/#primaryimage"},"thumbnailUrl":"https:\/\/noticiaempauta.com\/portal\/wp-content\/uploads\/2025\/02\/cd1e3681-04da-496e-b11c-45d15d75bb7d.jpeg","datePublished":"2025-02-11T00:26:44+00:00","dateModified":"2025-02-11T00:55:16+00:00","breadcrumb":{"@id":"https:\/\/noticiaempauta.com\/portal\/educacao-de-paqueta-do-piaui-e-destaque-e-recebe-selo-nacional-de-compromisso-com-a-alfabetizacao\/#breadcrumb"},"inLanguage":"pt-BR","potentialAction":[{"@type":"ReadAction","target":["https:\/\/noticiaempauta.com\/portal\/educacao-de-paqueta-do-piaui-e-destaque-e-recebe-selo-nacional-de-compromisso-com-a-alfabetizacao\/"]}]},{"@type":"ImageObject","inLanguage":"pt-BR","@id":"https:\/\/noticiaempauta.com\/portal\/educacao-de-paqueta-do-piaui-e-destaque-e-recebe-selo-nacional-de-compromisso-com-a-alfabetizacao\/#primaryimage","url":"https:\/\/noticiaempauta.com\/portal\/wp-content\/uploads\/2025\/02\/cd1e3681-04da-496e-b11c-45d15d75bb7d.jpeg","contentUrl":"https:\/\/noticiaempauta.com\/portal\/wp-content\/uploads\/2025\/02\/cd1e3681-04da-496e-b11c-45d15d75bb7d.jpeg","width":832,"height":532},{"@type":"BreadcrumbList","@id":"https:\/\/noticiaempauta.com\/portal\/educacao-de-paqueta-do-piaui-e-destaque-e-recebe-selo-nacional-de-compromisso-com-a-alfabetizacao\/#breadcrumb","itemListElement":[{"@type":"ListItem","position":1,"name":"P\u00e1gina Inicial","item":"https:\/\/noticiaempauta.com\/portal\/"},{"@type":"ListItem","position":2,"name":"Destaques","item":"https:\/\/noticiaempauta.com\/portal\/destaques-site\/"},{"@type":"ListItem","position":3,"name":"Educa\u00e7\u00e3o de Paquet\u00e1 do Piau\u00ed \u00e9 destaque, e recebe Selo Nacional de Compromisso com a Alfabetiza\u00e7\u00e3o"}]},{"@type":"WebSite","@id":"https:\/\/noticiaempauta.com\/portal\/#website","url":"https:\/\/noticiaempauta.com\/portal\/","name":"Portal Not\u00edcia em Pauta","description":"Voc\u00ea bem informado","publisher":{"@id":"https:\/\/noticiaempauta.com\/portal\/#organization"},"potentialAction":[{"@type":"SearchAction","target":{"@type":"EntryPoint","urlTemplate":"https:\/\/noticiaempauta.com\/portal\/?s={search_term_string}"},"query-input":{"@type":"PropertyValueSpecification","valueRequired":true,"valueName":"search_term_string"}}],"inLanguage":"pt-BR"},{"@type":"Organization","@id":"https:\/\/noticiaempauta.com\/portal\/#organization","name":"Portal Not\u00edcia em Pauta","url":"https:\/\/noticiaempauta.com\/portal\/","logo":{"@type":"ImageObject","inLanguage":"pt-BR","@id":"https:\/\/noticiaempauta.com\/portal\/#\/schema\/logo\/image\/","url":"https:\/\/noticiaempauta.com\/portal\/wp-content\/uploads\/2022\/08\/logomarca_tema.fw_.png","contentUrl":"https:\/\/noticiaempauta.com\/portal\/wp-content\/uploads\/2022\/08\/logomarca_tema.fw_.png","width":400,"height":232,"caption":"Portal Not\u00edcia em Pauta"},"image":{"@id":"https:\/\/noticiaempauta.com\/portal\/#\/schema\/logo\/image\/"},"sameAs":["https:\/\/www.facebook.com\/Portal-Notcia-Em-Pauta-102292869264820\/","https:\/\/www.instagram.com\/portalnoticiaempauta\/"]},{"@type":"Person","@id":"https:\/\/noticiaempauta.com\/portal\/#\/schema\/person\/a74af43dd1ab3deca45f988c717d57ac","name":"Reda\u00e7\u00e3o","image":{"@type":"ImageObject","inLanguage":"pt-BR","@id":"https:\/\/noticiaempauta.com\/portal\/#\/schema\/person\/image\/","url":"https:\/\/secure.gravatar.com\/avatar\/03179346ecce6cdfc13361603e8f54242a90e5cde8618fa23c5c00aa2b0aadf3?s=96&d=mm&r=g","contentUrl":"https:\/\/secure.gravatar.com\/avatar\/03179346ecce6cdfc13361603e8f54242a90e5cde8618fa23c5c00aa2b0aadf3?s=96&d=mm&r=g","caption":"Reda\u00e7\u00e3o"},"sameAs":["https:\/\/noticiaempauta.com\/portal\/"],"url":"https:\/\/noticiaempauta.com\/portal\/author\/fernando\/"}]}},"_links":{"self":[{"href":"https:\/\/noticiaempauta.com\/portal\/wp-json\/wp\/v2\/posts\/267527","targetHints":{"allow":["GET"]}}],"collection":[{"href":"https:\/\/noticiaempauta.com\/portal\/wp-json\/wp\/v2\/posts"}],"about":[{"href":"https:\/\/noticiaempauta.com\/portal\/wp-json\/wp\/v2\/types\/post"}],"author":[{"embeddable":true,"href":"https:\/\/noticiaempauta.com\/portal\/wp-json\/wp\/v2\/users\/2"}],"replies":[{"embeddable":true,"href":"https:\/\/noticiaempauta.com\/portal\/wp-json\/wp\/v2\/comments?post=267527"}],"version-history":[{"count":5,"href":"https:\/\/noticiaempauta.com\/portal\/wp-json\/wp\/v2\/posts\/267527\/revisions"}],"predecessor-version":[{"id":267542,"href":"https:\/\/noticiaempauta.com\/portal\/wp-json\/wp\/v2\/posts\/267527\/revisions\/267542"}],"wp:featuredmedia":[{"embeddable":true,"href":"https:\/\/noticiaempauta.com\/portal\/wp-json\/wp\/v2\/media\/267528"}],"wp:attachment":[{"href":"https:\/\/noticiaempauta.com\/portal\/wp-json\/wp\/v2\/media?parent=267527"}],"wp:term":[{"taxonomy":"category","embeddable":true,"href":"https:\/\/noticiaempauta.com\/portal\/wp-json\/wp\/v2\/categories?post=267527"},{"taxonomy":"post_tag","embeddable":true,"href":"https:\/\/noticiaempauta.com\/portal\/wp-json\/wp\/v2\/tags?post=267527"}],"curies":[{"name":"wp","href":"https:\/\/api.w.org\/{rel}","templated":true}]}}