{"id":267558,"date":"2025-02-11T09:32:50","date_gmt":"2025-02-11T12:32:50","guid":{"rendered":"https:\/\/noticiaempauta.com\/portal\/?p=267558"},"modified":"2025-02-11T09:32:52","modified_gmt":"2025-02-11T12:32:52","slug":"hugo-motta-tenta-ampliar-numero-de-deputados-na-camara-piaui-perderia-duas-vagas","status":"publish","type":"post","link":"https:\/\/noticiaempauta.com\/portal\/hugo-motta-tenta-ampliar-numero-de-deputados-na-camara-piaui-perderia-duas-vagas\/","title":{"rendered":"Hugo Motta tenta ampliar n\u00famero de deputados na C\u00e2mara; Piau\u00ed perderia duas vagas"},"content":{"rendered":"\n<p>O presidente da C\u00e2mara dos Deputados, Hugo Motta (Republicanos-PB), afirmou que pretende construir um acordo com Supremo Tribunal Federal (STF) para alterar o n\u00famero de deputados federais na C\u00e2mara.<\/p>\n\n\n\n<p>Pela sugest\u00e3o de Motta, a Casa passaria a ter mais 14 deputados federais, al\u00e9m dos atuais 513, totalizando 527. Entretanto, o STF decidiu que o n\u00famero de deputados de cada estado deve ser revisto em raz\u00e3o do Censo de 2022.<\/p>\n\n\n\n<p>Com isso,&nbsp;<strong>o Piau\u00ed perderia dois dos atuais 10 deputados federais<\/strong>&nbsp;com acento na C\u00e2mara dos Deputados. Tamb\u00e9m perderia vagas os estados do Rio de Janeiro (4), Rio Grande do Sul (2), Para\u00edba (2), Bahia (2), Pernambuco (1) e Alagoas (1).<\/p>\n\n\n\n<p>O STF fixou prazo at\u00e9 30 de junho deste ano para que o Congresso Nacional edite lei complementar para revisar a distribui\u00e7\u00e3o do n\u00famero de cadeiras de deputados federais em rela\u00e7\u00e3o \u00e0 popula\u00e7\u00e3o de cada estado.<\/p>\n\n\n\n<figure class=\"wp-block-image size-full\"><img fetchpriority=\"high\" decoding=\"async\" width=\"1000\" height=\"617\" src=\"https:\/\/noticiaempauta.com\/portal\/wp-content\/uploads\/2025\/02\/Hugo-Motta.jpg\" alt=\"\" class=\"wp-image-267559\" srcset=\"https:\/\/noticiaempauta.com\/portal\/wp-content\/uploads\/2025\/02\/Hugo-Motta.jpg 1000w, https:\/\/noticiaempauta.com\/portal\/wp-content\/uploads\/2025\/02\/Hugo-Motta-300x185.jpg 300w, https:\/\/noticiaempauta.com\/portal\/wp-content\/uploads\/2025\/02\/Hugo-Motta-768x474.jpg 768w\" sizes=\"(max-width: 1000px) 100vw, 1000px\" \/><figcaption class=\"wp-element-caption\"><em>Deputado Hugo Motta (Foto: Kayo Magalh\u00e3es\/ C\u00e2mara dos Deputados)<\/em><\/figcaption><\/figure>\n\n\n\n<p>Motta deu a declara\u00e7\u00e3o em entrevista \u00e0 R\u00e1dio Arapuan, em Jo\u00e3o Pessoa. Ele defendeu que, mesmo com as mudan\u00e7as propostas, n\u00e3o haja aumento de despesa. \u201cPenso que a solu\u00e7\u00e3o seria um grande acordo para que aumentemos 14 vagas, para que nenhum estado perca\u201d, prop\u00f4s o presidente.<\/p>\n\n\n\n<p>\u201cTemos que fazer isso at\u00e9 junho, e tenho de ter a garantia de que o presidente Alcolumbre vote no Senado. Temos que fazer o dever de casa para que isso n\u00e3o represente aumento do custo da Casa\u201d, acrescentou.<\/p>\n\n\n\n<p>Com o novo c\u00e1lculo de proporcionalidade, ganhariam vagas os estados de Santa Catarina (4), Par\u00e1 (4), Amazonas (2), Cear\u00e1 (1), Goi\u00e1s (1), Minas Gerais (1) e Mato Grosso (1).<\/p>\n\n\n\n<p>Fonte: Portal Clube News<\/p>\n","protected":false},"excerpt":{"rendered":"<p>O presidente da C\u00e2mara dos Deputados, Hugo Motta (Republicanos-PB), afirmou que pretende construir um acordo com Supremo Tribunal Federal (STF) para alterar o n\u00famero de deputados federais na C\u00e2mara. Pela sugest\u00e3o de Motta, a Casa passaria a ter mais 14 deputados federais, al\u00e9m dos atuais 513, totalizando 527. Entretanto, o STF decidiu que o n\u00famero [&hellip;]<\/p>\n","protected":false},"author":2,"featured_media":267559,"comment_status":"open","ping_status":"open","sticky":false,"template":"","format":"standard","meta":{"_mi_skip_tracking":false,"footnotes":""},"categories":[25,1,3,16],"tags":[192],"class_list":["post-267558","post","type-post","status-publish","format-standard","has-post-thumbnail","hentry","category-destaques-site","category-geral","category-politica","category-todas","tag-destaqueprincipal"],"acf":[],"yoast_head":"<!-- This site is optimized with the Yoast SEO Premium plugin v19.2 (Yoast SEO v26.9) - https:\/\/yoast.com\/product\/yoast-seo-premium-wordpress\/ -->\n<title>Hugo Motta tenta ampliar n\u00famero de deputados na C\u00e2mara; Piau\u00ed perderia duas vagas - Portal Not\u00edcia em Pauta<\/title>\n<meta name=\"robots\" content=\"index, follow, max-snippet:-1, max-image-preview:large, max-video-preview:-1\" \/>\n<link rel=\"canonical\" href=\"https:\/\/noticiaempauta.com\/portal\/hugo-motta-tenta-ampliar-numero-de-deputados-na-camara-piaui-perderia-duas-vagas\/\" \/>\n<meta property=\"og:locale\" content=\"pt_BR\" \/>\n<meta property=\"og:type\" content=\"article\" \/>\n<meta property=\"og:title\" content=\"Hugo Motta tenta ampliar n\u00famero de deputados na C\u00e2mara; Piau\u00ed perderia duas vagas\" \/>\n<meta property=\"og:description\" content=\"O presidente da C\u00e2mara dos Deputados, Hugo Motta (Republicanos-PB), afirmou que pretende construir um acordo com Supremo Tribunal Federal (STF) para alterar o n\u00famero de deputados federais na C\u00e2mara. Pela sugest\u00e3o de Motta, a Casa passaria a ter mais 14 deputados federais, al\u00e9m dos atuais 513, totalizando 527. Entretanto, o STF decidiu que o n\u00famero [&hellip;]\" \/>\n<meta property=\"og:url\" content=\"https:\/\/noticiaempauta.com\/portal\/hugo-motta-tenta-ampliar-numero-de-deputados-na-camara-piaui-perderia-duas-vagas\/\" \/>\n<meta property=\"og:site_name\" content=\"Portal Not\u00edcia em Pauta\" \/>\n<meta property=\"article:publisher\" content=\"https:\/\/www.facebook.com\/Portal-Notcia-Em-Pauta-102292869264820\/\" \/>\n<meta property=\"article:published_time\" content=\"2025-02-11T12:32:50+00:00\" \/>\n<meta property=\"article:modified_time\" content=\"2025-02-11T12:32:52+00:00\" \/>\n<meta property=\"og:image\" content=\"https:\/\/noticiaempauta.com\/portal\/wp-content\/uploads\/2025\/02\/Hugo-Motta.jpg\" \/>\n\t<meta property=\"og:image:width\" content=\"1000\" \/>\n\t<meta property=\"og:image:height\" content=\"617\" \/>\n\t<meta property=\"og:image:type\" content=\"image\/jpeg\" \/>\n<meta name=\"author\" content=\"Reda\u00e7\u00e3o\" \/>\n<meta name=\"twitter:card\" content=\"summary_large_image\" \/>\n<meta name=\"twitter:label1\" content=\"Escrito por\" \/>\n\t<meta name=\"twitter:data1\" content=\"Reda\u00e7\u00e3o\" \/>\n\t<meta name=\"twitter:label2\" content=\"Est. tempo de leitura\" \/>\n\t<meta name=\"twitter:data2\" content=\"2 minutos\" \/>\n<script type=\"application\/ld+json\" class=\"yoast-schema-graph\">{\"@context\":\"https:\/\/schema.org\",\"@graph\":[{\"@type\":\"Article\",\"@id\":\"https:\/\/noticiaempauta.com\/portal\/hugo-motta-tenta-ampliar-numero-de-deputados-na-camara-piaui-perderia-duas-vagas\/#article\",\"isPartOf\":{\"@id\":\"https:\/\/noticiaempauta.com\/portal\/hugo-motta-tenta-ampliar-numero-de-deputados-na-camara-piaui-perderia-duas-vagas\/\"},\"author\":{\"name\":\"Reda\u00e7\u00e3o\",\"@id\":\"https:\/\/noticiaempauta.com\/portal\/#\/schema\/person\/a74af43dd1ab3deca45f988c717d57ac\"},\"headline\":\"Hugo Motta tenta ampliar n\u00famero de deputados na C\u00e2mara; Piau\u00ed perderia duas vagas\",\"datePublished\":\"2025-02-11T12:32:50+00:00\",\"dateModified\":\"2025-02-11T12:32:52+00:00\",\"mainEntityOfPage\":{\"@id\":\"https:\/\/noticiaempauta.com\/portal\/hugo-motta-tenta-ampliar-numero-de-deputados-na-camara-piaui-perderia-duas-vagas\/\"},\"wordCount\":293,\"commentCount\":0,\"publisher\":{\"@id\":\"https:\/\/noticiaempauta.com\/portal\/#organization\"},\"image\":{\"@id\":\"https:\/\/noticiaempauta.com\/portal\/hugo-motta-tenta-ampliar-numero-de-deputados-na-camara-piaui-perderia-duas-vagas\/#primaryimage\"},\"thumbnailUrl\":\"https:\/\/noticiaempauta.com\/portal\/wp-content\/uploads\/2025\/02\/Hugo-Motta.jpg\",\"keywords\":[\"destaqueprincipal\"],\"articleSection\":[\"Destaques\",\"Geral\",\"Pol\u00edtica\",\"Todas as Not\u00edcias\"],\"inLanguage\":\"pt-BR\",\"potentialAction\":[{\"@type\":\"CommentAction\",\"name\":\"Comment\",\"target\":[\"https:\/\/noticiaempauta.com\/portal\/hugo-motta-tenta-ampliar-numero-de-deputados-na-camara-piaui-perderia-duas-vagas\/#respond\"]}]},{\"@type\":\"WebPage\",\"@id\":\"https:\/\/noticiaempauta.com\/portal\/hugo-motta-tenta-ampliar-numero-de-deputados-na-camara-piaui-perderia-duas-vagas\/\",\"url\":\"https:\/\/noticiaempauta.com\/portal\/hugo-motta-tenta-ampliar-numero-de-deputados-na-camara-piaui-perderia-duas-vagas\/\",\"name\":\"Hugo Motta tenta ampliar n\u00famero de deputados na C\u00e2mara; Piau\u00ed perderia duas vagas - Portal Not\u00edcia em Pauta\",\"isPartOf\":{\"@id\":\"https:\/\/noticiaempauta.com\/portal\/#website\"},\"primaryImageOfPage\":{\"@id\":\"https:\/\/noticiaempauta.com\/portal\/hugo-motta-tenta-ampliar-numero-de-deputados-na-camara-piaui-perderia-duas-vagas\/#primaryimage\"},\"image\":{\"@id\":\"https:\/\/noticiaempauta.com\/portal\/hugo-motta-tenta-ampliar-numero-de-deputados-na-camara-piaui-perderia-duas-vagas\/#primaryimage\"},\"thumbnailUrl\":\"https:\/\/noticiaempauta.com\/portal\/wp-content\/uploads\/2025\/02\/Hugo-Motta.jpg\",\"datePublished\":\"2025-02-11T12:32:50+00:00\",\"dateModified\":\"2025-02-11T12:32:52+00:00\",\"breadcrumb\":{\"@id\":\"https:\/\/noticiaempauta.com\/portal\/hugo-motta-tenta-ampliar-numero-de-deputados-na-camara-piaui-perderia-duas-vagas\/#breadcrumb\"},\"inLanguage\":\"pt-BR\",\"potentialAction\":[{\"@type\":\"ReadAction\",\"target\":[\"https:\/\/noticiaempauta.com\/portal\/hugo-motta-tenta-ampliar-numero-de-deputados-na-camara-piaui-perderia-duas-vagas\/\"]}]},{\"@type\":\"ImageObject\",\"inLanguage\":\"pt-BR\",\"@id\":\"https:\/\/noticiaempauta.com\/portal\/hugo-motta-tenta-ampliar-numero-de-deputados-na-camara-piaui-perderia-duas-vagas\/#primaryimage\",\"url\":\"https:\/\/noticiaempauta.com\/portal\/wp-content\/uploads\/2025\/02\/Hugo-Motta.jpg\",\"contentUrl\":\"https:\/\/noticiaempauta.com\/portal\/wp-content\/uploads\/2025\/02\/Hugo-Motta.jpg\",\"width\":1000,\"height\":617},{\"@type\":\"BreadcrumbList\",\"@id\":\"https:\/\/noticiaempauta.com\/portal\/hugo-motta-tenta-ampliar-numero-de-deputados-na-camara-piaui-perderia-duas-vagas\/#breadcrumb\",\"itemListElement\":[{\"@type\":\"ListItem\",\"position\":1,\"name\":\"P\u00e1gina Inicial\",\"item\":\"https:\/\/noticiaempauta.com\/portal\/\"},{\"@type\":\"ListItem\",\"position\":2,\"name\":\"Destaques\",\"item\":\"https:\/\/noticiaempauta.com\/portal\/destaques-site\/\"},{\"@type\":\"ListItem\",\"position\":3,\"name\":\"Hugo Motta tenta ampliar n\u00famero de deputados na C\u00e2mara; Piau\u00ed perderia duas vagas\"}]},{\"@type\":\"WebSite\",\"@id\":\"https:\/\/noticiaempauta.com\/portal\/#website\",\"url\":\"https:\/\/noticiaempauta.com\/portal\/\",\"name\":\"Portal Not\u00edcia em Pauta\",\"description\":\"Voc\u00ea bem informado\",\"publisher\":{\"@id\":\"https:\/\/noticiaempauta.com\/portal\/#organization\"},\"potentialAction\":[{\"@type\":\"SearchAction\",\"target\":{\"@type\":\"EntryPoint\",\"urlTemplate\":\"https:\/\/noticiaempauta.com\/portal\/?s={search_term_string}\"},\"query-input\":{\"@type\":\"PropertyValueSpecification\",\"valueRequired\":true,\"valueName\":\"search_term_string\"}}],\"inLanguage\":\"pt-BR\"},{\"@type\":\"Organization\",\"@id\":\"https:\/\/noticiaempauta.com\/portal\/#organization\",\"name\":\"Portal Not\u00edcia em Pauta\",\"url\":\"https:\/\/noticiaempauta.com\/portal\/\",\"logo\":{\"@type\":\"ImageObject\",\"inLanguage\":\"pt-BR\",\"@id\":\"https:\/\/noticiaempauta.com\/portal\/#\/schema\/logo\/image\/\",\"url\":\"https:\/\/noticiaempauta.com\/portal\/wp-content\/uploads\/2022\/08\/logomarca_tema.fw_.png\",\"contentUrl\":\"https:\/\/noticiaempauta.com\/portal\/wp-content\/uploads\/2022\/08\/logomarca_tema.fw_.png\",\"width\":400,\"height\":232,\"caption\":\"Portal Not\u00edcia em Pauta\"},\"image\":{\"@id\":\"https:\/\/noticiaempauta.com\/portal\/#\/schema\/logo\/image\/\"},\"sameAs\":[\"https:\/\/www.facebook.com\/Portal-Notcia-Em-Pauta-102292869264820\/\",\"https:\/\/www.instagram.com\/portalnoticiaempauta\/\"]},{\"@type\":\"Person\",\"@id\":\"https:\/\/noticiaempauta.com\/portal\/#\/schema\/person\/a74af43dd1ab3deca45f988c717d57ac\",\"name\":\"Reda\u00e7\u00e3o\",\"image\":{\"@type\":\"ImageObject\",\"inLanguage\":\"pt-BR\",\"@id\":\"https:\/\/noticiaempauta.com\/portal\/#\/schema\/person\/image\/\",\"url\":\"https:\/\/secure.gravatar.com\/avatar\/03179346ecce6cdfc13361603e8f54242a90e5cde8618fa23c5c00aa2b0aadf3?s=96&d=mm&r=g\",\"contentUrl\":\"https:\/\/secure.gravatar.com\/avatar\/03179346ecce6cdfc13361603e8f54242a90e5cde8618fa23c5c00aa2b0aadf3?s=96&d=mm&r=g\",\"caption\":\"Reda\u00e7\u00e3o\"},\"sameAs\":[\"https:\/\/noticiaempauta.com\/portal\/\"],\"url\":\"https:\/\/noticiaempauta.com\/portal\/author\/fernando\/\"}]}<\/script>\n<!-- \/ Yoast SEO Premium plugin. -->","yoast_head_json":{"title":"Hugo Motta tenta ampliar n\u00famero de deputados na C\u00e2mara; Piau\u00ed perderia duas vagas - Portal Not\u00edcia em Pauta","robots":{"index":"index","follow":"follow","max-snippet":"max-snippet:-1","max-image-preview":"max-image-preview:large","max-video-preview":"max-video-preview:-1"},"canonical":"https:\/\/noticiaempauta.com\/portal\/hugo-motta-tenta-ampliar-numero-de-deputados-na-camara-piaui-perderia-duas-vagas\/","og_locale":"pt_BR","og_type":"article","og_title":"Hugo Motta tenta ampliar n\u00famero de deputados na C\u00e2mara; Piau\u00ed perderia duas vagas","og_description":"O presidente da C\u00e2mara dos Deputados, Hugo Motta (Republicanos-PB), afirmou que pretende construir um acordo com Supremo Tribunal Federal (STF) para alterar o n\u00famero de deputados federais na C\u00e2mara. Pela sugest\u00e3o de Motta, a Casa passaria a ter mais 14 deputados federais, al\u00e9m dos atuais 513, totalizando 527. Entretanto, o STF decidiu que o n\u00famero [&hellip;]","og_url":"https:\/\/noticiaempauta.com\/portal\/hugo-motta-tenta-ampliar-numero-de-deputados-na-camara-piaui-perderia-duas-vagas\/","og_site_name":"Portal Not\u00edcia em Pauta","article_publisher":"https:\/\/www.facebook.com\/Portal-Notcia-Em-Pauta-102292869264820\/","article_published_time":"2025-02-11T12:32:50+00:00","article_modified_time":"2025-02-11T12:32:52+00:00","og_image":[{"width":1000,"height":617,"url":"https:\/\/noticiaempauta.com\/portal\/wp-content\/uploads\/2025\/02\/Hugo-Motta.jpg","type":"image\/jpeg"}],"author":"Reda\u00e7\u00e3o","twitter_card":"summary_large_image","twitter_misc":{"Escrito por":"Reda\u00e7\u00e3o","Est. tempo de leitura":"2 minutos"},"schema":{"@context":"https:\/\/schema.org","@graph":[{"@type":"Article","@id":"https:\/\/noticiaempauta.com\/portal\/hugo-motta-tenta-ampliar-numero-de-deputados-na-camara-piaui-perderia-duas-vagas\/#article","isPartOf":{"@id":"https:\/\/noticiaempauta.com\/portal\/hugo-motta-tenta-ampliar-numero-de-deputados-na-camara-piaui-perderia-duas-vagas\/"},"author":{"name":"Reda\u00e7\u00e3o","@id":"https:\/\/noticiaempauta.com\/portal\/#\/schema\/person\/a74af43dd1ab3deca45f988c717d57ac"},"headline":"Hugo Motta tenta ampliar n\u00famero de deputados na C\u00e2mara; Piau\u00ed perderia duas vagas","datePublished":"2025-02-11T12:32:50+00:00","dateModified":"2025-02-11T12:32:52+00:00","mainEntityOfPage":{"@id":"https:\/\/noticiaempauta.com\/portal\/hugo-motta-tenta-ampliar-numero-de-deputados-na-camara-piaui-perderia-duas-vagas\/"},"wordCount":293,"commentCount":0,"publisher":{"@id":"https:\/\/noticiaempauta.com\/portal\/#organization"},"image":{"@id":"https:\/\/noticiaempauta.com\/portal\/hugo-motta-tenta-ampliar-numero-de-deputados-na-camara-piaui-perderia-duas-vagas\/#primaryimage"},"thumbnailUrl":"https:\/\/noticiaempauta.com\/portal\/wp-content\/uploads\/2025\/02\/Hugo-Motta.jpg","keywords":["destaqueprincipal"],"articleSection":["Destaques","Geral","Pol\u00edtica","Todas as Not\u00edcias"],"inLanguage":"pt-BR","potentialAction":[{"@type":"CommentAction","name":"Comment","target":["https:\/\/noticiaempauta.com\/portal\/hugo-motta-tenta-ampliar-numero-de-deputados-na-camara-piaui-perderia-duas-vagas\/#respond"]}]},{"@type":"WebPage","@id":"https:\/\/noticiaempauta.com\/portal\/hugo-motta-tenta-ampliar-numero-de-deputados-na-camara-piaui-perderia-duas-vagas\/","url":"https:\/\/noticiaempauta.com\/portal\/hugo-motta-tenta-ampliar-numero-de-deputados-na-camara-piaui-perderia-duas-vagas\/","name":"Hugo Motta tenta ampliar n\u00famero de deputados na C\u00e2mara; Piau\u00ed perderia duas vagas - Portal Not\u00edcia em Pauta","isPartOf":{"@id":"https:\/\/noticiaempauta.com\/portal\/#website"},"primaryImageOfPage":{"@id":"https:\/\/noticiaempauta.com\/portal\/hugo-motta-tenta-ampliar-numero-de-deputados-na-camara-piaui-perderia-duas-vagas\/#primaryimage"},"image":{"@id":"https:\/\/noticiaempauta.com\/portal\/hugo-motta-tenta-ampliar-numero-de-deputados-na-camara-piaui-perderia-duas-vagas\/#primaryimage"},"thumbnailUrl":"https:\/\/noticiaempauta.com\/portal\/wp-content\/uploads\/2025\/02\/Hugo-Motta.jpg","datePublished":"2025-02-11T12:32:50+00:00","dateModified":"2025-02-11T12:32:52+00:00","breadcrumb":{"@id":"https:\/\/noticiaempauta.com\/portal\/hugo-motta-tenta-ampliar-numero-de-deputados-na-camara-piaui-perderia-duas-vagas\/#breadcrumb"},"inLanguage":"pt-BR","potentialAction":[{"@type":"ReadAction","target":["https:\/\/noticiaempauta.com\/portal\/hugo-motta-tenta-ampliar-numero-de-deputados-na-camara-piaui-perderia-duas-vagas\/"]}]},{"@type":"ImageObject","inLanguage":"pt-BR","@id":"https:\/\/noticiaempauta.com\/portal\/hugo-motta-tenta-ampliar-numero-de-deputados-na-camara-piaui-perderia-duas-vagas\/#primaryimage","url":"https:\/\/noticiaempauta.com\/portal\/wp-content\/uploads\/2025\/02\/Hugo-Motta.jpg","contentUrl":"https:\/\/noticiaempauta.com\/portal\/wp-content\/uploads\/2025\/02\/Hugo-Motta.jpg","width":1000,"height":617},{"@type":"BreadcrumbList","@id":"https:\/\/noticiaempauta.com\/portal\/hugo-motta-tenta-ampliar-numero-de-deputados-na-camara-piaui-perderia-duas-vagas\/#breadcrumb","itemListElement":[{"@type":"ListItem","position":1,"name":"P\u00e1gina Inicial","item":"https:\/\/noticiaempauta.com\/portal\/"},{"@type":"ListItem","position":2,"name":"Destaques","item":"https:\/\/noticiaempauta.com\/portal\/destaques-site\/"},{"@type":"ListItem","position":3,"name":"Hugo Motta tenta ampliar n\u00famero de deputados na C\u00e2mara; Piau\u00ed perderia duas vagas"}]},{"@type":"WebSite","@id":"https:\/\/noticiaempauta.com\/portal\/#website","url":"https:\/\/noticiaempauta.com\/portal\/","name":"Portal Not\u00edcia em Pauta","description":"Voc\u00ea bem informado","publisher":{"@id":"https:\/\/noticiaempauta.com\/portal\/#organization"},"potentialAction":[{"@type":"SearchAction","target":{"@type":"EntryPoint","urlTemplate":"https:\/\/noticiaempauta.com\/portal\/?s={search_term_string}"},"query-input":{"@type":"PropertyValueSpecification","valueRequired":true,"valueName":"search_term_string"}}],"inLanguage":"pt-BR"},{"@type":"Organization","@id":"https:\/\/noticiaempauta.com\/portal\/#organization","name":"Portal Not\u00edcia em Pauta","url":"https:\/\/noticiaempauta.com\/portal\/","logo":{"@type":"ImageObject","inLanguage":"pt-BR","@id":"https:\/\/noticiaempauta.com\/portal\/#\/schema\/logo\/image\/","url":"https:\/\/noticiaempauta.com\/portal\/wp-content\/uploads\/2022\/08\/logomarca_tema.fw_.png","contentUrl":"https:\/\/noticiaempauta.com\/portal\/wp-content\/uploads\/2022\/08\/logomarca_tema.fw_.png","width":400,"height":232,"caption":"Portal Not\u00edcia em Pauta"},"image":{"@id":"https:\/\/noticiaempauta.com\/portal\/#\/schema\/logo\/image\/"},"sameAs":["https:\/\/www.facebook.com\/Portal-Notcia-Em-Pauta-102292869264820\/","https:\/\/www.instagram.com\/portalnoticiaempauta\/"]},{"@type":"Person","@id":"https:\/\/noticiaempauta.com\/portal\/#\/schema\/person\/a74af43dd1ab3deca45f988c717d57ac","name":"Reda\u00e7\u00e3o","image":{"@type":"ImageObject","inLanguage":"pt-BR","@id":"https:\/\/noticiaempauta.com\/portal\/#\/schema\/person\/image\/","url":"https:\/\/secure.gravatar.com\/avatar\/03179346ecce6cdfc13361603e8f54242a90e5cde8618fa23c5c00aa2b0aadf3?s=96&d=mm&r=g","contentUrl":"https:\/\/secure.gravatar.com\/avatar\/03179346ecce6cdfc13361603e8f54242a90e5cde8618fa23c5c00aa2b0aadf3?s=96&d=mm&r=g","caption":"Reda\u00e7\u00e3o"},"sameAs":["https:\/\/noticiaempauta.com\/portal\/"],"url":"https:\/\/noticiaempauta.com\/portal\/author\/fernando\/"}]}},"_links":{"self":[{"href":"https:\/\/noticiaempauta.com\/portal\/wp-json\/wp\/v2\/posts\/267558","targetHints":{"allow":["GET"]}}],"collection":[{"href":"https:\/\/noticiaempauta.com\/portal\/wp-json\/wp\/v2\/posts"}],"about":[{"href":"https:\/\/noticiaempauta.com\/portal\/wp-json\/wp\/v2\/types\/post"}],"author":[{"embeddable":true,"href":"https:\/\/noticiaempauta.com\/portal\/wp-json\/wp\/v2\/users\/2"}],"replies":[{"embeddable":true,"href":"https:\/\/noticiaempauta.com\/portal\/wp-json\/wp\/v2\/comments?post=267558"}],"version-history":[{"count":2,"href":"https:\/\/noticiaempauta.com\/portal\/wp-json\/wp\/v2\/posts\/267558\/revisions"}],"predecessor-version":[{"id":267561,"href":"https:\/\/noticiaempauta.com\/portal\/wp-json\/wp\/v2\/posts\/267558\/revisions\/267561"}],"wp:featuredmedia":[{"embeddable":true,"href":"https:\/\/noticiaempauta.com\/portal\/wp-json\/wp\/v2\/media\/267559"}],"wp:attachment":[{"href":"https:\/\/noticiaempauta.com\/portal\/wp-json\/wp\/v2\/media?parent=267558"}],"wp:term":[{"taxonomy":"category","embeddable":true,"href":"https:\/\/noticiaempauta.com\/portal\/wp-json\/wp\/v2\/categories?post=267558"},{"taxonomy":"post_tag","embeddable":true,"href":"https:\/\/noticiaempauta.com\/portal\/wp-json\/wp\/v2\/tags?post=267558"}],"curies":[{"name":"wp","href":"https:\/\/api.w.org\/{rel}","templated":true}]}}