{"id":267562,"date":"2025-02-11T15:08:22","date_gmt":"2025-02-11T18:08:22","guid":{"rendered":"https:\/\/noticiaempauta.com\/portal\/?p=267562"},"modified":"2025-02-11T15:08:24","modified_gmt":"2025-02-11T18:08:24","slug":"secretaria-de-servicos-publicos-de-picos-inicia-mutirao-de-limpeza-no-bairro-pantanal","status":"publish","type":"post","link":"https:\/\/noticiaempauta.com\/portal\/secretaria-de-servicos-publicos-de-picos-inicia-mutirao-de-limpeza-no-bairro-pantanal\/","title":{"rendered":"Secretaria de Servi\u00e7os P\u00fablicos de Picos inicia mutir\u00e3o de limpeza no bairro Pantanal"},"content":{"rendered":"\n<p>A Secretaria de Servi\u00e7os P\u00fablicos de Picos continua realizando a\u00e7\u00f5es de limpeza p\u00fablica em todos os bairros da cidade. Nesta ter\u00e7a-feira (11), as a\u00e7\u00f5es foram iniciadas no bairro Pantanal, consistindo inicialmente na capina e remo\u00e7\u00e3o de entulhos das ruas.<\/p>\n\n\n\n<figure class=\"wp-block-image size-large\"><img fetchpriority=\"high\" decoding=\"async\" width=\"1024\" height=\"683\" src=\"https:\/\/noticiaempauta.com\/portal\/wp-content\/uploads\/2025\/02\/FA-IMG-e87c69923f3c64379e84-1024x683.jpg\" alt=\"\" class=\"wp-image-267564\" srcset=\"https:\/\/noticiaempauta.com\/portal\/wp-content\/uploads\/2025\/02\/FA-IMG-e87c69923f3c64379e84-1024x683.jpg 1024w, https:\/\/noticiaempauta.com\/portal\/wp-content\/uploads\/2025\/02\/FA-IMG-e87c69923f3c64379e84-300x200.jpg 300w, https:\/\/noticiaempauta.com\/portal\/wp-content\/uploads\/2025\/02\/FA-IMG-e87c69923f3c64379e84-768x512.jpg 768w, https:\/\/noticiaempauta.com\/portal\/wp-content\/uploads\/2025\/02\/FA-IMG-e87c69923f3c64379e84-1536x1024.jpg 1536w, https:\/\/noticiaempauta.com\/portal\/wp-content\/uploads\/2025\/02\/FA-IMG-e87c69923f3c64379e84.jpg 1600w\" sizes=\"(max-width: 1024px) 100vw, 1024px\" \/><\/figure>\n\n\n\n<p>O secret\u00e1rio de Servi\u00e7os P\u00fablicos, Paulo S\u00e9rgio, afirma que al\u00e9m do Pantanal os servi\u00e7os de limpeza est\u00e3o acontecendo tamb\u00e9m no bairro Bomba, imedia\u00e7\u00f5es do Hospital Regional e Ipueiras. \u201cEstamos realizando os servi\u00e7os de capina, coleta do lixo que fica nas ruas, varri\u00e7\u00f5es e sem esquecer dos servi\u00e7os cont\u00ednuos de coleta de lixo dom\u00e9stico\u201d, destaca.<\/p>\n\n\n\n<figure class=\"wp-block-image size-full\"><img decoding=\"async\" width=\"800\" height=\"534\" src=\"https:\/\/noticiaempauta.com\/portal\/wp-content\/uploads\/2025\/02\/WhatsApp-Image-2025-02-11-at-10.07.55.jpeg\" alt=\"\" class=\"wp-image-267565\" srcset=\"https:\/\/noticiaempauta.com\/portal\/wp-content\/uploads\/2025\/02\/WhatsApp-Image-2025-02-11-at-10.07.55.jpeg 800w, https:\/\/noticiaempauta.com\/portal\/wp-content\/uploads\/2025\/02\/WhatsApp-Image-2025-02-11-at-10.07.55-300x200.jpeg 300w, https:\/\/noticiaempauta.com\/portal\/wp-content\/uploads\/2025\/02\/WhatsApp-Image-2025-02-11-at-10.07.55-768x513.jpeg 768w\" sizes=\"(max-width: 800px) 100vw, 800px\" \/><\/figure>\n\n\n\n<p>Paulo S\u00e9rgio pede um pouco de paci\u00eancia \u00e0 popula\u00e7\u00e3o ao tempo que tranquiliza, afirmando que todos os bairros de Picos ser\u00e3o contemplados com os servi\u00e7os de limpeza p\u00fablica. \u201cCome\u00e7amos pelo Centro, passamos pela Boa Vista, Boa Sorte e Passagem das Pedras e agora estamos na outra ponta da cidade, com o Pantanal, e vamos fazendo outros bairros em dire\u00e7\u00e3o ao Centro\u201d, conclui.<\/p>\n\n\n\n<figure class=\"wp-block-image size-full\"><img decoding=\"async\" width=\"768\" height=\"512\" src=\"https:\/\/noticiaempauta.com\/portal\/wp-content\/uploads\/2025\/02\/4260c618-0c95-47ef-8d74-6b467aec8ac0-768x512-1.jpeg\" alt=\"\" class=\"wp-image-267563\" srcset=\"https:\/\/noticiaempauta.com\/portal\/wp-content\/uploads\/2025\/02\/4260c618-0c95-47ef-8d74-6b467aec8ac0-768x512-1.jpeg 768w, https:\/\/noticiaempauta.com\/portal\/wp-content\/uploads\/2025\/02\/4260c618-0c95-47ef-8d74-6b467aec8ac0-768x512-1-300x200.jpeg 300w\" sizes=\"(max-width: 768px) 100vw, 768px\" \/><\/figure>\n\n\n\n<figure class=\"wp-block-image size-full\"><img loading=\"lazy\" decoding=\"async\" width=\"800\" height=\"534\" src=\"https:\/\/noticiaempauta.com\/portal\/wp-content\/uploads\/2025\/02\/WhatsApp-Image-2025-02-11-at-10.07.13.jpeg\" alt=\"\" class=\"wp-image-267566\" srcset=\"https:\/\/noticiaempauta.com\/portal\/wp-content\/uploads\/2025\/02\/WhatsApp-Image-2025-02-11-at-10.07.13.jpeg 800w, https:\/\/noticiaempauta.com\/portal\/wp-content\/uploads\/2025\/02\/WhatsApp-Image-2025-02-11-at-10.07.13-300x200.jpeg 300w, https:\/\/noticiaempauta.com\/portal\/wp-content\/uploads\/2025\/02\/WhatsApp-Image-2025-02-11-at-10.07.13-768x513.jpeg 768w\" sizes=\"(max-width: 800px) 100vw, 800px\" \/><\/figure>\n\n\n\n<p>CCOM<\/p>\n","protected":false},"excerpt":{"rendered":"<p>A Secretaria de Servi\u00e7os P\u00fablicos de Picos continua realizando a\u00e7\u00f5es de limpeza p\u00fablica em todos os bairros da cidade. Nesta ter\u00e7a-feira (11), as a\u00e7\u00f5es foram iniciadas no bairro Pantanal, consistindo inicialmente na capina e remo\u00e7\u00e3o de entulhos das ruas. O secret\u00e1rio de Servi\u00e7os P\u00fablicos, Paulo S\u00e9rgio, afirma que al\u00e9m do Pantanal os servi\u00e7os de limpeza [&hellip;]<\/p>\n","protected":false},"author":2,"featured_media":267563,"comment_status":"open","ping_status":"open","sticky":false,"template":"","format":"standard","meta":{"_mi_skip_tracking":false,"footnotes":""},"categories":[25,1,16],"tags":[],"class_list":["post-267562","post","type-post","status-publish","format-standard","has-post-thumbnail","hentry","category-destaques-site","category-geral","category-todas"],"acf":[],"yoast_head":"<!-- This site is optimized with the Yoast SEO Premium plugin v19.2 (Yoast SEO v26.9) - https:\/\/yoast.com\/product\/yoast-seo-premium-wordpress\/ -->\n<title>Secretaria de Servi\u00e7os P\u00fablicos de Picos inicia mutir\u00e3o de limpeza no bairro Pantanal - Portal Not\u00edcia em Pauta<\/title>\n<meta name=\"robots\" content=\"index, follow, max-snippet:-1, max-image-preview:large, max-video-preview:-1\" \/>\n<link rel=\"canonical\" href=\"https:\/\/noticiaempauta.com\/portal\/secretaria-de-servicos-publicos-de-picos-inicia-mutirao-de-limpeza-no-bairro-pantanal\/\" \/>\n<meta property=\"og:locale\" content=\"pt_BR\" \/>\n<meta property=\"og:type\" content=\"article\" \/>\n<meta property=\"og:title\" content=\"Secretaria de Servi\u00e7os P\u00fablicos de Picos inicia mutir\u00e3o de limpeza no bairro Pantanal\" \/>\n<meta property=\"og:description\" content=\"A Secretaria de Servi\u00e7os P\u00fablicos de Picos continua realizando a\u00e7\u00f5es de limpeza p\u00fablica em todos os bairros da cidade. Nesta ter\u00e7a-feira (11), as a\u00e7\u00f5es foram iniciadas no bairro Pantanal, consistindo inicialmente na capina e remo\u00e7\u00e3o de entulhos das ruas. O secret\u00e1rio de Servi\u00e7os P\u00fablicos, Paulo S\u00e9rgio, afirma que al\u00e9m do Pantanal os servi\u00e7os de limpeza [&hellip;]\" \/>\n<meta property=\"og:url\" content=\"https:\/\/noticiaempauta.com\/portal\/secretaria-de-servicos-publicos-de-picos-inicia-mutirao-de-limpeza-no-bairro-pantanal\/\" \/>\n<meta property=\"og:site_name\" content=\"Portal Not\u00edcia em Pauta\" \/>\n<meta property=\"article:publisher\" content=\"https:\/\/www.facebook.com\/Portal-Notcia-Em-Pauta-102292869264820\/\" \/>\n<meta property=\"article:published_time\" content=\"2025-02-11T18:08:22+00:00\" \/>\n<meta property=\"article:modified_time\" content=\"2025-02-11T18:08:24+00:00\" \/>\n<meta property=\"og:image\" content=\"https:\/\/noticiaempauta.com\/portal\/wp-content\/uploads\/2025\/02\/4260c618-0c95-47ef-8d74-6b467aec8ac0-768x512-1.jpeg\" \/>\n\t<meta property=\"og:image:width\" content=\"768\" \/>\n\t<meta property=\"og:image:height\" content=\"512\" \/>\n\t<meta property=\"og:image:type\" content=\"image\/jpeg\" \/>\n<meta name=\"author\" content=\"Reda\u00e7\u00e3o\" \/>\n<meta name=\"twitter:card\" content=\"summary_large_image\" \/>\n<meta name=\"twitter:label1\" content=\"Escrito por\" \/>\n\t<meta name=\"twitter:data1\" content=\"Reda\u00e7\u00e3o\" \/>\n\t<meta name=\"twitter:label2\" content=\"Est. tempo de leitura\" \/>\n\t<meta name=\"twitter:data2\" content=\"2 minutos\" \/>\n<script type=\"application\/ld+json\" class=\"yoast-schema-graph\">{\"@context\":\"https:\/\/schema.org\",\"@graph\":[{\"@type\":\"Article\",\"@id\":\"https:\/\/noticiaempauta.com\/portal\/secretaria-de-servicos-publicos-de-picos-inicia-mutirao-de-limpeza-no-bairro-pantanal\/#article\",\"isPartOf\":{\"@id\":\"https:\/\/noticiaempauta.com\/portal\/secretaria-de-servicos-publicos-de-picos-inicia-mutirao-de-limpeza-no-bairro-pantanal\/\"},\"author\":{\"name\":\"Reda\u00e7\u00e3o\",\"@id\":\"https:\/\/noticiaempauta.com\/portal\/#\/schema\/person\/a74af43dd1ab3deca45f988c717d57ac\"},\"headline\":\"Secretaria de Servi\u00e7os P\u00fablicos de Picos inicia mutir\u00e3o de limpeza no bairro Pantanal\",\"datePublished\":\"2025-02-11T18:08:22+00:00\",\"dateModified\":\"2025-02-11T18:08:24+00:00\",\"mainEntityOfPage\":{\"@id\":\"https:\/\/noticiaempauta.com\/portal\/secretaria-de-servicos-publicos-de-picos-inicia-mutirao-de-limpeza-no-bairro-pantanal\/\"},\"wordCount\":199,\"commentCount\":0,\"publisher\":{\"@id\":\"https:\/\/noticiaempauta.com\/portal\/#organization\"},\"image\":{\"@id\":\"https:\/\/noticiaempauta.com\/portal\/secretaria-de-servicos-publicos-de-picos-inicia-mutirao-de-limpeza-no-bairro-pantanal\/#primaryimage\"},\"thumbnailUrl\":\"https:\/\/noticiaempauta.com\/portal\/wp-content\/uploads\/2025\/02\/4260c618-0c95-47ef-8d74-6b467aec8ac0-768x512-1.jpeg\",\"articleSection\":[\"Destaques\",\"Geral\",\"Todas as Not\u00edcias\"],\"inLanguage\":\"pt-BR\",\"potentialAction\":[{\"@type\":\"CommentAction\",\"name\":\"Comment\",\"target\":[\"https:\/\/noticiaempauta.com\/portal\/secretaria-de-servicos-publicos-de-picos-inicia-mutirao-de-limpeza-no-bairro-pantanal\/#respond\"]}]},{\"@type\":\"WebPage\",\"@id\":\"https:\/\/noticiaempauta.com\/portal\/secretaria-de-servicos-publicos-de-picos-inicia-mutirao-de-limpeza-no-bairro-pantanal\/\",\"url\":\"https:\/\/noticiaempauta.com\/portal\/secretaria-de-servicos-publicos-de-picos-inicia-mutirao-de-limpeza-no-bairro-pantanal\/\",\"name\":\"Secretaria de Servi\u00e7os P\u00fablicos de Picos inicia mutir\u00e3o de limpeza no bairro Pantanal - Portal Not\u00edcia em Pauta\",\"isPartOf\":{\"@id\":\"https:\/\/noticiaempauta.com\/portal\/#website\"},\"primaryImageOfPage\":{\"@id\":\"https:\/\/noticiaempauta.com\/portal\/secretaria-de-servicos-publicos-de-picos-inicia-mutirao-de-limpeza-no-bairro-pantanal\/#primaryimage\"},\"image\":{\"@id\":\"https:\/\/noticiaempauta.com\/portal\/secretaria-de-servicos-publicos-de-picos-inicia-mutirao-de-limpeza-no-bairro-pantanal\/#primaryimage\"},\"thumbnailUrl\":\"https:\/\/noticiaempauta.com\/portal\/wp-content\/uploads\/2025\/02\/4260c618-0c95-47ef-8d74-6b467aec8ac0-768x512-1.jpeg\",\"datePublished\":\"2025-02-11T18:08:22+00:00\",\"dateModified\":\"2025-02-11T18:08:24+00:00\",\"breadcrumb\":{\"@id\":\"https:\/\/noticiaempauta.com\/portal\/secretaria-de-servicos-publicos-de-picos-inicia-mutirao-de-limpeza-no-bairro-pantanal\/#breadcrumb\"},\"inLanguage\":\"pt-BR\",\"potentialAction\":[{\"@type\":\"ReadAction\",\"target\":[\"https:\/\/noticiaempauta.com\/portal\/secretaria-de-servicos-publicos-de-picos-inicia-mutirao-de-limpeza-no-bairro-pantanal\/\"]}]},{\"@type\":\"ImageObject\",\"inLanguage\":\"pt-BR\",\"@id\":\"https:\/\/noticiaempauta.com\/portal\/secretaria-de-servicos-publicos-de-picos-inicia-mutirao-de-limpeza-no-bairro-pantanal\/#primaryimage\",\"url\":\"https:\/\/noticiaempauta.com\/portal\/wp-content\/uploads\/2025\/02\/4260c618-0c95-47ef-8d74-6b467aec8ac0-768x512-1.jpeg\",\"contentUrl\":\"https:\/\/noticiaempauta.com\/portal\/wp-content\/uploads\/2025\/02\/4260c618-0c95-47ef-8d74-6b467aec8ac0-768x512-1.jpeg\",\"width\":768,\"height\":512},{\"@type\":\"BreadcrumbList\",\"@id\":\"https:\/\/noticiaempauta.com\/portal\/secretaria-de-servicos-publicos-de-picos-inicia-mutirao-de-limpeza-no-bairro-pantanal\/#breadcrumb\",\"itemListElement\":[{\"@type\":\"ListItem\",\"position\":1,\"name\":\"P\u00e1gina Inicial\",\"item\":\"https:\/\/noticiaempauta.com\/portal\/\"},{\"@type\":\"ListItem\",\"position\":2,\"name\":\"Destaques\",\"item\":\"https:\/\/noticiaempauta.com\/portal\/destaques-site\/\"},{\"@type\":\"ListItem\",\"position\":3,\"name\":\"Secretaria de Servi\u00e7os P\u00fablicos de Picos inicia mutir\u00e3o de limpeza no bairro Pantanal\"}]},{\"@type\":\"WebSite\",\"@id\":\"https:\/\/noticiaempauta.com\/portal\/#website\",\"url\":\"https:\/\/noticiaempauta.com\/portal\/\",\"name\":\"Portal Not\u00edcia em Pauta\",\"description\":\"Voc\u00ea bem informado\",\"publisher\":{\"@id\":\"https:\/\/noticiaempauta.com\/portal\/#organization\"},\"potentialAction\":[{\"@type\":\"SearchAction\",\"target\":{\"@type\":\"EntryPoint\",\"urlTemplate\":\"https:\/\/noticiaempauta.com\/portal\/?s={search_term_string}\"},\"query-input\":{\"@type\":\"PropertyValueSpecification\",\"valueRequired\":true,\"valueName\":\"search_term_string\"}}],\"inLanguage\":\"pt-BR\"},{\"@type\":\"Organization\",\"@id\":\"https:\/\/noticiaempauta.com\/portal\/#organization\",\"name\":\"Portal Not\u00edcia em Pauta\",\"url\":\"https:\/\/noticiaempauta.com\/portal\/\",\"logo\":{\"@type\":\"ImageObject\",\"inLanguage\":\"pt-BR\",\"@id\":\"https:\/\/noticiaempauta.com\/portal\/#\/schema\/logo\/image\/\",\"url\":\"https:\/\/noticiaempauta.com\/portal\/wp-content\/uploads\/2022\/08\/logomarca_tema.fw_.png\",\"contentUrl\":\"https:\/\/noticiaempauta.com\/portal\/wp-content\/uploads\/2022\/08\/logomarca_tema.fw_.png\",\"width\":400,\"height\":232,\"caption\":\"Portal Not\u00edcia em Pauta\"},\"image\":{\"@id\":\"https:\/\/noticiaempauta.com\/portal\/#\/schema\/logo\/image\/\"},\"sameAs\":[\"https:\/\/www.facebook.com\/Portal-Notcia-Em-Pauta-102292869264820\/\",\"https:\/\/www.instagram.com\/portalnoticiaempauta\/\"]},{\"@type\":\"Person\",\"@id\":\"https:\/\/noticiaempauta.com\/portal\/#\/schema\/person\/a74af43dd1ab3deca45f988c717d57ac\",\"name\":\"Reda\u00e7\u00e3o\",\"image\":{\"@type\":\"ImageObject\",\"inLanguage\":\"pt-BR\",\"@id\":\"https:\/\/noticiaempauta.com\/portal\/#\/schema\/person\/image\/\",\"url\":\"https:\/\/secure.gravatar.com\/avatar\/03179346ecce6cdfc13361603e8f54242a90e5cde8618fa23c5c00aa2b0aadf3?s=96&d=mm&r=g\",\"contentUrl\":\"https:\/\/secure.gravatar.com\/avatar\/03179346ecce6cdfc13361603e8f54242a90e5cde8618fa23c5c00aa2b0aadf3?s=96&d=mm&r=g\",\"caption\":\"Reda\u00e7\u00e3o\"},\"sameAs\":[\"https:\/\/noticiaempauta.com\/portal\/\"],\"url\":\"https:\/\/noticiaempauta.com\/portal\/author\/fernando\/\"}]}<\/script>\n<!-- \/ Yoast SEO Premium plugin. -->","yoast_head_json":{"title":"Secretaria de Servi\u00e7os P\u00fablicos de Picos inicia mutir\u00e3o de limpeza no bairro Pantanal - Portal Not\u00edcia em Pauta","robots":{"index":"index","follow":"follow","max-snippet":"max-snippet:-1","max-image-preview":"max-image-preview:large","max-video-preview":"max-video-preview:-1"},"canonical":"https:\/\/noticiaempauta.com\/portal\/secretaria-de-servicos-publicos-de-picos-inicia-mutirao-de-limpeza-no-bairro-pantanal\/","og_locale":"pt_BR","og_type":"article","og_title":"Secretaria de Servi\u00e7os P\u00fablicos de Picos inicia mutir\u00e3o de limpeza no bairro Pantanal","og_description":"A Secretaria de Servi\u00e7os P\u00fablicos de Picos continua realizando a\u00e7\u00f5es de limpeza p\u00fablica em todos os bairros da cidade. Nesta ter\u00e7a-feira (11), as a\u00e7\u00f5es foram iniciadas no bairro Pantanal, consistindo inicialmente na capina e remo\u00e7\u00e3o de entulhos das ruas. O secret\u00e1rio de Servi\u00e7os P\u00fablicos, Paulo S\u00e9rgio, afirma que al\u00e9m do Pantanal os servi\u00e7os de limpeza [&hellip;]","og_url":"https:\/\/noticiaempauta.com\/portal\/secretaria-de-servicos-publicos-de-picos-inicia-mutirao-de-limpeza-no-bairro-pantanal\/","og_site_name":"Portal Not\u00edcia em Pauta","article_publisher":"https:\/\/www.facebook.com\/Portal-Notcia-Em-Pauta-102292869264820\/","article_published_time":"2025-02-11T18:08:22+00:00","article_modified_time":"2025-02-11T18:08:24+00:00","og_image":[{"width":768,"height":512,"url":"https:\/\/noticiaempauta.com\/portal\/wp-content\/uploads\/2025\/02\/4260c618-0c95-47ef-8d74-6b467aec8ac0-768x512-1.jpeg","type":"image\/jpeg"}],"author":"Reda\u00e7\u00e3o","twitter_card":"summary_large_image","twitter_misc":{"Escrito por":"Reda\u00e7\u00e3o","Est. tempo de leitura":"2 minutos"},"schema":{"@context":"https:\/\/schema.org","@graph":[{"@type":"Article","@id":"https:\/\/noticiaempauta.com\/portal\/secretaria-de-servicos-publicos-de-picos-inicia-mutirao-de-limpeza-no-bairro-pantanal\/#article","isPartOf":{"@id":"https:\/\/noticiaempauta.com\/portal\/secretaria-de-servicos-publicos-de-picos-inicia-mutirao-de-limpeza-no-bairro-pantanal\/"},"author":{"name":"Reda\u00e7\u00e3o","@id":"https:\/\/noticiaempauta.com\/portal\/#\/schema\/person\/a74af43dd1ab3deca45f988c717d57ac"},"headline":"Secretaria de Servi\u00e7os P\u00fablicos de Picos inicia mutir\u00e3o de limpeza no bairro Pantanal","datePublished":"2025-02-11T18:08:22+00:00","dateModified":"2025-02-11T18:08:24+00:00","mainEntityOfPage":{"@id":"https:\/\/noticiaempauta.com\/portal\/secretaria-de-servicos-publicos-de-picos-inicia-mutirao-de-limpeza-no-bairro-pantanal\/"},"wordCount":199,"commentCount":0,"publisher":{"@id":"https:\/\/noticiaempauta.com\/portal\/#organization"},"image":{"@id":"https:\/\/noticiaempauta.com\/portal\/secretaria-de-servicos-publicos-de-picos-inicia-mutirao-de-limpeza-no-bairro-pantanal\/#primaryimage"},"thumbnailUrl":"https:\/\/noticiaempauta.com\/portal\/wp-content\/uploads\/2025\/02\/4260c618-0c95-47ef-8d74-6b467aec8ac0-768x512-1.jpeg","articleSection":["Destaques","Geral","Todas as Not\u00edcias"],"inLanguage":"pt-BR","potentialAction":[{"@type":"CommentAction","name":"Comment","target":["https:\/\/noticiaempauta.com\/portal\/secretaria-de-servicos-publicos-de-picos-inicia-mutirao-de-limpeza-no-bairro-pantanal\/#respond"]}]},{"@type":"WebPage","@id":"https:\/\/noticiaempauta.com\/portal\/secretaria-de-servicos-publicos-de-picos-inicia-mutirao-de-limpeza-no-bairro-pantanal\/","url":"https:\/\/noticiaempauta.com\/portal\/secretaria-de-servicos-publicos-de-picos-inicia-mutirao-de-limpeza-no-bairro-pantanal\/","name":"Secretaria de Servi\u00e7os P\u00fablicos de Picos inicia mutir\u00e3o de limpeza no bairro Pantanal - Portal Not\u00edcia em Pauta","isPartOf":{"@id":"https:\/\/noticiaempauta.com\/portal\/#website"},"primaryImageOfPage":{"@id":"https:\/\/noticiaempauta.com\/portal\/secretaria-de-servicos-publicos-de-picos-inicia-mutirao-de-limpeza-no-bairro-pantanal\/#primaryimage"},"image":{"@id":"https:\/\/noticiaempauta.com\/portal\/secretaria-de-servicos-publicos-de-picos-inicia-mutirao-de-limpeza-no-bairro-pantanal\/#primaryimage"},"thumbnailUrl":"https:\/\/noticiaempauta.com\/portal\/wp-content\/uploads\/2025\/02\/4260c618-0c95-47ef-8d74-6b467aec8ac0-768x512-1.jpeg","datePublished":"2025-02-11T18:08:22+00:00","dateModified":"2025-02-11T18:08:24+00:00","breadcrumb":{"@id":"https:\/\/noticiaempauta.com\/portal\/secretaria-de-servicos-publicos-de-picos-inicia-mutirao-de-limpeza-no-bairro-pantanal\/#breadcrumb"},"inLanguage":"pt-BR","potentialAction":[{"@type":"ReadAction","target":["https:\/\/noticiaempauta.com\/portal\/secretaria-de-servicos-publicos-de-picos-inicia-mutirao-de-limpeza-no-bairro-pantanal\/"]}]},{"@type":"ImageObject","inLanguage":"pt-BR","@id":"https:\/\/noticiaempauta.com\/portal\/secretaria-de-servicos-publicos-de-picos-inicia-mutirao-de-limpeza-no-bairro-pantanal\/#primaryimage","url":"https:\/\/noticiaempauta.com\/portal\/wp-content\/uploads\/2025\/02\/4260c618-0c95-47ef-8d74-6b467aec8ac0-768x512-1.jpeg","contentUrl":"https:\/\/noticiaempauta.com\/portal\/wp-content\/uploads\/2025\/02\/4260c618-0c95-47ef-8d74-6b467aec8ac0-768x512-1.jpeg","width":768,"height":512},{"@type":"BreadcrumbList","@id":"https:\/\/noticiaempauta.com\/portal\/secretaria-de-servicos-publicos-de-picos-inicia-mutirao-de-limpeza-no-bairro-pantanal\/#breadcrumb","itemListElement":[{"@type":"ListItem","position":1,"name":"P\u00e1gina Inicial","item":"https:\/\/noticiaempauta.com\/portal\/"},{"@type":"ListItem","position":2,"name":"Destaques","item":"https:\/\/noticiaempauta.com\/portal\/destaques-site\/"},{"@type":"ListItem","position":3,"name":"Secretaria de Servi\u00e7os P\u00fablicos de Picos inicia mutir\u00e3o de limpeza no bairro Pantanal"}]},{"@type":"WebSite","@id":"https:\/\/noticiaempauta.com\/portal\/#website","url":"https:\/\/noticiaempauta.com\/portal\/","name":"Portal Not\u00edcia em Pauta","description":"Voc\u00ea bem informado","publisher":{"@id":"https:\/\/noticiaempauta.com\/portal\/#organization"},"potentialAction":[{"@type":"SearchAction","target":{"@type":"EntryPoint","urlTemplate":"https:\/\/noticiaempauta.com\/portal\/?s={search_term_string}"},"query-input":{"@type":"PropertyValueSpecification","valueRequired":true,"valueName":"search_term_string"}}],"inLanguage":"pt-BR"},{"@type":"Organization","@id":"https:\/\/noticiaempauta.com\/portal\/#organization","name":"Portal Not\u00edcia em Pauta","url":"https:\/\/noticiaempauta.com\/portal\/","logo":{"@type":"ImageObject","inLanguage":"pt-BR","@id":"https:\/\/noticiaempauta.com\/portal\/#\/schema\/logo\/image\/","url":"https:\/\/noticiaempauta.com\/portal\/wp-content\/uploads\/2022\/08\/logomarca_tema.fw_.png","contentUrl":"https:\/\/noticiaempauta.com\/portal\/wp-content\/uploads\/2022\/08\/logomarca_tema.fw_.png","width":400,"height":232,"caption":"Portal Not\u00edcia em Pauta"},"image":{"@id":"https:\/\/noticiaempauta.com\/portal\/#\/schema\/logo\/image\/"},"sameAs":["https:\/\/www.facebook.com\/Portal-Notcia-Em-Pauta-102292869264820\/","https:\/\/www.instagram.com\/portalnoticiaempauta\/"]},{"@type":"Person","@id":"https:\/\/noticiaempauta.com\/portal\/#\/schema\/person\/a74af43dd1ab3deca45f988c717d57ac","name":"Reda\u00e7\u00e3o","image":{"@type":"ImageObject","inLanguage":"pt-BR","@id":"https:\/\/noticiaempauta.com\/portal\/#\/schema\/person\/image\/","url":"https:\/\/secure.gravatar.com\/avatar\/03179346ecce6cdfc13361603e8f54242a90e5cde8618fa23c5c00aa2b0aadf3?s=96&d=mm&r=g","contentUrl":"https:\/\/secure.gravatar.com\/avatar\/03179346ecce6cdfc13361603e8f54242a90e5cde8618fa23c5c00aa2b0aadf3?s=96&d=mm&r=g","caption":"Reda\u00e7\u00e3o"},"sameAs":["https:\/\/noticiaempauta.com\/portal\/"],"url":"https:\/\/noticiaempauta.com\/portal\/author\/fernando\/"}]}},"_links":{"self":[{"href":"https:\/\/noticiaempauta.com\/portal\/wp-json\/wp\/v2\/posts\/267562","targetHints":{"allow":["GET"]}}],"collection":[{"href":"https:\/\/noticiaempauta.com\/portal\/wp-json\/wp\/v2\/posts"}],"about":[{"href":"https:\/\/noticiaempauta.com\/portal\/wp-json\/wp\/v2\/types\/post"}],"author":[{"embeddable":true,"href":"https:\/\/noticiaempauta.com\/portal\/wp-json\/wp\/v2\/users\/2"}],"replies":[{"embeddable":true,"href":"https:\/\/noticiaempauta.com\/portal\/wp-json\/wp\/v2\/comments?post=267562"}],"version-history":[{"count":1,"href":"https:\/\/noticiaempauta.com\/portal\/wp-json\/wp\/v2\/posts\/267562\/revisions"}],"predecessor-version":[{"id":267567,"href":"https:\/\/noticiaempauta.com\/portal\/wp-json\/wp\/v2\/posts\/267562\/revisions\/267567"}],"wp:featuredmedia":[{"embeddable":true,"href":"https:\/\/noticiaempauta.com\/portal\/wp-json\/wp\/v2\/media\/267563"}],"wp:attachment":[{"href":"https:\/\/noticiaempauta.com\/portal\/wp-json\/wp\/v2\/media?parent=267562"}],"wp:term":[{"taxonomy":"category","embeddable":true,"href":"https:\/\/noticiaempauta.com\/portal\/wp-json\/wp\/v2\/categories?post=267562"},{"taxonomy":"post_tag","embeddable":true,"href":"https:\/\/noticiaempauta.com\/portal\/wp-json\/wp\/v2\/tags?post=267562"}],"curies":[{"name":"wp","href":"https:\/\/api.w.org\/{rel}","templated":true}]}}