{"id":267570,"date":"2025-02-11T16:05:22","date_gmt":"2025-02-11T19:05:22","guid":{"rendered":"https:\/\/noticiaempauta.com\/portal\/?p=267570"},"modified":"2025-02-11T16:05:24","modified_gmt":"2025-02-11T19:05:24","slug":"piaui-restricao-ao-uso-de-celulares-nas-escolas-da-rede-estadual-colabora-com-foco-e-aprendizado-dos-estudantes","status":"publish","type":"post","link":"https:\/\/noticiaempauta.com\/portal\/piaui-restricao-ao-uso-de-celulares-nas-escolas-da-rede-estadual-colabora-com-foco-e-aprendizado-dos-estudantes\/","title":{"rendered":"PIAU\u00cd | Restri\u00e7\u00e3o ao uso de celulares nas escolas da rede estadual colabora com foco e aprendizado dos estudantes"},"content":{"rendered":"\n<p>O in\u00edcio do ano letivo trouxe uma novidade para alunos, pais e professores da rede p\u00fablica estadual de ensino. A partir deste ano, o uso de celulares ser\u00e1 restrito e controlado em todas as escolas da Secretaria de Estado da Educa\u00e7\u00e3o (Seduc). Desta forma, fica proibida a utiliza\u00e7\u00e3o dos aparelhos eletr\u00f4nicos nas depend\u00eancias dos centros de ensino sem a autoriza\u00e7\u00e3o das dire\u00e7\u00f5es das escolas ou fora de atividades pedag\u00f3gicas, previamente planejadas.&nbsp;<\/p>\n\n\n\n<p>\u201cA conscientiza\u00e7\u00e3o sobre o uso de celulares, no contexto escolar, \u00e9 um desafio que exige a colabora\u00e7\u00e3o de todos os envolvidos na educa\u00e7\u00e3o das crian\u00e7as e dos adolescentes. A parceria entre fam\u00edlia e escola \u00e9 fundamental para a materializa\u00e7\u00e3o desse entendimento\u201d, afirmou o secret\u00e1rio da Educa\u00e7\u00e3o, Washington Bandeira.&nbsp;<\/p>\n\n\n\n<figure class=\"wp-block-image size-full\"><img fetchpriority=\"high\" decoding=\"async\" width=\"750\" height=\"500\" src=\"https:\/\/noticiaempauta.com\/portal\/wp-content\/uploads\/2025\/02\/medium_image_f75cb91d43.png\" alt=\"\" class=\"wp-image-267574\" srcset=\"https:\/\/noticiaempauta.com\/portal\/wp-content\/uploads\/2025\/02\/medium_image_f75cb91d43.png 750w, https:\/\/noticiaempauta.com\/portal\/wp-content\/uploads\/2025\/02\/medium_image_f75cb91d43-300x200.png 300w\" sizes=\"(max-width: 750px) 100vw, 750px\" \/><\/figure>\n\n\n\n<p>No in\u00edcio de Janeiro, o governador Rafael Fonteles sancionou a lei n\u00ba 8563\/2025, que pro\u00edbe o uso de celulares e outros dispositivos eletr\u00f4nicos em escolas p\u00fablicas e privadas do Piau\u00ed. A norma versa sobre a utiliza\u00e7\u00e3o de celulares, tablets e rel\u00f3gios inteligentes. Tamb\u00e9m est\u00e1 vedado o acesso a redes sociais e aplicativos de mensagens, tanto nos dispositivos pessoais dos estudantes quanto nos equipamentos das escolas.<\/p>\n\n\n\n<p>Segundo Matheus Asmassallan, psic\u00f3logo integrante do corpo t\u00e9cnico da Seduc, a medida tem por objetivo minorar os impactos negativos que os dispositivos digitais afligem sobre a capacidade de concentra\u00e7\u00e3o e aprendizado dos estudantes.<\/p>\n\n\n\n<figure class=\"wp-block-image size-full\"><img decoding=\"async\" width=\"750\" height=\"500\" src=\"https:\/\/noticiaempauta.com\/portal\/wp-content\/uploads\/2025\/02\/medium_image_fa8481840e.png\" alt=\"\" class=\"wp-image-267573\" srcset=\"https:\/\/noticiaempauta.com\/portal\/wp-content\/uploads\/2025\/02\/medium_image_fa8481840e.png 750w, https:\/\/noticiaempauta.com\/portal\/wp-content\/uploads\/2025\/02\/medium_image_fa8481840e-300x200.png 300w\" sizes=\"(max-width: 750px) 100vw, 750px\" \/><\/figure>\n\n\n\n<p>\u201cN\u00f3s entendemos que a escola \u00e9 um local para aprender, de estar concentrado, focado naquele processo. Essas m\u00eddias concorrentes, se n\u00e3o tiverem um fim pedag\u00f3gico planejado e articulado pela equipe institucional da escola, s\u00e3o muito prejudiciais para nosso processo de ensino e aprendizagem\u201d, explica o profissional.<\/p>\n\n\n\n<p>Coordenadora pedag\u00f3gica do Centro Estadual de Tempo Integral (CETI) Duque de Caxias, em Teresina, Dayhany dos Santos, acredita que, apesar do estranhamento inicial, a expectativa \u00e9 de que os estudantes possam assimilar a medida sem apresentarem resist\u00eancia.&nbsp;<\/p>\n\n\n\n<figure class=\"wp-block-image size-full\"><img decoding=\"async\" width=\"750\" height=\"540\" src=\"https:\/\/noticiaempauta.com\/portal\/wp-content\/uploads\/2025\/02\/medium_image_53821bc175.png\" alt=\"\" class=\"wp-image-267572\" srcset=\"https:\/\/noticiaempauta.com\/portal\/wp-content\/uploads\/2025\/02\/medium_image_53821bc175.png 750w, https:\/\/noticiaempauta.com\/portal\/wp-content\/uploads\/2025\/02\/medium_image_53821bc175-300x216.png 300w\" sizes=\"(max-width: 750px) 100vw, 750px\" \/><\/figure>\n\n\n\n<p>\u201cTudo que \u00e9 novo assusta, mas eu acredito que a forma como estamos repassando, de uma maneira muito tranquila, explicitando as regras, fazendo uma vistoria cuidadosa, os alunos tendem a n\u00e3o ter resist\u00eancia. Com uma boa comunica\u00e7\u00e3o, eles ir\u00e3o sim acatar a nossa orienta\u00e7\u00e3o\u201d, pondera Dayhany.<\/p>\n\n\n\n<p>Para Lucas Albuquerque, aluno da 1\u00aa s\u00e9rie do ensino m\u00e9dio no CETI Duque de Caxias, a medida vai alterar a rotina a qual estava habituado, mas promete ser ben\u00e9fica para o seu aprendizado, em um ano em que ele inicia a prepara\u00e7\u00e3o para o Exame Nacional do Ensino M\u00e9dio (Enem).<\/p>\n\n\n\n<figure class=\"wp-block-image size-full\"><img loading=\"lazy\" decoding=\"async\" width=\"750\" height=\"540\" src=\"https:\/\/noticiaempauta.com\/portal\/wp-content\/uploads\/2025\/02\/medium_image_cd53c557ab.png\" alt=\"\" class=\"wp-image-267571\" srcset=\"https:\/\/noticiaempauta.com\/portal\/wp-content\/uploads\/2025\/02\/medium_image_cd53c557ab.png 750w, https:\/\/noticiaempauta.com\/portal\/wp-content\/uploads\/2025\/02\/medium_image_cd53c557ab-300x216.png 300w\" sizes=\"(max-width: 750px) 100vw, 750px\" \/><\/figure>\n\n\n\n<p>\u201cEu usava muito (celular). Mas entendo que essa lei foi criada para os alunos focarem mais nos estudos e n\u00e3o se distra\u00edrem tanto assim. Realmente, o celular tira a concentra\u00e7\u00e3o\u201d, reflete o jovem.<\/p>\n\n\n\n<p><strong>Escola modelo do Piau\u00ed restringe o uso de celulares h\u00e1 10 anos<\/strong><\/p>\n\n\n\n<p>A restri\u00e7\u00e3o do uso de celulares no ambiente escolar n\u00e3o \u00e9 uma novidade para alguns centros de ensino da rede p\u00fablica estadual. No CETI Augustinho Brand\u00e3o, em Cocal dos Alves, o controle do uso de smartphones \u00e9 realizado h\u00e1 10 anos. L\u00e1, o regimento interno foi constru\u00eddo com o apoio de pais e alunos, como destaca o diretor do Centro, Darkson Machado.<\/p>\n\n\n\n<p>\u201cA normativa contribui nos dando, agora, embasamento na lei. A escola tem bons resultados com essa restri\u00e7\u00e3o h\u00e1 alguns anos. Uma aula planejada, avisada, eles t\u00eam a liberdade, sob o comando do professor, de usar a tecnologia. Al\u00e9m disso, a escola tem um laborat\u00f3rio de inform\u00e1tica \u00e0 disposi\u00e7\u00e3o dos estudantes. Ent\u00e3o, nunca foi um problema a quest\u00e3o da restri\u00e7\u00e3o. Pelo contr\u00e1rio, foi uma ferramenta muito \u00fatil para impactar a aprendizagem\u201d, pontua o diretor.<\/p>\n\n\n\n<p>CCOM-PI<\/p>\n","protected":false},"excerpt":{"rendered":"<p>O in\u00edcio do ano letivo trouxe uma novidade para alunos, pais e professores da rede p\u00fablica estadual de ensino. A partir deste ano, o uso de celulares ser\u00e1 restrito e controlado em todas as escolas da Secretaria de Estado da Educa\u00e7\u00e3o (Seduc). Desta forma, fica proibida a utiliza\u00e7\u00e3o dos aparelhos eletr\u00f4nicos nas depend\u00eancias dos centros [&hellip;]<\/p>\n","protected":false},"author":2,"featured_media":267574,"comment_status":"open","ping_status":"open","sticky":false,"template":"","format":"standard","meta":{"_mi_skip_tracking":false,"footnotes":""},"categories":[25,1,16],"tags":[192],"class_list":["post-267570","post","type-post","status-publish","format-standard","has-post-thumbnail","hentry","category-destaques-site","category-geral","category-todas","tag-destaqueprincipal"],"acf":[],"yoast_head":"<!-- This site is optimized with the Yoast SEO Premium plugin v19.2 (Yoast SEO v26.9) - https:\/\/yoast.com\/product\/yoast-seo-premium-wordpress\/ -->\n<title>PIAU\u00cd | Restri\u00e7\u00e3o ao uso de celulares nas escolas da rede estadual colabora com foco e aprendizado dos estudantes - Portal Not\u00edcia em Pauta<\/title>\n<meta name=\"robots\" content=\"index, follow, max-snippet:-1, max-image-preview:large, max-video-preview:-1\" \/>\n<link rel=\"canonical\" href=\"https:\/\/noticiaempauta.com\/portal\/piaui-restricao-ao-uso-de-celulares-nas-escolas-da-rede-estadual-colabora-com-foco-e-aprendizado-dos-estudantes\/\" \/>\n<meta property=\"og:locale\" content=\"pt_BR\" \/>\n<meta property=\"og:type\" content=\"article\" \/>\n<meta property=\"og:title\" content=\"PIAU\u00cd | Restri\u00e7\u00e3o ao uso de celulares nas escolas da rede estadual colabora com foco e aprendizado dos estudantes\" \/>\n<meta property=\"og:description\" content=\"O in\u00edcio do ano letivo trouxe uma novidade para alunos, pais e professores da rede p\u00fablica estadual de ensino. A partir deste ano, o uso de celulares ser\u00e1 restrito e controlado em todas as escolas da Secretaria de Estado da Educa\u00e7\u00e3o (Seduc). Desta forma, fica proibida a utiliza\u00e7\u00e3o dos aparelhos eletr\u00f4nicos nas depend\u00eancias dos centros [&hellip;]\" \/>\n<meta property=\"og:url\" content=\"https:\/\/noticiaempauta.com\/portal\/piaui-restricao-ao-uso-de-celulares-nas-escolas-da-rede-estadual-colabora-com-foco-e-aprendizado-dos-estudantes\/\" \/>\n<meta property=\"og:site_name\" content=\"Portal Not\u00edcia em Pauta\" \/>\n<meta property=\"article:publisher\" content=\"https:\/\/www.facebook.com\/Portal-Notcia-Em-Pauta-102292869264820\/\" \/>\n<meta property=\"article:published_time\" content=\"2025-02-11T19:05:22+00:00\" \/>\n<meta property=\"article:modified_time\" content=\"2025-02-11T19:05:24+00:00\" \/>\n<meta property=\"og:image\" content=\"https:\/\/noticiaempauta.com\/portal\/wp-content\/uploads\/2025\/02\/medium_image_f75cb91d43.png\" \/>\n\t<meta property=\"og:image:width\" content=\"750\" \/>\n\t<meta property=\"og:image:height\" content=\"500\" \/>\n\t<meta property=\"og:image:type\" content=\"image\/png\" \/>\n<meta name=\"author\" content=\"Reda\u00e7\u00e3o\" \/>\n<meta name=\"twitter:card\" content=\"summary_large_image\" \/>\n<meta name=\"twitter:label1\" content=\"Escrito por\" \/>\n\t<meta name=\"twitter:data1\" content=\"Reda\u00e7\u00e3o\" \/>\n\t<meta name=\"twitter:label2\" content=\"Est. tempo de leitura\" \/>\n\t<meta name=\"twitter:data2\" content=\"5 minutos\" \/>\n<script type=\"application\/ld+json\" class=\"yoast-schema-graph\">{\"@context\":\"https:\/\/schema.org\",\"@graph\":[{\"@type\":\"Article\",\"@id\":\"https:\/\/noticiaempauta.com\/portal\/piaui-restricao-ao-uso-de-celulares-nas-escolas-da-rede-estadual-colabora-com-foco-e-aprendizado-dos-estudantes\/#article\",\"isPartOf\":{\"@id\":\"https:\/\/noticiaempauta.com\/portal\/piaui-restricao-ao-uso-de-celulares-nas-escolas-da-rede-estadual-colabora-com-foco-e-aprendizado-dos-estudantes\/\"},\"author\":{\"name\":\"Reda\u00e7\u00e3o\",\"@id\":\"https:\/\/noticiaempauta.com\/portal\/#\/schema\/person\/a74af43dd1ab3deca45f988c717d57ac\"},\"headline\":\"PIAU\u00cd | Restri\u00e7\u00e3o ao uso de celulares nas escolas da rede estadual colabora com foco e aprendizado dos estudantes\",\"datePublished\":\"2025-02-11T19:05:22+00:00\",\"dateModified\":\"2025-02-11T19:05:24+00:00\",\"mainEntityOfPage\":{\"@id\":\"https:\/\/noticiaempauta.com\/portal\/piaui-restricao-ao-uso-de-celulares-nas-escolas-da-rede-estadual-colabora-com-foco-e-aprendizado-dos-estudantes\/\"},\"wordCount\":649,\"commentCount\":0,\"publisher\":{\"@id\":\"https:\/\/noticiaempauta.com\/portal\/#organization\"},\"image\":{\"@id\":\"https:\/\/noticiaempauta.com\/portal\/piaui-restricao-ao-uso-de-celulares-nas-escolas-da-rede-estadual-colabora-com-foco-e-aprendizado-dos-estudantes\/#primaryimage\"},\"thumbnailUrl\":\"https:\/\/noticiaempauta.com\/portal\/wp-content\/uploads\/2025\/02\/medium_image_f75cb91d43.png\",\"keywords\":[\"destaqueprincipal\"],\"articleSection\":[\"Destaques\",\"Geral\",\"Todas as Not\u00edcias\"],\"inLanguage\":\"pt-BR\",\"potentialAction\":[{\"@type\":\"CommentAction\",\"name\":\"Comment\",\"target\":[\"https:\/\/noticiaempauta.com\/portal\/piaui-restricao-ao-uso-de-celulares-nas-escolas-da-rede-estadual-colabora-com-foco-e-aprendizado-dos-estudantes\/#respond\"]}]},{\"@type\":\"WebPage\",\"@id\":\"https:\/\/noticiaempauta.com\/portal\/piaui-restricao-ao-uso-de-celulares-nas-escolas-da-rede-estadual-colabora-com-foco-e-aprendizado-dos-estudantes\/\",\"url\":\"https:\/\/noticiaempauta.com\/portal\/piaui-restricao-ao-uso-de-celulares-nas-escolas-da-rede-estadual-colabora-com-foco-e-aprendizado-dos-estudantes\/\",\"name\":\"PIAU\u00cd | Restri\u00e7\u00e3o ao uso de celulares nas escolas da rede estadual colabora com foco e aprendizado dos estudantes - Portal Not\u00edcia em Pauta\",\"isPartOf\":{\"@id\":\"https:\/\/noticiaempauta.com\/portal\/#website\"},\"primaryImageOfPage\":{\"@id\":\"https:\/\/noticiaempauta.com\/portal\/piaui-restricao-ao-uso-de-celulares-nas-escolas-da-rede-estadual-colabora-com-foco-e-aprendizado-dos-estudantes\/#primaryimage\"},\"image\":{\"@id\":\"https:\/\/noticiaempauta.com\/portal\/piaui-restricao-ao-uso-de-celulares-nas-escolas-da-rede-estadual-colabora-com-foco-e-aprendizado-dos-estudantes\/#primaryimage\"},\"thumbnailUrl\":\"https:\/\/noticiaempauta.com\/portal\/wp-content\/uploads\/2025\/02\/medium_image_f75cb91d43.png\",\"datePublished\":\"2025-02-11T19:05:22+00:00\",\"dateModified\":\"2025-02-11T19:05:24+00:00\",\"breadcrumb\":{\"@id\":\"https:\/\/noticiaempauta.com\/portal\/piaui-restricao-ao-uso-de-celulares-nas-escolas-da-rede-estadual-colabora-com-foco-e-aprendizado-dos-estudantes\/#breadcrumb\"},\"inLanguage\":\"pt-BR\",\"potentialAction\":[{\"@type\":\"ReadAction\",\"target\":[\"https:\/\/noticiaempauta.com\/portal\/piaui-restricao-ao-uso-de-celulares-nas-escolas-da-rede-estadual-colabora-com-foco-e-aprendizado-dos-estudantes\/\"]}]},{\"@type\":\"ImageObject\",\"inLanguage\":\"pt-BR\",\"@id\":\"https:\/\/noticiaempauta.com\/portal\/piaui-restricao-ao-uso-de-celulares-nas-escolas-da-rede-estadual-colabora-com-foco-e-aprendizado-dos-estudantes\/#primaryimage\",\"url\":\"https:\/\/noticiaempauta.com\/portal\/wp-content\/uploads\/2025\/02\/medium_image_f75cb91d43.png\",\"contentUrl\":\"https:\/\/noticiaempauta.com\/portal\/wp-content\/uploads\/2025\/02\/medium_image_f75cb91d43.png\",\"width\":750,\"height\":500},{\"@type\":\"BreadcrumbList\",\"@id\":\"https:\/\/noticiaempauta.com\/portal\/piaui-restricao-ao-uso-de-celulares-nas-escolas-da-rede-estadual-colabora-com-foco-e-aprendizado-dos-estudantes\/#breadcrumb\",\"itemListElement\":[{\"@type\":\"ListItem\",\"position\":1,\"name\":\"P\u00e1gina Inicial\",\"item\":\"https:\/\/noticiaempauta.com\/portal\/\"},{\"@type\":\"ListItem\",\"position\":2,\"name\":\"Destaques\",\"item\":\"https:\/\/noticiaempauta.com\/portal\/destaques-site\/\"},{\"@type\":\"ListItem\",\"position\":3,\"name\":\"PIAU\u00cd | Restri\u00e7\u00e3o ao uso de celulares nas escolas da rede estadual colabora com foco e aprendizado dos estudantes\"}]},{\"@type\":\"WebSite\",\"@id\":\"https:\/\/noticiaempauta.com\/portal\/#website\",\"url\":\"https:\/\/noticiaempauta.com\/portal\/\",\"name\":\"Portal Not\u00edcia em Pauta\",\"description\":\"Voc\u00ea bem informado\",\"publisher\":{\"@id\":\"https:\/\/noticiaempauta.com\/portal\/#organization\"},\"potentialAction\":[{\"@type\":\"SearchAction\",\"target\":{\"@type\":\"EntryPoint\",\"urlTemplate\":\"https:\/\/noticiaempauta.com\/portal\/?s={search_term_string}\"},\"query-input\":{\"@type\":\"PropertyValueSpecification\",\"valueRequired\":true,\"valueName\":\"search_term_string\"}}],\"inLanguage\":\"pt-BR\"},{\"@type\":\"Organization\",\"@id\":\"https:\/\/noticiaempauta.com\/portal\/#organization\",\"name\":\"Portal Not\u00edcia em Pauta\",\"url\":\"https:\/\/noticiaempauta.com\/portal\/\",\"logo\":{\"@type\":\"ImageObject\",\"inLanguage\":\"pt-BR\",\"@id\":\"https:\/\/noticiaempauta.com\/portal\/#\/schema\/logo\/image\/\",\"url\":\"https:\/\/noticiaempauta.com\/portal\/wp-content\/uploads\/2022\/08\/logomarca_tema.fw_.png\",\"contentUrl\":\"https:\/\/noticiaempauta.com\/portal\/wp-content\/uploads\/2022\/08\/logomarca_tema.fw_.png\",\"width\":400,\"height\":232,\"caption\":\"Portal Not\u00edcia em Pauta\"},\"image\":{\"@id\":\"https:\/\/noticiaempauta.com\/portal\/#\/schema\/logo\/image\/\"},\"sameAs\":[\"https:\/\/www.facebook.com\/Portal-Notcia-Em-Pauta-102292869264820\/\",\"https:\/\/www.instagram.com\/portalnoticiaempauta\/\"]},{\"@type\":\"Person\",\"@id\":\"https:\/\/noticiaempauta.com\/portal\/#\/schema\/person\/a74af43dd1ab3deca45f988c717d57ac\",\"name\":\"Reda\u00e7\u00e3o\",\"image\":{\"@type\":\"ImageObject\",\"inLanguage\":\"pt-BR\",\"@id\":\"https:\/\/noticiaempauta.com\/portal\/#\/schema\/person\/image\/\",\"url\":\"https:\/\/secure.gravatar.com\/avatar\/03179346ecce6cdfc13361603e8f54242a90e5cde8618fa23c5c00aa2b0aadf3?s=96&d=mm&r=g\",\"contentUrl\":\"https:\/\/secure.gravatar.com\/avatar\/03179346ecce6cdfc13361603e8f54242a90e5cde8618fa23c5c00aa2b0aadf3?s=96&d=mm&r=g\",\"caption\":\"Reda\u00e7\u00e3o\"},\"sameAs\":[\"https:\/\/noticiaempauta.com\/portal\/\"],\"url\":\"https:\/\/noticiaempauta.com\/portal\/author\/fernando\/\"}]}<\/script>\n<!-- \/ Yoast SEO Premium plugin. -->","yoast_head_json":{"title":"PIAU\u00cd | Restri\u00e7\u00e3o ao uso de celulares nas escolas da rede estadual colabora com foco e aprendizado dos estudantes - Portal Not\u00edcia em Pauta","robots":{"index":"index","follow":"follow","max-snippet":"max-snippet:-1","max-image-preview":"max-image-preview:large","max-video-preview":"max-video-preview:-1"},"canonical":"https:\/\/noticiaempauta.com\/portal\/piaui-restricao-ao-uso-de-celulares-nas-escolas-da-rede-estadual-colabora-com-foco-e-aprendizado-dos-estudantes\/","og_locale":"pt_BR","og_type":"article","og_title":"PIAU\u00cd | Restri\u00e7\u00e3o ao uso de celulares nas escolas da rede estadual colabora com foco e aprendizado dos estudantes","og_description":"O in\u00edcio do ano letivo trouxe uma novidade para alunos, pais e professores da rede p\u00fablica estadual de ensino. A partir deste ano, o uso de celulares ser\u00e1 restrito e controlado em todas as escolas da Secretaria de Estado da Educa\u00e7\u00e3o (Seduc). Desta forma, fica proibida a utiliza\u00e7\u00e3o dos aparelhos eletr\u00f4nicos nas depend\u00eancias dos centros [&hellip;]","og_url":"https:\/\/noticiaempauta.com\/portal\/piaui-restricao-ao-uso-de-celulares-nas-escolas-da-rede-estadual-colabora-com-foco-e-aprendizado-dos-estudantes\/","og_site_name":"Portal Not\u00edcia em Pauta","article_publisher":"https:\/\/www.facebook.com\/Portal-Notcia-Em-Pauta-102292869264820\/","article_published_time":"2025-02-11T19:05:22+00:00","article_modified_time":"2025-02-11T19:05:24+00:00","og_image":[{"width":750,"height":500,"url":"https:\/\/noticiaempauta.com\/portal\/wp-content\/uploads\/2025\/02\/medium_image_f75cb91d43.png","type":"image\/png"}],"author":"Reda\u00e7\u00e3o","twitter_card":"summary_large_image","twitter_misc":{"Escrito por":"Reda\u00e7\u00e3o","Est. tempo de leitura":"5 minutos"},"schema":{"@context":"https:\/\/schema.org","@graph":[{"@type":"Article","@id":"https:\/\/noticiaempauta.com\/portal\/piaui-restricao-ao-uso-de-celulares-nas-escolas-da-rede-estadual-colabora-com-foco-e-aprendizado-dos-estudantes\/#article","isPartOf":{"@id":"https:\/\/noticiaempauta.com\/portal\/piaui-restricao-ao-uso-de-celulares-nas-escolas-da-rede-estadual-colabora-com-foco-e-aprendizado-dos-estudantes\/"},"author":{"name":"Reda\u00e7\u00e3o","@id":"https:\/\/noticiaempauta.com\/portal\/#\/schema\/person\/a74af43dd1ab3deca45f988c717d57ac"},"headline":"PIAU\u00cd | Restri\u00e7\u00e3o ao uso de celulares nas escolas da rede estadual colabora com foco e aprendizado dos estudantes","datePublished":"2025-02-11T19:05:22+00:00","dateModified":"2025-02-11T19:05:24+00:00","mainEntityOfPage":{"@id":"https:\/\/noticiaempauta.com\/portal\/piaui-restricao-ao-uso-de-celulares-nas-escolas-da-rede-estadual-colabora-com-foco-e-aprendizado-dos-estudantes\/"},"wordCount":649,"commentCount":0,"publisher":{"@id":"https:\/\/noticiaempauta.com\/portal\/#organization"},"image":{"@id":"https:\/\/noticiaempauta.com\/portal\/piaui-restricao-ao-uso-de-celulares-nas-escolas-da-rede-estadual-colabora-com-foco-e-aprendizado-dos-estudantes\/#primaryimage"},"thumbnailUrl":"https:\/\/noticiaempauta.com\/portal\/wp-content\/uploads\/2025\/02\/medium_image_f75cb91d43.png","keywords":["destaqueprincipal"],"articleSection":["Destaques","Geral","Todas as Not\u00edcias"],"inLanguage":"pt-BR","potentialAction":[{"@type":"CommentAction","name":"Comment","target":["https:\/\/noticiaempauta.com\/portal\/piaui-restricao-ao-uso-de-celulares-nas-escolas-da-rede-estadual-colabora-com-foco-e-aprendizado-dos-estudantes\/#respond"]}]},{"@type":"WebPage","@id":"https:\/\/noticiaempauta.com\/portal\/piaui-restricao-ao-uso-de-celulares-nas-escolas-da-rede-estadual-colabora-com-foco-e-aprendizado-dos-estudantes\/","url":"https:\/\/noticiaempauta.com\/portal\/piaui-restricao-ao-uso-de-celulares-nas-escolas-da-rede-estadual-colabora-com-foco-e-aprendizado-dos-estudantes\/","name":"PIAU\u00cd | Restri\u00e7\u00e3o ao uso de celulares nas escolas da rede estadual colabora com foco e aprendizado dos estudantes - Portal Not\u00edcia em Pauta","isPartOf":{"@id":"https:\/\/noticiaempauta.com\/portal\/#website"},"primaryImageOfPage":{"@id":"https:\/\/noticiaempauta.com\/portal\/piaui-restricao-ao-uso-de-celulares-nas-escolas-da-rede-estadual-colabora-com-foco-e-aprendizado-dos-estudantes\/#primaryimage"},"image":{"@id":"https:\/\/noticiaempauta.com\/portal\/piaui-restricao-ao-uso-de-celulares-nas-escolas-da-rede-estadual-colabora-com-foco-e-aprendizado-dos-estudantes\/#primaryimage"},"thumbnailUrl":"https:\/\/noticiaempauta.com\/portal\/wp-content\/uploads\/2025\/02\/medium_image_f75cb91d43.png","datePublished":"2025-02-11T19:05:22+00:00","dateModified":"2025-02-11T19:05:24+00:00","breadcrumb":{"@id":"https:\/\/noticiaempauta.com\/portal\/piaui-restricao-ao-uso-de-celulares-nas-escolas-da-rede-estadual-colabora-com-foco-e-aprendizado-dos-estudantes\/#breadcrumb"},"inLanguage":"pt-BR","potentialAction":[{"@type":"ReadAction","target":["https:\/\/noticiaempauta.com\/portal\/piaui-restricao-ao-uso-de-celulares-nas-escolas-da-rede-estadual-colabora-com-foco-e-aprendizado-dos-estudantes\/"]}]},{"@type":"ImageObject","inLanguage":"pt-BR","@id":"https:\/\/noticiaempauta.com\/portal\/piaui-restricao-ao-uso-de-celulares-nas-escolas-da-rede-estadual-colabora-com-foco-e-aprendizado-dos-estudantes\/#primaryimage","url":"https:\/\/noticiaempauta.com\/portal\/wp-content\/uploads\/2025\/02\/medium_image_f75cb91d43.png","contentUrl":"https:\/\/noticiaempauta.com\/portal\/wp-content\/uploads\/2025\/02\/medium_image_f75cb91d43.png","width":750,"height":500},{"@type":"BreadcrumbList","@id":"https:\/\/noticiaempauta.com\/portal\/piaui-restricao-ao-uso-de-celulares-nas-escolas-da-rede-estadual-colabora-com-foco-e-aprendizado-dos-estudantes\/#breadcrumb","itemListElement":[{"@type":"ListItem","position":1,"name":"P\u00e1gina Inicial","item":"https:\/\/noticiaempauta.com\/portal\/"},{"@type":"ListItem","position":2,"name":"Destaques","item":"https:\/\/noticiaempauta.com\/portal\/destaques-site\/"},{"@type":"ListItem","position":3,"name":"PIAU\u00cd | Restri\u00e7\u00e3o ao uso de celulares nas escolas da rede estadual colabora com foco e aprendizado dos estudantes"}]},{"@type":"WebSite","@id":"https:\/\/noticiaempauta.com\/portal\/#website","url":"https:\/\/noticiaempauta.com\/portal\/","name":"Portal Not\u00edcia em Pauta","description":"Voc\u00ea bem informado","publisher":{"@id":"https:\/\/noticiaempauta.com\/portal\/#organization"},"potentialAction":[{"@type":"SearchAction","target":{"@type":"EntryPoint","urlTemplate":"https:\/\/noticiaempauta.com\/portal\/?s={search_term_string}"},"query-input":{"@type":"PropertyValueSpecification","valueRequired":true,"valueName":"search_term_string"}}],"inLanguage":"pt-BR"},{"@type":"Organization","@id":"https:\/\/noticiaempauta.com\/portal\/#organization","name":"Portal Not\u00edcia em Pauta","url":"https:\/\/noticiaempauta.com\/portal\/","logo":{"@type":"ImageObject","inLanguage":"pt-BR","@id":"https:\/\/noticiaempauta.com\/portal\/#\/schema\/logo\/image\/","url":"https:\/\/noticiaempauta.com\/portal\/wp-content\/uploads\/2022\/08\/logomarca_tema.fw_.png","contentUrl":"https:\/\/noticiaempauta.com\/portal\/wp-content\/uploads\/2022\/08\/logomarca_tema.fw_.png","width":400,"height":232,"caption":"Portal Not\u00edcia em Pauta"},"image":{"@id":"https:\/\/noticiaempauta.com\/portal\/#\/schema\/logo\/image\/"},"sameAs":["https:\/\/www.facebook.com\/Portal-Notcia-Em-Pauta-102292869264820\/","https:\/\/www.instagram.com\/portalnoticiaempauta\/"]},{"@type":"Person","@id":"https:\/\/noticiaempauta.com\/portal\/#\/schema\/person\/a74af43dd1ab3deca45f988c717d57ac","name":"Reda\u00e7\u00e3o","image":{"@type":"ImageObject","inLanguage":"pt-BR","@id":"https:\/\/noticiaempauta.com\/portal\/#\/schema\/person\/image\/","url":"https:\/\/secure.gravatar.com\/avatar\/03179346ecce6cdfc13361603e8f54242a90e5cde8618fa23c5c00aa2b0aadf3?s=96&d=mm&r=g","contentUrl":"https:\/\/secure.gravatar.com\/avatar\/03179346ecce6cdfc13361603e8f54242a90e5cde8618fa23c5c00aa2b0aadf3?s=96&d=mm&r=g","caption":"Reda\u00e7\u00e3o"},"sameAs":["https:\/\/noticiaempauta.com\/portal\/"],"url":"https:\/\/noticiaempauta.com\/portal\/author\/fernando\/"}]}},"_links":{"self":[{"href":"https:\/\/noticiaempauta.com\/portal\/wp-json\/wp\/v2\/posts\/267570","targetHints":{"allow":["GET"]}}],"collection":[{"href":"https:\/\/noticiaempauta.com\/portal\/wp-json\/wp\/v2\/posts"}],"about":[{"href":"https:\/\/noticiaempauta.com\/portal\/wp-json\/wp\/v2\/types\/post"}],"author":[{"embeddable":true,"href":"https:\/\/noticiaempauta.com\/portal\/wp-json\/wp\/v2\/users\/2"}],"replies":[{"embeddable":true,"href":"https:\/\/noticiaempauta.com\/portal\/wp-json\/wp\/v2\/comments?post=267570"}],"version-history":[{"count":2,"href":"https:\/\/noticiaempauta.com\/portal\/wp-json\/wp\/v2\/posts\/267570\/revisions"}],"predecessor-version":[{"id":267576,"href":"https:\/\/noticiaempauta.com\/portal\/wp-json\/wp\/v2\/posts\/267570\/revisions\/267576"}],"wp:featuredmedia":[{"embeddable":true,"href":"https:\/\/noticiaempauta.com\/portal\/wp-json\/wp\/v2\/media\/267574"}],"wp:attachment":[{"href":"https:\/\/noticiaempauta.com\/portal\/wp-json\/wp\/v2\/media?parent=267570"}],"wp:term":[{"taxonomy":"category","embeddable":true,"href":"https:\/\/noticiaempauta.com\/portal\/wp-json\/wp\/v2\/categories?post=267570"},{"taxonomy":"post_tag","embeddable":true,"href":"https:\/\/noticiaempauta.com\/portal\/wp-json\/wp\/v2\/tags?post=267570"}],"curies":[{"name":"wp","href":"https:\/\/api.w.org\/{rel}","templated":true}]}}