{"id":267577,"date":"2025-02-11T17:04:45","date_gmt":"2025-02-11T20:04:45","guid":{"rendered":"https:\/\/noticiaempauta.com\/portal\/?p=267577"},"modified":"2025-02-11T17:14:25","modified_gmt":"2025-02-11T20:14:25","slug":"gestao-do-prefeito-marciano-macedo-em-aroeiras-do-itaim-encontra-escolas-com-estruturas-comprometidas-e-veiculos-sucateados","status":"publish","type":"post","link":"https:\/\/noticiaempauta.com\/portal\/gestao-do-prefeito-marciano-macedo-em-aroeiras-do-itaim-encontra-escolas-com-estruturas-comprometidas-e-veiculos-sucateados\/","title":{"rendered":"Gest\u00e3o do prefeito Marciano Macedo em Aroeiras do Itaim encontra escolas com estruturas comprometidas e ve\u00edculos sucateados"},"content":{"rendered":"\n<p>Ap\u00f3s levantamento feito pela atual gest\u00e3o do prefeito Marciano Macedo, v\u00e1rias irregularidades foram encontradas em \u00f3rg\u00e3os p\u00fablicos, logradouros e frota de ve\u00edculos principalmente na parte estrutural onde os problemas detectados s\u00e3o vis\u00edveis e alarmantes.<\/p>\n\n\n\n<figure class=\"wp-block-image size-large\"><img fetchpriority=\"high\" decoding=\"async\" width=\"1024\" height=\"769\" src=\"https:\/\/noticiaempauta.com\/portal\/wp-content\/uploads\/2025\/02\/FA-IMG-c75027ddd54effd47cb2-1-1024x769.jpg\" alt=\"\" class=\"wp-image-267579\" srcset=\"https:\/\/noticiaempauta.com\/portal\/wp-content\/uploads\/2025\/02\/FA-IMG-c75027ddd54effd47cb2-1-1024x769.jpg 1024w, https:\/\/noticiaempauta.com\/portal\/wp-content\/uploads\/2025\/02\/FA-IMG-c75027ddd54effd47cb2-1-300x225.jpg 300w, https:\/\/noticiaempauta.com\/portal\/wp-content\/uploads\/2025\/02\/FA-IMG-c75027ddd54effd47cb2-1-768x577.jpg 768w, https:\/\/noticiaempauta.com\/portal\/wp-content\/uploads\/2025\/02\/FA-IMG-c75027ddd54effd47cb2-1.jpg 1297w\" sizes=\"(max-width: 1024px) 100vw, 1024px\" \/><\/figure>\n\n\n\n<p>No que se refere a educa\u00e7\u00e3o, duas escolas municipais apresentam graves problemas desde da estrutura f\u00edsica, material de trabalho e estado de completo abandono, pois a gest\u00e3o anterior n\u00e3o teve o cuidado de zelar pelo bem p\u00fablico, e com isso, os pr\u00e9dios aparentam terem sido abandonados.<\/p>\n\n\n\n<figure class=\"wp-block-image size-full\"><img decoding=\"async\" width=\"400\" height=\"300\" src=\"https:\/\/noticiaempauta.com\/portal\/wp-content\/uploads\/2025\/02\/ESCOLA-SAO-JOSE-07.jpeg\" alt=\"\" class=\"wp-image-267580\" srcset=\"https:\/\/noticiaempauta.com\/portal\/wp-content\/uploads\/2025\/02\/ESCOLA-SAO-JOSE-07.jpeg 400w, https:\/\/noticiaempauta.com\/portal\/wp-content\/uploads\/2025\/02\/ESCOLA-SAO-JOSE-07-300x225.jpeg 300w\" sizes=\"(max-width: 400px) 100vw, 400px\" \/><\/figure>\n\n\n\n<p>Segundo o prefeito Marciano Mac\u00eado, \u201cap\u00f3s o levantamento das condi\u00e7\u00f5es de funcionamento das escolas para o in\u00edcio do ano letivo de 2025, se constatou que duas delas apresentam problemas n\u00e3o s\u00f3 na estrutura f\u00edsica, mas tamb\u00e9m no material para uso de trabalho como carteiras e cadeiras quebradas\u201d, afirma.<\/p>\n\n\n\n<figure class=\"wp-block-image size-full\"><img decoding=\"async\" width=\"400\" height=\"300\" src=\"https:\/\/noticiaempauta.com\/portal\/wp-content\/uploads\/2025\/02\/ESCOLA-FRANCISCO-TEIXEIRA-01.jpeg\" alt=\"\" class=\"wp-image-267581\" srcset=\"https:\/\/noticiaempauta.com\/portal\/wp-content\/uploads\/2025\/02\/ESCOLA-FRANCISCO-TEIXEIRA-01.jpeg 400w, https:\/\/noticiaempauta.com\/portal\/wp-content\/uploads\/2025\/02\/ESCOLA-FRANCISCO-TEIXEIRA-01-300x225.jpeg 300w\" sizes=\"(max-width: 400px) 100vw, 400px\" \/><\/figure>\n\n\n\n<p>Ainda de acordo com Marciano, \u201cas escolas municipais S\u00e3o Jos\u00e9 e Francisco Teixeira s\u00e3o as mais afetadas e precisam passar por reformas urgentemente, j\u00e1 que o ano letivo vai come\u00e7ar e elas n\u00e3o tem condi\u00e7\u00e3o de receber alunos da forma como se encontram\u201d, lamenta.<\/p>\n\n\n\n<figure class=\"wp-block-image size-full\"><img loading=\"lazy\" decoding=\"async\" width=\"400\" height=\"300\" src=\"https:\/\/noticiaempauta.com\/portal\/wp-content\/uploads\/2025\/02\/ESCOLA-FRANCISCO-TEIXEIRA-10.jpeg\" alt=\"\" class=\"wp-image-267582\" srcset=\"https:\/\/noticiaempauta.com\/portal\/wp-content\/uploads\/2025\/02\/ESCOLA-FRANCISCO-TEIXEIRA-10.jpeg 400w, https:\/\/noticiaempauta.com\/portal\/wp-content\/uploads\/2025\/02\/ESCOLA-FRANCISCO-TEIXEIRA-10-300x225.jpeg 300w\" sizes=\"(max-width: 400px) 100vw, 400px\" \/><\/figure>\n\n\n\n<p>O prefeito Marciano tamb\u00e9m &nbsp;informou que \u201coutro \u00f3rg\u00e3o p\u00fablico que apresenta problema \u00e9 a Prefeitura Municipal, al\u00e9m do pr\u00e9dio ser pequeno, o ex-gestor ocupou um grande espa\u00e7o com balancetes e presta\u00e7\u00f5es de contas, al\u00e9m de outros objetos que ocupam mais de duas salas, e dessa forma os servidores n\u00e3o tem espa\u00e7o suficiente para trabalharem\u201d.<\/p>\n\n\n\n<figure class=\"wp-block-image size-full\"><img loading=\"lazy\" decoding=\"async\" width=\"300\" height=\"400\" src=\"https:\/\/noticiaempauta.com\/portal\/wp-content\/uploads\/2025\/02\/PREFEITURA-MUNICIPAL-07.jpeg\" alt=\"\" class=\"wp-image-267583\" srcset=\"https:\/\/noticiaempauta.com\/portal\/wp-content\/uploads\/2025\/02\/PREFEITURA-MUNICIPAL-07.jpeg 300w, https:\/\/noticiaempauta.com\/portal\/wp-content\/uploads\/2025\/02\/PREFEITURA-MUNICIPAL-07-225x300.jpeg 225w\" sizes=\"(max-width: 300px) 100vw, 300px\" \/><\/figure>\n\n\n\n<p>\u201cA nossa gest\u00e3o que iniciou no dia (1\u00b0) de janeiro j\u00e1 encontrou muitos problemas, al\u00e9m de uma divida milion\u00e1ria que chega a quase R$ 3 milh\u00f5es de reais, encontramos tamb\u00e9m escolas com estruturas destru\u00eddas, postos de sa\u00fade com problemas, al\u00e9m da frota de ve\u00edculos da prefeitura em p\u00e9ssimo estado de conserva\u00e7\u00e3o, o que inviabiliza o funcionamento pleno da nossa gest\u00e3o\u201d, garante.<\/p>\n\n\n\n<figure class=\"wp-block-image size-large\"><img loading=\"lazy\" decoding=\"async\" width=\"1024\" height=\"449\" src=\"https:\/\/noticiaempauta.com\/portal\/wp-content\/uploads\/2025\/02\/marciano-1024x449.jpeg\" alt=\"\" class=\"wp-image-267584\" srcset=\"https:\/\/noticiaempauta.com\/portal\/wp-content\/uploads\/2025\/02\/marciano-1024x449.jpeg 1024w, https:\/\/noticiaempauta.com\/portal\/wp-content\/uploads\/2025\/02\/marciano-300x132.jpeg 300w, https:\/\/noticiaempauta.com\/portal\/wp-content\/uploads\/2025\/02\/marciano-768x337.jpeg 768w, https:\/\/noticiaempauta.com\/portal\/wp-content\/uploads\/2025\/02\/marciano-1536x674.jpeg 1536w, https:\/\/noticiaempauta.com\/portal\/wp-content\/uploads\/2025\/02\/marciano.jpeg 1600w\" sizes=\"(max-width: 1024px) 100vw, 1024px\" \/><\/figure>\n\n\n\n<p>Marciano destacou que todos esses problemas encontrados ser\u00e3o resolvidos imediatamente, \u201cpois a prefeitura n\u00e3o pode parar e a popula\u00e7\u00e3o precisa ser assistida. E a\u00ed aonde estar o problema: a gest\u00e3o vai precisar gastar para recuperar essas escolas, as UBS\u2019s, a frota de ve\u00edculos do munic\u00edpio e outros que est\u00e3o sendo detectados de acordo com o levantamento para poder colocar tudo em dia\u201d, pontua.<\/p>\n\n\n\n<figure class=\"wp-block-image size-full\"><img loading=\"lazy\" decoding=\"async\" width=\"400\" height=\"300\" src=\"https:\/\/noticiaempauta.com\/portal\/wp-content\/uploads\/2025\/02\/12-1.jpg\" alt=\"\" class=\"wp-image-267585\" srcset=\"https:\/\/noticiaempauta.com\/portal\/wp-content\/uploads\/2025\/02\/12-1.jpg 400w, https:\/\/noticiaempauta.com\/portal\/wp-content\/uploads\/2025\/02\/12-1-300x225.jpg 300w\" sizes=\"(max-width: 400px) 100vw, 400px\" \/><\/figure>\n\n\n\n<p>Segundo o prefeito, \u201coutro problema que precisa ser resolvido logo \u00e9 quanto a inadimpl\u00eancia da prefeitura, pois enquanto n\u00e3o regularizar essa situa\u00e7\u00e3o, a prefeitura n\u00e3o poder\u00e1 firmar nenhum conv\u00eanio e nem receber recursos fora o FPM\u201d, conclui Marciano.<\/p>\n\n\n\n<figure class=\"wp-block-image size-full\"><img loading=\"lazy\" decoding=\"async\" width=\"400\" height=\"300\" src=\"https:\/\/noticiaempauta.com\/portal\/wp-content\/uploads\/2025\/02\/13.jpg\" alt=\"\" class=\"wp-image-267586\" srcset=\"https:\/\/noticiaempauta.com\/portal\/wp-content\/uploads\/2025\/02\/13.jpg 400w, https:\/\/noticiaempauta.com\/portal\/wp-content\/uploads\/2025\/02\/13-300x225.jpg 300w\" sizes=\"(max-width: 400px) 100vw, 400px\" \/><\/figure>\n\n\n\n<figure class=\"wp-block-image size-full\"><img loading=\"lazy\" decoding=\"async\" width=\"400\" height=\"300\" src=\"https:\/\/noticiaempauta.com\/portal\/wp-content\/uploads\/2025\/02\/ESCOLA-SAO-JOSE-08.jpeg\" alt=\"\" class=\"wp-image-267587\" srcset=\"https:\/\/noticiaempauta.com\/portal\/wp-content\/uploads\/2025\/02\/ESCOLA-SAO-JOSE-08.jpeg 400w, https:\/\/noticiaempauta.com\/portal\/wp-content\/uploads\/2025\/02\/ESCOLA-SAO-JOSE-08-300x225.jpeg 300w\" sizes=\"(max-width: 400px) 100vw, 400px\" \/><\/figure>\n\n\n\n<figure class=\"wp-block-image size-full\"><img loading=\"lazy\" decoding=\"async\" width=\"400\" height=\"300\" src=\"https:\/\/noticiaempauta.com\/portal\/wp-content\/uploads\/2025\/02\/ESCOLA-SAO-JOSE-09.jpeg\" alt=\"\" class=\"wp-image-267588\" srcset=\"https:\/\/noticiaempauta.com\/portal\/wp-content\/uploads\/2025\/02\/ESCOLA-SAO-JOSE-09.jpeg 400w, https:\/\/noticiaempauta.com\/portal\/wp-content\/uploads\/2025\/02\/ESCOLA-SAO-JOSE-09-300x225.jpeg 300w\" sizes=\"(max-width: 400px) 100vw, 400px\" \/><\/figure>\n\n\n\n<figure class=\"wp-block-image size-full\"><img loading=\"lazy\" decoding=\"async\" width=\"400\" height=\"300\" src=\"https:\/\/noticiaempauta.com\/portal\/wp-content\/uploads\/2025\/02\/ESCOLA-SAO-JOSE-10.jpeg\" alt=\"\" class=\"wp-image-267589\" srcset=\"https:\/\/noticiaempauta.com\/portal\/wp-content\/uploads\/2025\/02\/ESCOLA-SAO-JOSE-10.jpeg 400w, https:\/\/noticiaempauta.com\/portal\/wp-content\/uploads\/2025\/02\/ESCOLA-SAO-JOSE-10-300x225.jpeg 300w\" sizes=\"(max-width: 400px) 100vw, 400px\" \/><\/figure>\n\n\n\n<figure class=\"wp-block-image size-full\"><img loading=\"lazy\" decoding=\"async\" width=\"400\" height=\"300\" src=\"https:\/\/noticiaempauta.com\/portal\/wp-content\/uploads\/2025\/02\/ESCOLA-FRANCISCO-TEIXEIRA-05.jpeg\" alt=\"\" class=\"wp-image-267590\" srcset=\"https:\/\/noticiaempauta.com\/portal\/wp-content\/uploads\/2025\/02\/ESCOLA-FRANCISCO-TEIXEIRA-05.jpeg 400w, https:\/\/noticiaempauta.com\/portal\/wp-content\/uploads\/2025\/02\/ESCOLA-FRANCISCO-TEIXEIRA-05-300x225.jpeg 300w\" sizes=\"(max-width: 400px) 100vw, 400px\" \/><\/figure>\n\n\n\n<figure class=\"wp-block-image size-full\"><img loading=\"lazy\" decoding=\"async\" width=\"400\" height=\"300\" src=\"https:\/\/noticiaempauta.com\/portal\/wp-content\/uploads\/2025\/02\/ESCOLA-FRANCISCO-TEIXEIRA-06.jpeg\" alt=\"\" class=\"wp-image-267591\" srcset=\"https:\/\/noticiaempauta.com\/portal\/wp-content\/uploads\/2025\/02\/ESCOLA-FRANCISCO-TEIXEIRA-06.jpeg 400w, https:\/\/noticiaempauta.com\/portal\/wp-content\/uploads\/2025\/02\/ESCOLA-FRANCISCO-TEIXEIRA-06-300x225.jpeg 300w\" sizes=\"(max-width: 400px) 100vw, 400px\" \/><\/figure>\n\n\n\n<figure class=\"wp-block-image size-full\"><img loading=\"lazy\" decoding=\"async\" width=\"400\" height=\"300\" src=\"https:\/\/noticiaempauta.com\/portal\/wp-content\/uploads\/2025\/02\/ESCOLA-FRANCISCO-TEIXEIRA-07.jpeg\" alt=\"\" class=\"wp-image-267592\" srcset=\"https:\/\/noticiaempauta.com\/portal\/wp-content\/uploads\/2025\/02\/ESCOLA-FRANCISCO-TEIXEIRA-07.jpeg 400w, https:\/\/noticiaempauta.com\/portal\/wp-content\/uploads\/2025\/02\/ESCOLA-FRANCISCO-TEIXEIRA-07-300x225.jpeg 300w\" sizes=\"(max-width: 400px) 100vw, 400px\" \/><\/figure>\n\n\n\n<figure class=\"wp-block-image size-full\"><img loading=\"lazy\" decoding=\"async\" width=\"400\" height=\"300\" src=\"https:\/\/noticiaempauta.com\/portal\/wp-content\/uploads\/2025\/02\/ESCOLA-FRANCISCO-TEIXEIRA-09.jpeg\" alt=\"\" class=\"wp-image-267593\" srcset=\"https:\/\/noticiaempauta.com\/portal\/wp-content\/uploads\/2025\/02\/ESCOLA-FRANCISCO-TEIXEIRA-09.jpeg 400w, https:\/\/noticiaempauta.com\/portal\/wp-content\/uploads\/2025\/02\/ESCOLA-FRANCISCO-TEIXEIRA-09-300x225.jpeg 300w\" sizes=\"(max-width: 400px) 100vw, 400px\" \/><\/figure>\n\n\n\n<figure class=\"wp-block-image size-full\"><img loading=\"lazy\" decoding=\"async\" width=\"400\" height=\"300\" src=\"https:\/\/noticiaempauta.com\/portal\/wp-content\/uploads\/2025\/02\/ESCOLA-FRANCISCO-TEIXEIRA-12.jpeg\" alt=\"\" class=\"wp-image-267594\" srcset=\"https:\/\/noticiaempauta.com\/portal\/wp-content\/uploads\/2025\/02\/ESCOLA-FRANCISCO-TEIXEIRA-12.jpeg 400w, https:\/\/noticiaempauta.com\/portal\/wp-content\/uploads\/2025\/02\/ESCOLA-FRANCISCO-TEIXEIRA-12-300x225.jpeg 300w\" sizes=\"(max-width: 400px) 100vw, 400px\" \/><\/figure>\n\n\n\n<figure class=\"wp-block-image size-full\"><img loading=\"lazy\" decoding=\"async\" width=\"400\" height=\"300\" src=\"https:\/\/noticiaempauta.com\/portal\/wp-content\/uploads\/2025\/02\/ESCOLA-FRANCISCO-TEIXEIRA-13.jpeg\" alt=\"\" class=\"wp-image-267595\" srcset=\"https:\/\/noticiaempauta.com\/portal\/wp-content\/uploads\/2025\/02\/ESCOLA-FRANCISCO-TEIXEIRA-13.jpeg 400w, https:\/\/noticiaempauta.com\/portal\/wp-content\/uploads\/2025\/02\/ESCOLA-FRANCISCO-TEIXEIRA-13-300x225.jpeg 300w\" sizes=\"(max-width: 400px) 100vw, 400px\" \/><\/figure>\n\n\n\n<figure class=\"wp-block-image size-full\"><img loading=\"lazy\" decoding=\"async\" width=\"400\" height=\"300\" src=\"https:\/\/noticiaempauta.com\/portal\/wp-content\/uploads\/2025\/02\/ESCOLA-FRANCISCO-TEIXEIRA-14.jpeg\" alt=\"\" class=\"wp-image-267596\" srcset=\"https:\/\/noticiaempauta.com\/portal\/wp-content\/uploads\/2025\/02\/ESCOLA-FRANCISCO-TEIXEIRA-14.jpeg 400w, https:\/\/noticiaempauta.com\/portal\/wp-content\/uploads\/2025\/02\/ESCOLA-FRANCISCO-TEIXEIRA-14-300x225.jpeg 300w\" sizes=\"(max-width: 400px) 100vw, 400px\" \/><\/figure>\n\n\n\n<figure class=\"wp-block-image size-full\"><img loading=\"lazy\" decoding=\"async\" width=\"400\" height=\"300\" src=\"https:\/\/noticiaempauta.com\/portal\/wp-content\/uploads\/2025\/02\/ESCOLA-FRANCISCO-TEIXEIRA-16.jpeg\" alt=\"\" class=\"wp-image-267597\" srcset=\"https:\/\/noticiaempauta.com\/portal\/wp-content\/uploads\/2025\/02\/ESCOLA-FRANCISCO-TEIXEIRA-16.jpeg 400w, https:\/\/noticiaempauta.com\/portal\/wp-content\/uploads\/2025\/02\/ESCOLA-FRANCISCO-TEIXEIRA-16-300x225.jpeg 300w\" sizes=\"(max-width: 400px) 100vw, 400px\" \/><\/figure>\n\n\n\n<figure class=\"wp-block-image size-full\"><img loading=\"lazy\" decoding=\"async\" width=\"400\" height=\"300\" src=\"https:\/\/noticiaempauta.com\/portal\/wp-content\/uploads\/2025\/02\/ESCOLA-FRANCISCO-TEIXEIRA-17.jpeg\" alt=\"\" class=\"wp-image-267598\" srcset=\"https:\/\/noticiaempauta.com\/portal\/wp-content\/uploads\/2025\/02\/ESCOLA-FRANCISCO-TEIXEIRA-17.jpeg 400w, https:\/\/noticiaempauta.com\/portal\/wp-content\/uploads\/2025\/02\/ESCOLA-FRANCISCO-TEIXEIRA-17-300x225.jpeg 300w\" sizes=\"(max-width: 400px) 100vw, 400px\" \/><\/figure>\n\n\n\n<figure class=\"wp-block-image size-full\"><img loading=\"lazy\" decoding=\"async\" width=\"300\" height=\"400\" src=\"https:\/\/noticiaempauta.com\/portal\/wp-content\/uploads\/2025\/02\/ESCOLA-FRANCISCO-TEIXEIRA-18.jpeg\" alt=\"\" class=\"wp-image-267599\" srcset=\"https:\/\/noticiaempauta.com\/portal\/wp-content\/uploads\/2025\/02\/ESCOLA-FRANCISCO-TEIXEIRA-18.jpeg 300w, https:\/\/noticiaempauta.com\/portal\/wp-content\/uploads\/2025\/02\/ESCOLA-FRANCISCO-TEIXEIRA-18-225x300.jpeg 225w\" sizes=\"(max-width: 300px) 100vw, 300px\" \/><\/figure>\n\n\n\n<figure class=\"wp-block-image size-full\"><img loading=\"lazy\" decoding=\"async\" width=\"400\" height=\"300\" src=\"https:\/\/noticiaempauta.com\/portal\/wp-content\/uploads\/2025\/02\/ESCOLA-FRANCISCO-TEIXEIRA.jpeg\" alt=\"\" class=\"wp-image-267600\" srcset=\"https:\/\/noticiaempauta.com\/portal\/wp-content\/uploads\/2025\/02\/ESCOLA-FRANCISCO-TEIXEIRA.jpeg 400w, https:\/\/noticiaempauta.com\/portal\/wp-content\/uploads\/2025\/02\/ESCOLA-FRANCISCO-TEIXEIRA-300x225.jpeg 300w\" sizes=\"(max-width: 400px) 100vw, 400px\" \/><\/figure>\n\n\n\n<figure class=\"wp-block-image size-full\"><img loading=\"lazy\" decoding=\"async\" width=\"300\" height=\"400\" src=\"https:\/\/noticiaempauta.com\/portal\/wp-content\/uploads\/2025\/02\/PREFEITURA-MUNICIPAL-01.jpeg\" alt=\"\" class=\"wp-image-267601\" srcset=\"https:\/\/noticiaempauta.com\/portal\/wp-content\/uploads\/2025\/02\/PREFEITURA-MUNICIPAL-01.jpeg 300w, https:\/\/noticiaempauta.com\/portal\/wp-content\/uploads\/2025\/02\/PREFEITURA-MUNICIPAL-01-225x300.jpeg 225w\" sizes=\"(max-width: 300px) 100vw, 300px\" \/><\/figure>\n\n\n\n<figure class=\"wp-block-image size-full\"><img loading=\"lazy\" decoding=\"async\" width=\"400\" height=\"300\" src=\"https:\/\/noticiaempauta.com\/portal\/wp-content\/uploads\/2025\/02\/PREFEITURA-MUNICIPAL-05.jpeg\" alt=\"\" class=\"wp-image-267602\" srcset=\"https:\/\/noticiaempauta.com\/portal\/wp-content\/uploads\/2025\/02\/PREFEITURA-MUNICIPAL-05.jpeg 400w, https:\/\/noticiaempauta.com\/portal\/wp-content\/uploads\/2025\/02\/PREFEITURA-MUNICIPAL-05-300x225.jpeg 300w\" sizes=\"(max-width: 400px) 100vw, 400px\" \/><\/figure>\n\n\n\n<figure class=\"wp-block-image size-full\"><img loading=\"lazy\" decoding=\"async\" width=\"400\" height=\"300\" src=\"https:\/\/noticiaempauta.com\/portal\/wp-content\/uploads\/2025\/02\/PREFEITURA-MUNICIPAL-10.jpeg\" alt=\"\" class=\"wp-image-267603\" srcset=\"https:\/\/noticiaempauta.com\/portal\/wp-content\/uploads\/2025\/02\/PREFEITURA-MUNICIPAL-10.jpeg 400w, https:\/\/noticiaempauta.com\/portal\/wp-content\/uploads\/2025\/02\/PREFEITURA-MUNICIPAL-10-300x225.jpeg 300w\" sizes=\"(max-width: 400px) 100vw, 400px\" \/><\/figure>\n\n\n\n<figure class=\"wp-block-image size-full\"><img loading=\"lazy\" decoding=\"async\" width=\"400\" height=\"300\" src=\"https:\/\/noticiaempauta.com\/portal\/wp-content\/uploads\/2025\/02\/PREFEITURA-MUNICIPAL-11.jpeg\" alt=\"\" class=\"wp-image-267604\" srcset=\"https:\/\/noticiaempauta.com\/portal\/wp-content\/uploads\/2025\/02\/PREFEITURA-MUNICIPAL-11.jpeg 400w, https:\/\/noticiaempauta.com\/portal\/wp-content\/uploads\/2025\/02\/PREFEITURA-MUNICIPAL-11-300x225.jpeg 300w\" sizes=\"(max-width: 400px) 100vw, 400px\" \/><\/figure>\n\n\n\n<figure class=\"wp-block-image size-full\"><img loading=\"lazy\" decoding=\"async\" width=\"400\" height=\"300\" src=\"https:\/\/noticiaempauta.com\/portal\/wp-content\/uploads\/2025\/02\/PREFEITURA-MUNICIPAL-15.jpeg\" alt=\"\" class=\"wp-image-267605\" srcset=\"https:\/\/noticiaempauta.com\/portal\/wp-content\/uploads\/2025\/02\/PREFEITURA-MUNICIPAL-15.jpeg 400w, https:\/\/noticiaempauta.com\/portal\/wp-content\/uploads\/2025\/02\/PREFEITURA-MUNICIPAL-15-300x225.jpeg 300w\" sizes=\"(max-width: 400px) 100vw, 400px\" \/><\/figure>\n\n\n\n<figure class=\"wp-block-image size-full\"><img loading=\"lazy\" decoding=\"async\" width=\"400\" height=\"300\" src=\"https:\/\/noticiaempauta.com\/portal\/wp-content\/uploads\/2025\/02\/PREFEITURA-MUNICIPAL-16.jpeg\" alt=\"\" class=\"wp-image-267606\" srcset=\"https:\/\/noticiaempauta.com\/portal\/wp-content\/uploads\/2025\/02\/PREFEITURA-MUNICIPAL-16.jpeg 400w, https:\/\/noticiaempauta.com\/portal\/wp-content\/uploads\/2025\/02\/PREFEITURA-MUNICIPAL-16-300x225.jpeg 300w\" sizes=\"(max-width: 400px) 100vw, 400px\" \/><\/figure>\n\n\n\n<figure class=\"wp-block-image size-full\"><img loading=\"lazy\" decoding=\"async\" width=\"300\" height=\"400\" src=\"https:\/\/noticiaempauta.com\/portal\/wp-content\/uploads\/2025\/02\/PREFEITURA-MUNICIPAL.jpeg\" alt=\"\" class=\"wp-image-267607\" srcset=\"https:\/\/noticiaempauta.com\/portal\/wp-content\/uploads\/2025\/02\/PREFEITURA-MUNICIPAL.jpeg 300w, https:\/\/noticiaempauta.com\/portal\/wp-content\/uploads\/2025\/02\/PREFEITURA-MUNICIPAL-225x300.jpeg 225w\" sizes=\"(max-width: 300px) 100vw, 300px\" \/><\/figure>\n\n\n\n<figure class=\"wp-block-image size-full\"><img loading=\"lazy\" decoding=\"async\" width=\"400\" height=\"300\" src=\"https:\/\/noticiaempauta.com\/portal\/wp-content\/uploads\/2025\/02\/01.jpg\" alt=\"\" class=\"wp-image-267608\" srcset=\"https:\/\/noticiaempauta.com\/portal\/wp-content\/uploads\/2025\/02\/01.jpg 400w, https:\/\/noticiaempauta.com\/portal\/wp-content\/uploads\/2025\/02\/01-300x225.jpg 300w\" sizes=\"(max-width: 400px) 100vw, 400px\" \/><\/figure>\n\n\n\n<figure class=\"wp-block-image size-full\"><img loading=\"lazy\" decoding=\"async\" width=\"400\" height=\"300\" src=\"https:\/\/noticiaempauta.com\/portal\/wp-content\/uploads\/2025\/02\/39-1.jpg\" alt=\"\" class=\"wp-image-267609\" srcset=\"https:\/\/noticiaempauta.com\/portal\/wp-content\/uploads\/2025\/02\/39-1.jpg 400w, https:\/\/noticiaempauta.com\/portal\/wp-content\/uploads\/2025\/02\/39-1-300x225.jpg 300w\" sizes=\"(max-width: 400px) 100vw, 400px\" \/><\/figure>\n\n\n\n<figure class=\"wp-block-image size-full\"><img loading=\"lazy\" decoding=\"async\" width=\"400\" height=\"300\" src=\"https:\/\/noticiaempauta.com\/portal\/wp-content\/uploads\/2025\/02\/37.jpg\" alt=\"\" class=\"wp-image-267610\" srcset=\"https:\/\/noticiaempauta.com\/portal\/wp-content\/uploads\/2025\/02\/37.jpg 400w, https:\/\/noticiaempauta.com\/portal\/wp-content\/uploads\/2025\/02\/37-300x225.jpg 300w\" sizes=\"(max-width: 400px) 100vw, 400px\" \/><\/figure>\n\n\n\n<figure class=\"wp-block-image size-full\"><img loading=\"lazy\" decoding=\"async\" width=\"400\" height=\"300\" src=\"https:\/\/noticiaempauta.com\/portal\/wp-content\/uploads\/2025\/02\/30-1.jpg\" alt=\"\" class=\"wp-image-267611\" srcset=\"https:\/\/noticiaempauta.com\/portal\/wp-content\/uploads\/2025\/02\/30-1.jpg 400w, https:\/\/noticiaempauta.com\/portal\/wp-content\/uploads\/2025\/02\/30-1-300x225.jpg 300w\" sizes=\"(max-width: 400px) 100vw, 400px\" \/><\/figure>\n\n\n\n<figure class=\"wp-block-image size-full\"><img loading=\"lazy\" decoding=\"async\" width=\"300\" height=\"400\" src=\"https:\/\/noticiaempauta.com\/portal\/wp-content\/uploads\/2025\/02\/32-1.jpg\" alt=\"\" class=\"wp-image-267612\" srcset=\"https:\/\/noticiaempauta.com\/portal\/wp-content\/uploads\/2025\/02\/32-1.jpg 300w, https:\/\/noticiaempauta.com\/portal\/wp-content\/uploads\/2025\/02\/32-1-225x300.jpg 225w\" sizes=\"(max-width: 300px) 100vw, 300px\" \/><\/figure>\n\n\n\n<figure class=\"wp-block-image size-full\"><img loading=\"lazy\" decoding=\"async\" width=\"400\" height=\"300\" src=\"https:\/\/noticiaempauta.com\/portal\/wp-content\/uploads\/2025\/02\/34-1.jpg\" alt=\"\" class=\"wp-image-267613\" srcset=\"https:\/\/noticiaempauta.com\/portal\/wp-content\/uploads\/2025\/02\/34-1.jpg 400w, https:\/\/noticiaempauta.com\/portal\/wp-content\/uploads\/2025\/02\/34-1-300x225.jpg 300w\" sizes=\"(max-width: 400px) 100vw, 400px\" \/><\/figure>\n\n\n\n<figure class=\"wp-block-image size-full\"><img loading=\"lazy\" decoding=\"async\" width=\"400\" height=\"300\" src=\"https:\/\/noticiaempauta.com\/portal\/wp-content\/uploads\/2025\/02\/29.jpg\" alt=\"\" class=\"wp-image-267614\" srcset=\"https:\/\/noticiaempauta.com\/portal\/wp-content\/uploads\/2025\/02\/29.jpg 400w, https:\/\/noticiaempauta.com\/portal\/wp-content\/uploads\/2025\/02\/29-300x225.jpg 300w\" sizes=\"(max-width: 400px) 100vw, 400px\" \/><\/figure>\n\n\n\n<figure class=\"wp-block-image size-full\"><img loading=\"lazy\" decoding=\"async\" width=\"400\" height=\"300\" src=\"https:\/\/noticiaempauta.com\/portal\/wp-content\/uploads\/2025\/02\/27.jpg\" alt=\"\" class=\"wp-image-267615\" srcset=\"https:\/\/noticiaempauta.com\/portal\/wp-content\/uploads\/2025\/02\/27.jpg 400w, https:\/\/noticiaempauta.com\/portal\/wp-content\/uploads\/2025\/02\/27-300x225.jpg 300w\" sizes=\"(max-width: 400px) 100vw, 400px\" \/><\/figure>\n\n\n\n<figure class=\"wp-block-image size-full\"><img loading=\"lazy\" decoding=\"async\" width=\"267\" height=\"400\" src=\"https:\/\/noticiaempauta.com\/portal\/wp-content\/uploads\/2025\/02\/25.jpg\" alt=\"\" class=\"wp-image-267616\" srcset=\"https:\/\/noticiaempauta.com\/portal\/wp-content\/uploads\/2025\/02\/25.jpg 267w, https:\/\/noticiaempauta.com\/portal\/wp-content\/uploads\/2025\/02\/25-200x300.jpg 200w\" sizes=\"(max-width: 267px) 100vw, 267px\" \/><\/figure>\n\n\n\n<figure class=\"wp-block-image size-full is-resized\"><img loading=\"lazy\" decoding=\"async\" width=\"267\" height=\"400\" src=\"https:\/\/noticiaempauta.com\/portal\/wp-content\/uploads\/2025\/02\/26.jpg\" alt=\"\" class=\"wp-image-267617\" style=\"width:268px;height:auto\" srcset=\"https:\/\/noticiaempauta.com\/portal\/wp-content\/uploads\/2025\/02\/26.jpg 267w, https:\/\/noticiaempauta.com\/portal\/wp-content\/uploads\/2025\/02\/26-200x300.jpg 200w\" sizes=\"(max-width: 267px) 100vw, 267px\" \/><\/figure>\n\n\n\n<figure class=\"wp-block-image size-full\"><img loading=\"lazy\" decoding=\"async\" width=\"247\" height=\"400\" src=\"https:\/\/noticiaempauta.com\/portal\/wp-content\/uploads\/2025\/02\/21.jpg\" alt=\"\" class=\"wp-image-267618\" srcset=\"https:\/\/noticiaempauta.com\/portal\/wp-content\/uploads\/2025\/02\/21.jpg 247w, https:\/\/noticiaempauta.com\/portal\/wp-content\/uploads\/2025\/02\/21-185x300.jpg 185w\" sizes=\"(max-width: 247px) 100vw, 247px\" \/><\/figure>\n\n\n\n<figure class=\"wp-block-image size-full\"><img loading=\"lazy\" decoding=\"async\" width=\"226\" height=\"400\" src=\"https:\/\/noticiaempauta.com\/portal\/wp-content\/uploads\/2025\/02\/19-1.jpg\" alt=\"\" class=\"wp-image-267620\" srcset=\"https:\/\/noticiaempauta.com\/portal\/wp-content\/uploads\/2025\/02\/19-1.jpg 226w, https:\/\/noticiaempauta.com\/portal\/wp-content\/uploads\/2025\/02\/19-1-170x300.jpg 170w\" sizes=\"(max-width: 226px) 100vw, 226px\" \/><\/figure>\n\n\n\n<figure class=\"wp-block-image size-full\"><img loading=\"lazy\" decoding=\"async\" width=\"226\" height=\"400\" src=\"https:\/\/noticiaempauta.com\/portal\/wp-content\/uploads\/2025\/02\/18.jpg\" alt=\"\" class=\"wp-image-267621\" srcset=\"https:\/\/noticiaempauta.com\/portal\/wp-content\/uploads\/2025\/02\/18.jpg 226w, https:\/\/noticiaempauta.com\/portal\/wp-content\/uploads\/2025\/02\/18-170x300.jpg 170w\" sizes=\"(max-width: 226px) 100vw, 226px\" \/><\/figure>\n\n\n\n<figure class=\"wp-block-image size-full\"><img loading=\"lazy\" decoding=\"async\" width=\"299\" height=\"400\" src=\"https:\/\/noticiaempauta.com\/portal\/wp-content\/uploads\/2025\/02\/06.jpg\" alt=\"\" class=\"wp-image-267622\" srcset=\"https:\/\/noticiaempauta.com\/portal\/wp-content\/uploads\/2025\/02\/06.jpg 299w, https:\/\/noticiaempauta.com\/portal\/wp-content\/uploads\/2025\/02\/06-224x300.jpg 224w\" sizes=\"(max-width: 299px) 100vw, 299px\" \/><\/figure>\n\n\n\n<figure class=\"wp-block-image size-full\"><img loading=\"lazy\" decoding=\"async\" width=\"299\" height=\"400\" src=\"https:\/\/noticiaempauta.com\/portal\/wp-content\/uploads\/2025\/02\/07.jpg\" alt=\"\" class=\"wp-image-267623\" srcset=\"https:\/\/noticiaempauta.com\/portal\/wp-content\/uploads\/2025\/02\/07.jpg 299w, https:\/\/noticiaempauta.com\/portal\/wp-content\/uploads\/2025\/02\/07-224x300.jpg 224w\" sizes=\"(max-width: 299px) 100vw, 299px\" \/><\/figure>\n\n\n\n<p>Fonte: AgoraED<\/p>\n","protected":false},"excerpt":{"rendered":"<p>Ap\u00f3s levantamento feito pela atual gest\u00e3o do prefeito Marciano Macedo, v\u00e1rias irregularidades foram encontradas em \u00f3rg\u00e3os p\u00fablicos, logradouros e frota de ve\u00edculos principalmente na parte estrutural onde os problemas detectados s\u00e3o vis\u00edveis e alarmantes. No que se refere a educa\u00e7\u00e3o, duas escolas municipais apresentam graves problemas desde da estrutura f\u00edsica, material de trabalho e estado [&hellip;]<\/p>\n","protected":false},"author":2,"featured_media":267578,"comment_status":"open","ping_status":"open","sticky":false,"template":"","format":"standard","meta":{"_mi_skip_tracking":false,"footnotes":""},"categories":[25,1,9,16],"tags":[],"class_list":["post-267577","post","type-post","status-publish","format-standard","has-post-thumbnail","hentry","category-destaques-site","category-geral","category-municipios","category-todas"],"acf":[],"yoast_head":"<!-- This site is optimized with the Yoast SEO Premium plugin v19.2 (Yoast SEO v26.9) - https:\/\/yoast.com\/product\/yoast-seo-premium-wordpress\/ -->\n<title>Gest\u00e3o do prefeito Marciano Macedo em Aroeiras do Itaim encontra escolas com estruturas comprometidas e ve\u00edculos sucateados - Portal Not\u00edcia em Pauta<\/title>\n<meta name=\"robots\" content=\"index, follow, max-snippet:-1, max-image-preview:large, max-video-preview:-1\" \/>\n<link rel=\"canonical\" href=\"https:\/\/noticiaempauta.com\/portal\/gestao-do-prefeito-marciano-macedo-em-aroeiras-do-itaim-encontra-escolas-com-estruturas-comprometidas-e-veiculos-sucateados\/\" \/>\n<meta property=\"og:locale\" content=\"pt_BR\" \/>\n<meta property=\"og:type\" content=\"article\" \/>\n<meta property=\"og:title\" content=\"Gest\u00e3o do prefeito Marciano Macedo em Aroeiras do Itaim encontra escolas com estruturas comprometidas e ve\u00edculos sucateados\" \/>\n<meta property=\"og:description\" content=\"Ap\u00f3s levantamento feito pela atual gest\u00e3o do prefeito Marciano Macedo, v\u00e1rias irregularidades foram encontradas em \u00f3rg\u00e3os p\u00fablicos, logradouros e frota de ve\u00edculos principalmente na parte estrutural onde os problemas detectados s\u00e3o vis\u00edveis e alarmantes. No que se refere a educa\u00e7\u00e3o, duas escolas municipais apresentam graves problemas desde da estrutura f\u00edsica, material de trabalho e estado [&hellip;]\" \/>\n<meta property=\"og:url\" content=\"https:\/\/noticiaempauta.com\/portal\/gestao-do-prefeito-marciano-macedo-em-aroeiras-do-itaim-encontra-escolas-com-estruturas-comprometidas-e-veiculos-sucateados\/\" \/>\n<meta property=\"og:site_name\" content=\"Portal Not\u00edcia em Pauta\" \/>\n<meta property=\"article:publisher\" content=\"https:\/\/www.facebook.com\/Portal-Notcia-Em-Pauta-102292869264820\/\" \/>\n<meta property=\"article:published_time\" content=\"2025-02-11T20:04:45+00:00\" \/>\n<meta property=\"article:modified_time\" content=\"2025-02-11T20:14:25+00:00\" \/>\n<meta property=\"og:image\" content=\"https:\/\/noticiaempauta.com\/portal\/wp-content\/uploads\/2025\/02\/FA-IMG-c75027ddd54effd47cb2.jpg\" \/>\n\t<meta property=\"og:image:width\" content=\"1297\" \/>\n\t<meta property=\"og:image:height\" content=\"974\" \/>\n\t<meta property=\"og:image:type\" content=\"image\/jpeg\" \/>\n<meta name=\"author\" content=\"Reda\u00e7\u00e3o\" \/>\n<meta name=\"twitter:card\" content=\"summary_large_image\" \/>\n<meta name=\"twitter:label1\" content=\"Escrito por\" \/>\n\t<meta name=\"twitter:data1\" content=\"Reda\u00e7\u00e3o\" \/>\n\t<meta name=\"twitter:label2\" content=\"Est. tempo de leitura\" \/>\n\t<meta name=\"twitter:data2\" content=\"12 minutos\" \/>\n<script type=\"application\/ld+json\" class=\"yoast-schema-graph\">{\"@context\":\"https:\/\/schema.org\",\"@graph\":[{\"@type\":\"Article\",\"@id\":\"https:\/\/noticiaempauta.com\/portal\/gestao-do-prefeito-marciano-macedo-em-aroeiras-do-itaim-encontra-escolas-com-estruturas-comprometidas-e-veiculos-sucateados\/#article\",\"isPartOf\":{\"@id\":\"https:\/\/noticiaempauta.com\/portal\/gestao-do-prefeito-marciano-macedo-em-aroeiras-do-itaim-encontra-escolas-com-estruturas-comprometidas-e-veiculos-sucateados\/\"},\"author\":{\"name\":\"Reda\u00e7\u00e3o\",\"@id\":\"https:\/\/noticiaempauta.com\/portal\/#\/schema\/person\/a74af43dd1ab3deca45f988c717d57ac\"},\"headline\":\"Gest\u00e3o do prefeito Marciano Macedo em Aroeiras do Itaim encontra escolas com estruturas comprometidas e ve\u00edculos sucateados\",\"datePublished\":\"2025-02-11T20:04:45+00:00\",\"dateModified\":\"2025-02-11T20:14:25+00:00\",\"mainEntityOfPage\":{\"@id\":\"https:\/\/noticiaempauta.com\/portal\/gestao-do-prefeito-marciano-macedo-em-aroeiras-do-itaim-encontra-escolas-com-estruturas-comprometidas-e-veiculos-sucateados\/\"},\"wordCount\":466,\"commentCount\":0,\"publisher\":{\"@id\":\"https:\/\/noticiaempauta.com\/portal\/#organization\"},\"image\":{\"@id\":\"https:\/\/noticiaempauta.com\/portal\/gestao-do-prefeito-marciano-macedo-em-aroeiras-do-itaim-encontra-escolas-com-estruturas-comprometidas-e-veiculos-sucateados\/#primaryimage\"},\"thumbnailUrl\":\"https:\/\/noticiaempauta.com\/portal\/wp-content\/uploads\/2025\/02\/FA-IMG-c75027ddd54effd47cb2.jpg\",\"articleSection\":[\"Destaques\",\"Geral\",\"Munic\u00edpios\",\"Todas as Not\u00edcias\"],\"inLanguage\":\"pt-BR\",\"potentialAction\":[{\"@type\":\"CommentAction\",\"name\":\"Comment\",\"target\":[\"https:\/\/noticiaempauta.com\/portal\/gestao-do-prefeito-marciano-macedo-em-aroeiras-do-itaim-encontra-escolas-com-estruturas-comprometidas-e-veiculos-sucateados\/#respond\"]}]},{\"@type\":\"WebPage\",\"@id\":\"https:\/\/noticiaempauta.com\/portal\/gestao-do-prefeito-marciano-macedo-em-aroeiras-do-itaim-encontra-escolas-com-estruturas-comprometidas-e-veiculos-sucateados\/\",\"url\":\"https:\/\/noticiaempauta.com\/portal\/gestao-do-prefeito-marciano-macedo-em-aroeiras-do-itaim-encontra-escolas-com-estruturas-comprometidas-e-veiculos-sucateados\/\",\"name\":\"Gest\u00e3o do prefeito Marciano Macedo em Aroeiras do Itaim encontra escolas com estruturas comprometidas e ve\u00edculos sucateados - Portal Not\u00edcia em Pauta\",\"isPartOf\":{\"@id\":\"https:\/\/noticiaempauta.com\/portal\/#website\"},\"primaryImageOfPage\":{\"@id\":\"https:\/\/noticiaempauta.com\/portal\/gestao-do-prefeito-marciano-macedo-em-aroeiras-do-itaim-encontra-escolas-com-estruturas-comprometidas-e-veiculos-sucateados\/#primaryimage\"},\"image\":{\"@id\":\"https:\/\/noticiaempauta.com\/portal\/gestao-do-prefeito-marciano-macedo-em-aroeiras-do-itaim-encontra-escolas-com-estruturas-comprometidas-e-veiculos-sucateados\/#primaryimage\"},\"thumbnailUrl\":\"https:\/\/noticiaempauta.com\/portal\/wp-content\/uploads\/2025\/02\/FA-IMG-c75027ddd54effd47cb2.jpg\",\"datePublished\":\"2025-02-11T20:04:45+00:00\",\"dateModified\":\"2025-02-11T20:14:25+00:00\",\"breadcrumb\":{\"@id\":\"https:\/\/noticiaempauta.com\/portal\/gestao-do-prefeito-marciano-macedo-em-aroeiras-do-itaim-encontra-escolas-com-estruturas-comprometidas-e-veiculos-sucateados\/#breadcrumb\"},\"inLanguage\":\"pt-BR\",\"potentialAction\":[{\"@type\":\"ReadAction\",\"target\":[\"https:\/\/noticiaempauta.com\/portal\/gestao-do-prefeito-marciano-macedo-em-aroeiras-do-itaim-encontra-escolas-com-estruturas-comprometidas-e-veiculos-sucateados\/\"]}]},{\"@type\":\"ImageObject\",\"inLanguage\":\"pt-BR\",\"@id\":\"https:\/\/noticiaempauta.com\/portal\/gestao-do-prefeito-marciano-macedo-em-aroeiras-do-itaim-encontra-escolas-com-estruturas-comprometidas-e-veiculos-sucateados\/#primaryimage\",\"url\":\"https:\/\/noticiaempauta.com\/portal\/wp-content\/uploads\/2025\/02\/FA-IMG-c75027ddd54effd47cb2.jpg\",\"contentUrl\":\"https:\/\/noticiaempauta.com\/portal\/wp-content\/uploads\/2025\/02\/FA-IMG-c75027ddd54effd47cb2.jpg\",\"width\":1297,\"height\":974},{\"@type\":\"BreadcrumbList\",\"@id\":\"https:\/\/noticiaempauta.com\/portal\/gestao-do-prefeito-marciano-macedo-em-aroeiras-do-itaim-encontra-escolas-com-estruturas-comprometidas-e-veiculos-sucateados\/#breadcrumb\",\"itemListElement\":[{\"@type\":\"ListItem\",\"position\":1,\"name\":\"P\u00e1gina Inicial\",\"item\":\"https:\/\/noticiaempauta.com\/portal\/\"},{\"@type\":\"ListItem\",\"position\":2,\"name\":\"Destaques\",\"item\":\"https:\/\/noticiaempauta.com\/portal\/destaques-site\/\"},{\"@type\":\"ListItem\",\"position\":3,\"name\":\"Gest\u00e3o do prefeito Marciano Macedo em Aroeiras do Itaim encontra escolas com estruturas comprometidas e ve\u00edculos sucateados\"}]},{\"@type\":\"WebSite\",\"@id\":\"https:\/\/noticiaempauta.com\/portal\/#website\",\"url\":\"https:\/\/noticiaempauta.com\/portal\/\",\"name\":\"Portal Not\u00edcia em Pauta\",\"description\":\"Voc\u00ea bem informado\",\"publisher\":{\"@id\":\"https:\/\/noticiaempauta.com\/portal\/#organization\"},\"potentialAction\":[{\"@type\":\"SearchAction\",\"target\":{\"@type\":\"EntryPoint\",\"urlTemplate\":\"https:\/\/noticiaempauta.com\/portal\/?s={search_term_string}\"},\"query-input\":{\"@type\":\"PropertyValueSpecification\",\"valueRequired\":true,\"valueName\":\"search_term_string\"}}],\"inLanguage\":\"pt-BR\"},{\"@type\":\"Organization\",\"@id\":\"https:\/\/noticiaempauta.com\/portal\/#organization\",\"name\":\"Portal Not\u00edcia em Pauta\",\"url\":\"https:\/\/noticiaempauta.com\/portal\/\",\"logo\":{\"@type\":\"ImageObject\",\"inLanguage\":\"pt-BR\",\"@id\":\"https:\/\/noticiaempauta.com\/portal\/#\/schema\/logo\/image\/\",\"url\":\"https:\/\/noticiaempauta.com\/portal\/wp-content\/uploads\/2022\/08\/logomarca_tema.fw_.png\",\"contentUrl\":\"https:\/\/noticiaempauta.com\/portal\/wp-content\/uploads\/2022\/08\/logomarca_tema.fw_.png\",\"width\":400,\"height\":232,\"caption\":\"Portal Not\u00edcia em Pauta\"},\"image\":{\"@id\":\"https:\/\/noticiaempauta.com\/portal\/#\/schema\/logo\/image\/\"},\"sameAs\":[\"https:\/\/www.facebook.com\/Portal-Notcia-Em-Pauta-102292869264820\/\",\"https:\/\/www.instagram.com\/portalnoticiaempauta\/\"]},{\"@type\":\"Person\",\"@id\":\"https:\/\/noticiaempauta.com\/portal\/#\/schema\/person\/a74af43dd1ab3deca45f988c717d57ac\",\"name\":\"Reda\u00e7\u00e3o\",\"image\":{\"@type\":\"ImageObject\",\"inLanguage\":\"pt-BR\",\"@id\":\"https:\/\/noticiaempauta.com\/portal\/#\/schema\/person\/image\/\",\"url\":\"https:\/\/secure.gravatar.com\/avatar\/03179346ecce6cdfc13361603e8f54242a90e5cde8618fa23c5c00aa2b0aadf3?s=96&d=mm&r=g\",\"contentUrl\":\"https:\/\/secure.gravatar.com\/avatar\/03179346ecce6cdfc13361603e8f54242a90e5cde8618fa23c5c00aa2b0aadf3?s=96&d=mm&r=g\",\"caption\":\"Reda\u00e7\u00e3o\"},\"sameAs\":[\"https:\/\/noticiaempauta.com\/portal\/\"],\"url\":\"https:\/\/noticiaempauta.com\/portal\/author\/fernando\/\"}]}<\/script>\n<!-- \/ Yoast SEO Premium plugin. -->","yoast_head_json":{"title":"Gest\u00e3o do prefeito Marciano Macedo em Aroeiras do Itaim encontra escolas com estruturas comprometidas e ve\u00edculos sucateados - Portal Not\u00edcia em Pauta","robots":{"index":"index","follow":"follow","max-snippet":"max-snippet:-1","max-image-preview":"max-image-preview:large","max-video-preview":"max-video-preview:-1"},"canonical":"https:\/\/noticiaempauta.com\/portal\/gestao-do-prefeito-marciano-macedo-em-aroeiras-do-itaim-encontra-escolas-com-estruturas-comprometidas-e-veiculos-sucateados\/","og_locale":"pt_BR","og_type":"article","og_title":"Gest\u00e3o do prefeito Marciano Macedo em Aroeiras do Itaim encontra escolas com estruturas comprometidas e ve\u00edculos sucateados","og_description":"Ap\u00f3s levantamento feito pela atual gest\u00e3o do prefeito Marciano Macedo, v\u00e1rias irregularidades foram encontradas em \u00f3rg\u00e3os p\u00fablicos, logradouros e frota de ve\u00edculos principalmente na parte estrutural onde os problemas detectados s\u00e3o vis\u00edveis e alarmantes. No que se refere a educa\u00e7\u00e3o, duas escolas municipais apresentam graves problemas desde da estrutura f\u00edsica, material de trabalho e estado [&hellip;]","og_url":"https:\/\/noticiaempauta.com\/portal\/gestao-do-prefeito-marciano-macedo-em-aroeiras-do-itaim-encontra-escolas-com-estruturas-comprometidas-e-veiculos-sucateados\/","og_site_name":"Portal Not\u00edcia em Pauta","article_publisher":"https:\/\/www.facebook.com\/Portal-Notcia-Em-Pauta-102292869264820\/","article_published_time":"2025-02-11T20:04:45+00:00","article_modified_time":"2025-02-11T20:14:25+00:00","og_image":[{"width":1297,"height":974,"url":"https:\/\/noticiaempauta.com\/portal\/wp-content\/uploads\/2025\/02\/FA-IMG-c75027ddd54effd47cb2.jpg","type":"image\/jpeg"}],"author":"Reda\u00e7\u00e3o","twitter_card":"summary_large_image","twitter_misc":{"Escrito por":"Reda\u00e7\u00e3o","Est. tempo de leitura":"12 minutos"},"schema":{"@context":"https:\/\/schema.org","@graph":[{"@type":"Article","@id":"https:\/\/noticiaempauta.com\/portal\/gestao-do-prefeito-marciano-macedo-em-aroeiras-do-itaim-encontra-escolas-com-estruturas-comprometidas-e-veiculos-sucateados\/#article","isPartOf":{"@id":"https:\/\/noticiaempauta.com\/portal\/gestao-do-prefeito-marciano-macedo-em-aroeiras-do-itaim-encontra-escolas-com-estruturas-comprometidas-e-veiculos-sucateados\/"},"author":{"name":"Reda\u00e7\u00e3o","@id":"https:\/\/noticiaempauta.com\/portal\/#\/schema\/person\/a74af43dd1ab3deca45f988c717d57ac"},"headline":"Gest\u00e3o do prefeito Marciano Macedo em Aroeiras do Itaim encontra escolas com estruturas comprometidas e ve\u00edculos sucateados","datePublished":"2025-02-11T20:04:45+00:00","dateModified":"2025-02-11T20:14:25+00:00","mainEntityOfPage":{"@id":"https:\/\/noticiaempauta.com\/portal\/gestao-do-prefeito-marciano-macedo-em-aroeiras-do-itaim-encontra-escolas-com-estruturas-comprometidas-e-veiculos-sucateados\/"},"wordCount":466,"commentCount":0,"publisher":{"@id":"https:\/\/noticiaempauta.com\/portal\/#organization"},"image":{"@id":"https:\/\/noticiaempauta.com\/portal\/gestao-do-prefeito-marciano-macedo-em-aroeiras-do-itaim-encontra-escolas-com-estruturas-comprometidas-e-veiculos-sucateados\/#primaryimage"},"thumbnailUrl":"https:\/\/noticiaempauta.com\/portal\/wp-content\/uploads\/2025\/02\/FA-IMG-c75027ddd54effd47cb2.jpg","articleSection":["Destaques","Geral","Munic\u00edpios","Todas as Not\u00edcias"],"inLanguage":"pt-BR","potentialAction":[{"@type":"CommentAction","name":"Comment","target":["https:\/\/noticiaempauta.com\/portal\/gestao-do-prefeito-marciano-macedo-em-aroeiras-do-itaim-encontra-escolas-com-estruturas-comprometidas-e-veiculos-sucateados\/#respond"]}]},{"@type":"WebPage","@id":"https:\/\/noticiaempauta.com\/portal\/gestao-do-prefeito-marciano-macedo-em-aroeiras-do-itaim-encontra-escolas-com-estruturas-comprometidas-e-veiculos-sucateados\/","url":"https:\/\/noticiaempauta.com\/portal\/gestao-do-prefeito-marciano-macedo-em-aroeiras-do-itaim-encontra-escolas-com-estruturas-comprometidas-e-veiculos-sucateados\/","name":"Gest\u00e3o do prefeito Marciano Macedo em Aroeiras do Itaim encontra escolas com estruturas comprometidas e ve\u00edculos sucateados - Portal Not\u00edcia em Pauta","isPartOf":{"@id":"https:\/\/noticiaempauta.com\/portal\/#website"},"primaryImageOfPage":{"@id":"https:\/\/noticiaempauta.com\/portal\/gestao-do-prefeito-marciano-macedo-em-aroeiras-do-itaim-encontra-escolas-com-estruturas-comprometidas-e-veiculos-sucateados\/#primaryimage"},"image":{"@id":"https:\/\/noticiaempauta.com\/portal\/gestao-do-prefeito-marciano-macedo-em-aroeiras-do-itaim-encontra-escolas-com-estruturas-comprometidas-e-veiculos-sucateados\/#primaryimage"},"thumbnailUrl":"https:\/\/noticiaempauta.com\/portal\/wp-content\/uploads\/2025\/02\/FA-IMG-c75027ddd54effd47cb2.jpg","datePublished":"2025-02-11T20:04:45+00:00","dateModified":"2025-02-11T20:14:25+00:00","breadcrumb":{"@id":"https:\/\/noticiaempauta.com\/portal\/gestao-do-prefeito-marciano-macedo-em-aroeiras-do-itaim-encontra-escolas-com-estruturas-comprometidas-e-veiculos-sucateados\/#breadcrumb"},"inLanguage":"pt-BR","potentialAction":[{"@type":"ReadAction","target":["https:\/\/noticiaempauta.com\/portal\/gestao-do-prefeito-marciano-macedo-em-aroeiras-do-itaim-encontra-escolas-com-estruturas-comprometidas-e-veiculos-sucateados\/"]}]},{"@type":"ImageObject","inLanguage":"pt-BR","@id":"https:\/\/noticiaempauta.com\/portal\/gestao-do-prefeito-marciano-macedo-em-aroeiras-do-itaim-encontra-escolas-com-estruturas-comprometidas-e-veiculos-sucateados\/#primaryimage","url":"https:\/\/noticiaempauta.com\/portal\/wp-content\/uploads\/2025\/02\/FA-IMG-c75027ddd54effd47cb2.jpg","contentUrl":"https:\/\/noticiaempauta.com\/portal\/wp-content\/uploads\/2025\/02\/FA-IMG-c75027ddd54effd47cb2.jpg","width":1297,"height":974},{"@type":"BreadcrumbList","@id":"https:\/\/noticiaempauta.com\/portal\/gestao-do-prefeito-marciano-macedo-em-aroeiras-do-itaim-encontra-escolas-com-estruturas-comprometidas-e-veiculos-sucateados\/#breadcrumb","itemListElement":[{"@type":"ListItem","position":1,"name":"P\u00e1gina Inicial","item":"https:\/\/noticiaempauta.com\/portal\/"},{"@type":"ListItem","position":2,"name":"Destaques","item":"https:\/\/noticiaempauta.com\/portal\/destaques-site\/"},{"@type":"ListItem","position":3,"name":"Gest\u00e3o do prefeito Marciano Macedo em Aroeiras do Itaim encontra escolas com estruturas comprometidas e ve\u00edculos sucateados"}]},{"@type":"WebSite","@id":"https:\/\/noticiaempauta.com\/portal\/#website","url":"https:\/\/noticiaempauta.com\/portal\/","name":"Portal Not\u00edcia em Pauta","description":"Voc\u00ea bem informado","publisher":{"@id":"https:\/\/noticiaempauta.com\/portal\/#organization"},"potentialAction":[{"@type":"SearchAction","target":{"@type":"EntryPoint","urlTemplate":"https:\/\/noticiaempauta.com\/portal\/?s={search_term_string}"},"query-input":{"@type":"PropertyValueSpecification","valueRequired":true,"valueName":"search_term_string"}}],"inLanguage":"pt-BR"},{"@type":"Organization","@id":"https:\/\/noticiaempauta.com\/portal\/#organization","name":"Portal Not\u00edcia em Pauta","url":"https:\/\/noticiaempauta.com\/portal\/","logo":{"@type":"ImageObject","inLanguage":"pt-BR","@id":"https:\/\/noticiaempauta.com\/portal\/#\/schema\/logo\/image\/","url":"https:\/\/noticiaempauta.com\/portal\/wp-content\/uploads\/2022\/08\/logomarca_tema.fw_.png","contentUrl":"https:\/\/noticiaempauta.com\/portal\/wp-content\/uploads\/2022\/08\/logomarca_tema.fw_.png","width":400,"height":232,"caption":"Portal Not\u00edcia em Pauta"},"image":{"@id":"https:\/\/noticiaempauta.com\/portal\/#\/schema\/logo\/image\/"},"sameAs":["https:\/\/www.facebook.com\/Portal-Notcia-Em-Pauta-102292869264820\/","https:\/\/www.instagram.com\/portalnoticiaempauta\/"]},{"@type":"Person","@id":"https:\/\/noticiaempauta.com\/portal\/#\/schema\/person\/a74af43dd1ab3deca45f988c717d57ac","name":"Reda\u00e7\u00e3o","image":{"@type":"ImageObject","inLanguage":"pt-BR","@id":"https:\/\/noticiaempauta.com\/portal\/#\/schema\/person\/image\/","url":"https:\/\/secure.gravatar.com\/avatar\/03179346ecce6cdfc13361603e8f54242a90e5cde8618fa23c5c00aa2b0aadf3?s=96&d=mm&r=g","contentUrl":"https:\/\/secure.gravatar.com\/avatar\/03179346ecce6cdfc13361603e8f54242a90e5cde8618fa23c5c00aa2b0aadf3?s=96&d=mm&r=g","caption":"Reda\u00e7\u00e3o"},"sameAs":["https:\/\/noticiaempauta.com\/portal\/"],"url":"https:\/\/noticiaempauta.com\/portal\/author\/fernando\/"}]}},"_links":{"self":[{"href":"https:\/\/noticiaempauta.com\/portal\/wp-json\/wp\/v2\/posts\/267577","targetHints":{"allow":["GET"]}}],"collection":[{"href":"https:\/\/noticiaempauta.com\/portal\/wp-json\/wp\/v2\/posts"}],"about":[{"href":"https:\/\/noticiaempauta.com\/portal\/wp-json\/wp\/v2\/types\/post"}],"author":[{"embeddable":true,"href":"https:\/\/noticiaempauta.com\/portal\/wp-json\/wp\/v2\/users\/2"}],"replies":[{"embeddable":true,"href":"https:\/\/noticiaempauta.com\/portal\/wp-json\/wp\/v2\/comments?post=267577"}],"version-history":[{"count":9,"href":"https:\/\/noticiaempauta.com\/portal\/wp-json\/wp\/v2\/posts\/267577\/revisions"}],"predecessor-version":[{"id":267632,"href":"https:\/\/noticiaempauta.com\/portal\/wp-json\/wp\/v2\/posts\/267577\/revisions\/267632"}],"wp:featuredmedia":[{"embeddable":true,"href":"https:\/\/noticiaempauta.com\/portal\/wp-json\/wp\/v2\/media\/267578"}],"wp:attachment":[{"href":"https:\/\/noticiaempauta.com\/portal\/wp-json\/wp\/v2\/media?parent=267577"}],"wp:term":[{"taxonomy":"category","embeddable":true,"href":"https:\/\/noticiaempauta.com\/portal\/wp-json\/wp\/v2\/categories?post=267577"},{"taxonomy":"post_tag","embeddable":true,"href":"https:\/\/noticiaempauta.com\/portal\/wp-json\/wp\/v2\/tags?post=267577"}],"curies":[{"name":"wp","href":"https:\/\/api.w.org\/{rel}","templated":true}]}}