{"id":267635,"date":"2025-02-12T14:46:15","date_gmt":"2025-02-12T17:46:15","guid":{"rendered":"https:\/\/noticiaempauta.com\/portal\/?p=267635"},"modified":"2025-02-12T14:46:18","modified_gmt":"2025-02-12T17:46:18","slug":"policia-desarticula-plantacao-de-maconha-e-apreende-5-toneladas-no-piaui","status":"publish","type":"post","link":"https:\/\/noticiaempauta.com\/portal\/policia-desarticula-plantacao-de-maconha-e-apreende-5-toneladas-no-piaui\/","title":{"rendered":"Pol\u00edcia desarticula planta\u00e7\u00e3o de maconha e apreende 5 toneladas no Piau\u00ed"},"content":{"rendered":"\n<p>Uma opera\u00e7\u00e3o conjunta entre a Pol\u00edcia Militar do Piau\u00ed (PM-PI), a Pol\u00edcia Militar da Bahia (PMBA) e a Pol\u00edcia Federal (PF) resultou na erradica\u00e7\u00e3o de uma planta\u00e7\u00e3o de maconha na zona rural de Dom Inoc\u00eancio, no Piau\u00ed, na madrugada desta ter\u00e7a-feira (11). A a\u00e7\u00e3o, que contou com o Batalh\u00e3o Especial de Policiamento do Interior (BEPI) e o 11\u00ba BPM de S\u00e3o Raimundo Nonato, desarticulou um esquema de cultivo que poderia produzir cerca de cinco toneladas da droga.<\/p>\n\n\n\n<figure class=\"wp-block-image size-full\"><img fetchpriority=\"high\" decoding=\"async\" width=\"780\" height=\"470\" src=\"https:\/\/noticiaempauta.com\/portal\/wp-content\/uploads\/2025\/02\/bf9b29f0-fe19-45df-ae20-a387b87e2efb-780x470-1.webp\" alt=\"\" class=\"wp-image-267638\" srcset=\"https:\/\/noticiaempauta.com\/portal\/wp-content\/uploads\/2025\/02\/bf9b29f0-fe19-45df-ae20-a387b87e2efb-780x470-1.webp 780w, https:\/\/noticiaempauta.com\/portal\/wp-content\/uploads\/2025\/02\/bf9b29f0-fe19-45df-ae20-a387b87e2efb-780x470-1-300x181.webp 300w, https:\/\/noticiaempauta.com\/portal\/wp-content\/uploads\/2025\/02\/bf9b29f0-fe19-45df-ae20-a387b87e2efb-780x470-1-768x463.webp 768w\" sizes=\"(max-width: 780px) 100vw, 780px\" \/><\/figure>\n\n\n\n<p>Durante a opera\u00e7\u00e3o, um homem de 48 anos, natural de Cod\u00f3 (MA), foi preso em flagrante no local. Ele foi conduzido \u00e0 Pol\u00edcia Federal para os procedimentos legais. Toda a droga encontrada foi incinerada no pr\u00f3prio terreno, seguindo os protocolos de seguran\u00e7a sob a supervis\u00e3o das equipes especializadas.<\/p>\n\n\n\n<figure class=\"wp-block-image size-large\"><img decoding=\"async\" width=\"1024\" height=\"817\" src=\"https:\/\/noticiaempauta.com\/portal\/wp-content\/uploads\/2025\/02\/58776666-1024x817.jpg\" alt=\"\" class=\"wp-image-267637\" srcset=\"https:\/\/noticiaempauta.com\/portal\/wp-content\/uploads\/2025\/02\/58776666-1024x817.jpg 1024w, https:\/\/noticiaempauta.com\/portal\/wp-content\/uploads\/2025\/02\/58776666-300x239.jpg 300w, https:\/\/noticiaempauta.com\/portal\/wp-content\/uploads\/2025\/02\/58776666-768x613.jpg 768w, https:\/\/noticiaempauta.com\/portal\/wp-content\/uploads\/2025\/02\/58776666.jpg 1152w\" sizes=\"(max-width: 1024px) 100vw, 1024px\" \/><\/figure>\n\n\n\n<p>A a\u00e7\u00e3o faz parte de um esfor\u00e7o das for\u00e7as de seguran\u00e7a para intensificar o combate ao tr\u00e1fico de drogas na regi\u00e3o de divisa entre o Piau\u00ed e a Bahia. Segundo a PM-PI, a opera\u00e7\u00e3o refor\u00e7a a presen\u00e7a policial na \u00e1rea e impede que grandes quantidades de entorpecentes entrem no mercado il\u00edcito.<\/p>\n\n\n\n<p>O Comandante-Geral da PM-PI, Coronel Sheiwann Lopes, destacou que a iniciativa segue as diretrizes da Secretaria de Seguran\u00e7a P\u00fablica para fortalecer a fiscaliza\u00e7\u00e3o nas fronteiras estaduais e combater o crime organizado.<\/p>\n\n\n\n<p><em>Fonte: Secretaria de Seguran\u00e7a P\u00fablica do Piau\u00ed | Fotos: Divulga\u00e7\u00e3o SSP-PI<\/em><\/p>\n","protected":false},"excerpt":{"rendered":"<p>Uma opera\u00e7\u00e3o conjunta entre a Pol\u00edcia Militar do Piau\u00ed (PM-PI), a Pol\u00edcia Militar da Bahia (PMBA) e a Pol\u00edcia Federal (PF) resultou na erradica\u00e7\u00e3o de uma planta\u00e7\u00e3o de maconha na zona rural de Dom Inoc\u00eancio, no Piau\u00ed, na madrugada desta ter\u00e7a-feira (11). A a\u00e7\u00e3o, que contou com o Batalh\u00e3o Especial de Policiamento do Interior (BEPI) [&hellip;]<\/p>\n","protected":false},"author":2,"featured_media":267638,"comment_status":"open","ping_status":"open","sticky":false,"template":"","format":"standard","meta":{"_mi_skip_tracking":false,"footnotes":""},"categories":[25,1,9,137,16],"tags":[192],"class_list":["post-267635","post","type-post","status-publish","format-standard","has-post-thumbnail","hentry","category-destaques-site","category-geral","category-municipios","category-policia","category-todas","tag-destaqueprincipal"],"acf":[],"yoast_head":"<!-- This site is optimized with the Yoast SEO Premium plugin v19.2 (Yoast SEO v26.9) - https:\/\/yoast.com\/product\/yoast-seo-premium-wordpress\/ -->\n<title>Pol\u00edcia desarticula planta\u00e7\u00e3o de maconha e apreende 5 toneladas no Piau\u00ed - Portal Not\u00edcia em Pauta<\/title>\n<meta name=\"robots\" content=\"index, follow, max-snippet:-1, max-image-preview:large, max-video-preview:-1\" \/>\n<link rel=\"canonical\" href=\"https:\/\/noticiaempauta.com\/portal\/policia-desarticula-plantacao-de-maconha-e-apreende-5-toneladas-no-piaui\/\" \/>\n<meta property=\"og:locale\" content=\"pt_BR\" \/>\n<meta property=\"og:type\" content=\"article\" \/>\n<meta property=\"og:title\" content=\"Pol\u00edcia desarticula planta\u00e7\u00e3o de maconha e apreende 5 toneladas no Piau\u00ed\" \/>\n<meta property=\"og:description\" content=\"Uma opera\u00e7\u00e3o conjunta entre a Pol\u00edcia Militar do Piau\u00ed (PM-PI), a Pol\u00edcia Militar da Bahia (PMBA) e a Pol\u00edcia Federal (PF) resultou na erradica\u00e7\u00e3o de uma planta\u00e7\u00e3o de maconha na zona rural de Dom Inoc\u00eancio, no Piau\u00ed, na madrugada desta ter\u00e7a-feira (11). A a\u00e7\u00e3o, que contou com o Batalh\u00e3o Especial de Policiamento do Interior (BEPI) [&hellip;]\" \/>\n<meta property=\"og:url\" content=\"https:\/\/noticiaempauta.com\/portal\/policia-desarticula-plantacao-de-maconha-e-apreende-5-toneladas-no-piaui\/\" \/>\n<meta property=\"og:site_name\" content=\"Portal Not\u00edcia em Pauta\" \/>\n<meta property=\"article:publisher\" content=\"https:\/\/www.facebook.com\/Portal-Notcia-Em-Pauta-102292869264820\/\" \/>\n<meta property=\"article:published_time\" content=\"2025-02-12T17:46:15+00:00\" \/>\n<meta property=\"article:modified_time\" content=\"2025-02-12T17:46:18+00:00\" \/>\n<meta property=\"og:image\" content=\"https:\/\/noticiaempauta.com\/portal\/wp-content\/uploads\/2025\/02\/bf9b29f0-fe19-45df-ae20-a387b87e2efb-780x470-1.webp\" \/>\n\t<meta property=\"og:image:width\" content=\"780\" \/>\n\t<meta property=\"og:image:height\" content=\"470\" \/>\n\t<meta property=\"og:image:type\" content=\"image\/webp\" \/>\n<meta name=\"author\" content=\"Reda\u00e7\u00e3o\" \/>\n<meta name=\"twitter:card\" content=\"summary_large_image\" \/>\n<meta name=\"twitter:label1\" content=\"Escrito por\" \/>\n\t<meta name=\"twitter:data1\" content=\"Reda\u00e7\u00e3o\" \/>\n\t<meta name=\"twitter:label2\" content=\"Est. tempo de leitura\" \/>\n\t<meta name=\"twitter:data2\" content=\"2 minutos\" \/>\n<script type=\"application\/ld+json\" class=\"yoast-schema-graph\">{\"@context\":\"https:\/\/schema.org\",\"@graph\":[{\"@type\":\"Article\",\"@id\":\"https:\/\/noticiaempauta.com\/portal\/policia-desarticula-plantacao-de-maconha-e-apreende-5-toneladas-no-piaui\/#article\",\"isPartOf\":{\"@id\":\"https:\/\/noticiaempauta.com\/portal\/policia-desarticula-plantacao-de-maconha-e-apreende-5-toneladas-no-piaui\/\"},\"author\":{\"name\":\"Reda\u00e7\u00e3o\",\"@id\":\"https:\/\/noticiaempauta.com\/portal\/#\/schema\/person\/a74af43dd1ab3deca45f988c717d57ac\"},\"headline\":\"Pol\u00edcia desarticula planta\u00e7\u00e3o de maconha e apreende 5 toneladas no Piau\u00ed\",\"datePublished\":\"2025-02-12T17:46:15+00:00\",\"dateModified\":\"2025-02-12T17:46:18+00:00\",\"mainEntityOfPage\":{\"@id\":\"https:\/\/noticiaempauta.com\/portal\/policia-desarticula-plantacao-de-maconha-e-apreende-5-toneladas-no-piaui\/\"},\"wordCount\":257,\"commentCount\":0,\"publisher\":{\"@id\":\"https:\/\/noticiaempauta.com\/portal\/#organization\"},\"image\":{\"@id\":\"https:\/\/noticiaempauta.com\/portal\/policia-desarticula-plantacao-de-maconha-e-apreende-5-toneladas-no-piaui\/#primaryimage\"},\"thumbnailUrl\":\"https:\/\/noticiaempauta.com\/portal\/wp-content\/uploads\/2025\/02\/bf9b29f0-fe19-45df-ae20-a387b87e2efb-780x470-1.webp\",\"keywords\":[\"destaqueprincipal\"],\"articleSection\":[\"Destaques\",\"Geral\",\"Munic\u00edpios\",\"Pol\u00edcia\",\"Todas as Not\u00edcias\"],\"inLanguage\":\"pt-BR\",\"potentialAction\":[{\"@type\":\"CommentAction\",\"name\":\"Comment\",\"target\":[\"https:\/\/noticiaempauta.com\/portal\/policia-desarticula-plantacao-de-maconha-e-apreende-5-toneladas-no-piaui\/#respond\"]}]},{\"@type\":\"WebPage\",\"@id\":\"https:\/\/noticiaempauta.com\/portal\/policia-desarticula-plantacao-de-maconha-e-apreende-5-toneladas-no-piaui\/\",\"url\":\"https:\/\/noticiaempauta.com\/portal\/policia-desarticula-plantacao-de-maconha-e-apreende-5-toneladas-no-piaui\/\",\"name\":\"Pol\u00edcia desarticula planta\u00e7\u00e3o de maconha e apreende 5 toneladas no Piau\u00ed - Portal Not\u00edcia em Pauta\",\"isPartOf\":{\"@id\":\"https:\/\/noticiaempauta.com\/portal\/#website\"},\"primaryImageOfPage\":{\"@id\":\"https:\/\/noticiaempauta.com\/portal\/policia-desarticula-plantacao-de-maconha-e-apreende-5-toneladas-no-piaui\/#primaryimage\"},\"image\":{\"@id\":\"https:\/\/noticiaempauta.com\/portal\/policia-desarticula-plantacao-de-maconha-e-apreende-5-toneladas-no-piaui\/#primaryimage\"},\"thumbnailUrl\":\"https:\/\/noticiaempauta.com\/portal\/wp-content\/uploads\/2025\/02\/bf9b29f0-fe19-45df-ae20-a387b87e2efb-780x470-1.webp\",\"datePublished\":\"2025-02-12T17:46:15+00:00\",\"dateModified\":\"2025-02-12T17:46:18+00:00\",\"breadcrumb\":{\"@id\":\"https:\/\/noticiaempauta.com\/portal\/policia-desarticula-plantacao-de-maconha-e-apreende-5-toneladas-no-piaui\/#breadcrumb\"},\"inLanguage\":\"pt-BR\",\"potentialAction\":[{\"@type\":\"ReadAction\",\"target\":[\"https:\/\/noticiaempauta.com\/portal\/policia-desarticula-plantacao-de-maconha-e-apreende-5-toneladas-no-piaui\/\"]}]},{\"@type\":\"ImageObject\",\"inLanguage\":\"pt-BR\",\"@id\":\"https:\/\/noticiaempauta.com\/portal\/policia-desarticula-plantacao-de-maconha-e-apreende-5-toneladas-no-piaui\/#primaryimage\",\"url\":\"https:\/\/noticiaempauta.com\/portal\/wp-content\/uploads\/2025\/02\/bf9b29f0-fe19-45df-ae20-a387b87e2efb-780x470-1.webp\",\"contentUrl\":\"https:\/\/noticiaempauta.com\/portal\/wp-content\/uploads\/2025\/02\/bf9b29f0-fe19-45df-ae20-a387b87e2efb-780x470-1.webp\",\"width\":780,\"height\":470},{\"@type\":\"BreadcrumbList\",\"@id\":\"https:\/\/noticiaempauta.com\/portal\/policia-desarticula-plantacao-de-maconha-e-apreende-5-toneladas-no-piaui\/#breadcrumb\",\"itemListElement\":[{\"@type\":\"ListItem\",\"position\":1,\"name\":\"P\u00e1gina Inicial\",\"item\":\"https:\/\/noticiaempauta.com\/portal\/\"},{\"@type\":\"ListItem\",\"position\":2,\"name\":\"Destaques\",\"item\":\"https:\/\/noticiaempauta.com\/portal\/destaques-site\/\"},{\"@type\":\"ListItem\",\"position\":3,\"name\":\"Pol\u00edcia desarticula planta\u00e7\u00e3o de maconha e apreende 5 toneladas no Piau\u00ed\"}]},{\"@type\":\"WebSite\",\"@id\":\"https:\/\/noticiaempauta.com\/portal\/#website\",\"url\":\"https:\/\/noticiaempauta.com\/portal\/\",\"name\":\"Portal Not\u00edcia em Pauta\",\"description\":\"Voc\u00ea bem informado\",\"publisher\":{\"@id\":\"https:\/\/noticiaempauta.com\/portal\/#organization\"},\"potentialAction\":[{\"@type\":\"SearchAction\",\"target\":{\"@type\":\"EntryPoint\",\"urlTemplate\":\"https:\/\/noticiaempauta.com\/portal\/?s={search_term_string}\"},\"query-input\":{\"@type\":\"PropertyValueSpecification\",\"valueRequired\":true,\"valueName\":\"search_term_string\"}}],\"inLanguage\":\"pt-BR\"},{\"@type\":\"Organization\",\"@id\":\"https:\/\/noticiaempauta.com\/portal\/#organization\",\"name\":\"Portal Not\u00edcia em Pauta\",\"url\":\"https:\/\/noticiaempauta.com\/portal\/\",\"logo\":{\"@type\":\"ImageObject\",\"inLanguage\":\"pt-BR\",\"@id\":\"https:\/\/noticiaempauta.com\/portal\/#\/schema\/logo\/image\/\",\"url\":\"https:\/\/noticiaempauta.com\/portal\/wp-content\/uploads\/2022\/08\/logomarca_tema.fw_.png\",\"contentUrl\":\"https:\/\/noticiaempauta.com\/portal\/wp-content\/uploads\/2022\/08\/logomarca_tema.fw_.png\",\"width\":400,\"height\":232,\"caption\":\"Portal Not\u00edcia em Pauta\"},\"image\":{\"@id\":\"https:\/\/noticiaempauta.com\/portal\/#\/schema\/logo\/image\/\"},\"sameAs\":[\"https:\/\/www.facebook.com\/Portal-Notcia-Em-Pauta-102292869264820\/\",\"https:\/\/www.instagram.com\/portalnoticiaempauta\/\"]},{\"@type\":\"Person\",\"@id\":\"https:\/\/noticiaempauta.com\/portal\/#\/schema\/person\/a74af43dd1ab3deca45f988c717d57ac\",\"name\":\"Reda\u00e7\u00e3o\",\"image\":{\"@type\":\"ImageObject\",\"inLanguage\":\"pt-BR\",\"@id\":\"https:\/\/noticiaempauta.com\/portal\/#\/schema\/person\/image\/\",\"url\":\"https:\/\/secure.gravatar.com\/avatar\/03179346ecce6cdfc13361603e8f54242a90e5cde8618fa23c5c00aa2b0aadf3?s=96&d=mm&r=g\",\"contentUrl\":\"https:\/\/secure.gravatar.com\/avatar\/03179346ecce6cdfc13361603e8f54242a90e5cde8618fa23c5c00aa2b0aadf3?s=96&d=mm&r=g\",\"caption\":\"Reda\u00e7\u00e3o\"},\"sameAs\":[\"https:\/\/noticiaempauta.com\/portal\/\"],\"url\":\"https:\/\/noticiaempauta.com\/portal\/author\/fernando\/\"}]}<\/script>\n<!-- \/ Yoast SEO Premium plugin. -->","yoast_head_json":{"title":"Pol\u00edcia desarticula planta\u00e7\u00e3o de maconha e apreende 5 toneladas no Piau\u00ed - Portal Not\u00edcia em Pauta","robots":{"index":"index","follow":"follow","max-snippet":"max-snippet:-1","max-image-preview":"max-image-preview:large","max-video-preview":"max-video-preview:-1"},"canonical":"https:\/\/noticiaempauta.com\/portal\/policia-desarticula-plantacao-de-maconha-e-apreende-5-toneladas-no-piaui\/","og_locale":"pt_BR","og_type":"article","og_title":"Pol\u00edcia desarticula planta\u00e7\u00e3o de maconha e apreende 5 toneladas no Piau\u00ed","og_description":"Uma opera\u00e7\u00e3o conjunta entre a Pol\u00edcia Militar do Piau\u00ed (PM-PI), a Pol\u00edcia Militar da Bahia (PMBA) e a Pol\u00edcia Federal (PF) resultou na erradica\u00e7\u00e3o de uma planta\u00e7\u00e3o de maconha na zona rural de Dom Inoc\u00eancio, no Piau\u00ed, na madrugada desta ter\u00e7a-feira (11). A a\u00e7\u00e3o, que contou com o Batalh\u00e3o Especial de Policiamento do Interior (BEPI) [&hellip;]","og_url":"https:\/\/noticiaempauta.com\/portal\/policia-desarticula-plantacao-de-maconha-e-apreende-5-toneladas-no-piaui\/","og_site_name":"Portal Not\u00edcia em Pauta","article_publisher":"https:\/\/www.facebook.com\/Portal-Notcia-Em-Pauta-102292869264820\/","article_published_time":"2025-02-12T17:46:15+00:00","article_modified_time":"2025-02-12T17:46:18+00:00","og_image":[{"width":780,"height":470,"url":"https:\/\/noticiaempauta.com\/portal\/wp-content\/uploads\/2025\/02\/bf9b29f0-fe19-45df-ae20-a387b87e2efb-780x470-1.webp","type":"image\/webp"}],"author":"Reda\u00e7\u00e3o","twitter_card":"summary_large_image","twitter_misc":{"Escrito por":"Reda\u00e7\u00e3o","Est. tempo de leitura":"2 minutos"},"schema":{"@context":"https:\/\/schema.org","@graph":[{"@type":"Article","@id":"https:\/\/noticiaempauta.com\/portal\/policia-desarticula-plantacao-de-maconha-e-apreende-5-toneladas-no-piaui\/#article","isPartOf":{"@id":"https:\/\/noticiaempauta.com\/portal\/policia-desarticula-plantacao-de-maconha-e-apreende-5-toneladas-no-piaui\/"},"author":{"name":"Reda\u00e7\u00e3o","@id":"https:\/\/noticiaempauta.com\/portal\/#\/schema\/person\/a74af43dd1ab3deca45f988c717d57ac"},"headline":"Pol\u00edcia desarticula planta\u00e7\u00e3o de maconha e apreende 5 toneladas no Piau\u00ed","datePublished":"2025-02-12T17:46:15+00:00","dateModified":"2025-02-12T17:46:18+00:00","mainEntityOfPage":{"@id":"https:\/\/noticiaempauta.com\/portal\/policia-desarticula-plantacao-de-maconha-e-apreende-5-toneladas-no-piaui\/"},"wordCount":257,"commentCount":0,"publisher":{"@id":"https:\/\/noticiaempauta.com\/portal\/#organization"},"image":{"@id":"https:\/\/noticiaempauta.com\/portal\/policia-desarticula-plantacao-de-maconha-e-apreende-5-toneladas-no-piaui\/#primaryimage"},"thumbnailUrl":"https:\/\/noticiaempauta.com\/portal\/wp-content\/uploads\/2025\/02\/bf9b29f0-fe19-45df-ae20-a387b87e2efb-780x470-1.webp","keywords":["destaqueprincipal"],"articleSection":["Destaques","Geral","Munic\u00edpios","Pol\u00edcia","Todas as Not\u00edcias"],"inLanguage":"pt-BR","potentialAction":[{"@type":"CommentAction","name":"Comment","target":["https:\/\/noticiaempauta.com\/portal\/policia-desarticula-plantacao-de-maconha-e-apreende-5-toneladas-no-piaui\/#respond"]}]},{"@type":"WebPage","@id":"https:\/\/noticiaempauta.com\/portal\/policia-desarticula-plantacao-de-maconha-e-apreende-5-toneladas-no-piaui\/","url":"https:\/\/noticiaempauta.com\/portal\/policia-desarticula-plantacao-de-maconha-e-apreende-5-toneladas-no-piaui\/","name":"Pol\u00edcia desarticula planta\u00e7\u00e3o de maconha e apreende 5 toneladas no Piau\u00ed - Portal Not\u00edcia em Pauta","isPartOf":{"@id":"https:\/\/noticiaempauta.com\/portal\/#website"},"primaryImageOfPage":{"@id":"https:\/\/noticiaempauta.com\/portal\/policia-desarticula-plantacao-de-maconha-e-apreende-5-toneladas-no-piaui\/#primaryimage"},"image":{"@id":"https:\/\/noticiaempauta.com\/portal\/policia-desarticula-plantacao-de-maconha-e-apreende-5-toneladas-no-piaui\/#primaryimage"},"thumbnailUrl":"https:\/\/noticiaempauta.com\/portal\/wp-content\/uploads\/2025\/02\/bf9b29f0-fe19-45df-ae20-a387b87e2efb-780x470-1.webp","datePublished":"2025-02-12T17:46:15+00:00","dateModified":"2025-02-12T17:46:18+00:00","breadcrumb":{"@id":"https:\/\/noticiaempauta.com\/portal\/policia-desarticula-plantacao-de-maconha-e-apreende-5-toneladas-no-piaui\/#breadcrumb"},"inLanguage":"pt-BR","potentialAction":[{"@type":"ReadAction","target":["https:\/\/noticiaempauta.com\/portal\/policia-desarticula-plantacao-de-maconha-e-apreende-5-toneladas-no-piaui\/"]}]},{"@type":"ImageObject","inLanguage":"pt-BR","@id":"https:\/\/noticiaempauta.com\/portal\/policia-desarticula-plantacao-de-maconha-e-apreende-5-toneladas-no-piaui\/#primaryimage","url":"https:\/\/noticiaempauta.com\/portal\/wp-content\/uploads\/2025\/02\/bf9b29f0-fe19-45df-ae20-a387b87e2efb-780x470-1.webp","contentUrl":"https:\/\/noticiaempauta.com\/portal\/wp-content\/uploads\/2025\/02\/bf9b29f0-fe19-45df-ae20-a387b87e2efb-780x470-1.webp","width":780,"height":470},{"@type":"BreadcrumbList","@id":"https:\/\/noticiaempauta.com\/portal\/policia-desarticula-plantacao-de-maconha-e-apreende-5-toneladas-no-piaui\/#breadcrumb","itemListElement":[{"@type":"ListItem","position":1,"name":"P\u00e1gina Inicial","item":"https:\/\/noticiaempauta.com\/portal\/"},{"@type":"ListItem","position":2,"name":"Destaques","item":"https:\/\/noticiaempauta.com\/portal\/destaques-site\/"},{"@type":"ListItem","position":3,"name":"Pol\u00edcia desarticula planta\u00e7\u00e3o de maconha e apreende 5 toneladas no Piau\u00ed"}]},{"@type":"WebSite","@id":"https:\/\/noticiaempauta.com\/portal\/#website","url":"https:\/\/noticiaempauta.com\/portal\/","name":"Portal Not\u00edcia em Pauta","description":"Voc\u00ea bem informado","publisher":{"@id":"https:\/\/noticiaempauta.com\/portal\/#organization"},"potentialAction":[{"@type":"SearchAction","target":{"@type":"EntryPoint","urlTemplate":"https:\/\/noticiaempauta.com\/portal\/?s={search_term_string}"},"query-input":{"@type":"PropertyValueSpecification","valueRequired":true,"valueName":"search_term_string"}}],"inLanguage":"pt-BR"},{"@type":"Organization","@id":"https:\/\/noticiaempauta.com\/portal\/#organization","name":"Portal Not\u00edcia em Pauta","url":"https:\/\/noticiaempauta.com\/portal\/","logo":{"@type":"ImageObject","inLanguage":"pt-BR","@id":"https:\/\/noticiaempauta.com\/portal\/#\/schema\/logo\/image\/","url":"https:\/\/noticiaempauta.com\/portal\/wp-content\/uploads\/2022\/08\/logomarca_tema.fw_.png","contentUrl":"https:\/\/noticiaempauta.com\/portal\/wp-content\/uploads\/2022\/08\/logomarca_tema.fw_.png","width":400,"height":232,"caption":"Portal Not\u00edcia em Pauta"},"image":{"@id":"https:\/\/noticiaempauta.com\/portal\/#\/schema\/logo\/image\/"},"sameAs":["https:\/\/www.facebook.com\/Portal-Notcia-Em-Pauta-102292869264820\/","https:\/\/www.instagram.com\/portalnoticiaempauta\/"]},{"@type":"Person","@id":"https:\/\/noticiaempauta.com\/portal\/#\/schema\/person\/a74af43dd1ab3deca45f988c717d57ac","name":"Reda\u00e7\u00e3o","image":{"@type":"ImageObject","inLanguage":"pt-BR","@id":"https:\/\/noticiaempauta.com\/portal\/#\/schema\/person\/image\/","url":"https:\/\/secure.gravatar.com\/avatar\/03179346ecce6cdfc13361603e8f54242a90e5cde8618fa23c5c00aa2b0aadf3?s=96&d=mm&r=g","contentUrl":"https:\/\/secure.gravatar.com\/avatar\/03179346ecce6cdfc13361603e8f54242a90e5cde8618fa23c5c00aa2b0aadf3?s=96&d=mm&r=g","caption":"Reda\u00e7\u00e3o"},"sameAs":["https:\/\/noticiaempauta.com\/portal\/"],"url":"https:\/\/noticiaempauta.com\/portal\/author\/fernando\/"}]}},"_links":{"self":[{"href":"https:\/\/noticiaempauta.com\/portal\/wp-json\/wp\/v2\/posts\/267635","targetHints":{"allow":["GET"]}}],"collection":[{"href":"https:\/\/noticiaempauta.com\/portal\/wp-json\/wp\/v2\/posts"}],"about":[{"href":"https:\/\/noticiaempauta.com\/portal\/wp-json\/wp\/v2\/types\/post"}],"author":[{"embeddable":true,"href":"https:\/\/noticiaempauta.com\/portal\/wp-json\/wp\/v2\/users\/2"}],"replies":[{"embeddable":true,"href":"https:\/\/noticiaempauta.com\/portal\/wp-json\/wp\/v2\/comments?post=267635"}],"version-history":[{"count":2,"href":"https:\/\/noticiaempauta.com\/portal\/wp-json\/wp\/v2\/posts\/267635\/revisions"}],"predecessor-version":[{"id":267640,"href":"https:\/\/noticiaempauta.com\/portal\/wp-json\/wp\/v2\/posts\/267635\/revisions\/267640"}],"wp:featuredmedia":[{"embeddable":true,"href":"https:\/\/noticiaempauta.com\/portal\/wp-json\/wp\/v2\/media\/267638"}],"wp:attachment":[{"href":"https:\/\/noticiaempauta.com\/portal\/wp-json\/wp\/v2\/media?parent=267635"}],"wp:term":[{"taxonomy":"category","embeddable":true,"href":"https:\/\/noticiaempauta.com\/portal\/wp-json\/wp\/v2\/categories?post=267635"},{"taxonomy":"post_tag","embeddable":true,"href":"https:\/\/noticiaempauta.com\/portal\/wp-json\/wp\/v2\/tags?post=267635"}],"curies":[{"name":"wp","href":"https:\/\/api.w.org\/{rel}","templated":true}]}}