{"id":267641,"date":"2025-02-12T14:55:20","date_gmt":"2025-02-12T17:55:20","guid":{"rendered":"https:\/\/noticiaempauta.com\/portal\/?p=267641"},"modified":"2025-02-12T15:03:51","modified_gmt":"2025-02-12T18:03:51","slug":"operacao-em-oeiras-cumpre-mandado-de-prisao-e-apreende-06-motocicletas","status":"publish","type":"post","link":"https:\/\/noticiaempauta.com\/portal\/operacao-em-oeiras-cumpre-mandado-de-prisao-e-apreende-06-motocicletas\/","title":{"rendered":"Opera\u00e7\u00e3o em Oeiras cumpre mandado de pris\u00e3o e apreende 06 motocicletas"},"content":{"rendered":"\n<p>Nesta ter\u00e7a-feira (11) o 14\u00ba Batalh\u00e3o de Pol\u00edcia Militar, em Oeiras, deflagrou a Opera\u00e7\u00e3o \u201cCarcar\u00e1\u201d e seis motocicletas foram apreendidas. Dos ve\u00edculos, quatro apresentavam escapamentos adulterados e as outras duas possu\u00edam infra\u00e7\u00f5es administrativas.<\/p>\n\n\n\n<figure class=\"wp-block-image size-full\"><img fetchpriority=\"high\" decoding=\"async\" width=\"790\" height=\"444\" src=\"https:\/\/noticiaempauta.com\/portal\/wp-content\/uploads\/2025\/02\/39da4de7-f6d9-423b-aa38-2bf9830183fd.jpg\" alt=\"\" class=\"wp-image-267643\" srcset=\"https:\/\/noticiaempauta.com\/portal\/wp-content\/uploads\/2025\/02\/39da4de7-f6d9-423b-aa38-2bf9830183fd.jpg 790w, https:\/\/noticiaempauta.com\/portal\/wp-content\/uploads\/2025\/02\/39da4de7-f6d9-423b-aa38-2bf9830183fd-300x169.jpg 300w, https:\/\/noticiaempauta.com\/portal\/wp-content\/uploads\/2025\/02\/39da4de7-f6d9-423b-aa38-2bf9830183fd-768x432.jpg 768w\" sizes=\"(max-width: 790px) 100vw, 790px\" \/><\/figure>\n\n\n\n<p>A a\u00e7\u00e3o envolveu equipes de Motopatrulhamento, For\u00e7a T\u00e1tica e Pol\u00edcia do Tr\u00e2nsito. O objetivo foi coibir pr\u00e1ticas perigosas envolvendo motocicletas, como manobras arriscadas e escapamentos que geram polui\u00e7\u00e3o sonora e geram transtornos \u00e0 popula\u00e7\u00e3o.<\/p>\n\n\n\n<figure class=\"wp-block-image size-full\"><img decoding=\"async\" width=\"790\" height=\"592\" src=\"https:\/\/noticiaempauta.com\/portal\/wp-content\/uploads\/2025\/02\/78a9df92-2288-4525-a005-d06eb3068ac0.jpg\" alt=\"\" class=\"wp-image-267642\" srcset=\"https:\/\/noticiaempauta.com\/portal\/wp-content\/uploads\/2025\/02\/78a9df92-2288-4525-a005-d06eb3068ac0.jpg 790w, https:\/\/noticiaempauta.com\/portal\/wp-content\/uploads\/2025\/02\/78a9df92-2288-4525-a005-d06eb3068ac0-300x225.jpg 300w, https:\/\/noticiaempauta.com\/portal\/wp-content\/uploads\/2025\/02\/78a9df92-2288-4525-a005-d06eb3068ac0-768x576.jpg 768w\" sizes=\"(max-width: 790px) 100vw, 790px\" \/><\/figure>\n\n\n\n<p>Durante a opera\u00e7\u00e3o, policiais ainda deram cumprimento a mandado de pris\u00e3o em aberto. Por volta de 18h45min, um homem que sa\u00eda de um suposto ponto de venda de drogas foi abordado pela pol\u00edcia.&nbsp;<\/p>\n\n\n\n<p>Ap\u00f3s verifica\u00e7\u00e3o dos documentos, constatou-se que J.R.C.S., de 46 anos, possu\u00eda um mandado de pris\u00e3o em aberto em seu desfavor. Ele foi preso e encaminhado a Delegacia de Pol\u00edcia Civil de Oeiras.<\/p>\n\n\n\n<p>A \u201cOpera\u00e7\u00e3o Carcar\u00e1\u201d resultou ainda em 15 autos de infra\u00e7\u00e3o de tr\u00e2nsito foram lavrados.<\/p>\n\n\n\n<p>Fonte: Paula Monize\/CidadeVerde<\/p>\n","protected":false},"excerpt":{"rendered":"<p>Nesta ter\u00e7a-feira (11) o 14\u00ba Batalh\u00e3o de Pol\u00edcia Militar, em Oeiras, deflagrou a Opera\u00e7\u00e3o \u201cCarcar\u00e1\u201d e seis motocicletas foram apreendidas. Dos ve\u00edculos, quatro apresentavam escapamentos adulterados e as outras duas possu\u00edam infra\u00e7\u00f5es administrativas. A a\u00e7\u00e3o envolveu equipes de Motopatrulhamento, For\u00e7a T\u00e1tica e Pol\u00edcia do Tr\u00e2nsito. O objetivo foi coibir pr\u00e1ticas perigosas envolvendo motocicletas, como manobras [&hellip;]<\/p>\n","protected":false},"author":2,"featured_media":267642,"comment_status":"open","ping_status":"open","sticky":false,"template":"","format":"standard","meta":{"_mi_skip_tracking":false,"footnotes":""},"categories":[25,1,9,137,16],"tags":[],"class_list":["post-267641","post","type-post","status-publish","format-standard","has-post-thumbnail","hentry","category-destaques-site","category-geral","category-municipios","category-policia","category-todas"],"acf":[],"yoast_head":"<!-- This site is optimized with the Yoast SEO Premium plugin v19.2 (Yoast SEO v26.9) - https:\/\/yoast.com\/product\/yoast-seo-premium-wordpress\/ -->\n<title>Opera\u00e7\u00e3o em Oeiras cumpre mandado de pris\u00e3o e apreende 06 motocicletas - Portal Not\u00edcia em Pauta<\/title>\n<meta name=\"robots\" content=\"index, follow, max-snippet:-1, max-image-preview:large, max-video-preview:-1\" \/>\n<link rel=\"canonical\" href=\"https:\/\/noticiaempauta.com\/portal\/operacao-em-oeiras-cumpre-mandado-de-prisao-e-apreende-06-motocicletas\/\" \/>\n<meta property=\"og:locale\" content=\"pt_BR\" \/>\n<meta property=\"og:type\" content=\"article\" \/>\n<meta property=\"og:title\" content=\"Opera\u00e7\u00e3o em Oeiras cumpre mandado de pris\u00e3o e apreende 06 motocicletas\" \/>\n<meta property=\"og:description\" content=\"Nesta ter\u00e7a-feira (11) o 14\u00ba Batalh\u00e3o de Pol\u00edcia Militar, em Oeiras, deflagrou a Opera\u00e7\u00e3o \u201cCarcar\u00e1\u201d e seis motocicletas foram apreendidas. Dos ve\u00edculos, quatro apresentavam escapamentos adulterados e as outras duas possu\u00edam infra\u00e7\u00f5es administrativas. A a\u00e7\u00e3o envolveu equipes de Motopatrulhamento, For\u00e7a T\u00e1tica e Pol\u00edcia do Tr\u00e2nsito. O objetivo foi coibir pr\u00e1ticas perigosas envolvendo motocicletas, como manobras [&hellip;]\" \/>\n<meta property=\"og:url\" content=\"https:\/\/noticiaempauta.com\/portal\/operacao-em-oeiras-cumpre-mandado-de-prisao-e-apreende-06-motocicletas\/\" \/>\n<meta property=\"og:site_name\" content=\"Portal Not\u00edcia em Pauta\" \/>\n<meta property=\"article:publisher\" content=\"https:\/\/www.facebook.com\/Portal-Notcia-Em-Pauta-102292869264820\/\" \/>\n<meta property=\"article:published_time\" content=\"2025-02-12T17:55:20+00:00\" \/>\n<meta property=\"article:modified_time\" content=\"2025-02-12T18:03:51+00:00\" \/>\n<meta property=\"og:image\" content=\"https:\/\/noticiaempauta.com\/portal\/wp-content\/uploads\/2025\/02\/78a9df92-2288-4525-a005-d06eb3068ac0.jpg\" \/>\n\t<meta property=\"og:image:width\" content=\"790\" \/>\n\t<meta property=\"og:image:height\" content=\"592\" \/>\n\t<meta property=\"og:image:type\" content=\"image\/jpeg\" \/>\n<meta name=\"author\" content=\"Reda\u00e7\u00e3o\" \/>\n<meta name=\"twitter:card\" content=\"summary_large_image\" \/>\n<meta name=\"twitter:label1\" content=\"Escrito por\" \/>\n\t<meta name=\"twitter:data1\" content=\"Reda\u00e7\u00e3o\" \/>\n\t<meta name=\"twitter:label2\" content=\"Est. tempo de leitura\" \/>\n\t<meta name=\"twitter:data2\" content=\"2 minutos\" \/>\n<script type=\"application\/ld+json\" class=\"yoast-schema-graph\">{\"@context\":\"https:\/\/schema.org\",\"@graph\":[{\"@type\":\"Article\",\"@id\":\"https:\/\/noticiaempauta.com\/portal\/operacao-em-oeiras-cumpre-mandado-de-prisao-e-apreende-06-motocicletas\/#article\",\"isPartOf\":{\"@id\":\"https:\/\/noticiaempauta.com\/portal\/operacao-em-oeiras-cumpre-mandado-de-prisao-e-apreende-06-motocicletas\/\"},\"author\":{\"name\":\"Reda\u00e7\u00e3o\",\"@id\":\"https:\/\/noticiaempauta.com\/portal\/#\/schema\/person\/a74af43dd1ab3deca45f988c717d57ac\"},\"headline\":\"Opera\u00e7\u00e3o em Oeiras cumpre mandado de pris\u00e3o e apreende 06 motocicletas\",\"datePublished\":\"2025-02-12T17:55:20+00:00\",\"dateModified\":\"2025-02-12T18:03:51+00:00\",\"mainEntityOfPage\":{\"@id\":\"https:\/\/noticiaempauta.com\/portal\/operacao-em-oeiras-cumpre-mandado-de-prisao-e-apreende-06-motocicletas\/\"},\"wordCount\":189,\"commentCount\":0,\"publisher\":{\"@id\":\"https:\/\/noticiaempauta.com\/portal\/#organization\"},\"image\":{\"@id\":\"https:\/\/noticiaempauta.com\/portal\/operacao-em-oeiras-cumpre-mandado-de-prisao-e-apreende-06-motocicletas\/#primaryimage\"},\"thumbnailUrl\":\"https:\/\/noticiaempauta.com\/portal\/wp-content\/uploads\/2025\/02\/78a9df92-2288-4525-a005-d06eb3068ac0.jpg\",\"articleSection\":[\"Destaques\",\"Geral\",\"Munic\u00edpios\",\"Pol\u00edcia\",\"Todas as Not\u00edcias\"],\"inLanguage\":\"pt-BR\",\"potentialAction\":[{\"@type\":\"CommentAction\",\"name\":\"Comment\",\"target\":[\"https:\/\/noticiaempauta.com\/portal\/operacao-em-oeiras-cumpre-mandado-de-prisao-e-apreende-06-motocicletas\/#respond\"]}]},{\"@type\":\"WebPage\",\"@id\":\"https:\/\/noticiaempauta.com\/portal\/operacao-em-oeiras-cumpre-mandado-de-prisao-e-apreende-06-motocicletas\/\",\"url\":\"https:\/\/noticiaempauta.com\/portal\/operacao-em-oeiras-cumpre-mandado-de-prisao-e-apreende-06-motocicletas\/\",\"name\":\"Opera\u00e7\u00e3o em Oeiras cumpre mandado de pris\u00e3o e apreende 06 motocicletas - Portal Not\u00edcia em Pauta\",\"isPartOf\":{\"@id\":\"https:\/\/noticiaempauta.com\/portal\/#website\"},\"primaryImageOfPage\":{\"@id\":\"https:\/\/noticiaempauta.com\/portal\/operacao-em-oeiras-cumpre-mandado-de-prisao-e-apreende-06-motocicletas\/#primaryimage\"},\"image\":{\"@id\":\"https:\/\/noticiaempauta.com\/portal\/operacao-em-oeiras-cumpre-mandado-de-prisao-e-apreende-06-motocicletas\/#primaryimage\"},\"thumbnailUrl\":\"https:\/\/noticiaempauta.com\/portal\/wp-content\/uploads\/2025\/02\/78a9df92-2288-4525-a005-d06eb3068ac0.jpg\",\"datePublished\":\"2025-02-12T17:55:20+00:00\",\"dateModified\":\"2025-02-12T18:03:51+00:00\",\"breadcrumb\":{\"@id\":\"https:\/\/noticiaempauta.com\/portal\/operacao-em-oeiras-cumpre-mandado-de-prisao-e-apreende-06-motocicletas\/#breadcrumb\"},\"inLanguage\":\"pt-BR\",\"potentialAction\":[{\"@type\":\"ReadAction\",\"target\":[\"https:\/\/noticiaempauta.com\/portal\/operacao-em-oeiras-cumpre-mandado-de-prisao-e-apreende-06-motocicletas\/\"]}]},{\"@type\":\"ImageObject\",\"inLanguage\":\"pt-BR\",\"@id\":\"https:\/\/noticiaempauta.com\/portal\/operacao-em-oeiras-cumpre-mandado-de-prisao-e-apreende-06-motocicletas\/#primaryimage\",\"url\":\"https:\/\/noticiaempauta.com\/portal\/wp-content\/uploads\/2025\/02\/78a9df92-2288-4525-a005-d06eb3068ac0.jpg\",\"contentUrl\":\"https:\/\/noticiaempauta.com\/portal\/wp-content\/uploads\/2025\/02\/78a9df92-2288-4525-a005-d06eb3068ac0.jpg\",\"width\":790,\"height\":592},{\"@type\":\"BreadcrumbList\",\"@id\":\"https:\/\/noticiaempauta.com\/portal\/operacao-em-oeiras-cumpre-mandado-de-prisao-e-apreende-06-motocicletas\/#breadcrumb\",\"itemListElement\":[{\"@type\":\"ListItem\",\"position\":1,\"name\":\"P\u00e1gina Inicial\",\"item\":\"https:\/\/noticiaempauta.com\/portal\/\"},{\"@type\":\"ListItem\",\"position\":2,\"name\":\"Destaques\",\"item\":\"https:\/\/noticiaempauta.com\/portal\/destaques-site\/\"},{\"@type\":\"ListItem\",\"position\":3,\"name\":\"Opera\u00e7\u00e3o em Oeiras cumpre mandado de pris\u00e3o e apreende 06 motocicletas\"}]},{\"@type\":\"WebSite\",\"@id\":\"https:\/\/noticiaempauta.com\/portal\/#website\",\"url\":\"https:\/\/noticiaempauta.com\/portal\/\",\"name\":\"Portal Not\u00edcia em Pauta\",\"description\":\"Voc\u00ea bem informado\",\"publisher\":{\"@id\":\"https:\/\/noticiaempauta.com\/portal\/#organization\"},\"potentialAction\":[{\"@type\":\"SearchAction\",\"target\":{\"@type\":\"EntryPoint\",\"urlTemplate\":\"https:\/\/noticiaempauta.com\/portal\/?s={search_term_string}\"},\"query-input\":{\"@type\":\"PropertyValueSpecification\",\"valueRequired\":true,\"valueName\":\"search_term_string\"}}],\"inLanguage\":\"pt-BR\"},{\"@type\":\"Organization\",\"@id\":\"https:\/\/noticiaempauta.com\/portal\/#organization\",\"name\":\"Portal Not\u00edcia em Pauta\",\"url\":\"https:\/\/noticiaempauta.com\/portal\/\",\"logo\":{\"@type\":\"ImageObject\",\"inLanguage\":\"pt-BR\",\"@id\":\"https:\/\/noticiaempauta.com\/portal\/#\/schema\/logo\/image\/\",\"url\":\"https:\/\/noticiaempauta.com\/portal\/wp-content\/uploads\/2022\/08\/logomarca_tema.fw_.png\",\"contentUrl\":\"https:\/\/noticiaempauta.com\/portal\/wp-content\/uploads\/2022\/08\/logomarca_tema.fw_.png\",\"width\":400,\"height\":232,\"caption\":\"Portal Not\u00edcia em Pauta\"},\"image\":{\"@id\":\"https:\/\/noticiaempauta.com\/portal\/#\/schema\/logo\/image\/\"},\"sameAs\":[\"https:\/\/www.facebook.com\/Portal-Notcia-Em-Pauta-102292869264820\/\",\"https:\/\/www.instagram.com\/portalnoticiaempauta\/\"]},{\"@type\":\"Person\",\"@id\":\"https:\/\/noticiaempauta.com\/portal\/#\/schema\/person\/a74af43dd1ab3deca45f988c717d57ac\",\"name\":\"Reda\u00e7\u00e3o\",\"image\":{\"@type\":\"ImageObject\",\"inLanguage\":\"pt-BR\",\"@id\":\"https:\/\/noticiaempauta.com\/portal\/#\/schema\/person\/image\/\",\"url\":\"https:\/\/secure.gravatar.com\/avatar\/03179346ecce6cdfc13361603e8f54242a90e5cde8618fa23c5c00aa2b0aadf3?s=96&d=mm&r=g\",\"contentUrl\":\"https:\/\/secure.gravatar.com\/avatar\/03179346ecce6cdfc13361603e8f54242a90e5cde8618fa23c5c00aa2b0aadf3?s=96&d=mm&r=g\",\"caption\":\"Reda\u00e7\u00e3o\"},\"sameAs\":[\"https:\/\/noticiaempauta.com\/portal\/\"],\"url\":\"https:\/\/noticiaempauta.com\/portal\/author\/fernando\/\"}]}<\/script>\n<!-- \/ Yoast SEO Premium plugin. -->","yoast_head_json":{"title":"Opera\u00e7\u00e3o em Oeiras cumpre mandado de pris\u00e3o e apreende 06 motocicletas - Portal Not\u00edcia em Pauta","robots":{"index":"index","follow":"follow","max-snippet":"max-snippet:-1","max-image-preview":"max-image-preview:large","max-video-preview":"max-video-preview:-1"},"canonical":"https:\/\/noticiaempauta.com\/portal\/operacao-em-oeiras-cumpre-mandado-de-prisao-e-apreende-06-motocicletas\/","og_locale":"pt_BR","og_type":"article","og_title":"Opera\u00e7\u00e3o em Oeiras cumpre mandado de pris\u00e3o e apreende 06 motocicletas","og_description":"Nesta ter\u00e7a-feira (11) o 14\u00ba Batalh\u00e3o de Pol\u00edcia Militar, em Oeiras, deflagrou a Opera\u00e7\u00e3o \u201cCarcar\u00e1\u201d e seis motocicletas foram apreendidas. Dos ve\u00edculos, quatro apresentavam escapamentos adulterados e as outras duas possu\u00edam infra\u00e7\u00f5es administrativas. A a\u00e7\u00e3o envolveu equipes de Motopatrulhamento, For\u00e7a T\u00e1tica e Pol\u00edcia do Tr\u00e2nsito. O objetivo foi coibir pr\u00e1ticas perigosas envolvendo motocicletas, como manobras [&hellip;]","og_url":"https:\/\/noticiaempauta.com\/portal\/operacao-em-oeiras-cumpre-mandado-de-prisao-e-apreende-06-motocicletas\/","og_site_name":"Portal Not\u00edcia em Pauta","article_publisher":"https:\/\/www.facebook.com\/Portal-Notcia-Em-Pauta-102292869264820\/","article_published_time":"2025-02-12T17:55:20+00:00","article_modified_time":"2025-02-12T18:03:51+00:00","og_image":[{"width":790,"height":592,"url":"https:\/\/noticiaempauta.com\/portal\/wp-content\/uploads\/2025\/02\/78a9df92-2288-4525-a005-d06eb3068ac0.jpg","type":"image\/jpeg"}],"author":"Reda\u00e7\u00e3o","twitter_card":"summary_large_image","twitter_misc":{"Escrito por":"Reda\u00e7\u00e3o","Est. tempo de leitura":"2 minutos"},"schema":{"@context":"https:\/\/schema.org","@graph":[{"@type":"Article","@id":"https:\/\/noticiaempauta.com\/portal\/operacao-em-oeiras-cumpre-mandado-de-prisao-e-apreende-06-motocicletas\/#article","isPartOf":{"@id":"https:\/\/noticiaempauta.com\/portal\/operacao-em-oeiras-cumpre-mandado-de-prisao-e-apreende-06-motocicletas\/"},"author":{"name":"Reda\u00e7\u00e3o","@id":"https:\/\/noticiaempauta.com\/portal\/#\/schema\/person\/a74af43dd1ab3deca45f988c717d57ac"},"headline":"Opera\u00e7\u00e3o em Oeiras cumpre mandado de pris\u00e3o e apreende 06 motocicletas","datePublished":"2025-02-12T17:55:20+00:00","dateModified":"2025-02-12T18:03:51+00:00","mainEntityOfPage":{"@id":"https:\/\/noticiaempauta.com\/portal\/operacao-em-oeiras-cumpre-mandado-de-prisao-e-apreende-06-motocicletas\/"},"wordCount":189,"commentCount":0,"publisher":{"@id":"https:\/\/noticiaempauta.com\/portal\/#organization"},"image":{"@id":"https:\/\/noticiaempauta.com\/portal\/operacao-em-oeiras-cumpre-mandado-de-prisao-e-apreende-06-motocicletas\/#primaryimage"},"thumbnailUrl":"https:\/\/noticiaempauta.com\/portal\/wp-content\/uploads\/2025\/02\/78a9df92-2288-4525-a005-d06eb3068ac0.jpg","articleSection":["Destaques","Geral","Munic\u00edpios","Pol\u00edcia","Todas as Not\u00edcias"],"inLanguage":"pt-BR","potentialAction":[{"@type":"CommentAction","name":"Comment","target":["https:\/\/noticiaempauta.com\/portal\/operacao-em-oeiras-cumpre-mandado-de-prisao-e-apreende-06-motocicletas\/#respond"]}]},{"@type":"WebPage","@id":"https:\/\/noticiaempauta.com\/portal\/operacao-em-oeiras-cumpre-mandado-de-prisao-e-apreende-06-motocicletas\/","url":"https:\/\/noticiaempauta.com\/portal\/operacao-em-oeiras-cumpre-mandado-de-prisao-e-apreende-06-motocicletas\/","name":"Opera\u00e7\u00e3o em Oeiras cumpre mandado de pris\u00e3o e apreende 06 motocicletas - Portal Not\u00edcia em Pauta","isPartOf":{"@id":"https:\/\/noticiaempauta.com\/portal\/#website"},"primaryImageOfPage":{"@id":"https:\/\/noticiaempauta.com\/portal\/operacao-em-oeiras-cumpre-mandado-de-prisao-e-apreende-06-motocicletas\/#primaryimage"},"image":{"@id":"https:\/\/noticiaempauta.com\/portal\/operacao-em-oeiras-cumpre-mandado-de-prisao-e-apreende-06-motocicletas\/#primaryimage"},"thumbnailUrl":"https:\/\/noticiaempauta.com\/portal\/wp-content\/uploads\/2025\/02\/78a9df92-2288-4525-a005-d06eb3068ac0.jpg","datePublished":"2025-02-12T17:55:20+00:00","dateModified":"2025-02-12T18:03:51+00:00","breadcrumb":{"@id":"https:\/\/noticiaempauta.com\/portal\/operacao-em-oeiras-cumpre-mandado-de-prisao-e-apreende-06-motocicletas\/#breadcrumb"},"inLanguage":"pt-BR","potentialAction":[{"@type":"ReadAction","target":["https:\/\/noticiaempauta.com\/portal\/operacao-em-oeiras-cumpre-mandado-de-prisao-e-apreende-06-motocicletas\/"]}]},{"@type":"ImageObject","inLanguage":"pt-BR","@id":"https:\/\/noticiaempauta.com\/portal\/operacao-em-oeiras-cumpre-mandado-de-prisao-e-apreende-06-motocicletas\/#primaryimage","url":"https:\/\/noticiaempauta.com\/portal\/wp-content\/uploads\/2025\/02\/78a9df92-2288-4525-a005-d06eb3068ac0.jpg","contentUrl":"https:\/\/noticiaempauta.com\/portal\/wp-content\/uploads\/2025\/02\/78a9df92-2288-4525-a005-d06eb3068ac0.jpg","width":790,"height":592},{"@type":"BreadcrumbList","@id":"https:\/\/noticiaempauta.com\/portal\/operacao-em-oeiras-cumpre-mandado-de-prisao-e-apreende-06-motocicletas\/#breadcrumb","itemListElement":[{"@type":"ListItem","position":1,"name":"P\u00e1gina Inicial","item":"https:\/\/noticiaempauta.com\/portal\/"},{"@type":"ListItem","position":2,"name":"Destaques","item":"https:\/\/noticiaempauta.com\/portal\/destaques-site\/"},{"@type":"ListItem","position":3,"name":"Opera\u00e7\u00e3o em Oeiras cumpre mandado de pris\u00e3o e apreende 06 motocicletas"}]},{"@type":"WebSite","@id":"https:\/\/noticiaempauta.com\/portal\/#website","url":"https:\/\/noticiaempauta.com\/portal\/","name":"Portal Not\u00edcia em Pauta","description":"Voc\u00ea bem informado","publisher":{"@id":"https:\/\/noticiaempauta.com\/portal\/#organization"},"potentialAction":[{"@type":"SearchAction","target":{"@type":"EntryPoint","urlTemplate":"https:\/\/noticiaempauta.com\/portal\/?s={search_term_string}"},"query-input":{"@type":"PropertyValueSpecification","valueRequired":true,"valueName":"search_term_string"}}],"inLanguage":"pt-BR"},{"@type":"Organization","@id":"https:\/\/noticiaempauta.com\/portal\/#organization","name":"Portal Not\u00edcia em Pauta","url":"https:\/\/noticiaempauta.com\/portal\/","logo":{"@type":"ImageObject","inLanguage":"pt-BR","@id":"https:\/\/noticiaempauta.com\/portal\/#\/schema\/logo\/image\/","url":"https:\/\/noticiaempauta.com\/portal\/wp-content\/uploads\/2022\/08\/logomarca_tema.fw_.png","contentUrl":"https:\/\/noticiaempauta.com\/portal\/wp-content\/uploads\/2022\/08\/logomarca_tema.fw_.png","width":400,"height":232,"caption":"Portal Not\u00edcia em Pauta"},"image":{"@id":"https:\/\/noticiaempauta.com\/portal\/#\/schema\/logo\/image\/"},"sameAs":["https:\/\/www.facebook.com\/Portal-Notcia-Em-Pauta-102292869264820\/","https:\/\/www.instagram.com\/portalnoticiaempauta\/"]},{"@type":"Person","@id":"https:\/\/noticiaempauta.com\/portal\/#\/schema\/person\/a74af43dd1ab3deca45f988c717d57ac","name":"Reda\u00e7\u00e3o","image":{"@type":"ImageObject","inLanguage":"pt-BR","@id":"https:\/\/noticiaempauta.com\/portal\/#\/schema\/person\/image\/","url":"https:\/\/secure.gravatar.com\/avatar\/03179346ecce6cdfc13361603e8f54242a90e5cde8618fa23c5c00aa2b0aadf3?s=96&d=mm&r=g","contentUrl":"https:\/\/secure.gravatar.com\/avatar\/03179346ecce6cdfc13361603e8f54242a90e5cde8618fa23c5c00aa2b0aadf3?s=96&d=mm&r=g","caption":"Reda\u00e7\u00e3o"},"sameAs":["https:\/\/noticiaempauta.com\/portal\/"],"url":"https:\/\/noticiaempauta.com\/portal\/author\/fernando\/"}]}},"_links":{"self":[{"href":"https:\/\/noticiaempauta.com\/portal\/wp-json\/wp\/v2\/posts\/267641","targetHints":{"allow":["GET"]}}],"collection":[{"href":"https:\/\/noticiaempauta.com\/portal\/wp-json\/wp\/v2\/posts"}],"about":[{"href":"https:\/\/noticiaempauta.com\/portal\/wp-json\/wp\/v2\/types\/post"}],"author":[{"embeddable":true,"href":"https:\/\/noticiaempauta.com\/portal\/wp-json\/wp\/v2\/users\/2"}],"replies":[{"embeddable":true,"href":"https:\/\/noticiaempauta.com\/portal\/wp-json\/wp\/v2\/comments?post=267641"}],"version-history":[{"count":3,"href":"https:\/\/noticiaempauta.com\/portal\/wp-json\/wp\/v2\/posts\/267641\/revisions"}],"predecessor-version":[{"id":267646,"href":"https:\/\/noticiaempauta.com\/portal\/wp-json\/wp\/v2\/posts\/267641\/revisions\/267646"}],"wp:featuredmedia":[{"embeddable":true,"href":"https:\/\/noticiaempauta.com\/portal\/wp-json\/wp\/v2\/media\/267642"}],"wp:attachment":[{"href":"https:\/\/noticiaempauta.com\/portal\/wp-json\/wp\/v2\/media?parent=267641"}],"wp:term":[{"taxonomy":"category","embeddable":true,"href":"https:\/\/noticiaempauta.com\/portal\/wp-json\/wp\/v2\/categories?post=267641"},{"taxonomy":"post_tag","embeddable":true,"href":"https:\/\/noticiaempauta.com\/portal\/wp-json\/wp\/v2\/tags?post=267641"}],"curies":[{"name":"wp","href":"https:\/\/api.w.org\/{rel}","templated":true}]}}