{"id":267710,"date":"2025-02-13T08:41:46","date_gmt":"2025-02-13T11:41:46","guid":{"rendered":"https:\/\/noticiaempauta.com\/portal\/?p=267710"},"modified":"2025-02-13T08:41:48","modified_gmt":"2025-02-13T11:41:48","slug":"rafael-fonteles-trata-de-obras-do-novo-pac-no-piaui-com-ministro-waldez-goes","status":"publish","type":"post","link":"https:\/\/noticiaempauta.com\/portal\/rafael-fonteles-trata-de-obras-do-novo-pac-no-piaui-com-ministro-waldez-goes\/","title":{"rendered":"Rafael Fonteles trata de obras do Novo PAC no Piau\u00ed com ministro Waldez G\u00f3es"},"content":{"rendered":"\n<p>O governador Rafael Fonteles\u00a0tratou, nesta quarta-feira (13), em Bras\u00edlia, a respeito das obras no Piau\u00ed que est\u00e3o firmadas no\u00a0Novo Programa de Acelera\u00e7\u00e3o do Crescimento (PAC) com o\u00a0ministro da Integra\u00e7\u00e3o e Desenvolvimento Regional, Waldez G\u00f3es, e o\u00a0senador Marcelo Castro.<\/p>\n\n\n\n<figure class=\"wp-block-image size-large\"><img fetchpriority=\"high\" decoding=\"async\" width=\"1024\" height=\"683\" src=\"https:\/\/noticiaempauta.com\/portal\/wp-content\/uploads\/2025\/02\/rafael-fonteles-trata-de-obras-do-novo-pac-no-piaui-com-ministro-waldez-goes-f2b1fa2a-d23b-49cb-a2dc-51afda016345.jpg-1024x683.webp\" alt=\"\" class=\"wp-image-267711\" srcset=\"https:\/\/noticiaempauta.com\/portal\/wp-content\/uploads\/2025\/02\/rafael-fonteles-trata-de-obras-do-novo-pac-no-piaui-com-ministro-waldez-goes-f2b1fa2a-d23b-49cb-a2dc-51afda016345.jpg-1024x683.webp 1024w, https:\/\/noticiaempauta.com\/portal\/wp-content\/uploads\/2025\/02\/rafael-fonteles-trata-de-obras-do-novo-pac-no-piaui-com-ministro-waldez-goes-f2b1fa2a-d23b-49cb-a2dc-51afda016345.jpg-300x200.webp 300w, https:\/\/noticiaempauta.com\/portal\/wp-content\/uploads\/2025\/02\/rafael-fonteles-trata-de-obras-do-novo-pac-no-piaui-com-ministro-waldez-goes-f2b1fa2a-d23b-49cb-a2dc-51afda016345.jpg-768x512.webp 768w, https:\/\/noticiaempauta.com\/portal\/wp-content\/uploads\/2025\/02\/rafael-fonteles-trata-de-obras-do-novo-pac-no-piaui-com-ministro-waldez-goes-f2b1fa2a-d23b-49cb-a2dc-51afda016345.jpg-1536x1024.webp 1536w, https:\/\/noticiaempauta.com\/portal\/wp-content\/uploads\/2025\/02\/rafael-fonteles-trata-de-obras-do-novo-pac-no-piaui-com-ministro-waldez-goes-f2b1fa2a-d23b-49cb-a2dc-51afda016345.jpg.webp 1620w\" sizes=\"(max-width: 1024px) 100vw, 1024px\" \/><figcaption class=\"wp-element-caption\">Governador do Piau\u00ed com ministro Waldez e senador Marcelo Castro | Foto: Jhuan Neuber<\/figcaption><\/figure>\n\n\n\n<p>As \u00e1reas de infraestrutura h\u00eddrica e rodovi\u00e1ria foram o foco. Dentre os projetos est\u00e3o a\u00a0constru\u00e7\u00e3o da barragem Nova Algod\u00f5es, em Cocal, e as adutoras de Jaic\u00f3s e de S\u00e3o Raimundo Nonato. Tamb\u00e9m foram abordadas as a\u00e7\u00f5es voltadas para a melhoria da infraestrutura rodovi\u00e1ria.<\/p>\n\n\n\n<p>\u201cO encontro foi uma excelente oportunidade para discutir o andamento de obras t\u00e3o importantes para o Piau\u00ed. S\u00e3o iniciativas que contam com o apoio do Governo Federal e com o empenho da nossa bancada federal, especialmente do senador Marcelo Castro\u201d, disse o governador.<\/p>\n\n\n\n<p>O ministro Waldez G\u00f3es\u00a0garantiu que os projetos discutidos t\u00eam recursos assegurados e ser\u00e3o conclu\u00eddos conforme o planejado. \u201cCada uma das obras do Piau\u00ed, no \u00e2mbito do novo PAC, est\u00e1 garantida e ser\u00e1 executada. Todos os cronogramas est\u00e3o em dia&#8221;, declarou o ministro.<\/p>\n\n\n\n<p>O\u00a0senador Marcelo Castro\u00a0destacou a import\u00e2ncia das obras para resolver problemas hist\u00f3ricos do estado. \u201cA adutora de S\u00e3o Raimundo Nonato \u00e9 uma demanda antiga e finalmente ser\u00e1 resolvida.\u00a0O presidente Lula\u00a0est\u00e1 comprometido em sanar essas quest\u00f5es h\u00eddricas\u201d, concluiu.<\/p>\n\n\n\n<p>Fonte: Meio News<\/p>\n","protected":false},"excerpt":{"rendered":"<p>O governador Rafael Fonteles\u00a0tratou, nesta quarta-feira (13), em Bras\u00edlia, a respeito das obras no Piau\u00ed que est\u00e3o firmadas no\u00a0Novo Programa de Acelera\u00e7\u00e3o do Crescimento (PAC) com o\u00a0ministro da Integra\u00e7\u00e3o e Desenvolvimento Regional, Waldez G\u00f3es, e o\u00a0senador Marcelo Castro. As \u00e1reas de infraestrutura h\u00eddrica e rodovi\u00e1ria foram o foco. Dentre os projetos est\u00e3o a\u00a0constru\u00e7\u00e3o da barragem [&hellip;]<\/p>\n","protected":false},"author":2,"featured_media":267711,"comment_status":"open","ping_status":"open","sticky":false,"template":"","format":"standard","meta":{"_mi_skip_tracking":false,"footnotes":""},"categories":[25,1,16],"tags":[192],"class_list":["post-267710","post","type-post","status-publish","format-standard","has-post-thumbnail","hentry","category-destaques-site","category-geral","category-todas","tag-destaqueprincipal"],"acf":[],"yoast_head":"<!-- This site is optimized with the Yoast SEO Premium plugin v19.2 (Yoast SEO v26.9) - https:\/\/yoast.com\/product\/yoast-seo-premium-wordpress\/ -->\n<title>Rafael Fonteles trata de obras do Novo PAC no Piau\u00ed com ministro Waldez G\u00f3es - Portal Not\u00edcia em Pauta<\/title>\n<meta name=\"robots\" content=\"index, follow, max-snippet:-1, max-image-preview:large, max-video-preview:-1\" \/>\n<link rel=\"canonical\" href=\"https:\/\/noticiaempauta.com\/portal\/rafael-fonteles-trata-de-obras-do-novo-pac-no-piaui-com-ministro-waldez-goes\/\" \/>\n<meta property=\"og:locale\" content=\"pt_BR\" \/>\n<meta property=\"og:type\" content=\"article\" \/>\n<meta property=\"og:title\" content=\"Rafael Fonteles trata de obras do Novo PAC no Piau\u00ed com ministro Waldez G\u00f3es\" \/>\n<meta property=\"og:description\" content=\"O governador Rafael Fonteles\u00a0tratou, nesta quarta-feira (13), em Bras\u00edlia, a respeito das obras no Piau\u00ed que est\u00e3o firmadas no\u00a0Novo Programa de Acelera\u00e7\u00e3o do Crescimento (PAC) com o\u00a0ministro da Integra\u00e7\u00e3o e Desenvolvimento Regional, Waldez G\u00f3es, e o\u00a0senador Marcelo Castro. As \u00e1reas de infraestrutura h\u00eddrica e rodovi\u00e1ria foram o foco. Dentre os projetos est\u00e3o a\u00a0constru\u00e7\u00e3o da barragem [&hellip;]\" \/>\n<meta property=\"og:url\" content=\"https:\/\/noticiaempauta.com\/portal\/rafael-fonteles-trata-de-obras-do-novo-pac-no-piaui-com-ministro-waldez-goes\/\" \/>\n<meta property=\"og:site_name\" content=\"Portal Not\u00edcia em Pauta\" \/>\n<meta property=\"article:publisher\" content=\"https:\/\/www.facebook.com\/Portal-Notcia-Em-Pauta-102292869264820\/\" \/>\n<meta property=\"article:published_time\" content=\"2025-02-13T11:41:46+00:00\" \/>\n<meta property=\"article:modified_time\" content=\"2025-02-13T11:41:48+00:00\" \/>\n<meta property=\"og:image\" content=\"https:\/\/noticiaempauta.com\/portal\/wp-content\/uploads\/2025\/02\/rafael-fonteles-trata-de-obras-do-novo-pac-no-piaui-com-ministro-waldez-goes-f2b1fa2a-d23b-49cb-a2dc-51afda016345.jpg.webp\" \/>\n\t<meta property=\"og:image:width\" content=\"1620\" \/>\n\t<meta property=\"og:image:height\" content=\"1080\" \/>\n\t<meta property=\"og:image:type\" content=\"image\/webp\" \/>\n<meta name=\"author\" content=\"Reda\u00e7\u00e3o\" \/>\n<meta name=\"twitter:card\" content=\"summary_large_image\" \/>\n<meta name=\"twitter:label1\" content=\"Escrito por\" \/>\n\t<meta name=\"twitter:data1\" content=\"Reda\u00e7\u00e3o\" \/>\n\t<meta name=\"twitter:label2\" content=\"Est. tempo de leitura\" \/>\n\t<meta name=\"twitter:data2\" content=\"2 minutos\" \/>\n<script type=\"application\/ld+json\" class=\"yoast-schema-graph\">{\"@context\":\"https:\/\/schema.org\",\"@graph\":[{\"@type\":\"Article\",\"@id\":\"https:\/\/noticiaempauta.com\/portal\/rafael-fonteles-trata-de-obras-do-novo-pac-no-piaui-com-ministro-waldez-goes\/#article\",\"isPartOf\":{\"@id\":\"https:\/\/noticiaempauta.com\/portal\/rafael-fonteles-trata-de-obras-do-novo-pac-no-piaui-com-ministro-waldez-goes\/\"},\"author\":{\"name\":\"Reda\u00e7\u00e3o\",\"@id\":\"https:\/\/noticiaempauta.com\/portal\/#\/schema\/person\/a74af43dd1ab3deca45f988c717d57ac\"},\"headline\":\"Rafael Fonteles trata de obras do Novo PAC no Piau\u00ed com ministro Waldez G\u00f3es\",\"datePublished\":\"2025-02-13T11:41:46+00:00\",\"dateModified\":\"2025-02-13T11:41:48+00:00\",\"mainEntityOfPage\":{\"@id\":\"https:\/\/noticiaempauta.com\/portal\/rafael-fonteles-trata-de-obras-do-novo-pac-no-piaui-com-ministro-waldez-goes\/\"},\"wordCount\":268,\"commentCount\":0,\"publisher\":{\"@id\":\"https:\/\/noticiaempauta.com\/portal\/#organization\"},\"image\":{\"@id\":\"https:\/\/noticiaempauta.com\/portal\/rafael-fonteles-trata-de-obras-do-novo-pac-no-piaui-com-ministro-waldez-goes\/#primaryimage\"},\"thumbnailUrl\":\"https:\/\/noticiaempauta.com\/portal\/wp-content\/uploads\/2025\/02\/rafael-fonteles-trata-de-obras-do-novo-pac-no-piaui-com-ministro-waldez-goes-f2b1fa2a-d23b-49cb-a2dc-51afda016345.jpg.webp\",\"keywords\":[\"destaqueprincipal\"],\"articleSection\":[\"Destaques\",\"Geral\",\"Todas as Not\u00edcias\"],\"inLanguage\":\"pt-BR\",\"potentialAction\":[{\"@type\":\"CommentAction\",\"name\":\"Comment\",\"target\":[\"https:\/\/noticiaempauta.com\/portal\/rafael-fonteles-trata-de-obras-do-novo-pac-no-piaui-com-ministro-waldez-goes\/#respond\"]}]},{\"@type\":\"WebPage\",\"@id\":\"https:\/\/noticiaempauta.com\/portal\/rafael-fonteles-trata-de-obras-do-novo-pac-no-piaui-com-ministro-waldez-goes\/\",\"url\":\"https:\/\/noticiaempauta.com\/portal\/rafael-fonteles-trata-de-obras-do-novo-pac-no-piaui-com-ministro-waldez-goes\/\",\"name\":\"Rafael Fonteles trata de obras do Novo PAC no Piau\u00ed com ministro Waldez G\u00f3es - Portal Not\u00edcia em Pauta\",\"isPartOf\":{\"@id\":\"https:\/\/noticiaempauta.com\/portal\/#website\"},\"primaryImageOfPage\":{\"@id\":\"https:\/\/noticiaempauta.com\/portal\/rafael-fonteles-trata-de-obras-do-novo-pac-no-piaui-com-ministro-waldez-goes\/#primaryimage\"},\"image\":{\"@id\":\"https:\/\/noticiaempauta.com\/portal\/rafael-fonteles-trata-de-obras-do-novo-pac-no-piaui-com-ministro-waldez-goes\/#primaryimage\"},\"thumbnailUrl\":\"https:\/\/noticiaempauta.com\/portal\/wp-content\/uploads\/2025\/02\/rafael-fonteles-trata-de-obras-do-novo-pac-no-piaui-com-ministro-waldez-goes-f2b1fa2a-d23b-49cb-a2dc-51afda016345.jpg.webp\",\"datePublished\":\"2025-02-13T11:41:46+00:00\",\"dateModified\":\"2025-02-13T11:41:48+00:00\",\"breadcrumb\":{\"@id\":\"https:\/\/noticiaempauta.com\/portal\/rafael-fonteles-trata-de-obras-do-novo-pac-no-piaui-com-ministro-waldez-goes\/#breadcrumb\"},\"inLanguage\":\"pt-BR\",\"potentialAction\":[{\"@type\":\"ReadAction\",\"target\":[\"https:\/\/noticiaempauta.com\/portal\/rafael-fonteles-trata-de-obras-do-novo-pac-no-piaui-com-ministro-waldez-goes\/\"]}]},{\"@type\":\"ImageObject\",\"inLanguage\":\"pt-BR\",\"@id\":\"https:\/\/noticiaempauta.com\/portal\/rafael-fonteles-trata-de-obras-do-novo-pac-no-piaui-com-ministro-waldez-goes\/#primaryimage\",\"url\":\"https:\/\/noticiaempauta.com\/portal\/wp-content\/uploads\/2025\/02\/rafael-fonteles-trata-de-obras-do-novo-pac-no-piaui-com-ministro-waldez-goes-f2b1fa2a-d23b-49cb-a2dc-51afda016345.jpg.webp\",\"contentUrl\":\"https:\/\/noticiaempauta.com\/portal\/wp-content\/uploads\/2025\/02\/rafael-fonteles-trata-de-obras-do-novo-pac-no-piaui-com-ministro-waldez-goes-f2b1fa2a-d23b-49cb-a2dc-51afda016345.jpg.webp\",\"width\":1620,\"height\":1080},{\"@type\":\"BreadcrumbList\",\"@id\":\"https:\/\/noticiaempauta.com\/portal\/rafael-fonteles-trata-de-obras-do-novo-pac-no-piaui-com-ministro-waldez-goes\/#breadcrumb\",\"itemListElement\":[{\"@type\":\"ListItem\",\"position\":1,\"name\":\"P\u00e1gina Inicial\",\"item\":\"https:\/\/noticiaempauta.com\/portal\/\"},{\"@type\":\"ListItem\",\"position\":2,\"name\":\"Destaques\",\"item\":\"https:\/\/noticiaempauta.com\/portal\/destaques-site\/\"},{\"@type\":\"ListItem\",\"position\":3,\"name\":\"Rafael Fonteles trata de obras do Novo PAC no Piau\u00ed com ministro Waldez G\u00f3es\"}]},{\"@type\":\"WebSite\",\"@id\":\"https:\/\/noticiaempauta.com\/portal\/#website\",\"url\":\"https:\/\/noticiaempauta.com\/portal\/\",\"name\":\"Portal Not\u00edcia em Pauta\",\"description\":\"Voc\u00ea bem informado\",\"publisher\":{\"@id\":\"https:\/\/noticiaempauta.com\/portal\/#organization\"},\"potentialAction\":[{\"@type\":\"SearchAction\",\"target\":{\"@type\":\"EntryPoint\",\"urlTemplate\":\"https:\/\/noticiaempauta.com\/portal\/?s={search_term_string}\"},\"query-input\":{\"@type\":\"PropertyValueSpecification\",\"valueRequired\":true,\"valueName\":\"search_term_string\"}}],\"inLanguage\":\"pt-BR\"},{\"@type\":\"Organization\",\"@id\":\"https:\/\/noticiaempauta.com\/portal\/#organization\",\"name\":\"Portal Not\u00edcia em Pauta\",\"url\":\"https:\/\/noticiaempauta.com\/portal\/\",\"logo\":{\"@type\":\"ImageObject\",\"inLanguage\":\"pt-BR\",\"@id\":\"https:\/\/noticiaempauta.com\/portal\/#\/schema\/logo\/image\/\",\"url\":\"https:\/\/noticiaempauta.com\/portal\/wp-content\/uploads\/2022\/08\/logomarca_tema.fw_.png\",\"contentUrl\":\"https:\/\/noticiaempauta.com\/portal\/wp-content\/uploads\/2022\/08\/logomarca_tema.fw_.png\",\"width\":400,\"height\":232,\"caption\":\"Portal Not\u00edcia em Pauta\"},\"image\":{\"@id\":\"https:\/\/noticiaempauta.com\/portal\/#\/schema\/logo\/image\/\"},\"sameAs\":[\"https:\/\/www.facebook.com\/Portal-Notcia-Em-Pauta-102292869264820\/\",\"https:\/\/www.instagram.com\/portalnoticiaempauta\/\"]},{\"@type\":\"Person\",\"@id\":\"https:\/\/noticiaempauta.com\/portal\/#\/schema\/person\/a74af43dd1ab3deca45f988c717d57ac\",\"name\":\"Reda\u00e7\u00e3o\",\"image\":{\"@type\":\"ImageObject\",\"inLanguage\":\"pt-BR\",\"@id\":\"https:\/\/noticiaempauta.com\/portal\/#\/schema\/person\/image\/\",\"url\":\"https:\/\/secure.gravatar.com\/avatar\/03179346ecce6cdfc13361603e8f54242a90e5cde8618fa23c5c00aa2b0aadf3?s=96&d=mm&r=g\",\"contentUrl\":\"https:\/\/secure.gravatar.com\/avatar\/03179346ecce6cdfc13361603e8f54242a90e5cde8618fa23c5c00aa2b0aadf3?s=96&d=mm&r=g\",\"caption\":\"Reda\u00e7\u00e3o\"},\"sameAs\":[\"https:\/\/noticiaempauta.com\/portal\/\"],\"url\":\"https:\/\/noticiaempauta.com\/portal\/author\/fernando\/\"}]}<\/script>\n<!-- \/ Yoast SEO Premium plugin. -->","yoast_head_json":{"title":"Rafael Fonteles trata de obras do Novo PAC no Piau\u00ed com ministro Waldez G\u00f3es - Portal Not\u00edcia em Pauta","robots":{"index":"index","follow":"follow","max-snippet":"max-snippet:-1","max-image-preview":"max-image-preview:large","max-video-preview":"max-video-preview:-1"},"canonical":"https:\/\/noticiaempauta.com\/portal\/rafael-fonteles-trata-de-obras-do-novo-pac-no-piaui-com-ministro-waldez-goes\/","og_locale":"pt_BR","og_type":"article","og_title":"Rafael Fonteles trata de obras do Novo PAC no Piau\u00ed com ministro Waldez G\u00f3es","og_description":"O governador Rafael Fonteles\u00a0tratou, nesta quarta-feira (13), em Bras\u00edlia, a respeito das obras no Piau\u00ed que est\u00e3o firmadas no\u00a0Novo Programa de Acelera\u00e7\u00e3o do Crescimento (PAC) com o\u00a0ministro da Integra\u00e7\u00e3o e Desenvolvimento Regional, Waldez G\u00f3es, e o\u00a0senador Marcelo Castro. As \u00e1reas de infraestrutura h\u00eddrica e rodovi\u00e1ria foram o foco. Dentre os projetos est\u00e3o a\u00a0constru\u00e7\u00e3o da barragem [&hellip;]","og_url":"https:\/\/noticiaempauta.com\/portal\/rafael-fonteles-trata-de-obras-do-novo-pac-no-piaui-com-ministro-waldez-goes\/","og_site_name":"Portal Not\u00edcia em Pauta","article_publisher":"https:\/\/www.facebook.com\/Portal-Notcia-Em-Pauta-102292869264820\/","article_published_time":"2025-02-13T11:41:46+00:00","article_modified_time":"2025-02-13T11:41:48+00:00","og_image":[{"width":1620,"height":1080,"url":"https:\/\/noticiaempauta.com\/portal\/wp-content\/uploads\/2025\/02\/rafael-fonteles-trata-de-obras-do-novo-pac-no-piaui-com-ministro-waldez-goes-f2b1fa2a-d23b-49cb-a2dc-51afda016345.jpg.webp","type":"image\/webp"}],"author":"Reda\u00e7\u00e3o","twitter_card":"summary_large_image","twitter_misc":{"Escrito por":"Reda\u00e7\u00e3o","Est. tempo de leitura":"2 minutos"},"schema":{"@context":"https:\/\/schema.org","@graph":[{"@type":"Article","@id":"https:\/\/noticiaempauta.com\/portal\/rafael-fonteles-trata-de-obras-do-novo-pac-no-piaui-com-ministro-waldez-goes\/#article","isPartOf":{"@id":"https:\/\/noticiaempauta.com\/portal\/rafael-fonteles-trata-de-obras-do-novo-pac-no-piaui-com-ministro-waldez-goes\/"},"author":{"name":"Reda\u00e7\u00e3o","@id":"https:\/\/noticiaempauta.com\/portal\/#\/schema\/person\/a74af43dd1ab3deca45f988c717d57ac"},"headline":"Rafael Fonteles trata de obras do Novo PAC no Piau\u00ed com ministro Waldez G\u00f3es","datePublished":"2025-02-13T11:41:46+00:00","dateModified":"2025-02-13T11:41:48+00:00","mainEntityOfPage":{"@id":"https:\/\/noticiaempauta.com\/portal\/rafael-fonteles-trata-de-obras-do-novo-pac-no-piaui-com-ministro-waldez-goes\/"},"wordCount":268,"commentCount":0,"publisher":{"@id":"https:\/\/noticiaempauta.com\/portal\/#organization"},"image":{"@id":"https:\/\/noticiaempauta.com\/portal\/rafael-fonteles-trata-de-obras-do-novo-pac-no-piaui-com-ministro-waldez-goes\/#primaryimage"},"thumbnailUrl":"https:\/\/noticiaempauta.com\/portal\/wp-content\/uploads\/2025\/02\/rafael-fonteles-trata-de-obras-do-novo-pac-no-piaui-com-ministro-waldez-goes-f2b1fa2a-d23b-49cb-a2dc-51afda016345.jpg.webp","keywords":["destaqueprincipal"],"articleSection":["Destaques","Geral","Todas as Not\u00edcias"],"inLanguage":"pt-BR","potentialAction":[{"@type":"CommentAction","name":"Comment","target":["https:\/\/noticiaempauta.com\/portal\/rafael-fonteles-trata-de-obras-do-novo-pac-no-piaui-com-ministro-waldez-goes\/#respond"]}]},{"@type":"WebPage","@id":"https:\/\/noticiaempauta.com\/portal\/rafael-fonteles-trata-de-obras-do-novo-pac-no-piaui-com-ministro-waldez-goes\/","url":"https:\/\/noticiaempauta.com\/portal\/rafael-fonteles-trata-de-obras-do-novo-pac-no-piaui-com-ministro-waldez-goes\/","name":"Rafael Fonteles trata de obras do Novo PAC no Piau\u00ed com ministro Waldez G\u00f3es - Portal Not\u00edcia em Pauta","isPartOf":{"@id":"https:\/\/noticiaempauta.com\/portal\/#website"},"primaryImageOfPage":{"@id":"https:\/\/noticiaempauta.com\/portal\/rafael-fonteles-trata-de-obras-do-novo-pac-no-piaui-com-ministro-waldez-goes\/#primaryimage"},"image":{"@id":"https:\/\/noticiaempauta.com\/portal\/rafael-fonteles-trata-de-obras-do-novo-pac-no-piaui-com-ministro-waldez-goes\/#primaryimage"},"thumbnailUrl":"https:\/\/noticiaempauta.com\/portal\/wp-content\/uploads\/2025\/02\/rafael-fonteles-trata-de-obras-do-novo-pac-no-piaui-com-ministro-waldez-goes-f2b1fa2a-d23b-49cb-a2dc-51afda016345.jpg.webp","datePublished":"2025-02-13T11:41:46+00:00","dateModified":"2025-02-13T11:41:48+00:00","breadcrumb":{"@id":"https:\/\/noticiaempauta.com\/portal\/rafael-fonteles-trata-de-obras-do-novo-pac-no-piaui-com-ministro-waldez-goes\/#breadcrumb"},"inLanguage":"pt-BR","potentialAction":[{"@type":"ReadAction","target":["https:\/\/noticiaempauta.com\/portal\/rafael-fonteles-trata-de-obras-do-novo-pac-no-piaui-com-ministro-waldez-goes\/"]}]},{"@type":"ImageObject","inLanguage":"pt-BR","@id":"https:\/\/noticiaempauta.com\/portal\/rafael-fonteles-trata-de-obras-do-novo-pac-no-piaui-com-ministro-waldez-goes\/#primaryimage","url":"https:\/\/noticiaempauta.com\/portal\/wp-content\/uploads\/2025\/02\/rafael-fonteles-trata-de-obras-do-novo-pac-no-piaui-com-ministro-waldez-goes-f2b1fa2a-d23b-49cb-a2dc-51afda016345.jpg.webp","contentUrl":"https:\/\/noticiaempauta.com\/portal\/wp-content\/uploads\/2025\/02\/rafael-fonteles-trata-de-obras-do-novo-pac-no-piaui-com-ministro-waldez-goes-f2b1fa2a-d23b-49cb-a2dc-51afda016345.jpg.webp","width":1620,"height":1080},{"@type":"BreadcrumbList","@id":"https:\/\/noticiaempauta.com\/portal\/rafael-fonteles-trata-de-obras-do-novo-pac-no-piaui-com-ministro-waldez-goes\/#breadcrumb","itemListElement":[{"@type":"ListItem","position":1,"name":"P\u00e1gina Inicial","item":"https:\/\/noticiaempauta.com\/portal\/"},{"@type":"ListItem","position":2,"name":"Destaques","item":"https:\/\/noticiaempauta.com\/portal\/destaques-site\/"},{"@type":"ListItem","position":3,"name":"Rafael Fonteles trata de obras do Novo PAC no Piau\u00ed com ministro Waldez G\u00f3es"}]},{"@type":"WebSite","@id":"https:\/\/noticiaempauta.com\/portal\/#website","url":"https:\/\/noticiaempauta.com\/portal\/","name":"Portal Not\u00edcia em Pauta","description":"Voc\u00ea bem informado","publisher":{"@id":"https:\/\/noticiaempauta.com\/portal\/#organization"},"potentialAction":[{"@type":"SearchAction","target":{"@type":"EntryPoint","urlTemplate":"https:\/\/noticiaempauta.com\/portal\/?s={search_term_string}"},"query-input":{"@type":"PropertyValueSpecification","valueRequired":true,"valueName":"search_term_string"}}],"inLanguage":"pt-BR"},{"@type":"Organization","@id":"https:\/\/noticiaempauta.com\/portal\/#organization","name":"Portal Not\u00edcia em Pauta","url":"https:\/\/noticiaempauta.com\/portal\/","logo":{"@type":"ImageObject","inLanguage":"pt-BR","@id":"https:\/\/noticiaempauta.com\/portal\/#\/schema\/logo\/image\/","url":"https:\/\/noticiaempauta.com\/portal\/wp-content\/uploads\/2022\/08\/logomarca_tema.fw_.png","contentUrl":"https:\/\/noticiaempauta.com\/portal\/wp-content\/uploads\/2022\/08\/logomarca_tema.fw_.png","width":400,"height":232,"caption":"Portal Not\u00edcia em Pauta"},"image":{"@id":"https:\/\/noticiaempauta.com\/portal\/#\/schema\/logo\/image\/"},"sameAs":["https:\/\/www.facebook.com\/Portal-Notcia-Em-Pauta-102292869264820\/","https:\/\/www.instagram.com\/portalnoticiaempauta\/"]},{"@type":"Person","@id":"https:\/\/noticiaempauta.com\/portal\/#\/schema\/person\/a74af43dd1ab3deca45f988c717d57ac","name":"Reda\u00e7\u00e3o","image":{"@type":"ImageObject","inLanguage":"pt-BR","@id":"https:\/\/noticiaempauta.com\/portal\/#\/schema\/person\/image\/","url":"https:\/\/secure.gravatar.com\/avatar\/03179346ecce6cdfc13361603e8f54242a90e5cde8618fa23c5c00aa2b0aadf3?s=96&d=mm&r=g","contentUrl":"https:\/\/secure.gravatar.com\/avatar\/03179346ecce6cdfc13361603e8f54242a90e5cde8618fa23c5c00aa2b0aadf3?s=96&d=mm&r=g","caption":"Reda\u00e7\u00e3o"},"sameAs":["https:\/\/noticiaempauta.com\/portal\/"],"url":"https:\/\/noticiaempauta.com\/portal\/author\/fernando\/"}]}},"_links":{"self":[{"href":"https:\/\/noticiaempauta.com\/portal\/wp-json\/wp\/v2\/posts\/267710","targetHints":{"allow":["GET"]}}],"collection":[{"href":"https:\/\/noticiaempauta.com\/portal\/wp-json\/wp\/v2\/posts"}],"about":[{"href":"https:\/\/noticiaempauta.com\/portal\/wp-json\/wp\/v2\/types\/post"}],"author":[{"embeddable":true,"href":"https:\/\/noticiaempauta.com\/portal\/wp-json\/wp\/v2\/users\/2"}],"replies":[{"embeddable":true,"href":"https:\/\/noticiaempauta.com\/portal\/wp-json\/wp\/v2\/comments?post=267710"}],"version-history":[{"count":2,"href":"https:\/\/noticiaempauta.com\/portal\/wp-json\/wp\/v2\/posts\/267710\/revisions"}],"predecessor-version":[{"id":267713,"href":"https:\/\/noticiaempauta.com\/portal\/wp-json\/wp\/v2\/posts\/267710\/revisions\/267713"}],"wp:featuredmedia":[{"embeddable":true,"href":"https:\/\/noticiaempauta.com\/portal\/wp-json\/wp\/v2\/media\/267711"}],"wp:attachment":[{"href":"https:\/\/noticiaempauta.com\/portal\/wp-json\/wp\/v2\/media?parent=267710"}],"wp:term":[{"taxonomy":"category","embeddable":true,"href":"https:\/\/noticiaempauta.com\/portal\/wp-json\/wp\/v2\/categories?post=267710"},{"taxonomy":"post_tag","embeddable":true,"href":"https:\/\/noticiaempauta.com\/portal\/wp-json\/wp\/v2\/tags?post=267710"}],"curies":[{"name":"wp","href":"https:\/\/api.w.org\/{rel}","templated":true}]}}