{"id":267781,"date":"2025-02-15T15:36:42","date_gmt":"2025-02-15T18:36:42","guid":{"rendered":"https:\/\/noticiaempauta.com\/portal\/?p=267781"},"modified":"2025-02-15T15:36:43","modified_gmt":"2025-02-15T18:36:43","slug":"rede-municipal-de-ensino-de-picos-passara-por-reordenacao-e-implementacao-de-educacao-integral","status":"publish","type":"post","link":"https:\/\/noticiaempauta.com\/portal\/rede-municipal-de-ensino-de-picos-passara-por-reordenacao-e-implementacao-de-educacao-integral\/","title":{"rendered":"Rede municipal de ensino de Picos passar\u00e1 por reordena\u00e7\u00e3o e implementa\u00e7\u00e3o de educa\u00e7\u00e3o integral"},"content":{"rendered":"\n<p>Durante a manh\u00e3 e tarde desta sexta-feira, o prefeito municipal de Picos, Pablo Santos, juntamente com a secret\u00e1ria de Educa\u00e7\u00e3o, Mary Dantas, participaram de reuni\u00f5es no Minist\u00e9rio P\u00fablico do Piau\u00ed e na C\u00e2mara de Vereadores, a fim de debaterem o novo projeto de reordenamento da rede p\u00fablica de ensino.<\/p>\n\n\n\n<figure class=\"wp-block-image size-full\"><img fetchpriority=\"high\" decoding=\"async\" width=\"800\" height=\"600\" src=\"https:\/\/noticiaempauta.com\/portal\/wp-content\/uploads\/2025\/02\/IMG_1572.jpeg\" alt=\"\" class=\"wp-image-267784\" srcset=\"https:\/\/noticiaempauta.com\/portal\/wp-content\/uploads\/2025\/02\/IMG_1572.jpeg 800w, https:\/\/noticiaempauta.com\/portal\/wp-content\/uploads\/2025\/02\/IMG_1572-300x225.jpeg 300w, https:\/\/noticiaempauta.com\/portal\/wp-content\/uploads\/2025\/02\/IMG_1572-768x576.jpeg 768w\" sizes=\"(max-width: 800px) 100vw, 800px\" \/><\/figure>\n\n\n\n<p>Em audi\u00eancia, na manh\u00e3 de hoje, com o promotor Ant\u00f4nio C\u00e9sar Gon\u00e7alves Barbosa \u2013 da 3\u00aa Promotoria \u2013, e com a presen\u00e7a de representantes do Tribunal de Contas do Estado, a equipe da Secretaria Municipal de Educa\u00e7\u00e3o explanou sobre o novo projeto de reordenamento das escolas e implementa\u00e7\u00e3o da educa\u00e7\u00e3o de tempo integral na rede de ensino.<\/p>\n\n\n\n<p>Em seguida, toda a equipe se dirigiu \u00e0 C\u00e2mara de Picos para apresentar o projeto aos vereadores, a fim de debater os pontos positivos que a proposta trar\u00e1 para a cidade.<\/p>\n\n\n\n<p>Na ocasi\u00e3o, o consultor educacional Hans Mendes explanou sobre sua vistoria \u00e0s escolas do munic\u00edpio em que algumas apresentavam um n\u00famero pequeno de alunos, onerando a receita com gastos de professores e distribui\u00e7\u00e3o de uma qualidade de ensino baixa, devido \u00e0s classes multisseriadas (alunos de v\u00e1rias idades e s\u00e9ries em uma mesma turma).<\/p>\n\n\n\n<figure class=\"wp-block-image size-full\"><img decoding=\"async\" width=\"800\" height=\"600\" src=\"https:\/\/noticiaempauta.com\/portal\/wp-content\/uploads\/2025\/02\/IMG_1574.jpeg\" alt=\"\" class=\"wp-image-267783\" srcset=\"https:\/\/noticiaempauta.com\/portal\/wp-content\/uploads\/2025\/02\/IMG_1574.jpeg 800w, https:\/\/noticiaempauta.com\/portal\/wp-content\/uploads\/2025\/02\/IMG_1574-300x225.jpeg 300w, https:\/\/noticiaempauta.com\/portal\/wp-content\/uploads\/2025\/02\/IMG_1574-768x576.jpeg 768w\" sizes=\"(max-width: 800px) 100vw, 800px\" \/><\/figure>\n\n\n\n<p>Ap\u00f3s a vistoria, o consultor explanou os pontos negativos da educa\u00e7\u00e3o municipal e organizou um projeto de reestrutura\u00e7\u00e3o para que haja um avan\u00e7o na qualidade do ensino do munic\u00edpio.<\/p>\n\n\n\n<p>Uma das metas ser\u00e1 a organiza\u00e7\u00e3o das escolas por n\u00facleos, fazendo com que as escolas que permanecer\u00e3o em funcionamento tenham mais alunos, todos em suas s\u00e9ries adequadas, para que obtenham rendimento escolar e tenham uma base de ensino solidificada.<\/p>\n\n\n\n<p>Congruente a isso, haver\u00e1 a implementa\u00e7\u00e3o da educa\u00e7\u00e3o integral em 85% das escolas este ano, em que ser\u00e3o desenvolvidas atividades complementares ao estudo dentro e fora das escolas, acarretando uma carga hor\u00e1ria semanal de 35 horas (hoje s\u00e3o 20h).<\/p>\n\n\n\n<p>Portanto, os alunos ter\u00e3o de dois a tr\u00eas dias de tempo integral, com as tr\u00eas refei\u00e7\u00f5es adequadas (lanche da manh\u00e3, almo\u00e7o e lanche da tarde).<\/p>\n\n\n\n<p>A secret\u00e1ria de Educa\u00e7\u00e3o, Mary Dantas, informou ainda que aqueles estudantes que precisar\u00e3o ser realocados em outras escolas ter\u00e3o total assist\u00eancia com transporte escolar de qualidade, motoristas capacitados, monitores que estar\u00e3o tamb\u00e9m auxiliando no transporte das crian\u00e7as, os quais tamb\u00e9m passar\u00e3o por capacita\u00e7\u00e3o, especialmente no atendimento de estudantes com atipicidades.<\/p>\n\n\n\n<figure class=\"wp-block-image size-full\"><img decoding=\"async\" width=\"800\" height=\"450\" src=\"https:\/\/noticiaempauta.com\/portal\/wp-content\/uploads\/2025\/02\/IMG_1575.jpeg\" alt=\"\" class=\"wp-image-267782\" srcset=\"https:\/\/noticiaempauta.com\/portal\/wp-content\/uploads\/2025\/02\/IMG_1575.jpeg 800w, https:\/\/noticiaempauta.com\/portal\/wp-content\/uploads\/2025\/02\/IMG_1575-300x169.jpeg 300w, https:\/\/noticiaempauta.com\/portal\/wp-content\/uploads\/2025\/02\/IMG_1575-768x432.jpeg 768w\" sizes=\"(max-width: 800px) 100vw, 800px\" \/><\/figure>\n\n\n\n<p>Ela destacou tamb\u00e9m que ser\u00e3o providenciadas pessoas das comunidades para auxiliarem nesse transporte, a fim de que os pais se sintam os mais seguros poss\u00edveis quanto \u00e0 seguran\u00e7a dos filhos de casa para a escola e vice-versa.<\/p>\n\n\n\n<figure class=\"wp-block-image size-full\"><img loading=\"lazy\" decoding=\"async\" width=\"800\" height=\"600\" src=\"https:\/\/noticiaempauta.com\/portal\/wp-content\/uploads\/2025\/02\/IMG_1573.jpeg\" alt=\"\" class=\"wp-image-267785\" srcset=\"https:\/\/noticiaempauta.com\/portal\/wp-content\/uploads\/2025\/02\/IMG_1573.jpeg 800w, https:\/\/noticiaempauta.com\/portal\/wp-content\/uploads\/2025\/02\/IMG_1573-300x225.jpeg 300w, https:\/\/noticiaempauta.com\/portal\/wp-content\/uploads\/2025\/02\/IMG_1573-768x576.jpeg 768w\" sizes=\"(max-width: 800px) 100vw, 800px\" \/><\/figure>\n\n\n\n<p>O prefeito Pablo Santos explicou saber que toda mudan\u00e7a gera cr\u00edticas no in\u00edcio, mas afirmou acreditar na proposta de reordena\u00e7\u00e3o das escolas a fim de aumentar a qualidade do ensino e tornar o munic\u00edpio uma das cidades do Piau\u00ed com o maior IDEB.<\/p>\n\n\n\n<p>\u201cNeste momento o que precisamos \u00e9 de uma boa comunica\u00e7\u00e3o com a sociedade. Estaremos indo \u00e0s comunidades apresentar nossa proposta e tenho plena confian\u00e7a de que todo pai quer o melhor para seus filhos, quer a melhor educa\u00e7\u00e3o, e se eles querem isso, eles v\u00e3o aceitar e apoiar. Quando essa reestrutura\u00e7\u00e3o for implementada e come\u00e7ar a mostrar seus frutos, os pr\u00f3prios pais ser\u00e3o os primeiros a se mostrarem satisfeitos. Quero uma nova era em Picos, uma que proporcione o melhor para essas crian\u00e7as, que s\u00e3o o futuro da nossa cidade, e para que tenham, cada uma delas, o seu pr\u00f3prio futuro promissor\u201d, declarou.<\/p>\n\n\n\n<p><strong>CCOM<\/strong><\/p>\n\n\n\n<p><\/p>\n","protected":false},"excerpt":{"rendered":"<p>Durante a manh\u00e3 e tarde desta sexta-feira, o prefeito municipal de Picos, Pablo Santos, juntamente com a secret\u00e1ria de Educa\u00e7\u00e3o, Mary Dantas, participaram de reuni\u00f5es no Minist\u00e9rio P\u00fablico do Piau\u00ed e na C\u00e2mara de Vereadores, a fim de debaterem o novo projeto de reordenamento da rede p\u00fablica de ensino. Em audi\u00eancia, na manh\u00e3 de hoje, [&hellip;]<\/p>\n","protected":false},"author":2,"featured_media":267784,"comment_status":"open","ping_status":"open","sticky":false,"template":"","format":"standard","meta":{"_mi_skip_tracking":false,"footnotes":""},"categories":[25,1,16],"tags":[],"class_list":["post-267781","post","type-post","status-publish","format-standard","has-post-thumbnail","hentry","category-destaques-site","category-geral","category-todas"],"acf":[],"yoast_head":"<!-- This site is optimized with the Yoast SEO Premium plugin v19.2 (Yoast SEO v26.9) - https:\/\/yoast.com\/product\/yoast-seo-premium-wordpress\/ -->\n<title>Rede municipal de ensino de Picos passar\u00e1 por reordena\u00e7\u00e3o e implementa\u00e7\u00e3o de educa\u00e7\u00e3o integral - Portal Not\u00edcia em Pauta<\/title>\n<meta name=\"robots\" content=\"index, follow, max-snippet:-1, max-image-preview:large, max-video-preview:-1\" \/>\n<link rel=\"canonical\" href=\"https:\/\/noticiaempauta.com\/portal\/rede-municipal-de-ensino-de-picos-passara-por-reordenacao-e-implementacao-de-educacao-integral\/\" \/>\n<meta property=\"og:locale\" content=\"pt_BR\" \/>\n<meta property=\"og:type\" content=\"article\" \/>\n<meta property=\"og:title\" content=\"Rede municipal de ensino de Picos passar\u00e1 por reordena\u00e7\u00e3o e implementa\u00e7\u00e3o de educa\u00e7\u00e3o integral\" \/>\n<meta property=\"og:description\" content=\"Durante a manh\u00e3 e tarde desta sexta-feira, o prefeito municipal de Picos, Pablo Santos, juntamente com a secret\u00e1ria de Educa\u00e7\u00e3o, Mary Dantas, participaram de reuni\u00f5es no Minist\u00e9rio P\u00fablico do Piau\u00ed e na C\u00e2mara de Vereadores, a fim de debaterem o novo projeto de reordenamento da rede p\u00fablica de ensino. Em audi\u00eancia, na manh\u00e3 de hoje, [&hellip;]\" \/>\n<meta property=\"og:url\" content=\"https:\/\/noticiaempauta.com\/portal\/rede-municipal-de-ensino-de-picos-passara-por-reordenacao-e-implementacao-de-educacao-integral\/\" \/>\n<meta property=\"og:site_name\" content=\"Portal Not\u00edcia em Pauta\" \/>\n<meta property=\"article:publisher\" content=\"https:\/\/www.facebook.com\/Portal-Notcia-Em-Pauta-102292869264820\/\" \/>\n<meta property=\"article:published_time\" content=\"2025-02-15T18:36:42+00:00\" \/>\n<meta property=\"article:modified_time\" content=\"2025-02-15T18:36:43+00:00\" \/>\n<meta property=\"og:image\" content=\"https:\/\/noticiaempauta.com\/portal\/wp-content\/uploads\/2025\/02\/IMG_1572.jpeg\" \/>\n\t<meta property=\"og:image:width\" content=\"800\" \/>\n\t<meta property=\"og:image:height\" content=\"600\" \/>\n\t<meta property=\"og:image:type\" content=\"image\/jpeg\" \/>\n<meta name=\"author\" content=\"Reda\u00e7\u00e3o\" \/>\n<meta name=\"twitter:card\" content=\"summary_large_image\" \/>\n<meta name=\"twitter:label1\" content=\"Escrito por\" \/>\n\t<meta name=\"twitter:data1\" content=\"Reda\u00e7\u00e3o\" \/>\n\t<meta name=\"twitter:label2\" content=\"Est. tempo de leitura\" \/>\n\t<meta name=\"twitter:data2\" content=\"5 minutos\" \/>\n<script type=\"application\/ld+json\" class=\"yoast-schema-graph\">{\"@context\":\"https:\/\/schema.org\",\"@graph\":[{\"@type\":\"Article\",\"@id\":\"https:\/\/noticiaempauta.com\/portal\/rede-municipal-de-ensino-de-picos-passara-por-reordenacao-e-implementacao-de-educacao-integral\/#article\",\"isPartOf\":{\"@id\":\"https:\/\/noticiaempauta.com\/portal\/rede-municipal-de-ensino-de-picos-passara-por-reordenacao-e-implementacao-de-educacao-integral\/\"},\"author\":{\"name\":\"Reda\u00e7\u00e3o\",\"@id\":\"https:\/\/noticiaempauta.com\/portal\/#\/schema\/person\/a74af43dd1ab3deca45f988c717d57ac\"},\"headline\":\"Rede municipal de ensino de Picos passar\u00e1 por reordena\u00e7\u00e3o e implementa\u00e7\u00e3o de educa\u00e7\u00e3o integral\",\"datePublished\":\"2025-02-15T18:36:42+00:00\",\"dateModified\":\"2025-02-15T18:36:43+00:00\",\"mainEntityOfPage\":{\"@id\":\"https:\/\/noticiaempauta.com\/portal\/rede-municipal-de-ensino-de-picos-passara-por-reordenacao-e-implementacao-de-educacao-integral\/\"},\"wordCount\":637,\"commentCount\":0,\"publisher\":{\"@id\":\"https:\/\/noticiaempauta.com\/portal\/#organization\"},\"image\":{\"@id\":\"https:\/\/noticiaempauta.com\/portal\/rede-municipal-de-ensino-de-picos-passara-por-reordenacao-e-implementacao-de-educacao-integral\/#primaryimage\"},\"thumbnailUrl\":\"https:\/\/noticiaempauta.com\/portal\/wp-content\/uploads\/2025\/02\/IMG_1572.jpeg\",\"articleSection\":[\"Destaques\",\"Geral\",\"Todas as Not\u00edcias\"],\"inLanguage\":\"pt-BR\",\"potentialAction\":[{\"@type\":\"CommentAction\",\"name\":\"Comment\",\"target\":[\"https:\/\/noticiaempauta.com\/portal\/rede-municipal-de-ensino-de-picos-passara-por-reordenacao-e-implementacao-de-educacao-integral\/#respond\"]}]},{\"@type\":\"WebPage\",\"@id\":\"https:\/\/noticiaempauta.com\/portal\/rede-municipal-de-ensino-de-picos-passara-por-reordenacao-e-implementacao-de-educacao-integral\/\",\"url\":\"https:\/\/noticiaempauta.com\/portal\/rede-municipal-de-ensino-de-picos-passara-por-reordenacao-e-implementacao-de-educacao-integral\/\",\"name\":\"Rede municipal de ensino de Picos passar\u00e1 por reordena\u00e7\u00e3o e implementa\u00e7\u00e3o de educa\u00e7\u00e3o integral - Portal Not\u00edcia em Pauta\",\"isPartOf\":{\"@id\":\"https:\/\/noticiaempauta.com\/portal\/#website\"},\"primaryImageOfPage\":{\"@id\":\"https:\/\/noticiaempauta.com\/portal\/rede-municipal-de-ensino-de-picos-passara-por-reordenacao-e-implementacao-de-educacao-integral\/#primaryimage\"},\"image\":{\"@id\":\"https:\/\/noticiaempauta.com\/portal\/rede-municipal-de-ensino-de-picos-passara-por-reordenacao-e-implementacao-de-educacao-integral\/#primaryimage\"},\"thumbnailUrl\":\"https:\/\/noticiaempauta.com\/portal\/wp-content\/uploads\/2025\/02\/IMG_1572.jpeg\",\"datePublished\":\"2025-02-15T18:36:42+00:00\",\"dateModified\":\"2025-02-15T18:36:43+00:00\",\"breadcrumb\":{\"@id\":\"https:\/\/noticiaempauta.com\/portal\/rede-municipal-de-ensino-de-picos-passara-por-reordenacao-e-implementacao-de-educacao-integral\/#breadcrumb\"},\"inLanguage\":\"pt-BR\",\"potentialAction\":[{\"@type\":\"ReadAction\",\"target\":[\"https:\/\/noticiaempauta.com\/portal\/rede-municipal-de-ensino-de-picos-passara-por-reordenacao-e-implementacao-de-educacao-integral\/\"]}]},{\"@type\":\"ImageObject\",\"inLanguage\":\"pt-BR\",\"@id\":\"https:\/\/noticiaempauta.com\/portal\/rede-municipal-de-ensino-de-picos-passara-por-reordenacao-e-implementacao-de-educacao-integral\/#primaryimage\",\"url\":\"https:\/\/noticiaempauta.com\/portal\/wp-content\/uploads\/2025\/02\/IMG_1572.jpeg\",\"contentUrl\":\"https:\/\/noticiaempauta.com\/portal\/wp-content\/uploads\/2025\/02\/IMG_1572.jpeg\",\"width\":800,\"height\":600},{\"@type\":\"BreadcrumbList\",\"@id\":\"https:\/\/noticiaempauta.com\/portal\/rede-municipal-de-ensino-de-picos-passara-por-reordenacao-e-implementacao-de-educacao-integral\/#breadcrumb\",\"itemListElement\":[{\"@type\":\"ListItem\",\"position\":1,\"name\":\"P\u00e1gina Inicial\",\"item\":\"https:\/\/noticiaempauta.com\/portal\/\"},{\"@type\":\"ListItem\",\"position\":2,\"name\":\"Destaques\",\"item\":\"https:\/\/noticiaempauta.com\/portal\/destaques-site\/\"},{\"@type\":\"ListItem\",\"position\":3,\"name\":\"Rede municipal de ensino de Picos passar\u00e1 por reordena\u00e7\u00e3o e implementa\u00e7\u00e3o de educa\u00e7\u00e3o integral\"}]},{\"@type\":\"WebSite\",\"@id\":\"https:\/\/noticiaempauta.com\/portal\/#website\",\"url\":\"https:\/\/noticiaempauta.com\/portal\/\",\"name\":\"Portal Not\u00edcia em Pauta\",\"description\":\"Voc\u00ea bem informado\",\"publisher\":{\"@id\":\"https:\/\/noticiaempauta.com\/portal\/#organization\"},\"potentialAction\":[{\"@type\":\"SearchAction\",\"target\":{\"@type\":\"EntryPoint\",\"urlTemplate\":\"https:\/\/noticiaempauta.com\/portal\/?s={search_term_string}\"},\"query-input\":{\"@type\":\"PropertyValueSpecification\",\"valueRequired\":true,\"valueName\":\"search_term_string\"}}],\"inLanguage\":\"pt-BR\"},{\"@type\":\"Organization\",\"@id\":\"https:\/\/noticiaempauta.com\/portal\/#organization\",\"name\":\"Portal Not\u00edcia em Pauta\",\"url\":\"https:\/\/noticiaempauta.com\/portal\/\",\"logo\":{\"@type\":\"ImageObject\",\"inLanguage\":\"pt-BR\",\"@id\":\"https:\/\/noticiaempauta.com\/portal\/#\/schema\/logo\/image\/\",\"url\":\"https:\/\/noticiaempauta.com\/portal\/wp-content\/uploads\/2022\/08\/logomarca_tema.fw_.png\",\"contentUrl\":\"https:\/\/noticiaempauta.com\/portal\/wp-content\/uploads\/2022\/08\/logomarca_tema.fw_.png\",\"width\":400,\"height\":232,\"caption\":\"Portal Not\u00edcia em Pauta\"},\"image\":{\"@id\":\"https:\/\/noticiaempauta.com\/portal\/#\/schema\/logo\/image\/\"},\"sameAs\":[\"https:\/\/www.facebook.com\/Portal-Notcia-Em-Pauta-102292869264820\/\",\"https:\/\/www.instagram.com\/portalnoticiaempauta\/\"]},{\"@type\":\"Person\",\"@id\":\"https:\/\/noticiaempauta.com\/portal\/#\/schema\/person\/a74af43dd1ab3deca45f988c717d57ac\",\"name\":\"Reda\u00e7\u00e3o\",\"image\":{\"@type\":\"ImageObject\",\"inLanguage\":\"pt-BR\",\"@id\":\"https:\/\/noticiaempauta.com\/portal\/#\/schema\/person\/image\/\",\"url\":\"https:\/\/secure.gravatar.com\/avatar\/03179346ecce6cdfc13361603e8f54242a90e5cde8618fa23c5c00aa2b0aadf3?s=96&d=mm&r=g\",\"contentUrl\":\"https:\/\/secure.gravatar.com\/avatar\/03179346ecce6cdfc13361603e8f54242a90e5cde8618fa23c5c00aa2b0aadf3?s=96&d=mm&r=g\",\"caption\":\"Reda\u00e7\u00e3o\"},\"sameAs\":[\"https:\/\/noticiaempauta.com\/portal\/\"],\"url\":\"https:\/\/noticiaempauta.com\/portal\/author\/fernando\/\"}]}<\/script>\n<!-- \/ Yoast SEO Premium plugin. -->","yoast_head_json":{"title":"Rede municipal de ensino de Picos passar\u00e1 por reordena\u00e7\u00e3o e implementa\u00e7\u00e3o de educa\u00e7\u00e3o integral - Portal Not\u00edcia em Pauta","robots":{"index":"index","follow":"follow","max-snippet":"max-snippet:-1","max-image-preview":"max-image-preview:large","max-video-preview":"max-video-preview:-1"},"canonical":"https:\/\/noticiaempauta.com\/portal\/rede-municipal-de-ensino-de-picos-passara-por-reordenacao-e-implementacao-de-educacao-integral\/","og_locale":"pt_BR","og_type":"article","og_title":"Rede municipal de ensino de Picos passar\u00e1 por reordena\u00e7\u00e3o e implementa\u00e7\u00e3o de educa\u00e7\u00e3o integral","og_description":"Durante a manh\u00e3 e tarde desta sexta-feira, o prefeito municipal de Picos, Pablo Santos, juntamente com a secret\u00e1ria de Educa\u00e7\u00e3o, Mary Dantas, participaram de reuni\u00f5es no Minist\u00e9rio P\u00fablico do Piau\u00ed e na C\u00e2mara de Vereadores, a fim de debaterem o novo projeto de reordenamento da rede p\u00fablica de ensino. Em audi\u00eancia, na manh\u00e3 de hoje, [&hellip;]","og_url":"https:\/\/noticiaempauta.com\/portal\/rede-municipal-de-ensino-de-picos-passara-por-reordenacao-e-implementacao-de-educacao-integral\/","og_site_name":"Portal Not\u00edcia em Pauta","article_publisher":"https:\/\/www.facebook.com\/Portal-Notcia-Em-Pauta-102292869264820\/","article_published_time":"2025-02-15T18:36:42+00:00","article_modified_time":"2025-02-15T18:36:43+00:00","og_image":[{"width":800,"height":600,"url":"https:\/\/noticiaempauta.com\/portal\/wp-content\/uploads\/2025\/02\/IMG_1572.jpeg","type":"image\/jpeg"}],"author":"Reda\u00e7\u00e3o","twitter_card":"summary_large_image","twitter_misc":{"Escrito por":"Reda\u00e7\u00e3o","Est. tempo de leitura":"5 minutos"},"schema":{"@context":"https:\/\/schema.org","@graph":[{"@type":"Article","@id":"https:\/\/noticiaempauta.com\/portal\/rede-municipal-de-ensino-de-picos-passara-por-reordenacao-e-implementacao-de-educacao-integral\/#article","isPartOf":{"@id":"https:\/\/noticiaempauta.com\/portal\/rede-municipal-de-ensino-de-picos-passara-por-reordenacao-e-implementacao-de-educacao-integral\/"},"author":{"name":"Reda\u00e7\u00e3o","@id":"https:\/\/noticiaempauta.com\/portal\/#\/schema\/person\/a74af43dd1ab3deca45f988c717d57ac"},"headline":"Rede municipal de ensino de Picos passar\u00e1 por reordena\u00e7\u00e3o e implementa\u00e7\u00e3o de educa\u00e7\u00e3o integral","datePublished":"2025-02-15T18:36:42+00:00","dateModified":"2025-02-15T18:36:43+00:00","mainEntityOfPage":{"@id":"https:\/\/noticiaempauta.com\/portal\/rede-municipal-de-ensino-de-picos-passara-por-reordenacao-e-implementacao-de-educacao-integral\/"},"wordCount":637,"commentCount":0,"publisher":{"@id":"https:\/\/noticiaempauta.com\/portal\/#organization"},"image":{"@id":"https:\/\/noticiaempauta.com\/portal\/rede-municipal-de-ensino-de-picos-passara-por-reordenacao-e-implementacao-de-educacao-integral\/#primaryimage"},"thumbnailUrl":"https:\/\/noticiaempauta.com\/portal\/wp-content\/uploads\/2025\/02\/IMG_1572.jpeg","articleSection":["Destaques","Geral","Todas as Not\u00edcias"],"inLanguage":"pt-BR","potentialAction":[{"@type":"CommentAction","name":"Comment","target":["https:\/\/noticiaempauta.com\/portal\/rede-municipal-de-ensino-de-picos-passara-por-reordenacao-e-implementacao-de-educacao-integral\/#respond"]}]},{"@type":"WebPage","@id":"https:\/\/noticiaempauta.com\/portal\/rede-municipal-de-ensino-de-picos-passara-por-reordenacao-e-implementacao-de-educacao-integral\/","url":"https:\/\/noticiaempauta.com\/portal\/rede-municipal-de-ensino-de-picos-passara-por-reordenacao-e-implementacao-de-educacao-integral\/","name":"Rede municipal de ensino de Picos passar\u00e1 por reordena\u00e7\u00e3o e implementa\u00e7\u00e3o de educa\u00e7\u00e3o integral - Portal Not\u00edcia em Pauta","isPartOf":{"@id":"https:\/\/noticiaempauta.com\/portal\/#website"},"primaryImageOfPage":{"@id":"https:\/\/noticiaempauta.com\/portal\/rede-municipal-de-ensino-de-picos-passara-por-reordenacao-e-implementacao-de-educacao-integral\/#primaryimage"},"image":{"@id":"https:\/\/noticiaempauta.com\/portal\/rede-municipal-de-ensino-de-picos-passara-por-reordenacao-e-implementacao-de-educacao-integral\/#primaryimage"},"thumbnailUrl":"https:\/\/noticiaempauta.com\/portal\/wp-content\/uploads\/2025\/02\/IMG_1572.jpeg","datePublished":"2025-02-15T18:36:42+00:00","dateModified":"2025-02-15T18:36:43+00:00","breadcrumb":{"@id":"https:\/\/noticiaempauta.com\/portal\/rede-municipal-de-ensino-de-picos-passara-por-reordenacao-e-implementacao-de-educacao-integral\/#breadcrumb"},"inLanguage":"pt-BR","potentialAction":[{"@type":"ReadAction","target":["https:\/\/noticiaempauta.com\/portal\/rede-municipal-de-ensino-de-picos-passara-por-reordenacao-e-implementacao-de-educacao-integral\/"]}]},{"@type":"ImageObject","inLanguage":"pt-BR","@id":"https:\/\/noticiaempauta.com\/portal\/rede-municipal-de-ensino-de-picos-passara-por-reordenacao-e-implementacao-de-educacao-integral\/#primaryimage","url":"https:\/\/noticiaempauta.com\/portal\/wp-content\/uploads\/2025\/02\/IMG_1572.jpeg","contentUrl":"https:\/\/noticiaempauta.com\/portal\/wp-content\/uploads\/2025\/02\/IMG_1572.jpeg","width":800,"height":600},{"@type":"BreadcrumbList","@id":"https:\/\/noticiaempauta.com\/portal\/rede-municipal-de-ensino-de-picos-passara-por-reordenacao-e-implementacao-de-educacao-integral\/#breadcrumb","itemListElement":[{"@type":"ListItem","position":1,"name":"P\u00e1gina Inicial","item":"https:\/\/noticiaempauta.com\/portal\/"},{"@type":"ListItem","position":2,"name":"Destaques","item":"https:\/\/noticiaempauta.com\/portal\/destaques-site\/"},{"@type":"ListItem","position":3,"name":"Rede municipal de ensino de Picos passar\u00e1 por reordena\u00e7\u00e3o e implementa\u00e7\u00e3o de educa\u00e7\u00e3o integral"}]},{"@type":"WebSite","@id":"https:\/\/noticiaempauta.com\/portal\/#website","url":"https:\/\/noticiaempauta.com\/portal\/","name":"Portal Not\u00edcia em Pauta","description":"Voc\u00ea bem informado","publisher":{"@id":"https:\/\/noticiaempauta.com\/portal\/#organization"},"potentialAction":[{"@type":"SearchAction","target":{"@type":"EntryPoint","urlTemplate":"https:\/\/noticiaempauta.com\/portal\/?s={search_term_string}"},"query-input":{"@type":"PropertyValueSpecification","valueRequired":true,"valueName":"search_term_string"}}],"inLanguage":"pt-BR"},{"@type":"Organization","@id":"https:\/\/noticiaempauta.com\/portal\/#organization","name":"Portal Not\u00edcia em Pauta","url":"https:\/\/noticiaempauta.com\/portal\/","logo":{"@type":"ImageObject","inLanguage":"pt-BR","@id":"https:\/\/noticiaempauta.com\/portal\/#\/schema\/logo\/image\/","url":"https:\/\/noticiaempauta.com\/portal\/wp-content\/uploads\/2022\/08\/logomarca_tema.fw_.png","contentUrl":"https:\/\/noticiaempauta.com\/portal\/wp-content\/uploads\/2022\/08\/logomarca_tema.fw_.png","width":400,"height":232,"caption":"Portal Not\u00edcia em Pauta"},"image":{"@id":"https:\/\/noticiaempauta.com\/portal\/#\/schema\/logo\/image\/"},"sameAs":["https:\/\/www.facebook.com\/Portal-Notcia-Em-Pauta-102292869264820\/","https:\/\/www.instagram.com\/portalnoticiaempauta\/"]},{"@type":"Person","@id":"https:\/\/noticiaempauta.com\/portal\/#\/schema\/person\/a74af43dd1ab3deca45f988c717d57ac","name":"Reda\u00e7\u00e3o","image":{"@type":"ImageObject","inLanguage":"pt-BR","@id":"https:\/\/noticiaempauta.com\/portal\/#\/schema\/person\/image\/","url":"https:\/\/secure.gravatar.com\/avatar\/03179346ecce6cdfc13361603e8f54242a90e5cde8618fa23c5c00aa2b0aadf3?s=96&d=mm&r=g","contentUrl":"https:\/\/secure.gravatar.com\/avatar\/03179346ecce6cdfc13361603e8f54242a90e5cde8618fa23c5c00aa2b0aadf3?s=96&d=mm&r=g","caption":"Reda\u00e7\u00e3o"},"sameAs":["https:\/\/noticiaempauta.com\/portal\/"],"url":"https:\/\/noticiaempauta.com\/portal\/author\/fernando\/"}]}},"_links":{"self":[{"href":"https:\/\/noticiaempauta.com\/portal\/wp-json\/wp\/v2\/posts\/267781","targetHints":{"allow":["GET"]}}],"collection":[{"href":"https:\/\/noticiaempauta.com\/portal\/wp-json\/wp\/v2\/posts"}],"about":[{"href":"https:\/\/noticiaempauta.com\/portal\/wp-json\/wp\/v2\/types\/post"}],"author":[{"embeddable":true,"href":"https:\/\/noticiaempauta.com\/portal\/wp-json\/wp\/v2\/users\/2"}],"replies":[{"embeddable":true,"href":"https:\/\/noticiaempauta.com\/portal\/wp-json\/wp\/v2\/comments?post=267781"}],"version-history":[{"count":1,"href":"https:\/\/noticiaempauta.com\/portal\/wp-json\/wp\/v2\/posts\/267781\/revisions"}],"predecessor-version":[{"id":267786,"href":"https:\/\/noticiaempauta.com\/portal\/wp-json\/wp\/v2\/posts\/267781\/revisions\/267786"}],"wp:featuredmedia":[{"embeddable":true,"href":"https:\/\/noticiaempauta.com\/portal\/wp-json\/wp\/v2\/media\/267784"}],"wp:attachment":[{"href":"https:\/\/noticiaempauta.com\/portal\/wp-json\/wp\/v2\/media?parent=267781"}],"wp:term":[{"taxonomy":"category","embeddable":true,"href":"https:\/\/noticiaempauta.com\/portal\/wp-json\/wp\/v2\/categories?post=267781"},{"taxonomy":"post_tag","embeddable":true,"href":"https:\/\/noticiaempauta.com\/portal\/wp-json\/wp\/v2\/tags?post=267781"}],"curies":[{"name":"wp","href":"https:\/\/api.w.org\/{rel}","templated":true}]}}