{"id":267801,"date":"2025-02-17T09:14:45","date_gmt":"2025-02-17T12:14:45","guid":{"rendered":"https:\/\/noticiaempauta.com\/portal\/?p=267801"},"modified":"2025-02-18T10:52:52","modified_gmt":"2025-02-18T13:52:52","slug":"itainopolis-recebe-hospital-reformado-e-novas-melhorias-na-malha-viaria-com-investimentos-do-governo-do-estado","status":"publish","type":"post","link":"https:\/\/noticiaempauta.com\/portal\/itainopolis-recebe-hospital-reformado-e-novas-melhorias-na-malha-viaria-com-investimentos-do-governo-do-estado\/","title":{"rendered":"Itain\u00f3polis recebe hospital reformado e novas melhorias na malha vi\u00e1ria com investimentos do Governo do Estado"},"content":{"rendered":"\n<p>O governador Rafael Fonteles inaugurou, na manh\u00e3 deste s\u00e1bado (15), a reforma da Unidade Mista de Sa\u00fade Osmarina Ferreira de Oliveira, em Itain\u00f3polis. A obra recebeu um investimento de R$ 786.440,75. Na sua passagem pelo munic\u00edpio, o governador entregou as obras de recupera\u00e7\u00e3o da PI-245 nos trechos que ligam Itain\u00f3polis a Picos e Vera Mendes, al\u00e9m de visitar a implanta\u00e7\u00e3o do Sa\u00fade Digital no munic\u00edpio.<\/p>\n\n\n\n<figure class=\"wp-block-image size-full\"><img fetchpriority=\"high\" decoding=\"async\" width=\"1000\" height=\"666\" src=\"https:\/\/noticiaempauta.com\/portal\/wp-content\/uploads\/2025\/02\/large_Whats_App_Image_2025_02_15_at_14_06_58_7b6dfd169c.jpeg\" alt=\"\" class=\"wp-image-267803\" srcset=\"https:\/\/noticiaempauta.com\/portal\/wp-content\/uploads\/2025\/02\/large_Whats_App_Image_2025_02_15_at_14_06_58_7b6dfd169c.jpeg 1000w, https:\/\/noticiaempauta.com\/portal\/wp-content\/uploads\/2025\/02\/large_Whats_App_Image_2025_02_15_at_14_06_58_7b6dfd169c-300x200.jpeg 300w, https:\/\/noticiaempauta.com\/portal\/wp-content\/uploads\/2025\/02\/large_Whats_App_Image_2025_02_15_at_14_06_58_7b6dfd169c-768x511.jpeg 768w\" sizes=\"(max-width: 1000px) 100vw, 1000px\" \/><\/figure>\n\n\n\n<p>Para Rafael, a entrega dessa reforma vai garantir uma melhoria no atendimento da popula\u00e7\u00e3o, que poder\u00e1 contar tamb\u00e9m com uma sala do Sa\u00fade Digital para o atendimento com especialistas em telessa\u00fade. \u201cEssa reforma vai garantir mais servi\u00e7os de qualidade \u00e0 popula\u00e7\u00e3o, seja de forma presencial, com uma equipe de sa\u00fade multiprofissional, ou por meio do Sa\u00fade Digital, que permitir\u00e1 o atendimento di\u00e1rio com especialistas via telesa\u00fade\u201d, declarou.<\/p>\n\n\n\n<figure class=\"wp-block-image size-large\"><img decoding=\"async\" width=\"1024\" height=\"682\" src=\"https:\/\/noticiaempauta.com\/portal\/wp-content\/uploads\/2025\/02\/WhatsApp-Image-2025-02-15-at-14.06.59-2-1024x682.jpeg\" alt=\"\" class=\"wp-image-267804\" srcset=\"https:\/\/noticiaempauta.com\/portal\/wp-content\/uploads\/2025\/02\/WhatsApp-Image-2025-02-15-at-14.06.59-2-1024x682.jpeg 1024w, https:\/\/noticiaempauta.com\/portal\/wp-content\/uploads\/2025\/02\/WhatsApp-Image-2025-02-15-at-14.06.59-2-300x200.jpeg 300w, https:\/\/noticiaempauta.com\/portal\/wp-content\/uploads\/2025\/02\/WhatsApp-Image-2025-02-15-at-14.06.59-2-768x512.jpeg 768w, https:\/\/noticiaempauta.com\/portal\/wp-content\/uploads\/2025\/02\/WhatsApp-Image-2025-02-15-at-14.06.59-2.jpeg 1280w\" sizes=\"(max-width: 1024px) 100vw, 1024px\" \/><\/figure>\n\n\n\n<figure class=\"wp-block-image size-large\"><img decoding=\"async\" width=\"1024\" height=\"682\" src=\"https:\/\/noticiaempauta.com\/portal\/wp-content\/uploads\/2025\/02\/WhatsApp-Image-2025-02-15-at-14.08.11-1024x682.jpeg\" alt=\"\" class=\"wp-image-267802\" srcset=\"https:\/\/noticiaempauta.com\/portal\/wp-content\/uploads\/2025\/02\/WhatsApp-Image-2025-02-15-at-14.08.11-1024x682.jpeg 1024w, https:\/\/noticiaempauta.com\/portal\/wp-content\/uploads\/2025\/02\/WhatsApp-Image-2025-02-15-at-14.08.11-300x200.jpeg 300w, https:\/\/noticiaempauta.com\/portal\/wp-content\/uploads\/2025\/02\/WhatsApp-Image-2025-02-15-at-14.08.11-768x512.jpeg 768w, https:\/\/noticiaempauta.com\/portal\/wp-content\/uploads\/2025\/02\/WhatsApp-Image-2025-02-15-at-14.08.11.jpeg 1280w\" sizes=\"(max-width: 1024px) 100vw, 1024px\" \/><\/figure>\n\n\n\n<p>O prefeito do munic\u00edpio, Miguel Rodrigues, destacou que o hospital est\u00e1 pronto para atender toda a popula\u00e7\u00e3o da cidade e moradores de munic\u00edpios vizinhos que buscam atendimento. \u201cHoje podemos dizer que Itain\u00f3polis \u00e9 uma cidade que possui um hospital todo equipado que pode atender bem a nossa popula\u00e7\u00e3o e moradores das cidades vizinhas que precisarem de atendimento\u201d, apontou.<\/p>\n\n\n\n<figure class=\"wp-block-image size-large\"><img loading=\"lazy\" decoding=\"async\" width=\"1024\" height=\"682\" src=\"https:\/\/noticiaempauta.com\/portal\/wp-content\/uploads\/2025\/02\/WhatsApp-Image-2025-02-15-at-14.06.59-1-1024x682.jpeg\" alt=\"\" class=\"wp-image-267808\" srcset=\"https:\/\/noticiaempauta.com\/portal\/wp-content\/uploads\/2025\/02\/WhatsApp-Image-2025-02-15-at-14.06.59-1-1024x682.jpeg 1024w, https:\/\/noticiaempauta.com\/portal\/wp-content\/uploads\/2025\/02\/WhatsApp-Image-2025-02-15-at-14.06.59-1-300x200.jpeg 300w, https:\/\/noticiaempauta.com\/portal\/wp-content\/uploads\/2025\/02\/WhatsApp-Image-2025-02-15-at-14.06.59-1-768x512.jpeg 768w, https:\/\/noticiaempauta.com\/portal\/wp-content\/uploads\/2025\/02\/WhatsApp-Image-2025-02-15-at-14.06.59-1.jpeg 1280w\" sizes=\"(max-width: 1024px) 100vw, 1024px\" \/><\/figure>\n\n\n\n<p>O morador Miguel Sousa reconhece a import\u00e2ncia da implanta\u00e7\u00e3o desses servi\u00e7os e a inaugura\u00e7\u00e3o do hospital, que vai agilizar os atendimentos para os cidad\u00e3os. \u201cEsse hospital vai garantir a popula\u00e7\u00e3o resolver todos os problemas aqui mesmo no munic\u00edpio, sem precisar ir para outras cidades, como Picos\u201d, comemorou.<\/p>\n\n\n\n<figure class=\"wp-block-image size-large\"><img loading=\"lazy\" decoding=\"async\" width=\"1024\" height=\"682\" src=\"https:\/\/noticiaempauta.com\/portal\/wp-content\/uploads\/2025\/02\/WhatsApp-Image-2025-02-15-at-14.06.59-1024x682.jpeg\" alt=\"\" class=\"wp-image-267807\" srcset=\"https:\/\/noticiaempauta.com\/portal\/wp-content\/uploads\/2025\/02\/WhatsApp-Image-2025-02-15-at-14.06.59-1024x682.jpeg 1024w, https:\/\/noticiaempauta.com\/portal\/wp-content\/uploads\/2025\/02\/WhatsApp-Image-2025-02-15-at-14.06.59-300x200.jpeg 300w, https:\/\/noticiaempauta.com\/portal\/wp-content\/uploads\/2025\/02\/WhatsApp-Image-2025-02-15-at-14.06.59-768x512.jpeg 768w, https:\/\/noticiaempauta.com\/portal\/wp-content\/uploads\/2025\/02\/WhatsApp-Image-2025-02-15-at-14.06.59.jpeg 1280w\" sizes=\"(max-width: 1024px) 100vw, 1024px\" \/><\/figure>\n\n\n\n<figure class=\"wp-block-image size-large\"><img loading=\"lazy\" decoding=\"async\" width=\"1024\" height=\"682\" src=\"https:\/\/noticiaempauta.com\/portal\/wp-content\/uploads\/2025\/02\/WhatsApp-Image-2025-02-15-at-14.06.58-1-1024x682.jpeg\" alt=\"\" class=\"wp-image-267809\" srcset=\"https:\/\/noticiaempauta.com\/portal\/wp-content\/uploads\/2025\/02\/WhatsApp-Image-2025-02-15-at-14.06.58-1-1024x682.jpeg 1024w, https:\/\/noticiaempauta.com\/portal\/wp-content\/uploads\/2025\/02\/WhatsApp-Image-2025-02-15-at-14.06.58-1-300x200.jpeg 300w, https:\/\/noticiaempauta.com\/portal\/wp-content\/uploads\/2025\/02\/WhatsApp-Image-2025-02-15-at-14.06.58-1-768x512.jpeg 768w, https:\/\/noticiaempauta.com\/portal\/wp-content\/uploads\/2025\/02\/WhatsApp-Image-2025-02-15-at-14.06.58-1.jpeg 1280w\" sizes=\"(max-width: 1024px) 100vw, 1024px\" \/><\/figure>\n\n\n\n<figure class=\"wp-block-image size-large\"><img loading=\"lazy\" decoding=\"async\" width=\"1024\" height=\"682\" src=\"https:\/\/noticiaempauta.com\/portal\/wp-content\/uploads\/2025\/02\/WhatsApp-Image-2025-02-15-at-14.04.05-1-1024x682.jpeg\" alt=\"\" class=\"wp-image-267805\" srcset=\"https:\/\/noticiaempauta.com\/portal\/wp-content\/uploads\/2025\/02\/WhatsApp-Image-2025-02-15-at-14.04.05-1-1024x682.jpeg 1024w, https:\/\/noticiaempauta.com\/portal\/wp-content\/uploads\/2025\/02\/WhatsApp-Image-2025-02-15-at-14.04.05-1-300x200.jpeg 300w, https:\/\/noticiaempauta.com\/portal\/wp-content\/uploads\/2025\/02\/WhatsApp-Image-2025-02-15-at-14.04.05-1-768x512.jpeg 768w, https:\/\/noticiaempauta.com\/portal\/wp-content\/uploads\/2025\/02\/WhatsApp-Image-2025-02-15-at-14.04.05-1.jpeg 1280w\" sizes=\"(max-width: 1024px) 100vw, 1024px\" \/><\/figure>\n\n\n\n<p>Ainda em Itain\u00f3polis, o governador inaugurou as obras de recupera\u00e7\u00e3o de dois trechos da PI 245, que liga o munic\u00edpio \u00e0s cidades de Vera Mendes e Picos. <\/p>\n\n\n\n<figure class=\"wp-block-image size-large\"><img loading=\"lazy\" decoding=\"async\" width=\"1024\" height=\"682\" src=\"https:\/\/noticiaempauta.com\/portal\/wp-content\/uploads\/2025\/02\/WhatsApp-Image-2025-02-15-at-14.04.06-1-1024x682.jpeg\" alt=\"\" class=\"wp-image-267806\" srcset=\"https:\/\/noticiaempauta.com\/portal\/wp-content\/uploads\/2025\/02\/WhatsApp-Image-2025-02-15-at-14.04.06-1-1024x682.jpeg 1024w, https:\/\/noticiaempauta.com\/portal\/wp-content\/uploads\/2025\/02\/WhatsApp-Image-2025-02-15-at-14.04.06-1-300x200.jpeg 300w, https:\/\/noticiaempauta.com\/portal\/wp-content\/uploads\/2025\/02\/WhatsApp-Image-2025-02-15-at-14.04.06-1-768x512.jpeg 768w, https:\/\/noticiaempauta.com\/portal\/wp-content\/uploads\/2025\/02\/WhatsApp-Image-2025-02-15-at-14.04.06-1.jpeg 1280w\" sizes=\"(max-width: 1024px) 100vw, 1024px\" \/><\/figure>\n\n\n\n<p>Para Fonteles, esse trabalho de recupera\u00e7\u00e3o e manuten\u00e7\u00e3o das rodovias garante a seguran\u00e7a da popula\u00e7\u00e3o que trafega nas estradas. \u201cAqui \u00e9 um eixo rodovi\u00e1rio important\u00edssimo. Hoje estamos entregando a recupera\u00e7\u00e3o dos trechos dessa rodovia, totalmente revitalizados, cumprindo a nossa obriga\u00e7\u00e3o de garantir uma infraestrutura permanentemente conservada\u201d, finalizou Fonteles.<\/p>\n\n\n\n<p>O governador e comitiva j\u00e1 passaram pelo munic\u00edpio de Vera Mendes, onde entregaram obras de melhoria rodovi\u00e1ria e implanta\u00e7\u00e3o de Sa\u00fade Digital. Neste s\u00e1bado, o governador ainda visita os munic\u00edpios de Santana do Piau\u00ed e S\u00e3o Jos\u00e9 do Piau\u00ed.<\/p>\n\n\n\n<p><strong>CCOM-PI<\/strong><\/p>\n","protected":false},"excerpt":{"rendered":"<p>O governador Rafael Fonteles inaugurou, na manh\u00e3 deste s\u00e1bado (15), a reforma da Unidade Mista de Sa\u00fade Osmarina Ferreira de Oliveira, em Itain\u00f3polis. A obra recebeu um investimento de R$ 786.440,75. Na sua passagem pelo munic\u00edpio, o governador entregou as obras de recupera\u00e7\u00e3o da PI-245 nos trechos que ligam Itain\u00f3polis a Picos e Vera Mendes, [&hellip;]<\/p>\n","protected":false},"author":2,"featured_media":267802,"comment_status":"open","ping_status":"open","sticky":false,"template":"","format":"standard","meta":{"_mi_skip_tracking":false,"footnotes":""},"categories":[25,1,9,5,16],"tags":[],"class_list":["post-267801","post","type-post","status-publish","format-standard","has-post-thumbnail","hentry","category-destaques-site","category-geral","category-municipios","category-saude","category-todas"],"acf":[],"yoast_head":"<!-- This site is optimized with the Yoast SEO Premium plugin v19.2 (Yoast SEO v26.9) - https:\/\/yoast.com\/product\/yoast-seo-premium-wordpress\/ -->\n<title>Itain\u00f3polis recebe hospital reformado e novas melhorias na malha vi\u00e1ria com investimentos do Governo do Estado - Portal Not\u00edcia em Pauta<\/title>\n<meta name=\"robots\" content=\"index, follow, max-snippet:-1, max-image-preview:large, max-video-preview:-1\" \/>\n<link rel=\"canonical\" href=\"https:\/\/noticiaempauta.com\/portal\/itainopolis-recebe-hospital-reformado-e-novas-melhorias-na-malha-viaria-com-investimentos-do-governo-do-estado\/\" \/>\n<meta property=\"og:locale\" content=\"pt_BR\" \/>\n<meta property=\"og:type\" content=\"article\" \/>\n<meta property=\"og:title\" content=\"Itain\u00f3polis recebe hospital reformado e novas melhorias na malha vi\u00e1ria com investimentos do Governo do Estado\" \/>\n<meta property=\"og:description\" content=\"O governador Rafael Fonteles inaugurou, na manh\u00e3 deste s\u00e1bado (15), a reforma da Unidade Mista de Sa\u00fade Osmarina Ferreira de Oliveira, em Itain\u00f3polis. A obra recebeu um investimento de R$ 786.440,75. Na sua passagem pelo munic\u00edpio, o governador entregou as obras de recupera\u00e7\u00e3o da PI-245 nos trechos que ligam Itain\u00f3polis a Picos e Vera Mendes, [&hellip;]\" \/>\n<meta property=\"og:url\" content=\"https:\/\/noticiaempauta.com\/portal\/itainopolis-recebe-hospital-reformado-e-novas-melhorias-na-malha-viaria-com-investimentos-do-governo-do-estado\/\" \/>\n<meta property=\"og:site_name\" content=\"Portal Not\u00edcia em Pauta\" \/>\n<meta property=\"article:publisher\" content=\"https:\/\/www.facebook.com\/Portal-Notcia-Em-Pauta-102292869264820\/\" \/>\n<meta property=\"article:published_time\" content=\"2025-02-17T12:14:45+00:00\" \/>\n<meta property=\"article:modified_time\" content=\"2025-02-18T13:52:52+00:00\" \/>\n<meta property=\"og:image\" content=\"https:\/\/noticiaempauta.com\/portal\/wp-content\/uploads\/2025\/02\/WhatsApp-Image-2025-02-15-at-14.08.11.jpeg\" \/>\n\t<meta property=\"og:image:width\" content=\"1280\" \/>\n\t<meta property=\"og:image:height\" content=\"853\" \/>\n\t<meta property=\"og:image:type\" content=\"image\/jpeg\" \/>\n<meta name=\"author\" content=\"Reda\u00e7\u00e3o\" \/>\n<meta name=\"twitter:card\" content=\"summary_large_image\" \/>\n<meta name=\"twitter:label1\" content=\"Escrito por\" \/>\n\t<meta name=\"twitter:data1\" content=\"Reda\u00e7\u00e3o\" \/>\n\t<meta name=\"twitter:label2\" content=\"Est. tempo de leitura\" \/>\n\t<meta name=\"twitter:data2\" content=\"4 minutos\" \/>\n<script type=\"application\/ld+json\" class=\"yoast-schema-graph\">{\"@context\":\"https:\/\/schema.org\",\"@graph\":[{\"@type\":\"Article\",\"@id\":\"https:\/\/noticiaempauta.com\/portal\/itainopolis-recebe-hospital-reformado-e-novas-melhorias-na-malha-viaria-com-investimentos-do-governo-do-estado\/#article\",\"isPartOf\":{\"@id\":\"https:\/\/noticiaempauta.com\/portal\/itainopolis-recebe-hospital-reformado-e-novas-melhorias-na-malha-viaria-com-investimentos-do-governo-do-estado\/\"},\"author\":{\"name\":\"Reda\u00e7\u00e3o\",\"@id\":\"https:\/\/noticiaempauta.com\/portal\/#\/schema\/person\/a74af43dd1ab3deca45f988c717d57ac\"},\"headline\":\"Itain\u00f3polis recebe hospital reformado e novas melhorias na malha vi\u00e1ria com investimentos do Governo do Estado\",\"datePublished\":\"2025-02-17T12:14:45+00:00\",\"dateModified\":\"2025-02-18T13:52:52+00:00\",\"mainEntityOfPage\":{\"@id\":\"https:\/\/noticiaempauta.com\/portal\/itainopolis-recebe-hospital-reformado-e-novas-melhorias-na-malha-viaria-com-investimentos-do-governo-do-estado\/\"},\"wordCount\":414,\"commentCount\":0,\"publisher\":{\"@id\":\"https:\/\/noticiaempauta.com\/portal\/#organization\"},\"image\":{\"@id\":\"https:\/\/noticiaempauta.com\/portal\/itainopolis-recebe-hospital-reformado-e-novas-melhorias-na-malha-viaria-com-investimentos-do-governo-do-estado\/#primaryimage\"},\"thumbnailUrl\":\"https:\/\/noticiaempauta.com\/portal\/wp-content\/uploads\/2025\/02\/WhatsApp-Image-2025-02-15-at-14.08.11.jpeg\",\"articleSection\":[\"Destaques\",\"Geral\",\"Munic\u00edpios\",\"Sa\u00fade\",\"Todas as Not\u00edcias\"],\"inLanguage\":\"pt-BR\",\"potentialAction\":[{\"@type\":\"CommentAction\",\"name\":\"Comment\",\"target\":[\"https:\/\/noticiaempauta.com\/portal\/itainopolis-recebe-hospital-reformado-e-novas-melhorias-na-malha-viaria-com-investimentos-do-governo-do-estado\/#respond\"]}]},{\"@type\":\"WebPage\",\"@id\":\"https:\/\/noticiaempauta.com\/portal\/itainopolis-recebe-hospital-reformado-e-novas-melhorias-na-malha-viaria-com-investimentos-do-governo-do-estado\/\",\"url\":\"https:\/\/noticiaempauta.com\/portal\/itainopolis-recebe-hospital-reformado-e-novas-melhorias-na-malha-viaria-com-investimentos-do-governo-do-estado\/\",\"name\":\"Itain\u00f3polis recebe hospital reformado e novas melhorias na malha vi\u00e1ria com investimentos do Governo do Estado - Portal Not\u00edcia em Pauta\",\"isPartOf\":{\"@id\":\"https:\/\/noticiaempauta.com\/portal\/#website\"},\"primaryImageOfPage\":{\"@id\":\"https:\/\/noticiaempauta.com\/portal\/itainopolis-recebe-hospital-reformado-e-novas-melhorias-na-malha-viaria-com-investimentos-do-governo-do-estado\/#primaryimage\"},\"image\":{\"@id\":\"https:\/\/noticiaempauta.com\/portal\/itainopolis-recebe-hospital-reformado-e-novas-melhorias-na-malha-viaria-com-investimentos-do-governo-do-estado\/#primaryimage\"},\"thumbnailUrl\":\"https:\/\/noticiaempauta.com\/portal\/wp-content\/uploads\/2025\/02\/WhatsApp-Image-2025-02-15-at-14.08.11.jpeg\",\"datePublished\":\"2025-02-17T12:14:45+00:00\",\"dateModified\":\"2025-02-18T13:52:52+00:00\",\"breadcrumb\":{\"@id\":\"https:\/\/noticiaempauta.com\/portal\/itainopolis-recebe-hospital-reformado-e-novas-melhorias-na-malha-viaria-com-investimentos-do-governo-do-estado\/#breadcrumb\"},\"inLanguage\":\"pt-BR\",\"potentialAction\":[{\"@type\":\"ReadAction\",\"target\":[\"https:\/\/noticiaempauta.com\/portal\/itainopolis-recebe-hospital-reformado-e-novas-melhorias-na-malha-viaria-com-investimentos-do-governo-do-estado\/\"]}]},{\"@type\":\"ImageObject\",\"inLanguage\":\"pt-BR\",\"@id\":\"https:\/\/noticiaempauta.com\/portal\/itainopolis-recebe-hospital-reformado-e-novas-melhorias-na-malha-viaria-com-investimentos-do-governo-do-estado\/#primaryimage\",\"url\":\"https:\/\/noticiaempauta.com\/portal\/wp-content\/uploads\/2025\/02\/WhatsApp-Image-2025-02-15-at-14.08.11.jpeg\",\"contentUrl\":\"https:\/\/noticiaempauta.com\/portal\/wp-content\/uploads\/2025\/02\/WhatsApp-Image-2025-02-15-at-14.08.11.jpeg\",\"width\":1280,\"height\":853},{\"@type\":\"BreadcrumbList\",\"@id\":\"https:\/\/noticiaempauta.com\/portal\/itainopolis-recebe-hospital-reformado-e-novas-melhorias-na-malha-viaria-com-investimentos-do-governo-do-estado\/#breadcrumb\",\"itemListElement\":[{\"@type\":\"ListItem\",\"position\":1,\"name\":\"P\u00e1gina Inicial\",\"item\":\"https:\/\/noticiaempauta.com\/portal\/\"},{\"@type\":\"ListItem\",\"position\":2,\"name\":\"Destaques\",\"item\":\"https:\/\/noticiaempauta.com\/portal\/destaques-site\/\"},{\"@type\":\"ListItem\",\"position\":3,\"name\":\"Itain\u00f3polis recebe hospital reformado e novas melhorias na malha vi\u00e1ria com investimentos do Governo do Estado\"}]},{\"@type\":\"WebSite\",\"@id\":\"https:\/\/noticiaempauta.com\/portal\/#website\",\"url\":\"https:\/\/noticiaempauta.com\/portal\/\",\"name\":\"Portal Not\u00edcia em Pauta\",\"description\":\"Voc\u00ea bem informado\",\"publisher\":{\"@id\":\"https:\/\/noticiaempauta.com\/portal\/#organization\"},\"potentialAction\":[{\"@type\":\"SearchAction\",\"target\":{\"@type\":\"EntryPoint\",\"urlTemplate\":\"https:\/\/noticiaempauta.com\/portal\/?s={search_term_string}\"},\"query-input\":{\"@type\":\"PropertyValueSpecification\",\"valueRequired\":true,\"valueName\":\"search_term_string\"}}],\"inLanguage\":\"pt-BR\"},{\"@type\":\"Organization\",\"@id\":\"https:\/\/noticiaempauta.com\/portal\/#organization\",\"name\":\"Portal Not\u00edcia em Pauta\",\"url\":\"https:\/\/noticiaempauta.com\/portal\/\",\"logo\":{\"@type\":\"ImageObject\",\"inLanguage\":\"pt-BR\",\"@id\":\"https:\/\/noticiaempauta.com\/portal\/#\/schema\/logo\/image\/\",\"url\":\"https:\/\/noticiaempauta.com\/portal\/wp-content\/uploads\/2022\/08\/logomarca_tema.fw_.png\",\"contentUrl\":\"https:\/\/noticiaempauta.com\/portal\/wp-content\/uploads\/2022\/08\/logomarca_tema.fw_.png\",\"width\":400,\"height\":232,\"caption\":\"Portal Not\u00edcia em Pauta\"},\"image\":{\"@id\":\"https:\/\/noticiaempauta.com\/portal\/#\/schema\/logo\/image\/\"},\"sameAs\":[\"https:\/\/www.facebook.com\/Portal-Notcia-Em-Pauta-102292869264820\/\",\"https:\/\/www.instagram.com\/portalnoticiaempauta\/\"]},{\"@type\":\"Person\",\"@id\":\"https:\/\/noticiaempauta.com\/portal\/#\/schema\/person\/a74af43dd1ab3deca45f988c717d57ac\",\"name\":\"Reda\u00e7\u00e3o\",\"image\":{\"@type\":\"ImageObject\",\"inLanguage\":\"pt-BR\",\"@id\":\"https:\/\/noticiaempauta.com\/portal\/#\/schema\/person\/image\/\",\"url\":\"https:\/\/secure.gravatar.com\/avatar\/03179346ecce6cdfc13361603e8f54242a90e5cde8618fa23c5c00aa2b0aadf3?s=96&d=mm&r=g\",\"contentUrl\":\"https:\/\/secure.gravatar.com\/avatar\/03179346ecce6cdfc13361603e8f54242a90e5cde8618fa23c5c00aa2b0aadf3?s=96&d=mm&r=g\",\"caption\":\"Reda\u00e7\u00e3o\"},\"sameAs\":[\"https:\/\/noticiaempauta.com\/portal\/\"],\"url\":\"https:\/\/noticiaempauta.com\/portal\/author\/fernando\/\"}]}<\/script>\n<!-- \/ Yoast SEO Premium plugin. -->","yoast_head_json":{"title":"Itain\u00f3polis recebe hospital reformado e novas melhorias na malha vi\u00e1ria com investimentos do Governo do Estado - Portal Not\u00edcia em Pauta","robots":{"index":"index","follow":"follow","max-snippet":"max-snippet:-1","max-image-preview":"max-image-preview:large","max-video-preview":"max-video-preview:-1"},"canonical":"https:\/\/noticiaempauta.com\/portal\/itainopolis-recebe-hospital-reformado-e-novas-melhorias-na-malha-viaria-com-investimentos-do-governo-do-estado\/","og_locale":"pt_BR","og_type":"article","og_title":"Itain\u00f3polis recebe hospital reformado e novas melhorias na malha vi\u00e1ria com investimentos do Governo do Estado","og_description":"O governador Rafael Fonteles inaugurou, na manh\u00e3 deste s\u00e1bado (15), a reforma da Unidade Mista de Sa\u00fade Osmarina Ferreira de Oliveira, em Itain\u00f3polis. A obra recebeu um investimento de R$ 786.440,75. Na sua passagem pelo munic\u00edpio, o governador entregou as obras de recupera\u00e7\u00e3o da PI-245 nos trechos que ligam Itain\u00f3polis a Picos e Vera Mendes, [&hellip;]","og_url":"https:\/\/noticiaempauta.com\/portal\/itainopolis-recebe-hospital-reformado-e-novas-melhorias-na-malha-viaria-com-investimentos-do-governo-do-estado\/","og_site_name":"Portal Not\u00edcia em Pauta","article_publisher":"https:\/\/www.facebook.com\/Portal-Notcia-Em-Pauta-102292869264820\/","article_published_time":"2025-02-17T12:14:45+00:00","article_modified_time":"2025-02-18T13:52:52+00:00","og_image":[{"width":1280,"height":853,"url":"https:\/\/noticiaempauta.com\/portal\/wp-content\/uploads\/2025\/02\/WhatsApp-Image-2025-02-15-at-14.08.11.jpeg","type":"image\/jpeg"}],"author":"Reda\u00e7\u00e3o","twitter_card":"summary_large_image","twitter_misc":{"Escrito por":"Reda\u00e7\u00e3o","Est. tempo de leitura":"4 minutos"},"schema":{"@context":"https:\/\/schema.org","@graph":[{"@type":"Article","@id":"https:\/\/noticiaempauta.com\/portal\/itainopolis-recebe-hospital-reformado-e-novas-melhorias-na-malha-viaria-com-investimentos-do-governo-do-estado\/#article","isPartOf":{"@id":"https:\/\/noticiaempauta.com\/portal\/itainopolis-recebe-hospital-reformado-e-novas-melhorias-na-malha-viaria-com-investimentos-do-governo-do-estado\/"},"author":{"name":"Reda\u00e7\u00e3o","@id":"https:\/\/noticiaempauta.com\/portal\/#\/schema\/person\/a74af43dd1ab3deca45f988c717d57ac"},"headline":"Itain\u00f3polis recebe hospital reformado e novas melhorias na malha vi\u00e1ria com investimentos do Governo do Estado","datePublished":"2025-02-17T12:14:45+00:00","dateModified":"2025-02-18T13:52:52+00:00","mainEntityOfPage":{"@id":"https:\/\/noticiaempauta.com\/portal\/itainopolis-recebe-hospital-reformado-e-novas-melhorias-na-malha-viaria-com-investimentos-do-governo-do-estado\/"},"wordCount":414,"commentCount":0,"publisher":{"@id":"https:\/\/noticiaempauta.com\/portal\/#organization"},"image":{"@id":"https:\/\/noticiaempauta.com\/portal\/itainopolis-recebe-hospital-reformado-e-novas-melhorias-na-malha-viaria-com-investimentos-do-governo-do-estado\/#primaryimage"},"thumbnailUrl":"https:\/\/noticiaempauta.com\/portal\/wp-content\/uploads\/2025\/02\/WhatsApp-Image-2025-02-15-at-14.08.11.jpeg","articleSection":["Destaques","Geral","Munic\u00edpios","Sa\u00fade","Todas as Not\u00edcias"],"inLanguage":"pt-BR","potentialAction":[{"@type":"CommentAction","name":"Comment","target":["https:\/\/noticiaempauta.com\/portal\/itainopolis-recebe-hospital-reformado-e-novas-melhorias-na-malha-viaria-com-investimentos-do-governo-do-estado\/#respond"]}]},{"@type":"WebPage","@id":"https:\/\/noticiaempauta.com\/portal\/itainopolis-recebe-hospital-reformado-e-novas-melhorias-na-malha-viaria-com-investimentos-do-governo-do-estado\/","url":"https:\/\/noticiaempauta.com\/portal\/itainopolis-recebe-hospital-reformado-e-novas-melhorias-na-malha-viaria-com-investimentos-do-governo-do-estado\/","name":"Itain\u00f3polis recebe hospital reformado e novas melhorias na malha vi\u00e1ria com investimentos do Governo do Estado - Portal Not\u00edcia em Pauta","isPartOf":{"@id":"https:\/\/noticiaempauta.com\/portal\/#website"},"primaryImageOfPage":{"@id":"https:\/\/noticiaempauta.com\/portal\/itainopolis-recebe-hospital-reformado-e-novas-melhorias-na-malha-viaria-com-investimentos-do-governo-do-estado\/#primaryimage"},"image":{"@id":"https:\/\/noticiaempauta.com\/portal\/itainopolis-recebe-hospital-reformado-e-novas-melhorias-na-malha-viaria-com-investimentos-do-governo-do-estado\/#primaryimage"},"thumbnailUrl":"https:\/\/noticiaempauta.com\/portal\/wp-content\/uploads\/2025\/02\/WhatsApp-Image-2025-02-15-at-14.08.11.jpeg","datePublished":"2025-02-17T12:14:45+00:00","dateModified":"2025-02-18T13:52:52+00:00","breadcrumb":{"@id":"https:\/\/noticiaempauta.com\/portal\/itainopolis-recebe-hospital-reformado-e-novas-melhorias-na-malha-viaria-com-investimentos-do-governo-do-estado\/#breadcrumb"},"inLanguage":"pt-BR","potentialAction":[{"@type":"ReadAction","target":["https:\/\/noticiaempauta.com\/portal\/itainopolis-recebe-hospital-reformado-e-novas-melhorias-na-malha-viaria-com-investimentos-do-governo-do-estado\/"]}]},{"@type":"ImageObject","inLanguage":"pt-BR","@id":"https:\/\/noticiaempauta.com\/portal\/itainopolis-recebe-hospital-reformado-e-novas-melhorias-na-malha-viaria-com-investimentos-do-governo-do-estado\/#primaryimage","url":"https:\/\/noticiaempauta.com\/portal\/wp-content\/uploads\/2025\/02\/WhatsApp-Image-2025-02-15-at-14.08.11.jpeg","contentUrl":"https:\/\/noticiaempauta.com\/portal\/wp-content\/uploads\/2025\/02\/WhatsApp-Image-2025-02-15-at-14.08.11.jpeg","width":1280,"height":853},{"@type":"BreadcrumbList","@id":"https:\/\/noticiaempauta.com\/portal\/itainopolis-recebe-hospital-reformado-e-novas-melhorias-na-malha-viaria-com-investimentos-do-governo-do-estado\/#breadcrumb","itemListElement":[{"@type":"ListItem","position":1,"name":"P\u00e1gina Inicial","item":"https:\/\/noticiaempauta.com\/portal\/"},{"@type":"ListItem","position":2,"name":"Destaques","item":"https:\/\/noticiaempauta.com\/portal\/destaques-site\/"},{"@type":"ListItem","position":3,"name":"Itain\u00f3polis recebe hospital reformado e novas melhorias na malha vi\u00e1ria com investimentos do Governo do Estado"}]},{"@type":"WebSite","@id":"https:\/\/noticiaempauta.com\/portal\/#website","url":"https:\/\/noticiaempauta.com\/portal\/","name":"Portal Not\u00edcia em Pauta","description":"Voc\u00ea bem informado","publisher":{"@id":"https:\/\/noticiaempauta.com\/portal\/#organization"},"potentialAction":[{"@type":"SearchAction","target":{"@type":"EntryPoint","urlTemplate":"https:\/\/noticiaempauta.com\/portal\/?s={search_term_string}"},"query-input":{"@type":"PropertyValueSpecification","valueRequired":true,"valueName":"search_term_string"}}],"inLanguage":"pt-BR"},{"@type":"Organization","@id":"https:\/\/noticiaempauta.com\/portal\/#organization","name":"Portal Not\u00edcia em Pauta","url":"https:\/\/noticiaempauta.com\/portal\/","logo":{"@type":"ImageObject","inLanguage":"pt-BR","@id":"https:\/\/noticiaempauta.com\/portal\/#\/schema\/logo\/image\/","url":"https:\/\/noticiaempauta.com\/portal\/wp-content\/uploads\/2022\/08\/logomarca_tema.fw_.png","contentUrl":"https:\/\/noticiaempauta.com\/portal\/wp-content\/uploads\/2022\/08\/logomarca_tema.fw_.png","width":400,"height":232,"caption":"Portal Not\u00edcia em Pauta"},"image":{"@id":"https:\/\/noticiaempauta.com\/portal\/#\/schema\/logo\/image\/"},"sameAs":["https:\/\/www.facebook.com\/Portal-Notcia-Em-Pauta-102292869264820\/","https:\/\/www.instagram.com\/portalnoticiaempauta\/"]},{"@type":"Person","@id":"https:\/\/noticiaempauta.com\/portal\/#\/schema\/person\/a74af43dd1ab3deca45f988c717d57ac","name":"Reda\u00e7\u00e3o","image":{"@type":"ImageObject","inLanguage":"pt-BR","@id":"https:\/\/noticiaempauta.com\/portal\/#\/schema\/person\/image\/","url":"https:\/\/secure.gravatar.com\/avatar\/03179346ecce6cdfc13361603e8f54242a90e5cde8618fa23c5c00aa2b0aadf3?s=96&d=mm&r=g","contentUrl":"https:\/\/secure.gravatar.com\/avatar\/03179346ecce6cdfc13361603e8f54242a90e5cde8618fa23c5c00aa2b0aadf3?s=96&d=mm&r=g","caption":"Reda\u00e7\u00e3o"},"sameAs":["https:\/\/noticiaempauta.com\/portal\/"],"url":"https:\/\/noticiaempauta.com\/portal\/author\/fernando\/"}]}},"_links":{"self":[{"href":"https:\/\/noticiaempauta.com\/portal\/wp-json\/wp\/v2\/posts\/267801","targetHints":{"allow":["GET"]}}],"collection":[{"href":"https:\/\/noticiaempauta.com\/portal\/wp-json\/wp\/v2\/posts"}],"about":[{"href":"https:\/\/noticiaempauta.com\/portal\/wp-json\/wp\/v2\/types\/post"}],"author":[{"embeddable":true,"href":"https:\/\/noticiaempauta.com\/portal\/wp-json\/wp\/v2\/users\/2"}],"replies":[{"embeddable":true,"href":"https:\/\/noticiaempauta.com\/portal\/wp-json\/wp\/v2\/comments?post=267801"}],"version-history":[{"count":3,"href":"https:\/\/noticiaempauta.com\/portal\/wp-json\/wp\/v2\/posts\/267801\/revisions"}],"predecessor-version":[{"id":267844,"href":"https:\/\/noticiaempauta.com\/portal\/wp-json\/wp\/v2\/posts\/267801\/revisions\/267844"}],"wp:featuredmedia":[{"embeddable":true,"href":"https:\/\/noticiaempauta.com\/portal\/wp-json\/wp\/v2\/media\/267802"}],"wp:attachment":[{"href":"https:\/\/noticiaempauta.com\/portal\/wp-json\/wp\/v2\/media?parent=267801"}],"wp:term":[{"taxonomy":"category","embeddable":true,"href":"https:\/\/noticiaempauta.com\/portal\/wp-json\/wp\/v2\/categories?post=267801"},{"taxonomy":"post_tag","embeddable":true,"href":"https:\/\/noticiaempauta.com\/portal\/wp-json\/wp\/v2\/tags?post=267801"}],"curies":[{"name":"wp","href":"https:\/\/api.w.org\/{rel}","templated":true}]}}