{"id":267812,"date":"2025-02-17T09:30:14","date_gmt":"2025-02-17T12:30:14","guid":{"rendered":"https:\/\/noticiaempauta.com\/portal\/?p=267812"},"modified":"2025-02-17T09:30:15","modified_gmt":"2025-02-17T12:30:15","slug":"policia-desarticula-ponto-de-trafico-e-prende-dois-suspeitos-em-campo-grande-do-piaui","status":"publish","type":"post","link":"https:\/\/noticiaempauta.com\/portal\/policia-desarticula-ponto-de-trafico-e-prende-dois-suspeitos-em-campo-grande-do-piaui\/","title":{"rendered":"Pol\u00edcia desarticula ponto de tr\u00e1fico e prende dois suspeitos em Campo Grande do Piau\u00ed"},"content":{"rendered":"\n<p>Dois homens identificados pela inicias \u00a0E.J., e \u00a0V.J.S., foram presos suspeitos de envolvimento com tr\u00e1fico de drogas na cidade de Campo Grande do Piau\u00ed. A a\u00e7\u00e3o ocorreu por volta das 00h30, dessa segunda-feira (17), ap\u00f3s levantamento do servi\u00e7o de intelig\u00eancia do batalh\u00e3o.<\/p>\n\n\n\n<figure class=\"wp-block-image size-full\"><img fetchpriority=\"high\" decoding=\"async\" width=\"1022\" height=\"909\" src=\"https:\/\/noticiaempauta.com\/portal\/wp-content\/uploads\/2025\/02\/whatsapp-image-2025-02-17-at-09_e10ba188b4895ea77e2714d26d3ace053ffb4ce3.jpeg\" alt=\"\" class=\"wp-image-267814\" srcset=\"https:\/\/noticiaempauta.com\/portal\/wp-content\/uploads\/2025\/02\/whatsapp-image-2025-02-17-at-09_e10ba188b4895ea77e2714d26d3ace053ffb4ce3.jpeg 1022w, https:\/\/noticiaempauta.com\/portal\/wp-content\/uploads\/2025\/02\/whatsapp-image-2025-02-17-at-09_e10ba188b4895ea77e2714d26d3ace053ffb4ce3-300x267.jpeg 300w, https:\/\/noticiaempauta.com\/portal\/wp-content\/uploads\/2025\/02\/whatsapp-image-2025-02-17-at-09_e10ba188b4895ea77e2714d26d3ace053ffb4ce3-768x683.jpeg 768w\" sizes=\"(max-width: 1022px) 100vw, 1022px\" \/><\/figure>\n\n\n\n<p>As equipes da Pol\u00edcia Militar do Piau\u00ed, atrav\u00e9s de uma equipe da 3\u00aa Companhia do BEPI (Batalh\u00e3o Especializado de Policiamento do Interior) realizavam patrulhamento na Avenida Jos\u00e9 Ramos, quando identificaram uma resid\u00eancia que funcionava como ponto de venda de drogas.&nbsp;<\/p>\n\n\n\n<p>Os policiais observaram uma movimenta\u00e7\u00e3o suspeita de indiv\u00edduos que chegavam ao local, dirigiam-se \u00e0 lateral da casa e aguardavam algo pela janela antes de sair rapidamente.\u00a0No momento da abordagem, um dos suspeitos foi flagrado recebendo um pacote pela janela da resid\u00eancia. Com ele, os policiais encontraram dois inv\u00f3lucros de subst\u00e2ncia an\u00e1loga \u00e0 coca\u00edna.<\/p>\n\n\n\n<figure class=\"wp-block-image size-full\"><img decoding=\"async\" src=\"https:\/\/noticiaempauta.com\/portal\/wp-content\/uploads\/2025\/02\/whatsapp-image-2025-02-17-at-09_1aff50c90935dd1741de803a87155bf619cae329.jpeg\" alt=\"\" class=\"wp-image-267813\"\/><\/figure>\n\n\n\n<p>Diante do flagrante, a equipe entrou na casa e localizou outro indiv\u00edduo, que estava com um pote contendo 30 inv\u00f3lucros da mesma subst\u00e2ncia.\u00a0Al\u00e9m da droga, foram apreendidos R$ 40 em esp\u00e9cie, dois celulares, fita isolante e diversos inv\u00f3lucros pl\u00e1sticos utilizados para embalar entorpecentes. Os dois suspeitos receberam voz de pris\u00e3o e foram encaminhados, junto com o material apreendido.\u00a0<\/p>\n\n\n\n<p><strong>Fonte: Band Piau\u00ed<\/strong><\/p>\n","protected":false},"excerpt":{"rendered":"<p>Dois homens identificados pela inicias \u00a0E.J., e \u00a0V.J.S., foram presos suspeitos de envolvimento com tr\u00e1fico de drogas na cidade de Campo Grande do Piau\u00ed. A a\u00e7\u00e3o ocorreu por volta das 00h30, dessa segunda-feira (17), ap\u00f3s levantamento do servi\u00e7o de intelig\u00eancia do batalh\u00e3o. As equipes da Pol\u00edcia Militar do Piau\u00ed, atrav\u00e9s de uma equipe da 3\u00aa [&hellip;]<\/p>\n","protected":false},"author":2,"featured_media":267814,"comment_status":"open","ping_status":"open","sticky":false,"template":"","format":"standard","meta":{"_mi_skip_tracking":false,"footnotes":""},"categories":[25,1,9,137,16],"tags":[],"class_list":["post-267812","post","type-post","status-publish","format-standard","has-post-thumbnail","hentry","category-destaques-site","category-geral","category-municipios","category-policia","category-todas"],"acf":[],"yoast_head":"<!-- This site is optimized with the Yoast SEO Premium plugin v19.2 (Yoast SEO v26.9) - https:\/\/yoast.com\/product\/yoast-seo-premium-wordpress\/ -->\n<title>Pol\u00edcia desarticula ponto de tr\u00e1fico e prende dois suspeitos em Campo Grande do Piau\u00ed - Portal Not\u00edcia em Pauta<\/title>\n<meta name=\"robots\" content=\"index, follow, max-snippet:-1, max-image-preview:large, max-video-preview:-1\" \/>\n<link rel=\"canonical\" href=\"https:\/\/noticiaempauta.com\/portal\/policia-desarticula-ponto-de-trafico-e-prende-dois-suspeitos-em-campo-grande-do-piaui\/\" \/>\n<meta property=\"og:locale\" content=\"pt_BR\" \/>\n<meta property=\"og:type\" content=\"article\" \/>\n<meta property=\"og:title\" content=\"Pol\u00edcia desarticula ponto de tr\u00e1fico e prende dois suspeitos em Campo Grande do Piau\u00ed\" \/>\n<meta property=\"og:description\" content=\"Dois homens identificados pela inicias \u00a0E.J., e \u00a0V.J.S., foram presos suspeitos de envolvimento com tr\u00e1fico de drogas na cidade de Campo Grande do Piau\u00ed. A a\u00e7\u00e3o ocorreu por volta das 00h30, dessa segunda-feira (17), ap\u00f3s levantamento do servi\u00e7o de intelig\u00eancia do batalh\u00e3o. As equipes da Pol\u00edcia Militar do Piau\u00ed, atrav\u00e9s de uma equipe da 3\u00aa [&hellip;]\" \/>\n<meta property=\"og:url\" content=\"https:\/\/noticiaempauta.com\/portal\/policia-desarticula-ponto-de-trafico-e-prende-dois-suspeitos-em-campo-grande-do-piaui\/\" \/>\n<meta property=\"og:site_name\" content=\"Portal Not\u00edcia em Pauta\" \/>\n<meta property=\"article:publisher\" content=\"https:\/\/www.facebook.com\/Portal-Notcia-Em-Pauta-102292869264820\/\" \/>\n<meta property=\"article:published_time\" content=\"2025-02-17T12:30:14+00:00\" \/>\n<meta property=\"article:modified_time\" content=\"2025-02-17T12:30:15+00:00\" \/>\n<meta property=\"og:image\" content=\"https:\/\/noticiaempauta.com\/portal\/wp-content\/uploads\/2025\/02\/whatsapp-image-2025-02-17-at-09_e10ba188b4895ea77e2714d26d3ace053ffb4ce3.jpeg\" \/>\n\t<meta property=\"og:image:width\" content=\"1022\" \/>\n\t<meta property=\"og:image:height\" content=\"909\" \/>\n\t<meta property=\"og:image:type\" content=\"image\/jpeg\" \/>\n<meta name=\"author\" content=\"Reda\u00e7\u00e3o\" \/>\n<meta name=\"twitter:card\" content=\"summary_large_image\" \/>\n<meta name=\"twitter:label1\" content=\"Escrito por\" \/>\n\t<meta name=\"twitter:data1\" content=\"Reda\u00e7\u00e3o\" \/>\n\t<meta name=\"twitter:label2\" content=\"Est. tempo de leitura\" \/>\n\t<meta name=\"twitter:data2\" content=\"2 minutos\" \/>\n<script type=\"application\/ld+json\" class=\"yoast-schema-graph\">{\"@context\":\"https:\/\/schema.org\",\"@graph\":[{\"@type\":\"Article\",\"@id\":\"https:\/\/noticiaempauta.com\/portal\/policia-desarticula-ponto-de-trafico-e-prende-dois-suspeitos-em-campo-grande-do-piaui\/#article\",\"isPartOf\":{\"@id\":\"https:\/\/noticiaempauta.com\/portal\/policia-desarticula-ponto-de-trafico-e-prende-dois-suspeitos-em-campo-grande-do-piaui\/\"},\"author\":{\"name\":\"Reda\u00e7\u00e3o\",\"@id\":\"https:\/\/noticiaempauta.com\/portal\/#\/schema\/person\/a74af43dd1ab3deca45f988c717d57ac\"},\"headline\":\"Pol\u00edcia desarticula ponto de tr\u00e1fico e prende dois suspeitos em Campo Grande do Piau\u00ed\",\"datePublished\":\"2025-02-17T12:30:14+00:00\",\"dateModified\":\"2025-02-17T12:30:15+00:00\",\"mainEntityOfPage\":{\"@id\":\"https:\/\/noticiaempauta.com\/portal\/policia-desarticula-ponto-de-trafico-e-prende-dois-suspeitos-em-campo-grande-do-piaui\/\"},\"wordCount\":237,\"commentCount\":0,\"publisher\":{\"@id\":\"https:\/\/noticiaempauta.com\/portal\/#organization\"},\"image\":{\"@id\":\"https:\/\/noticiaempauta.com\/portal\/policia-desarticula-ponto-de-trafico-e-prende-dois-suspeitos-em-campo-grande-do-piaui\/#primaryimage\"},\"thumbnailUrl\":\"https:\/\/noticiaempauta.com\/portal\/wp-content\/uploads\/2025\/02\/whatsapp-image-2025-02-17-at-09_e10ba188b4895ea77e2714d26d3ace053ffb4ce3.jpeg\",\"articleSection\":[\"Destaques\",\"Geral\",\"Munic\u00edpios\",\"Pol\u00edcia\",\"Todas as Not\u00edcias\"],\"inLanguage\":\"pt-BR\",\"potentialAction\":[{\"@type\":\"CommentAction\",\"name\":\"Comment\",\"target\":[\"https:\/\/noticiaempauta.com\/portal\/policia-desarticula-ponto-de-trafico-e-prende-dois-suspeitos-em-campo-grande-do-piaui\/#respond\"]}]},{\"@type\":\"WebPage\",\"@id\":\"https:\/\/noticiaempauta.com\/portal\/policia-desarticula-ponto-de-trafico-e-prende-dois-suspeitos-em-campo-grande-do-piaui\/\",\"url\":\"https:\/\/noticiaempauta.com\/portal\/policia-desarticula-ponto-de-trafico-e-prende-dois-suspeitos-em-campo-grande-do-piaui\/\",\"name\":\"Pol\u00edcia desarticula ponto de tr\u00e1fico e prende dois suspeitos em Campo Grande do Piau\u00ed - Portal Not\u00edcia em Pauta\",\"isPartOf\":{\"@id\":\"https:\/\/noticiaempauta.com\/portal\/#website\"},\"primaryImageOfPage\":{\"@id\":\"https:\/\/noticiaempauta.com\/portal\/policia-desarticula-ponto-de-trafico-e-prende-dois-suspeitos-em-campo-grande-do-piaui\/#primaryimage\"},\"image\":{\"@id\":\"https:\/\/noticiaempauta.com\/portal\/policia-desarticula-ponto-de-trafico-e-prende-dois-suspeitos-em-campo-grande-do-piaui\/#primaryimage\"},\"thumbnailUrl\":\"https:\/\/noticiaempauta.com\/portal\/wp-content\/uploads\/2025\/02\/whatsapp-image-2025-02-17-at-09_e10ba188b4895ea77e2714d26d3ace053ffb4ce3.jpeg\",\"datePublished\":\"2025-02-17T12:30:14+00:00\",\"dateModified\":\"2025-02-17T12:30:15+00:00\",\"breadcrumb\":{\"@id\":\"https:\/\/noticiaempauta.com\/portal\/policia-desarticula-ponto-de-trafico-e-prende-dois-suspeitos-em-campo-grande-do-piaui\/#breadcrumb\"},\"inLanguage\":\"pt-BR\",\"potentialAction\":[{\"@type\":\"ReadAction\",\"target\":[\"https:\/\/noticiaempauta.com\/portal\/policia-desarticula-ponto-de-trafico-e-prende-dois-suspeitos-em-campo-grande-do-piaui\/\"]}]},{\"@type\":\"ImageObject\",\"inLanguage\":\"pt-BR\",\"@id\":\"https:\/\/noticiaempauta.com\/portal\/policia-desarticula-ponto-de-trafico-e-prende-dois-suspeitos-em-campo-grande-do-piaui\/#primaryimage\",\"url\":\"https:\/\/noticiaempauta.com\/portal\/wp-content\/uploads\/2025\/02\/whatsapp-image-2025-02-17-at-09_e10ba188b4895ea77e2714d26d3ace053ffb4ce3.jpeg\",\"contentUrl\":\"https:\/\/noticiaempauta.com\/portal\/wp-content\/uploads\/2025\/02\/whatsapp-image-2025-02-17-at-09_e10ba188b4895ea77e2714d26d3ace053ffb4ce3.jpeg\",\"width\":1022,\"height\":909},{\"@type\":\"BreadcrumbList\",\"@id\":\"https:\/\/noticiaempauta.com\/portal\/policia-desarticula-ponto-de-trafico-e-prende-dois-suspeitos-em-campo-grande-do-piaui\/#breadcrumb\",\"itemListElement\":[{\"@type\":\"ListItem\",\"position\":1,\"name\":\"P\u00e1gina Inicial\",\"item\":\"https:\/\/noticiaempauta.com\/portal\/\"},{\"@type\":\"ListItem\",\"position\":2,\"name\":\"Destaques\",\"item\":\"https:\/\/noticiaempauta.com\/portal\/destaques-site\/\"},{\"@type\":\"ListItem\",\"position\":3,\"name\":\"Pol\u00edcia desarticula ponto de tr\u00e1fico e prende dois suspeitos em Campo Grande do Piau\u00ed\"}]},{\"@type\":\"WebSite\",\"@id\":\"https:\/\/noticiaempauta.com\/portal\/#website\",\"url\":\"https:\/\/noticiaempauta.com\/portal\/\",\"name\":\"Portal Not\u00edcia em Pauta\",\"description\":\"Voc\u00ea bem informado\",\"publisher\":{\"@id\":\"https:\/\/noticiaempauta.com\/portal\/#organization\"},\"potentialAction\":[{\"@type\":\"SearchAction\",\"target\":{\"@type\":\"EntryPoint\",\"urlTemplate\":\"https:\/\/noticiaempauta.com\/portal\/?s={search_term_string}\"},\"query-input\":{\"@type\":\"PropertyValueSpecification\",\"valueRequired\":true,\"valueName\":\"search_term_string\"}}],\"inLanguage\":\"pt-BR\"},{\"@type\":\"Organization\",\"@id\":\"https:\/\/noticiaempauta.com\/portal\/#organization\",\"name\":\"Portal Not\u00edcia em Pauta\",\"url\":\"https:\/\/noticiaempauta.com\/portal\/\",\"logo\":{\"@type\":\"ImageObject\",\"inLanguage\":\"pt-BR\",\"@id\":\"https:\/\/noticiaempauta.com\/portal\/#\/schema\/logo\/image\/\",\"url\":\"https:\/\/noticiaempauta.com\/portal\/wp-content\/uploads\/2022\/08\/logomarca_tema.fw_.png\",\"contentUrl\":\"https:\/\/noticiaempauta.com\/portal\/wp-content\/uploads\/2022\/08\/logomarca_tema.fw_.png\",\"width\":400,\"height\":232,\"caption\":\"Portal Not\u00edcia em Pauta\"},\"image\":{\"@id\":\"https:\/\/noticiaempauta.com\/portal\/#\/schema\/logo\/image\/\"},\"sameAs\":[\"https:\/\/www.facebook.com\/Portal-Notcia-Em-Pauta-102292869264820\/\",\"https:\/\/www.instagram.com\/portalnoticiaempauta\/\"]},{\"@type\":\"Person\",\"@id\":\"https:\/\/noticiaempauta.com\/portal\/#\/schema\/person\/a74af43dd1ab3deca45f988c717d57ac\",\"name\":\"Reda\u00e7\u00e3o\",\"image\":{\"@type\":\"ImageObject\",\"inLanguage\":\"pt-BR\",\"@id\":\"https:\/\/noticiaempauta.com\/portal\/#\/schema\/person\/image\/\",\"url\":\"https:\/\/secure.gravatar.com\/avatar\/03179346ecce6cdfc13361603e8f54242a90e5cde8618fa23c5c00aa2b0aadf3?s=96&d=mm&r=g\",\"contentUrl\":\"https:\/\/secure.gravatar.com\/avatar\/03179346ecce6cdfc13361603e8f54242a90e5cde8618fa23c5c00aa2b0aadf3?s=96&d=mm&r=g\",\"caption\":\"Reda\u00e7\u00e3o\"},\"sameAs\":[\"https:\/\/noticiaempauta.com\/portal\/\"],\"url\":\"https:\/\/noticiaempauta.com\/portal\/author\/fernando\/\"}]}<\/script>\n<!-- \/ Yoast SEO Premium plugin. -->","yoast_head_json":{"title":"Pol\u00edcia desarticula ponto de tr\u00e1fico e prende dois suspeitos em Campo Grande do Piau\u00ed - Portal Not\u00edcia em Pauta","robots":{"index":"index","follow":"follow","max-snippet":"max-snippet:-1","max-image-preview":"max-image-preview:large","max-video-preview":"max-video-preview:-1"},"canonical":"https:\/\/noticiaempauta.com\/portal\/policia-desarticula-ponto-de-trafico-e-prende-dois-suspeitos-em-campo-grande-do-piaui\/","og_locale":"pt_BR","og_type":"article","og_title":"Pol\u00edcia desarticula ponto de tr\u00e1fico e prende dois suspeitos em Campo Grande do Piau\u00ed","og_description":"Dois homens identificados pela inicias \u00a0E.J., e \u00a0V.J.S., foram presos suspeitos de envolvimento com tr\u00e1fico de drogas na cidade de Campo Grande do Piau\u00ed. A a\u00e7\u00e3o ocorreu por volta das 00h30, dessa segunda-feira (17), ap\u00f3s levantamento do servi\u00e7o de intelig\u00eancia do batalh\u00e3o. As equipes da Pol\u00edcia Militar do Piau\u00ed, atrav\u00e9s de uma equipe da 3\u00aa [&hellip;]","og_url":"https:\/\/noticiaempauta.com\/portal\/policia-desarticula-ponto-de-trafico-e-prende-dois-suspeitos-em-campo-grande-do-piaui\/","og_site_name":"Portal Not\u00edcia em Pauta","article_publisher":"https:\/\/www.facebook.com\/Portal-Notcia-Em-Pauta-102292869264820\/","article_published_time":"2025-02-17T12:30:14+00:00","article_modified_time":"2025-02-17T12:30:15+00:00","og_image":[{"width":1022,"height":909,"url":"https:\/\/noticiaempauta.com\/portal\/wp-content\/uploads\/2025\/02\/whatsapp-image-2025-02-17-at-09_e10ba188b4895ea77e2714d26d3ace053ffb4ce3.jpeg","type":"image\/jpeg"}],"author":"Reda\u00e7\u00e3o","twitter_card":"summary_large_image","twitter_misc":{"Escrito por":"Reda\u00e7\u00e3o","Est. tempo de leitura":"2 minutos"},"schema":{"@context":"https:\/\/schema.org","@graph":[{"@type":"Article","@id":"https:\/\/noticiaempauta.com\/portal\/policia-desarticula-ponto-de-trafico-e-prende-dois-suspeitos-em-campo-grande-do-piaui\/#article","isPartOf":{"@id":"https:\/\/noticiaempauta.com\/portal\/policia-desarticula-ponto-de-trafico-e-prende-dois-suspeitos-em-campo-grande-do-piaui\/"},"author":{"name":"Reda\u00e7\u00e3o","@id":"https:\/\/noticiaempauta.com\/portal\/#\/schema\/person\/a74af43dd1ab3deca45f988c717d57ac"},"headline":"Pol\u00edcia desarticula ponto de tr\u00e1fico e prende dois suspeitos em Campo Grande do Piau\u00ed","datePublished":"2025-02-17T12:30:14+00:00","dateModified":"2025-02-17T12:30:15+00:00","mainEntityOfPage":{"@id":"https:\/\/noticiaempauta.com\/portal\/policia-desarticula-ponto-de-trafico-e-prende-dois-suspeitos-em-campo-grande-do-piaui\/"},"wordCount":237,"commentCount":0,"publisher":{"@id":"https:\/\/noticiaempauta.com\/portal\/#organization"},"image":{"@id":"https:\/\/noticiaempauta.com\/portal\/policia-desarticula-ponto-de-trafico-e-prende-dois-suspeitos-em-campo-grande-do-piaui\/#primaryimage"},"thumbnailUrl":"https:\/\/noticiaempauta.com\/portal\/wp-content\/uploads\/2025\/02\/whatsapp-image-2025-02-17-at-09_e10ba188b4895ea77e2714d26d3ace053ffb4ce3.jpeg","articleSection":["Destaques","Geral","Munic\u00edpios","Pol\u00edcia","Todas as Not\u00edcias"],"inLanguage":"pt-BR","potentialAction":[{"@type":"CommentAction","name":"Comment","target":["https:\/\/noticiaempauta.com\/portal\/policia-desarticula-ponto-de-trafico-e-prende-dois-suspeitos-em-campo-grande-do-piaui\/#respond"]}]},{"@type":"WebPage","@id":"https:\/\/noticiaempauta.com\/portal\/policia-desarticula-ponto-de-trafico-e-prende-dois-suspeitos-em-campo-grande-do-piaui\/","url":"https:\/\/noticiaempauta.com\/portal\/policia-desarticula-ponto-de-trafico-e-prende-dois-suspeitos-em-campo-grande-do-piaui\/","name":"Pol\u00edcia desarticula ponto de tr\u00e1fico e prende dois suspeitos em Campo Grande do Piau\u00ed - Portal Not\u00edcia em Pauta","isPartOf":{"@id":"https:\/\/noticiaempauta.com\/portal\/#website"},"primaryImageOfPage":{"@id":"https:\/\/noticiaempauta.com\/portal\/policia-desarticula-ponto-de-trafico-e-prende-dois-suspeitos-em-campo-grande-do-piaui\/#primaryimage"},"image":{"@id":"https:\/\/noticiaempauta.com\/portal\/policia-desarticula-ponto-de-trafico-e-prende-dois-suspeitos-em-campo-grande-do-piaui\/#primaryimage"},"thumbnailUrl":"https:\/\/noticiaempauta.com\/portal\/wp-content\/uploads\/2025\/02\/whatsapp-image-2025-02-17-at-09_e10ba188b4895ea77e2714d26d3ace053ffb4ce3.jpeg","datePublished":"2025-02-17T12:30:14+00:00","dateModified":"2025-02-17T12:30:15+00:00","breadcrumb":{"@id":"https:\/\/noticiaempauta.com\/portal\/policia-desarticula-ponto-de-trafico-e-prende-dois-suspeitos-em-campo-grande-do-piaui\/#breadcrumb"},"inLanguage":"pt-BR","potentialAction":[{"@type":"ReadAction","target":["https:\/\/noticiaempauta.com\/portal\/policia-desarticula-ponto-de-trafico-e-prende-dois-suspeitos-em-campo-grande-do-piaui\/"]}]},{"@type":"ImageObject","inLanguage":"pt-BR","@id":"https:\/\/noticiaempauta.com\/portal\/policia-desarticula-ponto-de-trafico-e-prende-dois-suspeitos-em-campo-grande-do-piaui\/#primaryimage","url":"https:\/\/noticiaempauta.com\/portal\/wp-content\/uploads\/2025\/02\/whatsapp-image-2025-02-17-at-09_e10ba188b4895ea77e2714d26d3ace053ffb4ce3.jpeg","contentUrl":"https:\/\/noticiaempauta.com\/portal\/wp-content\/uploads\/2025\/02\/whatsapp-image-2025-02-17-at-09_e10ba188b4895ea77e2714d26d3ace053ffb4ce3.jpeg","width":1022,"height":909},{"@type":"BreadcrumbList","@id":"https:\/\/noticiaempauta.com\/portal\/policia-desarticula-ponto-de-trafico-e-prende-dois-suspeitos-em-campo-grande-do-piaui\/#breadcrumb","itemListElement":[{"@type":"ListItem","position":1,"name":"P\u00e1gina Inicial","item":"https:\/\/noticiaempauta.com\/portal\/"},{"@type":"ListItem","position":2,"name":"Destaques","item":"https:\/\/noticiaempauta.com\/portal\/destaques-site\/"},{"@type":"ListItem","position":3,"name":"Pol\u00edcia desarticula ponto de tr\u00e1fico e prende dois suspeitos em Campo Grande do Piau\u00ed"}]},{"@type":"WebSite","@id":"https:\/\/noticiaempauta.com\/portal\/#website","url":"https:\/\/noticiaempauta.com\/portal\/","name":"Portal Not\u00edcia em Pauta","description":"Voc\u00ea bem informado","publisher":{"@id":"https:\/\/noticiaempauta.com\/portal\/#organization"},"potentialAction":[{"@type":"SearchAction","target":{"@type":"EntryPoint","urlTemplate":"https:\/\/noticiaempauta.com\/portal\/?s={search_term_string}"},"query-input":{"@type":"PropertyValueSpecification","valueRequired":true,"valueName":"search_term_string"}}],"inLanguage":"pt-BR"},{"@type":"Organization","@id":"https:\/\/noticiaempauta.com\/portal\/#organization","name":"Portal Not\u00edcia em Pauta","url":"https:\/\/noticiaempauta.com\/portal\/","logo":{"@type":"ImageObject","inLanguage":"pt-BR","@id":"https:\/\/noticiaempauta.com\/portal\/#\/schema\/logo\/image\/","url":"https:\/\/noticiaempauta.com\/portal\/wp-content\/uploads\/2022\/08\/logomarca_tema.fw_.png","contentUrl":"https:\/\/noticiaempauta.com\/portal\/wp-content\/uploads\/2022\/08\/logomarca_tema.fw_.png","width":400,"height":232,"caption":"Portal Not\u00edcia em Pauta"},"image":{"@id":"https:\/\/noticiaempauta.com\/portal\/#\/schema\/logo\/image\/"},"sameAs":["https:\/\/www.facebook.com\/Portal-Notcia-Em-Pauta-102292869264820\/","https:\/\/www.instagram.com\/portalnoticiaempauta\/"]},{"@type":"Person","@id":"https:\/\/noticiaempauta.com\/portal\/#\/schema\/person\/a74af43dd1ab3deca45f988c717d57ac","name":"Reda\u00e7\u00e3o","image":{"@type":"ImageObject","inLanguage":"pt-BR","@id":"https:\/\/noticiaempauta.com\/portal\/#\/schema\/person\/image\/","url":"https:\/\/secure.gravatar.com\/avatar\/03179346ecce6cdfc13361603e8f54242a90e5cde8618fa23c5c00aa2b0aadf3?s=96&d=mm&r=g","contentUrl":"https:\/\/secure.gravatar.com\/avatar\/03179346ecce6cdfc13361603e8f54242a90e5cde8618fa23c5c00aa2b0aadf3?s=96&d=mm&r=g","caption":"Reda\u00e7\u00e3o"},"sameAs":["https:\/\/noticiaempauta.com\/portal\/"],"url":"https:\/\/noticiaempauta.com\/portal\/author\/fernando\/"}]}},"_links":{"self":[{"href":"https:\/\/noticiaempauta.com\/portal\/wp-json\/wp\/v2\/posts\/267812","targetHints":{"allow":["GET"]}}],"collection":[{"href":"https:\/\/noticiaempauta.com\/portal\/wp-json\/wp\/v2\/posts"}],"about":[{"href":"https:\/\/noticiaempauta.com\/portal\/wp-json\/wp\/v2\/types\/post"}],"author":[{"embeddable":true,"href":"https:\/\/noticiaempauta.com\/portal\/wp-json\/wp\/v2\/users\/2"}],"replies":[{"embeddable":true,"href":"https:\/\/noticiaempauta.com\/portal\/wp-json\/wp\/v2\/comments?post=267812"}],"version-history":[{"count":1,"href":"https:\/\/noticiaempauta.com\/portal\/wp-json\/wp\/v2\/posts\/267812\/revisions"}],"predecessor-version":[{"id":267815,"href":"https:\/\/noticiaempauta.com\/portal\/wp-json\/wp\/v2\/posts\/267812\/revisions\/267815"}],"wp:featuredmedia":[{"embeddable":true,"href":"https:\/\/noticiaempauta.com\/portal\/wp-json\/wp\/v2\/media\/267814"}],"wp:attachment":[{"href":"https:\/\/noticiaempauta.com\/portal\/wp-json\/wp\/v2\/media?parent=267812"}],"wp:term":[{"taxonomy":"category","embeddable":true,"href":"https:\/\/noticiaempauta.com\/portal\/wp-json\/wp\/v2\/categories?post=267812"},{"taxonomy":"post_tag","embeddable":true,"href":"https:\/\/noticiaempauta.com\/portal\/wp-json\/wp\/v2\/tags?post=267812"}],"curies":[{"name":"wp","href":"https:\/\/api.w.org\/{rel}","templated":true}]}}