{"id":267825,"date":"2025-02-18T08:52:26","date_gmt":"2025-02-18T11:52:26","guid":{"rendered":"https:\/\/noticiaempauta.com\/portal\/?p=267825"},"modified":"2025-02-18T08:52:28","modified_gmt":"2025-02-18T11:52:28","slug":"em-reuniao-rafael-fonteles-bate-o-martelo-sobre-psd-e-mdb","status":"publish","type":"post","link":"https:\/\/noticiaempauta.com\/portal\/em-reuniao-rafael-fonteles-bate-o-martelo-sobre-psd-e-mdb\/","title":{"rendered":"Em reuni\u00e3o, Rafael Fonteles bate o martelo sobre PSD e MDB"},"content":{"rendered":"\n<p>Na noite desta segunda-feira (17), a reuni\u00e3o convocada pelo governador Rafael Fonteles (PT) com integrantes do PSD e MDB foi decisiva para ajustar as estrat\u00e9gias para as elei\u00e7\u00f5es de 2026, principalmente referente \u00e0 fus\u00e3o cruzada.&nbsp;<\/p>\n\n\n\n<figure class=\"wp-block-image size-full\"><img fetchpriority=\"high\" decoding=\"async\" width=\"790\" height=\"526\" src=\"https:\/\/noticiaempauta.com\/portal\/wp-content\/uploads\/2025\/02\/5ff980d4a13dd1af6f21ebc42bd10ee6.jpg\" alt=\"\" class=\"wp-image-267826\" srcset=\"https:\/\/noticiaempauta.com\/portal\/wp-content\/uploads\/2025\/02\/5ff980d4a13dd1af6f21ebc42bd10ee6.jpg 790w, https:\/\/noticiaempauta.com\/portal\/wp-content\/uploads\/2025\/02\/5ff980d4a13dd1af6f21ebc42bd10ee6-300x200.jpg 300w, https:\/\/noticiaempauta.com\/portal\/wp-content\/uploads\/2025\/02\/5ff980d4a13dd1af6f21ebc42bd10ee6-768x511.jpg 768w\" sizes=\"(max-width: 790px) 100vw, 790px\" \/><figcaption class=\"wp-element-caption\"><em>(Foto: Reprodu\u00e7\u00e3o)<\/em><\/figcaption><\/figure>\n\n\n\n<p>\u201cEssa reuni\u00e3o \u00e9 algo habitual que fazemos com nossos aliados, mas claro, reafirmamos essa alian\u00e7a com os partidos que comp\u00f5em a base governista. S\u00f3 falo de 2026 em 2026, mas os espa\u00e7os do PT, PSD e MDB n\u00e3o ser\u00e3o comprometidos\u201d, disse o governador Rafael Fonteles.&nbsp;<\/p>\n\n\n\n<p>A reuni\u00e3o aconteceu na zona leste de Teresina, no apartamento do deputado estadual Jo\u00e3o M\u00e1dison (MDB). O l\u00edder emedebista foi sucinto e destacou: \u201cFoi a melhor reuni\u00e3o que tivemos. Apoiados pelo governador s\u00f3 ser\u00e3o duas chapas para deputado estadual e federal. Uma do Partido dos Trabalhadores e outra proveniente da fus\u00e3o cruzada\u201d.\u00a0<\/p>\n\n\n\n<p>O foco da reuni\u00e3o foi a manuten\u00e7\u00e3o da alian\u00e7a cruzada, com o MDB na disputa pela Assembleia Legislativa e o PSD disputando vagas na C\u00e2mara Federal. Como consequ\u00eancia, as duas siglas tamb\u00e9m com o foco para as duas vagas ao Senado Federal. A discuss\u00e3o sobre a vaga da vice-governadoria n\u00e3o foi aprofundada durante o encontro pol\u00edtico.<\/p>\n\n\n\n<p>Fonte: Cidade Verde<\/p>\n","protected":false},"excerpt":{"rendered":"<p>Na noite desta segunda-feira (17), a reuni\u00e3o convocada pelo governador Rafael Fonteles (PT) com integrantes do PSD e MDB foi decisiva para ajustar as estrat\u00e9gias para as elei\u00e7\u00f5es de 2026, principalmente referente \u00e0 fus\u00e3o cruzada.&nbsp; \u201cEssa reuni\u00e3o \u00e9 algo habitual que fazemos com nossos aliados, mas claro, reafirmamos essa alian\u00e7a com os partidos que comp\u00f5em [&hellip;]<\/p>\n","protected":false},"author":2,"featured_media":267826,"comment_status":"open","ping_status":"open","sticky":false,"template":"","format":"standard","meta":{"_mi_skip_tracking":false,"footnotes":""},"categories":[25,1,3,16],"tags":[192],"class_list":["post-267825","post","type-post","status-publish","format-standard","has-post-thumbnail","hentry","category-destaques-site","category-geral","category-politica","category-todas","tag-destaqueprincipal"],"acf":[],"yoast_head":"<!-- This site is optimized with the Yoast SEO Premium plugin v19.2 (Yoast SEO v26.9) - https:\/\/yoast.com\/product\/yoast-seo-premium-wordpress\/ -->\n<title>Em reuni\u00e3o, Rafael Fonteles bate o martelo sobre PSD e MDB - Portal Not\u00edcia em Pauta<\/title>\n<meta name=\"robots\" content=\"index, follow, max-snippet:-1, max-image-preview:large, max-video-preview:-1\" \/>\n<link rel=\"canonical\" href=\"https:\/\/noticiaempauta.com\/portal\/em-reuniao-rafael-fonteles-bate-o-martelo-sobre-psd-e-mdb\/\" \/>\n<meta property=\"og:locale\" content=\"pt_BR\" \/>\n<meta property=\"og:type\" content=\"article\" \/>\n<meta property=\"og:title\" content=\"Em reuni\u00e3o, Rafael Fonteles bate o martelo sobre PSD e MDB\" \/>\n<meta property=\"og:description\" content=\"Na noite desta segunda-feira (17), a reuni\u00e3o convocada pelo governador Rafael Fonteles (PT) com integrantes do PSD e MDB foi decisiva para ajustar as estrat\u00e9gias para as elei\u00e7\u00f5es de 2026, principalmente referente \u00e0 fus\u00e3o cruzada.&nbsp; \u201cEssa reuni\u00e3o \u00e9 algo habitual que fazemos com nossos aliados, mas claro, reafirmamos essa alian\u00e7a com os partidos que comp\u00f5em [&hellip;]\" \/>\n<meta property=\"og:url\" content=\"https:\/\/noticiaempauta.com\/portal\/em-reuniao-rafael-fonteles-bate-o-martelo-sobre-psd-e-mdb\/\" \/>\n<meta property=\"og:site_name\" content=\"Portal Not\u00edcia em Pauta\" \/>\n<meta property=\"article:publisher\" content=\"https:\/\/www.facebook.com\/Portal-Notcia-Em-Pauta-102292869264820\/\" \/>\n<meta property=\"article:published_time\" content=\"2025-02-18T11:52:26+00:00\" \/>\n<meta property=\"article:modified_time\" content=\"2025-02-18T11:52:28+00:00\" \/>\n<meta property=\"og:image\" content=\"https:\/\/noticiaempauta.com\/portal\/wp-content\/uploads\/2025\/02\/5ff980d4a13dd1af6f21ebc42bd10ee6.jpg\" \/>\n\t<meta property=\"og:image:width\" content=\"790\" \/>\n\t<meta property=\"og:image:height\" content=\"526\" \/>\n\t<meta property=\"og:image:type\" content=\"image\/jpeg\" \/>\n<meta name=\"author\" content=\"Reda\u00e7\u00e3o\" \/>\n<meta name=\"twitter:card\" content=\"summary_large_image\" \/>\n<meta name=\"twitter:label1\" content=\"Escrito por\" \/>\n\t<meta name=\"twitter:data1\" content=\"Reda\u00e7\u00e3o\" \/>\n\t<meta name=\"twitter:label2\" content=\"Est. tempo de leitura\" \/>\n\t<meta name=\"twitter:data2\" content=\"2 minutos\" \/>\n<script type=\"application\/ld+json\" class=\"yoast-schema-graph\">{\"@context\":\"https:\/\/schema.org\",\"@graph\":[{\"@type\":\"Article\",\"@id\":\"https:\/\/noticiaempauta.com\/portal\/em-reuniao-rafael-fonteles-bate-o-martelo-sobre-psd-e-mdb\/#article\",\"isPartOf\":{\"@id\":\"https:\/\/noticiaempauta.com\/portal\/em-reuniao-rafael-fonteles-bate-o-martelo-sobre-psd-e-mdb\/\"},\"author\":{\"name\":\"Reda\u00e7\u00e3o\",\"@id\":\"https:\/\/noticiaempauta.com\/portal\/#\/schema\/person\/a74af43dd1ab3deca45f988c717d57ac\"},\"headline\":\"Em reuni\u00e3o, Rafael Fonteles bate o martelo sobre PSD e MDB\",\"datePublished\":\"2025-02-18T11:52:26+00:00\",\"dateModified\":\"2025-02-18T11:52:28+00:00\",\"mainEntityOfPage\":{\"@id\":\"https:\/\/noticiaempauta.com\/portal\/em-reuniao-rafael-fonteles-bate-o-martelo-sobre-psd-e-mdb\/\"},\"wordCount\":228,\"commentCount\":0,\"publisher\":{\"@id\":\"https:\/\/noticiaempauta.com\/portal\/#organization\"},\"image\":{\"@id\":\"https:\/\/noticiaempauta.com\/portal\/em-reuniao-rafael-fonteles-bate-o-martelo-sobre-psd-e-mdb\/#primaryimage\"},\"thumbnailUrl\":\"https:\/\/noticiaempauta.com\/portal\/wp-content\/uploads\/2025\/02\/5ff980d4a13dd1af6f21ebc42bd10ee6.jpg\",\"keywords\":[\"destaqueprincipal\"],\"articleSection\":[\"Destaques\",\"Geral\",\"Pol\u00edtica\",\"Todas as Not\u00edcias\"],\"inLanguage\":\"pt-BR\",\"potentialAction\":[{\"@type\":\"CommentAction\",\"name\":\"Comment\",\"target\":[\"https:\/\/noticiaempauta.com\/portal\/em-reuniao-rafael-fonteles-bate-o-martelo-sobre-psd-e-mdb\/#respond\"]}]},{\"@type\":\"WebPage\",\"@id\":\"https:\/\/noticiaempauta.com\/portal\/em-reuniao-rafael-fonteles-bate-o-martelo-sobre-psd-e-mdb\/\",\"url\":\"https:\/\/noticiaempauta.com\/portal\/em-reuniao-rafael-fonteles-bate-o-martelo-sobre-psd-e-mdb\/\",\"name\":\"Em reuni\u00e3o, Rafael Fonteles bate o martelo sobre PSD e MDB - Portal Not\u00edcia em Pauta\",\"isPartOf\":{\"@id\":\"https:\/\/noticiaempauta.com\/portal\/#website\"},\"primaryImageOfPage\":{\"@id\":\"https:\/\/noticiaempauta.com\/portal\/em-reuniao-rafael-fonteles-bate-o-martelo-sobre-psd-e-mdb\/#primaryimage\"},\"image\":{\"@id\":\"https:\/\/noticiaempauta.com\/portal\/em-reuniao-rafael-fonteles-bate-o-martelo-sobre-psd-e-mdb\/#primaryimage\"},\"thumbnailUrl\":\"https:\/\/noticiaempauta.com\/portal\/wp-content\/uploads\/2025\/02\/5ff980d4a13dd1af6f21ebc42bd10ee6.jpg\",\"datePublished\":\"2025-02-18T11:52:26+00:00\",\"dateModified\":\"2025-02-18T11:52:28+00:00\",\"breadcrumb\":{\"@id\":\"https:\/\/noticiaempauta.com\/portal\/em-reuniao-rafael-fonteles-bate-o-martelo-sobre-psd-e-mdb\/#breadcrumb\"},\"inLanguage\":\"pt-BR\",\"potentialAction\":[{\"@type\":\"ReadAction\",\"target\":[\"https:\/\/noticiaempauta.com\/portal\/em-reuniao-rafael-fonteles-bate-o-martelo-sobre-psd-e-mdb\/\"]}]},{\"@type\":\"ImageObject\",\"inLanguage\":\"pt-BR\",\"@id\":\"https:\/\/noticiaempauta.com\/portal\/em-reuniao-rafael-fonteles-bate-o-martelo-sobre-psd-e-mdb\/#primaryimage\",\"url\":\"https:\/\/noticiaempauta.com\/portal\/wp-content\/uploads\/2025\/02\/5ff980d4a13dd1af6f21ebc42bd10ee6.jpg\",\"contentUrl\":\"https:\/\/noticiaempauta.com\/portal\/wp-content\/uploads\/2025\/02\/5ff980d4a13dd1af6f21ebc42bd10ee6.jpg\",\"width\":790,\"height\":526},{\"@type\":\"BreadcrumbList\",\"@id\":\"https:\/\/noticiaempauta.com\/portal\/em-reuniao-rafael-fonteles-bate-o-martelo-sobre-psd-e-mdb\/#breadcrumb\",\"itemListElement\":[{\"@type\":\"ListItem\",\"position\":1,\"name\":\"P\u00e1gina Inicial\",\"item\":\"https:\/\/noticiaempauta.com\/portal\/\"},{\"@type\":\"ListItem\",\"position\":2,\"name\":\"Destaques\",\"item\":\"https:\/\/noticiaempauta.com\/portal\/destaques-site\/\"},{\"@type\":\"ListItem\",\"position\":3,\"name\":\"Em reuni\u00e3o, Rafael Fonteles bate o martelo sobre PSD e MDB\"}]},{\"@type\":\"WebSite\",\"@id\":\"https:\/\/noticiaempauta.com\/portal\/#website\",\"url\":\"https:\/\/noticiaempauta.com\/portal\/\",\"name\":\"Portal Not\u00edcia em Pauta\",\"description\":\"Voc\u00ea bem informado\",\"publisher\":{\"@id\":\"https:\/\/noticiaempauta.com\/portal\/#organization\"},\"potentialAction\":[{\"@type\":\"SearchAction\",\"target\":{\"@type\":\"EntryPoint\",\"urlTemplate\":\"https:\/\/noticiaempauta.com\/portal\/?s={search_term_string}\"},\"query-input\":{\"@type\":\"PropertyValueSpecification\",\"valueRequired\":true,\"valueName\":\"search_term_string\"}}],\"inLanguage\":\"pt-BR\"},{\"@type\":\"Organization\",\"@id\":\"https:\/\/noticiaempauta.com\/portal\/#organization\",\"name\":\"Portal Not\u00edcia em Pauta\",\"url\":\"https:\/\/noticiaempauta.com\/portal\/\",\"logo\":{\"@type\":\"ImageObject\",\"inLanguage\":\"pt-BR\",\"@id\":\"https:\/\/noticiaempauta.com\/portal\/#\/schema\/logo\/image\/\",\"url\":\"https:\/\/noticiaempauta.com\/portal\/wp-content\/uploads\/2022\/08\/logomarca_tema.fw_.png\",\"contentUrl\":\"https:\/\/noticiaempauta.com\/portal\/wp-content\/uploads\/2022\/08\/logomarca_tema.fw_.png\",\"width\":400,\"height\":232,\"caption\":\"Portal Not\u00edcia em Pauta\"},\"image\":{\"@id\":\"https:\/\/noticiaempauta.com\/portal\/#\/schema\/logo\/image\/\"},\"sameAs\":[\"https:\/\/www.facebook.com\/Portal-Notcia-Em-Pauta-102292869264820\/\",\"https:\/\/www.instagram.com\/portalnoticiaempauta\/\"]},{\"@type\":\"Person\",\"@id\":\"https:\/\/noticiaempauta.com\/portal\/#\/schema\/person\/a74af43dd1ab3deca45f988c717d57ac\",\"name\":\"Reda\u00e7\u00e3o\",\"image\":{\"@type\":\"ImageObject\",\"inLanguage\":\"pt-BR\",\"@id\":\"https:\/\/noticiaempauta.com\/portal\/#\/schema\/person\/image\/\",\"url\":\"https:\/\/secure.gravatar.com\/avatar\/03179346ecce6cdfc13361603e8f54242a90e5cde8618fa23c5c00aa2b0aadf3?s=96&d=mm&r=g\",\"contentUrl\":\"https:\/\/secure.gravatar.com\/avatar\/03179346ecce6cdfc13361603e8f54242a90e5cde8618fa23c5c00aa2b0aadf3?s=96&d=mm&r=g\",\"caption\":\"Reda\u00e7\u00e3o\"},\"sameAs\":[\"https:\/\/noticiaempauta.com\/portal\/\"],\"url\":\"https:\/\/noticiaempauta.com\/portal\/author\/fernando\/\"}]}<\/script>\n<!-- \/ Yoast SEO Premium plugin. -->","yoast_head_json":{"title":"Em reuni\u00e3o, Rafael Fonteles bate o martelo sobre PSD e MDB - Portal Not\u00edcia em Pauta","robots":{"index":"index","follow":"follow","max-snippet":"max-snippet:-1","max-image-preview":"max-image-preview:large","max-video-preview":"max-video-preview:-1"},"canonical":"https:\/\/noticiaempauta.com\/portal\/em-reuniao-rafael-fonteles-bate-o-martelo-sobre-psd-e-mdb\/","og_locale":"pt_BR","og_type":"article","og_title":"Em reuni\u00e3o, Rafael Fonteles bate o martelo sobre PSD e MDB","og_description":"Na noite desta segunda-feira (17), a reuni\u00e3o convocada pelo governador Rafael Fonteles (PT) com integrantes do PSD e MDB foi decisiva para ajustar as estrat\u00e9gias para as elei\u00e7\u00f5es de 2026, principalmente referente \u00e0 fus\u00e3o cruzada.&nbsp; \u201cEssa reuni\u00e3o \u00e9 algo habitual que fazemos com nossos aliados, mas claro, reafirmamos essa alian\u00e7a com os partidos que comp\u00f5em [&hellip;]","og_url":"https:\/\/noticiaempauta.com\/portal\/em-reuniao-rafael-fonteles-bate-o-martelo-sobre-psd-e-mdb\/","og_site_name":"Portal Not\u00edcia em Pauta","article_publisher":"https:\/\/www.facebook.com\/Portal-Notcia-Em-Pauta-102292869264820\/","article_published_time":"2025-02-18T11:52:26+00:00","article_modified_time":"2025-02-18T11:52:28+00:00","og_image":[{"width":790,"height":526,"url":"https:\/\/noticiaempauta.com\/portal\/wp-content\/uploads\/2025\/02\/5ff980d4a13dd1af6f21ebc42bd10ee6.jpg","type":"image\/jpeg"}],"author":"Reda\u00e7\u00e3o","twitter_card":"summary_large_image","twitter_misc":{"Escrito por":"Reda\u00e7\u00e3o","Est. tempo de leitura":"2 minutos"},"schema":{"@context":"https:\/\/schema.org","@graph":[{"@type":"Article","@id":"https:\/\/noticiaempauta.com\/portal\/em-reuniao-rafael-fonteles-bate-o-martelo-sobre-psd-e-mdb\/#article","isPartOf":{"@id":"https:\/\/noticiaempauta.com\/portal\/em-reuniao-rafael-fonteles-bate-o-martelo-sobre-psd-e-mdb\/"},"author":{"name":"Reda\u00e7\u00e3o","@id":"https:\/\/noticiaempauta.com\/portal\/#\/schema\/person\/a74af43dd1ab3deca45f988c717d57ac"},"headline":"Em reuni\u00e3o, Rafael Fonteles bate o martelo sobre PSD e MDB","datePublished":"2025-02-18T11:52:26+00:00","dateModified":"2025-02-18T11:52:28+00:00","mainEntityOfPage":{"@id":"https:\/\/noticiaempauta.com\/portal\/em-reuniao-rafael-fonteles-bate-o-martelo-sobre-psd-e-mdb\/"},"wordCount":228,"commentCount":0,"publisher":{"@id":"https:\/\/noticiaempauta.com\/portal\/#organization"},"image":{"@id":"https:\/\/noticiaempauta.com\/portal\/em-reuniao-rafael-fonteles-bate-o-martelo-sobre-psd-e-mdb\/#primaryimage"},"thumbnailUrl":"https:\/\/noticiaempauta.com\/portal\/wp-content\/uploads\/2025\/02\/5ff980d4a13dd1af6f21ebc42bd10ee6.jpg","keywords":["destaqueprincipal"],"articleSection":["Destaques","Geral","Pol\u00edtica","Todas as Not\u00edcias"],"inLanguage":"pt-BR","potentialAction":[{"@type":"CommentAction","name":"Comment","target":["https:\/\/noticiaempauta.com\/portal\/em-reuniao-rafael-fonteles-bate-o-martelo-sobre-psd-e-mdb\/#respond"]}]},{"@type":"WebPage","@id":"https:\/\/noticiaempauta.com\/portal\/em-reuniao-rafael-fonteles-bate-o-martelo-sobre-psd-e-mdb\/","url":"https:\/\/noticiaempauta.com\/portal\/em-reuniao-rafael-fonteles-bate-o-martelo-sobre-psd-e-mdb\/","name":"Em reuni\u00e3o, Rafael Fonteles bate o martelo sobre PSD e MDB - Portal Not\u00edcia em Pauta","isPartOf":{"@id":"https:\/\/noticiaempauta.com\/portal\/#website"},"primaryImageOfPage":{"@id":"https:\/\/noticiaempauta.com\/portal\/em-reuniao-rafael-fonteles-bate-o-martelo-sobre-psd-e-mdb\/#primaryimage"},"image":{"@id":"https:\/\/noticiaempauta.com\/portal\/em-reuniao-rafael-fonteles-bate-o-martelo-sobre-psd-e-mdb\/#primaryimage"},"thumbnailUrl":"https:\/\/noticiaempauta.com\/portal\/wp-content\/uploads\/2025\/02\/5ff980d4a13dd1af6f21ebc42bd10ee6.jpg","datePublished":"2025-02-18T11:52:26+00:00","dateModified":"2025-02-18T11:52:28+00:00","breadcrumb":{"@id":"https:\/\/noticiaempauta.com\/portal\/em-reuniao-rafael-fonteles-bate-o-martelo-sobre-psd-e-mdb\/#breadcrumb"},"inLanguage":"pt-BR","potentialAction":[{"@type":"ReadAction","target":["https:\/\/noticiaempauta.com\/portal\/em-reuniao-rafael-fonteles-bate-o-martelo-sobre-psd-e-mdb\/"]}]},{"@type":"ImageObject","inLanguage":"pt-BR","@id":"https:\/\/noticiaempauta.com\/portal\/em-reuniao-rafael-fonteles-bate-o-martelo-sobre-psd-e-mdb\/#primaryimage","url":"https:\/\/noticiaempauta.com\/portal\/wp-content\/uploads\/2025\/02\/5ff980d4a13dd1af6f21ebc42bd10ee6.jpg","contentUrl":"https:\/\/noticiaempauta.com\/portal\/wp-content\/uploads\/2025\/02\/5ff980d4a13dd1af6f21ebc42bd10ee6.jpg","width":790,"height":526},{"@type":"BreadcrumbList","@id":"https:\/\/noticiaempauta.com\/portal\/em-reuniao-rafael-fonteles-bate-o-martelo-sobre-psd-e-mdb\/#breadcrumb","itemListElement":[{"@type":"ListItem","position":1,"name":"P\u00e1gina Inicial","item":"https:\/\/noticiaempauta.com\/portal\/"},{"@type":"ListItem","position":2,"name":"Destaques","item":"https:\/\/noticiaempauta.com\/portal\/destaques-site\/"},{"@type":"ListItem","position":3,"name":"Em reuni\u00e3o, Rafael Fonteles bate o martelo sobre PSD e MDB"}]},{"@type":"WebSite","@id":"https:\/\/noticiaempauta.com\/portal\/#website","url":"https:\/\/noticiaempauta.com\/portal\/","name":"Portal Not\u00edcia em Pauta","description":"Voc\u00ea bem informado","publisher":{"@id":"https:\/\/noticiaempauta.com\/portal\/#organization"},"potentialAction":[{"@type":"SearchAction","target":{"@type":"EntryPoint","urlTemplate":"https:\/\/noticiaempauta.com\/portal\/?s={search_term_string}"},"query-input":{"@type":"PropertyValueSpecification","valueRequired":true,"valueName":"search_term_string"}}],"inLanguage":"pt-BR"},{"@type":"Organization","@id":"https:\/\/noticiaempauta.com\/portal\/#organization","name":"Portal Not\u00edcia em Pauta","url":"https:\/\/noticiaempauta.com\/portal\/","logo":{"@type":"ImageObject","inLanguage":"pt-BR","@id":"https:\/\/noticiaempauta.com\/portal\/#\/schema\/logo\/image\/","url":"https:\/\/noticiaempauta.com\/portal\/wp-content\/uploads\/2022\/08\/logomarca_tema.fw_.png","contentUrl":"https:\/\/noticiaempauta.com\/portal\/wp-content\/uploads\/2022\/08\/logomarca_tema.fw_.png","width":400,"height":232,"caption":"Portal Not\u00edcia em Pauta"},"image":{"@id":"https:\/\/noticiaempauta.com\/portal\/#\/schema\/logo\/image\/"},"sameAs":["https:\/\/www.facebook.com\/Portal-Notcia-Em-Pauta-102292869264820\/","https:\/\/www.instagram.com\/portalnoticiaempauta\/"]},{"@type":"Person","@id":"https:\/\/noticiaempauta.com\/portal\/#\/schema\/person\/a74af43dd1ab3deca45f988c717d57ac","name":"Reda\u00e7\u00e3o","image":{"@type":"ImageObject","inLanguage":"pt-BR","@id":"https:\/\/noticiaempauta.com\/portal\/#\/schema\/person\/image\/","url":"https:\/\/secure.gravatar.com\/avatar\/03179346ecce6cdfc13361603e8f54242a90e5cde8618fa23c5c00aa2b0aadf3?s=96&d=mm&r=g","contentUrl":"https:\/\/secure.gravatar.com\/avatar\/03179346ecce6cdfc13361603e8f54242a90e5cde8618fa23c5c00aa2b0aadf3?s=96&d=mm&r=g","caption":"Reda\u00e7\u00e3o"},"sameAs":["https:\/\/noticiaempauta.com\/portal\/"],"url":"https:\/\/noticiaempauta.com\/portal\/author\/fernando\/"}]}},"_links":{"self":[{"href":"https:\/\/noticiaempauta.com\/portal\/wp-json\/wp\/v2\/posts\/267825","targetHints":{"allow":["GET"]}}],"collection":[{"href":"https:\/\/noticiaempauta.com\/portal\/wp-json\/wp\/v2\/posts"}],"about":[{"href":"https:\/\/noticiaempauta.com\/portal\/wp-json\/wp\/v2\/types\/post"}],"author":[{"embeddable":true,"href":"https:\/\/noticiaempauta.com\/portal\/wp-json\/wp\/v2\/users\/2"}],"replies":[{"embeddable":true,"href":"https:\/\/noticiaempauta.com\/portal\/wp-json\/wp\/v2\/comments?post=267825"}],"version-history":[{"count":2,"href":"https:\/\/noticiaempauta.com\/portal\/wp-json\/wp\/v2\/posts\/267825\/revisions"}],"predecessor-version":[{"id":267828,"href":"https:\/\/noticiaempauta.com\/portal\/wp-json\/wp\/v2\/posts\/267825\/revisions\/267828"}],"wp:featuredmedia":[{"embeddable":true,"href":"https:\/\/noticiaempauta.com\/portal\/wp-json\/wp\/v2\/media\/267826"}],"wp:attachment":[{"href":"https:\/\/noticiaempauta.com\/portal\/wp-json\/wp\/v2\/media?parent=267825"}],"wp:term":[{"taxonomy":"category","embeddable":true,"href":"https:\/\/noticiaempauta.com\/portal\/wp-json\/wp\/v2\/categories?post=267825"},{"taxonomy":"post_tag","embeddable":true,"href":"https:\/\/noticiaempauta.com\/portal\/wp-json\/wp\/v2\/tags?post=267825"}],"curies":[{"name":"wp","href":"https:\/\/api.w.org\/{rel}","templated":true}]}}